{"id":266948,"date":"2023-01-29T19:14:36","date_gmt":"2023-01-29T15:14:36","guid":{"rendered":"https:\/\/www.meydan.tv\/?p=266948"},"modified":"2023-01-29T19:40:15","modified_gmt":"2023-01-29T15:40:15","slug":"agdas-sakini-cinayetkar-onu-serleyenlerdir-zenglere-baxsalar-gorerler","status":"publish","type":"post","link":"https:\/\/www.meydan.tv\/az\/article\/agdas-sakini-cinayetkar-onu-serleyenlerdir-zenglere-baxsalar-gorerler\/","title":{"rendered":"<strong>A\u011fda\u015f sakini: \u201cCinay\u0259tkar onu \u015f\u0259rl\u0259y\u0259nl\u0259rdir, z\u0259ngl\u0259r\u0259 baxsalar, g\u00f6r\u0259rl\u0259r&#8230;\u201d<\/strong>"},"content":{"rendered":"\n<p><\/p>\n\n\n\n<p><em>D\u0130N iddialar\u0131 \u0259sass\u0131z say\u0131r<\/em><\/p>\n\n\n\n<p>A\u011fda\u015f sakini \u015e\u0259hla Allahverdiyeva narkotik ittiham\u0131yla 6 ayd\u0131r ki, h\u0259bsd\u0259dir. Lakin ail\u0259 \u00fczvl\u0259ri onun \u015f\u0259rl\u0259ndiyini iddia edir.<\/p>\n\n\n\n<p>Deyirl\u0259r ki, tutuldu\u011fu g\u00fcn ona g\u0259l\u0259n telefon z\u0259ngl\u0259ril\u0259 ba\u011fl\u0131 ara\u015fd\u0131rma aparmaq v\u0259 h\u0259y\u0259tl\u0259rind\u0259n g\u00f6t\u00fcr\u00fclm\u00fc\u015f videokameran\u0131n g\u00f6r\u00fcnt\u00fcl\u0259rin\u0259 baxmaq h\u0259qiq\u0259tin ortaya \u00e7\u0131xmas\u0131 \u00fc\u00e7\u00fcn kifay\u0259tdir.<\/p>\n\n\n\n<p><strong>\u201c\u018fm\u0259ll\u0259rini \u00f6rt-basd\u0131r el\u0259m\u0259k \u00fc\u00e7\u00fcn kameran\u0131 da apar\u0131blar\u201d<\/strong><\/p>\n\n\n\n<p>56 ya\u015fl\u0131 \u015e\u0259hla Allahverdiyeva G\u0259nc\u0259d\u0259ki 2 sayl\u0131 istintaq t\u0259cridxanas\u0131nda saxlan\u0131l\u0131r.<\/p>\n\n\n\n<p>Yanvar\u0131n 30-da A\u011fda\u015f Rayon M\u0259hk\u0259m\u0259sind\u0259 onun i\u015fi \u00fczr\u0259 m\u0259hk\u0259m\u0259 ara\u015fd\u0131rmalar\u0131 ba\u015flayacaq.<\/p>\n\n\n\n<p>Bu i\u015fi ara\u015fd\u0131rmaq hakim Cavid Sultanova h\u0259val\u0259 olunub.<\/p>\n\n\n\n<p>G\u0259lini Dilar\u0259 Allahverdiyeva dan\u0131\u015f\u0131r ki, 2022-ci ilin avqustunda qay\u0131nanas\u0131 h\u0259bs olundu\u011funu vaxt o v\u0259 h\u0259yat yolda\u015f\u0131 m\u00fcalic\u0259 m\u0259qs\u0259dil\u0259 Bak\u0131da olublar.<\/p>\n\n\n\n<p>Onun s\u00f6zl\u0259rin\u0259 g\u00f6r\u0259, sonradan x\u0259b\u0259r tutublar ki, hadis\u0259 g\u00fcn\u00fc \u2013 avqustun 13-d\u0259 polisl\u0259r evl\u0259rin\u0259 daxil olanda orada kims\u0259 olmay\u0131b: <\/p>\n\n\n\n<p>\u201cGuya polis\u0259 m\u0259lumat daxil olub ki, bizim evd\u0259 silah var. G\u0259lib bizim ev\u0259 giribl\u0259r. H\u0259min vaxt qay\u0131nanam qohumumuzgild\u0259 olub. Evi \u0259l\u0259k-v\u0259l\u0259k el\u0259yibl\u0259r, he\u00e7 n\u0259 olmay\u0131b. \u00c7\u0131xanda g\u00f6r\u00fcbl\u0259r ki, h\u0259y\u0259td\u0259 kamera var. Bizim m\u0259h\u0259ll\u0259d\u0259 n\u0259 q\u0259d\u0259r o\u011furluq olur. Onun d\u0259rdind\u0259n kamera qoydurmu\u015fduq. \u00d6z \u0259m\u0259ll\u0259rini \u00f6rt-basd\u0131r el\u0259m\u0259k \u00fc\u00e7\u00fcn g\u00f6t\u00fcr\u00fcb o kameran\u0131 da yadda\u015f\u0131yla birlikd\u0259 apar\u0131blar&#8230;\u201d<\/p>\n\n\n\n<p><strong>\u201cPolis qay\u0131nanama z\u0259ng el\u0259yib, deyib ki&#8230;\u201d<\/strong><\/p>\n\n\n\n<p>Dilar\u0259 Allahverdiyevan\u0131n s\u00f6zl\u0259rin\u0259 g\u00f6r\u0259, A\u011fda\u015f rayon Polis \u015e\u00f6b\u0259sinin \u0259m\u0259kda\u015flar\u0131 evd\u0259n \u00e7\u0131x\u0131b ged\u0259nd\u0259n sonra h\u0259r\u0259k\u0259tl\u0259rinin kobud qanun pozuntusu oldu\u011funu d\u0259rk edibl\u0259r.<\/p>\n\n\n\n<p>Ard\u0131nca onlardan biri \u015e\u0259hla Allahverdiyevan\u0131n telefonuna z\u0259ng edib:<\/p>\n\n\n\n<p>\u201cPolisd\u0259 Ming\u0259\u00e7evird\u0259n olan Ramin adl\u0131 \u0259m\u0259kda\u015f var, o, z\u0259ng edib. Deyib ki, s\u0259ninl\u0259 i\u015fimiz var. Bu z\u0259ngin n\u0259 q\u0259d\u0259r \u015fahidi var. Qay\u0131nanam da \u00e7\u0131x\u0131b h\u0259min qohumgild\u0259n, t\u0259xmin\u0259n 500-600 metr gedib, Ramin ma\u015f\u0131nla g\u0259lib onun qar\u015f\u0131s\u0131na, g\u00f6t\u00fcr\u00fcb onu \u015f\u00f6b\u0259y\u0259 apar\u0131b. Deyib ki, biz\u0259 m\u0259lumat g\u0259lib, evinizd\u0259 axtar\u0131\u015f aparmal\u0131y\u0131q. Qay\u0131nanam da \u00f6z\u00fcnd\u0259n, evind\u0259n arxay\u0131nd\u0131r dey\u0259, s\u0259n\u0259di imzalay\u0131b, raz\u0131l\u0131q verib. Gedib ev\u0259 \u00e7atanda g\u00f6r\u00fcb ki, qohumgil\u0259 ged\u0259nd\u0259 qoyub \u00e7\u0131xd\u0131\u011f\u0131 ev deyil, da\u011f\u0131l\u0131b t\u00f6k\u00fcl\u00fcb. El\u0259 polisl\u0259rin yan\u0131nda deyib ki, evim\u0259 o\u011fru girib. Polisl\u0259r onu sakitl\u0259\u015fdirib ki, \u201cnarahat olma, o\u011fru girm\u0259yib, bir q\u0259d\u0259r \u0259vv\u0259l biz g\u0259lmi\u015fdik\u201d.<\/p>\n\n\n\n<p><strong>\u201cKim polisin \u00e7a\u011f\u0131r\u0131\u015f\u0131na ged\u0259nd\u0259 \u00fcst\u00fcnd\u0259 narkotik g\u00f6t\u00fcr\u0259r?\u201d<\/strong><\/p>\n\n\n\n<p>&#8220;Qay\u0131nanam da etiraz edib ki, niy\u0259 m\u0259nd\u0259n x\u0259b\u0259rsiz evim\u0259 g\u0259lmisiz? R\u0259\u015fid adl\u0131 polis cibind\u0259n narkotik \u00e7\u0131xar\u0131b qoyub stolun \u00fcst\u00fcn\u0259, h\u0259d\u0259l\u0259yib ki, \u0259g\u0259r bunu boynuna g\u00f6t\u00fcrm\u0259s\u0259, bir kilo g\u0259tir\u0259c\u0259kl\u0259r, Bak\u0131dan o\u011flu, g\u0259lini d\u0259 g\u0259tiril\u0259c\u0259k&#8230;\u201d.<\/p>\n\n\n\n<p>\u015e\u0259hla Allahverdiyevan\u0131n t\u0259zyiql\u0259r\u0259 m\u0259ruz qald\u0131\u011f\u0131n\u0131 vur\u011fulayan g\u0259lininin s\u00f6zl\u0259rin\u0259 g\u00f6r\u0259, v\u0259kili onun t\u0259qsirsizliyini s\u00fcbut etm\u0259k \u00fc\u00e7\u00fcn istintaq d\u00f6vr\u00fcnd\u0259 bir s\u0131ra m\u0259s\u0259l\u0259l\u0259rin ara\u015fd\u0131r\u0131lmas\u0131 \u00fc\u00e7\u00fcn v\u0259sat\u0259t verib.<\/p>\n\n\n\n<p>Ara\u015fd\u0131r\u0131lmas\u0131 t\u0259l\u0259b olunan \u0259sas m\u0259s\u0259l\u0259l\u0259rd\u0259n biri is\u0259 hadis\u0259 g\u00fcn\u00fc \u2013 avqustun 13-d\u0259 \u015e\u0259hla Allahverdiyevaya g\u0259l\u0259n z\u0259ngl\u0259rin siyah\u0131s\u0131n\u0131n \u00e7\u0131xar\u0131lmas\u0131 olub: <\/p>\n\n\n\n<p>\u201cAy\u0131n 12-n\u0259 q\u0259d\u0259r olan z\u0259ngl\u0259rin siyah\u0131s\u0131n\u0131 \u00e7\u0131xar\u0131blar, amma 13-n\u00fc yox. Sual olunur, niy\u0259? \u00c7\u00fcnki \u00f6zl\u0259ri d\u0259 yax\u015f\u0131 bilirl\u0259r ki, m\u0259s\u0259l\u0259 m\u0259nim dediyim kimidir. Kim polisin \u00e7a\u011f\u0131r\u0131\u015f\u0131na ged\u0259nd\u0259 \u00fcst\u00fcnd\u0259 narkotik g\u00f6t\u00fcr\u0259r?\u201d<\/p>\n\n\n\n<p>Dilar\u0259 Allahverdiyeva Daxili \u0130\u015fl\u0259r Nazirliyind\u0259n d\u0259 (D\u0130N) naraz\u0131d\u0131r.<\/p>\n\n\n\n<p>Onun s\u00f6zl\u0259rin\u0259 g\u00f6r\u0259, qay\u0131nanas\u0131n\u0131n \u015f\u0259r-b\u00f6htana m\u0259ruz qalmas\u0131 bir yana, \u00fcst\u0259lik, telekanallarda, saytlarda fotolar\u0131n\u0131 yay\u0131b, biab\u0131r edibl\u0259r: <\/p>\n\n\n\n<p>\u201cBildiyim\u0259 g\u00f6r\u0259, bir adam\u0131n haqq\u0131nda h\u00f6km yoxdursa, ona he\u00e7 kimin cinay\u0259tkar kimin cinay\u0259tkar kimin davranma\u011fa ixtiyar\u0131 yoxdur. M\u0259nim qay\u0131nanam t\u0259qsirsizdir, cinay\u0259tkar onu \u015f\u0259rl\u0259y\u0259nl\u0259rdir. N\u0259 ixtiyarla onu biab\u0131r edibl\u0259r? O telefon z\u0259ngl\u0259ri, kamera g\u00f6r\u00fcnt\u00fcl\u0259ri ortaya \u00e7\u0131xsa, bu, a\u00e7\u0131q-a\u015fkar b\u0259ra\u0259tlik i\u015fdir\u201d.<\/p>\n\n\n\n<p>\u015e\u0259hla Allahverdiyeva Cinay\u0259t M\u0259c\u0259ll\u0259sinin 234.2 (sat\u0131\u015f m\u0259qs\u0259dil\u0259 narkotik \u0259ld\u0259 etm\u0259, da\u015f\u0131ma, saxlama) madd\u0259sil\u0259 ittiham olunur. Bu madd\u0259d\u0259 3 ild\u0259n 7 il\u0259 q\u0259d\u0259r azadl\u0131qdan m\u0259hrumetm\u0259 c\u0259zas\u0131 n\u0259z\u0259rd\u0259 tutulub.<\/p>\n\n\n\n<p><strong>D\u0130N n\u0259 deyir?<\/strong><\/p>\n\n\n\n<p>Daxili \u0130\u015fl\u0259r Nazirliyinin M\u0259tbuat Xidm\u0259tinin \u015e\u0259ki regional qrupundan Meydan TV-y\u0259 bildirilib ki, \u015e\u0259hla Allahverdiyevan\u0131n qanunsuz saxlan\u0131lmas\u0131 haqda yax\u0131nlar\u0131n\u0131n s\u0259sl\u0259ndirdiyi iddialar \u0259sass\u0131zd\u0131r, onu m\u0259suliyy\u0259td\u0259n yay\u0131nd\u0131rmaq m\u0259qs\u0259di da\u015f\u0131y\u0131r:<\/p>\n\n\n\n<p>\u201cRayon polis \u015f\u00f6b\u0259si \u0259m\u0259kda\u015flar\u0131n\u0131n narkotikl\u0259rin qanunsuz d\u00f6vriyy\u0259sin\u0259 qar\u015f\u0131 ke\u00e7irdiyi \u0259m\u0259liyyat zaman\u0131 rayon sakini Anar Abdullayev saxlan\u0131l\u0131b v\u0259 axtar\u0131\u015f zaman\u0131 ondan metamfetamin a\u015fkarlan\u0131b. Anar Abdullayev ifad\u0259sind\u0259 onu \u015e\u0259hla Allahverdiyevadan pul m\u00fcqabilind\u0259 ald\u0131\u011f\u0131n\u0131 bildirib. Davam etdiril\u0259n t\u0259dbirl\u0259rl\u0259 \u015e\u0259hla Allahverdiyeva da \u015f\u00fcbh\u0259li \u015f\u0259xs qismind\u0259 saxlan\u0131l\u0131b, onun \u00fcz\u0259rind\u0259n metamfetamin a\u015fkar edilib. Qad\u0131n\u0131n ya\u015fad\u0131\u011f\u0131 \u00fcnvana bax\u0131\u015f ke\u00e7irils\u0259 d\u0259, oradan \u00fcmumiyy\u0259tl\u0259, narkotik ya psixotrop madd\u0259 a\u015fkarlanmay\u0131b. M\u0259hk\u0259m\u0259nin q\u0259rar\u0131 il\u0259 \u015e\u0259hla Allahverdiyeva bar\u0259sind\u0259 h\u0259bs q\u0259timkan t\u0259dbiri se\u00e7ilib\u201d.<\/p>\n","protected":false},"excerpt":{"rendered":"<p>D\u0130N iddialar\u0131 \u0259sass\u0131z say\u0131r A\u011fda\u015f sakini \u015e\u0259hla Allahverdiyeva narkotik ittiham\u0131yla &#8230; <\/p>\n<p class=\"read-more-container\"><a title=\"A\u011fda\u015f sakini: \u201cCinay\u0259tkar onu \u015f\u0259rl\u0259y\u0259nl\u0259rdir, z\u0259ngl\u0259r\u0259 baxsalar, g\u00f6r\u0259rl\u0259r&#8230;\u201d\" class=\"read-more button\" href=\"https:\/\/www.meydan.tv\/az\/article\/agdas-sakini-cinayetkar-onu-serleyenlerdir-zenglere-baxsalar-gorerler\/#more-266948\" aria-label=\"Read more about A\u011fda\u015f sakini: \u201cCinay\u0259tkar onu \u015f\u0259rl\u0259y\u0259nl\u0259rdir, z\u0259ngl\u0259r\u0259 baxsalar, g\u00f6r\u0259rl\u0259r&#8230;\u201d\">Davam\u0131<\/a><\/p>\n","protected":false},"author":8,"featured_media":247152,"comment_status":"closed","ping_status":"closed","sticky":false,"template":"","format":"standard","meta":{"_acf_changed":false,"_sitemap_exclude":false,"_sitemap_priority":"","_sitemap_frequency":"","footnotes":""},"categories":[60,56],"tags":[],"class_list":["post-266948","post","type-post","status-publish","format-standard","has-post-thumbnail","hentry","category-bolge","category-xeberler","infinite-scroll-item","generate-columns","tablet-grid-50","mobile-grid-100","grid-parent","grid-33","no-featured-image-padding"],"acf":[],"yoast_head":"<!-- This site is optimized with the Yoast SEO plugin v27.5 - https:\/\/yoast.com\/product\/yoast-seo-wordpress\/ -->\n<title>A\u011fda\u015f sakini: \u201cCinay\u0259tkar onu \u015f\u0259rl\u0259y\u0259nl\u0259rdir, z\u0259ngl\u0259r\u0259 baxsalar, g\u00f6r\u0259rl\u0259r...\u201d - MEYDAN.TV<\/title>\n<meta name=\"robots\" content=\"index, follow, max-snippet:-1, max-image-preview:large, max-video-preview:-1\" \/>\n<link rel=\"canonical\" href=\"https:\/\/www.meydan.tv\/az\/article\/agdas-sakini-cinayetkar-onu-serleyenlerdir-zenglere-baxsalar-gorerler\/\" \/>\n<meta property=\"og:locale\" content=\"az_AZ\" \/>\n<meta property=\"og:type\" content=\"article\" \/>\n<meta property=\"og:title\" content=\"A\u011fda\u015f sakini: \u201cCinay\u0259tkar onu \u015f\u0259rl\u0259y\u0259nl\u0259rdir, z\u0259ngl\u0259r\u0259 baxsalar, g\u00f6r\u0259rl\u0259r...\u201d - MEYDAN.TV\" \/>\n<meta property=\"og:description\" content=\"D\u0130N iddialar\u0131 \u0259sass\u0131z say\u0131r A\u011fda\u015f sakini \u015e\u0259hla Allahverdiyeva narkotik ittiham\u0131yla ... Davam\u0131\" \/>\n<meta property=\"og:url\" content=\"https:\/\/www.meydan.tv\/az\/article\/agdas-sakini-cinayetkar-onu-serleyenlerdir-zenglere-baxsalar-gorerler\/\" \/>\n<meta property=\"og:site_name\" content=\"MEYDAN.TV\" \/>\n<meta property=\"article:published_time\" content=\"2023-01-29T15:14:36+00:00\" \/>\n<meta property=\"article:modified_time\" content=\"2023-01-29T15:40:15+00:00\" \/>\n<meta property=\"og:image\" content=\"https:\/\/www.meydan.tv\/wp-content\/uploads\/polis-3.jpg\" \/>\n\t<meta property=\"og:image:width\" content=\"1350\" \/>\n\t<meta property=\"og:image:height\" content=\"900\" \/>\n\t<meta property=\"og:image:type\" content=\"image\/jpeg\" \/>\n<meta name=\"author\" content=\"elli\" \/>\n<meta name=\"twitter:card\" content=\"summary_large_image\" \/>\n<meta name=\"twitter:creator\" content=\"@elli\" \/>\n<script type=\"application\/ld+json\" class=\"yoast-schema-graph\">{\"@context\":\"https:\\\/\\\/schema.org\",\"@graph\":[{\"@type\":\"Article\",\"@id\":\"https:\\\/\\\/www.meydan.tv\\\/az\\\/article\\\/agdas-sakini-cinayetkar-onu-serleyenlerdir-zenglere-baxsalar-gorerler\\\/#article\",\"isPartOf\":{\"@id\":\"https:\\\/\\\/www.meydan.tv\\\/az\\\/article\\\/agdas-sakini-cinayetkar-onu-serleyenlerdir-zenglere-baxsalar-gorerler\\\/\"},\"author\":{\"name\":\"elli\",\"@id\":\"https:\\\/\\\/www.meydan.tv\\\/az\\\/#\\\/schema\\\/person\\\/9cdbecf90d17180ce1dfbd95b08dcf47\"},\"headline\":\"A\u011fda\u015f sakini: \u201cCinay\u0259tkar onu \u015f\u0259rl\u0259y\u0259nl\u0259rdir, z\u0259ngl\u0259r\u0259 baxsalar, g\u00f6r\u0259rl\u0259r&#8230;\u201d\",\"datePublished\":\"2023-01-29T15:14:36+00:00\",\"dateModified\":\"2023-01-29T15:40:15+00:00\",\"mainEntityOfPage\":{\"@id\":\"https:\\\/\\\/www.meydan.tv\\\/az\\\/article\\\/agdas-sakini-cinayetkar-onu-serleyenlerdir-zenglere-baxsalar-gorerler\\\/\"},\"wordCount\":1035,\"publisher\":{\"@id\":\"https:\\\/\\\/www.meydan.tv\\\/az\\\/#organization\"},\"image\":{\"@id\":\"https:\\\/\\\/www.meydan.tv\\\/az\\\/article\\\/agdas-sakini-cinayetkar-onu-serleyenlerdir-zenglere-baxsalar-gorerler\\\/#primaryimage\"},\"thumbnailUrl\":\"https:\\\/\\\/www.meydan.tv\\\/wp-content\\\/uploads\\\/polis-3.jpg\",\"articleSection\":[\"B\u00f6lg\u0259\",\"X\u0259b\u0259rl\u0259r\"],\"inLanguage\":\"az\"},{\"@type\":\"WebPage\",\"@id\":\"https:\\\/\\\/www.meydan.tv\\\/az\\\/article\\\/agdas-sakini-cinayetkar-onu-serleyenlerdir-zenglere-baxsalar-gorerler\\\/\",\"url\":\"https:\\\/\\\/www.meydan.tv\\\/az\\\/article\\\/agdas-sakini-cinayetkar-onu-serleyenlerdir-zenglere-baxsalar-gorerler\\\/\",\"name\":\"A\u011fda\u015f sakini: \u201cCinay\u0259tkar onu \u015f\u0259rl\u0259y\u0259nl\u0259rdir, z\u0259ngl\u0259r\u0259 baxsalar, g\u00f6r\u0259rl\u0259r...\u201d - MEYDAN.TV\",\"isPartOf\":{\"@id\":\"https:\\\/\\\/www.meydan.tv\\\/az\\\/#website\"},\"primaryImageOfPage\":{\"@id\":\"https:\\\/\\\/www.meydan.tv\\\/az\\\/article\\\/agdas-sakini-cinayetkar-onu-serleyenlerdir-zenglere-baxsalar-gorerler\\\/#primaryimage\"},\"image\":{\"@id\":\"https:\\\/\\\/www.meydan.tv\\\/az\\\/article\\\/agdas-sakini-cinayetkar-onu-serleyenlerdir-zenglere-baxsalar-gorerler\\\/#primaryimage\"},\"thumbnailUrl\":\"https:\\\/\\\/www.meydan.tv\\\/wp-content\\\/uploads\\\/polis-3.jpg\",\"datePublished\":\"2023-01-29T15:14:36+00:00\",\"dateModified\":\"2023-01-29T15:40:15+00:00\",\"breadcrumb\":{\"@id\":\"https:\\\/\\\/www.meydan.tv\\\/az\\\/article\\\/agdas-sakini-cinayetkar-onu-serleyenlerdir-zenglere-baxsalar-gorerler\\\/#breadcrumb\"},\"inLanguage\":\"az\",\"potentialAction\":[{\"@type\":\"ReadAction\",\"target\":[\"https:\\\/\\\/www.meydan.tv\\\/az\\\/article\\\/agdas-sakini-cinayetkar-onu-serleyenlerdir-zenglere-baxsalar-gorerler\\\/\"]}]},{\"@type\":\"ImageObject\",\"inLanguage\":\"az\",\"@id\":\"https:\\\/\\\/www.meydan.tv\\\/az\\\/article\\\/agdas-sakini-cinayetkar-onu-serleyenlerdir-zenglere-baxsalar-gorerler\\\/#primaryimage\",\"url\":\"https:\\\/\\\/www.meydan.tv\\\/wp-content\\\/uploads\\\/polis-3.jpg\",\"contentUrl\":\"https:\\\/\\\/www.meydan.tv\\\/wp-content\\\/uploads\\\/polis-3.jpg\",\"width\":1350,\"height\":900,\"caption\":\"Foto: D\u0130N\"},{\"@type\":\"BreadcrumbList\",\"@id\":\"https:\\\/\\\/www.meydan.tv\\\/az\\\/article\\\/agdas-sakini-cinayetkar-onu-serleyenlerdir-zenglere-baxsalar-gorerler\\\/#breadcrumb\",\"itemListElement\":[{\"@type\":\"ListItem\",\"position\":1,\"name\":\"Ana s\u0259hif\u0259\",\"item\":\"https:\\\/\\\/www.meydan.tv\\\/az\\\/\"},{\"@type\":\"ListItem\",\"position\":2,\"name\":\"B\u00f6lg\u0259\",\"item\":\"https:\\\/\\\/www.meydan.tv\\\/az\\\/section\\\/bolge\\\/\"},{\"@type\":\"ListItem\",\"position\":3,\"name\":\"A\u011fda\u015f sakini: \u201cCinay\u0259tkar onu \u015f\u0259rl\u0259y\u0259nl\u0259rdir, z\u0259ngl\u0259r\u0259 baxsalar, g\u00f6r\u0259rl\u0259r&#8230;\u201d\"}]},{\"@type\":\"WebSite\",\"@id\":\"https:\\\/\\\/www.meydan.tv\\\/az\\\/#website\",\"url\":\"https:\\\/\\\/www.meydan.tv\\\/az\\\/\",\"name\":\"MEYDAN.TV\",\"description\":\"Meydan TV Az\u0259rbaycan\u0131n media m\u0259kan\u0131ndak\u0131 alternativ s\u0259sidir\",\"publisher\":{\"@id\":\"https:\\\/\\\/www.meydan.tv\\\/az\\\/#organization\"},\"potentialAction\":[{\"@type\":\"SearchAction\",\"target\":{\"@type\":\"EntryPoint\",\"urlTemplate\":\"https:\\\/\\\/www.meydan.tv\\\/az\\\/?s={search_term_string}\"},\"query-input\":{\"@type\":\"PropertyValueSpecification\",\"valueRequired\":true,\"valueName\":\"search_term_string\"}}],\"inLanguage\":\"az\"},{\"@type\":\"Organization\",\"@id\":\"https:\\\/\\\/www.meydan.tv\\\/az\\\/#organization\",\"name\":\"Meydan TV\",\"url\":\"https:\\\/\\\/www.meydan.tv\\\/az\\\/\",\"logo\":{\"@type\":\"ImageObject\",\"inLanguage\":\"az\",\"@id\":\"https:\\\/\\\/www.meydan.tv\\\/az\\\/#\\\/schema\\\/logo\\\/image\\\/\",\"url\":\"https:\\\/\\\/www.meydan.tv\\\/wp-content\\\/uploads\\\/2021\\\/07\\\/meydan-logo.svg\",\"contentUrl\":\"https:\\\/\\\/www.meydan.tv\\\/wp-content\\\/uploads\\\/2021\\\/07\\\/meydan-logo.svg\",\"width\":195,\"height\":46,\"caption\":\"Meydan TV\"},\"image\":{\"@id\":\"https:\\\/\\\/www.meydan.tv\\\/az\\\/#\\\/schema\\\/logo\\\/image\\\/\"}},{\"@type\":\"Person\",\"@id\":\"https:\\\/\\\/www.meydan.tv\\\/az\\\/#\\\/schema\\\/person\\\/9cdbecf90d17180ce1dfbd95b08dcf47\",\"name\":\"elli\",\"sameAs\":[\"https:\\\/\\\/x.com\\\/elli\"]}]}<\/script>\n<!-- \/ Yoast SEO plugin. -->","yoast_head_json":{"title":"A\u011fda\u015f sakini: \u201cCinay\u0259tkar onu \u015f\u0259rl\u0259y\u0259nl\u0259rdir, z\u0259ngl\u0259r\u0259 baxsalar, g\u00f6r\u0259rl\u0259r...\u201d - MEYDAN.TV","robots":{"index":"index","follow":"follow","max-snippet":"max-snippet:-1","max-image-preview":"max-image-preview:large","max-video-preview":"max-video-preview:-1"},"canonical":"https:\/\/www.meydan.tv\/az\/article\/agdas-sakini-cinayetkar-onu-serleyenlerdir-zenglere-baxsalar-gorerler\/","og_locale":"az_AZ","og_type":"article","og_title":"A\u011fda\u015f sakini: \u201cCinay\u0259tkar onu \u015f\u0259rl\u0259y\u0259nl\u0259rdir, z\u0259ngl\u0259r\u0259 baxsalar, g\u00f6r\u0259rl\u0259r...\u201d - MEYDAN.TV","og_description":"D\u0130N iddialar\u0131 \u0259sass\u0131z say\u0131r A\u011fda\u015f sakini \u015e\u0259hla Allahverdiyeva narkotik ittiham\u0131yla ... Davam\u0131","og_url":"https:\/\/www.meydan.tv\/az\/article\/agdas-sakini-cinayetkar-onu-serleyenlerdir-zenglere-baxsalar-gorerler\/","og_site_name":"MEYDAN.TV","article_published_time":"2023-01-29T15:14:36+00:00","article_modified_time":"2023-01-29T15:40:15+00:00","og_image":[{"width":1350,"height":900,"url":"https:\/\/www.meydan.tv\/wp-content\/uploads\/polis-3.jpg","type":"image\/jpeg"}],"author":"elli","twitter_card":"summary_large_image","twitter_creator":"@elli","schema":{"@context":"https:\/\/schema.org","@graph":[{"@type":"Article","@id":"https:\/\/www.meydan.tv\/az\/article\/agdas-sakini-cinayetkar-onu-serleyenlerdir-zenglere-baxsalar-gorerler\/#article","isPartOf":{"@id":"https:\/\/www.meydan.tv\/az\/article\/agdas-sakini-cinayetkar-onu-serleyenlerdir-zenglere-baxsalar-gorerler\/"},"author":{"name":"elli","@id":"https:\/\/www.meydan.tv\/az\/#\/schema\/person\/9cdbecf90d17180ce1dfbd95b08dcf47"},"headline":"A\u011fda\u015f sakini: \u201cCinay\u0259tkar onu \u015f\u0259rl\u0259y\u0259nl\u0259rdir, z\u0259ngl\u0259r\u0259 baxsalar, g\u00f6r\u0259rl\u0259r&#8230;\u201d","datePublished":"2023-01-29T15:14:36+00:00","dateModified":"2023-01-29T15:40:15+00:00","mainEntityOfPage":{"@id":"https:\/\/www.meydan.tv\/az\/article\/agdas-sakini-cinayetkar-onu-serleyenlerdir-zenglere-baxsalar-gorerler\/"},"wordCount":1035,"publisher":{"@id":"https:\/\/www.meydan.tv\/az\/#organization"},"image":{"@id":"https:\/\/www.meydan.tv\/az\/article\/agdas-sakini-cinayetkar-onu-serleyenlerdir-zenglere-baxsalar-gorerler\/#primaryimage"},"thumbnailUrl":"https:\/\/www.meydan.tv\/wp-content\/uploads\/polis-3.jpg","articleSection":["B\u00f6lg\u0259","X\u0259b\u0259rl\u0259r"],"inLanguage":"az"},{"@type":"WebPage","@id":"https:\/\/www.meydan.tv\/az\/article\/agdas-sakini-cinayetkar-onu-serleyenlerdir-zenglere-baxsalar-gorerler\/","url":"https:\/\/www.meydan.tv\/az\/article\/agdas-sakini-cinayetkar-onu-serleyenlerdir-zenglere-baxsalar-gorerler\/","name":"A\u011fda\u015f sakini: \u201cCinay\u0259tkar onu \u015f\u0259rl\u0259y\u0259nl\u0259rdir, z\u0259ngl\u0259r\u0259 baxsalar, g\u00f6r\u0259rl\u0259r...\u201d - MEYDAN.TV","isPartOf":{"@id":"https:\/\/www.meydan.tv\/az\/#website"},"primaryImageOfPage":{"@id":"https:\/\/www.meydan.tv\/az\/article\/agdas-sakini-cinayetkar-onu-serleyenlerdir-zenglere-baxsalar-gorerler\/#primaryimage"},"image":{"@id":"https:\/\/www.meydan.tv\/az\/article\/agdas-sakini-cinayetkar-onu-serleyenlerdir-zenglere-baxsalar-gorerler\/#primaryimage"},"thumbnailUrl":"https:\/\/www.meydan.tv\/wp-content\/uploads\/polis-3.jpg","datePublished":"2023-01-29T15:14:36+00:00","dateModified":"2023-01-29T15:40:15+00:00","breadcrumb":{"@id":"https:\/\/www.meydan.tv\/az\/article\/agdas-sakini-cinayetkar-onu-serleyenlerdir-zenglere-baxsalar-gorerler\/#breadcrumb"},"inLanguage":"az","potentialAction":[{"@type":"ReadAction","target":["https:\/\/www.meydan.tv\/az\/article\/agdas-sakini-cinayetkar-onu-serleyenlerdir-zenglere-baxsalar-gorerler\/"]}]},{"@type":"ImageObject","inLanguage":"az","@id":"https:\/\/www.meydan.tv\/az\/article\/agdas-sakini-cinayetkar-onu-serleyenlerdir-zenglere-baxsalar-gorerler\/#primaryimage","url":"https:\/\/www.meydan.tv\/wp-content\/uploads\/polis-3.jpg","contentUrl":"https:\/\/www.meydan.tv\/wp-content\/uploads\/polis-3.jpg","width":1350,"height":900,"caption":"Foto: D\u0130N"},{"@type":"BreadcrumbList","@id":"https:\/\/www.meydan.tv\/az\/article\/agdas-sakini-cinayetkar-onu-serleyenlerdir-zenglere-baxsalar-gorerler\/#breadcrumb","itemListElement":[{"@type":"ListItem","position":1,"name":"Ana s\u0259hif\u0259","item":"https:\/\/www.meydan.tv\/az\/"},{"@type":"ListItem","position":2,"name":"B\u00f6lg\u0259","item":"https:\/\/www.meydan.tv\/az\/section\/bolge\/"},{"@type":"ListItem","position":3,"name":"A\u011fda\u015f sakini: \u201cCinay\u0259tkar onu \u015f\u0259rl\u0259y\u0259nl\u0259rdir, z\u0259ngl\u0259r\u0259 baxsalar, g\u00f6r\u0259rl\u0259r&#8230;\u201d"}]},{"@type":"WebSite","@id":"https:\/\/www.meydan.tv\/az\/#website","url":"https:\/\/www.meydan.tv\/az\/","name":"MEYDAN.TV","description":"Meydan TV Az\u0259rbaycan\u0131n media m\u0259kan\u0131ndak\u0131 alternativ s\u0259sidir","publisher":{"@id":"https:\/\/www.meydan.tv\/az\/#organization"},"potentialAction":[{"@type":"SearchAction","target":{"@type":"EntryPoint","urlTemplate":"https:\/\/www.meydan.tv\/az\/?s={search_term_string}"},"query-input":{"@type":"PropertyValueSpecification","valueRequired":true,"valueName":"search_term_string"}}],"inLanguage":"az"},{"@type":"Organization","@id":"https:\/\/www.meydan.tv\/az\/#organization","name":"Meydan TV","url":"https:\/\/www.meydan.tv\/az\/","logo":{"@type":"ImageObject","inLanguage":"az","@id":"https:\/\/www.meydan.tv\/az\/#\/schema\/logo\/image\/","url":"https:\/\/www.meydan.tv\/wp-content\/uploads\/2021\/07\/meydan-logo.svg","contentUrl":"https:\/\/www.meydan.tv\/wp-content\/uploads\/2021\/07\/meydan-logo.svg","width":195,"height":46,"caption":"Meydan TV"},"image":{"@id":"https:\/\/www.meydan.tv\/az\/#\/schema\/logo\/image\/"}},{"@type":"Person","@id":"https:\/\/www.meydan.tv\/az\/#\/schema\/person\/9cdbecf90d17180ce1dfbd95b08dcf47","name":"elli","sameAs":["https:\/\/x.com\/elli"]}]}},"_links":{"self":[{"href":"https:\/\/www.meydan.tv\/az\/wp-json\/wp\/v2\/posts\/266948","targetHints":{"allow":["GET"]}}],"collection":[{"href":"https:\/\/www.meydan.tv\/az\/wp-json\/wp\/v2\/posts"}],"about":[{"href":"https:\/\/www.meydan.tv\/az\/wp-json\/wp\/v2\/types\/post"}],"author":[{"embeddable":true,"href":"https:\/\/www.meydan.tv\/az\/wp-json\/wp\/v2\/users\/8"}],"replies":[{"embeddable":true,"href":"https:\/\/www.meydan.tv\/az\/wp-json\/wp\/v2\/comments?post=266948"}],"version-history":[{"count":2,"href":"https:\/\/www.meydan.tv\/az\/wp-json\/wp\/v2\/posts\/266948\/revisions"}],"predecessor-version":[{"id":266950,"href":"https:\/\/www.meydan.tv\/az\/wp-json\/wp\/v2\/posts\/266948\/revisions\/266950"}],"wp:featuredmedia":[{"embeddable":true,"href":"https:\/\/www.meydan.tv\/az\/wp-json\/wp\/v2\/media\/247152"}],"wp:attachment":[{"href":"https:\/\/www.meydan.tv\/az\/wp-json\/wp\/v2\/media?parent=266948"}],"wp:term":[{"taxonomy":"category","embeddable":true,"href":"https:\/\/www.meydan.tv\/az\/wp-json\/wp\/v2\/categories?post=266948"},{"taxonomy":"post_tag","embeddable":true,"href":"https:\/\/www.meydan.tv\/az\/wp-json\/wp\/v2\/tags?post=266948"}],"curies":[{"name":"wp","href":"https:\/\/api.w.org\/{rel}","templated":true}]}}