{"id":266946,"date":"2023-01-29T16:42:10","date_gmt":"2023-01-29T12:42:10","guid":{"rendered":"https:\/\/www.meydan.tv\/?p=266946"},"modified":"2023-01-29T16:42:26","modified_gmt":"2023-01-29T12:42:26","slug":"iran-prezidenti-ilham-eliyeve-zeng-edib","status":"publish","type":"post","link":"https:\/\/www.meydan.tv\/az\/article\/iran-prezidenti-ilham-eliyeve-zeng-edib\/","title":{"rendered":"\u0130ran Prezidenti \u0130lham \u018fliyev\u0259 z\u0259ng edib"},"content":{"rendered":"\n<p><\/p>\n\n\n\n<p><em>\u0130brahim R\u0259isi s\u0259firliy\u0259 h\u00fccumla ba\u011fl\u0131 Az\u0259rbaycan Prezidentin\u0259 ba\u015fsa\u011fl\u0131\u011f\u0131 verib<\/em><\/p>\n\n\n\n<p>Yanvar\u0131n 28-d\u0259 \u0130ran \u0130slam Respublikas\u0131n\u0131n Prezidenti \u0130brahim R\u0259isi Az\u0259rbaycan\u0131n Prezidenti \u0130lham \u018fliyev\u0259 z\u0259ng edib.<\/p>\n\n\n\n<p>\u0130brahim R\u0259isi Tehrandak\u0131 s\u0259firliyin m\u00fchafiz\u0259 xidm\u0259tinin r\u0259hb\u0259ri Orxan \u018fsg\u0259rovun h\u0259lak olmas\u0131 il\u0259 ba\u011fl\u0131 Prezident \u0130lham \u018fliyev\u0259 v\u0259 m\u0259rhumun ail\u0259sin\u0259 ba\u015fsa\u011fl\u0131\u011f\u0131 verib v\u0259 yaralananlar\u0131n tezlikl\u0259 \u015f\u0259fa tapmas\u0131n\u0131 arzulay\u0131b.<\/p>\n\n\n\n<p>Bu bar\u0259d\u0259 \u201cpresident.az\u201d m\u0259lumat <a href=\"https:\/\/president.az\/az\/articles\/view\/58745\" target=\"_blank\" rel=\"noreferrer noopener\">yay\u0131b<\/a>.<\/p>\n\n\n\n<p>Qeyd olunur ki, d\u00f6vl\u0259t ba\u015f\u00e7\u0131s\u0131 \u0130lham \u018fliyevin s\u0259firliy\u0259 qar\u015f\u0131 t\u00f6r\u0259dilmi\u015f terror akt\u0131n\u0131 \u015fidd\u0259tl\u0259 q\u0131nay\u0131b:<\/p>\n\n\n\n<p>&#8220;\u018fliyev qanl\u0131 terror akt\u0131n\u0131n h\u0259rt\u0259r\u0259fli ara\u015fd\u0131r\u0131laca\u011f\u0131na v\u0259 cinay\u0259tkarlar\u0131n layiqli c\u0259zalar\u0131n\u0131 alacaqlar\u0131na \u00fcmidvar oldu\u011funu qeyd edib. H\u0259m\u00e7inin \u0130lham \u018fliyev istintaq\u0131n \u015f\u0259ffaf \u015f\u0259kild\u0259 apar\u0131lmas\u0131n\u0131n vacibliyini vur\u011fulay\u0131b&#8221;.<\/p>\n\n\n\n<p>&#8220;\u00d6lk\u0259 ba\u015f\u00e7\u0131s\u0131 s\u0259firliyin dig\u0259r m\u00fchafiz\u0259 \u0259m\u0259kda\u015f\u0131n\u0131n \u0259liyal\u0131n \u015f\u0259kild\u0259 terror\u00e7unun \u00fcz\u0259rin\u0259 at\u0131ld\u0131\u011f\u0131n\u0131, qorxmaz v\u0259 \u00e7evik h\u0259r\u0259k\u0259tl\u0259ri il\u0259 onu t\u0259rk-silah etdiyini bildirib. \u0130lham \u018fliyev terror\u00e7u t\u0259rk-silah olunmasayd\u0131, s\u0259firliyin dig\u0259r \u0259m\u0259kda\u015flar\u0131n\u0131 v\u0259 onlar\u0131n s\u0259firlik binas\u0131n\u0131n m\u0259nzill\u0259r b\u00f6lm\u0259sind\u0259 ya\u015fayan ail\u0259 \u00fczvl\u0259rini d\u0259 h\u0259d\u0259f\u0259 alaca\u011f\u0131n\u0131n istisna edilm\u0259diyini deyib&#8221;, &#8211; dey\u0259 \u0259lav\u0259 olunub.<\/p>\n\n\n\n<p>D\u00f6vl\u0259t ba\u015f\u00e7\u0131s\u0131 diplomatik n\u00fcmay\u0259nd\u0259likl\u0259rin t\u0259hl\u00fck\u0259sizliyinin t\u0259min olunmas\u0131n\u0131n vacibliyini vur\u011fulay\u0131b.<\/p>\n\n\n\n<p>\u0130brahim R\u0259isi is\u0259 deyib ki, \u0130ran v\u0259 Az\u0259rbaycan h\u00f6kum\u0259tl\u0259ri m\u00fcnasib\u0259tl\u0259rinin iki xalq\u0131n b\u0259dxahlar\u0131n\u0131n eyhamlar\u0131n\u0131n t\u0259sirin\u0259 d\u00fc\u015fm\u0259sin\u0259 imkan vermir.<\/p>\n\n\n\n<p>Bu bar\u0259d\u0259 \u0130ran m\u0259nb\u0259l\u0259rinin m\u0259lumat\u0131nda bildirilib:<\/p>\n\n\n\n<p>&#8220;\u0130ran Prezidenti Az\u0259rbaycan xalq\u0131na v\u0259 h\u00f6kum\u0259tin\u0259 ba\u015fsa\u011fl\u0131\u011f\u0131 verib. \u0130ran v\u0259 Az\u0259rbaycan xalqlar\u0131 aras\u0131nda dostluq v\u0259 qarda\u015fl\u0131q m\u00fcnasib\u0259tl\u0259rinin q\u0131r\u0131lmaz m\u0259d\u0259ni v\u0259 tarixi ba\u011flara \u0259sasland\u0131\u011f\u0131n\u0131 dey\u0259n R\u0259isi \u0259lav\u0259 edib ki, \u0130ran v\u0259 Az\u0259rbaycan h\u00f6kum\u0259tl\u0259ri onlar\u0131n m\u00fcnasib\u0259tl\u0259rinin b\u0259dxahlar\u0131n t\u0259lqinl\u0259rinin t\u0259siri alt\u0131na d\u00fc\u015fm\u0259sin\u0259 icaz\u0259 vermirl\u0259r. \u018fliyev is\u0259 \u00f6z n\u00f6vb\u0259sind\u0259 Az\u0259rbaycana r\u0259\u011fb\u0259tini ifad\u0259 etdiyin\u0259 g\u00f6r\u0259 \u0130ran prezidentin\u0259 t\u0259\u015f\u0259kk\u00fcr edib v\u0259 deyib ki, bu, g\u00f6zl\u0259nilm\u0259z cinay\u0259tdir, lakin iki \u00f6lk\u0259nin bu sah\u0259d\u0259 \u0259m\u0259kda\u015fl\u0131\u011f\u0131 o q\u0259d\u0259r g\u00fccl\u00fc olmal\u0131d\u0131r ki, he\u00e7 kim iki \u00f6lk\u0259 aras\u0131nda dostluq m\u00fcnasib\u0259tl\u0259rini pozma\u011fa imkan <a href=\"https:\/\/en.mehrnews.com\/news\/196731\/Tehran-Baku-not-to-let-ties-to-be-affected-by-ill-wishers\" target=\"_blank\" rel=\"noreferrer noopener\">tapmas\u0131n<\/a>&#8220;.\u00a0\u00a0<\/p>\n\n\n\n<p>Yanvar\u0131n 27-d\u0259 Bak\u0131 vaxt\u0131 il\u0259 s\u0259h\u0259r saat 8:30 rad\u0259l\u0259rind\u0259 Az\u0259rbaycan\u0131n \u0130ran \u0130slam Respublikas\u0131ndak\u0131 s\u0259firliyin\u0259 silahl\u0131 h\u00fccum olub.<\/p>\n\n\n\n<p>H\u00fccum ed\u0259n Yasin H\u00fcseynzad\u0259 m\u00fchafiz\u0259 xidm\u0259tinin r\u0259isi Orxan \u018fsg\u0259rovu \u00f6l\u00fcd\u00fcr\u00fcb, 2 n\u0259f\u0259ri is\u0259 yaralay\u0131b.<\/p>\n\n\n\n<p>S\u0259firliyin t\u0259hl\u00fck\u0259sizlik \u0259m\u0259kda\u015f\u0131 Vasif Ta\u011f\u0131yev Yasin H\u00fcseynzad\u0259ni z\u0259r\u0259rsizl\u0259\u015fdirib.<\/p>\n\n\n\n<p>Yasin H\u00fcseynzad\u0259 bu h\u00fccumu h\u0259yat yolda\u015f\u0131n\u0131n 9 ayd\u0131r ki, s\u0259firlikd\u0259 saxlan\u0131lmas\u0131 il\u0259 izah ets\u0259 d\u0259, Az\u0259rbaycan r\u0259smi orqanlar\u0131 onun dedikl\u0259rini r\u0259dd edib.<\/p>\n\n\n\n<p>Hadis\u0259ni terror adland\u0131ran Az\u0259rbaycan X\u0130N el\u0259 h\u0259min g\u00fcn \u0130ran\u0131n Bak\u0131dak\u0131 s\u0259firi Abbas Mus\u0259vi nazirliy\u0259 \u00e7a\u011f\u0131r\u0131b.<\/p>\n\n\n\n<p>G\u00f6r\u00fc\u015fd\u0259 Az\u0259rbaycan\u0131n Tehrandak\u0131 S\u0259firliyin\u0259 qar\u015f\u0131 t\u00f6r\u0259dilmi\u015f silahl\u0131 basq\u0131n\u0131n, terror akt\u0131n\u0131n \u015fidd\u0259tl\u0259 q\u0131nan\u0131ld\u0131\u011f\u0131, diplomatik n\u00fcmay\u0259nd\u0259likl\u0259r\u0259 qar\u015f\u0131 bu kimi h\u00fccumlar\u0131n q\u0259buledilm\u0259z oldu\u011fu deyilib. H\u0259m\u00e7inin \u201cDiplomatik M\u00fcnasib\u0259tl\u0259r haqq\u0131nda Vyana Konvensiyas\u0131\u201dndan ir\u0259li g\u0259l\u0259r\u0259k n\u00fcmay\u0259nd\u0259liyin binas\u0131n\u0131 h\u0259r c\u00fcr h\u00fccumlardan qorumaq v\u0259 onun \u0259m\u0259kda\u015flar\u0131n\u0131n t\u0259hl\u00fck\u0259sizliyinin t\u0259min edilm\u0259sinin q\u0259bul ed\u0259n t\u0259r\u0259fin v\u0259zif\u0259si oldu\u011fu s\u0259firin diqq\u0259tin\u0259 \u00e7atd\u0131r\u0131l\u0131b.<\/p>\n\n\n\n<p>D\u00f6vl\u0259t T\u0259hl\u00fck\u0259sizlik Xidm\u0259ti Az\u0259rbaycan\u0131n \u0130randak\u0131 S\u0259firliyin\u0259 qar\u015f\u0131 t\u00f6r\u0259dil\u0259n terror akt\u0131 il\u0259 ba\u011fl\u0131 cinay\u0259t i\u015fi <a href=\"https:\/\/www.meydan.tv\/az\/article\/azerbaycanin-irandaki-sefirliyine-silahli-hucum-olen-ve-yaralanan-var\/\" target=\"_blank\" rel=\"noreferrer noopener\">a\u00e7\u0131b<\/a>.<\/p>\n","protected":false},"excerpt":{"rendered":"<p>\u0130brahim R\u0259isi s\u0259firliy\u0259 h\u00fccumla ba\u011fl\u0131 Az\u0259rbaycan Prezidentin\u0259 ba\u015fsa\u011fl\u0131\u011f\u0131 verib Yanvar\u0131n &#8230; <\/p>\n<p class=\"read-more-container\"><a title=\"\u0130ran Prezidenti \u0130lham \u018fliyev\u0259 z\u0259ng edib\" class=\"read-more button\" href=\"https:\/\/www.meydan.tv\/az\/article\/iran-prezidenti-ilham-eliyeve-zeng-edib\/#more-266946\" aria-label=\"Read more about \u0130ran Prezidenti \u0130lham \u018fliyev\u0259 z\u0259ng edib\">Davam\u0131<\/a><\/p>\n","protected":false},"author":8,"featured_media":266894,"comment_status":"closed","ping_status":"closed","sticky":false,"template":"","format":"standard","meta":{"_acf_changed":false,"_sitemap_exclude":false,"_sitemap_priority":"","_sitemap_frequency":"","footnotes":""},"categories":[59,79,56],"tags":[],"class_list":["post-266946","post","type-post","status-publish","format-standard","has-post-thumbnail","hentry","category-siyaset","category-featured","category-xeberler","infinite-scroll-item","generate-columns","tablet-grid-50","mobile-grid-100","grid-parent","grid-33","no-featured-image-padding"],"acf":[],"yoast_head":"<!-- This site is optimized with the Yoast SEO plugin v27.4 - https:\/\/yoast.com\/product\/yoast-seo-wordpress\/ -->\n<title>\u0130ran Prezidenti \u0130lham \u018fliyev\u0259 z\u0259ng edib - MEYDAN.TV<\/title>\n<meta name=\"robots\" content=\"index, follow, max-snippet:-1, max-image-preview:large, max-video-preview:-1\" \/>\n<link rel=\"canonical\" href=\"https:\/\/www.meydan.tv\/az\/article\/iran-prezidenti-ilham-eliyeve-zeng-edib\/\" \/>\n<meta property=\"og:locale\" content=\"az_AZ\" \/>\n<meta property=\"og:type\" content=\"article\" \/>\n<meta property=\"og:title\" content=\"\u0130ran Prezidenti \u0130lham \u018fliyev\u0259 z\u0259ng edib - MEYDAN.TV\" \/>\n<meta property=\"og:description\" content=\"\u0130brahim R\u0259isi s\u0259firliy\u0259 h\u00fccumla ba\u011fl\u0131 Az\u0259rbaycan Prezidentin\u0259 ba\u015fsa\u011fl\u0131\u011f\u0131 verib Yanvar\u0131n ... Davam\u0131\" \/>\n<meta property=\"og:url\" content=\"https:\/\/www.meydan.tv\/az\/article\/iran-prezidenti-ilham-eliyeve-zeng-edib\/\" \/>\n<meta property=\"og:site_name\" content=\"MEYDAN.TV\" \/>\n<meta property=\"article:published_time\" content=\"2023-01-29T12:42:10+00:00\" \/>\n<meta property=\"article:modified_time\" content=\"2023-01-29T12:42:26+00:00\" \/>\n<meta property=\"og:image\" content=\"https:\/\/www.meydan.tv\/wp-content\/uploads\/telegram-cloud-document-4-5951991568859663637-e1674996115832.png\" \/>\n\t<meta property=\"og:image:width\" content=\"1280\" \/>\n\t<meta property=\"og:image:height\" content=\"592\" \/>\n\t<meta property=\"og:image:type\" content=\"image\/png\" \/>\n<meta name=\"author\" content=\"elli\" \/>\n<meta name=\"twitter:card\" content=\"summary_large_image\" \/>\n<meta name=\"twitter:creator\" content=\"@elli\" \/>\n<script type=\"application\/ld+json\" class=\"yoast-schema-graph\">{\"@context\":\"https:\\\/\\\/schema.org\",\"@graph\":[{\"@type\":\"Article\",\"@id\":\"https:\\\/\\\/www.meydan.tv\\\/az\\\/article\\\/iran-prezidenti-ilham-eliyeve-zeng-edib\\\/#article\",\"isPartOf\":{\"@id\":\"https:\\\/\\\/www.meydan.tv\\\/az\\\/article\\\/iran-prezidenti-ilham-eliyeve-zeng-edib\\\/\"},\"author\":{\"name\":\"elli\",\"@id\":\"https:\\\/\\\/www.meydan.tv\\\/az\\\/#\\\/schema\\\/person\\\/9cdbecf90d17180ce1dfbd95b08dcf47\"},\"headline\":\"\u0130ran Prezidenti \u0130lham \u018fliyev\u0259 z\u0259ng edib\",\"datePublished\":\"2023-01-29T12:42:10+00:00\",\"dateModified\":\"2023-01-29T12:42:26+00:00\",\"mainEntityOfPage\":{\"@id\":\"https:\\\/\\\/www.meydan.tv\\\/az\\\/article\\\/iran-prezidenti-ilham-eliyeve-zeng-edib\\\/\"},\"wordCount\":743,\"publisher\":{\"@id\":\"https:\\\/\\\/www.meydan.tv\\\/az\\\/#organization\"},\"image\":{\"@id\":\"https:\\\/\\\/www.meydan.tv\\\/az\\\/article\\\/iran-prezidenti-ilham-eliyeve-zeng-edib\\\/#primaryimage\"},\"thumbnailUrl\":\"https:\\\/\\\/www.meydan.tv\\\/wp-content\\\/uploads\\\/telegram-cloud-document-4-5951991568859663637-e1674996115832.png\",\"articleSection\":[\"Siyas\u0259t\",\"T\u00f6vsiy\u0259\",\"X\u0259b\u0259rl\u0259r\"],\"inLanguage\":\"az\"},{\"@type\":\"WebPage\",\"@id\":\"https:\\\/\\\/www.meydan.tv\\\/az\\\/article\\\/iran-prezidenti-ilham-eliyeve-zeng-edib\\\/\",\"url\":\"https:\\\/\\\/www.meydan.tv\\\/az\\\/article\\\/iran-prezidenti-ilham-eliyeve-zeng-edib\\\/\",\"name\":\"\u0130ran Prezidenti \u0130lham \u018fliyev\u0259 z\u0259ng edib - MEYDAN.TV\",\"isPartOf\":{\"@id\":\"https:\\\/\\\/www.meydan.tv\\\/az\\\/#website\"},\"primaryImageOfPage\":{\"@id\":\"https:\\\/\\\/www.meydan.tv\\\/az\\\/article\\\/iran-prezidenti-ilham-eliyeve-zeng-edib\\\/#primaryimage\"},\"image\":{\"@id\":\"https:\\\/\\\/www.meydan.tv\\\/az\\\/article\\\/iran-prezidenti-ilham-eliyeve-zeng-edib\\\/#primaryimage\"},\"thumbnailUrl\":\"https:\\\/\\\/www.meydan.tv\\\/wp-content\\\/uploads\\\/telegram-cloud-document-4-5951991568859663637-e1674996115832.png\",\"datePublished\":\"2023-01-29T12:42:10+00:00\",\"dateModified\":\"2023-01-29T12:42:26+00:00\",\"breadcrumb\":{\"@id\":\"https:\\\/\\\/www.meydan.tv\\\/az\\\/article\\\/iran-prezidenti-ilham-eliyeve-zeng-edib\\\/#breadcrumb\"},\"inLanguage\":\"az\",\"potentialAction\":[{\"@type\":\"ReadAction\",\"target\":[\"https:\\\/\\\/www.meydan.tv\\\/az\\\/article\\\/iran-prezidenti-ilham-eliyeve-zeng-edib\\\/\"]}]},{\"@type\":\"ImageObject\",\"inLanguage\":\"az\",\"@id\":\"https:\\\/\\\/www.meydan.tv\\\/az\\\/article\\\/iran-prezidenti-ilham-eliyeve-zeng-edib\\\/#primaryimage\",\"url\":\"https:\\\/\\\/www.meydan.tv\\\/wp-content\\\/uploads\\\/telegram-cloud-document-4-5951991568859663637-e1674996115832.png\",\"contentUrl\":\"https:\\\/\\\/www.meydan.tv\\\/wp-content\\\/uploads\\\/telegram-cloud-document-4-5951991568859663637-e1674996115832.png\",\"width\":1280,\"height\":592,\"caption\":\"Foto: Meydan TV\"},{\"@type\":\"BreadcrumbList\",\"@id\":\"https:\\\/\\\/www.meydan.tv\\\/az\\\/article\\\/iran-prezidenti-ilham-eliyeve-zeng-edib\\\/#breadcrumb\",\"itemListElement\":[{\"@type\":\"ListItem\",\"position\":1,\"name\":\"Ana s\u0259hif\u0259\",\"item\":\"https:\\\/\\\/www.meydan.tv\\\/az\\\/\"},{\"@type\":\"ListItem\",\"position\":2,\"name\":\"Siyas\u0259t\",\"item\":\"https:\\\/\\\/www.meydan.tv\\\/az\\\/section\\\/siyaset\\\/\"},{\"@type\":\"ListItem\",\"position\":3,\"name\":\"\u0130ran Prezidenti \u0130lham \u018fliyev\u0259 z\u0259ng edib\"}]},{\"@type\":\"WebSite\",\"@id\":\"https:\\\/\\\/www.meydan.tv\\\/az\\\/#website\",\"url\":\"https:\\\/\\\/www.meydan.tv\\\/az\\\/\",\"name\":\"MEYDAN.TV\",\"description\":\"Meydan TV Az\u0259rbaycan\u0131n media m\u0259kan\u0131ndak\u0131 alternativ s\u0259sidir\",\"publisher\":{\"@id\":\"https:\\\/\\\/www.meydan.tv\\\/az\\\/#organization\"},\"potentialAction\":[{\"@type\":\"SearchAction\",\"target\":{\"@type\":\"EntryPoint\",\"urlTemplate\":\"https:\\\/\\\/www.meydan.tv\\\/az\\\/?s={search_term_string}\"},\"query-input\":{\"@type\":\"PropertyValueSpecification\",\"valueRequired\":true,\"valueName\":\"search_term_string\"}}],\"inLanguage\":\"az\"},{\"@type\":\"Organization\",\"@id\":\"https:\\\/\\\/www.meydan.tv\\\/az\\\/#organization\",\"name\":\"Meydan TV\",\"url\":\"https:\\\/\\\/www.meydan.tv\\\/az\\\/\",\"logo\":{\"@type\":\"ImageObject\",\"inLanguage\":\"az\",\"@id\":\"https:\\\/\\\/www.meydan.tv\\\/az\\\/#\\\/schema\\\/logo\\\/image\\\/\",\"url\":\"https:\\\/\\\/www.meydan.tv\\\/wp-content\\\/uploads\\\/2021\\\/07\\\/meydan-logo.svg\",\"contentUrl\":\"https:\\\/\\\/www.meydan.tv\\\/wp-content\\\/uploads\\\/2021\\\/07\\\/meydan-logo.svg\",\"width\":195,\"height\":46,\"caption\":\"Meydan TV\"},\"image\":{\"@id\":\"https:\\\/\\\/www.meydan.tv\\\/az\\\/#\\\/schema\\\/logo\\\/image\\\/\"}},{\"@type\":\"Person\",\"@id\":\"https:\\\/\\\/www.meydan.tv\\\/az\\\/#\\\/schema\\\/person\\\/9cdbecf90d17180ce1dfbd95b08dcf47\",\"name\":\"elli\",\"sameAs\":[\"https:\\\/\\\/x.com\\\/elli\"]}]}<\/script>\n<!-- \/ Yoast SEO plugin. -->","yoast_head_json":{"title":"\u0130ran Prezidenti \u0130lham \u018fliyev\u0259 z\u0259ng edib - MEYDAN.TV","robots":{"index":"index","follow":"follow","max-snippet":"max-snippet:-1","max-image-preview":"max-image-preview:large","max-video-preview":"max-video-preview:-1"},"canonical":"https:\/\/www.meydan.tv\/az\/article\/iran-prezidenti-ilham-eliyeve-zeng-edib\/","og_locale":"az_AZ","og_type":"article","og_title":"\u0130ran Prezidenti \u0130lham \u018fliyev\u0259 z\u0259ng edib - MEYDAN.TV","og_description":"\u0130brahim R\u0259isi s\u0259firliy\u0259 h\u00fccumla ba\u011fl\u0131 Az\u0259rbaycan Prezidentin\u0259 ba\u015fsa\u011fl\u0131\u011f\u0131 verib Yanvar\u0131n ... Davam\u0131","og_url":"https:\/\/www.meydan.tv\/az\/article\/iran-prezidenti-ilham-eliyeve-zeng-edib\/","og_site_name":"MEYDAN.TV","article_published_time":"2023-01-29T12:42:10+00:00","article_modified_time":"2023-01-29T12:42:26+00:00","og_image":[{"width":1280,"height":592,"url":"https:\/\/www.meydan.tv\/wp-content\/uploads\/telegram-cloud-document-4-5951991568859663637-e1674996115832.png","type":"image\/png"}],"author":"elli","twitter_card":"summary_large_image","twitter_creator":"@elli","schema":{"@context":"https:\/\/schema.org","@graph":[{"@type":"Article","@id":"https:\/\/www.meydan.tv\/az\/article\/iran-prezidenti-ilham-eliyeve-zeng-edib\/#article","isPartOf":{"@id":"https:\/\/www.meydan.tv\/az\/article\/iran-prezidenti-ilham-eliyeve-zeng-edib\/"},"author":{"name":"elli","@id":"https:\/\/www.meydan.tv\/az\/#\/schema\/person\/9cdbecf90d17180ce1dfbd95b08dcf47"},"headline":"\u0130ran Prezidenti \u0130lham \u018fliyev\u0259 z\u0259ng edib","datePublished":"2023-01-29T12:42:10+00:00","dateModified":"2023-01-29T12:42:26+00:00","mainEntityOfPage":{"@id":"https:\/\/www.meydan.tv\/az\/article\/iran-prezidenti-ilham-eliyeve-zeng-edib\/"},"wordCount":743,"publisher":{"@id":"https:\/\/www.meydan.tv\/az\/#organization"},"image":{"@id":"https:\/\/www.meydan.tv\/az\/article\/iran-prezidenti-ilham-eliyeve-zeng-edib\/#primaryimage"},"thumbnailUrl":"https:\/\/www.meydan.tv\/wp-content\/uploads\/telegram-cloud-document-4-5951991568859663637-e1674996115832.png","articleSection":["Siyas\u0259t","T\u00f6vsiy\u0259","X\u0259b\u0259rl\u0259r"],"inLanguage":"az"},{"@type":"WebPage","@id":"https:\/\/www.meydan.tv\/az\/article\/iran-prezidenti-ilham-eliyeve-zeng-edib\/","url":"https:\/\/www.meydan.tv\/az\/article\/iran-prezidenti-ilham-eliyeve-zeng-edib\/","name":"\u0130ran Prezidenti \u0130lham \u018fliyev\u0259 z\u0259ng edib - MEYDAN.TV","isPartOf":{"@id":"https:\/\/www.meydan.tv\/az\/#website"},"primaryImageOfPage":{"@id":"https:\/\/www.meydan.tv\/az\/article\/iran-prezidenti-ilham-eliyeve-zeng-edib\/#primaryimage"},"image":{"@id":"https:\/\/www.meydan.tv\/az\/article\/iran-prezidenti-ilham-eliyeve-zeng-edib\/#primaryimage"},"thumbnailUrl":"https:\/\/www.meydan.tv\/wp-content\/uploads\/telegram-cloud-document-4-5951991568859663637-e1674996115832.png","datePublished":"2023-01-29T12:42:10+00:00","dateModified":"2023-01-29T12:42:26+00:00","breadcrumb":{"@id":"https:\/\/www.meydan.tv\/az\/article\/iran-prezidenti-ilham-eliyeve-zeng-edib\/#breadcrumb"},"inLanguage":"az","potentialAction":[{"@type":"ReadAction","target":["https:\/\/www.meydan.tv\/az\/article\/iran-prezidenti-ilham-eliyeve-zeng-edib\/"]}]},{"@type":"ImageObject","inLanguage":"az","@id":"https:\/\/www.meydan.tv\/az\/article\/iran-prezidenti-ilham-eliyeve-zeng-edib\/#primaryimage","url":"https:\/\/www.meydan.tv\/wp-content\/uploads\/telegram-cloud-document-4-5951991568859663637-e1674996115832.png","contentUrl":"https:\/\/www.meydan.tv\/wp-content\/uploads\/telegram-cloud-document-4-5951991568859663637-e1674996115832.png","width":1280,"height":592,"caption":"Foto: Meydan TV"},{"@type":"BreadcrumbList","@id":"https:\/\/www.meydan.tv\/az\/article\/iran-prezidenti-ilham-eliyeve-zeng-edib\/#breadcrumb","itemListElement":[{"@type":"ListItem","position":1,"name":"Ana s\u0259hif\u0259","item":"https:\/\/www.meydan.tv\/az\/"},{"@type":"ListItem","position":2,"name":"Siyas\u0259t","item":"https:\/\/www.meydan.tv\/az\/section\/siyaset\/"},{"@type":"ListItem","position":3,"name":"\u0130ran Prezidenti \u0130lham \u018fliyev\u0259 z\u0259ng edib"}]},{"@type":"WebSite","@id":"https:\/\/www.meydan.tv\/az\/#website","url":"https:\/\/www.meydan.tv\/az\/","name":"MEYDAN.TV","description":"Meydan TV Az\u0259rbaycan\u0131n media m\u0259kan\u0131ndak\u0131 alternativ s\u0259sidir","publisher":{"@id":"https:\/\/www.meydan.tv\/az\/#organization"},"potentialAction":[{"@type":"SearchAction","target":{"@type":"EntryPoint","urlTemplate":"https:\/\/www.meydan.tv\/az\/?s={search_term_string}"},"query-input":{"@type":"PropertyValueSpecification","valueRequired":true,"valueName":"search_term_string"}}],"inLanguage":"az"},{"@type":"Organization","@id":"https:\/\/www.meydan.tv\/az\/#organization","name":"Meydan TV","url":"https:\/\/www.meydan.tv\/az\/","logo":{"@type":"ImageObject","inLanguage":"az","@id":"https:\/\/www.meydan.tv\/az\/#\/schema\/logo\/image\/","url":"https:\/\/www.meydan.tv\/wp-content\/uploads\/2021\/07\/meydan-logo.svg","contentUrl":"https:\/\/www.meydan.tv\/wp-content\/uploads\/2021\/07\/meydan-logo.svg","width":195,"height":46,"caption":"Meydan TV"},"image":{"@id":"https:\/\/www.meydan.tv\/az\/#\/schema\/logo\/image\/"}},{"@type":"Person","@id":"https:\/\/www.meydan.tv\/az\/#\/schema\/person\/9cdbecf90d17180ce1dfbd95b08dcf47","name":"elli","sameAs":["https:\/\/x.com\/elli"]}]}},"_links":{"self":[{"href":"https:\/\/www.meydan.tv\/az\/wp-json\/wp\/v2\/posts\/266946","targetHints":{"allow":["GET"]}}],"collection":[{"href":"https:\/\/www.meydan.tv\/az\/wp-json\/wp\/v2\/posts"}],"about":[{"href":"https:\/\/www.meydan.tv\/az\/wp-json\/wp\/v2\/types\/post"}],"author":[{"embeddable":true,"href":"https:\/\/www.meydan.tv\/az\/wp-json\/wp\/v2\/users\/8"}],"replies":[{"embeddable":true,"href":"https:\/\/www.meydan.tv\/az\/wp-json\/wp\/v2\/comments?post=266946"}],"version-history":[{"count":1,"href":"https:\/\/www.meydan.tv\/az\/wp-json\/wp\/v2\/posts\/266946\/revisions"}],"predecessor-version":[{"id":266947,"href":"https:\/\/www.meydan.tv\/az\/wp-json\/wp\/v2\/posts\/266946\/revisions\/266947"}],"wp:featuredmedia":[{"embeddable":true,"href":"https:\/\/www.meydan.tv\/az\/wp-json\/wp\/v2\/media\/266894"}],"wp:attachment":[{"href":"https:\/\/www.meydan.tv\/az\/wp-json\/wp\/v2\/media?parent=266946"}],"wp:term":[{"taxonomy":"category","embeddable":true,"href":"https:\/\/www.meydan.tv\/az\/wp-json\/wp\/v2\/categories?post=266946"},{"taxonomy":"post_tag","embeddable":true,"href":"https:\/\/www.meydan.tv\/az\/wp-json\/wp\/v2\/tags?post=266946"}],"curies":[{"name":"wp","href":"https:\/\/api.w.org\/{rel}","templated":true}]}}