{"id":266930,"date":"2023-01-28T16:21:22","date_gmt":"2023-01-28T12:21:22","guid":{"rendered":"https:\/\/www.meydan.tv\/?p=266930"},"modified":"2023-01-28T16:21:26","modified_gmt":"2023-01-28T12:21:26","slug":"polislerin-etinasiz-davranisi-neticesinde-heyat-yoldasimin-veziyyeti-pislesdi","status":"publish","type":"post","link":"https:\/\/www.meydan.tv\/az\/article\/polislerin-etinasiz-davranisi-neticesinde-heyat-yoldasimin-veziyyeti-pislesdi\/","title":{"rendered":"\u201cPolisl\u0259rin etinas\u0131z davran\u0131\u015f\u0131 n\u0259tic\u0259sind\u0259 h\u0259yat yolda\u015f\u0131m\u0131n v\u0259ziyy\u0259ti pisl\u0259\u015fdi\u201d"},"content":{"rendered":"\n<p><\/p>\n\n\n\n<p><em>Kamal \u018fzizov deyir ki, yol polisi onu he\u00e7 bir \u0259sas olmadan saxlay\u0131b<\/em><\/p>\n\n\n\n<p>Masall\u0131 rayon B\u0259d\u0259lan k\u0259nd sakini Kamal \u018fzizov deyir ki, hamil\u0259 h\u0259yat yolda\u015f\u0131n\u0131n v\u0259ziyy\u0259ti D\u00f6vl\u0259t Yol Polisi \u0259m\u0259kda\u015flar\u0131n\u0131n etinas\u0131z yana\u015fmas\u0131, s\u0259hl\u0259nkarl\u0131\u011f\u0131 n\u0259tic\u0259sind\u0259 pisl\u0259\u015fib.<\/p>\n\n\n\n<p>He\u00e7 bir \u0259sas olmadan yol polisl\u0259rinin onu narkoloji m\u00fcayin\u0259y\u0259 apar\u0131b vaxt\u0131n\u0131 ald\u0131\u011f\u0131n\u0131, bu m\u00fcdd\u0259td\u0259 h\u0259yat yolda\u015f\u0131n\u0131n durumunun a\u011f\u0131rla\u015fd\u0131\u011f\u0131n\u0131 vur\u011fulayan Kamal \u018fzizovun s\u00f6zl\u0259rin\u0259 g\u00f6r\u0259, yol polisl\u0259ri qanunsuz \u0259m\u0259ll\u0259rini \u00f6rt-basd\u0131r el\u0259m\u0259kd\u0259n \u00f6tr\u00fc \u00fcst\u0259lik, onu \u0259sass\u0131z olaraq, k\u0259m\u0259rd\u0259n istifad\u0259 etm\u0259m\u0259k iddias\u0131yla c\u0259rim\u0259l\u0259yibl\u0259r.<\/p>\n\n\n\n<p>\u201c<strong>Dedim ki, he\u00e7 bir pozuntuya yol verm\u0259mi\u015f\u0259m, ma\u015f\u0131nda hamil\u0259 yolda\u015f\u0131m var\u201d<\/strong><\/p>\n\n\n\n<p>Hadis\u0259 yanvar\u0131n 21-d\u0259 Masall\u0131 v\u0259 L\u0259nk\u0259ran\u0131n aras\u0131ndak\u0131 ikinci d\u0259r\u0259c\u0259li magistral yolda ba\u015f verib.<\/p>\n\n\n\n<p>Kamal \u018fzizov dan\u0131\u015f\u0131r ki, h\u0259min vaxt \u015f\u0259xsi avtomobiliyl\u0259 hamil\u0259 h\u0259yat yolda\u015f\u0131n\u0131 L\u0259nk\u0259randa yerl\u0259\u015f\u0259n x\u0259st\u0259xanaya apar\u0131rm\u0131\u015f. Bu zaman yol polisl\u0259ri ona i\u015far\u0259 ver\u0259r\u0259k, avtomobili saxlama\u011f\u0131 t\u0259l\u0259b edibl\u0259r.<\/p>\n\n\n\n<p>Kamal \u018fzizovun dediyin\u0259 g\u00f6r\u0259, h\u0259min vaxt o, he\u00e7 bir qayda pozuntusuna yol verm\u0259mi\u015fdi:<\/p>\n\n\n\n<p>\u201cYol polisin\u0259 yax\u0131nla\u015f\u0131b dedim ki, m\u0259n he\u00e7 bir qayda pozuntusuna yol verm\u0259mi\u015f\u0259m. \u00dcst\u0259lik, ma\u015f\u0131nda hamil\u0259 h\u0259yat yolda\u015f\u0131m var, onu t\u0259cili x\u0259st\u0259xanaya \u00e7atd\u0131rmal\u0131yam. Gec\u0259 yolda\u015f\u0131m\u0131n a\u011fr\u0131lar\u0131 olmu\u015fdu, yatmam\u0131\u015fd\u0131q. G\u00f6zl\u0259rimd\u0259n yor\u011funluq, yuxusuzluq t\u00f6k\u00fcl\u00fcrd\u00fc. Polisl\u0259r yolda\u015f\u0131m\u0131n v\u0259ziyy\u0259tin\u0259 \u0259h\u0259miyy\u0259t verm\u0259dil\u0259r, dedil\u0259r ki, narkoloji m\u00fcayin\u0259y\u0259 getm\u0259lis\u0259n&#8230;\u201d<\/p>\n\n\n\n<p>Kamal \u018fzizovun s\u00f6zl\u0259rin\u0259 g\u00f6r\u0259, onun etiraz\u0131na baxmayaraq, narkoloji m\u00fcayin\u0259y\u0259 apar\u0131blar. Yoxlama n\u0259tic\u0259sind\u0259 m\u0259lum olub ki, o, narkotik madd\u0259d\u0259n istifad\u0259 etm\u0259yib.<\/p>\n\n\n\n<figure class=\"wp-block-image size-large\"><img decoding=\"async\" width=\"538\" height=\"821\" data-src=\"https:\/\/www.meydan.tv\/wp-content\/uploads\/img_3972-538x821.jpg\" alt=\"\" class=\"wp-image-266927 lazyload\" src=\"data:image\/svg+xml;base64,PHN2ZyB3aWR0aD0iMSIgaGVpZ2h0PSIxIiB4bWxucz0iaHR0cDovL3d3dy53My5vcmcvMjAwMC9zdmciPjwvc3ZnPg==\" style=\"--smush-placeholder-width: 538px; --smush-placeholder-aspect-ratio: 538\/821;\" \/><figcaption class=\"wp-element-caption\">Akt<\/figcaption><\/figure>\n\n\n\n<p><strong>\u201cBu c\u00fcr davran\u0131\u015f polis\u0259 yara\u015fmaz\u201d<\/strong><\/p>\n\n\n\n<p>Masall\u0131 sakini deyir ki, bu cavabdan sonra yol polisi m\u00fcayin\u0259nin cavab\u0131 olan s\u0259n\u0259di ona verm\u0259k ist\u0259m\u0259yib. Lakin o, cavab\u0131 almaqda israr edib:<\/p>\n\n\n\n<p>\u201cM\u0259ni \u015fantaj el\u0259dil\u0259r ki, yoxsa s\u0259n\u0259 c\u0259rim\u0259 yazaca\u011f\u0131q. T\u0259kid el\u0259yib, cavab\u0131 ald\u0131m. Ev\u0259 g\u0259l\u0259nd\u0259n sonra m\u0259n\u0259 mesaj g\u0259ldi. M\u0259lum oldu ki, k\u0259m\u0259rd\u0259n istifad\u0259 etm\u0259m\u0259y\u0259 g\u00f6r\u0259 40 manat c\u0259rim\u0259l\u0259nmi\u015f\u0259m. Halbuki bu, \u0259sass\u0131z v\u0259 qanunsuz idi&#8230;\u201d<\/p>\n\n\n\n<p>Kamal \u018fzizov \u0259lav\u0259 edib ki, h\u0259min g\u00fcn yol polisl\u0259rinin onlar\u0131 yubatmas\u0131, hamil\u0259 qad\u0131n\u0131n durumuna etinas\u0131z m\u00fcnasib\u0259ti n\u0259tic\u0259sind\u0259 h\u0259yat yolda\u015f\u0131n\u0131n v\u0259ziyy\u0259ti a\u011f\u0131rla\u015f\u0131b:<\/p>\n\n\n\n<p>\u201cBizi n\u0259 q\u0259d\u0259r yubatd\u0131lar. Halbuki, hamil\u0259 qad\u0131na yard\u0131m el\u0259m\u0259k n\u0259inki polisl\u0259rin, h\u0259r bir normal insan\u0131n m\u0259n\u0259vi borcudur. Bur c\u00fcr davran\u0131\u015f polis\u0259 yara\u015fmaz&#8230;\u201d.<\/p>\n\n\n\n<p><strong>D\u0130N: \u201c\u015e\u00fcbh\u0259 yaran\u0131b&#8230;\u201d<\/strong><\/p>\n\n\n\n<p>Daxili \u0130\u015fl\u0259r Nazirliyinin (D\u0130N) L\u0259nk\u0259ran regional qrupunun ba\u015f inspektoru M\u0259h\u0259mm\u0259d Rzayev bildirib ki, s\u00fcr\u00fcc\u00fc t\u0259hl\u00fck\u0259sizlik k\u0259m\u0259rind\u0259n istifad\u0259 etm\u0259diyin\u0259 g\u00f6r\u0259 n\u0259qliyyat vasit\u0259si saxlan\u0131l\u0131b.<\/p>\n\n\n\n<p>Bu zaman s\u00fcr\u00fcc\u00fcn\u00fcn zahiri g\u00f6r\u00fcn\u00fc\u015f\u00fcnd\u0259n spirtli i\u00e7ki v\u0259 ya narkotik vasit\u0259nin s\u0259rxo\u015flu\u011fu alt\u0131nda olmas\u0131na dair \u015f\u00fcbh\u0259 yaran\u0131b. Bu s\u0259b\u0259bd\u0259n onun o, tibbi m\u00fcayin\u0259d\u0259n ke\u00e7irilib.<br>\u201cM\u00fcayin\u0259nin n\u0259tic\u0259si neqativ oldu\u011funa g\u00f6r\u0259 onun yol verdiyi qayda pozuntusu il\u0259 ba\u011fl\u0131 &#8211; t\u0259hl\u00fck\u0259sizlik k\u0259m\u0259rind\u0259n istifad\u0259 etm\u0259diyi \u00fc\u00e7\u00fcn inzibati qaydada protokol t\u0259rtib edilib v\u0259 s\u00fcr\u00fcc\u00fc yoluna davam edib\u201d, &#8211; D\u0130N r\u0259smisi bel\u0259 deyib.<\/p>\n","protected":false},"excerpt":{"rendered":"<p>Kamal \u018fzizov deyir ki, yol polisi onu he\u00e7 bir \u0259sas &#8230; <\/p>\n<p class=\"read-more-container\"><a title=\"\u201cPolisl\u0259rin etinas\u0131z davran\u0131\u015f\u0131 n\u0259tic\u0259sind\u0259 h\u0259yat yolda\u015f\u0131m\u0131n v\u0259ziyy\u0259ti pisl\u0259\u015fdi\u201d\" class=\"read-more button\" href=\"https:\/\/www.meydan.tv\/az\/article\/polislerin-etinasiz-davranisi-neticesinde-heyat-yoldasimin-veziyyeti-pislesdi\/#more-266930\" aria-label=\"Read more about \u201cPolisl\u0259rin etinas\u0131z davran\u0131\u015f\u0131 n\u0259tic\u0259sind\u0259 h\u0259yat yolda\u015f\u0131m\u0131n v\u0259ziyy\u0259ti pisl\u0259\u015fdi\u201d\">Davam\u0131<\/a><\/p>\n","protected":false},"author":8,"featured_media":239402,"comment_status":"closed","ping_status":"closed","sticky":false,"template":"","format":"standard","meta":{"_acf_changed":false,"_sitemap_exclude":false,"_sitemap_priority":"","_sitemap_frequency":"","footnotes":""},"categories":[60,79,56],"tags":[],"class_list":["post-266930","post","type-post","status-publish","format-standard","has-post-thumbnail","hentry","category-bolge","category-featured","category-xeberler","infinite-scroll-item","generate-columns","tablet-grid-50","mobile-grid-100","grid-parent","grid-33","no-featured-image-padding"],"acf":[],"yoast_head":"<!-- This site is optimized with the Yoast SEO plugin v27.5 - https:\/\/yoast.com\/product\/yoast-seo-wordpress\/ -->\n<title>\u201cPolisl\u0259rin etinas\u0131z davran\u0131\u015f\u0131 n\u0259tic\u0259sind\u0259 h\u0259yat yolda\u015f\u0131m\u0131n v\u0259ziyy\u0259ti pisl\u0259\u015fdi\u201d - MEYDAN.TV<\/title>\n<meta name=\"robots\" content=\"index, follow, max-snippet:-1, max-image-preview:large, max-video-preview:-1\" \/>\n<link rel=\"canonical\" href=\"https:\/\/www.meydan.tv\/az\/article\/polislerin-etinasiz-davranisi-neticesinde-heyat-yoldasimin-veziyyeti-pislesdi\/\" \/>\n<meta property=\"og:locale\" content=\"az_AZ\" \/>\n<meta property=\"og:type\" content=\"article\" \/>\n<meta property=\"og:title\" content=\"\u201cPolisl\u0259rin etinas\u0131z davran\u0131\u015f\u0131 n\u0259tic\u0259sind\u0259 h\u0259yat yolda\u015f\u0131m\u0131n v\u0259ziyy\u0259ti pisl\u0259\u015fdi\u201d - MEYDAN.TV\" \/>\n<meta property=\"og:description\" content=\"Kamal \u018fzizov deyir ki, yol polisi onu he\u00e7 bir \u0259sas ... Davam\u0131\" \/>\n<meta property=\"og:url\" content=\"https:\/\/www.meydan.tv\/az\/article\/polislerin-etinasiz-davranisi-neticesinde-heyat-yoldasimin-veziyyeti-pislesdi\/\" \/>\n<meta property=\"og:site_name\" content=\"MEYDAN.TV\" \/>\n<meta property=\"article:published_time\" content=\"2023-01-28T12:21:22+00:00\" \/>\n<meta property=\"article:modified_time\" content=\"2023-01-28T12:21:26+00:00\" \/>\n<meta property=\"og:image\" content=\"https:\/\/www.meydan.tv\/wp-content\/uploads\/img-20220318-wa0008.jpg\" \/>\n\t<meta property=\"og:image:width\" content=\"1280\" \/>\n\t<meta property=\"og:image:height\" content=\"720\" \/>\n\t<meta property=\"og:image:type\" content=\"image\/jpeg\" \/>\n<meta name=\"author\" content=\"elli\" \/>\n<meta name=\"twitter:card\" content=\"summary_large_image\" \/>\n<meta name=\"twitter:creator\" content=\"@elli\" \/>\n<script type=\"application\/ld+json\" class=\"yoast-schema-graph\">{\"@context\":\"https:\\\/\\\/schema.org\",\"@graph\":[{\"@type\":\"Article\",\"@id\":\"https:\\\/\\\/www.meydan.tv\\\/az\\\/article\\\/polislerin-etinasiz-davranisi-neticesinde-heyat-yoldasimin-veziyyeti-pislesdi\\\/#article\",\"isPartOf\":{\"@id\":\"https:\\\/\\\/www.meydan.tv\\\/az\\\/article\\\/polislerin-etinasiz-davranisi-neticesinde-heyat-yoldasimin-veziyyeti-pislesdi\\\/\"},\"author\":{\"name\":\"elli\",\"@id\":\"https:\\\/\\\/www.meydan.tv\\\/az\\\/#\\\/schema\\\/person\\\/9cdbecf90d17180ce1dfbd95b08dcf47\"},\"headline\":\"\u201cPolisl\u0259rin etinas\u0131z davran\u0131\u015f\u0131 n\u0259tic\u0259sind\u0259 h\u0259yat yolda\u015f\u0131m\u0131n v\u0259ziyy\u0259ti pisl\u0259\u015fdi\u201d\",\"datePublished\":\"2023-01-28T12:21:22+00:00\",\"dateModified\":\"2023-01-28T12:21:26+00:00\",\"mainEntityOfPage\":{\"@id\":\"https:\\\/\\\/www.meydan.tv\\\/az\\\/article\\\/polislerin-etinasiz-davranisi-neticesinde-heyat-yoldasimin-veziyyeti-pislesdi\\\/\"},\"wordCount\":680,\"publisher\":{\"@id\":\"https:\\\/\\\/www.meydan.tv\\\/az\\\/#organization\"},\"image\":{\"@id\":\"https:\\\/\\\/www.meydan.tv\\\/az\\\/article\\\/polislerin-etinasiz-davranisi-neticesinde-heyat-yoldasimin-veziyyeti-pislesdi\\\/#primaryimage\"},\"thumbnailUrl\":\"https:\\\/\\\/www.meydan.tv\\\/wp-content\\\/uploads\\\/img-20220318-wa0008.jpg\",\"articleSection\":[\"B\u00f6lg\u0259\",\"T\u00f6vsiy\u0259\",\"X\u0259b\u0259rl\u0259r\"],\"inLanguage\":\"az\"},{\"@type\":\"WebPage\",\"@id\":\"https:\\\/\\\/www.meydan.tv\\\/az\\\/article\\\/polislerin-etinasiz-davranisi-neticesinde-heyat-yoldasimin-veziyyeti-pislesdi\\\/\",\"url\":\"https:\\\/\\\/www.meydan.tv\\\/az\\\/article\\\/polislerin-etinasiz-davranisi-neticesinde-heyat-yoldasimin-veziyyeti-pislesdi\\\/\",\"name\":\"\u201cPolisl\u0259rin etinas\u0131z davran\u0131\u015f\u0131 n\u0259tic\u0259sind\u0259 h\u0259yat yolda\u015f\u0131m\u0131n v\u0259ziyy\u0259ti pisl\u0259\u015fdi\u201d - MEYDAN.TV\",\"isPartOf\":{\"@id\":\"https:\\\/\\\/www.meydan.tv\\\/az\\\/#website\"},\"primaryImageOfPage\":{\"@id\":\"https:\\\/\\\/www.meydan.tv\\\/az\\\/article\\\/polislerin-etinasiz-davranisi-neticesinde-heyat-yoldasimin-veziyyeti-pislesdi\\\/#primaryimage\"},\"image\":{\"@id\":\"https:\\\/\\\/www.meydan.tv\\\/az\\\/article\\\/polislerin-etinasiz-davranisi-neticesinde-heyat-yoldasimin-veziyyeti-pislesdi\\\/#primaryimage\"},\"thumbnailUrl\":\"https:\\\/\\\/www.meydan.tv\\\/wp-content\\\/uploads\\\/img-20220318-wa0008.jpg\",\"datePublished\":\"2023-01-28T12:21:22+00:00\",\"dateModified\":\"2023-01-28T12:21:26+00:00\",\"breadcrumb\":{\"@id\":\"https:\\\/\\\/www.meydan.tv\\\/az\\\/article\\\/polislerin-etinasiz-davranisi-neticesinde-heyat-yoldasimin-veziyyeti-pislesdi\\\/#breadcrumb\"},\"inLanguage\":\"az\",\"potentialAction\":[{\"@type\":\"ReadAction\",\"target\":[\"https:\\\/\\\/www.meydan.tv\\\/az\\\/article\\\/polislerin-etinasiz-davranisi-neticesinde-heyat-yoldasimin-veziyyeti-pislesdi\\\/\"]}]},{\"@type\":\"ImageObject\",\"inLanguage\":\"az\",\"@id\":\"https:\\\/\\\/www.meydan.tv\\\/az\\\/article\\\/polislerin-etinasiz-davranisi-neticesinde-heyat-yoldasimin-veziyyeti-pislesdi\\\/#primaryimage\",\"url\":\"https:\\\/\\\/www.meydan.tv\\\/wp-content\\\/uploads\\\/img-20220318-wa0008.jpg\",\"contentUrl\":\"https:\\\/\\\/www.meydan.tv\\\/wp-content\\\/uploads\\\/img-20220318-wa0008.jpg\",\"width\":1280,\"height\":720,\"caption\":\"D\u00f6vl\u0259t Yol Polisi. Foto: D\u0130N\"},{\"@type\":\"BreadcrumbList\",\"@id\":\"https:\\\/\\\/www.meydan.tv\\\/az\\\/article\\\/polislerin-etinasiz-davranisi-neticesinde-heyat-yoldasimin-veziyyeti-pislesdi\\\/#breadcrumb\",\"itemListElement\":[{\"@type\":\"ListItem\",\"position\":1,\"name\":\"Ana s\u0259hif\u0259\",\"item\":\"https:\\\/\\\/www.meydan.tv\\\/az\\\/\"},{\"@type\":\"ListItem\",\"position\":2,\"name\":\"B\u00f6lg\u0259\",\"item\":\"https:\\\/\\\/www.meydan.tv\\\/az\\\/section\\\/bolge\\\/\"},{\"@type\":\"ListItem\",\"position\":3,\"name\":\"\u201cPolisl\u0259rin etinas\u0131z davran\u0131\u015f\u0131 n\u0259tic\u0259sind\u0259 h\u0259yat yolda\u015f\u0131m\u0131n v\u0259ziyy\u0259ti pisl\u0259\u015fdi\u201d\"}]},{\"@type\":\"WebSite\",\"@id\":\"https:\\\/\\\/www.meydan.tv\\\/az\\\/#website\",\"url\":\"https:\\\/\\\/www.meydan.tv\\\/az\\\/\",\"name\":\"MEYDAN.TV\",\"description\":\"Meydan TV Az\u0259rbaycan\u0131n media m\u0259kan\u0131ndak\u0131 alternativ s\u0259sidir\",\"publisher\":{\"@id\":\"https:\\\/\\\/www.meydan.tv\\\/az\\\/#organization\"},\"potentialAction\":[{\"@type\":\"SearchAction\",\"target\":{\"@type\":\"EntryPoint\",\"urlTemplate\":\"https:\\\/\\\/www.meydan.tv\\\/az\\\/?s={search_term_string}\"},\"query-input\":{\"@type\":\"PropertyValueSpecification\",\"valueRequired\":true,\"valueName\":\"search_term_string\"}}],\"inLanguage\":\"az\"},{\"@type\":\"Organization\",\"@id\":\"https:\\\/\\\/www.meydan.tv\\\/az\\\/#organization\",\"name\":\"Meydan TV\",\"url\":\"https:\\\/\\\/www.meydan.tv\\\/az\\\/\",\"logo\":{\"@type\":\"ImageObject\",\"inLanguage\":\"az\",\"@id\":\"https:\\\/\\\/www.meydan.tv\\\/az\\\/#\\\/schema\\\/logo\\\/image\\\/\",\"url\":\"https:\\\/\\\/www.meydan.tv\\\/wp-content\\\/uploads\\\/2021\\\/07\\\/meydan-logo.svg\",\"contentUrl\":\"https:\\\/\\\/www.meydan.tv\\\/wp-content\\\/uploads\\\/2021\\\/07\\\/meydan-logo.svg\",\"width\":195,\"height\":46,\"caption\":\"Meydan TV\"},\"image\":{\"@id\":\"https:\\\/\\\/www.meydan.tv\\\/az\\\/#\\\/schema\\\/logo\\\/image\\\/\"}},{\"@type\":\"Person\",\"@id\":\"https:\\\/\\\/www.meydan.tv\\\/az\\\/#\\\/schema\\\/person\\\/9cdbecf90d17180ce1dfbd95b08dcf47\",\"name\":\"elli\",\"sameAs\":[\"https:\\\/\\\/x.com\\\/elli\"]}]}<\/script>\n<!-- \/ Yoast SEO plugin. -->","yoast_head_json":{"title":"\u201cPolisl\u0259rin etinas\u0131z davran\u0131\u015f\u0131 n\u0259tic\u0259sind\u0259 h\u0259yat yolda\u015f\u0131m\u0131n v\u0259ziyy\u0259ti pisl\u0259\u015fdi\u201d - MEYDAN.TV","robots":{"index":"index","follow":"follow","max-snippet":"max-snippet:-1","max-image-preview":"max-image-preview:large","max-video-preview":"max-video-preview:-1"},"canonical":"https:\/\/www.meydan.tv\/az\/article\/polislerin-etinasiz-davranisi-neticesinde-heyat-yoldasimin-veziyyeti-pislesdi\/","og_locale":"az_AZ","og_type":"article","og_title":"\u201cPolisl\u0259rin etinas\u0131z davran\u0131\u015f\u0131 n\u0259tic\u0259sind\u0259 h\u0259yat yolda\u015f\u0131m\u0131n v\u0259ziyy\u0259ti pisl\u0259\u015fdi\u201d - MEYDAN.TV","og_description":"Kamal \u018fzizov deyir ki, yol polisi onu he\u00e7 bir \u0259sas ... Davam\u0131","og_url":"https:\/\/www.meydan.tv\/az\/article\/polislerin-etinasiz-davranisi-neticesinde-heyat-yoldasimin-veziyyeti-pislesdi\/","og_site_name":"MEYDAN.TV","article_published_time":"2023-01-28T12:21:22+00:00","article_modified_time":"2023-01-28T12:21:26+00:00","og_image":[{"width":1280,"height":720,"url":"https:\/\/www.meydan.tv\/wp-content\/uploads\/img-20220318-wa0008.jpg","type":"image\/jpeg"}],"author":"elli","twitter_card":"summary_large_image","twitter_creator":"@elli","schema":{"@context":"https:\/\/schema.org","@graph":[{"@type":"Article","@id":"https:\/\/www.meydan.tv\/az\/article\/polislerin-etinasiz-davranisi-neticesinde-heyat-yoldasimin-veziyyeti-pislesdi\/#article","isPartOf":{"@id":"https:\/\/www.meydan.tv\/az\/article\/polislerin-etinasiz-davranisi-neticesinde-heyat-yoldasimin-veziyyeti-pislesdi\/"},"author":{"name":"elli","@id":"https:\/\/www.meydan.tv\/az\/#\/schema\/person\/9cdbecf90d17180ce1dfbd95b08dcf47"},"headline":"\u201cPolisl\u0259rin etinas\u0131z davran\u0131\u015f\u0131 n\u0259tic\u0259sind\u0259 h\u0259yat yolda\u015f\u0131m\u0131n v\u0259ziyy\u0259ti pisl\u0259\u015fdi\u201d","datePublished":"2023-01-28T12:21:22+00:00","dateModified":"2023-01-28T12:21:26+00:00","mainEntityOfPage":{"@id":"https:\/\/www.meydan.tv\/az\/article\/polislerin-etinasiz-davranisi-neticesinde-heyat-yoldasimin-veziyyeti-pislesdi\/"},"wordCount":680,"publisher":{"@id":"https:\/\/www.meydan.tv\/az\/#organization"},"image":{"@id":"https:\/\/www.meydan.tv\/az\/article\/polislerin-etinasiz-davranisi-neticesinde-heyat-yoldasimin-veziyyeti-pislesdi\/#primaryimage"},"thumbnailUrl":"https:\/\/www.meydan.tv\/wp-content\/uploads\/img-20220318-wa0008.jpg","articleSection":["B\u00f6lg\u0259","T\u00f6vsiy\u0259","X\u0259b\u0259rl\u0259r"],"inLanguage":"az"},{"@type":"WebPage","@id":"https:\/\/www.meydan.tv\/az\/article\/polislerin-etinasiz-davranisi-neticesinde-heyat-yoldasimin-veziyyeti-pislesdi\/","url":"https:\/\/www.meydan.tv\/az\/article\/polislerin-etinasiz-davranisi-neticesinde-heyat-yoldasimin-veziyyeti-pislesdi\/","name":"\u201cPolisl\u0259rin etinas\u0131z davran\u0131\u015f\u0131 n\u0259tic\u0259sind\u0259 h\u0259yat yolda\u015f\u0131m\u0131n v\u0259ziyy\u0259ti pisl\u0259\u015fdi\u201d - MEYDAN.TV","isPartOf":{"@id":"https:\/\/www.meydan.tv\/az\/#website"},"primaryImageOfPage":{"@id":"https:\/\/www.meydan.tv\/az\/article\/polislerin-etinasiz-davranisi-neticesinde-heyat-yoldasimin-veziyyeti-pislesdi\/#primaryimage"},"image":{"@id":"https:\/\/www.meydan.tv\/az\/article\/polislerin-etinasiz-davranisi-neticesinde-heyat-yoldasimin-veziyyeti-pislesdi\/#primaryimage"},"thumbnailUrl":"https:\/\/www.meydan.tv\/wp-content\/uploads\/img-20220318-wa0008.jpg","datePublished":"2023-01-28T12:21:22+00:00","dateModified":"2023-01-28T12:21:26+00:00","breadcrumb":{"@id":"https:\/\/www.meydan.tv\/az\/article\/polislerin-etinasiz-davranisi-neticesinde-heyat-yoldasimin-veziyyeti-pislesdi\/#breadcrumb"},"inLanguage":"az","potentialAction":[{"@type":"ReadAction","target":["https:\/\/www.meydan.tv\/az\/article\/polislerin-etinasiz-davranisi-neticesinde-heyat-yoldasimin-veziyyeti-pislesdi\/"]}]},{"@type":"ImageObject","inLanguage":"az","@id":"https:\/\/www.meydan.tv\/az\/article\/polislerin-etinasiz-davranisi-neticesinde-heyat-yoldasimin-veziyyeti-pislesdi\/#primaryimage","url":"https:\/\/www.meydan.tv\/wp-content\/uploads\/img-20220318-wa0008.jpg","contentUrl":"https:\/\/www.meydan.tv\/wp-content\/uploads\/img-20220318-wa0008.jpg","width":1280,"height":720,"caption":"D\u00f6vl\u0259t Yol Polisi. Foto: D\u0130N"},{"@type":"BreadcrumbList","@id":"https:\/\/www.meydan.tv\/az\/article\/polislerin-etinasiz-davranisi-neticesinde-heyat-yoldasimin-veziyyeti-pislesdi\/#breadcrumb","itemListElement":[{"@type":"ListItem","position":1,"name":"Ana s\u0259hif\u0259","item":"https:\/\/www.meydan.tv\/az\/"},{"@type":"ListItem","position":2,"name":"B\u00f6lg\u0259","item":"https:\/\/www.meydan.tv\/az\/section\/bolge\/"},{"@type":"ListItem","position":3,"name":"\u201cPolisl\u0259rin etinas\u0131z davran\u0131\u015f\u0131 n\u0259tic\u0259sind\u0259 h\u0259yat yolda\u015f\u0131m\u0131n v\u0259ziyy\u0259ti pisl\u0259\u015fdi\u201d"}]},{"@type":"WebSite","@id":"https:\/\/www.meydan.tv\/az\/#website","url":"https:\/\/www.meydan.tv\/az\/","name":"MEYDAN.TV","description":"Meydan TV Az\u0259rbaycan\u0131n media m\u0259kan\u0131ndak\u0131 alternativ s\u0259sidir","publisher":{"@id":"https:\/\/www.meydan.tv\/az\/#organization"},"potentialAction":[{"@type":"SearchAction","target":{"@type":"EntryPoint","urlTemplate":"https:\/\/www.meydan.tv\/az\/?s={search_term_string}"},"query-input":{"@type":"PropertyValueSpecification","valueRequired":true,"valueName":"search_term_string"}}],"inLanguage":"az"},{"@type":"Organization","@id":"https:\/\/www.meydan.tv\/az\/#organization","name":"Meydan TV","url":"https:\/\/www.meydan.tv\/az\/","logo":{"@type":"ImageObject","inLanguage":"az","@id":"https:\/\/www.meydan.tv\/az\/#\/schema\/logo\/image\/","url":"https:\/\/www.meydan.tv\/wp-content\/uploads\/2021\/07\/meydan-logo.svg","contentUrl":"https:\/\/www.meydan.tv\/wp-content\/uploads\/2021\/07\/meydan-logo.svg","width":195,"height":46,"caption":"Meydan TV"},"image":{"@id":"https:\/\/www.meydan.tv\/az\/#\/schema\/logo\/image\/"}},{"@type":"Person","@id":"https:\/\/www.meydan.tv\/az\/#\/schema\/person\/9cdbecf90d17180ce1dfbd95b08dcf47","name":"elli","sameAs":["https:\/\/x.com\/elli"]}]}},"_links":{"self":[{"href":"https:\/\/www.meydan.tv\/az\/wp-json\/wp\/v2\/posts\/266930","targetHints":{"allow":["GET"]}}],"collection":[{"href":"https:\/\/www.meydan.tv\/az\/wp-json\/wp\/v2\/posts"}],"about":[{"href":"https:\/\/www.meydan.tv\/az\/wp-json\/wp\/v2\/types\/post"}],"author":[{"embeddable":true,"href":"https:\/\/www.meydan.tv\/az\/wp-json\/wp\/v2\/users\/8"}],"replies":[{"embeddable":true,"href":"https:\/\/www.meydan.tv\/az\/wp-json\/wp\/v2\/comments?post=266930"}],"version-history":[{"count":1,"href":"https:\/\/www.meydan.tv\/az\/wp-json\/wp\/v2\/posts\/266930\/revisions"}],"predecessor-version":[{"id":266931,"href":"https:\/\/www.meydan.tv\/az\/wp-json\/wp\/v2\/posts\/266930\/revisions\/266931"}],"wp:featuredmedia":[{"embeddable":true,"href":"https:\/\/www.meydan.tv\/az\/wp-json\/wp\/v2\/media\/239402"}],"wp:attachment":[{"href":"https:\/\/www.meydan.tv\/az\/wp-json\/wp\/v2\/media?parent=266930"}],"wp:term":[{"taxonomy":"category","embeddable":true,"href":"https:\/\/www.meydan.tv\/az\/wp-json\/wp\/v2\/categories?post=266930"},{"taxonomy":"post_tag","embeddable":true,"href":"https:\/\/www.meydan.tv\/az\/wp-json\/wp\/v2\/tags?post=266930"}],"curies":[{"name":"wp","href":"https:\/\/api.w.org\/{rel}","templated":true}]}}