{"id":266906,"date":"2023-01-27T21:28:52","date_gmt":"2023-01-27T17:28:52","guid":{"rendered":"https:\/\/www.meydan.tv\/?p=266906"},"modified":"2023-01-27T21:30:31","modified_gmt":"2023-01-27T17:30:31","slug":"neftcala-sakini-prezident-efv-eleyibse-daha-bunlar-ne-isteyir-menden","status":"publish","type":"post","link":"https:\/\/www.meydan.tv\/az\/article\/neftcala-sakini-prezident-efv-eleyibse-daha-bunlar-ne-isteyir-menden\/","title":{"rendered":"<strong>Neft\u00e7ala sakini: \u201cPrezident \u0259fv el\u0259yibs\u0259, daha bunlar n\u0259 ist\u0259yir m\u0259nd\u0259n?\u201d<\/strong>"},"content":{"rendered":"\n<p><\/p>\n\n\n\n<p><em>B\u0259hruz \u018fliyev deyir ki, h\u00f6kmd\u0259ki \u0259lav\u0259 c\u0259za aradan qald\u0131r\u0131lm\u0131r<\/em><\/p>\n\n\n\n<p>Neft\u00e7ala sakini B\u0259hruz \u018fliyev deyir ki, 4 il h\u0259bs h\u0259yat\u0131 ya\u015fay\u0131b.<\/p>\n\n\n\n<p>O, 2022-ci ilin may\u0131nda \u0259fv s\u0259r\u0259ncam\u0131yla azadl\u0131\u011fa burax\u0131l\u0131b.<\/p>\n\n\n\n<p>Onun s\u00f6zl\u0259rin\u0259 g\u00f6r\u0259, prezidentin onu \u0259fv etm\u0259sin\u0259 baxmayaraq, d\u00f6vl\u0259t orqanlar\u0131 h\u00f6kmd\u0259ki \u0259lav\u0259 c\u0259zan\u0131 aradan qald\u0131rmaq ist\u0259mir.<\/p>\n\n\n\n<p><strong>\u201cN\u0259y\u0259 \u0259saslan\u0131b m\u0259n\u0259 mane\u0259 yarad\u0131rlar, ba\u015fa d\u00fc\u015fm\u00fcr\u0259m\u201d<\/strong><\/p>\n\n\n\n<p>38 ya\u015fl\u0131 B\u0259hruz \u018fliyev \u201c<a target=\"_blank\" href=\"http:\/\/nia.az\/\" rel=\"noreferrer noopener\">nia.az<\/a>\u201d sayt\u0131n\u0131n (\u201cNeytral\u201d informasiya agentliyi) r\u0259hb\u0259ri olub.<\/p>\n\n\n\n<p>Bu sayt 2012-ci ild\u0259 yarad\u0131l\u0131b.<\/p>\n\n\n\n<p>R\u0259hb\u0259ri is\u0259 2018-ci il may\u0131n 30-da Cinay\u0259t M\u0259c\u0259ll\u0259sinin 311.3.2 (t\u0259krar r\u00fc\u015fv\u0259t alma) v\u0259 311.3.4 (h\u0259d\u0259-qorxu il\u0259 r\u00fc\u015fv\u0259t alma) madd\u0259l\u0259ril\u0259 h\u0259bs olunub.<\/p>\n\n\n\n<p>El\u0259 h\u0259min ilin noyabr\u0131nda is\u0259 L\u0259nk\u0259ran A\u011f\u0131r Cinay\u0259tl\u0259r M\u0259hk\u0259m\u0259sinin h\u00f6km\u00fcyl\u0259 bu ittihamlarla 8 il 6 ay azadl\u0131qdan m\u0259hrum edilib.<\/p>\n\n\n\n<p>H\u00f6km\u0259 \u0259sas\u0259n, ona bununla yana\u015f\u0131, \u0259lav\u0259 c\u0259za da t\u0259yin edilib.<\/p>\n\n\n\n<p>O, iki il \u0259rzind\u0259 d\u00f6vl\u0259t v\u0259 yerli \u00f6z\u00fcn\u00fcidar\u0259 orqanlar\u0131nda maddi-m\u0259sul v\u0259zif\u0259 tuta, jurnalistika f\u0259aliyy\u0259til\u0259 d\u0259 m\u0259\u015f\u011ful ola bilm\u0259z.<\/p>\n\n\n\n<p>B\u0259hruz \u018fliyevin s\u00f6zl\u0259rin\u0259 g\u00f6r\u0259, prezidentin 27 may 2022-ci il tarixli \u0259fv s\u0259r\u0259ncam\u0131yla azadl\u0131\u011fa burax\u0131landan az sonra Neft\u00e7ala Rayon Probasiya \u015f\u00f6b\u0259sin\u0259 \u00e7a\u011f\u0131r\u0131l\u0131b.<\/p>\n\n\n\n<figure class=\"wp-block-image size-large\"><img decoding=\"async\" width=\"743\" height=\"821\" data-src=\"https:\/\/www.meydan.tv\/wp-content\/uploads\/3-5-743x821.jpg\" alt=\"\" class=\"wp-image-266910 lazyload\" src=\"data:image\/svg+xml;base64,PHN2ZyB3aWR0aD0iMSIgaGVpZ2h0PSIxIiB4bWxucz0iaHR0cDovL3d3dy53My5vcmcvMjAwMC9zdmciPjwvc3ZnPg==\" style=\"--smush-placeholder-width: 743px; --smush-placeholder-aspect-ratio: 743\/821;\" \/><\/figure>\n\n\n\n<p>Ona jurnalistika f\u0259aliyy\u0259til\u0259 m\u0259\u015f\u011ful ola bilm\u0259y\u0259c\u0259yi deyilib, h\u00f6kmd\u0259 bununla ba\u011fl\u0131 qada\u011fa oldu\u011fu xat\u0131rlad\u0131l\u0131b:<\/p>\n\n\n\n<p>\u201cM\u0259n is\u0259 bildirdim ki, jurnalistika lisenziya, x\u00fcsusi icaz\u0259 il\u0259 m\u0259\u015f\u011ful olmal\u0131 pe\u015f\u0259 deyil. \u0130kincisi, m\u0259n \u0259fv olunmu\u015fam, dem\u0259li, haqq\u0131mdak\u0131 c\u0259za da q\u00fcvv\u0259sini itirib. Ax\u0131 \u0259fv s\u0259r\u0259ncam\u0131nda yoxdur ki, m\u0259niml\u0259 ba\u011fl\u0131 h\u00f6km\u00fcn azadl\u0131qdan m\u0259hrumetm\u0259 hiss\u0259si ba\u011f\u0131\u015flan\u0131r, \u0259lav\u0259 c\u0259za hiss\u0259si yox. Bel\u0259 olan halda, n\u0259y\u0259 \u0259saslan\u0131b, m\u0259n\u0259 mane\u0259 yarad\u0131rlar, ba\u015fa d\u00fc\u015fm\u00fcr\u0259m. Prezident \u0259fv el\u0259yibs\u0259, daha bunlar n\u0259 ist\u0259yir?\u201d<\/p>\n\n\n\n<p><strong>\u201cSOCAR haqq\u0131nda yaz\u0131lar\u0131 saytdan silm\u0259diyim\u0259 g\u00f6r\u0259 h\u0259bs olunmu\u015fdum\u201d<\/strong><\/p>\n\n\n\n<p>R\u00fc\u015fv\u0259t ittiham\u0131n\u0131 da q\u0259bul etm\u0259diyini dey\u0259n B\u0259hruz \u018fliyev vur\u011fulay\u0131b ki, o, sifari\u015fl\u0259 h\u0259bs olunmu\u015fdu.<\/p>\n\n\n\n<p>Deyir ki, \u0259sas s\u0259b\u0259b is\u0259 vaxtil\u0259 r\u0259hb\u0259rlik etdiyi saytda D\u00f6vl\u0259t Neft \u015eirk\u0259ti (SOCAR) haqq\u0131nda yay\u0131mlanan materiallar\u0131 silm\u0259k haqda Prezident Administrasiyas\u0131ndan g\u0259l\u0259n g\u00f6st\u0259ri\u015fi yerin\u0259 yetirm\u0259m\u0259si olmu\u015fdu:<\/p>\n\n\n\n<p>\u201cSOCAR haqq\u0131nda yaz\u0131lar\u0131m\u0131 silm\u0259diyim\u0259 g\u00f6r\u0259 m\u0259ni sifari\u015fl\u0259 h\u0259bs etdirmi\u015fdil\u0259r. R\u00fc\u015fv\u0259t ittiham\u0131 bo\u015f s\u00f6hb\u0259t idi. M\u0259hk\u0259m\u0259 prosesind\u0259 bu dedikl\u0259rimi s\u00fcbut el\u0259dim. Prezident Administrasiyas\u0131n\u0131n m\u0259sul adam\u0131ndan m\u0259n\u0259 g\u0259l\u0259n telefon z\u0259ngl\u0259ri, mesajlar \u2013 bunlar\u0131n ham\u0131s\u0131 s\u00fcbutlar idi. O vaxt da f\u0259aliyy\u0259tim\u0259 g\u00f6r\u0259 h\u0259bs olunmu\u015fdum, indi d\u0259 imkan verilmir\u201d.<\/p>\n\n\n\n<p><strong>\u018fdliyy\u0259 Nazirliyi m\u00fcraci\u0259ti y\u00f6nl\u0259ndirib&#8230;<\/strong><\/p>\n\n\n\n<p>B\u0259hruz \u018fliyev 2018-ci ild\u0259 m\u0259hk\u0259m\u0259 h\u00f6km\u00fcyl\u0259 ona verilmi\u015f \u0259lav\u0259 c\u0259zan\u0131n aradan qald\u0131r\u0131lmas\u0131yla ba\u011fl\u0131 m\u0259s\u0259l\u0259nin h\u0259lli \u00fc\u00e7\u00fcn \u018fdliyy\u0259 Nazirliyinin Probasiya Xidm\u0259tin\u0259 m\u00fcraci\u0259t edib.<\/p>\n\n\n\n<figure class=\"wp-block-image size-large\"><img decoding=\"async\" width=\"616\" height=\"821\" data-src=\"https:\/\/www.meydan.tv\/wp-content\/uploads\/2-6-616x821.jpg\" alt=\"\" class=\"wp-image-266913 lazyload\" src=\"data:image\/svg+xml;base64,PHN2ZyB3aWR0aD0iMSIgaGVpZ2h0PSIxIiB4bWxucz0iaHR0cDovL3d3dy53My5vcmcvMjAwMC9zdmciPjwvc3ZnPg==\" style=\"--smush-placeholder-width: 616px; --smush-placeholder-aspect-ratio: 616\/821;\" \/><\/figure>\n\n\n\n<p>Bu qurum is\u0259 onun m\u00fcraci\u0259tini \u015eirvan Regional \u018fdliyy\u0259 \u0130dar\u0259sin\u0259 y\u00f6nl\u0259ndirib.<\/p>\n\n\n\n<p>B\u0259hruz \u018fliyev deyir ki, \u0259riz\u0259sinin bu quruma y\u00f6nl\u0259ndirilm\u0259sind\u0259n 4 aydan \u00e7ox vaxt ke\u00e7s\u0259 d\u0259, ortada he\u00e7 bir n\u0259tic\u0259 yoxdur.<\/p>\n\n\n\n<p>Meydan TV-nin d\u0259 B\u0259hruz \u018fliyevl\u0259 ba\u011fl\u0131 bu quruma \u00fcnvanlad\u0131\u011f\u0131 suallar cavabs\u0131z qal\u0131b.<\/p>\n\n\n\n<p><\/p>\n","protected":false},"excerpt":{"rendered":"<p>B\u0259hruz \u018fliyev deyir ki, h\u00f6kmd\u0259ki \u0259lav\u0259 c\u0259za aradan qald\u0131r\u0131lm\u0131r Neft\u00e7ala &#8230; <\/p>\n<p class=\"read-more-container\"><a title=\"Neft\u00e7ala sakini: \u201cPrezident \u0259fv el\u0259yibs\u0259, daha bunlar n\u0259 ist\u0259yir m\u0259nd\u0259n?\u201d\" class=\"read-more button\" href=\"https:\/\/www.meydan.tv\/az\/article\/neftcala-sakini-prezident-efv-eleyibse-daha-bunlar-ne-isteyir-menden\/#more-266906\" aria-label=\"Read more about Neft\u00e7ala sakini: \u201cPrezident \u0259fv el\u0259yibs\u0259, daha bunlar n\u0259 ist\u0259yir m\u0259nd\u0259n?\u201d\">Davam\u0131<\/a><\/p>\n","protected":false},"author":8,"featured_media":266907,"comment_status":"closed","ping_status":"closed","sticky":false,"template":"","format":"standard","meta":{"_acf_changed":false,"_sitemap_exclude":false,"_sitemap_priority":"","_sitemap_frequency":"","footnotes":""},"categories":[60,56],"tags":[],"class_list":["post-266906","post","type-post","status-publish","format-standard","has-post-thumbnail","hentry","category-bolge","category-xeberler","infinite-scroll-item","generate-columns","tablet-grid-50","mobile-grid-100","grid-parent","grid-33","no-featured-image-padding"],"acf":[],"yoast_head":"<!-- This site is optimized with the Yoast SEO plugin v27.5 - https:\/\/yoast.com\/product\/yoast-seo-wordpress\/ -->\n<title>Neft\u00e7ala sakini: \u201cPrezident \u0259fv el\u0259yibs\u0259, daha bunlar n\u0259 ist\u0259yir m\u0259nd\u0259n?\u201d - MEYDAN.TV<\/title>\n<meta name=\"robots\" content=\"index, follow, max-snippet:-1, max-image-preview:large, max-video-preview:-1\" \/>\n<link rel=\"canonical\" href=\"https:\/\/www.meydan.tv\/az\/article\/neftcala-sakini-prezident-efv-eleyibse-daha-bunlar-ne-isteyir-menden\/\" \/>\n<meta property=\"og:locale\" content=\"az_AZ\" \/>\n<meta property=\"og:type\" content=\"article\" \/>\n<meta property=\"og:title\" content=\"Neft\u00e7ala sakini: \u201cPrezident \u0259fv el\u0259yibs\u0259, daha bunlar n\u0259 ist\u0259yir m\u0259nd\u0259n?\u201d - MEYDAN.TV\" \/>\n<meta property=\"og:description\" content=\"B\u0259hruz \u018fliyev deyir ki, h\u00f6kmd\u0259ki \u0259lav\u0259 c\u0259za aradan qald\u0131r\u0131lm\u0131r Neft\u00e7ala ... Davam\u0131\" \/>\n<meta property=\"og:url\" content=\"https:\/\/www.meydan.tv\/az\/article\/neftcala-sakini-prezident-efv-eleyibse-daha-bunlar-ne-isteyir-menden\/\" \/>\n<meta property=\"og:site_name\" content=\"MEYDAN.TV\" \/>\n<meta property=\"article:published_time\" content=\"2023-01-27T17:28:52+00:00\" \/>\n<meta property=\"article:modified_time\" content=\"2023-01-27T17:30:31+00:00\" \/>\n<meta property=\"og:image\" content=\"https:\/\/www.meydan.tv\/wp-content\/uploads\/untitled-design-9-20-e1674840622973.jpg\" \/>\n\t<meta property=\"og:image:width\" content=\"1200\" \/>\n\t<meta property=\"og:image:height\" content=\"657\" \/>\n\t<meta property=\"og:image:type\" content=\"image\/jpeg\" \/>\n<meta name=\"author\" content=\"elli\" \/>\n<meta name=\"twitter:card\" content=\"summary_large_image\" \/>\n<meta name=\"twitter:creator\" content=\"@elli\" \/>\n<script type=\"application\/ld+json\" class=\"yoast-schema-graph\">{\"@context\":\"https:\\\/\\\/schema.org\",\"@graph\":[{\"@type\":\"Article\",\"@id\":\"https:\\\/\\\/www.meydan.tv\\\/az\\\/article\\\/neftcala-sakini-prezident-efv-eleyibse-daha-bunlar-ne-isteyir-menden\\\/#article\",\"isPartOf\":{\"@id\":\"https:\\\/\\\/www.meydan.tv\\\/az\\\/article\\\/neftcala-sakini-prezident-efv-eleyibse-daha-bunlar-ne-isteyir-menden\\\/\"},\"author\":{\"name\":\"elli\",\"@id\":\"https:\\\/\\\/www.meydan.tv\\\/az\\\/#\\\/schema\\\/person\\\/9cdbecf90d17180ce1dfbd95b08dcf47\"},\"headline\":\"Neft\u00e7ala sakini: \u201cPrezident \u0259fv el\u0259yibs\u0259, daha bunlar n\u0259 ist\u0259yir m\u0259nd\u0259n?\u201d\",\"datePublished\":\"2023-01-27T17:28:52+00:00\",\"dateModified\":\"2023-01-27T17:30:31+00:00\",\"mainEntityOfPage\":{\"@id\":\"https:\\\/\\\/www.meydan.tv\\\/az\\\/article\\\/neftcala-sakini-prezident-efv-eleyibse-daha-bunlar-ne-isteyir-menden\\\/\"},\"wordCount\":657,\"publisher\":{\"@id\":\"https:\\\/\\\/www.meydan.tv\\\/az\\\/#organization\"},\"image\":{\"@id\":\"https:\\\/\\\/www.meydan.tv\\\/az\\\/article\\\/neftcala-sakini-prezident-efv-eleyibse-daha-bunlar-ne-isteyir-menden\\\/#primaryimage\"},\"thumbnailUrl\":\"https:\\\/\\\/www.meydan.tv\\\/wp-content\\\/uploads\\\/untitled-design-9-20-e1674840622973.jpg\",\"articleSection\":[\"B\u00f6lg\u0259\",\"X\u0259b\u0259rl\u0259r\"],\"inLanguage\":\"az\"},{\"@type\":\"WebPage\",\"@id\":\"https:\\\/\\\/www.meydan.tv\\\/az\\\/article\\\/neftcala-sakini-prezident-efv-eleyibse-daha-bunlar-ne-isteyir-menden\\\/\",\"url\":\"https:\\\/\\\/www.meydan.tv\\\/az\\\/article\\\/neftcala-sakini-prezident-efv-eleyibse-daha-bunlar-ne-isteyir-menden\\\/\",\"name\":\"Neft\u00e7ala sakini: \u201cPrezident \u0259fv el\u0259yibs\u0259, daha bunlar n\u0259 ist\u0259yir m\u0259nd\u0259n?\u201d - MEYDAN.TV\",\"isPartOf\":{\"@id\":\"https:\\\/\\\/www.meydan.tv\\\/az\\\/#website\"},\"primaryImageOfPage\":{\"@id\":\"https:\\\/\\\/www.meydan.tv\\\/az\\\/article\\\/neftcala-sakini-prezident-efv-eleyibse-daha-bunlar-ne-isteyir-menden\\\/#primaryimage\"},\"image\":{\"@id\":\"https:\\\/\\\/www.meydan.tv\\\/az\\\/article\\\/neftcala-sakini-prezident-efv-eleyibse-daha-bunlar-ne-isteyir-menden\\\/#primaryimage\"},\"thumbnailUrl\":\"https:\\\/\\\/www.meydan.tv\\\/wp-content\\\/uploads\\\/untitled-design-9-20-e1674840622973.jpg\",\"datePublished\":\"2023-01-27T17:28:52+00:00\",\"dateModified\":\"2023-01-27T17:30:31+00:00\",\"breadcrumb\":{\"@id\":\"https:\\\/\\\/www.meydan.tv\\\/az\\\/article\\\/neftcala-sakini-prezident-efv-eleyibse-daha-bunlar-ne-isteyir-menden\\\/#breadcrumb\"},\"inLanguage\":\"az\",\"potentialAction\":[{\"@type\":\"ReadAction\",\"target\":[\"https:\\\/\\\/www.meydan.tv\\\/az\\\/article\\\/neftcala-sakini-prezident-efv-eleyibse-daha-bunlar-ne-isteyir-menden\\\/\"]}]},{\"@type\":\"ImageObject\",\"inLanguage\":\"az\",\"@id\":\"https:\\\/\\\/www.meydan.tv\\\/az\\\/article\\\/neftcala-sakini-prezident-efv-eleyibse-daha-bunlar-ne-isteyir-menden\\\/#primaryimage\",\"url\":\"https:\\\/\\\/www.meydan.tv\\\/wp-content\\\/uploads\\\/untitled-design-9-20-e1674840622973.jpg\",\"contentUrl\":\"https:\\\/\\\/www.meydan.tv\\\/wp-content\\\/uploads\\\/untitled-design-9-20-e1674840622973.jpg\",\"width\":1200,\"height\":657,\"caption\":\"B\u0259hruz \u018fliyev. Foto: Meydan TV\"},{\"@type\":\"BreadcrumbList\",\"@id\":\"https:\\\/\\\/www.meydan.tv\\\/az\\\/article\\\/neftcala-sakini-prezident-efv-eleyibse-daha-bunlar-ne-isteyir-menden\\\/#breadcrumb\",\"itemListElement\":[{\"@type\":\"ListItem\",\"position\":1,\"name\":\"Ana s\u0259hif\u0259\",\"item\":\"https:\\\/\\\/www.meydan.tv\\\/az\\\/\"},{\"@type\":\"ListItem\",\"position\":2,\"name\":\"B\u00f6lg\u0259\",\"item\":\"https:\\\/\\\/www.meydan.tv\\\/az\\\/section\\\/bolge\\\/\"},{\"@type\":\"ListItem\",\"position\":3,\"name\":\"Neft\u00e7ala sakini: \u201cPrezident \u0259fv el\u0259yibs\u0259, daha bunlar n\u0259 ist\u0259yir m\u0259nd\u0259n?\u201d\"}]},{\"@type\":\"WebSite\",\"@id\":\"https:\\\/\\\/www.meydan.tv\\\/az\\\/#website\",\"url\":\"https:\\\/\\\/www.meydan.tv\\\/az\\\/\",\"name\":\"MEYDAN.TV\",\"description\":\"Meydan TV Az\u0259rbaycan\u0131n media m\u0259kan\u0131ndak\u0131 alternativ s\u0259sidir\",\"publisher\":{\"@id\":\"https:\\\/\\\/www.meydan.tv\\\/az\\\/#organization\"},\"potentialAction\":[{\"@type\":\"SearchAction\",\"target\":{\"@type\":\"EntryPoint\",\"urlTemplate\":\"https:\\\/\\\/www.meydan.tv\\\/az\\\/?s={search_term_string}\"},\"query-input\":{\"@type\":\"PropertyValueSpecification\",\"valueRequired\":true,\"valueName\":\"search_term_string\"}}],\"inLanguage\":\"az\"},{\"@type\":\"Organization\",\"@id\":\"https:\\\/\\\/www.meydan.tv\\\/az\\\/#organization\",\"name\":\"Meydan TV\",\"url\":\"https:\\\/\\\/www.meydan.tv\\\/az\\\/\",\"logo\":{\"@type\":\"ImageObject\",\"inLanguage\":\"az\",\"@id\":\"https:\\\/\\\/www.meydan.tv\\\/az\\\/#\\\/schema\\\/logo\\\/image\\\/\",\"url\":\"https:\\\/\\\/www.meydan.tv\\\/wp-content\\\/uploads\\\/2021\\\/07\\\/meydan-logo.svg\",\"contentUrl\":\"https:\\\/\\\/www.meydan.tv\\\/wp-content\\\/uploads\\\/2021\\\/07\\\/meydan-logo.svg\",\"width\":195,\"height\":46,\"caption\":\"Meydan TV\"},\"image\":{\"@id\":\"https:\\\/\\\/www.meydan.tv\\\/az\\\/#\\\/schema\\\/logo\\\/image\\\/\"}},{\"@type\":\"Person\",\"@id\":\"https:\\\/\\\/www.meydan.tv\\\/az\\\/#\\\/schema\\\/person\\\/9cdbecf90d17180ce1dfbd95b08dcf47\",\"name\":\"elli\",\"sameAs\":[\"https:\\\/\\\/x.com\\\/elli\"]}]}<\/script>\n<!-- \/ Yoast SEO plugin. -->","yoast_head_json":{"title":"Neft\u00e7ala sakini: \u201cPrezident \u0259fv el\u0259yibs\u0259, daha bunlar n\u0259 ist\u0259yir m\u0259nd\u0259n?\u201d - MEYDAN.TV","robots":{"index":"index","follow":"follow","max-snippet":"max-snippet:-1","max-image-preview":"max-image-preview:large","max-video-preview":"max-video-preview:-1"},"canonical":"https:\/\/www.meydan.tv\/az\/article\/neftcala-sakini-prezident-efv-eleyibse-daha-bunlar-ne-isteyir-menden\/","og_locale":"az_AZ","og_type":"article","og_title":"Neft\u00e7ala sakini: \u201cPrezident \u0259fv el\u0259yibs\u0259, daha bunlar n\u0259 ist\u0259yir m\u0259nd\u0259n?\u201d - MEYDAN.TV","og_description":"B\u0259hruz \u018fliyev deyir ki, h\u00f6kmd\u0259ki \u0259lav\u0259 c\u0259za aradan qald\u0131r\u0131lm\u0131r Neft\u00e7ala ... Davam\u0131","og_url":"https:\/\/www.meydan.tv\/az\/article\/neftcala-sakini-prezident-efv-eleyibse-daha-bunlar-ne-isteyir-menden\/","og_site_name":"MEYDAN.TV","article_published_time":"2023-01-27T17:28:52+00:00","article_modified_time":"2023-01-27T17:30:31+00:00","og_image":[{"width":1200,"height":657,"url":"https:\/\/www.meydan.tv\/wp-content\/uploads\/untitled-design-9-20-e1674840622973.jpg","type":"image\/jpeg"}],"author":"elli","twitter_card":"summary_large_image","twitter_creator":"@elli","schema":{"@context":"https:\/\/schema.org","@graph":[{"@type":"Article","@id":"https:\/\/www.meydan.tv\/az\/article\/neftcala-sakini-prezident-efv-eleyibse-daha-bunlar-ne-isteyir-menden\/#article","isPartOf":{"@id":"https:\/\/www.meydan.tv\/az\/article\/neftcala-sakini-prezident-efv-eleyibse-daha-bunlar-ne-isteyir-menden\/"},"author":{"name":"elli","@id":"https:\/\/www.meydan.tv\/az\/#\/schema\/person\/9cdbecf90d17180ce1dfbd95b08dcf47"},"headline":"Neft\u00e7ala sakini: \u201cPrezident \u0259fv el\u0259yibs\u0259, daha bunlar n\u0259 ist\u0259yir m\u0259nd\u0259n?\u201d","datePublished":"2023-01-27T17:28:52+00:00","dateModified":"2023-01-27T17:30:31+00:00","mainEntityOfPage":{"@id":"https:\/\/www.meydan.tv\/az\/article\/neftcala-sakini-prezident-efv-eleyibse-daha-bunlar-ne-isteyir-menden\/"},"wordCount":657,"publisher":{"@id":"https:\/\/www.meydan.tv\/az\/#organization"},"image":{"@id":"https:\/\/www.meydan.tv\/az\/article\/neftcala-sakini-prezident-efv-eleyibse-daha-bunlar-ne-isteyir-menden\/#primaryimage"},"thumbnailUrl":"https:\/\/www.meydan.tv\/wp-content\/uploads\/untitled-design-9-20-e1674840622973.jpg","articleSection":["B\u00f6lg\u0259","X\u0259b\u0259rl\u0259r"],"inLanguage":"az"},{"@type":"WebPage","@id":"https:\/\/www.meydan.tv\/az\/article\/neftcala-sakini-prezident-efv-eleyibse-daha-bunlar-ne-isteyir-menden\/","url":"https:\/\/www.meydan.tv\/az\/article\/neftcala-sakini-prezident-efv-eleyibse-daha-bunlar-ne-isteyir-menden\/","name":"Neft\u00e7ala sakini: \u201cPrezident \u0259fv el\u0259yibs\u0259, daha bunlar n\u0259 ist\u0259yir m\u0259nd\u0259n?\u201d - MEYDAN.TV","isPartOf":{"@id":"https:\/\/www.meydan.tv\/az\/#website"},"primaryImageOfPage":{"@id":"https:\/\/www.meydan.tv\/az\/article\/neftcala-sakini-prezident-efv-eleyibse-daha-bunlar-ne-isteyir-menden\/#primaryimage"},"image":{"@id":"https:\/\/www.meydan.tv\/az\/article\/neftcala-sakini-prezident-efv-eleyibse-daha-bunlar-ne-isteyir-menden\/#primaryimage"},"thumbnailUrl":"https:\/\/www.meydan.tv\/wp-content\/uploads\/untitled-design-9-20-e1674840622973.jpg","datePublished":"2023-01-27T17:28:52+00:00","dateModified":"2023-01-27T17:30:31+00:00","breadcrumb":{"@id":"https:\/\/www.meydan.tv\/az\/article\/neftcala-sakini-prezident-efv-eleyibse-daha-bunlar-ne-isteyir-menden\/#breadcrumb"},"inLanguage":"az","potentialAction":[{"@type":"ReadAction","target":["https:\/\/www.meydan.tv\/az\/article\/neftcala-sakini-prezident-efv-eleyibse-daha-bunlar-ne-isteyir-menden\/"]}]},{"@type":"ImageObject","inLanguage":"az","@id":"https:\/\/www.meydan.tv\/az\/article\/neftcala-sakini-prezident-efv-eleyibse-daha-bunlar-ne-isteyir-menden\/#primaryimage","url":"https:\/\/www.meydan.tv\/wp-content\/uploads\/untitled-design-9-20-e1674840622973.jpg","contentUrl":"https:\/\/www.meydan.tv\/wp-content\/uploads\/untitled-design-9-20-e1674840622973.jpg","width":1200,"height":657,"caption":"B\u0259hruz \u018fliyev. Foto: Meydan TV"},{"@type":"BreadcrumbList","@id":"https:\/\/www.meydan.tv\/az\/article\/neftcala-sakini-prezident-efv-eleyibse-daha-bunlar-ne-isteyir-menden\/#breadcrumb","itemListElement":[{"@type":"ListItem","position":1,"name":"Ana s\u0259hif\u0259","item":"https:\/\/www.meydan.tv\/az\/"},{"@type":"ListItem","position":2,"name":"B\u00f6lg\u0259","item":"https:\/\/www.meydan.tv\/az\/section\/bolge\/"},{"@type":"ListItem","position":3,"name":"Neft\u00e7ala sakini: \u201cPrezident \u0259fv el\u0259yibs\u0259, daha bunlar n\u0259 ist\u0259yir m\u0259nd\u0259n?\u201d"}]},{"@type":"WebSite","@id":"https:\/\/www.meydan.tv\/az\/#website","url":"https:\/\/www.meydan.tv\/az\/","name":"MEYDAN.TV","description":"Meydan TV Az\u0259rbaycan\u0131n media m\u0259kan\u0131ndak\u0131 alternativ s\u0259sidir","publisher":{"@id":"https:\/\/www.meydan.tv\/az\/#organization"},"potentialAction":[{"@type":"SearchAction","target":{"@type":"EntryPoint","urlTemplate":"https:\/\/www.meydan.tv\/az\/?s={search_term_string}"},"query-input":{"@type":"PropertyValueSpecification","valueRequired":true,"valueName":"search_term_string"}}],"inLanguage":"az"},{"@type":"Organization","@id":"https:\/\/www.meydan.tv\/az\/#organization","name":"Meydan TV","url":"https:\/\/www.meydan.tv\/az\/","logo":{"@type":"ImageObject","inLanguage":"az","@id":"https:\/\/www.meydan.tv\/az\/#\/schema\/logo\/image\/","url":"https:\/\/www.meydan.tv\/wp-content\/uploads\/2021\/07\/meydan-logo.svg","contentUrl":"https:\/\/www.meydan.tv\/wp-content\/uploads\/2021\/07\/meydan-logo.svg","width":195,"height":46,"caption":"Meydan TV"},"image":{"@id":"https:\/\/www.meydan.tv\/az\/#\/schema\/logo\/image\/"}},{"@type":"Person","@id":"https:\/\/www.meydan.tv\/az\/#\/schema\/person\/9cdbecf90d17180ce1dfbd95b08dcf47","name":"elli","sameAs":["https:\/\/x.com\/elli"]}]}},"_links":{"self":[{"href":"https:\/\/www.meydan.tv\/az\/wp-json\/wp\/v2\/posts\/266906","targetHints":{"allow":["GET"]}}],"collection":[{"href":"https:\/\/www.meydan.tv\/az\/wp-json\/wp\/v2\/posts"}],"about":[{"href":"https:\/\/www.meydan.tv\/az\/wp-json\/wp\/v2\/types\/post"}],"author":[{"embeddable":true,"href":"https:\/\/www.meydan.tv\/az\/wp-json\/wp\/v2\/users\/8"}],"replies":[{"embeddable":true,"href":"https:\/\/www.meydan.tv\/az\/wp-json\/wp\/v2\/comments?post=266906"}],"version-history":[{"count":1,"href":"https:\/\/www.meydan.tv\/az\/wp-json\/wp\/v2\/posts\/266906\/revisions"}],"predecessor-version":[{"id":266916,"href":"https:\/\/www.meydan.tv\/az\/wp-json\/wp\/v2\/posts\/266906\/revisions\/266916"}],"wp:featuredmedia":[{"embeddable":true,"href":"https:\/\/www.meydan.tv\/az\/wp-json\/wp\/v2\/media\/266907"}],"wp:attachment":[{"href":"https:\/\/www.meydan.tv\/az\/wp-json\/wp\/v2\/media?parent=266906"}],"wp:term":[{"taxonomy":"category","embeddable":true,"href":"https:\/\/www.meydan.tv\/az\/wp-json\/wp\/v2\/categories?post=266906"},{"taxonomy":"post_tag","embeddable":true,"href":"https:\/\/www.meydan.tv\/az\/wp-json\/wp\/v2\/tags?post=266906"}],"curies":[{"name":"wp","href":"https:\/\/api.w.org\/{rel}","templated":true}]}}