{"id":266864,"date":"2023-01-27T16:18:10","date_gmt":"2023-01-27T12:18:10","guid":{"rendered":"https:\/\/www.meydan.tv\/?p=266864"},"modified":"2023-01-27T21:29:28","modified_gmt":"2023-01-27T17:29:28","slug":"kelbecerde-islemis-fehleler-maaslarini-ala-bilmediklerini-deyirler","status":"publish","type":"post","link":"https:\/\/www.meydan.tv\/az\/article\/kelbecerde-islemis-fehleler-maaslarini-ala-bilmediklerini-deyirler\/","title":{"rendered":"K\u0259lb\u0259c\u0259rd\u0259 i\u015fl\u0259mi\u015f f\u0259hl\u0259l\u0259r maa\u015flar\u0131n\u0131 ala bilm\u0259dikl\u0259rini deyirl\u0259r"},"content":{"rendered":"\n<p><\/p>\n\n\n\n<p><em>\u201c\u015eirk\u0259td\u0259n dedil\u0259r ki, pullar\u0131n\u0131z \u00f6d\u0259nilm\u0259y\u0259c\u0259k, \u00e7\u00fcnki maa\u015flar \u018fm\u0259k M\u00fcf\u0259tti\u015fliyi Xidm\u0259tin\u0259 c\u0259rim\u0259 olaraq verilib\u201d<\/em><\/p>\n\n\n\n<p>\u201c2022-ci ilin aprelin 1-d\u0259n K\u0259lb\u0259c\u0259rd\u0259 yol tikintisi il\u0259 m\u0259\u015f\u011ful olmu\u015fuq. Sentyabrda ba\u015f ver\u0259n d\u00f6y\u00fc\u015fl\u0259r \u0259r\u0259f\u0259sind\u0259 t\u0259hl\u00fck\u0259li oldu\u011fu \u00fc\u00e7\u00fcn \u0259razid\u0259n \u00e7\u0131xd\u0131q. Biz\u0259 dedil\u0259r ki, narahatl\u0131q \u00fc\u00e7\u00fcn he\u00e7 bir s\u0259b\u0259b yoxdur, maa\u015flar\u0131n\u0131z \u00f6d\u0259nil\u0259c\u0259k. Amma son bir ne\u00e7\u0259 ay\u0131n maa\u015flar\u0131 \u00f6d\u0259nilm\u0259di\u201d.<\/p>\n\n\n\n<p>Bunu Meydan.TV-y\u0259 \u201c\u0130nterservis qrup\u201d \u015firk\u0259tinin ke\u00e7mi\u015f \u0259m\u0259kda\u015f\u0131 Samir Mahmudov deyib.<\/p>\n\n\n\n<p>\u015eikay\u0259t\u00e7inin s\u00f6zl\u0259rin\u0259 g\u00f6r\u0259, maa\u015f\u0131n\u0131 ala bilm\u0259y\u0259n i\u015f\u00e7il\u0259rin \u00e7oxu \u015fikay\u0259t etm\u0259kd\u0259n \u00e7\u0259kinir. Amma \u00fc\u00e7 n\u0259f\u0259r bununla ba\u011fl\u0131 \u018fm\u0259k v\u0259 \u018fhalinin Sosial M\u00fcdafi\u0259 Nazirliyinin D\u00f6vl\u0259t \u018fm\u0259k M\u00fcf\u0259tti\u015fliyi Xidm\u0259tin\u0259 \u015fikay\u0259t edib. Xidm\u0259t \u015fikay\u0259ti ara\u015fd\u0131r\u0131b v\u0259 \u015firk\u0259t c\u0259rim\u0259l\u0259nib.<\/p>\n\n\n\n<p>\u201cM\u00fch\u0259ndis hey\u0259tinin maa\u015flar\u0131 \u00f6d\u0259nildi, amma f\u0259hl\u0259l\u0259r\u0259 dedil\u0259r ki, maa\u015flar \u00f6d\u0259nilm\u0259y\u0259c\u0259k, hara ist\u0259yirsiz \u015fikay\u0259t edin. Sentyabr ay\u0131n\u0131n 12-n\u0259 q\u0259d\u0259r olan maa\u015f\u0131 verdil\u0259r. Avqust ay\u0131n\u0131n maa\u015f\u0131 noyabrda \u00f6d\u0259nildi. Sentyabr ay\u0131n\u0131n yar\u0131s\u0131, oktyabr, noyabr\u0131n \u0259m\u0259khaqq\u0131 \u00f6d\u0259nilm\u0259yib\u201d.<\/p>\n\n\n\n<figure class=\"wp-block-image size-full\"><img decoding=\"async\" width=\"1200\" height=\"800\" data-src=\"https:\/\/www.meydan.tv\/wp-content\/uploads\/untitled-design-4-57.jpg\" alt=\"\" class=\"wp-image-266696 lazyload\" src=\"data:image\/svg+xml;base64,PHN2ZyB3aWR0aD0iMSIgaGVpZ2h0PSIxIiB4bWxucz0iaHR0cDovL3d3dy53My5vcmcvMjAwMC9zdmciPjwvc3ZnPg==\" style=\"--smush-placeholder-width: 1200px; --smush-placeholder-aspect-ratio: 1200\/800;\" \/><figcaption class=\"wp-element-caption\">Samir Mahmudov. Foto: Meydan TV<\/figcaption><\/figure>\n\n\n\n<p>Dig\u0259r \u015fikay\u0259t\u00e7i Ziya Heyb\u0259to\u011flu \u018fzizov is\u0259 deyib ki, o, mart\u0131n 16-dan m\u00fcqavil\u0259 \u0259sas\u0131nda i\u015f\u0259 g\u00f6t\u00fcr\u00fcl\u00fcb. Son 3 ay\u0131n maa\u015f\u0131n\u0131 ala bilm\u0259yib. <\/p>\n\n\n\n<p>\u201cSentyabr hadis\u0259l\u0259rin\u0259 g\u00f6r\u0259 bizi m\u0259zuniyy\u0259t\u0259 g\u00f6nd\u0259rdil\u0259r, amma m\u0259zuniyy\u0259t haqq\u0131 \u00f6d\u0259nilm\u0259di. Sentyabr\u0131n 1-d\u0259n maa\u015f\u0131m 1500 manat olmal\u0131yd\u0131. Buna baxmayaraq, sentyabr ay\u0131nda c\u0259mi 377 manat, noyabr ay\u0131nda 351 manat, sonradan 243 manat pul k\u00f6\u00e7\u00fcr\u00fcbl\u0259r. \u015eirk\u0259td\u0259n biz\u0259 deyibl\u0259r ki, \u015fikay\u0259t etdiyiniz\u0259 g\u00f6r\u0259 c\u0259rim\u0259 \u00f6d\u0259nilib. Buna g\u00f6r\u0259 d\u0259, maa\u015flar verilm\u0259y\u0259c\u0259k\u201d.<\/p>\n\n\n\n<p>\u015eikay\u0259t\u00e7il\u0259rd\u0259n biri is\u0259 deyib ki, sentyabrdan&nbsp; dekabrad\u0259k h\u0259r h\u0259ft\u0259 \u0259m\u0259khaqlar\u0131n\u0131n \u00f6d\u0259nil\u0259c\u0259yin\u0259 dair v\u0259d verilib:<\/p>\n\n\n\n<p>\u201c\u018fm\u0259k M\u00fcf\u0259tti\u015fliyi Xidm\u0259ti \u015fikay\u0259timizin haql\u0131 oldu\u011funu t\u0259sdiql\u0259di. \u00d6t\u0259n ilin dekabr\u0131n 29-da \u015firk\u0259td\u0259n biz\u0259 z\u0259ng edib dedil\u0259r ki, \u015fikay\u0259t etdiyiniz \u00fc\u00e7\u00fcn pullar\u0131n\u0131z \u00f6d\u0259nilm\u0259y\u0259c\u0259k. \u00c7\u00fcnki maa\u015flar \u018fm\u0259k M\u00fcf\u0259tti\u015fliyi Xidm\u0259tin\u0259 c\u0259rim\u0259 olaraq verilib\u201d.<\/p>\n\n\n<div class=\"wp-block-image\">\n<figure class=\"aligncenter size-full\"><img decoding=\"async\" width=\"1200\" height=\"798\" data-src=\"https:\/\/www.meydan.tv\/wp-content\/uploads\/462833.jpg\" alt=\"\" class=\"wp-image-266868 lazyload\" src=\"data:image\/svg+xml;base64,PHN2ZyB3aWR0aD0iMSIgaGVpZ2h0PSIxIiB4bWxucz0iaHR0cDovL3d3dy53My5vcmcvMjAwMC9zdmciPjwvc3ZnPg==\" style=\"--smush-placeholder-width: 1200px; --smush-placeholder-aspect-ratio: 1200\/798;\" \/><figcaption class=\"wp-element-caption\">Foto: Az\u0259rtac<\/figcaption><\/figure>\n<\/div>\n\n\n<p>\u201c\u018fm\u0259k M\u00fcf\u0259tti\u015fliyi Xidm\u0259tind\u0259n is\u0259 dedil\u0259r ki ara\u015fd\u0131rma davam edir, amma \u015firk\u0259td\u0259n maa\u015flar\u0131m\u0131z m\u0259cburi \u015f\u0259kild\u0259 \u00f6d\u0259nil\u0259 bilm\u0259z. Uzaqba\u015f\u0131, m\u00fcraci\u0259t ed\u0259c\u0259kl\u0259r ki, pullar\u0131m\u0131z\u0131 \u00f6d\u0259sinl\u0259r. \u015eikay\u0259t etm\u0259y\u0259n i\u015f\u00e7il\u0259r\u0259 is\u0259 deyirl\u0259r ki, n\u0259 i\u015fl\u0259misiz ki, siz\u0259 pul \u00f6d\u0259nilsin. Biziml\u0259 \u015firk\u0259t aras\u0131nda ba\u011flanm\u0131\u015f m\u00fcqavil\u0259 dekabr\u0131n 1-d\u0259 tamamlan\u0131r\u201d, &#8211; \u015fikay\u0259t\u00e7i deyib.<\/p>\n\n\n\n<p>\u0130\u015f\u00e7il\u0259r deyirl\u0259r ki, azya\u015fl\u0131 \u00f6vladlar\u0131 var, dolana bilmirl\u0259r.<\/p>\n\n\n\n<p>\u201c\u0130nterservis\u201d qrup haqq\u0131nda internetd\u0259 geni\u015f m\u0259lumat verilm\u0259yib. \u0130\u015f\u00e7il\u0259r \u015firk\u0259tin \u0259vv\u0259ll\u0259r ba\u015fqa ad alt\u0131nda f\u0259aliyy\u0259t g\u00f6st\u0259rdiyini deyirl\u0259r.<\/p>\n\n\n\n<p>\u0130\u015f\u00e7il\u0259rin m\u00fcdir kimi t\u0259qdim etdikl\u0259ri Orxan adl\u0131 \u0259m\u0259kda\u015f is\u0259 \u015firk\u0259tin c\u0259rim\u0259l\u0259ndiyini t\u0259sdiql\u0259yib. Onun s\u00f6zl\u0259rin\u0259 g\u00f6r\u0259, i\u015f\u00e7il\u0259r\u0259 borclar\u0131 qalmay\u0131b.<\/p>\n\n\n\n<figure class=\"wp-block-image size-full\"><img decoding=\"async\" width=\"1200\" height=\"675\" data-src=\"https:\/\/www.meydan.tv\/wp-content\/uploads\/kelbecernskcvdbvkdbvbksk.jpg\" alt=\"\" class=\"wp-image-266865 lazyload\" src=\"data:image\/svg+xml;base64,PHN2ZyB3aWR0aD0iMSIgaGVpZ2h0PSIxIiB4bWxucz0iaHR0cDovL3d3dy53My5vcmcvMjAwMC9zdmciPjwvc3ZnPg==\" style=\"--smush-placeholder-width: 1200px; --smush-placeholder-aspect-ratio: 1200\/675;\" \/><figcaption class=\"wp-element-caption\">K\u0259lb\u0259c\u0259r. Foto: Az\u0259rtac<\/figcaption><\/figure>\n\n\n\n<p>\u018fm\u0259k v\u0259 \u018fhalinin Sosial M\u00fcdafi\u0259si Nazirliyi yan\u0131nda D\u00f6vl\u0259t \u018fm\u0259k M\u00fcf\u0259tti\u015fliyi Xidm\u0259tinin Meydan TV-nin sor\u011fusuna cavabda deyilir:<\/p>\n\n\n\n<p>&#8220;\u201c\u0130nter Sevice Group\u201d MMC-nin i\u015f\u00e7il\u0259ri olmu\u015f \u018fzizov Ziya Heyb\u0259t o\u011flu v\u0259 Qas\u0131mov Vasif Balaqarda\u015f o\u011flunun \u0259m\u0259k h\u00fcquqlar\u0131n\u0131n pozulmas\u0131 bar\u0259d\u0259 D\u00f6vl\u0259t \u018fm\u0259k M\u00fcf\u0259tti\u015fliyi Xidm\u0259tin\u0259 daxil olmu\u015f m\u00fcraci\u0259tl\u0259ri ara\u015fd\u0131r\u0131l\u0131b.<\/p>\n\n\n\n<p>Onlar\u0131n \u0259m\u0259k m\u00fcqavil\u0259l\u0259rin\u0259 xitam verildiyi, lakin son haqq-hesablar\u0131n\u0131n \u00f6d\u0259nilm\u0259diyi m\u00fc\u0259yy\u0259n edilib.<\/p>\n\n\n\n<p>D\u00f6vl\u0259t \u018fm\u0259k M\u00fcf\u0259tti\u015fliyi Xidm\u0259ti t\u0259r\u0259find\u0259n qanunvericiliy\u0259 uy\u011fun olaraq g\u00f6r\u00fcl\u0259n t\u0259dbirl\u0259r n\u0259tic\u0259sind\u0259 \u201c\u0130nter Sevice Group\u201d MMC t\u0259r\u0259find\u0259n h\u0259min iki \u015f\u0259xs\u0259 &#8211; Z.\u018fzizov v\u0259 V.Qas\u0131mova son haqq-hesablar\u0131 hesablanaraq \u00f6d\u0259nilm\u0259si t\u0259min edilib&#8221;.<\/p>\n","protected":false},"excerpt":{"rendered":"<p>\u201c\u015eirk\u0259td\u0259n dedil\u0259r ki, pullar\u0131n\u0131z \u00f6d\u0259nilm\u0259y\u0259c\u0259k, \u00e7\u00fcnki maa\u015flar \u018fm\u0259k M\u00fcf\u0259tti\u015fliyi Xidm\u0259tin\u0259 &#8230; <\/p>\n<p class=\"read-more-container\"><a title=\"K\u0259lb\u0259c\u0259rd\u0259 i\u015fl\u0259mi\u015f f\u0259hl\u0259l\u0259r maa\u015flar\u0131n\u0131 ala bilm\u0259dikl\u0259rini deyirl\u0259r\" class=\"read-more button\" href=\"https:\/\/www.meydan.tv\/az\/article\/kelbecerde-islemis-fehleler-maaslarini-ala-bilmediklerini-deyirler\/#more-266864\" aria-label=\"Read more about K\u0259lb\u0259c\u0259rd\u0259 i\u015fl\u0259mi\u015f f\u0259hl\u0259l\u0259r maa\u015flar\u0131n\u0131 ala bilm\u0259dikl\u0259rini deyirl\u0259r\">Davam\u0131<\/a><\/p>\n","protected":false},"author":8,"featured_media":266871,"comment_status":"closed","ping_status":"closed","sticky":false,"template":"","format":"standard","meta":{"_acf_changed":false,"_sitemap_exclude":false,"_sitemap_priority":"","_sitemap_frequency":"","footnotes":""},"categories":[60,79,56],"tags":[],"class_list":["post-266864","post","type-post","status-publish","format-standard","has-post-thumbnail","hentry","category-bolge","category-featured","category-xeberler","infinite-scroll-item","generate-columns","tablet-grid-50","mobile-grid-100","grid-parent","grid-33","no-featured-image-padding"],"acf":[],"yoast_head":"<!-- This site is optimized with the Yoast SEO plugin v27.5 - https:\/\/yoast.com\/product\/yoast-seo-wordpress\/ -->\n<title>K\u0259lb\u0259c\u0259rd\u0259 i\u015fl\u0259mi\u015f f\u0259hl\u0259l\u0259r maa\u015flar\u0131n\u0131 ala bilm\u0259dikl\u0259rini deyirl\u0259r - MEYDAN.TV<\/title>\n<meta name=\"robots\" content=\"index, follow, max-snippet:-1, max-image-preview:large, max-video-preview:-1\" \/>\n<link rel=\"canonical\" href=\"https:\/\/www.meydan.tv\/az\/article\/kelbecerde-islemis-fehleler-maaslarini-ala-bilmediklerini-deyirler\/\" \/>\n<meta property=\"og:locale\" content=\"az_AZ\" \/>\n<meta property=\"og:type\" content=\"article\" \/>\n<meta property=\"og:title\" content=\"K\u0259lb\u0259c\u0259rd\u0259 i\u015fl\u0259mi\u015f f\u0259hl\u0259l\u0259r maa\u015flar\u0131n\u0131 ala bilm\u0259dikl\u0259rini deyirl\u0259r - MEYDAN.TV\" \/>\n<meta property=\"og:description\" content=\"\u201c\u015eirk\u0259td\u0259n dedil\u0259r ki, pullar\u0131n\u0131z \u00f6d\u0259nilm\u0259y\u0259c\u0259k, \u00e7\u00fcnki maa\u015flar \u018fm\u0259k M\u00fcf\u0259tti\u015fliyi Xidm\u0259tin\u0259 ... Davam\u0131\" \/>\n<meta property=\"og:url\" content=\"https:\/\/www.meydan.tv\/az\/article\/kelbecerde-islemis-fehleler-maaslarini-ala-bilmediklerini-deyirler\/\" \/>\n<meta property=\"og:site_name\" content=\"MEYDAN.TV\" \/>\n<meta property=\"article:published_time\" content=\"2023-01-27T12:18:10+00:00\" \/>\n<meta property=\"article:modified_time\" content=\"2023-01-27T17:29:28+00:00\" \/>\n<meta property=\"og:image\" content=\"https:\/\/www.meydan.tv\/wp-content\/uploads\/fotojet-2021-12-07t234450.812.jpg\" \/>\n\t<meta property=\"og:image:width\" content=\"1200\" \/>\n\t<meta property=\"og:image:height\" content=\"799\" \/>\n\t<meta property=\"og:image:type\" content=\"image\/jpeg\" \/>\n<meta name=\"author\" content=\"elli\" \/>\n<meta name=\"twitter:card\" content=\"summary_large_image\" \/>\n<meta name=\"twitter:creator\" content=\"@elli\" \/>\n<script type=\"application\/ld+json\" class=\"yoast-schema-graph\">{\"@context\":\"https:\\\/\\\/schema.org\",\"@graph\":[{\"@type\":\"Article\",\"@id\":\"https:\\\/\\\/www.meydan.tv\\\/az\\\/article\\\/kelbecerde-islemis-fehleler-maaslarini-ala-bilmediklerini-deyirler\\\/#article\",\"isPartOf\":{\"@id\":\"https:\\\/\\\/www.meydan.tv\\\/az\\\/article\\\/kelbecerde-islemis-fehleler-maaslarini-ala-bilmediklerini-deyirler\\\/\"},\"author\":{\"name\":\"elli\",\"@id\":\"https:\\\/\\\/www.meydan.tv\\\/az\\\/#\\\/schema\\\/person\\\/9cdbecf90d17180ce1dfbd95b08dcf47\"},\"headline\":\"K\u0259lb\u0259c\u0259rd\u0259 i\u015fl\u0259mi\u015f f\u0259hl\u0259l\u0259r maa\u015flar\u0131n\u0131 ala bilm\u0259dikl\u0259rini deyirl\u0259r\",\"datePublished\":\"2023-01-27T12:18:10+00:00\",\"dateModified\":\"2023-01-27T17:29:28+00:00\",\"mainEntityOfPage\":{\"@id\":\"https:\\\/\\\/www.meydan.tv\\\/az\\\/article\\\/kelbecerde-islemis-fehleler-maaslarini-ala-bilmediklerini-deyirler\\\/\"},\"wordCount\":803,\"publisher\":{\"@id\":\"https:\\\/\\\/www.meydan.tv\\\/az\\\/#organization\"},\"image\":{\"@id\":\"https:\\\/\\\/www.meydan.tv\\\/az\\\/article\\\/kelbecerde-islemis-fehleler-maaslarini-ala-bilmediklerini-deyirler\\\/#primaryimage\"},\"thumbnailUrl\":\"https:\\\/\\\/www.meydan.tv\\\/wp-content\\\/uploads\\\/fotojet-2021-12-07t234450.812.jpg\",\"articleSection\":[\"B\u00f6lg\u0259\",\"T\u00f6vsiy\u0259\",\"X\u0259b\u0259rl\u0259r\"],\"inLanguage\":\"az\"},{\"@type\":\"WebPage\",\"@id\":\"https:\\\/\\\/www.meydan.tv\\\/az\\\/article\\\/kelbecerde-islemis-fehleler-maaslarini-ala-bilmediklerini-deyirler\\\/\",\"url\":\"https:\\\/\\\/www.meydan.tv\\\/az\\\/article\\\/kelbecerde-islemis-fehleler-maaslarini-ala-bilmediklerini-deyirler\\\/\",\"name\":\"K\u0259lb\u0259c\u0259rd\u0259 i\u015fl\u0259mi\u015f f\u0259hl\u0259l\u0259r maa\u015flar\u0131n\u0131 ala bilm\u0259dikl\u0259rini deyirl\u0259r - MEYDAN.TV\",\"isPartOf\":{\"@id\":\"https:\\\/\\\/www.meydan.tv\\\/az\\\/#website\"},\"primaryImageOfPage\":{\"@id\":\"https:\\\/\\\/www.meydan.tv\\\/az\\\/article\\\/kelbecerde-islemis-fehleler-maaslarini-ala-bilmediklerini-deyirler\\\/#primaryimage\"},\"image\":{\"@id\":\"https:\\\/\\\/www.meydan.tv\\\/az\\\/article\\\/kelbecerde-islemis-fehleler-maaslarini-ala-bilmediklerini-deyirler\\\/#primaryimage\"},\"thumbnailUrl\":\"https:\\\/\\\/www.meydan.tv\\\/wp-content\\\/uploads\\\/fotojet-2021-12-07t234450.812.jpg\",\"datePublished\":\"2023-01-27T12:18:10+00:00\",\"dateModified\":\"2023-01-27T17:29:28+00:00\",\"breadcrumb\":{\"@id\":\"https:\\\/\\\/www.meydan.tv\\\/az\\\/article\\\/kelbecerde-islemis-fehleler-maaslarini-ala-bilmediklerini-deyirler\\\/#breadcrumb\"},\"inLanguage\":\"az\",\"potentialAction\":[{\"@type\":\"ReadAction\",\"target\":[\"https:\\\/\\\/www.meydan.tv\\\/az\\\/article\\\/kelbecerde-islemis-fehleler-maaslarini-ala-bilmediklerini-deyirler\\\/\"]}]},{\"@type\":\"ImageObject\",\"inLanguage\":\"az\",\"@id\":\"https:\\\/\\\/www.meydan.tv\\\/az\\\/article\\\/kelbecerde-islemis-fehleler-maaslarini-ala-bilmediklerini-deyirler\\\/#primaryimage\",\"url\":\"https:\\\/\\\/www.meydan.tv\\\/wp-content\\\/uploads\\\/fotojet-2021-12-07t234450.812.jpg\",\"contentUrl\":\"https:\\\/\\\/www.meydan.tv\\\/wp-content\\\/uploads\\\/fotojet-2021-12-07t234450.812.jpg\",\"width\":1200,\"height\":799,\"caption\":\"K\u0259lb\u0259c\u0259r. Foto: Az\u0259rtac\"},{\"@type\":\"BreadcrumbList\",\"@id\":\"https:\\\/\\\/www.meydan.tv\\\/az\\\/article\\\/kelbecerde-islemis-fehleler-maaslarini-ala-bilmediklerini-deyirler\\\/#breadcrumb\",\"itemListElement\":[{\"@type\":\"ListItem\",\"position\":1,\"name\":\"Ana s\u0259hif\u0259\",\"item\":\"https:\\\/\\\/www.meydan.tv\\\/az\\\/\"},{\"@type\":\"ListItem\",\"position\":2,\"name\":\"B\u00f6lg\u0259\",\"item\":\"https:\\\/\\\/www.meydan.tv\\\/az\\\/section\\\/bolge\\\/\"},{\"@type\":\"ListItem\",\"position\":3,\"name\":\"K\u0259lb\u0259c\u0259rd\u0259 i\u015fl\u0259mi\u015f f\u0259hl\u0259l\u0259r maa\u015flar\u0131n\u0131 ala bilm\u0259dikl\u0259rini deyirl\u0259r\"}]},{\"@type\":\"WebSite\",\"@id\":\"https:\\\/\\\/www.meydan.tv\\\/az\\\/#website\",\"url\":\"https:\\\/\\\/www.meydan.tv\\\/az\\\/\",\"name\":\"MEYDAN.TV\",\"description\":\"Meydan TV Az\u0259rbaycan\u0131n media m\u0259kan\u0131ndak\u0131 alternativ s\u0259sidir\",\"publisher\":{\"@id\":\"https:\\\/\\\/www.meydan.tv\\\/az\\\/#organization\"},\"potentialAction\":[{\"@type\":\"SearchAction\",\"target\":{\"@type\":\"EntryPoint\",\"urlTemplate\":\"https:\\\/\\\/www.meydan.tv\\\/az\\\/?s={search_term_string}\"},\"query-input\":{\"@type\":\"PropertyValueSpecification\",\"valueRequired\":true,\"valueName\":\"search_term_string\"}}],\"inLanguage\":\"az\"},{\"@type\":\"Organization\",\"@id\":\"https:\\\/\\\/www.meydan.tv\\\/az\\\/#organization\",\"name\":\"Meydan TV\",\"url\":\"https:\\\/\\\/www.meydan.tv\\\/az\\\/\",\"logo\":{\"@type\":\"ImageObject\",\"inLanguage\":\"az\",\"@id\":\"https:\\\/\\\/www.meydan.tv\\\/az\\\/#\\\/schema\\\/logo\\\/image\\\/\",\"url\":\"https:\\\/\\\/www.meydan.tv\\\/wp-content\\\/uploads\\\/2021\\\/07\\\/meydan-logo.svg\",\"contentUrl\":\"https:\\\/\\\/www.meydan.tv\\\/wp-content\\\/uploads\\\/2021\\\/07\\\/meydan-logo.svg\",\"width\":195,\"height\":46,\"caption\":\"Meydan TV\"},\"image\":{\"@id\":\"https:\\\/\\\/www.meydan.tv\\\/az\\\/#\\\/schema\\\/logo\\\/image\\\/\"}},{\"@type\":\"Person\",\"@id\":\"https:\\\/\\\/www.meydan.tv\\\/az\\\/#\\\/schema\\\/person\\\/9cdbecf90d17180ce1dfbd95b08dcf47\",\"name\":\"elli\",\"sameAs\":[\"https:\\\/\\\/x.com\\\/elli\"]}]}<\/script>\n<!-- \/ Yoast SEO plugin. -->","yoast_head_json":{"title":"K\u0259lb\u0259c\u0259rd\u0259 i\u015fl\u0259mi\u015f f\u0259hl\u0259l\u0259r maa\u015flar\u0131n\u0131 ala bilm\u0259dikl\u0259rini deyirl\u0259r - MEYDAN.TV","robots":{"index":"index","follow":"follow","max-snippet":"max-snippet:-1","max-image-preview":"max-image-preview:large","max-video-preview":"max-video-preview:-1"},"canonical":"https:\/\/www.meydan.tv\/az\/article\/kelbecerde-islemis-fehleler-maaslarini-ala-bilmediklerini-deyirler\/","og_locale":"az_AZ","og_type":"article","og_title":"K\u0259lb\u0259c\u0259rd\u0259 i\u015fl\u0259mi\u015f f\u0259hl\u0259l\u0259r maa\u015flar\u0131n\u0131 ala bilm\u0259dikl\u0259rini deyirl\u0259r - MEYDAN.TV","og_description":"\u201c\u015eirk\u0259td\u0259n dedil\u0259r ki, pullar\u0131n\u0131z \u00f6d\u0259nilm\u0259y\u0259c\u0259k, \u00e7\u00fcnki maa\u015flar \u018fm\u0259k M\u00fcf\u0259tti\u015fliyi Xidm\u0259tin\u0259 ... Davam\u0131","og_url":"https:\/\/www.meydan.tv\/az\/article\/kelbecerde-islemis-fehleler-maaslarini-ala-bilmediklerini-deyirler\/","og_site_name":"MEYDAN.TV","article_published_time":"2023-01-27T12:18:10+00:00","article_modified_time":"2023-01-27T17:29:28+00:00","og_image":[{"width":1200,"height":799,"url":"https:\/\/www.meydan.tv\/wp-content\/uploads\/fotojet-2021-12-07t234450.812.jpg","type":"image\/jpeg"}],"author":"elli","twitter_card":"summary_large_image","twitter_creator":"@elli","schema":{"@context":"https:\/\/schema.org","@graph":[{"@type":"Article","@id":"https:\/\/www.meydan.tv\/az\/article\/kelbecerde-islemis-fehleler-maaslarini-ala-bilmediklerini-deyirler\/#article","isPartOf":{"@id":"https:\/\/www.meydan.tv\/az\/article\/kelbecerde-islemis-fehleler-maaslarini-ala-bilmediklerini-deyirler\/"},"author":{"name":"elli","@id":"https:\/\/www.meydan.tv\/az\/#\/schema\/person\/9cdbecf90d17180ce1dfbd95b08dcf47"},"headline":"K\u0259lb\u0259c\u0259rd\u0259 i\u015fl\u0259mi\u015f f\u0259hl\u0259l\u0259r maa\u015flar\u0131n\u0131 ala bilm\u0259dikl\u0259rini deyirl\u0259r","datePublished":"2023-01-27T12:18:10+00:00","dateModified":"2023-01-27T17:29:28+00:00","mainEntityOfPage":{"@id":"https:\/\/www.meydan.tv\/az\/article\/kelbecerde-islemis-fehleler-maaslarini-ala-bilmediklerini-deyirler\/"},"wordCount":803,"publisher":{"@id":"https:\/\/www.meydan.tv\/az\/#organization"},"image":{"@id":"https:\/\/www.meydan.tv\/az\/article\/kelbecerde-islemis-fehleler-maaslarini-ala-bilmediklerini-deyirler\/#primaryimage"},"thumbnailUrl":"https:\/\/www.meydan.tv\/wp-content\/uploads\/fotojet-2021-12-07t234450.812.jpg","articleSection":["B\u00f6lg\u0259","T\u00f6vsiy\u0259","X\u0259b\u0259rl\u0259r"],"inLanguage":"az"},{"@type":"WebPage","@id":"https:\/\/www.meydan.tv\/az\/article\/kelbecerde-islemis-fehleler-maaslarini-ala-bilmediklerini-deyirler\/","url":"https:\/\/www.meydan.tv\/az\/article\/kelbecerde-islemis-fehleler-maaslarini-ala-bilmediklerini-deyirler\/","name":"K\u0259lb\u0259c\u0259rd\u0259 i\u015fl\u0259mi\u015f f\u0259hl\u0259l\u0259r maa\u015flar\u0131n\u0131 ala bilm\u0259dikl\u0259rini deyirl\u0259r - MEYDAN.TV","isPartOf":{"@id":"https:\/\/www.meydan.tv\/az\/#website"},"primaryImageOfPage":{"@id":"https:\/\/www.meydan.tv\/az\/article\/kelbecerde-islemis-fehleler-maaslarini-ala-bilmediklerini-deyirler\/#primaryimage"},"image":{"@id":"https:\/\/www.meydan.tv\/az\/article\/kelbecerde-islemis-fehleler-maaslarini-ala-bilmediklerini-deyirler\/#primaryimage"},"thumbnailUrl":"https:\/\/www.meydan.tv\/wp-content\/uploads\/fotojet-2021-12-07t234450.812.jpg","datePublished":"2023-01-27T12:18:10+00:00","dateModified":"2023-01-27T17:29:28+00:00","breadcrumb":{"@id":"https:\/\/www.meydan.tv\/az\/article\/kelbecerde-islemis-fehleler-maaslarini-ala-bilmediklerini-deyirler\/#breadcrumb"},"inLanguage":"az","potentialAction":[{"@type":"ReadAction","target":["https:\/\/www.meydan.tv\/az\/article\/kelbecerde-islemis-fehleler-maaslarini-ala-bilmediklerini-deyirler\/"]}]},{"@type":"ImageObject","inLanguage":"az","@id":"https:\/\/www.meydan.tv\/az\/article\/kelbecerde-islemis-fehleler-maaslarini-ala-bilmediklerini-deyirler\/#primaryimage","url":"https:\/\/www.meydan.tv\/wp-content\/uploads\/fotojet-2021-12-07t234450.812.jpg","contentUrl":"https:\/\/www.meydan.tv\/wp-content\/uploads\/fotojet-2021-12-07t234450.812.jpg","width":1200,"height":799,"caption":"K\u0259lb\u0259c\u0259r. Foto: Az\u0259rtac"},{"@type":"BreadcrumbList","@id":"https:\/\/www.meydan.tv\/az\/article\/kelbecerde-islemis-fehleler-maaslarini-ala-bilmediklerini-deyirler\/#breadcrumb","itemListElement":[{"@type":"ListItem","position":1,"name":"Ana s\u0259hif\u0259","item":"https:\/\/www.meydan.tv\/az\/"},{"@type":"ListItem","position":2,"name":"B\u00f6lg\u0259","item":"https:\/\/www.meydan.tv\/az\/section\/bolge\/"},{"@type":"ListItem","position":3,"name":"K\u0259lb\u0259c\u0259rd\u0259 i\u015fl\u0259mi\u015f f\u0259hl\u0259l\u0259r maa\u015flar\u0131n\u0131 ala bilm\u0259dikl\u0259rini deyirl\u0259r"}]},{"@type":"WebSite","@id":"https:\/\/www.meydan.tv\/az\/#website","url":"https:\/\/www.meydan.tv\/az\/","name":"MEYDAN.TV","description":"Meydan TV Az\u0259rbaycan\u0131n media m\u0259kan\u0131ndak\u0131 alternativ s\u0259sidir","publisher":{"@id":"https:\/\/www.meydan.tv\/az\/#organization"},"potentialAction":[{"@type":"SearchAction","target":{"@type":"EntryPoint","urlTemplate":"https:\/\/www.meydan.tv\/az\/?s={search_term_string}"},"query-input":{"@type":"PropertyValueSpecification","valueRequired":true,"valueName":"search_term_string"}}],"inLanguage":"az"},{"@type":"Organization","@id":"https:\/\/www.meydan.tv\/az\/#organization","name":"Meydan TV","url":"https:\/\/www.meydan.tv\/az\/","logo":{"@type":"ImageObject","inLanguage":"az","@id":"https:\/\/www.meydan.tv\/az\/#\/schema\/logo\/image\/","url":"https:\/\/www.meydan.tv\/wp-content\/uploads\/2021\/07\/meydan-logo.svg","contentUrl":"https:\/\/www.meydan.tv\/wp-content\/uploads\/2021\/07\/meydan-logo.svg","width":195,"height":46,"caption":"Meydan TV"},"image":{"@id":"https:\/\/www.meydan.tv\/az\/#\/schema\/logo\/image\/"}},{"@type":"Person","@id":"https:\/\/www.meydan.tv\/az\/#\/schema\/person\/9cdbecf90d17180ce1dfbd95b08dcf47","name":"elli","sameAs":["https:\/\/x.com\/elli"]}]}},"_links":{"self":[{"href":"https:\/\/www.meydan.tv\/az\/wp-json\/wp\/v2\/posts\/266864","targetHints":{"allow":["GET"]}}],"collection":[{"href":"https:\/\/www.meydan.tv\/az\/wp-json\/wp\/v2\/posts"}],"about":[{"href":"https:\/\/www.meydan.tv\/az\/wp-json\/wp\/v2\/types\/post"}],"author":[{"embeddable":true,"href":"https:\/\/www.meydan.tv\/az\/wp-json\/wp\/v2\/users\/8"}],"replies":[{"embeddable":true,"href":"https:\/\/www.meydan.tv\/az\/wp-json\/wp\/v2\/comments?post=266864"}],"version-history":[{"count":1,"href":"https:\/\/www.meydan.tv\/az\/wp-json\/wp\/v2\/posts\/266864\/revisions"}],"predecessor-version":[{"id":266874,"href":"https:\/\/www.meydan.tv\/az\/wp-json\/wp\/v2\/posts\/266864\/revisions\/266874"}],"wp:featuredmedia":[{"embeddable":true,"href":"https:\/\/www.meydan.tv\/az\/wp-json\/wp\/v2\/media\/266871"}],"wp:attachment":[{"href":"https:\/\/www.meydan.tv\/az\/wp-json\/wp\/v2\/media?parent=266864"}],"wp:term":[{"taxonomy":"category","embeddable":true,"href":"https:\/\/www.meydan.tv\/az\/wp-json\/wp\/v2\/categories?post=266864"},{"taxonomy":"post_tag","embeddable":true,"href":"https:\/\/www.meydan.tv\/az\/wp-json\/wp\/v2\/tags?post=266864"}],"curies":[{"name":"wp","href":"https:\/\/api.w.org\/{rel}","templated":true}]}}