{"id":266787,"date":"2023-01-27T11:10:23","date_gmt":"2023-01-27T07:10:23","guid":{"rendered":"https:\/\/www.meydan.tv\/?p=266787"},"modified":"2023-01-27T23:32:30","modified_gmt":"2023-01-27T19:32:30","slug":"azerbaycanin-irandaki-sefirliyine-silahli-hucum-olen-ve-yaralanan-var","status":"publish","type":"post","link":"https:\/\/www.meydan.tv\/az\/article\/azerbaycanin-irandaki-sefirliyine-silahli-hucum-olen-ve-yaralanan-var\/","title":{"rendered":"Az\u0259rbaycan\u0131n \u0130randak\u0131 s\u0259firliyin\u0259 silahl\u0131 h\u00fccum: \u00f6l\u0259n v\u0259 yaralanan var (yenil\u0259nir)"},"content":{"rendered":"\n<p><\/p>\n\n\n\n<p><\/p>\n\n\n\n<p><\/p>\n\n\n\n<p><em>AB\u015e Tehranda Az\u0259rbaycan s\u0259firliyin\u0259 edil\u0259n h\u00fccumu pisl\u0259yib.<\/em><\/p>\n\n\n\n<p><em>Yanvar\u0131n 27-d\u0259 ke\u00e7irdiyi brifinqd\u0259 AB\u015e D\u00f6vl\u0259t Departamentinin r\u0259smisi Ned Prays bildirib ki, h\u0259r yerd\u0259 diplomatlara v\u0259 ya diplomatik obyektl\u0259r\u0259 h\u0259r hans\u0131 bir h\u00fccum q\u0259buledilm\u0259zdir.<\/em><\/p>\n\n\n\n<p><em>Bu bar\u0259d\u0259 &#8220;Turan&#8221; m\u0259lumat <a href=\"https:\/\/www.turan.az\/ext\/news\/2023\/1\/free\/politics_news\/az\/901.htm\" target=\"_blank\" rel=\"noreferrer noopener\">yay\u0131b<\/a>.<\/em><\/p>\n\n\n\n<p><em>\u201cBiz Prezident \u018fliyevin bu zorak\u0131l\u0131qla ba\u011fl\u0131 tez bir zamanda ara\u015fd\u0131r\u0131lmas\u0131 \u00e7a\u011f\u0131r\u0131\u015f\u0131na qo\u015fuluruq. Bu g\u00fcn \u00f6l\u0259n v\u0259 yaralananlar\u0131n ail\u0259l\u0259rin\u0259 v\u0259 yax\u0131nlar\u0131na d\u0259rin h\u00fcznl\u0259 ba\u015fsa\u011fl\u0131\u011f\u0131 veririk\u201d, &#8211; dey\u0259 Ned Prays s\u00f6yl\u0259yib.<\/em><\/p>\n\n\n\n<p><em>O, \u201cBiz \u0130ran h\u00f6kum\u0259tin\u0259 \u0130randa Xarici Diplomatlar\u0131n M\u00fcdafi\u0259si \u00fczr\u0259 Cenevr\u0259 Konvensiyas\u0131na uy\u011fun olaraq \u00fcz\u0259rin\u0259 d\u00fc\u015f\u0259n m\u0259suliyy\u0259ti xat\u0131rlad\u0131r\u0131q\u201d, &#8211; fikrini \u0259lav\u0259 edib<\/em>.<\/p>\n\n\n<div class=\"wp-block-image\">\n<figure class=\"aligncenter size-full\"><img decoding=\"async\" width=\"1200\" height=\"585\" data-src=\"https:\/\/www.meydan.tv\/wp-content\/uploads\/ned-prays-e1665658656655.jpg\" alt=\"\" class=\"wp-image-253944 lazyload\" src=\"data:image\/svg+xml;base64,PHN2ZyB3aWR0aD0iMSIgaGVpZ2h0PSIxIiB4bWxucz0iaHR0cDovL3d3dy53My5vcmcvMjAwMC9zdmciPjwvc3ZnPg==\" style=\"--smush-placeholder-width: 1200px; --smush-placeholder-aspect-ratio: 1200\/585;\" \/><figcaption class=\"wp-element-caption\">Ned Prays. Foto: Amerikan\u0131n s\u0259si<\/figcaption><\/figure>\n<\/div>\n\n\n<p><\/p>\n\n\n\n<p><\/p>\n\n\n\n<hr class=\"wp-block-separator has-alpha-channel-opacity\"\/>\n\n\n\n<p><\/p>\n\n\n\n<p><\/p>\n\n\n\n<p><em>\u0130ran Prezidenti \u0130brahim R\u0259isinin Az\u0259rbaycan\u0131n Tehrandak\u0131 s\u0259firliyin\u0259 silahl\u0131 h\u00fccumu pisl\u0259diyi, m\u0259hk\u0259m\u0259 v\u0259 polis orqanlar\u0131na m\u0259s\u0259l\u0259 il\u0259 ba\u011fl\u0131 h\u0259rt\u0259r\u0259fli ara\u015fd\u0131rma aparma\u011f\u0131 tap\u015f\u0131rd\u0131\u011f\u0131 bildirilir.<\/em><\/p>\n\n\n\n<p><em>Bu bar\u0259d\u0259 \u00f6lk\u0259nin vitse-prezidenti M\u0259h\u0259mm\u0259d C\u0259m\u015fidi a\u00e7\u0131lama <a href=\"https:\/\/en.mehrnews.com\/news\/196679\/Raeisi-orders-thorough-investigation-into-embassy-s-incident\" target=\"_blank\" rel=\"noreferrer noopener\">yay\u0131b<\/a>.<\/em><\/p>\n\n\n\n<p><em>&#8220;Bu k\u0259d\u0259rli x\u0259b\u0259ri e\u015fid\u0259nd\u0259n d\u0259rhal sonra Ay\u0259tullah R\u0259isi bu bar\u0259d\u0259 h\u0259rt\u0259r\u0259fli t\u0259hqiqat apar\u0131lmas\u0131n\u0131 \u0259mr etdi. O, h\u00f6kum\u0259t\u0259, Az\u0259rbaycan xalq\u0131na v\u0259 m\u0259rhum diplomat\u0131n ail\u0259sin\u0259 ba\u015fsa\u011fl\u0131\u011f\u0131 dil\u0259di v\u0259 yaralananlar\u0131n tezlikl\u0259 sa\u011falmas\u0131n\u0131 arzulad\u0131&#8221;, &#8211; dey\u0259 C\u0259m\u015fidi \u0259lav\u0259 edib.<\/em><\/p>\n\n\n<div class=\"wp-block-image\">\n<figure class=\"aligncenter size-full is-resized\"><img decoding=\"async\" data-src=\"https:\/\/www.meydan.tv\/wp-content\/uploads\/4277325.jpg\" alt=\"\" class=\"wp-image-266902 lazyload\" width=\"800\" height=\"533\" src=\"data:image\/svg+xml;base64,PHN2ZyB3aWR0aD0iMSIgaGVpZ2h0PSIxIiB4bWxucz0iaHR0cDovL3d3dy53My5vcmcvMjAwMC9zdmciPjwvc3ZnPg==\" style=\"--smush-placeholder-width: 800px; --smush-placeholder-aspect-ratio: 800\/533;\" \/><figcaption class=\"wp-element-caption\">\u0130brahim R\u0259isi. Foto: &#8220;mehrnews.com&#8221;<\/figcaption><\/figure>\n<\/div>\n\n\n<p><\/p>\n\n\n\n<p><\/p>\n\n\n\n<hr class=\"wp-block-separator has-alpha-channel-opacity\"\/>\n\n\n\n<p><em>Yanvar\u0131n 27-d\u0259 Az\u0259rbaycan\u0131n xarici i\u015fl\u0259r naziri Ceyhun Bayramovla \u0130ran \u0130slam Respublikas\u0131n\u0131n xarici i\u015fl\u0259r naziri H\u00fcseyn \u018fmir Abdullahian aras\u0131nda telefon dan\u0131\u015f\u0131\u011f\u0131 olub.<\/em><\/p>\n\n\n\n<p><em>Az\u0259rbaycan Xarici \u0130\u015fl\u0259r Nazirliyinin yayd\u0131\u011f\u0131 <a href=\"https:\/\/www.mfa.gov.az\/az\/news\/no03823\" target=\"_blank\" rel=\"noreferrer noopener\">m\u0259lumat<\/a>a g\u00f6r\u0259, Ceyhun Bayramovun \u201cDiplomatik m\u00fcnasib\u0259tl\u0259r haqq\u0131nda Vyana Konvensiyas\u0131\u201dndan ir\u0259li g\u0259l\u0259r\u0259k \u0130ran t\u0259r\u0259finin s\u0259firliyin binas\u0131n\u0131 h\u0259r c\u00fcr h\u00fccumlardan qorunmas\u0131n\u0131n v\u0259 onun \u0259m\u0259kda\u015flar\u0131n\u0131n t\u0259hl\u00fck\u0259sizliyinin t\u0259min edilm\u0259sinin \u0130ran t\u0259r\u0259finin v\u0259zif\u0259si oldu\u011funu qar\u015f\u0131 t\u0259r\u0259f\u0259 bir daha xat\u0131rlad\u0131b.<\/em><\/p>\n\n\n\n<p><em>&#8220;\u0130ran\u0131n s\u0259lahiyy\u0259tli qurumlar\u0131 t\u0259r\u0259find\u0259n terror akt\u0131n\u0131 t\u00f6r\u0259d\u0259n \u015f\u0259xsin tezlikl\u0259 m\u0259suliyy\u0259t\u0259 c\u0259lb olunmas\u0131, terror akt\u0131n\u0131n h\u0259rt\u0259r\u0259fli ara\u015fd\u0131r\u0131lmas\u0131, cinay\u0259tin t\u0259\u015fkili v\u0259 t\u00f6r\u0259dilm\u0259sind\u0259 \u0259li olan dig\u0259r i\u015ftirak\u00e7\u0131lar\u0131n m\u00fc\u0259yy\u0259nl\u0259\u015fdirilm\u0259si v\u0259 c\u0259zaland\u0131r\u0131lmas\u0131 qar\u015f\u0131 t\u0259r\u0259fd\u0259n t\u0259l\u0259b olunub&#8221;, &#8211; dey\u0259 X\u0130N \u0259lav\u0259 edib.<\/em><\/p>\n\n\n\n<p><em>Nazirlik qeyd edir ki, \u0130ran xarici i\u015fl\u0259r naziri Abdullahian h\u0259lak olan \u015f\u0259xsin ail\u0259sin\u0259, Az\u0259rbaycan r\u0259hb\u0259rliyin\u0259 v\u0259 xalq\u0131na ba\u015fsa\u011fl\u0131\u011f\u0131 dil\u0259kl\u0259rini \u00e7atd\u0131r\u0131b:<\/em><\/p>\n\n\n\n<p><em>&#8220;\u0130ran\u0131n aidiyy\u0259ti s\u0259lahiyy\u0259tli qurumlar\u0131 t\u0259r\u0259find\u0259n d\u0259rhal hadis\u0259y\u0259 reaksiya verildiyini, haz\u0131rda is\u0259 aidiyy\u0259ti h\u00fcquq-m\u00fchafiz\u0259 orqanlar\u0131 t\u0259r\u0259find\u0259n m\u0259s\u0259l\u0259nin ara\u015fd\u0131r\u0131ld\u0131\u011f\u0131, s\u0259firliyin v\u0259 hey\u0259tinin t\u0259hl\u00fck\u0259sizliyinin \u0259n y\u00fcks\u0259k s\u0259viyy\u0259y\u0259 qald\u0131r\u0131ld\u0131\u011f\u0131n\u0131 diqq\u0259t\u0259 \u00e7atd\u0131r\u0131b&#8221;.<\/em><\/p>\n\n\n\n<p><em>\u0130ranl\u0131 nazir saxlan\u0131lan \u015f\u0259xs\u0259 qar\u015f\u0131 silah da\u015f\u0131maq v\u0259 diplomat\u0131n q\u0259tl\u0259 yetirilm\u0259si \u00fczr\u0259 cinay\u0259t i\u015fi a\u00e7\u0131ld\u0131\u011f\u0131n\u0131, onun y\u00fcks\u0259k c\u0259zaya m\u0259ruz qalaca\u011f\u0131n\u0131 bildirib.<\/em><\/p>\n\n\n\n<p>&#8220;Hadis\u0259 n\u0259tic\u0259sind\u0259 iki \u00f6lk\u0259 aras\u0131nda m\u00fcnasib\u0259tl\u0259rin daha da g\u0259rginl\u0259\u015fm\u0259y\u0259c\u0259yin\u0259 \u0130ran naziri t\u0259r\u0259find\u0259n \u00fcmid ifad\u0259 olunub&#8221;, &#8211; dey\u0259 nazirlik bildirib.<\/p>\n\n\n\n<p><\/p>\n\n\n\n<figure class=\"wp-block-image size-full\"><img decoding=\"async\" width=\"1200\" height=\"611\" data-src=\"https:\/\/www.meydan.tv\/wp-content\/uploads\/4405986.jpg\" alt=\"\" class=\"wp-image-266899 lazyload\" src=\"data:image\/svg+xml;base64,PHN2ZyB3aWR0aD0iMSIgaGVpZ2h0PSIxIiB4bWxucz0iaHR0cDovL3d3dy53My5vcmcvMjAwMC9zdmciPjwvc3ZnPg==\" style=\"--smush-placeholder-width: 1200px; --smush-placeholder-aspect-ratio: 1200\/611;\" \/><figcaption class=\"wp-element-caption\">M\u0259nb\u0259: &#8220;mehrnews.com&#8221;<\/figcaption><\/figure>\n\n\n\n<p><\/p>\n\n\n\n<p><\/p>\n\n\n\n<p><\/p>\n\n\n\n<p><\/p>\n\n\n\n<p><\/p>\n\n\n\n<hr class=\"wp-block-separator has-alpha-channel-opacity\"\/>\n\n\n\n<p><\/p>\n\n\n\n<p><strong><em>DTX s\u0259firliy\u0259 h\u00fccumla ba\u011fl\u0131 cinay\u0259t i\u015fi a\u00e7\u0131b<\/em><\/strong><\/p>\n\n\n\n<p><em>D\u00f6vl\u0259t T\u0259hl\u00fck\u0259sizlik Xidm\u0259tind\u0259 Az\u0259rbaycan\u0131n \u0130randak\u0131 S\u0259firliyin\u0259 qar\u015f\u0131 t\u00f6r\u0259dil\u0259n terror akt\u0131 il\u0259 ba\u011fl\u0131 cinay\u0259t i\u015fi ba\u015flan\u0131l\u0131b.<\/em><\/p>\n\n\n\n<p><em>Bu bar\u0259d\u0259 D\u00f6vl\u0259t Az\u0259rbaycan T\u0259hl\u00fck\u0259s\u0131zlik Xidm\u0259ti (DTX) m\u0259lumat <a href=\"https:\/\/www.dtx.gov.az\/az\/news\/1741.html\" target=\"_blank\" rel=\"noreferrer noopener\">yay\u0131b<\/a>.<\/em><\/p>\n\n\n\n<p><em>DTX bildirib ki, Cinay\u0259t M\u0259c\u0259ll\u0259sinin 12.2 (\u0259cn\u0259bil\u0259r v\u0259 v\u0259t\u0259nda\u015fl\u0131\u011f\u0131 olmayan \u015f\u0259xsl\u0259r Az\u0259rbaycan Respublikas\u0131n\u0131n h\u00fcdudlar\u0131ndan k\u0259narda Az\u0259rbaycan Respublikas\u0131n\u0131n v\u0259t\u0259nda\u015flar\u0131na, Az\u0259rbaycan Respublikas\u0131n\u0131n maraqlar\u0131na (m\u0259nafel\u0259rin\u0259) qar\u015f\u0131 cinay\u0259t), 120.2.1 (Bir qrup \u015f\u0259xs, qabaqcadan \u0259lbir olan bir qrup \u015f\u0259xs, m\u00fct\u0259\u015f\u0259kkil d\u0259st\u0259 v\u0259 ya cinay\u0259tkar birlik (t\u0259\u015fkilat) t\u0259r\u0259find\u0259n adam \u00f6ld\u00fcrm\u0259;), 12.2, 120.2.4 (X\u00fcsusi amans\u0131zl\u0131qla v\u0259 ya \u00fcmumi t\u0259hl\u00fck\u0259li \u00fcsulla adam \u00f6ld\u00fcrm\u0259;), 12.2, 120.2.11 (Quldurluq, h\u0259d\u0259-qorxu il\u0259 t\u0259l\u0259b etm\u0259, terror\u00e7uluq v\u0259 ya banditizml\u0259 \u0259laq\u0259dar adam \u00f6ld\u00fcrm\u0259), 12.2, 29, 120.2.7 (\u0130ki v\u0259 ya daha \u00e7ox \u015f\u0259xsi \u00f6ld\u00fcrm\u0259y\u0259 c\u0259hd), 12.3, 214.2.1 (Terror\u00e7uluq, qabaqcadan \u0259lbir olan bir qrup \u015f\u0259xs, m\u00fct\u0259\u015f\u0259kkil d\u0259st\u0259 v\u0259 ya cinay\u0259tkar birlik (cinay\u0259tkar t\u0259\u015fkilat) t\u0259r\u0259find\u0259n t\u00f6r\u0259dildikd\u0259;), 12.3, 214.2.3 (Terror\u00e7uluq, odlu silahdan v\u0259 silah qismind\u0259 istifad\u0259 olunan predmetl\u0259rd\u0259n istifad\u0259 etm\u0259kl\u0259 t\u00f6r\u0259dildikd\u0259;) v\u0259 12.2, 228.2.1-ci (Qanunsuz olaraq silah, onun komplekt hiss\u0259l\u0259rini, d\u00f6y\u00fc\u015f sursat\u0131, partlay\u0131c\u0131 madd\u0259l\u0259r v\u0259 qur\u011fular \u0259ld\u0259 etm\u0259, ba\u015fqas\u0131na verm\u0259, satma, saxlama, da\u015f\u0131ma v\u0259 g\u0259zdirm\u0259, qabaqcadan \u0259lbir olan bir qrup \u015f\u0259xs t\u0259r\u0259find\u0259n t\u00f6r\u0259dildikd\u0259) madd\u0259l\u0259ri il\u0259 cinay\u0259t i\u015fi a\u00e7\u0131l\u0131b.<\/em><\/p>\n\n\n\n<p><em>&#8220;Haz\u0131rda istintaq-\u0259m\u0259liyyat t\u0259dbirl\u0259ri h\u0259yata ke\u00e7irilir&#8221;, &#8211; dey\u0259 bildirilir.<\/em><\/p>\n\n\n\n<p><em>DTX \u0130ran \u0130slam Respublikas\u0131n\u0131n aidiyy\u0259ti qurumlar\u0131na apar\u0131lan ara\u015fd\u0131rmalarla ba\u011fl\u0131 z\u0259ruri m\u0259s\u0259l\u0259l\u0259rin h\u0259llin\u0259 dair m\u00fcraci\u0259tin edildiyini d\u0259 vur\u011fulay\u0131b.<\/em><\/p>\n\n\n<div class=\"wp-block-image\">\n<figure class=\"aligncenter size-large\"><img decoding=\"async\" width=\"1200\" height=\"758\" data-src=\"https:\/\/www.meydan.tv\/wp-content\/uploads\/dtx-4-1200x758.jpg\" alt=\"\" class=\"wp-image-261645 lazyload\" src=\"data:image\/svg+xml;base64,PHN2ZyB3aWR0aD0iMSIgaGVpZ2h0PSIxIiB4bWxucz0iaHR0cDovL3d3dy53My5vcmcvMjAwMC9zdmciPjwvc3ZnPg==\" style=\"--smush-placeholder-width: 1200px; --smush-placeholder-aspect-ratio: 1200\/758;\" \/><figcaption class=\"wp-element-caption\">Foto: DTX<\/figcaption><\/figure>\n<\/div>\n\n\n<p><\/p>\n\n\n\n<p><\/p>\n\n\n\n<p><\/p>\n\n\n\n<p><\/p>\n\n\n\n<p><\/p>\n\n\n\n<p><\/p>\n\n\n\n<hr class=\"wp-block-separator has-alpha-channel-opacity\"\/>\n\n\n\n<p><em>Tehran polisinin r\u0259isi H\u00fcseyn R\u0259himi v\u0259zif\u0259sind\u0259n azad olunub.<\/em><\/p>\n\n\n\n<p><em>Onun yerin\u0259 \u0130ran H\u00fcquq-M\u00fchafiz\u0259 Q\u00fcvv\u0259l\u0259ri Komandanl\u0131\u011f\u0131n\u0131n (\u0130ran Polisi) ba\u015f komandan\u0131, general Abbas\u0259li M\u0259h\u0259mm\u0259dian t\u0259yin <a href=\"https:\/\/en.mehrnews.com\/news\/196677\/General-Mohammadian-appointed-as-new-Tehran-Police-chief\" target=\"_blank\" rel=\"noreferrer noopener\">olunub<\/a>.<\/em><\/p>\n\n\n\n<p><em>General H\u00fcseyn R\u0259himi bundan sonra \u0130qtisadi T\u0259hl\u00fck\u0259sizlik Polisinin s\u0259dri v\u0259zif\u0259sind\u0259 \u00e7al\u0131\u015facaq.<\/em><\/p>\n\n\n\n<p><\/p>\n\n\n<div class=\"wp-block-image\">\n<figure class=\"aligncenter size-full is-resized\"><img decoding=\"async\" data-src=\"https:\/\/www.meydan.tv\/wp-content\/uploads\/4405829.jpg\" alt=\"\" class=\"wp-image-266883 lazyload\" width=\"799\" height=\"555\" src=\"data:image\/svg+xml;base64,PHN2ZyB3aWR0aD0iMSIgaGVpZ2h0PSIxIiB4bWxucz0iaHR0cDovL3d3dy53My5vcmcvMjAwMC9zdmciPjwvc3ZnPg==\" style=\"--smush-placeholder-width: 799px; --smush-placeholder-aspect-ratio: 799\/555;\" \/><figcaption class=\"wp-element-caption\"> Abbas\u0259li M\u0259h\u0259mm\u0259dian. Foto: &#8220;mehrnews.com&#8221;<\/figcaption><\/figure>\n<\/div>\n\n\n<p><\/p>\n\n\n\n<hr class=\"wp-block-separator has-alpha-channel-opacity\"\/>\n\n\n\n<p><em>Az\u0259rbaycan Prezidentinin k\u00f6m\u0259k\u00e7isi Hikm\u0259t Hac\u0131yev \u0130srailin Azrbaycandak\u0131 s\u0259firi Corc Dikl\u0259 g\u00f6r\u00fc\u015f\u00fcb.<\/em><\/p>\n\n\n\n<p><em>M\u0259lumat\u0131 israilli diplomat &#8220;Twitter&#8221;d\u0259 <a href=\"https:\/\/twitter.com\/GeorgeDeek\/status\/1618936674758836225?ref_src=twsrc%5Etfw%7Ctwcamp%5Etweetembed%7Ctwterm%5E1618936674758836225%7Ctwgr%5Ee888b5ed0c954b9082fa95199396d00b9f4ccd4f%7Ctwcon%5Es1_&amp;ref_url=https%3A%2F%2Freport.az%2Fxarici-siyaset%2Fhikmet-haciyev-israil-sefiri-ile-gorusub%2F\" target=\"_blank\" rel=\"noreferrer noopener\">yay\u0131b.<\/a><\/em><\/p>\n\n\n\n<p><em>Diplomat g\u00f6r\u00fc\u015fd\u0259 vacib m\u00fczakir\u0259l\u0259r apar\u0131ld\u0131\u011f\u0131n\u0131 qeyd edib:<\/em><\/p>\n\n\n\n<p><em>\u201cAz\u0259rbaycan\u0131n Tehrandak\u0131 s\u0259firliyin\u0259 qar\u015f\u0131 t\u00f6r\u0259dilmi\u015f terror akt\u0131 il\u0259 ba\u011fl\u0131 ba\u015fsa\u011fl\u0131\u011f\u0131 verdim v\u0259 Az\u0259rbaycan xalq\u0131 il\u0259 h\u0259mr\u0259y oldu\u011fumuzu bir daha bildirdim\u201d.<\/em><\/p>\n\n\n\n<figure class=\"wp-block-image size-full\"><img decoding=\"async\" width=\"711\" height=\"598\" data-src=\"https:\/\/www.meydan.tv\/wp-content\/uploads\/fneeutzwaaap_zx.jpg\" alt=\"\" class=\"wp-image-266878 lazyload\" src=\"data:image\/svg+xml;base64,PHN2ZyB3aWR0aD0iMSIgaGVpZ2h0PSIxIiB4bWxucz0iaHR0cDovL3d3dy53My5vcmcvMjAwMC9zdmciPjwvc3ZnPg==\" style=\"--smush-placeholder-width: 711px; --smush-placeholder-aspect-ratio: 711\/598;\" \/><figcaption class=\"wp-element-caption\">Foto: S\u0259firin \u015f\u0259xsi arxivind\u0259n<\/figcaption><\/figure>\n\n\n\n<p><\/p>\n\n\n\n<p><\/p>\n\n\n\n<hr class=\"wp-block-separator has-alpha-channel-opacity\"\/>\n\n\n\n<p><em>T\u0259brizin &#8220;Traxtur&#8221; futbol klubu Az\u0259rbaycan s\u0259firliyin\u0259 silahl\u0131 h\u00fccumla ba\u011fl\u0131 &#8220;Twitter&#8221;d\u0259 payla\u015f\u0131m <a href=\"https:\/\/twitter.com\/TractorOfficial\/status\/1618886208549183489\" target=\"_blank\" rel=\"noreferrer noopener\">edib<\/a>.<\/em><\/p>\n\n\n\n<p><em>&#8220;Qarda\u015f ac\u0131s\u0131n\u0131 sad\u0259c\u0259 qarda\u015f \u00e7\u0259k\u0259r. Tehranda Az\u0259rbaycan s\u0259firliyin\u0259 olan terror h\u00fccumunu \u015fidd\u0259tl\u0259 q\u0131nay\u0131r\u0131q. Terrora son!&#8221;,- dey\u0259, klubun payla\u015f\u0131m\u0131nda qeyd olunub.<\/em><\/p>\n\n\n\n<p><\/p>\n\n\n\n<hr class=\"wp-block-separator has-alpha-channel-opacity\"\/>\n\n\n\n<p><em>\u0130ran\u0131n Az\u0259rbaycandak\u0131 s\u0259firi Seyid Abbas Mus\u0259vi Xarici \u0130\u015fl\u0259r Nazirliyin\u0259 (X\u0130N) \u00e7a\u011f\u0131r\u0131l\u0131b. S\u0259b\u0259b kimi kimi yanvar\u0131n 27-d\u0259 Tehrandak\u0131 s\u0259firliy\u0259 qar\u015f\u0131 terror h\u00fccumu g\u00f6st\u0259rilib.<\/em><\/p>\n\n\n\n<p><em>M\u0259lumat\u0131 Az\u0259rbaycan\u0131n Xarici \u0130\u015fl\u0259r Nazirliyi <a href=\"https:\/\/azertag.az\/xeber\/Iran_sefiri_Azerbaycan_Xarici_Isler_Nazirliyine_chagirilib-2462594\" target=\"_blank\" rel=\"noreferrer noopener\">yay\u0131b<\/a>.<\/em><\/p>\n\n\n\n<p><em>Bildirilib ki, g\u00f6r\u00fc\u015fd\u0259 Az\u0259rbaycan\u0131n Tehrandak\u0131 S\u0259firliyin\u0259 qar\u015f\u0131 t\u00f6r\u0259dilmi\u015f silahl\u0131 basq\u0131n\u0131n, terror akt\u0131n\u0131n \u015fidd\u0259tl\u0259 q\u0131nan\u0131ld\u0131\u011f\u0131, diplomatik n\u00fcmay\u0259nd\u0259likl\u0259r\u0259 qar\u015f\u0131 bu kimi h\u00fccumlar\u0131n q\u0259buledilm\u0259z oldu\u011fu deyilib:<br>&#8220;H\u0259m\u00e7inin, \u201cDiplomatik M\u00fcnasib\u0259tl\u0259r haqq\u0131nda Vyana Konvensiyas\u0131\u201dndan ir\u0259li g\u0259l\u0259r\u0259k n\u00fcmay\u0259nd\u0259liyin binas\u0131n\u0131 h\u0259r c\u00fcr h\u00fccumlardan qorumaq v\u0259 onun \u0259m\u0259kda\u015flar\u0131n\u0131n t\u0259hl\u00fck\u0259sizliyinin t\u0259min edilm\u0259sinin q\u0259bul ed\u0259n t\u0259r\u0259fin v\u0259zif\u0259si oldu\u011fu s\u0259firin diqq\u0259tin\u0259 \u00e7atd\u0131r\u0131l\u0131b. Bu x\u00fcsusda, \u0130ran\u0131n s\u0259lahiyy\u0259tli qurumlar\u0131 t\u0259r\u0259find\u0259n terror akt\u0131n\u0131 t\u00f6r\u0259d\u0259n \u015f\u0259xsin tezlikl\u0259 m\u0259suliyy\u0259t\u0259 c\u0259lb olunmas\u0131, terror akt\u0131n\u0131n h\u0259rt\u0259r\u0259fli ara\u015fd\u0131r\u0131lmas\u0131, cinay\u0259tin t\u0259\u015fkili v\u0259 t\u00f6r\u0259dilm\u0259sind\u0259 \u0259li olan dig\u0259r i\u015ftirak\u00e7\u0131lar\u0131n m\u00fc\u0259yy\u0259nl\u0259\u015fdirilm\u0259si v\u0259 c\u0259zaland\u0131r\u0131lmas\u0131 q\u0259tiyy\u0259tl\u0259 t\u0259l\u0259b olunub&#8221;.<\/em><\/p>\n\n\n<div class=\"wp-block-image\">\n<figure class=\"aligncenter size-full\"><img decoding=\"async\" width=\"1200\" height=\"801\" data-src=\"https:\/\/www.meydan.tv\/wp-content\/uploads\/trend_seyid_abbas_musavi_conference_150920_09.jpg\" alt=\"\" class=\"wp-image-266846 lazyload\" src=\"data:image\/svg+xml;base64,PHN2ZyB3aWR0aD0iMSIgaGVpZ2h0PSIxIiB4bWxucz0iaHR0cDovL3d3dy53My5vcmcvMjAwMC9zdmciPjwvc3ZnPg==\" style=\"--smush-placeholder-width: 1200px; --smush-placeholder-aspect-ratio: 1200\/801;\" \/><figcaption class=\"wp-element-caption\">Seyid Abbas Mus\u0259vi. Foto: Trend<\/figcaption><\/figure>\n<\/div>\n\n\n<p><em>&#8220;Son zamanlar \u0130randa \u00f6lk\u0259miz \u0259leyhin\u0259 planl\u0131 \u015f\u0259kild\u0259 anti-Az\u0259rbaycan kampaniyas\u0131n\u0131n apar\u0131lmas\u0131ndan t\u0259\u0259ss\u00fcf hissi ke\u00e7irildiyi, ba\u015f ver\u0259nl\u0259rin onsuz da m\u00fcr\u0259kk\u0259b olan m\u00fcnasib\u0259tl\u0259ri daha da g\u0259rginl\u0259\u015fdirdiyi diqq\u0259t\u0259 \u00e7atd\u0131r\u0131l\u0131b&#8221;,-dey\u0259 X\u0130N \u0259lav\u0259 edib.<\/em><\/p>\n\n\n\n<p><em>\u0130ran s\u0259firi Seyid Abbas Mus\u0259vi Az\u0259rbaycan s\u0259firliyin\u0259 qar\u015f\u0131 ba\u015f ver\u0259n silahl\u0131 hadis\u0259ni k\u0259skin \u015f\u0259kild\u0259 pisl\u0259y\u0259r\u0259k ba\u015f ver\u0259nl\u0259rd\u0259n d\u0259rin k\u0259d\u0259r hissi ke\u00e7irdiyini, s\u0259firlik \u0259m\u0259kda\u015f\u0131n\u0131n ail\u0259sin\u0259, el\u0259c\u0259 d\u0259 Az\u0259rbaycan h\u00f6kum\u0259tin\u0259 v\u0259 xalq\u0131na d\u0259rin h\u00fcznl\u0259 ba\u015fsa\u011fl\u0131\u011f\u0131 verdiyini bildirib.<\/em><\/p>\n\n\n\n<p><\/p>\n\n\n\n<p><\/p>\n\n\n\n<p><\/p>\n\n\n\n<hr class=\"wp-block-separator has-alpha-channel-opacity\"\/>\n\n\n\n<p><em>&#8220;\u0130randak\u0131 diplomatik missiyam\u0131za qar\u015f\u0131 \u0259vv\u0259ll\u0259r d\u0259 t\u0259hdid c\u0259hdl\u0259ri olub, bu kimi hallar\u0131n qar\u015f\u0131s\u0131n\u0131n al\u0131nmas\u0131, diplomatik missiyalar\u0131m\u0131z\u0131n t\u0259hl\u00fck\u0259sizliyinin t\u0259min edilm\u0259si \u00fc\u00e7\u00fcn t\u0259dbirl\u0259r g\u00f6r\u00fclm\u0259si \u0130ran qar\u015f\u0131s\u0131nda davaml\u0131 qald\u0131r\u0131l\u0131b. T\u0259\u0259ss\u00fcf ki, son qanl\u0131 terror h\u00fccumu bu istiqam\u0259td\u0259 t\u0259kidli m\u00fcraci\u0259tl\u0259rimiz\u0259 laz\u0131mi h\u0259ssasl\u0131q g\u00f6st\u0259rilm\u0259m\u0259sinin a\u011f\u0131r f\u0259sadlar\u0131n\u0131 n\u00fcmayi\u015f etdirir&#8221;.<\/em><\/p>\n\n\n\n<p><em>Bu fikirl\u0259r Az\u0259rbaycan Xarici \u0130\u015fl\u0259r Nazirliyinin yanvar\u0131n 27-d\u0259 yayd\u0131\u011f\u0131 b\u0259yanatda yer <a href=\"https:\/\/www.mfa.gov.az\/az\/news\/no03423\" target=\"_blank\" rel=\"noreferrer noopener\">al\u0131b<\/a>.<\/em><\/p>\n\n\n\n<p><em>Nazirlik bildirib ki, \u0130ran t\u0259r\u0259fi Diplomatik \u018flaq\u0259l\u0259r haqq\u0131nda Vyana Konvensiyas\u0131ndan ir\u0259li g\u0259l\u0259n s\u0259firliyin m\u00fchafiz\u0259sinin v\u0259 onun \u0259m\u0259kda\u015flar\u0131n\u0131n t\u0259hl\u00fck\u0259sizliyinin t\u0259min edilm\u0259si il\u0259 ba\u011fl\u0131 m\u00fcvafiq \u00f6hd\u0259liyini yerin\u0259 yetirm\u0259li idi:<\/em><\/p>\n\n\n\n<p><em>&#8220;Son zamanlar \u0130randa anti-Az\u0259rbaycan kampaniyas\u0131n\u0131n apar\u0131lmas\u0131n\u0131n diplomatik missiyam\u0131za qar\u015f\u0131 bu kimi h\u00fccumlara r\u0259vac verdiyi q\u0259na\u0259tind\u0259yik&#8221;.<\/em><\/p>\n\n\n\n<p><em>\u201c\u0130ran t\u0259r\u0259find\u0259n terror h\u00fccumunu t\u00f6r\u0259d\u0259nl\u0259rin, habel\u0259 bu qanl\u0131 \u0259m\u0259lin sifari\u015f\u00e7il\u0259rinin \u0259n q\u0131sa m\u00fcdd\u0259td\u0259 m\u00fc\u0259yy\u0259n edil\u0259r\u0259k \u0259n s\u0259rt \u015f\u0259kild\u0259 c\u0259zaland\u0131r\u0131lmas\u0131n\u0131 q\u0259tiyy\u0259tl\u0259 t\u0259l\u0259b edirik. Az\u0259rbaycan t\u0259r\u0259fi g\u00fcnahkarlar\u0131n m\u00fc\u0259yy\u0259n edil\u0259r\u0259k layiqli c\u0259za almas\u0131n\u0131 t\u0259min etm\u0259k \u00fc\u00e7\u00fcn m\u00fcvafiq beyn\u0259lxalq mexanizml\u0259rin verdiyi b\u00fct\u00fcn imkanlardan istifad\u0259 ed\u0259c\u0259kdir&#8221;, &#8211; dey\u0259 b\u0259yanatda vur\u011fulan\u0131b.<\/em><\/p>\n\n\n\n<p><\/p>\n\n\n<div class=\"wp-block-image\">\n<figure class=\"aligncenter size-full\"><img decoding=\"async\" width=\"1199\" height=\"797\" data-src=\"https:\/\/www.meydan.tv\/wp-content\/uploads\/xinxariciisler_dsc0018_238.jpg\" alt=\"\" class=\"wp-image-230171 lazyload\" src=\"data:image\/svg+xml;base64,PHN2ZyB3aWR0aD0iMSIgaGVpZ2h0PSIxIiB4bWxucz0iaHR0cDovL3d3dy53My5vcmcvMjAwMC9zdmciPjwvc3ZnPg==\" style=\"--smush-placeholder-width: 1199px; --smush-placeholder-aspect-ratio: 1199\/797;\" \/><figcaption class=\"wp-element-caption\">Foto: X\u0130N<\/figcaption><\/figure>\n<\/div>\n\n\n<p><\/p>\n\n\n\n<p><\/p>\n\n\n\n<p><\/p>\n\n\n\n<p><\/p>\n\n\n\n<p><\/p>\n\n\n\n<p><\/p>\n\n\n\n<p><\/p>\n\n\n\n<hr class=\"wp-block-separator has-alpha-channel-opacity\"\/>\n\n\n\n<p><em>\u0130ran\u0131n Xarici \u0130\u015fl\u0259r Nazirliyinin s\u00f6z\u00e7\u00fcs\u00fc Nasir K\u0259nani d\u0259 ba\u015f vermi\u015f olayla ba\u011fl\u0131 a\u00e7\u0131qlama <a href=\"https:\/\/en.mehrnews.com\/news\/196671\/Serious-investigation-into-attack-on-Azeri-embassy-underway\" target=\"_blank\" rel=\"noreferrer noopener\">yay\u0131b.<\/a><\/em><\/p>\n\n\n\n<p><em>O, hadis\u0259nin y\u00fcks\u0259k s\u0259viyy\u0259d\u0259 ara\u015fd\u0131r\u0131ld\u0131\u011f\u0131n\u0131 deyib:<\/em><\/p>\n\n\n\n<p><em>&#8220;\u00d6lk\u0259mizin siyasi v\u0259 t\u0259hl\u00fck\u0259sizlik orqanlar\u0131n\u0131n x\u00fcsusi g\u00f6st\u0259ri\u015fi il\u0259 bu h\u0259r\u0259k\u0259tin \u00f6l\u00e7\u00fcl\u0259rini v\u0259 h\u00fccumun motivini m\u00fc\u0259yy\u0259n etm\u0259k \u00fc\u00e7\u00fcn m\u0259s\u0259l\u0259 y\u00fcks\u0259k prioritet v\u0259 h\u0259ssasl\u0131qla ara\u015fd\u0131r\u0131l\u0131r&#8221;.<\/em><\/p>\n\n\n\n<p><\/p>\n\n\n<div class=\"wp-block-image\">\n<figure class=\"aligncenter size-full\"><img decoding=\"async\" data-src=\"https:\/\/www.meydan.tv\/wp-content\/uploads\/4359212.jpg\" alt=\"\" class=\"wp-image-266828 lazyload\" src=\"data:image\/svg+xml;base64,PHN2ZyB3aWR0aD0iMSIgaGVpZ2h0PSIxIiB4bWxucz0iaHR0cDovL3d3dy53My5vcmcvMjAwMC9zdmciPjwvc3ZnPg==\" style=\"--smush-placeholder-width: 1200px; --smush-placeholder-aspect-ratio: 1200\/800;\" \/><figcaption class=\"wp-element-caption\">Nasir K\u0259nani. Foto: Mehr agentliyi<\/figcaption><\/figure>\n<\/div>\n\n\n<p><\/p>\n\n\n\n<p><\/p>\n\n\n\n<p><\/p>\n\n\n\n<hr class=\"wp-block-separator has-alpha-channel-opacity\"\/>\n\n\n\n<p><em>Az\u0259rbaycan\u0131n \u0130randak\u0131 s\u0259firliyinin \u0259m\u0259kda\u015flar\u0131 t\u0259xliy\u0259 edilir.<\/em><\/p>\n\n\n\n<p><em>Bu bar\u0259d\u0259 Az\u0259rbaycan Xarici \u0130\u015fl\u0259r Nazirliyinin (X\u0130N) m\u0259tbuat xidm\u0259tinin r\u0259isi Ayxan Hac\u0131zad\u0259 TRT Haber\u0259 <a href=\"https:\/\/www.trthaber.com\/haber\/dunya\/azerbaycan-tahran-buyukelciligini-tahliye-ediyor-741413.html\" target=\"_blank\" rel=\"noreferrer noopener\">bildirib<\/a>.<\/em><\/p>\n\n\n\n<p><em>O qeyd edib ki, s\u0259firliyik \u0259m\u0259kda\u015flar\u0131 Az\u0259rbaycana g\u00f6nd\u0259ril\u0259c\u0259k.<\/em><\/p>\n\n\n\n<p><em>O, h\u0259m\u00e7inin &#8220;Az\u0259rbaycan\u0131n \u0130randak\u0131 s\u0259firliyin\u0259 h\u00fccumun h\u0259yata ke\u00e7irilm\u0259sinin \u015f\u0259xsi z\u0259mind\u0259 oldu\u011funu d\u00fc\u015f\u00fcnm\u00fcr\u00fck\u201d,-dey\u0259 vur\u011fulay\u0131b.<\/em><\/p>\n\n\n\n<p><\/p>\n\n\n\n<hr class=\"wp-block-separator has-alpha-channel-opacity\"\/>\n\n\n\n<p><\/p>\n\n\n\n<p><em>Az\u0259rbaycan Prezidenti \u0130lham \u018fliyev Tehrandak\u0131 s\u0259firliy\u0259 h\u00fccumu pisl\u0259y\u0259n a\u00e7\u0131qlama yay\u0131b.<\/em><\/p>\n\n\n\n<p><em>D\u00f6vl\u0259t ba\u015f\u00e7\u0131s\u0131 s\u0259firliyin m\u00fchafiz\u0259sini t\u0259min ed\u0259rk\u0259n h\u0259lak olan ba\u015f leytenant Orxan \u018fsg\u0259rovun ail\u0259sin\u0259 ba\u015fsa\u011fl\u0131\u011f\u0131 verib.<\/em><\/p>\n\n\n\n<p>&#8220;<em>Bu terror akt\u0131n\u0131n tezlikl\u0259 ara\u015fd\u0131r\u0131laca\u011f\u0131n\u0131 v\u0259 terror\u00e7ular\u0131n c\u0259zaland\u0131r\u0131laca\u011f\u0131n\u0131 t\u0259l\u0259b edirik. Diplomatik n\u00fcmay\u0259nd\u0259likl\u0259r\u0259 qar\u015f\u0131 terror h\u00fccumu q\u0259buledilm\u0259zdir&#8221;,-dey\u0259 \u0130lham \u018fliyev \u0259lav\u0259 edib.<\/em>     <\/p>\n\n\n\n<figure class=\"wp-block-image size-large\"><img decoding=\"async\" width=\"821\" height=\"821\" data-src=\"https:\/\/www.meydan.tv\/wp-content\/uploads\/telegram-cloud-photo-size-2-5377738906943995802-y-821x821.jpg\" alt=\"\" class=\"wp-image-266798 lazyload\" src=\"data:image\/svg+xml;base64,PHN2ZyB3aWR0aD0iMSIgaGVpZ2h0PSIxIiB4bWxucz0iaHR0cDovL3d3dy53My5vcmcvMjAwMC9zdmciPjwvc3ZnPg==\" style=\"--smush-placeholder-width: 821px; --smush-placeholder-aspect-ratio: 821\/821;\" \/><\/figure>\n\n\n\n<p><\/p>\n\n\n\n<p><\/p>\n\n\n\n<p><\/p>\n\n\n\n<p><\/p>\n\n\n\n<p><\/p>\n\n\n\n<p><\/p>\n\n\n\n<hr class=\"wp-block-separator has-alpha-channel-opacity\"\/>\n\n\n\n<p><em>Son iki ild\u0259 Az\u0259rbaycan s\u0259firlikl\u0259rin\u0259 be\u015f h\u00fccum olub.<\/em><\/p>\n\n\n\n<p><em>Az\u0259rbaycan\u0131n NATO yan\u0131nda N\u00fcmay\u0259nd\u0259liyinin r\u0259hb\u0259ri C\u0259f\u0259r H\u00fcseynzad\u0259 Tehrandak\u0131 s\u0259firliy\u0259 silahl\u0131 h\u00fccumla ba\u011fl\u0131 &#8220;Twitter&#8221; hesab\u0131ndak\u0131 payla\u015f\u0131m\u0131nda bel\u0259 <a href=\"https:\/\/twitter.com\/JafarHuseynzade\/status\/1618886224353329152\" target=\"_blank\" rel=\"noreferrer noopener\">yaz\u0131b<\/a>.<\/em><\/p>\n\n\n\n<p><em>C.H\u00fcseynzad\u0259 yaz\u0131b ki, yanvar\u0131n 27-d\u0259 Az\u0259rbaycan\u0131n \u0130randak\u0131 s\u0259firliyin\u0259 silahl\u0131 h\u00fccum olub:<\/em><\/p>\n\n\n\n<p>&#8220;<em>Bir t\u0259hl\u00fck\u0259sizlik \u0259m\u0259kda\u015f\u0131 h\u0259lak olub, ikisi yaralan\u0131b&#8221;.<\/em><\/p>\n\n\n\n<p><em>&#8220;Az\u0259rbaycan\u0131n diplomatik missiyalar\u0131na son 2 ild\u0259 5 h\u00fccum olub. Biz diplomatik missiyalara edil\u0259n ist\u0259nil\u0259n h\u00fccumu q\u0259tiyy\u0259tl\u0259 pisl\u0259yirik v\u0259 ev sahibi \u00f6lk\u0259nin Vyana Konvensiyas\u0131n\u0131 h\u0259yata ke\u00e7irm\u0259y\u0259 \u00e7a\u011f\u0131r\u0131r\u0131q&#8221;, &#8211; dey\u0259 H\u00fcseynzad\u0259 \u0259lav\u0259 edib.<\/em><\/p>\n\n\n\n<p><\/p>\n\n\n\n<p><\/p>\n\n\n\n<p><\/p>\n\n\n\n<p><\/p>\n\n\n\n<hr class=\"wp-block-separator has-alpha-channel-opacity\"\/>\n\n\n\n<p><em>Tehran\u0131n polis r\u0259isi S\u0259rdar H\u00fcseyn R\u0259himi Az\u0259rbaycan s\u0259firliyin\u0259 odlu silahla daxil olan \u015f\u0259xsin h\u0259bs edildiyini <a href=\"https:\/\/en.mehrnews.com\/news\/196668\/Attacker-on-Azerbaijani-embassy-in-Tehran-detained-VIDEO\" target=\"_blank\" rel=\"noreferrer noopener\">a\u00e7\u0131qlay\u0131b.<\/a><\/em><\/p>\n\n\n\n<p><em>\u201cPolis \u0259m\u0259kda\u015flar\u0131n\u0131n \u00e7evik t\u0259dbirl\u0259ri n\u0259tic\u0259sind\u0259 h\u00fccum ed\u0259n \u015f\u0259xs d\u0259rhal tutularaq istintaqa c\u0259lb edilib\u201d, &#8211; dey\u0259 o bildirib.<\/em><\/p>\n\n\n\n<p><em>H\u00fccum ed\u0259nin iki azya\u015fl\u0131 u\u015fa\u011f\u0131 il\u0259 s\u0259firliy\u0259 girdiyini dey\u0259n polis r\u0259isi \u0259lav\u0259 edib ki, ilkin ara\u015fd\u0131rmalar hadis\u0259nin \u015f\u0259xsi v\u0259 ail\u0259 probleml\u0259ri s\u0259b\u0259bind\u0259n ba\u015f verdiyini g\u00f6st\u0259rir.<\/em><\/p>\n\n\n\n<p><em>Tehran Cinay\u0259t M\u0259hk\u0259m\u0259sinin prokuroru saxlan\u0131lan \u015f\u0259xsin ilkin ifad\u0259 verdiyini deyib.<\/em><\/p>\n\n\n<div class=\"wp-block-image\">\n<figure class=\"alignright size-full is-resized\"><img decoding=\"async\" data-src=\"https:\/\/www.meydan.tv\/wp-content\/uploads\/untitled_design__1_-6.png\" alt=\"\" class=\"wp-image-266803 lazyload\" width=\"435\" height=\"436\" src=\"data:image\/svg+xml;base64,PHN2ZyB3aWR0aD0iMSIgaGVpZ2h0PSIxIiB4bWxucz0iaHR0cDovL3d3dy53My5vcmcvMjAwMC9zdmciPjwvc3ZnPg==\" style=\"--smush-placeholder-width: 435px; --smush-placeholder-aspect-ratio: 435\/436;\" \/><\/figure>\n<\/div>\n\n\n<p><em>Onun s\u00f6zl\u0259rin\u0259 g\u00f6r\u0259, saxlan\u0131lan \u015f\u0259xs ibtidai istintaqda iddia edib ki, \u00f6t\u0259n ilin aprelind\u0259 h\u0259yat yolda\u015f\u0131 Az\u0259rbaycan\u0131n Tehrandak\u0131 s\u0259firliyin\u0259 gedib v\u0259 ev\u0259 qay\u0131tmay\u0131b.<\/em><\/p>\n\n\n\n<p><em>\u018fdliyy\u0259 r\u0259smisi \u0259lav\u0259 edib ki, h\u0259min \u015f\u0259xs Tehrandak\u0131 s\u0259firliy\u0259 d\u0259f\u0259l\u0259rl\u0259 m\u00fcraci\u0259t edib, amma h\u0259r hans\u0131 bir cavab ala bilm\u0259yib.<\/em><\/p>\n\n\n\n<p><em>O, h\u0259yat yolda\u015f\u0131n\u0131n s\u0259firlikd\u0259 gizl\u0259ndiyini v\u0259 onunla g\u00f6r\u00fc\u015fm\u0259k ist\u0259m\u0259diyini d\u00fc\u015f\u00fcn\u00fcb.<\/em><\/p>\n\n\n\n<p><em>&#8220;H\u00fccum ed\u0259n \u015f\u0259xs deyib ki, bu g\u00fcn s\u0259h\u0259r m\u0259n art\u0131q \u201cKala\u015fnikov\u201d silah\u0131 il\u0259 s\u0259firliy\u0259 getm\u0259y\u0259 q\u0259rar verdim&#8221;, &#8211; prokuror bel\u0259 deyib.<\/em><\/p>\n\n\n\n<p><em>O daha sonra bildirib ki, h\u00fccum ed\u0259n \u015f\u0259xs m\u0259hk\u0259m\u0259 r\u0259smil\u0259rin\u0259 s\u0259firliy\u0259 h\u00fccumun tamamil\u0259 \u015f\u0259xsi motivli oldu\u011funu deyib.<\/em><\/p>\n\n\n\n<p><\/p>\n\n\n\n<p><\/p>\n\n\n\n<p><\/p>\n\n\n\n<hr class=\"wp-block-separator has-alpha-channel-opacity\"\/>\n\n\n\n<p><\/p>\n\n\n\n<p><em>S\u0259firliyin m\u00fchafiz\u0259 xidm\u0259tinin r\u0259isi h\u0259lak olub, iki n\u0259f\u0259r yaralan\u0131b<\/em><\/p>\n\n\n\n<p>Yanvar\u0131n 27-d\u0259 Bak\u0131 vaxt\u0131 il\u0259 s\u0259h\u0259r saat 8:30 rad\u0259l\u0259rind\u0259 Az\u0259rbaycan\u0131n \u0130ran \u0130slam Respublikas\u0131ndak\u0131 s\u0259firliyin\u0259 silahl\u0131 h\u00fccum oldu\u011fu bildirilir.<\/p>\n\n\n\n<p>Bu bar\u0259d\u0259 Az\u0259rbaycan Xarici \u0130\u015fl\u0259r Nazirliyi (X\u0130N) m\u0259lumat <a href=\"https:\/\/www.mfa.gov.az\/az\/news\/no03323\" target=\"_blank\" rel=\"noreferrer noopener\">yay\u0131b.<\/a><\/p>\n\n\n\n<p>H\u00fccum ed\u0259n \u015f\u0259xsin &#8220;Kala\u015fnikov&#8221; markal\u0131 avtomatla m\u00fchafiz\u0259 postunu yard\u0131\u011f\u0131 qeyd olunub.<\/p>\n\n\n<div class=\"wp-block-image\">\n<figure class=\"alignleft size-full is-resized\"><img decoding=\"async\" data-src=\"https:\/\/www.meydan.tv\/wp-content\/uploads\/untitled-design-8-24.jpg\" alt=\"\" class=\"wp-image-266816 lazyload\" width=\"437\" height=\"291\" src=\"data:image\/svg+xml;base64,PHN2ZyB3aWR0aD0iMSIgaGVpZ2h0PSIxIiB4bWxucz0iaHR0cDovL3d3dy53My5vcmcvMjAwMC9zdmciPjwvc3ZnPg==\" style=\"--smush-placeholder-width: 437px; --smush-placeholder-aspect-ratio: 437\/291;\" \/><figcaption class=\"wp-element-caption\">Silahl\u0131 h\u00fccum zaman\u0131 h\u0259lak olan s\u0259firlik \u0259m\u0259kda\u015f\u0131 Orxan \u018fsg\u0259rov<\/figcaption><\/figure>\n<\/div>\n\n\n<p>Bildirilir ki, h\u00fccum n\u0259tic\u0259sind\u0259 m\u00fchafiz\u0259 xidm\u0259tinin r\u0259isi q\u0259tl\u0259 yetirilib: <\/p>\n\n\n\n<p>&#8220;S\u0259firliyin iki m\u00fchafiz\u0259 \u0259m\u0259kda\u015f\u0131 da h\u00fccumun qar\u015f\u0131s\u0131n\u0131 alark\u0259n yaralan\u0131b. Onlar\u0131n v\u0259ziyy\u0259ti q\u0259na\u0259tb\u0259x\u015fdir&#8221;.<\/p>\n\n\n\n<p>X\u0130N \u0259lav\u0259 edib ki, haz\u0131rda bu &#8220;xain h\u00fccum&#8221;la ba\u011fl\u0131 ara\u015fd\u0131rma gedir: <\/p>\n\n\n\n<p>&#8220;M\u0259s\u0259l\u0259nin t\u0259f\u0259rr\u00fcat\u0131 bar\u0259d\u0259 ictimaiyy\u0259t\u0259 \u0259lav\u0259 m\u0259lumat veril\u0259c\u0259k&#8221;.<\/p>\n\n\n\n<p>Ancaq nazirlik q\u0259tl\u0259 yetiril\u0259n \u015f\u0259xsin kimliyini a\u00e7\u0131qlamay\u0131b. <\/p>\n\n\n\n<p><\/p>\n\n\n\n<p><\/p>\n\n\n\n<p><\/p>\n\n\n\n<p><strong>Xat\u0131rlatma<\/strong><\/p>\n\n\n\n<p>2022-ci ild\u0259 Az\u0259rbaycan\u0131n xarici \u00f6lk\u0259l\u0259rd\u0259ki s\u0259firlikl\u0259rin\u0259 3 d\u0259f\u0259 m\u00fcxt\u0259lif formalarda h\u00fccumlar olub.<\/p>\n\n\n\n<p>\u0130lk h\u00fccum Az\u0259rbaycan\u0131n B\u00f6y\u00fck Britaniyadak\u0131 s\u0259friliyin\u0259 olmu\u015fdu.<\/p>\n\n\n\n<p>Avqustun 4-d\u0259 ba\u015f ver\u0259n hadis\u0259nin bir qrup radikal dini d\u0259st\u0259nin \u00fczvl\u0259rinin t\u00f6r\u0259tdiyi deyilirdi.<\/p>\n\n\n\n<p>M\u0259lumatda Londondak\u0131 s\u0259firliy\u0259 h\u00fccumun m\u0259suliyy\u0259tini \u201cMehdi Xidm\u0259t\u00e7il\u0259ri\u201d \u015fi\u0259 ekstremist qrupla\u015fman\u0131n \u00f6z \u00fcz\u0259rin\u0259 g\u00f6t\u00fcrd\u00fcy\u00fc <a href=\"https:\/\/www.meydan.tv\/az\/article\/mehdi-xidmetcilerinin-azerbaycanin-boyuk-britaniyadaki-sefirliyine-hucumu-oz-uzerine-goturduyu-bildirilir\/\" target=\"_blank\" rel=\"noreferrer noopener\">bildirildi<\/a>.<\/p>\n\n\n\n<p>N\u00f6vb\u0259ti hadis\u0259 Fransada ya\u015fand\u0131.<\/p>\n\n\n\n<p>Oktyabr\u0131n 1-d\u0259 Az\u0259rbaycan\u0131n Parisd\u0259ki s\u0259firliyin\u0259 erm\u0259ni qruplar\u0131n h\u00fccum etdiyi qeyd olundu.<\/p>\n\n\n\n<p>Bu bar\u0259d\u0259 Az\u0259rbaycan\u0131n Fransaya verdiyi notada bildirilirdi:<\/p>\n\n\n\n<p>\u201cH\u00fccumun oktyabr\u0131n 1-d\u0259 gec\u0259 saatlar\u0131nda ba\u015f verdiyi, bir qrup radikal erm\u0259ni t\u0259r\u0259find\u0259n S\u0259firliyin inzibati binas\u0131na q\u0131rm\u0131z\u0131 r\u0259ngli boya at\u0131ld\u0131\u011f\u0131 v\u0259 binan\u0131n \u00fcz\u0259rin\u0259 Az\u0259rbaycan \u0259leyhin\u0259 t\u0259hqiramiz ifad\u0259l\u0259r yaz\u0131ld\u0131\u011f\u0131 s\u0259firin diqq\u0259tin\u0259 <a href=\"https:\/\/www.meydan.tv\/az\/article\/azerbaycan-fransadan-tezminat-teleb-edir\/\" target=\"_blank\" rel=\"noreferrer noopener\">\u00e7atd\u0131r\u0131l\u0131b\u201d<\/a>.<\/p>\n\n\n\n<p>Oktyabr\u0131n 10-dan 11-n\u0259 ke\u00e7\u0259n gec\u0259 is\u0259 Az\u0259rbaycan\u0131n Va\u015f\u0131nqtondak\u0131 s\u0259firliyinin xidm\u0259ti avtomobilin\u0259 at\u0259\u015f a\u00e7\u0131ld\u0131\u011f\u0131 haqda x\u0259b\u0259r yay\u0131ld\u0131.<\/p>\n\n\n\n<p>Az\u0259rbaycan Xarici \u0130\u015fl\u0259r Nazirliyinin (X\u0130N) a\u00e7\u0131qlamas\u0131nda bildirilirdi ki, hadis\u0259 il\u0259 ba\u011fl\u0131 AB\u015e-\u0131n m\u00fcvafiq qurumlar\u0131na kamera g\u00f6r\u00fcnt\u00fcl\u0259ri t\u0259qdim edilib.<\/p>\n\n\n\n<p>M\u0259s\u0259l\u0259 il\u0259 \u0259laq\u0259dar AB\u015e-\u0131n Az\u0259rbaycandak\u0131 m\u00fcv\u0259qq\u0259ti i\u015fl\u0259r v\u0259kili oktyabr\u0131n 12-d\u0259 nazirliy\u0259 d\u0259v\u0259t edilib, ona ba\u015f vermi\u015f hadis\u0259 bar\u0259d\u0259 m\u0259lumat verilib.<\/p>\n\n\n\n<p>\u201cSon zamanlar xarici \u00f6lk\u0259l\u0259rd\u0259ki erm\u0259ni icmalar\u0131n\u0131n radikal \u00fczvl\u0259ri Az\u0259rbaycan\u0131n diplomatik n\u00fcmay\u0259nd\u0259likl\u0259rin\u0259 qar\u015f\u0131 h\u00fccumlar edir. Daha \u00f6nc\u0259 Va\u015finqton, Paris, Beyrut v\u0259 dig\u0259r \u015f\u0259h\u0259rl\u0259rd\u0259 Az\u0259rbaycan s\u0259firlikl\u0259rin\u0259 h\u00fccumlar olub. Bu, ciddi narahatl\u0131q do\u011furur\u201d, &#8211; dey\u0259 s\u0259firlik <a href=\"https:\/\/www.meydan.tv\/az\/article\/xin-azerbaycanin-abs-daki-sefirliyinin-avtomobili-atese-tutulub\/\" target=\"_blank\" rel=\"noreferrer noopener\">bildirib<\/a>.<\/p>\n","protected":false},"excerpt":{"rendered":"<p>AB\u015e Tehranda Az\u0259rbaycan s\u0259firliyin\u0259 edil\u0259n h\u00fccumu pisl\u0259yib. Yanvar\u0131n 27-d\u0259 ke\u00e7irdiyi &#8230; <\/p>\n<p class=\"read-more-container\"><a title=\"Az\u0259rbaycan\u0131n \u0130randak\u0131 s\u0259firliyin\u0259 silahl\u0131 h\u00fccum: \u00f6l\u0259n v\u0259 yaralanan var (yenil\u0259nir)\" class=\"read-more button\" href=\"https:\/\/www.meydan.tv\/az\/article\/azerbaycanin-irandaki-sefirliyine-silahli-hucum-olen-ve-yaralanan-var\/#more-266787\" aria-label=\"Read more about Az\u0259rbaycan\u0131n \u0130randak\u0131 s\u0259firliyin\u0259 silahl\u0131 h\u00fccum: \u00f6l\u0259n v\u0259 yaralanan var (yenil\u0259nir)\">Davam\u0131<\/a><\/p>\n","protected":false},"author":8,"featured_media":266854,"comment_status":"closed","ping_status":"closed","sticky":false,"template":"","format":"standard","meta":{"_acf_changed":false,"_sitemap_exclude":false,"_sitemap_priority":"","_sitemap_frequency":"","footnotes":""},"categories":[59,79,56],"tags":[],"class_list":["post-266787","post","type-post","status-publish","format-standard","has-post-thumbnail","hentry","category-siyaset","category-featured","category-xeberler","infinite-scroll-item","generate-columns","tablet-grid-50","mobile-grid-100","grid-parent","grid-33","no-featured-image-padding"],"acf":[],"yoast_head":"<!-- This site is optimized with the Yoast SEO plugin v27.4 - https:\/\/yoast.com\/product\/yoast-seo-wordpress\/ -->\n<title>Az\u0259rbaycan\u0131n \u0130randak\u0131 s\u0259firliyin\u0259 silahl\u0131 h\u00fccum: \u00f6l\u0259n v\u0259 yaralanan var (yenil\u0259nir) - MEYDAN.TV<\/title>\n<meta name=\"robots\" content=\"index, follow, max-snippet:-1, max-image-preview:large, max-video-preview:-1\" \/>\n<link rel=\"canonical\" href=\"https:\/\/www.meydan.tv\/az\/article\/azerbaycanin-irandaki-sefirliyine-silahli-hucum-olen-ve-yaralanan-var\/\" \/>\n<meta property=\"og:locale\" content=\"az_AZ\" \/>\n<meta property=\"og:type\" content=\"article\" \/>\n<meta property=\"og:title\" content=\"Az\u0259rbaycan\u0131n \u0130randak\u0131 s\u0259firliyin\u0259 silahl\u0131 h\u00fccum: \u00f6l\u0259n v\u0259 yaralanan var (yenil\u0259nir) - MEYDAN.TV\" \/>\n<meta property=\"og:description\" content=\"AB\u015e Tehranda Az\u0259rbaycan s\u0259firliyin\u0259 edil\u0259n h\u00fccumu pisl\u0259yib. Yanvar\u0131n 27-d\u0259 ke\u00e7irdiyi ... Davam\u0131\" \/>\n<meta property=\"og:url\" content=\"https:\/\/www.meydan.tv\/az\/article\/azerbaycanin-irandaki-sefirliyine-silahli-hucum-olen-ve-yaralanan-var\/\" \/>\n<meta property=\"og:site_name\" content=\"MEYDAN.TV\" \/>\n<meta property=\"article:published_time\" content=\"2023-01-27T07:10:23+00:00\" \/>\n<meta property=\"article:modified_time\" content=\"2023-01-27T19:32:30+00:00\" \/>\n<meta property=\"og:image\" content=\"https:\/\/www.meydan.tv\/wp-content\/uploads\/2023-01-27t084242z_972779151_rc2wyy9sleot_rtrmadp_3_azerbaijan-embassy-iran_720.jpg\" \/>\n\t<meta property=\"og:image:width\" content=\"1200\" \/>\n\t<meta property=\"og:image:height\" content=\"800\" \/>\n\t<meta property=\"og:image:type\" content=\"image\/jpeg\" \/>\n<meta name=\"author\" content=\"elli\" \/>\n<meta name=\"twitter:card\" content=\"summary_large_image\" \/>\n<meta name=\"twitter:creator\" content=\"@elli\" \/>\n<script type=\"application\/ld+json\" class=\"yoast-schema-graph\">{\"@context\":\"https:\\\/\\\/schema.org\",\"@graph\":[{\"@type\":\"Article\",\"@id\":\"https:\\\/\\\/www.meydan.tv\\\/az\\\/article\\\/azerbaycanin-irandaki-sefirliyine-silahli-hucum-olen-ve-yaralanan-var\\\/#article\",\"isPartOf\":{\"@id\":\"https:\\\/\\\/www.meydan.tv\\\/az\\\/article\\\/azerbaycanin-irandaki-sefirliyine-silahli-hucum-olen-ve-yaralanan-var\\\/\"},\"author\":{\"name\":\"elli\",\"@id\":\"https:\\\/\\\/www.meydan.tv\\\/az\\\/#\\\/schema\\\/person\\\/9cdbecf90d17180ce1dfbd95b08dcf47\"},\"headline\":\"Az\u0259rbaycan\u0131n \u0130randak\u0131 s\u0259firliyin\u0259 silahl\u0131 h\u00fccum: \u00f6l\u0259n v\u0259 yaralanan var (yenil\u0259nir)\",\"datePublished\":\"2023-01-27T07:10:23+00:00\",\"dateModified\":\"2023-01-27T19:32:30+00:00\",\"mainEntityOfPage\":{\"@id\":\"https:\\\/\\\/www.meydan.tv\\\/az\\\/article\\\/azerbaycanin-irandaki-sefirliyine-silahli-hucum-olen-ve-yaralanan-var\\\/\"},\"wordCount\":3011,\"publisher\":{\"@id\":\"https:\\\/\\\/www.meydan.tv\\\/az\\\/#organization\"},\"image\":{\"@id\":\"https:\\\/\\\/www.meydan.tv\\\/az\\\/article\\\/azerbaycanin-irandaki-sefirliyine-silahli-hucum-olen-ve-yaralanan-var\\\/#primaryimage\"},\"thumbnailUrl\":\"https:\\\/\\\/www.meydan.tv\\\/wp-content\\\/uploads\\\/2023-01-27t084242z_972779151_rc2wyy9sleot_rtrmadp_3_azerbaijan-embassy-iran_720.jpg\",\"articleSection\":[\"Siyas\u0259t\",\"T\u00f6vsiy\u0259\",\"X\u0259b\u0259rl\u0259r\"],\"inLanguage\":\"az\"},{\"@type\":\"WebPage\",\"@id\":\"https:\\\/\\\/www.meydan.tv\\\/az\\\/article\\\/azerbaycanin-irandaki-sefirliyine-silahli-hucum-olen-ve-yaralanan-var\\\/\",\"url\":\"https:\\\/\\\/www.meydan.tv\\\/az\\\/article\\\/azerbaycanin-irandaki-sefirliyine-silahli-hucum-olen-ve-yaralanan-var\\\/\",\"name\":\"Az\u0259rbaycan\u0131n \u0130randak\u0131 s\u0259firliyin\u0259 silahl\u0131 h\u00fccum: \u00f6l\u0259n v\u0259 yaralanan var (yenil\u0259nir) - MEYDAN.TV\",\"isPartOf\":{\"@id\":\"https:\\\/\\\/www.meydan.tv\\\/az\\\/#website\"},\"primaryImageOfPage\":{\"@id\":\"https:\\\/\\\/www.meydan.tv\\\/az\\\/article\\\/azerbaycanin-irandaki-sefirliyine-silahli-hucum-olen-ve-yaralanan-var\\\/#primaryimage\"},\"image\":{\"@id\":\"https:\\\/\\\/www.meydan.tv\\\/az\\\/article\\\/azerbaycanin-irandaki-sefirliyine-silahli-hucum-olen-ve-yaralanan-var\\\/#primaryimage\"},\"thumbnailUrl\":\"https:\\\/\\\/www.meydan.tv\\\/wp-content\\\/uploads\\\/2023-01-27t084242z_972779151_rc2wyy9sleot_rtrmadp_3_azerbaijan-embassy-iran_720.jpg\",\"datePublished\":\"2023-01-27T07:10:23+00:00\",\"dateModified\":\"2023-01-27T19:32:30+00:00\",\"breadcrumb\":{\"@id\":\"https:\\\/\\\/www.meydan.tv\\\/az\\\/article\\\/azerbaycanin-irandaki-sefirliyine-silahli-hucum-olen-ve-yaralanan-var\\\/#breadcrumb\"},\"inLanguage\":\"az\",\"potentialAction\":[{\"@type\":\"ReadAction\",\"target\":[\"https:\\\/\\\/www.meydan.tv\\\/az\\\/article\\\/azerbaycanin-irandaki-sefirliyine-silahli-hucum-olen-ve-yaralanan-var\\\/\"]}]},{\"@type\":\"ImageObject\",\"inLanguage\":\"az\",\"@id\":\"https:\\\/\\\/www.meydan.tv\\\/az\\\/article\\\/azerbaycanin-irandaki-sefirliyine-silahli-hucum-olen-ve-yaralanan-var\\\/#primaryimage\",\"url\":\"https:\\\/\\\/www.meydan.tv\\\/wp-content\\\/uploads\\\/2023-01-27t084242z_972779151_rc2wyy9sleot_rtrmadp_3_azerbaijan-embassy-iran_720.jpg\",\"contentUrl\":\"https:\\\/\\\/www.meydan.tv\\\/wp-content\\\/uploads\\\/2023-01-27t084242z_972779151_rc2wyy9sleot_rtrmadp_3_azerbaijan-embassy-iran_720.jpg\",\"width\":1200,\"height\":800,\"caption\":\"Az\u0259rbaycan\u0131n Tehrandak\u0131 s\u0259firliyi. Foto: Reuters\"},{\"@type\":\"BreadcrumbList\",\"@id\":\"https:\\\/\\\/www.meydan.tv\\\/az\\\/article\\\/azerbaycanin-irandaki-sefirliyine-silahli-hucum-olen-ve-yaralanan-var\\\/#breadcrumb\",\"itemListElement\":[{\"@type\":\"ListItem\",\"position\":1,\"name\":\"Ana s\u0259hif\u0259\",\"item\":\"https:\\\/\\\/www.meydan.tv\\\/az\\\/\"},{\"@type\":\"ListItem\",\"position\":2,\"name\":\"Siyas\u0259t\",\"item\":\"https:\\\/\\\/www.meydan.tv\\\/az\\\/section\\\/siyaset\\\/\"},{\"@type\":\"ListItem\",\"position\":3,\"name\":\"Az\u0259rbaycan\u0131n \u0130randak\u0131 s\u0259firliyin\u0259 silahl\u0131 h\u00fccum: \u00f6l\u0259n v\u0259 yaralanan var (yenil\u0259nir)\"}]},{\"@type\":\"WebSite\",\"@id\":\"https:\\\/\\\/www.meydan.tv\\\/az\\\/#website\",\"url\":\"https:\\\/\\\/www.meydan.tv\\\/az\\\/\",\"name\":\"MEYDAN.TV\",\"description\":\"Meydan TV Az\u0259rbaycan\u0131n media m\u0259kan\u0131ndak\u0131 alternativ s\u0259sidir\",\"publisher\":{\"@id\":\"https:\\\/\\\/www.meydan.tv\\\/az\\\/#organization\"},\"potentialAction\":[{\"@type\":\"SearchAction\",\"target\":{\"@type\":\"EntryPoint\",\"urlTemplate\":\"https:\\\/\\\/www.meydan.tv\\\/az\\\/?s={search_term_string}\"},\"query-input\":{\"@type\":\"PropertyValueSpecification\",\"valueRequired\":true,\"valueName\":\"search_term_string\"}}],\"inLanguage\":\"az\"},{\"@type\":\"Organization\",\"@id\":\"https:\\\/\\\/www.meydan.tv\\\/az\\\/#organization\",\"name\":\"Meydan TV\",\"url\":\"https:\\\/\\\/www.meydan.tv\\\/az\\\/\",\"logo\":{\"@type\":\"ImageObject\",\"inLanguage\":\"az\",\"@id\":\"https:\\\/\\\/www.meydan.tv\\\/az\\\/#\\\/schema\\\/logo\\\/image\\\/\",\"url\":\"https:\\\/\\\/www.meydan.tv\\\/wp-content\\\/uploads\\\/2021\\\/07\\\/meydan-logo.svg\",\"contentUrl\":\"https:\\\/\\\/www.meydan.tv\\\/wp-content\\\/uploads\\\/2021\\\/07\\\/meydan-logo.svg\",\"width\":195,\"height\":46,\"caption\":\"Meydan TV\"},\"image\":{\"@id\":\"https:\\\/\\\/www.meydan.tv\\\/az\\\/#\\\/schema\\\/logo\\\/image\\\/\"}},{\"@type\":\"Person\",\"@id\":\"https:\\\/\\\/www.meydan.tv\\\/az\\\/#\\\/schema\\\/person\\\/9cdbecf90d17180ce1dfbd95b08dcf47\",\"name\":\"elli\",\"sameAs\":[\"https:\\\/\\\/x.com\\\/elli\"]}]}<\/script>\n<!-- \/ Yoast SEO plugin. -->","yoast_head_json":{"title":"Az\u0259rbaycan\u0131n \u0130randak\u0131 s\u0259firliyin\u0259 silahl\u0131 h\u00fccum: \u00f6l\u0259n v\u0259 yaralanan var (yenil\u0259nir) - MEYDAN.TV","robots":{"index":"index","follow":"follow","max-snippet":"max-snippet:-1","max-image-preview":"max-image-preview:large","max-video-preview":"max-video-preview:-1"},"canonical":"https:\/\/www.meydan.tv\/az\/article\/azerbaycanin-irandaki-sefirliyine-silahli-hucum-olen-ve-yaralanan-var\/","og_locale":"az_AZ","og_type":"article","og_title":"Az\u0259rbaycan\u0131n \u0130randak\u0131 s\u0259firliyin\u0259 silahl\u0131 h\u00fccum: \u00f6l\u0259n v\u0259 yaralanan var (yenil\u0259nir) - MEYDAN.TV","og_description":"AB\u015e Tehranda Az\u0259rbaycan s\u0259firliyin\u0259 edil\u0259n h\u00fccumu pisl\u0259yib. Yanvar\u0131n 27-d\u0259 ke\u00e7irdiyi ... Davam\u0131","og_url":"https:\/\/www.meydan.tv\/az\/article\/azerbaycanin-irandaki-sefirliyine-silahli-hucum-olen-ve-yaralanan-var\/","og_site_name":"MEYDAN.TV","article_published_time":"2023-01-27T07:10:23+00:00","article_modified_time":"2023-01-27T19:32:30+00:00","og_image":[{"width":1200,"height":800,"url":"https:\/\/www.meydan.tv\/wp-content\/uploads\/2023-01-27t084242z_972779151_rc2wyy9sleot_rtrmadp_3_azerbaijan-embassy-iran_720.jpg","type":"image\/jpeg"}],"author":"elli","twitter_card":"summary_large_image","twitter_creator":"@elli","schema":{"@context":"https:\/\/schema.org","@graph":[{"@type":"Article","@id":"https:\/\/www.meydan.tv\/az\/article\/azerbaycanin-irandaki-sefirliyine-silahli-hucum-olen-ve-yaralanan-var\/#article","isPartOf":{"@id":"https:\/\/www.meydan.tv\/az\/article\/azerbaycanin-irandaki-sefirliyine-silahli-hucum-olen-ve-yaralanan-var\/"},"author":{"name":"elli","@id":"https:\/\/www.meydan.tv\/az\/#\/schema\/person\/9cdbecf90d17180ce1dfbd95b08dcf47"},"headline":"Az\u0259rbaycan\u0131n \u0130randak\u0131 s\u0259firliyin\u0259 silahl\u0131 h\u00fccum: \u00f6l\u0259n v\u0259 yaralanan var (yenil\u0259nir)","datePublished":"2023-01-27T07:10:23+00:00","dateModified":"2023-01-27T19:32:30+00:00","mainEntityOfPage":{"@id":"https:\/\/www.meydan.tv\/az\/article\/azerbaycanin-irandaki-sefirliyine-silahli-hucum-olen-ve-yaralanan-var\/"},"wordCount":3011,"publisher":{"@id":"https:\/\/www.meydan.tv\/az\/#organization"},"image":{"@id":"https:\/\/www.meydan.tv\/az\/article\/azerbaycanin-irandaki-sefirliyine-silahli-hucum-olen-ve-yaralanan-var\/#primaryimage"},"thumbnailUrl":"https:\/\/www.meydan.tv\/wp-content\/uploads\/2023-01-27t084242z_972779151_rc2wyy9sleot_rtrmadp_3_azerbaijan-embassy-iran_720.jpg","articleSection":["Siyas\u0259t","T\u00f6vsiy\u0259","X\u0259b\u0259rl\u0259r"],"inLanguage":"az"},{"@type":"WebPage","@id":"https:\/\/www.meydan.tv\/az\/article\/azerbaycanin-irandaki-sefirliyine-silahli-hucum-olen-ve-yaralanan-var\/","url":"https:\/\/www.meydan.tv\/az\/article\/azerbaycanin-irandaki-sefirliyine-silahli-hucum-olen-ve-yaralanan-var\/","name":"Az\u0259rbaycan\u0131n \u0130randak\u0131 s\u0259firliyin\u0259 silahl\u0131 h\u00fccum: \u00f6l\u0259n v\u0259 yaralanan var (yenil\u0259nir) - MEYDAN.TV","isPartOf":{"@id":"https:\/\/www.meydan.tv\/az\/#website"},"primaryImageOfPage":{"@id":"https:\/\/www.meydan.tv\/az\/article\/azerbaycanin-irandaki-sefirliyine-silahli-hucum-olen-ve-yaralanan-var\/#primaryimage"},"image":{"@id":"https:\/\/www.meydan.tv\/az\/article\/azerbaycanin-irandaki-sefirliyine-silahli-hucum-olen-ve-yaralanan-var\/#primaryimage"},"thumbnailUrl":"https:\/\/www.meydan.tv\/wp-content\/uploads\/2023-01-27t084242z_972779151_rc2wyy9sleot_rtrmadp_3_azerbaijan-embassy-iran_720.jpg","datePublished":"2023-01-27T07:10:23+00:00","dateModified":"2023-01-27T19:32:30+00:00","breadcrumb":{"@id":"https:\/\/www.meydan.tv\/az\/article\/azerbaycanin-irandaki-sefirliyine-silahli-hucum-olen-ve-yaralanan-var\/#breadcrumb"},"inLanguage":"az","potentialAction":[{"@type":"ReadAction","target":["https:\/\/www.meydan.tv\/az\/article\/azerbaycanin-irandaki-sefirliyine-silahli-hucum-olen-ve-yaralanan-var\/"]}]},{"@type":"ImageObject","inLanguage":"az","@id":"https:\/\/www.meydan.tv\/az\/article\/azerbaycanin-irandaki-sefirliyine-silahli-hucum-olen-ve-yaralanan-var\/#primaryimage","url":"https:\/\/www.meydan.tv\/wp-content\/uploads\/2023-01-27t084242z_972779151_rc2wyy9sleot_rtrmadp_3_azerbaijan-embassy-iran_720.jpg","contentUrl":"https:\/\/www.meydan.tv\/wp-content\/uploads\/2023-01-27t084242z_972779151_rc2wyy9sleot_rtrmadp_3_azerbaijan-embassy-iran_720.jpg","width":1200,"height":800,"caption":"Az\u0259rbaycan\u0131n Tehrandak\u0131 s\u0259firliyi. Foto: Reuters"},{"@type":"BreadcrumbList","@id":"https:\/\/www.meydan.tv\/az\/article\/azerbaycanin-irandaki-sefirliyine-silahli-hucum-olen-ve-yaralanan-var\/#breadcrumb","itemListElement":[{"@type":"ListItem","position":1,"name":"Ana s\u0259hif\u0259","item":"https:\/\/www.meydan.tv\/az\/"},{"@type":"ListItem","position":2,"name":"Siyas\u0259t","item":"https:\/\/www.meydan.tv\/az\/section\/siyaset\/"},{"@type":"ListItem","position":3,"name":"Az\u0259rbaycan\u0131n \u0130randak\u0131 s\u0259firliyin\u0259 silahl\u0131 h\u00fccum: \u00f6l\u0259n v\u0259 yaralanan var (yenil\u0259nir)"}]},{"@type":"WebSite","@id":"https:\/\/www.meydan.tv\/az\/#website","url":"https:\/\/www.meydan.tv\/az\/","name":"MEYDAN.TV","description":"Meydan TV Az\u0259rbaycan\u0131n media m\u0259kan\u0131ndak\u0131 alternativ s\u0259sidir","publisher":{"@id":"https:\/\/www.meydan.tv\/az\/#organization"},"potentialAction":[{"@type":"SearchAction","target":{"@type":"EntryPoint","urlTemplate":"https:\/\/www.meydan.tv\/az\/?s={search_term_string}"},"query-input":{"@type":"PropertyValueSpecification","valueRequired":true,"valueName":"search_term_string"}}],"inLanguage":"az"},{"@type":"Organization","@id":"https:\/\/www.meydan.tv\/az\/#organization","name":"Meydan TV","url":"https:\/\/www.meydan.tv\/az\/","logo":{"@type":"ImageObject","inLanguage":"az","@id":"https:\/\/www.meydan.tv\/az\/#\/schema\/logo\/image\/","url":"https:\/\/www.meydan.tv\/wp-content\/uploads\/2021\/07\/meydan-logo.svg","contentUrl":"https:\/\/www.meydan.tv\/wp-content\/uploads\/2021\/07\/meydan-logo.svg","width":195,"height":46,"caption":"Meydan TV"},"image":{"@id":"https:\/\/www.meydan.tv\/az\/#\/schema\/logo\/image\/"}},{"@type":"Person","@id":"https:\/\/www.meydan.tv\/az\/#\/schema\/person\/9cdbecf90d17180ce1dfbd95b08dcf47","name":"elli","sameAs":["https:\/\/x.com\/elli"]}]}},"_links":{"self":[{"href":"https:\/\/www.meydan.tv\/az\/wp-json\/wp\/v2\/posts\/266787","targetHints":{"allow":["GET"]}}],"collection":[{"href":"https:\/\/www.meydan.tv\/az\/wp-json\/wp\/v2\/posts"}],"about":[{"href":"https:\/\/www.meydan.tv\/az\/wp-json\/wp\/v2\/types\/post"}],"author":[{"embeddable":true,"href":"https:\/\/www.meydan.tv\/az\/wp-json\/wp\/v2\/users\/8"}],"replies":[{"embeddable":true,"href":"https:\/\/www.meydan.tv\/az\/wp-json\/wp\/v2\/comments?post=266787"}],"version-history":[{"count":27,"href":"https:\/\/www.meydan.tv\/az\/wp-json\/wp\/v2\/posts\/266787\/revisions"}],"predecessor-version":[{"id":266926,"href":"https:\/\/www.meydan.tv\/az\/wp-json\/wp\/v2\/posts\/266787\/revisions\/266926"}],"wp:featuredmedia":[{"embeddable":true,"href":"https:\/\/www.meydan.tv\/az\/wp-json\/wp\/v2\/media\/266854"}],"wp:attachment":[{"href":"https:\/\/www.meydan.tv\/az\/wp-json\/wp\/v2\/media?parent=266787"}],"wp:term":[{"taxonomy":"category","embeddable":true,"href":"https:\/\/www.meydan.tv\/az\/wp-json\/wp\/v2\/categories?post=266787"},{"taxonomy":"post_tag","embeddable":true,"href":"https:\/\/www.meydan.tv\/az\/wp-json\/wp\/v2\/tags?post=266787"}],"curies":[{"name":"wp","href":"https:\/\/api.w.org\/{rel}","templated":true}]}}