{"id":266749,"date":"2023-01-26T16:42:23","date_gmt":"2023-01-26T12:42:23","guid":{"rendered":"https:\/\/www.meydan.tv\/?p=266749"},"modified":"2023-01-26T18:03:36","modified_gmt":"2023-01-26T14:03:36","slug":"sefiqe-memmedova-sehid-ailelerine-yiglan-pulu-menimsemekde-gunahlandirilir","status":"publish","type":"post","link":"https:\/\/www.meydan.tv\/az\/article\/sefiqe-memmedova-sehid-ailelerine-yiglan-pulu-menimsemekde-gunahlandirilir\/","title":{"rendered":"\u015e\u0259fiq\u0259 M\u0259mm\u0259dova \u015f\u0259hid ail\u0259l\u0259rin\u0259 y\u0131\u011f\u0131lan pulu m\u0259nims\u0259m\u0259kd\u0259 g\u00fcnahland\u0131r\u0131l\u0131r"},"content":{"rendered":"\n<p><em>\u018fli V\u0259liyev: \u201c\u015e\u0259fiq\u0259 M\u0259mm\u0259dova \u015f\u0259hid ail\u0259l\u0259rin\u0259 y\u0131\u011f\u0131lan pulu m\u0259nims\u0259yib\u201d<\/em><\/p>\n\n\n\n<p>Az\u0259rbaycan Respublikas\u0131 Kinemaroqraf\u00e7\u0131lar \u0130ttifaq\u0131 (ARK\u0130) \u0259traf\u0131nda qalmaqal b\u00f6y\u00fcy\u00fcr.<\/p>\n\n\n\n<p>Yeddi il \u0259rzind\u0259 ARK\u0130-nin m\u0259tbuat xidm\u0259ti v\u0259zif\u0259sind\u0259 \u00e7al\u0131\u015fan \u018fli V\u0259liyev yanvar\u0131n 24-d\u0259 \u201cFacebook\u201d s\u0259hif\u0259sind\u0259 status yazaraq v\u0259zif\u0259sind\u0259n getdiyini qeyd edib.<\/p>\n\n\n\n<p>O, bunu \u015e\u0259fiq\u0259 M\u0259mm\u0259dovan\u0131n saxta se\u00e7ki ke\u00e7ir\u0259r\u0259k \u00f6z\u00fcn\u00fc s\u0259dr elan etm\u0259sin\u0259 etiraz olaraq etdiyini bildirib.<\/p>\n\n\n\n<p>\u0130ttifaq\u0131n ke\u00e7mi\u015f \u0259m\u0259kda\u015f\u0131 yazd\u0131\u011f\u0131 n\u00f6vb\u0259ti statusunda iddia edib ki, \u015e\u0259fiq\u0259 M\u0259mm\u0259dova \u015f\u0259hid ail\u0259l\u0259rin\u0259 y\u0131\u011flan pulu <a href=\"https:\/\/www.facebook.com\/permalink.php?story_fbid=211561814691236&amp;id=100075122550486)\">m\u0259nims\u0259yib.<\/a> <\/p>\n\n\n\n<p>M\u0259s\u0259l\u0259 il\u0259 \u0259laq\u0259dar ARK\u0130 t\u0259r\u0259find\u0259n r\u0259smi a\u00e7\u0131qlama yay\u0131l\u0131b, deyil\u0259nl\u0259r t\u0259kzib <a href=\"https:\/\/www.arki.az\/az\/news\/907\/arki-nin-novbeti-aciqlamasi\">edib<\/a>.<\/p>\n\n\n\n<p>\u201cARK\u0130-nin m\u00fchasibatl\u0131q s\u0259n\u0259dl\u0259rin\u0259 \u0259sas\u0259n, 19.10.2020-ci il tarixd\u0259 \u00fczvl\u0259rimiz t\u0259r\u0259find\u0259n k\u00f6n\u00fcll\u00fcl\u00fck prinsipi \u0259sas\u0131nda y\u0131\u011f\u0131lan 2220 AZN n\u0259\u011fd v\u0259sait Az\u0259rbaycan Respublikas\u0131n\u0131n Silahl\u0131 Q\u00fcvv\u0259l\u0259rinin hesab\u0131na k\u00f6\u00e7\u00fcr\u00fcl\u00fcb. V\u0259sait n\u0259\u011fd \u00fcsulla ARK\u0130-nin hesab\u0131na m\u0259daxil edilib. Sonra da ARK\u0130-nin hesab\u0131ndan \u0259lav\u0259 v\u0259sait ayr\u0131lmaqla \u00fcmumilikd\u0259 5000 AZN m\u0259bl\u0259\u011find\u0259 v\u0259sait Az\u0259rbaycan Respublikas\u0131n\u0131n Silahl\u0131 Q\u00fcvv\u0259l\u0259rinin hesab\u0131na k\u00f6\u00e7\u00fcr\u00fcl\u00fcb\u201d, &#8211; ittifaq\u0131n m\u0259lumat\u0131nda deyilir.<\/p>\n\n\n\n<p>\u018flav\u0259 olunub ki, \u018fli V\u0259liyevin t\u0259r\u0259find\u0259n t\u0259qdim edil\u0259n q\u0259r\u0259zli m\u0259lumatlar h\u00fcquqi qiym\u0259t verilm\u0259si \u00fc\u00e7\u00fcn ara\u015fd\u0131rma materiallar\u0131na \u0259lav\u0259 edilib.<\/p>\n\n\n\n<p>\u0130ttifaq\u0131n ke\u00e7mi\u015f m\u0259tubuat s\u00f6z\u00e7\u00fcs\u00fc \u201cMedianew.az\u201da a\u00e7\u0131qlamas\u0131nda ARK\u0130-d\u0259 maliyy\u0259 yeyintil\u0259rind\u0259n <a href=\"https:\/\/medianews.az\/2023\/01\/24\/dovlet-budcesinden-quruma-ayrilan-400-min-manat-hara-xerclenir-kinematoqrafcilar-ittifaqinda-qalmaqal?fbclid=IwAR3rp0Chbqr8u33cV9Li9o0Uk6YYfz1sPNOHk9Tnf1lJ_6jVsXXQzBvcLUQ\">dan\u0131\u015f\u0131b:<\/a> <\/p>\n\n\n\n<p>\u201c\u015e\u0259fiq\u0259 xan\u0131m \u00f6z o\u011flu \u00dclvi Mehdini qanunsuz \u015f\u0259kild\u0259 v\u0259zif\u0259y\u0259 t\u0259yin edib. Ana-o\u011ful birlikd\u0259 oradak\u0131 h\u0259r k\u0259sd\u0259n \u00e7ox maa\u015f al\u0131r v\u0259 son art\u0131mlar\u0131 da \u00f6zl\u0259rin\u0259 \u015famil edibl\u0259r. Dig\u0259r \u015f\u0259xsl\u0259rin maa\u015f\u0131nda is\u0259 he\u00e7 bir art\u0131m olmay\u0131b\u201d.<\/p>\n\n\n\n<p>\u201cOnu da qeyd edim ki, s\u0259dr \u015e\u0259fiq\u0259 M\u0259mm\u0259dova katibl\u0259rin ad\u0131ndan Maliyy\u0259 Nazirliyin\u0259 m\u0259ktub \u00fcnvanlay\u0131b. Yaz\u0131lan m\u00fcraci\u0259td\u0259 katibl\u0259r\u0259 veril\u0259c\u0259k maa\u015f\u0131n m\u0259bl\u0259\u011f qeyd olunub. Ancaq bu yolla o, d\u00f6vl\u0259t b\u00fcdc\u0259sind\u0259n qurum \u00fc\u00e7\u00fcn ayr\u0131lan v\u0259saiti d\u0259 m\u0259nims\u0259m\u0259y\u0259 ba\u015flay\u0131b. \u0130ttifaqda c\u0259mi 10 n\u0259f\u0259r i\u015f\u00e7i var. Onlar\u0131n aras\u0131nda \u0259n \u00e7ox maa\u015f alan \u015f\u0259xsin \u0259m\u0259khaqq\u0131 m\u0259bl\u0259\u011fi 700-800 manatdan \u00e7ox deyil. Ayr\u0131lan b\u00fcdc\u0259 hesab\u0131na burada n\u0259 simpozium, n\u0259 d\u0259 t\u0259dbir ke\u00e7irilmir. Quruma h\u0259r il d\u00f6vl\u0259t b\u00fcdc\u0259sind\u0259n 400 min manat ayr\u0131l\u0131r. M\u0259n t\u0259klif ed\u0259rdim ki, \u0130ttifaqda yoxlamalar apar\u0131ls\u0131n v\u0259 n\u0259z\u0259rd\u0259 tutulan b\u00fcdc\u0259nin hara v\u0259 nec\u0259 s\u0259rf olundu\u011fu a\u015fkara \u00e7\u0131xs\u0131n\u201d, &#8211; dey\u0259 o bildirib.<\/p>\n","protected":false},"excerpt":{"rendered":"<p>\u018fli V\u0259liyev: \u201c\u015e\u0259fiq\u0259 M\u0259mm\u0259dova \u015f\u0259hid ail\u0259l\u0259rin\u0259 y\u0131\u011f\u0131lan pulu m\u0259nims\u0259yib\u201d Az\u0259rbaycan &#8230; <\/p>\n<p class=\"read-more-container\"><a title=\"\u015e\u0259fiq\u0259 M\u0259mm\u0259dova \u015f\u0259hid ail\u0259l\u0259rin\u0259 y\u0131\u011f\u0131lan pulu m\u0259nims\u0259m\u0259kd\u0259 g\u00fcnahland\u0131r\u0131l\u0131r\" class=\"read-more button\" href=\"https:\/\/www.meydan.tv\/az\/article\/sefiqe-memmedova-sehid-ailelerine-yiglan-pulu-menimsemekde-gunahlandirilir\/#more-266749\" aria-label=\"Read more about \u015e\u0259fiq\u0259 M\u0259mm\u0259dova \u015f\u0259hid ail\u0259l\u0259rin\u0259 y\u0131\u011f\u0131lan pulu m\u0259nims\u0259m\u0259kd\u0259 g\u00fcnahland\u0131r\u0131l\u0131r\">Davam\u0131<\/a><\/p>\n","protected":false},"author":12,"featured_media":266755,"comment_status":"closed","ping_status":"closed","sticky":false,"template":"","format":"standard","meta":{"_acf_changed":false,"_sitemap_exclude":false,"_sitemap_priority":"","_sitemap_frequency":"","footnotes":""},"categories":[52,79,56],"tags":[],"class_list":["post-266749","post","type-post","status-publish","format-standard","has-post-thumbnail","hentry","category-medeniyyet","category-featured","category-xeberler","infinite-scroll-item","generate-columns","tablet-grid-50","mobile-grid-100","grid-parent","grid-33","no-featured-image-padding"],"acf":[],"yoast_head":"<!-- This site is optimized with the Yoast SEO plugin v27.4 - https:\/\/yoast.com\/product\/yoast-seo-wordpress\/ -->\n<title>\u015e\u0259fiq\u0259 M\u0259mm\u0259dova \u015f\u0259hid ail\u0259l\u0259rin\u0259 y\u0131\u011f\u0131lan pulu m\u0259nims\u0259m\u0259kd\u0259 g\u00fcnahland\u0131r\u0131l\u0131r - MEYDAN.TV<\/title>\n<meta name=\"robots\" content=\"index, follow, max-snippet:-1, max-image-preview:large, max-video-preview:-1\" \/>\n<link rel=\"canonical\" href=\"https:\/\/www.meydan.tv\/az\/article\/sefiqe-memmedova-sehid-ailelerine-yiglan-pulu-menimsemekde-gunahlandirilir\/\" \/>\n<meta property=\"og:locale\" content=\"az_AZ\" \/>\n<meta property=\"og:type\" content=\"article\" \/>\n<meta property=\"og:title\" content=\"\u015e\u0259fiq\u0259 M\u0259mm\u0259dova \u015f\u0259hid ail\u0259l\u0259rin\u0259 y\u0131\u011f\u0131lan pulu m\u0259nims\u0259m\u0259kd\u0259 g\u00fcnahland\u0131r\u0131l\u0131r - MEYDAN.TV\" \/>\n<meta property=\"og:description\" content=\"\u018fli V\u0259liyev: \u201c\u015e\u0259fiq\u0259 M\u0259mm\u0259dova \u015f\u0259hid ail\u0259l\u0259rin\u0259 y\u0131\u011f\u0131lan pulu m\u0259nims\u0259yib\u201d Az\u0259rbaycan ... Davam\u0131\" \/>\n<meta property=\"og:url\" content=\"https:\/\/www.meydan.tv\/az\/article\/sefiqe-memmedova-sehid-ailelerine-yiglan-pulu-menimsemekde-gunahlandirilir\/\" \/>\n<meta property=\"og:site_name\" content=\"MEYDAN.TV\" \/>\n<meta property=\"article:published_time\" content=\"2023-01-26T12:42:23+00:00\" \/>\n<meta property=\"article:modified_time\" content=\"2023-01-26T14:03:36+00:00\" \/>\n<meta property=\"og:image\" content=\"https:\/\/www.meydan.tv\/wp-content\/uploads\/screenshot-2023-01-26-at-13.53.21.png\" \/>\n\t<meta property=\"og:image:width\" content=\"1794\" \/>\n\t<meta property=\"og:image:height\" content=\"1070\" \/>\n\t<meta property=\"og:image:type\" content=\"image\/png\" \/>\n<meta name=\"author\" content=\"aleks\" \/>\n<meta name=\"twitter:card\" content=\"summary_large_image\" \/>\n<script type=\"application\/ld+json\" class=\"yoast-schema-graph\">{\"@context\":\"https:\\\/\\\/schema.org\",\"@graph\":[{\"@type\":\"Article\",\"@id\":\"https:\\\/\\\/www.meydan.tv\\\/az\\\/article\\\/sefiqe-memmedova-sehid-ailelerine-yiglan-pulu-menimsemekde-gunahlandirilir\\\/#article\",\"isPartOf\":{\"@id\":\"https:\\\/\\\/www.meydan.tv\\\/az\\\/article\\\/sefiqe-memmedova-sehid-ailelerine-yiglan-pulu-menimsemekde-gunahlandirilir\\\/\"},\"author\":{\"name\":\"aleks\",\"@id\":\"https:\\\/\\\/www.meydan.tv\\\/az\\\/#\\\/schema\\\/person\\\/476e9360e593fa131d5d71d51866f8da\"},\"headline\":\"\u015e\u0259fiq\u0259 M\u0259mm\u0259dova \u015f\u0259hid ail\u0259l\u0259rin\u0259 y\u0131\u011f\u0131lan pulu m\u0259nims\u0259m\u0259kd\u0259 g\u00fcnahland\u0131r\u0131l\u0131r\",\"datePublished\":\"2023-01-26T12:42:23+00:00\",\"dateModified\":\"2023-01-26T14:03:36+00:00\",\"mainEntityOfPage\":{\"@id\":\"https:\\\/\\\/www.meydan.tv\\\/az\\\/article\\\/sefiqe-memmedova-sehid-ailelerine-yiglan-pulu-menimsemekde-gunahlandirilir\\\/\"},\"wordCount\":528,\"publisher\":{\"@id\":\"https:\\\/\\\/www.meydan.tv\\\/az\\\/#organization\"},\"image\":{\"@id\":\"https:\\\/\\\/www.meydan.tv\\\/az\\\/article\\\/sefiqe-memmedova-sehid-ailelerine-yiglan-pulu-menimsemekde-gunahlandirilir\\\/#primaryimage\"},\"thumbnailUrl\":\"https:\\\/\\\/www.meydan.tv\\\/wp-content\\\/uploads\\\/screenshot-2023-01-26-at-13.53.21.png\",\"articleSection\":[\"M\u0259d\u0259niyy\u0259t\",\"T\u00f6vsiy\u0259\",\"X\u0259b\u0259rl\u0259r\"],\"inLanguage\":\"az\"},{\"@type\":\"WebPage\",\"@id\":\"https:\\\/\\\/www.meydan.tv\\\/az\\\/article\\\/sefiqe-memmedova-sehid-ailelerine-yiglan-pulu-menimsemekde-gunahlandirilir\\\/\",\"url\":\"https:\\\/\\\/www.meydan.tv\\\/az\\\/article\\\/sefiqe-memmedova-sehid-ailelerine-yiglan-pulu-menimsemekde-gunahlandirilir\\\/\",\"name\":\"\u015e\u0259fiq\u0259 M\u0259mm\u0259dova \u015f\u0259hid ail\u0259l\u0259rin\u0259 y\u0131\u011f\u0131lan pulu m\u0259nims\u0259m\u0259kd\u0259 g\u00fcnahland\u0131r\u0131l\u0131r - MEYDAN.TV\",\"isPartOf\":{\"@id\":\"https:\\\/\\\/www.meydan.tv\\\/az\\\/#website\"},\"primaryImageOfPage\":{\"@id\":\"https:\\\/\\\/www.meydan.tv\\\/az\\\/article\\\/sefiqe-memmedova-sehid-ailelerine-yiglan-pulu-menimsemekde-gunahlandirilir\\\/#primaryimage\"},\"image\":{\"@id\":\"https:\\\/\\\/www.meydan.tv\\\/az\\\/article\\\/sefiqe-memmedova-sehid-ailelerine-yiglan-pulu-menimsemekde-gunahlandirilir\\\/#primaryimage\"},\"thumbnailUrl\":\"https:\\\/\\\/www.meydan.tv\\\/wp-content\\\/uploads\\\/screenshot-2023-01-26-at-13.53.21.png\",\"datePublished\":\"2023-01-26T12:42:23+00:00\",\"dateModified\":\"2023-01-26T14:03:36+00:00\",\"breadcrumb\":{\"@id\":\"https:\\\/\\\/www.meydan.tv\\\/az\\\/article\\\/sefiqe-memmedova-sehid-ailelerine-yiglan-pulu-menimsemekde-gunahlandirilir\\\/#breadcrumb\"},\"inLanguage\":\"az\",\"potentialAction\":[{\"@type\":\"ReadAction\",\"target\":[\"https:\\\/\\\/www.meydan.tv\\\/az\\\/article\\\/sefiqe-memmedova-sehid-ailelerine-yiglan-pulu-menimsemekde-gunahlandirilir\\\/\"]}]},{\"@type\":\"ImageObject\",\"inLanguage\":\"az\",\"@id\":\"https:\\\/\\\/www.meydan.tv\\\/az\\\/article\\\/sefiqe-memmedova-sehid-ailelerine-yiglan-pulu-menimsemekde-gunahlandirilir\\\/#primaryimage\",\"url\":\"https:\\\/\\\/www.meydan.tv\\\/wp-content\\\/uploads\\\/screenshot-2023-01-26-at-13.53.21.png\",\"contentUrl\":\"https:\\\/\\\/www.meydan.tv\\\/wp-content\\\/uploads\\\/screenshot-2023-01-26-at-13.53.21.png\",\"width\":1794,\"height\":1070,\"caption\":\"\u015e\u0259fiq\u0259 M\u0259mm\u0259dova. Foto: arxiv\"},{\"@type\":\"BreadcrumbList\",\"@id\":\"https:\\\/\\\/www.meydan.tv\\\/az\\\/article\\\/sefiqe-memmedova-sehid-ailelerine-yiglan-pulu-menimsemekde-gunahlandirilir\\\/#breadcrumb\",\"itemListElement\":[{\"@type\":\"ListItem\",\"position\":1,\"name\":\"Ana s\u0259hif\u0259\",\"item\":\"https:\\\/\\\/www.meydan.tv\\\/az\\\/\"},{\"@type\":\"ListItem\",\"position\":2,\"name\":\"M\u0259d\u0259niyy\u0259t\",\"item\":\"https:\\\/\\\/www.meydan.tv\\\/az\\\/section\\\/medeniyyet\\\/\"},{\"@type\":\"ListItem\",\"position\":3,\"name\":\"\u015e\u0259fiq\u0259 M\u0259mm\u0259dova \u015f\u0259hid ail\u0259l\u0259rin\u0259 y\u0131\u011f\u0131lan pulu m\u0259nims\u0259m\u0259kd\u0259 g\u00fcnahland\u0131r\u0131l\u0131r\"}]},{\"@type\":\"WebSite\",\"@id\":\"https:\\\/\\\/www.meydan.tv\\\/az\\\/#website\",\"url\":\"https:\\\/\\\/www.meydan.tv\\\/az\\\/\",\"name\":\"MEYDAN.TV\",\"description\":\"Meydan TV Az\u0259rbaycan\u0131n media m\u0259kan\u0131ndak\u0131 alternativ s\u0259sidir\",\"publisher\":{\"@id\":\"https:\\\/\\\/www.meydan.tv\\\/az\\\/#organization\"},\"potentialAction\":[{\"@type\":\"SearchAction\",\"target\":{\"@type\":\"EntryPoint\",\"urlTemplate\":\"https:\\\/\\\/www.meydan.tv\\\/az\\\/?s={search_term_string}\"},\"query-input\":{\"@type\":\"PropertyValueSpecification\",\"valueRequired\":true,\"valueName\":\"search_term_string\"}}],\"inLanguage\":\"az\"},{\"@type\":\"Organization\",\"@id\":\"https:\\\/\\\/www.meydan.tv\\\/az\\\/#organization\",\"name\":\"Meydan TV\",\"url\":\"https:\\\/\\\/www.meydan.tv\\\/az\\\/\",\"logo\":{\"@type\":\"ImageObject\",\"inLanguage\":\"az\",\"@id\":\"https:\\\/\\\/www.meydan.tv\\\/az\\\/#\\\/schema\\\/logo\\\/image\\\/\",\"url\":\"https:\\\/\\\/www.meydan.tv\\\/wp-content\\\/uploads\\\/2021\\\/07\\\/meydan-logo.svg\",\"contentUrl\":\"https:\\\/\\\/www.meydan.tv\\\/wp-content\\\/uploads\\\/2021\\\/07\\\/meydan-logo.svg\",\"width\":195,\"height\":46,\"caption\":\"Meydan TV\"},\"image\":{\"@id\":\"https:\\\/\\\/www.meydan.tv\\\/az\\\/#\\\/schema\\\/logo\\\/image\\\/\"}},{\"@type\":\"Person\",\"@id\":\"https:\\\/\\\/www.meydan.tv\\\/az\\\/#\\\/schema\\\/person\\\/476e9360e593fa131d5d71d51866f8da\",\"name\":\"aleks\"}]}<\/script>\n<!-- \/ Yoast SEO plugin. -->","yoast_head_json":{"title":"\u015e\u0259fiq\u0259 M\u0259mm\u0259dova \u015f\u0259hid ail\u0259l\u0259rin\u0259 y\u0131\u011f\u0131lan pulu m\u0259nims\u0259m\u0259kd\u0259 g\u00fcnahland\u0131r\u0131l\u0131r - MEYDAN.TV","robots":{"index":"index","follow":"follow","max-snippet":"max-snippet:-1","max-image-preview":"max-image-preview:large","max-video-preview":"max-video-preview:-1"},"canonical":"https:\/\/www.meydan.tv\/az\/article\/sefiqe-memmedova-sehid-ailelerine-yiglan-pulu-menimsemekde-gunahlandirilir\/","og_locale":"az_AZ","og_type":"article","og_title":"\u015e\u0259fiq\u0259 M\u0259mm\u0259dova \u015f\u0259hid ail\u0259l\u0259rin\u0259 y\u0131\u011f\u0131lan pulu m\u0259nims\u0259m\u0259kd\u0259 g\u00fcnahland\u0131r\u0131l\u0131r - MEYDAN.TV","og_description":"\u018fli V\u0259liyev: \u201c\u015e\u0259fiq\u0259 M\u0259mm\u0259dova \u015f\u0259hid ail\u0259l\u0259rin\u0259 y\u0131\u011f\u0131lan pulu m\u0259nims\u0259yib\u201d Az\u0259rbaycan ... Davam\u0131","og_url":"https:\/\/www.meydan.tv\/az\/article\/sefiqe-memmedova-sehid-ailelerine-yiglan-pulu-menimsemekde-gunahlandirilir\/","og_site_name":"MEYDAN.TV","article_published_time":"2023-01-26T12:42:23+00:00","article_modified_time":"2023-01-26T14:03:36+00:00","og_image":[{"width":1794,"height":1070,"url":"https:\/\/www.meydan.tv\/wp-content\/uploads\/screenshot-2023-01-26-at-13.53.21.png","type":"image\/png"}],"author":"aleks","twitter_card":"summary_large_image","schema":{"@context":"https:\/\/schema.org","@graph":[{"@type":"Article","@id":"https:\/\/www.meydan.tv\/az\/article\/sefiqe-memmedova-sehid-ailelerine-yiglan-pulu-menimsemekde-gunahlandirilir\/#article","isPartOf":{"@id":"https:\/\/www.meydan.tv\/az\/article\/sefiqe-memmedova-sehid-ailelerine-yiglan-pulu-menimsemekde-gunahlandirilir\/"},"author":{"name":"aleks","@id":"https:\/\/www.meydan.tv\/az\/#\/schema\/person\/476e9360e593fa131d5d71d51866f8da"},"headline":"\u015e\u0259fiq\u0259 M\u0259mm\u0259dova \u015f\u0259hid ail\u0259l\u0259rin\u0259 y\u0131\u011f\u0131lan pulu m\u0259nims\u0259m\u0259kd\u0259 g\u00fcnahland\u0131r\u0131l\u0131r","datePublished":"2023-01-26T12:42:23+00:00","dateModified":"2023-01-26T14:03:36+00:00","mainEntityOfPage":{"@id":"https:\/\/www.meydan.tv\/az\/article\/sefiqe-memmedova-sehid-ailelerine-yiglan-pulu-menimsemekde-gunahlandirilir\/"},"wordCount":528,"publisher":{"@id":"https:\/\/www.meydan.tv\/az\/#organization"},"image":{"@id":"https:\/\/www.meydan.tv\/az\/article\/sefiqe-memmedova-sehid-ailelerine-yiglan-pulu-menimsemekde-gunahlandirilir\/#primaryimage"},"thumbnailUrl":"https:\/\/www.meydan.tv\/wp-content\/uploads\/screenshot-2023-01-26-at-13.53.21.png","articleSection":["M\u0259d\u0259niyy\u0259t","T\u00f6vsiy\u0259","X\u0259b\u0259rl\u0259r"],"inLanguage":"az"},{"@type":"WebPage","@id":"https:\/\/www.meydan.tv\/az\/article\/sefiqe-memmedova-sehid-ailelerine-yiglan-pulu-menimsemekde-gunahlandirilir\/","url":"https:\/\/www.meydan.tv\/az\/article\/sefiqe-memmedova-sehid-ailelerine-yiglan-pulu-menimsemekde-gunahlandirilir\/","name":"\u015e\u0259fiq\u0259 M\u0259mm\u0259dova \u015f\u0259hid ail\u0259l\u0259rin\u0259 y\u0131\u011f\u0131lan pulu m\u0259nims\u0259m\u0259kd\u0259 g\u00fcnahland\u0131r\u0131l\u0131r - MEYDAN.TV","isPartOf":{"@id":"https:\/\/www.meydan.tv\/az\/#website"},"primaryImageOfPage":{"@id":"https:\/\/www.meydan.tv\/az\/article\/sefiqe-memmedova-sehid-ailelerine-yiglan-pulu-menimsemekde-gunahlandirilir\/#primaryimage"},"image":{"@id":"https:\/\/www.meydan.tv\/az\/article\/sefiqe-memmedova-sehid-ailelerine-yiglan-pulu-menimsemekde-gunahlandirilir\/#primaryimage"},"thumbnailUrl":"https:\/\/www.meydan.tv\/wp-content\/uploads\/screenshot-2023-01-26-at-13.53.21.png","datePublished":"2023-01-26T12:42:23+00:00","dateModified":"2023-01-26T14:03:36+00:00","breadcrumb":{"@id":"https:\/\/www.meydan.tv\/az\/article\/sefiqe-memmedova-sehid-ailelerine-yiglan-pulu-menimsemekde-gunahlandirilir\/#breadcrumb"},"inLanguage":"az","potentialAction":[{"@type":"ReadAction","target":["https:\/\/www.meydan.tv\/az\/article\/sefiqe-memmedova-sehid-ailelerine-yiglan-pulu-menimsemekde-gunahlandirilir\/"]}]},{"@type":"ImageObject","inLanguage":"az","@id":"https:\/\/www.meydan.tv\/az\/article\/sefiqe-memmedova-sehid-ailelerine-yiglan-pulu-menimsemekde-gunahlandirilir\/#primaryimage","url":"https:\/\/www.meydan.tv\/wp-content\/uploads\/screenshot-2023-01-26-at-13.53.21.png","contentUrl":"https:\/\/www.meydan.tv\/wp-content\/uploads\/screenshot-2023-01-26-at-13.53.21.png","width":1794,"height":1070,"caption":"\u015e\u0259fiq\u0259 M\u0259mm\u0259dova. Foto: arxiv"},{"@type":"BreadcrumbList","@id":"https:\/\/www.meydan.tv\/az\/article\/sefiqe-memmedova-sehid-ailelerine-yiglan-pulu-menimsemekde-gunahlandirilir\/#breadcrumb","itemListElement":[{"@type":"ListItem","position":1,"name":"Ana s\u0259hif\u0259","item":"https:\/\/www.meydan.tv\/az\/"},{"@type":"ListItem","position":2,"name":"M\u0259d\u0259niyy\u0259t","item":"https:\/\/www.meydan.tv\/az\/section\/medeniyyet\/"},{"@type":"ListItem","position":3,"name":"\u015e\u0259fiq\u0259 M\u0259mm\u0259dova \u015f\u0259hid ail\u0259l\u0259rin\u0259 y\u0131\u011f\u0131lan pulu m\u0259nims\u0259m\u0259kd\u0259 g\u00fcnahland\u0131r\u0131l\u0131r"}]},{"@type":"WebSite","@id":"https:\/\/www.meydan.tv\/az\/#website","url":"https:\/\/www.meydan.tv\/az\/","name":"MEYDAN.TV","description":"Meydan TV Az\u0259rbaycan\u0131n media m\u0259kan\u0131ndak\u0131 alternativ s\u0259sidir","publisher":{"@id":"https:\/\/www.meydan.tv\/az\/#organization"},"potentialAction":[{"@type":"SearchAction","target":{"@type":"EntryPoint","urlTemplate":"https:\/\/www.meydan.tv\/az\/?s={search_term_string}"},"query-input":{"@type":"PropertyValueSpecification","valueRequired":true,"valueName":"search_term_string"}}],"inLanguage":"az"},{"@type":"Organization","@id":"https:\/\/www.meydan.tv\/az\/#organization","name":"Meydan TV","url":"https:\/\/www.meydan.tv\/az\/","logo":{"@type":"ImageObject","inLanguage":"az","@id":"https:\/\/www.meydan.tv\/az\/#\/schema\/logo\/image\/","url":"https:\/\/www.meydan.tv\/wp-content\/uploads\/2021\/07\/meydan-logo.svg","contentUrl":"https:\/\/www.meydan.tv\/wp-content\/uploads\/2021\/07\/meydan-logo.svg","width":195,"height":46,"caption":"Meydan TV"},"image":{"@id":"https:\/\/www.meydan.tv\/az\/#\/schema\/logo\/image\/"}},{"@type":"Person","@id":"https:\/\/www.meydan.tv\/az\/#\/schema\/person\/476e9360e593fa131d5d71d51866f8da","name":"aleks"}]}},"_links":{"self":[{"href":"https:\/\/www.meydan.tv\/az\/wp-json\/wp\/v2\/posts\/266749","targetHints":{"allow":["GET"]}}],"collection":[{"href":"https:\/\/www.meydan.tv\/az\/wp-json\/wp\/v2\/posts"}],"about":[{"href":"https:\/\/www.meydan.tv\/az\/wp-json\/wp\/v2\/types\/post"}],"author":[{"embeddable":true,"href":"https:\/\/www.meydan.tv\/az\/wp-json\/wp\/v2\/users\/12"}],"replies":[{"embeddable":true,"href":"https:\/\/www.meydan.tv\/az\/wp-json\/wp\/v2\/comments?post=266749"}],"version-history":[{"count":2,"href":"https:\/\/www.meydan.tv\/az\/wp-json\/wp\/v2\/posts\/266749\/revisions"}],"predecessor-version":[{"id":266759,"href":"https:\/\/www.meydan.tv\/az\/wp-json\/wp\/v2\/posts\/266749\/revisions\/266759"}],"wp:featuredmedia":[{"embeddable":true,"href":"https:\/\/www.meydan.tv\/az\/wp-json\/wp\/v2\/media\/266755"}],"wp:attachment":[{"href":"https:\/\/www.meydan.tv\/az\/wp-json\/wp\/v2\/media?parent=266749"}],"wp:term":[{"taxonomy":"category","embeddable":true,"href":"https:\/\/www.meydan.tv\/az\/wp-json\/wp\/v2\/categories?post=266749"},{"taxonomy":"post_tag","embeddable":true,"href":"https:\/\/www.meydan.tv\/az\/wp-json\/wp\/v2\/tags?post=266749"}],"curies":[{"name":"wp","href":"https:\/\/api.w.org\/{rel}","templated":true}]}}