{"id":266743,"date":"2023-01-26T16:19:20","date_gmt":"2023-01-26T12:19:20","guid":{"rendered":"https:\/\/www.meydan.tv\/?p=266743"},"modified":"2023-01-26T16:39:53","modified_gmt":"2023-01-26T12:39:53","slug":"sabah-meyitim-kucede-tapilsa-bilin-ki-polisde-isgence-ile-oldurubler","status":"publish","type":"post","link":"https:\/\/www.meydan.tv\/az\/article\/sabah-meyitim-kucede-tapilsa-bilin-ki-polisde-isgence-ile-oldurubler\/","title":{"rendered":"<strong>&#8220;Sabah meyitim k\u00fc\u00e7\u0259d\u0259 tap\u0131lsa, bilin ki, polisd\u0259 i\u015fg\u0259nc\u0259 il\u0259 \u00f6ld\u00fcr\u00fcbl\u0259r&#8221;<\/strong>"},"content":{"rendered":"\n<p><\/p>\n\n\n\n<p><em>A\u011fdam sakini qarda\u015f\u0131n\u0131n ba\u015f\u0131na g\u0259l\u0259nl\u0259ri dan\u0131\u015f\u0131r, D\u0130N ara\u015fd\u0131rd\u0131\u011f\u0131n\u0131 deyir<\/em><\/p>\n\n\n\n<p>\u201cQarda\u015f\u0131m gec\u0259yar\u0131s\u0131 m\u0259n\u0259 z\u0259ng vurdu. Dedi ki, s\u0259ni aldad\u0131blar, m\u0259ni polisd\u0259n buraxmay\u0131blar. O q\u0259d\u0259r d\u00f6y\u00fcbl\u0259r ki, sidiy\u0259 qan gedir\u0259m. Boynuma a\u00e7\u0131lmayan cinay\u0259tl\u0259ri qoymaq ist\u0259yirl\u0259r. Sabah meyitimi k\u00fc\u00e7\u0259d\u0259n tapsan\u0131z, bilin ki, m\u0259ni Sumqay\u0131t Polis \u0130dar\u0259sind\u0259 i\u015fg\u0259nc\u0259yl\u0259 \u00f6ld\u00fcr\u00fcbl\u0259r\u201d.<\/p>\n\n\n\n<p>Sumqay\u0131t sakini Cavid \u0130brahimov Meydan TV-y\u0259 dan\u0131\u015f\u0131r ki, A\u011fdam\u0131n \u018ff\u0259tli k\u0259ndind\u0259 ya\u015fayan qarda\u015f\u0131, \u0259vv\u0259ll\u0259r polis orqan\u0131nda i\u015fl\u0259mi\u015f \u015e\u0259hriyar \u0130brahimov yanvar\u0131n 15-d\u0259 Sumqay\u0131t \u015e\u0259h\u0259r Polis \u0130dar\u0259sin\u0259 apar\u0131l\u0131b.<\/p>\n\n\n\n<p>Orada i\u015fg\u0259nc\u0259l\u0259r\u0259 m\u0259ruz qal\u0131b, iki g\u00fcn sonra \u2013 yanvar\u0131n 17-d\u0259 m\u0259hk\u0259m\u0259y\u0259 \u00e7\u0131xar\u0131laraq polisin qanuni t\u0259l\u0259bin\u0259 \u0259m\u0259l etm\u0259m\u0259kd\u0259 t\u0259qsirl\u0259ndiril\u0259r\u0259k 10 g\u00fcnl\u00fck inzibati h\u0259bs c\u0259zas\u0131 verilib.<\/p>\n\n\n\n<p>Cavid \u0130brahimov deyir ki, qarda\u015f\u0131 \u015e\u0259hriyar \u0130brahimov \u0259vv\u0259ll\u0259r h\u0259rbi sah\u0259d\u0259 i\u015fl\u0259yib, h\u0259tta x\u00fcsusi t\u0259yinatl\u0131 olub, h\u0259rbi hiss\u0259d\u0259 MAXE olaraq \u00e7al\u0131\u015f\u0131b.<\/p>\n\n\n\n<p>2016-c\u0131 ild\u0259 polis orqan\u0131na i\u015f\u0259 d\u00fcz\u0259lib. El\u0259 Sumqay\u0131t \u015e\u0259h\u0259r Polis \u0130dar\u0259sinin 1-ci Polis b\u00f6lm\u0259sind\u0259 \u0259m\u0259liyyat\u00e7\u0131 i\u015fl\u0259yib.<\/p>\n\n\n\n<p>2019-cu ild\u0259 yol polisl\u0259riyl\u0259 m\u00fcbahis\u0259si d\u00fc\u015f\u00fcb, bar\u0259sind\u0259 cinay\u0259t i\u015fi a\u00e7\u0131l\u0131b, i\u015fd\u0259n \u00e7\u0131xar\u0131l\u0131b. Ancaq sonradan b\u0259ra\u0259t al\u0131b.<\/p>\n\n\n\n<p>&#8220;<strong>Qarda\u015f\u0131m z\u0259ng vurdu, dedi ki, m\u0259ni yar\u0131m saata burax\u0131rlar, g\u0259lir\u0259m siz\u0259&#8230;&#8221;<\/strong><\/p>\n\n\n\n<p>A\u011fdam Polis \u0130dar\u0259sind\u0259 i\u015f t\u0259klif olunub, amma \u00f6z\u00fc imtina edib.<\/p>\n\n\n\n<p>O, bir ne\u00e7\u0259 g\u00fcn \u0259vv\u0259l qarda\u015f\u0131n\u0131n ba\u015f\u0131na g\u0259l\u0259nl\u0259r bar\u0259d\u0259 bunlar\u0131 deyir:<\/p>\n\n\n\n<p>\u201cYanvar\u0131n 14-d\u0259 \u015e\u0259hriyara A\u011fc\u0259b\u0259di polisind\u0259n z\u0259ng olub, polis \u015f\u00f6b\u0259sin\u0259 \u00e7a\u011f\u0131r\u0131l\u0131b.<\/p>\n\n\n\n<p>S\u0259b\u0259b kimi deyilib ki, guya onun ma\u015f\u0131n\u0131yla hadis\u0259 t\u00f6r\u0259dilib. Qarda\u015f\u0131m yanvar\u0131n 15-d\u0259 A\u011fc\u0259b\u0259di Polis \u0130dar\u0259sin\u0259 gedib. M\u0259lum olub ki, ma\u015f\u0131n-hadis\u0259 s\u00f6hb\u0259ti uydurmad\u0131r. Qarda\u015f\u0131m\u0131 oradan buraxmay\u0131blar, Sumqay\u0131t \u015e\u0259h\u0259r Polis \u0130dar\u0259sinin \u0259m\u0259kda\u015flar\u0131 g\u0259lib, qarda\u015f\u0131m\u0131 t\u0259hvil al\u0131b, apar\u0131blar. M\u0259n x\u0259b\u0259r tutan kimi yanvar\u0131n 16-da Sumqay\u0131t \u015e\u0259h\u0259r Polis \u0130dar\u0259sin\u0259 getdim. Dedil\u0259r ki, qarda\u015f\u0131n o\u011furluq edib, ona g\u00f6r\u0259 g\u0259tirmi\u015fik. \u018flav\u0259 m\u0259lumat ala bilm\u0259dim, ev\u0259 g\u0259ldim. Ax\u015fam saat 9-un yar\u0131s\u0131 olard\u0131, qarda\u015f\u0131m z\u0259ng vurdu, dedi ki, m\u0259ni yar\u0131m saata burax\u0131rlar, g\u0259lir\u0259m siz\u0259. G\u0259lib \u00e7\u0131xmad\u0131, \u00f6z\u00fcm idar\u0259y\u0259 getdim. Dedil\u0259r ki, qarda\u015f\u0131n\u0131 \u00e7oxdan buraxm\u0131\u015f\u0131q, burada yoxdur. M\u0259n d\u0259 qay\u0131d\u0131b g\u0259ldim ev\u0259&#8230;\u201d.<\/p>\n\n\n\n<figure class=\"wp-block-image size-full\"><img decoding=\"async\" width=\"1200\" height=\"800\" data-src=\"https:\/\/www.meydan.tv\/wp-content\/uploads\/untitled-design-6-30.jpg\" alt=\"\" class=\"wp-image-266732 lazyload\" src=\"data:image\/svg+xml;base64,PHN2ZyB3aWR0aD0iMSIgaGVpZ2h0PSIxIiB4bWxucz0iaHR0cDovL3d3dy53My5vcmcvMjAwMC9zdmciPjwvc3ZnPg==\" style=\"--smush-placeholder-width: 1200px; --smush-placeholder-aspect-ratio: 1200\/800;\" \/><\/figure>\n\n\n\n<p>\u015eikay\u0259t\u00e7inin s\u00f6zl\u0259rin\u0259 g\u00f6r\u0259, yanvar\u0131n 16-dan 17-n\u0259 ke\u00e7\u0259n gec\u0259 saat 3 rad\u0259l\u0259rind\u0259 qarda\u015f\u0131 z\u0259ng vurub, polisd\u0259n burax\u0131lmad\u0131\u011f\u0131n\u0131 deyib: <\/p>\n\n\n\n<p>\u201cBilmir\u0259m, hardan, kimd\u0259n telefon \u0259ld\u0259 edib z\u0259ng vurmu\u015fdu. Dedim ki, b\u0259s s\u0259n niy\u0259 g\u0259lm\u0259din? Dedi ki, m\u0259ni buraxmad\u0131lar, s\u0259ni d\u0259 aldad\u0131blar. Bil\u0259s\u0259n ki, h\u0259l\u0259 d\u0259 burada saxlan\u0131l\u0131ram. Boynuma o\u011furluq cinay\u0259tl\u0259ri qoymaq ist\u0259yirl\u0259r. M\u0259ni o q\u0259d\u0259r d\u00f6y\u00fcbl\u0259r ki, sidiy\u0259 qan gedir\u0259m, t\u0259rp\u0259n\u0259 bilmir\u0259m\u201d.<\/p>\n\n\n\n<p><strong>&#8220;S\u0259h\u0259r\u0259d\u0259k d\u00f6y\u00fcbl\u0259r, o\u011furluq cinay\u0259tl\u0259rini boynuna qoymaq ist\u0259yibl\u0259r&#8221;<\/strong><\/p>\n\n\n\n<p>Cavid \u0130brahimov deyir ki,&nbsp; yanvar\u0131n 17-d\u0259 qarda\u015f\u0131n\u0131 m\u0259hk\u0259m\u0259y\u0259 g\u00f6t\u00fcr\u00fcbl\u0259r: <\/p>\n\n\n\n<p>\u201cQarda\u015f\u0131m\u0131 el\u0259 polis idar\u0259sind\u0259 s\u0259h\u0259r\u0259d\u0259k d\u00f6y\u00fcbl\u0259r, o\u011furluq cinay\u0259tl\u0259rini boynuna qoymaq \u00fc\u00e7\u00fcn izahatlara qol \u00e7\u0259kdirm\u0259k ist\u0259yibl\u0259r. Bax\u0131blar ki, 48 saatdan \u00e7ox saxlaya bilm\u0259zl\u0259r, vaxt bitm\u0259k \u00fczr\u0259dir, b\u0259d\u0259nind\u0259 i\u015fg\u0259nc\u0259 izl\u0259ri oldu\u011funa g\u00f6r\u0259 bu v\u0259zihyy\u0259td\u0259 d\u0259 buraxa bilm\u0259zl\u0259r. G\u00f6t\u00fcr\u00fcb inzibati protokol t\u0259rtib edibl\u0259r ki, guya qarda\u015f\u0131m idar\u0259d\u0259n burax\u0131l\u0131b, gedib, 4-c\u00fc Polis B\u00f6lm\u0259sinin \u0259razisind\u0259 polisl\u0259rl\u0259 m\u00fcbahis\u0259 edib, onlar\u0131n qanuni t\u0259l\u0259bin\u0259 \u0259m\u0259l etm\u0259yib, saxlan\u0131l\u0131b&#8221;.<\/p>\n\n\n\n<p>&#8220;Onda anlad\u0131m ki, m\u0259ni d\u0259 buna g\u00f6r\u0259 \u201cqarda\u015f\u0131n idar\u0259d\u0259n burax\u0131l\u0131b\u201d dey\u0259r\u0259k aldad\u0131b yola sal\u0131blar. Bel\u0259likl\u0259, qarda\u015f\u0131m bar\u0259sind\u0259 qondarma inzibati protokol t\u0259rtib ed\u0259r\u0259k, m\u0259hk\u0259m\u0259y\u0259 g\u00f6nd\u0259ribl\u0259r. Hakim bax\u0131b ki, qarda\u015f\u0131m\u0131n \u00fcz-g\u00f6z\u00fcnd\u0259 i\u015fg\u0259nc\u0259 izl\u0259ri var, yeriy\u0259 bilmir, qarda\u015f\u0131m bar\u0259sind\u0259 10 g\u00fcnl\u00fck inzibati h\u0259bs q\u0259rar\u0131 vers\u0259 d\u0259, \u00fcz\u0259rind\u0259ki x\u0259sar\u0259tl\u0259rl\u0259 ba\u011fl\u0131 Sumqay\u0131t Prokurorlu\u011funa s\u0259n\u0259d g\u00f6nd\u0259rib\u201d, &#8211; dey\u0259 o bildirib.<\/p>\n\n\n\n<p><strong>&#8220;\u015e\u0259hriyar \u0130brahimovu h\u0259min v\u0259kild\u0259n imtina etm\u0259y\u0259 m\u0259cbur edibl\u0259r&#8221;<\/strong><\/p>\n\n\n\n<p>Cavid \u0130brahimovun s\u00f6zl\u0259rin\u0259 g\u00f6r\u0259, qarda\u015f\u0131 \u015e\u0259hriyar \u0130brahimova d\u00f6vl\u0259t t\u0259r\u0259find\u0259n v\u0259kil t\u0259yin olunub. Ancaq v\u0259kil v\u0259t\u0259nda\u015fa qar\u015f\u0131 polisd\u0259ki i\u015fg\u0259nc\u0259 faktlar\u0131na g\u00f6r\u0259 prokurorlu\u011fa v\u0259 Ombudsman Aparat\u0131na m\u0259ktub g\u00f6nd\u0259rib. Buna g\u00f6r\u0259 d\u0259 \u015e\u0259hriyar \u0130brahimovu h\u0259min v\u0259kild\u0259n imtina etm\u0259y\u0259 m\u0259cbur edibl\u0259r.<\/p>\n\n\n\n<p>&nbsp;Cavid \u0130brahimov qarda\u015f\u0131n\u0131n ba\u015f\u0131na g\u0259l\u0259nl\u0259rl\u0259 ba\u011fl\u0131 Daxili \u0130\u015fl\u0259r Nazirliyin\u0259 v\u0259 Ba\u015f Prokurorlu\u011fa, Sumqay\u0131t \u015f\u0259h\u0259r Prokurorlu\u011funa m\u00fcraci\u0259t edib, ancaq h\u0259l\u0259 d\u0259 cavab ala bilm\u0259diyini deyir.<\/p>\n\n\n\n<p>T\u0259l\u0259bi is\u0259 odur ki, \u015e\u0259hriyar \u0130brahimov tibbi ekspertizadan ke\u00e7irilsin: \u201cArt\u0131q 10 g\u00fcnd\u00fcr ki, bu hadis\u0259l\u0259r ba\u015f verib, h\u0259l\u0259 d\u0259 ekspertizadan ke\u00e7irilm\u0259yib. G\u00fcnl\u0259r ke\u00e7dikc\u0259 x\u0259sar\u0259tl\u0259rin yeri d\u0259 sa\u011fal\u0131r\u201d.<\/p>\n\n\n\n<p>D\u0130N M\u0259tbuat Xidm\u0259tinin K\u0130V v\u0259 ictimaiyy\u0259tl\u0259 \u0259laq\u0259l\u0259r \u015f\u00f6b\u0259sinin r\u0259isi El\u015fad Hac\u0131yev yanvar\u0131n 25-da Meydan TV-y\u0259 deyib ki, m\u0259s\u0259l\u0259 ara\u015fd\u0131r\u0131l\u0131r v\u0259 ictimaiyy\u0259t\u0259 \u0259trafl\u0131 m\u0259lumat veril\u0259c\u0259k.<\/p>\n","protected":false},"excerpt":{"rendered":"<p>A\u011fdam sakini qarda\u015f\u0131n\u0131n ba\u015f\u0131na g\u0259l\u0259nl\u0259ri dan\u0131\u015f\u0131r, D\u0130N ara\u015fd\u0131rd\u0131\u011f\u0131n\u0131 deyir \u201cQarda\u015f\u0131m &#8230; <\/p>\n<p class=\"read-more-container\"><a title=\"&#8220;Sabah meyitim k\u00fc\u00e7\u0259d\u0259 tap\u0131lsa, bilin ki, polisd\u0259 i\u015fg\u0259nc\u0259 il\u0259 \u00f6ld\u00fcr\u00fcbl\u0259r&#8221;\" class=\"read-more button\" href=\"https:\/\/www.meydan.tv\/az\/article\/sabah-meyitim-kucede-tapilsa-bilin-ki-polisde-isgence-ile-oldurubler\/#more-266743\" aria-label=\"Read more about &#8220;Sabah meyitim k\u00fc\u00e7\u0259d\u0259 tap\u0131lsa, bilin ki, polisd\u0259 i\u015fg\u0259nc\u0259 il\u0259 \u00f6ld\u00fcr\u00fcbl\u0259r&#8221;\">Davam\u0131<\/a><\/p>\n","protected":false},"author":8,"featured_media":266735,"comment_status":"closed","ping_status":"closed","sticky":false,"template":"","format":"standard","meta":{"_acf_changed":false,"_sitemap_exclude":false,"_sitemap_priority":"","_sitemap_frequency":"","footnotes":""},"categories":[60,79,56],"tags":[],"class_list":["post-266743","post","type-post","status-publish","format-standard","has-post-thumbnail","hentry","category-bolge","category-featured","category-xeberler","infinite-scroll-item","generate-columns","tablet-grid-50","mobile-grid-100","grid-parent","grid-33","no-featured-image-padding"],"acf":[],"yoast_head":"<!-- This site is optimized with the Yoast SEO plugin v27.5 - https:\/\/yoast.com\/product\/yoast-seo-wordpress\/ -->\n<title>&quot;Sabah meyitim k\u00fc\u00e7\u0259d\u0259 tap\u0131lsa, bilin ki, polisd\u0259 i\u015fg\u0259nc\u0259 il\u0259 \u00f6ld\u00fcr\u00fcbl\u0259r&quot; - MEYDAN.TV<\/title>\n<meta name=\"robots\" content=\"index, follow, max-snippet:-1, max-image-preview:large, max-video-preview:-1\" \/>\n<link rel=\"canonical\" href=\"https:\/\/www.meydan.tv\/az\/article\/sabah-meyitim-kucede-tapilsa-bilin-ki-polisde-isgence-ile-oldurubler\/\" \/>\n<meta property=\"og:locale\" content=\"az_AZ\" \/>\n<meta property=\"og:type\" content=\"article\" \/>\n<meta property=\"og:title\" content=\"&quot;Sabah meyitim k\u00fc\u00e7\u0259d\u0259 tap\u0131lsa, bilin ki, polisd\u0259 i\u015fg\u0259nc\u0259 il\u0259 \u00f6ld\u00fcr\u00fcbl\u0259r&quot; - MEYDAN.TV\" \/>\n<meta property=\"og:description\" content=\"A\u011fdam sakini qarda\u015f\u0131n\u0131n ba\u015f\u0131na g\u0259l\u0259nl\u0259ri dan\u0131\u015f\u0131r, D\u0130N ara\u015fd\u0131rd\u0131\u011f\u0131n\u0131 deyir \u201cQarda\u015f\u0131m ... Davam\u0131\" \/>\n<meta property=\"og:url\" content=\"https:\/\/www.meydan.tv\/az\/article\/sabah-meyitim-kucede-tapilsa-bilin-ki-polisde-isgence-ile-oldurubler\/\" \/>\n<meta property=\"og:site_name\" content=\"MEYDAN.TV\" \/>\n<meta property=\"article:published_time\" content=\"2023-01-26T12:19:20+00:00\" \/>\n<meta property=\"article:modified_time\" content=\"2023-01-26T12:39:53+00:00\" \/>\n<meta property=\"og:image\" content=\"https:\/\/www.meydan.tv\/wp-content\/uploads\/untitled-design-5-43.jpg\" \/>\n\t<meta property=\"og:image:width\" content=\"1200\" \/>\n\t<meta property=\"og:image:height\" content=\"800\" \/>\n\t<meta property=\"og:image:type\" content=\"image\/jpeg\" \/>\n<meta name=\"author\" content=\"elli\" \/>\n<meta name=\"twitter:card\" content=\"summary_large_image\" \/>\n<meta name=\"twitter:creator\" content=\"@elli\" \/>\n<script type=\"application\/ld+json\" class=\"yoast-schema-graph\">{\"@context\":\"https:\\\/\\\/schema.org\",\"@graph\":[{\"@type\":\"Article\",\"@id\":\"https:\\\/\\\/www.meydan.tv\\\/az\\\/article\\\/sabah-meyitim-kucede-tapilsa-bilin-ki-polisde-isgence-ile-oldurubler\\\/#article\",\"isPartOf\":{\"@id\":\"https:\\\/\\\/www.meydan.tv\\\/az\\\/article\\\/sabah-meyitim-kucede-tapilsa-bilin-ki-polisde-isgence-ile-oldurubler\\\/\"},\"author\":{\"name\":\"elli\",\"@id\":\"https:\\\/\\\/www.meydan.tv\\\/az\\\/#\\\/schema\\\/person\\\/9cdbecf90d17180ce1dfbd95b08dcf47\"},\"headline\":\"&#8220;Sabah meyitim k\u00fc\u00e7\u0259d\u0259 tap\u0131lsa, bilin ki, polisd\u0259 i\u015fg\u0259nc\u0259 il\u0259 \u00f6ld\u00fcr\u00fcbl\u0259r&#8221;\",\"datePublished\":\"2023-01-26T12:19:20+00:00\",\"dateModified\":\"2023-01-26T12:39:53+00:00\",\"mainEntityOfPage\":{\"@id\":\"https:\\\/\\\/www.meydan.tv\\\/az\\\/article\\\/sabah-meyitim-kucede-tapilsa-bilin-ki-polisde-isgence-ile-oldurubler\\\/\"},\"wordCount\":1085,\"publisher\":{\"@id\":\"https:\\\/\\\/www.meydan.tv\\\/az\\\/#organization\"},\"image\":{\"@id\":\"https:\\\/\\\/www.meydan.tv\\\/az\\\/article\\\/sabah-meyitim-kucede-tapilsa-bilin-ki-polisde-isgence-ile-oldurubler\\\/#primaryimage\"},\"thumbnailUrl\":\"https:\\\/\\\/www.meydan.tv\\\/wp-content\\\/uploads\\\/untitled-design-5-43.jpg\",\"articleSection\":[\"B\u00f6lg\u0259\",\"T\u00f6vsiy\u0259\",\"X\u0259b\u0259rl\u0259r\"],\"inLanguage\":\"az\"},{\"@type\":\"WebPage\",\"@id\":\"https:\\\/\\\/www.meydan.tv\\\/az\\\/article\\\/sabah-meyitim-kucede-tapilsa-bilin-ki-polisde-isgence-ile-oldurubler\\\/\",\"url\":\"https:\\\/\\\/www.meydan.tv\\\/az\\\/article\\\/sabah-meyitim-kucede-tapilsa-bilin-ki-polisde-isgence-ile-oldurubler\\\/\",\"name\":\"\\\"Sabah meyitim k\u00fc\u00e7\u0259d\u0259 tap\u0131lsa, bilin ki, polisd\u0259 i\u015fg\u0259nc\u0259 il\u0259 \u00f6ld\u00fcr\u00fcbl\u0259r\\\" - MEYDAN.TV\",\"isPartOf\":{\"@id\":\"https:\\\/\\\/www.meydan.tv\\\/az\\\/#website\"},\"primaryImageOfPage\":{\"@id\":\"https:\\\/\\\/www.meydan.tv\\\/az\\\/article\\\/sabah-meyitim-kucede-tapilsa-bilin-ki-polisde-isgence-ile-oldurubler\\\/#primaryimage\"},\"image\":{\"@id\":\"https:\\\/\\\/www.meydan.tv\\\/az\\\/article\\\/sabah-meyitim-kucede-tapilsa-bilin-ki-polisde-isgence-ile-oldurubler\\\/#primaryimage\"},\"thumbnailUrl\":\"https:\\\/\\\/www.meydan.tv\\\/wp-content\\\/uploads\\\/untitled-design-5-43.jpg\",\"datePublished\":\"2023-01-26T12:19:20+00:00\",\"dateModified\":\"2023-01-26T12:39:53+00:00\",\"breadcrumb\":{\"@id\":\"https:\\\/\\\/www.meydan.tv\\\/az\\\/article\\\/sabah-meyitim-kucede-tapilsa-bilin-ki-polisde-isgence-ile-oldurubler\\\/#breadcrumb\"},\"inLanguage\":\"az\",\"potentialAction\":[{\"@type\":\"ReadAction\",\"target\":[\"https:\\\/\\\/www.meydan.tv\\\/az\\\/article\\\/sabah-meyitim-kucede-tapilsa-bilin-ki-polisde-isgence-ile-oldurubler\\\/\"]}]},{\"@type\":\"ImageObject\",\"inLanguage\":\"az\",\"@id\":\"https:\\\/\\\/www.meydan.tv\\\/az\\\/article\\\/sabah-meyitim-kucede-tapilsa-bilin-ki-polisde-isgence-ile-oldurubler\\\/#primaryimage\",\"url\":\"https:\\\/\\\/www.meydan.tv\\\/wp-content\\\/uploads\\\/untitled-design-5-43.jpg\",\"contentUrl\":\"https:\\\/\\\/www.meydan.tv\\\/wp-content\\\/uploads\\\/untitled-design-5-43.jpg\",\"width\":1200,\"height\":800,\"caption\":\"Fotolar: \u015e\u0259hriyar \u0130brahimovun yax\u0131nlar\u0131n\u0131n arxivind\u0259n\"},{\"@type\":\"BreadcrumbList\",\"@id\":\"https:\\\/\\\/www.meydan.tv\\\/az\\\/article\\\/sabah-meyitim-kucede-tapilsa-bilin-ki-polisde-isgence-ile-oldurubler\\\/#breadcrumb\",\"itemListElement\":[{\"@type\":\"ListItem\",\"position\":1,\"name\":\"Ana s\u0259hif\u0259\",\"item\":\"https:\\\/\\\/www.meydan.tv\\\/az\\\/\"},{\"@type\":\"ListItem\",\"position\":2,\"name\":\"B\u00f6lg\u0259\",\"item\":\"https:\\\/\\\/www.meydan.tv\\\/az\\\/section\\\/bolge\\\/\"},{\"@type\":\"ListItem\",\"position\":3,\"name\":\"&#8220;Sabah meyitim k\u00fc\u00e7\u0259d\u0259 tap\u0131lsa, bilin ki, polisd\u0259 i\u015fg\u0259nc\u0259 il\u0259 \u00f6ld\u00fcr\u00fcbl\u0259r&#8221;\"}]},{\"@type\":\"WebSite\",\"@id\":\"https:\\\/\\\/www.meydan.tv\\\/az\\\/#website\",\"url\":\"https:\\\/\\\/www.meydan.tv\\\/az\\\/\",\"name\":\"MEYDAN.TV\",\"description\":\"Meydan TV Az\u0259rbaycan\u0131n media m\u0259kan\u0131ndak\u0131 alternativ s\u0259sidir\",\"publisher\":{\"@id\":\"https:\\\/\\\/www.meydan.tv\\\/az\\\/#organization\"},\"potentialAction\":[{\"@type\":\"SearchAction\",\"target\":{\"@type\":\"EntryPoint\",\"urlTemplate\":\"https:\\\/\\\/www.meydan.tv\\\/az\\\/?s={search_term_string}\"},\"query-input\":{\"@type\":\"PropertyValueSpecification\",\"valueRequired\":true,\"valueName\":\"search_term_string\"}}],\"inLanguage\":\"az\"},{\"@type\":\"Organization\",\"@id\":\"https:\\\/\\\/www.meydan.tv\\\/az\\\/#organization\",\"name\":\"Meydan TV\",\"url\":\"https:\\\/\\\/www.meydan.tv\\\/az\\\/\",\"logo\":{\"@type\":\"ImageObject\",\"inLanguage\":\"az\",\"@id\":\"https:\\\/\\\/www.meydan.tv\\\/az\\\/#\\\/schema\\\/logo\\\/image\\\/\",\"url\":\"https:\\\/\\\/www.meydan.tv\\\/wp-content\\\/uploads\\\/2021\\\/07\\\/meydan-logo.svg\",\"contentUrl\":\"https:\\\/\\\/www.meydan.tv\\\/wp-content\\\/uploads\\\/2021\\\/07\\\/meydan-logo.svg\",\"width\":195,\"height\":46,\"caption\":\"Meydan TV\"},\"image\":{\"@id\":\"https:\\\/\\\/www.meydan.tv\\\/az\\\/#\\\/schema\\\/logo\\\/image\\\/\"}},{\"@type\":\"Person\",\"@id\":\"https:\\\/\\\/www.meydan.tv\\\/az\\\/#\\\/schema\\\/person\\\/9cdbecf90d17180ce1dfbd95b08dcf47\",\"name\":\"elli\",\"sameAs\":[\"https:\\\/\\\/x.com\\\/elli\"]}]}<\/script>\n<!-- \/ Yoast SEO plugin. -->","yoast_head_json":{"title":"\"Sabah meyitim k\u00fc\u00e7\u0259d\u0259 tap\u0131lsa, bilin ki, polisd\u0259 i\u015fg\u0259nc\u0259 il\u0259 \u00f6ld\u00fcr\u00fcbl\u0259r\" - MEYDAN.TV","robots":{"index":"index","follow":"follow","max-snippet":"max-snippet:-1","max-image-preview":"max-image-preview:large","max-video-preview":"max-video-preview:-1"},"canonical":"https:\/\/www.meydan.tv\/az\/article\/sabah-meyitim-kucede-tapilsa-bilin-ki-polisde-isgence-ile-oldurubler\/","og_locale":"az_AZ","og_type":"article","og_title":"\"Sabah meyitim k\u00fc\u00e7\u0259d\u0259 tap\u0131lsa, bilin ki, polisd\u0259 i\u015fg\u0259nc\u0259 il\u0259 \u00f6ld\u00fcr\u00fcbl\u0259r\" - MEYDAN.TV","og_description":"A\u011fdam sakini qarda\u015f\u0131n\u0131n ba\u015f\u0131na g\u0259l\u0259nl\u0259ri dan\u0131\u015f\u0131r, D\u0130N ara\u015fd\u0131rd\u0131\u011f\u0131n\u0131 deyir \u201cQarda\u015f\u0131m ... Davam\u0131","og_url":"https:\/\/www.meydan.tv\/az\/article\/sabah-meyitim-kucede-tapilsa-bilin-ki-polisde-isgence-ile-oldurubler\/","og_site_name":"MEYDAN.TV","article_published_time":"2023-01-26T12:19:20+00:00","article_modified_time":"2023-01-26T12:39:53+00:00","og_image":[{"width":1200,"height":800,"url":"https:\/\/www.meydan.tv\/wp-content\/uploads\/untitled-design-5-43.jpg","type":"image\/jpeg"}],"author":"elli","twitter_card":"summary_large_image","twitter_creator":"@elli","schema":{"@context":"https:\/\/schema.org","@graph":[{"@type":"Article","@id":"https:\/\/www.meydan.tv\/az\/article\/sabah-meyitim-kucede-tapilsa-bilin-ki-polisde-isgence-ile-oldurubler\/#article","isPartOf":{"@id":"https:\/\/www.meydan.tv\/az\/article\/sabah-meyitim-kucede-tapilsa-bilin-ki-polisde-isgence-ile-oldurubler\/"},"author":{"name":"elli","@id":"https:\/\/www.meydan.tv\/az\/#\/schema\/person\/9cdbecf90d17180ce1dfbd95b08dcf47"},"headline":"&#8220;Sabah meyitim k\u00fc\u00e7\u0259d\u0259 tap\u0131lsa, bilin ki, polisd\u0259 i\u015fg\u0259nc\u0259 il\u0259 \u00f6ld\u00fcr\u00fcbl\u0259r&#8221;","datePublished":"2023-01-26T12:19:20+00:00","dateModified":"2023-01-26T12:39:53+00:00","mainEntityOfPage":{"@id":"https:\/\/www.meydan.tv\/az\/article\/sabah-meyitim-kucede-tapilsa-bilin-ki-polisde-isgence-ile-oldurubler\/"},"wordCount":1085,"publisher":{"@id":"https:\/\/www.meydan.tv\/az\/#organization"},"image":{"@id":"https:\/\/www.meydan.tv\/az\/article\/sabah-meyitim-kucede-tapilsa-bilin-ki-polisde-isgence-ile-oldurubler\/#primaryimage"},"thumbnailUrl":"https:\/\/www.meydan.tv\/wp-content\/uploads\/untitled-design-5-43.jpg","articleSection":["B\u00f6lg\u0259","T\u00f6vsiy\u0259","X\u0259b\u0259rl\u0259r"],"inLanguage":"az"},{"@type":"WebPage","@id":"https:\/\/www.meydan.tv\/az\/article\/sabah-meyitim-kucede-tapilsa-bilin-ki-polisde-isgence-ile-oldurubler\/","url":"https:\/\/www.meydan.tv\/az\/article\/sabah-meyitim-kucede-tapilsa-bilin-ki-polisde-isgence-ile-oldurubler\/","name":"\"Sabah meyitim k\u00fc\u00e7\u0259d\u0259 tap\u0131lsa, bilin ki, polisd\u0259 i\u015fg\u0259nc\u0259 il\u0259 \u00f6ld\u00fcr\u00fcbl\u0259r\" - MEYDAN.TV","isPartOf":{"@id":"https:\/\/www.meydan.tv\/az\/#website"},"primaryImageOfPage":{"@id":"https:\/\/www.meydan.tv\/az\/article\/sabah-meyitim-kucede-tapilsa-bilin-ki-polisde-isgence-ile-oldurubler\/#primaryimage"},"image":{"@id":"https:\/\/www.meydan.tv\/az\/article\/sabah-meyitim-kucede-tapilsa-bilin-ki-polisde-isgence-ile-oldurubler\/#primaryimage"},"thumbnailUrl":"https:\/\/www.meydan.tv\/wp-content\/uploads\/untitled-design-5-43.jpg","datePublished":"2023-01-26T12:19:20+00:00","dateModified":"2023-01-26T12:39:53+00:00","breadcrumb":{"@id":"https:\/\/www.meydan.tv\/az\/article\/sabah-meyitim-kucede-tapilsa-bilin-ki-polisde-isgence-ile-oldurubler\/#breadcrumb"},"inLanguage":"az","potentialAction":[{"@type":"ReadAction","target":["https:\/\/www.meydan.tv\/az\/article\/sabah-meyitim-kucede-tapilsa-bilin-ki-polisde-isgence-ile-oldurubler\/"]}]},{"@type":"ImageObject","inLanguage":"az","@id":"https:\/\/www.meydan.tv\/az\/article\/sabah-meyitim-kucede-tapilsa-bilin-ki-polisde-isgence-ile-oldurubler\/#primaryimage","url":"https:\/\/www.meydan.tv\/wp-content\/uploads\/untitled-design-5-43.jpg","contentUrl":"https:\/\/www.meydan.tv\/wp-content\/uploads\/untitled-design-5-43.jpg","width":1200,"height":800,"caption":"Fotolar: \u015e\u0259hriyar \u0130brahimovun yax\u0131nlar\u0131n\u0131n arxivind\u0259n"},{"@type":"BreadcrumbList","@id":"https:\/\/www.meydan.tv\/az\/article\/sabah-meyitim-kucede-tapilsa-bilin-ki-polisde-isgence-ile-oldurubler\/#breadcrumb","itemListElement":[{"@type":"ListItem","position":1,"name":"Ana s\u0259hif\u0259","item":"https:\/\/www.meydan.tv\/az\/"},{"@type":"ListItem","position":2,"name":"B\u00f6lg\u0259","item":"https:\/\/www.meydan.tv\/az\/section\/bolge\/"},{"@type":"ListItem","position":3,"name":"&#8220;Sabah meyitim k\u00fc\u00e7\u0259d\u0259 tap\u0131lsa, bilin ki, polisd\u0259 i\u015fg\u0259nc\u0259 il\u0259 \u00f6ld\u00fcr\u00fcbl\u0259r&#8221;"}]},{"@type":"WebSite","@id":"https:\/\/www.meydan.tv\/az\/#website","url":"https:\/\/www.meydan.tv\/az\/","name":"MEYDAN.TV","description":"Meydan TV Az\u0259rbaycan\u0131n media m\u0259kan\u0131ndak\u0131 alternativ s\u0259sidir","publisher":{"@id":"https:\/\/www.meydan.tv\/az\/#organization"},"potentialAction":[{"@type":"SearchAction","target":{"@type":"EntryPoint","urlTemplate":"https:\/\/www.meydan.tv\/az\/?s={search_term_string}"},"query-input":{"@type":"PropertyValueSpecification","valueRequired":true,"valueName":"search_term_string"}}],"inLanguage":"az"},{"@type":"Organization","@id":"https:\/\/www.meydan.tv\/az\/#organization","name":"Meydan TV","url":"https:\/\/www.meydan.tv\/az\/","logo":{"@type":"ImageObject","inLanguage":"az","@id":"https:\/\/www.meydan.tv\/az\/#\/schema\/logo\/image\/","url":"https:\/\/www.meydan.tv\/wp-content\/uploads\/2021\/07\/meydan-logo.svg","contentUrl":"https:\/\/www.meydan.tv\/wp-content\/uploads\/2021\/07\/meydan-logo.svg","width":195,"height":46,"caption":"Meydan TV"},"image":{"@id":"https:\/\/www.meydan.tv\/az\/#\/schema\/logo\/image\/"}},{"@type":"Person","@id":"https:\/\/www.meydan.tv\/az\/#\/schema\/person\/9cdbecf90d17180ce1dfbd95b08dcf47","name":"elli","sameAs":["https:\/\/x.com\/elli"]}]}},"_links":{"self":[{"href":"https:\/\/www.meydan.tv\/az\/wp-json\/wp\/v2\/posts\/266743","targetHints":{"allow":["GET"]}}],"collection":[{"href":"https:\/\/www.meydan.tv\/az\/wp-json\/wp\/v2\/posts"}],"about":[{"href":"https:\/\/www.meydan.tv\/az\/wp-json\/wp\/v2\/types\/post"}],"author":[{"embeddable":true,"href":"https:\/\/www.meydan.tv\/az\/wp-json\/wp\/v2\/users\/8"}],"replies":[{"embeddable":true,"href":"https:\/\/www.meydan.tv\/az\/wp-json\/wp\/v2\/comments?post=266743"}],"version-history":[{"count":2,"href":"https:\/\/www.meydan.tv\/az\/wp-json\/wp\/v2\/posts\/266743\/revisions"}],"predecessor-version":[{"id":266748,"href":"https:\/\/www.meydan.tv\/az\/wp-json\/wp\/v2\/posts\/266743\/revisions\/266748"}],"wp:featuredmedia":[{"embeddable":true,"href":"https:\/\/www.meydan.tv\/az\/wp-json\/wp\/v2\/media\/266735"}],"wp:attachment":[{"href":"https:\/\/www.meydan.tv\/az\/wp-json\/wp\/v2\/media?parent=266743"}],"wp:term":[{"taxonomy":"category","embeddable":true,"href":"https:\/\/www.meydan.tv\/az\/wp-json\/wp\/v2\/categories?post=266743"},{"taxonomy":"post_tag","embeddable":true,"href":"https:\/\/www.meydan.tv\/az\/wp-json\/wp\/v2\/tags?post=266743"}],"curies":[{"name":"wp","href":"https:\/\/api.w.org\/{rel}","templated":true}]}}