{"id":266726,"date":"2023-01-26T15:11:24","date_gmt":"2023-01-26T11:11:24","guid":{"rendered":"https:\/\/www.meydan.tv\/?p=266726"},"modified":"2023-01-26T15:11:26","modified_gmt":"2023-01-26T11:11:26","slug":"iran-hokumetine-birbasa-elaqesi-olan-kino-numayendelerine-qadaga","status":"publish","type":"post","link":"https:\/\/www.meydan.tv\/az\/article\/iran-hokumetine-birbasa-elaqesi-olan-kino-numayendelerine-qadaga\/","title":{"rendered":"<strong>\u0130ran h\u00f6kum\u0259tin\u0259 birba\u015fa \u0259laq\u0259si olan kino n\u00fcmay\u0259nd\u0259l\u0259rin\u0259 qada\u011fa<\/strong>"},"content":{"rendered":"\n<p><\/p>\n\n\n\n<p><em>Berlin Film Festival\u0131 M\u0259hsan\u0131n \u00f6l\u00fcm\u00fcn\u0259 etiraz ed\u0259n etiraz\u00e7\u0131lar\u0131 d\u0259st\u0259kl\u0259yir<\/em><\/p>\n\n\n\n<p>\u201cBerlinale\u201d kimi tan\u0131nan 73-c\u00fc Beyn\u0259lxalq Berlin Film Festival\u0131n\u0131n t\u0259\u015fkilat\u00e7\u0131lar\u0131 \u0130ran h\u00f6kum\u0259tin\u0259 birba\u015fa \u0259laq\u0259si olan kino n\u00fcmay\u0259nd\u0259 hey\u0259tl\u0259rin\u0259, \u015firk\u0259tl\u0259rin\u0259 v\u0259 jurnalistl\u0259rin\u0259 kino t\u0259dbirind\u0259 i\u015ftirak\u0131 qada\u011fan edib.<\/p>\n\n\n\n<p>Festival r\u0259smil\u0259ri bu haqda b\u0259yanat <a href=\"https:\/\/www.berlinale.de\/en\/2023\/news-press-releases\/229058.html\" target=\"_blank\" rel=\"noreferrer noopener\">yay\u0131blar.<\/a><\/p>\n\n\n\n<p>Bu q\u0259rar\u0131n 2022-ci il sentyabr\u0131n 13-d\u0259 \u0130randa \u0259xlaq polisi t\u0259r\u0259find\u0259n saxlan\u0131lan 22 ya\u015fl\u0131 M\u0259hsa Amini adl\u0131 qad\u0131n\u0131n h\u0259bsd\u0259 \u00f6lm\u0259sind\u0259n sonra ba\u015flayan etiraz dal\u011fas\u0131na d\u0259st\u0259k m\u0259qs\u0259dil\u0259 verildiyi bildirilir.<\/p>\n\n\n\n<p>\u201cM\u0259hsa \u018fmininin a\u00e7\u0131q hicab geyindiyin\u0259 g\u00f6r\u0259 \u00f6l\u00fcm\u00fc il\u0259 ba\u015flayan etirazlar dal\u011fas\u0131 h\u00f6kum\u0259tin t\u0259hl\u00fck\u0259sizlik q\u00fcvv\u0259l\u0259ri t\u0259r\u0259find\u0259n 500-d\u0259n \u00e7ox m\u00fclki \u015f\u0259xsin \u00f6ld\u00fcr\u00fclm\u0259sin\u0259 s\u0259b\u0259b olub. Berlin Film Festival\u0131 \u0130randa zorak\u0131 qeyri-demokratik rejim\u0259 qar\u015f\u0131 \u00f6zl\u0259rini m\u00fcdafi\u0259 ed\u0259n c\u0259sar\u0259tli etiraz\u00e7\u0131lar\u0131 d\u0259st\u0259kl\u0259yir\u201d, &#8211; b\u0259yanatda deyilir.<\/p>\n\n\n\n<p>H\u0259m\u00e7inin bildirilib ki, \u0130ranla yana\u015f\u0131, Rusiyan\u0131n da milli v\u0259 ya d\u00f6vl\u0259t qurumlar\u0131, \u015firk\u0259tl\u0259r, jurnalistl\u0259rin\u0259 akkreditasiyaya icaz\u0259 verilm\u0259y\u0259c\u0259k.<\/p>\n\n\n\n<p>\u201cFestival Rusiyan\u0131n beyn\u0259lxalq h\u00fcququ pozan t\u0259cav\u00fczkar m\u00fcharib\u0259sini q\u0259tiyy\u0259tl\u0259 pisl\u0259yir. Ukrayna xalq\u0131 v\u0259 bu m\u00fcharib\u0259y\u0259 qar\u015f\u0131 kampaniya aparan h\u0259r k\u0259sl\u0259 h\u0259mr\u0259y oldu\u011funu bildirir\u201d, &#8211; a\u00e7\u0131qlamada deyilir.<\/p>\n\n\n\n<p>Qada\u011fa yaln\u0131z d\u00f6vl\u0259t qurumlar\u0131na ba\u011fl\u0131 olan kino, \u015firk\u0259t v\u0259 media m\u0259nsublar\u0131na aiddir. \u00c7\u00fcnki h\u0259r iki \u00f6lk\u0259nin m\u00fcst\u0259qil rejissorlar\u0131n\u0131n filml\u0259ri festival\u0131n proqram\u0131na daxil edilib.<\/p>\n\n\n\n<p>73-c\u00fc Berlin Film Festival\u0131 fevral\u0131n 16-26-d\u0259k ke\u00e7iril\u0259c\u0259k.<\/p>\n\n\n\n<p>Festivalda amerikal\u0131 rejissor \u015eon Pennin Ukraynak\u0131 h\u0259rbi \u0259m\u0259liyyatlar haqq\u0131nda \u00e7\u0259kdiyi \u201cSuperg\u00fcc\u201d (\u201cSuperpower\u201d) s\u0259n\u0259dli filmi d\u0259 n\u00fcmayi\u015f olunacaq.<\/p>\n\n\n\n<p>Filmd\u0259 Ukrayna Prezidenti Volodimir Zelenski d\u0259 <a href=\"https:\/\/d9mc3ts4czbpr.cloudfront.net\/az\/article\/son-penn-berlin-film-festivalinda-ukrayna-hadiseleri-haqqinda-film-teqdim-edecek\/\" target=\"_blank\" rel=\"noreferrer noopener\">\u00e7\u0259kilib.<\/a><\/p>\n\n\n\n<p>Rusiya Ukraynada m\u00fcharib\u0259y\u0259 ba\u015flayandan sonra bir s\u0131ra beyn\u0259lxlaq t\u0259dbirl\u0259rd\u0259 i\u015ftirak\u0131na qada\u011fa qoyulub.<\/p>\n\n\n\n<p>\u00d6t\u0259n ilin sentyabr\u0131nda M\u0259hsa Amininin \u00f6l\u00fcm\u00fcnd\u0259n sonra bir s\u0131ra iranl\u0131 s\u0259n\u0259t adamlar\u0131, tan\u0131nm\u0131\u015flar\u0131 olaya etiraz \u0259lam\u0259ti olaraq sosial \u015f\u0259b\u0259k\u0259l\u0259rd\u0259 payla\u015fmalar edibl\u0259r.<\/p>\n\n\n\n<p>N\u0259tic\u0259d\u0259 aktrisalar T\u0259ran\u0259 \u018flidusti, Henqame Qaziani v\u0259 Katayun Riahinin h\u0259bs edilm\u0259si x\u0259b\u0259rl\u0259ri <a href=\"https:\/\/d9mc3ts4czbpr.cloudfront.net\/az\/article\/iranda-iki-aktrisa-hebs-edilib\/\" target=\"_blank\" rel=\"noreferrer noopener\">yay\u0131l\u0131b.<\/a><\/p>\n","protected":false},"excerpt":{"rendered":"<p>Berlin Film Festival\u0131 M\u0259hsan\u0131n \u00f6l\u00fcm\u00fcn\u0259 etiraz ed\u0259n etiraz\u00e7\u0131lar\u0131 d\u0259st\u0259kl\u0259yir \u201cBerlinale\u201d &#8230; <\/p>\n<p class=\"read-more-container\"><a title=\"\u0130ran h\u00f6kum\u0259tin\u0259 birba\u015fa \u0259laq\u0259si olan kino n\u00fcmay\u0259nd\u0259l\u0259rin\u0259 qada\u011fa\" class=\"read-more button\" href=\"https:\/\/www.meydan.tv\/az\/article\/iran-hokumetine-birbasa-elaqesi-olan-kino-numayendelerine-qadaga\/#more-266726\" aria-label=\"Read more about \u0130ran h\u00f6kum\u0259tin\u0259 birba\u015fa \u0259laq\u0259si olan kino n\u00fcmay\u0259nd\u0259l\u0259rin\u0259 qada\u011fa\">Davam\u0131<\/a><\/p>\n","protected":false},"author":8,"featured_media":234267,"comment_status":"closed","ping_status":"closed","sticky":false,"template":"","format":"standard","meta":{"_acf_changed":false,"_sitemap_exclude":false,"_sitemap_priority":"","_sitemap_frequency":"","footnotes":""},"categories":[52,56],"tags":[],"class_list":["post-266726","post","type-post","status-publish","format-standard","has-post-thumbnail","hentry","category-medeniyyet","category-xeberler","infinite-scroll-item","generate-columns","tablet-grid-50","mobile-grid-100","grid-parent","grid-33","no-featured-image-padding"],"acf":[],"yoast_head":"<!-- This site is optimized with the Yoast SEO plugin v27.4 - https:\/\/yoast.com\/product\/yoast-seo-wordpress\/ -->\n<title>\u0130ran h\u00f6kum\u0259tin\u0259 birba\u015fa \u0259laq\u0259si olan kino n\u00fcmay\u0259nd\u0259l\u0259rin\u0259 qada\u011fa - MEYDAN.TV<\/title>\n<meta name=\"robots\" content=\"index, follow, max-snippet:-1, max-image-preview:large, max-video-preview:-1\" \/>\n<link rel=\"canonical\" href=\"https:\/\/www.meydan.tv\/az\/article\/iran-hokumetine-birbasa-elaqesi-olan-kino-numayendelerine-qadaga\/\" \/>\n<meta property=\"og:locale\" content=\"az_AZ\" \/>\n<meta property=\"og:type\" content=\"article\" \/>\n<meta property=\"og:title\" content=\"\u0130ran h\u00f6kum\u0259tin\u0259 birba\u015fa \u0259laq\u0259si olan kino n\u00fcmay\u0259nd\u0259l\u0259rin\u0259 qada\u011fa - MEYDAN.TV\" \/>\n<meta property=\"og:description\" content=\"Berlin Film Festival\u0131 M\u0259hsan\u0131n \u00f6l\u00fcm\u00fcn\u0259 etiraz ed\u0259n etiraz\u00e7\u0131lar\u0131 d\u0259st\u0259kl\u0259yir \u201cBerlinale\u201d ... Davam\u0131\" \/>\n<meta property=\"og:url\" content=\"https:\/\/www.meydan.tv\/az\/article\/iran-hokumetine-birbasa-elaqesi-olan-kino-numayendelerine-qadaga\/\" \/>\n<meta property=\"og:site_name\" content=\"MEYDAN.TV\" \/>\n<meta property=\"article:published_time\" content=\"2023-01-26T11:11:24+00:00\" \/>\n<meta property=\"article:modified_time\" content=\"2023-01-26T11:11:26+00:00\" \/>\n<meta property=\"og:image\" content=\"https:\/\/www.meydan.tv\/wp-content\/uploads\/shutterstock_1643429353.jpg\" \/>\n\t<meta property=\"og:image:width\" content=\"1200\" \/>\n\t<meta property=\"og:image:height\" content=\"797\" \/>\n\t<meta property=\"og:image:type\" content=\"image\/jpeg\" \/>\n<meta name=\"author\" content=\"elli\" \/>\n<meta name=\"twitter:card\" content=\"summary_large_image\" \/>\n<meta name=\"twitter:creator\" content=\"@elli\" \/>\n<script type=\"application\/ld+json\" class=\"yoast-schema-graph\">{\"@context\":\"https:\\\/\\\/schema.org\",\"@graph\":[{\"@type\":\"Article\",\"@id\":\"https:\\\/\\\/www.meydan.tv\\\/az\\\/article\\\/iran-hokumetine-birbasa-elaqesi-olan-kino-numayendelerine-qadaga\\\/#article\",\"isPartOf\":{\"@id\":\"https:\\\/\\\/www.meydan.tv\\\/az\\\/article\\\/iran-hokumetine-birbasa-elaqesi-olan-kino-numayendelerine-qadaga\\\/\"},\"author\":{\"name\":\"elli\",\"@id\":\"https:\\\/\\\/www.meydan.tv\\\/az\\\/#\\\/schema\\\/person\\\/9cdbecf90d17180ce1dfbd95b08dcf47\"},\"headline\":\"\u0130ran h\u00f6kum\u0259tin\u0259 birba\u015fa \u0259laq\u0259si olan kino n\u00fcmay\u0259nd\u0259l\u0259rin\u0259 qada\u011fa\",\"datePublished\":\"2023-01-26T11:11:24+00:00\",\"dateModified\":\"2023-01-26T11:11:26+00:00\",\"mainEntityOfPage\":{\"@id\":\"https:\\\/\\\/www.meydan.tv\\\/az\\\/article\\\/iran-hokumetine-birbasa-elaqesi-olan-kino-numayendelerine-qadaga\\\/\"},\"wordCount\":449,\"publisher\":{\"@id\":\"https:\\\/\\\/www.meydan.tv\\\/az\\\/#organization\"},\"image\":{\"@id\":\"https:\\\/\\\/www.meydan.tv\\\/az\\\/article\\\/iran-hokumetine-birbasa-elaqesi-olan-kino-numayendelerine-qadaga\\\/#primaryimage\"},\"thumbnailUrl\":\"https:\\\/\\\/www.meydan.tv\\\/wp-content\\\/uploads\\\/shutterstock_1643429353.jpg\",\"articleSection\":[\"M\u0259d\u0259niyy\u0259t\",\"X\u0259b\u0259rl\u0259r\"],\"inLanguage\":\"az\"},{\"@type\":\"WebPage\",\"@id\":\"https:\\\/\\\/www.meydan.tv\\\/az\\\/article\\\/iran-hokumetine-birbasa-elaqesi-olan-kino-numayendelerine-qadaga\\\/\",\"url\":\"https:\\\/\\\/www.meydan.tv\\\/az\\\/article\\\/iran-hokumetine-birbasa-elaqesi-olan-kino-numayendelerine-qadaga\\\/\",\"name\":\"\u0130ran h\u00f6kum\u0259tin\u0259 birba\u015fa \u0259laq\u0259si olan kino n\u00fcmay\u0259nd\u0259l\u0259rin\u0259 qada\u011fa - MEYDAN.TV\",\"isPartOf\":{\"@id\":\"https:\\\/\\\/www.meydan.tv\\\/az\\\/#website\"},\"primaryImageOfPage\":{\"@id\":\"https:\\\/\\\/www.meydan.tv\\\/az\\\/article\\\/iran-hokumetine-birbasa-elaqesi-olan-kino-numayendelerine-qadaga\\\/#primaryimage\"},\"image\":{\"@id\":\"https:\\\/\\\/www.meydan.tv\\\/az\\\/article\\\/iran-hokumetine-birbasa-elaqesi-olan-kino-numayendelerine-qadaga\\\/#primaryimage\"},\"thumbnailUrl\":\"https:\\\/\\\/www.meydan.tv\\\/wp-content\\\/uploads\\\/shutterstock_1643429353.jpg\",\"datePublished\":\"2023-01-26T11:11:24+00:00\",\"dateModified\":\"2023-01-26T11:11:26+00:00\",\"breadcrumb\":{\"@id\":\"https:\\\/\\\/www.meydan.tv\\\/az\\\/article\\\/iran-hokumetine-birbasa-elaqesi-olan-kino-numayendelerine-qadaga\\\/#breadcrumb\"},\"inLanguage\":\"az\",\"potentialAction\":[{\"@type\":\"ReadAction\",\"target\":[\"https:\\\/\\\/www.meydan.tv\\\/az\\\/article\\\/iran-hokumetine-birbasa-elaqesi-olan-kino-numayendelerine-qadaga\\\/\"]}]},{\"@type\":\"ImageObject\",\"inLanguage\":\"az\",\"@id\":\"https:\\\/\\\/www.meydan.tv\\\/az\\\/article\\\/iran-hokumetine-birbasa-elaqesi-olan-kino-numayendelerine-qadaga\\\/#primaryimage\",\"url\":\"https:\\\/\\\/www.meydan.tv\\\/wp-content\\\/uploads\\\/shutterstock_1643429353.jpg\",\"contentUrl\":\"https:\\\/\\\/www.meydan.tv\\\/wp-content\\\/uploads\\\/shutterstock_1643429353.jpg\",\"width\":1200,\"height\":797,\"caption\":\"Beyn\u0259lxalq Berlin Film Festival\u0131, nikkimeel\\\/shutterstock\"},{\"@type\":\"BreadcrumbList\",\"@id\":\"https:\\\/\\\/www.meydan.tv\\\/az\\\/article\\\/iran-hokumetine-birbasa-elaqesi-olan-kino-numayendelerine-qadaga\\\/#breadcrumb\",\"itemListElement\":[{\"@type\":\"ListItem\",\"position\":1,\"name\":\"Ana s\u0259hif\u0259\",\"item\":\"https:\\\/\\\/www.meydan.tv\\\/az\\\/\"},{\"@type\":\"ListItem\",\"position\":2,\"name\":\"M\u0259d\u0259niyy\u0259t\",\"item\":\"https:\\\/\\\/www.meydan.tv\\\/az\\\/section\\\/medeniyyet\\\/\"},{\"@type\":\"ListItem\",\"position\":3,\"name\":\"\u0130ran h\u00f6kum\u0259tin\u0259 birba\u015fa \u0259laq\u0259si olan kino n\u00fcmay\u0259nd\u0259l\u0259rin\u0259 qada\u011fa\"}]},{\"@type\":\"WebSite\",\"@id\":\"https:\\\/\\\/www.meydan.tv\\\/az\\\/#website\",\"url\":\"https:\\\/\\\/www.meydan.tv\\\/az\\\/\",\"name\":\"MEYDAN.TV\",\"description\":\"Meydan TV Az\u0259rbaycan\u0131n media m\u0259kan\u0131ndak\u0131 alternativ s\u0259sidir\",\"publisher\":{\"@id\":\"https:\\\/\\\/www.meydan.tv\\\/az\\\/#organization\"},\"potentialAction\":[{\"@type\":\"SearchAction\",\"target\":{\"@type\":\"EntryPoint\",\"urlTemplate\":\"https:\\\/\\\/www.meydan.tv\\\/az\\\/?s={search_term_string}\"},\"query-input\":{\"@type\":\"PropertyValueSpecification\",\"valueRequired\":true,\"valueName\":\"search_term_string\"}}],\"inLanguage\":\"az\"},{\"@type\":\"Organization\",\"@id\":\"https:\\\/\\\/www.meydan.tv\\\/az\\\/#organization\",\"name\":\"Meydan TV\",\"url\":\"https:\\\/\\\/www.meydan.tv\\\/az\\\/\",\"logo\":{\"@type\":\"ImageObject\",\"inLanguage\":\"az\",\"@id\":\"https:\\\/\\\/www.meydan.tv\\\/az\\\/#\\\/schema\\\/logo\\\/image\\\/\",\"url\":\"https:\\\/\\\/www.meydan.tv\\\/wp-content\\\/uploads\\\/2021\\\/07\\\/meydan-logo.svg\",\"contentUrl\":\"https:\\\/\\\/www.meydan.tv\\\/wp-content\\\/uploads\\\/2021\\\/07\\\/meydan-logo.svg\",\"width\":195,\"height\":46,\"caption\":\"Meydan TV\"},\"image\":{\"@id\":\"https:\\\/\\\/www.meydan.tv\\\/az\\\/#\\\/schema\\\/logo\\\/image\\\/\"}},{\"@type\":\"Person\",\"@id\":\"https:\\\/\\\/www.meydan.tv\\\/az\\\/#\\\/schema\\\/person\\\/9cdbecf90d17180ce1dfbd95b08dcf47\",\"name\":\"elli\",\"sameAs\":[\"https:\\\/\\\/x.com\\\/elli\"]}]}<\/script>\n<!-- \/ Yoast SEO plugin. -->","yoast_head_json":{"title":"\u0130ran h\u00f6kum\u0259tin\u0259 birba\u015fa \u0259laq\u0259si olan kino n\u00fcmay\u0259nd\u0259l\u0259rin\u0259 qada\u011fa - MEYDAN.TV","robots":{"index":"index","follow":"follow","max-snippet":"max-snippet:-1","max-image-preview":"max-image-preview:large","max-video-preview":"max-video-preview:-1"},"canonical":"https:\/\/www.meydan.tv\/az\/article\/iran-hokumetine-birbasa-elaqesi-olan-kino-numayendelerine-qadaga\/","og_locale":"az_AZ","og_type":"article","og_title":"\u0130ran h\u00f6kum\u0259tin\u0259 birba\u015fa \u0259laq\u0259si olan kino n\u00fcmay\u0259nd\u0259l\u0259rin\u0259 qada\u011fa - MEYDAN.TV","og_description":"Berlin Film Festival\u0131 M\u0259hsan\u0131n \u00f6l\u00fcm\u00fcn\u0259 etiraz ed\u0259n etiraz\u00e7\u0131lar\u0131 d\u0259st\u0259kl\u0259yir \u201cBerlinale\u201d ... Davam\u0131","og_url":"https:\/\/www.meydan.tv\/az\/article\/iran-hokumetine-birbasa-elaqesi-olan-kino-numayendelerine-qadaga\/","og_site_name":"MEYDAN.TV","article_published_time":"2023-01-26T11:11:24+00:00","article_modified_time":"2023-01-26T11:11:26+00:00","og_image":[{"width":1200,"height":797,"url":"https:\/\/www.meydan.tv\/wp-content\/uploads\/shutterstock_1643429353.jpg","type":"image\/jpeg"}],"author":"elli","twitter_card":"summary_large_image","twitter_creator":"@elli","schema":{"@context":"https:\/\/schema.org","@graph":[{"@type":"Article","@id":"https:\/\/www.meydan.tv\/az\/article\/iran-hokumetine-birbasa-elaqesi-olan-kino-numayendelerine-qadaga\/#article","isPartOf":{"@id":"https:\/\/www.meydan.tv\/az\/article\/iran-hokumetine-birbasa-elaqesi-olan-kino-numayendelerine-qadaga\/"},"author":{"name":"elli","@id":"https:\/\/www.meydan.tv\/az\/#\/schema\/person\/9cdbecf90d17180ce1dfbd95b08dcf47"},"headline":"\u0130ran h\u00f6kum\u0259tin\u0259 birba\u015fa \u0259laq\u0259si olan kino n\u00fcmay\u0259nd\u0259l\u0259rin\u0259 qada\u011fa","datePublished":"2023-01-26T11:11:24+00:00","dateModified":"2023-01-26T11:11:26+00:00","mainEntityOfPage":{"@id":"https:\/\/www.meydan.tv\/az\/article\/iran-hokumetine-birbasa-elaqesi-olan-kino-numayendelerine-qadaga\/"},"wordCount":449,"publisher":{"@id":"https:\/\/www.meydan.tv\/az\/#organization"},"image":{"@id":"https:\/\/www.meydan.tv\/az\/article\/iran-hokumetine-birbasa-elaqesi-olan-kino-numayendelerine-qadaga\/#primaryimage"},"thumbnailUrl":"https:\/\/www.meydan.tv\/wp-content\/uploads\/shutterstock_1643429353.jpg","articleSection":["M\u0259d\u0259niyy\u0259t","X\u0259b\u0259rl\u0259r"],"inLanguage":"az"},{"@type":"WebPage","@id":"https:\/\/www.meydan.tv\/az\/article\/iran-hokumetine-birbasa-elaqesi-olan-kino-numayendelerine-qadaga\/","url":"https:\/\/www.meydan.tv\/az\/article\/iran-hokumetine-birbasa-elaqesi-olan-kino-numayendelerine-qadaga\/","name":"\u0130ran h\u00f6kum\u0259tin\u0259 birba\u015fa \u0259laq\u0259si olan kino n\u00fcmay\u0259nd\u0259l\u0259rin\u0259 qada\u011fa - MEYDAN.TV","isPartOf":{"@id":"https:\/\/www.meydan.tv\/az\/#website"},"primaryImageOfPage":{"@id":"https:\/\/www.meydan.tv\/az\/article\/iran-hokumetine-birbasa-elaqesi-olan-kino-numayendelerine-qadaga\/#primaryimage"},"image":{"@id":"https:\/\/www.meydan.tv\/az\/article\/iran-hokumetine-birbasa-elaqesi-olan-kino-numayendelerine-qadaga\/#primaryimage"},"thumbnailUrl":"https:\/\/www.meydan.tv\/wp-content\/uploads\/shutterstock_1643429353.jpg","datePublished":"2023-01-26T11:11:24+00:00","dateModified":"2023-01-26T11:11:26+00:00","breadcrumb":{"@id":"https:\/\/www.meydan.tv\/az\/article\/iran-hokumetine-birbasa-elaqesi-olan-kino-numayendelerine-qadaga\/#breadcrumb"},"inLanguage":"az","potentialAction":[{"@type":"ReadAction","target":["https:\/\/www.meydan.tv\/az\/article\/iran-hokumetine-birbasa-elaqesi-olan-kino-numayendelerine-qadaga\/"]}]},{"@type":"ImageObject","inLanguage":"az","@id":"https:\/\/www.meydan.tv\/az\/article\/iran-hokumetine-birbasa-elaqesi-olan-kino-numayendelerine-qadaga\/#primaryimage","url":"https:\/\/www.meydan.tv\/wp-content\/uploads\/shutterstock_1643429353.jpg","contentUrl":"https:\/\/www.meydan.tv\/wp-content\/uploads\/shutterstock_1643429353.jpg","width":1200,"height":797,"caption":"Beyn\u0259lxalq Berlin Film Festival\u0131, nikkimeel\/shutterstock"},{"@type":"BreadcrumbList","@id":"https:\/\/www.meydan.tv\/az\/article\/iran-hokumetine-birbasa-elaqesi-olan-kino-numayendelerine-qadaga\/#breadcrumb","itemListElement":[{"@type":"ListItem","position":1,"name":"Ana s\u0259hif\u0259","item":"https:\/\/www.meydan.tv\/az\/"},{"@type":"ListItem","position":2,"name":"M\u0259d\u0259niyy\u0259t","item":"https:\/\/www.meydan.tv\/az\/section\/medeniyyet\/"},{"@type":"ListItem","position":3,"name":"\u0130ran h\u00f6kum\u0259tin\u0259 birba\u015fa \u0259laq\u0259si olan kino n\u00fcmay\u0259nd\u0259l\u0259rin\u0259 qada\u011fa"}]},{"@type":"WebSite","@id":"https:\/\/www.meydan.tv\/az\/#website","url":"https:\/\/www.meydan.tv\/az\/","name":"MEYDAN.TV","description":"Meydan TV Az\u0259rbaycan\u0131n media m\u0259kan\u0131ndak\u0131 alternativ s\u0259sidir","publisher":{"@id":"https:\/\/www.meydan.tv\/az\/#organization"},"potentialAction":[{"@type":"SearchAction","target":{"@type":"EntryPoint","urlTemplate":"https:\/\/www.meydan.tv\/az\/?s={search_term_string}"},"query-input":{"@type":"PropertyValueSpecification","valueRequired":true,"valueName":"search_term_string"}}],"inLanguage":"az"},{"@type":"Organization","@id":"https:\/\/www.meydan.tv\/az\/#organization","name":"Meydan TV","url":"https:\/\/www.meydan.tv\/az\/","logo":{"@type":"ImageObject","inLanguage":"az","@id":"https:\/\/www.meydan.tv\/az\/#\/schema\/logo\/image\/","url":"https:\/\/www.meydan.tv\/wp-content\/uploads\/2021\/07\/meydan-logo.svg","contentUrl":"https:\/\/www.meydan.tv\/wp-content\/uploads\/2021\/07\/meydan-logo.svg","width":195,"height":46,"caption":"Meydan TV"},"image":{"@id":"https:\/\/www.meydan.tv\/az\/#\/schema\/logo\/image\/"}},{"@type":"Person","@id":"https:\/\/www.meydan.tv\/az\/#\/schema\/person\/9cdbecf90d17180ce1dfbd95b08dcf47","name":"elli","sameAs":["https:\/\/x.com\/elli"]}]}},"_links":{"self":[{"href":"https:\/\/www.meydan.tv\/az\/wp-json\/wp\/v2\/posts\/266726","targetHints":{"allow":["GET"]}}],"collection":[{"href":"https:\/\/www.meydan.tv\/az\/wp-json\/wp\/v2\/posts"}],"about":[{"href":"https:\/\/www.meydan.tv\/az\/wp-json\/wp\/v2\/types\/post"}],"author":[{"embeddable":true,"href":"https:\/\/www.meydan.tv\/az\/wp-json\/wp\/v2\/users\/8"}],"replies":[{"embeddable":true,"href":"https:\/\/www.meydan.tv\/az\/wp-json\/wp\/v2\/comments?post=266726"}],"version-history":[{"count":1,"href":"https:\/\/www.meydan.tv\/az\/wp-json\/wp\/v2\/posts\/266726\/revisions"}],"predecessor-version":[{"id":266727,"href":"https:\/\/www.meydan.tv\/az\/wp-json\/wp\/v2\/posts\/266726\/revisions\/266727"}],"wp:featuredmedia":[{"embeddable":true,"href":"https:\/\/www.meydan.tv\/az\/wp-json\/wp\/v2\/media\/234267"}],"wp:attachment":[{"href":"https:\/\/www.meydan.tv\/az\/wp-json\/wp\/v2\/media?parent=266726"}],"wp:term":[{"taxonomy":"category","embeddable":true,"href":"https:\/\/www.meydan.tv\/az\/wp-json\/wp\/v2\/categories?post=266726"},{"taxonomy":"post_tag","embeddable":true,"href":"https:\/\/www.meydan.tv\/az\/wp-json\/wp\/v2\/tags?post=266726"}],"curies":[{"name":"wp","href":"https:\/\/api.w.org\/{rel}","templated":true}]}}