{"id":266724,"date":"2023-01-26T15:08:20","date_gmt":"2023-01-26T11:08:20","guid":{"rendered":"https:\/\/www.meydan.tv\/?p=266724"},"modified":"2023-01-26T15:08:23","modified_gmt":"2023-01-26T11:08:23","slug":"azerbaycan-aihm-de-secki-huququnun-pozuntusu-ile-meshurdur","status":"publish","type":"post","link":"https:\/\/www.meydan.tv\/az\/article\/azerbaycan-aihm-de-secki-huququnun-pozuntusu-ile-meshurdur\/","title":{"rendered":"<strong>Az\u0259rbaycan A\u0130HM-d\u0259 se\u00e7ki h\u00fcququnun pozuntusu il\u0259 m\u0259\u015fhurdur<\/strong>"},"content":{"rendered":"\n<p><\/p>\n\n\n\n<p><em>H\u00fcquqlar\u0131n m\u0259hdudla\u015fd\u0131r\u0131lmas\u0131na g\u00f6r\u0259 Az\u0259rbaycan A\u015e-da birinci yerd\u0259dir<\/em><\/p>\n\n\n\n<p>Avropa \u0130nsan H\u00fcquqlar\u0131 M\u0259hk\u0259m\u0259si (A\u0130HM) 2022-ci ilin yekunlar\u0131 il\u0259 ba\u011fl\u0131 statistik m\u0259lumatlar <a href=\"https:\/\/aihmaz.org\/aihm-2022-az%c9%99rbaycanla-bagli-23-q%c9%99rar-2170-%c9%99riz%c9%99-baxilmasini-gozl%c9%99yir\/?fbclid=IwAR1K-rJZoQGTlLQiW1eSa_1ahhlcLI9gYFScqIsXTvTqRTFuXJFVNmKcca4&amp;mibextid=Zxz2cZ\" target=\"_blank\" rel=\"noreferrer noopener\">a\u00e7\u0131qlay\u0131b<\/a>.<\/p>\n\n\n\n<p>M\u0259lumatdan g\u00f6r\u00fcn\u00fcr ki, haz\u0131rda A\u0130HM-d\u0259 74 min 650 \u0259riz\u0259 bax\u0131lmas\u0131n\u0131 g\u00f6zl\u0259yir.<\/p>\n\n\n\n<p>2021-ci ilin sonunda bu g\u00f6st\u0259rici 70 min olub.<\/p>\n\n\n\n<p>Rusiyan\u0131n Avropa \u015euras\u0131ndan \u00e7\u0131xar\u0131lmas\u0131ndan sonra \u0259n \u00e7ox \u015fikay\u0259t daxil olan \u00f6lk\u0259l\u0259r aras\u0131nda T\u00fcrkiy\u0259 birinci s\u0131raya ke\u00e7ib.<\/p>\n\n\n\n<p>A\u0130HM-d\u0259 bax\u0131lmas\u0131n\u0131 g\u00f6zl\u0259y\u0259n \u015fikay\u0259tl\u0259rin 20 min 110-u T\u00fcrkiy\u0259 il\u0259 ba\u011fl\u0131d\u0131r. Bu, m\u0259hk\u0259m\u0259nin \u00fcmumi i\u015f y\u00fck\u00fcn\u00fcn 26,9 faizi dem\u0259kdir.<\/p>\n\n\n\n<p>Bax\u0131lmas\u0131n\u0131 g\u00f6zl\u0259y\u0259n \u0259riz\u0259 say\u0131 bax\u0131m\u0131ndan 16 min 750 \u0259riz\u0259 il\u0259&nbsp; 2-ci yerd\u0259 Rusiyad\u0131r.<\/p>\n\n\n\n<p>3-c\u00fc yerd\u0259 Ukrayna (10 min 400), 4-c\u00fc yerd\u0259 Rum\u0131niya (4 min 800), 5-ci yerd\u0259 \u0130taliya (3 min 550) g\u0259lir.<\/p>\n\n\n\n<p>Bu 5 \u00f6lk\u0259d\u0259n daxil olan \u0259riz\u0259l\u0259r A\u0130HM-in \u00fcmumi i\u015f y\u00fck\u00fcn\u00fcn 74 faizin\u0259 b\u0259rab\u0259rdir.<\/p>\n\n\n\n<p>6-c\u0131 Yunan\u0131standan 2 min 800, 7-ci Pol\u015fadan 2 min 450, 8-ci Az\u0259rbaycandan 2 min 170 \u0259riz\u0259 bax\u0131lmas\u0131n\u0131 g\u00f6zl\u0259yir.<\/p>\n\n\n\n<p>2020-ci ild\u0259 Az\u0259rbaycandan g\u00f6nd\u0259rilmi\u015f 2040, 2021-ci ild\u0259 2092 \u0259riz\u0259 bax\u0131lmas\u0131n\u0131 g\u00f6zl\u0259yirdi.<\/p>\n\n\n<div class=\"wp-block-image\">\n<figure class=\"alignright size-full is-resized\"><img decoding=\"async\" data-src=\"https:\/\/www.meydan.tv\/wp-content\/uploads\/shutterstock_261407981.jpg\" alt=\"\" class=\"wp-image-227177 lazyload\" width=\"412\" height=\"274\" src=\"data:image\/svg+xml;base64,PHN2ZyB3aWR0aD0iMSIgaGVpZ2h0PSIxIiB4bWxucz0iaHR0cDovL3d3dy53My5vcmcvMjAwMC9zdmciPjwvc3ZnPg==\" style=\"--smush-placeholder-width: 412px; --smush-placeholder-aspect-ratio: 412\/274;\" \/><figcaption class=\"wp-element-caption\">Avropa M\u0259hk\u0259m\u0259si, Foto: By symbiot\/Shutterstock<\/figcaption><\/figure>\n<\/div>\n\n\n<p>H\u0259min \u0259riz\u0259l\u0259rd\u0259n 2170-nin 1513-\u00fc ilkin ara\u015fd\u0131rma g\u00f6zl\u0259yir. Qalan 619-u h\u00f6kum\u0259tl\u0259 kommunikasiya m\u0259rh\u0259l\u0259sind\u0259dir. Yerd\u0259 qalan \u0259riz\u0259l\u0259r\u0259 palata v\u0259 ya t\u0259k hak\u0131m t\u0259r\u0259find\u0259n bax\u0131l\u0131r.<\/p>\n\n\n\n<p>Siyah\u0131n\u0131n sonunda Lixten\u015fteyn (0 \u015fikay\u0259t), Andorra (5) v\u0259 \u0130rlandiya (10) g\u0259lir.<\/p>\n\n\n\n<p>A\u0130HM 2022-ci ild\u0259 47 d\u00f6vl\u0259t\u0259 qar\u015f\u0131 \u00fcmumilikd\u0259 1163 q\u0259rar q\u0259bul edib. Son 12 ild\u0259 bu, \u0259n y\u00fcks\u0259k g\u00f6st\u0259rici olub.<\/p>\n\n\n\n<p>Ke\u00e7\u0259n il \u0259n \u00e7ox q\u0259rar Rusiyaya qar\u015f\u0131 \u00e7\u0131xar\u0131l\u0131b: 384 q\u0259rar.<\/p>\n\n\n\n<p>Ukraynaya qar\u015f\u0131 144, Rum\u0131niyaya qar\u015f\u0131 81, T\u00fcrkiy\u0259y\u0259 qar\u015f\u0131 is\u0259 80 q\u0259rar elan edilib.<\/p>\n\n\n\n<p>A\u0130HM 2022-ci ild\u0259 \u0259n \u00e7ox azadl\u0131q v\u0259 toxunulmazl\u0131q h\u00fcququnun pozulmas\u0131na q\u0259rar verib: 407 q\u0259rar.<\/p>\n\n\n\n<p>\u018fn \u00e7ox pozulan dig\u0259r h\u00fcquq i\u015fg\u0259nc\u0259y\u0259 m\u0259ruz qalmamaq h\u00fcququdur: 403 q\u0259rar.<\/p>\n\n\n\n<p>A\u0130HM 346 q\u0259rar\u0131nda \u0259dal\u0259tli m\u0259hk\u0259m\u0259 ara\u015fd\u0131rmas\u0131, 237 q\u0259rar\u0131nda effektiv h\u00fcquqi m\u00fcdafi\u0259 vasit\u0259l\u0259rin\u0259 malik olmaq h\u00fcququnun pozuntusuna q\u0259rar verib.<\/p>\n\n\n\n<p>A\u0130HM 2022-ci ild\u0259 Az\u0259rbaycanla ba\u011fl\u0131 mahiyy\u0259ti \u00fczr\u0259 23 q\u0259rar q\u0259bul edib, h\u0259min q\u0259rarlar\u0131n 22-d\u0259 iddia edil\u0259n pozuntular\u0131n \u0259ks\u0259riyy\u0259ti tan\u0131n\u0131b.<\/p>\n\n\n\n<p>2022-ci ild\u0259 Az\u0259rbaycana m\u00fcnasib\u0259td\u0259 \u0259n \u00e7ox azadl\u0131q v\u0259 toxunulmazl\u0131q h\u00fcququnun pozuntusu tan\u0131n\u0131b \u2013 9 q\u0259rar. 7 i\u015fd\u0259 \u0259dal\u0259tli m\u0259hk\u0259m\u0259 ara\u015fd\u0131rmas\u0131, 3 i\u015fd\u0259 m\u00fclkiyy\u0259t, 2 i\u015fd\u0259 \u015f\u0259xsi h\u0259yata h\u00f6rm\u0259t, 2 i\u015fd\u0259 birl\u0259\u015fm\u0259k, 1 i\u015fd\u0259 i\u015fg\u0259nc\u0259nin yolverilm\u0259zliyi, 1 i\u015fd\u0259 ya\u015famaq h\u00fcququnun pozulmas\u0131na q\u0259rar verilib.<\/p>\n\n\n\n<p>A\u0130HM indiy\u0259 q\u0259d\u0259r Az\u0259rbaycanla ba\u011fl\u0131 mahiyy\u0259ti \u00fczr\u0259 \u00fcmumilikd\u0259 274 q\u0259rar q\u0259bul edib.<\/p>\n\n\n\n<p>H\u0259min q\u0259rarlar\u0131n yaln\u0131z 3-d\u0259 pozuntu tap\u0131lmay\u0131b.<\/p>\n\n\n\n<p>A\u0130HM indiy\u0259 q\u0259d\u0259r Az\u0259rb aycana m\u00fcnasib\u0259td\u0259 \u0259n \u00e7ox \u0259dal\u0259tli m\u0259hk\u0259m\u0259 ara\u015fd\u0131rmas\u0131 h\u00fcququnun pozulmas\u0131na q\u0259rar verib: 126 q\u0259rar.<\/p>\n\n\n\n<p>Azadl\u0131q v\u0259 toxunulmazl\u0131q h\u00fcququnun pozuntusu 96 v\u0259rarda tan\u0131n\u0131b. 57 i\u015fd\u0259 i\u015fg\u0259nc\u0259y\u0259 m\u0259ruz qalmamaq, 47 i\u015fd\u0259 m\u00fclkiyy\u0259t, 43 i\u015fd\u0259 is\u0259 birl\u0259\u015fm\u0259k h\u00fcququnun pozuntusu tan\u0131n\u0131b.<br>A\u0130HM se\u00e7ki h\u00fcququnun pozuntusunu \u0259n \u00e7ox Az\u0259rbaycan qar\u015f\u0131 i\u015fl\u0259rd\u0259 tan\u0131y\u0131b: 25 q\u0259rar.<\/p>\n\n\n\n<p>Konvensiyan\u0131n 18-ci madd\u0259sinin pozuntusu kateqoriyas\u0131nda da Az\u0259rbaycan A\u015e \u00f6lk\u0259l\u0259ri aras\u0131nda 1-cidir.<\/p>\n","protected":false},"excerpt":{"rendered":"<p>H\u00fcquqlar\u0131n m\u0259hdudla\u015fd\u0131r\u0131lmas\u0131na g\u00f6r\u0259 Az\u0259rbaycan A\u015e-da birinci yerd\u0259dir Avropa \u0130nsan H\u00fcquqlar\u0131 &#8230; <\/p>\n<p class=\"read-more-container\"><a title=\"Az\u0259rbaycan A\u0130HM-d\u0259 se\u00e7ki h\u00fcququnun pozuntusu il\u0259 m\u0259\u015fhurdur\" class=\"read-more button\" href=\"https:\/\/www.meydan.tv\/az\/article\/azerbaycan-aihm-de-secki-huququnun-pozuntusu-ile-meshurdur\/#more-266724\" aria-label=\"Read more about Az\u0259rbaycan A\u0130HM-d\u0259 se\u00e7ki h\u00fcququnun pozuntusu il\u0259 m\u0259\u015fhurdur\">Davam\u0131<\/a><\/p>\n","protected":false},"author":8,"featured_media":229141,"comment_status":"closed","ping_status":"closed","sticky":false,"template":"","format":"standard","meta":{"_acf_changed":false,"_sitemap_exclude":false,"_sitemap_priority":"","_sitemap_frequency":"","footnotes":""},"categories":[59,79,56],"tags":[],"class_list":["post-266724","post","type-post","status-publish","format-standard","has-post-thumbnail","hentry","category-siyaset","category-featured","category-xeberler","infinite-scroll-item","generate-columns","tablet-grid-50","mobile-grid-100","grid-parent","grid-33","no-featured-image-padding"],"acf":[],"yoast_head":"<!-- This site is optimized with the Yoast SEO plugin v27.4 - https:\/\/yoast.com\/product\/yoast-seo-wordpress\/ -->\n<title>Az\u0259rbaycan A\u0130HM-d\u0259 se\u00e7ki h\u00fcququnun pozuntusu il\u0259 m\u0259\u015fhurdur - MEYDAN.TV<\/title>\n<meta name=\"robots\" content=\"index, follow, max-snippet:-1, max-image-preview:large, max-video-preview:-1\" \/>\n<link rel=\"canonical\" href=\"https:\/\/www.meydan.tv\/az\/article\/azerbaycan-aihm-de-secki-huququnun-pozuntusu-ile-meshurdur\/\" \/>\n<meta property=\"og:locale\" content=\"az_AZ\" \/>\n<meta property=\"og:type\" content=\"article\" \/>\n<meta property=\"og:title\" content=\"Az\u0259rbaycan A\u0130HM-d\u0259 se\u00e7ki h\u00fcququnun pozuntusu il\u0259 m\u0259\u015fhurdur - MEYDAN.TV\" \/>\n<meta property=\"og:description\" content=\"H\u00fcquqlar\u0131n m\u0259hdudla\u015fd\u0131r\u0131lmas\u0131na g\u00f6r\u0259 Az\u0259rbaycan A\u015e-da birinci yerd\u0259dir Avropa \u0130nsan H\u00fcquqlar\u0131 ... Davam\u0131\" \/>\n<meta property=\"og:url\" content=\"https:\/\/www.meydan.tv\/az\/article\/azerbaycan-aihm-de-secki-huququnun-pozuntusu-ile-meshurdur\/\" \/>\n<meta property=\"og:site_name\" content=\"MEYDAN.TV\" \/>\n<meta property=\"article:published_time\" content=\"2023-01-26T11:08:20+00:00\" \/>\n<meta property=\"article:modified_time\" content=\"2023-01-26T11:08:23+00:00\" \/>\n<meta property=\"og:image\" content=\"https:\/\/www.meydan.tv\/wp-content\/uploads\/shutterstock_730195240-e1639473593416.jpg\" \/>\n\t<meta property=\"og:image:width\" content=\"1200\" \/>\n\t<meta property=\"og:image:height\" content=\"750\" \/>\n\t<meta property=\"og:image:type\" content=\"image\/jpeg\" \/>\n<meta name=\"author\" content=\"elli\" \/>\n<meta name=\"twitter:card\" content=\"summary_large_image\" \/>\n<meta name=\"twitter:creator\" content=\"@elli\" \/>\n<script type=\"application\/ld+json\" class=\"yoast-schema-graph\">{\"@context\":\"https:\\\/\\\/schema.org\",\"@graph\":[{\"@type\":\"Article\",\"@id\":\"https:\\\/\\\/www.meydan.tv\\\/az\\\/article\\\/azerbaycan-aihm-de-secki-huququnun-pozuntusu-ile-meshurdur\\\/#article\",\"isPartOf\":{\"@id\":\"https:\\\/\\\/www.meydan.tv\\\/az\\\/article\\\/azerbaycan-aihm-de-secki-huququnun-pozuntusu-ile-meshurdur\\\/\"},\"author\":{\"name\":\"elli\",\"@id\":\"https:\\\/\\\/www.meydan.tv\\\/az\\\/#\\\/schema\\\/person\\\/9cdbecf90d17180ce1dfbd95b08dcf47\"},\"headline\":\"Az\u0259rbaycan A\u0130HM-d\u0259 se\u00e7ki h\u00fcququnun pozuntusu il\u0259 m\u0259\u015fhurdur\",\"datePublished\":\"2023-01-26T11:08:20+00:00\",\"dateModified\":\"2023-01-26T11:08:23+00:00\",\"mainEntityOfPage\":{\"@id\":\"https:\\\/\\\/www.meydan.tv\\\/az\\\/article\\\/azerbaycan-aihm-de-secki-huququnun-pozuntusu-ile-meshurdur\\\/\"},\"wordCount\":664,\"publisher\":{\"@id\":\"https:\\\/\\\/www.meydan.tv\\\/az\\\/#organization\"},\"image\":{\"@id\":\"https:\\\/\\\/www.meydan.tv\\\/az\\\/article\\\/azerbaycan-aihm-de-secki-huququnun-pozuntusu-ile-meshurdur\\\/#primaryimage\"},\"thumbnailUrl\":\"https:\\\/\\\/www.meydan.tv\\\/wp-content\\\/uploads\\\/shutterstock_730195240-e1639473593416.jpg\",\"articleSection\":[\"Siyas\u0259t\",\"T\u00f6vsiy\u0259\",\"X\u0259b\u0259rl\u0259r\"],\"inLanguage\":\"az\"},{\"@type\":\"WebPage\",\"@id\":\"https:\\\/\\\/www.meydan.tv\\\/az\\\/article\\\/azerbaycan-aihm-de-secki-huququnun-pozuntusu-ile-meshurdur\\\/\",\"url\":\"https:\\\/\\\/www.meydan.tv\\\/az\\\/article\\\/azerbaycan-aihm-de-secki-huququnun-pozuntusu-ile-meshurdur\\\/\",\"name\":\"Az\u0259rbaycan A\u0130HM-d\u0259 se\u00e7ki h\u00fcququnun pozuntusu il\u0259 m\u0259\u015fhurdur - MEYDAN.TV\",\"isPartOf\":{\"@id\":\"https:\\\/\\\/www.meydan.tv\\\/az\\\/#website\"},\"primaryImageOfPage\":{\"@id\":\"https:\\\/\\\/www.meydan.tv\\\/az\\\/article\\\/azerbaycan-aihm-de-secki-huququnun-pozuntusu-ile-meshurdur\\\/#primaryimage\"},\"image\":{\"@id\":\"https:\\\/\\\/www.meydan.tv\\\/az\\\/article\\\/azerbaycan-aihm-de-secki-huququnun-pozuntusu-ile-meshurdur\\\/#primaryimage\"},\"thumbnailUrl\":\"https:\\\/\\\/www.meydan.tv\\\/wp-content\\\/uploads\\\/shutterstock_730195240-e1639473593416.jpg\",\"datePublished\":\"2023-01-26T11:08:20+00:00\",\"dateModified\":\"2023-01-26T11:08:23+00:00\",\"breadcrumb\":{\"@id\":\"https:\\\/\\\/www.meydan.tv\\\/az\\\/article\\\/azerbaycan-aihm-de-secki-huququnun-pozuntusu-ile-meshurdur\\\/#breadcrumb\"},\"inLanguage\":\"az\",\"potentialAction\":[{\"@type\":\"ReadAction\",\"target\":[\"https:\\\/\\\/www.meydan.tv\\\/az\\\/article\\\/azerbaycan-aihm-de-secki-huququnun-pozuntusu-ile-meshurdur\\\/\"]}]},{\"@type\":\"ImageObject\",\"inLanguage\":\"az\",\"@id\":\"https:\\\/\\\/www.meydan.tv\\\/az\\\/article\\\/azerbaycan-aihm-de-secki-huququnun-pozuntusu-ile-meshurdur\\\/#primaryimage\",\"url\":\"https:\\\/\\\/www.meydan.tv\\\/wp-content\\\/uploads\\\/shutterstock_730195240-e1639473593416.jpg\",\"contentUrl\":\"https:\\\/\\\/www.meydan.tv\\\/wp-content\\\/uploads\\\/shutterstock_730195240-e1639473593416.jpg\",\"width\":1200,\"height\":750,\"caption\":\"Az\u0259rbaycanda se\u00e7kil\u0259r, Foto: By AlexLMX\\\/Shutterstock\"},{\"@type\":\"BreadcrumbList\",\"@id\":\"https:\\\/\\\/www.meydan.tv\\\/az\\\/article\\\/azerbaycan-aihm-de-secki-huququnun-pozuntusu-ile-meshurdur\\\/#breadcrumb\",\"itemListElement\":[{\"@type\":\"ListItem\",\"position\":1,\"name\":\"Ana s\u0259hif\u0259\",\"item\":\"https:\\\/\\\/www.meydan.tv\\\/az\\\/\"},{\"@type\":\"ListItem\",\"position\":2,\"name\":\"Siyas\u0259t\",\"item\":\"https:\\\/\\\/www.meydan.tv\\\/az\\\/section\\\/siyaset\\\/\"},{\"@type\":\"ListItem\",\"position\":3,\"name\":\"Az\u0259rbaycan A\u0130HM-d\u0259 se\u00e7ki h\u00fcququnun pozuntusu il\u0259 m\u0259\u015fhurdur\"}]},{\"@type\":\"WebSite\",\"@id\":\"https:\\\/\\\/www.meydan.tv\\\/az\\\/#website\",\"url\":\"https:\\\/\\\/www.meydan.tv\\\/az\\\/\",\"name\":\"MEYDAN.TV\",\"description\":\"Meydan TV Az\u0259rbaycan\u0131n media m\u0259kan\u0131ndak\u0131 alternativ s\u0259sidir\",\"publisher\":{\"@id\":\"https:\\\/\\\/www.meydan.tv\\\/az\\\/#organization\"},\"potentialAction\":[{\"@type\":\"SearchAction\",\"target\":{\"@type\":\"EntryPoint\",\"urlTemplate\":\"https:\\\/\\\/www.meydan.tv\\\/az\\\/?s={search_term_string}\"},\"query-input\":{\"@type\":\"PropertyValueSpecification\",\"valueRequired\":true,\"valueName\":\"search_term_string\"}}],\"inLanguage\":\"az\"},{\"@type\":\"Organization\",\"@id\":\"https:\\\/\\\/www.meydan.tv\\\/az\\\/#organization\",\"name\":\"Meydan TV\",\"url\":\"https:\\\/\\\/www.meydan.tv\\\/az\\\/\",\"logo\":{\"@type\":\"ImageObject\",\"inLanguage\":\"az\",\"@id\":\"https:\\\/\\\/www.meydan.tv\\\/az\\\/#\\\/schema\\\/logo\\\/image\\\/\",\"url\":\"https:\\\/\\\/www.meydan.tv\\\/wp-content\\\/uploads\\\/2021\\\/07\\\/meydan-logo.svg\",\"contentUrl\":\"https:\\\/\\\/www.meydan.tv\\\/wp-content\\\/uploads\\\/2021\\\/07\\\/meydan-logo.svg\",\"width\":195,\"height\":46,\"caption\":\"Meydan TV\"},\"image\":{\"@id\":\"https:\\\/\\\/www.meydan.tv\\\/az\\\/#\\\/schema\\\/logo\\\/image\\\/\"}},{\"@type\":\"Person\",\"@id\":\"https:\\\/\\\/www.meydan.tv\\\/az\\\/#\\\/schema\\\/person\\\/9cdbecf90d17180ce1dfbd95b08dcf47\",\"name\":\"elli\",\"sameAs\":[\"https:\\\/\\\/x.com\\\/elli\"]}]}<\/script>\n<!-- \/ Yoast SEO plugin. -->","yoast_head_json":{"title":"Az\u0259rbaycan A\u0130HM-d\u0259 se\u00e7ki h\u00fcququnun pozuntusu il\u0259 m\u0259\u015fhurdur - MEYDAN.TV","robots":{"index":"index","follow":"follow","max-snippet":"max-snippet:-1","max-image-preview":"max-image-preview:large","max-video-preview":"max-video-preview:-1"},"canonical":"https:\/\/www.meydan.tv\/az\/article\/azerbaycan-aihm-de-secki-huququnun-pozuntusu-ile-meshurdur\/","og_locale":"az_AZ","og_type":"article","og_title":"Az\u0259rbaycan A\u0130HM-d\u0259 se\u00e7ki h\u00fcququnun pozuntusu il\u0259 m\u0259\u015fhurdur - MEYDAN.TV","og_description":"H\u00fcquqlar\u0131n m\u0259hdudla\u015fd\u0131r\u0131lmas\u0131na g\u00f6r\u0259 Az\u0259rbaycan A\u015e-da birinci yerd\u0259dir Avropa \u0130nsan H\u00fcquqlar\u0131 ... Davam\u0131","og_url":"https:\/\/www.meydan.tv\/az\/article\/azerbaycan-aihm-de-secki-huququnun-pozuntusu-ile-meshurdur\/","og_site_name":"MEYDAN.TV","article_published_time":"2023-01-26T11:08:20+00:00","article_modified_time":"2023-01-26T11:08:23+00:00","og_image":[{"width":1200,"height":750,"url":"https:\/\/www.meydan.tv\/wp-content\/uploads\/shutterstock_730195240-e1639473593416.jpg","type":"image\/jpeg"}],"author":"elli","twitter_card":"summary_large_image","twitter_creator":"@elli","schema":{"@context":"https:\/\/schema.org","@graph":[{"@type":"Article","@id":"https:\/\/www.meydan.tv\/az\/article\/azerbaycan-aihm-de-secki-huququnun-pozuntusu-ile-meshurdur\/#article","isPartOf":{"@id":"https:\/\/www.meydan.tv\/az\/article\/azerbaycan-aihm-de-secki-huququnun-pozuntusu-ile-meshurdur\/"},"author":{"name":"elli","@id":"https:\/\/www.meydan.tv\/az\/#\/schema\/person\/9cdbecf90d17180ce1dfbd95b08dcf47"},"headline":"Az\u0259rbaycan A\u0130HM-d\u0259 se\u00e7ki h\u00fcququnun pozuntusu il\u0259 m\u0259\u015fhurdur","datePublished":"2023-01-26T11:08:20+00:00","dateModified":"2023-01-26T11:08:23+00:00","mainEntityOfPage":{"@id":"https:\/\/www.meydan.tv\/az\/article\/azerbaycan-aihm-de-secki-huququnun-pozuntusu-ile-meshurdur\/"},"wordCount":664,"publisher":{"@id":"https:\/\/www.meydan.tv\/az\/#organization"},"image":{"@id":"https:\/\/www.meydan.tv\/az\/article\/azerbaycan-aihm-de-secki-huququnun-pozuntusu-ile-meshurdur\/#primaryimage"},"thumbnailUrl":"https:\/\/www.meydan.tv\/wp-content\/uploads\/shutterstock_730195240-e1639473593416.jpg","articleSection":["Siyas\u0259t","T\u00f6vsiy\u0259","X\u0259b\u0259rl\u0259r"],"inLanguage":"az"},{"@type":"WebPage","@id":"https:\/\/www.meydan.tv\/az\/article\/azerbaycan-aihm-de-secki-huququnun-pozuntusu-ile-meshurdur\/","url":"https:\/\/www.meydan.tv\/az\/article\/azerbaycan-aihm-de-secki-huququnun-pozuntusu-ile-meshurdur\/","name":"Az\u0259rbaycan A\u0130HM-d\u0259 se\u00e7ki h\u00fcququnun pozuntusu il\u0259 m\u0259\u015fhurdur - MEYDAN.TV","isPartOf":{"@id":"https:\/\/www.meydan.tv\/az\/#website"},"primaryImageOfPage":{"@id":"https:\/\/www.meydan.tv\/az\/article\/azerbaycan-aihm-de-secki-huququnun-pozuntusu-ile-meshurdur\/#primaryimage"},"image":{"@id":"https:\/\/www.meydan.tv\/az\/article\/azerbaycan-aihm-de-secki-huququnun-pozuntusu-ile-meshurdur\/#primaryimage"},"thumbnailUrl":"https:\/\/www.meydan.tv\/wp-content\/uploads\/shutterstock_730195240-e1639473593416.jpg","datePublished":"2023-01-26T11:08:20+00:00","dateModified":"2023-01-26T11:08:23+00:00","breadcrumb":{"@id":"https:\/\/www.meydan.tv\/az\/article\/azerbaycan-aihm-de-secki-huququnun-pozuntusu-ile-meshurdur\/#breadcrumb"},"inLanguage":"az","potentialAction":[{"@type":"ReadAction","target":["https:\/\/www.meydan.tv\/az\/article\/azerbaycan-aihm-de-secki-huququnun-pozuntusu-ile-meshurdur\/"]}]},{"@type":"ImageObject","inLanguage":"az","@id":"https:\/\/www.meydan.tv\/az\/article\/azerbaycan-aihm-de-secki-huququnun-pozuntusu-ile-meshurdur\/#primaryimage","url":"https:\/\/www.meydan.tv\/wp-content\/uploads\/shutterstock_730195240-e1639473593416.jpg","contentUrl":"https:\/\/www.meydan.tv\/wp-content\/uploads\/shutterstock_730195240-e1639473593416.jpg","width":1200,"height":750,"caption":"Az\u0259rbaycanda se\u00e7kil\u0259r, Foto: By AlexLMX\/Shutterstock"},{"@type":"BreadcrumbList","@id":"https:\/\/www.meydan.tv\/az\/article\/azerbaycan-aihm-de-secki-huququnun-pozuntusu-ile-meshurdur\/#breadcrumb","itemListElement":[{"@type":"ListItem","position":1,"name":"Ana s\u0259hif\u0259","item":"https:\/\/www.meydan.tv\/az\/"},{"@type":"ListItem","position":2,"name":"Siyas\u0259t","item":"https:\/\/www.meydan.tv\/az\/section\/siyaset\/"},{"@type":"ListItem","position":3,"name":"Az\u0259rbaycan A\u0130HM-d\u0259 se\u00e7ki h\u00fcququnun pozuntusu il\u0259 m\u0259\u015fhurdur"}]},{"@type":"WebSite","@id":"https:\/\/www.meydan.tv\/az\/#website","url":"https:\/\/www.meydan.tv\/az\/","name":"MEYDAN.TV","description":"Meydan TV Az\u0259rbaycan\u0131n media m\u0259kan\u0131ndak\u0131 alternativ s\u0259sidir","publisher":{"@id":"https:\/\/www.meydan.tv\/az\/#organization"},"potentialAction":[{"@type":"SearchAction","target":{"@type":"EntryPoint","urlTemplate":"https:\/\/www.meydan.tv\/az\/?s={search_term_string}"},"query-input":{"@type":"PropertyValueSpecification","valueRequired":true,"valueName":"search_term_string"}}],"inLanguage":"az"},{"@type":"Organization","@id":"https:\/\/www.meydan.tv\/az\/#organization","name":"Meydan TV","url":"https:\/\/www.meydan.tv\/az\/","logo":{"@type":"ImageObject","inLanguage":"az","@id":"https:\/\/www.meydan.tv\/az\/#\/schema\/logo\/image\/","url":"https:\/\/www.meydan.tv\/wp-content\/uploads\/2021\/07\/meydan-logo.svg","contentUrl":"https:\/\/www.meydan.tv\/wp-content\/uploads\/2021\/07\/meydan-logo.svg","width":195,"height":46,"caption":"Meydan TV"},"image":{"@id":"https:\/\/www.meydan.tv\/az\/#\/schema\/logo\/image\/"}},{"@type":"Person","@id":"https:\/\/www.meydan.tv\/az\/#\/schema\/person\/9cdbecf90d17180ce1dfbd95b08dcf47","name":"elli","sameAs":["https:\/\/x.com\/elli"]}]}},"_links":{"self":[{"href":"https:\/\/www.meydan.tv\/az\/wp-json\/wp\/v2\/posts\/266724","targetHints":{"allow":["GET"]}}],"collection":[{"href":"https:\/\/www.meydan.tv\/az\/wp-json\/wp\/v2\/posts"}],"about":[{"href":"https:\/\/www.meydan.tv\/az\/wp-json\/wp\/v2\/types\/post"}],"author":[{"embeddable":true,"href":"https:\/\/www.meydan.tv\/az\/wp-json\/wp\/v2\/users\/8"}],"replies":[{"embeddable":true,"href":"https:\/\/www.meydan.tv\/az\/wp-json\/wp\/v2\/comments?post=266724"}],"version-history":[{"count":1,"href":"https:\/\/www.meydan.tv\/az\/wp-json\/wp\/v2\/posts\/266724\/revisions"}],"predecessor-version":[{"id":266725,"href":"https:\/\/www.meydan.tv\/az\/wp-json\/wp\/v2\/posts\/266724\/revisions\/266725"}],"wp:featuredmedia":[{"embeddable":true,"href":"https:\/\/www.meydan.tv\/az\/wp-json\/wp\/v2\/media\/229141"}],"wp:attachment":[{"href":"https:\/\/www.meydan.tv\/az\/wp-json\/wp\/v2\/media?parent=266724"}],"wp:term":[{"taxonomy":"category","embeddable":true,"href":"https:\/\/www.meydan.tv\/az\/wp-json\/wp\/v2\/categories?post=266724"},{"taxonomy":"post_tag","embeddable":true,"href":"https:\/\/www.meydan.tv\/az\/wp-json\/wp\/v2\/tags?post=266724"}],"curies":[{"name":"wp","href":"https:\/\/api.w.org\/{rel}","templated":true}]}}