{"id":266699,"date":"2023-01-26T13:17:45","date_gmt":"2023-01-26T09:17:45","guid":{"rendered":"https:\/\/www.meydan.tv\/?p=266699"},"modified":"2023-01-26T16:12:56","modified_gmt":"2023-01-26T12:12:56","slug":"arki-de-istefalar-kimler-gelir-kimler-gedir","status":"publish","type":"post","link":"https:\/\/www.meydan.tv\/az\/article\/arki-de-istefalar-kimler-gelir-kimler-gedir\/","title":{"rendered":"<strong>ARK\u0130-d\u0259 istefalar: kiml\u0259r g\u0259lir, kiml\u0259r gedir&#8230;<\/strong>"},"content":{"rendered":"\n<p><\/p>\n\n\n\n<p><em>\u018fm\u0259kdar artist: &#8220;Bir \u015e\u0259fiq\u0259y\u0259 g\u00f6r\u0259 niy\u0259 \u0130ttifaqdan \u00e7\u0131xmal\u0131yam? \u0130ttifaq\u0131 \u015e\u0259fiq\u0259 yaratmay\u0131b&#8221;<\/em><\/p>\n\n\n\n<p>\u201cKino \u0130ttifaq\u0131ndan \u00e7\u0131xmam\u0131\u015fam, bel\u0259 bir fikrim d\u0259 yoxdur. Bir \u015e\u0259fiq\u0259y\u0259 g\u00f6r\u0259 niy\u0259 \u0130ttifaqdan \u00e7\u0131xmal\u0131yam? \u015e\u0259fiq\u0259 kimdir? Onu ora qoyublar, sabah-biri g\u00fcn d\u0259 s\u0259drlikd\u0259n \u00e7\u0131xaracaqlar. H\u0259r d\u0259f\u0259 kims\u0259 s\u0259dr g\u0259l\u0259c\u0259k, sonra da ged\u0259c\u0259k dey\u0259, \u0130ttifaqdan \u00e7\u0131xmal\u0131yam?\u201d<\/p>\n\n\n\n<p>Bunu Meydan TV-y\u0259 \u018fm\u0259kdar artist G\u00fcl\u015fad Bax\u015f\u0131yeva Az\u0259rbaycan Respublikas\u0131 Kinematoqraf\u00e7\u0131lar \u0130ttifaq\u0131ndan (ARK\u0130) \u00e7\u0131xmas\u0131 il\u0259 ba\u011fl\u0131 m\u0259tbuatda yay\u0131lan x\u0259b\u0259r\u0259 m\u00fcnasib\u0259t bildir\u0259rk\u0259n deyib.<\/p>\n\n\n\n<p>APA bir qrup m\u0259d\u0259niyy\u0259t v\u0259 inc\u0259s\u0259n\u0259t xadimi ARK\u0130-nin \u00fczl\u00fcy\u00fcnd\u0259n imtina etdiyini <a href=\"https:\/\/apa.az\/az\/medeniyyet-siyaseti\/azerbaycan-respublikasi-kinematoqrafcilar-ittifaqindan-kutlevi-istefa-olub-744389\" target=\"_blank\" rel=\"noreferrer noopener\">yaz\u0131b.<\/a><\/p>\n\n\n\n<p>M\u0259lumatda qeyd olunur ki, \u00fcmumilikd\u0259 20-y\u0259 yax\u0131n inc\u0259s\u0259n\u0259t n\u00fcmay\u0259nd\u0259si ittifaqdan \u00e7\u0131x\u0131b.<\/p>\n\n\n\n<p>Onlar\u0131n aras\u0131nda Xalq artistl\u0259ri \u018fbd\u00fcl Mahmudov, Ramiz M\u0259likov, \u018fm\u0259kdar \u0130nc\u0259s\u0259n\u0259t Xadimi Yav\u0259r Rzayev, \u018fm\u0259kdar artistl\u0259r G\u00fcl\u015fad Bax\u015f\u0131yeva v\u0259 M\u00fcn\u0259vv\u0259r \u018fliyeva da var.<\/p>\n\n\n\n<p><strong>&#8220;\u0130ttifaqdan i\u015fini apara bilm\u0259y\u0259n adam\u0131 \u00e7\u0131xarmal\u0131d\u0131rlar&#8221;<\/strong><\/p>\n\n\n\n<p>\u201c\u0130ttifaq\u0131 \u015e\u0259fiq\u0259 yaratmay\u0131b. ARK\u0130 yarananda m\u0259ni \u00e7a\u011f\u0131rd\u0131lar v\u0259 dedil\u0259r ki, Prezidentin s\u0259r\u0259ncam\u0131 il\u0259 yarad\u0131l\u0131r. M\u0259n d\u0259 b\u00f6y\u00fck m\u0259mnuniyy\u0259tl\u0259 raz\u0131la\u015fd\u0131m. \u00c7\u00fcnki Az\u0259rbaycan Kinematoqraf\u00e7\u0131lar \u0130ttifaq\u0131 (AK\u0130) f\u0259aliyy\u0259tini dondurmu\u015fdu. \u018fksin\u0259, ARK\u0130-d\u0259n he\u00e7 kim \u00e7\u0131xmas\u0131n. \u0130ttifaqdan i\u015fini apara bilm\u0259y\u0259n adam\u0131 \u00e7\u0131xarmal\u0131d\u0131rlar\u201d, &#8211; G\u00fcl\u015fad Bax\u015f\u0131yeva Meydan TV-y\u0259 deyib.<\/p>\n\n\n\n<p>Onun s\u00f6zl\u0259rin\u0259 g\u00f6r\u0259, ittifaqa \u00fczv olandan sonra orada ke\u00e7iril\u0259n he\u00e7 bir t\u0259dbir\u0259 d\u0259v\u0259t olunmay\u0131b. H\u0259tta bir m\u00fcdd\u0259t \u00f6nc\u0259 \u015e\u0259fiq\u0259 M\u0259mm\u0259dovan\u0131n ikinci d\u0259f\u0259 s\u0259dr se\u00e7ilm\u0259si il\u0259 \u0259laq\u0259dar ke\u00e7iril\u0259n t\u0259dbird\u0259n d\u0259 x\u0259b\u0259rsiz <a href=\"https:\/\/d9mc3ts4czbpr.cloudfront.net\/az\/article\/sefiqe-memmedovanin-sedrliyi-qeyde-alinsa-nazirliyi-mehkemeye-vereceyem\/\" target=\"_blank\" rel=\"noreferrer noopener\">olub<\/a>: <\/p>\n\n\n<div class=\"wp-block-image\">\n<figure class=\"aligncenter size-full\"><img decoding=\"async\" width=\"1200\" height=\"753\" data-src=\"https:\/\/www.meydan.tv\/wp-content\/uploads\/mycollages_-_2022-12-26t113640.201.jpg\" alt=\"\" class=\"wp-image-266700 lazyload\" src=\"data:image\/svg+xml;base64,PHN2ZyB3aWR0aD0iMSIgaGVpZ2h0PSIxIiB4bWxucz0iaHR0cDovL3d3dy53My5vcmcvMjAwMC9zdmciPjwvc3ZnPg==\" style=\"--smush-placeholder-width: 1200px; --smush-placeholder-aspect-ratio: 1200\/753;\" \/><\/figure>\n<\/div>\n\n\n<p>G\u00fcl\u015fad Bax\u015f\u0131yeva. Foto: &#8220;qafqazinfo&#8221;<\/p>\n\n\n\n<p>\u201cN\u0259 qurultaylar\u0131nda, n\u0259 hans\u0131sa yubiley t\u0259dbirl\u0259rind\u0259 i\u015ftirak etmi\u015f\u0259m, \u00e7\u00fcnki d\u0259v\u0259t etm\u0259yibl\u0259r. M\u0259ni saymay\u0131blar. Amma bu o dem\u0259k deyil ki, buna g\u00f6r\u0259 inciyib, k\u00fcs\u0259c\u0259y\u0259m v\u0259 \u00e7\u0131x\u0131b ged\u0259c\u0259y\u0259m. Bel\u0259 hal ola bilm\u0259z. Sabah-biri g\u00fcn qurultay ke\u00e7irib, \u015e\u0259fiq\u0259 M\u0259mm\u0259dovan\u0131 n\u00f6vb\u0259ti d\u0259f\u0259 se\u00e7m\u0259s\u0259l\u0259r, t\u0259z\u0259d\u0259n \u0259riz\u0259 yaz\u0131b, \u00fczvl\u00fcy\u00fcm\u00fc b\u0259rpa etm\u0259li deyil\u0259m. \u018fksin\u0259, hesab edir\u0259m ki, i\u015finin \u00f6hd\u0259sind\u0259n g\u0259lm\u0259y\u0259nl\u0259r getm\u0259lidirl\u0259r\u201d.<\/p>\n\n\n\n<p><strong>&#8220;H\u0259m AK\u0130, h\u0259m d\u0259 ARK\u0130-nin \u00fczv\u00fcy\u0259m, he\u00e7 birind\u0259n d\u0259 \u00e7\u0131xmam\u0131\u015fam&#8221;<\/strong><\/p>\n\n\n\n<p>\u00dczvl\u00fckd\u0259n \u00e7\u0131xan s\u0259n\u0259t\u00e7il\u0259rd\u0259n birinin d\u0259 \u018fm\u0259kdar artist, aktrisa M\u00fcn\u0259vv\u0259r \u018fliyeva oldu\u011fu deyilir.<\/p>\n\n\n\n<p>Aktrisa Meydan TV-y\u0259 bildirib ki, h\u0259m AK\u0130, h\u0259m d\u0259 ARK\u0130-nin \u00fczv\u00fcd\u00fcr v\u0259 he\u00e7 birind\u0259n d\u0259 \u00e7\u0131xmay\u0131b: <\/p>\n\n\n\n<p>\u201cBir ay \u00f6nc\u0259 ARK\u0130-d\u0259 ke\u00e7iril\u0259n qurultaydan, \u00fcmumiyy\u0259tl\u0259, orada ba\u015f ver\u0259nl\u0259rd\u0259n x\u0259b\u0259rim yoxdur. Vaxtil\u0259 oran\u0131n \u00fczv\u00fc olmu\u015fam. Deyim ki, n\u0259 vaxtsa gedib, \u0259riz\u0259 yaz\u0131b \u00fczvl\u00fckd\u0259n \u00e7\u0131xm\u0131\u015fam, yox. Sad\u0259c\u0259, R\u00fcst\u0259m \u0130brahimb\u0259yov n\u00f6vb\u0259ti d\u0259f\u0259 AK\u0130-nin f\u0259aliyy\u0259tini b\u0259rpa ed\u0259nd\u0259 orada da \u00fczv oldum. H\u0259r iki ittifaq\u0131n \u00fczv\u00fc oldum n\u0259 xeyri, olmad\u0131m n\u0259 xeyri? AK\u0130-y\u0259 \u00fczv olandan sonra ARK\u0130-d\u0259n z\u0259ng etdil\u0259r ki, siz gedib AK\u0130-y\u0259 yaz\u0131lm\u0131s\u0131n\u0131z? Dedim ki, h\u0259, yaz\u0131lm\u0131\u015fam. M\u0259n h\u0259tta xat\u0131rlam\u0131ram ki, axr\u0131nc\u0131 d\u0259f\u0259 ARK\u0130-nin t\u0259dbirind\u0259 n\u0259 zaman olmu\u015fam. ARK\u0130 yeni a\u00e7\u0131landa bir-iki d\u0259f\u0259 getmi\u015fdim. Amma sonradan he\u00e7 vaxt d\u0259v\u0259t etm\u0259dil\u0259r. He\u00e7 AK\u0130-y\u0259 d\u0259 d\u0259v\u0259t etmirl\u0259r. Ona g\u00f6r\u0259 d\u0259 haz\u0131rda ba\u015f ver\u0259nl\u0259rin m\u0259n\u0259 he\u00e7 bir isti-soyu\u011fu yoxdur\u201d.<\/p>\n\n\n<div class=\"wp-block-image\">\n<figure class=\"aligncenter size-full\"><img decoding=\"async\" width=\"1200\" height=\"675\" data-src=\"https:\/\/www.meydan.tv\/wp-content\/uploads\/munevver_.jpg\" alt=\"\" class=\"wp-image-266703 lazyload\" src=\"data:image\/svg+xml;base64,PHN2ZyB3aWR0aD0iMSIgaGVpZ2h0PSIxIiB4bWxucz0iaHR0cDovL3d3dy53My5vcmcvMjAwMC9zdmciPjwvc3ZnPg==\" style=\"--smush-placeholder-width: 1200px; --smush-placeholder-aspect-ratio: 1200\/675;\" \/><figcaption class=\"wp-element-caption\">M\u00fcn\u0259vv\u0259r \u018fliyeva. Foto: &#8220;Telegraf.com&#8221;<\/figcaption><\/figure>\n<\/div>\n\n\n<p><strong>&#8220;Qurultay ke\u00e7irilm\u0259li, \u00fczvl\u0259rin ham\u0131s\u0131 s\u0259drin se\u00e7ilm\u0259si prosesind\u0259 i\u015ftirak etm\u0259lidir&#8221;<\/strong><\/p>\n\n\n\n<p>ARK\u0130 \u00fczv\u00fc, Xalq artisti, rejissor \u015eeyx \u018fbd\u00fcl Mahmudovb\u0259yov Meydan TV-y\u0259 bildirib ki, haz\u0131rda \u0130ttifaq\u0131n \u00fc\u00e7 y\u00fcz\u0259 yax\u0131n \u00fczv\u00fc var.<\/p>\n\n\n\n<p>Qurultay ke\u00e7irilm\u0259li v\u0259 h\u0259min \u00fczvl\u0259rin ham\u0131s\u0131 s\u0259drin se\u00e7ilm\u0259si prosesind\u0259 i\u015ftirak etm\u0259lidir:<\/p>\n\n\n\n<p>\u201cBir n\u0259f\u0259r d\u0259 k\u0259narda qala bilm\u0259z. \u00dc\u00e7 y\u00fcz n\u0259f\u0259r d\u0259v\u0259t olunmal\u0131d\u0131r. AK\u0130-d\u0259n d\u0259 Rasim Balayev, \u018fli \u0130sa Cabbarov da g\u0259lm\u0259lidir. Ham\u0131m\u0131z birlikd\u0259 qurultay\u0131 ke\u00e7irm\u0259liyik. Az\u0259rbaycanda n\u0259 kino var ki, iki d\u0259 ittifaq\u0131 olsun? Kinostudiya k\u0259narda qal\u0131b, da\u011f\u0131l\u0131r. Bunlar \u00f6zl\u0259ri \u00fc\u00e7\u00fcn kino-kino oynay\u0131rlar. B\u00fcdc\u0259d\u0259n pul al\u0131rlar, \u00f6zl\u0259ri \u00fc\u00e7\u00fcn ittifaq d\u00fcz\u0259ldirl\u0259r. \u00dc\u00e7-be\u015f n\u0259f\u0259r sa\u011f qalm\u0131\u015f kino xadiml\u0259rinin h\u0259r\u0259si bir ittifaqdad\u0131r. Aralar\u0131nda da qar\u015f\u0131durma, xeyli s\u00f6z-s\u00f6hb\u0259t yaran\u0131b. Top-t\u00fcf\u0259ng davas\u0131 bu g\u00fcn d\u0259 davam edir. Arada kinomuz a\u011flar qal\u0131b\u201d.<\/p>\n\n\n<div class=\"wp-block-image\">\n<figure class=\"aligncenter size-full\"><img decoding=\"async\" width=\"1200\" height=\"675\" data-src=\"https:\/\/www.meydan.tv\/wp-content\/uploads\/1644305298_1634127375_1598614869_ebd.jpg\" alt=\"\" class=\"wp-image-266706 lazyload\" src=\"data:image\/svg+xml;base64,PHN2ZyB3aWR0aD0iMSIgaGVpZ2h0PSIxIiB4bWxucz0iaHR0cDovL3d3dy53My5vcmcvMjAwMC9zdmciPjwvc3ZnPg==\" style=\"--smush-placeholder-width: 1200px; --smush-placeholder-aspect-ratio: 1200\/675;\" \/><figcaption class=\"wp-element-caption\">\u015eeyx \u018fbd\u00fcl Mahmudovb\u0259yov . Foto: &#8220;\u00f6lke.az&#8221;<\/figcaption><\/figure>\n<\/div>\n\n\n<p><strong>\u201c\u015e\u0259fiq\u0259 M\u0259mm\u0259dovan\u0131n saxta yolla s\u0259dr se\u00e7ilm\u0259sin\u0259 etiraz olaraq istefa verir\u0259m&#8221;<\/strong><\/p>\n\n\n\n<p>2023-c\u00fc yanvar\u0131n 24-d\u0259 7 il \u0259rzind\u0259 ARK\u0130-nin m\u0259tbuat xidm\u0259ti v\u0259zif\u0259sind\u0259 \u00e7al\u0131\u015fan \u018fli V\u0259liyev \u201cFacebook\u201d s\u0259hif\u0259sind\u0259 status yazaraq v\u0259zif\u0259sind\u0259n getdiyini qeyd <a href=\"\" target=\"_blank\" rel=\"noreferrer noopener\">edib:<\/a><br>\u201c\u015e\u0259fiq\u0259 M\u0259mm\u0259dova saxta se\u00e7ki ke\u00e7irm\u0259sin\u0259 v\u0259 \u00f6z\u00fcn\u00fc saxta yolla s\u0259dr elan etm\u0259sin\u0259 etiraz olaraq Az\u0259rbaycan Respublikas\u0131 Kinematoqraf\u00e7\u0131lar \u0130ttifaq\u0131n\u0131n m\u0259tbuat xidm\u0259tinin r\u0259hb\u0259ri v\u0259zif\u0259sind\u0259n ayr\u0131l\u0131ram\u201d.<\/p>\n\n\n\n<p>\u0130ttifaq\u0131n haz\u0131rk\u0131 s\u0259dri Xalq artisti \u015e\u0259fiq\u0259 M\u0259mm\u0259dova Meydan TV-nin z\u0259ngl\u0259rin\u0259 cavab verm\u0259yib.<\/p>\n\n\n\n<p>\u0130ttifaq\u0131n katibi Ayaz Salayev m\u0259s\u0259l\u0259ni \u015f\u0259rh ed\u0259rk\u0259n deyib ki, \u0130ttifaqdan \u00e7\u0131xanlar\u0131 q\u0131naya bilm\u0259r\u0259m, qurultay\u0131n \u00e7a\u011f\u0131r\u0131lmas\u0131n\u0131 t\u0259klif <a href=\"https:\/\/apa.az\/az\/incesenet\/ayaz-salayev-ittifaqdan-cixanlari-qinaya-bilmerem-qurultayin-cagirilmasini-teklif-etsinler-744429\" target=\"_blank\" rel=\"noreferrer noopener\">etsinl\u0259r.<\/a><\/p>\n\n\n\n<p><strong>&#8220;Bir \u00f6lk\u0259d\u0259 iki kino ittifaq\u0131n\u0131 yaradanlar d\u00fc\u015f\u00fcnm\u0259lidir&#8221;<\/strong><\/p>\n\n\n\n<p>Dig\u0259r \u0130ttifaq\u0131n &#8211; AK\u0130-nin s\u0259dri, Xalq artisti Rasim Balayevin d\u0259 ba\u015f ver\u0259nl\u0259r\u0259 bel\u0259 m\u00fcnasib\u0259t bildirib: <\/p>\n\n\n\n<p>\u201cARK\u0130-d\u0259 ba\u015f ver\u0259nl\u0259rl\u0259 ba\u011fl\u0131 he\u00e7 bir d\u00fc\u015f\u00fcnc\u0259m, fikrim yoxdur. Orada ba\u015f ver\u0259nl\u0259r onlar\u0131n i\u015fidir. B\u00fct\u00fcn \u00f6lk\u0259l\u0259rd\u0259 kino ittifaq\u0131 birdir. Bir \u00f6lk\u0259d\u0259 iki kino ittifaq\u0131n\u0131 yaradanlar, bu \u015f\u0259raiti yaradan adamlar d\u00fc\u015f\u00fcnm\u0259lidir. Bundan sonra nec\u0259 olacaq? Bunu yaradan adamlar d\u00fc\u015f\u00fcnm\u0259lidir\u201d.<\/p>\n\n\n\n<p>2022-ci il dekabr\u0131n 17-d\u0259 ARK\u0130 m\u0259lumat yay\u0131b ki, \u0130ttifaq\u0131n nizamnam\u0259sin\u0259 uy\u011fun olaraq \u015e\u0259fiq\u0259 M\u0259mm\u0259dova iclas i\u015ftirak\u00e7\u0131lar\u0131n\u0131n yekdil raz\u0131l\u0131\u011f\u0131na \u0259sas\u0259n, yenid\u0259n \u0130dar\u0259 Hey\u0259tinin s\u0259dri <a href=\"https:\/\/www.arki.az\/az\/news\/867\/azerbaycan-respublikasi-kinematoqrafcilar-ittifaqi-uzvlerinin-umumi-yigincagi-kecirilmisdir\" target=\"_blank\" rel=\"noreferrer noopener\">se\u00e7ilib.<\/a><\/p>\n\n\n\n<p>Bu x\u0259b\u0259rd\u0259n sonra ARK\u0130 \u00fczvl\u0259ri aras\u0131nda g\u0259rginlik ya\u015fan\u0131b. B\u0259zi \u00fczvl\u0259r iclasdan x\u0259b\u0259rsiz olduqlar\u0131n\u0131 bildirib, naraz\u0131l\u0131q edibl\u0259r.<\/p>\n\n\n<div class=\"wp-block-image\">\n<figure class=\"aligncenter size-full\"><img decoding=\"async\" data-src=\"https:\/\/www.meydan.tv\/wp-content\/uploads\/15712240133693912945_1000x669.jpg\" alt=\"\" class=\"wp-image-245844 lazyload\" src=\"data:image\/svg+xml;base64,PHN2ZyB3aWR0aD0iMSIgaGVpZ2h0PSIxIiB4bWxucz0iaHR0cDovL3d3dy53My5vcmcvMjAwMC9zdmciPjwvc3ZnPg==\" style=\"--smush-placeholder-width: 1200px; --smush-placeholder-aspect-ratio: 1200\/735;\" \/><figcaption class=\"wp-element-caption\">Rasim Balayev. Foto: &#8220;azerbaycan24&#8221;<\/figcaption><\/figure>\n<\/div>\n\n\n<p><strong>Nazirlikd\u0259n reaksiya<\/strong><\/p>\n\n\n\n<p>M\u0259d\u0259niyy\u0259t Nazirliyinin ARK\u0130-d\u0259 ba\u015f ver\u0259nl\u0259r\u0259 m\u00fcnasib\u0259t <a href=\"https:\/\/report.az\/medeniyyet-siyaseti\/medeniyyet-nazirliyi-azerbaycan-respublikasi-kinematoqrafcilar-ittifaqindaki-istefalara-munasibet-bildirib\/\" target=\"_blank\" rel=\"noreferrer noopener\">bildirib<\/a>.<\/p>\n\n\n\n<p>Nazirlik qeyd edib ki, qanunvericiliy\u0259 \u0259sas\u0259n, \u00f6lk\u0259d\u0259 m\u0259d\u0259niyy\u0259t sah\u0259sind\u0259 f\u0259aliyy\u0259t g\u00f6st\u0259r\u0259n ictimai t\u0259\u015fkilatlar, o c\u00fcml\u0259d\u0259n kino ittifaqlar\u0131 qanunvericiliy\u0259 \u0259sas\u0259n \u00f6z f\u0259aliyy\u0259tl\u0259rini \u0259sasnam\u0259l\u0259rin\u0259 uy\u011fun olaraq m\u00fcst\u0259qil \u015f\u0259kild\u0259 h\u0259yata ke\u00e7irirl\u0259r.<\/p>\n\n\n\n<p>H\u0259min qurumlar\u0131n f\u0259aliyy\u0259tl\u0259rinin t\u0259\u015fkili v\u0259 ona n\u0259zar\u0259t olunmas\u0131 M\u0259d\u0259niyy\u0259t Nazirliyinin s\u0259lahiyy\u0259tl\u0259rin\u0259 daxil deyil.<\/p>\n\n\n\n<p><strong>ARK\u0130 a\u00e7\u0131qlama yayd\u0131: &#8220;\u0130st\u0259nil\u0259n \u00fczv\u00fcn imtina haqq\u0131 var&#8221;<\/strong><\/p>\n\n\n\n<p>Az\u0259rbaycan Respublikas\u0131 Kinemaroqraf\u00e7\u0131lar \u0130ttifaq\u0131 (ARK\u0130) b\u0259zi s\u0259n\u0259t adamlar\u0131n\u0131n qurumun \u00fczvl\u00fcy\u00fcnd\u0259n imtina etm\u0259si il\u0259 ba\u011fl\u0131 x\u0259b\u0259r\u0259 m\u00fcnasib\u0259t bildirib.<\/p>\n\n\n\n<p>\u0130ttifaq\u0131n r\u0259smi a\u00e7\u0131qlamas\u0131nda bildirilir ki, Nizamnam\u0259y\u0259 \u0259sas\u0259n, s\u0259b\u0259bind\u0259n as\u0131l\u0131 olmayaraq ist\u0259nil\u0259n \u00fczv\u00fcn imtina haqq\u0131 <a href=\"https:\/\/www.arki.az\/az\/news\/908\/arki-nin-uzvlerle-bagli-aciqlamasi\" target=\"_blank\" rel=\"noreferrer noopener\">var.<\/a><\/p>\n\n\n\n<p>\u201cM\u0259tbuatda adlar\u0131 t\u0259qdim edil\u0259n \u015f\u0259xsl\u0259rl\u0259 ba\u011fl\u0131 bildiririk ki, imtina il\u0259 \u0259laq\u0259dar ARK\u0130-y\u0259 he\u00e7 bir m\u00fcraci\u0259t daxil olmay\u0131b. Adlar\u0131 \u00e7\u0259kil\u0259n \u00fczvl\u0259rl\u0259 \u0259laq\u0259 saxlan\u0131l\u0131b. Onlar x\u0259b\u0259ri m\u0259tbuatdan e\u015fitdikl\u0259rini v\u0259 \u00fczvl\u00fckd\u0259n imtina bar\u0259d\u0259 n\u0259 \u015fifahi, n\u0259 d\u0259 yaz\u0131l\u0131 m\u00fcraci\u0259t etdikl\u0259rini bildiribl\u0259r\u201d, &#8211; m\u0259lumatda deyilir.<\/p>\n\n\n\n<p>Prezident Adminstrasiyas\u0131n\u0131n Humanitar siyas\u0259t, diaspor, multikulturalizm v\u0259 dini m\u0259s\u0259l\u0259l\u0259r \u015f\u00f6b\u0259sinin m\u00fcdiri F\u0259r\u0259h \u018fliyeva m\u0259tbuata iclasdan x\u0259b\u0259rsiz oldu\u011funu deyib.<\/p>\n\n\n\n<p>M\u0259d\u0259niyy\u0259t Nazirliyinin aidiyy\u0259ti \u015f\u00f6b\u0259sind\u0259 d\u0259 bununla ba\u011fl\u0131 m\u0259lumats\u0131z olduqlar\u0131n\u0131 bildiribl\u0259r.<\/p>\n\n\n\n<p>Az\u0259rbaycan Respublikas\u0131 Kinematoqraf\u00e7\u0131lar \u0130ttifaq\u0131 (ARK\u0130) 2012-ci ild\u0259 Az\u0259rbaycan Kinematoqraf\u00e7\u0131lar \u0130ttifaq\u0131na (AK\u0130) alternativ olaraq yarad\u0131l\u0131b. H\u0259min ild\u0259n \u0130ttifaqa Xalq artisti, aktrisa \u015e\u0259fiq\u0259 M\u0259mm\u0259dova r\u0259hb\u0259rlik edir.<\/p>\n\n\n\n<p>Az\u0259rbaycan Kinematoqraf\u00e7\u0131lar \u0130ttifaq\u0131na (AK\u0130) 1981-ci ild\u0259n R\u00fcst\u0259m \u0130brahimb\u0259yov r\u0259hb\u0259rlik edirdi.<\/p>\n\n\n\n<p>2012-ci ild\u0259 R\u00fcst\u0259m \u0130brahimb\u0259yovun siyasi bax\u0131\u015flar\u0131na g\u00f6r\u0259 \u0130ttifaq H\u00f6kum\u0259t Evind\u0259ki ofisind\u0259n \u00e7\u0131xar\u0131l\u0131b.<\/p>\n\n\n\n<p>M\u00fcxalif siyasi q\u00fcvv\u0259l\u0259rin birl\u0259\u015fdiyi Milli \u015eura 2013-c\u00fc ilin prezident se\u00e7kisind\u0259 R\u00fcst\u0259m \u0130brahimb\u0259yovun namiz\u0259dliyini ir\u0259li s\u00fcr\u0259nd\u0259n sonra AK\u0130-d\u0259 ciddi probleml\u0259r yaran\u0131b.<\/p>\n\n\n\n<p>R\u00fcst\u0259m \u0130brahimb\u0259yov Moskvaya ged\u0259nd\u0259n sonra \u0130ttifaq\u0131n f\u0259aliyy\u0259ti dayan\u0131b.<\/p>\n\n\n\n<p>Bir ne\u00e7\u0259 ild\u0259n sonra \u0130ttifaq yenid\u0259n f\u0259aliyy\u0259tini b\u0259rpa edib.<\/p>\n\n\n\n<p>\u00d6lk\u0259d\u0259 iki kino ittifaq\u0131n\u0131n f\u0259aliyy\u0259t g\u00f6st\u0259rm\u0259si kino adamlar\u0131 aras\u0131nda ciddi probleml\u0259r, s\u00f6z-s\u00f6hb\u0259t\u0259, ayr\u0131-se\u00e7kiliy\u0259 s\u0259b\u0259b olub.<\/p>\n\n\n\n<p>Vaxtil\u0259 Az\u0259rbaycan Kinematoqraf\u00e7\u0131lar \u0130ttifaq\u0131nda birl\u0259\u015fmi\u015f rejissorlar, kino adamlar\u0131 iki ayr\u0131 c\u0259bh\u0259d\u0259dirl\u0259r.<\/p>\n\n\n\n<p>2022-ci ilin mart\u0131nda R\u00fcst\u0259m \u0130brahimb\u0259yov v\u0259fat edib.<\/p>\n\n\n\n<p>AK\u0130-d\u0259 qurultay ke\u00e7iril\u0259r\u0259k, s\u0259dr postuna Xalq artisti, aktyor Rasim Balayev g\u0259tirilib.<\/p>\n","protected":false},"excerpt":{"rendered":"<p>\u018fm\u0259kdar artist: &#8220;Bir \u015e\u0259fiq\u0259y\u0259 g\u00f6r\u0259 niy\u0259 \u0130ttifaqdan \u00e7\u0131xmal\u0131yam? \u0130ttifaq\u0131 \u015e\u0259fiq\u0259 &#8230; <\/p>\n<p class=\"read-more-container\"><a title=\"ARK\u0130-d\u0259 istefalar: kiml\u0259r g\u0259lir, kiml\u0259r gedir&#8230;\" class=\"read-more button\" href=\"https:\/\/www.meydan.tv\/az\/article\/arki-de-istefalar-kimler-gelir-kimler-gedir\/#more-266699\" aria-label=\"Read more about ARK\u0130-d\u0259 istefalar: kiml\u0259r g\u0259lir, kiml\u0259r gedir&#8230;\">Davam\u0131<\/a><\/p>\n","protected":false},"author":8,"featured_media":266709,"comment_status":"closed","ping_status":"closed","sticky":false,"template":"","format":"standard","meta":{"_acf_changed":false,"_sitemap_exclude":false,"_sitemap_priority":"","_sitemap_frequency":"","footnotes":""},"categories":[52,56],"tags":[],"class_list":["post-266699","post","type-post","status-publish","format-standard","has-post-thumbnail","hentry","category-medeniyyet","category-xeberler","infinite-scroll-item","generate-columns","tablet-grid-50","mobile-grid-100","grid-parent","grid-33","no-featured-image-padding"],"acf":[],"yoast_head":"<!-- This site is optimized with the Yoast SEO plugin v27.4 - https:\/\/yoast.com\/product\/yoast-seo-wordpress\/ -->\n<title>ARK\u0130-d\u0259 istefalar: kiml\u0259r g\u0259lir, kiml\u0259r gedir... - MEYDAN.TV<\/title>\n<meta name=\"robots\" content=\"index, follow, max-snippet:-1, max-image-preview:large, max-video-preview:-1\" \/>\n<link rel=\"canonical\" href=\"https:\/\/www.meydan.tv\/az\/article\/arki-de-istefalar-kimler-gelir-kimler-gedir\/\" \/>\n<meta property=\"og:locale\" content=\"az_AZ\" \/>\n<meta property=\"og:type\" content=\"article\" \/>\n<meta property=\"og:title\" content=\"ARK\u0130-d\u0259 istefalar: kiml\u0259r g\u0259lir, kiml\u0259r gedir... - MEYDAN.TV\" \/>\n<meta property=\"og:description\" content=\"\u018fm\u0259kdar artist: &#8220;Bir \u015e\u0259fiq\u0259y\u0259 g\u00f6r\u0259 niy\u0259 \u0130ttifaqdan \u00e7\u0131xmal\u0131yam? \u0130ttifaq\u0131 \u015e\u0259fiq\u0259 ... Davam\u0131\" \/>\n<meta property=\"og:url\" content=\"https:\/\/www.meydan.tv\/az\/article\/arki-de-istefalar-kimler-gelir-kimler-gedir\/\" \/>\n<meta property=\"og:site_name\" content=\"MEYDAN.TV\" \/>\n<meta property=\"article:published_time\" content=\"2023-01-26T09:17:45+00:00\" \/>\n<meta property=\"article:modified_time\" content=\"2023-01-26T12:12:56+00:00\" \/>\n<meta property=\"og:image\" content=\"https:\/\/www.meydan.tv\/wp-content\/uploads\/kinematoqrafchilar_ittifaqi_030322_1-1.jpg\" \/>\n\t<meta property=\"og:image:width\" content=\"1440\" \/>\n\t<meta property=\"og:image:height\" content=\"1080\" \/>\n\t<meta property=\"og:image:type\" content=\"image\/jpeg\" \/>\n<meta name=\"author\" content=\"elli\" \/>\n<meta name=\"twitter:card\" content=\"summary_large_image\" \/>\n<meta name=\"twitter:creator\" content=\"@elli\" \/>\n<script type=\"application\/ld+json\" class=\"yoast-schema-graph\">{\"@context\":\"https:\\\/\\\/schema.org\",\"@graph\":[{\"@type\":\"Article\",\"@id\":\"https:\\\/\\\/www.meydan.tv\\\/az\\\/article\\\/arki-de-istefalar-kimler-gelir-kimler-gedir\\\/#article\",\"isPartOf\":{\"@id\":\"https:\\\/\\\/www.meydan.tv\\\/az\\\/article\\\/arki-de-istefalar-kimler-gelir-kimler-gedir\\\/\"},\"author\":{\"name\":\"elli\",\"@id\":\"https:\\\/\\\/www.meydan.tv\\\/az\\\/#\\\/schema\\\/person\\\/9cdbecf90d17180ce1dfbd95b08dcf47\"},\"headline\":\"ARK\u0130-d\u0259 istefalar: kiml\u0259r g\u0259lir, kiml\u0259r gedir&#8230;\",\"datePublished\":\"2023-01-26T09:17:45+00:00\",\"dateModified\":\"2023-01-26T12:12:56+00:00\",\"mainEntityOfPage\":{\"@id\":\"https:\\\/\\\/www.meydan.tv\\\/az\\\/article\\\/arki-de-istefalar-kimler-gelir-kimler-gedir\\\/\"},\"wordCount\":1736,\"publisher\":{\"@id\":\"https:\\\/\\\/www.meydan.tv\\\/az\\\/#organization\"},\"image\":{\"@id\":\"https:\\\/\\\/www.meydan.tv\\\/az\\\/article\\\/arki-de-istefalar-kimler-gelir-kimler-gedir\\\/#primaryimage\"},\"thumbnailUrl\":\"https:\\\/\\\/www.meydan.tv\\\/wp-content\\\/uploads\\\/kinematoqrafchilar_ittifaqi_030322_1-1.jpg\",\"articleSection\":[\"M\u0259d\u0259niyy\u0259t\",\"X\u0259b\u0259rl\u0259r\"],\"inLanguage\":\"az\"},{\"@type\":\"WebPage\",\"@id\":\"https:\\\/\\\/www.meydan.tv\\\/az\\\/article\\\/arki-de-istefalar-kimler-gelir-kimler-gedir\\\/\",\"url\":\"https:\\\/\\\/www.meydan.tv\\\/az\\\/article\\\/arki-de-istefalar-kimler-gelir-kimler-gedir\\\/\",\"name\":\"ARK\u0130-d\u0259 istefalar: kiml\u0259r g\u0259lir, kiml\u0259r gedir... - MEYDAN.TV\",\"isPartOf\":{\"@id\":\"https:\\\/\\\/www.meydan.tv\\\/az\\\/#website\"},\"primaryImageOfPage\":{\"@id\":\"https:\\\/\\\/www.meydan.tv\\\/az\\\/article\\\/arki-de-istefalar-kimler-gelir-kimler-gedir\\\/#primaryimage\"},\"image\":{\"@id\":\"https:\\\/\\\/www.meydan.tv\\\/az\\\/article\\\/arki-de-istefalar-kimler-gelir-kimler-gedir\\\/#primaryimage\"},\"thumbnailUrl\":\"https:\\\/\\\/www.meydan.tv\\\/wp-content\\\/uploads\\\/kinematoqrafchilar_ittifaqi_030322_1-1.jpg\",\"datePublished\":\"2023-01-26T09:17:45+00:00\",\"dateModified\":\"2023-01-26T12:12:56+00:00\",\"breadcrumb\":{\"@id\":\"https:\\\/\\\/www.meydan.tv\\\/az\\\/article\\\/arki-de-istefalar-kimler-gelir-kimler-gedir\\\/#breadcrumb\"},\"inLanguage\":\"az\",\"potentialAction\":[{\"@type\":\"ReadAction\",\"target\":[\"https:\\\/\\\/www.meydan.tv\\\/az\\\/article\\\/arki-de-istefalar-kimler-gelir-kimler-gedir\\\/\"]}]},{\"@type\":\"ImageObject\",\"inLanguage\":\"az\",\"@id\":\"https:\\\/\\\/www.meydan.tv\\\/az\\\/article\\\/arki-de-istefalar-kimler-gelir-kimler-gedir\\\/#primaryimage\",\"url\":\"https:\\\/\\\/www.meydan.tv\\\/wp-content\\\/uploads\\\/kinematoqrafchilar_ittifaqi_030322_1-1.jpg\",\"contentUrl\":\"https:\\\/\\\/www.meydan.tv\\\/wp-content\\\/uploads\\\/kinematoqrafchilar_ittifaqi_030322_1-1.jpg\",\"width\":1440,\"height\":1080,\"caption\":\"Az\u0259rbaycan Respublikas\u0131 Kinematoqraf\u00e7\u0131lar \u0130ttifaq\u0131. Foto: \\\"Az\u0259rtac\\\"\"},{\"@type\":\"BreadcrumbList\",\"@id\":\"https:\\\/\\\/www.meydan.tv\\\/az\\\/article\\\/arki-de-istefalar-kimler-gelir-kimler-gedir\\\/#breadcrumb\",\"itemListElement\":[{\"@type\":\"ListItem\",\"position\":1,\"name\":\"Ana s\u0259hif\u0259\",\"item\":\"https:\\\/\\\/www.meydan.tv\\\/az\\\/\"},{\"@type\":\"ListItem\",\"position\":2,\"name\":\"M\u0259d\u0259niyy\u0259t\",\"item\":\"https:\\\/\\\/www.meydan.tv\\\/az\\\/section\\\/medeniyyet\\\/\"},{\"@type\":\"ListItem\",\"position\":3,\"name\":\"ARK\u0130-d\u0259 istefalar: kiml\u0259r g\u0259lir, kiml\u0259r gedir&#8230;\"}]},{\"@type\":\"WebSite\",\"@id\":\"https:\\\/\\\/www.meydan.tv\\\/az\\\/#website\",\"url\":\"https:\\\/\\\/www.meydan.tv\\\/az\\\/\",\"name\":\"MEYDAN.TV\",\"description\":\"Meydan TV Az\u0259rbaycan\u0131n media m\u0259kan\u0131ndak\u0131 alternativ s\u0259sidir\",\"publisher\":{\"@id\":\"https:\\\/\\\/www.meydan.tv\\\/az\\\/#organization\"},\"potentialAction\":[{\"@type\":\"SearchAction\",\"target\":{\"@type\":\"EntryPoint\",\"urlTemplate\":\"https:\\\/\\\/www.meydan.tv\\\/az\\\/?s={search_term_string}\"},\"query-input\":{\"@type\":\"PropertyValueSpecification\",\"valueRequired\":true,\"valueName\":\"search_term_string\"}}],\"inLanguage\":\"az\"},{\"@type\":\"Organization\",\"@id\":\"https:\\\/\\\/www.meydan.tv\\\/az\\\/#organization\",\"name\":\"Meydan TV\",\"url\":\"https:\\\/\\\/www.meydan.tv\\\/az\\\/\",\"logo\":{\"@type\":\"ImageObject\",\"inLanguage\":\"az\",\"@id\":\"https:\\\/\\\/www.meydan.tv\\\/az\\\/#\\\/schema\\\/logo\\\/image\\\/\",\"url\":\"https:\\\/\\\/www.meydan.tv\\\/wp-content\\\/uploads\\\/2021\\\/07\\\/meydan-logo.svg\",\"contentUrl\":\"https:\\\/\\\/www.meydan.tv\\\/wp-content\\\/uploads\\\/2021\\\/07\\\/meydan-logo.svg\",\"width\":195,\"height\":46,\"caption\":\"Meydan TV\"},\"image\":{\"@id\":\"https:\\\/\\\/www.meydan.tv\\\/az\\\/#\\\/schema\\\/logo\\\/image\\\/\"}},{\"@type\":\"Person\",\"@id\":\"https:\\\/\\\/www.meydan.tv\\\/az\\\/#\\\/schema\\\/person\\\/9cdbecf90d17180ce1dfbd95b08dcf47\",\"name\":\"elli\",\"sameAs\":[\"https:\\\/\\\/x.com\\\/elli\"]}]}<\/script>\n<!-- \/ Yoast SEO plugin. -->","yoast_head_json":{"title":"ARK\u0130-d\u0259 istefalar: kiml\u0259r g\u0259lir, kiml\u0259r gedir... - MEYDAN.TV","robots":{"index":"index","follow":"follow","max-snippet":"max-snippet:-1","max-image-preview":"max-image-preview:large","max-video-preview":"max-video-preview:-1"},"canonical":"https:\/\/www.meydan.tv\/az\/article\/arki-de-istefalar-kimler-gelir-kimler-gedir\/","og_locale":"az_AZ","og_type":"article","og_title":"ARK\u0130-d\u0259 istefalar: kiml\u0259r g\u0259lir, kiml\u0259r gedir... - MEYDAN.TV","og_description":"\u018fm\u0259kdar artist: &#8220;Bir \u015e\u0259fiq\u0259y\u0259 g\u00f6r\u0259 niy\u0259 \u0130ttifaqdan \u00e7\u0131xmal\u0131yam? \u0130ttifaq\u0131 \u015e\u0259fiq\u0259 ... Davam\u0131","og_url":"https:\/\/www.meydan.tv\/az\/article\/arki-de-istefalar-kimler-gelir-kimler-gedir\/","og_site_name":"MEYDAN.TV","article_published_time":"2023-01-26T09:17:45+00:00","article_modified_time":"2023-01-26T12:12:56+00:00","og_image":[{"width":1440,"height":1080,"url":"https:\/\/www.meydan.tv\/wp-content\/uploads\/kinematoqrafchilar_ittifaqi_030322_1-1.jpg","type":"image\/jpeg"}],"author":"elli","twitter_card":"summary_large_image","twitter_creator":"@elli","schema":{"@context":"https:\/\/schema.org","@graph":[{"@type":"Article","@id":"https:\/\/www.meydan.tv\/az\/article\/arki-de-istefalar-kimler-gelir-kimler-gedir\/#article","isPartOf":{"@id":"https:\/\/www.meydan.tv\/az\/article\/arki-de-istefalar-kimler-gelir-kimler-gedir\/"},"author":{"name":"elli","@id":"https:\/\/www.meydan.tv\/az\/#\/schema\/person\/9cdbecf90d17180ce1dfbd95b08dcf47"},"headline":"ARK\u0130-d\u0259 istefalar: kiml\u0259r g\u0259lir, kiml\u0259r gedir&#8230;","datePublished":"2023-01-26T09:17:45+00:00","dateModified":"2023-01-26T12:12:56+00:00","mainEntityOfPage":{"@id":"https:\/\/www.meydan.tv\/az\/article\/arki-de-istefalar-kimler-gelir-kimler-gedir\/"},"wordCount":1736,"publisher":{"@id":"https:\/\/www.meydan.tv\/az\/#organization"},"image":{"@id":"https:\/\/www.meydan.tv\/az\/article\/arki-de-istefalar-kimler-gelir-kimler-gedir\/#primaryimage"},"thumbnailUrl":"https:\/\/www.meydan.tv\/wp-content\/uploads\/kinematoqrafchilar_ittifaqi_030322_1-1.jpg","articleSection":["M\u0259d\u0259niyy\u0259t","X\u0259b\u0259rl\u0259r"],"inLanguage":"az"},{"@type":"WebPage","@id":"https:\/\/www.meydan.tv\/az\/article\/arki-de-istefalar-kimler-gelir-kimler-gedir\/","url":"https:\/\/www.meydan.tv\/az\/article\/arki-de-istefalar-kimler-gelir-kimler-gedir\/","name":"ARK\u0130-d\u0259 istefalar: kiml\u0259r g\u0259lir, kiml\u0259r gedir... - MEYDAN.TV","isPartOf":{"@id":"https:\/\/www.meydan.tv\/az\/#website"},"primaryImageOfPage":{"@id":"https:\/\/www.meydan.tv\/az\/article\/arki-de-istefalar-kimler-gelir-kimler-gedir\/#primaryimage"},"image":{"@id":"https:\/\/www.meydan.tv\/az\/article\/arki-de-istefalar-kimler-gelir-kimler-gedir\/#primaryimage"},"thumbnailUrl":"https:\/\/www.meydan.tv\/wp-content\/uploads\/kinematoqrafchilar_ittifaqi_030322_1-1.jpg","datePublished":"2023-01-26T09:17:45+00:00","dateModified":"2023-01-26T12:12:56+00:00","breadcrumb":{"@id":"https:\/\/www.meydan.tv\/az\/article\/arki-de-istefalar-kimler-gelir-kimler-gedir\/#breadcrumb"},"inLanguage":"az","potentialAction":[{"@type":"ReadAction","target":["https:\/\/www.meydan.tv\/az\/article\/arki-de-istefalar-kimler-gelir-kimler-gedir\/"]}]},{"@type":"ImageObject","inLanguage":"az","@id":"https:\/\/www.meydan.tv\/az\/article\/arki-de-istefalar-kimler-gelir-kimler-gedir\/#primaryimage","url":"https:\/\/www.meydan.tv\/wp-content\/uploads\/kinematoqrafchilar_ittifaqi_030322_1-1.jpg","contentUrl":"https:\/\/www.meydan.tv\/wp-content\/uploads\/kinematoqrafchilar_ittifaqi_030322_1-1.jpg","width":1440,"height":1080,"caption":"Az\u0259rbaycan Respublikas\u0131 Kinematoqraf\u00e7\u0131lar \u0130ttifaq\u0131. Foto: \"Az\u0259rtac\""},{"@type":"BreadcrumbList","@id":"https:\/\/www.meydan.tv\/az\/article\/arki-de-istefalar-kimler-gelir-kimler-gedir\/#breadcrumb","itemListElement":[{"@type":"ListItem","position":1,"name":"Ana s\u0259hif\u0259","item":"https:\/\/www.meydan.tv\/az\/"},{"@type":"ListItem","position":2,"name":"M\u0259d\u0259niyy\u0259t","item":"https:\/\/www.meydan.tv\/az\/section\/medeniyyet\/"},{"@type":"ListItem","position":3,"name":"ARK\u0130-d\u0259 istefalar: kiml\u0259r g\u0259lir, kiml\u0259r gedir&#8230;"}]},{"@type":"WebSite","@id":"https:\/\/www.meydan.tv\/az\/#website","url":"https:\/\/www.meydan.tv\/az\/","name":"MEYDAN.TV","description":"Meydan TV Az\u0259rbaycan\u0131n media m\u0259kan\u0131ndak\u0131 alternativ s\u0259sidir","publisher":{"@id":"https:\/\/www.meydan.tv\/az\/#organization"},"potentialAction":[{"@type":"SearchAction","target":{"@type":"EntryPoint","urlTemplate":"https:\/\/www.meydan.tv\/az\/?s={search_term_string}"},"query-input":{"@type":"PropertyValueSpecification","valueRequired":true,"valueName":"search_term_string"}}],"inLanguage":"az"},{"@type":"Organization","@id":"https:\/\/www.meydan.tv\/az\/#organization","name":"Meydan TV","url":"https:\/\/www.meydan.tv\/az\/","logo":{"@type":"ImageObject","inLanguage":"az","@id":"https:\/\/www.meydan.tv\/az\/#\/schema\/logo\/image\/","url":"https:\/\/www.meydan.tv\/wp-content\/uploads\/2021\/07\/meydan-logo.svg","contentUrl":"https:\/\/www.meydan.tv\/wp-content\/uploads\/2021\/07\/meydan-logo.svg","width":195,"height":46,"caption":"Meydan TV"},"image":{"@id":"https:\/\/www.meydan.tv\/az\/#\/schema\/logo\/image\/"}},{"@type":"Person","@id":"https:\/\/www.meydan.tv\/az\/#\/schema\/person\/9cdbecf90d17180ce1dfbd95b08dcf47","name":"elli","sameAs":["https:\/\/x.com\/elli"]}]}},"_links":{"self":[{"href":"https:\/\/www.meydan.tv\/az\/wp-json\/wp\/v2\/posts\/266699","targetHints":{"allow":["GET"]}}],"collection":[{"href":"https:\/\/www.meydan.tv\/az\/wp-json\/wp\/v2\/posts"}],"about":[{"href":"https:\/\/www.meydan.tv\/az\/wp-json\/wp\/v2\/types\/post"}],"author":[{"embeddable":true,"href":"https:\/\/www.meydan.tv\/az\/wp-json\/wp\/v2\/users\/8"}],"replies":[{"embeddable":true,"href":"https:\/\/www.meydan.tv\/az\/wp-json\/wp\/v2\/comments?post=266699"}],"version-history":[{"count":3,"href":"https:\/\/www.meydan.tv\/az\/wp-json\/wp\/v2\/posts\/266699\/revisions"}],"predecessor-version":[{"id":266742,"href":"https:\/\/www.meydan.tv\/az\/wp-json\/wp\/v2\/posts\/266699\/revisions\/266742"}],"wp:featuredmedia":[{"embeddable":true,"href":"https:\/\/www.meydan.tv\/az\/wp-json\/wp\/v2\/media\/266709"}],"wp:attachment":[{"href":"https:\/\/www.meydan.tv\/az\/wp-json\/wp\/v2\/media?parent=266699"}],"wp:term":[{"taxonomy":"category","embeddable":true,"href":"https:\/\/www.meydan.tv\/az\/wp-json\/wp\/v2\/categories?post=266699"},{"taxonomy":"post_tag","embeddable":true,"href":"https:\/\/www.meydan.tv\/az\/wp-json\/wp\/v2\/tags?post=266699"}],"curies":[{"name":"wp","href":"https:\/\/api.w.org\/{rel}","templated":true}]}}