{"id":266662,"date":"2023-01-25T17:03:33","date_gmt":"2023-01-25T13:03:33","guid":{"rendered":"https:\/\/www.meydan.tv\/?p=266662"},"modified":"2023-01-25T19:20:17","modified_gmt":"2023-01-25T15:20:17","slug":"almaniya-ukraynaya-14-leopard-2-tanki-gonderecek","status":"publish","type":"post","link":"https:\/\/www.meydan.tv\/az\/article\/almaniya-ukraynaya-14-leopard-2-tanki-gonderecek\/","title":{"rendered":"<strong>Almaniya Ukraynaya 14 &#8220;Leopard-2&#8221; tank\u0131 g\u00f6nd\u0259r\u0259c\u0259k<\/strong>"},"content":{"rendered":"\n<figure class=\"wp-block-embed is-type-video is-provider-youtube wp-block-embed-youtube wp-embed-aspect-16-9 wp-has-aspect-ratio\"><div class=\"wp-block-embed__wrapper\">\n<iframe title=\"Almaniya \u0259sas d\u00f6y\u00fc\u015f tanklar\u0131n\u0131 Ukraynaya verm\u0259y\u0259 raz\u0131la\u015fd\u0131\" width=\"1200\" height=\"675\" data-src=\"https:\/\/www.youtube.com\/embed\/K19BmEbRaq4?feature=oembed\" frameborder=\"0\" allow=\"accelerometer; autoplay; clipboard-write; encrypted-media; gyroscope; picture-in-picture; web-share\" allowfullscreen src=\"data:image\/svg+xml;base64,PHN2ZyB3aWR0aD0iMSIgaGVpZ2h0PSIxIiB4bWxucz0iaHR0cDovL3d3dy53My5vcmcvMjAwMC9zdmciPjwvc3ZnPg==\" class=\"lazyload\" data-load-mode=\"1\"><\/iframe>\n<\/div><\/figure>\n\n\n\n<p><em>\u015eolz q\u0259rar\u0131 Nazirl\u0259r Kabinetinin iclas\u0131nda a\u00e7\u0131qlay\u0131b<\/em><\/p>\n\n\n\n<p>Yanvar\u0131n 25-d\u0259 Almaniya h\u00f6kum\u0259ti Ukrayna ordusuna 14 &#8220;Leopard-2&#8221; tank\u0131n\u0131n g\u00f6nd\u0259rilm\u0259si bar\u0259d\u0259 q\u0259rar verib.<\/p>\n\n\n\n<p>Kansler \u015eolz q\u0259rar\u0131 Nazirl\u0259r Kabinetinin s\u0259h\u0259r iclas\u0131nda elan edib.<\/p>\n\n\n\n<p>Almaniya h\u0259m\u00e7inin \u00fc\u00e7\u00fcnc\u00fc \u00f6lk\u0259l\u0259rd\u0259n d\u0259 tanklar\u0131n t\u0259krar ixrac\u0131na icaz\u0259 verib.<\/p>\n\n\n\n<p>M\u0259lumat\u0131 &#8220;Euronews&#8221; <a href=\"https:\/\/ru.euronews.com\/2023\/01\/25\/germany-approves-leopard2-reexport-supply-to-ukraine\" target=\"_blank\" rel=\"noreferrer noopener\">yay\u0131b<\/a>.<\/p>\n\n\n\n<p>Eyni zamanda, Q\u0259rb medias\u0131 Portuqaliyan\u0131n Ukraynaya Almaniya istehsal\u0131 olan d\u00f6rd &#8220;Leopard-2&#8221; tank\u0131n\u0131 g\u00f6nd\u0259rm\u0259y\u0259 haz\u0131rla\u015fd\u0131\u011f\u0131n\u0131 yaz\u0131r.<\/p>\n\n\n\n<p>Yanvar\u0131n 23-d\u0259 Almaniyan\u0131n xarici i\u015fl\u0259r naziri Annalena Burbok demi\u015fdi ki, Berlin Ukraynaya icaz\u0259siz \u201cLeopard-2\u201d tanklar\u0131 t\u0259dar\u00fck etm\u0259k q\u0259rar\u0131na g\u0259ls\u0259, Pol\u015faya mane olmayacaq.<\/p>\n\n\n\n<p>Yanvar\u0131n 20-d\u0259 NATO-nun m\u00fcdafi\u0259 nazirl\u0259ri Ukraynaya d\u0259st\u0259k \u00fczr\u0259 t\u0259mas qrupunun \u201cRam\u015fteyn\u201d aviabazas\u0131nda ke\u00e7iril\u0259n iclas\u0131nda Kiyev\u0259 alman \u201cLeopard 2\u201d tanklar\u0131n\u0131n t\u0259dar\u00fck\u00fc il\u0259 ba\u011fl\u0131 raz\u0131l\u0131\u011fa g\u0259l\u0259 bilm\u0259mi\u015fdi.<\/p>\n\n\n\n<p>Pol\u015fa Prezidenti Ancey Duda yanvar\u0131n 11-d\u0259 deyib ki, Var\u015fava Ukraynaya 15-\u0259 yax\u0131n \u201cLeopard-2\u201d tank\u0131 verm\u0259y\u0259 haz\u0131rla\u015f\u0131r, h\u0259r\u00e7\u0259nd bu q\u0259rar\u0131 h\u0259min tanklar\u0131 istehsal ed\u0259n Almaniya il\u0259 raz\u0131la\u015fd\u0131rmaq laz\u0131md\u0131r. Lakin yanvar\u0131n 19-u Pol\u015fan\u0131n Ba\u015f naziri Mateu\u015f Moraveski b\u0259yan edib ki, Var\u015fava Ukraynaya \u201cLeopard\u201d tanklar\u0131n\u0131n verilm\u0259si \u00fc\u00e7\u00fcn Almaniyan\u0131n raz\u0131l\u0131\u011f\u0131n\u0131 <a href=\"https:\/\/www.meydan.tv\/az\/article\/almaniya-ukraynaya-leopard-2-tanklari-vere-biler\/\" target=\"_blank\" rel=\"noreferrer noopener\">g\u00f6zl\u0259m\u0259y\u0259c\u0259k.<\/a><\/p>\n\n\n\n<p><strong>M\u00fcnaqi\u015f\u0259nin q\u0131sa xronikas\u0131<\/strong><\/p>\n\n\n\n<p>2022-cil il Rusiya Prezidenti Vladimir Putin Ukraynan\u0131n \u015f\u0259rqind\u0259ki separat\u00e7\u0131 qurumlar\u0131 tan\u0131d\u0131\u011f\u0131n\u0131 b\u0259yan etdikd\u0259n 2 g\u00fcn sonra, fevral\u0131n 24-d\u0259 Ukraynaya qar\u015f\u0131 m\u00fcharib\u0259y\u0259 ba\u015flay\u0131b.<\/p>\n\n\n\n<p>D\u00fcnyan\u0131n \u0259ks\u0259r \u00f6lk\u0259si Rusiyan\u0131n h\u00fccumunu pisl\u0259yib.<\/p>\n\n\n\n<p>Bundan sonra Avropa Birliyi \u00f6lk\u0259l\u0259ri, el\u0259c\u0259 d\u0259 AB\u015e Rusiyaya qar\u015f\u0131 sanksiyalar t\u0259tbiq edib.<\/p>\n\n\n\n<p>600-d\u0259n \u00e7ox rusiyal\u0131 oliqarx, y\u00fcks\u0259k r\u00fctb\u0259li h\u0259rb\u00e7il\u0259r, \u015firk\u0259t sahibl\u0259ri, biznesmenl\u0259rl\u0259 yana\u015f\u0131, Rusiya Prezidenti Vladimir Putin v\u0259 xarici i\u015fl\u0259r naziri Sergey Lavrova qar\u015f\u0131 sanksiyalar t\u0259tbiq edilib.<\/p>\n\n\n\n<p>Rusiyada t\u0259\u015fkil olunacaq yar\u0131\u015flar t\u0259xir\u0259 sal\u0131n\u0131b, bu \u00f6lk\u0259nin ad\u0131 m\u00fch\u00fcm t\u0259dbirl\u0259rd\u0259n v\u0259 t\u0259\u015fkilatlardan \u00e7\u0131xar\u0131l\u0131b.<\/p>\n\n\n\n<p>2022-ci il aprelin 7-d\u0259 is\u0259 BMT Ba\u015f Assambleyas\u0131 Rusiyan\u0131n t\u0259\u015fkilat\u0131n \u0130nsan H\u00fcquqlar\u0131 \u015euras\u0131ndan \u00e7\u0131xar\u0131lmas\u0131 il\u0259 ba\u011fl\u0131 q\u0259tnam\u0259 q\u0259bul edib.<\/p>\n\n\n\n<p>Rusiya is\u0259 Avropa \u015euras\u0131 \u00fczvl\u00fcy\u00fcnd\u0259n \u00e7\u0131x\u0131b.<\/p>\n\n\n\n<p>Rusiya ordusunun Bu\u00e7a v\u0259 dig\u0259r Ukrayna \u015f\u0259h\u0259rl\u0259rind\u0259 k\u00fctl\u0259vi q\u0259tliamlar v\u0259 m\u00fcharib\u0259 cinay\u0259tl\u0259ri t\u00f6r\u0259tdiyi iddia olunur.<\/p>\n\n\n\n<p>2022-ci il iyunun 25-d\u0259 Avropa \u0130ttifaq\u0131n\u0131n 12 \u00f6lk\u0259si Rusiya qaz\u0131n\u0131n t\u0259dar\u00fck\u00fcnd\u0259n tamamil\u0259 v\u0259 ya qism\u0259n imtina edib.<\/p>\n\n\n\n<p>2022-ci ilin sentyabr\u0131n 30-da Vladimir Putin Rusiyan\u0131n n\u0259zar\u0259ti \u0259l\u0259 ke\u00e7irdiyi \u0259razil\u0259rl\u0259 m\u00fcqavil\u0259 imzalay\u0131b.<\/p>\n\n\n\n<p>Sentyabr\u0131n 23-d\u0259n -27-d\u0259k Rusiyan\u0131n i\u015f\u011fal alt\u0131nda saxlad\u0131\u011f\u0131 Donetsk, Luqansk, Xerson v\u0259 Zaporojye vilay\u0259tl\u0259rind\u0259 referendum ke\u00e7irilib.<\/p>\n\n\n\n<p>Referendumda \u00fc\u00e7 sual qoyulub: \u201cSiz regionun Ukraynadan ay\u0131r\u0131lmas\u0131n\u0131n, m\u00fcst\u0259qil d\u00f6vl\u0259t yarad\u0131lmas\u0131n\u0131n v\u0259 Rusiyan\u0131n t\u0259rkibin\u0259 daxil olmas\u0131n\u0131n t\u0259r\u0259fdar\u0131s\u0131n\u0131zm\u0131?\u201d<\/p>\n\n\n\n<p>Rusiyan\u0131n a\u00e7\u0131qlad\u0131\u011f\u0131 n\u0259tic\u0259l\u0259r\u0259 g\u00f6r\u0259, h\u0259min vilay\u0259tl\u0259rin sakinl\u0259ri Rusiyan\u0131 d\u0259st\u0259kl\u0259yib.<\/p>\n","protected":false},"excerpt":{"rendered":"<p>\u015eolz q\u0259rar\u0131 Nazirl\u0259r Kabinetinin iclas\u0131nda a\u00e7\u0131qlay\u0131b Yanvar\u0131n 25-d\u0259 Almaniya h\u00f6kum\u0259ti &#8230; <\/p>\n<p class=\"read-more-container\"><a title=\"Almaniya Ukraynaya 14 &#8220;Leopard-2&#8221; tank\u0131 g\u00f6nd\u0259r\u0259c\u0259k\" class=\"read-more button\" href=\"https:\/\/www.meydan.tv\/az\/article\/almaniya-ukraynaya-14-leopard-2-tanki-gonderecek\/#more-266662\" aria-label=\"Read more about Almaniya Ukraynaya 14 &#8220;Leopard-2&#8221; tank\u0131 g\u00f6nd\u0259r\u0259c\u0259k\">Davam\u0131<\/a><\/p>\n","protected":false},"author":8,"featured_media":266411,"comment_status":"closed","ping_status":"closed","sticky":false,"template":"","format":"standard","meta":{"_acf_changed":false,"_sitemap_exclude":false,"_sitemap_priority":"","_sitemap_frequency":"","footnotes":""},"categories":[64,59,63,56],"tags":[],"class_list":["post-266662","post","type-post","status-publish","format-standard","has-post-thumbnail","hentry","category-dunya","category-siyaset","category-video-2","category-xeberler","infinite-scroll-item","generate-columns","tablet-grid-50","mobile-grid-100","grid-parent","grid-33","no-featured-image-padding"],"acf":[],"yoast_head":"<!-- This site is optimized with the Yoast SEO plugin v27.5 - https:\/\/yoast.com\/product\/yoast-seo-wordpress\/ -->\n<title>Almaniya Ukraynaya 14 &quot;Leopard-2&quot; tank\u0131 g\u00f6nd\u0259r\u0259c\u0259k - MEYDAN.TV<\/title>\n<meta name=\"robots\" content=\"index, follow, max-snippet:-1, max-image-preview:large, max-video-preview:-1\" \/>\n<link rel=\"canonical\" href=\"https:\/\/www.meydan.tv\/az\/article\/almaniya-ukraynaya-14-leopard-2-tanki-gonderecek\/\" \/>\n<meta property=\"og:locale\" content=\"az_AZ\" \/>\n<meta property=\"og:type\" content=\"article\" \/>\n<meta property=\"og:title\" content=\"Almaniya Ukraynaya 14 &quot;Leopard-2&quot; tank\u0131 g\u00f6nd\u0259r\u0259c\u0259k - MEYDAN.TV\" \/>\n<meta property=\"og:description\" content=\"\u015eolz q\u0259rar\u0131 Nazirl\u0259r Kabinetinin iclas\u0131nda a\u00e7\u0131qlay\u0131b Yanvar\u0131n 25-d\u0259 Almaniya h\u00f6kum\u0259ti ... Davam\u0131\" \/>\n<meta property=\"og:url\" content=\"https:\/\/www.meydan.tv\/az\/article\/almaniya-ukraynaya-14-leopard-2-tanki-gonderecek\/\" \/>\n<meta property=\"og:site_name\" content=\"MEYDAN.TV\" \/>\n<meta property=\"article:published_time\" content=\"2023-01-25T13:03:33+00:00\" \/>\n<meta property=\"article:modified_time\" content=\"2023-01-25T15:20:17+00:00\" \/>\n<meta property=\"og:image\" content=\"https:\/\/www.meydan.tv\/wp-content\/uploads\/shutterstock_1981307684.jpg\" \/>\n\t<meta property=\"og:image:width\" content=\"1200\" \/>\n\t<meta property=\"og:image:height\" content=\"800\" \/>\n\t<meta property=\"og:image:type\" content=\"image\/jpeg\" \/>\n<meta name=\"author\" content=\"elli\" \/>\n<meta name=\"twitter:card\" content=\"summary_large_image\" \/>\n<meta name=\"twitter:creator\" content=\"@elli\" \/>\n<script type=\"application\/ld+json\" class=\"yoast-schema-graph\">{\"@context\":\"https:\\\/\\\/schema.org\",\"@graph\":[{\"@type\":\"Article\",\"@id\":\"https:\\\/\\\/www.meydan.tv\\\/az\\\/article\\\/almaniya-ukraynaya-14-leopard-2-tanki-gonderecek\\\/#article\",\"isPartOf\":{\"@id\":\"https:\\\/\\\/www.meydan.tv\\\/az\\\/article\\\/almaniya-ukraynaya-14-leopard-2-tanki-gonderecek\\\/\"},\"author\":{\"name\":\"elli\",\"@id\":\"https:\\\/\\\/www.meydan.tv\\\/az\\\/#\\\/schema\\\/person\\\/9cdbecf90d17180ce1dfbd95b08dcf47\"},\"headline\":\"Almaniya Ukraynaya 14 &#8220;Leopard-2&#8221; tank\u0131 g\u00f6nd\u0259r\u0259c\u0259k\",\"datePublished\":\"2023-01-25T13:03:33+00:00\",\"dateModified\":\"2023-01-25T15:20:17+00:00\",\"mainEntityOfPage\":{\"@id\":\"https:\\\/\\\/www.meydan.tv\\\/az\\\/article\\\/almaniya-ukraynaya-14-leopard-2-tanki-gonderecek\\\/\"},\"wordCount\":601,\"publisher\":{\"@id\":\"https:\\\/\\\/www.meydan.tv\\\/az\\\/#organization\"},\"image\":{\"@id\":\"https:\\\/\\\/www.meydan.tv\\\/az\\\/article\\\/almaniya-ukraynaya-14-leopard-2-tanki-gonderecek\\\/#primaryimage\"},\"thumbnailUrl\":\"https:\\\/\\\/www.meydan.tv\\\/wp-content\\\/uploads\\\/shutterstock_1981307684.jpg\",\"articleSection\":[\"D\u00fcnya\",\"Siyas\u0259t\",\"Video\",\"X\u0259b\u0259rl\u0259r\"],\"inLanguage\":\"az\"},{\"@type\":\"WebPage\",\"@id\":\"https:\\\/\\\/www.meydan.tv\\\/az\\\/article\\\/almaniya-ukraynaya-14-leopard-2-tanki-gonderecek\\\/\",\"url\":\"https:\\\/\\\/www.meydan.tv\\\/az\\\/article\\\/almaniya-ukraynaya-14-leopard-2-tanki-gonderecek\\\/\",\"name\":\"Almaniya Ukraynaya 14 \\\"Leopard-2\\\" tank\u0131 g\u00f6nd\u0259r\u0259c\u0259k - MEYDAN.TV\",\"isPartOf\":{\"@id\":\"https:\\\/\\\/www.meydan.tv\\\/az\\\/#website\"},\"primaryImageOfPage\":{\"@id\":\"https:\\\/\\\/www.meydan.tv\\\/az\\\/article\\\/almaniya-ukraynaya-14-leopard-2-tanki-gonderecek\\\/#primaryimage\"},\"image\":{\"@id\":\"https:\\\/\\\/www.meydan.tv\\\/az\\\/article\\\/almaniya-ukraynaya-14-leopard-2-tanki-gonderecek\\\/#primaryimage\"},\"thumbnailUrl\":\"https:\\\/\\\/www.meydan.tv\\\/wp-content\\\/uploads\\\/shutterstock_1981307684.jpg\",\"datePublished\":\"2023-01-25T13:03:33+00:00\",\"dateModified\":\"2023-01-25T15:20:17+00:00\",\"breadcrumb\":{\"@id\":\"https:\\\/\\\/www.meydan.tv\\\/az\\\/article\\\/almaniya-ukraynaya-14-leopard-2-tanki-gonderecek\\\/#breadcrumb\"},\"inLanguage\":\"az\",\"potentialAction\":[{\"@type\":\"ReadAction\",\"target\":[\"https:\\\/\\\/www.meydan.tv\\\/az\\\/article\\\/almaniya-ukraynaya-14-leopard-2-tanki-gonderecek\\\/\"]}]},{\"@type\":\"ImageObject\",\"inLanguage\":\"az\",\"@id\":\"https:\\\/\\\/www.meydan.tv\\\/az\\\/article\\\/almaniya-ukraynaya-14-leopard-2-tanki-gonderecek\\\/#primaryimage\",\"url\":\"https:\\\/\\\/www.meydan.tv\\\/wp-content\\\/uploads\\\/shutterstock_1981307684.jpg\",\"contentUrl\":\"https:\\\/\\\/www.meydan.tv\\\/wp-content\\\/uploads\\\/shutterstock_1981307684.jpg\",\"width\":1200,\"height\":800,\"caption\":\"\\\"Leopard 2\\\". Foto: Rasmus Christopher Franck\\\/shutterstock\"},{\"@type\":\"BreadcrumbList\",\"@id\":\"https:\\\/\\\/www.meydan.tv\\\/az\\\/article\\\/almaniya-ukraynaya-14-leopard-2-tanki-gonderecek\\\/#breadcrumb\",\"itemListElement\":[{\"@type\":\"ListItem\",\"position\":1,\"name\":\"Ana s\u0259hif\u0259\",\"item\":\"https:\\\/\\\/www.meydan.tv\\\/az\\\/\"},{\"@type\":\"ListItem\",\"position\":2,\"name\":\"D\u00fcnya\",\"item\":\"https:\\\/\\\/www.meydan.tv\\\/az\\\/section\\\/dunya\\\/\"},{\"@type\":\"ListItem\",\"position\":3,\"name\":\"Almaniya Ukraynaya 14 &#8220;Leopard-2&#8221; tank\u0131 g\u00f6nd\u0259r\u0259c\u0259k\"}]},{\"@type\":\"WebSite\",\"@id\":\"https:\\\/\\\/www.meydan.tv\\\/az\\\/#website\",\"url\":\"https:\\\/\\\/www.meydan.tv\\\/az\\\/\",\"name\":\"MEYDAN.TV\",\"description\":\"Meydan TV Az\u0259rbaycan\u0131n media m\u0259kan\u0131ndak\u0131 alternativ s\u0259sidir\",\"publisher\":{\"@id\":\"https:\\\/\\\/www.meydan.tv\\\/az\\\/#organization\"},\"potentialAction\":[{\"@type\":\"SearchAction\",\"target\":{\"@type\":\"EntryPoint\",\"urlTemplate\":\"https:\\\/\\\/www.meydan.tv\\\/az\\\/?s={search_term_string}\"},\"query-input\":{\"@type\":\"PropertyValueSpecification\",\"valueRequired\":true,\"valueName\":\"search_term_string\"}}],\"inLanguage\":\"az\"},{\"@type\":\"Organization\",\"@id\":\"https:\\\/\\\/www.meydan.tv\\\/az\\\/#organization\",\"name\":\"Meydan TV\",\"url\":\"https:\\\/\\\/www.meydan.tv\\\/az\\\/\",\"logo\":{\"@type\":\"ImageObject\",\"inLanguage\":\"az\",\"@id\":\"https:\\\/\\\/www.meydan.tv\\\/az\\\/#\\\/schema\\\/logo\\\/image\\\/\",\"url\":\"https:\\\/\\\/www.meydan.tv\\\/wp-content\\\/uploads\\\/2021\\\/07\\\/meydan-logo.svg\",\"contentUrl\":\"https:\\\/\\\/www.meydan.tv\\\/wp-content\\\/uploads\\\/2021\\\/07\\\/meydan-logo.svg\",\"width\":195,\"height\":46,\"caption\":\"Meydan TV\"},\"image\":{\"@id\":\"https:\\\/\\\/www.meydan.tv\\\/az\\\/#\\\/schema\\\/logo\\\/image\\\/\"}},{\"@type\":\"Person\",\"@id\":\"https:\\\/\\\/www.meydan.tv\\\/az\\\/#\\\/schema\\\/person\\\/9cdbecf90d17180ce1dfbd95b08dcf47\",\"name\":\"elli\",\"sameAs\":[\"https:\\\/\\\/x.com\\\/elli\"]}]}<\/script>\n<!-- \/ Yoast SEO plugin. -->","yoast_head_json":{"title":"Almaniya Ukraynaya 14 \"Leopard-2\" tank\u0131 g\u00f6nd\u0259r\u0259c\u0259k - MEYDAN.TV","robots":{"index":"index","follow":"follow","max-snippet":"max-snippet:-1","max-image-preview":"max-image-preview:large","max-video-preview":"max-video-preview:-1"},"canonical":"https:\/\/www.meydan.tv\/az\/article\/almaniya-ukraynaya-14-leopard-2-tanki-gonderecek\/","og_locale":"az_AZ","og_type":"article","og_title":"Almaniya Ukraynaya 14 \"Leopard-2\" tank\u0131 g\u00f6nd\u0259r\u0259c\u0259k - MEYDAN.TV","og_description":"\u015eolz q\u0259rar\u0131 Nazirl\u0259r Kabinetinin iclas\u0131nda a\u00e7\u0131qlay\u0131b Yanvar\u0131n 25-d\u0259 Almaniya h\u00f6kum\u0259ti ... Davam\u0131","og_url":"https:\/\/www.meydan.tv\/az\/article\/almaniya-ukraynaya-14-leopard-2-tanki-gonderecek\/","og_site_name":"MEYDAN.TV","article_published_time":"2023-01-25T13:03:33+00:00","article_modified_time":"2023-01-25T15:20:17+00:00","og_image":[{"width":1200,"height":800,"url":"https:\/\/www.meydan.tv\/wp-content\/uploads\/shutterstock_1981307684.jpg","type":"image\/jpeg"}],"author":"elli","twitter_card":"summary_large_image","twitter_creator":"@elli","schema":{"@context":"https:\/\/schema.org","@graph":[{"@type":"Article","@id":"https:\/\/www.meydan.tv\/az\/article\/almaniya-ukraynaya-14-leopard-2-tanki-gonderecek\/#article","isPartOf":{"@id":"https:\/\/www.meydan.tv\/az\/article\/almaniya-ukraynaya-14-leopard-2-tanki-gonderecek\/"},"author":{"name":"elli","@id":"https:\/\/www.meydan.tv\/az\/#\/schema\/person\/9cdbecf90d17180ce1dfbd95b08dcf47"},"headline":"Almaniya Ukraynaya 14 &#8220;Leopard-2&#8221; tank\u0131 g\u00f6nd\u0259r\u0259c\u0259k","datePublished":"2023-01-25T13:03:33+00:00","dateModified":"2023-01-25T15:20:17+00:00","mainEntityOfPage":{"@id":"https:\/\/www.meydan.tv\/az\/article\/almaniya-ukraynaya-14-leopard-2-tanki-gonderecek\/"},"wordCount":601,"publisher":{"@id":"https:\/\/www.meydan.tv\/az\/#organization"},"image":{"@id":"https:\/\/www.meydan.tv\/az\/article\/almaniya-ukraynaya-14-leopard-2-tanki-gonderecek\/#primaryimage"},"thumbnailUrl":"https:\/\/www.meydan.tv\/wp-content\/uploads\/shutterstock_1981307684.jpg","articleSection":["D\u00fcnya","Siyas\u0259t","Video","X\u0259b\u0259rl\u0259r"],"inLanguage":"az"},{"@type":"WebPage","@id":"https:\/\/www.meydan.tv\/az\/article\/almaniya-ukraynaya-14-leopard-2-tanki-gonderecek\/","url":"https:\/\/www.meydan.tv\/az\/article\/almaniya-ukraynaya-14-leopard-2-tanki-gonderecek\/","name":"Almaniya Ukraynaya 14 \"Leopard-2\" tank\u0131 g\u00f6nd\u0259r\u0259c\u0259k - MEYDAN.TV","isPartOf":{"@id":"https:\/\/www.meydan.tv\/az\/#website"},"primaryImageOfPage":{"@id":"https:\/\/www.meydan.tv\/az\/article\/almaniya-ukraynaya-14-leopard-2-tanki-gonderecek\/#primaryimage"},"image":{"@id":"https:\/\/www.meydan.tv\/az\/article\/almaniya-ukraynaya-14-leopard-2-tanki-gonderecek\/#primaryimage"},"thumbnailUrl":"https:\/\/www.meydan.tv\/wp-content\/uploads\/shutterstock_1981307684.jpg","datePublished":"2023-01-25T13:03:33+00:00","dateModified":"2023-01-25T15:20:17+00:00","breadcrumb":{"@id":"https:\/\/www.meydan.tv\/az\/article\/almaniya-ukraynaya-14-leopard-2-tanki-gonderecek\/#breadcrumb"},"inLanguage":"az","potentialAction":[{"@type":"ReadAction","target":["https:\/\/www.meydan.tv\/az\/article\/almaniya-ukraynaya-14-leopard-2-tanki-gonderecek\/"]}]},{"@type":"ImageObject","inLanguage":"az","@id":"https:\/\/www.meydan.tv\/az\/article\/almaniya-ukraynaya-14-leopard-2-tanki-gonderecek\/#primaryimage","url":"https:\/\/www.meydan.tv\/wp-content\/uploads\/shutterstock_1981307684.jpg","contentUrl":"https:\/\/www.meydan.tv\/wp-content\/uploads\/shutterstock_1981307684.jpg","width":1200,"height":800,"caption":"\"Leopard 2\". Foto: Rasmus Christopher Franck\/shutterstock"},{"@type":"BreadcrumbList","@id":"https:\/\/www.meydan.tv\/az\/article\/almaniya-ukraynaya-14-leopard-2-tanki-gonderecek\/#breadcrumb","itemListElement":[{"@type":"ListItem","position":1,"name":"Ana s\u0259hif\u0259","item":"https:\/\/www.meydan.tv\/az\/"},{"@type":"ListItem","position":2,"name":"D\u00fcnya","item":"https:\/\/www.meydan.tv\/az\/section\/dunya\/"},{"@type":"ListItem","position":3,"name":"Almaniya Ukraynaya 14 &#8220;Leopard-2&#8221; tank\u0131 g\u00f6nd\u0259r\u0259c\u0259k"}]},{"@type":"WebSite","@id":"https:\/\/www.meydan.tv\/az\/#website","url":"https:\/\/www.meydan.tv\/az\/","name":"MEYDAN.TV","description":"Meydan TV Az\u0259rbaycan\u0131n media m\u0259kan\u0131ndak\u0131 alternativ s\u0259sidir","publisher":{"@id":"https:\/\/www.meydan.tv\/az\/#organization"},"potentialAction":[{"@type":"SearchAction","target":{"@type":"EntryPoint","urlTemplate":"https:\/\/www.meydan.tv\/az\/?s={search_term_string}"},"query-input":{"@type":"PropertyValueSpecification","valueRequired":true,"valueName":"search_term_string"}}],"inLanguage":"az"},{"@type":"Organization","@id":"https:\/\/www.meydan.tv\/az\/#organization","name":"Meydan TV","url":"https:\/\/www.meydan.tv\/az\/","logo":{"@type":"ImageObject","inLanguage":"az","@id":"https:\/\/www.meydan.tv\/az\/#\/schema\/logo\/image\/","url":"https:\/\/www.meydan.tv\/wp-content\/uploads\/2021\/07\/meydan-logo.svg","contentUrl":"https:\/\/www.meydan.tv\/wp-content\/uploads\/2021\/07\/meydan-logo.svg","width":195,"height":46,"caption":"Meydan TV"},"image":{"@id":"https:\/\/www.meydan.tv\/az\/#\/schema\/logo\/image\/"}},{"@type":"Person","@id":"https:\/\/www.meydan.tv\/az\/#\/schema\/person\/9cdbecf90d17180ce1dfbd95b08dcf47","name":"elli","sameAs":["https:\/\/x.com\/elli"]}]}},"_links":{"self":[{"href":"https:\/\/www.meydan.tv\/az\/wp-json\/wp\/v2\/posts\/266662","targetHints":{"allow":["GET"]}}],"collection":[{"href":"https:\/\/www.meydan.tv\/az\/wp-json\/wp\/v2\/posts"}],"about":[{"href":"https:\/\/www.meydan.tv\/az\/wp-json\/wp\/v2\/types\/post"}],"author":[{"embeddable":true,"href":"https:\/\/www.meydan.tv\/az\/wp-json\/wp\/v2\/users\/8"}],"replies":[{"embeddable":true,"href":"https:\/\/www.meydan.tv\/az\/wp-json\/wp\/v2\/comments?post=266662"}],"version-history":[{"count":2,"href":"https:\/\/www.meydan.tv\/az\/wp-json\/wp\/v2\/posts\/266662\/revisions"}],"predecessor-version":[{"id":266674,"href":"https:\/\/www.meydan.tv\/az\/wp-json\/wp\/v2\/posts\/266662\/revisions\/266674"}],"wp:featuredmedia":[{"embeddable":true,"href":"https:\/\/www.meydan.tv\/az\/wp-json\/wp\/v2\/media\/266411"}],"wp:attachment":[{"href":"https:\/\/www.meydan.tv\/az\/wp-json\/wp\/v2\/media?parent=266662"}],"wp:term":[{"taxonomy":"category","embeddable":true,"href":"https:\/\/www.meydan.tv\/az\/wp-json\/wp\/v2\/categories?post=266662"},{"taxonomy":"post_tag","embeddable":true,"href":"https:\/\/www.meydan.tv\/az\/wp-json\/wp\/v2\/tags?post=266662"}],"curies":[{"name":"wp","href":"https:\/\/api.w.org\/{rel}","templated":true}]}}