{"id":266659,"date":"2023-01-25T16:47:29","date_gmt":"2023-01-25T12:47:29","guid":{"rendered":"https:\/\/www.meydan.tv\/?p=266659"},"modified":"2023-01-25T16:47:31","modified_gmt":"2023-01-25T12:47:31","slug":"oskar-2023-namizedler","status":"publish","type":"post","link":"https:\/\/www.meydan.tv\/az\/article\/oskar-2023-namizedler\/","title":{"rendered":"<strong>\u201cOskar 2023\u201d: namiz\u0259dl\u0259r<\/strong>"},"content":{"rendered":"\n<p><\/p>\n\n\n\n<p><em>Qalibl\u0259r mart ay\u0131nda m\u0259lum olacaq<\/em><\/p>\n\n\n\n<p>Bu il 95-ci d\u0259f\u0259 ke\u00e7iril\u0259c\u0259k \u201cOskar\u201d m\u00fckafat\u0131 u\u011frunda m\u00fcbariz\u0259 aparacaq iddia\u00e7\u0131lar m\u0259lum <a href=\"https:\/\/press.oscars.org\/news\/95th-oscarsr-nominations-announced\" target=\"_blank\" rel=\"noreferrer noopener\">olub.<\/a><\/p>\n\n\n\n<p>M\u00fcxt\u0259lif nominasiyalar \u00fczr\u0259 t\u0259qdim edil\u0259n siyah\u0131 a\u015fa\u011f\u0131dak\u0131lard\u0131r:<\/p>\n\n\n\n<p><strong>\u201c\u018fn yax\u015f\u0131 film\u201d<\/strong><\/p>\n\n\n\n<p><em>\u201cAll Quiet on the Western Front\u201d<\/em><br><em>\u201cAvatar: The Way of Water\u201d<\/em><br><em>\u201cThe Banshees of Inisherin\u201d<\/em><br><em>\u201cElvis\u201d<\/em><br><em>\u201cEverything Everywhere All at Once\u201d<\/em><br><em>\u201cThe Fabelmans\u201d<\/em><br><em>\u201cT\u00e1r\u201d<\/em><br><em>\u201cTop Gun: Maverick\u201d<\/em><br><em>\u201cTriangle of Sadness\u201d<\/em><br><em>\u201cWomen Talking\u201d<\/em><\/p>\n\n\n\n<p><strong>\u201c\u018fn yax\u015f\u0131 rejissor\u201d<\/strong><\/p>\n\n\n\n<p><em>\u201cThe Banshees of Inisherin\u201d<\/em><br><em>\u201cEverything Everywhere All At Once\u201d<\/em><br><em>\u201cThe Fabelmans\u201d<\/em><br><em>\u201cT\u00e1r\u201d<\/em><br><em>\u201cTriangle of Sadness\u201d<\/em><\/p>\n\n\n\n<p><strong>\u201c\u018fn yax\u015f\u0131 ki\u015fi aktyor\u201d<\/strong><\/p>\n\n\n\n<p><em>Austin Butler \u2013 \u201cElvis\u201d<\/em><br><em>Colin Farrell \u2013 \u201cThe Banshees of Inisherin\u201d<\/em><br><em>Brendan Fraser \u2013 \u201cThe Whale\u201d<\/em><br><em>Paul Mescal \u2013 \u201cAftersun\u201d<\/em><br><em>Bill Nighy \u2013 \u201cLiving\u201d<\/em><\/p>\n\n\n\n<p><strong>\u201c\u018fn yax\u015f\u0131 qad\u0131n aktrisa\u201d<\/strong><\/p>\n\n\n\n<p><em>Cate Blanchett- \u201cT\u00e1r\u201d<\/em><br><em>Ana de Armas &#8211; Blonde<\/em><br><em>Andrea Riseborough \u201cTo Leslie\u201d<\/em><br><em>Michelle Williams \u2013 \u201cThe Fabelmans\u201d<\/em><br><em>Michelle Yeoh \u2013 \u201cEverything Everywhere All At Once\u201d<\/em><\/p>\n\n\n\n<p><strong>\u201c\u018fn yax\u015f\u0131 k\u00f6m\u0259k\u00e7i qad\u0131n aktrisa\u201d<\/strong><\/p>\n\n\n\n<p><em>Angela Bassett \u201cBlack Panther: Wakanda Forever\u201d<\/em><br><em>Hong Chau \u201cThe Whale\u201d<\/em><br><em>Kerry Condon&nbsp; \u201cThe Banshees of Inisherin\u201d<\/em><br><em>Jamie Lee Curtis \u201cEverything Everywhere All at Once\u201d<\/em><br><em>Stephanie Hsu \u201cEverything Everywhere All at Once\u201d<\/em><\/p>\n\n\n\n<p><strong>\u201c\u018fn yax\u015f\u0131 geyim dizayn\u0131\u201d<\/strong><\/p>\n\n\n\n<p><em>\u201cBabylon\u201d<\/em><br><em>\u201cBlack Panther: Wakanda Forever\u201d<\/em><br><em>\u201cElvis\u201d<\/em><br><em>\u201cEverything Everywhere All at Once\u201d<\/em><br><em>\u201cMrs Harris Goes to Paris\u201d<\/em><\/p>\n\n\n\n<p><strong>\u201c\u018fn orijinal film musiqisi\u201d<\/strong><\/p>\n\n\n\n<p><em>\u201cAll Quiet on the Western Front\u201d<\/em><br><em>\u201cBabylon\u201d<\/em><br><em>\u201cThe Banshees of Inisherin\u201d<\/em><br><em>\u201cEverything Everywhere All at Once\u201d<\/em><br><em>\u201cThe Fabelmans\u201d<\/em><\/p>\n\n\n\n<p><strong>\u201c\u018fn yax\u015f\u0131 g\u00f6t\u00fcr\u00fclm\u0259 ssenari\u201d<\/strong><\/p>\n\n\n\n<p>\u201c<em>All Quiet on the Western Front\u201d<\/em><br><em>\u201cGlass Onion: A Knives Out Mystery\u201d<\/em><br><em>\u201cLiving\u201d<\/em><br><em>\u201cTop Gun: Maverick\u201d<\/em><br><em>\u201cWomen Talking\u201d<\/em><\/p>\n\n\n\n<p><strong>\u201c\u018fn orijinal ssenari\u201d<\/strong><\/p>\n\n\n\n<p><em>\u201cThe Banshees of Inisherin\u201d<\/em><br><em>\u201cEverything Everywhere All at Once\u201d<\/em><br><em>\u201cThe Fabelmans\u201d<\/em><br><em>\u201cT\u00e1r\u201d<\/em><br><em>\u201cTriangle of Sadness\u201d<\/em><\/p>\n\n\n\n<p><strong>\u201c\u018fn yax\u015f\u0131 q\u0131sa aksiyon filmi\u201d<\/strong><\/p>\n\n\n\n<p><em>\u201cAn Irish Goodbye\u201d<\/em><br><em>\u201cIvalu\u201d<\/em><br><em>\u201cLe Pupille\u201d<\/em><br><em>\u201cNight Ride\u201d<\/em><br><em>\u201cThe Red Suitcase\u201d<\/em><\/p>\n\n\n\n<p><strong>\u201c\u018fn yax\u015f\u0131 q\u0131sa animasiya\u201d<\/strong><\/p>\n\n\n\n<p><em>\u201cThe Boy, the Mole, the Fox, and the Horse\u201d<\/em><br><em>\u201cThe Flying Sailor\u201d<\/em><br><em>\u201cIce Merchants\u201d<\/em><br><em>\u201cMy Year of Dicks\u201d<\/em><br><em>\u201cAn Ostrich Told Me the World is Fake and I Think I Believe it\u201d<\/em><\/p>\n\n\n\n<p><strong>\u201c\u018fn yax\u015f\u0131 k\u00f6m\u0259k\u00e7i ki\u015fi aktyor\u201d<\/strong><\/p>\n\n\n\n<p><em>Brendan Gleeson &#8211; \u201cBanshees of Inisherin\u201d<\/em><br><em>Brian Tyree Henry &#8211; \u201cCauseway\u201d<\/em><br><em>Judd Hirsch &#8211; \u201cThe Fabelmans\u201d<\/em><br><em>Barry Keoghan &#8211; \u201cThe Banshees of Inisherin\u201d<\/em><br><em>Ke Huy Quan \u2013 \u201cEverything Everywhere All At Once\u201d<\/em><\/p>\n\n\n\n<p><strong>\u201c\u018fn yax\u015f\u0131 orijinal mahn\u0131\u201d<\/strong><\/p>\n\n\n\n<p><em>\u201cApplause\u201d from \u201cTell It Like a Woman\u201d<\/em><br><em>\u201cHold My Hand\u201d from \u201cTop Gun: Maverick\u201d<\/em><br><em>\u201cLift Me Up\u201d from \u201cBlack Panther: Wakanda Forever\u201d<\/em><br><em>\u201cNaatu Naatu\u201d from \u201cRRR\u201d<\/em><br><em>\u201cThis is a Life\u201d from \u201cEverything Everywhere All at Once\u201d<\/em><\/p>\n\n\n\n<p><strong>\u201c\u018fn yax\u015f\u0131 s\u0259n\u0259dli film\u201d<\/strong><\/p>\n\n\n\n<p><em>\u201cThe Elephant Whisperers\u201d<\/em><br><em>\u201cHaulout\u201d<\/em><br><em>\u201cHow Do You Measure a Year?\u201d<\/em><br><em>\u201cThe Marsha Mitchell Effect\u201d<\/em><br><em>\u201cStranger at the Gate\u201d<\/em><\/p>\n\n\n\n<p><strong>\u201c\u018fn yax\u015f\u0131 film dizayn\u0131\u201d<\/strong><\/p>\n\n\n\n<p><em>\u201cAll Quiet on the Western Front\u201d<\/em><br><em>\u201cAvatar: The Way of Water\u201d<\/em><br><em>\u201cBabylon\u201d<\/em><br><em>\u201cElvis\u201d<\/em><br><em>\u201cThe Fabelmans\u201d<\/em><\/p>\n\n\n\n<p><strong>\u201c\u018fn yax\u015f\u0131 beyn\u0259lxalq film\u201d<\/strong><\/p>\n\n\n\n<p><em>\u201cAll Quiet on the Western Front\u201d<\/em><br><em>\u201cArgentina, 1985\u201d<\/em><br><em>\u201cClose\u201d<\/em><br><em>\u201cEO\u201d<\/em><br><em>\u201cThe Quiet Girl\u201d<\/em><\/p>\n\n\n\n<p><strong>\u201c\u018fn yax\u015f\u0131 animasiya\u201d<\/strong><\/p>\n\n\n\n<p><em>\u201cGuillermo del Toro&#8217;s Pinocchio\u201d<\/em><br><em>\u201cMarcel the Shell with Shoes On\u201d<\/em><br><em>\u201cPuss in Boots: THe Last Wish\u201d<\/em><br><em>\u201cThe Sea Best\u201d<\/em><br><em>\u201cTurning Red\u201d<\/em><\/p>\n\n\n\n<p><strong>\u201c\u018fn yax\u015f\u0131 g\u00f6r\u00fcnt\u00fc m\u00fc\u0259llifi\u201d<\/strong><\/p>\n\n\n\n<p><em>\u201cAll Quiet on the Western Front\u201d<\/em><br><em>\u201cBardo, False Chronicles of a Handful of Truths\u201d<\/em><br><em>\u201cElvis\u201d<\/em><br><em>\u201cEmpire of Light\u201d<\/em><br><em>\u201cT\u00e1r\u201d<\/em><\/p>\n\n\n\n<p><strong>\u201c\u018fn yax\u015f\u0131 vizual effekt\u201d<\/strong><\/p>\n\n\n\n<p><em>\u201cAll Quiet on the Western Front\u201d<\/em><br><em>\u201cAvatar: The Way of Water\u201d<\/em><br><em>\u201cThe Batman\u201d<\/em><br><em>\u201cBlack Panther: Wakanda Forever\u201d<\/em><br><em>\u201cTop Gun: Maverick\u201d<\/em><\/p>\n\n\n\n<p>95-ci \u201cOskar\u201d m\u00fckafatland\u0131rma m\u0259rasimi 2023-c\u00fc il mart\u0131n 12-d\u0259 ke\u00e7iril\u0259c\u0259k.<\/p>\n\n\n\n<p>\u201cXarici dild\u0259 \u0259n yax\u015f\u0131 film\u201d nominasiyas\u0131nda iddia\u00e7\u0131lar aras\u0131nda az\u0259rbaycanl\u0131 rejissor \u015eamil \u018fliyevin \u201cYaradanlar\u201d filmi d\u0259 vard\u0131, lakin s\u0259n\u0259dli film q\u0131sa siyah\u0131ya d\u00fc\u015f\u0259 bilm\u0259mi\u015fdi.<\/p>\n\n\n\n<p>Az\u0259rbaycan 2007-ci ild\u0259n \u201cXarici dild\u0259 \u0259n yax\u015f\u0131 film\u201d \u00fczr\u0259 \u201cOskar\u201d m\u00fckafat\u0131na filml\u0259rini t\u0259qdim edir.<\/p>\n\n\n\n<p>\u201cQafqaz\u201d (\u201cCaucasia\u201d) \u2013 rejissor F\u0259rid H\u00fcmb\u0259tov (2007), \u201cQala\u201d (\u201cFortress\u201d) \u2013 rejissor \u015eamil N\u0259c\u0259fzad\u0259 (2008), \u201cSah\u0259\u201d (\u201cThePrecinct\u201d) rejissor \u0130lqar Safat (2010), \u201cButa\u201d (\u201cButa\u201d) \u2013 rejissor \u0130qlar N\u0259c\u0259f(2012), \u201c\u00c7\u00f6l\u00e7\u00fc\u201d (\u201cSteppe Man\u201d) \u2013 rejissor \u015eamil \u018fliyev (2013), \u201cNabat\u201d (\u201cNabat\u201d) \u2013 rejissor: El\u00e7in Musao\u011flu (2014), \u201cNar ba\u011f\u0131\u201d (\u201cPomegranate Orchard\u201d)\u2013 rejissor \u0130lqar N\u0259c\u0259f (2017), \u201cDaxild\u0259ki ada\u201d (\u201cThe Island Within\u201d) \u2013 rejissor R\u00fcf\u0259t H\u0259s\u0259nov (2021) filml\u0259ri \u201cOskar\u201da t\u0259qdim olunsa da, namiz\u0259dlikl\u0259ri ir\u0259li s\u00fcr\u00fclm\u0259yib.<\/p>\n","protected":false},"excerpt":{"rendered":"<p>Qalibl\u0259r mart ay\u0131nda m\u0259lum olacaq Bu il 95-ci d\u0259f\u0259 ke\u00e7iril\u0259c\u0259k &#8230; <\/p>\n<p class=\"read-more-container\"><a title=\"\u201cOskar 2023\u201d: namiz\u0259dl\u0259r\" class=\"read-more button\" href=\"https:\/\/www.meydan.tv\/az\/article\/oskar-2023-namizedler\/#more-266659\" aria-label=\"Read more about \u201cOskar 2023\u201d: namiz\u0259dl\u0259r\">Davam\u0131<\/a><\/p>\n","protected":false},"author":8,"featured_media":157781,"comment_status":"closed","ping_status":"closed","sticky":false,"template":"","format":"standard","meta":{"_acf_changed":false,"_sitemap_exclude":false,"_sitemap_priority":"","_sitemap_frequency":"","footnotes":""},"categories":[52,56],"tags":[],"class_list":["post-266659","post","type-post","status-publish","format-standard","has-post-thumbnail","hentry","category-medeniyyet","category-xeberler","infinite-scroll-item","generate-columns","tablet-grid-50","mobile-grid-100","grid-parent","grid-33","no-featured-image-padding"],"acf":[],"yoast_head":"<!-- This site is optimized with the Yoast SEO plugin v27.4 - https:\/\/yoast.com\/product\/yoast-seo-wordpress\/ -->\n<title>\u201cOskar 2023\u201d: namiz\u0259dl\u0259r - MEYDAN.TV<\/title>\n<meta name=\"robots\" content=\"index, follow, max-snippet:-1, max-image-preview:large, max-video-preview:-1\" \/>\n<link rel=\"canonical\" href=\"https:\/\/www.meydan.tv\/az\/article\/oskar-2023-namizedler\/\" \/>\n<meta property=\"og:locale\" content=\"az_AZ\" \/>\n<meta property=\"og:type\" content=\"article\" \/>\n<meta property=\"og:title\" content=\"\u201cOskar 2023\u201d: namiz\u0259dl\u0259r - MEYDAN.TV\" \/>\n<meta property=\"og:description\" content=\"Qalibl\u0259r mart ay\u0131nda m\u0259lum olacaq Bu il 95-ci d\u0259f\u0259 ke\u00e7iril\u0259c\u0259k ... Davam\u0131\" \/>\n<meta property=\"og:url\" content=\"https:\/\/www.meydan.tv\/az\/article\/oskar-2023-namizedler\/\" \/>\n<meta property=\"og:site_name\" content=\"MEYDAN.TV\" \/>\n<meta property=\"article:published_time\" content=\"2023-01-25T12:47:29+00:00\" \/>\n<meta property=\"article:modified_time\" content=\"2023-01-25T12:47:31+00:00\" \/>\n<meta property=\"og:image\" content=\"https:\/\/www.meydan.tv\/wp-content\/uploads\/bffea81f-c4d2-46f5-ba00-8e77a6b84f35.jpeg\" \/>\n\t<meta property=\"og:image:width\" content=\"1920\" \/>\n\t<meta property=\"og:image:height\" content=\"1080\" \/>\n\t<meta property=\"og:image:type\" content=\"image\/jpeg\" \/>\n<meta name=\"author\" content=\"elli\" \/>\n<meta name=\"twitter:card\" content=\"summary_large_image\" \/>\n<meta name=\"twitter:creator\" content=\"@elli\" \/>\n<script type=\"application\/ld+json\" class=\"yoast-schema-graph\">{\"@context\":\"https:\\\/\\\/schema.org\",\"@graph\":[{\"@type\":\"Article\",\"@id\":\"https:\\\/\\\/www.meydan.tv\\\/az\\\/article\\\/oskar-2023-namizedler\\\/#article\",\"isPartOf\":{\"@id\":\"https:\\\/\\\/www.meydan.tv\\\/az\\\/article\\\/oskar-2023-namizedler\\\/\"},\"author\":{\"name\":\"elli\",\"@id\":\"https:\\\/\\\/www.meydan.tv\\\/az\\\/#\\\/schema\\\/person\\\/9cdbecf90d17180ce1dfbd95b08dcf47\"},\"headline\":\"\u201cOskar 2023\u201d: namiz\u0259dl\u0259r\",\"datePublished\":\"2023-01-25T12:47:29+00:00\",\"dateModified\":\"2023-01-25T12:47:31+00:00\",\"mainEntityOfPage\":{\"@id\":\"https:\\\/\\\/www.meydan.tv\\\/az\\\/article\\\/oskar-2023-namizedler\\\/\"},\"wordCount\":702,\"publisher\":{\"@id\":\"https:\\\/\\\/www.meydan.tv\\\/az\\\/#organization\"},\"image\":{\"@id\":\"https:\\\/\\\/www.meydan.tv\\\/az\\\/article\\\/oskar-2023-namizedler\\\/#primaryimage\"},\"thumbnailUrl\":\"https:\\\/\\\/www.meydan.tv\\\/wp-content\\\/uploads\\\/bffea81f-c4d2-46f5-ba00-8e77a6b84f35-e1678703888203.jpeg\",\"articleSection\":[\"M\u0259d\u0259niyy\u0259t\",\"X\u0259b\u0259rl\u0259r\"],\"inLanguage\":\"az\"},{\"@type\":\"WebPage\",\"@id\":\"https:\\\/\\\/www.meydan.tv\\\/az\\\/article\\\/oskar-2023-namizedler\\\/\",\"url\":\"https:\\\/\\\/www.meydan.tv\\\/az\\\/article\\\/oskar-2023-namizedler\\\/\",\"name\":\"\u201cOskar 2023\u201d: namiz\u0259dl\u0259r - MEYDAN.TV\",\"isPartOf\":{\"@id\":\"https:\\\/\\\/www.meydan.tv\\\/az\\\/#website\"},\"primaryImageOfPage\":{\"@id\":\"https:\\\/\\\/www.meydan.tv\\\/az\\\/article\\\/oskar-2023-namizedler\\\/#primaryimage\"},\"image\":{\"@id\":\"https:\\\/\\\/www.meydan.tv\\\/az\\\/article\\\/oskar-2023-namizedler\\\/#primaryimage\"},\"thumbnailUrl\":\"https:\\\/\\\/www.meydan.tv\\\/wp-content\\\/uploads\\\/bffea81f-c4d2-46f5-ba00-8e77a6b84f35-e1678703888203.jpeg\",\"datePublished\":\"2023-01-25T12:47:29+00:00\",\"dateModified\":\"2023-01-25T12:47:31+00:00\",\"breadcrumb\":{\"@id\":\"https:\\\/\\\/www.meydan.tv\\\/az\\\/article\\\/oskar-2023-namizedler\\\/#breadcrumb\"},\"inLanguage\":\"az\",\"potentialAction\":[{\"@type\":\"ReadAction\",\"target\":[\"https:\\\/\\\/www.meydan.tv\\\/az\\\/article\\\/oskar-2023-namizedler\\\/\"]}]},{\"@type\":\"ImageObject\",\"inLanguage\":\"az\",\"@id\":\"https:\\\/\\\/www.meydan.tv\\\/az\\\/article\\\/oskar-2023-namizedler\\\/#primaryimage\",\"url\":\"https:\\\/\\\/www.meydan.tv\\\/wp-content\\\/uploads\\\/bffea81f-c4d2-46f5-ba00-8e77a6b84f35-e1678703888203.jpeg\",\"contentUrl\":\"https:\\\/\\\/www.meydan.tv\\\/wp-content\\\/uploads\\\/bffea81f-c4d2-46f5-ba00-8e77a6b84f35-e1678703888203.jpeg\",\"width\":1920,\"height\":955,\"caption\":\"Foto: Oscar\"},{\"@type\":\"BreadcrumbList\",\"@id\":\"https:\\\/\\\/www.meydan.tv\\\/az\\\/article\\\/oskar-2023-namizedler\\\/#breadcrumb\",\"itemListElement\":[{\"@type\":\"ListItem\",\"position\":1,\"name\":\"Ana s\u0259hif\u0259\",\"item\":\"https:\\\/\\\/www.meydan.tv\\\/az\\\/\"},{\"@type\":\"ListItem\",\"position\":2,\"name\":\"M\u0259d\u0259niyy\u0259t\",\"item\":\"https:\\\/\\\/www.meydan.tv\\\/az\\\/section\\\/medeniyyet\\\/\"},{\"@type\":\"ListItem\",\"position\":3,\"name\":\"\u201cOskar 2023\u201d: namiz\u0259dl\u0259r\"}]},{\"@type\":\"WebSite\",\"@id\":\"https:\\\/\\\/www.meydan.tv\\\/az\\\/#website\",\"url\":\"https:\\\/\\\/www.meydan.tv\\\/az\\\/\",\"name\":\"MEYDAN.TV\",\"description\":\"Meydan TV Az\u0259rbaycan\u0131n media m\u0259kan\u0131ndak\u0131 alternativ s\u0259sidir\",\"publisher\":{\"@id\":\"https:\\\/\\\/www.meydan.tv\\\/az\\\/#organization\"},\"potentialAction\":[{\"@type\":\"SearchAction\",\"target\":{\"@type\":\"EntryPoint\",\"urlTemplate\":\"https:\\\/\\\/www.meydan.tv\\\/az\\\/?s={search_term_string}\"},\"query-input\":{\"@type\":\"PropertyValueSpecification\",\"valueRequired\":true,\"valueName\":\"search_term_string\"}}],\"inLanguage\":\"az\"},{\"@type\":\"Organization\",\"@id\":\"https:\\\/\\\/www.meydan.tv\\\/az\\\/#organization\",\"name\":\"Meydan TV\",\"url\":\"https:\\\/\\\/www.meydan.tv\\\/az\\\/\",\"logo\":{\"@type\":\"ImageObject\",\"inLanguage\":\"az\",\"@id\":\"https:\\\/\\\/www.meydan.tv\\\/az\\\/#\\\/schema\\\/logo\\\/image\\\/\",\"url\":\"https:\\\/\\\/www.meydan.tv\\\/wp-content\\\/uploads\\\/2021\\\/07\\\/meydan-logo.svg\",\"contentUrl\":\"https:\\\/\\\/www.meydan.tv\\\/wp-content\\\/uploads\\\/2021\\\/07\\\/meydan-logo.svg\",\"width\":195,\"height\":46,\"caption\":\"Meydan TV\"},\"image\":{\"@id\":\"https:\\\/\\\/www.meydan.tv\\\/az\\\/#\\\/schema\\\/logo\\\/image\\\/\"}},{\"@type\":\"Person\",\"@id\":\"https:\\\/\\\/www.meydan.tv\\\/az\\\/#\\\/schema\\\/person\\\/9cdbecf90d17180ce1dfbd95b08dcf47\",\"name\":\"elli\",\"sameAs\":[\"https:\\\/\\\/x.com\\\/elli\"]}]}<\/script>\n<!-- \/ Yoast SEO plugin. -->","yoast_head_json":{"title":"\u201cOskar 2023\u201d: namiz\u0259dl\u0259r - MEYDAN.TV","robots":{"index":"index","follow":"follow","max-snippet":"max-snippet:-1","max-image-preview":"max-image-preview:large","max-video-preview":"max-video-preview:-1"},"canonical":"https:\/\/www.meydan.tv\/az\/article\/oskar-2023-namizedler\/","og_locale":"az_AZ","og_type":"article","og_title":"\u201cOskar 2023\u201d: namiz\u0259dl\u0259r - MEYDAN.TV","og_description":"Qalibl\u0259r mart ay\u0131nda m\u0259lum olacaq Bu il 95-ci d\u0259f\u0259 ke\u00e7iril\u0259c\u0259k ... Davam\u0131","og_url":"https:\/\/www.meydan.tv\/az\/article\/oskar-2023-namizedler\/","og_site_name":"MEYDAN.TV","article_published_time":"2023-01-25T12:47:29+00:00","article_modified_time":"2023-01-25T12:47:31+00:00","og_image":[{"width":1920,"height":1080,"url":"https:\/\/www.meydan.tv\/wp-content\/uploads\/bffea81f-c4d2-46f5-ba00-8e77a6b84f35.jpeg","type":"image\/jpeg"}],"author":"elli","twitter_card":"summary_large_image","twitter_creator":"@elli","schema":{"@context":"https:\/\/schema.org","@graph":[{"@type":"Article","@id":"https:\/\/www.meydan.tv\/az\/article\/oskar-2023-namizedler\/#article","isPartOf":{"@id":"https:\/\/www.meydan.tv\/az\/article\/oskar-2023-namizedler\/"},"author":{"name":"elli","@id":"https:\/\/www.meydan.tv\/az\/#\/schema\/person\/9cdbecf90d17180ce1dfbd95b08dcf47"},"headline":"\u201cOskar 2023\u201d: namiz\u0259dl\u0259r","datePublished":"2023-01-25T12:47:29+00:00","dateModified":"2023-01-25T12:47:31+00:00","mainEntityOfPage":{"@id":"https:\/\/www.meydan.tv\/az\/article\/oskar-2023-namizedler\/"},"wordCount":702,"publisher":{"@id":"https:\/\/www.meydan.tv\/az\/#organization"},"image":{"@id":"https:\/\/www.meydan.tv\/az\/article\/oskar-2023-namizedler\/#primaryimage"},"thumbnailUrl":"https:\/\/www.meydan.tv\/wp-content\/uploads\/bffea81f-c4d2-46f5-ba00-8e77a6b84f35-e1678703888203.jpeg","articleSection":["M\u0259d\u0259niyy\u0259t","X\u0259b\u0259rl\u0259r"],"inLanguage":"az"},{"@type":"WebPage","@id":"https:\/\/www.meydan.tv\/az\/article\/oskar-2023-namizedler\/","url":"https:\/\/www.meydan.tv\/az\/article\/oskar-2023-namizedler\/","name":"\u201cOskar 2023\u201d: namiz\u0259dl\u0259r - MEYDAN.TV","isPartOf":{"@id":"https:\/\/www.meydan.tv\/az\/#website"},"primaryImageOfPage":{"@id":"https:\/\/www.meydan.tv\/az\/article\/oskar-2023-namizedler\/#primaryimage"},"image":{"@id":"https:\/\/www.meydan.tv\/az\/article\/oskar-2023-namizedler\/#primaryimage"},"thumbnailUrl":"https:\/\/www.meydan.tv\/wp-content\/uploads\/bffea81f-c4d2-46f5-ba00-8e77a6b84f35-e1678703888203.jpeg","datePublished":"2023-01-25T12:47:29+00:00","dateModified":"2023-01-25T12:47:31+00:00","breadcrumb":{"@id":"https:\/\/www.meydan.tv\/az\/article\/oskar-2023-namizedler\/#breadcrumb"},"inLanguage":"az","potentialAction":[{"@type":"ReadAction","target":["https:\/\/www.meydan.tv\/az\/article\/oskar-2023-namizedler\/"]}]},{"@type":"ImageObject","inLanguage":"az","@id":"https:\/\/www.meydan.tv\/az\/article\/oskar-2023-namizedler\/#primaryimage","url":"https:\/\/www.meydan.tv\/wp-content\/uploads\/bffea81f-c4d2-46f5-ba00-8e77a6b84f35-e1678703888203.jpeg","contentUrl":"https:\/\/www.meydan.tv\/wp-content\/uploads\/bffea81f-c4d2-46f5-ba00-8e77a6b84f35-e1678703888203.jpeg","width":1920,"height":955,"caption":"Foto: Oscar"},{"@type":"BreadcrumbList","@id":"https:\/\/www.meydan.tv\/az\/article\/oskar-2023-namizedler\/#breadcrumb","itemListElement":[{"@type":"ListItem","position":1,"name":"Ana s\u0259hif\u0259","item":"https:\/\/www.meydan.tv\/az\/"},{"@type":"ListItem","position":2,"name":"M\u0259d\u0259niyy\u0259t","item":"https:\/\/www.meydan.tv\/az\/section\/medeniyyet\/"},{"@type":"ListItem","position":3,"name":"\u201cOskar 2023\u201d: namiz\u0259dl\u0259r"}]},{"@type":"WebSite","@id":"https:\/\/www.meydan.tv\/az\/#website","url":"https:\/\/www.meydan.tv\/az\/","name":"MEYDAN.TV","description":"Meydan TV Az\u0259rbaycan\u0131n media m\u0259kan\u0131ndak\u0131 alternativ s\u0259sidir","publisher":{"@id":"https:\/\/www.meydan.tv\/az\/#organization"},"potentialAction":[{"@type":"SearchAction","target":{"@type":"EntryPoint","urlTemplate":"https:\/\/www.meydan.tv\/az\/?s={search_term_string}"},"query-input":{"@type":"PropertyValueSpecification","valueRequired":true,"valueName":"search_term_string"}}],"inLanguage":"az"},{"@type":"Organization","@id":"https:\/\/www.meydan.tv\/az\/#organization","name":"Meydan TV","url":"https:\/\/www.meydan.tv\/az\/","logo":{"@type":"ImageObject","inLanguage":"az","@id":"https:\/\/www.meydan.tv\/az\/#\/schema\/logo\/image\/","url":"https:\/\/www.meydan.tv\/wp-content\/uploads\/2021\/07\/meydan-logo.svg","contentUrl":"https:\/\/www.meydan.tv\/wp-content\/uploads\/2021\/07\/meydan-logo.svg","width":195,"height":46,"caption":"Meydan TV"},"image":{"@id":"https:\/\/www.meydan.tv\/az\/#\/schema\/logo\/image\/"}},{"@type":"Person","@id":"https:\/\/www.meydan.tv\/az\/#\/schema\/person\/9cdbecf90d17180ce1dfbd95b08dcf47","name":"elli","sameAs":["https:\/\/x.com\/elli"]}]}},"_links":{"self":[{"href":"https:\/\/www.meydan.tv\/az\/wp-json\/wp\/v2\/posts\/266659","targetHints":{"allow":["GET"]}}],"collection":[{"href":"https:\/\/www.meydan.tv\/az\/wp-json\/wp\/v2\/posts"}],"about":[{"href":"https:\/\/www.meydan.tv\/az\/wp-json\/wp\/v2\/types\/post"}],"author":[{"embeddable":true,"href":"https:\/\/www.meydan.tv\/az\/wp-json\/wp\/v2\/users\/8"}],"replies":[{"embeddable":true,"href":"https:\/\/www.meydan.tv\/az\/wp-json\/wp\/v2\/comments?post=266659"}],"version-history":[{"count":1,"href":"https:\/\/www.meydan.tv\/az\/wp-json\/wp\/v2\/posts\/266659\/revisions"}],"predecessor-version":[{"id":266660,"href":"https:\/\/www.meydan.tv\/az\/wp-json\/wp\/v2\/posts\/266659\/revisions\/266660"}],"wp:featuredmedia":[{"embeddable":true,"href":"https:\/\/www.meydan.tv\/az\/wp-json\/wp\/v2\/media\/157781"}],"wp:attachment":[{"href":"https:\/\/www.meydan.tv\/az\/wp-json\/wp\/v2\/media?parent=266659"}],"wp:term":[{"taxonomy":"category","embeddable":true,"href":"https:\/\/www.meydan.tv\/az\/wp-json\/wp\/v2\/categories?post=266659"},{"taxonomy":"post_tag","embeddable":true,"href":"https:\/\/www.meydan.tv\/az\/wp-json\/wp\/v2\/tags?post=266659"}],"curies":[{"name":"wp","href":"https:\/\/api.w.org\/{rel}","templated":true}]}}