{"id":266657,"date":"2023-01-25T16:33:27","date_gmt":"2023-01-25T12:33:27","guid":{"rendered":"https:\/\/www.meydan.tv\/?p=266657"},"modified":"2023-01-25T16:33:30","modified_gmt":"2023-01-25T12:33:30","slug":"dyp-aktyor-bloger-ve-mugennilere-muraciet-etdi","status":"publish","type":"post","link":"https:\/\/www.meydan.tv\/az\/article\/dyp-aktyor-bloger-ve-mugennilere-muraciet-etdi\/","title":{"rendered":"<strong>DYP aktyor, bloger v\u0259 m\u00fc\u011f\u0259nnil\u0259r\u0259 m\u00fcraci\u0259t etdi<\/strong>"},"content":{"rendered":"\n<p><\/p>\n\n\n\n<p><em>&#8220;Yol h\u0259r\u0259k\u0259ti t\u0259hl\u00fck\u0259sizliyinin t\u0259bli\u011finin diqq\u0259td\u0259 saxlan\u0131lmas\u0131 t\u0259l\u0259bin\u0259 riay\u0259t olunmur&#8221;<\/em><\/p>\n\n\n\n<p>Ba\u015f D\u00f6vl\u0259t Yol Polisi \u0130dar\u0259si (BDYP\u0130) media subyektl\u0259rin\u0259 m\u00fcraci\u0259t edib.<\/p>\n\n\n\n<p>M\u00fcraci\u0259td\u0259 deyilir ki, yol h\u0259r\u0259k\u0259ti t\u0259hl\u00fck\u0259sizliyinin t\u0259min edilm\u0259si t\u0259dbirl\u0259rini t\u0259nziml\u0259y\u0259n normativ aktlarda, el\u0259c\u0259 d\u0259 haz\u0131rda bu sah\u0259d\u0259 icra olunan D\u00f6vl\u0259t Proqram\u0131nda televiziya v\u0259 radio verili\u015fl\u0259rinin, audiovizual v\u0259 k\u00fctl\u0259vi n\u00fcmayi\u015f etdiril\u0259n v\u0259 ya dig\u0259r \u015f\u0259kild\u0259 a\u00e7\u0131qlanmas\u0131 n\u0259z\u0259rd\u0259 tutulan \u0259s\u0259rl\u0259rin haz\u0131rlanmas\u0131 zaman\u0131 yol h\u0259r\u0259k\u0259ti t\u0259hl\u00fck\u0259sizliyinin t\u0259bli\u011finin diqq\u0259td\u0259 saxlan\u0131lmas\u0131 t\u0259l\u0259bin\u0259 riay\u0259t olunmur.<\/p>\n\n\n\n<p>\u201cT\u0259\u0259ss\u00fcf ki, b\u0259zi televiziya v\u0259 radio verili\u015fl\u0259rind\u0259, klipl\u0259rd\u0259, teleseriallarda, reklam \u00e7arxlar\u0131nda, habel\u0259 blogerl\u0259r v\u0259 inc\u0259s\u0259n\u0259t xadiml\u0259rinin sosial \u015f\u0259b\u0259k\u0259 seqmentl\u0259rind\u0259ki payla\u015f\u0131mlar\u0131nda yol h\u0259r\u0259k\u0259ti t\u0259hl\u00fck\u0259sizliyi v\u0259 yol h\u0259r\u0259k\u0259ti qaydalar\u0131 \u0259leyhin\u0259 olan pozuntular\u0131n geni\u015f auditoriyada he\u00e7 bir \u0259lav\u0259 \u015f\u0259rh verilm\u0259d\u0259n yay\u0131mlanmas\u0131n\u0131n \u015fahidi oluruq\u201d, &#8211; m\u00fcraci\u0259td\u0259 <a href=\"\" target=\"_blank\" rel=\"noreferrer noopener\">bildirilir:<\/a><\/p>\n\n\n\n<p>\u201cAktyorlar\u0131n, c\u0259miyy\u0259td\u0259 tan\u0131nm\u0131\u015f \u015f\u0259xsl\u0259rin i\u015ftirak\u0131 il\u0259 haz\u0131rlanan bel\u0259 audiovizual \u0259s\u0259rl\u0259rin yol h\u0259r\u0259k\u0259ti i\u015ftirak\u00e7\u0131lar\u0131, x\u00fcsusil\u0259 u\u015faq v\u0259 yeniyetm\u0259l\u0259r aras\u0131nda yanl\u0131\u015f anla\u015f\u0131lmas\u0131, onlarda analoji q\u0259bah\u0259tl\u0259r\u0259 yol verm\u0259k h\u0259v\u0259si yaratmas\u0131, el\u0259c\u0259 d\u0259 bu kimi neqativ t\u0259zah\u00fcrl\u0259rin yeti\u015f\u0259n g\u0259nc n\u0259silin yol h\u0259r\u0259k\u0259ti m\u0259d\u0259niyy\u0259tinin formala\u015fmas\u0131na m\u0259nfi t\u0259sir g\u00f6st\u0259rm\u0259si ciddi narahatl\u0131q do\u011furur\u201d.<\/p>\n\n\n\n<p>Bu kimi hallar\u0131n yolverilm\u0259z oldu\u011fu qeyd olunub.<\/p>\n\n\n\n<p>Media subyektl\u0259rind\u0259n, sosial \u015f\u0259b\u0259k\u0259 f\u0259allar\u0131ndan yol h\u0259r\u0259k\u0259tinin t\u0259hl\u00fck\u0259sizliyi sah\u0259sind\u0259 ke\u00e7iril\u0259n maarifl\u0259ndirm\u0259 v\u0259 t\u0259bli\u011fat-t\u0259\u015fviqat xarakterli t\u0259dbirl\u0259rin icras\u0131na d\u0259st\u0259k olma\u011fa \u00e7a\u011f\u0131r\u0131blar.<\/p>\n","protected":false},"excerpt":{"rendered":"<p>&#8220;Yol h\u0259r\u0259k\u0259ti t\u0259hl\u00fck\u0259sizliyinin t\u0259bli\u011finin diqq\u0259td\u0259 saxlan\u0131lmas\u0131 t\u0259l\u0259bin\u0259 riay\u0259t olunmur&#8221; Ba\u015f &#8230; <\/p>\n<p class=\"read-more-container\"><a title=\"DYP aktyor, bloger v\u0259 m\u00fc\u011f\u0259nnil\u0259r\u0259 m\u00fcraci\u0259t etdi\" class=\"read-more button\" href=\"https:\/\/www.meydan.tv\/az\/article\/dyp-aktyor-bloger-ve-mugennilere-muraciet-etdi\/#more-266657\" aria-label=\"Read more about DYP aktyor, bloger v\u0259 m\u00fc\u011f\u0259nnil\u0259r\u0259 m\u00fcraci\u0259t etdi\">Davam\u0131<\/a><\/p>\n","protected":false},"author":8,"featured_media":148193,"comment_status":"closed","ping_status":"closed","sticky":false,"template":"","format":"standard","meta":{"_acf_changed":false,"_sitemap_exclude":false,"_sitemap_priority":"","_sitemap_frequency":"","footnotes":""},"categories":[52,56],"tags":[],"class_list":["post-266657","post","type-post","status-publish","format-standard","has-post-thumbnail","hentry","category-medeniyyet","category-xeberler","infinite-scroll-item","generate-columns","tablet-grid-50","mobile-grid-100","grid-parent","grid-33","no-featured-image-padding"],"acf":[],"yoast_head":"<!-- This site is optimized with the Yoast SEO plugin v27.4 - https:\/\/yoast.com\/product\/yoast-seo-wordpress\/ -->\n<title>DYP aktyor, bloger v\u0259 m\u00fc\u011f\u0259nnil\u0259r\u0259 m\u00fcraci\u0259t etdi - MEYDAN.TV<\/title>\n<meta name=\"robots\" content=\"index, follow, max-snippet:-1, max-image-preview:large, max-video-preview:-1\" \/>\n<link rel=\"canonical\" href=\"https:\/\/www.meydan.tv\/az\/article\/dyp-aktyor-bloger-ve-mugennilere-muraciet-etdi\/\" \/>\n<meta property=\"og:locale\" content=\"az_AZ\" \/>\n<meta property=\"og:type\" content=\"article\" \/>\n<meta property=\"og:title\" content=\"DYP aktyor, bloger v\u0259 m\u00fc\u011f\u0259nnil\u0259r\u0259 m\u00fcraci\u0259t etdi - MEYDAN.TV\" \/>\n<meta property=\"og:description\" content=\"&#8220;Yol h\u0259r\u0259k\u0259ti t\u0259hl\u00fck\u0259sizliyinin t\u0259bli\u011finin diqq\u0259td\u0259 saxlan\u0131lmas\u0131 t\u0259l\u0259bin\u0259 riay\u0259t olunmur&#8221; Ba\u015f ... Davam\u0131\" \/>\n<meta property=\"og:url\" content=\"https:\/\/www.meydan.tv\/az\/article\/dyp-aktyor-bloger-ve-mugennilere-muraciet-etdi\/\" \/>\n<meta property=\"og:site_name\" content=\"MEYDAN.TV\" \/>\n<meta property=\"article:published_time\" content=\"2023-01-25T12:33:27+00:00\" \/>\n<meta property=\"article:modified_time\" content=\"2023-01-25T12:33:30+00:00\" \/>\n<meta property=\"og:image\" content=\"https:\/\/www.meydan.tv\/wp-content\/uploads\/158081422712147911535e394f9354bbb.jpg\" \/>\n\t<meta property=\"og:image:width\" content=\"1126\" \/>\n\t<meta property=\"og:image:height\" content=\"900\" \/>\n\t<meta property=\"og:image:type\" content=\"image\/jpeg\" \/>\n<meta name=\"author\" content=\"elli\" \/>\n<meta name=\"twitter:card\" content=\"summary_large_image\" \/>\n<meta name=\"twitter:creator\" content=\"@elli\" \/>\n<script type=\"application\/ld+json\" class=\"yoast-schema-graph\">{\"@context\":\"https:\\\/\\\/schema.org\",\"@graph\":[{\"@type\":\"Article\",\"@id\":\"https:\\\/\\\/www.meydan.tv\\\/az\\\/article\\\/dyp-aktyor-bloger-ve-mugennilere-muraciet-etdi\\\/#article\",\"isPartOf\":{\"@id\":\"https:\\\/\\\/www.meydan.tv\\\/az\\\/article\\\/dyp-aktyor-bloger-ve-mugennilere-muraciet-etdi\\\/\"},\"author\":{\"name\":\"elli\",\"@id\":\"https:\\\/\\\/www.meydan.tv\\\/az\\\/#\\\/schema\\\/person\\\/9cdbecf90d17180ce1dfbd95b08dcf47\"},\"headline\":\"DYP aktyor, bloger v\u0259 m\u00fc\u011f\u0259nnil\u0259r\u0259 m\u00fcraci\u0259t etdi\",\"datePublished\":\"2023-01-25T12:33:27+00:00\",\"dateModified\":\"2023-01-25T12:33:30+00:00\",\"mainEntityOfPage\":{\"@id\":\"https:\\\/\\\/www.meydan.tv\\\/az\\\/article\\\/dyp-aktyor-bloger-ve-mugennilere-muraciet-etdi\\\/\"},\"wordCount\":371,\"publisher\":{\"@id\":\"https:\\\/\\\/www.meydan.tv\\\/az\\\/#organization\"},\"image\":{\"@id\":\"https:\\\/\\\/www.meydan.tv\\\/az\\\/article\\\/dyp-aktyor-bloger-ve-mugennilere-muraciet-etdi\\\/#primaryimage\"},\"thumbnailUrl\":\"https:\\\/\\\/www.meydan.tv\\\/wp-content\\\/uploads\\\/158081422712147911535e394f9354bbb.jpg\",\"articleSection\":[\"M\u0259d\u0259niyy\u0259t\",\"X\u0259b\u0259rl\u0259r\"],\"inLanguage\":\"az\"},{\"@type\":\"WebPage\",\"@id\":\"https:\\\/\\\/www.meydan.tv\\\/az\\\/article\\\/dyp-aktyor-bloger-ve-mugennilere-muraciet-etdi\\\/\",\"url\":\"https:\\\/\\\/www.meydan.tv\\\/az\\\/article\\\/dyp-aktyor-bloger-ve-mugennilere-muraciet-etdi\\\/\",\"name\":\"DYP aktyor, bloger v\u0259 m\u00fc\u011f\u0259nnil\u0259r\u0259 m\u00fcraci\u0259t etdi - MEYDAN.TV\",\"isPartOf\":{\"@id\":\"https:\\\/\\\/www.meydan.tv\\\/az\\\/#website\"},\"primaryImageOfPage\":{\"@id\":\"https:\\\/\\\/www.meydan.tv\\\/az\\\/article\\\/dyp-aktyor-bloger-ve-mugennilere-muraciet-etdi\\\/#primaryimage\"},\"image\":{\"@id\":\"https:\\\/\\\/www.meydan.tv\\\/az\\\/article\\\/dyp-aktyor-bloger-ve-mugennilere-muraciet-etdi\\\/#primaryimage\"},\"thumbnailUrl\":\"https:\\\/\\\/www.meydan.tv\\\/wp-content\\\/uploads\\\/158081422712147911535e394f9354bbb.jpg\",\"datePublished\":\"2023-01-25T12:33:27+00:00\",\"dateModified\":\"2023-01-25T12:33:30+00:00\",\"breadcrumb\":{\"@id\":\"https:\\\/\\\/www.meydan.tv\\\/az\\\/article\\\/dyp-aktyor-bloger-ve-mugennilere-muraciet-etdi\\\/#breadcrumb\"},\"inLanguage\":\"az\",\"potentialAction\":[{\"@type\":\"ReadAction\",\"target\":[\"https:\\\/\\\/www.meydan.tv\\\/az\\\/article\\\/dyp-aktyor-bloger-ve-mugennilere-muraciet-etdi\\\/\"]}]},{\"@type\":\"ImageObject\",\"inLanguage\":\"az\",\"@id\":\"https:\\\/\\\/www.meydan.tv\\\/az\\\/article\\\/dyp-aktyor-bloger-ve-mugennilere-muraciet-etdi\\\/#primaryimage\",\"url\":\"https:\\\/\\\/www.meydan.tv\\\/wp-content\\\/uploads\\\/158081422712147911535e394f9354bbb.jpg\",\"contentUrl\":\"https:\\\/\\\/www.meydan.tv\\\/wp-content\\\/uploads\\\/158081422712147911535e394f9354bbb.jpg\",\"width\":1126,\"height\":900,\"caption\":\"DYP. Foto: DYP\"},{\"@type\":\"BreadcrumbList\",\"@id\":\"https:\\\/\\\/www.meydan.tv\\\/az\\\/article\\\/dyp-aktyor-bloger-ve-mugennilere-muraciet-etdi\\\/#breadcrumb\",\"itemListElement\":[{\"@type\":\"ListItem\",\"position\":1,\"name\":\"Ana s\u0259hif\u0259\",\"item\":\"https:\\\/\\\/www.meydan.tv\\\/az\\\/\"},{\"@type\":\"ListItem\",\"position\":2,\"name\":\"M\u0259d\u0259niyy\u0259t\",\"item\":\"https:\\\/\\\/www.meydan.tv\\\/az\\\/section\\\/medeniyyet\\\/\"},{\"@type\":\"ListItem\",\"position\":3,\"name\":\"DYP aktyor, bloger v\u0259 m\u00fc\u011f\u0259nnil\u0259r\u0259 m\u00fcraci\u0259t etdi\"}]},{\"@type\":\"WebSite\",\"@id\":\"https:\\\/\\\/www.meydan.tv\\\/az\\\/#website\",\"url\":\"https:\\\/\\\/www.meydan.tv\\\/az\\\/\",\"name\":\"MEYDAN.TV\",\"description\":\"Meydan TV Az\u0259rbaycan\u0131n media m\u0259kan\u0131ndak\u0131 alternativ s\u0259sidir\",\"publisher\":{\"@id\":\"https:\\\/\\\/www.meydan.tv\\\/az\\\/#organization\"},\"potentialAction\":[{\"@type\":\"SearchAction\",\"target\":{\"@type\":\"EntryPoint\",\"urlTemplate\":\"https:\\\/\\\/www.meydan.tv\\\/az\\\/?s={search_term_string}\"},\"query-input\":{\"@type\":\"PropertyValueSpecification\",\"valueRequired\":true,\"valueName\":\"search_term_string\"}}],\"inLanguage\":\"az\"},{\"@type\":\"Organization\",\"@id\":\"https:\\\/\\\/www.meydan.tv\\\/az\\\/#organization\",\"name\":\"Meydan TV\",\"url\":\"https:\\\/\\\/www.meydan.tv\\\/az\\\/\",\"logo\":{\"@type\":\"ImageObject\",\"inLanguage\":\"az\",\"@id\":\"https:\\\/\\\/www.meydan.tv\\\/az\\\/#\\\/schema\\\/logo\\\/image\\\/\",\"url\":\"https:\\\/\\\/www.meydan.tv\\\/wp-content\\\/uploads\\\/2021\\\/07\\\/meydan-logo.svg\",\"contentUrl\":\"https:\\\/\\\/www.meydan.tv\\\/wp-content\\\/uploads\\\/2021\\\/07\\\/meydan-logo.svg\",\"width\":195,\"height\":46,\"caption\":\"Meydan TV\"},\"image\":{\"@id\":\"https:\\\/\\\/www.meydan.tv\\\/az\\\/#\\\/schema\\\/logo\\\/image\\\/\"}},{\"@type\":\"Person\",\"@id\":\"https:\\\/\\\/www.meydan.tv\\\/az\\\/#\\\/schema\\\/person\\\/9cdbecf90d17180ce1dfbd95b08dcf47\",\"name\":\"elli\",\"sameAs\":[\"https:\\\/\\\/x.com\\\/elli\"]}]}<\/script>\n<!-- \/ Yoast SEO plugin. -->","yoast_head_json":{"title":"DYP aktyor, bloger v\u0259 m\u00fc\u011f\u0259nnil\u0259r\u0259 m\u00fcraci\u0259t etdi - MEYDAN.TV","robots":{"index":"index","follow":"follow","max-snippet":"max-snippet:-1","max-image-preview":"max-image-preview:large","max-video-preview":"max-video-preview:-1"},"canonical":"https:\/\/www.meydan.tv\/az\/article\/dyp-aktyor-bloger-ve-mugennilere-muraciet-etdi\/","og_locale":"az_AZ","og_type":"article","og_title":"DYP aktyor, bloger v\u0259 m\u00fc\u011f\u0259nnil\u0259r\u0259 m\u00fcraci\u0259t etdi - MEYDAN.TV","og_description":"&#8220;Yol h\u0259r\u0259k\u0259ti t\u0259hl\u00fck\u0259sizliyinin t\u0259bli\u011finin diqq\u0259td\u0259 saxlan\u0131lmas\u0131 t\u0259l\u0259bin\u0259 riay\u0259t olunmur&#8221; Ba\u015f ... Davam\u0131","og_url":"https:\/\/www.meydan.tv\/az\/article\/dyp-aktyor-bloger-ve-mugennilere-muraciet-etdi\/","og_site_name":"MEYDAN.TV","article_published_time":"2023-01-25T12:33:27+00:00","article_modified_time":"2023-01-25T12:33:30+00:00","og_image":[{"width":1126,"height":900,"url":"https:\/\/www.meydan.tv\/wp-content\/uploads\/158081422712147911535e394f9354bbb.jpg","type":"image\/jpeg"}],"author":"elli","twitter_card":"summary_large_image","twitter_creator":"@elli","schema":{"@context":"https:\/\/schema.org","@graph":[{"@type":"Article","@id":"https:\/\/www.meydan.tv\/az\/article\/dyp-aktyor-bloger-ve-mugennilere-muraciet-etdi\/#article","isPartOf":{"@id":"https:\/\/www.meydan.tv\/az\/article\/dyp-aktyor-bloger-ve-mugennilere-muraciet-etdi\/"},"author":{"name":"elli","@id":"https:\/\/www.meydan.tv\/az\/#\/schema\/person\/9cdbecf90d17180ce1dfbd95b08dcf47"},"headline":"DYP aktyor, bloger v\u0259 m\u00fc\u011f\u0259nnil\u0259r\u0259 m\u00fcraci\u0259t etdi","datePublished":"2023-01-25T12:33:27+00:00","dateModified":"2023-01-25T12:33:30+00:00","mainEntityOfPage":{"@id":"https:\/\/www.meydan.tv\/az\/article\/dyp-aktyor-bloger-ve-mugennilere-muraciet-etdi\/"},"wordCount":371,"publisher":{"@id":"https:\/\/www.meydan.tv\/az\/#organization"},"image":{"@id":"https:\/\/www.meydan.tv\/az\/article\/dyp-aktyor-bloger-ve-mugennilere-muraciet-etdi\/#primaryimage"},"thumbnailUrl":"https:\/\/www.meydan.tv\/wp-content\/uploads\/158081422712147911535e394f9354bbb.jpg","articleSection":["M\u0259d\u0259niyy\u0259t","X\u0259b\u0259rl\u0259r"],"inLanguage":"az"},{"@type":"WebPage","@id":"https:\/\/www.meydan.tv\/az\/article\/dyp-aktyor-bloger-ve-mugennilere-muraciet-etdi\/","url":"https:\/\/www.meydan.tv\/az\/article\/dyp-aktyor-bloger-ve-mugennilere-muraciet-etdi\/","name":"DYP aktyor, bloger v\u0259 m\u00fc\u011f\u0259nnil\u0259r\u0259 m\u00fcraci\u0259t etdi - MEYDAN.TV","isPartOf":{"@id":"https:\/\/www.meydan.tv\/az\/#website"},"primaryImageOfPage":{"@id":"https:\/\/www.meydan.tv\/az\/article\/dyp-aktyor-bloger-ve-mugennilere-muraciet-etdi\/#primaryimage"},"image":{"@id":"https:\/\/www.meydan.tv\/az\/article\/dyp-aktyor-bloger-ve-mugennilere-muraciet-etdi\/#primaryimage"},"thumbnailUrl":"https:\/\/www.meydan.tv\/wp-content\/uploads\/158081422712147911535e394f9354bbb.jpg","datePublished":"2023-01-25T12:33:27+00:00","dateModified":"2023-01-25T12:33:30+00:00","breadcrumb":{"@id":"https:\/\/www.meydan.tv\/az\/article\/dyp-aktyor-bloger-ve-mugennilere-muraciet-etdi\/#breadcrumb"},"inLanguage":"az","potentialAction":[{"@type":"ReadAction","target":["https:\/\/www.meydan.tv\/az\/article\/dyp-aktyor-bloger-ve-mugennilere-muraciet-etdi\/"]}]},{"@type":"ImageObject","inLanguage":"az","@id":"https:\/\/www.meydan.tv\/az\/article\/dyp-aktyor-bloger-ve-mugennilere-muraciet-etdi\/#primaryimage","url":"https:\/\/www.meydan.tv\/wp-content\/uploads\/158081422712147911535e394f9354bbb.jpg","contentUrl":"https:\/\/www.meydan.tv\/wp-content\/uploads\/158081422712147911535e394f9354bbb.jpg","width":1126,"height":900,"caption":"DYP. Foto: DYP"},{"@type":"BreadcrumbList","@id":"https:\/\/www.meydan.tv\/az\/article\/dyp-aktyor-bloger-ve-mugennilere-muraciet-etdi\/#breadcrumb","itemListElement":[{"@type":"ListItem","position":1,"name":"Ana s\u0259hif\u0259","item":"https:\/\/www.meydan.tv\/az\/"},{"@type":"ListItem","position":2,"name":"M\u0259d\u0259niyy\u0259t","item":"https:\/\/www.meydan.tv\/az\/section\/medeniyyet\/"},{"@type":"ListItem","position":3,"name":"DYP aktyor, bloger v\u0259 m\u00fc\u011f\u0259nnil\u0259r\u0259 m\u00fcraci\u0259t etdi"}]},{"@type":"WebSite","@id":"https:\/\/www.meydan.tv\/az\/#website","url":"https:\/\/www.meydan.tv\/az\/","name":"MEYDAN.TV","description":"Meydan TV Az\u0259rbaycan\u0131n media m\u0259kan\u0131ndak\u0131 alternativ s\u0259sidir","publisher":{"@id":"https:\/\/www.meydan.tv\/az\/#organization"},"potentialAction":[{"@type":"SearchAction","target":{"@type":"EntryPoint","urlTemplate":"https:\/\/www.meydan.tv\/az\/?s={search_term_string}"},"query-input":{"@type":"PropertyValueSpecification","valueRequired":true,"valueName":"search_term_string"}}],"inLanguage":"az"},{"@type":"Organization","@id":"https:\/\/www.meydan.tv\/az\/#organization","name":"Meydan TV","url":"https:\/\/www.meydan.tv\/az\/","logo":{"@type":"ImageObject","inLanguage":"az","@id":"https:\/\/www.meydan.tv\/az\/#\/schema\/logo\/image\/","url":"https:\/\/www.meydan.tv\/wp-content\/uploads\/2021\/07\/meydan-logo.svg","contentUrl":"https:\/\/www.meydan.tv\/wp-content\/uploads\/2021\/07\/meydan-logo.svg","width":195,"height":46,"caption":"Meydan TV"},"image":{"@id":"https:\/\/www.meydan.tv\/az\/#\/schema\/logo\/image\/"}},{"@type":"Person","@id":"https:\/\/www.meydan.tv\/az\/#\/schema\/person\/9cdbecf90d17180ce1dfbd95b08dcf47","name":"elli","sameAs":["https:\/\/x.com\/elli"]}]}},"_links":{"self":[{"href":"https:\/\/www.meydan.tv\/az\/wp-json\/wp\/v2\/posts\/266657","targetHints":{"allow":["GET"]}}],"collection":[{"href":"https:\/\/www.meydan.tv\/az\/wp-json\/wp\/v2\/posts"}],"about":[{"href":"https:\/\/www.meydan.tv\/az\/wp-json\/wp\/v2\/types\/post"}],"author":[{"embeddable":true,"href":"https:\/\/www.meydan.tv\/az\/wp-json\/wp\/v2\/users\/8"}],"replies":[{"embeddable":true,"href":"https:\/\/www.meydan.tv\/az\/wp-json\/wp\/v2\/comments?post=266657"}],"version-history":[{"count":1,"href":"https:\/\/www.meydan.tv\/az\/wp-json\/wp\/v2\/posts\/266657\/revisions"}],"predecessor-version":[{"id":266658,"href":"https:\/\/www.meydan.tv\/az\/wp-json\/wp\/v2\/posts\/266657\/revisions\/266658"}],"wp:featuredmedia":[{"embeddable":true,"href":"https:\/\/www.meydan.tv\/az\/wp-json\/wp\/v2\/media\/148193"}],"wp:attachment":[{"href":"https:\/\/www.meydan.tv\/az\/wp-json\/wp\/v2\/media?parent=266657"}],"wp:term":[{"taxonomy":"category","embeddable":true,"href":"https:\/\/www.meydan.tv\/az\/wp-json\/wp\/v2\/categories?post=266657"},{"taxonomy":"post_tag","embeddable":true,"href":"https:\/\/www.meydan.tv\/az\/wp-json\/wp\/v2\/tags?post=266657"}],"curies":[{"name":"wp","href":"https:\/\/api.w.org\/{rel}","templated":true}]}}