{"id":266631,"date":"2023-01-25T14:07:11","date_gmt":"2023-01-25T10:07:11","guid":{"rendered":"https:\/\/www.meydan.tv\/?p=266631"},"modified":"2023-01-25T19:22:20","modified_gmt":"2023-01-25T15:22:20","slug":"beynelxalq-teskilat-jurnalist-qetllerinin-50-faiz-artdigini-deyir","status":"publish","type":"post","link":"https:\/\/www.meydan.tv\/az\/article\/beynelxalq-teskilat-jurnalist-qetllerinin-50-faiz-artdigini-deyir\/","title":{"rendered":"Beyn\u0259lxalq t\u0259\u015fkilat jurnalist q\u0259tll\u0259rinin 50 faiz artd\u0131\u011f\u0131n\u0131 deyir"},"content":{"rendered":"\n<figure class=\"wp-block-embed is-type-video is-provider-youtube wp-block-embed-youtube wp-embed-aspect-16-9 wp-has-aspect-ratio\"><div class=\"wp-block-embed__wrapper\">\n<iframe title=\"\u00d6t\u0259n il jurnalist \u00f6l\u00fcml\u0259ri 50% art\u0131b\" width=\"1200\" height=\"675\" data-src=\"https:\/\/www.youtube.com\/embed\/UdYvm3fxPBQ?feature=oembed\" frameborder=\"0\" allow=\"accelerometer; autoplay; clipboard-write; encrypted-media; gyroscope; picture-in-picture; web-share\" allowfullscreen src=\"data:image\/svg+xml;base64,PHN2ZyB3aWR0aD0iMSIgaGVpZ2h0PSIxIiB4bWxucz0iaHR0cDovL3d3dy53My5vcmcvMjAwMC9zdmciPjwvc3ZnPg==\" class=\"lazyload\" data-load-mode=\"1\"><\/iframe>\n<\/div><\/figure>\n\n\n\n<p><em>CJP: \u201c\u00d6t\u0259n il d\u00fcnyada 67 jurnalist \u00f6ld\u00fcr\u00fcl\u00fcb\u201d<\/em><\/p>\n\n\n\n<p>\u00d6t\u0259n il d\u00fcnyada jurnalist q\u0259tll\u0259ri 2021-ci ill\u0259 m\u00fcqayis\u0259d\u0259 50 faiz art\u0131b.<\/p>\n\n\n\n<p>Buna Rusiya-Ukrayna m\u00fcharib\u0259sinin d\u0259 t\u0259siri olub.<\/p>\n\n\n\n<p>Nyu Yorkda m\u0259nzill\u0259n\u0259n Jurnalistl\u0259ri M\u00fcdafi\u0259 Komit\u0259sinin (CPJ) yanvar\u0131n 24-d\u0259 yayd\u0131\u011f\u0131 <a href=\"https:\/\/cpj.org\/2023\/01\/latin-america-was-the-deadliest-region-for-journalists-in-2022\/#:~:text=In%20Mexico%2C%20CPJ%20documented%20a,to%20insecurity%20for%20local%20communities\" target=\"_blank\" rel=\"noreferrer noopener\">hesabat<\/a>da bel\u0259 deyilir.<\/p>\n\n\n\n<p>Bildirilir ki, 2022-ci ild\u0259 d\u00fcnyada 67 jurnalist \u00f6ld\u00fcr\u00fcl\u00fcb. Bu, 2018-ci ild\u0259n b\u0259ri \u0259n b\u00f6y\u00fck r\u0259q\u0259mdir.<\/p>\n\n\n\n<p>Hesabatda qeyd edilir ki, \u00f6t\u0259n il m\u0259tbuat \u00fc\u00e7\u00fcn \u0259n t\u0259hl\u00fck\u0259li region Lat\u0131n Amerikas\u0131 olub.<br>Burada 30 jurnalist \u00f6ld\u00fcr\u00fcl\u00fcb.<\/p>\n\n\n\n<p>Bu da b\u00fct\u00fcn d\u00fcnyada \u00f6ld\u00fcr\u00fcl\u0259n 67 jurnalist v\u0259 media i\u015f\u00e7isinin t\u0259xmin\u0259n yar\u0131s\u0131n\u0131 t\u0259\u015fkil edib.<\/p>\n\n\n\n<p>2022-ci ild\u0259 d\u00fcnyadak\u0131 jurnalist q\u0259tll\u0259rinin yar\u0131dan \u00e7oxu yaln\u0131z \u00fc\u00e7 \u00f6lk\u0259d\u0259 &#8211; Ukraynada (15), Meksikada (13) v\u0259 Haitid\u0259 (7) ba\u015f verib.<\/p>\n\n\n\n<p>\u201cLat\u0131n Amerikas\u0131 \u00f6lk\u0259l\u0259rinin nominal olaraq s\u00fclh \u015f\u0259raitind\u0259 olmas\u0131na baxmayaraq, region Ukrayna m\u00fcharib\u0259sind\u0259 \u00f6ld\u00fcr\u00fcl\u0259n jurnalistl\u0259rin say\u0131n\u0131n \u00e7oxunu \u00f6t\u00fcb. R\u0259q\u0259ml\u0259r 2018-ci ild\u0259n b\u0259ri \u0259n y\u00fcks\u0259k sayda jurnalist q\u0259tli il\u0259 m\u0259tbuat azadl\u0131\u011f\u0131n\u0131n k\u0259skin azalmas\u0131na i\u015far\u0259 edir\u201d, &#8211; CPJ prezidenti Jodie Ginsberg deyib.<\/p>\n\n\n\n<p>Onun s\u00f6zl\u0259rin\u0259 g\u00f6r\u0259, siyas\u0259ti, cinay\u0259ti v\u0259 korrupsiyan\u0131 i\u015f\u0131qland\u0131rmaq geni\u015fmiqyasl\u0131 m\u00fcharib\u0259ni i\u015f\u0131qland\u0131rmaqdan eyni d\u0259r\u0259c\u0259d\u0259 v\u0259 ya daha \u00f6l\u00fcmc\u00fcl ola bil\u0259r:<\/p>\n\n\n\n<p>\u201cBu arada h\u00f6kum\u0259tl\u0259r rekord sayda jurnalisti h\u0259bs etm\u0259kd\u0259 davam edir. D\u00fcnyada icmalar\u0131 effektiv \u015f\u0259kild\u0259 susduran spiral zorak\u0131l\u0131q v\u0259 c\u0259zas\u0131zl\u0131q siyas\u0259ti var\u201d.<\/p>\n\n\n<div class=\"wp-block-image\">\n<figure class=\"aligncenter size-large\"><img decoding=\"async\" width=\"1200\" height=\"675\" data-src=\"https:\/\/www.meydan.tv\/wp-content\/uploads\/maxresdefault-2-1200x675.jpg\" alt=\"\" class=\"wp-image-234777 lazyload\" src=\"data:image\/svg+xml;base64,PHN2ZyB3aWR0aD0iMSIgaGVpZ2h0PSIxIiB4bWxucz0iaHR0cDovL3d3dy53My5vcmcvMjAwMC9zdmciPjwvc3ZnPg==\" style=\"--smush-placeholder-width: 1200px; --smush-placeholder-aspect-ratio: 1200\/675;\" \/><figcaption class=\"wp-element-caption\">Jurnalistl\u0259ri M\u00fcdafi\u0259 Komit\u0259si, M\u0259nb\u0259: https:\/\/www.humanrightscareers.com\/ s\u0259hif\u0259sind\u0259n screenshot edilib<\/figcaption><\/figure>\n<\/div>\n\n\n<p>\u00d6ld\u00fcr\u00fcl\u0259n 67 jurnalist v\u0259 media i\u015f\u00e7isind\u0259n CPJ \u0259n az\u0131 41-nin bilavasit\u0259 i\u015fi il\u0259 \u0259laq\u0259dar \u00f6ld\u00fcr\u00fcld\u00fcy\u00fcn\u00fc, dig\u0259r 26 \u00f6l\u00fcm\u00fcn motivl\u0259rinin is\u0259 ara\u015fd\u0131r\u0131l\u0131rd\u0131\u011f\u0131n\u0131 bildirir.<\/p>\n\n\n\n<p>\u00d6l\u0259nl\u0259rin b\u00f6y\u00fck \u0259ks\u0259riyy\u0259ti \u00f6z icmalar\u0131n\u0131 i\u015f\u0131qland\u0131ran yerli jurnalistl\u0259rdir.<\/p>\n\n\n\n<p>Lat\u0131n Amerikas\u0131nda cinay\u0259t, korrupsiya, d\u0259st\u0259 zorak\u0131l\u0131\u011f\u0131 v\u0259 \u0259traf m\u00fchiti i\u015f\u0131qland\u0131ran jurnalistl\u0259rin \u0259n \u00e7ox risk alt\u0131nda oldu\u011fu m\u00fc\u0259yy\u0259n edilib.<\/p>\n\n\n\n<p>Meksikada CPJ \u00fcmumilikd\u0259 13 jurnalistin \u00f6ld\u00fcr\u00fcld\u00fcy\u00fcn\u00fc s\u0259n\u0259dl\u0259\u015fdirib ki, bu da bu \u00f6lk\u0259d\u0259 bir il \u0259rzind\u0259 \u0259n y\u00fcks\u0259k r\u0259q\u0259mdir.<\/p>\n\n\n\n<p>Haitid\u0259ki qanunsuzluq v\u0259 humanitar f\u00f6vq\u0259lad\u0259 v\u0259ziyy\u0259tl\u0259 yana\u015f\u0131, region jurnalist q\u0259tll\u0259rinin getdikc\u0259 artmas\u0131 b\u00f6hran\u0131 il\u0259 \u00fczl\u0259\u015fir v\u0259 bu da yerli icmalar \u00fc\u00e7\u00fcn t\u0259hl\u00fck\u0259sizliy\u0259 t\u00f6hf\u0259 verir.<\/p>\n\n\n\n<p>Jurnalistl\u0259rin \u00f6ld\u00fcr\u00fclm\u0259sind\u0259n sonra b\u00fct\u00fcn d\u00fcnyada c\u0259zas\u0131zl\u0131q davam edir.<\/p>\n\n\n\n<p>Yax\u0131n \u015e\u0259rqd\u0259 F\u0259l\u0259stinin \u0130ordan \u00e7ay\u0131n\u0131n q\u0259rb sahilinin Cenin \u015f\u0259h\u0259rind\u0259 \u0130srailin h\u0259rbi basq\u0131n\u0131 bar\u0259d\u0259 reportaj haz\u0131rlayark\u0259n vurularaq \u00f6ld\u00fcr\u00fcl\u0259n \u0259sl\u0259n f\u0259l\u0259stinli amerikal\u0131 jurnalist \u015eirin \u018fbu Aklehin q\u0259tlin\u0259 g\u00f6r\u0259 h\u0259l\u0259 d\u0259 m\u0259suliyy\u0259t\u0259 c\u0259lb edil\u0259n yoxdur.<\/p>\n\n\n\n<p>Bu arada, yeni prezidentin azad m\u0259tbuat\u0131 d\u0259st\u0259kl\u0259diyini ifad\u0259 etdiyi Filippind\u0259 2022-ci ild\u0259 yerli siyas\u0259t v\u0259 korrupsiyan\u0131 i\u015f\u0131qland\u0131ran d\u00f6rd radio jurnalistinin q\u0259tl\u0259 yetirilm\u0259si zorak\u0131l\u0131q m\u0259d\u0259niyy\u0259tinin v\u0259 davaml\u0131 c\u0259zas\u0131zl\u0131\u011f\u0131n davam ed\u0259c\u0259yin\u0259 dair qorxular\u0131 t\u0259z\u0259l\u0259yib.<\/p>\n\n\n\n<p>CPJ m\u00fc\u0259yy\u0259n edib ki, jurnalistl\u0259rin t\u0259hl\u00fck\u0259sizliyini qorumaq \u00fc\u00e7\u00fcn m\u00f6vcud mexanizml\u0259r m\u0259tbuat\u0131 qoruya bilmir.<\/p>\n\n\n\n<p>Jurnalistl\u0259rin m\u00fcdafi\u0259si il\u0259 ba\u011fl\u0131 x\u00fcsusi olaraq d\u00f6vl\u0259t v\u0259 federal m\u00fcdafi\u0259 v\u0259 qanunlar jurnalistl\u0259rin t\u0259hl\u00fck\u0259sizliyini t\u0259min etm\u0259kd\u0259 s\u0259m\u0259r\u0259siz oldu\u011funu s\u00fcbut etm\u0259kd\u0259 davam edir.<\/p>\n\n\n\n<p>\u201cBir ne\u00e7\u0259 h\u00f6kum\u0259tin jurnalistl\u0259ri qorumaq mexanizml\u0259ri var. Lakin onlar v\u0259dl\u0259rini yerin\u0259 yetirmirl\u0259r. H\u00f6kum\u0259tl\u0259r m\u00fcdafi\u0259ni, etibarl\u0131 ara\u015fd\u0131rmalar\u0131 v\u0259 \u0259dal\u0259ti t\u0259min etm\u0259lidir. Bunu etm\u0259m\u0259k informasiyan\u0131n qara d\u0259likl\u0259rin\u0259 v\u0259 ictimai etibars\u0131zl\u0131\u011fa do\u011fru t\u0259hl\u00fck\u0259li yolu g\u00f6st\u0259rir\u201d, &#8211; Ginsberg bildirib.<\/p>\n\n\n\n<p>CPJ-nin t\u0259hlili 2022-ci ild\u0259 \u00f6ld\u00fcr\u00fcl\u0259n jurnalistl\u0259rin say\u0131n\u0131 g\u00f6st\u0259rir.<\/p>\n\n\n\n<p>CPJ-nin 2022-ci ild\u0259 \u00f6ld\u00fcr\u00fcl\u0259n jurnalistl\u0259rin m\u0259lumat bazas\u0131na h\u0259r bir f\u0259rd \u00fczr\u0259 kapsul hesabatlar v\u0259 m\u0259lumatlar\u0131n tendensiyalar\u0131n\u0131 ara\u015fd\u0131rmaq \u00fc\u00e7\u00fcn filtrl\u0259r daxildir.<\/p>\n\n\n\n<p>CPJ b\u00fct\u00fcn d\u00fcnyada m\u0259tbuat azadl\u0131\u011f\u0131n\u0131 qorumaq \u00fc\u00e7\u00fcn i\u015fl\u0259y\u0259n m\u00fcst\u0259qil, qeyri-kommersiya t\u0259\u015fkilat\u0131d\u0131r.<\/p>\n","protected":false},"excerpt":{"rendered":"<p>CJP: \u201c\u00d6t\u0259n il d\u00fcnyada 67 jurnalist \u00f6ld\u00fcr\u00fcl\u00fcb\u201d \u00d6t\u0259n il d\u00fcnyada &#8230; <\/p>\n<p class=\"read-more-container\"><a title=\"Beyn\u0259lxalq t\u0259\u015fkilat jurnalist q\u0259tll\u0259rinin 50 faiz artd\u0131\u011f\u0131n\u0131 deyir\" class=\"read-more button\" href=\"https:\/\/www.meydan.tv\/az\/article\/beynelxalq-teskilat-jurnalist-qetllerinin-50-faiz-artdigini-deyir\/#more-266631\" aria-label=\"Read more about Beyn\u0259lxalq t\u0259\u015fkilat jurnalist q\u0259tll\u0259rinin 50 faiz artd\u0131\u011f\u0131n\u0131 deyir\">Davam\u0131<\/a><\/p>\n","protected":false},"author":8,"featured_media":228850,"comment_status":"closed","ping_status":"closed","sticky":false,"template":"","format":"standard","meta":{"_acf_changed":false,"_sitemap_exclude":false,"_sitemap_priority":"","_sitemap_frequency":"","footnotes":""},"categories":[59,79,63,56],"tags":[],"class_list":["post-266631","post","type-post","status-publish","format-standard","has-post-thumbnail","hentry","category-siyaset","category-featured","category-video-2","category-xeberler","infinite-scroll-item","generate-columns","tablet-grid-50","mobile-grid-100","grid-parent","grid-33","no-featured-image-padding"],"acf":[],"yoast_head":"<!-- This site is optimized with the Yoast SEO plugin v27.5 - https:\/\/yoast.com\/product\/yoast-seo-wordpress\/ -->\n<title>Beyn\u0259lxalq t\u0259\u015fkilat jurnalist q\u0259tll\u0259rinin 50 faiz artd\u0131\u011f\u0131n\u0131 deyir - MEYDAN.TV<\/title>\n<meta name=\"robots\" content=\"index, follow, max-snippet:-1, max-image-preview:large, max-video-preview:-1\" \/>\n<link rel=\"canonical\" href=\"https:\/\/www.meydan.tv\/az\/article\/beynelxalq-teskilat-jurnalist-qetllerinin-50-faiz-artdigini-deyir\/\" \/>\n<meta property=\"og:locale\" content=\"az_AZ\" \/>\n<meta property=\"og:type\" content=\"article\" \/>\n<meta property=\"og:title\" content=\"Beyn\u0259lxalq t\u0259\u015fkilat jurnalist q\u0259tll\u0259rinin 50 faiz artd\u0131\u011f\u0131n\u0131 deyir - MEYDAN.TV\" \/>\n<meta property=\"og:description\" content=\"CJP: \u201c\u00d6t\u0259n il d\u00fcnyada 67 jurnalist \u00f6ld\u00fcr\u00fcl\u00fcb\u201d \u00d6t\u0259n il d\u00fcnyada ... Davam\u0131\" \/>\n<meta property=\"og:url\" content=\"https:\/\/www.meydan.tv\/az\/article\/beynelxalq-teskilat-jurnalist-qetllerinin-50-faiz-artdigini-deyir\/\" \/>\n<meta property=\"og:site_name\" content=\"MEYDAN.TV\" \/>\n<meta property=\"article:published_time\" content=\"2023-01-25T10:07:11+00:00\" \/>\n<meta property=\"article:modified_time\" content=\"2023-01-25T15:22:20+00:00\" \/>\n<meta property=\"og:image\" content=\"https:\/\/www.meydan.tv\/wp-content\/uploads\/shutterstock_1916809865-e1639045110670.jpg\" \/>\n\t<meta property=\"og:image:width\" content=\"1200\" \/>\n\t<meta property=\"og:image:height\" content=\"543\" \/>\n\t<meta property=\"og:image:type\" content=\"image\/jpeg\" \/>\n<meta name=\"author\" content=\"elli\" \/>\n<meta name=\"twitter:card\" content=\"summary_large_image\" \/>\n<meta name=\"twitter:creator\" content=\"@elli\" \/>\n<script type=\"application\/ld+json\" class=\"yoast-schema-graph\">{\"@context\":\"https:\\\/\\\/schema.org\",\"@graph\":[{\"@type\":\"Article\",\"@id\":\"https:\\\/\\\/www.meydan.tv\\\/az\\\/article\\\/beynelxalq-teskilat-jurnalist-qetllerinin-50-faiz-artdigini-deyir\\\/#article\",\"isPartOf\":{\"@id\":\"https:\\\/\\\/www.meydan.tv\\\/az\\\/article\\\/beynelxalq-teskilat-jurnalist-qetllerinin-50-faiz-artdigini-deyir\\\/\"},\"author\":{\"name\":\"elli\",\"@id\":\"https:\\\/\\\/www.meydan.tv\\\/az\\\/#\\\/schema\\\/person\\\/9cdbecf90d17180ce1dfbd95b08dcf47\"},\"headline\":\"Beyn\u0259lxalq t\u0259\u015fkilat jurnalist q\u0259tll\u0259rinin 50 faiz artd\u0131\u011f\u0131n\u0131 deyir\",\"datePublished\":\"2023-01-25T10:07:11+00:00\",\"dateModified\":\"2023-01-25T15:22:20+00:00\",\"mainEntityOfPage\":{\"@id\":\"https:\\\/\\\/www.meydan.tv\\\/az\\\/article\\\/beynelxalq-teskilat-jurnalist-qetllerinin-50-faiz-artdigini-deyir\\\/\"},\"wordCount\":815,\"publisher\":{\"@id\":\"https:\\\/\\\/www.meydan.tv\\\/az\\\/#organization\"},\"image\":{\"@id\":\"https:\\\/\\\/www.meydan.tv\\\/az\\\/article\\\/beynelxalq-teskilat-jurnalist-qetllerinin-50-faiz-artdigini-deyir\\\/#primaryimage\"},\"thumbnailUrl\":\"https:\\\/\\\/www.meydan.tv\\\/wp-content\\\/uploads\\\/shutterstock_1916809865-e1639045110670.jpg\",\"articleSection\":[\"Siyas\u0259t\",\"T\u00f6vsiy\u0259\",\"Video\",\"X\u0259b\u0259rl\u0259r\"],\"inLanguage\":\"az\"},{\"@type\":\"WebPage\",\"@id\":\"https:\\\/\\\/www.meydan.tv\\\/az\\\/article\\\/beynelxalq-teskilat-jurnalist-qetllerinin-50-faiz-artdigini-deyir\\\/\",\"url\":\"https:\\\/\\\/www.meydan.tv\\\/az\\\/article\\\/beynelxalq-teskilat-jurnalist-qetllerinin-50-faiz-artdigini-deyir\\\/\",\"name\":\"Beyn\u0259lxalq t\u0259\u015fkilat jurnalist q\u0259tll\u0259rinin 50 faiz artd\u0131\u011f\u0131n\u0131 deyir - MEYDAN.TV\",\"isPartOf\":{\"@id\":\"https:\\\/\\\/www.meydan.tv\\\/az\\\/#website\"},\"primaryImageOfPage\":{\"@id\":\"https:\\\/\\\/www.meydan.tv\\\/az\\\/article\\\/beynelxalq-teskilat-jurnalist-qetllerinin-50-faiz-artdigini-deyir\\\/#primaryimage\"},\"image\":{\"@id\":\"https:\\\/\\\/www.meydan.tv\\\/az\\\/article\\\/beynelxalq-teskilat-jurnalist-qetllerinin-50-faiz-artdigini-deyir\\\/#primaryimage\"},\"thumbnailUrl\":\"https:\\\/\\\/www.meydan.tv\\\/wp-content\\\/uploads\\\/shutterstock_1916809865-e1639045110670.jpg\",\"datePublished\":\"2023-01-25T10:07:11+00:00\",\"dateModified\":\"2023-01-25T15:22:20+00:00\",\"breadcrumb\":{\"@id\":\"https:\\\/\\\/www.meydan.tv\\\/az\\\/article\\\/beynelxalq-teskilat-jurnalist-qetllerinin-50-faiz-artdigini-deyir\\\/#breadcrumb\"},\"inLanguage\":\"az\",\"potentialAction\":[{\"@type\":\"ReadAction\",\"target\":[\"https:\\\/\\\/www.meydan.tv\\\/az\\\/article\\\/beynelxalq-teskilat-jurnalist-qetllerinin-50-faiz-artdigini-deyir\\\/\"]}]},{\"@type\":\"ImageObject\",\"inLanguage\":\"az\",\"@id\":\"https:\\\/\\\/www.meydan.tv\\\/az\\\/article\\\/beynelxalq-teskilat-jurnalist-qetllerinin-50-faiz-artdigini-deyir\\\/#primaryimage\",\"url\":\"https:\\\/\\\/www.meydan.tv\\\/wp-content\\\/uploads\\\/shutterstock_1916809865-e1639045110670.jpg\",\"contentUrl\":\"https:\\\/\\\/www.meydan.tv\\\/wp-content\\\/uploads\\\/shutterstock_1916809865-e1639045110670.jpg\",\"width\":1200,\"height\":543,\"caption\":\"Media, Foto: By zef art\\\/Shutterstock\"},{\"@type\":\"BreadcrumbList\",\"@id\":\"https:\\\/\\\/www.meydan.tv\\\/az\\\/article\\\/beynelxalq-teskilat-jurnalist-qetllerinin-50-faiz-artdigini-deyir\\\/#breadcrumb\",\"itemListElement\":[{\"@type\":\"ListItem\",\"position\":1,\"name\":\"Ana s\u0259hif\u0259\",\"item\":\"https:\\\/\\\/www.meydan.tv\\\/az\\\/\"},{\"@type\":\"ListItem\",\"position\":2,\"name\":\"Siyas\u0259t\",\"item\":\"https:\\\/\\\/www.meydan.tv\\\/az\\\/section\\\/siyaset\\\/\"},{\"@type\":\"ListItem\",\"position\":3,\"name\":\"Beyn\u0259lxalq t\u0259\u015fkilat jurnalist q\u0259tll\u0259rinin 50 faiz artd\u0131\u011f\u0131n\u0131 deyir\"}]},{\"@type\":\"WebSite\",\"@id\":\"https:\\\/\\\/www.meydan.tv\\\/az\\\/#website\",\"url\":\"https:\\\/\\\/www.meydan.tv\\\/az\\\/\",\"name\":\"MEYDAN.TV\",\"description\":\"Meydan TV Az\u0259rbaycan\u0131n media m\u0259kan\u0131ndak\u0131 alternativ s\u0259sidir\",\"publisher\":{\"@id\":\"https:\\\/\\\/www.meydan.tv\\\/az\\\/#organization\"},\"potentialAction\":[{\"@type\":\"SearchAction\",\"target\":{\"@type\":\"EntryPoint\",\"urlTemplate\":\"https:\\\/\\\/www.meydan.tv\\\/az\\\/?s={search_term_string}\"},\"query-input\":{\"@type\":\"PropertyValueSpecification\",\"valueRequired\":true,\"valueName\":\"search_term_string\"}}],\"inLanguage\":\"az\"},{\"@type\":\"Organization\",\"@id\":\"https:\\\/\\\/www.meydan.tv\\\/az\\\/#organization\",\"name\":\"Meydan TV\",\"url\":\"https:\\\/\\\/www.meydan.tv\\\/az\\\/\",\"logo\":{\"@type\":\"ImageObject\",\"inLanguage\":\"az\",\"@id\":\"https:\\\/\\\/www.meydan.tv\\\/az\\\/#\\\/schema\\\/logo\\\/image\\\/\",\"url\":\"https:\\\/\\\/www.meydan.tv\\\/wp-content\\\/uploads\\\/2021\\\/07\\\/meydan-logo.svg\",\"contentUrl\":\"https:\\\/\\\/www.meydan.tv\\\/wp-content\\\/uploads\\\/2021\\\/07\\\/meydan-logo.svg\",\"width\":195,\"height\":46,\"caption\":\"Meydan TV\"},\"image\":{\"@id\":\"https:\\\/\\\/www.meydan.tv\\\/az\\\/#\\\/schema\\\/logo\\\/image\\\/\"}},{\"@type\":\"Person\",\"@id\":\"https:\\\/\\\/www.meydan.tv\\\/az\\\/#\\\/schema\\\/person\\\/9cdbecf90d17180ce1dfbd95b08dcf47\",\"name\":\"elli\",\"sameAs\":[\"https:\\\/\\\/x.com\\\/elli\"]}]}<\/script>\n<!-- \/ Yoast SEO plugin. -->","yoast_head_json":{"title":"Beyn\u0259lxalq t\u0259\u015fkilat jurnalist q\u0259tll\u0259rinin 50 faiz artd\u0131\u011f\u0131n\u0131 deyir - MEYDAN.TV","robots":{"index":"index","follow":"follow","max-snippet":"max-snippet:-1","max-image-preview":"max-image-preview:large","max-video-preview":"max-video-preview:-1"},"canonical":"https:\/\/www.meydan.tv\/az\/article\/beynelxalq-teskilat-jurnalist-qetllerinin-50-faiz-artdigini-deyir\/","og_locale":"az_AZ","og_type":"article","og_title":"Beyn\u0259lxalq t\u0259\u015fkilat jurnalist q\u0259tll\u0259rinin 50 faiz artd\u0131\u011f\u0131n\u0131 deyir - MEYDAN.TV","og_description":"CJP: \u201c\u00d6t\u0259n il d\u00fcnyada 67 jurnalist \u00f6ld\u00fcr\u00fcl\u00fcb\u201d \u00d6t\u0259n il d\u00fcnyada ... Davam\u0131","og_url":"https:\/\/www.meydan.tv\/az\/article\/beynelxalq-teskilat-jurnalist-qetllerinin-50-faiz-artdigini-deyir\/","og_site_name":"MEYDAN.TV","article_published_time":"2023-01-25T10:07:11+00:00","article_modified_time":"2023-01-25T15:22:20+00:00","og_image":[{"width":1200,"height":543,"url":"https:\/\/www.meydan.tv\/wp-content\/uploads\/shutterstock_1916809865-e1639045110670.jpg","type":"image\/jpeg"}],"author":"elli","twitter_card":"summary_large_image","twitter_creator":"@elli","schema":{"@context":"https:\/\/schema.org","@graph":[{"@type":"Article","@id":"https:\/\/www.meydan.tv\/az\/article\/beynelxalq-teskilat-jurnalist-qetllerinin-50-faiz-artdigini-deyir\/#article","isPartOf":{"@id":"https:\/\/www.meydan.tv\/az\/article\/beynelxalq-teskilat-jurnalist-qetllerinin-50-faiz-artdigini-deyir\/"},"author":{"name":"elli","@id":"https:\/\/www.meydan.tv\/az\/#\/schema\/person\/9cdbecf90d17180ce1dfbd95b08dcf47"},"headline":"Beyn\u0259lxalq t\u0259\u015fkilat jurnalist q\u0259tll\u0259rinin 50 faiz artd\u0131\u011f\u0131n\u0131 deyir","datePublished":"2023-01-25T10:07:11+00:00","dateModified":"2023-01-25T15:22:20+00:00","mainEntityOfPage":{"@id":"https:\/\/www.meydan.tv\/az\/article\/beynelxalq-teskilat-jurnalist-qetllerinin-50-faiz-artdigini-deyir\/"},"wordCount":815,"publisher":{"@id":"https:\/\/www.meydan.tv\/az\/#organization"},"image":{"@id":"https:\/\/www.meydan.tv\/az\/article\/beynelxalq-teskilat-jurnalist-qetllerinin-50-faiz-artdigini-deyir\/#primaryimage"},"thumbnailUrl":"https:\/\/www.meydan.tv\/wp-content\/uploads\/shutterstock_1916809865-e1639045110670.jpg","articleSection":["Siyas\u0259t","T\u00f6vsiy\u0259","Video","X\u0259b\u0259rl\u0259r"],"inLanguage":"az"},{"@type":"WebPage","@id":"https:\/\/www.meydan.tv\/az\/article\/beynelxalq-teskilat-jurnalist-qetllerinin-50-faiz-artdigini-deyir\/","url":"https:\/\/www.meydan.tv\/az\/article\/beynelxalq-teskilat-jurnalist-qetllerinin-50-faiz-artdigini-deyir\/","name":"Beyn\u0259lxalq t\u0259\u015fkilat jurnalist q\u0259tll\u0259rinin 50 faiz artd\u0131\u011f\u0131n\u0131 deyir - MEYDAN.TV","isPartOf":{"@id":"https:\/\/www.meydan.tv\/az\/#website"},"primaryImageOfPage":{"@id":"https:\/\/www.meydan.tv\/az\/article\/beynelxalq-teskilat-jurnalist-qetllerinin-50-faiz-artdigini-deyir\/#primaryimage"},"image":{"@id":"https:\/\/www.meydan.tv\/az\/article\/beynelxalq-teskilat-jurnalist-qetllerinin-50-faiz-artdigini-deyir\/#primaryimage"},"thumbnailUrl":"https:\/\/www.meydan.tv\/wp-content\/uploads\/shutterstock_1916809865-e1639045110670.jpg","datePublished":"2023-01-25T10:07:11+00:00","dateModified":"2023-01-25T15:22:20+00:00","breadcrumb":{"@id":"https:\/\/www.meydan.tv\/az\/article\/beynelxalq-teskilat-jurnalist-qetllerinin-50-faiz-artdigini-deyir\/#breadcrumb"},"inLanguage":"az","potentialAction":[{"@type":"ReadAction","target":["https:\/\/www.meydan.tv\/az\/article\/beynelxalq-teskilat-jurnalist-qetllerinin-50-faiz-artdigini-deyir\/"]}]},{"@type":"ImageObject","inLanguage":"az","@id":"https:\/\/www.meydan.tv\/az\/article\/beynelxalq-teskilat-jurnalist-qetllerinin-50-faiz-artdigini-deyir\/#primaryimage","url":"https:\/\/www.meydan.tv\/wp-content\/uploads\/shutterstock_1916809865-e1639045110670.jpg","contentUrl":"https:\/\/www.meydan.tv\/wp-content\/uploads\/shutterstock_1916809865-e1639045110670.jpg","width":1200,"height":543,"caption":"Media, Foto: By zef art\/Shutterstock"},{"@type":"BreadcrumbList","@id":"https:\/\/www.meydan.tv\/az\/article\/beynelxalq-teskilat-jurnalist-qetllerinin-50-faiz-artdigini-deyir\/#breadcrumb","itemListElement":[{"@type":"ListItem","position":1,"name":"Ana s\u0259hif\u0259","item":"https:\/\/www.meydan.tv\/az\/"},{"@type":"ListItem","position":2,"name":"Siyas\u0259t","item":"https:\/\/www.meydan.tv\/az\/section\/siyaset\/"},{"@type":"ListItem","position":3,"name":"Beyn\u0259lxalq t\u0259\u015fkilat jurnalist q\u0259tll\u0259rinin 50 faiz artd\u0131\u011f\u0131n\u0131 deyir"}]},{"@type":"WebSite","@id":"https:\/\/www.meydan.tv\/az\/#website","url":"https:\/\/www.meydan.tv\/az\/","name":"MEYDAN.TV","description":"Meydan TV Az\u0259rbaycan\u0131n media m\u0259kan\u0131ndak\u0131 alternativ s\u0259sidir","publisher":{"@id":"https:\/\/www.meydan.tv\/az\/#organization"},"potentialAction":[{"@type":"SearchAction","target":{"@type":"EntryPoint","urlTemplate":"https:\/\/www.meydan.tv\/az\/?s={search_term_string}"},"query-input":{"@type":"PropertyValueSpecification","valueRequired":true,"valueName":"search_term_string"}}],"inLanguage":"az"},{"@type":"Organization","@id":"https:\/\/www.meydan.tv\/az\/#organization","name":"Meydan TV","url":"https:\/\/www.meydan.tv\/az\/","logo":{"@type":"ImageObject","inLanguage":"az","@id":"https:\/\/www.meydan.tv\/az\/#\/schema\/logo\/image\/","url":"https:\/\/www.meydan.tv\/wp-content\/uploads\/2021\/07\/meydan-logo.svg","contentUrl":"https:\/\/www.meydan.tv\/wp-content\/uploads\/2021\/07\/meydan-logo.svg","width":195,"height":46,"caption":"Meydan TV"},"image":{"@id":"https:\/\/www.meydan.tv\/az\/#\/schema\/logo\/image\/"}},{"@type":"Person","@id":"https:\/\/www.meydan.tv\/az\/#\/schema\/person\/9cdbecf90d17180ce1dfbd95b08dcf47","name":"elli","sameAs":["https:\/\/x.com\/elli"]}]}},"_links":{"self":[{"href":"https:\/\/www.meydan.tv\/az\/wp-json\/wp\/v2\/posts\/266631","targetHints":{"allow":["GET"]}}],"collection":[{"href":"https:\/\/www.meydan.tv\/az\/wp-json\/wp\/v2\/posts"}],"about":[{"href":"https:\/\/www.meydan.tv\/az\/wp-json\/wp\/v2\/types\/post"}],"author":[{"embeddable":true,"href":"https:\/\/www.meydan.tv\/az\/wp-json\/wp\/v2\/users\/8"}],"replies":[{"embeddable":true,"href":"https:\/\/www.meydan.tv\/az\/wp-json\/wp\/v2\/comments?post=266631"}],"version-history":[{"count":2,"href":"https:\/\/www.meydan.tv\/az\/wp-json\/wp\/v2\/posts\/266631\/revisions"}],"predecessor-version":[{"id":266675,"href":"https:\/\/www.meydan.tv\/az\/wp-json\/wp\/v2\/posts\/266631\/revisions\/266675"}],"wp:featuredmedia":[{"embeddable":true,"href":"https:\/\/www.meydan.tv\/az\/wp-json\/wp\/v2\/media\/228850"}],"wp:attachment":[{"href":"https:\/\/www.meydan.tv\/az\/wp-json\/wp\/v2\/media?parent=266631"}],"wp:term":[{"taxonomy":"category","embeddable":true,"href":"https:\/\/www.meydan.tv\/az\/wp-json\/wp\/v2\/categories?post=266631"},{"taxonomy":"post_tag","embeddable":true,"href":"https:\/\/www.meydan.tv\/az\/wp-json\/wp\/v2\/tags?post=266631"}],"curies":[{"name":"wp","href":"https:\/\/api.w.org\/{rel}","templated":true}]}}