{"id":266623,"date":"2023-01-25T11:57:27","date_gmt":"2023-01-25T07:57:27","guid":{"rendered":"https:\/\/www.meydan.tv\/?p=266623"},"modified":"2023-01-25T11:58:53","modified_gmt":"2023-01-25T07:58:53","slug":"azerbaycanda-daha-bir-esgerin-intihar-etdiyi-bildirilir","status":"publish","type":"post","link":"https:\/\/www.meydan.tv\/az\/article\/azerbaycanda-daha-bir-esgerin-intihar-etdiyi-bildirilir\/","title":{"rendered":"<strong>Az\u0259rbaycanda daha bir \u0259sg\u0259rin intihar etdiyi bildirilir<\/strong>"},"content":{"rendered":"\n<p><\/p>\n\n\n\n<p><em>Prokurorluq h\u0259rb\u00e7inin \u00f6z\u00fcn\u00fc odlu silahla \u00f6ld\u00fcrd\u00fcy\u00fcn\u00fc deyir<\/em><\/p>\n\n\n\n<p>Az\u0259rbaycanda daha bir \u0259sg\u0259rin intihar etdiyi bildirilir.<\/p>\n\n\n\n<p>M\u0259lumat\u0131 H\u0259rbi Prokurorlu\u011fun M\u0259tbuat Xidm\u0259ti yay\u0131b.<\/p>\n\n\n\n<p>Bildirilir ki, M\u00fcdafi\u0259 Nazirliyinin N sayl\u0131 h\u0259rbi hiss\u0259sinin h\u0259rbi qulluq\u00e7usu, \u0259sg\u0259r \u018fkram Asim o\u011flu Salahov yanvar\u0131n 24-d\u0259 odlu silahdan at\u0259\u015f a\u00e7araq \u00f6z\u00fcn\u00fc \u00f6ld\u00fcr\u00fcb.<\/p>\n\n\n\n<p>\u201cM\u0259lumat Qubadl\u0131 H\u0259rbi Prokurorlu\u011funa g\u0259lib. Prokurorluq \u0259m\u0259kda\u015flar\u0131 hadis\u0259 yerin\u0259 v\u0259 meyit\u0259 bax\u0131\u015f ke\u00e7irib, i\u015f \u00fc\u00e7\u00fcn \u0259h\u0259miyy\u0259t k\u0259sb ed\u0259n predmetl\u0259r maddi s\u00fcbut kimi g\u00f6t\u00fcr\u00fcl\u00fcb. H\u0259m\u00e7inin izahatlar al\u0131n\u0131b v\u0259 dig\u0259r h\u0259r\u0259k\u0259tl\u0259r icra edilib\u201d, &#8211; dey\u0259 a\u00e7\u0131qlamada vur\u011fulan\u0131r.<\/p>\n\n\n\n<p>M\u0259lumatda qeyd edilir ki, fakt \u00fczr\u0259 Qubadl\u0131 H\u0259rbi Prokurorlu\u011funda\u00a0 Cinay\u0259t M\u0259c\u0259ll\u0259sinin 125-ci (\u00f6z\u00fcn\u00fc \u00f6ld\u00fcrm\u0259 h\u0259ddin\u0259 \u00e7atd\u0131rma) madd\u0259si il\u0259 cinay\u0259t i\u015fi ba\u015flan\u0131l\u0131b: <\/p>\n\n\n\n<p>&#8220;Bunun \u0259sas\u0131nda \u015fahidl\u0259r dindirilib, m\u00fcvafiq ekspertizalar t\u0259yin edilib v\u0259 t\u0259xir\u0259sal\u0131nmaz z\u0259ruri istintaq h\u0259r\u0259k\u0259tl\u0259ri h\u0259yata ke\u00e7irilib&#8221;.<\/p>\n\n\n\n<p>&#8220;Haz\u0131rda istintaq davam etdirilir v\u0259 qanunvericiliyin t\u0259l\u0259bl\u0259rin\u0259 uy\u011fun olaraq b\u00fct\u00fcn t\u0259dbirl\u0259rin g\u00f6r\u00fclm\u0259si t\u0259min olunacaq&#8221;, &#8211; dey\u0259 nazirlik qeyd edir.<\/p>\n\n\n\n<p>Meydan TV-y\u0259 daxil olan m\u0259lumata g\u00f6r\u0259, \u0259sg\u0259r \u018fkram Salahov S\u0259f\u0259rb\u0259rlik v\u0259 H\u0259rbi Xidm\u0259t\u0259 \u00c7a\u011f\u0131r\u0131\u015f \u00fczr\u0259 D\u00f6vl\u0259t Xidm\u0259tini&nbsp; A\u011fstafa \u015f\u00f6b\u0259sind\u0259n xidm\u0259t\u0259 \u00e7a\u011f\u0131r\u0131l\u0131b.<\/p>\n\n\n\n<p>\u018fsg\u0259rin yax\u0131nlar\u0131 il\u0259 \u0259laq\u0259 saxlamaq m\u00fcmk\u00fcn olmay\u0131b.<\/p>\n","protected":false},"excerpt":{"rendered":"<p>Prokurorluq h\u0259rb\u00e7inin \u00f6z\u00fcn\u00fc odlu silahla \u00f6ld\u00fcrd\u00fcy\u00fcn\u00fc deyir Az\u0259rbaycanda daha bir &#8230; <\/p>\n<p class=\"read-more-container\"><a title=\"Az\u0259rbaycanda daha bir \u0259sg\u0259rin intihar etdiyi bildirilir\" class=\"read-more button\" href=\"https:\/\/www.meydan.tv\/az\/article\/azerbaycanda-daha-bir-esgerin-intihar-etdiyi-bildirilir\/#more-266623\" aria-label=\"Read more about Az\u0259rbaycanda daha bir \u0259sg\u0259rin intihar etdiyi bildirilir\">Davam\u0131<\/a><\/p>\n","protected":false},"author":8,"featured_media":129215,"comment_status":"closed","ping_status":"closed","sticky":false,"template":"","format":"standard","meta":{"_acf_changed":false,"_sitemap_exclude":false,"_sitemap_priority":"","_sitemap_frequency":"","footnotes":""},"categories":[60,79,56],"tags":[],"class_list":["post-266623","post","type-post","status-publish","format-standard","has-post-thumbnail","hentry","category-bolge","category-featured","category-xeberler","infinite-scroll-item","generate-columns","tablet-grid-50","mobile-grid-100","grid-parent","grid-33","no-featured-image-padding"],"acf":[],"yoast_head":"<!-- This site is optimized with the Yoast SEO plugin v27.5 - https:\/\/yoast.com\/product\/yoast-seo-wordpress\/ -->\n<title>Az\u0259rbaycanda daha bir \u0259sg\u0259rin intihar etdiyi bildirilir - MEYDAN.TV<\/title>\n<meta name=\"robots\" content=\"index, follow, max-snippet:-1, max-image-preview:large, max-video-preview:-1\" \/>\n<link rel=\"canonical\" href=\"https:\/\/www.meydan.tv\/az\/article\/azerbaycanda-daha-bir-esgerin-intihar-etdiyi-bildirilir\/\" \/>\n<meta property=\"og:locale\" content=\"az_AZ\" \/>\n<meta property=\"og:type\" content=\"article\" \/>\n<meta property=\"og:title\" content=\"Az\u0259rbaycanda daha bir \u0259sg\u0259rin intihar etdiyi bildirilir - MEYDAN.TV\" \/>\n<meta property=\"og:description\" content=\"Prokurorluq h\u0259rb\u00e7inin \u00f6z\u00fcn\u00fc odlu silahla \u00f6ld\u00fcrd\u00fcy\u00fcn\u00fc deyir Az\u0259rbaycanda daha bir ... Davam\u0131\" \/>\n<meta property=\"og:url\" content=\"https:\/\/www.meydan.tv\/az\/article\/azerbaycanda-daha-bir-esgerin-intihar-etdiyi-bildirilir\/\" \/>\n<meta property=\"og:site_name\" content=\"MEYDAN.TV\" \/>\n<meta property=\"article:published_time\" content=\"2023-01-25T07:57:27+00:00\" \/>\n<meta property=\"article:modified_time\" content=\"2023-01-25T07:58:53+00:00\" \/>\n<meta property=\"og:image\" content=\"https:\/\/www.meydan.tv\/wp-content\/uploads\/untitled_design_3_l6acfvz-e1674633518523.png\" \/>\n\t<meta property=\"og:image:width\" content=\"1500\" \/>\n\t<meta property=\"og:image:height\" content=\"723\" \/>\n\t<meta property=\"og:image:type\" content=\"image\/png\" \/>\n<meta name=\"author\" content=\"elli\" \/>\n<meta name=\"twitter:card\" content=\"summary_large_image\" \/>\n<meta name=\"twitter:creator\" content=\"@elli\" \/>\n<script type=\"application\/ld+json\" class=\"yoast-schema-graph\">{\"@context\":\"https:\\\/\\\/schema.org\",\"@graph\":[{\"@type\":\"Article\",\"@id\":\"https:\\\/\\\/www.meydan.tv\\\/az\\\/article\\\/azerbaycanda-daha-bir-esgerin-intihar-etdiyi-bildirilir\\\/#article\",\"isPartOf\":{\"@id\":\"https:\\\/\\\/www.meydan.tv\\\/az\\\/article\\\/azerbaycanda-daha-bir-esgerin-intihar-etdiyi-bildirilir\\\/\"},\"author\":{\"name\":\"elli\",\"@id\":\"https:\\\/\\\/www.meydan.tv\\\/az\\\/#\\\/schema\\\/person\\\/9cdbecf90d17180ce1dfbd95b08dcf47\"},\"headline\":\"Az\u0259rbaycanda daha bir \u0259sg\u0259rin intihar etdiyi bildirilir\",\"datePublished\":\"2023-01-25T07:57:27+00:00\",\"dateModified\":\"2023-01-25T07:58:53+00:00\",\"mainEntityOfPage\":{\"@id\":\"https:\\\/\\\/www.meydan.tv\\\/az\\\/article\\\/azerbaycanda-daha-bir-esgerin-intihar-etdiyi-bildirilir\\\/\"},\"wordCount\":294,\"publisher\":{\"@id\":\"https:\\\/\\\/www.meydan.tv\\\/az\\\/#organization\"},\"image\":{\"@id\":\"https:\\\/\\\/www.meydan.tv\\\/az\\\/article\\\/azerbaycanda-daha-bir-esgerin-intihar-etdiyi-bildirilir\\\/#primaryimage\"},\"thumbnailUrl\":\"https:\\\/\\\/www.meydan.tv\\\/wp-content\\\/uploads\\\/untitled_design_3_l6acfvz-e1674633518523.png\",\"articleSection\":[\"B\u00f6lg\u0259\",\"T\u00f6vsiy\u0259\",\"X\u0259b\u0259rl\u0259r\"],\"inLanguage\":\"az\"},{\"@type\":\"WebPage\",\"@id\":\"https:\\\/\\\/www.meydan.tv\\\/az\\\/article\\\/azerbaycanda-daha-bir-esgerin-intihar-etdiyi-bildirilir\\\/\",\"url\":\"https:\\\/\\\/www.meydan.tv\\\/az\\\/article\\\/azerbaycanda-daha-bir-esgerin-intihar-etdiyi-bildirilir\\\/\",\"name\":\"Az\u0259rbaycanda daha bir \u0259sg\u0259rin intihar etdiyi bildirilir - MEYDAN.TV\",\"isPartOf\":{\"@id\":\"https:\\\/\\\/www.meydan.tv\\\/az\\\/#website\"},\"primaryImageOfPage\":{\"@id\":\"https:\\\/\\\/www.meydan.tv\\\/az\\\/article\\\/azerbaycanda-daha-bir-esgerin-intihar-etdiyi-bildirilir\\\/#primaryimage\"},\"image\":{\"@id\":\"https:\\\/\\\/www.meydan.tv\\\/az\\\/article\\\/azerbaycanda-daha-bir-esgerin-intihar-etdiyi-bildirilir\\\/#primaryimage\"},\"thumbnailUrl\":\"https:\\\/\\\/www.meydan.tv\\\/wp-content\\\/uploads\\\/untitled_design_3_l6acfvz-e1674633518523.png\",\"datePublished\":\"2023-01-25T07:57:27+00:00\",\"dateModified\":\"2023-01-25T07:58:53+00:00\",\"breadcrumb\":{\"@id\":\"https:\\\/\\\/www.meydan.tv\\\/az\\\/article\\\/azerbaycanda-daha-bir-esgerin-intihar-etdiyi-bildirilir\\\/#breadcrumb\"},\"inLanguage\":\"az\",\"potentialAction\":[{\"@type\":\"ReadAction\",\"target\":[\"https:\\\/\\\/www.meydan.tv\\\/az\\\/article\\\/azerbaycanda-daha-bir-esgerin-intihar-etdiyi-bildirilir\\\/\"]}]},{\"@type\":\"ImageObject\",\"inLanguage\":\"az\",\"@id\":\"https:\\\/\\\/www.meydan.tv\\\/az\\\/article\\\/azerbaycanda-daha-bir-esgerin-intihar-etdiyi-bildirilir\\\/#primaryimage\",\"url\":\"https:\\\/\\\/www.meydan.tv\\\/wp-content\\\/uploads\\\/untitled_design_3_l6acfvz-e1674633518523.png\",\"contentUrl\":\"https:\\\/\\\/www.meydan.tv\\\/wp-content\\\/uploads\\\/untitled_design_3_l6acfvz-e1674633518523.png\",\"width\":1500,\"height\":723,\"caption\":\"Foto: Meydan TV\"},{\"@type\":\"BreadcrumbList\",\"@id\":\"https:\\\/\\\/www.meydan.tv\\\/az\\\/article\\\/azerbaycanda-daha-bir-esgerin-intihar-etdiyi-bildirilir\\\/#breadcrumb\",\"itemListElement\":[{\"@type\":\"ListItem\",\"position\":1,\"name\":\"Ana s\u0259hif\u0259\",\"item\":\"https:\\\/\\\/www.meydan.tv\\\/az\\\/\"},{\"@type\":\"ListItem\",\"position\":2,\"name\":\"B\u00f6lg\u0259\",\"item\":\"https:\\\/\\\/www.meydan.tv\\\/az\\\/section\\\/bolge\\\/\"},{\"@type\":\"ListItem\",\"position\":3,\"name\":\"Az\u0259rbaycanda daha bir \u0259sg\u0259rin intihar etdiyi bildirilir\"}]},{\"@type\":\"WebSite\",\"@id\":\"https:\\\/\\\/www.meydan.tv\\\/az\\\/#website\",\"url\":\"https:\\\/\\\/www.meydan.tv\\\/az\\\/\",\"name\":\"MEYDAN.TV\",\"description\":\"Meydan TV Az\u0259rbaycan\u0131n media m\u0259kan\u0131ndak\u0131 alternativ s\u0259sidir\",\"publisher\":{\"@id\":\"https:\\\/\\\/www.meydan.tv\\\/az\\\/#organization\"},\"potentialAction\":[{\"@type\":\"SearchAction\",\"target\":{\"@type\":\"EntryPoint\",\"urlTemplate\":\"https:\\\/\\\/www.meydan.tv\\\/az\\\/?s={search_term_string}\"},\"query-input\":{\"@type\":\"PropertyValueSpecification\",\"valueRequired\":true,\"valueName\":\"search_term_string\"}}],\"inLanguage\":\"az\"},{\"@type\":\"Organization\",\"@id\":\"https:\\\/\\\/www.meydan.tv\\\/az\\\/#organization\",\"name\":\"Meydan TV\",\"url\":\"https:\\\/\\\/www.meydan.tv\\\/az\\\/\",\"logo\":{\"@type\":\"ImageObject\",\"inLanguage\":\"az\",\"@id\":\"https:\\\/\\\/www.meydan.tv\\\/az\\\/#\\\/schema\\\/logo\\\/image\\\/\",\"url\":\"https:\\\/\\\/www.meydan.tv\\\/wp-content\\\/uploads\\\/2021\\\/07\\\/meydan-logo.svg\",\"contentUrl\":\"https:\\\/\\\/www.meydan.tv\\\/wp-content\\\/uploads\\\/2021\\\/07\\\/meydan-logo.svg\",\"width\":195,\"height\":46,\"caption\":\"Meydan TV\"},\"image\":{\"@id\":\"https:\\\/\\\/www.meydan.tv\\\/az\\\/#\\\/schema\\\/logo\\\/image\\\/\"}},{\"@type\":\"Person\",\"@id\":\"https:\\\/\\\/www.meydan.tv\\\/az\\\/#\\\/schema\\\/person\\\/9cdbecf90d17180ce1dfbd95b08dcf47\",\"name\":\"elli\",\"sameAs\":[\"https:\\\/\\\/x.com\\\/elli\"]}]}<\/script>\n<!-- \/ Yoast SEO plugin. -->","yoast_head_json":{"title":"Az\u0259rbaycanda daha bir \u0259sg\u0259rin intihar etdiyi bildirilir - MEYDAN.TV","robots":{"index":"index","follow":"follow","max-snippet":"max-snippet:-1","max-image-preview":"max-image-preview:large","max-video-preview":"max-video-preview:-1"},"canonical":"https:\/\/www.meydan.tv\/az\/article\/azerbaycanda-daha-bir-esgerin-intihar-etdiyi-bildirilir\/","og_locale":"az_AZ","og_type":"article","og_title":"Az\u0259rbaycanda daha bir \u0259sg\u0259rin intihar etdiyi bildirilir - MEYDAN.TV","og_description":"Prokurorluq h\u0259rb\u00e7inin \u00f6z\u00fcn\u00fc odlu silahla \u00f6ld\u00fcrd\u00fcy\u00fcn\u00fc deyir Az\u0259rbaycanda daha bir ... Davam\u0131","og_url":"https:\/\/www.meydan.tv\/az\/article\/azerbaycanda-daha-bir-esgerin-intihar-etdiyi-bildirilir\/","og_site_name":"MEYDAN.TV","article_published_time":"2023-01-25T07:57:27+00:00","article_modified_time":"2023-01-25T07:58:53+00:00","og_image":[{"width":1500,"height":723,"url":"https:\/\/www.meydan.tv\/wp-content\/uploads\/untitled_design_3_l6acfvz-e1674633518523.png","type":"image\/png"}],"author":"elli","twitter_card":"summary_large_image","twitter_creator":"@elli","schema":{"@context":"https:\/\/schema.org","@graph":[{"@type":"Article","@id":"https:\/\/www.meydan.tv\/az\/article\/azerbaycanda-daha-bir-esgerin-intihar-etdiyi-bildirilir\/#article","isPartOf":{"@id":"https:\/\/www.meydan.tv\/az\/article\/azerbaycanda-daha-bir-esgerin-intihar-etdiyi-bildirilir\/"},"author":{"name":"elli","@id":"https:\/\/www.meydan.tv\/az\/#\/schema\/person\/9cdbecf90d17180ce1dfbd95b08dcf47"},"headline":"Az\u0259rbaycanda daha bir \u0259sg\u0259rin intihar etdiyi bildirilir","datePublished":"2023-01-25T07:57:27+00:00","dateModified":"2023-01-25T07:58:53+00:00","mainEntityOfPage":{"@id":"https:\/\/www.meydan.tv\/az\/article\/azerbaycanda-daha-bir-esgerin-intihar-etdiyi-bildirilir\/"},"wordCount":294,"publisher":{"@id":"https:\/\/www.meydan.tv\/az\/#organization"},"image":{"@id":"https:\/\/www.meydan.tv\/az\/article\/azerbaycanda-daha-bir-esgerin-intihar-etdiyi-bildirilir\/#primaryimage"},"thumbnailUrl":"https:\/\/www.meydan.tv\/wp-content\/uploads\/untitled_design_3_l6acfvz-e1674633518523.png","articleSection":["B\u00f6lg\u0259","T\u00f6vsiy\u0259","X\u0259b\u0259rl\u0259r"],"inLanguage":"az"},{"@type":"WebPage","@id":"https:\/\/www.meydan.tv\/az\/article\/azerbaycanda-daha-bir-esgerin-intihar-etdiyi-bildirilir\/","url":"https:\/\/www.meydan.tv\/az\/article\/azerbaycanda-daha-bir-esgerin-intihar-etdiyi-bildirilir\/","name":"Az\u0259rbaycanda daha bir \u0259sg\u0259rin intihar etdiyi bildirilir - MEYDAN.TV","isPartOf":{"@id":"https:\/\/www.meydan.tv\/az\/#website"},"primaryImageOfPage":{"@id":"https:\/\/www.meydan.tv\/az\/article\/azerbaycanda-daha-bir-esgerin-intihar-etdiyi-bildirilir\/#primaryimage"},"image":{"@id":"https:\/\/www.meydan.tv\/az\/article\/azerbaycanda-daha-bir-esgerin-intihar-etdiyi-bildirilir\/#primaryimage"},"thumbnailUrl":"https:\/\/www.meydan.tv\/wp-content\/uploads\/untitled_design_3_l6acfvz-e1674633518523.png","datePublished":"2023-01-25T07:57:27+00:00","dateModified":"2023-01-25T07:58:53+00:00","breadcrumb":{"@id":"https:\/\/www.meydan.tv\/az\/article\/azerbaycanda-daha-bir-esgerin-intihar-etdiyi-bildirilir\/#breadcrumb"},"inLanguage":"az","potentialAction":[{"@type":"ReadAction","target":["https:\/\/www.meydan.tv\/az\/article\/azerbaycanda-daha-bir-esgerin-intihar-etdiyi-bildirilir\/"]}]},{"@type":"ImageObject","inLanguage":"az","@id":"https:\/\/www.meydan.tv\/az\/article\/azerbaycanda-daha-bir-esgerin-intihar-etdiyi-bildirilir\/#primaryimage","url":"https:\/\/www.meydan.tv\/wp-content\/uploads\/untitled_design_3_l6acfvz-e1674633518523.png","contentUrl":"https:\/\/www.meydan.tv\/wp-content\/uploads\/untitled_design_3_l6acfvz-e1674633518523.png","width":1500,"height":723,"caption":"Foto: Meydan TV"},{"@type":"BreadcrumbList","@id":"https:\/\/www.meydan.tv\/az\/article\/azerbaycanda-daha-bir-esgerin-intihar-etdiyi-bildirilir\/#breadcrumb","itemListElement":[{"@type":"ListItem","position":1,"name":"Ana s\u0259hif\u0259","item":"https:\/\/www.meydan.tv\/az\/"},{"@type":"ListItem","position":2,"name":"B\u00f6lg\u0259","item":"https:\/\/www.meydan.tv\/az\/section\/bolge\/"},{"@type":"ListItem","position":3,"name":"Az\u0259rbaycanda daha bir \u0259sg\u0259rin intihar etdiyi bildirilir"}]},{"@type":"WebSite","@id":"https:\/\/www.meydan.tv\/az\/#website","url":"https:\/\/www.meydan.tv\/az\/","name":"MEYDAN.TV","description":"Meydan TV Az\u0259rbaycan\u0131n media m\u0259kan\u0131ndak\u0131 alternativ s\u0259sidir","publisher":{"@id":"https:\/\/www.meydan.tv\/az\/#organization"},"potentialAction":[{"@type":"SearchAction","target":{"@type":"EntryPoint","urlTemplate":"https:\/\/www.meydan.tv\/az\/?s={search_term_string}"},"query-input":{"@type":"PropertyValueSpecification","valueRequired":true,"valueName":"search_term_string"}}],"inLanguage":"az"},{"@type":"Organization","@id":"https:\/\/www.meydan.tv\/az\/#organization","name":"Meydan TV","url":"https:\/\/www.meydan.tv\/az\/","logo":{"@type":"ImageObject","inLanguage":"az","@id":"https:\/\/www.meydan.tv\/az\/#\/schema\/logo\/image\/","url":"https:\/\/www.meydan.tv\/wp-content\/uploads\/2021\/07\/meydan-logo.svg","contentUrl":"https:\/\/www.meydan.tv\/wp-content\/uploads\/2021\/07\/meydan-logo.svg","width":195,"height":46,"caption":"Meydan TV"},"image":{"@id":"https:\/\/www.meydan.tv\/az\/#\/schema\/logo\/image\/"}},{"@type":"Person","@id":"https:\/\/www.meydan.tv\/az\/#\/schema\/person\/9cdbecf90d17180ce1dfbd95b08dcf47","name":"elli","sameAs":["https:\/\/x.com\/elli"]}]}},"_links":{"self":[{"href":"https:\/\/www.meydan.tv\/az\/wp-json\/wp\/v2\/posts\/266623","targetHints":{"allow":["GET"]}}],"collection":[{"href":"https:\/\/www.meydan.tv\/az\/wp-json\/wp\/v2\/posts"}],"about":[{"href":"https:\/\/www.meydan.tv\/az\/wp-json\/wp\/v2\/types\/post"}],"author":[{"embeddable":true,"href":"https:\/\/www.meydan.tv\/az\/wp-json\/wp\/v2\/users\/8"}],"replies":[{"embeddable":true,"href":"https:\/\/www.meydan.tv\/az\/wp-json\/wp\/v2\/comments?post=266623"}],"version-history":[{"count":1,"href":"https:\/\/www.meydan.tv\/az\/wp-json\/wp\/v2\/posts\/266623\/revisions"}],"predecessor-version":[{"id":266624,"href":"https:\/\/www.meydan.tv\/az\/wp-json\/wp\/v2\/posts\/266623\/revisions\/266624"}],"wp:featuredmedia":[{"embeddable":true,"href":"https:\/\/www.meydan.tv\/az\/wp-json\/wp\/v2\/media\/129215"}],"wp:attachment":[{"href":"https:\/\/www.meydan.tv\/az\/wp-json\/wp\/v2\/media?parent=266623"}],"wp:term":[{"taxonomy":"category","embeddable":true,"href":"https:\/\/www.meydan.tv\/az\/wp-json\/wp\/v2\/categories?post=266623"},{"taxonomy":"post_tag","embeddable":true,"href":"https:\/\/www.meydan.tv\/az\/wp-json\/wp\/v2\/tags?post=266623"}],"curies":[{"name":"wp","href":"https:\/\/api.w.org\/{rel}","templated":true}]}}