{"id":266621,"date":"2023-01-25T10:48:19","date_gmt":"2023-01-25T06:48:19","guid":{"rendered":"https:\/\/www.meydan.tv\/?p=266621"},"modified":"2023-01-25T10:48:23","modified_gmt":"2023-01-25T06:48:23","slug":"sehidler-xiyabanini-ziyaretden-sonra-hebs-olunanlarin-sayi-8-nefere-catib","status":"publish","type":"post","link":"https:\/\/www.meydan.tv\/az\/article\/sehidler-xiyabanini-ziyaretden-sonra-hebs-olunanlarin-sayi-8-nefere-catib\/","title":{"rendered":"\u015e\u0259hidl\u0259r Xiyaban\u0131n\u0131 ziyar\u0259td\u0259n sonra h\u0259bs olunanlar\u0131n say\u0131 8 n\u0259f\u0259r\u0259 \u00e7at\u0131b"},"content":{"rendered":"\n<p><\/p>\n\n\n\n<p><em>H\u0259bs olunanlar\u0131n \u00e7oxu M\u00fcs\u0259lman Birliyi H\u0259r\u0259kat\u0131n\u0131n \u00fczvl\u0259ridir<\/em><\/p>\n\n\n\n<p>20 Yanvar faci\u0259sinin 33-c\u00fc ild\u00f6n\u00fcm\u00fc il\u0259 \u0259laq\u0259dar m\u00fcxalif siyasi q\u00fcvv\u0259l\u0259rin \u015e\u0259hidl\u0259r Xiyaban\u0131n\u0131 ziyar\u0259tind\u0259n sonra h\u0259bs olunanlar\u0131n say\u0131 8 n\u0259f\u0259r\u0259 \u00e7at\u0131b. Onlardan 6-s\u0131 M\u00fcs\u0259lman Birliyi H\u0259r\u0259kat\u0131n\u0131n (MBH), ikisi is\u0259 Az\u0259rbaycan Xalq C\u0259bh\u0259si Partiyas\u0131n\u0131n (AXCP) \u00fczvl\u0259ridir. Bu bar\u0259d\u0259 Meydan TV-y\u0259 adlar\u0131 \u00e7\u0259kil\u0259n t\u0259\u015fkilatlardan m\u0259lumat verilib.<\/p>\n\n\n\n<p>AXCP-d\u0259n bildirilib ki, partiya \u00fczv\u00fc Anar H\u00fcseynovun saxlanmas\u0131n\u0131 el\u0259 yanvar\u0131n 20-d\u0259 bilirdil\u0259r. \u00c7\u00fcnki hadis\u0259 bir \u00e7oxunun g\u00f6z\u00fc qar\u015f\u0131s\u0131nda ba\u015f vermi\u015f, h\u0259tta videolent\u0259 d\u0259 al\u0131nm\u0131\u015fd\u0131. Lakin bir sutka \u0259rzind\u0259 onun yerini \u00f6yr\u0259nm\u0259k m\u00fcmk\u00fcn olmam\u0131\u015fd\u0131. Bir sutka sonra is\u0259 m\u0259lum olmu\u015fdu ki, ona 30 sutka inzibati h\u0259bs c\u0259zas\u0131 verilib.<\/p>\n\n\n\n<p>Partiyan\u0131n dig\u0259r \u00fczv\u00fc R\u00f6v\u015f\u0259n S\u0259f\u0259rovun tutulmas\u0131 v\u0259 ona da 30 sutka inzibati h\u0259bs c\u0259zas\u0131 verilm\u0259sini is\u0259 yanvar\u0131n 24-d\u0259 Anar H\u00fcseynovun v\u0259kili t\u0259cridxanada onunla g\u00f6r\u00fc\u015f\u0259nd\u0259 \u00f6yr\u0259nib:<\/p>\n\n\n\n<p>\u201cAnar H\u00fcseynov v\u0259kilin\u0259 bildirib ki, R\u00f6v\u015f\u0259n S\u0259f\u0259rov da inzibati qaydada h\u0259bs olunanlar\u0131n saxland\u0131\u011f\u0131 t\u0259cridxanaya g\u0259tirilib. Ona da 30 sutka h\u0259bs c\u0259zas\u0131 verilib. Y\u0259ni o vaxta q\u0259d\u0259r m\u0259lum deyildi ki, onu hans\u0131 \u015f\u0259raitd\u0259, niy\u0259 tutublar\u201d.<\/p>\n\n\n\n<p>AXCP X\u0259tai T\u0259\u015fkilat\u0131n\u0131n \u00fczv\u00fc R\u00f6v\u015f\u0259n S\u0259f\u0259rov \u0130nzibati X\u0259talar M\u0259c\u0259ll\u0259sinin 510 (x\u0131rda xuliqanl\u0131q) v\u0259 535.1 (polisin qanuni t\u0259l\u0259bin\u0259 tabe olmama) madd\u0259l\u0259ril\u0259 ittiham olunaraq, bar\u0259sind\u0259 30 sutka inzibati h\u0259bs q\u0259rar\u0131 \u00e7\u0131xar\u0131l\u0131b.<\/p>\n\n\n\n<p>AXCP-d\u0259n onu da bildiribl\u0259r ki, R\u00f6v\u015f\u0259n S\u0259f\u0259rovun atas\u0131 Yav\u0259r S\u0259f\u0259rov 90-c\u0131 ill\u0259rin \u0259vv\u0259ll\u0259rind\u0259 Qaraba\u011f d\u00f6y\u00fc\u015fl\u0259rind\u0259 h\u0259lak olub. Bak\u0131n\u0131n Nizami rayonundak\u0131 k\u00fc\u00e7\u0259l\u0259rd\u0259n biri onun ad\u0131n\u0131 da\u015f\u0131y\u0131r.<\/p>\n\n\n\n<p>\u201cR\u00f6v\u015f\u0259n S\u0259f\u0259rov Tofiq Yaqubluya d\u0259st\u0259k \u00fc\u00e7\u00fcn 10 g\u00fcnd\u0259n \u00e7ox acl\u0131q aksiyas\u0131nda i\u015ftirak etmi\u015fdi\u201d, &#8211; AXCP-d\u0259n bildirilib.<\/p>\n\n\n\n<p>M\u00fcs\u0259lman Birliyi H\u0259r\u0259kat\u0131ndan bildirilib ki, \u015e\u0259hidl\u0259r Xiyaban\u0131n\u0131 ziyar\u0259t etdikd\u0259n sonra h\u0259bs olunan 6 n\u0259f\u0259r t\u0259\u015fkilat \u00fczvl\u0259ri bunlard\u0131r: H\u0259s\u0259n Abbaszad\u0259, Nizami \u018fhm\u0259d, \u0130mran M\u0259mm\u0259dli, T\u0259rlan Seyidov, R\u00f6v\u015f\u0259n \u018fliyev v\u0259 Telman R\u0259\u015fidov.<\/p>\n\n\n\n<p>Daxili \u0130\u015fl\u0259r Nazirliyinin M\u0259tbuat Xidm\u0259tind\u0259n Meydan TV-nin h\u0259bsl\u0259rl\u0259 ba\u011fl\u0131 sor\u011fusuna cavab olaraq bildirilib ki, yanvar\u0131n 20-d\u0259 \u015e\u0259hidl\u0259r Xiyaban\u0131nda bir qrup \u015f\u0259xs ziyar\u0259t\u00e7il\u0259r \u00fc\u00e7\u00fcn \u0259vv\u0259lc\u0259d\u0259n t\u0259\u015fkil olunmu\u015f n\u00f6vb\u0259lilik prinsipini pozub, orada qar\u0131\u015f\u0131ql\u0131q yaratma\u011fa c\u0259hd g\u00f6st\u0259rib. Lakin c\u0259hdin qar\u015f\u0131s\u0131 al\u0131n\u0131b. Tabesizlik g\u00f6st\u0259r\u0259nl\u0259r is\u0259 saxlan\u0131l\u0131b.<\/p>\n","protected":false},"excerpt":{"rendered":"<p>H\u0259bs olunanlar\u0131n \u00e7oxu M\u00fcs\u0259lman Birliyi H\u0259r\u0259kat\u0131n\u0131n \u00fczvl\u0259ridir 20 Yanvar faci\u0259sinin &#8230; <\/p>\n<p class=\"read-more-container\"><a title=\"\u015e\u0259hidl\u0259r Xiyaban\u0131n\u0131 ziyar\u0259td\u0259n sonra h\u0259bs olunanlar\u0131n say\u0131 8 n\u0259f\u0259r\u0259 \u00e7at\u0131b\" class=\"read-more button\" href=\"https:\/\/www.meydan.tv\/az\/article\/sehidler-xiyabanini-ziyaretden-sonra-hebs-olunanlarin-sayi-8-nefere-catib\/#more-266621\" aria-label=\"Read more about \u015e\u0259hidl\u0259r Xiyaban\u0131n\u0131 ziyar\u0259td\u0259n sonra h\u0259bs olunanlar\u0131n say\u0131 8 n\u0259f\u0259r\u0259 \u00e7at\u0131b\">Davam\u0131<\/a><\/p>\n","protected":false},"author":8,"featured_media":266318,"comment_status":"closed","ping_status":"closed","sticky":false,"template":"","format":"standard","meta":{"_acf_changed":false,"_sitemap_exclude":false,"_sitemap_priority":"","_sitemap_frequency":"","footnotes":""},"categories":[59,56],"tags":[],"class_list":["post-266621","post","type-post","status-publish","format-standard","has-post-thumbnail","hentry","category-siyaset","category-xeberler","infinite-scroll-item","generate-columns","tablet-grid-50","mobile-grid-100","grid-parent","grid-33","no-featured-image-padding"],"acf":[],"yoast_head":"<!-- This site is optimized with the Yoast SEO plugin v27.4 - https:\/\/yoast.com\/product\/yoast-seo-wordpress\/ -->\n<title>\u015e\u0259hidl\u0259r Xiyaban\u0131n\u0131 ziyar\u0259td\u0259n sonra h\u0259bs olunanlar\u0131n say\u0131 8 n\u0259f\u0259r\u0259 \u00e7at\u0131b - MEYDAN.TV<\/title>\n<meta name=\"robots\" content=\"index, follow, max-snippet:-1, max-image-preview:large, max-video-preview:-1\" \/>\n<link rel=\"canonical\" href=\"https:\/\/www.meydan.tv\/az\/article\/sehidler-xiyabanini-ziyaretden-sonra-hebs-olunanlarin-sayi-8-nefere-catib\/\" \/>\n<meta property=\"og:locale\" content=\"az_AZ\" \/>\n<meta property=\"og:type\" content=\"article\" \/>\n<meta property=\"og:title\" content=\"\u015e\u0259hidl\u0259r Xiyaban\u0131n\u0131 ziyar\u0259td\u0259n sonra h\u0259bs olunanlar\u0131n say\u0131 8 n\u0259f\u0259r\u0259 \u00e7at\u0131b - MEYDAN.TV\" \/>\n<meta property=\"og:description\" content=\"H\u0259bs olunanlar\u0131n \u00e7oxu M\u00fcs\u0259lman Birliyi H\u0259r\u0259kat\u0131n\u0131n \u00fczvl\u0259ridir 20 Yanvar faci\u0259sinin ... Davam\u0131\" \/>\n<meta property=\"og:url\" content=\"https:\/\/www.meydan.tv\/az\/article\/sehidler-xiyabanini-ziyaretden-sonra-hebs-olunanlarin-sayi-8-nefere-catib\/\" \/>\n<meta property=\"og:site_name\" content=\"MEYDAN.TV\" \/>\n<meta property=\"article:published_time\" content=\"2023-01-25T06:48:19+00:00\" \/>\n<meta property=\"article:modified_time\" content=\"2023-01-25T06:48:23+00:00\" \/>\n<meta property=\"og:image\" content=\"https:\/\/www.meydan.tv\/wp-content\/uploads\/screenshot_4-5.png\" \/>\n\t<meta property=\"og:image:width\" content=\"1395\" \/>\n\t<meta property=\"og:image:height\" content=\"732\" \/>\n\t<meta property=\"og:image:type\" content=\"image\/png\" \/>\n<meta name=\"author\" content=\"elli\" \/>\n<meta name=\"twitter:card\" content=\"summary_large_image\" \/>\n<meta name=\"twitter:creator\" content=\"@elli\" \/>\n<script type=\"application\/ld+json\" class=\"yoast-schema-graph\">{\"@context\":\"https:\\\/\\\/schema.org\",\"@graph\":[{\"@type\":\"Article\",\"@id\":\"https:\\\/\\\/www.meydan.tv\\\/az\\\/article\\\/sehidler-xiyabanini-ziyaretden-sonra-hebs-olunanlarin-sayi-8-nefere-catib\\\/#article\",\"isPartOf\":{\"@id\":\"https:\\\/\\\/www.meydan.tv\\\/az\\\/article\\\/sehidler-xiyabanini-ziyaretden-sonra-hebs-olunanlarin-sayi-8-nefere-catib\\\/\"},\"author\":{\"name\":\"elli\",\"@id\":\"https:\\\/\\\/www.meydan.tv\\\/az\\\/#\\\/schema\\\/person\\\/9cdbecf90d17180ce1dfbd95b08dcf47\"},\"headline\":\"\u015e\u0259hidl\u0259r Xiyaban\u0131n\u0131 ziyar\u0259td\u0259n sonra h\u0259bs olunanlar\u0131n say\u0131 8 n\u0259f\u0259r\u0259 \u00e7at\u0131b\",\"datePublished\":\"2023-01-25T06:48:19+00:00\",\"dateModified\":\"2023-01-25T06:48:23+00:00\",\"mainEntityOfPage\":{\"@id\":\"https:\\\/\\\/www.meydan.tv\\\/az\\\/article\\\/sehidler-xiyabanini-ziyaretden-sonra-hebs-olunanlarin-sayi-8-nefere-catib\\\/\"},\"wordCount\":520,\"publisher\":{\"@id\":\"https:\\\/\\\/www.meydan.tv\\\/az\\\/#organization\"},\"image\":{\"@id\":\"https:\\\/\\\/www.meydan.tv\\\/az\\\/article\\\/sehidler-xiyabanini-ziyaretden-sonra-hebs-olunanlarin-sayi-8-nefere-catib\\\/#primaryimage\"},\"thumbnailUrl\":\"https:\\\/\\\/www.meydan.tv\\\/wp-content\\\/uploads\\\/screenshot_4-5.png\",\"articleSection\":[\"Siyas\u0259t\",\"X\u0259b\u0259rl\u0259r\"],\"inLanguage\":\"az\"},{\"@type\":\"WebPage\",\"@id\":\"https:\\\/\\\/www.meydan.tv\\\/az\\\/article\\\/sehidler-xiyabanini-ziyaretden-sonra-hebs-olunanlarin-sayi-8-nefere-catib\\\/\",\"url\":\"https:\\\/\\\/www.meydan.tv\\\/az\\\/article\\\/sehidler-xiyabanini-ziyaretden-sonra-hebs-olunanlarin-sayi-8-nefere-catib\\\/\",\"name\":\"\u015e\u0259hidl\u0259r Xiyaban\u0131n\u0131 ziyar\u0259td\u0259n sonra h\u0259bs olunanlar\u0131n say\u0131 8 n\u0259f\u0259r\u0259 \u00e7at\u0131b - MEYDAN.TV\",\"isPartOf\":{\"@id\":\"https:\\\/\\\/www.meydan.tv\\\/az\\\/#website\"},\"primaryImageOfPage\":{\"@id\":\"https:\\\/\\\/www.meydan.tv\\\/az\\\/article\\\/sehidler-xiyabanini-ziyaretden-sonra-hebs-olunanlarin-sayi-8-nefere-catib\\\/#primaryimage\"},\"image\":{\"@id\":\"https:\\\/\\\/www.meydan.tv\\\/az\\\/article\\\/sehidler-xiyabanini-ziyaretden-sonra-hebs-olunanlarin-sayi-8-nefere-catib\\\/#primaryimage\"},\"thumbnailUrl\":\"https:\\\/\\\/www.meydan.tv\\\/wp-content\\\/uploads\\\/screenshot_4-5.png\",\"datePublished\":\"2023-01-25T06:48:19+00:00\",\"dateModified\":\"2023-01-25T06:48:23+00:00\",\"breadcrumb\":{\"@id\":\"https:\\\/\\\/www.meydan.tv\\\/az\\\/article\\\/sehidler-xiyabanini-ziyaretden-sonra-hebs-olunanlarin-sayi-8-nefere-catib\\\/#breadcrumb\"},\"inLanguage\":\"az\",\"potentialAction\":[{\"@type\":\"ReadAction\",\"target\":[\"https:\\\/\\\/www.meydan.tv\\\/az\\\/article\\\/sehidler-xiyabanini-ziyaretden-sonra-hebs-olunanlarin-sayi-8-nefere-catib\\\/\"]}]},{\"@type\":\"ImageObject\",\"inLanguage\":\"az\",\"@id\":\"https:\\\/\\\/www.meydan.tv\\\/az\\\/article\\\/sehidler-xiyabanini-ziyaretden-sonra-hebs-olunanlarin-sayi-8-nefere-catib\\\/#primaryimage\",\"url\":\"https:\\\/\\\/www.meydan.tv\\\/wp-content\\\/uploads\\\/screenshot_4-5.png\",\"contentUrl\":\"https:\\\/\\\/www.meydan.tv\\\/wp-content\\\/uploads\\\/screenshot_4-5.png\",\"width\":1395,\"height\":732,\"caption\":\"Foto: screenshot\"},{\"@type\":\"BreadcrumbList\",\"@id\":\"https:\\\/\\\/www.meydan.tv\\\/az\\\/article\\\/sehidler-xiyabanini-ziyaretden-sonra-hebs-olunanlarin-sayi-8-nefere-catib\\\/#breadcrumb\",\"itemListElement\":[{\"@type\":\"ListItem\",\"position\":1,\"name\":\"Ana s\u0259hif\u0259\",\"item\":\"https:\\\/\\\/www.meydan.tv\\\/az\\\/\"},{\"@type\":\"ListItem\",\"position\":2,\"name\":\"Siyas\u0259t\",\"item\":\"https:\\\/\\\/www.meydan.tv\\\/az\\\/section\\\/siyaset\\\/\"},{\"@type\":\"ListItem\",\"position\":3,\"name\":\"\u015e\u0259hidl\u0259r Xiyaban\u0131n\u0131 ziyar\u0259td\u0259n sonra h\u0259bs olunanlar\u0131n say\u0131 8 n\u0259f\u0259r\u0259 \u00e7at\u0131b\"}]},{\"@type\":\"WebSite\",\"@id\":\"https:\\\/\\\/www.meydan.tv\\\/az\\\/#website\",\"url\":\"https:\\\/\\\/www.meydan.tv\\\/az\\\/\",\"name\":\"MEYDAN.TV\",\"description\":\"Meydan TV Az\u0259rbaycan\u0131n media m\u0259kan\u0131ndak\u0131 alternativ s\u0259sidir\",\"publisher\":{\"@id\":\"https:\\\/\\\/www.meydan.tv\\\/az\\\/#organization\"},\"potentialAction\":[{\"@type\":\"SearchAction\",\"target\":{\"@type\":\"EntryPoint\",\"urlTemplate\":\"https:\\\/\\\/www.meydan.tv\\\/az\\\/?s={search_term_string}\"},\"query-input\":{\"@type\":\"PropertyValueSpecification\",\"valueRequired\":true,\"valueName\":\"search_term_string\"}}],\"inLanguage\":\"az\"},{\"@type\":\"Organization\",\"@id\":\"https:\\\/\\\/www.meydan.tv\\\/az\\\/#organization\",\"name\":\"Meydan TV\",\"url\":\"https:\\\/\\\/www.meydan.tv\\\/az\\\/\",\"logo\":{\"@type\":\"ImageObject\",\"inLanguage\":\"az\",\"@id\":\"https:\\\/\\\/www.meydan.tv\\\/az\\\/#\\\/schema\\\/logo\\\/image\\\/\",\"url\":\"https:\\\/\\\/www.meydan.tv\\\/wp-content\\\/uploads\\\/2021\\\/07\\\/meydan-logo.svg\",\"contentUrl\":\"https:\\\/\\\/www.meydan.tv\\\/wp-content\\\/uploads\\\/2021\\\/07\\\/meydan-logo.svg\",\"width\":195,\"height\":46,\"caption\":\"Meydan TV\"},\"image\":{\"@id\":\"https:\\\/\\\/www.meydan.tv\\\/az\\\/#\\\/schema\\\/logo\\\/image\\\/\"}},{\"@type\":\"Person\",\"@id\":\"https:\\\/\\\/www.meydan.tv\\\/az\\\/#\\\/schema\\\/person\\\/9cdbecf90d17180ce1dfbd95b08dcf47\",\"name\":\"elli\",\"sameAs\":[\"https:\\\/\\\/x.com\\\/elli\"]}]}<\/script>\n<!-- \/ Yoast SEO plugin. -->","yoast_head_json":{"title":"\u015e\u0259hidl\u0259r Xiyaban\u0131n\u0131 ziyar\u0259td\u0259n sonra h\u0259bs olunanlar\u0131n say\u0131 8 n\u0259f\u0259r\u0259 \u00e7at\u0131b - MEYDAN.TV","robots":{"index":"index","follow":"follow","max-snippet":"max-snippet:-1","max-image-preview":"max-image-preview:large","max-video-preview":"max-video-preview:-1"},"canonical":"https:\/\/www.meydan.tv\/az\/article\/sehidler-xiyabanini-ziyaretden-sonra-hebs-olunanlarin-sayi-8-nefere-catib\/","og_locale":"az_AZ","og_type":"article","og_title":"\u015e\u0259hidl\u0259r Xiyaban\u0131n\u0131 ziyar\u0259td\u0259n sonra h\u0259bs olunanlar\u0131n say\u0131 8 n\u0259f\u0259r\u0259 \u00e7at\u0131b - MEYDAN.TV","og_description":"H\u0259bs olunanlar\u0131n \u00e7oxu M\u00fcs\u0259lman Birliyi H\u0259r\u0259kat\u0131n\u0131n \u00fczvl\u0259ridir 20 Yanvar faci\u0259sinin ... Davam\u0131","og_url":"https:\/\/www.meydan.tv\/az\/article\/sehidler-xiyabanini-ziyaretden-sonra-hebs-olunanlarin-sayi-8-nefere-catib\/","og_site_name":"MEYDAN.TV","article_published_time":"2023-01-25T06:48:19+00:00","article_modified_time":"2023-01-25T06:48:23+00:00","og_image":[{"width":1395,"height":732,"url":"https:\/\/www.meydan.tv\/wp-content\/uploads\/screenshot_4-5.png","type":"image\/png"}],"author":"elli","twitter_card":"summary_large_image","twitter_creator":"@elli","schema":{"@context":"https:\/\/schema.org","@graph":[{"@type":"Article","@id":"https:\/\/www.meydan.tv\/az\/article\/sehidler-xiyabanini-ziyaretden-sonra-hebs-olunanlarin-sayi-8-nefere-catib\/#article","isPartOf":{"@id":"https:\/\/www.meydan.tv\/az\/article\/sehidler-xiyabanini-ziyaretden-sonra-hebs-olunanlarin-sayi-8-nefere-catib\/"},"author":{"name":"elli","@id":"https:\/\/www.meydan.tv\/az\/#\/schema\/person\/9cdbecf90d17180ce1dfbd95b08dcf47"},"headline":"\u015e\u0259hidl\u0259r Xiyaban\u0131n\u0131 ziyar\u0259td\u0259n sonra h\u0259bs olunanlar\u0131n say\u0131 8 n\u0259f\u0259r\u0259 \u00e7at\u0131b","datePublished":"2023-01-25T06:48:19+00:00","dateModified":"2023-01-25T06:48:23+00:00","mainEntityOfPage":{"@id":"https:\/\/www.meydan.tv\/az\/article\/sehidler-xiyabanini-ziyaretden-sonra-hebs-olunanlarin-sayi-8-nefere-catib\/"},"wordCount":520,"publisher":{"@id":"https:\/\/www.meydan.tv\/az\/#organization"},"image":{"@id":"https:\/\/www.meydan.tv\/az\/article\/sehidler-xiyabanini-ziyaretden-sonra-hebs-olunanlarin-sayi-8-nefere-catib\/#primaryimage"},"thumbnailUrl":"https:\/\/www.meydan.tv\/wp-content\/uploads\/screenshot_4-5.png","articleSection":["Siyas\u0259t","X\u0259b\u0259rl\u0259r"],"inLanguage":"az"},{"@type":"WebPage","@id":"https:\/\/www.meydan.tv\/az\/article\/sehidler-xiyabanini-ziyaretden-sonra-hebs-olunanlarin-sayi-8-nefere-catib\/","url":"https:\/\/www.meydan.tv\/az\/article\/sehidler-xiyabanini-ziyaretden-sonra-hebs-olunanlarin-sayi-8-nefere-catib\/","name":"\u015e\u0259hidl\u0259r Xiyaban\u0131n\u0131 ziyar\u0259td\u0259n sonra h\u0259bs olunanlar\u0131n say\u0131 8 n\u0259f\u0259r\u0259 \u00e7at\u0131b - MEYDAN.TV","isPartOf":{"@id":"https:\/\/www.meydan.tv\/az\/#website"},"primaryImageOfPage":{"@id":"https:\/\/www.meydan.tv\/az\/article\/sehidler-xiyabanini-ziyaretden-sonra-hebs-olunanlarin-sayi-8-nefere-catib\/#primaryimage"},"image":{"@id":"https:\/\/www.meydan.tv\/az\/article\/sehidler-xiyabanini-ziyaretden-sonra-hebs-olunanlarin-sayi-8-nefere-catib\/#primaryimage"},"thumbnailUrl":"https:\/\/www.meydan.tv\/wp-content\/uploads\/screenshot_4-5.png","datePublished":"2023-01-25T06:48:19+00:00","dateModified":"2023-01-25T06:48:23+00:00","breadcrumb":{"@id":"https:\/\/www.meydan.tv\/az\/article\/sehidler-xiyabanini-ziyaretden-sonra-hebs-olunanlarin-sayi-8-nefere-catib\/#breadcrumb"},"inLanguage":"az","potentialAction":[{"@type":"ReadAction","target":["https:\/\/www.meydan.tv\/az\/article\/sehidler-xiyabanini-ziyaretden-sonra-hebs-olunanlarin-sayi-8-nefere-catib\/"]}]},{"@type":"ImageObject","inLanguage":"az","@id":"https:\/\/www.meydan.tv\/az\/article\/sehidler-xiyabanini-ziyaretden-sonra-hebs-olunanlarin-sayi-8-nefere-catib\/#primaryimage","url":"https:\/\/www.meydan.tv\/wp-content\/uploads\/screenshot_4-5.png","contentUrl":"https:\/\/www.meydan.tv\/wp-content\/uploads\/screenshot_4-5.png","width":1395,"height":732,"caption":"Foto: screenshot"},{"@type":"BreadcrumbList","@id":"https:\/\/www.meydan.tv\/az\/article\/sehidler-xiyabanini-ziyaretden-sonra-hebs-olunanlarin-sayi-8-nefere-catib\/#breadcrumb","itemListElement":[{"@type":"ListItem","position":1,"name":"Ana s\u0259hif\u0259","item":"https:\/\/www.meydan.tv\/az\/"},{"@type":"ListItem","position":2,"name":"Siyas\u0259t","item":"https:\/\/www.meydan.tv\/az\/section\/siyaset\/"},{"@type":"ListItem","position":3,"name":"\u015e\u0259hidl\u0259r Xiyaban\u0131n\u0131 ziyar\u0259td\u0259n sonra h\u0259bs olunanlar\u0131n say\u0131 8 n\u0259f\u0259r\u0259 \u00e7at\u0131b"}]},{"@type":"WebSite","@id":"https:\/\/www.meydan.tv\/az\/#website","url":"https:\/\/www.meydan.tv\/az\/","name":"MEYDAN.TV","description":"Meydan TV Az\u0259rbaycan\u0131n media m\u0259kan\u0131ndak\u0131 alternativ s\u0259sidir","publisher":{"@id":"https:\/\/www.meydan.tv\/az\/#organization"},"potentialAction":[{"@type":"SearchAction","target":{"@type":"EntryPoint","urlTemplate":"https:\/\/www.meydan.tv\/az\/?s={search_term_string}"},"query-input":{"@type":"PropertyValueSpecification","valueRequired":true,"valueName":"search_term_string"}}],"inLanguage":"az"},{"@type":"Organization","@id":"https:\/\/www.meydan.tv\/az\/#organization","name":"Meydan TV","url":"https:\/\/www.meydan.tv\/az\/","logo":{"@type":"ImageObject","inLanguage":"az","@id":"https:\/\/www.meydan.tv\/az\/#\/schema\/logo\/image\/","url":"https:\/\/www.meydan.tv\/wp-content\/uploads\/2021\/07\/meydan-logo.svg","contentUrl":"https:\/\/www.meydan.tv\/wp-content\/uploads\/2021\/07\/meydan-logo.svg","width":195,"height":46,"caption":"Meydan TV"},"image":{"@id":"https:\/\/www.meydan.tv\/az\/#\/schema\/logo\/image\/"}},{"@type":"Person","@id":"https:\/\/www.meydan.tv\/az\/#\/schema\/person\/9cdbecf90d17180ce1dfbd95b08dcf47","name":"elli","sameAs":["https:\/\/x.com\/elli"]}]}},"_links":{"self":[{"href":"https:\/\/www.meydan.tv\/az\/wp-json\/wp\/v2\/posts\/266621","targetHints":{"allow":["GET"]}}],"collection":[{"href":"https:\/\/www.meydan.tv\/az\/wp-json\/wp\/v2\/posts"}],"about":[{"href":"https:\/\/www.meydan.tv\/az\/wp-json\/wp\/v2\/types\/post"}],"author":[{"embeddable":true,"href":"https:\/\/www.meydan.tv\/az\/wp-json\/wp\/v2\/users\/8"}],"replies":[{"embeddable":true,"href":"https:\/\/www.meydan.tv\/az\/wp-json\/wp\/v2\/comments?post=266621"}],"version-history":[{"count":1,"href":"https:\/\/www.meydan.tv\/az\/wp-json\/wp\/v2\/posts\/266621\/revisions"}],"predecessor-version":[{"id":266622,"href":"https:\/\/www.meydan.tv\/az\/wp-json\/wp\/v2\/posts\/266621\/revisions\/266622"}],"wp:featuredmedia":[{"embeddable":true,"href":"https:\/\/www.meydan.tv\/az\/wp-json\/wp\/v2\/media\/266318"}],"wp:attachment":[{"href":"https:\/\/www.meydan.tv\/az\/wp-json\/wp\/v2\/media?parent=266621"}],"wp:term":[{"taxonomy":"category","embeddable":true,"href":"https:\/\/www.meydan.tv\/az\/wp-json\/wp\/v2\/categories?post=266621"},{"taxonomy":"post_tag","embeddable":true,"href":"https:\/\/www.meydan.tv\/az\/wp-json\/wp\/v2\/tags?post=266621"}],"curies":[{"name":"wp","href":"https:\/\/api.w.org\/{rel}","templated":true}]}}