{"id":266560,"date":"2023-01-24T16:31:16","date_gmt":"2023-01-24T12:31:16","guid":{"rendered":"https:\/\/www.meydan.tv\/?p=266560"},"modified":"2023-01-24T16:31:29","modified_gmt":"2023-01-24T12:31:29","slug":"son-penn-berlin-film-festivalinda-ukrayna-hadiseleri-haqqinda-film-teqdim-edecek","status":"publish","type":"post","link":"https:\/\/www.meydan.tv\/az\/article\/son-penn-berlin-film-festivalinda-ukrayna-hadiseleri-haqqinda-film-teqdim-edecek\/","title":{"rendered":"\u015eon Penn Berlin Film Festival\u0131nda Ukrayna hadis\u0259l\u0259ri haqq\u0131nda film t\u0259qdim ed\u0259c\u0259k"},"content":{"rendered":"\n<p><\/p>\n\n\n\n<p><em>\u201cSuperg\u00fcc\u201d adl\u0131 film Rusiyan\u0131n ke\u00e7irdiyi h\u0259rbi \u0259m\u0259liyyatlarla ba\u011fl\u0131d\u0131r<\/em><\/p>\n\n\n\n<p>Amerikal\u0131 aktyor, kinorejissor v\u0259 ssenarist \u015eon Penn \u00e7\u0259kili\u015fl\u0259rin\u0259 h\u0259l\u0259 2021-ci ilin noyabr\u0131nda ba\u015flad\u0131\u011f\u0131 \u201cSuperg\u00fcc\u201d (\u201cSuperpower\u201d) s\u0259n\u0259dli filminin t\u0259qdimat\u0131n\u0131 73-c\u00fc Berlin Film Festival\u0131nda ed\u0259c\u0259k.<\/p>\n\n\n\n<p>Bu bar\u0259d\u0259 \u201cDeadline\u201d m\u0259lumat<a href=\"https:\/\/deadline.com\/2023\/01\/sean-penn-documentary-ukraine-volodymyr-zelenskyy-to-debut-at-berlin-film-festival-1235237180\/\" target=\"_blank\" rel=\"noreferrer noopener\"> verib<\/a>.<\/p>\n\n\n\n<p>S\u0259n\u0259dli film Rusiyan\u0131n Ukraynada ke\u00e7irdiyi h\u0259rbi \u0259m\u0259liyat haqq\u0131ndad\u0131r.<\/p>\n\n\n\n<p>\u201cSuperg\u00fcc\u201d festival\u0131n m\u00fcsabiq\u0259d\u0259nk\u0259nar proqram\u0131 \u00e7\u0259r\u00e7iv\u0259sind\u0259 Ukrayna hadis\u0259l\u0259rind\u0259n b\u0259hs ed\u0259n dig\u0259r filml\u0259rl\u0259 yana\u015f\u0131 g\u00f6st\u0259ril\u0259c\u0259k.<\/p>\n\n\n\n<p>Berlin Beyn\u0259lxalq Film Festival\u0131 fevral\u0131n 16-dan 26-d\u0259k ke\u00e7iril\u0259c\u0259k.<\/p>\n\n\n\n<p>Rusiyan\u0131n ba\u015flatd\u0131\u011f\u0131 h\u0259rbi \u0259m\u0259liyyatlardan bir g\u00fcn sonra, 2022-ci il fevral\u0131n 25-d\u0259 \u015eon Penn Ukraynaya ged\u0259r\u0259k, Zelenski, Ba\u015f nazirin m\u00fcavini \u0130rina Vere\u015fuk, h\u0259m\u00e7inin b\u0259zi yerli jurnalist v\u0259 h\u0259rb\u00e7il\u0259rl\u0259 g\u00f6r\u00fc\u015fm\u00fc\u015fd\u00fc.<\/p>\n\n\n\n<p>\u201cRejissor haz\u0131rda Ukraynada ba\u015f ver\u0259n b\u00fct\u00fcn hadis\u0259l\u0259ri lent\u0259 almaq v\u0259 Rusiyan\u0131n \u00f6lk\u0259miz\u0259 t\u0259cav\u00fcz\u00fc il\u0259 ba\u011fl\u0131 h\u0259qiq\u0259tl\u0259ri d\u00fcnyaya \u00e7atd\u0131rmaq \u00fc\u00e7\u00fcn x\u00fcsusi olaraq Kiyev\u0259 g\u0259lib. Bu g\u00fcn Ukraynan\u0131 d\u0259st\u0259kl\u0259y\u0259nl\u0259r aras\u0131nda \u015eon Penn d\u0259 var. \u00d6lk\u0259miz ona bel\u0259 c\u0259sar\u0259t v\u0259 d\u00fcr\u00fcstl\u00fck n\u00fcmayi\u015f etdirdiyin\u0259 g\u00f6r\u0259 minn\u0259tdard\u0131r\u201d, \u2013 Ukrayna h\u00f6kum\u0259tinin yayd\u0131\u011f\u0131 b\u0259yanat\u0131nda deyilirdi.<\/p>\n\n\n\n<p>\u015eon Penn kinorejissor v\u0259 aktyor olmaqla yana\u015f\u0131, siyasi maraqlar\u0131 il\u0259 d\u0259 diqq\u0259t \u00e7\u0259kir.<\/p>\n\n\n\n<p>O, 2002-ci ild\u0259 \u201cThe Washington Post\u201d q\u0259zetin\u0259 k\u00fclli miqdarda pul \u00f6d\u0259m\u0259kl\u0259 Amerikan\u0131n ovaxtk\u0131 prezidenti Corc Bu\u015fa a\u00e7\u0131q m\u0259ktub yaz\u0131b.<\/p>\n\n\n\n<p>M\u0259ktubda Amerika ordusunun \u0130raqa girm\u0259sini v\u0259 h\u00f6kum\u0259tin siyas\u0259tini k\u0259skin \u015f\u0259kild\u0259 t\u0259nqid edib.<\/p>\n\n\n\n<p>Rejissor 2001-ci ilin 11 sentyabr\u0131nda \u0259kiz binalarda ba\u015f ver\u0259n terrorla ba\u011fl\u0131 \u0259rs\u0259y\u0259 g\u0259l\u0259n filmin m\u00fc\u0259llifidir.<\/p>\n\n\n\n<p>Amerikal\u0131lar rejisssorun layih\u0259sini antiamerika ovqat\u0131nda \u00e7\u0259kilmi\u015f film hesab ed\u0259r\u0259k onu t\u0259nqid edibl\u0259r.<\/p>\n\n\n\n<p>Fevral\u0131n 21-d\u0259 Rusiya Prezidenti Vladimir Putin separat\u00e7\u0131lar\u0131n n\u0259zar\u0259tind\u0259 olan \u201cDonetsk Xalq Respublikas\u0131\u201d (\u201cDXR\u201d) v\u0259 \u201cLuqansk Xalq Respublikas\u0131\u201d (\u201cLXR\u201d) adl\u0131 qurumlar\u0131 tan\u0131y\u0131b, h\u0259min \u0259razil\u0259r\u0259 ordu yeridib.<\/p>\n\n\n\n<p>Fevral\u0131n 24-d\u0259 Rusiya Ukraynan\u0131n Donbas b\u00f6lg\u0259sind\u0259 geni\u015fmiqyasl\u0131 h\u0259rbi \u0259m\u0259liyyatlara ba\u015flay\u0131b.<\/p>\n\n\n\n<p>Ukrayna, Q\u0259rb liderl\u0259ri h\u00fccumu pisl\u0259yib, Putinin buna g\u00f6r\u0259 cavab ver\u0259c\u0259yini bildiribl\u0259r.<\/p>\n\n\n\n<p>Rusiya Ukrayna aras\u0131ndak\u0131 m\u00fcnaqi\u015f\u0259 yeni deyil.<\/p>\n\n\n\n<p>Rusiya 2014-c\u00fc ild\u0259 Ukraynan\u0131n Kr\u0131m yar\u0131madas\u0131n\u0131 ilhaq edib v\u0259 \u00f6lk\u0259nin \u015f\u0259rqind\u0259ki separat\u00e7\u0131lar\u0131 d\u0259st\u0259kl\u0259m\u0259y\u0259 ba\u015flay\u0131b.&nbsp;<\/p>\n","protected":false},"excerpt":{"rendered":"<p>\u201cSuperg\u00fcc\u201d adl\u0131 film Rusiyan\u0131n ke\u00e7irdiyi h\u0259rbi \u0259m\u0259liyyatlarla ba\u011fl\u0131d\u0131r Amerikal\u0131 aktyor, &#8230; <\/p>\n<p class=\"read-more-container\"><a title=\"\u015eon Penn Berlin Film Festival\u0131nda Ukrayna hadis\u0259l\u0259ri haqq\u0131nda film t\u0259qdim ed\u0259c\u0259k\" class=\"read-more button\" href=\"https:\/\/www.meydan.tv\/az\/article\/son-penn-berlin-film-festivalinda-ukrayna-hadiseleri-haqqinda-film-teqdim-edecek\/#more-266560\" aria-label=\"Read more about \u015eon Penn Berlin Film Festival\u0131nda Ukrayna hadis\u0259l\u0259ri haqq\u0131nda film t\u0259qdim ed\u0259c\u0259k\">Davam\u0131<\/a><\/p>\n","protected":false},"author":8,"featured_media":235966,"comment_status":"closed","ping_status":"closed","sticky":false,"template":"","format":"standard","meta":{"_acf_changed":false,"_sitemap_exclude":false,"_sitemap_priority":"","_sitemap_frequency":"","footnotes":""},"categories":[52,56],"tags":[],"class_list":["post-266560","post","type-post","status-publish","format-standard","has-post-thumbnail","hentry","category-medeniyyet","category-xeberler","infinite-scroll-item","generate-columns","tablet-grid-50","mobile-grid-100","grid-parent","grid-33","no-featured-image-padding"],"acf":[],"yoast_head":"<!-- This site is optimized with the Yoast SEO plugin v27.4 - https:\/\/yoast.com\/product\/yoast-seo-wordpress\/ -->\n<title>\u015eon Penn Berlin Film Festival\u0131nda Ukrayna hadis\u0259l\u0259ri haqq\u0131nda film t\u0259qdim ed\u0259c\u0259k - MEYDAN.TV<\/title>\n<meta name=\"robots\" content=\"index, follow, max-snippet:-1, max-image-preview:large, max-video-preview:-1\" \/>\n<link rel=\"canonical\" href=\"https:\/\/www.meydan.tv\/az\/article\/son-penn-berlin-film-festivalinda-ukrayna-hadiseleri-haqqinda-film-teqdim-edecek\/\" \/>\n<meta property=\"og:locale\" content=\"az_AZ\" \/>\n<meta property=\"og:type\" content=\"article\" \/>\n<meta property=\"og:title\" content=\"\u015eon Penn Berlin Film Festival\u0131nda Ukrayna hadis\u0259l\u0259ri haqq\u0131nda film t\u0259qdim ed\u0259c\u0259k - MEYDAN.TV\" \/>\n<meta property=\"og:description\" content=\"\u201cSuperg\u00fcc\u201d adl\u0131 film Rusiyan\u0131n ke\u00e7irdiyi h\u0259rbi \u0259m\u0259liyyatlarla ba\u011fl\u0131d\u0131r Amerikal\u0131 aktyor, ... Davam\u0131\" \/>\n<meta property=\"og:url\" content=\"https:\/\/www.meydan.tv\/az\/article\/son-penn-berlin-film-festivalinda-ukrayna-hadiseleri-haqqinda-film-teqdim-edecek\/\" \/>\n<meta property=\"og:site_name\" content=\"MEYDAN.TV\" \/>\n<meta property=\"article:published_time\" content=\"2023-01-24T12:31:16+00:00\" \/>\n<meta property=\"article:modified_time\" content=\"2023-01-24T12:31:29+00:00\" \/>\n<meta property=\"og:image\" content=\"https:\/\/www.meydan.tv\/wp-content\/uploads\/shutterstock_361449011-e1645789448476.jpg\" \/>\n\t<meta property=\"og:image:width\" content=\"1200\" \/>\n\t<meta property=\"og:image:height\" content=\"636\" \/>\n\t<meta property=\"og:image:type\" content=\"image\/jpeg\" \/>\n<meta name=\"author\" content=\"elli\" \/>\n<meta name=\"twitter:card\" content=\"summary_large_image\" \/>\n<meta name=\"twitter:creator\" content=\"@elli\" \/>\n<script type=\"application\/ld+json\" class=\"yoast-schema-graph\">{\"@context\":\"https:\\\/\\\/schema.org\",\"@graph\":[{\"@type\":\"Article\",\"@id\":\"https:\\\/\\\/www.meydan.tv\\\/az\\\/article\\\/son-penn-berlin-film-festivalinda-ukrayna-hadiseleri-haqqinda-film-teqdim-edecek\\\/#article\",\"isPartOf\":{\"@id\":\"https:\\\/\\\/www.meydan.tv\\\/az\\\/article\\\/son-penn-berlin-film-festivalinda-ukrayna-hadiseleri-haqqinda-film-teqdim-edecek\\\/\"},\"author\":{\"name\":\"elli\",\"@id\":\"https:\\\/\\\/www.meydan.tv\\\/az\\\/#\\\/schema\\\/person\\\/9cdbecf90d17180ce1dfbd95b08dcf47\"},\"headline\":\"\u015eon Penn Berlin Film Festival\u0131nda Ukrayna hadis\u0259l\u0259ri haqq\u0131nda film t\u0259qdim ed\u0259c\u0259k\",\"datePublished\":\"2023-01-24T12:31:16+00:00\",\"dateModified\":\"2023-01-24T12:31:29+00:00\",\"mainEntityOfPage\":{\"@id\":\"https:\\\/\\\/www.meydan.tv\\\/az\\\/article\\\/son-penn-berlin-film-festivalinda-ukrayna-hadiseleri-haqqinda-film-teqdim-edecek\\\/\"},\"wordCount\":481,\"publisher\":{\"@id\":\"https:\\\/\\\/www.meydan.tv\\\/az\\\/#organization\"},\"image\":{\"@id\":\"https:\\\/\\\/www.meydan.tv\\\/az\\\/article\\\/son-penn-berlin-film-festivalinda-ukrayna-hadiseleri-haqqinda-film-teqdim-edecek\\\/#primaryimage\"},\"thumbnailUrl\":\"https:\\\/\\\/www.meydan.tv\\\/wp-content\\\/uploads\\\/shutterstock_361449011-e1645789448476.jpg\",\"articleSection\":[\"M\u0259d\u0259niyy\u0259t\",\"X\u0259b\u0259rl\u0259r\"],\"inLanguage\":\"az\"},{\"@type\":\"WebPage\",\"@id\":\"https:\\\/\\\/www.meydan.tv\\\/az\\\/article\\\/son-penn-berlin-film-festivalinda-ukrayna-hadiseleri-haqqinda-film-teqdim-edecek\\\/\",\"url\":\"https:\\\/\\\/www.meydan.tv\\\/az\\\/article\\\/son-penn-berlin-film-festivalinda-ukrayna-hadiseleri-haqqinda-film-teqdim-edecek\\\/\",\"name\":\"\u015eon Penn Berlin Film Festival\u0131nda Ukrayna hadis\u0259l\u0259ri haqq\u0131nda film t\u0259qdim ed\u0259c\u0259k - MEYDAN.TV\",\"isPartOf\":{\"@id\":\"https:\\\/\\\/www.meydan.tv\\\/az\\\/#website\"},\"primaryImageOfPage\":{\"@id\":\"https:\\\/\\\/www.meydan.tv\\\/az\\\/article\\\/son-penn-berlin-film-festivalinda-ukrayna-hadiseleri-haqqinda-film-teqdim-edecek\\\/#primaryimage\"},\"image\":{\"@id\":\"https:\\\/\\\/www.meydan.tv\\\/az\\\/article\\\/son-penn-berlin-film-festivalinda-ukrayna-hadiseleri-haqqinda-film-teqdim-edecek\\\/#primaryimage\"},\"thumbnailUrl\":\"https:\\\/\\\/www.meydan.tv\\\/wp-content\\\/uploads\\\/shutterstock_361449011-e1645789448476.jpg\",\"datePublished\":\"2023-01-24T12:31:16+00:00\",\"dateModified\":\"2023-01-24T12:31:29+00:00\",\"breadcrumb\":{\"@id\":\"https:\\\/\\\/www.meydan.tv\\\/az\\\/article\\\/son-penn-berlin-film-festivalinda-ukrayna-hadiseleri-haqqinda-film-teqdim-edecek\\\/#breadcrumb\"},\"inLanguage\":\"az\",\"potentialAction\":[{\"@type\":\"ReadAction\",\"target\":[\"https:\\\/\\\/www.meydan.tv\\\/az\\\/article\\\/son-penn-berlin-film-festivalinda-ukrayna-hadiseleri-haqqinda-film-teqdim-edecek\\\/\"]}]},{\"@type\":\"ImageObject\",\"inLanguage\":\"az\",\"@id\":\"https:\\\/\\\/www.meydan.tv\\\/az\\\/article\\\/son-penn-berlin-film-festivalinda-ukrayna-hadiseleri-haqqinda-film-teqdim-edecek\\\/#primaryimage\",\"url\":\"https:\\\/\\\/www.meydan.tv\\\/wp-content\\\/uploads\\\/shutterstock_361449011-e1645789448476.jpg\",\"contentUrl\":\"https:\\\/\\\/www.meydan.tv\\\/wp-content\\\/uploads\\\/shutterstock_361449011-e1645789448476.jpg\",\"width\":1200,\"height\":636,\"caption\":\"\u015eon Penn. Frippitaun\\\/shutterstock\"},{\"@type\":\"BreadcrumbList\",\"@id\":\"https:\\\/\\\/www.meydan.tv\\\/az\\\/article\\\/son-penn-berlin-film-festivalinda-ukrayna-hadiseleri-haqqinda-film-teqdim-edecek\\\/#breadcrumb\",\"itemListElement\":[{\"@type\":\"ListItem\",\"position\":1,\"name\":\"Ana s\u0259hif\u0259\",\"item\":\"https:\\\/\\\/www.meydan.tv\\\/az\\\/\"},{\"@type\":\"ListItem\",\"position\":2,\"name\":\"M\u0259d\u0259niyy\u0259t\",\"item\":\"https:\\\/\\\/www.meydan.tv\\\/az\\\/section\\\/medeniyyet\\\/\"},{\"@type\":\"ListItem\",\"position\":3,\"name\":\"\u015eon Penn Berlin Film Festival\u0131nda Ukrayna hadis\u0259l\u0259ri haqq\u0131nda film t\u0259qdim ed\u0259c\u0259k\"}]},{\"@type\":\"WebSite\",\"@id\":\"https:\\\/\\\/www.meydan.tv\\\/az\\\/#website\",\"url\":\"https:\\\/\\\/www.meydan.tv\\\/az\\\/\",\"name\":\"MEYDAN.TV\",\"description\":\"Meydan TV Az\u0259rbaycan\u0131n media m\u0259kan\u0131ndak\u0131 alternativ s\u0259sidir\",\"publisher\":{\"@id\":\"https:\\\/\\\/www.meydan.tv\\\/az\\\/#organization\"},\"potentialAction\":[{\"@type\":\"SearchAction\",\"target\":{\"@type\":\"EntryPoint\",\"urlTemplate\":\"https:\\\/\\\/www.meydan.tv\\\/az\\\/?s={search_term_string}\"},\"query-input\":{\"@type\":\"PropertyValueSpecification\",\"valueRequired\":true,\"valueName\":\"search_term_string\"}}],\"inLanguage\":\"az\"},{\"@type\":\"Organization\",\"@id\":\"https:\\\/\\\/www.meydan.tv\\\/az\\\/#organization\",\"name\":\"Meydan TV\",\"url\":\"https:\\\/\\\/www.meydan.tv\\\/az\\\/\",\"logo\":{\"@type\":\"ImageObject\",\"inLanguage\":\"az\",\"@id\":\"https:\\\/\\\/www.meydan.tv\\\/az\\\/#\\\/schema\\\/logo\\\/image\\\/\",\"url\":\"https:\\\/\\\/www.meydan.tv\\\/wp-content\\\/uploads\\\/2021\\\/07\\\/meydan-logo.svg\",\"contentUrl\":\"https:\\\/\\\/www.meydan.tv\\\/wp-content\\\/uploads\\\/2021\\\/07\\\/meydan-logo.svg\",\"width\":195,\"height\":46,\"caption\":\"Meydan TV\"},\"image\":{\"@id\":\"https:\\\/\\\/www.meydan.tv\\\/az\\\/#\\\/schema\\\/logo\\\/image\\\/\"}},{\"@type\":\"Person\",\"@id\":\"https:\\\/\\\/www.meydan.tv\\\/az\\\/#\\\/schema\\\/person\\\/9cdbecf90d17180ce1dfbd95b08dcf47\",\"name\":\"elli\",\"sameAs\":[\"https:\\\/\\\/x.com\\\/elli\"]}]}<\/script>\n<!-- \/ Yoast SEO plugin. -->","yoast_head_json":{"title":"\u015eon Penn Berlin Film Festival\u0131nda Ukrayna hadis\u0259l\u0259ri haqq\u0131nda film t\u0259qdim ed\u0259c\u0259k - MEYDAN.TV","robots":{"index":"index","follow":"follow","max-snippet":"max-snippet:-1","max-image-preview":"max-image-preview:large","max-video-preview":"max-video-preview:-1"},"canonical":"https:\/\/www.meydan.tv\/az\/article\/son-penn-berlin-film-festivalinda-ukrayna-hadiseleri-haqqinda-film-teqdim-edecek\/","og_locale":"az_AZ","og_type":"article","og_title":"\u015eon Penn Berlin Film Festival\u0131nda Ukrayna hadis\u0259l\u0259ri haqq\u0131nda film t\u0259qdim ed\u0259c\u0259k - MEYDAN.TV","og_description":"\u201cSuperg\u00fcc\u201d adl\u0131 film Rusiyan\u0131n ke\u00e7irdiyi h\u0259rbi \u0259m\u0259liyyatlarla ba\u011fl\u0131d\u0131r Amerikal\u0131 aktyor, ... Davam\u0131","og_url":"https:\/\/www.meydan.tv\/az\/article\/son-penn-berlin-film-festivalinda-ukrayna-hadiseleri-haqqinda-film-teqdim-edecek\/","og_site_name":"MEYDAN.TV","article_published_time":"2023-01-24T12:31:16+00:00","article_modified_time":"2023-01-24T12:31:29+00:00","og_image":[{"width":1200,"height":636,"url":"https:\/\/www.meydan.tv\/wp-content\/uploads\/shutterstock_361449011-e1645789448476.jpg","type":"image\/jpeg"}],"author":"elli","twitter_card":"summary_large_image","twitter_creator":"@elli","schema":{"@context":"https:\/\/schema.org","@graph":[{"@type":"Article","@id":"https:\/\/www.meydan.tv\/az\/article\/son-penn-berlin-film-festivalinda-ukrayna-hadiseleri-haqqinda-film-teqdim-edecek\/#article","isPartOf":{"@id":"https:\/\/www.meydan.tv\/az\/article\/son-penn-berlin-film-festivalinda-ukrayna-hadiseleri-haqqinda-film-teqdim-edecek\/"},"author":{"name":"elli","@id":"https:\/\/www.meydan.tv\/az\/#\/schema\/person\/9cdbecf90d17180ce1dfbd95b08dcf47"},"headline":"\u015eon Penn Berlin Film Festival\u0131nda Ukrayna hadis\u0259l\u0259ri haqq\u0131nda film t\u0259qdim ed\u0259c\u0259k","datePublished":"2023-01-24T12:31:16+00:00","dateModified":"2023-01-24T12:31:29+00:00","mainEntityOfPage":{"@id":"https:\/\/www.meydan.tv\/az\/article\/son-penn-berlin-film-festivalinda-ukrayna-hadiseleri-haqqinda-film-teqdim-edecek\/"},"wordCount":481,"publisher":{"@id":"https:\/\/www.meydan.tv\/az\/#organization"},"image":{"@id":"https:\/\/www.meydan.tv\/az\/article\/son-penn-berlin-film-festivalinda-ukrayna-hadiseleri-haqqinda-film-teqdim-edecek\/#primaryimage"},"thumbnailUrl":"https:\/\/www.meydan.tv\/wp-content\/uploads\/shutterstock_361449011-e1645789448476.jpg","articleSection":["M\u0259d\u0259niyy\u0259t","X\u0259b\u0259rl\u0259r"],"inLanguage":"az"},{"@type":"WebPage","@id":"https:\/\/www.meydan.tv\/az\/article\/son-penn-berlin-film-festivalinda-ukrayna-hadiseleri-haqqinda-film-teqdim-edecek\/","url":"https:\/\/www.meydan.tv\/az\/article\/son-penn-berlin-film-festivalinda-ukrayna-hadiseleri-haqqinda-film-teqdim-edecek\/","name":"\u015eon Penn Berlin Film Festival\u0131nda Ukrayna hadis\u0259l\u0259ri haqq\u0131nda film t\u0259qdim ed\u0259c\u0259k - MEYDAN.TV","isPartOf":{"@id":"https:\/\/www.meydan.tv\/az\/#website"},"primaryImageOfPage":{"@id":"https:\/\/www.meydan.tv\/az\/article\/son-penn-berlin-film-festivalinda-ukrayna-hadiseleri-haqqinda-film-teqdim-edecek\/#primaryimage"},"image":{"@id":"https:\/\/www.meydan.tv\/az\/article\/son-penn-berlin-film-festivalinda-ukrayna-hadiseleri-haqqinda-film-teqdim-edecek\/#primaryimage"},"thumbnailUrl":"https:\/\/www.meydan.tv\/wp-content\/uploads\/shutterstock_361449011-e1645789448476.jpg","datePublished":"2023-01-24T12:31:16+00:00","dateModified":"2023-01-24T12:31:29+00:00","breadcrumb":{"@id":"https:\/\/www.meydan.tv\/az\/article\/son-penn-berlin-film-festivalinda-ukrayna-hadiseleri-haqqinda-film-teqdim-edecek\/#breadcrumb"},"inLanguage":"az","potentialAction":[{"@type":"ReadAction","target":["https:\/\/www.meydan.tv\/az\/article\/son-penn-berlin-film-festivalinda-ukrayna-hadiseleri-haqqinda-film-teqdim-edecek\/"]}]},{"@type":"ImageObject","inLanguage":"az","@id":"https:\/\/www.meydan.tv\/az\/article\/son-penn-berlin-film-festivalinda-ukrayna-hadiseleri-haqqinda-film-teqdim-edecek\/#primaryimage","url":"https:\/\/www.meydan.tv\/wp-content\/uploads\/shutterstock_361449011-e1645789448476.jpg","contentUrl":"https:\/\/www.meydan.tv\/wp-content\/uploads\/shutterstock_361449011-e1645789448476.jpg","width":1200,"height":636,"caption":"\u015eon Penn. Frippitaun\/shutterstock"},{"@type":"BreadcrumbList","@id":"https:\/\/www.meydan.tv\/az\/article\/son-penn-berlin-film-festivalinda-ukrayna-hadiseleri-haqqinda-film-teqdim-edecek\/#breadcrumb","itemListElement":[{"@type":"ListItem","position":1,"name":"Ana s\u0259hif\u0259","item":"https:\/\/www.meydan.tv\/az\/"},{"@type":"ListItem","position":2,"name":"M\u0259d\u0259niyy\u0259t","item":"https:\/\/www.meydan.tv\/az\/section\/medeniyyet\/"},{"@type":"ListItem","position":3,"name":"\u015eon Penn Berlin Film Festival\u0131nda Ukrayna hadis\u0259l\u0259ri haqq\u0131nda film t\u0259qdim ed\u0259c\u0259k"}]},{"@type":"WebSite","@id":"https:\/\/www.meydan.tv\/az\/#website","url":"https:\/\/www.meydan.tv\/az\/","name":"MEYDAN.TV","description":"Meydan TV Az\u0259rbaycan\u0131n media m\u0259kan\u0131ndak\u0131 alternativ s\u0259sidir","publisher":{"@id":"https:\/\/www.meydan.tv\/az\/#organization"},"potentialAction":[{"@type":"SearchAction","target":{"@type":"EntryPoint","urlTemplate":"https:\/\/www.meydan.tv\/az\/?s={search_term_string}"},"query-input":{"@type":"PropertyValueSpecification","valueRequired":true,"valueName":"search_term_string"}}],"inLanguage":"az"},{"@type":"Organization","@id":"https:\/\/www.meydan.tv\/az\/#organization","name":"Meydan TV","url":"https:\/\/www.meydan.tv\/az\/","logo":{"@type":"ImageObject","inLanguage":"az","@id":"https:\/\/www.meydan.tv\/az\/#\/schema\/logo\/image\/","url":"https:\/\/www.meydan.tv\/wp-content\/uploads\/2021\/07\/meydan-logo.svg","contentUrl":"https:\/\/www.meydan.tv\/wp-content\/uploads\/2021\/07\/meydan-logo.svg","width":195,"height":46,"caption":"Meydan TV"},"image":{"@id":"https:\/\/www.meydan.tv\/az\/#\/schema\/logo\/image\/"}},{"@type":"Person","@id":"https:\/\/www.meydan.tv\/az\/#\/schema\/person\/9cdbecf90d17180ce1dfbd95b08dcf47","name":"elli","sameAs":["https:\/\/x.com\/elli"]}]}},"_links":{"self":[{"href":"https:\/\/www.meydan.tv\/az\/wp-json\/wp\/v2\/posts\/266560","targetHints":{"allow":["GET"]}}],"collection":[{"href":"https:\/\/www.meydan.tv\/az\/wp-json\/wp\/v2\/posts"}],"about":[{"href":"https:\/\/www.meydan.tv\/az\/wp-json\/wp\/v2\/types\/post"}],"author":[{"embeddable":true,"href":"https:\/\/www.meydan.tv\/az\/wp-json\/wp\/v2\/users\/8"}],"replies":[{"embeddable":true,"href":"https:\/\/www.meydan.tv\/az\/wp-json\/wp\/v2\/comments?post=266560"}],"version-history":[{"count":3,"href":"https:\/\/www.meydan.tv\/az\/wp-json\/wp\/v2\/posts\/266560\/revisions"}],"predecessor-version":[{"id":266576,"href":"https:\/\/www.meydan.tv\/az\/wp-json\/wp\/v2\/posts\/266560\/revisions\/266576"}],"wp:featuredmedia":[{"embeddable":true,"href":"https:\/\/www.meydan.tv\/az\/wp-json\/wp\/v2\/media\/235966"}],"wp:attachment":[{"href":"https:\/\/www.meydan.tv\/az\/wp-json\/wp\/v2\/media?parent=266560"}],"wp:term":[{"taxonomy":"category","embeddable":true,"href":"https:\/\/www.meydan.tv\/az\/wp-json\/wp\/v2\/categories?post=266560"},{"taxonomy":"post_tag","embeddable":true,"href":"https:\/\/www.meydan.tv\/az\/wp-json\/wp\/v2\/tags?post=266560"}],"curies":[{"name":"wp","href":"https:\/\/api.w.org\/{rel}","templated":true}]}}