{"id":266522,"date":"2023-01-24T14:39:56","date_gmt":"2023-01-24T10:39:56","guid":{"rendered":"https:\/\/www.meydan.tv\/?p=266522"},"modified":"2023-01-24T14:39:59","modified_gmt":"2023-01-24T10:39:59","slug":"alimpasa-memmedov-tapsirigi-men-vermisdim-qudret-eliyev-yigilan-meblegi-mene-verib","status":"publish","type":"post","link":"https:\/\/www.meydan.tv\/az\/article\/alimpasa-memmedov-tapsirigi-men-vermisdim-qudret-eliyev-yigilan-meblegi-mene-verib\/","title":{"rendered":"Alimpa\u015fa M\u0259mm\u0259dov: \u201cTap\u015f\u0131r\u0131\u011f\u0131 m\u0259n vermi\u015fdim, Q\u00fcdr\u0259t \u018fliyev y\u0131\u011f\u0131lan m\u0259bl\u0259\u011fi m\u0259n\u0259 verib\u201d"},"content":{"rendered":"\n<p><\/p>\n\n\n\n<p><em>H\u0259bsd\u0259ki icra ba\u015f\u00e7\u0131s\u0131ndan \u0259halinin siyah\u0131ya al\u0131nmas\u0131yla ba\u011fl\u0131 etiraf<\/em><\/p>\n\n\n\n<p>Bir m\u00fcdd\u0259t \u0259vv\u0259l Az\u0259rbaycanda m\u0259hk\u0259m\u0259 hakiml\u0259rind\u0259n bir qisminin v\u0259zif\u0259 d\u0259yi\u015fikliyi zaman\u0131 \u015e\u0259mkirin sabiq icra ba\u015f\u00e7\u0131s\u0131, 2021-ci ilin aprelind\u0259n h\u0259bsd\u0259 olan Alimpa\u015fa M\u0259mm\u0259dovun i\u015fin\u0259 baxan hakimin d\u0259 i\u015f yeri d\u0259yi\u015fdi. Hakim Nural \u018fliyev G\u0259nc\u0259 A\u011f\u0131r Cinay\u0259tl\u0259r M\u0259hk\u0259m\u0259sind\u0259n G\u0259nc\u0259 Apelyasiya M\u0259hk\u0259m\u0259sin\u0259 g\u00f6nd\u0259rildi. Bu s\u0259b\u0259bd\u0259n Alimpa\u015fa M\u0259mm\u0259dovun i\u015finin ara\u015fd\u0131r\u0131lmas\u0131 G\u0259nc\u0259 A\u011f\u0131r Cinay\u0259tl\u0259r M\u0259hk\u0259m\u0259sind\u0259 bu d\u0259f\u0259 Elmin R\u00fcst\u0259movun s\u0259drlik etdiyi hakiml\u0259r kollegiyas\u0131 bax\u0131r.<\/p>\n\n\n\n<p>Haz\u0131rda m\u0259hk\u0259m\u0259 prosesind\u0259 \u015fahidl\u0259rin dindirilm\u0259si m\u0259rh\u0259l\u0259sidir. Yanvar\u0131n 24-d\u0259 m\u0259hk\u0259m\u0259d\u0259 16 \u015fahid dindirilib.<\/p>\n\n\n\n<p>Alimpa\u015fa M\u0259mm\u0259dov Sahibkarl\u0131\u011f\u0131n \u0130nki\u015faf\u0131na Yard\u0131m Fondunun x\u0259tti il\u0259 g\u00f6t\u00fcr\u00fcl\u0259n kreditl\u0259rin geri qaytar\u0131lmas\u0131nda yaranm\u0131\u015f probleml\u0259r\u0259 m\u00fcnasib\u0259t bildir\u0259rk\u0259n deyib ki, bu m\u0259s\u0259l\u0259nin ona aidiyy\u0259ti yoxdur. <\/p>\n\n\n\n<p>Onun s\u00f6zl\u0259rin\u0259 g\u00f6r\u0259, h\u0259min kreditl\u0259r m\u00fcxt\u0259lif sahibkarlar t\u0259r\u0259find\u0259n g\u00f6t\u00fcr\u00fcl\u00fcb, m\u0259suliyy\u0259ti d\u0259 onlar\u0131n \u00f6zl\u0259ri da\u015f\u0131y\u0131r.<\/p>\n\n\n\n<p>M\u0259hk\u0259m\u0259d\u0259 dindiril\u0259n \u015fahidl\u0259rd\u0259n \u015e\u0259mkir rayonunun \u018fliyaqublu k\u0259nd icra n\u00fcmay\u0259nd\u0259si v\u0259zif\u0259sind\u0259 \u00e7al\u0131\u015fm\u0131\u015f Orxan M\u00fcrs\u0259lov deyib ki, 2019-cu ild\u0259 \u0259halinin siyah\u0131ya al\u0131nmas\u0131 zaman\u0131 9 say\u0131c\u0131dan pul al\u0131n\u0131b. H\u0259min pulu al\u0131b, Statistika \u0130dar\u0259sinin r\u0259hb\u0259ri P\u0259rvin G\u00f6z\u0259lovaya \u00e7atd\u0131r\u0131b: <\/p>\n\n\n\n<p>\u201cBu tap\u015f\u0131r\u0131\u011f\u0131 icra ba\u015f\u00e7\u0131s\u0131n\u0131n birinci m\u00fcavini Q\u00fcdr\u0259t \u018fliyev vermi\u015fdi\u201d.<\/p>\n\n\n\n<p>\u0130rma\u015fl\u0131 k\u0259nd v\u0259 Z\u0259y\u0259m q\u0259s\u0259b\u0259si \u00fczr\u0259 ke\u00e7mi\u015f icra n\u00fcmay\u0259nd\u0259si M\u00fcbariz Musayev is\u0259 siyah\u0131ya al\u0131nma zaman\u0131 P\u0259rvin G\u00f6z\u0259lovaya 1080 manat pul verdiyini iddia edib. O da bildirib ki, s\u00f6z\u00fcged\u0259n tap\u015f\u0131r\u0131\u011f\u0131 Q\u00fcdr\u0259t \u018fliyevd\u0259n alm\u0131\u015fd\u0131.<\/p>\n\n\n\n<p>Dig\u0259r ke\u00e7mi\u015f icra n\u00fcmay\u0259nd\u0259l\u0259ri Elnur \u018fliyev, Eldar Murquzov v\u0259 s. \u015fahidl\u0259r d\u0259 b\u0259nz\u0259r ifad\u0259l\u0259r veribl\u0259r.<\/p>\n\n\n\n<p>\u201cBu tap\u015f\u0131r\u0131\u011f\u0131 biz\u0259 Q\u00fcdr\u0259t \u018fliyev vermi\u015fdi. Demi\u015fdi ki, toplanan v\u0259sait rayonun abadl\u0131q i\u015fl\u0259rin\u0259 x\u0259rcl\u0259n\u0259c\u0259k. Say\u0131c\u0131lar 298 manat almal\u0131yd\u0131, bu pullar\u0131n bir hiss\u0259sini al\u0131rd\u0131\u201d, &#8211; Eldar Murquzov bildirib.<\/p>\n\n\n\n<p>Alimpa\u015fa M\u0259mm\u0259dov \u00fcmumilikd\u0259 40 min manat v\u0259sait topland\u0131\u011f\u0131n\u0131 t\u0259sdiql\u0259yib:<\/p>\n\n\n\n<p>\u201cTap\u015f\u0131r\u0131\u011f\u0131 m\u0259n vermi\u015fdim. G\u00fcnahkar bu adamlar deyil. Q\u00fcdr\u0259t \u018fliyev y\u0131\u011f\u0131lan m\u0259bl\u0259\u011fi m\u0259n\u0259 verib\u201d.<\/p>\n\n\n\n<p>Sabiq icra ba\u015f\u00e7\u0131s\u0131n\u0131n m\u0259hk\u0259m\u0259si yanvar\u0131n 31-d\u0259 davam ed\u0259c\u0259k.<\/p>\n\n\n\n<p>2014-2021-ci ill\u0259rd\u0259 \u015e\u0259mkir Rayon \u0130cra Hakimiyy\u0259tinin ba\u015f\u00e7\u0131s\u0131 olmu\u015f Alimpa\u015fa M\u0259mm\u0259dov 2021-ci il aprelin 29-da qurumun binas\u0131nda DTX ke\u00e7irdiyi \u0259m\u0259liyyat n\u0259tic\u0259sind\u0259 h\u0259bs edilib. O, icra ba\u015f\u00e7\u0131s\u0131 v\u0259zif\u0259sind\u0259n \u00f6nc\u0259 3 il Bak\u0131 \u015e\u0259h\u0259r Vergil\u0259r Departamentinin r\u0259isi v\u0259zif\u0259sind\u0259 \u00e7al\u0131\u015f\u0131b.<\/p>\n\n\n\n<p>Alimpa\u015fa M\u0259mm\u0259dova qar\u015f\u0131 Cinay\u0259t M\u0259c\u0259ll\u0259sinin 179.4 (x\u00fcsusil\u0259 k\u00fclli miqdarda m\u0259nims\u0259m\u0259), 193-1 (cinay\u0259t yoluyla \u0259ld\u0259 edilmi\u015f v\u0259saitl\u0259ri leqalla\u015fd\u0131rma), 308 (v\u0259zif\u0259 s\u0259lahiyy\u0259tl\u0259rind\u0259n sui-istifad\u0259 etm\u0259) v\u0259 311-ci (r\u00fc\u015fv\u0259t alma) madd\u0259l\u0259ril\u0259 ittiham ir\u0259li s\u00fcr\u00fcl\u00fcb.<\/p>\n\n\n\n<p>Onun h\u0259bsind\u0259n sonra \u00f6z\u00fcn\u00fcn v\u0259 yax\u0131nlar\u0131n\u0131n 10 milyondan \u00e7ox d\u0259y\u0259rd\u0259 \u0259mlak\u0131 \u00fcz\u0259rin\u0259 h\u0259bs qoyulub. <\/p>\n\n\n\n<p>Onlar\u0131n aras\u0131nda &#8220;Abad \u015e\u0259mkir\u201d MMC &#8211; qida m\u0259hsullar\u0131 istehsal zavodu, \u201cAz Farel\u201d MMC &#8211; bal\u0131q yeti\u015fdirm\u0259 v\u0259 emal\u0131 m\u00fc\u0259ssis\u0259si v\u0259 Bak\u0131da m\u0259nzill\u0259r d\u0259 var.<\/p>\n\n\n\n<p>Az\u0259rbaycanda icra ba\u015f\u00e7\u0131lar\u0131n\u0131n h\u0259bs dal\u011fas\u0131 2019-cu ilin dekabr\u0131nda A\u011fstafa v\u0259 Yevlaxdan ba\u015flay\u0131b. Daha sonra Neft\u00e7ala, Bil\u0259suvar, \u0130mi\u015fli, C\u0259lilabad, K\u00fcrd\u0259mir v\u0259 \u015e\u0259mkir rayon icra hakimiyy\u0259tl\u0259rind\u0259 d\u0259 b\u0259nz\u0259r \u0259m\u0259liyyatlar ke\u00e7irilib. H\u0259bs edil\u0259n icra ba\u015f\u00e7\u0131lar\u0131n\u0131n Alimpa\u015fa M\u0259mm\u0259dov olub.<\/p>\n","protected":false},"excerpt":{"rendered":"<p>H\u0259bsd\u0259ki icra ba\u015f\u00e7\u0131s\u0131ndan \u0259halinin siyah\u0131ya al\u0131nmas\u0131yla ba\u011fl\u0131 etiraf Bir m\u00fcdd\u0259t &#8230; <\/p>\n<p class=\"read-more-container\"><a title=\"Alimpa\u015fa M\u0259mm\u0259dov: \u201cTap\u015f\u0131r\u0131\u011f\u0131 m\u0259n vermi\u015fdim, Q\u00fcdr\u0259t \u018fliyev y\u0131\u011f\u0131lan m\u0259bl\u0259\u011fi m\u0259n\u0259 verib\u201d\" class=\"read-more button\" href=\"https:\/\/www.meydan.tv\/az\/article\/alimpasa-memmedov-tapsirigi-men-vermisdim-qudret-eliyev-yigilan-meblegi-mene-verib\/#more-266522\" aria-label=\"Read more about Alimpa\u015fa M\u0259mm\u0259dov: \u201cTap\u015f\u0131r\u0131\u011f\u0131 m\u0259n vermi\u015fdim, Q\u00fcdr\u0259t \u018fliyev y\u0131\u011f\u0131lan m\u0259bl\u0259\u011fi m\u0259n\u0259 verib\u201d\">Davam\u0131<\/a><\/p>\n","protected":false},"author":8,"featured_media":261706,"comment_status":"closed","ping_status":"closed","sticky":false,"template":"","format":"standard","meta":{"_acf_changed":false,"_sitemap_exclude":false,"_sitemap_priority":"","_sitemap_frequency":"","footnotes":""},"categories":[60,79,56],"tags":[],"class_list":["post-266522","post","type-post","status-publish","format-standard","has-post-thumbnail","hentry","category-bolge","category-featured","category-xeberler","infinite-scroll-item","generate-columns","tablet-grid-50","mobile-grid-100","grid-parent","grid-33","no-featured-image-padding"],"acf":[],"yoast_head":"<!-- This site is optimized with the Yoast SEO plugin v27.5 - https:\/\/yoast.com\/product\/yoast-seo-wordpress\/ -->\n<title>Alimpa\u015fa M\u0259mm\u0259dov: \u201cTap\u015f\u0131r\u0131\u011f\u0131 m\u0259n vermi\u015fdim, Q\u00fcdr\u0259t \u018fliyev y\u0131\u011f\u0131lan m\u0259bl\u0259\u011fi m\u0259n\u0259 verib\u201d - MEYDAN.TV<\/title>\n<meta name=\"robots\" content=\"index, follow, max-snippet:-1, max-image-preview:large, max-video-preview:-1\" \/>\n<link rel=\"canonical\" href=\"https:\/\/www.meydan.tv\/az\/article\/alimpasa-memmedov-tapsirigi-men-vermisdim-qudret-eliyev-yigilan-meblegi-mene-verib\/\" \/>\n<meta property=\"og:locale\" content=\"az_AZ\" \/>\n<meta property=\"og:type\" content=\"article\" \/>\n<meta property=\"og:title\" content=\"Alimpa\u015fa M\u0259mm\u0259dov: \u201cTap\u015f\u0131r\u0131\u011f\u0131 m\u0259n vermi\u015fdim, Q\u00fcdr\u0259t \u018fliyev y\u0131\u011f\u0131lan m\u0259bl\u0259\u011fi m\u0259n\u0259 verib\u201d - MEYDAN.TV\" \/>\n<meta property=\"og:description\" content=\"H\u0259bsd\u0259ki icra ba\u015f\u00e7\u0131s\u0131ndan \u0259halinin siyah\u0131ya al\u0131nmas\u0131yla ba\u011fl\u0131 etiraf Bir m\u00fcdd\u0259t ... Davam\u0131\" \/>\n<meta property=\"og:url\" content=\"https:\/\/www.meydan.tv\/az\/article\/alimpasa-memmedov-tapsirigi-men-vermisdim-qudret-eliyev-yigilan-meblegi-mene-verib\/\" \/>\n<meta property=\"og:site_name\" content=\"MEYDAN.TV\" \/>\n<meta property=\"article:published_time\" content=\"2023-01-24T10:39:56+00:00\" \/>\n<meta property=\"article:modified_time\" content=\"2023-01-24T10:39:59+00:00\" \/>\n<meta property=\"og:image\" content=\"https:\/\/www.meydan.tv\/wp-content\/uploads\/untitled-design-6-26.jpg\" \/>\n\t<meta property=\"og:image:width\" content=\"1200\" \/>\n\t<meta property=\"og:image:height\" content=\"800\" \/>\n\t<meta property=\"og:image:type\" content=\"image\/jpeg\" \/>\n<meta name=\"author\" content=\"elli\" \/>\n<meta name=\"twitter:card\" content=\"summary_large_image\" \/>\n<meta name=\"twitter:creator\" content=\"@elli\" \/>\n<script type=\"application\/ld+json\" class=\"yoast-schema-graph\">{\"@context\":\"https:\\\/\\\/schema.org\",\"@graph\":[{\"@type\":\"Article\",\"@id\":\"https:\\\/\\\/www.meydan.tv\\\/az\\\/article\\\/alimpasa-memmedov-tapsirigi-men-vermisdim-qudret-eliyev-yigilan-meblegi-mene-verib\\\/#article\",\"isPartOf\":{\"@id\":\"https:\\\/\\\/www.meydan.tv\\\/az\\\/article\\\/alimpasa-memmedov-tapsirigi-men-vermisdim-qudret-eliyev-yigilan-meblegi-mene-verib\\\/\"},\"author\":{\"name\":\"elli\",\"@id\":\"https:\\\/\\\/www.meydan.tv\\\/az\\\/#\\\/schema\\\/person\\\/9cdbecf90d17180ce1dfbd95b08dcf47\"},\"headline\":\"Alimpa\u015fa M\u0259mm\u0259dov: \u201cTap\u015f\u0131r\u0131\u011f\u0131 m\u0259n vermi\u015fdim, Q\u00fcdr\u0259t \u018fliyev y\u0131\u011f\u0131lan m\u0259bl\u0259\u011fi m\u0259n\u0259 verib\u201d\",\"datePublished\":\"2023-01-24T10:39:56+00:00\",\"dateModified\":\"2023-01-24T10:39:59+00:00\",\"mainEntityOfPage\":{\"@id\":\"https:\\\/\\\/www.meydan.tv\\\/az\\\/article\\\/alimpasa-memmedov-tapsirigi-men-vermisdim-qudret-eliyev-yigilan-meblegi-mene-verib\\\/\"},\"wordCount\":761,\"publisher\":{\"@id\":\"https:\\\/\\\/www.meydan.tv\\\/az\\\/#organization\"},\"image\":{\"@id\":\"https:\\\/\\\/www.meydan.tv\\\/az\\\/article\\\/alimpasa-memmedov-tapsirigi-men-vermisdim-qudret-eliyev-yigilan-meblegi-mene-verib\\\/#primaryimage\"},\"thumbnailUrl\":\"https:\\\/\\\/www.meydan.tv\\\/wp-content\\\/uploads\\\/untitled-design-6-26.jpg\",\"articleSection\":[\"B\u00f6lg\u0259\",\"T\u00f6vsiy\u0259\",\"X\u0259b\u0259rl\u0259r\"],\"inLanguage\":\"az\"},{\"@type\":\"WebPage\",\"@id\":\"https:\\\/\\\/www.meydan.tv\\\/az\\\/article\\\/alimpasa-memmedov-tapsirigi-men-vermisdim-qudret-eliyev-yigilan-meblegi-mene-verib\\\/\",\"url\":\"https:\\\/\\\/www.meydan.tv\\\/az\\\/article\\\/alimpasa-memmedov-tapsirigi-men-vermisdim-qudret-eliyev-yigilan-meblegi-mene-verib\\\/\",\"name\":\"Alimpa\u015fa M\u0259mm\u0259dov: \u201cTap\u015f\u0131r\u0131\u011f\u0131 m\u0259n vermi\u015fdim, Q\u00fcdr\u0259t \u018fliyev y\u0131\u011f\u0131lan m\u0259bl\u0259\u011fi m\u0259n\u0259 verib\u201d - MEYDAN.TV\",\"isPartOf\":{\"@id\":\"https:\\\/\\\/www.meydan.tv\\\/az\\\/#website\"},\"primaryImageOfPage\":{\"@id\":\"https:\\\/\\\/www.meydan.tv\\\/az\\\/article\\\/alimpasa-memmedov-tapsirigi-men-vermisdim-qudret-eliyev-yigilan-meblegi-mene-verib\\\/#primaryimage\"},\"image\":{\"@id\":\"https:\\\/\\\/www.meydan.tv\\\/az\\\/article\\\/alimpasa-memmedov-tapsirigi-men-vermisdim-qudret-eliyev-yigilan-meblegi-mene-verib\\\/#primaryimage\"},\"thumbnailUrl\":\"https:\\\/\\\/www.meydan.tv\\\/wp-content\\\/uploads\\\/untitled-design-6-26.jpg\",\"datePublished\":\"2023-01-24T10:39:56+00:00\",\"dateModified\":\"2023-01-24T10:39:59+00:00\",\"breadcrumb\":{\"@id\":\"https:\\\/\\\/www.meydan.tv\\\/az\\\/article\\\/alimpasa-memmedov-tapsirigi-men-vermisdim-qudret-eliyev-yigilan-meblegi-mene-verib\\\/#breadcrumb\"},\"inLanguage\":\"az\",\"potentialAction\":[{\"@type\":\"ReadAction\",\"target\":[\"https:\\\/\\\/www.meydan.tv\\\/az\\\/article\\\/alimpasa-memmedov-tapsirigi-men-vermisdim-qudret-eliyev-yigilan-meblegi-mene-verib\\\/\"]}]},{\"@type\":\"ImageObject\",\"inLanguage\":\"az\",\"@id\":\"https:\\\/\\\/www.meydan.tv\\\/az\\\/article\\\/alimpasa-memmedov-tapsirigi-men-vermisdim-qudret-eliyev-yigilan-meblegi-mene-verib\\\/#primaryimage\",\"url\":\"https:\\\/\\\/www.meydan.tv\\\/wp-content\\\/uploads\\\/untitled-design-6-26.jpg\",\"contentUrl\":\"https:\\\/\\\/www.meydan.tv\\\/wp-content\\\/uploads\\\/untitled-design-6-26.jpg\",\"width\":1200,\"height\":800,\"caption\":\"Alimpa\u015fa M\u0259mm\u0259dov. Foto: Meydan TV\"},{\"@type\":\"BreadcrumbList\",\"@id\":\"https:\\\/\\\/www.meydan.tv\\\/az\\\/article\\\/alimpasa-memmedov-tapsirigi-men-vermisdim-qudret-eliyev-yigilan-meblegi-mene-verib\\\/#breadcrumb\",\"itemListElement\":[{\"@type\":\"ListItem\",\"position\":1,\"name\":\"Ana s\u0259hif\u0259\",\"item\":\"https:\\\/\\\/www.meydan.tv\\\/az\\\/\"},{\"@type\":\"ListItem\",\"position\":2,\"name\":\"B\u00f6lg\u0259\",\"item\":\"https:\\\/\\\/www.meydan.tv\\\/az\\\/section\\\/bolge\\\/\"},{\"@type\":\"ListItem\",\"position\":3,\"name\":\"Alimpa\u015fa M\u0259mm\u0259dov: \u201cTap\u015f\u0131r\u0131\u011f\u0131 m\u0259n vermi\u015fdim, Q\u00fcdr\u0259t \u018fliyev y\u0131\u011f\u0131lan m\u0259bl\u0259\u011fi m\u0259n\u0259 verib\u201d\"}]},{\"@type\":\"WebSite\",\"@id\":\"https:\\\/\\\/www.meydan.tv\\\/az\\\/#website\",\"url\":\"https:\\\/\\\/www.meydan.tv\\\/az\\\/\",\"name\":\"MEYDAN.TV\",\"description\":\"Meydan TV Az\u0259rbaycan\u0131n media m\u0259kan\u0131ndak\u0131 alternativ s\u0259sidir\",\"publisher\":{\"@id\":\"https:\\\/\\\/www.meydan.tv\\\/az\\\/#organization\"},\"potentialAction\":[{\"@type\":\"SearchAction\",\"target\":{\"@type\":\"EntryPoint\",\"urlTemplate\":\"https:\\\/\\\/www.meydan.tv\\\/az\\\/?s={search_term_string}\"},\"query-input\":{\"@type\":\"PropertyValueSpecification\",\"valueRequired\":true,\"valueName\":\"search_term_string\"}}],\"inLanguage\":\"az\"},{\"@type\":\"Organization\",\"@id\":\"https:\\\/\\\/www.meydan.tv\\\/az\\\/#organization\",\"name\":\"Meydan TV\",\"url\":\"https:\\\/\\\/www.meydan.tv\\\/az\\\/\",\"logo\":{\"@type\":\"ImageObject\",\"inLanguage\":\"az\",\"@id\":\"https:\\\/\\\/www.meydan.tv\\\/az\\\/#\\\/schema\\\/logo\\\/image\\\/\",\"url\":\"https:\\\/\\\/www.meydan.tv\\\/wp-content\\\/uploads\\\/2021\\\/07\\\/meydan-logo.svg\",\"contentUrl\":\"https:\\\/\\\/www.meydan.tv\\\/wp-content\\\/uploads\\\/2021\\\/07\\\/meydan-logo.svg\",\"width\":195,\"height\":46,\"caption\":\"Meydan TV\"},\"image\":{\"@id\":\"https:\\\/\\\/www.meydan.tv\\\/az\\\/#\\\/schema\\\/logo\\\/image\\\/\"}},{\"@type\":\"Person\",\"@id\":\"https:\\\/\\\/www.meydan.tv\\\/az\\\/#\\\/schema\\\/person\\\/9cdbecf90d17180ce1dfbd95b08dcf47\",\"name\":\"elli\",\"sameAs\":[\"https:\\\/\\\/x.com\\\/elli\"]}]}<\/script>\n<!-- \/ Yoast SEO plugin. -->","yoast_head_json":{"title":"Alimpa\u015fa M\u0259mm\u0259dov: \u201cTap\u015f\u0131r\u0131\u011f\u0131 m\u0259n vermi\u015fdim, Q\u00fcdr\u0259t \u018fliyev y\u0131\u011f\u0131lan m\u0259bl\u0259\u011fi m\u0259n\u0259 verib\u201d - MEYDAN.TV","robots":{"index":"index","follow":"follow","max-snippet":"max-snippet:-1","max-image-preview":"max-image-preview:large","max-video-preview":"max-video-preview:-1"},"canonical":"https:\/\/www.meydan.tv\/az\/article\/alimpasa-memmedov-tapsirigi-men-vermisdim-qudret-eliyev-yigilan-meblegi-mene-verib\/","og_locale":"az_AZ","og_type":"article","og_title":"Alimpa\u015fa M\u0259mm\u0259dov: \u201cTap\u015f\u0131r\u0131\u011f\u0131 m\u0259n vermi\u015fdim, Q\u00fcdr\u0259t \u018fliyev y\u0131\u011f\u0131lan m\u0259bl\u0259\u011fi m\u0259n\u0259 verib\u201d - MEYDAN.TV","og_description":"H\u0259bsd\u0259ki icra ba\u015f\u00e7\u0131s\u0131ndan \u0259halinin siyah\u0131ya al\u0131nmas\u0131yla ba\u011fl\u0131 etiraf Bir m\u00fcdd\u0259t ... Davam\u0131","og_url":"https:\/\/www.meydan.tv\/az\/article\/alimpasa-memmedov-tapsirigi-men-vermisdim-qudret-eliyev-yigilan-meblegi-mene-verib\/","og_site_name":"MEYDAN.TV","article_published_time":"2023-01-24T10:39:56+00:00","article_modified_time":"2023-01-24T10:39:59+00:00","og_image":[{"width":1200,"height":800,"url":"https:\/\/www.meydan.tv\/wp-content\/uploads\/untitled-design-6-26.jpg","type":"image\/jpeg"}],"author":"elli","twitter_card":"summary_large_image","twitter_creator":"@elli","schema":{"@context":"https:\/\/schema.org","@graph":[{"@type":"Article","@id":"https:\/\/www.meydan.tv\/az\/article\/alimpasa-memmedov-tapsirigi-men-vermisdim-qudret-eliyev-yigilan-meblegi-mene-verib\/#article","isPartOf":{"@id":"https:\/\/www.meydan.tv\/az\/article\/alimpasa-memmedov-tapsirigi-men-vermisdim-qudret-eliyev-yigilan-meblegi-mene-verib\/"},"author":{"name":"elli","@id":"https:\/\/www.meydan.tv\/az\/#\/schema\/person\/9cdbecf90d17180ce1dfbd95b08dcf47"},"headline":"Alimpa\u015fa M\u0259mm\u0259dov: \u201cTap\u015f\u0131r\u0131\u011f\u0131 m\u0259n vermi\u015fdim, Q\u00fcdr\u0259t \u018fliyev y\u0131\u011f\u0131lan m\u0259bl\u0259\u011fi m\u0259n\u0259 verib\u201d","datePublished":"2023-01-24T10:39:56+00:00","dateModified":"2023-01-24T10:39:59+00:00","mainEntityOfPage":{"@id":"https:\/\/www.meydan.tv\/az\/article\/alimpasa-memmedov-tapsirigi-men-vermisdim-qudret-eliyev-yigilan-meblegi-mene-verib\/"},"wordCount":761,"publisher":{"@id":"https:\/\/www.meydan.tv\/az\/#organization"},"image":{"@id":"https:\/\/www.meydan.tv\/az\/article\/alimpasa-memmedov-tapsirigi-men-vermisdim-qudret-eliyev-yigilan-meblegi-mene-verib\/#primaryimage"},"thumbnailUrl":"https:\/\/www.meydan.tv\/wp-content\/uploads\/untitled-design-6-26.jpg","articleSection":["B\u00f6lg\u0259","T\u00f6vsiy\u0259","X\u0259b\u0259rl\u0259r"],"inLanguage":"az"},{"@type":"WebPage","@id":"https:\/\/www.meydan.tv\/az\/article\/alimpasa-memmedov-tapsirigi-men-vermisdim-qudret-eliyev-yigilan-meblegi-mene-verib\/","url":"https:\/\/www.meydan.tv\/az\/article\/alimpasa-memmedov-tapsirigi-men-vermisdim-qudret-eliyev-yigilan-meblegi-mene-verib\/","name":"Alimpa\u015fa M\u0259mm\u0259dov: \u201cTap\u015f\u0131r\u0131\u011f\u0131 m\u0259n vermi\u015fdim, Q\u00fcdr\u0259t \u018fliyev y\u0131\u011f\u0131lan m\u0259bl\u0259\u011fi m\u0259n\u0259 verib\u201d - MEYDAN.TV","isPartOf":{"@id":"https:\/\/www.meydan.tv\/az\/#website"},"primaryImageOfPage":{"@id":"https:\/\/www.meydan.tv\/az\/article\/alimpasa-memmedov-tapsirigi-men-vermisdim-qudret-eliyev-yigilan-meblegi-mene-verib\/#primaryimage"},"image":{"@id":"https:\/\/www.meydan.tv\/az\/article\/alimpasa-memmedov-tapsirigi-men-vermisdim-qudret-eliyev-yigilan-meblegi-mene-verib\/#primaryimage"},"thumbnailUrl":"https:\/\/www.meydan.tv\/wp-content\/uploads\/untitled-design-6-26.jpg","datePublished":"2023-01-24T10:39:56+00:00","dateModified":"2023-01-24T10:39:59+00:00","breadcrumb":{"@id":"https:\/\/www.meydan.tv\/az\/article\/alimpasa-memmedov-tapsirigi-men-vermisdim-qudret-eliyev-yigilan-meblegi-mene-verib\/#breadcrumb"},"inLanguage":"az","potentialAction":[{"@type":"ReadAction","target":["https:\/\/www.meydan.tv\/az\/article\/alimpasa-memmedov-tapsirigi-men-vermisdim-qudret-eliyev-yigilan-meblegi-mene-verib\/"]}]},{"@type":"ImageObject","inLanguage":"az","@id":"https:\/\/www.meydan.tv\/az\/article\/alimpasa-memmedov-tapsirigi-men-vermisdim-qudret-eliyev-yigilan-meblegi-mene-verib\/#primaryimage","url":"https:\/\/www.meydan.tv\/wp-content\/uploads\/untitled-design-6-26.jpg","contentUrl":"https:\/\/www.meydan.tv\/wp-content\/uploads\/untitled-design-6-26.jpg","width":1200,"height":800,"caption":"Alimpa\u015fa M\u0259mm\u0259dov. Foto: Meydan TV"},{"@type":"BreadcrumbList","@id":"https:\/\/www.meydan.tv\/az\/article\/alimpasa-memmedov-tapsirigi-men-vermisdim-qudret-eliyev-yigilan-meblegi-mene-verib\/#breadcrumb","itemListElement":[{"@type":"ListItem","position":1,"name":"Ana s\u0259hif\u0259","item":"https:\/\/www.meydan.tv\/az\/"},{"@type":"ListItem","position":2,"name":"B\u00f6lg\u0259","item":"https:\/\/www.meydan.tv\/az\/section\/bolge\/"},{"@type":"ListItem","position":3,"name":"Alimpa\u015fa M\u0259mm\u0259dov: \u201cTap\u015f\u0131r\u0131\u011f\u0131 m\u0259n vermi\u015fdim, Q\u00fcdr\u0259t \u018fliyev y\u0131\u011f\u0131lan m\u0259bl\u0259\u011fi m\u0259n\u0259 verib\u201d"}]},{"@type":"WebSite","@id":"https:\/\/www.meydan.tv\/az\/#website","url":"https:\/\/www.meydan.tv\/az\/","name":"MEYDAN.TV","description":"Meydan TV Az\u0259rbaycan\u0131n media m\u0259kan\u0131ndak\u0131 alternativ s\u0259sidir","publisher":{"@id":"https:\/\/www.meydan.tv\/az\/#organization"},"potentialAction":[{"@type":"SearchAction","target":{"@type":"EntryPoint","urlTemplate":"https:\/\/www.meydan.tv\/az\/?s={search_term_string}"},"query-input":{"@type":"PropertyValueSpecification","valueRequired":true,"valueName":"search_term_string"}}],"inLanguage":"az"},{"@type":"Organization","@id":"https:\/\/www.meydan.tv\/az\/#organization","name":"Meydan TV","url":"https:\/\/www.meydan.tv\/az\/","logo":{"@type":"ImageObject","inLanguage":"az","@id":"https:\/\/www.meydan.tv\/az\/#\/schema\/logo\/image\/","url":"https:\/\/www.meydan.tv\/wp-content\/uploads\/2021\/07\/meydan-logo.svg","contentUrl":"https:\/\/www.meydan.tv\/wp-content\/uploads\/2021\/07\/meydan-logo.svg","width":195,"height":46,"caption":"Meydan TV"},"image":{"@id":"https:\/\/www.meydan.tv\/az\/#\/schema\/logo\/image\/"}},{"@type":"Person","@id":"https:\/\/www.meydan.tv\/az\/#\/schema\/person\/9cdbecf90d17180ce1dfbd95b08dcf47","name":"elli","sameAs":["https:\/\/x.com\/elli"]}]}},"_links":{"self":[{"href":"https:\/\/www.meydan.tv\/az\/wp-json\/wp\/v2\/posts\/266522","targetHints":{"allow":["GET"]}}],"collection":[{"href":"https:\/\/www.meydan.tv\/az\/wp-json\/wp\/v2\/posts"}],"about":[{"href":"https:\/\/www.meydan.tv\/az\/wp-json\/wp\/v2\/types\/post"}],"author":[{"embeddable":true,"href":"https:\/\/www.meydan.tv\/az\/wp-json\/wp\/v2\/users\/8"}],"replies":[{"embeddable":true,"href":"https:\/\/www.meydan.tv\/az\/wp-json\/wp\/v2\/comments?post=266522"}],"version-history":[{"count":1,"href":"https:\/\/www.meydan.tv\/az\/wp-json\/wp\/v2\/posts\/266522\/revisions"}],"predecessor-version":[{"id":266524,"href":"https:\/\/www.meydan.tv\/az\/wp-json\/wp\/v2\/posts\/266522\/revisions\/266524"}],"wp:featuredmedia":[{"embeddable":true,"href":"https:\/\/www.meydan.tv\/az\/wp-json\/wp\/v2\/media\/261706"}],"wp:attachment":[{"href":"https:\/\/www.meydan.tv\/az\/wp-json\/wp\/v2\/media?parent=266522"}],"wp:term":[{"taxonomy":"category","embeddable":true,"href":"https:\/\/www.meydan.tv\/az\/wp-json\/wp\/v2\/categories?post=266522"},{"taxonomy":"post_tag","embeddable":true,"href":"https:\/\/www.meydan.tv\/az\/wp-json\/wp\/v2\/tags?post=266522"}],"curies":[{"name":"wp","href":"https:\/\/api.w.org\/{rel}","templated":true}]}}