{"id":266515,"date":"2023-01-24T14:13:11","date_gmt":"2023-01-24T10:13:11","guid":{"rendered":"https:\/\/www.meydan.tv\/?p=266515"},"modified":"2023-01-24T14:13:14","modified_gmt":"2023-01-24T10:13:14","slug":"mekteb-binasinin-ustune-das-yigiriq-ki-dam-ortuyu-ucmasin","status":"publish","type":"post","link":"https:\/\/www.meydan.tv\/az\/article\/mekteb-binasinin-ustune-das-yigiriq-ki-dam-ortuyu-ucmasin\/","title":{"rendered":"\u201cM\u0259kt\u0259b binas\u0131n\u0131n \u00fcst\u00fcn\u0259 da\u015f y\u0131\u011f\u0131r\u0131q ki, dam \u00f6rt\u00fcy\u00fc u\u00e7mas\u0131n\u201d"},"content":{"rendered":"\n<p><\/p>\n\n\n\n<p><em>K\u0259lb\u0259c\u0259r k\u00f6\u00e7k\u00fcnl\u0259ri yeni m\u0259kt\u0259b tikilm\u0259sini ist\u0259yirl\u0259r<\/em><\/p>\n\n\n\n<p>T\u0259rt\u0259rin H\u0259s\u0259nqaya k\u0259ndind\u0259 yerl\u0259\u015f\u0259n K\u0259lb\u0259c\u0259r rayon 127 sayl\u0131 orta m\u0259kt\u0259b q\u0259zal\u0131 v\u0259ziyy\u0259td\u0259dir. Adlar\u0131n\u0131n qeyd olunmas\u0131n\u0131 ist\u0259m\u0259y\u0259n bir ne\u00e7\u0259 valideyn Meydan TV-y\u0259 \u015fikay\u0259t g\u00f6nd\u0259rib. Onlar iddia edir ki, uzun ill\u0259rdir \u00f6vladlar\u0131 mal t\u00f6vl\u0259sini xat\u0131rladan birm\u0259rt\u0259b\u0259li, k\u00f6hn\u0259 binada d\u0259rs al\u0131r. Onlar\u0131n dem\u0259sin\u0259 g\u00f6r\u0259, k\u00f6\u00e7k\u00fcn balalar\u0131n\u0131n t\u0259hsil oca\u011f\u0131na \u00e7evrilmi\u015f tikilinin tavan\u0131, d\u00f6\u015f\u0259m\u0259si \u00e7\u00f6k\u00fcb:<\/p>\n\n\n\n<p>\u201cBu k\u00f6hn\u0259 bina el\u0259 m\u0259skunla\u015fd\u0131\u011f\u0131m\u0131z \u0259razid\u0259 yerl\u0259\u015fir, m\u0259kt\u0259b dem\u0259y\u0259 d\u0259 dilimiz g\u0259lmir. H\u0259r d\u0259f\u0259 icra hakimiyy\u0259tin\u0259 m\u00fcraci\u0259t ed\u0259nd\u0259 deyirl\u0259r ki, orda \u015fagird say\u0131 az oldu\u011funa g\u00f6r\u0259 yeni m\u0259kt\u0259b tikintisi n\u0259z\u0259rd\u0259 tutulmay\u0131b. B\u0259s bu u\u015faqlar soyuq, r\u00fctub\u0259tli, tavan\u0131, d\u00f6\u015f\u0259m\u0259si \u00e7\u00fcr\u00fck otaqlarda nec\u0259 t\u0259hsill\u0259 m\u0259\u015f\u011ful olsunlar?\u201d<br><\/p>\n\n\n\n<figure class=\"wp-block-image size-large\"><img decoding=\"async\" width=\"1200\" height=\"597\" data-src=\"https:\/\/www.meydan.tv\/wp-content\/uploads\/photo-2023-01-23-20-24-00-1200x597.jpg\" alt=\"\" class=\"wp-image-266503 lazyload\" src=\"data:image\/svg+xml;base64,PHN2ZyB3aWR0aD0iMSIgaGVpZ2h0PSIxIiB4bWxucz0iaHR0cDovL3d3dy53My5vcmcvMjAwMC9zdmciPjwvc3ZnPg==\" style=\"--smush-placeholder-width: 1200px; --smush-placeholder-aspect-ratio: 1200\/597;\" \/><\/figure>\n\n\n\n<p><strong>Otaqlar isinmir<\/strong><br><\/p>\n\n\n\n<p>Valideynl\u0259rin s\u00f6zl\u0259rin\u0259 g\u00f6r\u0259, otaqlar odun sobas\u0131yla isidilir. Daha do\u011frusu, binan\u0131n tavan\u0131ndan, d\u00f6\u015f\u0259m\u0259sind\u0259n, divarlar\u0131ndak\u0131 de\u015fikl\u0259rd\u0259n dolu\u015fan soyuq otaqlar\u0131n isinm\u0259sin\u0259 imkan vermir. Tikilinin dam \u00f6rt\u00fcy\u00fc is\u0259 mi\u015far da\u015flar\u0131yla qorunur:<\/p>\n\n\n\n<p>\u201cK\u00f6hn\u0259 tikilinin dam \u00f6rt\u00fcy\u00fcn\u0259 da\u015flar y\u0131\u011f\u0131l\u0131b. Bu da\u015flar\u0131 \u00f6z\u00fcm\u00fcz m\u0259cburiyy\u0259td\u0259n ora y\u0131\u011fm\u0131\u015f\u0131q ki, k\u00fcl\u0259k dam \u00f6rt\u00fcy\u00fcn\u00fc aparmas\u0131n. \u00c7\u00fcnki \u0259vv\u0259ll\u0259r d\u0259f\u0259l\u0259rl\u0259 bel\u0259 t\u0259hl\u00fck\u0259l\u0259r olub. Biz u\u015faqlar\u0131m\u0131z\u0131n h\u0259yat\u0131 \u00fc\u00e7\u00fcn qorxuruq, k\u00fcl\u0259k \u0259s\u0259r, a\u011f\u0131r \u015fiferl\u0259r u\u015faqlar\u0131n ba\u015f\u0131na d\u00fc\u015f\u0259r\u201d.<br><\/p>\n\n\n\n<figure class=\"wp-block-image size-large\"><img decoding=\"async\" width=\"1200\" height=\"575\" data-src=\"https:\/\/www.meydan.tv\/wp-content\/uploads\/photo-2023-01-23-20-24-00-2-1200x575.jpg\" alt=\"\" class=\"wp-image-266509 lazyload\" src=\"data:image\/svg+xml;base64,PHN2ZyB3aWR0aD0iMSIgaGVpZ2h0PSIxIiB4bWxucz0iaHR0cDovL3d3dy53My5vcmcvMjAwMC9zdmciPjwvc3ZnPg==\" style=\"--smush-placeholder-width: 1200px; --smush-placeholder-aspect-ratio: 1200\/575;\" \/><\/figure>\n\n\n\n<p><strong>Partalar, stullar t\u0259z\u0259l\u0259nmir<\/strong><br><\/p>\n\n\n\n<p>Fotolardan da g\u00f6r\u00fcn\u0259n odur ki, \u00e7ox k\u00f6hn\u0259, birm\u0259rt\u0259b\u0259li tikilinin dam \u00f6rt\u00fcy\u00fcn\u00fc \u2013 \u015fiferl\u0259ri do\u011frudan da \u00fcz\u0259rind\u0259 y\u0131\u011f\u0131lm\u0131\u015f mi\u015far da\u015flar\u0131 saxlay\u0131b. \u015eiferl\u0259tin alt\u0131na y\u0131\u011f\u0131lan taxtalar da bir-birin\u0259 siml\u0259 ba\u011flan\u0131b ki, aralanmas\u0131n.<\/p>\n\n\n\n<p>Sinif otaqlar\u0131ndak\u0131 partalar, stullar, l\u00f6vh\u0259l\u0259r d\u0259 s\u0131n\u0131q-s\u0131n\u0131qd\u0131r, uzun ill\u0259rdir ki, t\u0259z\u0259l\u0259nmir:<\/p>\n\n\n\n<p>\u201cU\u015faqlar\u0131m\u0131z\u0131 sa\u011flam v\u0259 t\u0259hsilli g\u00f6rm\u0259k ist\u0259yirik. Bunun \u00fc\u00e7\u00fcn d\u0259 normal \u015f\u0259raiti olan m\u0259kt\u0259b\u0259 ehtiyac\u0131m\u0131z var. T\u0259hsil m\u00f6vs\u00fcm\u00fc soyuq aylara d\u00fc\u015f\u00fcr, u\u015faqlar \u00fc\u00e7-d\u00f6rd saat sinifd\u0259 oturanda ev\u0259 \u0259l-ayaqlar\u0131 soyuqdan \u0259s\u0259-\u0259s\u0259 g\u0259lirl\u0259r. Ayaqlar\u0131n\u0131n alt\u0131ndak\u0131 d\u00f6\u015f\u0259m\u0259 \u00e7\u00fcr\u00fck, ba\u015flar\u0131n\u0131n \u00fcst\u00fcnd\u0259ki tavan yarars\u0131z&#8230; Hans\u0131n\u0131 dey\u0259k?\u201d<br><\/p>\n\n\n\n<figure class=\"wp-block-image size-large\"><img decoding=\"async\" width=\"1177\" height=\"821\" data-src=\"https:\/\/www.meydan.tv\/wp-content\/uploads\/photo-2023-01-23-20-24-00-1-1177x821.jpg\" alt=\"\" class=\"wp-image-266500 lazyload\" src=\"data:image\/svg+xml;base64,PHN2ZyB3aWR0aD0iMSIgaGVpZ2h0PSIxIiB4bWxucz0iaHR0cDovL3d3dy53My5vcmcvMjAwMC9zdmciPjwvc3ZnPg==\" style=\"--smush-placeholder-width: 1177px; --smush-placeholder-aspect-ratio: 1177\/821;\" \/><\/figure>\n\n\n\n<p><strong>Dam \u00f6rt\u00fcy\u00fc t\u0259mir olunacaq<\/strong><br><\/p>\n\n\n\n<p>K\u0259lb\u0259c\u0259r Rayon \u0130cra Hakimiyy\u0259tind\u0259n bildirilib ki, bu m\u0259s\u0259l\u0259 \u015e\u0259rqi Z\u0259ng\u0259zur Regional T\u0259hsil \u0130dar\u0259sinin K\u0259lb\u0259c\u0259r rayonu \u00fczr\u0259 t\u0259hsil sektorunun diqq\u0259tind\u0259dir. M\u0259kt\u0259b binas\u0131nda t\u0259mir i\u015fl\u0259ri n\u0259z\u0259rd\u0259 tutulub, \u0259sas\u0259n d\u0259 dam \u00f6rt\u00fcy\u00fc t\u0259z\u0259l\u0259n\u0259c\u0259k. O da bildirilib ki, m\u0259kt\u0259bd\u0259 \u015fagird say\u0131 az oldu\u011funa g\u00f6r\u0259 ba\u015fqa m\u0259kt\u0259b tikintisin\u0259 ehtiyac g\u00f6r\u00fclm\u00fcr.<\/p>\n\n\n\n<p>Bir ne\u00e7\u0259 g\u00fcn \u0259vv\u0259l Elm v\u0259 T\u0259hsil Nazirliyinin t\u0259s\u0259rr\u00fcfathesabl\u0131 \u0259sasl\u0131 tikinti v\u0259 t\u0259chizat idar\u0259sinin r\u0259is m\u00fcavini F\u0259rhan \u018fliyev b\u00fct\u00fcn m\u0259kt\u0259bl\u0259rd\u0259 monitorinq apar\u0131ld\u0131\u011f\u0131n\u0131, \u00f6lk\u0259d\u0259 900-\u0259 yax\u0131n q\u0259zal\u0131 v\u0259 yarars\u0131z v\u0259ziyy\u0259td\u0259 m\u0259kt\u0259b oldu\u011funu a\u00e7\u0131qlay\u0131b.<\/p>\n\n\n\n<figure class=\"wp-block-image size-large\"><img decoding=\"async\" width=\"1200\" height=\"755\" data-src=\"https:\/\/www.meydan.tv\/wp-content\/uploads\/photo-2023-01-23-20-23-59-1200x755.jpg\" alt=\"\" class=\"wp-image-266506 lazyload\" src=\"data:image\/svg+xml;base64,PHN2ZyB3aWR0aD0iMSIgaGVpZ2h0PSIxIiB4bWxucz0iaHR0cDovL3d3dy53My5vcmcvMjAwMC9zdmciPjwvc3ZnPg==\" style=\"--smush-placeholder-width: 1200px; --smush-placeholder-aspect-ratio: 1200\/755;\" \/><\/figure>\n","protected":false},"excerpt":{"rendered":"<p>K\u0259lb\u0259c\u0259r k\u00f6\u00e7k\u00fcnl\u0259ri yeni m\u0259kt\u0259b tikilm\u0259sini ist\u0259yirl\u0259r T\u0259rt\u0259rin H\u0259s\u0259nqaya k\u0259ndind\u0259 yerl\u0259\u015f\u0259n &#8230; <\/p>\n<p class=\"read-more-container\"><a title=\"\u201cM\u0259kt\u0259b binas\u0131n\u0131n \u00fcst\u00fcn\u0259 da\u015f y\u0131\u011f\u0131r\u0131q ki, dam \u00f6rt\u00fcy\u00fc u\u00e7mas\u0131n\u201d\" class=\"read-more button\" href=\"https:\/\/www.meydan.tv\/az\/article\/mekteb-binasinin-ustune-das-yigiriq-ki-dam-ortuyu-ucmasin\/#more-266515\" aria-label=\"Read more about \u201cM\u0259kt\u0259b binas\u0131n\u0131n \u00fcst\u00fcn\u0259 da\u015f y\u0131\u011f\u0131r\u0131q ki, dam \u00f6rt\u00fcy\u00fc u\u00e7mas\u0131n\u201d\">Davam\u0131<\/a><\/p>\n","protected":false},"author":8,"featured_media":266512,"comment_status":"closed","ping_status":"closed","sticky":false,"template":"","format":"standard","meta":{"_acf_changed":false,"_sitemap_exclude":false,"_sitemap_priority":"","_sitemap_frequency":"","footnotes":""},"categories":[60,79,56],"tags":[],"class_list":["post-266515","post","type-post","status-publish","format-standard","has-post-thumbnail","hentry","category-bolge","category-featured","category-xeberler","infinite-scroll-item","generate-columns","tablet-grid-50","mobile-grid-100","grid-parent","grid-33","no-featured-image-padding"],"acf":[],"yoast_head":"<!-- This site is optimized with the Yoast SEO plugin v27.5 - https:\/\/yoast.com\/product\/yoast-seo-wordpress\/ -->\n<title>\u201cM\u0259kt\u0259b binas\u0131n\u0131n \u00fcst\u00fcn\u0259 da\u015f y\u0131\u011f\u0131r\u0131q ki, dam \u00f6rt\u00fcy\u00fc u\u00e7mas\u0131n\u201d - MEYDAN.TV<\/title>\n<meta name=\"robots\" content=\"index, follow, max-snippet:-1, max-image-preview:large, max-video-preview:-1\" \/>\n<link rel=\"canonical\" href=\"https:\/\/www.meydan.tv\/az\/article\/mekteb-binasinin-ustune-das-yigiriq-ki-dam-ortuyu-ucmasin\/\" \/>\n<meta property=\"og:locale\" content=\"az_AZ\" \/>\n<meta property=\"og:type\" content=\"article\" \/>\n<meta property=\"og:title\" content=\"\u201cM\u0259kt\u0259b binas\u0131n\u0131n \u00fcst\u00fcn\u0259 da\u015f y\u0131\u011f\u0131r\u0131q ki, dam \u00f6rt\u00fcy\u00fc u\u00e7mas\u0131n\u201d - MEYDAN.TV\" \/>\n<meta property=\"og:description\" content=\"K\u0259lb\u0259c\u0259r k\u00f6\u00e7k\u00fcnl\u0259ri yeni m\u0259kt\u0259b tikilm\u0259sini ist\u0259yirl\u0259r T\u0259rt\u0259rin H\u0259s\u0259nqaya k\u0259ndind\u0259 yerl\u0259\u015f\u0259n ... Davam\u0131\" \/>\n<meta property=\"og:url\" content=\"https:\/\/www.meydan.tv\/az\/article\/mekteb-binasinin-ustune-das-yigiriq-ki-dam-ortuyu-ucmasin\/\" \/>\n<meta property=\"og:site_name\" content=\"MEYDAN.TV\" \/>\n<meta property=\"article:published_time\" content=\"2023-01-24T10:13:11+00:00\" \/>\n<meta property=\"article:modified_time\" content=\"2023-01-24T10:13:14+00:00\" \/>\n<meta property=\"og:image\" content=\"https:\/\/www.meydan.tv\/wp-content\/uploads\/photo-2023-01-23-20-24-01.jpg\" \/>\n\t<meta property=\"og:image:width\" content=\"1280\" \/>\n\t<meta property=\"og:image:height\" content=\"801\" \/>\n\t<meta property=\"og:image:type\" content=\"image\/jpeg\" \/>\n<meta name=\"author\" content=\"elli\" \/>\n<meta name=\"twitter:card\" content=\"summary_large_image\" \/>\n<meta name=\"twitter:creator\" content=\"@elli\" \/>\n<script type=\"application\/ld+json\" class=\"yoast-schema-graph\">{\"@context\":\"https:\\\/\\\/schema.org\",\"@graph\":[{\"@type\":\"Article\",\"@id\":\"https:\\\/\\\/www.meydan.tv\\\/az\\\/article\\\/mekteb-binasinin-ustune-das-yigiriq-ki-dam-ortuyu-ucmasin\\\/#article\",\"isPartOf\":{\"@id\":\"https:\\\/\\\/www.meydan.tv\\\/az\\\/article\\\/mekteb-binasinin-ustune-das-yigiriq-ki-dam-ortuyu-ucmasin\\\/\"},\"author\":{\"name\":\"elli\",\"@id\":\"https:\\\/\\\/www.meydan.tv\\\/az\\\/#\\\/schema\\\/person\\\/9cdbecf90d17180ce1dfbd95b08dcf47\"},\"headline\":\"\u201cM\u0259kt\u0259b binas\u0131n\u0131n \u00fcst\u00fcn\u0259 da\u015f y\u0131\u011f\u0131r\u0131q ki, dam \u00f6rt\u00fcy\u00fc u\u00e7mas\u0131n\u201d\",\"datePublished\":\"2023-01-24T10:13:11+00:00\",\"dateModified\":\"2023-01-24T10:13:14+00:00\",\"mainEntityOfPage\":{\"@id\":\"https:\\\/\\\/www.meydan.tv\\\/az\\\/article\\\/mekteb-binasinin-ustune-das-yigiriq-ki-dam-ortuyu-ucmasin\\\/\"},\"wordCount\":646,\"publisher\":{\"@id\":\"https:\\\/\\\/www.meydan.tv\\\/az\\\/#organization\"},\"image\":{\"@id\":\"https:\\\/\\\/www.meydan.tv\\\/az\\\/article\\\/mekteb-binasinin-ustune-das-yigiriq-ki-dam-ortuyu-ucmasin\\\/#primaryimage\"},\"thumbnailUrl\":\"https:\\\/\\\/www.meydan.tv\\\/wp-content\\\/uploads\\\/photo-2023-01-23-20-24-01.jpg\",\"articleSection\":[\"B\u00f6lg\u0259\",\"T\u00f6vsiy\u0259\",\"X\u0259b\u0259rl\u0259r\"],\"inLanguage\":\"az\"},{\"@type\":\"WebPage\",\"@id\":\"https:\\\/\\\/www.meydan.tv\\\/az\\\/article\\\/mekteb-binasinin-ustune-das-yigiriq-ki-dam-ortuyu-ucmasin\\\/\",\"url\":\"https:\\\/\\\/www.meydan.tv\\\/az\\\/article\\\/mekteb-binasinin-ustune-das-yigiriq-ki-dam-ortuyu-ucmasin\\\/\",\"name\":\"\u201cM\u0259kt\u0259b binas\u0131n\u0131n \u00fcst\u00fcn\u0259 da\u015f y\u0131\u011f\u0131r\u0131q ki, dam \u00f6rt\u00fcy\u00fc u\u00e7mas\u0131n\u201d - MEYDAN.TV\",\"isPartOf\":{\"@id\":\"https:\\\/\\\/www.meydan.tv\\\/az\\\/#website\"},\"primaryImageOfPage\":{\"@id\":\"https:\\\/\\\/www.meydan.tv\\\/az\\\/article\\\/mekteb-binasinin-ustune-das-yigiriq-ki-dam-ortuyu-ucmasin\\\/#primaryimage\"},\"image\":{\"@id\":\"https:\\\/\\\/www.meydan.tv\\\/az\\\/article\\\/mekteb-binasinin-ustune-das-yigiriq-ki-dam-ortuyu-ucmasin\\\/#primaryimage\"},\"thumbnailUrl\":\"https:\\\/\\\/www.meydan.tv\\\/wp-content\\\/uploads\\\/photo-2023-01-23-20-24-01.jpg\",\"datePublished\":\"2023-01-24T10:13:11+00:00\",\"dateModified\":\"2023-01-24T10:13:14+00:00\",\"breadcrumb\":{\"@id\":\"https:\\\/\\\/www.meydan.tv\\\/az\\\/article\\\/mekteb-binasinin-ustune-das-yigiriq-ki-dam-ortuyu-ucmasin\\\/#breadcrumb\"},\"inLanguage\":\"az\",\"potentialAction\":[{\"@type\":\"ReadAction\",\"target\":[\"https:\\\/\\\/www.meydan.tv\\\/az\\\/article\\\/mekteb-binasinin-ustune-das-yigiriq-ki-dam-ortuyu-ucmasin\\\/\"]}]},{\"@type\":\"ImageObject\",\"inLanguage\":\"az\",\"@id\":\"https:\\\/\\\/www.meydan.tv\\\/az\\\/article\\\/mekteb-binasinin-ustune-das-yigiriq-ki-dam-ortuyu-ucmasin\\\/#primaryimage\",\"url\":\"https:\\\/\\\/www.meydan.tv\\\/wp-content\\\/uploads\\\/photo-2023-01-23-20-24-01.jpg\",\"contentUrl\":\"https:\\\/\\\/www.meydan.tv\\\/wp-content\\\/uploads\\\/photo-2023-01-23-20-24-01.jpg\",\"width\":1280,\"height\":801,\"caption\":\"Fotolar: Meydan TV\"},{\"@type\":\"BreadcrumbList\",\"@id\":\"https:\\\/\\\/www.meydan.tv\\\/az\\\/article\\\/mekteb-binasinin-ustune-das-yigiriq-ki-dam-ortuyu-ucmasin\\\/#breadcrumb\",\"itemListElement\":[{\"@type\":\"ListItem\",\"position\":1,\"name\":\"Ana s\u0259hif\u0259\",\"item\":\"https:\\\/\\\/www.meydan.tv\\\/az\\\/\"},{\"@type\":\"ListItem\",\"position\":2,\"name\":\"B\u00f6lg\u0259\",\"item\":\"https:\\\/\\\/www.meydan.tv\\\/az\\\/section\\\/bolge\\\/\"},{\"@type\":\"ListItem\",\"position\":3,\"name\":\"\u201cM\u0259kt\u0259b binas\u0131n\u0131n \u00fcst\u00fcn\u0259 da\u015f y\u0131\u011f\u0131r\u0131q ki, dam \u00f6rt\u00fcy\u00fc u\u00e7mas\u0131n\u201d\"}]},{\"@type\":\"WebSite\",\"@id\":\"https:\\\/\\\/www.meydan.tv\\\/az\\\/#website\",\"url\":\"https:\\\/\\\/www.meydan.tv\\\/az\\\/\",\"name\":\"MEYDAN.TV\",\"description\":\"Meydan TV Az\u0259rbaycan\u0131n media m\u0259kan\u0131ndak\u0131 alternativ s\u0259sidir\",\"publisher\":{\"@id\":\"https:\\\/\\\/www.meydan.tv\\\/az\\\/#organization\"},\"potentialAction\":[{\"@type\":\"SearchAction\",\"target\":{\"@type\":\"EntryPoint\",\"urlTemplate\":\"https:\\\/\\\/www.meydan.tv\\\/az\\\/?s={search_term_string}\"},\"query-input\":{\"@type\":\"PropertyValueSpecification\",\"valueRequired\":true,\"valueName\":\"search_term_string\"}}],\"inLanguage\":\"az\"},{\"@type\":\"Organization\",\"@id\":\"https:\\\/\\\/www.meydan.tv\\\/az\\\/#organization\",\"name\":\"Meydan TV\",\"url\":\"https:\\\/\\\/www.meydan.tv\\\/az\\\/\",\"logo\":{\"@type\":\"ImageObject\",\"inLanguage\":\"az\",\"@id\":\"https:\\\/\\\/www.meydan.tv\\\/az\\\/#\\\/schema\\\/logo\\\/image\\\/\",\"url\":\"https:\\\/\\\/www.meydan.tv\\\/wp-content\\\/uploads\\\/2021\\\/07\\\/meydan-logo.svg\",\"contentUrl\":\"https:\\\/\\\/www.meydan.tv\\\/wp-content\\\/uploads\\\/2021\\\/07\\\/meydan-logo.svg\",\"width\":195,\"height\":46,\"caption\":\"Meydan TV\"},\"image\":{\"@id\":\"https:\\\/\\\/www.meydan.tv\\\/az\\\/#\\\/schema\\\/logo\\\/image\\\/\"}},{\"@type\":\"Person\",\"@id\":\"https:\\\/\\\/www.meydan.tv\\\/az\\\/#\\\/schema\\\/person\\\/9cdbecf90d17180ce1dfbd95b08dcf47\",\"name\":\"elli\",\"sameAs\":[\"https:\\\/\\\/x.com\\\/elli\"]}]}<\/script>\n<!-- \/ Yoast SEO plugin. -->","yoast_head_json":{"title":"\u201cM\u0259kt\u0259b binas\u0131n\u0131n \u00fcst\u00fcn\u0259 da\u015f y\u0131\u011f\u0131r\u0131q ki, dam \u00f6rt\u00fcy\u00fc u\u00e7mas\u0131n\u201d - MEYDAN.TV","robots":{"index":"index","follow":"follow","max-snippet":"max-snippet:-1","max-image-preview":"max-image-preview:large","max-video-preview":"max-video-preview:-1"},"canonical":"https:\/\/www.meydan.tv\/az\/article\/mekteb-binasinin-ustune-das-yigiriq-ki-dam-ortuyu-ucmasin\/","og_locale":"az_AZ","og_type":"article","og_title":"\u201cM\u0259kt\u0259b binas\u0131n\u0131n \u00fcst\u00fcn\u0259 da\u015f y\u0131\u011f\u0131r\u0131q ki, dam \u00f6rt\u00fcy\u00fc u\u00e7mas\u0131n\u201d - MEYDAN.TV","og_description":"K\u0259lb\u0259c\u0259r k\u00f6\u00e7k\u00fcnl\u0259ri yeni m\u0259kt\u0259b tikilm\u0259sini ist\u0259yirl\u0259r T\u0259rt\u0259rin H\u0259s\u0259nqaya k\u0259ndind\u0259 yerl\u0259\u015f\u0259n ... Davam\u0131","og_url":"https:\/\/www.meydan.tv\/az\/article\/mekteb-binasinin-ustune-das-yigiriq-ki-dam-ortuyu-ucmasin\/","og_site_name":"MEYDAN.TV","article_published_time":"2023-01-24T10:13:11+00:00","article_modified_time":"2023-01-24T10:13:14+00:00","og_image":[{"width":1280,"height":801,"url":"https:\/\/www.meydan.tv\/wp-content\/uploads\/photo-2023-01-23-20-24-01.jpg","type":"image\/jpeg"}],"author":"elli","twitter_card":"summary_large_image","twitter_creator":"@elli","schema":{"@context":"https:\/\/schema.org","@graph":[{"@type":"Article","@id":"https:\/\/www.meydan.tv\/az\/article\/mekteb-binasinin-ustune-das-yigiriq-ki-dam-ortuyu-ucmasin\/#article","isPartOf":{"@id":"https:\/\/www.meydan.tv\/az\/article\/mekteb-binasinin-ustune-das-yigiriq-ki-dam-ortuyu-ucmasin\/"},"author":{"name":"elli","@id":"https:\/\/www.meydan.tv\/az\/#\/schema\/person\/9cdbecf90d17180ce1dfbd95b08dcf47"},"headline":"\u201cM\u0259kt\u0259b binas\u0131n\u0131n \u00fcst\u00fcn\u0259 da\u015f y\u0131\u011f\u0131r\u0131q ki, dam \u00f6rt\u00fcy\u00fc u\u00e7mas\u0131n\u201d","datePublished":"2023-01-24T10:13:11+00:00","dateModified":"2023-01-24T10:13:14+00:00","mainEntityOfPage":{"@id":"https:\/\/www.meydan.tv\/az\/article\/mekteb-binasinin-ustune-das-yigiriq-ki-dam-ortuyu-ucmasin\/"},"wordCount":646,"publisher":{"@id":"https:\/\/www.meydan.tv\/az\/#organization"},"image":{"@id":"https:\/\/www.meydan.tv\/az\/article\/mekteb-binasinin-ustune-das-yigiriq-ki-dam-ortuyu-ucmasin\/#primaryimage"},"thumbnailUrl":"https:\/\/www.meydan.tv\/wp-content\/uploads\/photo-2023-01-23-20-24-01.jpg","articleSection":["B\u00f6lg\u0259","T\u00f6vsiy\u0259","X\u0259b\u0259rl\u0259r"],"inLanguage":"az"},{"@type":"WebPage","@id":"https:\/\/www.meydan.tv\/az\/article\/mekteb-binasinin-ustune-das-yigiriq-ki-dam-ortuyu-ucmasin\/","url":"https:\/\/www.meydan.tv\/az\/article\/mekteb-binasinin-ustune-das-yigiriq-ki-dam-ortuyu-ucmasin\/","name":"\u201cM\u0259kt\u0259b binas\u0131n\u0131n \u00fcst\u00fcn\u0259 da\u015f y\u0131\u011f\u0131r\u0131q ki, dam \u00f6rt\u00fcy\u00fc u\u00e7mas\u0131n\u201d - MEYDAN.TV","isPartOf":{"@id":"https:\/\/www.meydan.tv\/az\/#website"},"primaryImageOfPage":{"@id":"https:\/\/www.meydan.tv\/az\/article\/mekteb-binasinin-ustune-das-yigiriq-ki-dam-ortuyu-ucmasin\/#primaryimage"},"image":{"@id":"https:\/\/www.meydan.tv\/az\/article\/mekteb-binasinin-ustune-das-yigiriq-ki-dam-ortuyu-ucmasin\/#primaryimage"},"thumbnailUrl":"https:\/\/www.meydan.tv\/wp-content\/uploads\/photo-2023-01-23-20-24-01.jpg","datePublished":"2023-01-24T10:13:11+00:00","dateModified":"2023-01-24T10:13:14+00:00","breadcrumb":{"@id":"https:\/\/www.meydan.tv\/az\/article\/mekteb-binasinin-ustune-das-yigiriq-ki-dam-ortuyu-ucmasin\/#breadcrumb"},"inLanguage":"az","potentialAction":[{"@type":"ReadAction","target":["https:\/\/www.meydan.tv\/az\/article\/mekteb-binasinin-ustune-das-yigiriq-ki-dam-ortuyu-ucmasin\/"]}]},{"@type":"ImageObject","inLanguage":"az","@id":"https:\/\/www.meydan.tv\/az\/article\/mekteb-binasinin-ustune-das-yigiriq-ki-dam-ortuyu-ucmasin\/#primaryimage","url":"https:\/\/www.meydan.tv\/wp-content\/uploads\/photo-2023-01-23-20-24-01.jpg","contentUrl":"https:\/\/www.meydan.tv\/wp-content\/uploads\/photo-2023-01-23-20-24-01.jpg","width":1280,"height":801,"caption":"Fotolar: Meydan TV"},{"@type":"BreadcrumbList","@id":"https:\/\/www.meydan.tv\/az\/article\/mekteb-binasinin-ustune-das-yigiriq-ki-dam-ortuyu-ucmasin\/#breadcrumb","itemListElement":[{"@type":"ListItem","position":1,"name":"Ana s\u0259hif\u0259","item":"https:\/\/www.meydan.tv\/az\/"},{"@type":"ListItem","position":2,"name":"B\u00f6lg\u0259","item":"https:\/\/www.meydan.tv\/az\/section\/bolge\/"},{"@type":"ListItem","position":3,"name":"\u201cM\u0259kt\u0259b binas\u0131n\u0131n \u00fcst\u00fcn\u0259 da\u015f y\u0131\u011f\u0131r\u0131q ki, dam \u00f6rt\u00fcy\u00fc u\u00e7mas\u0131n\u201d"}]},{"@type":"WebSite","@id":"https:\/\/www.meydan.tv\/az\/#website","url":"https:\/\/www.meydan.tv\/az\/","name":"MEYDAN.TV","description":"Meydan TV Az\u0259rbaycan\u0131n media m\u0259kan\u0131ndak\u0131 alternativ s\u0259sidir","publisher":{"@id":"https:\/\/www.meydan.tv\/az\/#organization"},"potentialAction":[{"@type":"SearchAction","target":{"@type":"EntryPoint","urlTemplate":"https:\/\/www.meydan.tv\/az\/?s={search_term_string}"},"query-input":{"@type":"PropertyValueSpecification","valueRequired":true,"valueName":"search_term_string"}}],"inLanguage":"az"},{"@type":"Organization","@id":"https:\/\/www.meydan.tv\/az\/#organization","name":"Meydan TV","url":"https:\/\/www.meydan.tv\/az\/","logo":{"@type":"ImageObject","inLanguage":"az","@id":"https:\/\/www.meydan.tv\/az\/#\/schema\/logo\/image\/","url":"https:\/\/www.meydan.tv\/wp-content\/uploads\/2021\/07\/meydan-logo.svg","contentUrl":"https:\/\/www.meydan.tv\/wp-content\/uploads\/2021\/07\/meydan-logo.svg","width":195,"height":46,"caption":"Meydan TV"},"image":{"@id":"https:\/\/www.meydan.tv\/az\/#\/schema\/logo\/image\/"}},{"@type":"Person","@id":"https:\/\/www.meydan.tv\/az\/#\/schema\/person\/9cdbecf90d17180ce1dfbd95b08dcf47","name":"elli","sameAs":["https:\/\/x.com\/elli"]}]}},"_links":{"self":[{"href":"https:\/\/www.meydan.tv\/az\/wp-json\/wp\/v2\/posts\/266515","targetHints":{"allow":["GET"]}}],"collection":[{"href":"https:\/\/www.meydan.tv\/az\/wp-json\/wp\/v2\/posts"}],"about":[{"href":"https:\/\/www.meydan.tv\/az\/wp-json\/wp\/v2\/types\/post"}],"author":[{"embeddable":true,"href":"https:\/\/www.meydan.tv\/az\/wp-json\/wp\/v2\/users\/8"}],"replies":[{"embeddable":true,"href":"https:\/\/www.meydan.tv\/az\/wp-json\/wp\/v2\/comments?post=266515"}],"version-history":[{"count":1,"href":"https:\/\/www.meydan.tv\/az\/wp-json\/wp\/v2\/posts\/266515\/revisions"}],"predecessor-version":[{"id":266517,"href":"https:\/\/www.meydan.tv\/az\/wp-json\/wp\/v2\/posts\/266515\/revisions\/266517"}],"wp:featuredmedia":[{"embeddable":true,"href":"https:\/\/www.meydan.tv\/az\/wp-json\/wp\/v2\/media\/266512"}],"wp:attachment":[{"href":"https:\/\/www.meydan.tv\/az\/wp-json\/wp\/v2\/media?parent=266515"}],"wp:term":[{"taxonomy":"category","embeddable":true,"href":"https:\/\/www.meydan.tv\/az\/wp-json\/wp\/v2\/categories?post=266515"},{"taxonomy":"post_tag","embeddable":true,"href":"https:\/\/www.meydan.tv\/az\/wp-json\/wp\/v2\/tags?post=266515"}],"curies":[{"name":"wp","href":"https:\/\/api.w.org\/{rel}","templated":true}]}}