{"id":266481,"date":"2023-01-24T11:46:06","date_gmt":"2023-01-24T07:46:06","guid":{"rendered":"https:\/\/www.meydan.tv\/?p=266481"},"modified":"2023-01-24T11:46:10","modified_gmt":"2023-01-24T07:46:10","slug":"evez-zeynalli-ve-bextiyar-haciyevle-bagli-ilham-eliyeve-muraciet-edildi","status":"publish","type":"post","link":"https:\/\/www.meydan.tv\/az\/article\/evez-zeynalli-ve-bextiyar-haciyevle-bagli-ilham-eliyeve-muraciet-edildi\/","title":{"rendered":"<strong>\u018fv\u0259z Zeynall\u0131 v\u0259 B\u0259xtiyar Hac\u0131yevl\u0259 ba\u011fl\u0131 \u0130lham \u018fliyev\u0259 m\u00fcraci\u0259t edildi<\/strong>"},"content":{"rendered":"\n<p><\/p>\n\n\n\n<p><em>M\u00fcraci\u0259td\u0259 h\u0259bs q\u0259timkan t\u0259dbirl\u0259rinin ev dustaql\u0131\u011f\u0131 il\u0259 \u0259v\u0259zl\u0259nm\u0259si xahi\u015f olunur<\/em><\/p>\n\n\n\n<p>V\u0259t\u0259nda\u015f c\u0259miyy\u0259tinin bir qrup n\u00fcmay\u0259nd\u0259si Prezident \u0130lham \u018fliyev\u0259 ictimai f\u0259al B\u0259xtiyar Hac\u0131yevin v\u0259 jurnalist \u018fv\u0259z Zeynall\u0131n\u0131n h\u0259bs q\u0259timkan t\u0259dbirl\u0259rinin d\u0259yi\u015fdirilm\u0259si il\u0259 ba\u011fl\u0131 m\u00fcraci\u0259t edibl\u0259r.<\/p>\n\n\n\n<p>M\u00fcraci\u0259td\u0259 h\u0259bsd\u0259 olan h\u0259r iki \u015f\u0259xsin s\u0259hh\u0259tl\u0259rind\u0259 ciddi narahatl\u0131qlar\u0131n oldu\u011funa diqq\u0259t \u00e7\u0259kil\u0259r\u0259k d\u00f6vl\u0259t ba\u015f\u00e7\u0131s\u0131ndan onlar\u0131n istintaq d\u00f6vr\u00fcnd\u0259 se\u00e7ilmi\u015f h\u0259bs q\u0259timkan t\u0259dbirl\u0259rinin ev dustaql\u0131\u011f\u0131 il\u0259 \u0259v\u0259z olunmas\u0131na k\u00f6m\u0259klik g\u00f6st\u0259rm\u0259si xahi\u015f edilir.<\/p>\n\n\n\n<p>&#8220;B\u0259xtiyar Hac\u0131yevl\u0259 \u018fv\u0259z Zeynall\u0131 ictimaiyy\u0259td\u0259 n\u00fcfuz sahibi olan \u015f\u0259xsl\u0259rdil\u0259r; h\u0259r ikisi d\u00f6vl\u0259tini sev\u0259n, xalq\u0131na ba\u011fl\u0131 olan v\u0259t\u0259np\u0259v\u0259r insanlard\u0131r. Onlar\u0131n \u00f6lk\u0259 \u00fc\u00e7\u00fcn g\u00f6st\u0259rdikl\u0259ri pe\u015f\u0259kar f\u0259aliyy\u0259tl\u0259rinin n\u0259z\u0259r\u0259 al\u0131nmas\u0131na, yax\u0131n g\u0259l\u0259c\u0259kd\u0259 is\u0259 g\u00fcnahs\u0131z olduqlar\u0131na g\u00f6r\u0259 tamamil\u0259 b\u0259ra\u0259t alacaqlar\u0131na \u00fcmid ed\u0259r\u0259k, Sizd\u0259n bu i\u015f\u0259 humanist m\u00fcdaxil\u0259 etm\u0259yinizi xahi\u015f edirik&#8221;, &#8211; dey\u0259 m\u00fcraci\u0259td\u0259 qeyd olunub.<\/p>\n\n\n\n<p>M\u00fcraci\u0259ti Sahibkarl\u0131\u011fa v\u0259 Bazar \u0130qtisadiyyat\u0131n\u0131n \u0130nki\u015faf\u0131na Yard\u0131m Fondu \u0130B-nin Prezidenti Sabit Ba\u011f\u0131rov, Helsinki V\u0259t\u0259nda\u015f Assambleyas\u0131n\u0131n Az\u0259rbaycan Milli Komit\u0259sinin r\u0259hb\u0259ri Arzu Abdullayeva, Rasional \u0130nki\u015faf u\u011frunda Qad\u0131nlar C\u0259miyy\u0259ti \u0130B-nin s\u0259dri \u015e\u0259hla \u0130smay\u0131l, D. \u018fliyeva ad\u0131na Qad\u0131n H\u00fcquqlar\u0131n\u0131n M\u00fcdafi\u0259si C\u0259miyy\u0259ti \u0130B-nin s\u0259dri Novella C\u0259f\u0259ro\u011flu, \u0130\u015fg\u0259nc\u0259l\u0259r \u018fleyhin\u0259 Ara\u015fd\u0131rmalar M\u0259rk\u0259zi \u0130B-nin s\u0259dri Fikr\u0259t C\u0259f\u0259rli, \u0130nsan H\u00fcquqlar\u0131 v\u0259 Qanun\u00e7ulu\u011fun M\u00fcdafi\u0259 B\u00fcrosu \u0130B-nin s\u0259dri S\u0259id\u0259 Qocamanl\u0131, Az\u0259rbaycan Qad\u0131nlar\u0131n\u0131n Siyasi M\u0259d\u0259niyy\u0259t M\u0259rk\u0259zi \u0130B-nin s\u0259dri Mehriban V\u0259zir, H\u00fcquq v\u0259 \u0130nki\u015faf \u0130B-nin s\u0259dri Hafiz H\u0259s\u0259nov, \u0130qtisadi T\u0259\u015f\u0259bb\u00fcsl\u0259r\u0259 Yard\u0131m \u0130B-nin s\u0259dri Az\u0259r Mehdiyev v\u0259 dig\u0259r \u015f\u0259xsl\u0259r imzalay\u0131b.<\/p>\n\n\n\n<p>B\u0259xtiyar Hac\u0131yev Cinay\u0259t M\u0259c\u0259ll\u0259sinin 221.2.2 (ictimai qaydan\u0131n qorunmas\u0131 \u00fczr\u0259 v\u0259zif\u0259ni yerin\u0259 yetir\u0259n \u015f\u0259xs\u0259 qar\u015f\u0131 m\u00fcqavim\u0259t g\u00f6st\u0259rm\u0259kl\u0259 xuliqanl\u0131q) v\u0259 289.1 (m\u0259hk\u0259m\u0259y\u0259 h\u00f6rm\u0259tsizlik) madd\u0259l\u0259ril\u0259 ittiham olunur.<\/p>\n\n\n\n<p>Bu madd\u0259l\u0259rd\u0259 3 il\u0259d\u0259k azadl\u0131qdan m\u0259hrumetm\u0259 c\u0259zas\u0131 n\u0259z\u0259rd\u0259 tutulub.<\/p>\n\n\n\n<p>Yanvar\u0131n 21-d\u0259 ictimai f\u0259al B\u0259xtiyar Hac\u0131yev bar\u0259sind\u0259 h\u0259bs q\u0259timkan t\u0259dbirinin m\u00fcdd\u0259ti fevral\u0131n 28-n\u0259 q\u0259d\u0259r uzad\u0131l\u0131b.<\/p>\n\n\n\n<p>B\u0259xtiyar Hac\u0131yev\u0259 qar\u015f\u0131 cinay\u0259t i\u015find\u0259 s\u00f6hb\u0259t ictimai f\u0259alla jurnalist \u00dclviyy\u0259 Alovlu aras\u0131nda qalmaqaldan gedir.<\/p>\n\n\n\n<p>B\u0259xtiyar Hac\u0131yev uzun m\u00fcdd\u0259tdir ki, polis\u0259 \u015fikay\u0259t ed\u0259r\u0259k \u00dclviyy\u0259 Alovlunun cinay\u0259t m\u0259suliyy\u0259tin\u0259 c\u0259lb olunmas\u0131n\u0131 t\u0259l\u0259b edirdi.<\/p>\n\n\n\n<p>Bir m\u00fcdd\u0259t \u00f6nc\u0259 sosial \u015f\u0259b\u0259k\u0259l\u0259rd\u0259 Yasamal Rayon M\u0259hk\u0259m\u0259sind\u0259 B\u0259xtiyar Hac\u0131yevl\u0259 \u00dclviyy\u0259 Alovlu aras\u0131nda m\u0259hk\u0259m\u0259 prosesi zaman\u0131 ba\u015f ver\u0259nl\u0259rin videog\u00f6r\u00fcnt\u00fcs\u00fc yay\u0131lm\u0131\u015fd\u0131.<\/p>\n\n\n\n<p>H\u0259min g\u00f6r\u00fcnt\u00fcl\u0259rd\u0259 B\u0259xtiyar Hac\u0131yev \u0259lind\u0259ki s\u0259n\u0259dl\u0259ri masan\u0131n \u00fcst\u00fcn\u0259 at\u0131r.<\/p>\n\n\n\n<p>\u0130ddia olunur ki, ictimai f\u0259al m\u0259hz buna g\u00f6r\u0259 xuliqanl\u0131q v\u0259 m\u0259hk\u0259m\u0259y\u0259 h\u00f6rm\u0259tsizlikd\u0259 ittiham edilir.<\/p>\n\n\n\n<p>Lakin B\u0259xtiyar Hac\u0131yev Daxili \u0130\u015fl\u0259r naziri Vilay\u0259t Eyvazovun sifari\u015fil\u0259 h\u0259bs olundu\u011funu iddia edir.<\/p>\n\n\n\n<p>O, zaman-zaman sosial media hesablar\u0131nda Vilay\u0259t Eyvazov v\u0259 nazirliyin f\u0259aliyy\u0259tini t\u0259nqid edirdi.<\/p>\n\n\n\n<p>O, 2022-ci ilin aprelind\u0259 nam\u0259lum \u015f\u0259xsl\u0259r t\u0259r\u0259find\u0259n paytaxt\u0131n m\u0259rk\u0259zind\u0259 o\u011furlanaraq, zorak\u0131l\u0131\u011fa m\u0259ruz qald\u0131\u011f\u0131n\u0131 deyirdi.<\/p>\n\n\n\n<p>Faktla ba\u011fl\u0131 cinay\u0259t i\u015fi ba\u015flansa da, bu g\u00fcn\u0259 q\u0259d\u0259r cinay\u0259ti t\u00f6r\u0259d\u0259n \u015f\u0259xsl\u0259r tap\u0131lmay\u0131b.<\/p>\n\n\n\n<p>D\u00f6vl\u0259t T\u0259hl\u00fck\u0259sizliyi Xidm\u0259tinin (DTX) istintaq t\u0259cridxanas\u0131nda saxlan\u0131lan \u018fv\u0259z Zeynall\u0131 2022-ci ilin sentyabr\u0131n 10-da Cinay\u0259t M\u0259c\u0259ll\u0259sinin 311.3.3 (k\u00fclli miqdarda r\u00fc\u015fv\u0259t alma) madd\u0259sil\u0259 h\u0259bs edilmi\u015fdi.<\/p>\n\n\n\n<p>Sentyabr\u0131n 21-d\u0259 ona qar\u015f\u0131 Cinay\u0259t M\u0259c\u0259ll\u0259sinin 312-1.1 (v\u0259zif\u0259li \u015f\u0259xsin q\u0259rar\u0131na qanunsuz t\u0259sir g\u00f6st\u0259r\u0259 \u2013 n\u00fcfuz alveri) madd\u0259sil\u0259 yenid\u0259n ittiham elan edilib.<\/p>\n\n\n\n<p>R\u00fc\u015fv\u0259t ittiham\u0131 \u201cBaku Steel Company\u201d MMC \u2013 polad\u0259ritm\u0259 zavodunun ke\u00e7mi\u015f r\u0259hb\u0259ri Rasim M\u0259mm\u0259dovla ba\u011fl\u0131d\u0131r.<\/p>\n\n\n\n<p>\u201cXural TV\u201d r\u0259hb\u0259ri 2021-ci ilin yanvar\u0131ndan h\u0259bsd\u0259 olan Rasim M\u0259mm\u0259dovun ail\u0259sind\u0259n onun \u0259leyhin\u0259 materiallar yaymamaq \u00fc\u00e7\u00fcn 20 min manat pul almaqda ittiham olunur.<\/p>\n\n\n\n<p>\u018fv\u0259z Zeynall\u0131 ona qar\u015f\u0131 ir\u0259li s\u00fcr\u00fclm\u00fc\u015f ittihamlar\u0131n he\u00e7 birini q\u0259bul etmir.<\/p>\n\n\n\n<p>O, sifari\u015fl\u0259 h\u0259bs edildiyini bildirir.<\/p>\n\n\n\n<p>\u201cXural TV\u201d r\u0259hb\u0259rinin s\u00f6zl\u0259rin\u0259 g\u00f6r\u0259, onu jurnalist f\u0259aliyy\u0259tin\u0259, t\u0259nqidl\u0259rin\u0259 g\u00f6r\u0259 c\u0259zaland\u0131rmaq \u00fc\u00e7\u00fcn bel\u0259 ssenaril\u0259r qurulur.<\/p>\n\n\n\n<p>202-ci ilin sentyabr\u0131n 10-da \u018fv\u0259z Zeynall\u0131 il\u0259 yana\u015f\u0131, v\u0259kil El\u00e7in Sad\u0131qov da eyni cinay\u0259t i\u015fi \u00fczr\u0259 h\u0259bs edilmi\u015fdi.<\/p>\n\n\n\n<p>O, Rasim M\u0259mm\u0259dovun v\u0259kili idi.<\/p>\n\n\n\n<p>El\u00e7in Sad\u0131qov r\u00fc\u015fv\u0259t\u0259 vasit\u0259\u00e7ilikd\u0259 ittiham olunur.<\/p>\n\n\n\n<p>El\u00e7in Sad\u0131qov sentyabr\u0131n 17-d\u0259 Bak\u0131 Apelyasiya M\u0259hk\u0259m\u0259sinin q\u0259rar\u0131 il\u0259 ev dustaql\u0131\u011f\u0131na burax\u0131l\u0131b.<\/p>\n\n\n\n<p>El\u00e7in Sad\u0131qov da \u00f6z\u00fcn\u00fc t\u0259qsirli bilmir, h\u0259bsini pe\u015f\u0259 f\u0259aliyy\u0259til\u0259 \u0259laq\u0259l\u0259ndirir.<\/p>\n\n\n\n<p>Onun s\u00f6zl\u0259rin\u0259 g\u00f6r\u0259, h\u0259bsinin \u0259sl s\u0259b\u0259bi ictimai-siyasi f\u0259allar\u0131n h\u00fcquqlar\u0131n\u0131 m\u00fcdafi\u0259 etm\u0259sidir.<\/p>\n","protected":false},"excerpt":{"rendered":"<p>M\u00fcraci\u0259td\u0259 h\u0259bs q\u0259timkan t\u0259dbirl\u0259rinin ev dustaql\u0131\u011f\u0131 il\u0259 \u0259v\u0259zl\u0259nm\u0259si xahi\u015f olunur &#8230; <\/p>\n<p class=\"read-more-container\"><a title=\"\u018fv\u0259z Zeynall\u0131 v\u0259 B\u0259xtiyar Hac\u0131yevl\u0259 ba\u011fl\u0131 \u0130lham \u018fliyev\u0259 m\u00fcraci\u0259t edildi\" class=\"read-more button\" href=\"https:\/\/www.meydan.tv\/az\/article\/evez-zeynalli-ve-bextiyar-haciyevle-bagli-ilham-eliyeve-muraciet-edildi\/#more-266481\" aria-label=\"Read more about \u018fv\u0259z Zeynall\u0131 v\u0259 B\u0259xtiyar Hac\u0131yevl\u0259 ba\u011fl\u0131 \u0130lham \u018fliyev\u0259 m\u00fcraci\u0259t edildi\">Davam\u0131<\/a><\/p>\n","protected":false},"author":8,"featured_media":266478,"comment_status":"closed","ping_status":"closed","sticky":false,"template":"","format":"standard","meta":{"_acf_changed":false,"_sitemap_exclude":false,"_sitemap_priority":"","_sitemap_frequency":"","footnotes":""},"categories":[59,79,56],"tags":[],"class_list":["post-266481","post","type-post","status-publish","format-standard","has-post-thumbnail","hentry","category-siyaset","category-featured","category-xeberler","infinite-scroll-item","generate-columns","tablet-grid-50","mobile-grid-100","grid-parent","grid-33","no-featured-image-padding"],"acf":[],"yoast_head":"<!-- This site is optimized with the Yoast SEO plugin v27.4 - https:\/\/yoast.com\/product\/yoast-seo-wordpress\/ -->\n<title>\u018fv\u0259z Zeynall\u0131 v\u0259 B\u0259xtiyar Hac\u0131yevl\u0259 ba\u011fl\u0131 \u0130lham \u018fliyev\u0259 m\u00fcraci\u0259t edildi - MEYDAN.TV<\/title>\n<meta name=\"robots\" content=\"index, follow, max-snippet:-1, max-image-preview:large, max-video-preview:-1\" \/>\n<link rel=\"canonical\" href=\"https:\/\/www.meydan.tv\/az\/article\/evez-zeynalli-ve-bextiyar-haciyevle-bagli-ilham-eliyeve-muraciet-edildi\/\" \/>\n<meta property=\"og:locale\" content=\"az_AZ\" \/>\n<meta property=\"og:type\" content=\"article\" \/>\n<meta property=\"og:title\" content=\"\u018fv\u0259z Zeynall\u0131 v\u0259 B\u0259xtiyar Hac\u0131yevl\u0259 ba\u011fl\u0131 \u0130lham \u018fliyev\u0259 m\u00fcraci\u0259t edildi - MEYDAN.TV\" \/>\n<meta property=\"og:description\" content=\"M\u00fcraci\u0259td\u0259 h\u0259bs q\u0259timkan t\u0259dbirl\u0259rinin ev dustaql\u0131\u011f\u0131 il\u0259 \u0259v\u0259zl\u0259nm\u0259si xahi\u015f olunur ... Davam\u0131\" \/>\n<meta property=\"og:url\" content=\"https:\/\/www.meydan.tv\/az\/article\/evez-zeynalli-ve-bextiyar-haciyevle-bagli-ilham-eliyeve-muraciet-edildi\/\" \/>\n<meta property=\"og:site_name\" content=\"MEYDAN.TV\" \/>\n<meta property=\"article:published_time\" content=\"2023-01-24T07:46:06+00:00\" \/>\n<meta property=\"article:modified_time\" content=\"2023-01-24T07:46:10+00:00\" \/>\n<meta property=\"og:image\" content=\"https:\/\/www.meydan.tv\/wp-content\/uploads\/screenshot_3-7.png\" \/>\n\t<meta property=\"og:image:width\" content=\"1179\" \/>\n\t<meta property=\"og:image:height\" content=\"546\" \/>\n\t<meta property=\"og:image:type\" content=\"image\/png\" \/>\n<meta name=\"author\" content=\"elli\" \/>\n<meta name=\"twitter:card\" content=\"summary_large_image\" \/>\n<meta name=\"twitter:creator\" content=\"@elli\" \/>\n<script type=\"application\/ld+json\" class=\"yoast-schema-graph\">{\"@context\":\"https:\\\/\\\/schema.org\",\"@graph\":[{\"@type\":\"Article\",\"@id\":\"https:\\\/\\\/www.meydan.tv\\\/az\\\/article\\\/evez-zeynalli-ve-bextiyar-haciyevle-bagli-ilham-eliyeve-muraciet-edildi\\\/#article\",\"isPartOf\":{\"@id\":\"https:\\\/\\\/www.meydan.tv\\\/az\\\/article\\\/evez-zeynalli-ve-bextiyar-haciyevle-bagli-ilham-eliyeve-muraciet-edildi\\\/\"},\"author\":{\"name\":\"elli\",\"@id\":\"https:\\\/\\\/www.meydan.tv\\\/az\\\/#\\\/schema\\\/person\\\/9cdbecf90d17180ce1dfbd95b08dcf47\"},\"headline\":\"\u018fv\u0259z Zeynall\u0131 v\u0259 B\u0259xtiyar Hac\u0131yevl\u0259 ba\u011fl\u0131 \u0130lham \u018fliyev\u0259 m\u00fcraci\u0259t edildi\",\"datePublished\":\"2023-01-24T07:46:06+00:00\",\"dateModified\":\"2023-01-24T07:46:10+00:00\",\"mainEntityOfPage\":{\"@id\":\"https:\\\/\\\/www.meydan.tv\\\/az\\\/article\\\/evez-zeynalli-ve-bextiyar-haciyevle-bagli-ilham-eliyeve-muraciet-edildi\\\/\"},\"wordCount\":1024,\"publisher\":{\"@id\":\"https:\\\/\\\/www.meydan.tv\\\/az\\\/#organization\"},\"image\":{\"@id\":\"https:\\\/\\\/www.meydan.tv\\\/az\\\/article\\\/evez-zeynalli-ve-bextiyar-haciyevle-bagli-ilham-eliyeve-muraciet-edildi\\\/#primaryimage\"},\"thumbnailUrl\":\"https:\\\/\\\/www.meydan.tv\\\/wp-content\\\/uploads\\\/screenshot_3-7.png\",\"articleSection\":[\"Siyas\u0259t\",\"T\u00f6vsiy\u0259\",\"X\u0259b\u0259rl\u0259r\"],\"inLanguage\":\"az\"},{\"@type\":\"WebPage\",\"@id\":\"https:\\\/\\\/www.meydan.tv\\\/az\\\/article\\\/evez-zeynalli-ve-bextiyar-haciyevle-bagli-ilham-eliyeve-muraciet-edildi\\\/\",\"url\":\"https:\\\/\\\/www.meydan.tv\\\/az\\\/article\\\/evez-zeynalli-ve-bextiyar-haciyevle-bagli-ilham-eliyeve-muraciet-edildi\\\/\",\"name\":\"\u018fv\u0259z Zeynall\u0131 v\u0259 B\u0259xtiyar Hac\u0131yevl\u0259 ba\u011fl\u0131 \u0130lham \u018fliyev\u0259 m\u00fcraci\u0259t edildi - MEYDAN.TV\",\"isPartOf\":{\"@id\":\"https:\\\/\\\/www.meydan.tv\\\/az\\\/#website\"},\"primaryImageOfPage\":{\"@id\":\"https:\\\/\\\/www.meydan.tv\\\/az\\\/article\\\/evez-zeynalli-ve-bextiyar-haciyevle-bagli-ilham-eliyeve-muraciet-edildi\\\/#primaryimage\"},\"image\":{\"@id\":\"https:\\\/\\\/www.meydan.tv\\\/az\\\/article\\\/evez-zeynalli-ve-bextiyar-haciyevle-bagli-ilham-eliyeve-muraciet-edildi\\\/#primaryimage\"},\"thumbnailUrl\":\"https:\\\/\\\/www.meydan.tv\\\/wp-content\\\/uploads\\\/screenshot_3-7.png\",\"datePublished\":\"2023-01-24T07:46:06+00:00\",\"dateModified\":\"2023-01-24T07:46:10+00:00\",\"breadcrumb\":{\"@id\":\"https:\\\/\\\/www.meydan.tv\\\/az\\\/article\\\/evez-zeynalli-ve-bextiyar-haciyevle-bagli-ilham-eliyeve-muraciet-edildi\\\/#breadcrumb\"},\"inLanguage\":\"az\",\"potentialAction\":[{\"@type\":\"ReadAction\",\"target\":[\"https:\\\/\\\/www.meydan.tv\\\/az\\\/article\\\/evez-zeynalli-ve-bextiyar-haciyevle-bagli-ilham-eliyeve-muraciet-edildi\\\/\"]}]},{\"@type\":\"ImageObject\",\"inLanguage\":\"az\",\"@id\":\"https:\\\/\\\/www.meydan.tv\\\/az\\\/article\\\/evez-zeynalli-ve-bextiyar-haciyevle-bagli-ilham-eliyeve-muraciet-edildi\\\/#primaryimage\",\"url\":\"https:\\\/\\\/www.meydan.tv\\\/wp-content\\\/uploads\\\/screenshot_3-7.png\",\"contentUrl\":\"https:\\\/\\\/www.meydan.tv\\\/wp-content\\\/uploads\\\/screenshot_3-7.png\",\"width\":1179,\"height\":546,\"caption\":\"Foto: screenshot\"},{\"@type\":\"BreadcrumbList\",\"@id\":\"https:\\\/\\\/www.meydan.tv\\\/az\\\/article\\\/evez-zeynalli-ve-bextiyar-haciyevle-bagli-ilham-eliyeve-muraciet-edildi\\\/#breadcrumb\",\"itemListElement\":[{\"@type\":\"ListItem\",\"position\":1,\"name\":\"Ana s\u0259hif\u0259\",\"item\":\"https:\\\/\\\/www.meydan.tv\\\/az\\\/\"},{\"@type\":\"ListItem\",\"position\":2,\"name\":\"Siyas\u0259t\",\"item\":\"https:\\\/\\\/www.meydan.tv\\\/az\\\/section\\\/siyaset\\\/\"},{\"@type\":\"ListItem\",\"position\":3,\"name\":\"\u018fv\u0259z Zeynall\u0131 v\u0259 B\u0259xtiyar Hac\u0131yevl\u0259 ba\u011fl\u0131 \u0130lham \u018fliyev\u0259 m\u00fcraci\u0259t edildi\"}]},{\"@type\":\"WebSite\",\"@id\":\"https:\\\/\\\/www.meydan.tv\\\/az\\\/#website\",\"url\":\"https:\\\/\\\/www.meydan.tv\\\/az\\\/\",\"name\":\"MEYDAN.TV\",\"description\":\"Meydan TV Az\u0259rbaycan\u0131n media m\u0259kan\u0131ndak\u0131 alternativ s\u0259sidir\",\"publisher\":{\"@id\":\"https:\\\/\\\/www.meydan.tv\\\/az\\\/#organization\"},\"potentialAction\":[{\"@type\":\"SearchAction\",\"target\":{\"@type\":\"EntryPoint\",\"urlTemplate\":\"https:\\\/\\\/www.meydan.tv\\\/az\\\/?s={search_term_string}\"},\"query-input\":{\"@type\":\"PropertyValueSpecification\",\"valueRequired\":true,\"valueName\":\"search_term_string\"}}],\"inLanguage\":\"az\"},{\"@type\":\"Organization\",\"@id\":\"https:\\\/\\\/www.meydan.tv\\\/az\\\/#organization\",\"name\":\"Meydan TV\",\"url\":\"https:\\\/\\\/www.meydan.tv\\\/az\\\/\",\"logo\":{\"@type\":\"ImageObject\",\"inLanguage\":\"az\",\"@id\":\"https:\\\/\\\/www.meydan.tv\\\/az\\\/#\\\/schema\\\/logo\\\/image\\\/\",\"url\":\"https:\\\/\\\/www.meydan.tv\\\/wp-content\\\/uploads\\\/2021\\\/07\\\/meydan-logo.svg\",\"contentUrl\":\"https:\\\/\\\/www.meydan.tv\\\/wp-content\\\/uploads\\\/2021\\\/07\\\/meydan-logo.svg\",\"width\":195,\"height\":46,\"caption\":\"Meydan TV\"},\"image\":{\"@id\":\"https:\\\/\\\/www.meydan.tv\\\/az\\\/#\\\/schema\\\/logo\\\/image\\\/\"}},{\"@type\":\"Person\",\"@id\":\"https:\\\/\\\/www.meydan.tv\\\/az\\\/#\\\/schema\\\/person\\\/9cdbecf90d17180ce1dfbd95b08dcf47\",\"name\":\"elli\",\"sameAs\":[\"https:\\\/\\\/x.com\\\/elli\"]}]}<\/script>\n<!-- \/ Yoast SEO plugin. -->","yoast_head_json":{"title":"\u018fv\u0259z Zeynall\u0131 v\u0259 B\u0259xtiyar Hac\u0131yevl\u0259 ba\u011fl\u0131 \u0130lham \u018fliyev\u0259 m\u00fcraci\u0259t edildi - MEYDAN.TV","robots":{"index":"index","follow":"follow","max-snippet":"max-snippet:-1","max-image-preview":"max-image-preview:large","max-video-preview":"max-video-preview:-1"},"canonical":"https:\/\/www.meydan.tv\/az\/article\/evez-zeynalli-ve-bextiyar-haciyevle-bagli-ilham-eliyeve-muraciet-edildi\/","og_locale":"az_AZ","og_type":"article","og_title":"\u018fv\u0259z Zeynall\u0131 v\u0259 B\u0259xtiyar Hac\u0131yevl\u0259 ba\u011fl\u0131 \u0130lham \u018fliyev\u0259 m\u00fcraci\u0259t edildi - MEYDAN.TV","og_description":"M\u00fcraci\u0259td\u0259 h\u0259bs q\u0259timkan t\u0259dbirl\u0259rinin ev dustaql\u0131\u011f\u0131 il\u0259 \u0259v\u0259zl\u0259nm\u0259si xahi\u015f olunur ... Davam\u0131","og_url":"https:\/\/www.meydan.tv\/az\/article\/evez-zeynalli-ve-bextiyar-haciyevle-bagli-ilham-eliyeve-muraciet-edildi\/","og_site_name":"MEYDAN.TV","article_published_time":"2023-01-24T07:46:06+00:00","article_modified_time":"2023-01-24T07:46:10+00:00","og_image":[{"width":1179,"height":546,"url":"https:\/\/www.meydan.tv\/wp-content\/uploads\/screenshot_3-7.png","type":"image\/png"}],"author":"elli","twitter_card":"summary_large_image","twitter_creator":"@elli","schema":{"@context":"https:\/\/schema.org","@graph":[{"@type":"Article","@id":"https:\/\/www.meydan.tv\/az\/article\/evez-zeynalli-ve-bextiyar-haciyevle-bagli-ilham-eliyeve-muraciet-edildi\/#article","isPartOf":{"@id":"https:\/\/www.meydan.tv\/az\/article\/evez-zeynalli-ve-bextiyar-haciyevle-bagli-ilham-eliyeve-muraciet-edildi\/"},"author":{"name":"elli","@id":"https:\/\/www.meydan.tv\/az\/#\/schema\/person\/9cdbecf90d17180ce1dfbd95b08dcf47"},"headline":"\u018fv\u0259z Zeynall\u0131 v\u0259 B\u0259xtiyar Hac\u0131yevl\u0259 ba\u011fl\u0131 \u0130lham \u018fliyev\u0259 m\u00fcraci\u0259t edildi","datePublished":"2023-01-24T07:46:06+00:00","dateModified":"2023-01-24T07:46:10+00:00","mainEntityOfPage":{"@id":"https:\/\/www.meydan.tv\/az\/article\/evez-zeynalli-ve-bextiyar-haciyevle-bagli-ilham-eliyeve-muraciet-edildi\/"},"wordCount":1024,"publisher":{"@id":"https:\/\/www.meydan.tv\/az\/#organization"},"image":{"@id":"https:\/\/www.meydan.tv\/az\/article\/evez-zeynalli-ve-bextiyar-haciyevle-bagli-ilham-eliyeve-muraciet-edildi\/#primaryimage"},"thumbnailUrl":"https:\/\/www.meydan.tv\/wp-content\/uploads\/screenshot_3-7.png","articleSection":["Siyas\u0259t","T\u00f6vsiy\u0259","X\u0259b\u0259rl\u0259r"],"inLanguage":"az"},{"@type":"WebPage","@id":"https:\/\/www.meydan.tv\/az\/article\/evez-zeynalli-ve-bextiyar-haciyevle-bagli-ilham-eliyeve-muraciet-edildi\/","url":"https:\/\/www.meydan.tv\/az\/article\/evez-zeynalli-ve-bextiyar-haciyevle-bagli-ilham-eliyeve-muraciet-edildi\/","name":"\u018fv\u0259z Zeynall\u0131 v\u0259 B\u0259xtiyar Hac\u0131yevl\u0259 ba\u011fl\u0131 \u0130lham \u018fliyev\u0259 m\u00fcraci\u0259t edildi - MEYDAN.TV","isPartOf":{"@id":"https:\/\/www.meydan.tv\/az\/#website"},"primaryImageOfPage":{"@id":"https:\/\/www.meydan.tv\/az\/article\/evez-zeynalli-ve-bextiyar-haciyevle-bagli-ilham-eliyeve-muraciet-edildi\/#primaryimage"},"image":{"@id":"https:\/\/www.meydan.tv\/az\/article\/evez-zeynalli-ve-bextiyar-haciyevle-bagli-ilham-eliyeve-muraciet-edildi\/#primaryimage"},"thumbnailUrl":"https:\/\/www.meydan.tv\/wp-content\/uploads\/screenshot_3-7.png","datePublished":"2023-01-24T07:46:06+00:00","dateModified":"2023-01-24T07:46:10+00:00","breadcrumb":{"@id":"https:\/\/www.meydan.tv\/az\/article\/evez-zeynalli-ve-bextiyar-haciyevle-bagli-ilham-eliyeve-muraciet-edildi\/#breadcrumb"},"inLanguage":"az","potentialAction":[{"@type":"ReadAction","target":["https:\/\/www.meydan.tv\/az\/article\/evez-zeynalli-ve-bextiyar-haciyevle-bagli-ilham-eliyeve-muraciet-edildi\/"]}]},{"@type":"ImageObject","inLanguage":"az","@id":"https:\/\/www.meydan.tv\/az\/article\/evez-zeynalli-ve-bextiyar-haciyevle-bagli-ilham-eliyeve-muraciet-edildi\/#primaryimage","url":"https:\/\/www.meydan.tv\/wp-content\/uploads\/screenshot_3-7.png","contentUrl":"https:\/\/www.meydan.tv\/wp-content\/uploads\/screenshot_3-7.png","width":1179,"height":546,"caption":"Foto: screenshot"},{"@type":"BreadcrumbList","@id":"https:\/\/www.meydan.tv\/az\/article\/evez-zeynalli-ve-bextiyar-haciyevle-bagli-ilham-eliyeve-muraciet-edildi\/#breadcrumb","itemListElement":[{"@type":"ListItem","position":1,"name":"Ana s\u0259hif\u0259","item":"https:\/\/www.meydan.tv\/az\/"},{"@type":"ListItem","position":2,"name":"Siyas\u0259t","item":"https:\/\/www.meydan.tv\/az\/section\/siyaset\/"},{"@type":"ListItem","position":3,"name":"\u018fv\u0259z Zeynall\u0131 v\u0259 B\u0259xtiyar Hac\u0131yevl\u0259 ba\u011fl\u0131 \u0130lham \u018fliyev\u0259 m\u00fcraci\u0259t edildi"}]},{"@type":"WebSite","@id":"https:\/\/www.meydan.tv\/az\/#website","url":"https:\/\/www.meydan.tv\/az\/","name":"MEYDAN.TV","description":"Meydan TV Az\u0259rbaycan\u0131n media m\u0259kan\u0131ndak\u0131 alternativ s\u0259sidir","publisher":{"@id":"https:\/\/www.meydan.tv\/az\/#organization"},"potentialAction":[{"@type":"SearchAction","target":{"@type":"EntryPoint","urlTemplate":"https:\/\/www.meydan.tv\/az\/?s={search_term_string}"},"query-input":{"@type":"PropertyValueSpecification","valueRequired":true,"valueName":"search_term_string"}}],"inLanguage":"az"},{"@type":"Organization","@id":"https:\/\/www.meydan.tv\/az\/#organization","name":"Meydan TV","url":"https:\/\/www.meydan.tv\/az\/","logo":{"@type":"ImageObject","inLanguage":"az","@id":"https:\/\/www.meydan.tv\/az\/#\/schema\/logo\/image\/","url":"https:\/\/www.meydan.tv\/wp-content\/uploads\/2021\/07\/meydan-logo.svg","contentUrl":"https:\/\/www.meydan.tv\/wp-content\/uploads\/2021\/07\/meydan-logo.svg","width":195,"height":46,"caption":"Meydan TV"},"image":{"@id":"https:\/\/www.meydan.tv\/az\/#\/schema\/logo\/image\/"}},{"@type":"Person","@id":"https:\/\/www.meydan.tv\/az\/#\/schema\/person\/9cdbecf90d17180ce1dfbd95b08dcf47","name":"elli","sameAs":["https:\/\/x.com\/elli"]}]}},"_links":{"self":[{"href":"https:\/\/www.meydan.tv\/az\/wp-json\/wp\/v2\/posts\/266481","targetHints":{"allow":["GET"]}}],"collection":[{"href":"https:\/\/www.meydan.tv\/az\/wp-json\/wp\/v2\/posts"}],"about":[{"href":"https:\/\/www.meydan.tv\/az\/wp-json\/wp\/v2\/types\/post"}],"author":[{"embeddable":true,"href":"https:\/\/www.meydan.tv\/az\/wp-json\/wp\/v2\/users\/8"}],"replies":[{"embeddable":true,"href":"https:\/\/www.meydan.tv\/az\/wp-json\/wp\/v2\/comments?post=266481"}],"version-history":[{"count":3,"href":"https:\/\/www.meydan.tv\/az\/wp-json\/wp\/v2\/posts\/266481\/revisions"}],"predecessor-version":[{"id":266484,"href":"https:\/\/www.meydan.tv\/az\/wp-json\/wp\/v2\/posts\/266481\/revisions\/266484"}],"wp:featuredmedia":[{"embeddable":true,"href":"https:\/\/www.meydan.tv\/az\/wp-json\/wp\/v2\/media\/266478"}],"wp:attachment":[{"href":"https:\/\/www.meydan.tv\/az\/wp-json\/wp\/v2\/media?parent=266481"}],"wp:term":[{"taxonomy":"category","embeddable":true,"href":"https:\/\/www.meydan.tv\/az\/wp-json\/wp\/v2\/categories?post=266481"},{"taxonomy":"post_tag","embeddable":true,"href":"https:\/\/www.meydan.tv\/az\/wp-json\/wp\/v2\/tags?post=266481"}],"curies":[{"name":"wp","href":"https:\/\/api.w.org\/{rel}","templated":true}]}}