{"id":266439,"date":"2023-01-23T16:45:50","date_gmt":"2023-01-23T12:45:50","guid":{"rendered":"https:\/\/www.meydan.tv\/?p=266439"},"modified":"2023-01-23T16:45:52","modified_gmt":"2023-01-23T12:45:52","slug":"rudekenar-apteksiz-kend","status":"publish","type":"post","link":"https:\/\/www.meydan.tv\/az\/article\/rudekenar-apteksiz-kend\/","title":{"rendered":"R\u00fcd\u0259k\u0259nar \u2013 apteksiz k\u0259nd"},"content":{"rendered":"\n<p><\/p>\n\n\n\n<p><em>K\u0259ndd\u0259 qaz yoxdur, tibb m\u0259nt\u0259q\u0259si yarars\u0131zd\u0131r<\/em><\/p>\n\n\n\n<p>&#8220;1500-\u0259 yax\u0131n \u0259halisi olan k\u0259ndd\u0259 aptek yoxdur. H\u0259kim m\u0259nt\u0259q\u0259si is\u0259 el\u0259 v\u0259ziyy\u0259td\u0259dir ki, sa\u011flam ged\u0259n x\u0259st\u0259lik tap\u0131b \u00e7\u0131xar. Bak\u0131dan ya\u015fl\u0131 valideynl\u0259rim\u0259 ba\u015f \u00e7\u0259km\u0259y\u0259 g\u0259l\u0259nd\u0259 \u00f6z\u00fcml\u0259 bir torba d\u0259rman al\u0131b g\u0259tirir\u0259m. D\u0259rman \u0259rzaq deyil ki al\u0131b y\u0131\u011fasan laz\u0131m olanda da i\u015fl\u0259d\u0259s\u0259n\u201d.<\/p>\n\n\n\n<p>Bunu Masall\u0131n\u0131n R\u00fcd\u0259k\u0259nar k\u0259ndind\u0259n olan S\u00fcleyman A\u011fayev deyir. S\u00fcleyman\u0131n ya\u015fl\u0131 valideynl\u0259ri k\u0259ndd\u0259 t\u0259qa\u00fcd hesab\u0131na dolan\u0131r.<\/p>\n\n\n\n<p>\u201cOnsuz da k\u0259ndd\u0259 dolan\u0131\u015f\u0131q \u00e7\u0259tindir. Qaz yoxdur, oduna pul \u00e7atd\u0131rmaq olmur\u201d, &#8211; A\u011fayev deyir.<\/p>\n\n\n\n<figure class=\"wp-block-image size-full\"><img decoding=\"async\" width=\"1200\" height=\"800\" data-src=\"https:\/\/www.meydan.tv\/wp-content\/uploads\/untitled-design-95.jpg\" alt=\"\" class=\"wp-image-266424 lazyload\" src=\"data:image\/svg+xml;base64,PHN2ZyB3aWR0aD0iMSIgaGVpZ2h0PSIxIiB4bWxucz0iaHR0cDovL3d3dy53My5vcmcvMjAwMC9zdmciPjwvc3ZnPg==\" style=\"--smush-placeholder-width: 1200px; --smush-placeholder-aspect-ratio: 1200\/800;\" \/><\/figure>\n\n\n\n<p>\\R\u00fcd\u0259k\u0259nar k\u0259ndi rayon m\u0259rk\u0259zind\u0259n 25 kilometr aral\u0131da, Ulum \u00e7ay\u0131n\u0131n sahilind\u0259 yerl\u0259\u015fir. K\u0259ndin \u0259traf\u0131 da\u011flarla, me\u015f\u0259l\u0259rl\u0259 \u0259hat\u0259l\u0259nib. K\u0259ndin tibb m\u0259nt\u0259q\u0259si q\u0259zal\u0131 v\u0259ziyy\u0259td\u0259dir. Yerd\u0259n tikilmi\u015f binada bir ne\u00e7\u0259 yerd\u0259n iri \u00e7atlar yaran\u0131b, tavan, d\u00f6\u015f\u0259m\u0259 \u00e7\u00fcr\u00fcy\u00fcb, n\u0259mi\u015flikd\u0259n divarlardan su ax\u0131r.<\/p>\n\n\n\n<p>Sakinl\u0259r deyirl\u0259r ki, d\u0259rman almaq rayon m\u0259rk\u0259zin\u0259 q\u0259d\u0259r gedirl\u0259r. S\u00fcleyman A\u011fayev s\u00f6yl\u0259yir ki, m\u0259hz bel\u0259 problem\u0259 g\u00f6r\u0259 ail\u0259sini Bak\u0131ya yan\u0131na k\u00f6\u00e7\u00fcrm\u0259k ist\u0259yir, amma onlar k\u0259ndi t\u0259rk etm\u0259k niyy\u0259tind\u0259 deyill\u0259r.<br>R\u00fcd\u0259k\u0259nar k\u0259ndinin t\u0259bi\u0259ti turizmin inki\u015faf\u0131 \u00fc\u00e7\u00fcn \u0259lveri\u015flidir. K\u0259ndd\u0259 istirah\u0259t m\u0259rk\u0259zl\u0259ri d\u0259 var, ancaq sakinl\u0259r dolan\u0131\u015f\u0131q \u00fcz\u00fcnd\u0259n \u00e7\u0259tinlik \u00e7\u0259kirl\u0259r.<\/p>\n\n\n\n<figure class=\"wp-block-image size-full\"><img decoding=\"async\" width=\"1200\" height=\"800\" data-src=\"https:\/\/www.meydan.tv\/wp-content\/uploads\/untitled-design-1-56.jpg\" alt=\"\" class=\"wp-image-266427 lazyload\" src=\"data:image\/svg+xml;base64,PHN2ZyB3aWR0aD0iMSIgaGVpZ2h0PSIxIiB4bWxucz0iaHR0cDovL3d3dy53My5vcmcvMjAwMC9zdmciPjwvc3ZnPg==\" style=\"--smush-placeholder-width: 1200px; --smush-placeholder-aspect-ratio: 1200\/800;\" \/><\/figure>\n\n\n\n<p>Sakinl\u0259rd\u0259n biri deyir ki, yax\u0131nl\u0131qdak\u0131 dig\u0259r k\u0259ndl\u0259r\u0259 qaz verilib. Bu k\u0259nd\u0259 d\u0259 t\u0259xmin\u0259n 35-40 il \u0259vv\u0259l qaz x\u0259tti \u00e7\u0259kilib, amma qaz verilm\u0259yib:<\/p>\n\n\n\n<p>\u201cBizi me\u015f\u0259y\u0259 buraxan kimdir?! Odunu pulla al\u0131r\u0131q. Odunun qiym\u0259ti is\u0259 h\u0259r il bir az daha bahala\u015f\u0131r. Bilmirs\u0259n odun, \u00e7\u00f6r\u0259k alas an, yoxsa d\u0259rmana pul ver\u0259s\u0259n\u201d.<\/p>\n\n\n\n<figure class=\"wp-block-image size-full\"><img decoding=\"async\" width=\"1200\" height=\"669\" data-src=\"https:\/\/www.meydan.tv\/wp-content\/uploads\/photo-2023-01-23-15-33-19.jpg\" alt=\"\" class=\"wp-image-266430 lazyload\" src=\"data:image\/svg+xml;base64,PHN2ZyB3aWR0aD0iMSIgaGVpZ2h0PSIxIiB4bWxucz0iaHR0cDovL3d3dy53My5vcmcvMjAwMC9zdmciPjwvc3ZnPg==\" style=\"--smush-placeholder-width: 1200px; --smush-placeholder-aspect-ratio: 1200\/669;\" \/><\/figure>\n\n\n\n<p>R\u00fcd\u0259k\u0259nar k\u0259ndi Mahmudavar b\u0259l\u0259diyy\u0259sinin inzibati \u0259razisin\u0259 daxildir. B\u0259l\u0259diyy\u0259nin s\u0259dri \u018ffqan Babayev Meydan TV-y\u0259 bildirib ki, R\u00fcd\u0259k\u0259nar k\u0259ndi 2010-cu ild\u0259 Mahmudavar b\u0259l\u0259diyy\u0259si il\u0259 birl\u0259\u015fdirilib. K\u0259ndin tibb m\u0259nt\u0259q\u0259si d\u0259 h\u0259min d\u00f6vr\u0259d\u0259k R\u00fcd\u0259k\u0259nar b\u0259l\u0259diyy\u0259sinin balans\u0131nda olub:<\/p>\n\n\n\n<p>\u201cBizim k\u0259ndl\u0259 h\u0259min k\u0259ndin aras\u0131nda t\u0259xmin\u0259n 2-3 kilometr yol var. B\u0259l\u0259diyy\u0259l\u0259r birl\u0259\u015fdiril\u0259rk\u0259n bina bizim b\u0259l\u0259diyy\u0259nin balans\u0131na verilm\u0259di. Amma y\u0259qin ki, hans\u0131sa d\u00f6vl\u0259t qurumunun balans\u0131ndad\u0131r. H\u0259kim m\u0259nt\u0259q\u0259si do\u011furdan da b\u0259rbat v\u0259ziyy\u0259td\u0259dir, k\u0259ndin apteki d\u0259 yoxdur\u201d.<\/p>\n\n\n\n<figure class=\"wp-block-image size-full\"><img decoding=\"async\" width=\"1200\" height=\"582\" data-src=\"https:\/\/www.meydan.tv\/wp-content\/uploads\/photo-2023-01-23-15-33-20-1.jpg\" alt=\"\" class=\"wp-image-266433 lazyload\" src=\"data:image\/svg+xml;base64,PHN2ZyB3aWR0aD0iMSIgaGVpZ2h0PSIxIiB4bWxucz0iaHR0cDovL3d3dy53My5vcmcvMjAwMC9zdmciPjwvc3ZnPg==\" style=\"--smush-placeholder-width: 1200px; --smush-placeholder-aspect-ratio: 1200\/582;\" \/><\/figure>\n\n\n\n<p>B\u0259l\u0259diyy\u0259 s\u0259dri onu da deyib ki, Mahmudavar k\u0259ndind\u0259 h\u0259kim m\u0259nt\u0259q\u0259si var. M\u0259nt\u0259q\u0259d\u0259 mama-genekoloq, tibb bac\u0131s\u0131 \u00e7al\u0131\u015f\u0131r. R\u00fcd\u0259k\u0259nar k\u0259ndinin sakinl\u0259ri d\u0259 ehtiyac olduqda Mahmudavar k\u0259ndind\u0259ki tibb m\u0259nt\u0259q\u0259sin\u0259 m\u00fcraci\u0259t edirl\u0259r. Amma k\u0259nd\u0259 yax\u0131n g\u0259l\u0259c\u0259kd\u0259 qaz veril\u0259c\u0259yi g\u00f6zl\u0259nilir.<\/p>\n\n\n\n<p>Masall\u0131 Rayon \u0130cra Hakimiyy\u0259tind\u0259n d\u0259 deyibl\u0259r ki, h\u0259kim m\u0259nt\u0259q\u0259sinin q\u0259zal\u0131 v\u0259ziyy\u0259td\u0259 olmas\u0131ndan x\u0259b\u0259rdard\u0131lar. Bununla bel\u0259 icra hakimiyy\u0259tinin \u0259m\u0259kda\u015f\u0131 m\u0259nt\u0259q\u0259nin n\u0259 vaxt t\u0259mir edil\u0259c\u0259yiil\u0259 ba\u011fl\u0131 sual\u0131 cavabland\u0131ra bilm\u0259yib.<\/p>\n\n\n\n<p>T\u018fB\u0130B-d\u0259n is\u0259 h\u0259min \u0259razid\u0259ki m\u0259nt\u0259q\u0259nin onlara aid olmad\u0131\u011f\u0131n\u0131 bildiribl\u0259r.<\/p>\n","protected":false},"excerpt":{"rendered":"<p>K\u0259ndd\u0259 qaz yoxdur, tibb m\u0259nt\u0259q\u0259si yarars\u0131zd\u0131r &#8220;1500-\u0259 yax\u0131n \u0259halisi olan &#8230; <\/p>\n<p class=\"read-more-container\"><a title=\"R\u00fcd\u0259k\u0259nar \u2013 apteksiz k\u0259nd\" class=\"read-more button\" href=\"https:\/\/www.meydan.tv\/az\/article\/rudekenar-apteksiz-kend\/#more-266439\" aria-label=\"Read more about R\u00fcd\u0259k\u0259nar \u2013 apteksiz k\u0259nd\">Davam\u0131<\/a><\/p>\n","protected":false},"author":8,"featured_media":266436,"comment_status":"closed","ping_status":"closed","sticky":false,"template":"","format":"standard","meta":{"_acf_changed":false,"_sitemap_exclude":false,"_sitemap_priority":"","_sitemap_frequency":"","footnotes":""},"categories":[60,56],"tags":[],"class_list":["post-266439","post","type-post","status-publish","format-standard","has-post-thumbnail","hentry","category-bolge","category-xeberler","infinite-scroll-item","generate-columns","tablet-grid-50","mobile-grid-100","grid-parent","grid-33","no-featured-image-padding"],"acf":[],"yoast_head":"<!-- This site is optimized with the Yoast SEO plugin v27.5 - https:\/\/yoast.com\/product\/yoast-seo-wordpress\/ -->\n<title>R\u00fcd\u0259k\u0259nar \u2013 apteksiz k\u0259nd - MEYDAN.TV<\/title>\n<meta name=\"robots\" content=\"index, follow, max-snippet:-1, max-image-preview:large, max-video-preview:-1\" \/>\n<link rel=\"canonical\" href=\"https:\/\/www.meydan.tv\/az\/article\/rudekenar-apteksiz-kend\/\" \/>\n<meta property=\"og:locale\" content=\"az_AZ\" \/>\n<meta property=\"og:type\" content=\"article\" \/>\n<meta property=\"og:title\" content=\"R\u00fcd\u0259k\u0259nar \u2013 apteksiz k\u0259nd - MEYDAN.TV\" \/>\n<meta property=\"og:description\" content=\"K\u0259ndd\u0259 qaz yoxdur, tibb m\u0259nt\u0259q\u0259si yarars\u0131zd\u0131r &#8220;1500-\u0259 yax\u0131n \u0259halisi olan ... Davam\u0131\" \/>\n<meta property=\"og:url\" content=\"https:\/\/www.meydan.tv\/az\/article\/rudekenar-apteksiz-kend\/\" \/>\n<meta property=\"og:site_name\" content=\"MEYDAN.TV\" \/>\n<meta property=\"article:published_time\" content=\"2023-01-23T12:45:50+00:00\" \/>\n<meta property=\"article:modified_time\" content=\"2023-01-23T12:45:52+00:00\" \/>\n<meta property=\"og:image\" content=\"https:\/\/www.meydan.tv\/wp-content\/uploads\/photo-2023-01-23-15-33-20-2.jpg\" \/>\n\t<meta property=\"og:image:width\" content=\"1200\" \/>\n\t<meta property=\"og:image:height\" content=\"541\" \/>\n\t<meta property=\"og:image:type\" content=\"image\/jpeg\" \/>\n<meta name=\"author\" content=\"elli\" \/>\n<meta name=\"twitter:card\" content=\"summary_large_image\" \/>\n<meta name=\"twitter:creator\" content=\"@elli\" \/>\n<script type=\"application\/ld+json\" class=\"yoast-schema-graph\">{\"@context\":\"https:\\\/\\\/schema.org\",\"@graph\":[{\"@type\":\"Article\",\"@id\":\"https:\\\/\\\/www.meydan.tv\\\/az\\\/article\\\/rudekenar-apteksiz-kend\\\/#article\",\"isPartOf\":{\"@id\":\"https:\\\/\\\/www.meydan.tv\\\/az\\\/article\\\/rudekenar-apteksiz-kend\\\/\"},\"author\":{\"name\":\"elli\",\"@id\":\"https:\\\/\\\/www.meydan.tv\\\/az\\\/#\\\/schema\\\/person\\\/9cdbecf90d17180ce1dfbd95b08dcf47\"},\"headline\":\"R\u00fcd\u0259k\u0259nar \u2013 apteksiz k\u0259nd\",\"datePublished\":\"2023-01-23T12:45:50+00:00\",\"dateModified\":\"2023-01-23T12:45:52+00:00\",\"mainEntityOfPage\":{\"@id\":\"https:\\\/\\\/www.meydan.tv\\\/az\\\/article\\\/rudekenar-apteksiz-kend\\\/\"},\"wordCount\":651,\"publisher\":{\"@id\":\"https:\\\/\\\/www.meydan.tv\\\/az\\\/#organization\"},\"image\":{\"@id\":\"https:\\\/\\\/www.meydan.tv\\\/az\\\/article\\\/rudekenar-apteksiz-kend\\\/#primaryimage\"},\"thumbnailUrl\":\"https:\\\/\\\/www.meydan.tv\\\/wp-content\\\/uploads\\\/photo-2023-01-23-15-33-20-2.jpg\",\"articleSection\":[\"B\u00f6lg\u0259\",\"X\u0259b\u0259rl\u0259r\"],\"inLanguage\":\"az\"},{\"@type\":\"WebPage\",\"@id\":\"https:\\\/\\\/www.meydan.tv\\\/az\\\/article\\\/rudekenar-apteksiz-kend\\\/\",\"url\":\"https:\\\/\\\/www.meydan.tv\\\/az\\\/article\\\/rudekenar-apteksiz-kend\\\/\",\"name\":\"R\u00fcd\u0259k\u0259nar \u2013 apteksiz k\u0259nd - MEYDAN.TV\",\"isPartOf\":{\"@id\":\"https:\\\/\\\/www.meydan.tv\\\/az\\\/#website\"},\"primaryImageOfPage\":{\"@id\":\"https:\\\/\\\/www.meydan.tv\\\/az\\\/article\\\/rudekenar-apteksiz-kend\\\/#primaryimage\"},\"image\":{\"@id\":\"https:\\\/\\\/www.meydan.tv\\\/az\\\/article\\\/rudekenar-apteksiz-kend\\\/#primaryimage\"},\"thumbnailUrl\":\"https:\\\/\\\/www.meydan.tv\\\/wp-content\\\/uploads\\\/photo-2023-01-23-15-33-20-2.jpg\",\"datePublished\":\"2023-01-23T12:45:50+00:00\",\"dateModified\":\"2023-01-23T12:45:52+00:00\",\"breadcrumb\":{\"@id\":\"https:\\\/\\\/www.meydan.tv\\\/az\\\/article\\\/rudekenar-apteksiz-kend\\\/#breadcrumb\"},\"inLanguage\":\"az\",\"potentialAction\":[{\"@type\":\"ReadAction\",\"target\":[\"https:\\\/\\\/www.meydan.tv\\\/az\\\/article\\\/rudekenar-apteksiz-kend\\\/\"]}]},{\"@type\":\"ImageObject\",\"inLanguage\":\"az\",\"@id\":\"https:\\\/\\\/www.meydan.tv\\\/az\\\/article\\\/rudekenar-apteksiz-kend\\\/#primaryimage\",\"url\":\"https:\\\/\\\/www.meydan.tv\\\/wp-content\\\/uploads\\\/photo-2023-01-23-15-33-20-2.jpg\",\"contentUrl\":\"https:\\\/\\\/www.meydan.tv\\\/wp-content\\\/uploads\\\/photo-2023-01-23-15-33-20-2.jpg\",\"width\":1200,\"height\":541,\"caption\":\"Fotolar: Meydan TV\"},{\"@type\":\"BreadcrumbList\",\"@id\":\"https:\\\/\\\/www.meydan.tv\\\/az\\\/article\\\/rudekenar-apteksiz-kend\\\/#breadcrumb\",\"itemListElement\":[{\"@type\":\"ListItem\",\"position\":1,\"name\":\"Ana s\u0259hif\u0259\",\"item\":\"https:\\\/\\\/www.meydan.tv\\\/az\\\/\"},{\"@type\":\"ListItem\",\"position\":2,\"name\":\"B\u00f6lg\u0259\",\"item\":\"https:\\\/\\\/www.meydan.tv\\\/az\\\/section\\\/bolge\\\/\"},{\"@type\":\"ListItem\",\"position\":3,\"name\":\"R\u00fcd\u0259k\u0259nar \u2013 apteksiz k\u0259nd\"}]},{\"@type\":\"WebSite\",\"@id\":\"https:\\\/\\\/www.meydan.tv\\\/az\\\/#website\",\"url\":\"https:\\\/\\\/www.meydan.tv\\\/az\\\/\",\"name\":\"MEYDAN.TV\",\"description\":\"Meydan TV Az\u0259rbaycan\u0131n media m\u0259kan\u0131ndak\u0131 alternativ s\u0259sidir\",\"publisher\":{\"@id\":\"https:\\\/\\\/www.meydan.tv\\\/az\\\/#organization\"},\"potentialAction\":[{\"@type\":\"SearchAction\",\"target\":{\"@type\":\"EntryPoint\",\"urlTemplate\":\"https:\\\/\\\/www.meydan.tv\\\/az\\\/?s={search_term_string}\"},\"query-input\":{\"@type\":\"PropertyValueSpecification\",\"valueRequired\":true,\"valueName\":\"search_term_string\"}}],\"inLanguage\":\"az\"},{\"@type\":\"Organization\",\"@id\":\"https:\\\/\\\/www.meydan.tv\\\/az\\\/#organization\",\"name\":\"Meydan TV\",\"url\":\"https:\\\/\\\/www.meydan.tv\\\/az\\\/\",\"logo\":{\"@type\":\"ImageObject\",\"inLanguage\":\"az\",\"@id\":\"https:\\\/\\\/www.meydan.tv\\\/az\\\/#\\\/schema\\\/logo\\\/image\\\/\",\"url\":\"https:\\\/\\\/www.meydan.tv\\\/wp-content\\\/uploads\\\/2021\\\/07\\\/meydan-logo.svg\",\"contentUrl\":\"https:\\\/\\\/www.meydan.tv\\\/wp-content\\\/uploads\\\/2021\\\/07\\\/meydan-logo.svg\",\"width\":195,\"height\":46,\"caption\":\"Meydan TV\"},\"image\":{\"@id\":\"https:\\\/\\\/www.meydan.tv\\\/az\\\/#\\\/schema\\\/logo\\\/image\\\/\"}},{\"@type\":\"Person\",\"@id\":\"https:\\\/\\\/www.meydan.tv\\\/az\\\/#\\\/schema\\\/person\\\/9cdbecf90d17180ce1dfbd95b08dcf47\",\"name\":\"elli\",\"sameAs\":[\"https:\\\/\\\/x.com\\\/elli\"]}]}<\/script>\n<!-- \/ Yoast SEO plugin. -->","yoast_head_json":{"title":"R\u00fcd\u0259k\u0259nar \u2013 apteksiz k\u0259nd - MEYDAN.TV","robots":{"index":"index","follow":"follow","max-snippet":"max-snippet:-1","max-image-preview":"max-image-preview:large","max-video-preview":"max-video-preview:-1"},"canonical":"https:\/\/www.meydan.tv\/az\/article\/rudekenar-apteksiz-kend\/","og_locale":"az_AZ","og_type":"article","og_title":"R\u00fcd\u0259k\u0259nar \u2013 apteksiz k\u0259nd - MEYDAN.TV","og_description":"K\u0259ndd\u0259 qaz yoxdur, tibb m\u0259nt\u0259q\u0259si yarars\u0131zd\u0131r &#8220;1500-\u0259 yax\u0131n \u0259halisi olan ... Davam\u0131","og_url":"https:\/\/www.meydan.tv\/az\/article\/rudekenar-apteksiz-kend\/","og_site_name":"MEYDAN.TV","article_published_time":"2023-01-23T12:45:50+00:00","article_modified_time":"2023-01-23T12:45:52+00:00","og_image":[{"width":1200,"height":541,"url":"https:\/\/www.meydan.tv\/wp-content\/uploads\/photo-2023-01-23-15-33-20-2.jpg","type":"image\/jpeg"}],"author":"elli","twitter_card":"summary_large_image","twitter_creator":"@elli","schema":{"@context":"https:\/\/schema.org","@graph":[{"@type":"Article","@id":"https:\/\/www.meydan.tv\/az\/article\/rudekenar-apteksiz-kend\/#article","isPartOf":{"@id":"https:\/\/www.meydan.tv\/az\/article\/rudekenar-apteksiz-kend\/"},"author":{"name":"elli","@id":"https:\/\/www.meydan.tv\/az\/#\/schema\/person\/9cdbecf90d17180ce1dfbd95b08dcf47"},"headline":"R\u00fcd\u0259k\u0259nar \u2013 apteksiz k\u0259nd","datePublished":"2023-01-23T12:45:50+00:00","dateModified":"2023-01-23T12:45:52+00:00","mainEntityOfPage":{"@id":"https:\/\/www.meydan.tv\/az\/article\/rudekenar-apteksiz-kend\/"},"wordCount":651,"publisher":{"@id":"https:\/\/www.meydan.tv\/az\/#organization"},"image":{"@id":"https:\/\/www.meydan.tv\/az\/article\/rudekenar-apteksiz-kend\/#primaryimage"},"thumbnailUrl":"https:\/\/www.meydan.tv\/wp-content\/uploads\/photo-2023-01-23-15-33-20-2.jpg","articleSection":["B\u00f6lg\u0259","X\u0259b\u0259rl\u0259r"],"inLanguage":"az"},{"@type":"WebPage","@id":"https:\/\/www.meydan.tv\/az\/article\/rudekenar-apteksiz-kend\/","url":"https:\/\/www.meydan.tv\/az\/article\/rudekenar-apteksiz-kend\/","name":"R\u00fcd\u0259k\u0259nar \u2013 apteksiz k\u0259nd - MEYDAN.TV","isPartOf":{"@id":"https:\/\/www.meydan.tv\/az\/#website"},"primaryImageOfPage":{"@id":"https:\/\/www.meydan.tv\/az\/article\/rudekenar-apteksiz-kend\/#primaryimage"},"image":{"@id":"https:\/\/www.meydan.tv\/az\/article\/rudekenar-apteksiz-kend\/#primaryimage"},"thumbnailUrl":"https:\/\/www.meydan.tv\/wp-content\/uploads\/photo-2023-01-23-15-33-20-2.jpg","datePublished":"2023-01-23T12:45:50+00:00","dateModified":"2023-01-23T12:45:52+00:00","breadcrumb":{"@id":"https:\/\/www.meydan.tv\/az\/article\/rudekenar-apteksiz-kend\/#breadcrumb"},"inLanguage":"az","potentialAction":[{"@type":"ReadAction","target":["https:\/\/www.meydan.tv\/az\/article\/rudekenar-apteksiz-kend\/"]}]},{"@type":"ImageObject","inLanguage":"az","@id":"https:\/\/www.meydan.tv\/az\/article\/rudekenar-apteksiz-kend\/#primaryimage","url":"https:\/\/www.meydan.tv\/wp-content\/uploads\/photo-2023-01-23-15-33-20-2.jpg","contentUrl":"https:\/\/www.meydan.tv\/wp-content\/uploads\/photo-2023-01-23-15-33-20-2.jpg","width":1200,"height":541,"caption":"Fotolar: Meydan TV"},{"@type":"BreadcrumbList","@id":"https:\/\/www.meydan.tv\/az\/article\/rudekenar-apteksiz-kend\/#breadcrumb","itemListElement":[{"@type":"ListItem","position":1,"name":"Ana s\u0259hif\u0259","item":"https:\/\/www.meydan.tv\/az\/"},{"@type":"ListItem","position":2,"name":"B\u00f6lg\u0259","item":"https:\/\/www.meydan.tv\/az\/section\/bolge\/"},{"@type":"ListItem","position":3,"name":"R\u00fcd\u0259k\u0259nar \u2013 apteksiz k\u0259nd"}]},{"@type":"WebSite","@id":"https:\/\/www.meydan.tv\/az\/#website","url":"https:\/\/www.meydan.tv\/az\/","name":"MEYDAN.TV","description":"Meydan TV Az\u0259rbaycan\u0131n media m\u0259kan\u0131ndak\u0131 alternativ s\u0259sidir","publisher":{"@id":"https:\/\/www.meydan.tv\/az\/#organization"},"potentialAction":[{"@type":"SearchAction","target":{"@type":"EntryPoint","urlTemplate":"https:\/\/www.meydan.tv\/az\/?s={search_term_string}"},"query-input":{"@type":"PropertyValueSpecification","valueRequired":true,"valueName":"search_term_string"}}],"inLanguage":"az"},{"@type":"Organization","@id":"https:\/\/www.meydan.tv\/az\/#organization","name":"Meydan TV","url":"https:\/\/www.meydan.tv\/az\/","logo":{"@type":"ImageObject","inLanguage":"az","@id":"https:\/\/www.meydan.tv\/az\/#\/schema\/logo\/image\/","url":"https:\/\/www.meydan.tv\/wp-content\/uploads\/2021\/07\/meydan-logo.svg","contentUrl":"https:\/\/www.meydan.tv\/wp-content\/uploads\/2021\/07\/meydan-logo.svg","width":195,"height":46,"caption":"Meydan TV"},"image":{"@id":"https:\/\/www.meydan.tv\/az\/#\/schema\/logo\/image\/"}},{"@type":"Person","@id":"https:\/\/www.meydan.tv\/az\/#\/schema\/person\/9cdbecf90d17180ce1dfbd95b08dcf47","name":"elli","sameAs":["https:\/\/x.com\/elli"]}]}},"_links":{"self":[{"href":"https:\/\/www.meydan.tv\/az\/wp-json\/wp\/v2\/posts\/266439","targetHints":{"allow":["GET"]}}],"collection":[{"href":"https:\/\/www.meydan.tv\/az\/wp-json\/wp\/v2\/posts"}],"about":[{"href":"https:\/\/www.meydan.tv\/az\/wp-json\/wp\/v2\/types\/post"}],"author":[{"embeddable":true,"href":"https:\/\/www.meydan.tv\/az\/wp-json\/wp\/v2\/users\/8"}],"replies":[{"embeddable":true,"href":"https:\/\/www.meydan.tv\/az\/wp-json\/wp\/v2\/comments?post=266439"}],"version-history":[{"count":1,"href":"https:\/\/www.meydan.tv\/az\/wp-json\/wp\/v2\/posts\/266439\/revisions"}],"predecessor-version":[{"id":266440,"href":"https:\/\/www.meydan.tv\/az\/wp-json\/wp\/v2\/posts\/266439\/revisions\/266440"}],"wp:featuredmedia":[{"embeddable":true,"href":"https:\/\/www.meydan.tv\/az\/wp-json\/wp\/v2\/media\/266436"}],"wp:attachment":[{"href":"https:\/\/www.meydan.tv\/az\/wp-json\/wp\/v2\/media?parent=266439"}],"wp:term":[{"taxonomy":"category","embeddable":true,"href":"https:\/\/www.meydan.tv\/az\/wp-json\/wp\/v2\/categories?post=266439"},{"taxonomy":"post_tag","embeddable":true,"href":"https:\/\/www.meydan.tv\/az\/wp-json\/wp\/v2\/tags?post=266439"}],"curies":[{"name":"wp","href":"https:\/\/api.w.org\/{rel}","templated":true}]}}