{"id":266407,"date":"2023-01-23T14:37:20","date_gmt":"2023-01-23T10:37:20","guid":{"rendered":"https:\/\/www.meydan.tv\/?p=266407"},"modified":"2023-01-23T14:37:23","modified_gmt":"2023-01-23T10:37:23","slug":"muharibe-veterani-70-ilin-tikilisi-olan-evde-yasayiriq-her-an-uca-biler","status":"publish","type":"post","link":"https:\/\/www.meydan.tv\/az\/article\/muharibe-veterani-70-ilin-tikilisi-olan-evde-yasayiriq-her-an-uca-biler\/","title":{"rendered":"M\u00fcharib\u0259 veteran\u0131: &#8220;70 ilin tikilisi olan evd\u0259 ya\u015fay\u0131r\u0131q, h\u0259r an u\u00e7a bil\u0259r&#8221;"},"content":{"rendered":"\n<p><\/p>\n\n\n\n<p><em>&#8220;&#8221;Siz\u0259 x\u0259b\u0259r ed\u0259c\u0259yik&#8221; deyib yola verirl\u0259r&#8221;<\/em><br><\/p>\n\n\n\n<p>G\u00f6y\u00e7ay\u0131n M\u0131rt\u0131 k\u0259nd sakini 29 ya\u015fl\u0131 V\u00fcqar \u0130sayev on ildir ki, t\u0259m\u0259li qoyulan evini tikib yekunla\u015fd\u0131ra bilmir. S\u0259b\u0259b is\u0259 imkans\u0131zl\u0131qd\u0131r.<\/p>\n\n\n\n<p>Meydan TV-y\u0259 dan\u0131\u015fan m\u00fcharib\u0259 veteran\u0131 deyir ki, 2 ya\u015f\u0131nda anas\u0131n\u0131 x\u0259st\u0259likd\u0259n itirib, n\u0259n\u0259sinin v\u0259 bibisinin himay\u0259sind\u0259 b\u00f6y\u00fcy\u00fcb. H\u0259rbi xidm\u0259tini ba\u015fa vurduqdan sonra d\u0259f\u0259l\u0259rl\u0259 i\u015f \u00fc\u00e7\u00fcn m\u00fcraci\u0259t ets\u0259 d\u0259, f\u0259hl\u0259likd\u0259n ba\u015fqa i\u015f tapa bilm\u0259yib.<\/p>\n\n\n\n<figure class=\"wp-block-image size-large\"><img decoding=\"async\" width=\"1200\" height=\"540\" data-src=\"https:\/\/www.meydan.tv\/wp-content\/uploads\/img-20230103-wa0052-1200x540.jpg\" alt=\"\" class=\"wp-image-266401 lazyload\" src=\"data:image\/svg+xml;base64,PHN2ZyB3aWR0aD0iMSIgaGVpZ2h0PSIxIiB4bWxucz0iaHR0cDovL3d3dy53My5vcmcvMjAwMC9zdmciPjwvc3ZnPg==\" style=\"--smush-placeholder-width: 1200px; --smush-placeholder-aspect-ratio: 1200\/540;\" \/><\/figure>\n\n\n\n<p>Haz\u0131rda atas\u0131n\u0131n ikinci ail\u0259si v\u0259 bibisi il\u0259 birlikd\u0259 k\u00f6hn\u0259, ya\u015fay\u0131\u015fa yaras\u0131z iki otaql\u0131 evd\u0259 m\u0259skunla\u015f\u0131b. \u00d6t\u0259n \u0259srin 50-ci ill\u0259rind\u0259 tikil\u0259n evin is\u0259 n\u0259 tavan\u0131, n\u0259 divar\u0131, n\u0259 d\u0259 \u015f\u0259raiti ya\u015fay\u0131\u015fa uy\u011fundur.<\/p>\n\n\n\n<p>Deyir ki, onun ist\u0259yi bir m\u00fcharib\u0259 i\u015ftirak\u00e7\u0131s\u0131 kimi aidiyy\u0259ti qurumlar\u0131n onun evinin tikintisin\u0259 k\u00f6m\u0259k etm\u0259sidir, ancaq m\u00fcraci\u0259tl\u0259rin\u0259 baxan yoxdur. \u018fv\u0259zind\u0259: &#8220;Get \u00f6z\u00fcm\u00fcz s\u0259ni \u00e7a\u011f\u0131rar\u0131q&#8221;, &#8211; deyib yola sal\u0131rlar.<\/p>\n\n\n\n<p>V\u00fcqar \u0130sayev 2020-ci ilin sentyabr\u0131n 21-d\u0259n dekabr\u0131n 31-d\u0259k Suqovu\u015fan, A\u011fd\u0259r\u0259 istiqam\u0259tind\u0259 d\u00f6y\u00fc\u015fl\u0259rd\u0259 i\u015ftirak edib: <\/p>\n\n\n\n<figure class=\"wp-block-image size-large\"><img decoding=\"async\" width=\"1200\" height=\"540\" data-src=\"https:\/\/www.meydan.tv\/wp-content\/uploads\/img-20230103-wa0066-1200x540.jpg\" alt=\"\" class=\"wp-image-266380 lazyload\" src=\"data:image\/svg+xml;base64,PHN2ZyB3aWR0aD0iMSIgaGVpZ2h0PSIxIiB4bWxucz0iaHR0cDovL3d3dy53My5vcmcvMjAwMC9zdmciPjwvc3ZnPg==\" style=\"--smush-placeholder-width: 1200px; --smush-placeholder-aspect-ratio: 1200\/540;\" \/><\/figure>\n\n\n\n<p>&#8220;\u00c7\u0259tinlik, soyuq bilm\u0259mi\u015f\u0259m. Top\u00e7u olmu\u015fam. Can\u0131m\u0131 bel\u0259 verm\u0259y\u0259 haz\u0131r idim. \u0130ki medal\u0131m var. \u0130ki d\u0259f\u0259 G\u00f6y\u00e7ay\u0131n icra ba\u015f\u00e7\u0131s\u0131n\u0131n q\u0259buluna getmi\u015f\u0259m. \u0130lk d\u0259f\u0259 g\u00f6r\u00fc\u015f oldu, dedil\u0259r ki, \u00f6z\u00fcm\u00fcz, \u00e7a\u011f\u0131raca\u011f\u0131q. Sonra yen\u0259 q\u0259bula getdim, buraxmad\u0131lar. D\u0259f\u0259l\u0259rl\u0259 v\u0259d verib aldad\u0131blar. He\u00e7 bir r\u0259smi i\u015fim yoxdur, i\u015fsiz\u0259m, ancaq torpaq \u0259kib, heyvan saxlamaqla dolan\u0131r\u0131q. Ail\u0259d\u0259 6-7 n\u0259f\u0259rik, 52 ya\u015fl\u0131 bibim\u0259 d\u0259 m\u0259n bax\u0131ram. T\u0259k g\u0259lirim 80 manat veteran pensiyas\u0131d\u0131r&#8221;.<\/p>\n\n\n\n<p>&#8220;Ya\u015fad\u0131\u011f\u0131m\u0131z tikili 70 ilin evidir. \u0130ki ail\u0259 h\u0259r an u\u00e7ub-da\u011f\u0131lma ehtimal\u0131 olan evd\u0259 qal\u0131r. Arada dig\u0259r \u0259mimin evind\u0259 qal\u0131r\u0131q. Onun da \u015f\u0259raiti yoxdur. \u0130\u015f d\u0259 yoxdur ki, gedib i\u015fl\u0259y\u0259s\u0259n, ayda maa\u015f alasan. Haz\u0131rda d\u00fckana 600 manat borcluyam&#8221;, &#8211; dey\u0259 \u0130sayev bildirib.<br><\/p>\n\n\n\n<figure class=\"wp-block-image size-large\"><img decoding=\"async\" width=\"1200\" height=\"540\" data-src=\"https:\/\/www.meydan.tv\/wp-content\/uploads\/img-20230103-wa0114-1200x540.jpg\" alt=\"\" class=\"wp-image-266392 lazyload\" src=\"data:image\/svg+xml;base64,PHN2ZyB3aWR0aD0iMSIgaGVpZ2h0PSIxIiB4bWxucz0iaHR0cDovL3d3dy53My5vcmcvMjAwMC9zdmciPjwvc3ZnPg==\" style=\"--smush-placeholder-width: 1200px; --smush-placeholder-aspect-ratio: 1200\/540;\" \/><\/figure>\n\n\n\n<p><strong>&#8220;6-7 n\u0259f\u0259r iki dar\u0131sqal otaqda qal\u0131r\u0131q&#8221;<\/strong><br><\/p>\n\n\n\n<p>O deyir ki, heyvanlar\u0131n\u0131 sataraq, el\u0259c\u0259 atas\u0131n\u0131n v\u0259 qazi \u0259misinin k\u00f6m\u0259kliyi il\u0259 yeni tikil\u0259n evinin divar h\u00f6rg\u00fcs\u00fcn\u0259 yet\u0259c\u0259k q\u0259d\u0259r mi\u015far da\u015f\u0131 al\u0131b.<\/p>\n\n\n\n<p>Divar\u0131n h\u00f6rg\u00fc i\u015fl\u0259rini k\u0259nd sakinl\u0259ri il\u0259 birlikd\u0259 vurub yekunla\u015fd\u0131rma\u011f\u0131 planla\u015fd\u0131rsa da, evini tikib k\u00f6\u00e7m\u0259y\u0259 \u00fcm\u00fcdsizdir. \u00c7\u00fcnki n\u0259 maddi v\u0259saiti, n\u0259 tikinti material\u0131 var ki, i\u015fi tamamlas\u0131n:<\/p>\n\n\n\n<p>&#8220;10 ildir ki, bu evi tikm\u0259y\u0259 ba\u015flam\u0131\u015fam. Tikinti materiallar\u0131na k\u00f6m\u0259k laz\u0131md\u0131r ki, ba\u015flad\u0131\u011f\u0131m i\u015fi bitirim. \u0130mkans\u0131zl\u0131qdan heyvanlar\u0131m\u0131 satd\u0131m. Bilir\u0259m ki, v\u0259sait v\u0259 tikinti material\u0131 olmad\u0131\u011f\u0131ndan ev yen\u0259 yar\u0131m\u00e7\u0131q qalacaq. Ayl\u0131q 80 manatl\u0131q t\u0259qa\u00fcd is\u0259 ancaq \u0259rzaqa gedir. Banklar da kredit vermirl\u0259r ki, t\u0259qa\u00fcd\u00fcn m\u0259bl\u0259\u011f azd\u0131r. \u018flav\u0259 g\u0259lir yeri t\u0259l\u0259b edirl\u0259r. Evin tikintisin\u0259 g\u00fcc\u00fcm \u00e7atm\u0131r, ya\u015f da \u00f6t\u00fcr. 6-7 n\u0259f\u0259r iki dar\u0131sqal otaqda birg\u0259 qal\u0131r\u0131q. Subayam, ail\u0259 qurmal\u0131yam. Evsiz nec\u0259? \u0130ndi bibiml\u0259 evsiz, \u015f\u0259raitsiz bir durumda qalm\u0131\u015f\u0131q. \u0130\u015f olsa, yax\u015f\u0131 olar. \u0130ki otaql\u0131 evin \u0259rs\u0259y\u0259 g\u0259lm\u0259si \u00fc\u00e7\u00fcn bundan sonra 20 min laz\u0131md\u0131r. Lap 15 minin\u0259 k\u00f6m\u0259k olsa, n\u0259s\u0259 etm\u0259k olar. Hans\u0131 quruma gedir\u0259ms\u0259, xahi\u015f edir\u0259m ki, pul deyil, material \u015f\u0259klind\u0259 k\u00f6m\u0259k etsinl\u0259r. \u00c7ox ist\u0259rdim ki, aidiyy\u0259ti qurumlar m\u00fcraci\u0259tl\u0259rimi n\u0259z\u0259r\u0259 als\u0131nlar. Biz d\u0259 he\u00e7 olmasa, bir ota\u011f\u0131 tikib k\u00f6\u00e7\u0259 bil\u0259k&#8221;.<br><\/p>\n\n\n\n<figure class=\"wp-block-image size-large\"><img decoding=\"async\" width=\"1200\" height=\"540\" data-src=\"https:\/\/www.meydan.tv\/wp-content\/uploads\/img-20230103-wa01061-1200x540.jpg\" alt=\"\" class=\"wp-image-266395 lazyload\" src=\"data:image\/svg+xml;base64,PHN2ZyB3aWR0aD0iMSIgaGVpZ2h0PSIxIiB4bWxucz0iaHR0cDovL3d3dy53My5vcmcvMjAwMC9zdmciPjwvc3ZnPg==\" style=\"--smush-placeholder-width: 1200px; --smush-placeholder-aspect-ratio: 1200\/540;\" \/><\/figure>\n\n\n\n<p><strong>&#8220;M\u00fcharib\u0259 olsa, yen\u0259 birinci bizim u\u015faqlar\u0131 aparacaqlar&#8221;<\/strong><br><\/p>\n\n\n\n<p>M\u00fcharib\u0259 i\u015ftirak\u00e7\u0131s\u0131n\u0131n atas\u0131 G\u00fcnd\u00fcz \u0130sayev i\u015fsizdir, arada f\u0259hl\u0259likl\u0259 gun\u0259muzd qazana bilir. \u00d6z\u00fc d\u0259 iki il birinci Qaraba\u011f d\u00f6y\u00fc\u015fl\u0259rind\u0259 i\u015ftirak edib. \u0130ndi is\u0259 k\u00f6hn\u0259 evd\u0259 ya\u015fad\u0131\u011f\u0131n\u0131, x\u0259st\u0259 h\u0259yat yolda\u015f\u0131, iki q\u0131z \u00f6vlad\u0131na g\u00fccl\u0259 baxd\u0131\u011f\u0131n\u0131 deyir.<\/p>\n\n\n\n<p>Onun s\u00f6zl\u0259rin\u0259 g\u00f6r\u0259, m\u00fcxt\u0259lif d\u00f6vl\u0259t orqanlar\u0131na etdikl\u0259ri m\u00fcraci\u0259tl\u0259r n\u0259tic\u0259siz qal\u0131r:<\/p>\n\n\n\n<p>&#8220;1994-96-c\u0131 ill\u0259rd\u0259 iki il F\u00fczuli, A\u011fdam, T\u0259rt\u0259r istiqam\u0259tl\u0259rind\u0259 d\u00f6y\u00fc\u015fl\u0259rd\u0259 i\u015ftirak etmi\u015f\u0259m. M\u0259n bir ata kimi d\u0259f\u0259l\u0259rl\u0259 aidiyy\u0259ti qurumlara ev\u0259, veteranl\u0131\u011f\u0131ma g\u00f6r\u0259 m\u00fcraci\u0259t etmi\u015f\u0259m. Heyd\u0259r \u018fliyev Fonduna, \u00f6lk\u0259 ba\u015f\u00e7\u0131s\u0131na, rayon icra hakimiyy\u0259tin\u0259 yaz\u0131b k\u00f6m\u0259k ist\u0259mi\u015f\u0259m. M\u0259ktublar\u0131ma cavab veribl\u0259r ki, \u0259riz\u0259niz\u0259 bax\u0131lacaq, amma n\u0259 n\u0259tic\u0259 var, n\u0259 d\u0259 d\u0259st\u0259k. Qarda\u015f\u0131m N\u00fcsr\u0259t \u0130sayev d\u0259 (V\u00fcqar \u0130sayevin \u0259misi &#8211; red) Qaraba\u011f qazisidir. Ona da ev tikilm\u0259li idi, ancaq tikilm\u0259yib. O\u011flum da d\u00f6y\u00fc\u015f\u00fcb, iki medal\u0131 var. N\u0259 olar ki, d\u00f6vl\u0259t bizim bu m\u00fcraci\u0259t\u0259 baxa. Qald\u0131\u011f\u0131m\u0131z evin arxa divar\u0131 \u00e7\u00f6k\u00fcr. H\u0259r yer \u00e7atlaqd\u0131r. \u0130\u015f olandan-olana f\u0259hl\u0259 i\u015fl\u0259yir\u0259m. Pul ist\u0259mirik ki, material versinl\u0259r. Yenid\u0259n aidiyy\u0259ti qurumlara m\u0259ktub yazm\u0131\u015f\u0131q. H\u0259l\u0259 d\u0259 cavab yoxdur, amma m\u00fcharib\u0259 olsa, yen\u0259 birinci bizim u\u015faqlar\u0131 aparacaqlar&#8221;.<br><\/p>\n\n\n\n<figure class=\"wp-block-image size-large\"><img decoding=\"async\" width=\"1200\" height=\"540\" data-src=\"https:\/\/www.meydan.tv\/wp-content\/uploads\/img-20230103-wa0115-1200x540.jpg\" alt=\"\" class=\"wp-image-266377 lazyload\" src=\"data:image\/svg+xml;base64,PHN2ZyB3aWR0aD0iMSIgaGVpZ2h0PSIxIiB4bWxucz0iaHR0cDovL3d3dy53My5vcmcvMjAwMC9zdmciPjwvc3ZnPg==\" style=\"--smush-placeholder-width: 1200px; --smush-placeholder-aspect-ratio: 1200\/540;\" \/><\/figure>\n\n\n\n<p><strong>&#8220;YA\u015eAT&#8221; Fondu v\u0259 \u018f\u018fSMN onlara aid olmad\u0131\u011f\u0131n\u0131 deyir&#8230;<\/strong><br><\/p>\n\n\n\n<p>&#8220;YA\u015eAT&#8221; Fondunun m\u0259tbuat xidm\u0259tinin r\u0259hb\u0259ri Elnur Nift\u0259liyev Meydan TV-y\u0259 bildirib ki, m\u00fcraci\u0259t ed\u0259n \u015f\u0259xs m\u00fcharib\u0259 veteran oldu\u011fundan fondun subyekti hesab olunmur:<\/p>\n\n\n\n<p>&#8220;\u201cYA\u015eAT\u201d Fondunun subyektl\u0259ri Az\u0259rbaycan\u0131n \u0259razi b\u00fct\u00f6vl\u00fcy\u00fcn\u00fcn m\u00fcdafi\u0259si il\u0259 \u0259laq\u0259dar \u0259lilliyi m\u00fc\u0259yy\u0259n olunmu\u015f h\u0259rbi qulluq\u00e7ular v\u0259 \u015f\u0259hid olmu\u015f \u015f\u0259xsl\u0259rin ail\u0259l\u0259rinin \u00fczvl\u0259ri, o c\u00fcml\u0259d\u0259n i\u015f\u011faldan azad edilmi\u015f \u0259razil\u0259rd\u0259 xidm\u0259ti v\u0259zif\u0259l\u0259rini yerin\u0259 yetir\u0259rk\u0259n, habel\u0259 h\u0259rbi \u0259m\u0259liyyatlar bitdikd\u0259n sonra onun n\u0259tic\u0259l\u0259rinin aradan qald\u0131r\u0131lmas\u0131nda i\u015ftirak etm\u0259si n\u0259tic\u0259sind\u0259 \u0259lilliyi m\u00fc\u0259yy\u0259n olunmu\u015f d\u00f6vl\u0259t orqanlar\u0131n\u0131n (qurumlar\u0131n\u0131n) \u0259m\u0259kda\u015flar\u0131 v\u0259 ya h\u0259lak olmu\u015f \u0259m\u0259kda\u015flar\u0131n ail\u0259 \u00fczvl\u0259ri oldu\u011fundan \u015f\u0259xsin m\u00fcraci\u0259tin\u0259 bax\u0131lmas\u0131 Fondun s\u0259lahiyy\u0259tl\u0259ri xaricind\u0259dir&#8221;.<\/p>\n\n\n\n<figure class=\"wp-block-image size-large\"><img decoding=\"async\" width=\"1200\" height=\"540\" data-src=\"https:\/\/www.meydan.tv\/wp-content\/uploads\/img-20230103-wa0076-1200x540.jpg\" alt=\"\" class=\"wp-image-266398 lazyload\" src=\"data:image\/svg+xml;base64,PHN2ZyB3aWR0aD0iMSIgaGVpZ2h0PSIxIiB4bWxucz0iaHR0cDovL3d3dy53My5vcmcvMjAwMC9zdmciPjwvc3ZnPg==\" style=\"--smush-placeholder-width: 1200px; --smush-placeholder-aspect-ratio: 1200\/540;\" \/><\/figure>\n\n\n\n<p>\u018fm\u0259k v\u0259 \u018fhalinin Sosial M\u00fcdafi\u0259si Nazirliyi (\u018f\u018fSMN) yan\u0131nda Sosial Xidm\u0259tl\u0259r Agentliyinin ictimaiyy\u0259tl\u0259 \u0259laq\u0259l\u0259r \u015f\u00f6b\u0259sinin m\u00fcdiri Murad H\u0259\u015fimov da v\u0259t\u0259nda\u015f\u0131n m\u00fcraci\u0259ti il\u0259 ba\u011fl\u0131 sor\u011fuya ox\u015far cavab\u0131 verib:<\/p>\n\n\n\n<p>&#8220;\u015e\u0259hidl\u0259rimizin ail\u0259 \u00fczvl\u0259ri v\u0259 m\u00fcharib\u0259 \u0259lill\u0259rimizin m\u0259nzil \u015f\u0259raitinin yax\u015f\u0131la\u015fd\u0131r\u0131lmas\u0131 ehtiyac olduqda qanunvericiliy\u0259 uy\u011fun olaraq, \u018fm\u0259k v\u0259 \u018fhalinin Sosial M\u00fcdafi\u0259si Nazirliyi t\u0259r\u0259find\u0259n m\u0259nzil v\u0259 ya f\u0259rdi evl\u0259rl\u0259 t\u0259min edilirl\u0259r. \u0130sayev V\u00fcqar G\u00fcnd\u00fcz o\u011flu qeyd olunan kateqoriyaya aid olmad\u0131\u011f\u0131ndan, y\u0259ni m\u00fcharib\u0259 \u0259lili olmad\u0131\u011f\u0131 \u00fc\u00e7\u00fcn onun m\u0259nzil ya f\u0259rdi evl\u0259 t\u0259minat\u0131 Nazirliyin s\u0259hahiyy\u0259tl\u0259ri xaricind\u0259dir&#8221;.<br><\/p>\n\n\n\n<p><strong>&#8220;H\u0259l\u0259 bilmirik ki, biz\u0259 n\u0259 ayr\u0131lacaq, n\u0259 ed\u0259 bil\u0259rik&#8230;&#8221;<\/strong><br><\/p>\n\n\n\n<p>G\u00f6y\u00e7ay\u0131n icra ba\u015f\u00e7\u0131s\u0131n\u0131n m\u00fcavini Ziv\u0259r Zeynalova Meydan TV-y\u0259 deyib ki, bu c\u00fcr m\u00fcraci\u0259tl\u0259r \u00fc\u00e7\u00fcn b\u00fcdc\u0259d\u0259n pul ayr\u0131lsa da, imkanlar\u0131 \u00e7\u0259r\u00e7iv\u0259sind\u0259 qism\u0259n k\u00f6m\u0259k olunur:<\/p>\n\n\n\n<p>&#8220;O da ancaq yerind\u0259c\u0259 bax\u0131\u015f ke\u00e7irilib, yekun r\u0259y verildikd\u0259n sonra. Bu il \u00fc\u00e7\u00fcns\u0259 h\u0259l\u0259 b\u00fcdc\u0259d\u0259n pul ayr\u0131lmad\u0131\u011f\u0131ndan d\u0259qiq he\u00e7 n\u0259 dey\u0259 bilm\u0259y\u0259c\u0259yik&#8221;.<\/p>\n\n\n\n<figure class=\"wp-block-image size-large\"><img decoding=\"async\" width=\"1200\" height=\"540\" data-src=\"https:\/\/www.meydan.tv\/wp-content\/uploads\/img-20230103-wa00571-1200x540.jpg\" alt=\"\" class=\"wp-image-266404 lazyload\" src=\"data:image\/svg+xml;base64,PHN2ZyB3aWR0aD0iMSIgaGVpZ2h0PSIxIiB4bWxucz0iaHR0cDovL3d3dy53My5vcmcvMjAwMC9zdmciPjwvc3ZnPg==\" style=\"--smush-placeholder-width: 1200px; --smush-placeholder-aspect-ratio: 1200\/540;\" \/><\/figure>\n\n\n\n<p>&#8220;\u00d6t\u0259n il icra hakimiyy\u0259tin\u0259 v\u0259sait ayr\u0131lm\u0131\u015fd\u0131. M\u00fc\u0259yy\u0259n v\u0259t\u0259nda\u015flar \u00fc\u00e7\u00fcn i\u015fl\u0259r g\u00f6r\u00fcld\u00fc. \u0130ndi is\u0259 il yeni ba\u015flay\u0131b. H\u0259l\u0259 b\u00fcdc\u0259miz formala\u015fmay\u0131b. H\u0259l\u0259 bilmirik ki, biz\u0259 n\u0259 ayr\u0131lacaq, n\u0259 ed\u0259 bil\u0259rik?! Ona g\u00f6r\u0259 d\u0259 g\u0259lib yerind\u0259c\u0259 bax\u0131\u015f ke\u00e7ir\u0259c\u0259yik, memarl\u0131\u011f\u0131n \u0259m\u0259kda\u015flar\u0131n\u0131 y\u00f6nl\u0259ndir\u0259c\u0259yik ki, baxs\u0131nlar. Ancaq deyim ki, o evi tamamil\u0259 tik\u0259c\u0259yik yox. Bunu h\u0259l\u0259 d\u0259qiq bilmirik. \u0130\u015f\u0259 g\u0259linc\u0259, ancaq marketd\u0259 v\u0259 konserv zavoduna minumum \u0259m\u0259khaqq\u0131na f\u0259hl\u0259 i\u015fi var. \u0130st\u0259s\u0259, gedib orada \u00e7al\u0131\u015far, yox, ist\u0259m\u0259s\u0259, art\u0131q ba\u015fqa i\u015fimiz d\u0259 yoxdur&#8221;, &#8211; dey\u0259 icra ba\u015f\u00e7\u0131s\u0131n\u0131n m\u00fcavini bidirib.<\/p>\n\n\n\n<figure class=\"wp-block-image size-large\"><img decoding=\"async\" width=\"1200\" height=\"540\" data-src=\"https:\/\/www.meydan.tv\/wp-content\/uploads\/img-20230103-wa00701-1200x540.jpg\" alt=\"\" class=\"wp-image-266383 lazyload\" src=\"data:image\/svg+xml;base64,PHN2ZyB3aWR0aD0iMSIgaGVpZ2h0PSIxIiB4bWxucz0iaHR0cDovL3d3dy53My5vcmcvMjAwMC9zdmciPjwvc3ZnPg==\" style=\"--smush-placeholder-width: 1200px; --smush-placeholder-aspect-ratio: 1200\/540;\" \/><\/figure>\n\n\n\n<p><\/p>\n","protected":false},"excerpt":{"rendered":"<p>&#8220;&#8221;Siz\u0259 x\u0259b\u0259r ed\u0259c\u0259yik&#8221; deyib yola verirl\u0259r&#8221; G\u00f6y\u00e7ay\u0131n M\u0131rt\u0131 k\u0259nd sakini &#8230; <\/p>\n<p class=\"read-more-container\"><a title=\"M\u00fcharib\u0259 veteran\u0131: &#8220;70 ilin tikilisi olan evd\u0259 ya\u015fay\u0131r\u0131q, h\u0259r an u\u00e7a bil\u0259r&#8221;\" class=\"read-more button\" href=\"https:\/\/www.meydan.tv\/az\/article\/muharibe-veterani-70-ilin-tikilisi-olan-evde-yasayiriq-her-an-uca-biler\/#more-266407\" aria-label=\"Read more about M\u00fcharib\u0259 veteran\u0131: &#8220;70 ilin tikilisi olan evd\u0259 ya\u015fay\u0131r\u0131q, h\u0259r an u\u00e7a bil\u0259r&#8221;\">Davam\u0131<\/a><\/p>\n","protected":false},"author":8,"featured_media":266386,"comment_status":"closed","ping_status":"closed","sticky":false,"template":"","format":"standard","meta":{"_acf_changed":false,"_sitemap_exclude":false,"_sitemap_priority":"","_sitemap_frequency":"","footnotes":""},"categories":[60,88,56],"tags":[],"class_list":["post-266407","post","type-post","status-publish","format-standard","has-post-thumbnail","hentry","category-bolge","category-redaktor-secimi","category-xeberler","infinite-scroll-item","generate-columns","tablet-grid-50","mobile-grid-100","grid-parent","grid-33","no-featured-image-padding"],"acf":[],"yoast_head":"<!-- This site is optimized with the Yoast SEO plugin v27.5 - https:\/\/yoast.com\/product\/yoast-seo-wordpress\/ -->\n<title>M\u00fcharib\u0259 veteran\u0131: &quot;70 ilin tikilisi olan evd\u0259 ya\u015fay\u0131r\u0131q, h\u0259r an u\u00e7a bil\u0259r&quot; - MEYDAN.TV<\/title>\n<meta name=\"robots\" content=\"index, follow, max-snippet:-1, max-image-preview:large, max-video-preview:-1\" \/>\n<link rel=\"canonical\" href=\"https:\/\/www.meydan.tv\/az\/article\/muharibe-veterani-70-ilin-tikilisi-olan-evde-yasayiriq-her-an-uca-biler\/\" \/>\n<meta property=\"og:locale\" content=\"az_AZ\" \/>\n<meta property=\"og:type\" content=\"article\" \/>\n<meta property=\"og:title\" content=\"M\u00fcharib\u0259 veteran\u0131: &quot;70 ilin tikilisi olan evd\u0259 ya\u015fay\u0131r\u0131q, h\u0259r an u\u00e7a bil\u0259r&quot; - MEYDAN.TV\" \/>\n<meta property=\"og:description\" content=\"&#8220;&#8221;Siz\u0259 x\u0259b\u0259r ed\u0259c\u0259yik&#8221; deyib yola verirl\u0259r&#8221; G\u00f6y\u00e7ay\u0131n M\u0131rt\u0131 k\u0259nd sakini ... Davam\u0131\" \/>\n<meta property=\"og:url\" content=\"https:\/\/www.meydan.tv\/az\/article\/muharibe-veterani-70-ilin-tikilisi-olan-evde-yasayiriq-her-an-uca-biler\/\" \/>\n<meta property=\"og:site_name\" content=\"MEYDAN.TV\" \/>\n<meta property=\"article:published_time\" content=\"2023-01-23T10:37:20+00:00\" \/>\n<meta property=\"article:modified_time\" content=\"2023-01-23T10:37:23+00:00\" \/>\n<meta property=\"og:image\" content=\"https:\/\/www.meydan.tv\/wp-content\/uploads\/img-20230103-wa00591.jpg\" \/>\n\t<meta property=\"og:image:width\" content=\"1280\" \/>\n\t<meta property=\"og:image:height\" content=\"576\" \/>\n\t<meta property=\"og:image:type\" content=\"image\/jpeg\" \/>\n<meta name=\"author\" content=\"elli\" \/>\n<meta name=\"twitter:card\" content=\"summary_large_image\" \/>\n<meta name=\"twitter:creator\" content=\"@elli\" \/>\n<script type=\"application\/ld+json\" class=\"yoast-schema-graph\">{\"@context\":\"https:\\\/\\\/schema.org\",\"@graph\":[{\"@type\":\"Article\",\"@id\":\"https:\\\/\\\/www.meydan.tv\\\/az\\\/article\\\/muharibe-veterani-70-ilin-tikilisi-olan-evde-yasayiriq-her-an-uca-biler\\\/#article\",\"isPartOf\":{\"@id\":\"https:\\\/\\\/www.meydan.tv\\\/az\\\/article\\\/muharibe-veterani-70-ilin-tikilisi-olan-evde-yasayiriq-her-an-uca-biler\\\/\"},\"author\":{\"name\":\"elli\",\"@id\":\"https:\\\/\\\/www.meydan.tv\\\/az\\\/#\\\/schema\\\/person\\\/9cdbecf90d17180ce1dfbd95b08dcf47\"},\"headline\":\"M\u00fcharib\u0259 veteran\u0131: &#8220;70 ilin tikilisi olan evd\u0259 ya\u015fay\u0131r\u0131q, h\u0259r an u\u00e7a bil\u0259r&#8221;\",\"datePublished\":\"2023-01-23T10:37:20+00:00\",\"dateModified\":\"2023-01-23T10:37:23+00:00\",\"mainEntityOfPage\":{\"@id\":\"https:\\\/\\\/www.meydan.tv\\\/az\\\/article\\\/muharibe-veterani-70-ilin-tikilisi-olan-evde-yasayiriq-her-an-uca-biler\\\/\"},\"wordCount\":1498,\"publisher\":{\"@id\":\"https:\\\/\\\/www.meydan.tv\\\/az\\\/#organization\"},\"image\":{\"@id\":\"https:\\\/\\\/www.meydan.tv\\\/az\\\/article\\\/muharibe-veterani-70-ilin-tikilisi-olan-evde-yasayiriq-her-an-uca-biler\\\/#primaryimage\"},\"thumbnailUrl\":\"https:\\\/\\\/www.meydan.tv\\\/wp-content\\\/uploads\\\/img-20230103-wa00591.jpg\",\"articleSection\":[\"B\u00f6lg\u0259\",\"Redaktor se\u00e7imi\",\"X\u0259b\u0259rl\u0259r\"],\"inLanguage\":\"az\"},{\"@type\":\"WebPage\",\"@id\":\"https:\\\/\\\/www.meydan.tv\\\/az\\\/article\\\/muharibe-veterani-70-ilin-tikilisi-olan-evde-yasayiriq-her-an-uca-biler\\\/\",\"url\":\"https:\\\/\\\/www.meydan.tv\\\/az\\\/article\\\/muharibe-veterani-70-ilin-tikilisi-olan-evde-yasayiriq-her-an-uca-biler\\\/\",\"name\":\"M\u00fcharib\u0259 veteran\u0131: \\\"70 ilin tikilisi olan evd\u0259 ya\u015fay\u0131r\u0131q, h\u0259r an u\u00e7a bil\u0259r\\\" - MEYDAN.TV\",\"isPartOf\":{\"@id\":\"https:\\\/\\\/www.meydan.tv\\\/az\\\/#website\"},\"primaryImageOfPage\":{\"@id\":\"https:\\\/\\\/www.meydan.tv\\\/az\\\/article\\\/muharibe-veterani-70-ilin-tikilisi-olan-evde-yasayiriq-her-an-uca-biler\\\/#primaryimage\"},\"image\":{\"@id\":\"https:\\\/\\\/www.meydan.tv\\\/az\\\/article\\\/muharibe-veterani-70-ilin-tikilisi-olan-evde-yasayiriq-her-an-uca-biler\\\/#primaryimage\"},\"thumbnailUrl\":\"https:\\\/\\\/www.meydan.tv\\\/wp-content\\\/uploads\\\/img-20230103-wa00591.jpg\",\"datePublished\":\"2023-01-23T10:37:20+00:00\",\"dateModified\":\"2023-01-23T10:37:23+00:00\",\"breadcrumb\":{\"@id\":\"https:\\\/\\\/www.meydan.tv\\\/az\\\/article\\\/muharibe-veterani-70-ilin-tikilisi-olan-evde-yasayiriq-her-an-uca-biler\\\/#breadcrumb\"},\"inLanguage\":\"az\",\"potentialAction\":[{\"@type\":\"ReadAction\",\"target\":[\"https:\\\/\\\/www.meydan.tv\\\/az\\\/article\\\/muharibe-veterani-70-ilin-tikilisi-olan-evde-yasayiriq-her-an-uca-biler\\\/\"]}]},{\"@type\":\"ImageObject\",\"inLanguage\":\"az\",\"@id\":\"https:\\\/\\\/www.meydan.tv\\\/az\\\/article\\\/muharibe-veterani-70-ilin-tikilisi-olan-evde-yasayiriq-her-an-uca-biler\\\/#primaryimage\",\"url\":\"https:\\\/\\\/www.meydan.tv\\\/wp-content\\\/uploads\\\/img-20230103-wa00591.jpg\",\"contentUrl\":\"https:\\\/\\\/www.meydan.tv\\\/wp-content\\\/uploads\\\/img-20230103-wa00591.jpg\",\"width\":1280,\"height\":576,\"caption\":\"Fotolar: Meydan TV\"},{\"@type\":\"BreadcrumbList\",\"@id\":\"https:\\\/\\\/www.meydan.tv\\\/az\\\/article\\\/muharibe-veterani-70-ilin-tikilisi-olan-evde-yasayiriq-her-an-uca-biler\\\/#breadcrumb\",\"itemListElement\":[{\"@type\":\"ListItem\",\"position\":1,\"name\":\"Ana s\u0259hif\u0259\",\"item\":\"https:\\\/\\\/www.meydan.tv\\\/az\\\/\"},{\"@type\":\"ListItem\",\"position\":2,\"name\":\"B\u00f6lg\u0259\",\"item\":\"https:\\\/\\\/www.meydan.tv\\\/az\\\/section\\\/bolge\\\/\"},{\"@type\":\"ListItem\",\"position\":3,\"name\":\"M\u00fcharib\u0259 veteran\u0131: &#8220;70 ilin tikilisi olan evd\u0259 ya\u015fay\u0131r\u0131q, h\u0259r an u\u00e7a bil\u0259r&#8221;\"}]},{\"@type\":\"WebSite\",\"@id\":\"https:\\\/\\\/www.meydan.tv\\\/az\\\/#website\",\"url\":\"https:\\\/\\\/www.meydan.tv\\\/az\\\/\",\"name\":\"MEYDAN.TV\",\"description\":\"Meydan TV Az\u0259rbaycan\u0131n media m\u0259kan\u0131ndak\u0131 alternativ s\u0259sidir\",\"publisher\":{\"@id\":\"https:\\\/\\\/www.meydan.tv\\\/az\\\/#organization\"},\"potentialAction\":[{\"@type\":\"SearchAction\",\"target\":{\"@type\":\"EntryPoint\",\"urlTemplate\":\"https:\\\/\\\/www.meydan.tv\\\/az\\\/?s={search_term_string}\"},\"query-input\":{\"@type\":\"PropertyValueSpecification\",\"valueRequired\":true,\"valueName\":\"search_term_string\"}}],\"inLanguage\":\"az\"},{\"@type\":\"Organization\",\"@id\":\"https:\\\/\\\/www.meydan.tv\\\/az\\\/#organization\",\"name\":\"Meydan TV\",\"url\":\"https:\\\/\\\/www.meydan.tv\\\/az\\\/\",\"logo\":{\"@type\":\"ImageObject\",\"inLanguage\":\"az\",\"@id\":\"https:\\\/\\\/www.meydan.tv\\\/az\\\/#\\\/schema\\\/logo\\\/image\\\/\",\"url\":\"https:\\\/\\\/www.meydan.tv\\\/wp-content\\\/uploads\\\/2021\\\/07\\\/meydan-logo.svg\",\"contentUrl\":\"https:\\\/\\\/www.meydan.tv\\\/wp-content\\\/uploads\\\/2021\\\/07\\\/meydan-logo.svg\",\"width\":195,\"height\":46,\"caption\":\"Meydan TV\"},\"image\":{\"@id\":\"https:\\\/\\\/www.meydan.tv\\\/az\\\/#\\\/schema\\\/logo\\\/image\\\/\"}},{\"@type\":\"Person\",\"@id\":\"https:\\\/\\\/www.meydan.tv\\\/az\\\/#\\\/schema\\\/person\\\/9cdbecf90d17180ce1dfbd95b08dcf47\",\"name\":\"elli\",\"sameAs\":[\"https:\\\/\\\/x.com\\\/elli\"]}]}<\/script>\n<!-- \/ Yoast SEO plugin. -->","yoast_head_json":{"title":"M\u00fcharib\u0259 veteran\u0131: \"70 ilin tikilisi olan evd\u0259 ya\u015fay\u0131r\u0131q, h\u0259r an u\u00e7a bil\u0259r\" - MEYDAN.TV","robots":{"index":"index","follow":"follow","max-snippet":"max-snippet:-1","max-image-preview":"max-image-preview:large","max-video-preview":"max-video-preview:-1"},"canonical":"https:\/\/www.meydan.tv\/az\/article\/muharibe-veterani-70-ilin-tikilisi-olan-evde-yasayiriq-her-an-uca-biler\/","og_locale":"az_AZ","og_type":"article","og_title":"M\u00fcharib\u0259 veteran\u0131: \"70 ilin tikilisi olan evd\u0259 ya\u015fay\u0131r\u0131q, h\u0259r an u\u00e7a bil\u0259r\" - MEYDAN.TV","og_description":"&#8220;&#8221;Siz\u0259 x\u0259b\u0259r ed\u0259c\u0259yik&#8221; deyib yola verirl\u0259r&#8221; G\u00f6y\u00e7ay\u0131n M\u0131rt\u0131 k\u0259nd sakini ... Davam\u0131","og_url":"https:\/\/www.meydan.tv\/az\/article\/muharibe-veterani-70-ilin-tikilisi-olan-evde-yasayiriq-her-an-uca-biler\/","og_site_name":"MEYDAN.TV","article_published_time":"2023-01-23T10:37:20+00:00","article_modified_time":"2023-01-23T10:37:23+00:00","og_image":[{"width":1280,"height":576,"url":"https:\/\/www.meydan.tv\/wp-content\/uploads\/img-20230103-wa00591.jpg","type":"image\/jpeg"}],"author":"elli","twitter_card":"summary_large_image","twitter_creator":"@elli","schema":{"@context":"https:\/\/schema.org","@graph":[{"@type":"Article","@id":"https:\/\/www.meydan.tv\/az\/article\/muharibe-veterani-70-ilin-tikilisi-olan-evde-yasayiriq-her-an-uca-biler\/#article","isPartOf":{"@id":"https:\/\/www.meydan.tv\/az\/article\/muharibe-veterani-70-ilin-tikilisi-olan-evde-yasayiriq-her-an-uca-biler\/"},"author":{"name":"elli","@id":"https:\/\/www.meydan.tv\/az\/#\/schema\/person\/9cdbecf90d17180ce1dfbd95b08dcf47"},"headline":"M\u00fcharib\u0259 veteran\u0131: &#8220;70 ilin tikilisi olan evd\u0259 ya\u015fay\u0131r\u0131q, h\u0259r an u\u00e7a bil\u0259r&#8221;","datePublished":"2023-01-23T10:37:20+00:00","dateModified":"2023-01-23T10:37:23+00:00","mainEntityOfPage":{"@id":"https:\/\/www.meydan.tv\/az\/article\/muharibe-veterani-70-ilin-tikilisi-olan-evde-yasayiriq-her-an-uca-biler\/"},"wordCount":1498,"publisher":{"@id":"https:\/\/www.meydan.tv\/az\/#organization"},"image":{"@id":"https:\/\/www.meydan.tv\/az\/article\/muharibe-veterani-70-ilin-tikilisi-olan-evde-yasayiriq-her-an-uca-biler\/#primaryimage"},"thumbnailUrl":"https:\/\/www.meydan.tv\/wp-content\/uploads\/img-20230103-wa00591.jpg","articleSection":["B\u00f6lg\u0259","Redaktor se\u00e7imi","X\u0259b\u0259rl\u0259r"],"inLanguage":"az"},{"@type":"WebPage","@id":"https:\/\/www.meydan.tv\/az\/article\/muharibe-veterani-70-ilin-tikilisi-olan-evde-yasayiriq-her-an-uca-biler\/","url":"https:\/\/www.meydan.tv\/az\/article\/muharibe-veterani-70-ilin-tikilisi-olan-evde-yasayiriq-her-an-uca-biler\/","name":"M\u00fcharib\u0259 veteran\u0131: \"70 ilin tikilisi olan evd\u0259 ya\u015fay\u0131r\u0131q, h\u0259r an u\u00e7a bil\u0259r\" - MEYDAN.TV","isPartOf":{"@id":"https:\/\/www.meydan.tv\/az\/#website"},"primaryImageOfPage":{"@id":"https:\/\/www.meydan.tv\/az\/article\/muharibe-veterani-70-ilin-tikilisi-olan-evde-yasayiriq-her-an-uca-biler\/#primaryimage"},"image":{"@id":"https:\/\/www.meydan.tv\/az\/article\/muharibe-veterani-70-ilin-tikilisi-olan-evde-yasayiriq-her-an-uca-biler\/#primaryimage"},"thumbnailUrl":"https:\/\/www.meydan.tv\/wp-content\/uploads\/img-20230103-wa00591.jpg","datePublished":"2023-01-23T10:37:20+00:00","dateModified":"2023-01-23T10:37:23+00:00","breadcrumb":{"@id":"https:\/\/www.meydan.tv\/az\/article\/muharibe-veterani-70-ilin-tikilisi-olan-evde-yasayiriq-her-an-uca-biler\/#breadcrumb"},"inLanguage":"az","potentialAction":[{"@type":"ReadAction","target":["https:\/\/www.meydan.tv\/az\/article\/muharibe-veterani-70-ilin-tikilisi-olan-evde-yasayiriq-her-an-uca-biler\/"]}]},{"@type":"ImageObject","inLanguage":"az","@id":"https:\/\/www.meydan.tv\/az\/article\/muharibe-veterani-70-ilin-tikilisi-olan-evde-yasayiriq-her-an-uca-biler\/#primaryimage","url":"https:\/\/www.meydan.tv\/wp-content\/uploads\/img-20230103-wa00591.jpg","contentUrl":"https:\/\/www.meydan.tv\/wp-content\/uploads\/img-20230103-wa00591.jpg","width":1280,"height":576,"caption":"Fotolar: Meydan TV"},{"@type":"BreadcrumbList","@id":"https:\/\/www.meydan.tv\/az\/article\/muharibe-veterani-70-ilin-tikilisi-olan-evde-yasayiriq-her-an-uca-biler\/#breadcrumb","itemListElement":[{"@type":"ListItem","position":1,"name":"Ana s\u0259hif\u0259","item":"https:\/\/www.meydan.tv\/az\/"},{"@type":"ListItem","position":2,"name":"B\u00f6lg\u0259","item":"https:\/\/www.meydan.tv\/az\/section\/bolge\/"},{"@type":"ListItem","position":3,"name":"M\u00fcharib\u0259 veteran\u0131: &#8220;70 ilin tikilisi olan evd\u0259 ya\u015fay\u0131r\u0131q, h\u0259r an u\u00e7a bil\u0259r&#8221;"}]},{"@type":"WebSite","@id":"https:\/\/www.meydan.tv\/az\/#website","url":"https:\/\/www.meydan.tv\/az\/","name":"MEYDAN.TV","description":"Meydan TV Az\u0259rbaycan\u0131n media m\u0259kan\u0131ndak\u0131 alternativ s\u0259sidir","publisher":{"@id":"https:\/\/www.meydan.tv\/az\/#organization"},"potentialAction":[{"@type":"SearchAction","target":{"@type":"EntryPoint","urlTemplate":"https:\/\/www.meydan.tv\/az\/?s={search_term_string}"},"query-input":{"@type":"PropertyValueSpecification","valueRequired":true,"valueName":"search_term_string"}}],"inLanguage":"az"},{"@type":"Organization","@id":"https:\/\/www.meydan.tv\/az\/#organization","name":"Meydan TV","url":"https:\/\/www.meydan.tv\/az\/","logo":{"@type":"ImageObject","inLanguage":"az","@id":"https:\/\/www.meydan.tv\/az\/#\/schema\/logo\/image\/","url":"https:\/\/www.meydan.tv\/wp-content\/uploads\/2021\/07\/meydan-logo.svg","contentUrl":"https:\/\/www.meydan.tv\/wp-content\/uploads\/2021\/07\/meydan-logo.svg","width":195,"height":46,"caption":"Meydan TV"},"image":{"@id":"https:\/\/www.meydan.tv\/az\/#\/schema\/logo\/image\/"}},{"@type":"Person","@id":"https:\/\/www.meydan.tv\/az\/#\/schema\/person\/9cdbecf90d17180ce1dfbd95b08dcf47","name":"elli","sameAs":["https:\/\/x.com\/elli"]}]}},"_links":{"self":[{"href":"https:\/\/www.meydan.tv\/az\/wp-json\/wp\/v2\/posts\/266407","targetHints":{"allow":["GET"]}}],"collection":[{"href":"https:\/\/www.meydan.tv\/az\/wp-json\/wp\/v2\/posts"}],"about":[{"href":"https:\/\/www.meydan.tv\/az\/wp-json\/wp\/v2\/types\/post"}],"author":[{"embeddable":true,"href":"https:\/\/www.meydan.tv\/az\/wp-json\/wp\/v2\/users\/8"}],"replies":[{"embeddable":true,"href":"https:\/\/www.meydan.tv\/az\/wp-json\/wp\/v2\/comments?post=266407"}],"version-history":[{"count":1,"href":"https:\/\/www.meydan.tv\/az\/wp-json\/wp\/v2\/posts\/266407\/revisions"}],"predecessor-version":[{"id":266408,"href":"https:\/\/www.meydan.tv\/az\/wp-json\/wp\/v2\/posts\/266407\/revisions\/266408"}],"wp:featuredmedia":[{"embeddable":true,"href":"https:\/\/www.meydan.tv\/az\/wp-json\/wp\/v2\/media\/266386"}],"wp:attachment":[{"href":"https:\/\/www.meydan.tv\/az\/wp-json\/wp\/v2\/media?parent=266407"}],"wp:term":[{"taxonomy":"category","embeddable":true,"href":"https:\/\/www.meydan.tv\/az\/wp-json\/wp\/v2\/categories?post=266407"},{"taxonomy":"post_tag","embeddable":true,"href":"https:\/\/www.meydan.tv\/az\/wp-json\/wp\/v2\/tags?post=266407"}],"curies":[{"name":"wp","href":"https:\/\/api.w.org\/{rel}","templated":true}]}}