{"id":266310,"date":"2023-01-20T18:38:59","date_gmt":"2023-01-20T14:38:59","guid":{"rendered":"https:\/\/www.meydan.tv\/?p=266310"},"modified":"2023-01-20T18:39:01","modified_gmt":"2023-01-20T14:39:01","slug":"qerb-olkeleri-ilk-defe-ukraynaya-agir-silah-tedarukune-qerar-verib","status":"publish","type":"post","link":"https:\/\/www.meydan.tv\/az\/article\/qerb-olkeleri-ilk-defe-ukraynaya-agir-silah-tedarukune-qerar-verib\/","title":{"rendered":"Q\u0259rb \u00f6lk\u0259l\u0259ri ilk d\u0259f\u0259 Ukraynaya a\u011f\u0131r silah t\u0259dar\u00fck\u00fcn\u0259 q\u0259rar verib"},"content":{"rendered":"\n<p><strong><em>Ukraynan\u0131n hans\u0131 silahlar\u0131 ala bil\u0259c\u0259yin\u0259 dair ara\u015fd\u0131rma apar\u0131l\u0131b<\/em><\/strong><\/p>\n\n\n\n<p>AB\u015e-\u0131n Ukraynaya yeni iri h\u0259rbi yard\u0131m paketi bar\u0259d\u0259 ba\u015fl\u0131qlar g\u00fcnd\u0259n-g\u00fcn\u0259 daha \u00e7ox s\u0259s sal\u0131r, t\u0259f\u0259rr\u00fcatlar art\u0131q bu c\u00fcm\u0259 a\u00e7\u0131qlanmal\u0131d\u0131r. Amma indid\u0259n m\u0259lumdur ki, Ukrayna silahl\u0131 q\u00fcvv\u0259l\u0259ri Amerikadan zirehli texnika ala bil\u0259r ki, bu silahlar n\u0259z\u0259riyy\u0259d\u0259 i\u015f\u011fal olunmu\u015f \u0259razil\u0259rd\u0259 Rusiya m\u00fcdafi\u0259sini yarma\u011fa v\u0259 h\u0259tta Kr\u0131ma daxil olma\u011fa k\u00f6m\u0259k etm\u0259k iqtidar\u0131ndad\u0131r. \u201cSpektr\u201d Ukraynan\u0131n hans\u0131 silahlar\u0131 ala bil\u0259c\u0259yini, bu silah\u0131n n\u0259y\u0259 qadir oldu\u011funu ara\u015fd\u0131r\u0131b.&nbsp;&nbsp;&nbsp;<\/p>\n\n\n\n<h4 class=\"wp-block-heading\"><strong>Zirehli ma\u015f\u0131nlar v\u0259 zirehli piyada ma\u015f\u0131nlar\u0131<\/strong><\/h4>\n\n\n\n<p>AB\u015e ilk d\u0259f\u0259dir ki, yeni h\u0259rbi yard\u0131m paketi il\u0259 \u201cStryker\u201d zirehli ma\u015f\u0131nlar\u0131 v\u0259 \u201cBraddley\u201d zirehli piyada ma\u015f\u0131nlar\u0131 t\u0259dar\u00fck\u00fcn\u00fc planla\u015fd\u0131r\u0131r. T\u0259f\u0259rr\u00fcatlar yanvar\u0131n 20-si a\u00e7\u0131qlanmal\u0131d\u0131r. S\u00f6hb\u0259t 100 \u0259d\u0259d \u201cStryker\u201d v\u0259 \u201cBradley\u201dd\u0259n gedir.<\/p>\n\n\n\n<p>Fransa h\u0259m\u00e7inin Ukraynaya zirehli ma\u015f\u0131nlar v\u0259 \u201cBastion\u201d y\u00fcng\u00fcl t\u0259k\u0259rli tanklar t\u0259dar\u00fck etm\u0259y\u0259 haz\u0131rla\u015f\u0131r, bu bar\u0259d\u0259 yanvar\u0131n 5-i Fransa Prezidenti Emman\u00fcel Makron x\u0259b\u0259r verib. S\u00f6hb\u0259t \u201cAMX-10 RC\u201d-d\u0259n gedir ki, bu ma\u015f\u0131nlar\u0131n 105 mm kalibrli silahlar\u0131 var v\u0259 onlar h\u0259d\u0259f\u0259 iki kilometr m\u0259saf\u0259d\u0259n at\u0259\u015f a\u00e7a bil\u0259r. Ad\u0131 \u00e7\u0259kil\u0259n ma\u015f\u0131nlar\u0131n seriyas\u0131 1976-1994-c\u00fc ill\u0259r aras\u0131 istehsal olunub v\u0259 onlardan Fars k\u00f6rf\u0259zi m\u00fcharib\u0259sind\u0259, h\u0259m\u00e7inin bir s\u0131ra s\u00fclhm\u0259raml\u0131 \u0259m\u0259liyyatda istifad\u0259 olunub.&nbsp;&nbsp;&nbsp;<\/p>\n\n\n\n<h4 class=\"wp-block-heading\"><strong>Tanklar<\/strong><\/h4>\n\n\n\n<p>Ukrayna \u0259sas h\u0259rbi tanklar\u0131 ilk n\u00f6vb\u0259d\u0259 Pol\u015fa v\u0259 B\u00f6y\u00fck Britaniyadan ala bil\u0259r. Bel\u0259 ki, Pol\u015fa Prezidenti Ancey Duda yanvar\u0131n 11-d\u0259 s\u00f6yl\u0259yib ki, Var\u015fava Ukraynaya 15-\u0259 yax\u0131n \u201cLeopard 2\u201d tank\u0131 verm\u0259y\u0259 haz\u0131rla\u015f\u0131r, h\u0259r\u00e7\u0259nd bu q\u0259rar\u0131 h\u0259min tanklar\u0131 istehsal ed\u0259n Almaniya il\u0259 raz\u0131la\u015fd\u0131rmaq laz\u0131md\u0131r. Lakin yanvar\u0131n 19-u Pol\u015fan\u0131n Ba\u015f naziri Mateu\u015f Moraveski b\u0259yan edib ki, Var\u015fava Ukraynaya \u201cLeopard\u201d tanklar\u0131n\u0131n verilm\u0259si \u00fc\u00e7\u00fcn Almaniyan\u0131n raz\u0131l\u0131\u011f\u0131n\u0131 g\u00f6zl\u0259m\u0259y\u0259c\u0259k. \u201cYa bu raz\u0131l\u0131\u011f\u0131 tez bir zamanda alaca\u011f\u0131q, ya da \u00f6z bildiyimiz kimi h\u0259r\u0259k\u0259t ed\u0259c\u0259yik\u201d, \u2013 o deyib.&nbsp;&nbsp;<\/p>\n\n\n\n<p>Kiyev Londondan Britaniya istehsal\u0131 olan 14\u201d Challenger 2\u201d tank\u0131 alma\u011f\u0131 g\u00f6zl\u0259yir. Bu tanklar 1990-c\u0131 ill\u0259rin \u0259vv\u0259l\u0259rind\u0259n orduda istifad\u0259 olunur. Tank 7,62 mm-lik L94A1 qo\u015fa pulemyotlu 120 mm-lik \u201cL30A1\u201d yivli topla t\u0259chiz olunub.<\/p>\n\n\n\n<p>\u201cS\u00fcddeutsche Zeitung\u201din m\u0259lumat\u0131na g\u00f6r\u0259, Almaniya h\u0259m\u00e7inin Ukraynaya \u00f6z \u201cLeopard\u201d tanklar\u0131n\u0131 t\u0259dar\u00fck etm\u0259y\u0259 haz\u0131rd\u0131r, amma bu, AB\u015e he\u00e7 olmasa Ukraynaya birc\u0259 \u0259d\u0259d \u201cM Abrams\u201d tank\u0131 ver\u0259nd\u0259n sonra ba\u015f tutacaq.<\/p>\n\n\n\n<p>Bel\u0259c\u0259, Q\u0259rb \u00f6lk\u0259l\u0259ri ilk d\u0259f\u0259 Ukraynaya a\u011f\u0131r silah v\u0259 tank ver\u0259c\u0259yi bar\u0259d\u0259 a\u00e7\u0131q \u015f\u0259kild\u0259 v\u0259dl\u0259r verib. Daha \u0259vv\u0259ll\u0259r q\u0259rb liderl\u0259ri hesab edirdil\u0259r ki, bu c\u00fcr t\u0259dbirl\u0259r Rusiya t\u0259r\u0259find\u0259n eskalasiyaya g\u0259tirib \u00e7\u0131xara bil\u0259r. M\u0259s\u0259l\u0259n, AB\u015e Rusiyan\u0131n \u00fcmum q\u0259bul olunmu\u015f \u0259razisini v\u0259 Kr\u0131m\u0131 at\u0259\u015f\u0259 tutmamaq \u015f\u0259rtil\u0259 Ukraynaya verdiyi HIMARS raket yayl\u0131m at\u0259\u015fi sisteml\u0259ri \u00fc\u00e7\u00fcn uzaq vuran m\u0259rmil\u0259r verm\u0259kd\u0259n x\u00fcsusi olaraq imtina edib. Lakin AB\u015e indi \u00f6z strategiyas\u0131n\u0131 d\u0259yi\u015fir v\u0259 h\u00fccum texnikas\u0131 say\u0131lan \u201cBradley\u201d zirehli piyada ma\u015f\u0131nlar\u0131n\u0131 t\u0259dar\u00fck edir. Onlardan m\u00fcmk\u00fcn istifad\u0259 istiqam\u0259tl\u0259rind\u0259n biri 2014-c\u00fc ild\u0259n Rusiyan\u0131n n\u0259zar\u0259ti olan Kr\u0131ma girm\u0259kdir. \u201cThe New York Times\u201d-\u0131n m\u0259lumat\u0131na g\u00f6r\u0259, AB\u015e Rusiyan\u0131n q\u0259sb etdiyi Kr\u0131ma Ukraynan\u0131n h\u00fccumu il\u0259 ba\u011fl\u0131 m\u00f6vqeyini yum\u015fald\u0131b v\u0259 h\u0259tta k\u00f6m\u0259y\u0259 haz\u0131rd\u0131r, h\u0259r\u00e7\u0259nd h\u0259l\u0259 bununla ba\u011fl\u0131 r\u0259smi a\u00e7\u0131qlama yoxdur.&nbsp;&nbsp;<\/p>\n\n\n\n<h4 class=\"wp-block-heading\"><strong>Aviasiya<\/strong><\/h4>\n\n\n\n<p>Britaniyan\u0131n \u201cThe Sunday People\u201d q\u0259zetinin yanvar\u0131n 15-d\u0259 yazd\u0131\u011f\u0131na g\u00f6r\u0259, B\u00f6y\u00fck Britaniya Ukraynaya \u201cHellfire\u201d idar\u0259 olunana raketl\u0259rl\u0259 birg\u0259 d\u00f6rd An-64 h\u0259ml\u0259\u00e7i vertolyot t\u0259dar\u00fck etm\u0259y\u0259 haz\u0131rla\u015f\u0131r. H\u0259r vertolyot \u201c16 Hellifre\u201d raketi, 76 idar\u0259 olunmayan \u201cHydra 70\u201d aviasiya raketl\u0259ri v\u0259 30 mm kalibrli avtomatik topla silahlana bil\u0259r. Bundan \u0259vv\u0259l Britaniya ilk d\u0259f\u0259 Ukraynaya q\u0259rb istehsal\u0131 olan \u00fc\u00e7 \u201cSea King\u201d n\u0259qliyyat vertolyotu verib.&nbsp;<\/p>\n\n\n\n<h4 class=\"wp-block-heading\"><strong>Silah yen\u0259 d\u0259 yet\u0259rli deyil<\/strong><\/h4>\n\n\n\n<p>Q\u0259rb \u00f6lk\u0259l\u0259ri 2022-ci il dekabr ay\u0131n\u0131n sonundan Ukraynaya f\u0259al \u015f\u0259kild\u0259 a\u011f\u0131r h\u00fccum silahlar\u0131 v\u0259d etm\u0259y\u0259 v\u0259 t\u0259dar\u00fck etm\u0259y\u0259 ba\u015flay\u0131b. Daha \u0259vv\u0259l t\u0259dar\u00fck \u0259sas etibar\u0131 il\u0259 artilleriyadan, RYAS, tank \u0259leyhin\u0259 v\u0259 aviasiya \u0259leyhin\u0259 da\u015f\u0131nan kompleksl\u0259r, pilotsuz u\u00e7u\u015f aparatlar\u0131 v\u0259 HHM sisteml\u0259rind\u0259n ibar\u0259t olub. H\u0259m\u00e7inin zirehli texnika v\u0259 aviasiya t\u0259dar\u00fck edilib, lakin b\u00fct\u00fcn bunlar Var\u015fava m\u00fcqavil\u0259si \u00f6lk\u0259l\u0259ri \u00fc\u00e7\u00fcn istehsal edil\u0259n silah olub, y\u0259ni daha \u00e7ox SSR\u0130 il\u0259 ba\u011fl\u0131 olub v\u0259 irimiqyasl\u0131 h\u00fccum \u0259m\u0259liyyatlar\u0131na qadir olmay\u0131b.&nbsp;&nbsp;<\/p>\n\n\n\n<p>Lakin yax\u0131nlarda Ukrayna silahl\u0131 q\u00fcvv\u0259l\u0259rinin ba\u015f komandan\u0131 Valeri Zalujn\u0131 \u201cEconomist\u201d jurnal\u0131na m\u00fcsahib\u0259sind\u0259 b\u0259yan edib ki, d\u00fc\u015fm\u0259n\u0259 qalib g\u0259l\u0259 bil\u0259r\u201d, lakin bunun \u00fc\u00e7\u00fcn ona \u201c300 tank, 600-700 zirehli piyada ma\u015f\u0131n\u0131 v\u0259 500 qaubitsa\u201d laz\u0131md\u0131r. Bununla yana\u015f\u0131, m\u0259qal\u0259d\u0259 d\u0259rhal sonra qeyd olunur ki, Zalujn\u0131n\u0131n ist\u0259diyi \u0259lav\u0259 silah Avropan\u0131n bir \u00e7ox ordusunun zirehli tank vasit\u0259l\u0259rinin \u00fcmumi say\u0131n\u0131 a\u015f\u0131r.&nbsp;<\/p>\n\n\n\n<p>Ukrayna Prezident Ofisi r\u0259hb\u0259rinin m\u0259sl\u0259h\u0259t\u00e7isi Mixail Podolyak is\u0259 b\u0259yan edib ki, Ukraynaya 150-200 tank, 300-\u0259 yax\u0131n zirehli texnika, 100 artilleriya sistemi, AB\u015e istehsal\u0131 HIMARS daxil olmaqla (Ukrayna art\u0131q onlara sahibdir) 50-70 yayl\u0131m at\u0259\u015fi reaktiv sistemi, h\u0259m\u00e7inin 10-15 raket \u0259leyhin\u0259 sistem laz\u0131md\u0131r. Bundan ba\u015fqa, Ukrayna Prezidenti Volodimir Zelenski yanvar\u0131n 18-d\u0259 Davosda \u00dcmumd\u00fcnya \u0130qtisadi Forumunda b\u0259yan edib ki, haz\u0131rda Ukraynaya ilk n\u00f6vb\u0259d\u0259 HHM sisteml\u0259ri v\u0259 q\u0259rb tanklar\u0131 laz\u0131md\u0131r.<\/p>\n\n\n\n<p>\u201cUkraynan\u0131n HM sisteml\u0259ri il\u0259 t\u0259chizi Rusiyan\u0131n g\u0259l\u0259c\u0259k raket h\u00fccumlar\u0131n\u0131 qabaqlamal\u0131d\u0131r. Q\u0259rb tanklar\u0131n\u0131n t\u0259dar\u00fck\u00fc Rusiya tanklar\u0131n\u0131n n\u00f6vb\u0259ti d\u0259f\u0259 zorla girm\u0259sind\u0259n \u0259vv\u0259l ba\u015f verm\u0259lidir\u201d, \u2013 Zelenski deyib.&nbsp;&nbsp;&nbsp;<\/p>\n","protected":false},"excerpt":{"rendered":"<p>Ukraynan\u0131n hans\u0131 silahlar\u0131 ala bil\u0259c\u0259yin\u0259 dair ara\u015fd\u0131rma apar\u0131l\u0131b AB\u015e-\u0131n Ukraynaya &#8230; <\/p>\n<p class=\"read-more-container\"><a title=\"Q\u0259rb \u00f6lk\u0259l\u0259ri ilk d\u0259f\u0259 Ukraynaya a\u011f\u0131r silah t\u0259dar\u00fck\u00fcn\u0259 q\u0259rar verib\" class=\"read-more button\" href=\"https:\/\/www.meydan.tv\/az\/article\/qerb-olkeleri-ilk-defe-ukraynaya-agir-silah-tedarukune-qerar-verib\/#more-266310\" aria-label=\"Read more about Q\u0259rb \u00f6lk\u0259l\u0259ri ilk d\u0259f\u0259 Ukraynaya a\u011f\u0131r silah t\u0259dar\u00fck\u00fcn\u0259 q\u0259rar verib\">Davam\u0131<\/a><\/p>\n","protected":false},"author":16,"featured_media":237491,"comment_status":"closed","ping_status":"closed","sticky":false,"template":"","format":"standard","meta":{"_acf_changed":false,"_sitemap_exclude":false,"_sitemap_priority":"","_sitemap_frequency":"","footnotes":""},"categories":[64,59,56],"tags":[],"class_list":["post-266310","post","type-post","status-publish","format-standard","has-post-thumbnail","hentry","category-dunya","category-siyaset","category-xeberler","infinite-scroll-item","generate-columns","tablet-grid-50","mobile-grid-100","grid-parent","grid-33","no-featured-image-padding"],"acf":[],"yoast_head":"<!-- This site is optimized with the Yoast SEO plugin v27.5 - https:\/\/yoast.com\/product\/yoast-seo-wordpress\/ -->\n<title>Q\u0259rb \u00f6lk\u0259l\u0259ri ilk d\u0259f\u0259 Ukraynaya a\u011f\u0131r silah t\u0259dar\u00fck\u00fcn\u0259 q\u0259rar verib - MEYDAN.TV<\/title>\n<meta name=\"robots\" content=\"index, follow, max-snippet:-1, max-image-preview:large, max-video-preview:-1\" \/>\n<link rel=\"canonical\" href=\"https:\/\/www.meydan.tv\/az\/article\/qerb-olkeleri-ilk-defe-ukraynaya-agir-silah-tedarukune-qerar-verib\/\" \/>\n<meta property=\"og:locale\" content=\"az_AZ\" \/>\n<meta property=\"og:type\" content=\"article\" \/>\n<meta property=\"og:title\" content=\"Q\u0259rb \u00f6lk\u0259l\u0259ri ilk d\u0259f\u0259 Ukraynaya a\u011f\u0131r silah t\u0259dar\u00fck\u00fcn\u0259 q\u0259rar verib - MEYDAN.TV\" \/>\n<meta property=\"og:description\" content=\"Ukraynan\u0131n hans\u0131 silahlar\u0131 ala bil\u0259c\u0259yin\u0259 dair ara\u015fd\u0131rma apar\u0131l\u0131b AB\u015e-\u0131n Ukraynaya ... Davam\u0131\" \/>\n<meta property=\"og:url\" content=\"https:\/\/www.meydan.tv\/az\/article\/qerb-olkeleri-ilk-defe-ukraynaya-agir-silah-tedarukune-qerar-verib\/\" \/>\n<meta property=\"og:site_name\" content=\"MEYDAN.TV\" \/>\n<meta property=\"article:published_time\" content=\"2023-01-20T14:38:59+00:00\" \/>\n<meta property=\"article:modified_time\" content=\"2023-01-20T14:39:01+00:00\" \/>\n<meta property=\"og:image\" content=\"https:\/\/www.meydan.tv\/wp-content\/uploads\/image_from_ios-18-scaled-e1646722378134.jpg\" \/>\n\t<meta property=\"og:image:width\" content=\"2560\" \/>\n\t<meta property=\"og:image:height\" content=\"1331\" \/>\n\t<meta property=\"og:image:type\" content=\"image\/jpeg\" \/>\n<meta name=\"author\" content=\"sevda\" \/>\n<meta name=\"twitter:card\" content=\"summary_large_image\" \/>\n<script type=\"application\/ld+json\" class=\"yoast-schema-graph\">{\"@context\":\"https:\\\/\\\/schema.org\",\"@graph\":[{\"@type\":\"Article\",\"@id\":\"https:\\\/\\\/www.meydan.tv\\\/az\\\/article\\\/qerb-olkeleri-ilk-defe-ukraynaya-agir-silah-tedarukune-qerar-verib\\\/#article\",\"isPartOf\":{\"@id\":\"https:\\\/\\\/www.meydan.tv\\\/az\\\/article\\\/qerb-olkeleri-ilk-defe-ukraynaya-agir-silah-tedarukune-qerar-verib\\\/\"},\"author\":{\"name\":\"sevda\",\"@id\":\"https:\\\/\\\/www.meydan.tv\\\/az\\\/#\\\/schema\\\/person\\\/49b5f2bad5b126bb8ea9320eeb3e4dc9\"},\"headline\":\"Q\u0259rb \u00f6lk\u0259l\u0259ri ilk d\u0259f\u0259 Ukraynaya a\u011f\u0131r silah t\u0259dar\u00fck\u00fcn\u0259 q\u0259rar verib\",\"datePublished\":\"2023-01-20T14:38:59+00:00\",\"dateModified\":\"2023-01-20T14:39:01+00:00\",\"mainEntityOfPage\":{\"@id\":\"https:\\\/\\\/www.meydan.tv\\\/az\\\/article\\\/qerb-olkeleri-ilk-defe-ukraynaya-agir-silah-tedarukune-qerar-verib\\\/\"},\"wordCount\":1160,\"publisher\":{\"@id\":\"https:\\\/\\\/www.meydan.tv\\\/az\\\/#organization\"},\"image\":{\"@id\":\"https:\\\/\\\/www.meydan.tv\\\/az\\\/article\\\/qerb-olkeleri-ilk-defe-ukraynaya-agir-silah-tedarukune-qerar-verib\\\/#primaryimage\"},\"thumbnailUrl\":\"https:\\\/\\\/www.meydan.tv\\\/wp-content\\\/uploads\\\/image_from_ios-18-scaled-e1646722378134.jpg\",\"articleSection\":[\"D\u00fcnya\",\"Siyas\u0259t\",\"X\u0259b\u0259rl\u0259r\"],\"inLanguage\":\"az\"},{\"@type\":\"WebPage\",\"@id\":\"https:\\\/\\\/www.meydan.tv\\\/az\\\/article\\\/qerb-olkeleri-ilk-defe-ukraynaya-agir-silah-tedarukune-qerar-verib\\\/\",\"url\":\"https:\\\/\\\/www.meydan.tv\\\/az\\\/article\\\/qerb-olkeleri-ilk-defe-ukraynaya-agir-silah-tedarukune-qerar-verib\\\/\",\"name\":\"Q\u0259rb \u00f6lk\u0259l\u0259ri ilk d\u0259f\u0259 Ukraynaya a\u011f\u0131r silah t\u0259dar\u00fck\u00fcn\u0259 q\u0259rar verib - MEYDAN.TV\",\"isPartOf\":{\"@id\":\"https:\\\/\\\/www.meydan.tv\\\/az\\\/#website\"},\"primaryImageOfPage\":{\"@id\":\"https:\\\/\\\/www.meydan.tv\\\/az\\\/article\\\/qerb-olkeleri-ilk-defe-ukraynaya-agir-silah-tedarukune-qerar-verib\\\/#primaryimage\"},\"image\":{\"@id\":\"https:\\\/\\\/www.meydan.tv\\\/az\\\/article\\\/qerb-olkeleri-ilk-defe-ukraynaya-agir-silah-tedarukune-qerar-verib\\\/#primaryimage\"},\"thumbnailUrl\":\"https:\\\/\\\/www.meydan.tv\\\/wp-content\\\/uploads\\\/image_from_ios-18-scaled-e1646722378134.jpg\",\"datePublished\":\"2023-01-20T14:38:59+00:00\",\"dateModified\":\"2023-01-20T14:39:01+00:00\",\"breadcrumb\":{\"@id\":\"https:\\\/\\\/www.meydan.tv\\\/az\\\/article\\\/qerb-olkeleri-ilk-defe-ukraynaya-agir-silah-tedarukune-qerar-verib\\\/#breadcrumb\"},\"inLanguage\":\"az\",\"potentialAction\":[{\"@type\":\"ReadAction\",\"target\":[\"https:\\\/\\\/www.meydan.tv\\\/az\\\/article\\\/qerb-olkeleri-ilk-defe-ukraynaya-agir-silah-tedarukune-qerar-verib\\\/\"]}]},{\"@type\":\"ImageObject\",\"inLanguage\":\"az\",\"@id\":\"https:\\\/\\\/www.meydan.tv\\\/az\\\/article\\\/qerb-olkeleri-ilk-defe-ukraynaya-agir-silah-tedarukune-qerar-verib\\\/#primaryimage\",\"url\":\"https:\\\/\\\/www.meydan.tv\\\/wp-content\\\/uploads\\\/image_from_ios-18-scaled-e1646722378134.jpg\",\"contentUrl\":\"https:\\\/\\\/www.meydan.tv\\\/wp-content\\\/uploads\\\/image_from_ios-18-scaled-e1646722378134.jpg\",\"width\":2560,\"height\":1331,\"caption\":\"Ukrayna. Foto: Meydan TV\"},{\"@type\":\"BreadcrumbList\",\"@id\":\"https:\\\/\\\/www.meydan.tv\\\/az\\\/article\\\/qerb-olkeleri-ilk-defe-ukraynaya-agir-silah-tedarukune-qerar-verib\\\/#breadcrumb\",\"itemListElement\":[{\"@type\":\"ListItem\",\"position\":1,\"name\":\"Ana s\u0259hif\u0259\",\"item\":\"https:\\\/\\\/www.meydan.tv\\\/az\\\/\"},{\"@type\":\"ListItem\",\"position\":2,\"name\":\"X\u0259b\u0259rl\u0259r\",\"item\":\"https:\\\/\\\/www.meydan.tv\\\/az\\\/section\\\/xeberler\\\/\"},{\"@type\":\"ListItem\",\"position\":3,\"name\":\"Q\u0259rb \u00f6lk\u0259l\u0259ri ilk d\u0259f\u0259 Ukraynaya a\u011f\u0131r silah t\u0259dar\u00fck\u00fcn\u0259 q\u0259rar verib\"}]},{\"@type\":\"WebSite\",\"@id\":\"https:\\\/\\\/www.meydan.tv\\\/az\\\/#website\",\"url\":\"https:\\\/\\\/www.meydan.tv\\\/az\\\/\",\"name\":\"MEYDAN.TV\",\"description\":\"Meydan TV Az\u0259rbaycan\u0131n media m\u0259kan\u0131ndak\u0131 alternativ s\u0259sidir\",\"publisher\":{\"@id\":\"https:\\\/\\\/www.meydan.tv\\\/az\\\/#organization\"},\"potentialAction\":[{\"@type\":\"SearchAction\",\"target\":{\"@type\":\"EntryPoint\",\"urlTemplate\":\"https:\\\/\\\/www.meydan.tv\\\/az\\\/?s={search_term_string}\"},\"query-input\":{\"@type\":\"PropertyValueSpecification\",\"valueRequired\":true,\"valueName\":\"search_term_string\"}}],\"inLanguage\":\"az\"},{\"@type\":\"Organization\",\"@id\":\"https:\\\/\\\/www.meydan.tv\\\/az\\\/#organization\",\"name\":\"Meydan TV\",\"url\":\"https:\\\/\\\/www.meydan.tv\\\/az\\\/\",\"logo\":{\"@type\":\"ImageObject\",\"inLanguage\":\"az\",\"@id\":\"https:\\\/\\\/www.meydan.tv\\\/az\\\/#\\\/schema\\\/logo\\\/image\\\/\",\"url\":\"https:\\\/\\\/www.meydan.tv\\\/wp-content\\\/uploads\\\/2021\\\/07\\\/meydan-logo.svg\",\"contentUrl\":\"https:\\\/\\\/www.meydan.tv\\\/wp-content\\\/uploads\\\/2021\\\/07\\\/meydan-logo.svg\",\"width\":195,\"height\":46,\"caption\":\"Meydan TV\"},\"image\":{\"@id\":\"https:\\\/\\\/www.meydan.tv\\\/az\\\/#\\\/schema\\\/logo\\\/image\\\/\"}},{\"@type\":\"Person\",\"@id\":\"https:\\\/\\\/www.meydan.tv\\\/az\\\/#\\\/schema\\\/person\\\/49b5f2bad5b126bb8ea9320eeb3e4dc9\",\"name\":\"sevda\"}]}<\/script>\n<!-- \/ Yoast SEO plugin. -->","yoast_head_json":{"title":"Q\u0259rb \u00f6lk\u0259l\u0259ri ilk d\u0259f\u0259 Ukraynaya a\u011f\u0131r silah t\u0259dar\u00fck\u00fcn\u0259 q\u0259rar verib - MEYDAN.TV","robots":{"index":"index","follow":"follow","max-snippet":"max-snippet:-1","max-image-preview":"max-image-preview:large","max-video-preview":"max-video-preview:-1"},"canonical":"https:\/\/www.meydan.tv\/az\/article\/qerb-olkeleri-ilk-defe-ukraynaya-agir-silah-tedarukune-qerar-verib\/","og_locale":"az_AZ","og_type":"article","og_title":"Q\u0259rb \u00f6lk\u0259l\u0259ri ilk d\u0259f\u0259 Ukraynaya a\u011f\u0131r silah t\u0259dar\u00fck\u00fcn\u0259 q\u0259rar verib - MEYDAN.TV","og_description":"Ukraynan\u0131n hans\u0131 silahlar\u0131 ala bil\u0259c\u0259yin\u0259 dair ara\u015fd\u0131rma apar\u0131l\u0131b AB\u015e-\u0131n Ukraynaya ... Davam\u0131","og_url":"https:\/\/www.meydan.tv\/az\/article\/qerb-olkeleri-ilk-defe-ukraynaya-agir-silah-tedarukune-qerar-verib\/","og_site_name":"MEYDAN.TV","article_published_time":"2023-01-20T14:38:59+00:00","article_modified_time":"2023-01-20T14:39:01+00:00","og_image":[{"width":2560,"height":1331,"url":"https:\/\/www.meydan.tv\/wp-content\/uploads\/image_from_ios-18-scaled-e1646722378134.jpg","type":"image\/jpeg"}],"author":"sevda","twitter_card":"summary_large_image","schema":{"@context":"https:\/\/schema.org","@graph":[{"@type":"Article","@id":"https:\/\/www.meydan.tv\/az\/article\/qerb-olkeleri-ilk-defe-ukraynaya-agir-silah-tedarukune-qerar-verib\/#article","isPartOf":{"@id":"https:\/\/www.meydan.tv\/az\/article\/qerb-olkeleri-ilk-defe-ukraynaya-agir-silah-tedarukune-qerar-verib\/"},"author":{"name":"sevda","@id":"https:\/\/www.meydan.tv\/az\/#\/schema\/person\/49b5f2bad5b126bb8ea9320eeb3e4dc9"},"headline":"Q\u0259rb \u00f6lk\u0259l\u0259ri ilk d\u0259f\u0259 Ukraynaya a\u011f\u0131r silah t\u0259dar\u00fck\u00fcn\u0259 q\u0259rar verib","datePublished":"2023-01-20T14:38:59+00:00","dateModified":"2023-01-20T14:39:01+00:00","mainEntityOfPage":{"@id":"https:\/\/www.meydan.tv\/az\/article\/qerb-olkeleri-ilk-defe-ukraynaya-agir-silah-tedarukune-qerar-verib\/"},"wordCount":1160,"publisher":{"@id":"https:\/\/www.meydan.tv\/az\/#organization"},"image":{"@id":"https:\/\/www.meydan.tv\/az\/article\/qerb-olkeleri-ilk-defe-ukraynaya-agir-silah-tedarukune-qerar-verib\/#primaryimage"},"thumbnailUrl":"https:\/\/www.meydan.tv\/wp-content\/uploads\/image_from_ios-18-scaled-e1646722378134.jpg","articleSection":["D\u00fcnya","Siyas\u0259t","X\u0259b\u0259rl\u0259r"],"inLanguage":"az"},{"@type":"WebPage","@id":"https:\/\/www.meydan.tv\/az\/article\/qerb-olkeleri-ilk-defe-ukraynaya-agir-silah-tedarukune-qerar-verib\/","url":"https:\/\/www.meydan.tv\/az\/article\/qerb-olkeleri-ilk-defe-ukraynaya-agir-silah-tedarukune-qerar-verib\/","name":"Q\u0259rb \u00f6lk\u0259l\u0259ri ilk d\u0259f\u0259 Ukraynaya a\u011f\u0131r silah t\u0259dar\u00fck\u00fcn\u0259 q\u0259rar verib - MEYDAN.TV","isPartOf":{"@id":"https:\/\/www.meydan.tv\/az\/#website"},"primaryImageOfPage":{"@id":"https:\/\/www.meydan.tv\/az\/article\/qerb-olkeleri-ilk-defe-ukraynaya-agir-silah-tedarukune-qerar-verib\/#primaryimage"},"image":{"@id":"https:\/\/www.meydan.tv\/az\/article\/qerb-olkeleri-ilk-defe-ukraynaya-agir-silah-tedarukune-qerar-verib\/#primaryimage"},"thumbnailUrl":"https:\/\/www.meydan.tv\/wp-content\/uploads\/image_from_ios-18-scaled-e1646722378134.jpg","datePublished":"2023-01-20T14:38:59+00:00","dateModified":"2023-01-20T14:39:01+00:00","breadcrumb":{"@id":"https:\/\/www.meydan.tv\/az\/article\/qerb-olkeleri-ilk-defe-ukraynaya-agir-silah-tedarukune-qerar-verib\/#breadcrumb"},"inLanguage":"az","potentialAction":[{"@type":"ReadAction","target":["https:\/\/www.meydan.tv\/az\/article\/qerb-olkeleri-ilk-defe-ukraynaya-agir-silah-tedarukune-qerar-verib\/"]}]},{"@type":"ImageObject","inLanguage":"az","@id":"https:\/\/www.meydan.tv\/az\/article\/qerb-olkeleri-ilk-defe-ukraynaya-agir-silah-tedarukune-qerar-verib\/#primaryimage","url":"https:\/\/www.meydan.tv\/wp-content\/uploads\/image_from_ios-18-scaled-e1646722378134.jpg","contentUrl":"https:\/\/www.meydan.tv\/wp-content\/uploads\/image_from_ios-18-scaled-e1646722378134.jpg","width":2560,"height":1331,"caption":"Ukrayna. Foto: Meydan TV"},{"@type":"BreadcrumbList","@id":"https:\/\/www.meydan.tv\/az\/article\/qerb-olkeleri-ilk-defe-ukraynaya-agir-silah-tedarukune-qerar-verib\/#breadcrumb","itemListElement":[{"@type":"ListItem","position":1,"name":"Ana s\u0259hif\u0259","item":"https:\/\/www.meydan.tv\/az\/"},{"@type":"ListItem","position":2,"name":"X\u0259b\u0259rl\u0259r","item":"https:\/\/www.meydan.tv\/az\/section\/xeberler\/"},{"@type":"ListItem","position":3,"name":"Q\u0259rb \u00f6lk\u0259l\u0259ri ilk d\u0259f\u0259 Ukraynaya a\u011f\u0131r silah t\u0259dar\u00fck\u00fcn\u0259 q\u0259rar verib"}]},{"@type":"WebSite","@id":"https:\/\/www.meydan.tv\/az\/#website","url":"https:\/\/www.meydan.tv\/az\/","name":"MEYDAN.TV","description":"Meydan TV Az\u0259rbaycan\u0131n media m\u0259kan\u0131ndak\u0131 alternativ s\u0259sidir","publisher":{"@id":"https:\/\/www.meydan.tv\/az\/#organization"},"potentialAction":[{"@type":"SearchAction","target":{"@type":"EntryPoint","urlTemplate":"https:\/\/www.meydan.tv\/az\/?s={search_term_string}"},"query-input":{"@type":"PropertyValueSpecification","valueRequired":true,"valueName":"search_term_string"}}],"inLanguage":"az"},{"@type":"Organization","@id":"https:\/\/www.meydan.tv\/az\/#organization","name":"Meydan TV","url":"https:\/\/www.meydan.tv\/az\/","logo":{"@type":"ImageObject","inLanguage":"az","@id":"https:\/\/www.meydan.tv\/az\/#\/schema\/logo\/image\/","url":"https:\/\/www.meydan.tv\/wp-content\/uploads\/2021\/07\/meydan-logo.svg","contentUrl":"https:\/\/www.meydan.tv\/wp-content\/uploads\/2021\/07\/meydan-logo.svg","width":195,"height":46,"caption":"Meydan TV"},"image":{"@id":"https:\/\/www.meydan.tv\/az\/#\/schema\/logo\/image\/"}},{"@type":"Person","@id":"https:\/\/www.meydan.tv\/az\/#\/schema\/person\/49b5f2bad5b126bb8ea9320eeb3e4dc9","name":"sevda"}]}},"_links":{"self":[{"href":"https:\/\/www.meydan.tv\/az\/wp-json\/wp\/v2\/posts\/266310","targetHints":{"allow":["GET"]}}],"collection":[{"href":"https:\/\/www.meydan.tv\/az\/wp-json\/wp\/v2\/posts"}],"about":[{"href":"https:\/\/www.meydan.tv\/az\/wp-json\/wp\/v2\/types\/post"}],"author":[{"embeddable":true,"href":"https:\/\/www.meydan.tv\/az\/wp-json\/wp\/v2\/users\/16"}],"replies":[{"embeddable":true,"href":"https:\/\/www.meydan.tv\/az\/wp-json\/wp\/v2\/comments?post=266310"}],"version-history":[{"count":1,"href":"https:\/\/www.meydan.tv\/az\/wp-json\/wp\/v2\/posts\/266310\/revisions"}],"predecessor-version":[{"id":266311,"href":"https:\/\/www.meydan.tv\/az\/wp-json\/wp\/v2\/posts\/266310\/revisions\/266311"}],"wp:featuredmedia":[{"embeddable":true,"href":"https:\/\/www.meydan.tv\/az\/wp-json\/wp\/v2\/media\/237491"}],"wp:attachment":[{"href":"https:\/\/www.meydan.tv\/az\/wp-json\/wp\/v2\/media?parent=266310"}],"wp:term":[{"taxonomy":"category","embeddable":true,"href":"https:\/\/www.meydan.tv\/az\/wp-json\/wp\/v2\/categories?post=266310"},{"taxonomy":"post_tag","embeddable":true,"href":"https:\/\/www.meydan.tv\/az\/wp-json\/wp\/v2\/tags?post=266310"}],"curies":[{"name":"wp","href":"https:\/\/api.w.org\/{rel}","templated":true}]}}