{"id":266302,"date":"2023-01-20T16:36:56","date_gmt":"2023-01-20T12:36:56","guid":{"rendered":"https:\/\/www.meydan.tv\/?p=266302"},"modified":"2023-01-20T16:36:58","modified_gmt":"2023-01-20T12:36:58","slug":"vekil-polis-sobesinde-isgence-veribler-narkotiki-boynuna-qoyublar","status":"publish","type":"post","link":"https:\/\/www.meydan.tv\/az\/article\/vekil-polis-sobesinde-isgence-veribler-narkotiki-boynuna-qoyublar\/","title":{"rendered":"V\u0259kil: \u201cPolis \u015f\u00f6b\u0259sind\u0259 i\u015fg\u0259nc\u0259 veribl\u0259r, narkotiki boynuna qoyublar\u201d"},"content":{"rendered":"\n<p><\/p>\n\n\n\n<p><em>H\u0259bsd\u0259 olan \u015eirvan sakini \u00f6z v\u0259kilin\u0259 i\u015fg\u0259nc\u0259l\u0259rd\u0259n dan\u0131\u015f\u0131b<\/em><\/p>\n\n\n\n<p>\u015eirvan sakini Elg\u00fcn Quliyev \u015eirvan \u015f\u0259h\u0259r Polis \u015e\u00f6b\u0259sinin \u0259m\u0259\u015fda\u015flar\u0131 t\u0259r\u0259find\u0259n narkotik iddias\u0131yla saxlan\u0131l\u0131b. Onun v\u0259kili Ramil R\u00fcst\u0259mov yanvar\u0131n 20-d\u0259 bu bar\u0259d\u0259 sosial \u015f\u0259b\u0259k\u0259 hesab\u0131nda yaz\u0131b. V\u0259kil iddia edib ki, polis \u015f\u00f6b\u0259sind\u0259 saxlan\u0131lan m\u00fcv\u0259kkiliyl\u0259 ona g\u00f6r\u00fc\u015f verilmir. Meydan TV v\u0259kill\u0259 \u0259laq\u0259 saxlay\u0131b. O bildirib ki, m\u00fcxt\u0259lif qurumlara m\u00fcraci\u0259t ed\u0259nd\u0259n sonra n\u0259hay\u0259t, ona m\u00fcv\u0259kkiliyl\u0259 g\u00f6r\u00fc\u015fm\u0259k imkan\u0131 yarad\u0131l\u0131b. M\u00fcv\u0259kkili ona i\u015fg\u0259nc\u0259l\u0259r\u0259 m\u0259ruz qald\u0131\u011f\u0131n\u0131 deyib:<\/p>\n\n\n\n<p>\u201c\u018fvv\u0259la, polisl\u0259r imkan verm\u0259di ki, m\u0259n m\u00fcv\u0259kkiliml\u0259 3 d\u0259qiq\u0259 d\u0259 olsa konfedensial dan\u0131\u015f\u0131qlar apar\u0131m, yan\u0131m\u0131zdan \u00e7\u0259kilm\u0259dil\u0259r. Bir t\u0259r\u0259fd\u0259n m\u00fcst\u0259ntiq, bir t\u0259r\u0259fd\u0259n d\u0259 ota\u011fa dolu\u015fan polisl\u0259r biz\u0259 mane olma\u011fa \u00e7al\u0131\u015f\u0131rd\u0131lar. Buna baxmayaraq Elg\u00fcn Quliyev onlar\u0131n g\u00f6z\u00fcn\u00fcn i\u00e7in\u0259 dedi ki, narkotiki boynuma qoymaq \u00fc\u00e7\u00fcn, ist\u0259diyiniz izahata qol \u00e7\u0259kdirm\u0259k \u00fc\u00e7\u00fcn d\u00fcn\u0259nd\u0259n m\u0259ni burda s\u00fcr\u00fcy\u00fcrs\u00fcn\u00fcz. \u0130\u015fg\u0259nc\u0259 izl\u0259ri a\u00e7\u0131q-a\u015fkar g\u00f6r\u00fcn\u00fcrd\u00fc. Ayaqlar\u0131na o q\u0259d\u0259r vurublar ki, \u015fi\u015f izl\u0259ri var, yeriy\u0259 bilmir, qab\u0131r\u011falar\u0131n\u0131n s\u0131z\u0131lt\u0131s\u0131ndan dayan bilmirdi, \u00fcz\u00fcnd\u0259, bo\u011faz\u0131nda l\u0259k\u0259l\u0259r vard\u0131, a\u011fz\u0131n\u0131n i\u00e7\u0259risi c\u0131r\u0131q-c\u0131r\u0131q idi, dan\u0131\u015fa bilmirdi. \u00d6z x\u0259ttiyl\u0259 \u015fikay\u0259t \u0259riz\u0259si yazd\u0131, m\u0259n Ba\u015f Prokurorlu\u011fa t\u0259qdim ed\u0259c\u0259m\u201d.<\/p>\n\n\n\n<p>V\u0259kil m\u00fcv\u0259kkilinin saxlanmas\u0131ndan da dan\u0131\u015f\u0131b:<\/p>\n\n\n\n<p>\u201cElg\u00fcn \u015eirvan Rayon \u0130cra Hakimiyy\u0259tind\u0259 f\u0259hl\u0259 i\u015fl\u0259yir. Dedi ki, d\u00fcn\u0259n onu i\u015f ba\u015f\u0131nda olanda \u2013 qald\u0131r\u0131c\u0131 krandan zorla d\u00fc\u015f\u00fcr\u0259r\u0259k polis \u015f\u00f6b\u0259sin\u0259 g\u0259tiribl\u0259r. \u015e\u00f6b\u0259nin 2-ci m\u0259rt\u0259b\u0259sind\u0259 d\u00f6y\u00fcbl\u0259r, \u0259vv\u0259ld\u0259n haz\u0131rlad\u0131qlar\u0131 heroin b\u00fck\u00fcm\u00fcn\u00fc qar\u015f\u0131s\u0131na qoyub deyibl\u0259r yaz ki, s\u0259nindir. Bir \u201cpaykovoy\u201d v\u0259kil d\u0259 \u00e7a\u011f\u0131r\u0131blar, o da g\u0259lib, deyib, n\u0259 deyirl\u0259r, qol \u00e7\u0259k d\u0259&#8230; Ail\u0259si m\u0259niml\u0259 m\u00fcqavil\u0259 ba\u011flayandan sonra bu g\u00fcn s\u0259h\u0259r g\u0259ldim, m\u0259ni saatlarla \u015f\u00f6b\u0259nin qar\u015f\u0131s\u0131nda saxlad\u0131lar, m\u00fcst\u0259ntiq\u0259 order t\u0259qdim ets\u0259m d\u0259, i\u00e7\u0259ri buraxmad\u0131lar. H\u0259min vaxt i\u00e7\u0259rid\u0259 ona h\u0259d\u0259-qorxu g\u0259lib dilind\u0259n ka\u011f\u0131z al\u0131blar ki, guya aya\u011f\u0131ndak\u0131 \u015fi\u015f \u0259vv\u0259ld\u0259n varm\u0131\u015f, i\u015f vaxt\u0131 ald\u0131\u011f\u0131 x\u0259saar\u0259td\u0259n imi\u015f\u201d.<\/p>\n\n\n<div class=\"wp-block-image\">\n<figure class=\"aligncenter size-large is-resized\"><img decoding=\"async\" data-src=\"https:\/\/www.meydan.tv\/wp-content\/uploads\/screenshot_1-20-1200x723.png\" alt=\"\" class=\"wp-image-266303 lazyload\" width=\"805\" height=\"485\" src=\"data:image\/svg+xml;base64,PHN2ZyB3aWR0aD0iMSIgaGVpZ2h0PSIxIiB4bWxucz0iaHR0cDovL3d3dy53My5vcmcvMjAwMC9zdmciPjwvc3ZnPg==\" style=\"--smush-placeholder-width: 805px; --smush-placeholder-aspect-ratio: 805\/485;\" \/><\/figure>\n<\/div>\n\n\n<p>Ramil R\u00fcst\u0259mov. Foto: screenshot<\/p>\n\n\n\n<p>Elg\u00fcn Quliyev bir az \u0259vv\u0259l \u015e\u00fcv\u0259landak\u0131 \u0130stintaq T\u0259cridxanas\u0131na etap edilib. V\u0259kil Meydan TV-y\u0259 bildirib ki, o da haz\u0131rda h\u0259min t\u0259cridxanaya gedir:<\/p>\n\n\n\n<p>\u201cBu i\u015fin sonunad\u0259k ged\u0259c\u0259m. Elg\u00fcn Quliyevin ekspertizadan ke\u00e7irilm\u0259si \u00fc\u00e7\u00fcn istintaq t\u0259cridxanas\u0131n\u0131n r\u0259hb\u0259rliyin\u0259 m\u00fcraci\u0259t ed\u0259c\u0259m\u201d.<\/p>\n\n\n\n<p>Daxili \u0130\u015fl\u0259r Nazirliyi m\u0259lumat yay\u0131b ki, \u015eirvan \u015f\u0259h\u0259r sakini Elg\u00fcn Quliyev narkotik vasit\u0259l\u0259rin v\u0259 onlar\u0131n perekusorlar\u0131n\u0131n qanunsuz d\u00f6vriyy\u0259sind\u0259 \u015f\u00fcbh\u0259li bilindiyi \u00fc\u00e7\u00fcn yanvar\u0131n 18-d\u0259 \u015f\u0259h\u0259r \u0259razisind\u0259 saxlan\u0131laraq polis \u015f\u00f6b\u0259sin\u0259 g\u0259tirilib. H\u0259min \u015f\u0259xsin \u00fcz\u0259rin\u0259 ke\u00e7iril\u0259n bax\u0131\u015f zaman\u0131 ondan 3 qramdan art\u0131q narkotik madd\u0259 olan heroin g\u00f6t\u00fcr\u00fcl\u00fcb. Faktla ba\u011fl\u0131 E.Quliyev bar\u0259sind\u0259 \u015eirvan \u015eP\u015e-nin \u0130stintaq B\u00f6lm\u0259sind\u0259 cinay\u0259t i\u015fi a\u00e7\u0131l\u0131b. Nazirlik Elg\u00fcn Quliyev\u0259 qar\u015f\u0131 polis \u015f\u00f6b\u0259sind\u0259 h\u0259r hans\u0131 bir i\u015fg\u0259nc\u0259 verilm\u0259si, v\u0259kil orderinin m\u00fcst\u0259ntiq t\u0259r\u0259find\u0259n q\u0259bul edilm\u0259m\u0259si il\u0259 ba\u011fl\u0131 iddialar\u0131n \u0259sass\u0131z oldu\u011funu bildirib.<\/p>\n","protected":false},"excerpt":{"rendered":"<p>H\u0259bsd\u0259 olan \u015eirvan sakini \u00f6z v\u0259kilin\u0259 i\u015fg\u0259nc\u0259l\u0259rd\u0259n dan\u0131\u015f\u0131b \u015eirvan sakini &#8230; <\/p>\n<p class=\"read-more-container\"><a title=\"V\u0259kil: \u201cPolis \u015f\u00f6b\u0259sind\u0259 i\u015fg\u0259nc\u0259 veribl\u0259r, narkotiki boynuna qoyublar\u201d\" class=\"read-more button\" href=\"https:\/\/www.meydan.tv\/az\/article\/vekil-polis-sobesinde-isgence-veribler-narkotiki-boynuna-qoyublar\/#more-266302\" aria-label=\"Read more about V\u0259kil: \u201cPolis \u015f\u00f6b\u0259sind\u0259 i\u015fg\u0259nc\u0259 veribl\u0259r, narkotiki boynuna qoyublar\u201d\">Davam\u0131<\/a><\/p>\n","protected":false},"author":8,"featured_media":136914,"comment_status":"closed","ping_status":"closed","sticky":false,"template":"","format":"standard","meta":{"_acf_changed":false,"_sitemap_exclude":false,"_sitemap_priority":"","_sitemap_frequency":"","footnotes":""},"categories":[60,79,56],"tags":[],"class_list":["post-266302","post","type-post","status-publish","format-standard","has-post-thumbnail","hentry","category-bolge","category-featured","category-xeberler","infinite-scroll-item","generate-columns","tablet-grid-50","mobile-grid-100","grid-parent","grid-33","no-featured-image-padding"],"acf":[],"yoast_head":"<!-- This site is optimized with the Yoast SEO plugin v27.5 - https:\/\/yoast.com\/product\/yoast-seo-wordpress\/ -->\n<title>V\u0259kil: \u201cPolis \u015f\u00f6b\u0259sind\u0259 i\u015fg\u0259nc\u0259 veribl\u0259r, narkotiki boynuna qoyublar\u201d - MEYDAN.TV<\/title>\n<meta name=\"robots\" content=\"index, follow, max-snippet:-1, max-image-preview:large, max-video-preview:-1\" \/>\n<link rel=\"canonical\" href=\"https:\/\/www.meydan.tv\/az\/article\/vekil-polis-sobesinde-isgence-veribler-narkotiki-boynuna-qoyublar\/\" \/>\n<meta property=\"og:locale\" content=\"az_AZ\" \/>\n<meta property=\"og:type\" content=\"article\" \/>\n<meta property=\"og:title\" content=\"V\u0259kil: \u201cPolis \u015f\u00f6b\u0259sind\u0259 i\u015fg\u0259nc\u0259 veribl\u0259r, narkotiki boynuna qoyublar\u201d - MEYDAN.TV\" \/>\n<meta property=\"og:description\" content=\"H\u0259bsd\u0259 olan \u015eirvan sakini \u00f6z v\u0259kilin\u0259 i\u015fg\u0259nc\u0259l\u0259rd\u0259n dan\u0131\u015f\u0131b \u015eirvan sakini ... Davam\u0131\" \/>\n<meta property=\"og:url\" content=\"https:\/\/www.meydan.tv\/az\/article\/vekil-polis-sobesinde-isgence-veribler-narkotiki-boynuna-qoyublar\/\" \/>\n<meta property=\"og:site_name\" content=\"MEYDAN.TV\" \/>\n<meta property=\"article:published_time\" content=\"2023-01-20T12:36:56+00:00\" \/>\n<meta property=\"article:modified_time\" content=\"2023-01-20T12:36:58+00:00\" \/>\n<meta property=\"og:image\" content=\"https:\/\/www.meydan.tv\/wp-content\/uploads\/image_from_ios_3_5srselk-scaled-e1661965039947.jpg\" \/>\n\t<meta property=\"og:image:width\" content=\"2560\" \/>\n\t<meta property=\"og:image:height\" content=\"1516\" \/>\n\t<meta property=\"og:image:type\" content=\"image\/jpeg\" \/>\n<meta name=\"author\" content=\"elli\" \/>\n<meta name=\"twitter:card\" content=\"summary_large_image\" \/>\n<meta name=\"twitter:creator\" content=\"@elli\" \/>\n<script type=\"application\/ld+json\" class=\"yoast-schema-graph\">{\"@context\":\"https:\\\/\\\/schema.org\",\"@graph\":[{\"@type\":\"Article\",\"@id\":\"https:\\\/\\\/www.meydan.tv\\\/az\\\/article\\\/vekil-polis-sobesinde-isgence-veribler-narkotiki-boynuna-qoyublar\\\/#article\",\"isPartOf\":{\"@id\":\"https:\\\/\\\/www.meydan.tv\\\/az\\\/article\\\/vekil-polis-sobesinde-isgence-veribler-narkotiki-boynuna-qoyublar\\\/\"},\"author\":{\"name\":\"elli\",\"@id\":\"https:\\\/\\\/www.meydan.tv\\\/az\\\/#\\\/schema\\\/person\\\/9cdbecf90d17180ce1dfbd95b08dcf47\"},\"headline\":\"V\u0259kil: \u201cPolis \u015f\u00f6b\u0259sind\u0259 i\u015fg\u0259nc\u0259 veribl\u0259r, narkotiki boynuna qoyublar\u201d\",\"datePublished\":\"2023-01-20T12:36:56+00:00\",\"dateModified\":\"2023-01-20T12:36:58+00:00\",\"mainEntityOfPage\":{\"@id\":\"https:\\\/\\\/www.meydan.tv\\\/az\\\/article\\\/vekil-polis-sobesinde-isgence-veribler-narkotiki-boynuna-qoyublar\\\/\"},\"wordCount\":685,\"publisher\":{\"@id\":\"https:\\\/\\\/www.meydan.tv\\\/az\\\/#organization\"},\"image\":{\"@id\":\"https:\\\/\\\/www.meydan.tv\\\/az\\\/article\\\/vekil-polis-sobesinde-isgence-veribler-narkotiki-boynuna-qoyublar\\\/#primaryimage\"},\"thumbnailUrl\":\"https:\\\/\\\/www.meydan.tv\\\/wp-content\\\/uploads\\\/image_from_ios_3_5srselk-scaled-e1661965039947.jpg\",\"articleSection\":[\"B\u00f6lg\u0259\",\"T\u00f6vsiy\u0259\",\"X\u0259b\u0259rl\u0259r\"],\"inLanguage\":\"az\"},{\"@type\":\"WebPage\",\"@id\":\"https:\\\/\\\/www.meydan.tv\\\/az\\\/article\\\/vekil-polis-sobesinde-isgence-veribler-narkotiki-boynuna-qoyublar\\\/\",\"url\":\"https:\\\/\\\/www.meydan.tv\\\/az\\\/article\\\/vekil-polis-sobesinde-isgence-veribler-narkotiki-boynuna-qoyublar\\\/\",\"name\":\"V\u0259kil: \u201cPolis \u015f\u00f6b\u0259sind\u0259 i\u015fg\u0259nc\u0259 veribl\u0259r, narkotiki boynuna qoyublar\u201d - MEYDAN.TV\",\"isPartOf\":{\"@id\":\"https:\\\/\\\/www.meydan.tv\\\/az\\\/#website\"},\"primaryImageOfPage\":{\"@id\":\"https:\\\/\\\/www.meydan.tv\\\/az\\\/article\\\/vekil-polis-sobesinde-isgence-veribler-narkotiki-boynuna-qoyublar\\\/#primaryimage\"},\"image\":{\"@id\":\"https:\\\/\\\/www.meydan.tv\\\/az\\\/article\\\/vekil-polis-sobesinde-isgence-veribler-narkotiki-boynuna-qoyublar\\\/#primaryimage\"},\"thumbnailUrl\":\"https:\\\/\\\/www.meydan.tv\\\/wp-content\\\/uploads\\\/image_from_ios_3_5srselk-scaled-e1661965039947.jpg\",\"datePublished\":\"2023-01-20T12:36:56+00:00\",\"dateModified\":\"2023-01-20T12:36:58+00:00\",\"breadcrumb\":{\"@id\":\"https:\\\/\\\/www.meydan.tv\\\/az\\\/article\\\/vekil-polis-sobesinde-isgence-veribler-narkotiki-boynuna-qoyublar\\\/#breadcrumb\"},\"inLanguage\":\"az\",\"potentialAction\":[{\"@type\":\"ReadAction\",\"target\":[\"https:\\\/\\\/www.meydan.tv\\\/az\\\/article\\\/vekil-polis-sobesinde-isgence-veribler-narkotiki-boynuna-qoyublar\\\/\"]}]},{\"@type\":\"ImageObject\",\"inLanguage\":\"az\",\"@id\":\"https:\\\/\\\/www.meydan.tv\\\/az\\\/article\\\/vekil-polis-sobesinde-isgence-veribler-narkotiki-boynuna-qoyublar\\\/#primaryimage\",\"url\":\"https:\\\/\\\/www.meydan.tv\\\/wp-content\\\/uploads\\\/image_from_ios_3_5srselk-scaled-e1661965039947.jpg\",\"contentUrl\":\"https:\\\/\\\/www.meydan.tv\\\/wp-content\\\/uploads\\\/image_from_ios_3_5srselk-scaled-e1661965039947.jpg\",\"width\":2560,\"height\":1516,\"caption\":\"\u0130ll\u00fcstrasiya: Meydan TV\"},{\"@type\":\"BreadcrumbList\",\"@id\":\"https:\\\/\\\/www.meydan.tv\\\/az\\\/article\\\/vekil-polis-sobesinde-isgence-veribler-narkotiki-boynuna-qoyublar\\\/#breadcrumb\",\"itemListElement\":[{\"@type\":\"ListItem\",\"position\":1,\"name\":\"Ana s\u0259hif\u0259\",\"item\":\"https:\\\/\\\/www.meydan.tv\\\/az\\\/\"},{\"@type\":\"ListItem\",\"position\":2,\"name\":\"B\u00f6lg\u0259\",\"item\":\"https:\\\/\\\/www.meydan.tv\\\/az\\\/section\\\/bolge\\\/\"},{\"@type\":\"ListItem\",\"position\":3,\"name\":\"V\u0259kil: \u201cPolis \u015f\u00f6b\u0259sind\u0259 i\u015fg\u0259nc\u0259 veribl\u0259r, narkotiki boynuna qoyublar\u201d\"}]},{\"@type\":\"WebSite\",\"@id\":\"https:\\\/\\\/www.meydan.tv\\\/az\\\/#website\",\"url\":\"https:\\\/\\\/www.meydan.tv\\\/az\\\/\",\"name\":\"MEYDAN.TV\",\"description\":\"Meydan TV Az\u0259rbaycan\u0131n media m\u0259kan\u0131ndak\u0131 alternativ s\u0259sidir\",\"publisher\":{\"@id\":\"https:\\\/\\\/www.meydan.tv\\\/az\\\/#organization\"},\"potentialAction\":[{\"@type\":\"SearchAction\",\"target\":{\"@type\":\"EntryPoint\",\"urlTemplate\":\"https:\\\/\\\/www.meydan.tv\\\/az\\\/?s={search_term_string}\"},\"query-input\":{\"@type\":\"PropertyValueSpecification\",\"valueRequired\":true,\"valueName\":\"search_term_string\"}}],\"inLanguage\":\"az\"},{\"@type\":\"Organization\",\"@id\":\"https:\\\/\\\/www.meydan.tv\\\/az\\\/#organization\",\"name\":\"Meydan TV\",\"url\":\"https:\\\/\\\/www.meydan.tv\\\/az\\\/\",\"logo\":{\"@type\":\"ImageObject\",\"inLanguage\":\"az\",\"@id\":\"https:\\\/\\\/www.meydan.tv\\\/az\\\/#\\\/schema\\\/logo\\\/image\\\/\",\"url\":\"https:\\\/\\\/www.meydan.tv\\\/wp-content\\\/uploads\\\/2021\\\/07\\\/meydan-logo.svg\",\"contentUrl\":\"https:\\\/\\\/www.meydan.tv\\\/wp-content\\\/uploads\\\/2021\\\/07\\\/meydan-logo.svg\",\"width\":195,\"height\":46,\"caption\":\"Meydan TV\"},\"image\":{\"@id\":\"https:\\\/\\\/www.meydan.tv\\\/az\\\/#\\\/schema\\\/logo\\\/image\\\/\"}},{\"@type\":\"Person\",\"@id\":\"https:\\\/\\\/www.meydan.tv\\\/az\\\/#\\\/schema\\\/person\\\/9cdbecf90d17180ce1dfbd95b08dcf47\",\"name\":\"elli\",\"sameAs\":[\"https:\\\/\\\/x.com\\\/elli\"]}]}<\/script>\n<!-- \/ Yoast SEO plugin. -->","yoast_head_json":{"title":"V\u0259kil: \u201cPolis \u015f\u00f6b\u0259sind\u0259 i\u015fg\u0259nc\u0259 veribl\u0259r, narkotiki boynuna qoyublar\u201d - MEYDAN.TV","robots":{"index":"index","follow":"follow","max-snippet":"max-snippet:-1","max-image-preview":"max-image-preview:large","max-video-preview":"max-video-preview:-1"},"canonical":"https:\/\/www.meydan.tv\/az\/article\/vekil-polis-sobesinde-isgence-veribler-narkotiki-boynuna-qoyublar\/","og_locale":"az_AZ","og_type":"article","og_title":"V\u0259kil: \u201cPolis \u015f\u00f6b\u0259sind\u0259 i\u015fg\u0259nc\u0259 veribl\u0259r, narkotiki boynuna qoyublar\u201d - MEYDAN.TV","og_description":"H\u0259bsd\u0259 olan \u015eirvan sakini \u00f6z v\u0259kilin\u0259 i\u015fg\u0259nc\u0259l\u0259rd\u0259n dan\u0131\u015f\u0131b \u015eirvan sakini ... Davam\u0131","og_url":"https:\/\/www.meydan.tv\/az\/article\/vekil-polis-sobesinde-isgence-veribler-narkotiki-boynuna-qoyublar\/","og_site_name":"MEYDAN.TV","article_published_time":"2023-01-20T12:36:56+00:00","article_modified_time":"2023-01-20T12:36:58+00:00","og_image":[{"width":2560,"height":1516,"url":"https:\/\/www.meydan.tv\/wp-content\/uploads\/image_from_ios_3_5srselk-scaled-e1661965039947.jpg","type":"image\/jpeg"}],"author":"elli","twitter_card":"summary_large_image","twitter_creator":"@elli","schema":{"@context":"https:\/\/schema.org","@graph":[{"@type":"Article","@id":"https:\/\/www.meydan.tv\/az\/article\/vekil-polis-sobesinde-isgence-veribler-narkotiki-boynuna-qoyublar\/#article","isPartOf":{"@id":"https:\/\/www.meydan.tv\/az\/article\/vekil-polis-sobesinde-isgence-veribler-narkotiki-boynuna-qoyublar\/"},"author":{"name":"elli","@id":"https:\/\/www.meydan.tv\/az\/#\/schema\/person\/9cdbecf90d17180ce1dfbd95b08dcf47"},"headline":"V\u0259kil: \u201cPolis \u015f\u00f6b\u0259sind\u0259 i\u015fg\u0259nc\u0259 veribl\u0259r, narkotiki boynuna qoyublar\u201d","datePublished":"2023-01-20T12:36:56+00:00","dateModified":"2023-01-20T12:36:58+00:00","mainEntityOfPage":{"@id":"https:\/\/www.meydan.tv\/az\/article\/vekil-polis-sobesinde-isgence-veribler-narkotiki-boynuna-qoyublar\/"},"wordCount":685,"publisher":{"@id":"https:\/\/www.meydan.tv\/az\/#organization"},"image":{"@id":"https:\/\/www.meydan.tv\/az\/article\/vekil-polis-sobesinde-isgence-veribler-narkotiki-boynuna-qoyublar\/#primaryimage"},"thumbnailUrl":"https:\/\/www.meydan.tv\/wp-content\/uploads\/image_from_ios_3_5srselk-scaled-e1661965039947.jpg","articleSection":["B\u00f6lg\u0259","T\u00f6vsiy\u0259","X\u0259b\u0259rl\u0259r"],"inLanguage":"az"},{"@type":"WebPage","@id":"https:\/\/www.meydan.tv\/az\/article\/vekil-polis-sobesinde-isgence-veribler-narkotiki-boynuna-qoyublar\/","url":"https:\/\/www.meydan.tv\/az\/article\/vekil-polis-sobesinde-isgence-veribler-narkotiki-boynuna-qoyublar\/","name":"V\u0259kil: \u201cPolis \u015f\u00f6b\u0259sind\u0259 i\u015fg\u0259nc\u0259 veribl\u0259r, narkotiki boynuna qoyublar\u201d - MEYDAN.TV","isPartOf":{"@id":"https:\/\/www.meydan.tv\/az\/#website"},"primaryImageOfPage":{"@id":"https:\/\/www.meydan.tv\/az\/article\/vekil-polis-sobesinde-isgence-veribler-narkotiki-boynuna-qoyublar\/#primaryimage"},"image":{"@id":"https:\/\/www.meydan.tv\/az\/article\/vekil-polis-sobesinde-isgence-veribler-narkotiki-boynuna-qoyublar\/#primaryimage"},"thumbnailUrl":"https:\/\/www.meydan.tv\/wp-content\/uploads\/image_from_ios_3_5srselk-scaled-e1661965039947.jpg","datePublished":"2023-01-20T12:36:56+00:00","dateModified":"2023-01-20T12:36:58+00:00","breadcrumb":{"@id":"https:\/\/www.meydan.tv\/az\/article\/vekil-polis-sobesinde-isgence-veribler-narkotiki-boynuna-qoyublar\/#breadcrumb"},"inLanguage":"az","potentialAction":[{"@type":"ReadAction","target":["https:\/\/www.meydan.tv\/az\/article\/vekil-polis-sobesinde-isgence-veribler-narkotiki-boynuna-qoyublar\/"]}]},{"@type":"ImageObject","inLanguage":"az","@id":"https:\/\/www.meydan.tv\/az\/article\/vekil-polis-sobesinde-isgence-veribler-narkotiki-boynuna-qoyublar\/#primaryimage","url":"https:\/\/www.meydan.tv\/wp-content\/uploads\/image_from_ios_3_5srselk-scaled-e1661965039947.jpg","contentUrl":"https:\/\/www.meydan.tv\/wp-content\/uploads\/image_from_ios_3_5srselk-scaled-e1661965039947.jpg","width":2560,"height":1516,"caption":"\u0130ll\u00fcstrasiya: Meydan TV"},{"@type":"BreadcrumbList","@id":"https:\/\/www.meydan.tv\/az\/article\/vekil-polis-sobesinde-isgence-veribler-narkotiki-boynuna-qoyublar\/#breadcrumb","itemListElement":[{"@type":"ListItem","position":1,"name":"Ana s\u0259hif\u0259","item":"https:\/\/www.meydan.tv\/az\/"},{"@type":"ListItem","position":2,"name":"B\u00f6lg\u0259","item":"https:\/\/www.meydan.tv\/az\/section\/bolge\/"},{"@type":"ListItem","position":3,"name":"V\u0259kil: \u201cPolis \u015f\u00f6b\u0259sind\u0259 i\u015fg\u0259nc\u0259 veribl\u0259r, narkotiki boynuna qoyublar\u201d"}]},{"@type":"WebSite","@id":"https:\/\/www.meydan.tv\/az\/#website","url":"https:\/\/www.meydan.tv\/az\/","name":"MEYDAN.TV","description":"Meydan TV Az\u0259rbaycan\u0131n media m\u0259kan\u0131ndak\u0131 alternativ s\u0259sidir","publisher":{"@id":"https:\/\/www.meydan.tv\/az\/#organization"},"potentialAction":[{"@type":"SearchAction","target":{"@type":"EntryPoint","urlTemplate":"https:\/\/www.meydan.tv\/az\/?s={search_term_string}"},"query-input":{"@type":"PropertyValueSpecification","valueRequired":true,"valueName":"search_term_string"}}],"inLanguage":"az"},{"@type":"Organization","@id":"https:\/\/www.meydan.tv\/az\/#organization","name":"Meydan TV","url":"https:\/\/www.meydan.tv\/az\/","logo":{"@type":"ImageObject","inLanguage":"az","@id":"https:\/\/www.meydan.tv\/az\/#\/schema\/logo\/image\/","url":"https:\/\/www.meydan.tv\/wp-content\/uploads\/2021\/07\/meydan-logo.svg","contentUrl":"https:\/\/www.meydan.tv\/wp-content\/uploads\/2021\/07\/meydan-logo.svg","width":195,"height":46,"caption":"Meydan TV"},"image":{"@id":"https:\/\/www.meydan.tv\/az\/#\/schema\/logo\/image\/"}},{"@type":"Person","@id":"https:\/\/www.meydan.tv\/az\/#\/schema\/person\/9cdbecf90d17180ce1dfbd95b08dcf47","name":"elli","sameAs":["https:\/\/x.com\/elli"]}]}},"_links":{"self":[{"href":"https:\/\/www.meydan.tv\/az\/wp-json\/wp\/v2\/posts\/266302","targetHints":{"allow":["GET"]}}],"collection":[{"href":"https:\/\/www.meydan.tv\/az\/wp-json\/wp\/v2\/posts"}],"about":[{"href":"https:\/\/www.meydan.tv\/az\/wp-json\/wp\/v2\/types\/post"}],"author":[{"embeddable":true,"href":"https:\/\/www.meydan.tv\/az\/wp-json\/wp\/v2\/users\/8"}],"replies":[{"embeddable":true,"href":"https:\/\/www.meydan.tv\/az\/wp-json\/wp\/v2\/comments?post=266302"}],"version-history":[{"count":1,"href":"https:\/\/www.meydan.tv\/az\/wp-json\/wp\/v2\/posts\/266302\/revisions"}],"predecessor-version":[{"id":266306,"href":"https:\/\/www.meydan.tv\/az\/wp-json\/wp\/v2\/posts\/266302\/revisions\/266306"}],"wp:featuredmedia":[{"embeddable":true,"href":"https:\/\/www.meydan.tv\/az\/wp-json\/wp\/v2\/media\/136914"}],"wp:attachment":[{"href":"https:\/\/www.meydan.tv\/az\/wp-json\/wp\/v2\/media?parent=266302"}],"wp:term":[{"taxonomy":"category","embeddable":true,"href":"https:\/\/www.meydan.tv\/az\/wp-json\/wp\/v2\/categories?post=266302"},{"taxonomy":"post_tag","embeddable":true,"href":"https:\/\/www.meydan.tv\/az\/wp-json\/wp\/v2\/tags?post=266302"}],"curies":[{"name":"wp","href":"https:\/\/api.w.org\/{rel}","templated":true}]}}