{"id":266254,"date":"2023-01-19T15:53:50","date_gmt":"2023-01-19T11:53:50","guid":{"rendered":"https:\/\/www.meydan.tv\/?p=266254"},"modified":"2023-01-19T15:53:52","modified_gmt":"2023-01-19T11:53:52","slug":"muharibe-veterani-xercengden-eziyyet-ceken-anasina-komek-isteyir","status":"publish","type":"post","link":"https:\/\/www.meydan.tv\/az\/article\/muharibe-veterani-xercengden-eziyyet-ceken-anasina-komek-isteyir\/","title":{"rendered":"M\u00fcharib\u0259 veteran\u0131 x\u0259r\u00e7\u0259ngd\u0259n \u0259ziyy\u0259t \u00e7\u0259k\u0259n anas\u0131na k\u00f6m\u0259k ist\u0259yir"},"content":{"rendered":"\n<p><\/p>\n\n\n\n<p><em>&#8220;D\u00f6vl\u0259t x\u0259st\u0259xanas\u0131nda pulsuz m\u00fcayin\u0259l\u0259r\u0259, m\u00fcalic\u0259l\u0259r\u0259 qiym\u0259t qoyulub&#8221;<\/em><\/p>\n\n\n\n<p>44 ya\u015fl\u0131 Ucar sakini Aynur A\u011fal\u0131 q\u0131z\u0131 Balo\u011flanova x\u0259r\u00e7\u0259ng x\u0259st\u0259liyind\u0259n \u0259ziyy\u0259t \u00e7\u0259kir.<\/p>\n\n\n\n<p>Haz\u0131rda Bak\u0131da ya\u015fayan ail\u0259 bu x\u0259st\u0259likl\u0259 m\u00fcbariz\u0259d\u0259 maddi probleml\u0259rl\u0259 \u00fczl\u0259\u015fdiyini deyir.<\/p>\n\n\n\n<p>H\u0259yat yolda\u015f\u0131 B\u0259ybala M\u0259simov Meydan TV-y\u0259 bildirib ki, qad\u0131n\u0131n durumu olduqca a\u011f\u0131rd\u0131r.<\/p>\n\n\n\n<p>\u00d6t\u0259n ilin sentyabr\u0131nda q\u0259fl\u0259t\u0259n a\u015fkarlanan x\u0259st\u0259lik ail\u0259ni h\u0259m m\u0259n\u0259vi, h\u0259m maddi \u00e7\u0259tinlikl\u0259rl\u0259 \u00fcz-\u00fcz\u0259 qoyub.<br>K\u00fcr\u0259k nahiy\u0259sind\u0259 ba\u015f qald\u0131ran a\u011fr\u0131lardan sonra Aynur Balo\u011flanova ilk d\u0259f\u0259 M\u0259rd\u0259kanda yerl\u0259\u015f\u0259n poliklinikada m\u00fcayin\u0259 olunub v\u0259 d\u00f6\u015f nahiy\u0259sind\u0259 \u015fi\u015f a\u015fkarlan\u0131b.<\/p>\n\n\n\n<p>Daha sonra Milli Onkologiya M\u0259rk\u0259zind\u0259 m\u00fcayin\u0259d\u0259n ke\u00e7\u0259n x\u0259st\u0259y\u0259 &#8220;s\u00fcd v\u0259zisi x\u0259r\u00e7\u0259ngi&#8221; diaqnozu qoyulub.<br>Ancaq ail\u0259ni ordak\u0131 m\u00fcayin\u0259 prosedurlar\u0131 v\u0259 d\u00f6vl\u0259t x\u0259st\u0259xanas\u0131nda pullu xidm\u0259t qane etm\u0259yib:<\/p>\n\n\n\n<p>&#8220;Orda da m\u00fcayin\u0259d\u0259n ke\u00e7dik. \u0130ki d\u0259f\u0259 &#8220;Biyopsi&#8221;, y\u0259ni \u0259km\u0259 h\u0259yata ke\u00e7irildi v\u0259 14 g\u00fcnd\u0259n sonra&#8221; s\u00fcd v\u0259zi x\u0259r\u00e7\u0259ngi&#8221; diaqnozu d\u0259qiql\u0259\u015fdi. El\u0259 sentyabr\u0131n sonu Milli Onkologiya M\u0259rk\u0259zind\u0259 qeydiyyata al\u0131nd\u0131. Lakin ordak\u0131 h\u0259kiml\u0259rin m\u00fcayin\u0259si, m\u00fcalic\u0259si bizi qane etm\u0259di. H\u0259m d\u0259 pulsuz deyildi, halbuki pulsuz olmal\u0131 idi. <\/p>\n\n\n\n<figure class=\"wp-block-image size-full\"><img decoding=\"async\" width=\"1200\" height=\"800\" data-src=\"https:\/\/www.meydan.tv\/wp-content\/uploads\/untitled-design-3-61.jpg\" alt=\"\" class=\"wp-image-266248 lazyload\" src=\"data:image\/svg+xml;base64,PHN2ZyB3aWR0aD0iMSIgaGVpZ2h0PSIxIiB4bWxucz0iaHR0cDovL3d3dy53My5vcmcvMjAwMC9zdmciPjwvc3ZnPg==\" style=\"--smush-placeholder-width: 1200px; --smush-placeholder-aspect-ratio: 1200\/800;\" \/><\/figure>\n\n\n\n<p>Orada x\u0259st\u0259l\u0259rd\u0259n ancaq bunu e\u015fidirdik ki, m\u00fcalic\u0259l\u0259rin, kimyaterapiyalar\u0131n effekti olmur. Nec\u0259 edirl\u0259r, n\u0259 c\u00fcr edirl\u0259rs\u0259, \u0259hali naraz\u0131 idi. \u00d6z\u00fcm\u00fcz d\u0259 g\u00f6rd\u00fck ki, effekti yoxdursa, vaxt itirm\u0259y\u0259 d\u0259ymir. H\u0259m d\u0259 kimyaterapiyalara, analizl\u0259r\u0259 h\u0259r\u0259d\u0259n bir qiym\u0259t t\u0259l\u0259b olunur&#8221;.<\/p>\n\n\n\n<p>&#8220;A\u011f\u0131r x\u0259st\u0259likdir, \u00fcst\u0259lik d\u00f6vl\u0259t x\u0259st\u0259xanas\u0131nda pulsuz m\u00fcayin\u0259l\u0259r\u0259, m\u00fcalic\u0259l\u0259r\u0259 qiym\u0259t qoyulub. Ona g\u00f6r\u0259 d\u0259 M\u0259rk\u0259zi H\u0259rbi Hospitala getdik. Orada da h\u0259r \u015fey pullad\u0131r. He\u00e7 bir x\u0259st\u0259xanada g\u00fcz\u0259\u015ft yoxdur. Ancaq bu x\u0259st\u0259xanada g\u00fccl\u00fc h\u0259kim onkoloq var ki, o, tam m\u00fcalic\u0259ni \u00f6z boynuna g\u00f6t\u00fcr\u00fcb, edil\u0259n terapiyalardan ir\u0259lil\u0259yi\u015f var&#8221;, &#8211; qad\u0131n\u0131n h\u0259yat yolda\u015f\u0131 B\u0259ybala M\u0259simov bel\u0259 deyir.<br><\/p>\n\n\n\n<p><strong>&#8220;T\u0259kc\u0259 terapiyalar\u0131 43 min manat edir&#8221;<\/strong><br><\/p>\n\n\n\n<p>H\u0259yat yolda\u015f\u0131 deyir ki, Aynur Balo\u011flanova indiy\u0259 q\u0259d\u0259r 5 d\u0259f\u0259 M\u0259rk\u0259zi H\u0259rbi Hospitalda kimyaterapiya olunub. D\u00f6rd\u00fcn\u00fc 450 manata, sonuncunu is\u0259 bahal\u0131 d\u0259rman t\u0259rkibli oldu\u011fundan 2000 manata edibl\u0259r. H\u0259l\u0259 bu terapiyaya imkans\u0131zl\u0131qdan bahal\u0131 d\u0259rman\u0131n biri \u0259lav\u0259 edilm\u0259yib.<\/p>\n\n\n\n<p>B\u0259ybala M\u0259simovun s\u00f6zl\u0259rin\u0259 g\u00f6r\u0259, qad\u0131n\u0131n sa\u011f s\u00fcd v\u0259zisind\u0259 \u015fi\u015fin \u00f6l\u00e7\u00fcs\u00fc \u00f6nc\u0259 10.9 mm h\u0259cmind\u0259 olsa da, kimyaterapiyalardan sonra \u015fi\u015fin h\u0259cmi azalaraq yar\u0131ya enib:<\/p>\n\n\n\n<p>&#8220;H\u0259kimi Rahib H\u0259s\u0259nov s\u00f6z verib ki, terapiyalar v\u0259 \u0259m\u0259liyyat davam etdiril\u0259rs\u0259, x\u0259st\u0259 sa\u011fala bil\u0259r&#8221;.<br>Ail\u0259 kas\u0131b olsa da, bu \u015fans\u0131 itirm\u0259k ist\u0259mir v\u0259 h\u0259r yerd\u0259n k\u00f6m\u0259k ist\u0259yir.<\/p>\n\n\n\n<figure class=\"wp-block-image size-full\"><img decoding=\"async\" width=\"1200\" height=\"800\" data-src=\"https:\/\/www.meydan.tv\/wp-content\/uploads\/untitled-design-2-78.jpg\" alt=\"\" class=\"wp-image-266251 lazyload\" src=\"data:image\/svg+xml;base64,PHN2ZyB3aWR0aD0iMSIgaGVpZ2h0PSIxIiB4bWxucz0iaHR0cDovL3d3dy53My5vcmcvMjAwMC9zdmciPjwvc3ZnPg==\" style=\"--smush-placeholder-width: 1200px; --smush-placeholder-aspect-ratio: 1200\/800;\" \/><\/figure>\n\n\n\n<p>Qad\u0131n \u0259m\u0259liyyata q\u0259d\u0259r \u00fc\u00e7 kimyaterapiyadan ke\u00e7m\u0259li v\u0259 \u0259m\u0259liyyata girm\u0259lidir. \u018fm\u0259liyyatdan sonra yenid\u0259n 13 kimyaterapiya almal\u0131d\u0131r.<\/p>\n\n\n\n<p>Dediyin\u0259 g\u00f6r\u0259, yaln\u0131z kimyaterapiyalara 43 min\u0259 yax\u0131n pul laz\u0131md\u0131r:<\/p>\n\n\n\n<p>&#8220;\u0130ndiy\u0259 q\u0259d\u0259r ordan-burdan tap\u0131b, borc al\u0131b 20 mind\u0259n \u00e7ox x\u0259rcl\u0259mi\u015fik. H\u0259qiq\u0259t\u0259n, k\u00f6m\u0259k ist\u0259yirik. G\u0259nc qad\u0131nd\u0131r, iki \u00f6vlad\u0131 var. O\u011flum m\u00fcharib\u0259 veteran\u0131d\u0131r. Q\u0131z\u0131m ail\u0259lidir. O\u011flumun d\u0259rdind\u0259n, fikird\u0259n, qorxudan bu v\u0259ziyy\u0259t\u0259 d\u00fc\u015fd\u00fc. Heyd\u0259r \u018fliyev Fonduna, Mehriban \u018fliyevaya, Leyla \u018fliyevaya m\u00fcraci\u0259t etdik, cavab g\u0259lm\u0259di. Biz\u0259 maddi k\u00f6m\u0259k laz\u0131md\u0131r ki, qar\u015f\u0131da \u0259m\u0259liyyata q\u0259d\u0259r 3 d\u0259f\u0259 kimyaterapiya olunmal\u0131d\u0131r. H\u0259min kimyaterapiyalara 4 &#8220;a\u011f\u0131ll\u0131 d\u0259rman&#8221; al\u0131nmal\u0131d\u0131r ki, h\u0259r biri 4150 dollard\u0131. O biri 3 d\u0259rman\u0131n is\u0259 h\u0259r biri 2500 dollard\u0131r. Sonra \u0259m\u0259liyyatd\u0131. \u018fm\u0259liyyatdan sonra 23 d\u0259n\u0259 yen\u0259 &#8220;a\u011f\u0131ll\u0131 d\u0259rman&#8221; al\u0131nmal\u0131d\u0131r. H\u0259r biri 3 d\u0259rman olmaqla 39 &#8220;a\u011f\u0131ll\u0131 d\u0259rman&#8221; al\u0131n\u0131b kimyaterapiya edilm\u0259lidir. T\u0259kc\u0259 terapiyalar\u0131 43 min pul edir&#8221;.<\/p>\n\n\n\n<p>&#8220;\u018fslind\u0259, o d\u0259rmanlar\u0131 \u00f6z\u00fcm\u00fcz sifari\u015f edib g\u0259tirm\u0259liyik. Burada ancaq &#8220;Ozon&#8221; aptekd\u0259 var, ya g\u0259r\u0259k pulu x\u0259st\u0259xanaya ver\u0259s\u0259n, ya da \u00f6z\u00fcn sifari\u015f ed\u0259s\u0259n ki, g\u0259tirilsin. O daha baha ba\u015fa g\u0259lir. Bu d\u0259rmanlar \u0130sve\u00e7 istehsal\u0131 olmal\u0131d\u0131r. Ancaq ordan sifari\u015fl\u0259 g\u0259tirm\u0259k baha \u00e7\u0131x\u0131r. Rahib H\u0259s\u0259nov adl\u0131 h\u0259kimi T\u00fcrkiy\u0259d\u0259 oxuyub, h\u0259m orada \u00e7al\u0131\u015f\u0131r, h\u0259m burda. O yaz\u0131b bu d\u0259rmanlar\u0131. Milli Onkologiyadan deyildi ki, bu d\u0259rmanlar yoxdur&#8221;, &#8211; deyir B\u0259ybala M\u0259simov.<br><\/p>\n\n\n\n<figure class=\"wp-block-image size-full\"><img decoding=\"async\" width=\"1200\" height=\"800\" data-src=\"https:\/\/www.meydan.tv\/wp-content\/uploads\/untitled-design-4-56.jpg\" alt=\"\" class=\"wp-image-266245 lazyload\" src=\"data:image\/svg+xml;base64,PHN2ZyB3aWR0aD0iMSIgaGVpZ2h0PSIxIiB4bWxucz0iaHR0cDovL3d3dy53My5vcmcvMjAwMC9zdmciPjwvc3ZnPg==\" style=\"--smush-placeholder-width: 1200px; --smush-placeholder-aspect-ratio: 1200\/800;\" \/><\/figure>\n\n\n\n<p><strong>&#8220;K\u00f6m\u0259k ist\u0259yir\u0259m ki, anam\u0131 bu x\u0259st\u0259likd\u0259n xilas edim, ona g\u00f6r\u0259 vicdan \u0259zab\u0131 \u00e7\u0259km\u0259yim&#8221;<br><\/strong><\/p>\n\n\n\n<p>Ail\u0259d\u0259 is\u0259 yegan\u0259 qazanc g\u0259tir\u0259n o\u011flu, m\u00fcharib\u0259 veteran\u0131 Raci M\u0259simlidir.<\/p>\n\n\n\n<p>Raci deyir ki, onun da maa\u015f\u0131 bankdan g\u00f6t\u00fcr\u00fcl\u0259n iri m\u0259bl\u0259\u011fd\u0259 kreditin \u00f6d\u0259ni\u015fin\u0259 \u00e7\u0131x\u0131l\u0131r. Qohumlar\u0131n k\u00f6m\u0259yi d\u0259 t\u00fck\u0259nib. \u0130ndi Raci h\u0259m anas\u0131n\u0131 xilas etm\u0259k ist\u0259yir, h\u0259m d\u0259 borclar\u0131n \u0259lind\u0259n \u00e7\u0131x\u0131lmaz durumdad\u0131r:<\/p>\n\n\n\n<p>&#8220;Ail\u0259d\u0259 t\u0259k m\u0259n \u00e7al\u0131\u015f\u0131ram. H\u0259r ay 425 manat kredit \u00f6d\u0259yir\u0259m. X\u0259st\u0259liy\u0259 g\u00f6r\u0259 banklardan 12 min manat pul g\u00f6t\u00fcrm\u00fc\u015f\u00fck. H\u0259r 21 g\u00fcnd\u0259n bir kimyaterapiya olunmal\u0131d\u0131r. Mart\u0131n 20-n\u0259 hardasa \u0259m\u0259liyyat olunacaq. Ona q\u0259d\u0259r kimyaterapiya etm\u0259liyik ki, anam \u0259m\u0259liyyata girsin. Ondan sonra da 39 \u0259d\u0259d &#8220;Herceptin&#8221; v\u0259 &#8220;Perjeta&#8221; d\u0259rman\u0131d\u0131r. H\u0259r &#8220;a\u011f\u0131ll\u0131 d\u0259rman&#8221;da 3 &#8220;Herceptin&#8221; olacaq. Bu da 39 edir. Bir seansa 3 d\u0259rman istifad\u0259 olunacaq. T\u0259kc\u0259 &#8220;Perjeta&#8221;n\u0131n biri 6883 manatd\u0131r. \u018fm\u0259liyyat\u0131n pulunu is\u0259 h\u0259l\u0259 dem\u0259yibl\u0259r. Hesablad\u0131q ki, xaricd\u0259n sifari\u015fl\u0259 g\u0259tirs\u0259k, d\u0259rman daha da baha d\u00fc\u015f\u0259c\u0259k. K\u00f6m\u0259k \u00fc\u00e7\u00fcn etdiyimiz m\u00fcraci\u0259tl\u0259r\u0259 d\u0259 cavab g\u0259lm\u0259di&#8221;.<\/p>\n\n\n\n<p>&#8220;Sonuncu kimyaterapiyaya &#8220;Perjeta&#8221; baha oldu\u011fu \u00fc\u00e7\u00fcn ala bilm\u0259dik, &#8220;Herceptin&#8221;l\u0259 etdil\u0259r. K\u00f6m\u0259k ist\u0259yir\u0259m ki, anam\u0131 bu x\u0259st\u0259likd\u0259n xilas edim, ona g\u00f6r\u0259 vicdan \u0259zab\u0131 \u00e7\u0259km\u0259yim. Xahi\u015f edir\u0259m ki, bu v\u0259t\u0259nin \u00f6vlad\u0131, v\u0259t\u0259nda\u015f kimi anam\u0131 xilas etm\u0259kd\u0259 m\u0259n\u0259 k\u00f6m\u0259k edin. D\u00f6vl\u0259td\u0259n, xalqdan k\u00f6m\u0259k ist\u0259yirik. K\u00f6m\u0259k olarsa, anam\u0131 x\u0259r\u00e7\u0259ngd\u0259n xilas ed\u0259 bil\u0259rik&#8221;, &#8211; Rac\u0131 M\u0259simov deyir.<br><\/p>\n\n\n\n<figure class=\"wp-block-image size-large\"><img decoding=\"async\" width=\"1200\" height=\"594\" data-src=\"https:\/\/www.meydan.tv\/wp-content\/uploads\/img-20230103-wa0153-1200x594.jpg\" alt=\"\" class=\"wp-image-266241 lazyload\" src=\"data:image\/svg+xml;base64,PHN2ZyB3aWR0aD0iMSIgaGVpZ2h0PSIxIiB4bWxucz0iaHR0cDovL3d3dy53My5vcmcvMjAwMC9zdmciPjwvc3ZnPg==\" style=\"--smush-placeholder-width: 1200px; --smush-placeholder-aspect-ratio: 1200\/594;\" \/><\/figure>\n\n\n\n<p><strong>&#8220;Kims\u0259 h\u0259kimind\u0259n halall\u0131q al\u0131r, ya \u015firinlik verirs\u0259, ona he\u00e7 n\u0259 dey\u0259 bilm\u0259r\u0259m&#8221;<\/strong><br><\/p>\n\n\n\n<p>\u00d6lk\u0259nin ba\u015f onkoloqu, Milli Onkologiya M\u0259rk\u0259zinin ba\u015f h\u0259kimi Azad K\u0259rimli is\u0259 Meydan TV-y\u0259 deyib ki, onkoloji x\u0259st\u0259l\u0259r s\u0131\u011forta paketind\u0259n yararlana bilm\u0259s\u0259l\u0259r d\u0259, qeydiyyata d\u00fc\u015fd\u00fcy\u00fc andan s\u00f6z\u00fcged\u0259n tibb m\u00fc\u0259ssis\u0259sind\u0259 pulsuz m\u00fcayin\u0259 v\u0259 m\u00fcalic\u0259l\u0259rd\u0259n yararlana bil\u0259rl\u0259r:<\/p>\n\n\n\n<p>&#8220;\u00d6lk\u0259d\u0259 x\u0259r\u00e7\u0259ng x\u0259st\u0259l\u0259rinin say\u0131 il\u0259 ba\u011fl\u0131 son statistika h\u0259l\u0259 fevral\u0131n sonu bilin\u0259c\u0259k. Bizd\u0259 indi 2021-ci ilin statistik n\u0259tic\u0259sil\u0259ri var. 2006-c\u0131 ild\u0259 \u201cOnkoloji yard\u0131m haqq\u0131nda\u201d Qanun q\u0259bul olunub. T\u0259bii ki, bel\u0259 bir qanun q\u0259bul edilibs\u0259, qeydiyyata al\u0131nan onkoloji x\u0259st\u0259l\u0259rin m\u00fcayin\u0259 v\u0259 m\u00fcalic\u0259si pulsuz apar\u0131l\u0131r. Kims\u0259 h\u0259kimind\u0259n halall\u0131q al\u0131r, ya \u015firinlik verirs\u0259, m\u0259n ona he\u00e7 n\u0259 dey\u0259 bilm\u0259r\u0259m. T\u0259k Milli Onkologiya M\u0259rk\u0259zind\u0259 yox, b\u00fct\u00fcn d\u00f6vl\u0259t tibb m\u00fc\u0259ssis\u0259l\u0259rind\u0259 bu, pulsuz olmal\u0131d\u0131r. 2-3 kimyaterapiya seans\u0131 il\u0259 d\u0259 effekt bilinmir. Onkoloji x\u0259st\u0259 davaml\u0131 m\u00fcayin\u0259 v\u0259 m\u00fcalic\u0259sini apars\u0131n ki, sonra effektini g\u00f6rs\u00fcn. H\u0259kiml\u0259rimiz d\u0259 savadl\u0131d\u0131r&#8221;.<br><\/p>\n\n\n\n<figure class=\"wp-block-image size-full\"><img decoding=\"async\" width=\"1200\" height=\"800\" data-src=\"https:\/\/www.meydan.tv\/wp-content\/uploads\/untitled-design-6-29.jpg\" alt=\"\" class=\"wp-image-266255 lazyload\" src=\"data:image\/svg+xml;base64,PHN2ZyB3aWR0aD0iMSIgaGVpZ2h0PSIxIiB4bWxucz0iaHR0cDovL3d3dy53My5vcmcvMjAwMC9zdmciPjwvc3ZnPg==\" style=\"--smush-placeholder-width: 1200px; --smush-placeholder-aspect-ratio: 1200\/800;\" \/><\/figure>\n\n\n\n<p><strong>&#8220;El\u0259 d\u0259rmanlar da var ki, onlar Az\u0259rbaycanda qeydiyyatdan ke\u00e7m\u0259yib&#8221;<br><\/strong><\/p>\n\n\n\n<p>Ba\u015f onkoloq kimyaterapiyalara s\u0259rf olunan b\u0259zi bahal\u0131 d\u0259rmanlar\u0131n Milli Onkologiya M\u0259rk\u0259zin\u0259 g\u0259tirilm\u0259diyini deyir:<\/p>\n\n\n\n<p>&#8220;M\u0259s\u0259l\u0259n, onkoloji x\u0259st\u0259 Aynur Balo\u011flanovan\u0131n da kimyaterapiyas\u0131 \u00fc\u00e7\u00fcn laz\u0131ml\u0131 d\u0259rmanlar g\u0259tirilmir&#8221;.<br>H\u0259kim bildirib ki, bel\u0259 oldu\u011fu halda, h\u0259min d\u0259rmanlar\u0131 v\u0259t\u0259nda\u015flar\u0131n \u00f6zl\u0259ri almal\u0131d\u0131r.<\/p>\n\n\n\n<p>Onun s\u00f6zl\u0259rin\u0259 g\u00f6r\u0259, Milli Onkologiya M\u0259rk\u0259zind\u0259 onkoloji x\u0259st\u0259l\u0259r \u00fc\u00e7\u00fcn n\u0259z\u0259rd\u0259 tutulan d\u0259rmanlar\u0131n siyah\u0131s\u0131n\u0131n monitorlarda \u0259ks olunub.<\/p>\n\n\n\n<figure class=\"wp-block-image size-full\"><img decoding=\"async\" width=\"1200\" height=\"800\" data-src=\"https:\/\/www.meydan.tv\/wp-content\/uploads\/untitled-design-5-42.jpg\" alt=\"\" class=\"wp-image-266259 lazyload\" src=\"data:image\/svg+xml;base64,PHN2ZyB3aWR0aD0iMSIgaGVpZ2h0PSIxIiB4bWxucz0iaHR0cDovL3d3dy53My5vcmcvMjAwMC9zdmciPjwvc3ZnPg==\" style=\"--smush-placeholder-width: 1200px; --smush-placeholder-aspect-ratio: 1200\/800;\" \/><\/figure>\n\n\n\n<p>O hesab edir ki, \u0259hali aras\u0131nda onkologiya il\u0259 ba\u011fl\u0131 maarifl\u0259ndirm\u0259 i\u015fi z\u0259if apar\u0131l\u0131r:<\/p>\n\n\n\n<p>&#8220;O ki qald\u0131 d\u0259rman m\u0259s\u0259l\u0259sin\u0259, \u0259g\u0259r d\u0259rman varsa, dem\u0259k, x\u0259st\u0259nindir. Onkologiyada istifad\u0259 olunan d\u0259rmanlar el\u0259dir ki, n\u0259 h\u0259kim, n\u0259 d\u0259 tibb bac\u0131s\u0131 \u00f6z\u00fcn\u0259 istifad\u0259 ed\u0259 bilir. Ya da o d\u0259rman\u0131 evd\u0259 apar\u0131b saxlam\u0131rsan ki, qon\u015funun ba\u015f a\u011fr\u0131s\u0131na istifad\u0259 ed\u0259s\u0259n. Amma el\u0259 d\u0259rmanlar da var ki, onlar Az\u0259rbaycanda qeydiyyatdan ke\u00e7m\u0259yib. &#8220;Herceptin&#8221; d\u0259rman\u0131 2014-c\u00fc ild\u0259n g\u0259lmir. X\u0259st\u0259l\u0259r \u00f6zl\u0259ri al\u0131r. H\u0259kiml\u0259r resept yazanda x\u0259st\u0259y\u0259 deyir ki, bax bel\u0259 bir d\u0259rman var, ala bil\u0259c\u0259ks\u0259n? Onlar raz\u0131la\u015f\u0131rlar, amma iki-\u00fc\u00e7 d\u0259f\u0259d\u0259n sonra ala bilmirl\u0259r. Bunu el\u0259 zaman\u0131nda dem\u0259k laz\u0131md\u0131r&#8221;.<\/p>\n\n\n\n<p>&#8220;H\u0259kiml\u0259r d\u0259 bilir ki, o d\u0259rman \u00f6lk\u0259d\u0259 yoxdur. D\u0259rmanlar\u0131n is\u0259 \u00f6lk\u0259y\u0259 g\u0259tirilm\u0259si m\u0259nim i\u015fim deyil. T\u0259k &#8220;Hercept&#8221; in deyil, el\u0259 bahal\u0131 d\u0259rmanlar \u00e7oxdur. \u0130ndi kim g\u0259tirir, hardan al\u0131n\u0131r \u2013 bu, bizim i\u015f deyil. X\u0259st\u0259l\u0259r m\u0259rk\u0259zd\u0259 monitora bax\u0131b g\u00f6r\u0259 bilirl\u0259r ki, hans\u0131 d\u0259rman var, hans\u0131 yoxdur. Burada ba\u015fl\u0131ca problem x\u0259st\u0259l\u0259rin vaxt\u0131nda m\u00fcayin\u0259 olunmamas\u0131d\u0131r. D\u0259f\u0259l\u0259rl\u0259 deyir\u0259m ki, vaxt\u0131nda m\u00fcayin\u0259 olunun. Onkologiya indi art\u0131q g\u00fcn\u00fcn deyil, saat\u0131n problemidir. 30-45 ilin onkoloji x\u0259st\u0259l\u0259ri var ki, d\u00fczg\u00fcn m\u00fcalic\u0259 il\u0259 \u00f6mr\u00fc uzad\u0131r. Bilirsiniz niy\u0259? \u00c7\u00fcnki m\u0259suliyy\u0259tlidirl\u0259r. Amma h\u0259mi\u015f\u0259 d\u0259 deyir\u0259m ki, kimin imkan\u0131 yoxdursa, \u00f6lm\u0259li deyil&#8221;.<\/p>\n","protected":false},"excerpt":{"rendered":"<p>&#8220;D\u00f6vl\u0259t x\u0259st\u0259xanas\u0131nda pulsuz m\u00fcayin\u0259l\u0259r\u0259, m\u00fcalic\u0259l\u0259r\u0259 qiym\u0259t qoyulub&#8221; 44 ya\u015fl\u0131 Ucar &#8230; <\/p>\n<p class=\"read-more-container\"><a title=\"M\u00fcharib\u0259 veteran\u0131 x\u0259r\u00e7\u0259ngd\u0259n \u0259ziyy\u0259t \u00e7\u0259k\u0259n anas\u0131na k\u00f6m\u0259k ist\u0259yir\" class=\"read-more button\" href=\"https:\/\/www.meydan.tv\/az\/article\/muharibe-veterani-xercengden-eziyyet-ceken-anasina-komek-isteyir\/#more-266254\" aria-label=\"Read more about M\u00fcharib\u0259 veteran\u0131 x\u0259r\u00e7\u0259ngd\u0259n \u0259ziyy\u0259t \u00e7\u0259k\u0259n anas\u0131na k\u00f6m\u0259k ist\u0259yir\">Davam\u0131<\/a><\/p>\n","protected":false},"author":8,"featured_media":266238,"comment_status":"closed","ping_status":"closed","sticky":false,"template":"","format":"standard","meta":{"_acf_changed":false,"_sitemap_exclude":false,"_sitemap_priority":"","_sitemap_frequency":"","footnotes":""},"categories":[60,56],"tags":[],"class_list":["post-266254","post","type-post","status-publish","format-standard","has-post-thumbnail","hentry","category-bolge","category-xeberler","infinite-scroll-item","generate-columns","tablet-grid-50","mobile-grid-100","grid-parent","grid-33","no-featured-image-padding"],"acf":[],"yoast_head":"<!-- This site is optimized with the Yoast SEO plugin v27.5 - https:\/\/yoast.com\/product\/yoast-seo-wordpress\/ -->\n<title>M\u00fcharib\u0259 veteran\u0131 x\u0259r\u00e7\u0259ngd\u0259n \u0259ziyy\u0259t \u00e7\u0259k\u0259n anas\u0131na k\u00f6m\u0259k ist\u0259yir - MEYDAN.TV<\/title>\n<meta name=\"robots\" content=\"index, follow, max-snippet:-1, max-image-preview:large, max-video-preview:-1\" \/>\n<link rel=\"canonical\" href=\"https:\/\/www.meydan.tv\/az\/article\/muharibe-veterani-xercengden-eziyyet-ceken-anasina-komek-isteyir\/\" \/>\n<meta property=\"og:locale\" content=\"az_AZ\" \/>\n<meta property=\"og:type\" content=\"article\" \/>\n<meta property=\"og:title\" content=\"M\u00fcharib\u0259 veteran\u0131 x\u0259r\u00e7\u0259ngd\u0259n \u0259ziyy\u0259t \u00e7\u0259k\u0259n anas\u0131na k\u00f6m\u0259k ist\u0259yir - MEYDAN.TV\" \/>\n<meta property=\"og:description\" content=\"&#8220;D\u00f6vl\u0259t x\u0259st\u0259xanas\u0131nda pulsuz m\u00fcayin\u0259l\u0259r\u0259, m\u00fcalic\u0259l\u0259r\u0259 qiym\u0259t qoyulub&#8221; 44 ya\u015fl\u0131 Ucar ... Davam\u0131\" \/>\n<meta property=\"og:url\" content=\"https:\/\/www.meydan.tv\/az\/article\/muharibe-veterani-xercengden-eziyyet-ceken-anasina-komek-isteyir\/\" \/>\n<meta property=\"og:site_name\" content=\"MEYDAN.TV\" \/>\n<meta property=\"article:published_time\" content=\"2023-01-19T11:53:50+00:00\" \/>\n<meta property=\"article:modified_time\" content=\"2023-01-19T11:53:52+00:00\" \/>\n<meta property=\"og:image\" content=\"https:\/\/www.meydan.tv\/wp-content\/uploads\/img-20230103-wa0156.jpg\" \/>\n\t<meta property=\"og:image:width\" content=\"1200\" \/>\n\t<meta property=\"og:image:height\" content=\"553\" \/>\n\t<meta property=\"og:image:type\" content=\"image\/jpeg\" \/>\n<meta name=\"author\" content=\"elli\" \/>\n<meta name=\"twitter:card\" content=\"summary_large_image\" \/>\n<meta name=\"twitter:creator\" content=\"@elli\" \/>\n<script type=\"application\/ld+json\" class=\"yoast-schema-graph\">{\"@context\":\"https:\\\/\\\/schema.org\",\"@graph\":[{\"@type\":\"Article\",\"@id\":\"https:\\\/\\\/www.meydan.tv\\\/az\\\/article\\\/muharibe-veterani-xercengden-eziyyet-ceken-anasina-komek-isteyir\\\/#article\",\"isPartOf\":{\"@id\":\"https:\\\/\\\/www.meydan.tv\\\/az\\\/article\\\/muharibe-veterani-xercengden-eziyyet-ceken-anasina-komek-isteyir\\\/\"},\"author\":{\"name\":\"elli\",\"@id\":\"https:\\\/\\\/www.meydan.tv\\\/az\\\/#\\\/schema\\\/person\\\/9cdbecf90d17180ce1dfbd95b08dcf47\"},\"headline\":\"M\u00fcharib\u0259 veteran\u0131 x\u0259r\u00e7\u0259ngd\u0259n \u0259ziyy\u0259t \u00e7\u0259k\u0259n anas\u0131na k\u00f6m\u0259k ist\u0259yir\",\"datePublished\":\"2023-01-19T11:53:50+00:00\",\"dateModified\":\"2023-01-19T11:53:52+00:00\",\"mainEntityOfPage\":{\"@id\":\"https:\\\/\\\/www.meydan.tv\\\/az\\\/article\\\/muharibe-veterani-xercengden-eziyyet-ceken-anasina-komek-isteyir\\\/\"},\"wordCount\":1833,\"publisher\":{\"@id\":\"https:\\\/\\\/www.meydan.tv\\\/az\\\/#organization\"},\"image\":{\"@id\":\"https:\\\/\\\/www.meydan.tv\\\/az\\\/article\\\/muharibe-veterani-xercengden-eziyyet-ceken-anasina-komek-isteyir\\\/#primaryimage\"},\"thumbnailUrl\":\"https:\\\/\\\/www.meydan.tv\\\/wp-content\\\/uploads\\\/img-20230103-wa0156.jpg\",\"articleSection\":[\"B\u00f6lg\u0259\",\"X\u0259b\u0259rl\u0259r\"],\"inLanguage\":\"az\"},{\"@type\":\"WebPage\",\"@id\":\"https:\\\/\\\/www.meydan.tv\\\/az\\\/article\\\/muharibe-veterani-xercengden-eziyyet-ceken-anasina-komek-isteyir\\\/\",\"url\":\"https:\\\/\\\/www.meydan.tv\\\/az\\\/article\\\/muharibe-veterani-xercengden-eziyyet-ceken-anasina-komek-isteyir\\\/\",\"name\":\"M\u00fcharib\u0259 veteran\u0131 x\u0259r\u00e7\u0259ngd\u0259n \u0259ziyy\u0259t \u00e7\u0259k\u0259n anas\u0131na k\u00f6m\u0259k ist\u0259yir - MEYDAN.TV\",\"isPartOf\":{\"@id\":\"https:\\\/\\\/www.meydan.tv\\\/az\\\/#website\"},\"primaryImageOfPage\":{\"@id\":\"https:\\\/\\\/www.meydan.tv\\\/az\\\/article\\\/muharibe-veterani-xercengden-eziyyet-ceken-anasina-komek-isteyir\\\/#primaryimage\"},\"image\":{\"@id\":\"https:\\\/\\\/www.meydan.tv\\\/az\\\/article\\\/muharibe-veterani-xercengden-eziyyet-ceken-anasina-komek-isteyir\\\/#primaryimage\"},\"thumbnailUrl\":\"https:\\\/\\\/www.meydan.tv\\\/wp-content\\\/uploads\\\/img-20230103-wa0156.jpg\",\"datePublished\":\"2023-01-19T11:53:50+00:00\",\"dateModified\":\"2023-01-19T11:53:52+00:00\",\"breadcrumb\":{\"@id\":\"https:\\\/\\\/www.meydan.tv\\\/az\\\/article\\\/muharibe-veterani-xercengden-eziyyet-ceken-anasina-komek-isteyir\\\/#breadcrumb\"},\"inLanguage\":\"az\",\"potentialAction\":[{\"@type\":\"ReadAction\",\"target\":[\"https:\\\/\\\/www.meydan.tv\\\/az\\\/article\\\/muharibe-veterani-xercengden-eziyyet-ceken-anasina-komek-isteyir\\\/\"]}]},{\"@type\":\"ImageObject\",\"inLanguage\":\"az\",\"@id\":\"https:\\\/\\\/www.meydan.tv\\\/az\\\/article\\\/muharibe-veterani-xercengden-eziyyet-ceken-anasina-komek-isteyir\\\/#primaryimage\",\"url\":\"https:\\\/\\\/www.meydan.tv\\\/wp-content\\\/uploads\\\/img-20230103-wa0156.jpg\",\"contentUrl\":\"https:\\\/\\\/www.meydan.tv\\\/wp-content\\\/uploads\\\/img-20230103-wa0156.jpg\",\"width\":1200,\"height\":553,\"caption\":\"Aynur Balo\u011flanova. Fotolar: Meydan TV\"},{\"@type\":\"BreadcrumbList\",\"@id\":\"https:\\\/\\\/www.meydan.tv\\\/az\\\/article\\\/muharibe-veterani-xercengden-eziyyet-ceken-anasina-komek-isteyir\\\/#breadcrumb\",\"itemListElement\":[{\"@type\":\"ListItem\",\"position\":1,\"name\":\"Ana s\u0259hif\u0259\",\"item\":\"https:\\\/\\\/www.meydan.tv\\\/az\\\/\"},{\"@type\":\"ListItem\",\"position\":2,\"name\":\"B\u00f6lg\u0259\",\"item\":\"https:\\\/\\\/www.meydan.tv\\\/az\\\/section\\\/bolge\\\/\"},{\"@type\":\"ListItem\",\"position\":3,\"name\":\"M\u00fcharib\u0259 veteran\u0131 x\u0259r\u00e7\u0259ngd\u0259n \u0259ziyy\u0259t \u00e7\u0259k\u0259n anas\u0131na k\u00f6m\u0259k ist\u0259yir\"}]},{\"@type\":\"WebSite\",\"@id\":\"https:\\\/\\\/www.meydan.tv\\\/az\\\/#website\",\"url\":\"https:\\\/\\\/www.meydan.tv\\\/az\\\/\",\"name\":\"MEYDAN.TV\",\"description\":\"Meydan TV Az\u0259rbaycan\u0131n media m\u0259kan\u0131ndak\u0131 alternativ s\u0259sidir\",\"publisher\":{\"@id\":\"https:\\\/\\\/www.meydan.tv\\\/az\\\/#organization\"},\"potentialAction\":[{\"@type\":\"SearchAction\",\"target\":{\"@type\":\"EntryPoint\",\"urlTemplate\":\"https:\\\/\\\/www.meydan.tv\\\/az\\\/?s={search_term_string}\"},\"query-input\":{\"@type\":\"PropertyValueSpecification\",\"valueRequired\":true,\"valueName\":\"search_term_string\"}}],\"inLanguage\":\"az\"},{\"@type\":\"Organization\",\"@id\":\"https:\\\/\\\/www.meydan.tv\\\/az\\\/#organization\",\"name\":\"Meydan TV\",\"url\":\"https:\\\/\\\/www.meydan.tv\\\/az\\\/\",\"logo\":{\"@type\":\"ImageObject\",\"inLanguage\":\"az\",\"@id\":\"https:\\\/\\\/www.meydan.tv\\\/az\\\/#\\\/schema\\\/logo\\\/image\\\/\",\"url\":\"https:\\\/\\\/www.meydan.tv\\\/wp-content\\\/uploads\\\/2021\\\/07\\\/meydan-logo.svg\",\"contentUrl\":\"https:\\\/\\\/www.meydan.tv\\\/wp-content\\\/uploads\\\/2021\\\/07\\\/meydan-logo.svg\",\"width\":195,\"height\":46,\"caption\":\"Meydan TV\"},\"image\":{\"@id\":\"https:\\\/\\\/www.meydan.tv\\\/az\\\/#\\\/schema\\\/logo\\\/image\\\/\"}},{\"@type\":\"Person\",\"@id\":\"https:\\\/\\\/www.meydan.tv\\\/az\\\/#\\\/schema\\\/person\\\/9cdbecf90d17180ce1dfbd95b08dcf47\",\"name\":\"elli\",\"sameAs\":[\"https:\\\/\\\/x.com\\\/elli\"]}]}<\/script>\n<!-- \/ Yoast SEO plugin. -->","yoast_head_json":{"title":"M\u00fcharib\u0259 veteran\u0131 x\u0259r\u00e7\u0259ngd\u0259n \u0259ziyy\u0259t \u00e7\u0259k\u0259n anas\u0131na k\u00f6m\u0259k ist\u0259yir - MEYDAN.TV","robots":{"index":"index","follow":"follow","max-snippet":"max-snippet:-1","max-image-preview":"max-image-preview:large","max-video-preview":"max-video-preview:-1"},"canonical":"https:\/\/www.meydan.tv\/az\/article\/muharibe-veterani-xercengden-eziyyet-ceken-anasina-komek-isteyir\/","og_locale":"az_AZ","og_type":"article","og_title":"M\u00fcharib\u0259 veteran\u0131 x\u0259r\u00e7\u0259ngd\u0259n \u0259ziyy\u0259t \u00e7\u0259k\u0259n anas\u0131na k\u00f6m\u0259k ist\u0259yir - MEYDAN.TV","og_description":"&#8220;D\u00f6vl\u0259t x\u0259st\u0259xanas\u0131nda pulsuz m\u00fcayin\u0259l\u0259r\u0259, m\u00fcalic\u0259l\u0259r\u0259 qiym\u0259t qoyulub&#8221; 44 ya\u015fl\u0131 Ucar ... Davam\u0131","og_url":"https:\/\/www.meydan.tv\/az\/article\/muharibe-veterani-xercengden-eziyyet-ceken-anasina-komek-isteyir\/","og_site_name":"MEYDAN.TV","article_published_time":"2023-01-19T11:53:50+00:00","article_modified_time":"2023-01-19T11:53:52+00:00","og_image":[{"width":1200,"height":553,"url":"https:\/\/www.meydan.tv\/wp-content\/uploads\/img-20230103-wa0156.jpg","type":"image\/jpeg"}],"author":"elli","twitter_card":"summary_large_image","twitter_creator":"@elli","schema":{"@context":"https:\/\/schema.org","@graph":[{"@type":"Article","@id":"https:\/\/www.meydan.tv\/az\/article\/muharibe-veterani-xercengden-eziyyet-ceken-anasina-komek-isteyir\/#article","isPartOf":{"@id":"https:\/\/www.meydan.tv\/az\/article\/muharibe-veterani-xercengden-eziyyet-ceken-anasina-komek-isteyir\/"},"author":{"name":"elli","@id":"https:\/\/www.meydan.tv\/az\/#\/schema\/person\/9cdbecf90d17180ce1dfbd95b08dcf47"},"headline":"M\u00fcharib\u0259 veteran\u0131 x\u0259r\u00e7\u0259ngd\u0259n \u0259ziyy\u0259t \u00e7\u0259k\u0259n anas\u0131na k\u00f6m\u0259k ist\u0259yir","datePublished":"2023-01-19T11:53:50+00:00","dateModified":"2023-01-19T11:53:52+00:00","mainEntityOfPage":{"@id":"https:\/\/www.meydan.tv\/az\/article\/muharibe-veterani-xercengden-eziyyet-ceken-anasina-komek-isteyir\/"},"wordCount":1833,"publisher":{"@id":"https:\/\/www.meydan.tv\/az\/#organization"},"image":{"@id":"https:\/\/www.meydan.tv\/az\/article\/muharibe-veterani-xercengden-eziyyet-ceken-anasina-komek-isteyir\/#primaryimage"},"thumbnailUrl":"https:\/\/www.meydan.tv\/wp-content\/uploads\/img-20230103-wa0156.jpg","articleSection":["B\u00f6lg\u0259","X\u0259b\u0259rl\u0259r"],"inLanguage":"az"},{"@type":"WebPage","@id":"https:\/\/www.meydan.tv\/az\/article\/muharibe-veterani-xercengden-eziyyet-ceken-anasina-komek-isteyir\/","url":"https:\/\/www.meydan.tv\/az\/article\/muharibe-veterani-xercengden-eziyyet-ceken-anasina-komek-isteyir\/","name":"M\u00fcharib\u0259 veteran\u0131 x\u0259r\u00e7\u0259ngd\u0259n \u0259ziyy\u0259t \u00e7\u0259k\u0259n anas\u0131na k\u00f6m\u0259k ist\u0259yir - MEYDAN.TV","isPartOf":{"@id":"https:\/\/www.meydan.tv\/az\/#website"},"primaryImageOfPage":{"@id":"https:\/\/www.meydan.tv\/az\/article\/muharibe-veterani-xercengden-eziyyet-ceken-anasina-komek-isteyir\/#primaryimage"},"image":{"@id":"https:\/\/www.meydan.tv\/az\/article\/muharibe-veterani-xercengden-eziyyet-ceken-anasina-komek-isteyir\/#primaryimage"},"thumbnailUrl":"https:\/\/www.meydan.tv\/wp-content\/uploads\/img-20230103-wa0156.jpg","datePublished":"2023-01-19T11:53:50+00:00","dateModified":"2023-01-19T11:53:52+00:00","breadcrumb":{"@id":"https:\/\/www.meydan.tv\/az\/article\/muharibe-veterani-xercengden-eziyyet-ceken-anasina-komek-isteyir\/#breadcrumb"},"inLanguage":"az","potentialAction":[{"@type":"ReadAction","target":["https:\/\/www.meydan.tv\/az\/article\/muharibe-veterani-xercengden-eziyyet-ceken-anasina-komek-isteyir\/"]}]},{"@type":"ImageObject","inLanguage":"az","@id":"https:\/\/www.meydan.tv\/az\/article\/muharibe-veterani-xercengden-eziyyet-ceken-anasina-komek-isteyir\/#primaryimage","url":"https:\/\/www.meydan.tv\/wp-content\/uploads\/img-20230103-wa0156.jpg","contentUrl":"https:\/\/www.meydan.tv\/wp-content\/uploads\/img-20230103-wa0156.jpg","width":1200,"height":553,"caption":"Aynur Balo\u011flanova. Fotolar: Meydan TV"},{"@type":"BreadcrumbList","@id":"https:\/\/www.meydan.tv\/az\/article\/muharibe-veterani-xercengden-eziyyet-ceken-anasina-komek-isteyir\/#breadcrumb","itemListElement":[{"@type":"ListItem","position":1,"name":"Ana s\u0259hif\u0259","item":"https:\/\/www.meydan.tv\/az\/"},{"@type":"ListItem","position":2,"name":"B\u00f6lg\u0259","item":"https:\/\/www.meydan.tv\/az\/section\/bolge\/"},{"@type":"ListItem","position":3,"name":"M\u00fcharib\u0259 veteran\u0131 x\u0259r\u00e7\u0259ngd\u0259n \u0259ziyy\u0259t \u00e7\u0259k\u0259n anas\u0131na k\u00f6m\u0259k ist\u0259yir"}]},{"@type":"WebSite","@id":"https:\/\/www.meydan.tv\/az\/#website","url":"https:\/\/www.meydan.tv\/az\/","name":"MEYDAN.TV","description":"Meydan TV Az\u0259rbaycan\u0131n media m\u0259kan\u0131ndak\u0131 alternativ s\u0259sidir","publisher":{"@id":"https:\/\/www.meydan.tv\/az\/#organization"},"potentialAction":[{"@type":"SearchAction","target":{"@type":"EntryPoint","urlTemplate":"https:\/\/www.meydan.tv\/az\/?s={search_term_string}"},"query-input":{"@type":"PropertyValueSpecification","valueRequired":true,"valueName":"search_term_string"}}],"inLanguage":"az"},{"@type":"Organization","@id":"https:\/\/www.meydan.tv\/az\/#organization","name":"Meydan TV","url":"https:\/\/www.meydan.tv\/az\/","logo":{"@type":"ImageObject","inLanguage":"az","@id":"https:\/\/www.meydan.tv\/az\/#\/schema\/logo\/image\/","url":"https:\/\/www.meydan.tv\/wp-content\/uploads\/2021\/07\/meydan-logo.svg","contentUrl":"https:\/\/www.meydan.tv\/wp-content\/uploads\/2021\/07\/meydan-logo.svg","width":195,"height":46,"caption":"Meydan TV"},"image":{"@id":"https:\/\/www.meydan.tv\/az\/#\/schema\/logo\/image\/"}},{"@type":"Person","@id":"https:\/\/www.meydan.tv\/az\/#\/schema\/person\/9cdbecf90d17180ce1dfbd95b08dcf47","name":"elli","sameAs":["https:\/\/x.com\/elli"]}]}},"_links":{"self":[{"href":"https:\/\/www.meydan.tv\/az\/wp-json\/wp\/v2\/posts\/266254","targetHints":{"allow":["GET"]}}],"collection":[{"href":"https:\/\/www.meydan.tv\/az\/wp-json\/wp\/v2\/posts"}],"about":[{"href":"https:\/\/www.meydan.tv\/az\/wp-json\/wp\/v2\/types\/post"}],"author":[{"embeddable":true,"href":"https:\/\/www.meydan.tv\/az\/wp-json\/wp\/v2\/users\/8"}],"replies":[{"embeddable":true,"href":"https:\/\/www.meydan.tv\/az\/wp-json\/wp\/v2\/comments?post=266254"}],"version-history":[{"count":1,"href":"https:\/\/www.meydan.tv\/az\/wp-json\/wp\/v2\/posts\/266254\/revisions"}],"predecessor-version":[{"id":266262,"href":"https:\/\/www.meydan.tv\/az\/wp-json\/wp\/v2\/posts\/266254\/revisions\/266262"}],"wp:featuredmedia":[{"embeddable":true,"href":"https:\/\/www.meydan.tv\/az\/wp-json\/wp\/v2\/media\/266238"}],"wp:attachment":[{"href":"https:\/\/www.meydan.tv\/az\/wp-json\/wp\/v2\/media?parent=266254"}],"wp:term":[{"taxonomy":"category","embeddable":true,"href":"https:\/\/www.meydan.tv\/az\/wp-json\/wp\/v2\/categories?post=266254"},{"taxonomy":"post_tag","embeddable":true,"href":"https:\/\/www.meydan.tv\/az\/wp-json\/wp\/v2\/tags?post=266254"}],"curies":[{"name":"wp","href":"https:\/\/api.w.org\/{rel}","templated":true}]}}