{"id":266231,"date":"2023-01-19T15:28:34","date_gmt":"2023-01-19T11:28:34","guid":{"rendered":"https:\/\/www.meydan.tv\/?p=266231"},"modified":"2023-01-19T15:28:36","modified_gmt":"2023-01-19T11:28:36","slug":"haciqabulun-kendlerinden-sikayet-acinacaqli-heyat-sururuk","status":"publish","type":"post","link":"https:\/\/www.meydan.tv\/az\/article\/haciqabulun-kendlerinden-sikayet-acinacaqli-heyat-sururuk\/","title":{"rendered":"Hac\u0131qabulun k\u0259ndl\u0259rind\u0259n \u015fikay\u0259t: \u201cAc\u0131nacaql\u0131 h\u0259yat s\u00fcr\u00fcr\u00fck\u201d"},"content":{"rendered":"\n<p><\/p>\n\n\n\n<p> <em>\u0130cra hakimiyy\u0259ti deyir, yax\u0131n vaxtlarda probleml\u0259r h\u0259llini tapacaq<\/em><\/p>\n\n\n\n<p>\u201cK\u0259ndimiz pis g\u00fcnd\u0259dir, yol yox, su yox, k\u00f6rp\u00fc yox&#8230; \u0130ki ildir ki, guya n\u0259s\u0259 etm\u0259y\u0259 \u00e7al\u0131\u015f\u0131rlar, g\u00f6r\u00fcnt\u00fc \u00fc\u00e7\u00fcn g\u0259tirib ortal\u0131\u011fa torpaqdan, d\u0259mird\u0259n at\u0131blar, ancaq h\u0259r\u0259k\u0259t yoxdur. Reall\u0131q odur ki, biz h\u0259l\u0259 d\u0259 \u0259ziyy\u0259t \u00e7\u0259km\u0259kd\u0259 davam edirik\u201d.<\/p>\n\n\n\n<p>Hac\u0131qabul rayonunun k\u0259ndl\u0259rind\u0259n \u015fikay\u0259t var. \u0130kinci Udullu k\u0259ndinin sakinl\u0259ri k\u0259ndd\u0259 tibb m\u0259nt\u0259q\u0259sinin, yolun v\u0259 suyun olmamas\u0131ndan, Tal\u0131\u015f k\u0259ndinin sakinl\u0259ris\u0259 k\u0259ndi\u00e7i yollar\u0131n b\u0259rbadl\u0131\u011f\u0131ndan gileyl\u0259nirl\u0259r. \u0130kinci Udulluda ya\u015fayan Ruhiyy\u0259 S\u0259m\u0259dova deyir, bu k\u0259ndd\u0259 adamlar \u00e7\u0131x\u0131\u015f yolunu evini sat\u0131b, paytaxta k\u00f6\u00e7m\u0259kd\u0259 g\u00f6r\u00fcr:<\/p>\n\n\n\n<p>\u201cAdamlar bezib, \u00e7oxu evini sat\u0131\u015fa qoyub. Ham\u0131 be\u015f g\u00fcn d\u0259 insan kimi ya\u015famaq ist\u0259yir. Bu, h\u0259r bir insan\u0131n t\u0259bii arzusudur. Heyvan tap\u0131r\u0131q, yem tapm\u0131r\u0131q, nar sat\u0131b dolan\u0131r\u0131q, a\u011fac\u0131 suvarma\u011fa ilin \u00e7ox vaxt\u0131 da su tapm\u0131r\u0131q. A\u011faclar\u0131m\u0131z quruyur. Adamlara i\u015f verilsin, k\u0259ndin cavanlar\u0131n\u0131n karxanada da\u015f y\u00fckl\u0259m\u0259kd\u0259n beli b\u00fck\u00fcl\u00fcb. N\u0259 q\u0259d\u0259r g\u0259ncimiz m\u00fcharib\u0259d\u0259 \u015f\u0259hid oldu. Bunlar da sabah\u0131n, birig\u00fcn\u00fcn \u015f\u0259hidl\u0259ridir, d\u00f6vl\u0259t bunlar\u0131n belini niy\u0259 q\u0131r\u0131r burda? Niy\u0259 i\u015f vermir insanlara?\u201d.<\/p>\n\n\n\n<p>Sakinl\u0259r d\u00fc\u015f\u00fcn\u00fcrl\u0259r ki, yax\u0131nl\u0131qdak\u0131 K\u00fcr \u00e7ay\u0131ndan k\u0259nd\u0259 su \u00e7\u0259kils\u0259, su problemi h\u0259ll edil\u0259r:<\/p>\n\n\n\n<p>\u201cMay ay\u0131 g\u0259l\u0259nd\u0259 k\u0259ndd\u0259 su qeyb\u0259 \u00e7\u0259kilir. H\u0259y\u0259tl\u0259rimiz\u0259 su \u00e7\u0259kilsin, camaat susuzluqdan \u0259ziyy\u0259t \u00e7\u0259km\u0259sin. K\u00fcr b\u00f6yr\u00fcm\u00fczd\u0259n ke\u00e7ir, ordan \u00e7\u0259ksinl\u0259r. Yolu d\u00fcz\u0259ltsinl\u0259r. Birini sanc\u0131 tutanda \u00fcst\u00fcn\u0259 qa\u00e7ma\u011fa bir h\u0259kim m\u0259nt\u0259q\u0259miz olsun. Sovet vaxt\u0131 bunlar ham\u0131s\u0131 vard\u0131. Xaraba yollarla x\u0259st\u0259ni rayon m\u0259rk\u0259zin\u0259 apar\u0131nca \u0259limizd\u0259 ke\u00e7inir\u201d.<\/p>\n\n\n<div class=\"wp-block-image\">\n<figure class=\"aligncenter size-large\"><img decoding=\"async\" width=\"1200\" height=\"674\" data-src=\"https:\/\/www.meydan.tv\/wp-content\/uploads\/photo-2023-01-19-15-06-23-1-1200x674.jpg\" alt=\"\" class=\"wp-image-266225 lazyload\" src=\"data:image\/svg+xml;base64,PHN2ZyB3aWR0aD0iMSIgaGVpZ2h0PSIxIiB4bWxucz0iaHR0cDovL3d3dy53My5vcmcvMjAwMC9zdmciPjwvc3ZnPg==\" style=\"--smush-placeholder-width: 1200px; --smush-placeholder-aspect-ratio: 1200\/674;\" \/><\/figure>\n<\/div>\n\n\n<p>\u018fli H\u00fcseynovsa Tal\u0131\u015f k\u0259ndinin sakinidir. Onun s\u00f6zl\u0259rin\u0259 g\u00f6r\u0259, k\u0259ndi\u00e7i yollar o q\u0259d\u0259r b\u0259rbadd\u0131r ki, ya\u011f\u0131\u015f ya\u011fanda evd\u0259n \u00e7\u00f6l\u0259 \u00e7\u0131xmaq m\u00fcmk\u00fcn olmur. Son bir ne\u00e7\u0259 g\u00fcnd\u0259 ya\u011fan ya\u011f\u0131\u015f yollar\u0131 daha da ke\u00e7ilm\u0259z edib.<\/p>\n\n\n\n<p>\u201cU\u015faqlar\u0131 pal\u00e7\u0131\u011f\u0131n-z\u0131\u011f\u0131n i\u00e7ind\u0259 b\u00f6y\u00fctm\u0259kd\u0259n bezmi\u015fik. M\u0259kt\u0259b\u0259 g\u00f6nd\u0259r\u0259 bilmirik, pal\u00e7\u0131q dizd\u0259ndir. Ayaqqab\u0131 almaqdan yorulmu\u015fuq, yollar\u0131m\u0131za ayaqqab\u0131 da davam g\u0259tirmir\u201d.<\/p>\n\n\n\n<p>Sakinl\u0259r deyir, k\u0259ndin yay\u0131 da, q\u0131\u015f\u0131 da z\u00fclm i\u00e7\u0259risind\u0259 ke\u00e7ir:<\/p>\n\n\n\n<p>\u201cYay\u0131 bir z\u00fclmd\u00fcr, q\u0131\u015f\u0131 ba\u015fqa z\u00fclm&#8230; Hara m\u00fcraci\u0259t ediriks\u0259, deyirl\u0259r, b\u0259l\u0259diyy\u0259nin i\u015fidir, gedirik b\u0259l\u0259diyy\u0259y\u0259, deyir, fondda pul yoxdur. Bir d\u0259f\u0259 ya\u011f\u0131\u015f ya\u011fd\u0131sa, sonra g\u00fcnl\u0259rl\u0259 pal\u00e7\u0131ql\u0131 su ortal\u0131qdan \u00e7\u0259kilmir. Ham\u0131n\u0131n uzunbo\u011faz, rezin \u00e7\u0259km\u0259si var, aya\u011f\u0131m\u0131za sellofan ba\u011flay\u0131b, o \u00e7\u0259km\u0259ni geyinirik. N\u0259 vaxtad\u0259k bel\u0259 davam ed\u0259c\u0259k? Biz d\u0259 insan kimi ya\u015famaq ist\u0259yirik ax\u0131&#8230;\u201d.<\/p>\n\n\n\n<p>K\u0259nd sakini S\u0259bin\u0259 H\u00fcseynova is\u0259 deyir, y\u0131\u011f\u0131\u015f\u0131b \u00f6z maliyy\u0259 hesablar\u0131na bir ne\u00e7\u0259 d\u0259f\u0259 yolu alayar\u0131m\u00e7\u0131q d\u00fcz\u0259ltm\u0259y\u0259 \u00e7al\u0131\u015f\u0131blar:<\/p>\n\n\n\n<p>\u201cKas\u0131b k\u0259nddir. He\u00e7 \u00e7\u00f6r\u0259y\u0259 pul \u00e7atd\u0131rm\u0131r\u0131q, o ki qala yollar\u0131 d\u00fcz\u0259ld\u0259 bil\u0259k&#8230; Ki\u015fil\u0259rimiz gedib rayonda g\u00fcn\u0259muzd bir i\u015f tap\u0131b, 3-5 manat qazan\u0131b g\u0259lirl\u0259r. Bir d\u0259 k\u0259ndin yolunu, i\u015f\u0131\u011f\u0131n\u0131, suyunu dz\u0259ltm\u0259liyik? Ax\u0131 bildiyimiz q\u0259d\u0259r, d\u00f6vl\u0259t bu i\u015fl\u0259r\u0259 pul ay\u0131r\u0131r. Ancaq biz\u0259 k\u0259ndimiz\u0259 x\u0259rcl\u0259nmi\u015f pullar\u0131n hesabat\u0131n\u0131 ver\u0259n yoxdur. \u00c7\u00fcnki reall\u0131qda k\u0259ndimiz \u00fc\u00e7\u00fcn he\u00e7 bir m\u0259mur he\u00e7 n\u0259 etmir\u201d.<\/p>\n\n\n\n<p>Hac\u0131qabul Rayon \u0130cra Hakimiyy\u0259tind\u0259n bildirilib ki, Udullu \u0130nzibati \u018frazi Dair\u0259sind\u0259n ke\u00e7\u0259n \u00e7ay sular\u0131 ad\u0259t\u0259n yay aylar\u0131nda m\u00f6vs\u00fcml\u0259 \u0259laq\u0259dar quruyur. Haz\u0131rda k\u0259ndd\u0259 su var. K\u0259ndl\u0259r\u0259 yol \u00e7\u0259kili\u015fi d\u0259 n\u0259z\u0259rd\u0259 tutulub v\u0259 bu istiqam\u0259td\u0259 i\u015fl\u0259r apar\u0131l\u0131r. Dig\u0259r probleml\u0259rin d\u0259 h\u0259ll olunmas\u0131 m\u0259rh\u0259l\u0259li qaydada planla\u015fd\u0131r\u0131l\u0131r. Tal\u0131\u015f k\u0259ndind\u0259ki daxili yollar\u0131n t\u0259miriyl\u0259 is\u0259 k\u0259nd b\u0259l\u0259diyy\u0259si m\u0259\u015f\u011ful olmal\u0131d\u0131r. V\u0259t\u0259nda\u015flardan g\u0259l\u0259n \u015fikay\u0259tl\u0259r b\u0259l\u0259diyy\u0259y\u0259 y\u00f6nl\u0259ndirilir. B\u0259l\u0259diyy\u0259nin fondunda is\u0259 pul yoxdur.<\/p>\n","protected":false},"excerpt":{"rendered":"<p>\u0130cra hakimiyy\u0259ti deyir, yax\u0131n vaxtlarda probleml\u0259r h\u0259llini tapacaq \u201cK\u0259ndimiz pis &#8230; <\/p>\n<p class=\"read-more-container\"><a title=\"Hac\u0131qabulun k\u0259ndl\u0259rind\u0259n \u015fikay\u0259t: \u201cAc\u0131nacaql\u0131 h\u0259yat s\u00fcr\u00fcr\u00fck\u201d\" class=\"read-more button\" href=\"https:\/\/www.meydan.tv\/az\/article\/haciqabulun-kendlerinden-sikayet-acinacaqli-heyat-sururuk\/#more-266231\" aria-label=\"Read more about Hac\u0131qabulun k\u0259ndl\u0259rind\u0259n \u015fikay\u0259t: \u201cAc\u0131nacaql\u0131 h\u0259yat s\u00fcr\u00fcr\u00fck\u201d\">Davam\u0131<\/a><\/p>\n","protected":false},"author":8,"featured_media":266228,"comment_status":"closed","ping_status":"closed","sticky":false,"template":"","format":"standard","meta":{"_acf_changed":false,"_sitemap_exclude":false,"_sitemap_priority":"","_sitemap_frequency":"","footnotes":""},"categories":[60,79,56],"tags":[],"class_list":["post-266231","post","type-post","status-publish","format-standard","has-post-thumbnail","hentry","category-bolge","category-featured","category-xeberler","infinite-scroll-item","generate-columns","tablet-grid-50","mobile-grid-100","grid-parent","grid-33","no-featured-image-padding"],"acf":[],"yoast_head":"<!-- This site is optimized with the Yoast SEO plugin v27.5 - https:\/\/yoast.com\/product\/yoast-seo-wordpress\/ -->\n<title>Hac\u0131qabulun k\u0259ndl\u0259rind\u0259n \u015fikay\u0259t: \u201cAc\u0131nacaql\u0131 h\u0259yat s\u00fcr\u00fcr\u00fck\u201d - MEYDAN.TV<\/title>\n<meta name=\"robots\" content=\"index, follow, max-snippet:-1, max-image-preview:large, max-video-preview:-1\" \/>\n<link rel=\"canonical\" href=\"https:\/\/www.meydan.tv\/az\/article\/haciqabulun-kendlerinden-sikayet-acinacaqli-heyat-sururuk\/\" \/>\n<meta property=\"og:locale\" content=\"az_AZ\" \/>\n<meta property=\"og:type\" content=\"article\" \/>\n<meta property=\"og:title\" content=\"Hac\u0131qabulun k\u0259ndl\u0259rind\u0259n \u015fikay\u0259t: \u201cAc\u0131nacaql\u0131 h\u0259yat s\u00fcr\u00fcr\u00fck\u201d - MEYDAN.TV\" \/>\n<meta property=\"og:description\" content=\"\u0130cra hakimiyy\u0259ti deyir, yax\u0131n vaxtlarda probleml\u0259r h\u0259llini tapacaq \u201cK\u0259ndimiz pis ... Davam\u0131\" \/>\n<meta property=\"og:url\" content=\"https:\/\/www.meydan.tv\/az\/article\/haciqabulun-kendlerinden-sikayet-acinacaqli-heyat-sururuk\/\" \/>\n<meta property=\"og:site_name\" content=\"MEYDAN.TV\" \/>\n<meta property=\"article:published_time\" content=\"2023-01-19T11:28:34+00:00\" \/>\n<meta property=\"article:modified_time\" content=\"2023-01-19T11:28:36+00:00\" \/>\n<meta property=\"og:image\" content=\"https:\/\/www.meydan.tv\/wp-content\/uploads\/photo-2023-01-19-15-06-23.jpg\" \/>\n\t<meta property=\"og:image:width\" content=\"1280\" \/>\n\t<meta property=\"og:image:height\" content=\"719\" \/>\n\t<meta property=\"og:image:type\" content=\"image\/jpeg\" \/>\n<meta name=\"author\" content=\"elli\" \/>\n<meta name=\"twitter:card\" content=\"summary_large_image\" \/>\n<meta name=\"twitter:creator\" content=\"@elli\" \/>\n<script type=\"application\/ld+json\" class=\"yoast-schema-graph\">{\"@context\":\"https:\\\/\\\/schema.org\",\"@graph\":[{\"@type\":\"Article\",\"@id\":\"https:\\\/\\\/www.meydan.tv\\\/az\\\/article\\\/haciqabulun-kendlerinden-sikayet-acinacaqli-heyat-sururuk\\\/#article\",\"isPartOf\":{\"@id\":\"https:\\\/\\\/www.meydan.tv\\\/az\\\/article\\\/haciqabulun-kendlerinden-sikayet-acinacaqli-heyat-sururuk\\\/\"},\"author\":{\"name\":\"elli\",\"@id\":\"https:\\\/\\\/www.meydan.tv\\\/az\\\/#\\\/schema\\\/person\\\/9cdbecf90d17180ce1dfbd95b08dcf47\"},\"headline\":\"Hac\u0131qabulun k\u0259ndl\u0259rind\u0259n \u015fikay\u0259t: \u201cAc\u0131nacaql\u0131 h\u0259yat s\u00fcr\u00fcr\u00fck\u201d\",\"datePublished\":\"2023-01-19T11:28:34+00:00\",\"dateModified\":\"2023-01-19T11:28:36+00:00\",\"mainEntityOfPage\":{\"@id\":\"https:\\\/\\\/www.meydan.tv\\\/az\\\/article\\\/haciqabulun-kendlerinden-sikayet-acinacaqli-heyat-sururuk\\\/\"},\"wordCount\":800,\"publisher\":{\"@id\":\"https:\\\/\\\/www.meydan.tv\\\/az\\\/#organization\"},\"image\":{\"@id\":\"https:\\\/\\\/www.meydan.tv\\\/az\\\/article\\\/haciqabulun-kendlerinden-sikayet-acinacaqli-heyat-sururuk\\\/#primaryimage\"},\"thumbnailUrl\":\"https:\\\/\\\/www.meydan.tv\\\/wp-content\\\/uploads\\\/photo-2023-01-19-15-06-23.jpg\",\"articleSection\":[\"B\u00f6lg\u0259\",\"T\u00f6vsiy\u0259\",\"X\u0259b\u0259rl\u0259r\"],\"inLanguage\":\"az\"},{\"@type\":\"WebPage\",\"@id\":\"https:\\\/\\\/www.meydan.tv\\\/az\\\/article\\\/haciqabulun-kendlerinden-sikayet-acinacaqli-heyat-sururuk\\\/\",\"url\":\"https:\\\/\\\/www.meydan.tv\\\/az\\\/article\\\/haciqabulun-kendlerinden-sikayet-acinacaqli-heyat-sururuk\\\/\",\"name\":\"Hac\u0131qabulun k\u0259ndl\u0259rind\u0259n \u015fikay\u0259t: \u201cAc\u0131nacaql\u0131 h\u0259yat s\u00fcr\u00fcr\u00fck\u201d - MEYDAN.TV\",\"isPartOf\":{\"@id\":\"https:\\\/\\\/www.meydan.tv\\\/az\\\/#website\"},\"primaryImageOfPage\":{\"@id\":\"https:\\\/\\\/www.meydan.tv\\\/az\\\/article\\\/haciqabulun-kendlerinden-sikayet-acinacaqli-heyat-sururuk\\\/#primaryimage\"},\"image\":{\"@id\":\"https:\\\/\\\/www.meydan.tv\\\/az\\\/article\\\/haciqabulun-kendlerinden-sikayet-acinacaqli-heyat-sururuk\\\/#primaryimage\"},\"thumbnailUrl\":\"https:\\\/\\\/www.meydan.tv\\\/wp-content\\\/uploads\\\/photo-2023-01-19-15-06-23.jpg\",\"datePublished\":\"2023-01-19T11:28:34+00:00\",\"dateModified\":\"2023-01-19T11:28:36+00:00\",\"breadcrumb\":{\"@id\":\"https:\\\/\\\/www.meydan.tv\\\/az\\\/article\\\/haciqabulun-kendlerinden-sikayet-acinacaqli-heyat-sururuk\\\/#breadcrumb\"},\"inLanguage\":\"az\",\"potentialAction\":[{\"@type\":\"ReadAction\",\"target\":[\"https:\\\/\\\/www.meydan.tv\\\/az\\\/article\\\/haciqabulun-kendlerinden-sikayet-acinacaqli-heyat-sururuk\\\/\"]}]},{\"@type\":\"ImageObject\",\"inLanguage\":\"az\",\"@id\":\"https:\\\/\\\/www.meydan.tv\\\/az\\\/article\\\/haciqabulun-kendlerinden-sikayet-acinacaqli-heyat-sururuk\\\/#primaryimage\",\"url\":\"https:\\\/\\\/www.meydan.tv\\\/wp-content\\\/uploads\\\/photo-2023-01-19-15-06-23.jpg\",\"contentUrl\":\"https:\\\/\\\/www.meydan.tv\\\/wp-content\\\/uploads\\\/photo-2023-01-19-15-06-23.jpg\",\"width\":1280,\"height\":719,\"caption\":\"Fotolar: Meydan TV\"},{\"@type\":\"BreadcrumbList\",\"@id\":\"https:\\\/\\\/www.meydan.tv\\\/az\\\/article\\\/haciqabulun-kendlerinden-sikayet-acinacaqli-heyat-sururuk\\\/#breadcrumb\",\"itemListElement\":[{\"@type\":\"ListItem\",\"position\":1,\"name\":\"Ana s\u0259hif\u0259\",\"item\":\"https:\\\/\\\/www.meydan.tv\\\/az\\\/\"},{\"@type\":\"ListItem\",\"position\":2,\"name\":\"B\u00f6lg\u0259\",\"item\":\"https:\\\/\\\/www.meydan.tv\\\/az\\\/section\\\/bolge\\\/\"},{\"@type\":\"ListItem\",\"position\":3,\"name\":\"Hac\u0131qabulun k\u0259ndl\u0259rind\u0259n \u015fikay\u0259t: \u201cAc\u0131nacaql\u0131 h\u0259yat s\u00fcr\u00fcr\u00fck\u201d\"}]},{\"@type\":\"WebSite\",\"@id\":\"https:\\\/\\\/www.meydan.tv\\\/az\\\/#website\",\"url\":\"https:\\\/\\\/www.meydan.tv\\\/az\\\/\",\"name\":\"MEYDAN.TV\",\"description\":\"Meydan TV Az\u0259rbaycan\u0131n media m\u0259kan\u0131ndak\u0131 alternativ s\u0259sidir\",\"publisher\":{\"@id\":\"https:\\\/\\\/www.meydan.tv\\\/az\\\/#organization\"},\"potentialAction\":[{\"@type\":\"SearchAction\",\"target\":{\"@type\":\"EntryPoint\",\"urlTemplate\":\"https:\\\/\\\/www.meydan.tv\\\/az\\\/?s={search_term_string}\"},\"query-input\":{\"@type\":\"PropertyValueSpecification\",\"valueRequired\":true,\"valueName\":\"search_term_string\"}}],\"inLanguage\":\"az\"},{\"@type\":\"Organization\",\"@id\":\"https:\\\/\\\/www.meydan.tv\\\/az\\\/#organization\",\"name\":\"Meydan TV\",\"url\":\"https:\\\/\\\/www.meydan.tv\\\/az\\\/\",\"logo\":{\"@type\":\"ImageObject\",\"inLanguage\":\"az\",\"@id\":\"https:\\\/\\\/www.meydan.tv\\\/az\\\/#\\\/schema\\\/logo\\\/image\\\/\",\"url\":\"https:\\\/\\\/www.meydan.tv\\\/wp-content\\\/uploads\\\/2021\\\/07\\\/meydan-logo.svg\",\"contentUrl\":\"https:\\\/\\\/www.meydan.tv\\\/wp-content\\\/uploads\\\/2021\\\/07\\\/meydan-logo.svg\",\"width\":195,\"height\":46,\"caption\":\"Meydan TV\"},\"image\":{\"@id\":\"https:\\\/\\\/www.meydan.tv\\\/az\\\/#\\\/schema\\\/logo\\\/image\\\/\"}},{\"@type\":\"Person\",\"@id\":\"https:\\\/\\\/www.meydan.tv\\\/az\\\/#\\\/schema\\\/person\\\/9cdbecf90d17180ce1dfbd95b08dcf47\",\"name\":\"elli\",\"sameAs\":[\"https:\\\/\\\/x.com\\\/elli\"]}]}<\/script>\n<!-- \/ Yoast SEO plugin. -->","yoast_head_json":{"title":"Hac\u0131qabulun k\u0259ndl\u0259rind\u0259n \u015fikay\u0259t: \u201cAc\u0131nacaql\u0131 h\u0259yat s\u00fcr\u00fcr\u00fck\u201d - MEYDAN.TV","robots":{"index":"index","follow":"follow","max-snippet":"max-snippet:-1","max-image-preview":"max-image-preview:large","max-video-preview":"max-video-preview:-1"},"canonical":"https:\/\/www.meydan.tv\/az\/article\/haciqabulun-kendlerinden-sikayet-acinacaqli-heyat-sururuk\/","og_locale":"az_AZ","og_type":"article","og_title":"Hac\u0131qabulun k\u0259ndl\u0259rind\u0259n \u015fikay\u0259t: \u201cAc\u0131nacaql\u0131 h\u0259yat s\u00fcr\u00fcr\u00fck\u201d - MEYDAN.TV","og_description":"\u0130cra hakimiyy\u0259ti deyir, yax\u0131n vaxtlarda probleml\u0259r h\u0259llini tapacaq \u201cK\u0259ndimiz pis ... Davam\u0131","og_url":"https:\/\/www.meydan.tv\/az\/article\/haciqabulun-kendlerinden-sikayet-acinacaqli-heyat-sururuk\/","og_site_name":"MEYDAN.TV","article_published_time":"2023-01-19T11:28:34+00:00","article_modified_time":"2023-01-19T11:28:36+00:00","og_image":[{"width":1280,"height":719,"url":"https:\/\/www.meydan.tv\/wp-content\/uploads\/photo-2023-01-19-15-06-23.jpg","type":"image\/jpeg"}],"author":"elli","twitter_card":"summary_large_image","twitter_creator":"@elli","schema":{"@context":"https:\/\/schema.org","@graph":[{"@type":"Article","@id":"https:\/\/www.meydan.tv\/az\/article\/haciqabulun-kendlerinden-sikayet-acinacaqli-heyat-sururuk\/#article","isPartOf":{"@id":"https:\/\/www.meydan.tv\/az\/article\/haciqabulun-kendlerinden-sikayet-acinacaqli-heyat-sururuk\/"},"author":{"name":"elli","@id":"https:\/\/www.meydan.tv\/az\/#\/schema\/person\/9cdbecf90d17180ce1dfbd95b08dcf47"},"headline":"Hac\u0131qabulun k\u0259ndl\u0259rind\u0259n \u015fikay\u0259t: \u201cAc\u0131nacaql\u0131 h\u0259yat s\u00fcr\u00fcr\u00fck\u201d","datePublished":"2023-01-19T11:28:34+00:00","dateModified":"2023-01-19T11:28:36+00:00","mainEntityOfPage":{"@id":"https:\/\/www.meydan.tv\/az\/article\/haciqabulun-kendlerinden-sikayet-acinacaqli-heyat-sururuk\/"},"wordCount":800,"publisher":{"@id":"https:\/\/www.meydan.tv\/az\/#organization"},"image":{"@id":"https:\/\/www.meydan.tv\/az\/article\/haciqabulun-kendlerinden-sikayet-acinacaqli-heyat-sururuk\/#primaryimage"},"thumbnailUrl":"https:\/\/www.meydan.tv\/wp-content\/uploads\/photo-2023-01-19-15-06-23.jpg","articleSection":["B\u00f6lg\u0259","T\u00f6vsiy\u0259","X\u0259b\u0259rl\u0259r"],"inLanguage":"az"},{"@type":"WebPage","@id":"https:\/\/www.meydan.tv\/az\/article\/haciqabulun-kendlerinden-sikayet-acinacaqli-heyat-sururuk\/","url":"https:\/\/www.meydan.tv\/az\/article\/haciqabulun-kendlerinden-sikayet-acinacaqli-heyat-sururuk\/","name":"Hac\u0131qabulun k\u0259ndl\u0259rind\u0259n \u015fikay\u0259t: \u201cAc\u0131nacaql\u0131 h\u0259yat s\u00fcr\u00fcr\u00fck\u201d - MEYDAN.TV","isPartOf":{"@id":"https:\/\/www.meydan.tv\/az\/#website"},"primaryImageOfPage":{"@id":"https:\/\/www.meydan.tv\/az\/article\/haciqabulun-kendlerinden-sikayet-acinacaqli-heyat-sururuk\/#primaryimage"},"image":{"@id":"https:\/\/www.meydan.tv\/az\/article\/haciqabulun-kendlerinden-sikayet-acinacaqli-heyat-sururuk\/#primaryimage"},"thumbnailUrl":"https:\/\/www.meydan.tv\/wp-content\/uploads\/photo-2023-01-19-15-06-23.jpg","datePublished":"2023-01-19T11:28:34+00:00","dateModified":"2023-01-19T11:28:36+00:00","breadcrumb":{"@id":"https:\/\/www.meydan.tv\/az\/article\/haciqabulun-kendlerinden-sikayet-acinacaqli-heyat-sururuk\/#breadcrumb"},"inLanguage":"az","potentialAction":[{"@type":"ReadAction","target":["https:\/\/www.meydan.tv\/az\/article\/haciqabulun-kendlerinden-sikayet-acinacaqli-heyat-sururuk\/"]}]},{"@type":"ImageObject","inLanguage":"az","@id":"https:\/\/www.meydan.tv\/az\/article\/haciqabulun-kendlerinden-sikayet-acinacaqli-heyat-sururuk\/#primaryimage","url":"https:\/\/www.meydan.tv\/wp-content\/uploads\/photo-2023-01-19-15-06-23.jpg","contentUrl":"https:\/\/www.meydan.tv\/wp-content\/uploads\/photo-2023-01-19-15-06-23.jpg","width":1280,"height":719,"caption":"Fotolar: Meydan TV"},{"@type":"BreadcrumbList","@id":"https:\/\/www.meydan.tv\/az\/article\/haciqabulun-kendlerinden-sikayet-acinacaqli-heyat-sururuk\/#breadcrumb","itemListElement":[{"@type":"ListItem","position":1,"name":"Ana s\u0259hif\u0259","item":"https:\/\/www.meydan.tv\/az\/"},{"@type":"ListItem","position":2,"name":"B\u00f6lg\u0259","item":"https:\/\/www.meydan.tv\/az\/section\/bolge\/"},{"@type":"ListItem","position":3,"name":"Hac\u0131qabulun k\u0259ndl\u0259rind\u0259n \u015fikay\u0259t: \u201cAc\u0131nacaql\u0131 h\u0259yat s\u00fcr\u00fcr\u00fck\u201d"}]},{"@type":"WebSite","@id":"https:\/\/www.meydan.tv\/az\/#website","url":"https:\/\/www.meydan.tv\/az\/","name":"MEYDAN.TV","description":"Meydan TV Az\u0259rbaycan\u0131n media m\u0259kan\u0131ndak\u0131 alternativ s\u0259sidir","publisher":{"@id":"https:\/\/www.meydan.tv\/az\/#organization"},"potentialAction":[{"@type":"SearchAction","target":{"@type":"EntryPoint","urlTemplate":"https:\/\/www.meydan.tv\/az\/?s={search_term_string}"},"query-input":{"@type":"PropertyValueSpecification","valueRequired":true,"valueName":"search_term_string"}}],"inLanguage":"az"},{"@type":"Organization","@id":"https:\/\/www.meydan.tv\/az\/#organization","name":"Meydan TV","url":"https:\/\/www.meydan.tv\/az\/","logo":{"@type":"ImageObject","inLanguage":"az","@id":"https:\/\/www.meydan.tv\/az\/#\/schema\/logo\/image\/","url":"https:\/\/www.meydan.tv\/wp-content\/uploads\/2021\/07\/meydan-logo.svg","contentUrl":"https:\/\/www.meydan.tv\/wp-content\/uploads\/2021\/07\/meydan-logo.svg","width":195,"height":46,"caption":"Meydan TV"},"image":{"@id":"https:\/\/www.meydan.tv\/az\/#\/schema\/logo\/image\/"}},{"@type":"Person","@id":"https:\/\/www.meydan.tv\/az\/#\/schema\/person\/9cdbecf90d17180ce1dfbd95b08dcf47","name":"elli","sameAs":["https:\/\/x.com\/elli"]}]}},"_links":{"self":[{"href":"https:\/\/www.meydan.tv\/az\/wp-json\/wp\/v2\/posts\/266231","targetHints":{"allow":["GET"]}}],"collection":[{"href":"https:\/\/www.meydan.tv\/az\/wp-json\/wp\/v2\/posts"}],"about":[{"href":"https:\/\/www.meydan.tv\/az\/wp-json\/wp\/v2\/types\/post"}],"author":[{"embeddable":true,"href":"https:\/\/www.meydan.tv\/az\/wp-json\/wp\/v2\/users\/8"}],"replies":[{"embeddable":true,"href":"https:\/\/www.meydan.tv\/az\/wp-json\/wp\/v2\/comments?post=266231"}],"version-history":[{"count":1,"href":"https:\/\/www.meydan.tv\/az\/wp-json\/wp\/v2\/posts\/266231\/revisions"}],"predecessor-version":[{"id":266233,"href":"https:\/\/www.meydan.tv\/az\/wp-json\/wp\/v2\/posts\/266231\/revisions\/266233"}],"wp:featuredmedia":[{"embeddable":true,"href":"https:\/\/www.meydan.tv\/az\/wp-json\/wp\/v2\/media\/266228"}],"wp:attachment":[{"href":"https:\/\/www.meydan.tv\/az\/wp-json\/wp\/v2\/media?parent=266231"}],"wp:term":[{"taxonomy":"category","embeddable":true,"href":"https:\/\/www.meydan.tv\/az\/wp-json\/wp\/v2\/categories?post=266231"},{"taxonomy":"post_tag","embeddable":true,"href":"https:\/\/www.meydan.tv\/az\/wp-json\/wp\/v2\/tags?post=266231"}],"curies":[{"name":"wp","href":"https:\/\/api.w.org\/{rel}","templated":true}]}}