{"id":266076,"date":"2023-01-18T13:12:19","date_gmt":"2023-01-18T09:12:19","guid":{"rendered":"https:\/\/www.meydan.tv\/?p=266076"},"modified":"2023-01-18T20:16:30","modified_gmt":"2023-01-18T16:16:30","slug":"bolge-muxbiri-cemil-memmedli-saxlanilib","status":"publish","type":"post","link":"https:\/\/www.meydan.tv\/az\/article\/bolge-muxbiri-cemil-memmedli-saxlanilib\/","title":{"rendered":"C\u0259mil M\u0259mm\u0259dli burax\u0131l\u0131b, istintaq is\u0259 davam edir (yenil\u0259nib)"},"content":{"rendered":"\n<p><\/p>\n\n\n\n<p><\/p>\n\n\n\n<p><em>T\u0259qsirl\u0259ndiril\u0259n \u015f\u0259xs qismind\u0259 istintaqa c\u0259lb edil\u0259n C\u0259mil M\u0259mm\u0259dli yanvar\u0131n 18-d\u0259 ax\u015fam saatlar\u0131nda burax\u0131l\u0131b. \u0130stintaq is\u0259 davam edir. Bu bar\u0259d\u0259 Meydan TV-y\u0259 C\u0259mil M\u0259mm\u0259dlinin \u00f6z\u00fc m\u0259lumat verib.<\/em><\/p>\n\n\n\n<p><em>Xa\u00e7mazda ya\u015fayan v\u0259 \u0259sas\u0259n \u015fimal b\u00f6lg\u0259sind\u0259 f\u0259aliyy\u0259t g\u00f6st\u0259r\u0259n jurnalist C\u0259mil M\u0259mm\u0259dliy\u0259 qar\u015f\u0131 Cinay\u0259t M\u0259c\u0259ll\u0259sinin 221.2.2 (xuliqanl\u0131q &#8211; ictimai qaydan\u0131n qorunmas\u0131 \u00fczr\u0259 v\u0259zif\u0259ni yerin\u0259 yetir\u0259n, yaxud ictimai qaydan\u0131n pozulmas\u0131n\u0131n qar\u015f\u0131s\u0131n\u0131 alan hakimiyy\u0259t n\u00fcmay\u0259nd\u0259sin\u0259 v\u0259 ya dig\u0259r \u015f\u0259xs\u0259 m\u00fcqavim\u0259t g\u00f6st\u0259rm\u0259kl\u0259 t\u00f6r\u0259dildikd\u0259) madd\u0259sil\u0259 ittiham ir\u0259li s\u00fcr\u00fcl\u00fcb. Onun haqq\u0131nda cinay\u0259t i\u015finin istintaq\u0131 Xa\u00e7maz Rayon Polis \u015e\u00f6b\u0259sind\u0259 apar\u0131lacaq.<\/em><\/p>\n\n\n\n<p><\/p>\n\n\n\n<p><\/p>\n\n\n\n<p><\/p>\n\n\n\n<p><\/p>\n\n\n\n<p><\/p>\n\n\n\n<hr class=\"wp-block-separator has-alpha-channel-opacity\"\/>\n\n\n\n<p><\/p>\n\n\n\n<p><em>Jurnalist xuliqanl\u0131qda ittiham olunur<\/em><\/p>\n\n\n\n<p>Xa\u00e7mazda ya\u015fayan v\u0259 \u0259sas\u0259n \u015fimal b\u00f6lg\u0259sind\u0259 f\u0259aliyy\u0259t g\u00f6st\u0259r\u0259n jurnalist C\u0259mil M\u0259mm\u0259dli saxlan\u0131l\u0131b. O, xuliqanl\u0131qda ittiham olunur.<\/p>\n\n\n\n<p>\u0130ttihama \u0259sas\u0259n, C\u0259mil M\u0259mm\u0259dli dekabr\u0131n 15-d\u0259 Xa\u00e7maz sakini C.A\u011fabalayevl\u0259 m\u00fcbahis\u0259 edib. M\u00fcbahis\u0259 zaman\u0131 onun \u00fcnvan\u0131na nalayiq ifad\u0259l\u0259r i\u015fl\u0259dib, h\u0259m \u00f6z\u00fcn\u0259, h\u0259m d\u0259 yan\u0131nda olan anas\u0131na x\u0259sar\u0259t yetir\u0259r\u0259k, xuliqanl\u0131q edib.<\/p>\n\n\n\n<p>M\u00fcbahis\u0259 is\u0259 onlar\u0131n avtomobill\u0259rinin toqqu\u015fmas\u0131ndan sonra yaran\u0131b.<\/p>\n\n\n\n<p>C\u0259mil M\u0259mm\u0259dli ba\u015f ver\u0259nl\u0259ri \u00f6z\u00fcn\u0259 qar\u015f\u0131 t\u0259xribat say\u0131r. O iddia edir ki, qar\u015f\u0131 t\u0259r\u0259f onu davaya t\u0259hrik edib, n\u0259tic\u0259d\u0259 \u00f6z\u00fcn\u00fc m\u00fcdafi\u0259 etm\u0259li olub.<\/p>\n\n\n\n<p>C\u0259mil M\u0259mm\u0259dli hesab edir ki, ona qar\u015f\u0131 ba\u015f ver\u0259nl\u0259rin arxas\u0131nda Quban\u0131n icra ba\u015f\u00e7\u0131s\u0131 dayan\u0131r. O, yada sal\u0131b ki, bir m\u00fcdd\u0259t \u0259vv\u0259l onun \u015fikay\u0259ti \u0259sas\u0131nda m\u0259hkum edilib &#8211; bar\u0259sind\u0259 islah i\u015fl\u0259ri c\u0259zas\u0131na dair h\u00f6km \u00e7\u0131xar\u0131l\u0131b:<\/p>\n\n\n\n<p>&#8220;Onda m\u0259nim h\u0259bsim\u0259 nail olmaq ist\u0259di, o zaman al\u0131nmad\u0131, indi d\u0259 bu yolla i\u015fi saxtala\u015fd\u0131r\u0131blar\u201d.<\/p>\n\n\n\n<p>C\u0259mil M\u0259mm\u0259dlinin saxlanmas\u0131n\u0131 Daxili \u0130\u015fl\u0259r Nazirliyind\u0259n d\u0259 Meydan TV-y\u0259 t\u0259sdiql\u0259yibl\u0259r. Nazirliyin m\u0259tbuat xidm\u0259tinin Quba regional qrupunun&nbsp; ba\u015f inspektoru, polis leytenant\u0131 X\u0259yal Tal\u0131bov bildirib ki, C\u0259mil M\u0259mm\u0259dli ba\u015flanm\u0131\u015f cinay\u0259t i\u015fi \u00fczr\u0259 saxlan\u0131l\u0131b:<\/p>\n\n\n\n<p>&#8220;Haz\u0131rda z\u0259ruri&nbsp; istintaq h\u0259r\u0259k\u0259tl\u0259ri davam etdirilir&#8221;.<\/p>\n","protected":false},"excerpt":{"rendered":"<p>T\u0259qsirl\u0259ndiril\u0259n \u015f\u0259xs qismind\u0259 istintaqa c\u0259lb edil\u0259n C\u0259mil M\u0259mm\u0259dli yanvar\u0131n 18-d\u0259 &#8230; <\/p>\n<p class=\"read-more-container\"><a title=\"C\u0259mil M\u0259mm\u0259dli burax\u0131l\u0131b, istintaq is\u0259 davam edir (yenil\u0259nib)\" class=\"read-more button\" href=\"https:\/\/www.meydan.tv\/az\/article\/bolge-muxbiri-cemil-memmedli-saxlanilib\/#more-266076\" aria-label=\"Read more about C\u0259mil M\u0259mm\u0259dli burax\u0131l\u0131b, istintaq is\u0259 davam edir (yenil\u0259nib)\">Davam\u0131<\/a><\/p>\n","protected":false},"author":8,"featured_media":245436,"comment_status":"closed","ping_status":"closed","sticky":false,"template":"","format":"standard","meta":{"_acf_changed":false,"_sitemap_exclude":false,"_sitemap_priority":"","_sitemap_frequency":"","footnotes":""},"categories":[60,56],"tags":[],"class_list":["post-266076","post","type-post","status-publish","format-standard","has-post-thumbnail","hentry","category-bolge","category-xeberler","infinite-scroll-item","generate-columns","tablet-grid-50","mobile-grid-100","grid-parent","grid-33","no-featured-image-padding"],"acf":[],"yoast_head":"<!-- This site is optimized with the Yoast SEO plugin v27.5 - https:\/\/yoast.com\/product\/yoast-seo-wordpress\/ -->\n<title>C\u0259mil M\u0259mm\u0259dli burax\u0131l\u0131b, istintaq is\u0259 davam edir (yenil\u0259nib) - MEYDAN.TV<\/title>\n<meta name=\"robots\" content=\"index, follow, max-snippet:-1, max-image-preview:large, max-video-preview:-1\" \/>\n<link rel=\"canonical\" href=\"https:\/\/www.meydan.tv\/az\/article\/bolge-muxbiri-cemil-memmedli-saxlanilib\/\" \/>\n<meta property=\"og:locale\" content=\"az_AZ\" \/>\n<meta property=\"og:type\" content=\"article\" \/>\n<meta property=\"og:title\" content=\"C\u0259mil M\u0259mm\u0259dli burax\u0131l\u0131b, istintaq is\u0259 davam edir (yenil\u0259nib) - MEYDAN.TV\" \/>\n<meta property=\"og:description\" content=\"T\u0259qsirl\u0259ndiril\u0259n \u015f\u0259xs qismind\u0259 istintaqa c\u0259lb edil\u0259n C\u0259mil M\u0259mm\u0259dli yanvar\u0131n 18-d\u0259 ... Davam\u0131\" \/>\n<meta property=\"og:url\" content=\"https:\/\/www.meydan.tv\/az\/article\/bolge-muxbiri-cemil-memmedli-saxlanilib\/\" \/>\n<meta property=\"og:site_name\" content=\"MEYDAN.TV\" \/>\n<meta property=\"article:published_time\" content=\"2023-01-18T09:12:19+00:00\" \/>\n<meta property=\"article:modified_time\" content=\"2023-01-18T16:16:30+00:00\" \/>\n<meta property=\"og:image\" content=\"https:\/\/www.meydan.tv\/wp-content\/uploads\/untitled-design-2-26-e1652791597335.jpg\" \/>\n\t<meta property=\"og:image:width\" content=\"1200\" \/>\n\t<meta property=\"og:image:height\" content=\"708\" \/>\n\t<meta property=\"og:image:type\" content=\"image\/jpeg\" \/>\n<meta name=\"author\" content=\"elli\" \/>\n<meta name=\"twitter:card\" content=\"summary_large_image\" \/>\n<meta name=\"twitter:creator\" content=\"@elli\" \/>\n<script type=\"application\/ld+json\" class=\"yoast-schema-graph\">{\"@context\":\"https:\\\/\\\/schema.org\",\"@graph\":[{\"@type\":\"Article\",\"@id\":\"https:\\\/\\\/www.meydan.tv\\\/az\\\/article\\\/bolge-muxbiri-cemil-memmedli-saxlanilib\\\/#article\",\"isPartOf\":{\"@id\":\"https:\\\/\\\/www.meydan.tv\\\/az\\\/article\\\/bolge-muxbiri-cemil-memmedli-saxlanilib\\\/\"},\"author\":{\"name\":\"elli\",\"@id\":\"https:\\\/\\\/www.meydan.tv\\\/az\\\/#\\\/schema\\\/person\\\/9cdbecf90d17180ce1dfbd95b08dcf47\"},\"headline\":\"C\u0259mil M\u0259mm\u0259dli burax\u0131l\u0131b, istintaq is\u0259 davam edir (yenil\u0259nib)\",\"datePublished\":\"2023-01-18T09:12:19+00:00\",\"dateModified\":\"2023-01-18T16:16:30+00:00\",\"mainEntityOfPage\":{\"@id\":\"https:\\\/\\\/www.meydan.tv\\\/az\\\/article\\\/bolge-muxbiri-cemil-memmedli-saxlanilib\\\/\"},\"wordCount\":450,\"publisher\":{\"@id\":\"https:\\\/\\\/www.meydan.tv\\\/az\\\/#organization\"},\"image\":{\"@id\":\"https:\\\/\\\/www.meydan.tv\\\/az\\\/article\\\/bolge-muxbiri-cemil-memmedli-saxlanilib\\\/#primaryimage\"},\"thumbnailUrl\":\"https:\\\/\\\/www.meydan.tv\\\/wp-content\\\/uploads\\\/untitled-design-2-26-e1652791597335.jpg\",\"articleSection\":[\"B\u00f6lg\u0259\",\"X\u0259b\u0259rl\u0259r\"],\"inLanguage\":\"az\"},{\"@type\":\"WebPage\",\"@id\":\"https:\\\/\\\/www.meydan.tv\\\/az\\\/article\\\/bolge-muxbiri-cemil-memmedli-saxlanilib\\\/\",\"url\":\"https:\\\/\\\/www.meydan.tv\\\/az\\\/article\\\/bolge-muxbiri-cemil-memmedli-saxlanilib\\\/\",\"name\":\"C\u0259mil M\u0259mm\u0259dli burax\u0131l\u0131b, istintaq is\u0259 davam edir (yenil\u0259nib) - MEYDAN.TV\",\"isPartOf\":{\"@id\":\"https:\\\/\\\/www.meydan.tv\\\/az\\\/#website\"},\"primaryImageOfPage\":{\"@id\":\"https:\\\/\\\/www.meydan.tv\\\/az\\\/article\\\/bolge-muxbiri-cemil-memmedli-saxlanilib\\\/#primaryimage\"},\"image\":{\"@id\":\"https:\\\/\\\/www.meydan.tv\\\/az\\\/article\\\/bolge-muxbiri-cemil-memmedli-saxlanilib\\\/#primaryimage\"},\"thumbnailUrl\":\"https:\\\/\\\/www.meydan.tv\\\/wp-content\\\/uploads\\\/untitled-design-2-26-e1652791597335.jpg\",\"datePublished\":\"2023-01-18T09:12:19+00:00\",\"dateModified\":\"2023-01-18T16:16:30+00:00\",\"breadcrumb\":{\"@id\":\"https:\\\/\\\/www.meydan.tv\\\/az\\\/article\\\/bolge-muxbiri-cemil-memmedli-saxlanilib\\\/#breadcrumb\"},\"inLanguage\":\"az\",\"potentialAction\":[{\"@type\":\"ReadAction\",\"target\":[\"https:\\\/\\\/www.meydan.tv\\\/az\\\/article\\\/bolge-muxbiri-cemil-memmedli-saxlanilib\\\/\"]}]},{\"@type\":\"ImageObject\",\"inLanguage\":\"az\",\"@id\":\"https:\\\/\\\/www.meydan.tv\\\/az\\\/article\\\/bolge-muxbiri-cemil-memmedli-saxlanilib\\\/#primaryimage\",\"url\":\"https:\\\/\\\/www.meydan.tv\\\/wp-content\\\/uploads\\\/untitled-design-2-26-e1652791597335.jpg\",\"contentUrl\":\"https:\\\/\\\/www.meydan.tv\\\/wp-content\\\/uploads\\\/untitled-design-2-26-e1652791597335.jpg\",\"width\":1200,\"height\":708,\"caption\":\"C\u0259mil M\u0259mm\u0259dli. M\u0259nb\u0259: Media H\u00fcququ \u0130nstitutu\"},{\"@type\":\"BreadcrumbList\",\"@id\":\"https:\\\/\\\/www.meydan.tv\\\/az\\\/article\\\/bolge-muxbiri-cemil-memmedli-saxlanilib\\\/#breadcrumb\",\"itemListElement\":[{\"@type\":\"ListItem\",\"position\":1,\"name\":\"Ana s\u0259hif\u0259\",\"item\":\"https:\\\/\\\/www.meydan.tv\\\/az\\\/\"},{\"@type\":\"ListItem\",\"position\":2,\"name\":\"B\u00f6lg\u0259\",\"item\":\"https:\\\/\\\/www.meydan.tv\\\/az\\\/section\\\/bolge\\\/\"},{\"@type\":\"ListItem\",\"position\":3,\"name\":\"C\u0259mil M\u0259mm\u0259dli burax\u0131l\u0131b, istintaq is\u0259 davam edir (yenil\u0259nib)\"}]},{\"@type\":\"WebSite\",\"@id\":\"https:\\\/\\\/www.meydan.tv\\\/az\\\/#website\",\"url\":\"https:\\\/\\\/www.meydan.tv\\\/az\\\/\",\"name\":\"MEYDAN.TV\",\"description\":\"Meydan TV Az\u0259rbaycan\u0131n media m\u0259kan\u0131ndak\u0131 alternativ s\u0259sidir\",\"publisher\":{\"@id\":\"https:\\\/\\\/www.meydan.tv\\\/az\\\/#organization\"},\"potentialAction\":[{\"@type\":\"SearchAction\",\"target\":{\"@type\":\"EntryPoint\",\"urlTemplate\":\"https:\\\/\\\/www.meydan.tv\\\/az\\\/?s={search_term_string}\"},\"query-input\":{\"@type\":\"PropertyValueSpecification\",\"valueRequired\":true,\"valueName\":\"search_term_string\"}}],\"inLanguage\":\"az\"},{\"@type\":\"Organization\",\"@id\":\"https:\\\/\\\/www.meydan.tv\\\/az\\\/#organization\",\"name\":\"Meydan TV\",\"url\":\"https:\\\/\\\/www.meydan.tv\\\/az\\\/\",\"logo\":{\"@type\":\"ImageObject\",\"inLanguage\":\"az\",\"@id\":\"https:\\\/\\\/www.meydan.tv\\\/az\\\/#\\\/schema\\\/logo\\\/image\\\/\",\"url\":\"https:\\\/\\\/www.meydan.tv\\\/wp-content\\\/uploads\\\/2021\\\/07\\\/meydan-logo.svg\",\"contentUrl\":\"https:\\\/\\\/www.meydan.tv\\\/wp-content\\\/uploads\\\/2021\\\/07\\\/meydan-logo.svg\",\"width\":195,\"height\":46,\"caption\":\"Meydan TV\"},\"image\":{\"@id\":\"https:\\\/\\\/www.meydan.tv\\\/az\\\/#\\\/schema\\\/logo\\\/image\\\/\"}},{\"@type\":\"Person\",\"@id\":\"https:\\\/\\\/www.meydan.tv\\\/az\\\/#\\\/schema\\\/person\\\/9cdbecf90d17180ce1dfbd95b08dcf47\",\"name\":\"elli\",\"sameAs\":[\"https:\\\/\\\/x.com\\\/elli\"]}]}<\/script>\n<!-- \/ Yoast SEO plugin. -->","yoast_head_json":{"title":"C\u0259mil M\u0259mm\u0259dli burax\u0131l\u0131b, istintaq is\u0259 davam edir (yenil\u0259nib) - MEYDAN.TV","robots":{"index":"index","follow":"follow","max-snippet":"max-snippet:-1","max-image-preview":"max-image-preview:large","max-video-preview":"max-video-preview:-1"},"canonical":"https:\/\/www.meydan.tv\/az\/article\/bolge-muxbiri-cemil-memmedli-saxlanilib\/","og_locale":"az_AZ","og_type":"article","og_title":"C\u0259mil M\u0259mm\u0259dli burax\u0131l\u0131b, istintaq is\u0259 davam edir (yenil\u0259nib) - MEYDAN.TV","og_description":"T\u0259qsirl\u0259ndiril\u0259n \u015f\u0259xs qismind\u0259 istintaqa c\u0259lb edil\u0259n C\u0259mil M\u0259mm\u0259dli yanvar\u0131n 18-d\u0259 ... Davam\u0131","og_url":"https:\/\/www.meydan.tv\/az\/article\/bolge-muxbiri-cemil-memmedli-saxlanilib\/","og_site_name":"MEYDAN.TV","article_published_time":"2023-01-18T09:12:19+00:00","article_modified_time":"2023-01-18T16:16:30+00:00","og_image":[{"width":1200,"height":708,"url":"https:\/\/www.meydan.tv\/wp-content\/uploads\/untitled-design-2-26-e1652791597335.jpg","type":"image\/jpeg"}],"author":"elli","twitter_card":"summary_large_image","twitter_creator":"@elli","schema":{"@context":"https:\/\/schema.org","@graph":[{"@type":"Article","@id":"https:\/\/www.meydan.tv\/az\/article\/bolge-muxbiri-cemil-memmedli-saxlanilib\/#article","isPartOf":{"@id":"https:\/\/www.meydan.tv\/az\/article\/bolge-muxbiri-cemil-memmedli-saxlanilib\/"},"author":{"name":"elli","@id":"https:\/\/www.meydan.tv\/az\/#\/schema\/person\/9cdbecf90d17180ce1dfbd95b08dcf47"},"headline":"C\u0259mil M\u0259mm\u0259dli burax\u0131l\u0131b, istintaq is\u0259 davam edir (yenil\u0259nib)","datePublished":"2023-01-18T09:12:19+00:00","dateModified":"2023-01-18T16:16:30+00:00","mainEntityOfPage":{"@id":"https:\/\/www.meydan.tv\/az\/article\/bolge-muxbiri-cemil-memmedli-saxlanilib\/"},"wordCount":450,"publisher":{"@id":"https:\/\/www.meydan.tv\/az\/#organization"},"image":{"@id":"https:\/\/www.meydan.tv\/az\/article\/bolge-muxbiri-cemil-memmedli-saxlanilib\/#primaryimage"},"thumbnailUrl":"https:\/\/www.meydan.tv\/wp-content\/uploads\/untitled-design-2-26-e1652791597335.jpg","articleSection":["B\u00f6lg\u0259","X\u0259b\u0259rl\u0259r"],"inLanguage":"az"},{"@type":"WebPage","@id":"https:\/\/www.meydan.tv\/az\/article\/bolge-muxbiri-cemil-memmedli-saxlanilib\/","url":"https:\/\/www.meydan.tv\/az\/article\/bolge-muxbiri-cemil-memmedli-saxlanilib\/","name":"C\u0259mil M\u0259mm\u0259dli burax\u0131l\u0131b, istintaq is\u0259 davam edir (yenil\u0259nib) - MEYDAN.TV","isPartOf":{"@id":"https:\/\/www.meydan.tv\/az\/#website"},"primaryImageOfPage":{"@id":"https:\/\/www.meydan.tv\/az\/article\/bolge-muxbiri-cemil-memmedli-saxlanilib\/#primaryimage"},"image":{"@id":"https:\/\/www.meydan.tv\/az\/article\/bolge-muxbiri-cemil-memmedli-saxlanilib\/#primaryimage"},"thumbnailUrl":"https:\/\/www.meydan.tv\/wp-content\/uploads\/untitled-design-2-26-e1652791597335.jpg","datePublished":"2023-01-18T09:12:19+00:00","dateModified":"2023-01-18T16:16:30+00:00","breadcrumb":{"@id":"https:\/\/www.meydan.tv\/az\/article\/bolge-muxbiri-cemil-memmedli-saxlanilib\/#breadcrumb"},"inLanguage":"az","potentialAction":[{"@type":"ReadAction","target":["https:\/\/www.meydan.tv\/az\/article\/bolge-muxbiri-cemil-memmedli-saxlanilib\/"]}]},{"@type":"ImageObject","inLanguage":"az","@id":"https:\/\/www.meydan.tv\/az\/article\/bolge-muxbiri-cemil-memmedli-saxlanilib\/#primaryimage","url":"https:\/\/www.meydan.tv\/wp-content\/uploads\/untitled-design-2-26-e1652791597335.jpg","contentUrl":"https:\/\/www.meydan.tv\/wp-content\/uploads\/untitled-design-2-26-e1652791597335.jpg","width":1200,"height":708,"caption":"C\u0259mil M\u0259mm\u0259dli. M\u0259nb\u0259: Media H\u00fcququ \u0130nstitutu"},{"@type":"BreadcrumbList","@id":"https:\/\/www.meydan.tv\/az\/article\/bolge-muxbiri-cemil-memmedli-saxlanilib\/#breadcrumb","itemListElement":[{"@type":"ListItem","position":1,"name":"Ana s\u0259hif\u0259","item":"https:\/\/www.meydan.tv\/az\/"},{"@type":"ListItem","position":2,"name":"B\u00f6lg\u0259","item":"https:\/\/www.meydan.tv\/az\/section\/bolge\/"},{"@type":"ListItem","position":3,"name":"C\u0259mil M\u0259mm\u0259dli burax\u0131l\u0131b, istintaq is\u0259 davam edir (yenil\u0259nib)"}]},{"@type":"WebSite","@id":"https:\/\/www.meydan.tv\/az\/#website","url":"https:\/\/www.meydan.tv\/az\/","name":"MEYDAN.TV","description":"Meydan TV Az\u0259rbaycan\u0131n media m\u0259kan\u0131ndak\u0131 alternativ s\u0259sidir","publisher":{"@id":"https:\/\/www.meydan.tv\/az\/#organization"},"potentialAction":[{"@type":"SearchAction","target":{"@type":"EntryPoint","urlTemplate":"https:\/\/www.meydan.tv\/az\/?s={search_term_string}"},"query-input":{"@type":"PropertyValueSpecification","valueRequired":true,"valueName":"search_term_string"}}],"inLanguage":"az"},{"@type":"Organization","@id":"https:\/\/www.meydan.tv\/az\/#organization","name":"Meydan TV","url":"https:\/\/www.meydan.tv\/az\/","logo":{"@type":"ImageObject","inLanguage":"az","@id":"https:\/\/www.meydan.tv\/az\/#\/schema\/logo\/image\/","url":"https:\/\/www.meydan.tv\/wp-content\/uploads\/2021\/07\/meydan-logo.svg","contentUrl":"https:\/\/www.meydan.tv\/wp-content\/uploads\/2021\/07\/meydan-logo.svg","width":195,"height":46,"caption":"Meydan TV"},"image":{"@id":"https:\/\/www.meydan.tv\/az\/#\/schema\/logo\/image\/"}},{"@type":"Person","@id":"https:\/\/www.meydan.tv\/az\/#\/schema\/person\/9cdbecf90d17180ce1dfbd95b08dcf47","name":"elli","sameAs":["https:\/\/x.com\/elli"]}]}},"_links":{"self":[{"href":"https:\/\/www.meydan.tv\/az\/wp-json\/wp\/v2\/posts\/266076","targetHints":{"allow":["GET"]}}],"collection":[{"href":"https:\/\/www.meydan.tv\/az\/wp-json\/wp\/v2\/posts"}],"about":[{"href":"https:\/\/www.meydan.tv\/az\/wp-json\/wp\/v2\/types\/post"}],"author":[{"embeddable":true,"href":"https:\/\/www.meydan.tv\/az\/wp-json\/wp\/v2\/users\/8"}],"replies":[{"embeddable":true,"href":"https:\/\/www.meydan.tv\/az\/wp-json\/wp\/v2\/comments?post=266076"}],"version-history":[{"count":2,"href":"https:\/\/www.meydan.tv\/az\/wp-json\/wp\/v2\/posts\/266076\/revisions"}],"predecessor-version":[{"id":266133,"href":"https:\/\/www.meydan.tv\/az\/wp-json\/wp\/v2\/posts\/266076\/revisions\/266133"}],"wp:featuredmedia":[{"embeddable":true,"href":"https:\/\/www.meydan.tv\/az\/wp-json\/wp\/v2\/media\/245436"}],"wp:attachment":[{"href":"https:\/\/www.meydan.tv\/az\/wp-json\/wp\/v2\/media?parent=266076"}],"wp:term":[{"taxonomy":"category","embeddable":true,"href":"https:\/\/www.meydan.tv\/az\/wp-json\/wp\/v2\/categories?post=266076"},{"taxonomy":"post_tag","embeddable":true,"href":"https:\/\/www.meydan.tv\/az\/wp-json\/wp\/v2\/tags?post=266076"}],"curies":[{"name":"wp","href":"https:\/\/api.w.org\/{rel}","templated":true}]}}