{"id":266021,"date":"2023-01-18T12:42:14","date_gmt":"2023-01-18T08:42:14","guid":{"rendered":"https:\/\/www.meydan.tv\/?p=266021"},"modified":"2023-01-18T12:47:50","modified_gmt":"2023-01-18T08:47:50","slug":"aranin-qar-derdi","status":"publish","type":"post","link":"https:\/\/www.meydan.tv\/az\/article\/aranin-qar-derdi\/","title":{"rendered":"Aran\u0131n qar d\u0259rdi"},"content":{"rendered":"\n<p><\/p>\n\n\n\n<p><em>Sakinl\u0259r h\u0259m sevinir, h\u0259m d\u0259 qay\u011f\u0131lar\u0131n\u0131 b\u00f6l\u00fc\u015f\u00fcrl\u0259r<\/em><\/p>\n\n\n\n<p>\u00d6t\u0259n h\u0259ft\u0259 havalar\u0131n ya\u011f\u0131nt\u0131l\u0131 ke\u00e7m\u0259si v\u0259 \u00f6lk\u0259nin, dem\u0259k olar ki, b\u00fct\u00fcn \u0259razil\u0259rin\u0259 ya\u011fan qar Aran rayonlar\u0131nda suvarmadan \u0259ziyy\u0259t \u00e7\u0259k\u0259n k\u0259ndlil\u0259rin d\u0259 sevincin\u0259 s\u0259b\u0259b olub.<\/p>\n\n\n\n<p>Yaz-yay f\u0259sill\u0259rind\u0259 K\u00fcrd\u0259n \u00e7\u0259kil\u0259n suvarma kanallar\u0131nda suyun azalmas\u0131 uzun ill\u0259rdir ki, k\u0259ndlil\u0259rin \u0259sas problemin\u0259 \u00e7evrilib. Ona g\u00f6r\u0259 d\u0259 suya h\u0259sr\u0259t qalan, \u00fcmidini az qala qara ba\u011flayan fermer v\u0259 k\u0259ndlil\u0259r qar\u0131n f\u0259sadlar\u0131 il\u0259 yana\u015f\u0131, faydalar\u0131ndan da dan\u0131\u015f\u0131rlar.<\/p>\n\n\n\n<figure class=\"wp-block-image size-large\"><img decoding=\"async\" width=\"1200\" height=\"540\" data-src=\"https:\/\/www.meydan.tv\/wp-content\/uploads\/img-20230109-wa0018-1200x540.jpg\" alt=\"\" class=\"wp-image-266022 lazyload\" src=\"data:image\/svg+xml;base64,PHN2ZyB3aWR0aD0iMSIgaGVpZ2h0PSIxIiB4bWxucz0iaHR0cDovL3d3dy53My5vcmcvMjAwMC9zdmciPjwvc3ZnPg==\" style=\"--smush-placeholder-width: 1200px; --smush-placeholder-aspect-ratio: 1200\/540;\" \/><\/figure>\n\n\n\n<p>M\u0259s\u0259l\u0259n, G\u00f6y\u00e7ay\u0131n L\u0259k\u00e7\u0131plaq k\u0259nd sakini Yasin Cavadov Meydan TV-y\u0259 deyir ki, qar k\u0259ndl\u0259rd\u0259 bir s\u0131ra probleml\u0259r yaratsa da, \u0259kin\u0259 v\u0259 ba\u011flara faydal\u0131d\u0131r.<\/p>\n\n\n\n<p>Onun fikrinc\u0259, havalar\u0131n \u015faxtal\u0131 ke\u00e7m\u0259si, h\u0259m\u00e7inin qar\u0131n ya\u011fmas\u0131 5 ild\u0259n art\u0131qd\u0131r ki, ziyanvericil\u0259rl\u0259 apard\u0131qlar\u0131 m\u00fcbariz\u0259d\u0259 d\u0259 onlara k\u00f6m\u0259k ed\u0259c\u0259k:<\/p>\n\n\n\n<p>&#8220;Ne\u00e7\u0259 il idi ki, q\u0131\u015f isti ke\u00e7irdi. M\u00fcxt\u0259lif h\u0259\u015faratlar, si\u00e7anlar tax\u0131l sah\u0259l\u0259rimiz\u0259 ziyan verirdi. Qar\u0131n ya\u011fmas\u0131 \u00e7ox faydal\u0131 oldu. \u00c7\u00fcnki qar qurdlar\u0131, el\u0259c\u0259 d\u0259 tax\u0131l v\u0259 dig\u0259r d\u0259nli bitkil\u0259r\u0259 ziyan ver\u0259n h\u0259\u015faratlar\u0131 m\u0259hv edir. Quraql\u0131qdan \u00e7oxlu h\u0259\u015faratlar \u0259m\u0259l\u0259 g\u0259lmi\u015fdi. Qar, \u015faxta insanlar \u00fc\u00e7\u00fcn bir s\u0131ra probleml\u0259r yaratsa da, bitki v\u0259 torpaq \u00fc\u00e7\u00fcn faydal\u0131d\u0131r&#8221;.<\/p>\n\n\n\n<figure class=\"wp-block-image size-full is-resized\"><img decoding=\"async\" data-src=\"https:\/\/www.meydan.tv\/wp-content\/uploads\/img-20230109-wa0012.jpg\" alt=\"\" class=\"wp-image-266018 lazyload\" width=\"798\" height=\"359\" src=\"data:image\/svg+xml;base64,PHN2ZyB3aWR0aD0iMSIgaGVpZ2h0PSIxIiB4bWxucz0iaHR0cDovL3d3dy53My5vcmcvMjAwMC9zdmciPjwvc3ZnPg==\" style=\"--smush-placeholder-width: 798px; --smush-placeholder-aspect-ratio: 798\/359;\" \/><\/figure>\n\n\n\n<p>&#8220;A\u011faclarda g\u00f6b\u0259l\u0259kl\u0259r yaranm\u0131\u015fd\u0131. Meyv\u0259l\u0259r l\u0259k\u0259li v\u0259 qurdlu yeti\u015firdi. H\u0259min ziyanvericil\u0259rin m\u0259hv etm\u0259k \u00fc\u00e7\u00fcn n\u0259 q\u0259d\u0259r d\u0259rman x\u0259rcl\u0259mi\u015fdik, amma n\u0259tic\u0259 olmay\u0131b, \u00e7\u00fcnki d\u0259rmanlar\u0131n da keyfiyy\u0259ti yoxdur. D\u00fc\u015f\u00fcn\u00fcr\u0259m ki, az ya\u011f\u0131b, g\u0259r\u0259k 2-3 g\u00fcn d\u0259 davaml\u0131 ya\u011fayd\u0131. D\u00fczd\u00fcr, bel\u0259 soyuqda istiliy\u0259 ehtiyac olur, n\u0259qliyyat\u0131 tapmaq \u00e7\u0259tindir, amma \u0259kin\u0259 faydas\u0131na g\u00f6r\u0259 d\u00f6zm\u0259k olar&#8221;, &#8211; dey\u0259 o bildirib.<\/p>\n\n\n\n<figure class=\"wp-block-image size-large\"><img decoding=\"async\" width=\"1200\" height=\"540\" data-src=\"https:\/\/www.meydan.tv\/wp-content\/uploads\/img-20230109-wa0030-1200x540.jpg\" alt=\"\" class=\"wp-image-266045 lazyload\" src=\"data:image\/svg+xml;base64,PHN2ZyB3aWR0aD0iMSIgaGVpZ2h0PSIxIiB4bWxucz0iaHR0cDovL3d3dy53My5vcmcvMjAwMC9zdmciPjwvc3ZnPg==\" style=\"--smush-placeholder-width: 1200px; --smush-placeholder-aspect-ratio: 1200\/540;\" \/><\/figure>\n\n\n\n<p><strong>&#8220;\u00dcmidimi \u00fczm\u00fc\u015fd\u00fcm ki, m\u0259hsuldarl\u0131q yax\u015f\u0131 olmayacaq&#8221;<\/strong><\/p>\n\n\n\n<p>Rayonun Yeniarx k\u0259nd sakini \u018fb\u00fclf\u0259t X\u0259lilov is\u0259 deyir ki, ya\u011f\u0131\u015fl\u0131, qarl\u0131 g\u00fcnl\u0259rd\u0259 k\u0259ndl\u0259raras\u0131 v\u0259 m\u0259hl\u0259daxili yollar ke\u00e7ilm\u0259z olur. Ancaq indi \u0259kinin v\u0259 ba\u011flar\u0131n dinclik d\u00f6vr\u00fc oldu\u011fundan ya\u011fan qar torpa\u011f\u0131n m\u0259hsuldarl\u0131\u011f\u0131na t\u0259sir ed\u0259c\u0259k.<\/p>\n\n\n\n<p>Onun s\u00f6zl\u0259rin\u0259 g\u00f6r\u0259, qar h\u0259m d\u0259 m\u00fcxt\u0259lif yoluxucu x\u0259st\u0259lik\u0259rin m\u0259nb\u0259yi olan havan\u0131n ar\u0131nmas\u0131nda t\u0259bii filtr rolunu oynay\u0131r:<\/p>\n\n\n\n<figure class=\"wp-block-image size-full is-resized\"><img decoding=\"async\" data-src=\"https:\/\/www.meydan.tv\/wp-content\/uploads\/img-20230109-wa0010.jpg\" alt=\"\" class=\"wp-image-266025 lazyload\" width=\"799\" height=\"360\" src=\"data:image\/svg+xml;base64,PHN2ZyB3aWR0aD0iMSIgaGVpZ2h0PSIxIiB4bWxucz0iaHR0cDovL3d3dy53My5vcmcvMjAwMC9zdmciPjwvc3ZnPg==\" style=\"--smush-placeholder-width: 799px; --smush-placeholder-aspect-ratio: 799\/360;\" \/><\/figure>\n\n\n\n<p>&#8220;Su il\u0259 ba\u011fl\u0131 \u00e7ox ciddi probleml\u0259rimiz&nbsp; var. \u00d6z\u00fcm\u00fcn 10 hektar tax\u0131l sah\u0259m var, amma suvara bilm\u0259mi\u015fdim. \u00dcmidimi \u00fczm\u00fc\u015fd\u00fcm ki, m\u0259hsuldarl\u0131q yax\u015f\u0131 olmayacaq. Bu ya\u011f\u0131nt\u0131 yax\u015f\u0131 oldu. Hektara 20-25 sentner m\u0259hsul fikirl\u0259\u015firdim, ancaq ya\u011f\u0131nt\u0131&nbsp; yen\u0259 olarsa, 40-50 sentner g\u00f6zl\u0259m\u0259k olar. \u0130nan\u0131n ki, \u00f6t\u0259n il tax\u0131l\u0131 ot \u00fc\u00e7\u00fcn bi\u00e7dik. 2-3 sentner m\u0259hsul g\u00f6t\u00fcr\u0259 bilm\u0259dik&#8221;.<\/p>\n\n\n\n<p>&#8220;\u018frik, gilas kimi a\u011faclarda yap\u0131\u015fqan x\u0259st\u0259liyi var ki, ona da xeyirdir. 5 hektar xurma ba\u011f\u0131m var. F\u0259hl\u0259y\u0259, d\u0259rmana pul ver, tap g\u0259tir, x\u0259rc qoy, adam yorulur. Ya\u011f\u0131nt\u0131 olsa, k\u0259ndlil\u0259r bu q\u0259d\u0259r z\u0259hm\u0259tl\u0259 \u00fcz-\u00fcz\u0259 qalmazlar. Ar\u0131\u00e7\u0131l\u0131\u011fa da m\u00fcsb\u0259t t\u0259sir g\u00f6st\u0259rir. Q\u0131\u015f gir\u0259nd\u0259n 30 t\u0259hn\u0259 ar\u0131 ail\u0259sind\u0259n art\u0131q be\u015fi m\u0259hv olmu\u015fdu. \u0130ndi qardan sonra calaq etm\u0259k, a\u011fac \u0259kini, yer bell\u0259l\u0259m\u0259k kimi i\u015fl\u0259rl\u0259 m\u0259\u015f\u011ful olaca\u011f\u0131q&#8221;, &#8211; deyir \u018fb\u00fclf\u0259t X\u0259lilov.<\/p>\n\n\n\n<figure class=\"wp-block-image size-large\"><img decoding=\"async\" width=\"1200\" height=\"540\" data-src=\"https:\/\/www.meydan.tv\/wp-content\/uploads\/img-20230109-wa0023-1200x540.jpg\" alt=\"\" class=\"wp-image-266009 lazyload\" src=\"data:image\/svg+xml;base64,PHN2ZyB3aWR0aD0iMSIgaGVpZ2h0PSIxIiB4bWxucz0iaHR0cDovL3d3dy53My5vcmcvMjAwMC9zdmciPjwvc3ZnPg==\" style=\"--smush-placeholder-width: 1200px; --smush-placeholder-aspect-ratio: 1200\/540;\" \/><\/figure>\n\n\n\n<p><strong>M\u0259kt\u0259bl\u0259rd\u0259 v\u0259ziyy\u0259t: istilik sistemi v\u0259 davamiyy\u0259t&#8230;<\/strong><\/p>\n\n\n\n<p>Qarl\u0131, soyuq havalarda k\u0259nd m\u0259kt\u0259bl\u0259rind\u0259, ad\u0259t\u0259n, davamiyy\u0259t z\u0259if olur. S\u0259b\u0259b u\u015faqlar\u0131n qarl\u0131, pal\u00e7\u0131ql\u0131 yollarda uzun m\u0259saf\u0259 q\u0259t etm\u0259si&nbsp; v\u0259 odunla&nbsp; isidil\u0259n otaqlar\u0131n soyuq olmas\u0131d\u0131r.<\/p>\n\n\n\n<figure class=\"wp-block-image size-full is-resized\"><img decoding=\"async\" data-src=\"https:\/\/www.meydan.tv\/wp-content\/uploads\/img-20230109-wa0031.jpg\" alt=\"\" class=\"wp-image-266042 lazyload\" width=\"804\" height=\"362\" src=\"data:image\/svg+xml;base64,PHN2ZyB3aWR0aD0iMSIgaGVpZ2h0PSIxIiB4bWxucz0iaHR0cDovL3d3dy53My5vcmcvMjAwMC9zdmciPjwvc3ZnPg==\" style=\"--smush-placeholder-width: 804px; --smush-placeholder-aspect-ratio: 804\/362;\" \/><\/figure>\n\n\n\n<p>M\u0259kt\u0259bli Anar \u018fliyev d\u0259 bu fikird\u0259dir. Deyir ki, soyuq hava \u015f\u0259raiti m\u0259kt\u0259blil\u0259ri \u00e7ox vaxt m\u0259kt\u0259bd\u0259n soyudur:<\/p>\n\n\n\n<p>&#8220;6-c\u0131 sinifd\u0259 oxuyuram. S\u0259h\u0259r durdum g\u00f6rd\u00fcm qar ya\u011f\u0131r, h\u0259r yer a\u011fd\u0131r. Evimiz m\u0259kt\u0259b\u0259 \u00e7ox uzaqd\u0131r. Yol, dem\u0259k olar ki, bir saat&nbsp; \u00e7\u0259kir. Piyada getm\u0259k bel\u0259 havada, \u00f6z\u00fc d\u0259 m\u0259hl\u0259daxili pal\u00e7\u0131ql\u0131 yollarda \u00e7\u0259tindir. \u00dcst-ba\u015f\u0131m batacaq dey\u0259 d\u0259rs\u0259 getm\u0259dim. Ya\u011f\u0131\u015f ya\u011fanda da b\u0259z\u0259n getmir\u0259m. Otaqlar da soyuq olur. Ged\u0259nd\u0259 d\u0259 u\u015faqlarla qartopu oynay\u0131r\u0131q, \u00e7\u00fcnki onsuz da \u015fagird az g\u0259lir&#8221;.<\/p>\n\n\n\n<figure class=\"wp-block-image size-large\"><img decoding=\"async\" width=\"1200\" height=\"540\" data-src=\"https:\/\/www.meydan.tv\/wp-content\/uploads\/img-20230109-wa0054-1200x540.jpg\" alt=\"\" class=\"wp-image-266028 lazyload\" src=\"data:image\/svg+xml;base64,PHN2ZyB3aWR0aD0iMSIgaGVpZ2h0PSIxIiB4bWxucz0iaHR0cDovL3d3dy53My5vcmcvMjAwMC9zdmciPjwvc3ZnPg==\" style=\"--smush-placeholder-width: 1200px; --smush-placeholder-aspect-ratio: 1200\/540;\" \/><\/figure>\n\n\n\n<p><strong>&#8220;5-6 d\u0259f\u0259 normal ya\u011f\u0131nt\u0131 olsun ki, faydas\u0131n\u0131 geni\u015f miqyasda g\u00f6r\u0259k&#8221;<\/strong><\/p>\n\n\n\n<p>Heyvandarl\u0131qla m\u0259\u015f\u011ful olan M\u0259lik\u0259nd sakini S\u0259rk\u0259r S\u00fcleymanov da&nbsp; ya\u011f\u0131nt\u0131n\u0131n faydalar\u0131 v\u0259 yaratd\u0131\u011f\u0131 probleml\u0259r\u0259 toxundu. O deyir ki, qardan sonrak\u0131 \u015faxta torpa\u011f\u0131n \u00fcst qat\u0131n\u0131 m\u00fcnbitl\u0259\u015fdirir. Ancaq bir d\u0259f\u0259 ya\u011fmaqla m\u00fcnbitlik al\u0131nmaz, g\u0259r\u0259k q\u0131\u015f m\u00f6vs\u00fcm\u00fcnd\u0259 5-6 bel\u0259 normal ya\u011f\u0131nt\u0131 olsun:<\/p>\n\n\n\n<figure class=\"wp-block-image size-large\"><img decoding=\"async\" width=\"1200\" height=\"540\" data-src=\"https:\/\/www.meydan.tv\/wp-content\/uploads\/img-20230109-wa0041-1200x540.jpg\" alt=\"\" class=\"wp-image-266038 lazyload\" src=\"data:image\/svg+xml;base64,PHN2ZyB3aWR0aD0iMSIgaGVpZ2h0PSIxIiB4bWxucz0iaHR0cDovL3d3dy53My5vcmcvMjAwMC9zdmciPjwvc3ZnPg==\" style=\"--smush-placeholder-width: 1200px; --smush-placeholder-aspect-ratio: 1200\/540;\" \/><\/figure>\n\n\n\n<p>&#8220;Ya\u011f\u0131nt\u0131 \u0259vv\u0259lc\u0259 \u00e7ox hiss olundu, amma getdikc\u0259 \u0259ridi. G\u0259r\u0259k qar 5-6 sm otursun. Bel\u0259 q\u0131sam\u00fcdd\u0259tli qar suya torpa\u011fa qar\u0131\u015f\u0131b pal\u00e7\u0131q yarad\u0131r, h\u0259r\u0259k\u0259ti d\u0259 iflic edir.&nbsp; Bel\u0259 hava \u015f\u0259raitind\u0259 t\u0259s\u0259rr\u00fcfatda, ba\u011fda \u00e7al\u0131\u015fmaq olmur. Amma m\u0259n calaq\u00e7\u0131l\u0131qla m\u0259\u015f\u011ful oldu\u011fumdan 15 calaq \u00e7\u0131xar\u0131b satd\u0131m&#8221;.<\/p>\n\n\n\n<figure class=\"wp-block-image size-large\"><img decoding=\"async\" width=\"1200\" height=\"540\" data-src=\"https:\/\/www.meydan.tv\/wp-content\/uploads\/img-20230109-wa0040-1200x540.jpg\" alt=\"\" class=\"wp-image-266031 lazyload\" src=\"data:image\/svg+xml;base64,PHN2ZyB3aWR0aD0iMSIgaGVpZ2h0PSIxIiB4bWxucz0iaHR0cDovL3d3dy53My5vcmcvMjAwMC9zdmciPjwvc3ZnPg==\" style=\"--smush-placeholder-width: 1200px; --smush-placeholder-aspect-ratio: 1200\/540;\" \/><\/figure>\n\n\n\n<p>Probleml\u0259r\u0259 g\u0259linc\u0259, dig\u0259r sakinl\u0259r kimi S\u0259rk\u0259r S\u00fcleymanovun da qay\u011f\u0131lar\u0131 az deyil:<\/p>\n\n\n\n<p>&#8220;Heyvanlar\u0131mla m\u0259\u015f\u011ful oluram, heyvanlara, x\u00fcsusil\u0259 qaramala soyuqdur. Soyuq suyu i\u00e7m\u0259k heyvanlar\u0131 x\u0259st\u0259l\u0259ndir\u0259 bilir&#8221;.<\/p>\n\n\n\n<p><strong>&#8220;\u018fsl k\u0259t\u0259 havas\u0131d\u0131r&#8221;<\/strong><\/p>\n\n\n\n<p>\u015eaxtal\u0131 v\u0259 qarl\u0131 havalar g\u00f6y\u00e7ayl\u0131lar\u0131n m\u0259i\u015f\u0259tin\u0259 d\u0259 r\u0259ng qat\u0131r. M\u0259s\u0259l\u0259n, \u0259n \u00e7ox g\u00f6y\u00e7ayl\u0131lar\u0131n haz\u0131rlad\u0131\u011f\u0131 narl\u0131 v\u0259 balqabaql\u0131 k\u0259t\u0259 (bu zonada qutab bel\u0259 adlan\u0131r) bel\u0259 havalarda diqq\u0259t \u00e7\u0259kir. Dem\u0259k olar ki, bu f\u0259sild\u0259 b\u00fct\u00fcn k\u0259nd evl\u0259rind\u0259 sobalar t\u00fcst\u00fcl\u0259nir v\u0259 h\u0259r bir evd\u0259 k\u0259t\u0259y\u0259 rast g\u0259lm\u0259k olur. H\u0259tta k\u0259t\u0259 haz\u0131rlay\u0131b satanlar da az deyil&#8230;<\/p>\n\n\n\n<figure class=\"wp-block-image size-large\"><img decoding=\"async\" width=\"1200\" height=\"540\" data-src=\"https:\/\/www.meydan.tv\/wp-content\/uploads\/img-20230108-wa0207-1200x540.jpg\" alt=\"\" class=\"wp-image-265979 lazyload\" src=\"data:image\/svg+xml;base64,PHN2ZyB3aWR0aD0iMSIgaGVpZ2h0PSIxIiB4bWxucz0iaHR0cDovL3d3dy53My5vcmcvMjAwMC9zdmciPjwvc3ZnPg==\" style=\"--smush-placeholder-width: 1200px; --smush-placeholder-aspect-ratio: 1200\/540;\" \/><\/figure>\n\n\n\n<p>&#8220;\u018fsl k\u0259t\u0259 havas\u0131d\u0131r&#8221; dey\u0259n Ceyran \u0130smay\u0131lova G\u00f6y\u00e7ay\u0131n M\u0131rt\u0131 k\u0259ndin\u0259 g\u0259lin k\u00f6\u00e7\u00fcb. Deyir ki, q\u0131\u015fda tez-tez k\u0259t\u0259 haz\u0131rlay\u0131r, amma \u0259m\u0259yi a\u011f\u0131r v\u0259 vaxt aparand\u0131r. O, ancaq evd\u0259 yem\u0259k \u00fc\u00e7\u00fcn k\u0259t\u0259 bi\u015firir v\u0259 bunu anas\u0131ndan, n\u0259n\u0259sind\u0259n \u00f6yr\u0259ndiyini deyir:<\/p>\n\n\n\n<figure class=\"wp-block-image size-large\"><img decoding=\"async\" width=\"1200\" height=\"540\" data-src=\"https:\/\/www.meydan.tv\/wp-content\/uploads\/img-20230108-wa0171-1200x540.jpg\" alt=\"\" class=\"wp-image-265994 lazyload\" src=\"data:image\/svg+xml;base64,PHN2ZyB3aWR0aD0iMSIgaGVpZ2h0PSIxIiB4bWxucz0iaHR0cDovL3d3dy53My5vcmcvMjAwMC9zdmciPjwvc3ZnPg==\" style=\"--smush-placeholder-width: 1200px; --smush-placeholder-aspect-ratio: 1200\/540;\" \/><\/figure>\n\n\n\n<p>&#8220;U\u015faql\u0131qdan n\u0259n\u0259l\u0259rim, anam tez-tez bi\u015fir\u0259rdi. El\u0259 olurdu iki, \u00fc\u00e7 qon\u015fu birl\u0259\u015fib bi\u015fir\u0259r, sonra b\u00f6l\u0259rdik. Xo\u015fb\u0259xt g\u00fcnl\u0259r idi. \u0130ndi d\u0259 edirik, ancaq h\u0259r k\u0259s \u00f6z evind\u0259. O do\u011fmal\u0131q, o mehribanl\u0131q da qalmay\u0131b&#8221;.<\/p>\n\n\n\n<figure class=\"wp-block-image size-large\"><img decoding=\"async\" width=\"1200\" height=\"540\" data-src=\"https:\/\/www.meydan.tv\/wp-content\/uploads\/img-20230108-wa0149-1200x540.jpg\" alt=\"\" class=\"wp-image-266006 lazyload\" src=\"data:image\/svg+xml;base64,PHN2ZyB3aWR0aD0iMSIgaGVpZ2h0PSIxIiB4bWxucz0iaHR0cDovL3d3dy53My5vcmcvMjAwMC9zdmciPjwvc3ZnPg==\" style=\"--smush-placeholder-width: 1200px; --smush-placeholder-aspect-ratio: 1200\/540;\" \/><\/figure>\n\n\n\n<p><strong>Buz ba\u011flam\u0131\u015f v\u0259 pal\u00e7\u0131ql\u0131 yollar&#8230;<\/strong><\/p>\n\n\n\n<p>Dig\u0259r rayonlar kimi G\u00f6y\u00e7ay\u0131n da \u0259sas probleml\u0259rind\u0259n biri yollarla ba\u011fl\u0131d\u0131r. Sakinl\u0259r deyirl\u0259r ki, qardan sonra yollar\u0131n buz ba\u011flamas\u0131 n\u0259 q\u0259d\u0259r problem yaratsa da, k\u0259nd yollar\u0131nda pal\u00e7\u0131q h\u0259r\u0259k\u0259ti iflic edir.<\/p>\n\n\n\n<p>H\u0259l\u0259 d\u0259 bir \u00e7ox k\u0259ndl\u0259rd\u0259 yollar\u0131n asfaltlanmay\u0131b, m\u0259hl\u0259aras\u0131 yollar\u0131 is\u0259 bel\u0259 havalarda bataql\u0131\u011f\u0131 xat\u0131rlad\u0131r.<\/p>\n\n\n\n<figure class=\"wp-block-image size-full is-resized\"><img decoding=\"async\" data-src=\"https:\/\/www.meydan.tv\/wp-content\/uploads\/img-20230109-wa0048.jpg\" alt=\"\" class=\"wp-image-266058 lazyload\" width=\"799\" height=\"360\" src=\"data:image\/svg+xml;base64,PHN2ZyB3aWR0aD0iMSIgaGVpZ2h0PSIxIiB4bWxucz0iaHR0cDovL3d3dy53My5vcmcvMjAwMC9zdmciPjwvc3ZnPg==\" style=\"--smush-placeholder-width: 799px; --smush-placeholder-aspect-ratio: 799\/360;\" \/><\/figure>\n","protected":false},"excerpt":{"rendered":"<p>Sakinl\u0259r h\u0259m sevinir, h\u0259m d\u0259 qay\u011f\u0131lar\u0131n\u0131 b\u00f6l\u00fc\u015f\u00fcrl\u0259r \u00d6t\u0259n h\u0259ft\u0259 havalar\u0131n &#8230; <\/p>\n<p class=\"read-more-container\"><a title=\"Aran\u0131n qar d\u0259rdi\" class=\"read-more button\" href=\"https:\/\/www.meydan.tv\/az\/article\/aranin-qar-derdi\/#more-266021\" aria-label=\"Read more about Aran\u0131n qar d\u0259rdi\">Davam\u0131<\/a><\/p>\n","protected":false},"author":8,"featured_media":266050,"comment_status":"closed","ping_status":"closed","sticky":false,"template":"","format":"standard","meta":{"_acf_changed":false,"_sitemap_exclude":false,"_sitemap_priority":"","_sitemap_frequency":"","footnotes":""},"categories":[60,79,56],"tags":[],"class_list":["post-266021","post","type-post","status-publish","format-standard","has-post-thumbnail","hentry","category-bolge","category-featured","category-xeberler","infinite-scroll-item","generate-columns","tablet-grid-50","mobile-grid-100","grid-parent","grid-33","no-featured-image-padding"],"acf":[],"yoast_head":"<!-- This site is optimized with the Yoast SEO plugin v27.5 - https:\/\/yoast.com\/product\/yoast-seo-wordpress\/ -->\n<title>Aran\u0131n qar d\u0259rdi - MEYDAN.TV<\/title>\n<meta name=\"robots\" content=\"index, follow, max-snippet:-1, max-image-preview:large, max-video-preview:-1\" \/>\n<link rel=\"canonical\" href=\"https:\/\/www.meydan.tv\/az\/article\/aranin-qar-derdi\/\" \/>\n<meta property=\"og:locale\" content=\"az_AZ\" \/>\n<meta property=\"og:type\" content=\"article\" \/>\n<meta property=\"og:title\" content=\"Aran\u0131n qar d\u0259rdi - MEYDAN.TV\" \/>\n<meta property=\"og:description\" content=\"Sakinl\u0259r h\u0259m sevinir, h\u0259m d\u0259 qay\u011f\u0131lar\u0131n\u0131 b\u00f6l\u00fc\u015f\u00fcrl\u0259r \u00d6t\u0259n h\u0259ft\u0259 havalar\u0131n ... Davam\u0131\" \/>\n<meta property=\"og:url\" content=\"https:\/\/www.meydan.tv\/az\/article\/aranin-qar-derdi\/\" \/>\n<meta property=\"og:site_name\" content=\"MEYDAN.TV\" \/>\n<meta property=\"article:published_time\" content=\"2023-01-18T08:42:14+00:00\" \/>\n<meta property=\"article:modified_time\" content=\"2023-01-18T08:47:50+00:00\" \/>\n<meta property=\"og:image\" content=\"https:\/\/www.meydan.tv\/wp-content\/uploads\/img-20230109-wa0034-1.jpg\" \/>\n\t<meta property=\"og:image:width\" content=\"1200\" \/>\n\t<meta property=\"og:image:height\" content=\"540\" \/>\n\t<meta property=\"og:image:type\" content=\"image\/jpeg\" \/>\n<meta name=\"author\" content=\"elli\" \/>\n<meta name=\"twitter:card\" content=\"summary_large_image\" \/>\n<meta name=\"twitter:creator\" content=\"@elli\" \/>\n<script type=\"application\/ld+json\" class=\"yoast-schema-graph\">{\"@context\":\"https:\\\/\\\/schema.org\",\"@graph\":[{\"@type\":\"Article\",\"@id\":\"https:\\\/\\\/www.meydan.tv\\\/az\\\/article\\\/aranin-qar-derdi\\\/#article\",\"isPartOf\":{\"@id\":\"https:\\\/\\\/www.meydan.tv\\\/az\\\/article\\\/aranin-qar-derdi\\\/\"},\"author\":{\"name\":\"elli\",\"@id\":\"https:\\\/\\\/www.meydan.tv\\\/az\\\/#\\\/schema\\\/person\\\/9cdbecf90d17180ce1dfbd95b08dcf47\"},\"headline\":\"Aran\u0131n qar d\u0259rdi\",\"datePublished\":\"2023-01-18T08:42:14+00:00\",\"dateModified\":\"2023-01-18T08:47:50+00:00\",\"mainEntityOfPage\":{\"@id\":\"https:\\\/\\\/www.meydan.tv\\\/az\\\/article\\\/aranin-qar-derdi\\\/\"},\"wordCount\":1303,\"publisher\":{\"@id\":\"https:\\\/\\\/www.meydan.tv\\\/az\\\/#organization\"},\"image\":{\"@id\":\"https:\\\/\\\/www.meydan.tv\\\/az\\\/article\\\/aranin-qar-derdi\\\/#primaryimage\"},\"thumbnailUrl\":\"https:\\\/\\\/www.meydan.tv\\\/wp-content\\\/uploads\\\/img-20230109-wa0034-1.jpg\",\"articleSection\":[\"B\u00f6lg\u0259\",\"T\u00f6vsiy\u0259\",\"X\u0259b\u0259rl\u0259r\"],\"inLanguage\":\"az\"},{\"@type\":\"WebPage\",\"@id\":\"https:\\\/\\\/www.meydan.tv\\\/az\\\/article\\\/aranin-qar-derdi\\\/\",\"url\":\"https:\\\/\\\/www.meydan.tv\\\/az\\\/article\\\/aranin-qar-derdi\\\/\",\"name\":\"Aran\u0131n qar d\u0259rdi - MEYDAN.TV\",\"isPartOf\":{\"@id\":\"https:\\\/\\\/www.meydan.tv\\\/az\\\/#website\"},\"primaryImageOfPage\":{\"@id\":\"https:\\\/\\\/www.meydan.tv\\\/az\\\/article\\\/aranin-qar-derdi\\\/#primaryimage\"},\"image\":{\"@id\":\"https:\\\/\\\/www.meydan.tv\\\/az\\\/article\\\/aranin-qar-derdi\\\/#primaryimage\"},\"thumbnailUrl\":\"https:\\\/\\\/www.meydan.tv\\\/wp-content\\\/uploads\\\/img-20230109-wa0034-1.jpg\",\"datePublished\":\"2023-01-18T08:42:14+00:00\",\"dateModified\":\"2023-01-18T08:47:50+00:00\",\"breadcrumb\":{\"@id\":\"https:\\\/\\\/www.meydan.tv\\\/az\\\/article\\\/aranin-qar-derdi\\\/#breadcrumb\"},\"inLanguage\":\"az\",\"potentialAction\":[{\"@type\":\"ReadAction\",\"target\":[\"https:\\\/\\\/www.meydan.tv\\\/az\\\/article\\\/aranin-qar-derdi\\\/\"]}]},{\"@type\":\"ImageObject\",\"inLanguage\":\"az\",\"@id\":\"https:\\\/\\\/www.meydan.tv\\\/az\\\/article\\\/aranin-qar-derdi\\\/#primaryimage\",\"url\":\"https:\\\/\\\/www.meydan.tv\\\/wp-content\\\/uploads\\\/img-20230109-wa0034-1.jpg\",\"contentUrl\":\"https:\\\/\\\/www.meydan.tv\\\/wp-content\\\/uploads\\\/img-20230109-wa0034-1.jpg\",\"width\":1200,\"height\":540,\"caption\":\"Fotolar: Meydan TV\"},{\"@type\":\"BreadcrumbList\",\"@id\":\"https:\\\/\\\/www.meydan.tv\\\/az\\\/article\\\/aranin-qar-derdi\\\/#breadcrumb\",\"itemListElement\":[{\"@type\":\"ListItem\",\"position\":1,\"name\":\"Ana s\u0259hif\u0259\",\"item\":\"https:\\\/\\\/www.meydan.tv\\\/az\\\/\"},{\"@type\":\"ListItem\",\"position\":2,\"name\":\"B\u00f6lg\u0259\",\"item\":\"https:\\\/\\\/www.meydan.tv\\\/az\\\/section\\\/bolge\\\/\"},{\"@type\":\"ListItem\",\"position\":3,\"name\":\"Aran\u0131n qar d\u0259rdi\"}]},{\"@type\":\"WebSite\",\"@id\":\"https:\\\/\\\/www.meydan.tv\\\/az\\\/#website\",\"url\":\"https:\\\/\\\/www.meydan.tv\\\/az\\\/\",\"name\":\"MEYDAN.TV\",\"description\":\"Meydan TV Az\u0259rbaycan\u0131n media m\u0259kan\u0131ndak\u0131 alternativ s\u0259sidir\",\"publisher\":{\"@id\":\"https:\\\/\\\/www.meydan.tv\\\/az\\\/#organization\"},\"potentialAction\":[{\"@type\":\"SearchAction\",\"target\":{\"@type\":\"EntryPoint\",\"urlTemplate\":\"https:\\\/\\\/www.meydan.tv\\\/az\\\/?s={search_term_string}\"},\"query-input\":{\"@type\":\"PropertyValueSpecification\",\"valueRequired\":true,\"valueName\":\"search_term_string\"}}],\"inLanguage\":\"az\"},{\"@type\":\"Organization\",\"@id\":\"https:\\\/\\\/www.meydan.tv\\\/az\\\/#organization\",\"name\":\"Meydan TV\",\"url\":\"https:\\\/\\\/www.meydan.tv\\\/az\\\/\",\"logo\":{\"@type\":\"ImageObject\",\"inLanguage\":\"az\",\"@id\":\"https:\\\/\\\/www.meydan.tv\\\/az\\\/#\\\/schema\\\/logo\\\/image\\\/\",\"url\":\"https:\\\/\\\/www.meydan.tv\\\/wp-content\\\/uploads\\\/2021\\\/07\\\/meydan-logo.svg\",\"contentUrl\":\"https:\\\/\\\/www.meydan.tv\\\/wp-content\\\/uploads\\\/2021\\\/07\\\/meydan-logo.svg\",\"width\":195,\"height\":46,\"caption\":\"Meydan TV\"},\"image\":{\"@id\":\"https:\\\/\\\/www.meydan.tv\\\/az\\\/#\\\/schema\\\/logo\\\/image\\\/\"}},{\"@type\":\"Person\",\"@id\":\"https:\\\/\\\/www.meydan.tv\\\/az\\\/#\\\/schema\\\/person\\\/9cdbecf90d17180ce1dfbd95b08dcf47\",\"name\":\"elli\",\"sameAs\":[\"https:\\\/\\\/x.com\\\/elli\"]}]}<\/script>\n<!-- \/ Yoast SEO plugin. -->","yoast_head_json":{"title":"Aran\u0131n qar d\u0259rdi - MEYDAN.TV","robots":{"index":"index","follow":"follow","max-snippet":"max-snippet:-1","max-image-preview":"max-image-preview:large","max-video-preview":"max-video-preview:-1"},"canonical":"https:\/\/www.meydan.tv\/az\/article\/aranin-qar-derdi\/","og_locale":"az_AZ","og_type":"article","og_title":"Aran\u0131n qar d\u0259rdi - MEYDAN.TV","og_description":"Sakinl\u0259r h\u0259m sevinir, h\u0259m d\u0259 qay\u011f\u0131lar\u0131n\u0131 b\u00f6l\u00fc\u015f\u00fcrl\u0259r \u00d6t\u0259n h\u0259ft\u0259 havalar\u0131n ... Davam\u0131","og_url":"https:\/\/www.meydan.tv\/az\/article\/aranin-qar-derdi\/","og_site_name":"MEYDAN.TV","article_published_time":"2023-01-18T08:42:14+00:00","article_modified_time":"2023-01-18T08:47:50+00:00","og_image":[{"width":1200,"height":540,"url":"https:\/\/www.meydan.tv\/wp-content\/uploads\/img-20230109-wa0034-1.jpg","type":"image\/jpeg"}],"author":"elli","twitter_card":"summary_large_image","twitter_creator":"@elli","schema":{"@context":"https:\/\/schema.org","@graph":[{"@type":"Article","@id":"https:\/\/www.meydan.tv\/az\/article\/aranin-qar-derdi\/#article","isPartOf":{"@id":"https:\/\/www.meydan.tv\/az\/article\/aranin-qar-derdi\/"},"author":{"name":"elli","@id":"https:\/\/www.meydan.tv\/az\/#\/schema\/person\/9cdbecf90d17180ce1dfbd95b08dcf47"},"headline":"Aran\u0131n qar d\u0259rdi","datePublished":"2023-01-18T08:42:14+00:00","dateModified":"2023-01-18T08:47:50+00:00","mainEntityOfPage":{"@id":"https:\/\/www.meydan.tv\/az\/article\/aranin-qar-derdi\/"},"wordCount":1303,"publisher":{"@id":"https:\/\/www.meydan.tv\/az\/#organization"},"image":{"@id":"https:\/\/www.meydan.tv\/az\/article\/aranin-qar-derdi\/#primaryimage"},"thumbnailUrl":"https:\/\/www.meydan.tv\/wp-content\/uploads\/img-20230109-wa0034-1.jpg","articleSection":["B\u00f6lg\u0259","T\u00f6vsiy\u0259","X\u0259b\u0259rl\u0259r"],"inLanguage":"az"},{"@type":"WebPage","@id":"https:\/\/www.meydan.tv\/az\/article\/aranin-qar-derdi\/","url":"https:\/\/www.meydan.tv\/az\/article\/aranin-qar-derdi\/","name":"Aran\u0131n qar d\u0259rdi - MEYDAN.TV","isPartOf":{"@id":"https:\/\/www.meydan.tv\/az\/#website"},"primaryImageOfPage":{"@id":"https:\/\/www.meydan.tv\/az\/article\/aranin-qar-derdi\/#primaryimage"},"image":{"@id":"https:\/\/www.meydan.tv\/az\/article\/aranin-qar-derdi\/#primaryimage"},"thumbnailUrl":"https:\/\/www.meydan.tv\/wp-content\/uploads\/img-20230109-wa0034-1.jpg","datePublished":"2023-01-18T08:42:14+00:00","dateModified":"2023-01-18T08:47:50+00:00","breadcrumb":{"@id":"https:\/\/www.meydan.tv\/az\/article\/aranin-qar-derdi\/#breadcrumb"},"inLanguage":"az","potentialAction":[{"@type":"ReadAction","target":["https:\/\/www.meydan.tv\/az\/article\/aranin-qar-derdi\/"]}]},{"@type":"ImageObject","inLanguage":"az","@id":"https:\/\/www.meydan.tv\/az\/article\/aranin-qar-derdi\/#primaryimage","url":"https:\/\/www.meydan.tv\/wp-content\/uploads\/img-20230109-wa0034-1.jpg","contentUrl":"https:\/\/www.meydan.tv\/wp-content\/uploads\/img-20230109-wa0034-1.jpg","width":1200,"height":540,"caption":"Fotolar: Meydan TV"},{"@type":"BreadcrumbList","@id":"https:\/\/www.meydan.tv\/az\/article\/aranin-qar-derdi\/#breadcrumb","itemListElement":[{"@type":"ListItem","position":1,"name":"Ana s\u0259hif\u0259","item":"https:\/\/www.meydan.tv\/az\/"},{"@type":"ListItem","position":2,"name":"B\u00f6lg\u0259","item":"https:\/\/www.meydan.tv\/az\/section\/bolge\/"},{"@type":"ListItem","position":3,"name":"Aran\u0131n qar d\u0259rdi"}]},{"@type":"WebSite","@id":"https:\/\/www.meydan.tv\/az\/#website","url":"https:\/\/www.meydan.tv\/az\/","name":"MEYDAN.TV","description":"Meydan TV Az\u0259rbaycan\u0131n media m\u0259kan\u0131ndak\u0131 alternativ s\u0259sidir","publisher":{"@id":"https:\/\/www.meydan.tv\/az\/#organization"},"potentialAction":[{"@type":"SearchAction","target":{"@type":"EntryPoint","urlTemplate":"https:\/\/www.meydan.tv\/az\/?s={search_term_string}"},"query-input":{"@type":"PropertyValueSpecification","valueRequired":true,"valueName":"search_term_string"}}],"inLanguage":"az"},{"@type":"Organization","@id":"https:\/\/www.meydan.tv\/az\/#organization","name":"Meydan TV","url":"https:\/\/www.meydan.tv\/az\/","logo":{"@type":"ImageObject","inLanguage":"az","@id":"https:\/\/www.meydan.tv\/az\/#\/schema\/logo\/image\/","url":"https:\/\/www.meydan.tv\/wp-content\/uploads\/2021\/07\/meydan-logo.svg","contentUrl":"https:\/\/www.meydan.tv\/wp-content\/uploads\/2021\/07\/meydan-logo.svg","width":195,"height":46,"caption":"Meydan TV"},"image":{"@id":"https:\/\/www.meydan.tv\/az\/#\/schema\/logo\/image\/"}},{"@type":"Person","@id":"https:\/\/www.meydan.tv\/az\/#\/schema\/person\/9cdbecf90d17180ce1dfbd95b08dcf47","name":"elli","sameAs":["https:\/\/x.com\/elli"]}]}},"_links":{"self":[{"href":"https:\/\/www.meydan.tv\/az\/wp-json\/wp\/v2\/posts\/266021","targetHints":{"allow":["GET"]}}],"collection":[{"href":"https:\/\/www.meydan.tv\/az\/wp-json\/wp\/v2\/posts"}],"about":[{"href":"https:\/\/www.meydan.tv\/az\/wp-json\/wp\/v2\/types\/post"}],"author":[{"embeddable":true,"href":"https:\/\/www.meydan.tv\/az\/wp-json\/wp\/v2\/users\/8"}],"replies":[{"embeddable":true,"href":"https:\/\/www.meydan.tv\/az\/wp-json\/wp\/v2\/comments?post=266021"}],"version-history":[{"count":2,"href":"https:\/\/www.meydan.tv\/az\/wp-json\/wp\/v2\/posts\/266021\/revisions"}],"predecessor-version":[{"id":266062,"href":"https:\/\/www.meydan.tv\/az\/wp-json\/wp\/v2\/posts\/266021\/revisions\/266062"}],"wp:featuredmedia":[{"embeddable":true,"href":"https:\/\/www.meydan.tv\/az\/wp-json\/wp\/v2\/media\/266050"}],"wp:attachment":[{"href":"https:\/\/www.meydan.tv\/az\/wp-json\/wp\/v2\/media?parent=266021"}],"wp:term":[{"taxonomy":"category","embeddable":true,"href":"https:\/\/www.meydan.tv\/az\/wp-json\/wp\/v2\/categories?post=266021"},{"taxonomy":"post_tag","embeddable":true,"href":"https:\/\/www.meydan.tv\/az\/wp-json\/wp\/v2\/tags?post=266021"}],"curies":[{"name":"wp","href":"https:\/\/api.w.org\/{rel}","templated":true}]}}