{"id":265918,"date":"2023-01-17T20:49:37","date_gmt":"2023-01-17T16:49:37","guid":{"rendered":"https:\/\/www.meydan.tv\/?p=265918"},"modified":"2023-01-17T20:49:39","modified_gmt":"2023-01-17T16:49:39","slug":"kend-sakini-bir-gun-esidersiz-ki-zuvucde-bir-aile-dagintilar-altinda-qalib","status":"publish","type":"post","link":"https:\/\/www.meydan.tv\/az\/article\/kend-sakini-bir-gun-esidersiz-ki-zuvucde-bir-aile-dagintilar-altinda-qalib\/","title":{"rendered":"K\u0259nd sakini: \u201c Bir g\u00fcn e\u015fid\u0259rsiz ki, Z\u00fcv\u00fccd\u0259 bir ail\u0259 da\u011f\u0131nt\u0131lar alt\u0131nda qal\u0131b\u201d"},"content":{"rendered":"\n<p><\/p>\n\n\n\n<p><em>V\u0259t\u0259nda\u015f evin\u00a0 s\u00fcr\u00fc\u015fm\u0259d\u0259n, r\u0259smi qurum is\u0259 k\u00f6hn\u0259likd\u0259n da\u011f\u0131ld\u0131\u011f\u0131n\u0131 deyir<\/em><\/p>\n\n\n\n<p>\u201cEvin \u00f6z\u00fcl\u00fc \u00e7\u00f6k\u00fcb, h\u0259r g\u00fcn\u00fcm\u00fcz\u00fc, an\u0131m\u0131z\u0131 s\u0259ks\u0259k\u0259 i\u00e7ind\u0259 ya\u015fay\u0131r\u0131q. Hara m\u00fcraci\u0259t ediriks\u0259, deyirl\u0259r, bizlik deyil\u201d.<\/p>\n\n\n\n<p>Bunu Meydan TV-y\u0259 Lerikin Z\u00fcv\u00fc\u00e7 k\u0259nd sakini Tural H\u0259s\u0259nli deyir. \u015eikay\u0259t\u00e7i iddia edir ki, bir ne\u00e7\u0259 ildir ki, k\u0259ndd\u0259 ba\u015f ver\u0259n torpaq s\u00fcr\u00fc\u015fm\u0259l\u0259ri n\u0259tic\u0259sind\u0259 ya\u015fad\u0131qlar\u0131 ev q\u0259zal\u0131 v\u0259ziyy\u0259t\u0259 d\u00fc\u015f\u00fcb. Ancaq aidiyy\u0259ti qurumlar \u00e7ar\u0259sin\u0259 baxmay\u0131blar. Bir ne\u00e7\u0259 il \u0259vv\u0259l k\u0259ndd\u0259ki evl\u0259r\u0259 bax\u0131\u015f ke\u00e7ir\u0259nd\u0259 onlar\u0131n evi \u201cyaddan \u00e7\u0131x\u0131b\u201d.<\/p>\n\n\n\n<p>\u201c<strong>Kor-kor, g\u00f6r-g\u00f6r, evimiz \u00e7\u00f6k\u00fcr\u201d<\/strong><\/p>\n\n\n\n<p>\u015eikay\u0259t\u00e7i deyir, uzun ill\u0259rdir ki, aidiyy\u0259ti qurumlar\u0131n n\u00fcmay\u0259nd\u0259l\u0259rini g\u00f6zl\u0259y\u0259-g\u00f6zl\u0259y\u0259 qal\u0131blar:<\/p>\n\n\n\n<p>\u201cK\u0259ndd\u0259 bel\u0259 evl\u0259r \u00e7ox idi. Ham\u0131s\u0131na \u00e7ar\u0259 etdil\u0259r. T\u0259kc\u0259 biz\u0259 bel\u0259 yana\u015f\u0131rlar. Halbuki, son vaxtlarda s\u00fcr\u00fc\u015fm\u0259nin aktivl\u0259\u015fdiyi d\u0259r\u0259 deyil\u0259n \u0259raziy\u0259 \u0259n yax\u0131n ev bizimkidir. Kor-kor, g\u00f6r-g\u00f6r, evimiz \u00e7\u00f6k\u00fcr, \u00f6z\u00fcl t\u0259rp\u0259nir, divarlar\u0131 aralan\u0131b. K\u0259ndd\u0259 bizd\u0259n ba\u015fqa ham\u0131n\u0131n evi t\u0259mir-b\u0259rpa olunub, h\u0259tta t\u0259z\u0259 evl\u0259r d\u0259 tikilib, paylan\u0131b. Birc\u0259 bizi g\u00f6rm\u0259zd\u0259n g\u0259lirl\u0259r. 6-c\u0131 il\u0259 ke\u00e7ib ki, F\u00f6vq\u0259lad\u0259 Hallar Nazirliyin\u0259, Ekologiya v\u0259 T\u0259bii S\u0259rv\u0259tl\u0259r Nazirliyin\u0259 m\u00fcraci\u0259t edirik. Evin fotolar\u0131n\u0131, videolar\u0131n\u0131 \u00e7\u0259kib g\u00f6nd\u0259rmi\u015fik. Ax\u0131 biz v\u0259t\u0259nda\u015f\u0131q, haray \u00e7\u0259kirik ki, h\u0259yat\u0131m\u0131z t\u0259hl\u00fck\u0259d\u0259dir, getm\u0259y\u0259 yerimiz yoxdur, g\u0259lib itirib-axtaran yoxdur\u201d.<\/p>\n\n\n\n<p><strong>\u201cEv s\u00fcr\u00fc\u015fm\u0259d\u0259n yox, k\u00f6hn\u0259likd\u0259n q\u0259zal\u0131 v\u0259ziyy\u0259t\u0259 d\u00fc\u015f\u00fcb\u201d<\/strong><\/p>\n\n\n\n<p>Lerik Rayon \u0130cra Hakimiyy\u0259tind\u0259n Meydan TV-y\u0259 bildirilib ki, Z\u00fcv\u00fccd\u0259ki H\u0259s\u0259nlil\u0259r ail\u0259si d\u0259f\u0259l\u0259rl\u0259 quruma m\u00fcraci\u0259t edibl\u0259r. H\u0259tta qurumun r\u0259hb\u0259rliyi d\u0259 h\u0259min evd\u0259 olub:<\/p>\n\n\n\n<p>\u201cHardasa 3 il \u0259vv\u0259l ba\u015f\u00e7\u0131n\u0131n birinci m\u00fcavini C\u0259lil Bax\u015f\u0131yev orda olub. Qurum da F\u00f6vq\u0259lad\u0259 Hallar Nazirliyin\u0259 m\u00fcraci\u0259t edib. \u00c7\u00fcnki icra hakimiyy\u0259ti ev tikmir, t\u0259mir etmir, bel\u0259 bir v\u0259zif\u0259si, s\u0259lahiyy\u0259ti yoxdur. Bu i\u015fl\u0259rl\u0259 F\u00f6vq\u0259lad\u0259 Hallar Nazirliyi m\u0259\u015f\u011ful olur. O da yaln\u0131z o halda m\u0259\u015f\u011ful olur ki, v\u0259t\u0259nda\u015fa m\u0259xsus tikili t\u0259bii f\u0259lak\u0259t n\u0259tic\u0259sind\u0259 da\u011f\u0131lm\u0131\u015f olsun. Ancaq F\u00f6vq\u0259lad\u0259 Hallar Nazirliyind\u0259n\u00a0 biz\u0259 m\u0259lumat verildi ki, h\u0259min ev\u0259 bax\u0131\u015f ke\u00e7irilib. Evin q\u0259zal\u0131 v\u0259ziyy\u0259td\u0259 olmas\u0131n\u0131n s\u00fcr\u00fc\u015fm\u0259yl\u0259 he\u00e7 bir \u0259laq\u0259si yoxdur. K\u00f6hn\u0259 evdir, bel\u0259 halda evi v\u0259t\u0259nda\u015f \u00f6z\u00fc d\u00fcz\u0259ltm\u0259lidir. O v\u0259t\u0259nda\u015f biz\u0259 y\u00fcz d\u0259f\u0259 d\u0259 m\u00fcraci\u0259t ets\u0259, o ev\u0259 n\u00fcmay\u0259nd\u0259miz y\u00fcz d\u0259f\u0259 d\u0259 gedib-g\u0259ls\u0259, cavab eyni olacaq, biz ev tik\u0259n qurum deyilik, s\u0259lahiyy\u0259timiz\u0259 aid deyil v\u0259 biz\u0259 buna g\u00f6r\u0259 b\u00fcdc\u0259 ayr\u0131lm\u0131r\u201d.<\/p>\n\n\n\n<figure class=\"wp-block-image size-large\"><img decoding=\"async\" width=\"579\" height=\"821\" data-src=\"https:\/\/www.meydan.tv\/wp-content\/uploads\/zuvuc_2-579x821.jpeg\" alt=\"\" class=\"wp-image-265915 lazyload\" src=\"data:image\/svg+xml;base64,PHN2ZyB3aWR0aD0iMSIgaGVpZ2h0PSIxIiB4bWxucz0iaHR0cDovL3d3dy53My5vcmcvMjAwMC9zdmciPjwvc3ZnPg==\" style=\"--smush-placeholder-width: 579px; --smush-placeholder-aspect-ratio: 579\/821;\" \/><\/figure>\n\n\n\n<p><strong>H\u00fcquq\u015f\u00fcnas: \u201cEkspertiza ke\u00e7irilm\u0259lidir\u201d<\/strong><\/p>\n\n\n\n<p>Tural H\u0259s\u0259nli is\u0259 raz\u0131la\u015fm\u0131r. Deyir, ev Sovet vaxt\u0131ndan qalma olsa da, q\u0259zal\u0131 olmas\u0131na s\u0259b\u0259b evin \u0259traf\u0131nda intensivl\u0259\u015f\u0259n s\u00fcr\u00fc\u015fm\u0259 olub:<\/p>\n\n\n\n<p>\u201cBir g\u00fcn e\u015fid\u0259rsiz ki, Z\u00fcv\u00fccd\u0259 bir ail\u0259&nbsp; da\u011f\u0131nt\u0131lar alt\u0131nda qal\u0131b\u201d.<\/p>\n\n\n\n<p>H\u00fcquq\u015f\u00fcnas Namiz\u0259d S\u0259f\u0259rov deyir, v\u0259t\u0259nda\u015fla icra orqanlar\u0131 aras\u0131nda bel\u0259 bir fikir ayr\u0131l\u0131\u011f\u0131 yaran\u0131bsa, v\u0259t\u0259nda\u015f m\u0259hk\u0259m\u0259y\u0259 m\u00fcraci\u0259t etm\u0259lidir:<\/p>\n\n\n\n<p>\u201cM\u0259hk\u0259m\u0259 ekspertiza t\u0259yin etm\u0259li, evin hans\u0131 s\u0259b\u0259bd\u0259n q\u0259zal\u0131 v\u0259ziyy\u0259t\u0259 d\u00fc\u015fm\u0259si ekspertiza r\u0259yin\u0259 \u0259sas\u0259n m\u00fc\u0259yy\u0259n edilm\u0259lidir. Bundan sonra m\u0259hk\u0259m\u0259 t\u0259r\u0259find\u0259n cavabdehin \u00fcz\u0259rin\u0259 \u00f6hd\u0259likl\u0259r qoyulmal\u0131d\u0131r\u201d.<\/p>\n","protected":false},"excerpt":{"rendered":"<p>V\u0259t\u0259nda\u015f evin\u00a0 s\u00fcr\u00fc\u015fm\u0259d\u0259n, r\u0259smi qurum is\u0259 k\u00f6hn\u0259likd\u0259n da\u011f\u0131ld\u0131\u011f\u0131n\u0131 deyir \u201cEvin &#8230; <\/p>\n<p class=\"read-more-container\"><a title=\"K\u0259nd sakini: \u201c Bir g\u00fcn e\u015fid\u0259rsiz ki, Z\u00fcv\u00fccd\u0259 bir ail\u0259 da\u011f\u0131nt\u0131lar alt\u0131nda qal\u0131b\u201d\" class=\"read-more button\" href=\"https:\/\/www.meydan.tv\/az\/article\/kend-sakini-bir-gun-esidersiz-ki-zuvucde-bir-aile-dagintilar-altinda-qalib\/#more-265918\" aria-label=\"Read more about K\u0259nd sakini: \u201c Bir g\u00fcn e\u015fid\u0259rsiz ki, Z\u00fcv\u00fccd\u0259 bir ail\u0259 da\u011f\u0131nt\u0131lar alt\u0131nda qal\u0131b\u201d\">Davam\u0131<\/a><\/p>\n","protected":false},"author":8,"featured_media":265912,"comment_status":"closed","ping_status":"closed","sticky":false,"template":"","format":"standard","meta":{"_acf_changed":false,"_sitemap_exclude":false,"_sitemap_priority":"","_sitemap_frequency":"","footnotes":""},"categories":[60,56],"tags":[],"class_list":["post-265918","post","type-post","status-publish","format-standard","has-post-thumbnail","hentry","category-bolge","category-xeberler","infinite-scroll-item","generate-columns","tablet-grid-50","mobile-grid-100","grid-parent","grid-33","no-featured-image-padding"],"acf":[],"yoast_head":"<!-- This site is optimized with the Yoast SEO plugin v27.5 - https:\/\/yoast.com\/product\/yoast-seo-wordpress\/ -->\n<title>K\u0259nd sakini: \u201c Bir g\u00fcn e\u015fid\u0259rsiz ki, Z\u00fcv\u00fccd\u0259 bir ail\u0259 da\u011f\u0131nt\u0131lar alt\u0131nda qal\u0131b\u201d - MEYDAN.TV<\/title>\n<meta name=\"robots\" content=\"index, follow, max-snippet:-1, max-image-preview:large, max-video-preview:-1\" \/>\n<link rel=\"canonical\" href=\"https:\/\/www.meydan.tv\/az\/article\/kend-sakini-bir-gun-esidersiz-ki-zuvucde-bir-aile-dagintilar-altinda-qalib\/\" \/>\n<meta property=\"og:locale\" content=\"az_AZ\" \/>\n<meta property=\"og:type\" content=\"article\" \/>\n<meta property=\"og:title\" content=\"K\u0259nd sakini: \u201c Bir g\u00fcn e\u015fid\u0259rsiz ki, Z\u00fcv\u00fccd\u0259 bir ail\u0259 da\u011f\u0131nt\u0131lar alt\u0131nda qal\u0131b\u201d - MEYDAN.TV\" \/>\n<meta property=\"og:description\" content=\"V\u0259t\u0259nda\u015f evin\u00a0 s\u00fcr\u00fc\u015fm\u0259d\u0259n, r\u0259smi qurum is\u0259 k\u00f6hn\u0259likd\u0259n da\u011f\u0131ld\u0131\u011f\u0131n\u0131 deyir \u201cEvin ... Davam\u0131\" \/>\n<meta property=\"og:url\" content=\"https:\/\/www.meydan.tv\/az\/article\/kend-sakini-bir-gun-esidersiz-ki-zuvucde-bir-aile-dagintilar-altinda-qalib\/\" \/>\n<meta property=\"og:site_name\" content=\"MEYDAN.TV\" \/>\n<meta property=\"article:published_time\" content=\"2023-01-17T16:49:37+00:00\" \/>\n<meta property=\"article:modified_time\" content=\"2023-01-17T16:49:39+00:00\" \/>\n<meta property=\"og:image\" content=\"https:\/\/www.meydan.tv\/wp-content\/uploads\/untitled-design-3-60.jpg\" \/>\n\t<meta property=\"og:image:width\" content=\"1200\" \/>\n\t<meta property=\"og:image:height\" content=\"800\" \/>\n\t<meta property=\"og:image:type\" content=\"image\/jpeg\" \/>\n<meta name=\"author\" content=\"elli\" \/>\n<meta name=\"twitter:card\" content=\"summary_large_image\" \/>\n<meta name=\"twitter:creator\" content=\"@elli\" \/>\n<script type=\"application\/ld+json\" class=\"yoast-schema-graph\">{\"@context\":\"https:\\\/\\\/schema.org\",\"@graph\":[{\"@type\":\"Article\",\"@id\":\"https:\\\/\\\/www.meydan.tv\\\/az\\\/article\\\/kend-sakini-bir-gun-esidersiz-ki-zuvucde-bir-aile-dagintilar-altinda-qalib\\\/#article\",\"isPartOf\":{\"@id\":\"https:\\\/\\\/www.meydan.tv\\\/az\\\/article\\\/kend-sakini-bir-gun-esidersiz-ki-zuvucde-bir-aile-dagintilar-altinda-qalib\\\/\"},\"author\":{\"name\":\"elli\",\"@id\":\"https:\\\/\\\/www.meydan.tv\\\/az\\\/#\\\/schema\\\/person\\\/9cdbecf90d17180ce1dfbd95b08dcf47\"},\"headline\":\"K\u0259nd sakini: \u201c Bir g\u00fcn e\u015fid\u0259rsiz ki, Z\u00fcv\u00fccd\u0259 bir ail\u0259 da\u011f\u0131nt\u0131lar alt\u0131nda qal\u0131b\u201d\",\"datePublished\":\"2023-01-17T16:49:37+00:00\",\"dateModified\":\"2023-01-17T16:49:39+00:00\",\"mainEntityOfPage\":{\"@id\":\"https:\\\/\\\/www.meydan.tv\\\/az\\\/article\\\/kend-sakini-bir-gun-esidersiz-ki-zuvucde-bir-aile-dagintilar-altinda-qalib\\\/\"},\"wordCount\":720,\"publisher\":{\"@id\":\"https:\\\/\\\/www.meydan.tv\\\/az\\\/#organization\"},\"image\":{\"@id\":\"https:\\\/\\\/www.meydan.tv\\\/az\\\/article\\\/kend-sakini-bir-gun-esidersiz-ki-zuvucde-bir-aile-dagintilar-altinda-qalib\\\/#primaryimage\"},\"thumbnailUrl\":\"https:\\\/\\\/www.meydan.tv\\\/wp-content\\\/uploads\\\/untitled-design-3-60.jpg\",\"articleSection\":[\"B\u00f6lg\u0259\",\"X\u0259b\u0259rl\u0259r\"],\"inLanguage\":\"az\"},{\"@type\":\"WebPage\",\"@id\":\"https:\\\/\\\/www.meydan.tv\\\/az\\\/article\\\/kend-sakini-bir-gun-esidersiz-ki-zuvucde-bir-aile-dagintilar-altinda-qalib\\\/\",\"url\":\"https:\\\/\\\/www.meydan.tv\\\/az\\\/article\\\/kend-sakini-bir-gun-esidersiz-ki-zuvucde-bir-aile-dagintilar-altinda-qalib\\\/\",\"name\":\"K\u0259nd sakini: \u201c Bir g\u00fcn e\u015fid\u0259rsiz ki, Z\u00fcv\u00fccd\u0259 bir ail\u0259 da\u011f\u0131nt\u0131lar alt\u0131nda qal\u0131b\u201d - MEYDAN.TV\",\"isPartOf\":{\"@id\":\"https:\\\/\\\/www.meydan.tv\\\/az\\\/#website\"},\"primaryImageOfPage\":{\"@id\":\"https:\\\/\\\/www.meydan.tv\\\/az\\\/article\\\/kend-sakini-bir-gun-esidersiz-ki-zuvucde-bir-aile-dagintilar-altinda-qalib\\\/#primaryimage\"},\"image\":{\"@id\":\"https:\\\/\\\/www.meydan.tv\\\/az\\\/article\\\/kend-sakini-bir-gun-esidersiz-ki-zuvucde-bir-aile-dagintilar-altinda-qalib\\\/#primaryimage\"},\"thumbnailUrl\":\"https:\\\/\\\/www.meydan.tv\\\/wp-content\\\/uploads\\\/untitled-design-3-60.jpg\",\"datePublished\":\"2023-01-17T16:49:37+00:00\",\"dateModified\":\"2023-01-17T16:49:39+00:00\",\"breadcrumb\":{\"@id\":\"https:\\\/\\\/www.meydan.tv\\\/az\\\/article\\\/kend-sakini-bir-gun-esidersiz-ki-zuvucde-bir-aile-dagintilar-altinda-qalib\\\/#breadcrumb\"},\"inLanguage\":\"az\",\"potentialAction\":[{\"@type\":\"ReadAction\",\"target\":[\"https:\\\/\\\/www.meydan.tv\\\/az\\\/article\\\/kend-sakini-bir-gun-esidersiz-ki-zuvucde-bir-aile-dagintilar-altinda-qalib\\\/\"]}]},{\"@type\":\"ImageObject\",\"inLanguage\":\"az\",\"@id\":\"https:\\\/\\\/www.meydan.tv\\\/az\\\/article\\\/kend-sakini-bir-gun-esidersiz-ki-zuvucde-bir-aile-dagintilar-altinda-qalib\\\/#primaryimage\",\"url\":\"https:\\\/\\\/www.meydan.tv\\\/wp-content\\\/uploads\\\/untitled-design-3-60.jpg\",\"contentUrl\":\"https:\\\/\\\/www.meydan.tv\\\/wp-content\\\/uploads\\\/untitled-design-3-60.jpg\",\"width\":1200,\"height\":800,\"caption\":\"Fotolar: Meydan TV\"},{\"@type\":\"BreadcrumbList\",\"@id\":\"https:\\\/\\\/www.meydan.tv\\\/az\\\/article\\\/kend-sakini-bir-gun-esidersiz-ki-zuvucde-bir-aile-dagintilar-altinda-qalib\\\/#breadcrumb\",\"itemListElement\":[{\"@type\":\"ListItem\",\"position\":1,\"name\":\"Ana s\u0259hif\u0259\",\"item\":\"https:\\\/\\\/www.meydan.tv\\\/az\\\/\"},{\"@type\":\"ListItem\",\"position\":2,\"name\":\"B\u00f6lg\u0259\",\"item\":\"https:\\\/\\\/www.meydan.tv\\\/az\\\/section\\\/bolge\\\/\"},{\"@type\":\"ListItem\",\"position\":3,\"name\":\"K\u0259nd sakini: \u201c Bir g\u00fcn e\u015fid\u0259rsiz ki, Z\u00fcv\u00fccd\u0259 bir ail\u0259 da\u011f\u0131nt\u0131lar alt\u0131nda qal\u0131b\u201d\"}]},{\"@type\":\"WebSite\",\"@id\":\"https:\\\/\\\/www.meydan.tv\\\/az\\\/#website\",\"url\":\"https:\\\/\\\/www.meydan.tv\\\/az\\\/\",\"name\":\"MEYDAN.TV\",\"description\":\"Meydan TV Az\u0259rbaycan\u0131n media m\u0259kan\u0131ndak\u0131 alternativ s\u0259sidir\",\"publisher\":{\"@id\":\"https:\\\/\\\/www.meydan.tv\\\/az\\\/#organization\"},\"potentialAction\":[{\"@type\":\"SearchAction\",\"target\":{\"@type\":\"EntryPoint\",\"urlTemplate\":\"https:\\\/\\\/www.meydan.tv\\\/az\\\/?s={search_term_string}\"},\"query-input\":{\"@type\":\"PropertyValueSpecification\",\"valueRequired\":true,\"valueName\":\"search_term_string\"}}],\"inLanguage\":\"az\"},{\"@type\":\"Organization\",\"@id\":\"https:\\\/\\\/www.meydan.tv\\\/az\\\/#organization\",\"name\":\"Meydan TV\",\"url\":\"https:\\\/\\\/www.meydan.tv\\\/az\\\/\",\"logo\":{\"@type\":\"ImageObject\",\"inLanguage\":\"az\",\"@id\":\"https:\\\/\\\/www.meydan.tv\\\/az\\\/#\\\/schema\\\/logo\\\/image\\\/\",\"url\":\"https:\\\/\\\/www.meydan.tv\\\/wp-content\\\/uploads\\\/2021\\\/07\\\/meydan-logo.svg\",\"contentUrl\":\"https:\\\/\\\/www.meydan.tv\\\/wp-content\\\/uploads\\\/2021\\\/07\\\/meydan-logo.svg\",\"width\":195,\"height\":46,\"caption\":\"Meydan TV\"},\"image\":{\"@id\":\"https:\\\/\\\/www.meydan.tv\\\/az\\\/#\\\/schema\\\/logo\\\/image\\\/\"}},{\"@type\":\"Person\",\"@id\":\"https:\\\/\\\/www.meydan.tv\\\/az\\\/#\\\/schema\\\/person\\\/9cdbecf90d17180ce1dfbd95b08dcf47\",\"name\":\"elli\",\"sameAs\":[\"https:\\\/\\\/x.com\\\/elli\"]}]}<\/script>\n<!-- \/ Yoast SEO plugin. -->","yoast_head_json":{"title":"K\u0259nd sakini: \u201c Bir g\u00fcn e\u015fid\u0259rsiz ki, Z\u00fcv\u00fccd\u0259 bir ail\u0259 da\u011f\u0131nt\u0131lar alt\u0131nda qal\u0131b\u201d - MEYDAN.TV","robots":{"index":"index","follow":"follow","max-snippet":"max-snippet:-1","max-image-preview":"max-image-preview:large","max-video-preview":"max-video-preview:-1"},"canonical":"https:\/\/www.meydan.tv\/az\/article\/kend-sakini-bir-gun-esidersiz-ki-zuvucde-bir-aile-dagintilar-altinda-qalib\/","og_locale":"az_AZ","og_type":"article","og_title":"K\u0259nd sakini: \u201c Bir g\u00fcn e\u015fid\u0259rsiz ki, Z\u00fcv\u00fccd\u0259 bir ail\u0259 da\u011f\u0131nt\u0131lar alt\u0131nda qal\u0131b\u201d - MEYDAN.TV","og_description":"V\u0259t\u0259nda\u015f evin\u00a0 s\u00fcr\u00fc\u015fm\u0259d\u0259n, r\u0259smi qurum is\u0259 k\u00f6hn\u0259likd\u0259n da\u011f\u0131ld\u0131\u011f\u0131n\u0131 deyir \u201cEvin ... Davam\u0131","og_url":"https:\/\/www.meydan.tv\/az\/article\/kend-sakini-bir-gun-esidersiz-ki-zuvucde-bir-aile-dagintilar-altinda-qalib\/","og_site_name":"MEYDAN.TV","article_published_time":"2023-01-17T16:49:37+00:00","article_modified_time":"2023-01-17T16:49:39+00:00","og_image":[{"width":1200,"height":800,"url":"https:\/\/www.meydan.tv\/wp-content\/uploads\/untitled-design-3-60.jpg","type":"image\/jpeg"}],"author":"elli","twitter_card":"summary_large_image","twitter_creator":"@elli","schema":{"@context":"https:\/\/schema.org","@graph":[{"@type":"Article","@id":"https:\/\/www.meydan.tv\/az\/article\/kend-sakini-bir-gun-esidersiz-ki-zuvucde-bir-aile-dagintilar-altinda-qalib\/#article","isPartOf":{"@id":"https:\/\/www.meydan.tv\/az\/article\/kend-sakini-bir-gun-esidersiz-ki-zuvucde-bir-aile-dagintilar-altinda-qalib\/"},"author":{"name":"elli","@id":"https:\/\/www.meydan.tv\/az\/#\/schema\/person\/9cdbecf90d17180ce1dfbd95b08dcf47"},"headline":"K\u0259nd sakini: \u201c Bir g\u00fcn e\u015fid\u0259rsiz ki, Z\u00fcv\u00fccd\u0259 bir ail\u0259 da\u011f\u0131nt\u0131lar alt\u0131nda qal\u0131b\u201d","datePublished":"2023-01-17T16:49:37+00:00","dateModified":"2023-01-17T16:49:39+00:00","mainEntityOfPage":{"@id":"https:\/\/www.meydan.tv\/az\/article\/kend-sakini-bir-gun-esidersiz-ki-zuvucde-bir-aile-dagintilar-altinda-qalib\/"},"wordCount":720,"publisher":{"@id":"https:\/\/www.meydan.tv\/az\/#organization"},"image":{"@id":"https:\/\/www.meydan.tv\/az\/article\/kend-sakini-bir-gun-esidersiz-ki-zuvucde-bir-aile-dagintilar-altinda-qalib\/#primaryimage"},"thumbnailUrl":"https:\/\/www.meydan.tv\/wp-content\/uploads\/untitled-design-3-60.jpg","articleSection":["B\u00f6lg\u0259","X\u0259b\u0259rl\u0259r"],"inLanguage":"az"},{"@type":"WebPage","@id":"https:\/\/www.meydan.tv\/az\/article\/kend-sakini-bir-gun-esidersiz-ki-zuvucde-bir-aile-dagintilar-altinda-qalib\/","url":"https:\/\/www.meydan.tv\/az\/article\/kend-sakini-bir-gun-esidersiz-ki-zuvucde-bir-aile-dagintilar-altinda-qalib\/","name":"K\u0259nd sakini: \u201c Bir g\u00fcn e\u015fid\u0259rsiz ki, Z\u00fcv\u00fccd\u0259 bir ail\u0259 da\u011f\u0131nt\u0131lar alt\u0131nda qal\u0131b\u201d - MEYDAN.TV","isPartOf":{"@id":"https:\/\/www.meydan.tv\/az\/#website"},"primaryImageOfPage":{"@id":"https:\/\/www.meydan.tv\/az\/article\/kend-sakini-bir-gun-esidersiz-ki-zuvucde-bir-aile-dagintilar-altinda-qalib\/#primaryimage"},"image":{"@id":"https:\/\/www.meydan.tv\/az\/article\/kend-sakini-bir-gun-esidersiz-ki-zuvucde-bir-aile-dagintilar-altinda-qalib\/#primaryimage"},"thumbnailUrl":"https:\/\/www.meydan.tv\/wp-content\/uploads\/untitled-design-3-60.jpg","datePublished":"2023-01-17T16:49:37+00:00","dateModified":"2023-01-17T16:49:39+00:00","breadcrumb":{"@id":"https:\/\/www.meydan.tv\/az\/article\/kend-sakini-bir-gun-esidersiz-ki-zuvucde-bir-aile-dagintilar-altinda-qalib\/#breadcrumb"},"inLanguage":"az","potentialAction":[{"@type":"ReadAction","target":["https:\/\/www.meydan.tv\/az\/article\/kend-sakini-bir-gun-esidersiz-ki-zuvucde-bir-aile-dagintilar-altinda-qalib\/"]}]},{"@type":"ImageObject","inLanguage":"az","@id":"https:\/\/www.meydan.tv\/az\/article\/kend-sakini-bir-gun-esidersiz-ki-zuvucde-bir-aile-dagintilar-altinda-qalib\/#primaryimage","url":"https:\/\/www.meydan.tv\/wp-content\/uploads\/untitled-design-3-60.jpg","contentUrl":"https:\/\/www.meydan.tv\/wp-content\/uploads\/untitled-design-3-60.jpg","width":1200,"height":800,"caption":"Fotolar: Meydan TV"},{"@type":"BreadcrumbList","@id":"https:\/\/www.meydan.tv\/az\/article\/kend-sakini-bir-gun-esidersiz-ki-zuvucde-bir-aile-dagintilar-altinda-qalib\/#breadcrumb","itemListElement":[{"@type":"ListItem","position":1,"name":"Ana s\u0259hif\u0259","item":"https:\/\/www.meydan.tv\/az\/"},{"@type":"ListItem","position":2,"name":"B\u00f6lg\u0259","item":"https:\/\/www.meydan.tv\/az\/section\/bolge\/"},{"@type":"ListItem","position":3,"name":"K\u0259nd sakini: \u201c Bir g\u00fcn e\u015fid\u0259rsiz ki, Z\u00fcv\u00fccd\u0259 bir ail\u0259 da\u011f\u0131nt\u0131lar alt\u0131nda qal\u0131b\u201d"}]},{"@type":"WebSite","@id":"https:\/\/www.meydan.tv\/az\/#website","url":"https:\/\/www.meydan.tv\/az\/","name":"MEYDAN.TV","description":"Meydan TV Az\u0259rbaycan\u0131n media m\u0259kan\u0131ndak\u0131 alternativ s\u0259sidir","publisher":{"@id":"https:\/\/www.meydan.tv\/az\/#organization"},"potentialAction":[{"@type":"SearchAction","target":{"@type":"EntryPoint","urlTemplate":"https:\/\/www.meydan.tv\/az\/?s={search_term_string}"},"query-input":{"@type":"PropertyValueSpecification","valueRequired":true,"valueName":"search_term_string"}}],"inLanguage":"az"},{"@type":"Organization","@id":"https:\/\/www.meydan.tv\/az\/#organization","name":"Meydan TV","url":"https:\/\/www.meydan.tv\/az\/","logo":{"@type":"ImageObject","inLanguage":"az","@id":"https:\/\/www.meydan.tv\/az\/#\/schema\/logo\/image\/","url":"https:\/\/www.meydan.tv\/wp-content\/uploads\/2021\/07\/meydan-logo.svg","contentUrl":"https:\/\/www.meydan.tv\/wp-content\/uploads\/2021\/07\/meydan-logo.svg","width":195,"height":46,"caption":"Meydan TV"},"image":{"@id":"https:\/\/www.meydan.tv\/az\/#\/schema\/logo\/image\/"}},{"@type":"Person","@id":"https:\/\/www.meydan.tv\/az\/#\/schema\/person\/9cdbecf90d17180ce1dfbd95b08dcf47","name":"elli","sameAs":["https:\/\/x.com\/elli"]}]}},"_links":{"self":[{"href":"https:\/\/www.meydan.tv\/az\/wp-json\/wp\/v2\/posts\/265918","targetHints":{"allow":["GET"]}}],"collection":[{"href":"https:\/\/www.meydan.tv\/az\/wp-json\/wp\/v2\/posts"}],"about":[{"href":"https:\/\/www.meydan.tv\/az\/wp-json\/wp\/v2\/types\/post"}],"author":[{"embeddable":true,"href":"https:\/\/www.meydan.tv\/az\/wp-json\/wp\/v2\/users\/8"}],"replies":[{"embeddable":true,"href":"https:\/\/www.meydan.tv\/az\/wp-json\/wp\/v2\/comments?post=265918"}],"version-history":[{"count":1,"href":"https:\/\/www.meydan.tv\/az\/wp-json\/wp\/v2\/posts\/265918\/revisions"}],"predecessor-version":[{"id":265919,"href":"https:\/\/www.meydan.tv\/az\/wp-json\/wp\/v2\/posts\/265918\/revisions\/265919"}],"wp:featuredmedia":[{"embeddable":true,"href":"https:\/\/www.meydan.tv\/az\/wp-json\/wp\/v2\/media\/265912"}],"wp:attachment":[{"href":"https:\/\/www.meydan.tv\/az\/wp-json\/wp\/v2\/media?parent=265918"}],"wp:term":[{"taxonomy":"category","embeddable":true,"href":"https:\/\/www.meydan.tv\/az\/wp-json\/wp\/v2\/categories?post=265918"},{"taxonomy":"post_tag","embeddable":true,"href":"https:\/\/www.meydan.tv\/az\/wp-json\/wp\/v2\/tags?post=265918"}],"curies":[{"name":"wp","href":"https:\/\/api.w.org\/{rel}","templated":true}]}}