{"id":265875,"date":"2023-01-17T14:34:59","date_gmt":"2023-01-17T10:34:59","guid":{"rendered":"https:\/\/www.meydan.tv\/?p=265875"},"modified":"2023-01-17T14:35:02","modified_gmt":"2023-01-17T10:35:02","slug":"ekrem-eylisli-yazicilar-birliyinde-yaradici-atmosfer-yarana-bilmez","status":"publish","type":"post","link":"https:\/\/www.meydan.tv\/az\/article\/ekrem-eylisli-yazicilar-birliyinde-yaradici-atmosfer-yarana-bilmez\/","title":{"rendered":"<strong>\u018fkr\u0259m \u018fylisli: &#8220;Yaz\u0131\u00e7\u0131lar Birliyind\u0259 yarad\u0131c\u0131 atmosfer yarana bilm\u0259z&#8221;<\/strong>"},"content":{"rendered":"\n<p><\/p>\n\n\n\n<p><em>&#8220;Birlik b\u00f6y\u00fck \u0259d\u0259bi amala xidm\u0259t edirs\u0259, orada birl\u0259\u015fm\u0259k olar&#8221;<\/em><\/p>\n\n\n\n<p><strong><em>&#8220;Suallar\u0131n\u0131z yaln\u0131z \u0259d\u0259biyyat haqq\u0131ndad\u0131rsa, dan\u0131\u015faq. Yoxsa, siyasi m\u00f6vzulardan dan\u0131\u015f\u0131b, ba\u015f\u0131m\u0131 a\u011fr\u0131tmaq ist\u0259mir\u0259m&#8221;.<\/em><\/strong><\/p>\n\n\n\n<p><strong>Nasir, dramaturq, t\u0259rc\u00fcm\u0259\u00e7i, Az\u0259rbaycan Yaz\u0131\u00e7\u0131lar Birliyinin sabiq \u00fczv\u00fc, sabiq Xalq yaz\u0131\u00e7\u0131s\u0131 \u018fkr\u0259m \u018fylisli Meydan TV-y\u0259 bel\u0259 deyir.<\/strong><\/p>\n\n\n\n<p><strong>O yaln\u0131z bu \u015f\u0259rtl\u0259 m\u00fcsahib\u0259y\u0259 raz\u0131la\u015f\u0131r:<\/strong><\/p>\n\n\n\n<p><strong><em>&#8211; <\/em><\/strong><em>\u018fkr\u0259m m\u00fc\u0259llim, Stalin d\u00f6vr\u00fcn\u00fcn \u201cq\u0131rm\u0131z\u0131 qraf\u201d adland\u0131rd\u0131\u011f\u0131 yaz\u0131\u00e7\u0131 Aleksey Tolstoy deyirdi ki, indi yaz\u0131\u00e7\u0131 olmaq \u00fc\u00e7\u00fcn akrobatl\u0131q t\u0259l\u0259b olunur. \u00dcz\u0259rind\u0259n 80 il\u0259 yax\u0131n zaman ke\u00e7ib, b\u0259s indi m\u00fcasir d\u00f6vr\u00fcn yaz\u0131\u00e7\u0131s\u0131ndan n\u0259l\u0259r t\u0259l\u0259b olunur?<\/em><\/p>\n\n\n\n<p>&#8211; M\u00fcasir d\u00f6vr\u00fcn yaz\u0131\u00e7\u0131s\u0131ndan \u00f6z s\u0259n\u0259tin\u0259, i\u015fin\u0259 vicdanla yana\u015fmaq t\u0259l\u0259b olunur. Bilirsiniz ki, h\u0259r d\u00f6vr\u00fcn m\u00f6vs\u00fcmd\u0259n-m\u00f6vs\u00fcm\u0259 siyasi, \u0259d\u0259bi v\u0259 dig\u0259r hadis\u0259l\u0259ri olur. M\u00fcasir d\u00f6vr\u00fcn yaz\u0131\u00e7\u0131s\u0131 da d\u00f6vr\u00fcn, m\u00f6vs\u00fcm\u00fcn bu ehtiraslar\u0131na \u0259h\u0259miyy\u0259t verm\u0259m\u0259lidir. Amma \u0259d\u0259biyyat \u00fc\u00e7\u00fcn d\u0259 b\u00fct\u00fcn d\u00f6vrl\u0259r hardasa eynidir. Yaz\u0131\u00e7\u0131l\u0131q el\u0259 s\u0259n\u0259tdir ki, burada aya\u011f\u0131n\u0131 bir az geriy\u0259 qoydun, gedirs\u0259n, qay\u0131tmaq olmur. Tolstoy rus \u0259d\u0259biyyat\u0131n\u0131n \u00e7ox maraql\u0131 fiqurlar\u0131ndan biridir. \u00c7ox g\u00f6z\u0259l bir \u00f6m\u00fcr ya\u015fay\u0131b. Stalin ona \u00e7ox yax\u015f\u0131 \u015f\u0259rait yarad\u0131b. Amma rus \u0259d\u0259biyyat\u0131n\u0131n apar\u0131c\u0131 q\u00fcvv\u0259l\u0259ri var. Bizd\u0259 d\u0259 m\u00fcasir \u0259d\u0259biyyat\u0131n banisi Mirz\u0259 F\u0259t\u0259li Axundovdur. Az\u0259rbaycan\u00e7\u0131l\u0131q ideyas\u0131n\u0131n banisi d\u0259 Axundovdur. Alt\u0131 komediyas\u0131 il\u0259 \u0259d\u0259biyyat\u0131m\u0131z\u0131n milli m\u0259nsubiyy\u0259tini m\u00fc\u0259yy\u0259nl\u0259\u015fdirib. B\u0259z\u0259n deyirl\u0259r ki, yaz\u0131\u00e7\u0131lar\u0131m\u0131z\u0131n ham\u0131s\u0131 sovet d\u00f6vr\u00fcnd\u0259 sat\u0131l\u0131blar. D\u00fczd\u00fcr, sat\u0131lanlar da olub, amma bunu danmaq olmaz ki, Az\u0259rbaycan dili, \u0259d\u0259bi dilimiz sovet d\u00f6vr\u00fcnd\u0259 yaran\u0131b.<\/p>\n\n\n\n<p><em>&#8211; Son 30 ilin d\u00fcnyas\u0131 siyasi-iqtisadi v\u0259 m\u0259n\u0259vi kataklizml\u0259rl\u0259 yadda qald\u0131, h\u0259l\u0259 d\u0259 davam edir. \u018fd\u0259biyyat nec\u0259, ba\u015f ver\u0259nl\u0259ri n\u0259zm\u0259, n\u0259sr\u0259 \u00e7\u0259k\u0259 bilirmi? \u00c7\u0259k\u0259 bilirs\u0259, hans\u0131 \u0259s\u0259rl\u0259r yad\u0131n\u0131zda qal\u0131b?\u00a0<\/em><\/p>\n\n\n\n<p>&#8211; \u00dcmumiyy\u0259tl\u0259, haz\u0131rda n\u0259inki \u0259d\u0259biyyat, b\u00fct\u00fcnl\u00fckd\u0259 m\u0259d\u0259niyy\u0259t \u2013 kino, teatr v\u0259 s. \u00f6z\u00fcn\u00fcn b\u00f6hran d\u00f6vr\u00fcn\u00fc ya\u015fay\u0131r. Bu proses son 30 ildir davam edir. Otuz il \u0259vv\u0259l Amerikada b\u00f6y\u00fck yaz\u0131\u00e7\u0131lar vard\u0131. Onlar\u0131 biz d\u0259 l\u0259zz\u0259tl\u0259 oxuyurduq. Rusiyada Mixail Bulqakov vard\u0131. Onun \u0259s\u0259rl\u0259rini dalbadal oxuyurduq. Son otuz ild\u0259 bu proses ard\u0131c\u0131l davam etm\u0259yib. Otuz il \u0259vv\u0259l \u201cNobel\u201d m\u00fckafat\u0131n\u0131 \u0259vv\u0259l alanlarla sonrak\u0131lar\u0131 m\u00fcqayis\u0259 etm\u0259k m\u00fcmk\u00fcn deyil. Bu, \u00fcmumilikd\u0259 d\u00fcnyada ged\u0259n prosesdir. D\u00fcnya m\u0259n\u0259vi s\u0131x\u0131nt\u0131 i\u00e7ind\u0259dir. Son d\u00f6vr\u00fcn m\u00fcharib\u0259l\u0259ri, x\u00fcsus\u0259n d\u0259 Rusiya-Ukrayna sava\u015f\u0131 insanl\u0131\u011fa b\u00f6y\u00fck z\u0259rb\u0259dir. Bu m\u00fcharib\u0259 insan\u0131n b\u00fct\u00fcn \u00fcmidl\u0259rini q\u0131r\u0131b-t\u00f6k\u00fcb. \u00c7ox \u00e7\u0259tin z\u0259man\u0259dir. Biz ya\u015fl\u0131 n\u0259sil g\u00f6rm\u0259s\u0259k d\u0259, g\u0259ncl\u0259r d\u00fcnyan\u0131n d\u00fcz\u0259l\u0259c\u0259yini, y\u0259qin ki, g\u00f6r\u0259c\u0259kl\u0259r.<\/p>\n\n\n\n<p><strong><em>&#8211; <\/em><\/strong><em>Dem\u0259k olar ki, 90-lardan Az\u0259rbaycan Yaz\u0131\u00e7\u0131lar Birliyi il\u0259 \u0259laq\u0259niz yoxdur. Sizc\u0259, yaz\u0131\u00e7\u0131, \u015fair, b\u00fct\u00f6vl\u00fckd\u0259 \u0259d\u0259biyyata t\u0259\u015fkilatlanmaq, q\u0259lib\u0259 sal\u0131nmaq laz\u0131md\u0131rm\u0131?<\/em><\/p>\n\n\n\n<p>&#8211; Birlik b\u00f6y\u00fck \u0259d\u0259bi amala xidm\u0259t edirs\u0259, orada birl\u0259\u015fm\u0259k olar. \u018fg\u0259r t\u0259\u015fkilat \u0259d\u0259biyyat\u0131n probleml\u0259rin\u0259, inki\u015faf\u0131na v\u0259 yaranmas\u0131na xidm\u0259t g\u00f6st\u0259rdiyi halda ya\u015faya bil\u0259r. El\u0259 t\u0259\u015fkilat da var ki, \u015fi\u015firdilib. B\u0259hr\u0259si olmayan, ancaq zahiri \u201cpar\u0131lt\u0131\u201ddan ibar\u0259tdir. Bel\u0259 t\u0259\u015fkilatlar\u0131n art\u0131q \u0259h\u0259miyy\u0259ti yoxdur. Az\u0259rbaycan Yaz\u0131\u00e7\u0131lar Birliyind\u0259 yarad\u0131c\u0131 atmosfer yarana bilm\u0259z. D\u00fczd\u00fcr, k\u0259narda maraql\u0131, \u00f6z\u00fcn\u0259m\u0259xsus \u0259d\u0259bi t\u0259f\u0259kk\u00fcrl\u00fc yaz\u0131\u00e7\u0131lar var. Eyni zamanda informasiyan\u0131 al\u0131b, amma onu h\u0259zm ed\u0259 bilm\u0259y\u0259n yaz\u0131\u00e7\u0131lar da \u00e7oxdur. Bax\u0131rsan ki, h\u0259r \u015fey haqq\u0131nda \u00e7oxlu m\u0259lumat\u0131 var, g\u0259l ki, onu h\u0259zm edib, Az\u0259rbaycan \u0259d\u0259biyyat\u0131na \u00e7evir\u0259 bilmir.<\/p>\n\n\n\n<p><strong><em>&#8211;<\/em><\/strong><em> Az\u0259rbaycan \u0259d\u0259biyyat\u0131 son 30-40 ilin ziqzaq\u0131ndan \u00e7\u0131xa bilibmi?<\/em><\/p>\n\n\n\n<p>&#8211; \u018fd\u0259biyyat \u2013 h\u0259r g\u00fcn t\u0259z\u0259l\u0259n\u0259n m\u0259s\u0259l\u0259 deyil. M\u0259h\u0259mm\u0259d F\u00fczuli il\u0259 Molla P\u0259nah Vaqif\u0259 q\u0259d\u0259r olan d\u00f6vr aras\u0131nda 160 il var. Mirz\u0259 F\u0259t\u0259lid\u0259n xeyli sonra Mirz\u0259 C\u0259lil g\u0259lib. Y\u0259ni \u0259d\u0259biyyatda prosesl\u0259r \u00e7ox l\u0259ng d\u0259yi\u015fir. M\u0259n\u0259 el\u0259 g\u0259lir ki, Az\u0259rbaycan \u0259d\u0259biyyat\u0131nda son zamanlar \u00e7ox maraql\u0131 hadis\u0259l\u0259r ba\u015f verir. B\u00fct\u00fcn bu kataklizml\u0259rin i\u00e7ind\u0259 bizd\u0259 haz\u0131rda b\u0259dii \u015f\u00fcur, \u0259d\u0259biyyat tamam ba\u015fqa istiqam\u0259td\u0259 olsa da, inki\u015fafdad\u0131r, dayanm\u0131r. Mill\u0259timiz savadl\u0131d\u0131r, lakin bu istedaddan kifay\u0259t q\u0259d\u0259r s\u0259m\u0259r\u0259li istifad\u0259 ed\u0259 bilmir. Cavanlara yol a\u00e7maq, istedadlar\u0131 se\u00e7m\u0259k, onlar\u0131 h\u0259r hans\u0131 siyasi \u0259qid\u0259sin\u0259 g\u00f6r\u0259 yox, istedad\u0131na g\u00f6r\u0259 tan\u0131maq laz\u0131md\u0131r.<\/p>\n\n\n\n<p><strong><em>&#8211;<\/em><\/strong><em> \u018fkr\u0259m m\u00fc\u0259llim, Az\u0259rbaycan ekoloqlar\u0131n\u0131n La\u00e7\u0131n yolunu ba\u011flamas\u0131 bar\u0259d\u0259 x\u0259b\u0259rl\u0259ri izl\u0259yirsinizmi, fikirl\u0259rinizi bilm\u0259k ist\u0259rdik?<\/em><\/p>\n\n\n\n<p>&#8211; M\u0259n politoloq deyil\u0259m, siyas\u0259t\u0259 qar\u0131\u015fm\u0131ram. O, \u0259d\u0259biyyat deyil, ba\u015fqa m\u00f6vzudur. Dan\u0131\u015fma\u011fa da ehtiyac hiss etmir\u0259m. Hans\u0131 x\u0259b\u0259rl\u0259rl\u0259 maraqlan\u0131ramsa, onu izl\u0259yir\u0259m, d\u00fcnyada ged\u0259n prosesl\u0259ri izl\u0259yir\u0259m.<\/p>\n\n\n\n<p><strong><em>&#8211; <\/em><\/strong><em>\u00dcmumiyy\u0259tl\u0259, g\u0259l\u0259c\u0259kd\u0259 b\u00f6lg\u0259d\u0259 erm\u0259ni-az\u0259rbaycanl\u0131lar\u0131n birg\u0259 ya\u015famas\u0131 imkanlar\u0131 real g\u00f6r\u00fcn\u00fcrm\u00fc?<\/em><\/p>\n\n\n\n<p>&#8211; Bu m\u00f6vzu m\u0259nim \u00fc\u00e7\u00fcn el\u0259dir ki, n\u0259 des\u0259m, ayr\u0131 c\u00fcr yozurlar. Ona g\u00f6r\u0259 d\u0259 g\u0259lin, bu haqda dan\u0131\u015fmayaq. \u00c7\u00fcnki sonradan s\u0259hv anla\u015f\u0131lma\u011f\u0131m\u0131 ist\u0259mir\u0259m.<\/p>\n","protected":false},"excerpt":{"rendered":"<p>&#8220;Birlik b\u00f6y\u00fck \u0259d\u0259bi amala xidm\u0259t edirs\u0259, orada birl\u0259\u015fm\u0259k olar&#8221; &#8220;Suallar\u0131n\u0131z &#8230; <\/p>\n<p class=\"read-more-container\"><a title=\"\u018fkr\u0259m \u018fylisli: &#8220;Yaz\u0131\u00e7\u0131lar Birliyind\u0259 yarad\u0131c\u0131 atmosfer yarana bilm\u0259z&#8221;\" class=\"read-more button\" href=\"https:\/\/www.meydan.tv\/az\/article\/ekrem-eylisli-yazicilar-birliyinde-yaradici-atmosfer-yarana-bilmez\/#more-265875\" aria-label=\"Read more about \u018fkr\u0259m \u018fylisli: &#8220;Yaz\u0131\u00e7\u0131lar Birliyind\u0259 yarad\u0131c\u0131 atmosfer yarana bilm\u0259z&#8221;\">Davam\u0131<\/a><\/p>\n","protected":false},"author":8,"featured_media":69445,"comment_status":"closed","ping_status":"closed","sticky":false,"template":"","format":"standard","meta":{"_acf_changed":false,"_sitemap_exclude":false,"_sitemap_priority":"","_sitemap_frequency":"","footnotes":""},"categories":[52,79,56],"tags":[],"class_list":["post-265875","post","type-post","status-publish","format-standard","has-post-thumbnail","hentry","category-medeniyyet","category-featured","category-xeberler","infinite-scroll-item","generate-columns","tablet-grid-50","mobile-grid-100","grid-parent","grid-33","no-featured-image-padding"],"acf":[],"yoast_head":"<!-- This site is optimized with the Yoast SEO plugin v27.4 - https:\/\/yoast.com\/product\/yoast-seo-wordpress\/ -->\n<title>\u018fkr\u0259m \u018fylisli: &quot;Yaz\u0131\u00e7\u0131lar Birliyind\u0259 yarad\u0131c\u0131 atmosfer yarana bilm\u0259z&quot; - MEYDAN.TV<\/title>\n<meta name=\"robots\" content=\"index, follow, max-snippet:-1, max-image-preview:large, max-video-preview:-1\" \/>\n<link rel=\"canonical\" href=\"https:\/\/www.meydan.tv\/az\/article\/ekrem-eylisli-yazicilar-birliyinde-yaradici-atmosfer-yarana-bilmez\/\" \/>\n<meta property=\"og:locale\" content=\"az_AZ\" \/>\n<meta property=\"og:type\" content=\"article\" \/>\n<meta property=\"og:title\" content=\"\u018fkr\u0259m \u018fylisli: &quot;Yaz\u0131\u00e7\u0131lar Birliyind\u0259 yarad\u0131c\u0131 atmosfer yarana bilm\u0259z&quot; - MEYDAN.TV\" \/>\n<meta property=\"og:description\" content=\"&#8220;Birlik b\u00f6y\u00fck \u0259d\u0259bi amala xidm\u0259t edirs\u0259, orada birl\u0259\u015fm\u0259k olar&#8221; &#8220;Suallar\u0131n\u0131z ... Davam\u0131\" \/>\n<meta property=\"og:url\" content=\"https:\/\/www.meydan.tv\/az\/article\/ekrem-eylisli-yazicilar-birliyinde-yaradici-atmosfer-yarana-bilmez\/\" \/>\n<meta property=\"og:site_name\" content=\"MEYDAN.TV\" \/>\n<meta property=\"article:published_time\" content=\"2023-01-17T10:34:59+00:00\" \/>\n<meta property=\"article:modified_time\" content=\"2023-01-17T10:35:02+00:00\" \/>\n<meta property=\"og:image\" content=\"https:\/\/www.meydan.tv\/wp-content\/uploads\/26560.jpg\" \/>\n\t<meta property=\"og:image:width\" content=\"1155\" \/>\n\t<meta property=\"og:image:height\" content=\"550\" \/>\n\t<meta property=\"og:image:type\" content=\"image\/jpeg\" \/>\n<meta name=\"author\" content=\"elli\" \/>\n<meta name=\"twitter:card\" content=\"summary_large_image\" \/>\n<meta name=\"twitter:creator\" content=\"@elli\" \/>\n<script type=\"application\/ld+json\" class=\"yoast-schema-graph\">{\"@context\":\"https:\\\/\\\/schema.org\",\"@graph\":[{\"@type\":\"Article\",\"@id\":\"https:\\\/\\\/www.meydan.tv\\\/az\\\/article\\\/ekrem-eylisli-yazicilar-birliyinde-yaradici-atmosfer-yarana-bilmez\\\/#article\",\"isPartOf\":{\"@id\":\"https:\\\/\\\/www.meydan.tv\\\/az\\\/article\\\/ekrem-eylisli-yazicilar-birliyinde-yaradici-atmosfer-yarana-bilmez\\\/\"},\"author\":{\"name\":\"elli\",\"@id\":\"https:\\\/\\\/www.meydan.tv\\\/az\\\/#\\\/schema\\\/person\\\/9cdbecf90d17180ce1dfbd95b08dcf47\"},\"headline\":\"\u018fkr\u0259m \u018fylisli: &#8220;Yaz\u0131\u00e7\u0131lar Birliyind\u0259 yarad\u0131c\u0131 atmosfer yarana bilm\u0259z&#8221;\",\"datePublished\":\"2023-01-17T10:34:59+00:00\",\"dateModified\":\"2023-01-17T10:35:02+00:00\",\"mainEntityOfPage\":{\"@id\":\"https:\\\/\\\/www.meydan.tv\\\/az\\\/article\\\/ekrem-eylisli-yazicilar-birliyinde-yaradici-atmosfer-yarana-bilmez\\\/\"},\"wordCount\":1083,\"publisher\":{\"@id\":\"https:\\\/\\\/www.meydan.tv\\\/az\\\/#organization\"},\"image\":{\"@id\":\"https:\\\/\\\/www.meydan.tv\\\/az\\\/article\\\/ekrem-eylisli-yazicilar-birliyinde-yaradici-atmosfer-yarana-bilmez\\\/#primaryimage\"},\"thumbnailUrl\":\"https:\\\/\\\/www.meydan.tv\\\/wp-content\\\/uploads\\\/26560.jpg\",\"articleSection\":[\"M\u0259d\u0259niyy\u0259t\",\"T\u00f6vsiy\u0259\",\"X\u0259b\u0259rl\u0259r\"],\"inLanguage\":\"az\"},{\"@type\":\"WebPage\",\"@id\":\"https:\\\/\\\/www.meydan.tv\\\/az\\\/article\\\/ekrem-eylisli-yazicilar-birliyinde-yaradici-atmosfer-yarana-bilmez\\\/\",\"url\":\"https:\\\/\\\/www.meydan.tv\\\/az\\\/article\\\/ekrem-eylisli-yazicilar-birliyinde-yaradici-atmosfer-yarana-bilmez\\\/\",\"name\":\"\u018fkr\u0259m \u018fylisli: \\\"Yaz\u0131\u00e7\u0131lar Birliyind\u0259 yarad\u0131c\u0131 atmosfer yarana bilm\u0259z\\\" - MEYDAN.TV\",\"isPartOf\":{\"@id\":\"https:\\\/\\\/www.meydan.tv\\\/az\\\/#website\"},\"primaryImageOfPage\":{\"@id\":\"https:\\\/\\\/www.meydan.tv\\\/az\\\/article\\\/ekrem-eylisli-yazicilar-birliyinde-yaradici-atmosfer-yarana-bilmez\\\/#primaryimage\"},\"image\":{\"@id\":\"https:\\\/\\\/www.meydan.tv\\\/az\\\/article\\\/ekrem-eylisli-yazicilar-birliyinde-yaradici-atmosfer-yarana-bilmez\\\/#primaryimage\"},\"thumbnailUrl\":\"https:\\\/\\\/www.meydan.tv\\\/wp-content\\\/uploads\\\/26560.jpg\",\"datePublished\":\"2023-01-17T10:34:59+00:00\",\"dateModified\":\"2023-01-17T10:35:02+00:00\",\"breadcrumb\":{\"@id\":\"https:\\\/\\\/www.meydan.tv\\\/az\\\/article\\\/ekrem-eylisli-yazicilar-birliyinde-yaradici-atmosfer-yarana-bilmez\\\/#breadcrumb\"},\"inLanguage\":\"az\",\"potentialAction\":[{\"@type\":\"ReadAction\",\"target\":[\"https:\\\/\\\/www.meydan.tv\\\/az\\\/article\\\/ekrem-eylisli-yazicilar-birliyinde-yaradici-atmosfer-yarana-bilmez\\\/\"]}]},{\"@type\":\"ImageObject\",\"inLanguage\":\"az\",\"@id\":\"https:\\\/\\\/www.meydan.tv\\\/az\\\/article\\\/ekrem-eylisli-yazicilar-birliyinde-yaradici-atmosfer-yarana-bilmez\\\/#primaryimage\",\"url\":\"https:\\\/\\\/www.meydan.tv\\\/wp-content\\\/uploads\\\/26560.jpg\",\"contentUrl\":\"https:\\\/\\\/www.meydan.tv\\\/wp-content\\\/uploads\\\/26560.jpg\",\"width\":1155,\"height\":550,\"caption\":\"Foto: Meydan TV\"},{\"@type\":\"BreadcrumbList\",\"@id\":\"https:\\\/\\\/www.meydan.tv\\\/az\\\/article\\\/ekrem-eylisli-yazicilar-birliyinde-yaradici-atmosfer-yarana-bilmez\\\/#breadcrumb\",\"itemListElement\":[{\"@type\":\"ListItem\",\"position\":1,\"name\":\"Ana s\u0259hif\u0259\",\"item\":\"https:\\\/\\\/www.meydan.tv\\\/az\\\/\"},{\"@type\":\"ListItem\",\"position\":2,\"name\":\"M\u0259d\u0259niyy\u0259t\",\"item\":\"https:\\\/\\\/www.meydan.tv\\\/az\\\/section\\\/medeniyyet\\\/\"},{\"@type\":\"ListItem\",\"position\":3,\"name\":\"\u018fkr\u0259m \u018fylisli: &#8220;Yaz\u0131\u00e7\u0131lar Birliyind\u0259 yarad\u0131c\u0131 atmosfer yarana bilm\u0259z&#8221;\"}]},{\"@type\":\"WebSite\",\"@id\":\"https:\\\/\\\/www.meydan.tv\\\/az\\\/#website\",\"url\":\"https:\\\/\\\/www.meydan.tv\\\/az\\\/\",\"name\":\"MEYDAN.TV\",\"description\":\"Meydan TV Az\u0259rbaycan\u0131n media m\u0259kan\u0131ndak\u0131 alternativ s\u0259sidir\",\"publisher\":{\"@id\":\"https:\\\/\\\/www.meydan.tv\\\/az\\\/#organization\"},\"potentialAction\":[{\"@type\":\"SearchAction\",\"target\":{\"@type\":\"EntryPoint\",\"urlTemplate\":\"https:\\\/\\\/www.meydan.tv\\\/az\\\/?s={search_term_string}\"},\"query-input\":{\"@type\":\"PropertyValueSpecification\",\"valueRequired\":true,\"valueName\":\"search_term_string\"}}],\"inLanguage\":\"az\"},{\"@type\":\"Organization\",\"@id\":\"https:\\\/\\\/www.meydan.tv\\\/az\\\/#organization\",\"name\":\"Meydan TV\",\"url\":\"https:\\\/\\\/www.meydan.tv\\\/az\\\/\",\"logo\":{\"@type\":\"ImageObject\",\"inLanguage\":\"az\",\"@id\":\"https:\\\/\\\/www.meydan.tv\\\/az\\\/#\\\/schema\\\/logo\\\/image\\\/\",\"url\":\"https:\\\/\\\/www.meydan.tv\\\/wp-content\\\/uploads\\\/2021\\\/07\\\/meydan-logo.svg\",\"contentUrl\":\"https:\\\/\\\/www.meydan.tv\\\/wp-content\\\/uploads\\\/2021\\\/07\\\/meydan-logo.svg\",\"width\":195,\"height\":46,\"caption\":\"Meydan TV\"},\"image\":{\"@id\":\"https:\\\/\\\/www.meydan.tv\\\/az\\\/#\\\/schema\\\/logo\\\/image\\\/\"}},{\"@type\":\"Person\",\"@id\":\"https:\\\/\\\/www.meydan.tv\\\/az\\\/#\\\/schema\\\/person\\\/9cdbecf90d17180ce1dfbd95b08dcf47\",\"name\":\"elli\",\"sameAs\":[\"https:\\\/\\\/x.com\\\/elli\"]}]}<\/script>\n<!-- \/ Yoast SEO plugin. -->","yoast_head_json":{"title":"\u018fkr\u0259m \u018fylisli: \"Yaz\u0131\u00e7\u0131lar Birliyind\u0259 yarad\u0131c\u0131 atmosfer yarana bilm\u0259z\" - MEYDAN.TV","robots":{"index":"index","follow":"follow","max-snippet":"max-snippet:-1","max-image-preview":"max-image-preview:large","max-video-preview":"max-video-preview:-1"},"canonical":"https:\/\/www.meydan.tv\/az\/article\/ekrem-eylisli-yazicilar-birliyinde-yaradici-atmosfer-yarana-bilmez\/","og_locale":"az_AZ","og_type":"article","og_title":"\u018fkr\u0259m \u018fylisli: \"Yaz\u0131\u00e7\u0131lar Birliyind\u0259 yarad\u0131c\u0131 atmosfer yarana bilm\u0259z\" - MEYDAN.TV","og_description":"&#8220;Birlik b\u00f6y\u00fck \u0259d\u0259bi amala xidm\u0259t edirs\u0259, orada birl\u0259\u015fm\u0259k olar&#8221; &#8220;Suallar\u0131n\u0131z ... Davam\u0131","og_url":"https:\/\/www.meydan.tv\/az\/article\/ekrem-eylisli-yazicilar-birliyinde-yaradici-atmosfer-yarana-bilmez\/","og_site_name":"MEYDAN.TV","article_published_time":"2023-01-17T10:34:59+00:00","article_modified_time":"2023-01-17T10:35:02+00:00","og_image":[{"width":1155,"height":550,"url":"https:\/\/www.meydan.tv\/wp-content\/uploads\/26560.jpg","type":"image\/jpeg"}],"author":"elli","twitter_card":"summary_large_image","twitter_creator":"@elli","schema":{"@context":"https:\/\/schema.org","@graph":[{"@type":"Article","@id":"https:\/\/www.meydan.tv\/az\/article\/ekrem-eylisli-yazicilar-birliyinde-yaradici-atmosfer-yarana-bilmez\/#article","isPartOf":{"@id":"https:\/\/www.meydan.tv\/az\/article\/ekrem-eylisli-yazicilar-birliyinde-yaradici-atmosfer-yarana-bilmez\/"},"author":{"name":"elli","@id":"https:\/\/www.meydan.tv\/az\/#\/schema\/person\/9cdbecf90d17180ce1dfbd95b08dcf47"},"headline":"\u018fkr\u0259m \u018fylisli: &#8220;Yaz\u0131\u00e7\u0131lar Birliyind\u0259 yarad\u0131c\u0131 atmosfer yarana bilm\u0259z&#8221;","datePublished":"2023-01-17T10:34:59+00:00","dateModified":"2023-01-17T10:35:02+00:00","mainEntityOfPage":{"@id":"https:\/\/www.meydan.tv\/az\/article\/ekrem-eylisli-yazicilar-birliyinde-yaradici-atmosfer-yarana-bilmez\/"},"wordCount":1083,"publisher":{"@id":"https:\/\/www.meydan.tv\/az\/#organization"},"image":{"@id":"https:\/\/www.meydan.tv\/az\/article\/ekrem-eylisli-yazicilar-birliyinde-yaradici-atmosfer-yarana-bilmez\/#primaryimage"},"thumbnailUrl":"https:\/\/www.meydan.tv\/wp-content\/uploads\/26560.jpg","articleSection":["M\u0259d\u0259niyy\u0259t","T\u00f6vsiy\u0259","X\u0259b\u0259rl\u0259r"],"inLanguage":"az"},{"@type":"WebPage","@id":"https:\/\/www.meydan.tv\/az\/article\/ekrem-eylisli-yazicilar-birliyinde-yaradici-atmosfer-yarana-bilmez\/","url":"https:\/\/www.meydan.tv\/az\/article\/ekrem-eylisli-yazicilar-birliyinde-yaradici-atmosfer-yarana-bilmez\/","name":"\u018fkr\u0259m \u018fylisli: \"Yaz\u0131\u00e7\u0131lar Birliyind\u0259 yarad\u0131c\u0131 atmosfer yarana bilm\u0259z\" - MEYDAN.TV","isPartOf":{"@id":"https:\/\/www.meydan.tv\/az\/#website"},"primaryImageOfPage":{"@id":"https:\/\/www.meydan.tv\/az\/article\/ekrem-eylisli-yazicilar-birliyinde-yaradici-atmosfer-yarana-bilmez\/#primaryimage"},"image":{"@id":"https:\/\/www.meydan.tv\/az\/article\/ekrem-eylisli-yazicilar-birliyinde-yaradici-atmosfer-yarana-bilmez\/#primaryimage"},"thumbnailUrl":"https:\/\/www.meydan.tv\/wp-content\/uploads\/26560.jpg","datePublished":"2023-01-17T10:34:59+00:00","dateModified":"2023-01-17T10:35:02+00:00","breadcrumb":{"@id":"https:\/\/www.meydan.tv\/az\/article\/ekrem-eylisli-yazicilar-birliyinde-yaradici-atmosfer-yarana-bilmez\/#breadcrumb"},"inLanguage":"az","potentialAction":[{"@type":"ReadAction","target":["https:\/\/www.meydan.tv\/az\/article\/ekrem-eylisli-yazicilar-birliyinde-yaradici-atmosfer-yarana-bilmez\/"]}]},{"@type":"ImageObject","inLanguage":"az","@id":"https:\/\/www.meydan.tv\/az\/article\/ekrem-eylisli-yazicilar-birliyinde-yaradici-atmosfer-yarana-bilmez\/#primaryimage","url":"https:\/\/www.meydan.tv\/wp-content\/uploads\/26560.jpg","contentUrl":"https:\/\/www.meydan.tv\/wp-content\/uploads\/26560.jpg","width":1155,"height":550,"caption":"Foto: Meydan TV"},{"@type":"BreadcrumbList","@id":"https:\/\/www.meydan.tv\/az\/article\/ekrem-eylisli-yazicilar-birliyinde-yaradici-atmosfer-yarana-bilmez\/#breadcrumb","itemListElement":[{"@type":"ListItem","position":1,"name":"Ana s\u0259hif\u0259","item":"https:\/\/www.meydan.tv\/az\/"},{"@type":"ListItem","position":2,"name":"M\u0259d\u0259niyy\u0259t","item":"https:\/\/www.meydan.tv\/az\/section\/medeniyyet\/"},{"@type":"ListItem","position":3,"name":"\u018fkr\u0259m \u018fylisli: &#8220;Yaz\u0131\u00e7\u0131lar Birliyind\u0259 yarad\u0131c\u0131 atmosfer yarana bilm\u0259z&#8221;"}]},{"@type":"WebSite","@id":"https:\/\/www.meydan.tv\/az\/#website","url":"https:\/\/www.meydan.tv\/az\/","name":"MEYDAN.TV","description":"Meydan TV Az\u0259rbaycan\u0131n media m\u0259kan\u0131ndak\u0131 alternativ s\u0259sidir","publisher":{"@id":"https:\/\/www.meydan.tv\/az\/#organization"},"potentialAction":[{"@type":"SearchAction","target":{"@type":"EntryPoint","urlTemplate":"https:\/\/www.meydan.tv\/az\/?s={search_term_string}"},"query-input":{"@type":"PropertyValueSpecification","valueRequired":true,"valueName":"search_term_string"}}],"inLanguage":"az"},{"@type":"Organization","@id":"https:\/\/www.meydan.tv\/az\/#organization","name":"Meydan TV","url":"https:\/\/www.meydan.tv\/az\/","logo":{"@type":"ImageObject","inLanguage":"az","@id":"https:\/\/www.meydan.tv\/az\/#\/schema\/logo\/image\/","url":"https:\/\/www.meydan.tv\/wp-content\/uploads\/2021\/07\/meydan-logo.svg","contentUrl":"https:\/\/www.meydan.tv\/wp-content\/uploads\/2021\/07\/meydan-logo.svg","width":195,"height":46,"caption":"Meydan TV"},"image":{"@id":"https:\/\/www.meydan.tv\/az\/#\/schema\/logo\/image\/"}},{"@type":"Person","@id":"https:\/\/www.meydan.tv\/az\/#\/schema\/person\/9cdbecf90d17180ce1dfbd95b08dcf47","name":"elli","sameAs":["https:\/\/x.com\/elli"]}]}},"_links":{"self":[{"href":"https:\/\/www.meydan.tv\/az\/wp-json\/wp\/v2\/posts\/265875","targetHints":{"allow":["GET"]}}],"collection":[{"href":"https:\/\/www.meydan.tv\/az\/wp-json\/wp\/v2\/posts"}],"about":[{"href":"https:\/\/www.meydan.tv\/az\/wp-json\/wp\/v2\/types\/post"}],"author":[{"embeddable":true,"href":"https:\/\/www.meydan.tv\/az\/wp-json\/wp\/v2\/users\/8"}],"replies":[{"embeddable":true,"href":"https:\/\/www.meydan.tv\/az\/wp-json\/wp\/v2\/comments?post=265875"}],"version-history":[{"count":1,"href":"https:\/\/www.meydan.tv\/az\/wp-json\/wp\/v2\/posts\/265875\/revisions"}],"predecessor-version":[{"id":265876,"href":"https:\/\/www.meydan.tv\/az\/wp-json\/wp\/v2\/posts\/265875\/revisions\/265876"}],"wp:featuredmedia":[{"embeddable":true,"href":"https:\/\/www.meydan.tv\/az\/wp-json\/wp\/v2\/media\/69445"}],"wp:attachment":[{"href":"https:\/\/www.meydan.tv\/az\/wp-json\/wp\/v2\/media?parent=265875"}],"wp:term":[{"taxonomy":"category","embeddable":true,"href":"https:\/\/www.meydan.tv\/az\/wp-json\/wp\/v2\/categories?post=265875"},{"taxonomy":"post_tag","embeddable":true,"href":"https:\/\/www.meydan.tv\/az\/wp-json\/wp\/v2\/tags?post=265875"}],"curies":[{"name":"wp","href":"https:\/\/api.w.org\/{rel}","templated":true}]}}