{"id":265866,"date":"2023-01-17T13:32:46","date_gmt":"2023-01-17T09:32:46","guid":{"rendered":"https:\/\/www.meydan.tv\/?p=265866"},"modified":"2023-01-17T13:32:49","modified_gmt":"2023-01-17T09:32:49","slug":"hakim-qerar-verdi-polis-zabiti-oglunun-sinif-yoldasini-doymekde-ittiham-olunur","status":"publish","type":"post","link":"https:\/\/www.meydan.tv\/az\/article\/hakim-qerar-verdi-polis-zabiti-oglunun-sinif-yoldasini-doymekde-ittiham-olunur\/","title":{"rendered":"Hakim q\u0259rar verdi: polis zabiti o\u011flunun sinif yolda\u015f\u0131n\u0131 d\u00f6ym\u0259kd\u0259 ittiham olunur"},"content":{"rendered":"\n<p><\/p>\n\n\n\n<p><em>M\u0259hk\u0259m\u0259 i\u015fi prokurorlu\u011fa qaytard\u0131<\/em><\/p>\n\n\n\n<p>Yevlax Rayon M\u0259hk\u0259m\u0259sind\u0259 bu rayonun polis \u015f\u00f6b\u0259sinin t\u0259hqiqat\u00e7\u0131s\u0131, polis kapitan\u0131 V\u00fcsal H\u00fcseynovun inzibati qaydada m\u0259suliyy\u0259t\u0259 c\u0259lb olunmas\u0131yla ba\u011fl\u0131 m\u0259hk\u0259m\u0259 prosesi ke\u00e7irilib. Polis kapitan\u0131 \u0130nzibati X\u0259talar M\u0259c\u0259ll\u0259sinin 157-ci (d\u00f6ym\u0259) madd\u0259sil\u0259 hakim qar\u015f\u0131s\u0131na \u00e7\u0131xar\u0131l\u0131b. O, Yevlax \u015f\u0259h\u0259rind\u0259ki Sakib \u018fliyev ad\u0131na 1 n\u00f6mr\u0259li tam orta m\u0259kt\u0259bin 4-c\u00fc sinfind\u0259 t\u0259hsil alan \u00f6vlad\u0131n\u0131n sinif yolda\u015f\u0131 T.K-l\u0131n\u0131 d\u00f6ym\u0259kd\u0259 ittiham olunaraq, bar\u0259sind\u0259 inzibati x\u0259ta i\u015fi ba\u015flan\u0131b.<\/p>\n\n\n\n<p>Z\u0259r\u0259r\u00e7\u0259kmi\u015f qismind\u0259 T.K.-l\u0131n\u0131n anas\u0131 R\u0259qsan\u0259 \u018fliyeva tan\u0131n\u0131b. O, \u015fikay\u0259tind\u0259 g\u00f6st\u0259rib ki, 10 ya\u015fl\u0131 \u00f6vlad\u0131 sinif yolda\u015f\u0131n\u0131n atas\u0131 t\u0259r\u0259find\u0259n d\u00f6y\u00fcl\u00fcb.<\/p>\n\n\n\n<p>Lakin V\u00fcsal H\u00fcseynovun o\u011flu is\u0259 \u0259ksin\u0259 sinif yolda\u015f\u0131 t\u0259r\u0259find\u0259n zorak\u0131l\u0131\u011fa m\u0259ruz qald\u0131\u011f\u0131n\u0131 bildirir. Polis\u0259 d\u0259 birinci \u015fikay\u0259t ed\u0259n onlar olub.<\/p>\n\n\n\n<p>Sonradan m\u0259s\u0259l\u0259 prokurorluqda ara\u015fd\u0131r\u0131l\u0131b, videog\u00f6r\u00fcnt\u00fcl\u0259r\u0259 bax\u0131l\u0131b, ekspertiza t\u0259yin edilib.<\/p>\n\n\n\n<p>Prokurorluq V\u00fcsal H\u00fcseynovun \u0259m\u0259lind\u0259 \u0130nzibati X\u0259talar M\u0259c\u0259ll\u0259sinin 157-ci madd\u0259sinin t\u0259rkibi oldu\u011fu q\u0259na\u0259tin\u0259 g\u0259lib. \u0130\u015f materiallar\u0131 bax\u0131lmas\u0131 \u00fc\u00e7\u00fcn m\u0259hk\u0259m\u0259y\u0259 g\u00f6nd\u0259rilib. Onunla ba\u011fl\u0131 Daxili \u0130\u015fl\u0259r Nazirliyin\u0259 t\u0259qdimat g\u00f6nd\u0259rilib. V\u00fcsal H\u00fcseynov dekabrda v\u0259zif\u0259sind\u0259n azad edilib.<\/p>\n\n\n\n<p>Yanvar\u0131n 16-da Yevlax Rayon M\u0259hk\u0259m\u0259sind\u0259 hakim Kamil \u018fliyevin s\u0259drliyil\u0259 m\u0259hk\u0259m\u0259 prosesi ke\u00e7irilib. Hakim bu hadis\u0259d\u0259 cinay\u0259t t\u0259rkibi olmas\u0131 q\u0259na\u0259tin\u0259 g\u0259l\u0259r\u0259k, m\u0259hk\u0259m\u0259 bax\u0131\u015f\u0131na xitam verib v\u0259 i\u015fin prokurorlu\u011fa qaytar\u0131lmas\u0131 haqda q\u0259rar q\u0259bul edib.<\/p>\n\n\n\n<p>V\u00fcsal H\u00fcseynov is\u0259 ona qar\u015f\u0131 ir\u0259li s\u00fcr\u00fcl\u0259n ittiham\u0131 q\u0259bul etmir, haqq\u0131nda ba\u015flanm\u0131\u015f i\u015f\u0259 xitam verilm\u0259sini ist\u0259yir.<\/p>\n","protected":false},"excerpt":{"rendered":"<p>M\u0259hk\u0259m\u0259 i\u015fi prokurorlu\u011fa qaytard\u0131 Yevlax Rayon M\u0259hk\u0259m\u0259sind\u0259 bu rayonun polis &#8230; <\/p>\n<p class=\"read-more-container\"><a title=\"Hakim q\u0259rar verdi: polis zabiti o\u011flunun sinif yolda\u015f\u0131n\u0131 d\u00f6ym\u0259kd\u0259 ittiham olunur\" class=\"read-more button\" href=\"https:\/\/www.meydan.tv\/az\/article\/hakim-qerar-verdi-polis-zabiti-oglunun-sinif-yoldasini-doymekde-ittiham-olunur\/#more-265866\" aria-label=\"Read more about Hakim q\u0259rar verdi: polis zabiti o\u011flunun sinif yolda\u015f\u0131n\u0131 d\u00f6ym\u0259kd\u0259 ittiham olunur\">Davam\u0131<\/a><\/p>\n","protected":false},"author":8,"featured_media":210852,"comment_status":"closed","ping_status":"closed","sticky":false,"template":"","format":"standard","meta":{"_acf_changed":false,"_sitemap_exclude":false,"_sitemap_priority":"","_sitemap_frequency":"","footnotes":""},"categories":[60,56],"tags":[],"class_list":["post-265866","post","type-post","status-publish","format-standard","has-post-thumbnail","hentry","category-bolge","category-xeberler","infinite-scroll-item","generate-columns","tablet-grid-50","mobile-grid-100","grid-parent","grid-33","no-featured-image-padding"],"acf":[],"yoast_head":"<!-- This site is optimized with the Yoast SEO plugin v27.5 - https:\/\/yoast.com\/product\/yoast-seo-wordpress\/ -->\n<title>Hakim q\u0259rar verdi: polis zabiti o\u011flunun sinif yolda\u015f\u0131n\u0131 d\u00f6ym\u0259kd\u0259 ittiham olunur - MEYDAN.TV<\/title>\n<meta name=\"robots\" content=\"index, follow, max-snippet:-1, max-image-preview:large, max-video-preview:-1\" \/>\n<link rel=\"canonical\" href=\"https:\/\/www.meydan.tv\/az\/article\/hakim-qerar-verdi-polis-zabiti-oglunun-sinif-yoldasini-doymekde-ittiham-olunur\/\" \/>\n<meta property=\"og:locale\" content=\"az_AZ\" \/>\n<meta property=\"og:type\" content=\"article\" \/>\n<meta property=\"og:title\" content=\"Hakim q\u0259rar verdi: polis zabiti o\u011flunun sinif yolda\u015f\u0131n\u0131 d\u00f6ym\u0259kd\u0259 ittiham olunur - MEYDAN.TV\" \/>\n<meta property=\"og:description\" content=\"M\u0259hk\u0259m\u0259 i\u015fi prokurorlu\u011fa qaytard\u0131 Yevlax Rayon M\u0259hk\u0259m\u0259sind\u0259 bu rayonun polis ... Davam\u0131\" \/>\n<meta property=\"og:url\" content=\"https:\/\/www.meydan.tv\/az\/article\/hakim-qerar-verdi-polis-zabiti-oglunun-sinif-yoldasini-doymekde-ittiham-olunur\/\" \/>\n<meta property=\"og:site_name\" content=\"MEYDAN.TV\" \/>\n<meta property=\"article:published_time\" content=\"2023-01-17T09:32:46+00:00\" \/>\n<meta property=\"article:modified_time\" content=\"2023-01-17T09:32:49+00:00\" \/>\n<meta property=\"og:image\" content=\"https:\/\/www.meydan.tv\/wp-content\/uploads\/mehkeme19_wxnshvn-scaled.jpg\" \/>\n\t<meta property=\"og:image:width\" content=\"2560\" \/>\n\t<meta property=\"og:image:height\" content=\"1440\" \/>\n\t<meta property=\"og:image:type\" content=\"image\/jpeg\" \/>\n<meta name=\"author\" content=\"elli\" \/>\n<meta name=\"twitter:card\" content=\"summary_large_image\" \/>\n<meta name=\"twitter:creator\" content=\"@elli\" \/>\n<script type=\"application\/ld+json\" class=\"yoast-schema-graph\">{\"@context\":\"https:\\\/\\\/schema.org\",\"@graph\":[{\"@type\":\"Article\",\"@id\":\"https:\\\/\\\/www.meydan.tv\\\/az\\\/article\\\/hakim-qerar-verdi-polis-zabiti-oglunun-sinif-yoldasini-doymekde-ittiham-olunur\\\/#article\",\"isPartOf\":{\"@id\":\"https:\\\/\\\/www.meydan.tv\\\/az\\\/article\\\/hakim-qerar-verdi-polis-zabiti-oglunun-sinif-yoldasini-doymekde-ittiham-olunur\\\/\"},\"author\":{\"name\":\"elli\",\"@id\":\"https:\\\/\\\/www.meydan.tv\\\/az\\\/#\\\/schema\\\/person\\\/9cdbecf90d17180ce1dfbd95b08dcf47\"},\"headline\":\"Hakim q\u0259rar verdi: polis zabiti o\u011flunun sinif yolda\u015f\u0131n\u0131 d\u00f6ym\u0259kd\u0259 ittiham olunur\",\"datePublished\":\"2023-01-17T09:32:46+00:00\",\"dateModified\":\"2023-01-17T09:32:49+00:00\",\"mainEntityOfPage\":{\"@id\":\"https:\\\/\\\/www.meydan.tv\\\/az\\\/article\\\/hakim-qerar-verdi-polis-zabiti-oglunun-sinif-yoldasini-doymekde-ittiham-olunur\\\/\"},\"wordCount\":364,\"publisher\":{\"@id\":\"https:\\\/\\\/www.meydan.tv\\\/az\\\/#organization\"},\"image\":{\"@id\":\"https:\\\/\\\/www.meydan.tv\\\/az\\\/article\\\/hakim-qerar-verdi-polis-zabiti-oglunun-sinif-yoldasini-doymekde-ittiham-olunur\\\/#primaryimage\"},\"thumbnailUrl\":\"https:\\\/\\\/www.meydan.tv\\\/wp-content\\\/uploads\\\/mehkeme19_wxnshvn-scaled.jpg\",\"articleSection\":[\"B\u00f6lg\u0259\",\"X\u0259b\u0259rl\u0259r\"],\"inLanguage\":\"az\"},{\"@type\":\"WebPage\",\"@id\":\"https:\\\/\\\/www.meydan.tv\\\/az\\\/article\\\/hakim-qerar-verdi-polis-zabiti-oglunun-sinif-yoldasini-doymekde-ittiham-olunur\\\/\",\"url\":\"https:\\\/\\\/www.meydan.tv\\\/az\\\/article\\\/hakim-qerar-verdi-polis-zabiti-oglunun-sinif-yoldasini-doymekde-ittiham-olunur\\\/\",\"name\":\"Hakim q\u0259rar verdi: polis zabiti o\u011flunun sinif yolda\u015f\u0131n\u0131 d\u00f6ym\u0259kd\u0259 ittiham olunur - MEYDAN.TV\",\"isPartOf\":{\"@id\":\"https:\\\/\\\/www.meydan.tv\\\/az\\\/#website\"},\"primaryImageOfPage\":{\"@id\":\"https:\\\/\\\/www.meydan.tv\\\/az\\\/article\\\/hakim-qerar-verdi-polis-zabiti-oglunun-sinif-yoldasini-doymekde-ittiham-olunur\\\/#primaryimage\"},\"image\":{\"@id\":\"https:\\\/\\\/www.meydan.tv\\\/az\\\/article\\\/hakim-qerar-verdi-polis-zabiti-oglunun-sinif-yoldasini-doymekde-ittiham-olunur\\\/#primaryimage\"},\"thumbnailUrl\":\"https:\\\/\\\/www.meydan.tv\\\/wp-content\\\/uploads\\\/mehkeme19_wxnshvn-scaled.jpg\",\"datePublished\":\"2023-01-17T09:32:46+00:00\",\"dateModified\":\"2023-01-17T09:32:49+00:00\",\"breadcrumb\":{\"@id\":\"https:\\\/\\\/www.meydan.tv\\\/az\\\/article\\\/hakim-qerar-verdi-polis-zabiti-oglunun-sinif-yoldasini-doymekde-ittiham-olunur\\\/#breadcrumb\"},\"inLanguage\":\"az\",\"potentialAction\":[{\"@type\":\"ReadAction\",\"target\":[\"https:\\\/\\\/www.meydan.tv\\\/az\\\/article\\\/hakim-qerar-verdi-polis-zabiti-oglunun-sinif-yoldasini-doymekde-ittiham-olunur\\\/\"]}]},{\"@type\":\"ImageObject\",\"inLanguage\":\"az\",\"@id\":\"https:\\\/\\\/www.meydan.tv\\\/az\\\/article\\\/hakim-qerar-verdi-polis-zabiti-oglunun-sinif-yoldasini-doymekde-ittiham-olunur\\\/#primaryimage\",\"url\":\"https:\\\/\\\/www.meydan.tv\\\/wp-content\\\/uploads\\\/mehkeme19_wxnshvn-scaled.jpg\",\"contentUrl\":\"https:\\\/\\\/www.meydan.tv\\\/wp-content\\\/uploads\\\/mehkeme19_wxnshvn-scaled.jpg\",\"width\":2560,\"height\":1440,\"caption\":\"Foto: Meydan TV\"},{\"@type\":\"BreadcrumbList\",\"@id\":\"https:\\\/\\\/www.meydan.tv\\\/az\\\/article\\\/hakim-qerar-verdi-polis-zabiti-oglunun-sinif-yoldasini-doymekde-ittiham-olunur\\\/#breadcrumb\",\"itemListElement\":[{\"@type\":\"ListItem\",\"position\":1,\"name\":\"Ana s\u0259hif\u0259\",\"item\":\"https:\\\/\\\/www.meydan.tv\\\/az\\\/\"},{\"@type\":\"ListItem\",\"position\":2,\"name\":\"B\u00f6lg\u0259\",\"item\":\"https:\\\/\\\/www.meydan.tv\\\/az\\\/section\\\/bolge\\\/\"},{\"@type\":\"ListItem\",\"position\":3,\"name\":\"Hakim q\u0259rar verdi: polis zabiti o\u011flunun sinif yolda\u015f\u0131n\u0131 d\u00f6ym\u0259kd\u0259 ittiham olunur\"}]},{\"@type\":\"WebSite\",\"@id\":\"https:\\\/\\\/www.meydan.tv\\\/az\\\/#website\",\"url\":\"https:\\\/\\\/www.meydan.tv\\\/az\\\/\",\"name\":\"MEYDAN.TV\",\"description\":\"Meydan TV Az\u0259rbaycan\u0131n media m\u0259kan\u0131ndak\u0131 alternativ s\u0259sidir\",\"publisher\":{\"@id\":\"https:\\\/\\\/www.meydan.tv\\\/az\\\/#organization\"},\"potentialAction\":[{\"@type\":\"SearchAction\",\"target\":{\"@type\":\"EntryPoint\",\"urlTemplate\":\"https:\\\/\\\/www.meydan.tv\\\/az\\\/?s={search_term_string}\"},\"query-input\":{\"@type\":\"PropertyValueSpecification\",\"valueRequired\":true,\"valueName\":\"search_term_string\"}}],\"inLanguage\":\"az\"},{\"@type\":\"Organization\",\"@id\":\"https:\\\/\\\/www.meydan.tv\\\/az\\\/#organization\",\"name\":\"Meydan TV\",\"url\":\"https:\\\/\\\/www.meydan.tv\\\/az\\\/\",\"logo\":{\"@type\":\"ImageObject\",\"inLanguage\":\"az\",\"@id\":\"https:\\\/\\\/www.meydan.tv\\\/az\\\/#\\\/schema\\\/logo\\\/image\\\/\",\"url\":\"https:\\\/\\\/www.meydan.tv\\\/wp-content\\\/uploads\\\/2021\\\/07\\\/meydan-logo.svg\",\"contentUrl\":\"https:\\\/\\\/www.meydan.tv\\\/wp-content\\\/uploads\\\/2021\\\/07\\\/meydan-logo.svg\",\"width\":195,\"height\":46,\"caption\":\"Meydan TV\"},\"image\":{\"@id\":\"https:\\\/\\\/www.meydan.tv\\\/az\\\/#\\\/schema\\\/logo\\\/image\\\/\"}},{\"@type\":\"Person\",\"@id\":\"https:\\\/\\\/www.meydan.tv\\\/az\\\/#\\\/schema\\\/person\\\/9cdbecf90d17180ce1dfbd95b08dcf47\",\"name\":\"elli\",\"sameAs\":[\"https:\\\/\\\/x.com\\\/elli\"]}]}<\/script>\n<!-- \/ Yoast SEO plugin. -->","yoast_head_json":{"title":"Hakim q\u0259rar verdi: polis zabiti o\u011flunun sinif yolda\u015f\u0131n\u0131 d\u00f6ym\u0259kd\u0259 ittiham olunur - MEYDAN.TV","robots":{"index":"index","follow":"follow","max-snippet":"max-snippet:-1","max-image-preview":"max-image-preview:large","max-video-preview":"max-video-preview:-1"},"canonical":"https:\/\/www.meydan.tv\/az\/article\/hakim-qerar-verdi-polis-zabiti-oglunun-sinif-yoldasini-doymekde-ittiham-olunur\/","og_locale":"az_AZ","og_type":"article","og_title":"Hakim q\u0259rar verdi: polis zabiti o\u011flunun sinif yolda\u015f\u0131n\u0131 d\u00f6ym\u0259kd\u0259 ittiham olunur - MEYDAN.TV","og_description":"M\u0259hk\u0259m\u0259 i\u015fi prokurorlu\u011fa qaytard\u0131 Yevlax Rayon M\u0259hk\u0259m\u0259sind\u0259 bu rayonun polis ... Davam\u0131","og_url":"https:\/\/www.meydan.tv\/az\/article\/hakim-qerar-verdi-polis-zabiti-oglunun-sinif-yoldasini-doymekde-ittiham-olunur\/","og_site_name":"MEYDAN.TV","article_published_time":"2023-01-17T09:32:46+00:00","article_modified_time":"2023-01-17T09:32:49+00:00","og_image":[{"width":2560,"height":1440,"url":"https:\/\/www.meydan.tv\/wp-content\/uploads\/mehkeme19_wxnshvn-scaled.jpg","type":"image\/jpeg"}],"author":"elli","twitter_card":"summary_large_image","twitter_creator":"@elli","schema":{"@context":"https:\/\/schema.org","@graph":[{"@type":"Article","@id":"https:\/\/www.meydan.tv\/az\/article\/hakim-qerar-verdi-polis-zabiti-oglunun-sinif-yoldasini-doymekde-ittiham-olunur\/#article","isPartOf":{"@id":"https:\/\/www.meydan.tv\/az\/article\/hakim-qerar-verdi-polis-zabiti-oglunun-sinif-yoldasini-doymekde-ittiham-olunur\/"},"author":{"name":"elli","@id":"https:\/\/www.meydan.tv\/az\/#\/schema\/person\/9cdbecf90d17180ce1dfbd95b08dcf47"},"headline":"Hakim q\u0259rar verdi: polis zabiti o\u011flunun sinif yolda\u015f\u0131n\u0131 d\u00f6ym\u0259kd\u0259 ittiham olunur","datePublished":"2023-01-17T09:32:46+00:00","dateModified":"2023-01-17T09:32:49+00:00","mainEntityOfPage":{"@id":"https:\/\/www.meydan.tv\/az\/article\/hakim-qerar-verdi-polis-zabiti-oglunun-sinif-yoldasini-doymekde-ittiham-olunur\/"},"wordCount":364,"publisher":{"@id":"https:\/\/www.meydan.tv\/az\/#organization"},"image":{"@id":"https:\/\/www.meydan.tv\/az\/article\/hakim-qerar-verdi-polis-zabiti-oglunun-sinif-yoldasini-doymekde-ittiham-olunur\/#primaryimage"},"thumbnailUrl":"https:\/\/www.meydan.tv\/wp-content\/uploads\/mehkeme19_wxnshvn-scaled.jpg","articleSection":["B\u00f6lg\u0259","X\u0259b\u0259rl\u0259r"],"inLanguage":"az"},{"@type":"WebPage","@id":"https:\/\/www.meydan.tv\/az\/article\/hakim-qerar-verdi-polis-zabiti-oglunun-sinif-yoldasini-doymekde-ittiham-olunur\/","url":"https:\/\/www.meydan.tv\/az\/article\/hakim-qerar-verdi-polis-zabiti-oglunun-sinif-yoldasini-doymekde-ittiham-olunur\/","name":"Hakim q\u0259rar verdi: polis zabiti o\u011flunun sinif yolda\u015f\u0131n\u0131 d\u00f6ym\u0259kd\u0259 ittiham olunur - MEYDAN.TV","isPartOf":{"@id":"https:\/\/www.meydan.tv\/az\/#website"},"primaryImageOfPage":{"@id":"https:\/\/www.meydan.tv\/az\/article\/hakim-qerar-verdi-polis-zabiti-oglunun-sinif-yoldasini-doymekde-ittiham-olunur\/#primaryimage"},"image":{"@id":"https:\/\/www.meydan.tv\/az\/article\/hakim-qerar-verdi-polis-zabiti-oglunun-sinif-yoldasini-doymekde-ittiham-olunur\/#primaryimage"},"thumbnailUrl":"https:\/\/www.meydan.tv\/wp-content\/uploads\/mehkeme19_wxnshvn-scaled.jpg","datePublished":"2023-01-17T09:32:46+00:00","dateModified":"2023-01-17T09:32:49+00:00","breadcrumb":{"@id":"https:\/\/www.meydan.tv\/az\/article\/hakim-qerar-verdi-polis-zabiti-oglunun-sinif-yoldasini-doymekde-ittiham-olunur\/#breadcrumb"},"inLanguage":"az","potentialAction":[{"@type":"ReadAction","target":["https:\/\/www.meydan.tv\/az\/article\/hakim-qerar-verdi-polis-zabiti-oglunun-sinif-yoldasini-doymekde-ittiham-olunur\/"]}]},{"@type":"ImageObject","inLanguage":"az","@id":"https:\/\/www.meydan.tv\/az\/article\/hakim-qerar-verdi-polis-zabiti-oglunun-sinif-yoldasini-doymekde-ittiham-olunur\/#primaryimage","url":"https:\/\/www.meydan.tv\/wp-content\/uploads\/mehkeme19_wxnshvn-scaled.jpg","contentUrl":"https:\/\/www.meydan.tv\/wp-content\/uploads\/mehkeme19_wxnshvn-scaled.jpg","width":2560,"height":1440,"caption":"Foto: Meydan TV"},{"@type":"BreadcrumbList","@id":"https:\/\/www.meydan.tv\/az\/article\/hakim-qerar-verdi-polis-zabiti-oglunun-sinif-yoldasini-doymekde-ittiham-olunur\/#breadcrumb","itemListElement":[{"@type":"ListItem","position":1,"name":"Ana s\u0259hif\u0259","item":"https:\/\/www.meydan.tv\/az\/"},{"@type":"ListItem","position":2,"name":"B\u00f6lg\u0259","item":"https:\/\/www.meydan.tv\/az\/section\/bolge\/"},{"@type":"ListItem","position":3,"name":"Hakim q\u0259rar verdi: polis zabiti o\u011flunun sinif yolda\u015f\u0131n\u0131 d\u00f6ym\u0259kd\u0259 ittiham olunur"}]},{"@type":"WebSite","@id":"https:\/\/www.meydan.tv\/az\/#website","url":"https:\/\/www.meydan.tv\/az\/","name":"MEYDAN.TV","description":"Meydan TV Az\u0259rbaycan\u0131n media m\u0259kan\u0131ndak\u0131 alternativ s\u0259sidir","publisher":{"@id":"https:\/\/www.meydan.tv\/az\/#organization"},"potentialAction":[{"@type":"SearchAction","target":{"@type":"EntryPoint","urlTemplate":"https:\/\/www.meydan.tv\/az\/?s={search_term_string}"},"query-input":{"@type":"PropertyValueSpecification","valueRequired":true,"valueName":"search_term_string"}}],"inLanguage":"az"},{"@type":"Organization","@id":"https:\/\/www.meydan.tv\/az\/#organization","name":"Meydan TV","url":"https:\/\/www.meydan.tv\/az\/","logo":{"@type":"ImageObject","inLanguage":"az","@id":"https:\/\/www.meydan.tv\/az\/#\/schema\/logo\/image\/","url":"https:\/\/www.meydan.tv\/wp-content\/uploads\/2021\/07\/meydan-logo.svg","contentUrl":"https:\/\/www.meydan.tv\/wp-content\/uploads\/2021\/07\/meydan-logo.svg","width":195,"height":46,"caption":"Meydan TV"},"image":{"@id":"https:\/\/www.meydan.tv\/az\/#\/schema\/logo\/image\/"}},{"@type":"Person","@id":"https:\/\/www.meydan.tv\/az\/#\/schema\/person\/9cdbecf90d17180ce1dfbd95b08dcf47","name":"elli","sameAs":["https:\/\/x.com\/elli"]}]}},"_links":{"self":[{"href":"https:\/\/www.meydan.tv\/az\/wp-json\/wp\/v2\/posts\/265866","targetHints":{"allow":["GET"]}}],"collection":[{"href":"https:\/\/www.meydan.tv\/az\/wp-json\/wp\/v2\/posts"}],"about":[{"href":"https:\/\/www.meydan.tv\/az\/wp-json\/wp\/v2\/types\/post"}],"author":[{"embeddable":true,"href":"https:\/\/www.meydan.tv\/az\/wp-json\/wp\/v2\/users\/8"}],"replies":[{"embeddable":true,"href":"https:\/\/www.meydan.tv\/az\/wp-json\/wp\/v2\/comments?post=265866"}],"version-history":[{"count":1,"href":"https:\/\/www.meydan.tv\/az\/wp-json\/wp\/v2\/posts\/265866\/revisions"}],"predecessor-version":[{"id":265867,"href":"https:\/\/www.meydan.tv\/az\/wp-json\/wp\/v2\/posts\/265866\/revisions\/265867"}],"wp:featuredmedia":[{"embeddable":true,"href":"https:\/\/www.meydan.tv\/az\/wp-json\/wp\/v2\/media\/210852"}],"wp:attachment":[{"href":"https:\/\/www.meydan.tv\/az\/wp-json\/wp\/v2\/media?parent=265866"}],"wp:term":[{"taxonomy":"category","embeddable":true,"href":"https:\/\/www.meydan.tv\/az\/wp-json\/wp\/v2\/categories?post=265866"},{"taxonomy":"post_tag","embeddable":true,"href":"https:\/\/www.meydan.tv\/az\/wp-json\/wp\/v2\/tags?post=265866"}],"curies":[{"name":"wp","href":"https:\/\/api.w.org\/{rel}","templated":true}]}}