{"id":265841,"date":"2023-01-16T19:06:08","date_gmt":"2023-01-16T15:06:08","guid":{"rendered":"https:\/\/www.meydan.tv\/?p=265841"},"modified":"2023-01-16T19:06:10","modified_gmt":"2023-01-16T15:06:10","slug":"almaniyadan-deportasiya-olunan-daha-bir-feala-hokm-oxundu","status":"publish","type":"post","link":"https:\/\/www.meydan.tv\/az\/article\/almaniyadan-deportasiya-olunan-daha-bir-feala-hokm-oxundu\/","title":{"rendered":"Almaniyadan deportasiya olunan daha bir f\u0259ala h\u00f6km oxundu"},"content":{"rendered":"\n<p><em>Hakim bir ne\u00e7\u0259 d\u0259f\u0259 C\u0259f\u0259r Mirz\u0259yevin son s\u00f6z\u00fcn\u00fc k\u0259sib<\/em><\/p>\n\n\n\n<p>Readmissiya qaydas\u0131nda Almaniyadan Bak\u0131ya deportasiya olunandan az sonra h\u0259bs edil\u0259n daha bir siyasi f\u0259al\u0131n m\u0259hk\u0259m\u0259si yekunla\u015f\u0131b. Yanvar\u0131n 16-da Bak\u0131 A\u011f\u0131r Cinay\u0259tl\u0259r M\u0259hk\u0259m\u0259sind\u0259 C\u0259f\u0259r Mirz\u0259yev\u0259 h\u00f6km oxunub. Hakim Cavid H\u00fcseynovun s\u0259drliyil\u0259 \u00e7\u0131xar\u0131lan h\u00f6km\u0259 \u0259sas\u0259n, o, 6 il azadl\u0131qdan m\u0259hrum edilib. <\/p>\n\n\n\n<p>H\u00f6km\u0259 \u0259sas\u0259n, bir ildir h\u0259bsd\u0259 olan C\u0259f\u0259r Mirz\u0259yevin \u00fcst\u00fcnd\u0259n t\u0259xmin\u0259n 6 qram narkotik tap\u0131ld\u0131\u011f\u0131 iddia olunur. \u0130ddia edilir ki, h\u0259min narkotik madd\u0259ni o, sat\u0131\u015f m\u0259qs\u0259dil\u0259 \u0259ld\u0259 edib, da\u015f\u0131y\u0131b.<br><\/p>\n\n\n\n<p>H\u00f6kmd\u0259n \u0259vv\u0259l C\u0259f\u0259r Mirz\u0259yev son s\u00f6z\u00fcn\u00fc dey\u0259rk\u0259n bu ittiham\u0131n saxta oldu\u011funu vur\u011fulay\u0131b:<br><\/p>\n\n\n\n<p>\u201cV\u0259kilim m\u0259n\u0259 qar\u015f\u0131 ittiham\u0131n saxta oldu\u011funu h\u00fcquqi bax\u0131mdan \u0259sasland\u0131rd\u0131. M\u0259n prokurora bir ne\u00e7\u0259 k\u0259lm\u0259 \u00fcr\u0259k s\u00f6zl\u0259rimi dem\u0259k ist\u0259yir\u0259m.<br>Prokuror da bu ittiham\u0131n b\u00f6htan oldu\u011funu bilir. C\u0259nab prokuror, ona g\u00f6r\u0259 vicdan \u0259zab\u0131 \u00e7\u0259kirdiniz \u00e7\u0131x\u0131\u015f ed\u0259nd\u0259\u2026\u201d<br><\/p>\n\n\n\n<p>Hakim bu yerd\u0259 C\u0259f\u0259r Mirz\u0259yevin s\u00f6z\u00fcn\u00fc k\u0259sir: \u201cQ\u0131sa deyin son s\u00f6z\u00fcn\u00fcz\u00fc. Kimin vicdan\u0131 var, kimin yoxdur, t\u0259r\u0259zini sonraya saxla\u2026\u201d<br><\/p>\n\n\n\n<p>C\u0259f\u0259r Mirz\u0259yev is\u0259 \u00f6z fikrini dem\u0259kd\u0259 israr edib: \u201cM\u0259n \u00f6z fikrimi deyir\u0259m. C\u0259nab prokuror, sizin yerinizd\u0259 dayan\u0131b, ba\u015fqalar\u0131n\u0131n bu c\u00fcr g\u00f6st\u0259ri\u015fl\u0259rini yerin\u0259 yetirm\u0259kd\u0259ns\u0259, burada dayanma\u011f\u0131 daha \u00fcst\u00fcn tuturam\u201d.<br>Hakim yen\u0259 m\u00fcdaxil\u0259 edib: \u201c\u00d6z\u00fcn\u0259 h\u00f6rm\u0259t qoy\u2026\u201d<br><\/p>\n\n\n\n<p>Bundan sonra C\u0259f\u0259r Mirz\u0259yev narkotik ittiham\u0131 haqda dan\u0131\u015f\u0131b. O, ittiham\u0131n b\u00f6htan oldu\u011funu vur\u011fulayaraq, sat\u0131\u015f m\u0259qs\u0259di haqda yaz\u0131lanlara diqq\u0259t \u00e7\u0259kib: \u201c\u0130ttiham ehtimallara \u0259saslana bilm\u0259z. Birincisi m\u0259nd\u0259 narkotik olmay\u0131b. \u0130kincisi, n\u0259y\u0259 \u0259saslan\u0131b deyirl\u0259r ki, sat\u0131\u015f m\u0259qs\u0259dil\u0259 olub? Mobil telefonun dan\u0131\u015f\u0131q v\u0259 sms ara\u015fd\u0131rmalar\u0131nda he\u00e7 n\u0259 a\u015fkarlanmay\u0131b. Sat\u0131\u015f n\u0259 il\u0259 s\u00fcbut olunur? Niy\u0259 gedib evimizd\u0259 axtar\u0131\u015f aparmay\u0131blar? \u00c7\u00fcnki \u00f6zl\u0259ri at\u0131blar cibim\u0259, bilirl\u0259r evd\u0259 he\u00e7 n\u0259 ola bilm\u0259z. M\u0259ni ma\u011fazada olanda zor t\u0259tbiq ed\u0259r\u0259k tutublar. Ma\u011fazada m\u00fc\u015fahid\u0259 kameralar\u0131 vard\u0131. Niy\u0259 istintaqa r\u0259hb\u0259rlik ed\u0259n orqan onlar\u0131 g\u00f6t\u00fcrm\u0259yib? Niy\u0259 narkotikin m\u0259nb\u0259yini a\u015fkarlamay\u0131blar?\u201d<br><\/p>\n\n\n\n<p>C\u0259f\u0259r Mirz\u0259yev \u0259lav\u0259 edib ki, onu sosial mediada m\u0259mur \u00f6zba\u015f\u0131nal\u0131\u011f\u0131 haqda payla\u015f\u0131mlar\u0131na, Almaniyada olark\u0259n Az\u0259rbaycandak\u0131 siyasi m\u0259hbuslarla ba\u011fl\u0131 etiraz aksiyalar\u0131nda i\u015ftirak\u0131na g\u00f6r\u0259 c\u0259zaland\u0131r\u0131blar.<br>Son s\u00f6zd\u0259n bir ne\u00e7\u0259 d\u0259qiq\u0259 sonra h\u00f6km elan edilib.<br><\/p>\n\n\n\n<p>C\u0259f\u0259r Mirz\u0259yev 2021-ci ilin noyabr\u0131nda Almaniyadan Az\u0259rbaycana deportasiya olunub, 2022-ci ilin yanvar\u0131nda is\u0259 h\u0259bs olunub. O, 2021-ci ilin oktyabr\u0131ndan indiy\u0259d\u0259k Almaniyadan deportasiya edildikd\u0259n az sonra h\u0259bs edil\u0259n 6 n\u0259f\u0259r siyasi f\u0259aldan biridir. H\u0259bs olunanlar\u0131n \u0259ks\u0259riyy\u0259tin\u0259 qar\u015f\u0131 narkotik ittiham\u0131 ir\u0259li s\u00fcr\u00fcl\u00fcb. Onlar\u0131n aras\u0131nda P\u00fcnhan K\u0259rimli, Malik Rzayev, Samir A\u015furov v\u0259 ba\u015fqalar\u0131 var.<br><\/p>\n\n\n\n<p>Bu siyasi f\u0259allar\u0131n he\u00e7 biri \u00f6zl\u0259rini t\u0259qsirli bilmir, narkotik ittiham\u0131n\u0131n c\u0259f\u0259ngiyyat oldu\u011funu, sosial \u015f\u0259b\u0259k\u0259l\u0259rd\u0259ki t\u0259nqidl\u0259rin\u0259, Almaniyada olark\u0259n Az\u0259rbaycanda siyasi m\u0259hbus problemi, insan haqlar\u0131n\u0131n pozulmas\u0131 hallar\u0131yla ba\u011fl\u0131 etiraz aksiyalar\u0131nda i\u015ftiraklar\u0131na g\u00f6r\u0259 c\u0259zaland\u0131r\u0131ld\u0131qlar\u0131n\u0131 bildirirl\u0259r.<br><\/p>\n\n\n\n<p>Daxili \u0130\u015fl\u0259r Nazirliyi is\u0259 onlar\u0131n bu haqda dedikl\u0259rinin \u0259sass\u0131z oldu\u011funu, konkret cinay\u0259t\u0259 g\u00f6r\u0259 h\u0259bs olunduqlar\u0131n\u0131 b\u0259yan edib.<\/p>\n","protected":false},"excerpt":{"rendered":"<p>Hakim bir ne\u00e7\u0259 d\u0259f\u0259 C\u0259f\u0259r Mirz\u0259yevin son s\u00f6z\u00fcn\u00fc k\u0259sib Readmissiya &#8230; <\/p>\n<p class=\"read-more-container\"><a title=\"Almaniyadan deportasiya olunan daha bir f\u0259ala h\u00f6km oxundu\" class=\"read-more button\" href=\"https:\/\/www.meydan.tv\/az\/article\/almaniyadan-deportasiya-olunan-daha-bir-feala-hokm-oxundu\/#more-265841\" aria-label=\"Read more about Almaniyadan deportasiya olunan daha bir f\u0259ala h\u00f6km oxundu\">Davam\u0131<\/a><\/p>\n","protected":false},"author":12,"featured_media":265192,"comment_status":"closed","ping_status":"closed","sticky":false,"template":"","format":"standard","meta":{"_acf_changed":false,"_sitemap_exclude":false,"_sitemap_priority":"","_sitemap_frequency":"","footnotes":""},"categories":[59,79,56],"tags":[],"class_list":["post-265841","post","type-post","status-publish","format-standard","has-post-thumbnail","hentry","category-siyaset","category-featured","category-xeberler","infinite-scroll-item","generate-columns","tablet-grid-50","mobile-grid-100","grid-parent","grid-33","no-featured-image-padding"],"acf":[],"yoast_head":"<!-- This site is optimized with the Yoast SEO plugin v27.4 - https:\/\/yoast.com\/product\/yoast-seo-wordpress\/ -->\n<title>Almaniyadan deportasiya olunan daha bir f\u0259ala h\u00f6km oxundu - MEYDAN.TV<\/title>\n<meta name=\"robots\" content=\"index, follow, max-snippet:-1, max-image-preview:large, max-video-preview:-1\" \/>\n<link rel=\"canonical\" href=\"https:\/\/www.meydan.tv\/az\/article\/almaniyadan-deportasiya-olunan-daha-bir-feala-hokm-oxundu\/\" \/>\n<meta property=\"og:locale\" content=\"az_AZ\" \/>\n<meta property=\"og:type\" content=\"article\" \/>\n<meta property=\"og:title\" content=\"Almaniyadan deportasiya olunan daha bir f\u0259ala h\u00f6km oxundu - MEYDAN.TV\" \/>\n<meta property=\"og:description\" content=\"Hakim bir ne\u00e7\u0259 d\u0259f\u0259 C\u0259f\u0259r Mirz\u0259yevin son s\u00f6z\u00fcn\u00fc k\u0259sib Readmissiya ... Davam\u0131\" \/>\n<meta property=\"og:url\" content=\"https:\/\/www.meydan.tv\/az\/article\/almaniyadan-deportasiya-olunan-daha-bir-feala-hokm-oxundu\/\" \/>\n<meta property=\"og:site_name\" content=\"MEYDAN.TV\" \/>\n<meta property=\"article:published_time\" content=\"2023-01-16T15:06:08+00:00\" \/>\n<meta property=\"article:modified_time\" content=\"2023-01-16T15:06:10+00:00\" \/>\n<meta property=\"og:image\" content=\"https:\/\/www.meydan.tv\/wp-content\/uploads\/untitled-design-4-54-e1673013503672.jpg\" \/>\n\t<meta property=\"og:image:width\" content=\"1200\" \/>\n\t<meta property=\"og:image:height\" content=\"615\" \/>\n\t<meta property=\"og:image:type\" content=\"image\/jpeg\" \/>\n<meta name=\"author\" content=\"aleks\" \/>\n<meta name=\"twitter:card\" content=\"summary_large_image\" \/>\n<script type=\"application\/ld+json\" class=\"yoast-schema-graph\">{\"@context\":\"https:\\\/\\\/schema.org\",\"@graph\":[{\"@type\":\"Article\",\"@id\":\"https:\\\/\\\/www.meydan.tv\\\/az\\\/article\\\/almaniyadan-deportasiya-olunan-daha-bir-feala-hokm-oxundu\\\/#article\",\"isPartOf\":{\"@id\":\"https:\\\/\\\/www.meydan.tv\\\/az\\\/article\\\/almaniyadan-deportasiya-olunan-daha-bir-feala-hokm-oxundu\\\/\"},\"author\":{\"name\":\"aleks\",\"@id\":\"https:\\\/\\\/www.meydan.tv\\\/az\\\/#\\\/schema\\\/person\\\/476e9360e593fa131d5d71d51866f8da\"},\"headline\":\"Almaniyadan deportasiya olunan daha bir f\u0259ala h\u00f6km oxundu\",\"datePublished\":\"2023-01-16T15:06:08+00:00\",\"dateModified\":\"2023-01-16T15:06:10+00:00\",\"mainEntityOfPage\":{\"@id\":\"https:\\\/\\\/www.meydan.tv\\\/az\\\/article\\\/almaniyadan-deportasiya-olunan-daha-bir-feala-hokm-oxundu\\\/\"},\"wordCount\":666,\"publisher\":{\"@id\":\"https:\\\/\\\/www.meydan.tv\\\/az\\\/#organization\"},\"image\":{\"@id\":\"https:\\\/\\\/www.meydan.tv\\\/az\\\/article\\\/almaniyadan-deportasiya-olunan-daha-bir-feala-hokm-oxundu\\\/#primaryimage\"},\"thumbnailUrl\":\"https:\\\/\\\/www.meydan.tv\\\/wp-content\\\/uploads\\\/untitled-design-4-54-e1694450966432.jpg\",\"articleSection\":[\"Siyas\u0259t\",\"T\u00f6vsiy\u0259\",\"X\u0259b\u0259rl\u0259r\"],\"inLanguage\":\"az\"},{\"@type\":\"WebPage\",\"@id\":\"https:\\\/\\\/www.meydan.tv\\\/az\\\/article\\\/almaniyadan-deportasiya-olunan-daha-bir-feala-hokm-oxundu\\\/\",\"url\":\"https:\\\/\\\/www.meydan.tv\\\/az\\\/article\\\/almaniyadan-deportasiya-olunan-daha-bir-feala-hokm-oxundu\\\/\",\"name\":\"Almaniyadan deportasiya olunan daha bir f\u0259ala h\u00f6km oxundu - MEYDAN.TV\",\"isPartOf\":{\"@id\":\"https:\\\/\\\/www.meydan.tv\\\/az\\\/#website\"},\"primaryImageOfPage\":{\"@id\":\"https:\\\/\\\/www.meydan.tv\\\/az\\\/article\\\/almaniyadan-deportasiya-olunan-daha-bir-feala-hokm-oxundu\\\/#primaryimage\"},\"image\":{\"@id\":\"https:\\\/\\\/www.meydan.tv\\\/az\\\/article\\\/almaniyadan-deportasiya-olunan-daha-bir-feala-hokm-oxundu\\\/#primaryimage\"},\"thumbnailUrl\":\"https:\\\/\\\/www.meydan.tv\\\/wp-content\\\/uploads\\\/untitled-design-4-54-e1694450966432.jpg\",\"datePublished\":\"2023-01-16T15:06:08+00:00\",\"dateModified\":\"2023-01-16T15:06:10+00:00\",\"breadcrumb\":{\"@id\":\"https:\\\/\\\/www.meydan.tv\\\/az\\\/article\\\/almaniyadan-deportasiya-olunan-daha-bir-feala-hokm-oxundu\\\/#breadcrumb\"},\"inLanguage\":\"az\",\"potentialAction\":[{\"@type\":\"ReadAction\",\"target\":[\"https:\\\/\\\/www.meydan.tv\\\/az\\\/article\\\/almaniyadan-deportasiya-olunan-daha-bir-feala-hokm-oxundu\\\/\"]}]},{\"@type\":\"ImageObject\",\"inLanguage\":\"az\",\"@id\":\"https:\\\/\\\/www.meydan.tv\\\/az\\\/article\\\/almaniyadan-deportasiya-olunan-daha-bir-feala-hokm-oxundu\\\/#primaryimage\",\"url\":\"https:\\\/\\\/www.meydan.tv\\\/wp-content\\\/uploads\\\/untitled-design-4-54-e1694450966432.jpg\",\"contentUrl\":\"https:\\\/\\\/www.meydan.tv\\\/wp-content\\\/uploads\\\/untitled-design-4-54-e1694450966432.jpg\",\"width\":1200,\"height\":500,\"caption\":\"C\u0259f\u0259r Mirz\u0259yev. Foto: \\\"Facebook\\\"\"},{\"@type\":\"BreadcrumbList\",\"@id\":\"https:\\\/\\\/www.meydan.tv\\\/az\\\/article\\\/almaniyadan-deportasiya-olunan-daha-bir-feala-hokm-oxundu\\\/#breadcrumb\",\"itemListElement\":[{\"@type\":\"ListItem\",\"position\":1,\"name\":\"Ana s\u0259hif\u0259\",\"item\":\"https:\\\/\\\/www.meydan.tv\\\/az\\\/\"},{\"@type\":\"ListItem\",\"position\":2,\"name\":\"X\u0259b\u0259rl\u0259r\",\"item\":\"https:\\\/\\\/www.meydan.tv\\\/az\\\/section\\\/xeberler\\\/\"},{\"@type\":\"ListItem\",\"position\":3,\"name\":\"Almaniyadan deportasiya olunan daha bir f\u0259ala h\u00f6km oxundu\"}]},{\"@type\":\"WebSite\",\"@id\":\"https:\\\/\\\/www.meydan.tv\\\/az\\\/#website\",\"url\":\"https:\\\/\\\/www.meydan.tv\\\/az\\\/\",\"name\":\"MEYDAN.TV\",\"description\":\"Meydan TV Az\u0259rbaycan\u0131n media m\u0259kan\u0131ndak\u0131 alternativ s\u0259sidir\",\"publisher\":{\"@id\":\"https:\\\/\\\/www.meydan.tv\\\/az\\\/#organization\"},\"potentialAction\":[{\"@type\":\"SearchAction\",\"target\":{\"@type\":\"EntryPoint\",\"urlTemplate\":\"https:\\\/\\\/www.meydan.tv\\\/az\\\/?s={search_term_string}\"},\"query-input\":{\"@type\":\"PropertyValueSpecification\",\"valueRequired\":true,\"valueName\":\"search_term_string\"}}],\"inLanguage\":\"az\"},{\"@type\":\"Organization\",\"@id\":\"https:\\\/\\\/www.meydan.tv\\\/az\\\/#organization\",\"name\":\"Meydan TV\",\"url\":\"https:\\\/\\\/www.meydan.tv\\\/az\\\/\",\"logo\":{\"@type\":\"ImageObject\",\"inLanguage\":\"az\",\"@id\":\"https:\\\/\\\/www.meydan.tv\\\/az\\\/#\\\/schema\\\/logo\\\/image\\\/\",\"url\":\"https:\\\/\\\/www.meydan.tv\\\/wp-content\\\/uploads\\\/2021\\\/07\\\/meydan-logo.svg\",\"contentUrl\":\"https:\\\/\\\/www.meydan.tv\\\/wp-content\\\/uploads\\\/2021\\\/07\\\/meydan-logo.svg\",\"width\":195,\"height\":46,\"caption\":\"Meydan TV\"},\"image\":{\"@id\":\"https:\\\/\\\/www.meydan.tv\\\/az\\\/#\\\/schema\\\/logo\\\/image\\\/\"}},{\"@type\":\"Person\",\"@id\":\"https:\\\/\\\/www.meydan.tv\\\/az\\\/#\\\/schema\\\/person\\\/476e9360e593fa131d5d71d51866f8da\",\"name\":\"aleks\"}]}<\/script>\n<!-- \/ Yoast SEO plugin. -->","yoast_head_json":{"title":"Almaniyadan deportasiya olunan daha bir f\u0259ala h\u00f6km oxundu - MEYDAN.TV","robots":{"index":"index","follow":"follow","max-snippet":"max-snippet:-1","max-image-preview":"max-image-preview:large","max-video-preview":"max-video-preview:-1"},"canonical":"https:\/\/www.meydan.tv\/az\/article\/almaniyadan-deportasiya-olunan-daha-bir-feala-hokm-oxundu\/","og_locale":"az_AZ","og_type":"article","og_title":"Almaniyadan deportasiya olunan daha bir f\u0259ala h\u00f6km oxundu - MEYDAN.TV","og_description":"Hakim bir ne\u00e7\u0259 d\u0259f\u0259 C\u0259f\u0259r Mirz\u0259yevin son s\u00f6z\u00fcn\u00fc k\u0259sib Readmissiya ... Davam\u0131","og_url":"https:\/\/www.meydan.tv\/az\/article\/almaniyadan-deportasiya-olunan-daha-bir-feala-hokm-oxundu\/","og_site_name":"MEYDAN.TV","article_published_time":"2023-01-16T15:06:08+00:00","article_modified_time":"2023-01-16T15:06:10+00:00","og_image":[{"width":1200,"height":615,"url":"https:\/\/www.meydan.tv\/wp-content\/uploads\/untitled-design-4-54-e1673013503672.jpg","type":"image\/jpeg"}],"author":"aleks","twitter_card":"summary_large_image","schema":{"@context":"https:\/\/schema.org","@graph":[{"@type":"Article","@id":"https:\/\/www.meydan.tv\/az\/article\/almaniyadan-deportasiya-olunan-daha-bir-feala-hokm-oxundu\/#article","isPartOf":{"@id":"https:\/\/www.meydan.tv\/az\/article\/almaniyadan-deportasiya-olunan-daha-bir-feala-hokm-oxundu\/"},"author":{"name":"aleks","@id":"https:\/\/www.meydan.tv\/az\/#\/schema\/person\/476e9360e593fa131d5d71d51866f8da"},"headline":"Almaniyadan deportasiya olunan daha bir f\u0259ala h\u00f6km oxundu","datePublished":"2023-01-16T15:06:08+00:00","dateModified":"2023-01-16T15:06:10+00:00","mainEntityOfPage":{"@id":"https:\/\/www.meydan.tv\/az\/article\/almaniyadan-deportasiya-olunan-daha-bir-feala-hokm-oxundu\/"},"wordCount":666,"publisher":{"@id":"https:\/\/www.meydan.tv\/az\/#organization"},"image":{"@id":"https:\/\/www.meydan.tv\/az\/article\/almaniyadan-deportasiya-olunan-daha-bir-feala-hokm-oxundu\/#primaryimage"},"thumbnailUrl":"https:\/\/www.meydan.tv\/wp-content\/uploads\/untitled-design-4-54-e1694450966432.jpg","articleSection":["Siyas\u0259t","T\u00f6vsiy\u0259","X\u0259b\u0259rl\u0259r"],"inLanguage":"az"},{"@type":"WebPage","@id":"https:\/\/www.meydan.tv\/az\/article\/almaniyadan-deportasiya-olunan-daha-bir-feala-hokm-oxundu\/","url":"https:\/\/www.meydan.tv\/az\/article\/almaniyadan-deportasiya-olunan-daha-bir-feala-hokm-oxundu\/","name":"Almaniyadan deportasiya olunan daha bir f\u0259ala h\u00f6km oxundu - MEYDAN.TV","isPartOf":{"@id":"https:\/\/www.meydan.tv\/az\/#website"},"primaryImageOfPage":{"@id":"https:\/\/www.meydan.tv\/az\/article\/almaniyadan-deportasiya-olunan-daha-bir-feala-hokm-oxundu\/#primaryimage"},"image":{"@id":"https:\/\/www.meydan.tv\/az\/article\/almaniyadan-deportasiya-olunan-daha-bir-feala-hokm-oxundu\/#primaryimage"},"thumbnailUrl":"https:\/\/www.meydan.tv\/wp-content\/uploads\/untitled-design-4-54-e1694450966432.jpg","datePublished":"2023-01-16T15:06:08+00:00","dateModified":"2023-01-16T15:06:10+00:00","breadcrumb":{"@id":"https:\/\/www.meydan.tv\/az\/article\/almaniyadan-deportasiya-olunan-daha-bir-feala-hokm-oxundu\/#breadcrumb"},"inLanguage":"az","potentialAction":[{"@type":"ReadAction","target":["https:\/\/www.meydan.tv\/az\/article\/almaniyadan-deportasiya-olunan-daha-bir-feala-hokm-oxundu\/"]}]},{"@type":"ImageObject","inLanguage":"az","@id":"https:\/\/www.meydan.tv\/az\/article\/almaniyadan-deportasiya-olunan-daha-bir-feala-hokm-oxundu\/#primaryimage","url":"https:\/\/www.meydan.tv\/wp-content\/uploads\/untitled-design-4-54-e1694450966432.jpg","contentUrl":"https:\/\/www.meydan.tv\/wp-content\/uploads\/untitled-design-4-54-e1694450966432.jpg","width":1200,"height":500,"caption":"C\u0259f\u0259r Mirz\u0259yev. Foto: \"Facebook\""},{"@type":"BreadcrumbList","@id":"https:\/\/www.meydan.tv\/az\/article\/almaniyadan-deportasiya-olunan-daha-bir-feala-hokm-oxundu\/#breadcrumb","itemListElement":[{"@type":"ListItem","position":1,"name":"Ana s\u0259hif\u0259","item":"https:\/\/www.meydan.tv\/az\/"},{"@type":"ListItem","position":2,"name":"X\u0259b\u0259rl\u0259r","item":"https:\/\/www.meydan.tv\/az\/section\/xeberler\/"},{"@type":"ListItem","position":3,"name":"Almaniyadan deportasiya olunan daha bir f\u0259ala h\u00f6km oxundu"}]},{"@type":"WebSite","@id":"https:\/\/www.meydan.tv\/az\/#website","url":"https:\/\/www.meydan.tv\/az\/","name":"MEYDAN.TV","description":"Meydan TV Az\u0259rbaycan\u0131n media m\u0259kan\u0131ndak\u0131 alternativ s\u0259sidir","publisher":{"@id":"https:\/\/www.meydan.tv\/az\/#organization"},"potentialAction":[{"@type":"SearchAction","target":{"@type":"EntryPoint","urlTemplate":"https:\/\/www.meydan.tv\/az\/?s={search_term_string}"},"query-input":{"@type":"PropertyValueSpecification","valueRequired":true,"valueName":"search_term_string"}}],"inLanguage":"az"},{"@type":"Organization","@id":"https:\/\/www.meydan.tv\/az\/#organization","name":"Meydan TV","url":"https:\/\/www.meydan.tv\/az\/","logo":{"@type":"ImageObject","inLanguage":"az","@id":"https:\/\/www.meydan.tv\/az\/#\/schema\/logo\/image\/","url":"https:\/\/www.meydan.tv\/wp-content\/uploads\/2021\/07\/meydan-logo.svg","contentUrl":"https:\/\/www.meydan.tv\/wp-content\/uploads\/2021\/07\/meydan-logo.svg","width":195,"height":46,"caption":"Meydan TV"},"image":{"@id":"https:\/\/www.meydan.tv\/az\/#\/schema\/logo\/image\/"}},{"@type":"Person","@id":"https:\/\/www.meydan.tv\/az\/#\/schema\/person\/476e9360e593fa131d5d71d51866f8da","name":"aleks"}]}},"_links":{"self":[{"href":"https:\/\/www.meydan.tv\/az\/wp-json\/wp\/v2\/posts\/265841","targetHints":{"allow":["GET"]}}],"collection":[{"href":"https:\/\/www.meydan.tv\/az\/wp-json\/wp\/v2\/posts"}],"about":[{"href":"https:\/\/www.meydan.tv\/az\/wp-json\/wp\/v2\/types\/post"}],"author":[{"embeddable":true,"href":"https:\/\/www.meydan.tv\/az\/wp-json\/wp\/v2\/users\/12"}],"replies":[{"embeddable":true,"href":"https:\/\/www.meydan.tv\/az\/wp-json\/wp\/v2\/comments?post=265841"}],"version-history":[{"count":1,"href":"https:\/\/www.meydan.tv\/az\/wp-json\/wp\/v2\/posts\/265841\/revisions"}],"predecessor-version":[{"id":265842,"href":"https:\/\/www.meydan.tv\/az\/wp-json\/wp\/v2\/posts\/265841\/revisions\/265842"}],"wp:featuredmedia":[{"embeddable":true,"href":"https:\/\/www.meydan.tv\/az\/wp-json\/wp\/v2\/media\/265192"}],"wp:attachment":[{"href":"https:\/\/www.meydan.tv\/az\/wp-json\/wp\/v2\/media?parent=265841"}],"wp:term":[{"taxonomy":"category","embeddable":true,"href":"https:\/\/www.meydan.tv\/az\/wp-json\/wp\/v2\/categories?post=265841"},{"taxonomy":"post_tag","embeddable":true,"href":"https:\/\/www.meydan.tv\/az\/wp-json\/wp\/v2\/tags?post=265841"}],"curies":[{"name":"wp","href":"https:\/\/api.w.org\/{rel}","templated":true}]}}