{"id":265825,"date":"2023-01-16T16:21:59","date_gmt":"2023-01-16T12:21:59","guid":{"rendered":"https:\/\/www.meydan.tv\/?p=265825"},"modified":"2023-01-16T16:22:01","modified_gmt":"2023-01-16T12:22:01","slug":"dnepr-olu-sayi-40-a-catdi-rusiya-yasayis-binasina-hucum-etmediyini-deyir","status":"publish","type":"post","link":"https:\/\/www.meydan.tv\/az\/article\/dnepr-olu-sayi-40-a-catdi-rusiya-yasayis-binasina-hucum-etmediyini-deyir\/","title":{"rendered":"<strong>Dnepr: \u00f6l\u00fc say\u0131 40-a \u00e7atd\u0131, Rusiya ya\u015fay\u0131\u015f binas\u0131na h\u00fccum etm\u0259diyini deyir<\/strong>"},"content":{"rendered":"\n<figure class=\"wp-block-embed is-type-video is-provider-youtube wp-block-embed-youtube wp-embed-aspect-16-9 wp-has-aspect-ratio\"><div class=\"wp-block-embed__wrapper\">\n<iframe title=\"Dnepr: \u00f6l\u00fc say\u0131 40-a \u00e7atd\u0131\" width=\"1200\" height=\"675\" data-src=\"https:\/\/www.youtube.com\/embed\/HDr8RNBRvfM?feature=oembed\" frameborder=\"0\" allow=\"accelerometer; autoplay; clipboard-write; encrypted-media; gyroscope; picture-in-picture; web-share\" allowfullscreen src=\"data:image\/svg+xml;base64,PHN2ZyB3aWR0aD0iMSIgaGVpZ2h0PSIxIiB4bWxucz0iaHR0cDovL3d3dy53My5vcmcvMjAwMC9zdmciPjwvc3ZnPg==\" class=\"lazyload\" data-load-mode=\"1\"><\/iframe>\n<\/div><\/figure>\n\n\n\n<p>\u015e\u0259nb\u0259 g\u00fcn\u00fc Dneprd\u0259 ya\u015fay\u0131\u015f binas\u0131na edil\u0259n h\u00fccumda \u00f6l\u0259nl\u0259rin say\u0131 40-a \u00e7at\u0131b. \u018fn az\u0131 35 n\u0259f\u0259rin d\u0259 itkin d\u00fc\u015fd\u00fcy\u00fc deyilir. Xilas edil\u0259nl\u0259rd\u0259n 75-i yaral\u0131d\u0131r. Xilasetm\u0259 \u0259m\u0259liyyat\u0131 emosional s\u0259hn\u0259l\u0259r\u0259 meydan olub.\u00a0<\/p>\n\n\n\n<p>Volodimir Zelenski h\u00fccumla ba\u011fl\u0131 a\u00e7\u0131qlamas\u0131nda Rusiya \u0259halisini \u201cqorxaq susqunluqda\u201d ittiham edib. O, deyib ki, h\u00fccum 15 ya\u015fl\u0131 bir u\u015fa\u011f\u0131n da \u00f6l\u00fcm\u00fcn\u0259 s\u0259b\u0259b olub, 2 u\u015fa\u011f\u0131 is\u0259 valideynsiz qoyub.\u00a0<\/p>\n\n\n\n<p>Rusiya Dneprd\u0259ki ya\u015fay\u0131\u015f binas\u0131na raket z\u0259rb\u0259si endirm\u0259diyini iddia edir. Bu haqda Putinin s\u00f6z\u00e7\u00fcs\u00fc Dmitri Peskov a\u00e7\u0131qlama verib. O, Rusiyan\u0131n h\u0259rbi obyektl\u0259ri h\u0259d\u0259f ald\u0131\u011f\u0131n\u0131 deyib.\u00a0<\/p>\n\n\n\n<p>Axtar\u0131\u015flar davam ets\u0259 d\u0259, xilasedicil\u0259r art\u0131q sa\u011f qalanlar\u0131n oldu\u011funa inanm\u0131rlar.<\/p>\n","protected":false},"excerpt":{"rendered":"<p>\u015e\u0259nb\u0259 g\u00fcn\u00fc Dneprd\u0259 ya\u015fay\u0131\u015f binas\u0131na edil\u0259n h\u00fccumda \u00f6l\u0259nl\u0259rin say\u0131 40-a &#8230; <\/p>\n<p class=\"read-more-container\"><a title=\"Dnepr: \u00f6l\u00fc say\u0131 40-a \u00e7atd\u0131, Rusiya ya\u015fay\u0131\u015f binas\u0131na h\u00fccum etm\u0259diyini deyir\" class=\"read-more button\" href=\"https:\/\/www.meydan.tv\/az\/article\/dnepr-olu-sayi-40-a-catdi-rusiya-yasayis-binasina-hucum-etmediyini-deyir\/#more-265825\" aria-label=\"Read more about Dnepr: \u00f6l\u00fc say\u0131 40-a \u00e7atd\u0131, Rusiya ya\u015fay\u0131\u015f binas\u0131na h\u00fccum etm\u0259diyini deyir\">Davam\u0131<\/a><\/p>\n","protected":false},"author":12,"featured_media":265826,"comment_status":"closed","ping_status":"closed","sticky":false,"template":"","format":"standard","meta":{"_acf_changed":false,"_sitemap_exclude":false,"_sitemap_priority":"","_sitemap_frequency":"","footnotes":""},"categories":[64,63,56],"tags":[],"class_list":["post-265825","post","type-post","status-publish","format-standard","has-post-thumbnail","hentry","category-dunya","category-video-2","category-xeberler","infinite-scroll-item","generate-columns","tablet-grid-50","mobile-grid-100","grid-parent","grid-33","no-featured-image-padding"],"acf":[],"yoast_head":"<!-- This site is optimized with the Yoast SEO plugin v27.5 - https:\/\/yoast.com\/product\/yoast-seo-wordpress\/ -->\n<title>Dnepr: \u00f6l\u00fc say\u0131 40-a \u00e7atd\u0131, Rusiya ya\u015fay\u0131\u015f binas\u0131na h\u00fccum etm\u0259diyini deyir - MEYDAN.TV<\/title>\n<meta name=\"robots\" content=\"index, follow, max-snippet:-1, max-image-preview:large, max-video-preview:-1\" \/>\n<link rel=\"canonical\" href=\"https:\/\/www.meydan.tv\/az\/article\/dnepr-olu-sayi-40-a-catdi-rusiya-yasayis-binasina-hucum-etmediyini-deyir\/\" \/>\n<meta property=\"og:locale\" content=\"az_AZ\" \/>\n<meta property=\"og:type\" content=\"article\" \/>\n<meta property=\"og:title\" content=\"Dnepr: \u00f6l\u00fc say\u0131 40-a \u00e7atd\u0131, Rusiya ya\u015fay\u0131\u015f binas\u0131na h\u00fccum etm\u0259diyini deyir - MEYDAN.TV\" \/>\n<meta property=\"og:description\" content=\"\u015e\u0259nb\u0259 g\u00fcn\u00fc Dneprd\u0259 ya\u015fay\u0131\u015f binas\u0131na edil\u0259n h\u00fccumda \u00f6l\u0259nl\u0259rin say\u0131 40-a ... Davam\u0131\" \/>\n<meta property=\"og:url\" content=\"https:\/\/www.meydan.tv\/az\/article\/dnepr-olu-sayi-40-a-catdi-rusiya-yasayis-binasina-hucum-etmediyini-deyir\/\" \/>\n<meta property=\"og:site_name\" content=\"MEYDAN.TV\" \/>\n<meta property=\"article:published_time\" content=\"2023-01-16T12:21:59+00:00\" \/>\n<meta property=\"article:modified_time\" content=\"2023-01-16T12:22:01+00:00\" \/>\n<meta property=\"og:image\" content=\"https:\/\/www.meydan.tv\/wp-content\/uploads\/323121754_704450851222558_2729242128113097780_n.jpg\" \/>\n\t<meta property=\"og:image:width\" content=\"900\" \/>\n\t<meta property=\"og:image:height\" content=\"600\" \/>\n\t<meta property=\"og:image:type\" content=\"image\/jpeg\" \/>\n<meta name=\"author\" content=\"aleks\" \/>\n<meta name=\"twitter:card\" content=\"summary_large_image\" \/>\n<script type=\"application\/ld+json\" class=\"yoast-schema-graph\">{\"@context\":\"https:\\\/\\\/schema.org\",\"@graph\":[{\"@type\":\"Article\",\"@id\":\"https:\\\/\\\/www.meydan.tv\\\/az\\\/article\\\/dnepr-olu-sayi-40-a-catdi-rusiya-yasayis-binasina-hucum-etmediyini-deyir\\\/#article\",\"isPartOf\":{\"@id\":\"https:\\\/\\\/www.meydan.tv\\\/az\\\/article\\\/dnepr-olu-sayi-40-a-catdi-rusiya-yasayis-binasina-hucum-etmediyini-deyir\\\/\"},\"author\":{\"name\":\"aleks\",\"@id\":\"https:\\\/\\\/www.meydan.tv\\\/az\\\/#\\\/schema\\\/person\\\/476e9360e593fa131d5d71d51866f8da\"},\"headline\":\"Dnepr: \u00f6l\u00fc say\u0131 40-a \u00e7atd\u0131, Rusiya ya\u015fay\u0131\u015f binas\u0131na h\u00fccum etm\u0259diyini deyir\",\"datePublished\":\"2023-01-16T12:21:59+00:00\",\"dateModified\":\"2023-01-16T12:22:01+00:00\",\"mainEntityOfPage\":{\"@id\":\"https:\\\/\\\/www.meydan.tv\\\/az\\\/article\\\/dnepr-olu-sayi-40-a-catdi-rusiya-yasayis-binasina-hucum-etmediyini-deyir\\\/\"},\"wordCount\":163,\"publisher\":{\"@id\":\"https:\\\/\\\/www.meydan.tv\\\/az\\\/#organization\"},\"image\":{\"@id\":\"https:\\\/\\\/www.meydan.tv\\\/az\\\/article\\\/dnepr-olu-sayi-40-a-catdi-rusiya-yasayis-binasina-hucum-etmediyini-deyir\\\/#primaryimage\"},\"thumbnailUrl\":\"https:\\\/\\\/www.meydan.tv\\\/wp-content\\\/uploads\\\/323121754_704450851222558_2729242128113097780_n.jpg\",\"articleSection\":[\"D\u00fcnya\",\"Video\",\"X\u0259b\u0259rl\u0259r\"],\"inLanguage\":\"az\"},{\"@type\":\"WebPage\",\"@id\":\"https:\\\/\\\/www.meydan.tv\\\/az\\\/article\\\/dnepr-olu-sayi-40-a-catdi-rusiya-yasayis-binasina-hucum-etmediyini-deyir\\\/\",\"url\":\"https:\\\/\\\/www.meydan.tv\\\/az\\\/article\\\/dnepr-olu-sayi-40-a-catdi-rusiya-yasayis-binasina-hucum-etmediyini-deyir\\\/\",\"name\":\"Dnepr: \u00f6l\u00fc say\u0131 40-a \u00e7atd\u0131, Rusiya ya\u015fay\u0131\u015f binas\u0131na h\u00fccum etm\u0259diyini deyir - MEYDAN.TV\",\"isPartOf\":{\"@id\":\"https:\\\/\\\/www.meydan.tv\\\/az\\\/#website\"},\"primaryImageOfPage\":{\"@id\":\"https:\\\/\\\/www.meydan.tv\\\/az\\\/article\\\/dnepr-olu-sayi-40-a-catdi-rusiya-yasayis-binasina-hucum-etmediyini-deyir\\\/#primaryimage\"},\"image\":{\"@id\":\"https:\\\/\\\/www.meydan.tv\\\/az\\\/article\\\/dnepr-olu-sayi-40-a-catdi-rusiya-yasayis-binasina-hucum-etmediyini-deyir\\\/#primaryimage\"},\"thumbnailUrl\":\"https:\\\/\\\/www.meydan.tv\\\/wp-content\\\/uploads\\\/323121754_704450851222558_2729242128113097780_n.jpg\",\"datePublished\":\"2023-01-16T12:21:59+00:00\",\"dateModified\":\"2023-01-16T12:22:01+00:00\",\"breadcrumb\":{\"@id\":\"https:\\\/\\\/www.meydan.tv\\\/az\\\/article\\\/dnepr-olu-sayi-40-a-catdi-rusiya-yasayis-binasina-hucum-etmediyini-deyir\\\/#breadcrumb\"},\"inLanguage\":\"az\",\"potentialAction\":[{\"@type\":\"ReadAction\",\"target\":[\"https:\\\/\\\/www.meydan.tv\\\/az\\\/article\\\/dnepr-olu-sayi-40-a-catdi-rusiya-yasayis-binasina-hucum-etmediyini-deyir\\\/\"]}]},{\"@type\":\"ImageObject\",\"inLanguage\":\"az\",\"@id\":\"https:\\\/\\\/www.meydan.tv\\\/az\\\/article\\\/dnepr-olu-sayi-40-a-catdi-rusiya-yasayis-binasina-hucum-etmediyini-deyir\\\/#primaryimage\",\"url\":\"https:\\\/\\\/www.meydan.tv\\\/wp-content\\\/uploads\\\/323121754_704450851222558_2729242128113097780_n.jpg\",\"contentUrl\":\"https:\\\/\\\/www.meydan.tv\\\/wp-content\\\/uploads\\\/323121754_704450851222558_2729242128113097780_n.jpg\",\"width\":900,\"height\":600},{\"@type\":\"BreadcrumbList\",\"@id\":\"https:\\\/\\\/www.meydan.tv\\\/az\\\/article\\\/dnepr-olu-sayi-40-a-catdi-rusiya-yasayis-binasina-hucum-etmediyini-deyir\\\/#breadcrumb\",\"itemListElement\":[{\"@type\":\"ListItem\",\"position\":1,\"name\":\"Ana s\u0259hif\u0259\",\"item\":\"https:\\\/\\\/www.meydan.tv\\\/az\\\/\"},{\"@type\":\"ListItem\",\"position\":2,\"name\":\"Video\",\"item\":\"https:\\\/\\\/www.meydan.tv\\\/az\\\/section\\\/video-2\\\/\"},{\"@type\":\"ListItem\",\"position\":3,\"name\":\"Dnepr: \u00f6l\u00fc say\u0131 40-a \u00e7atd\u0131, Rusiya ya\u015fay\u0131\u015f binas\u0131na h\u00fccum etm\u0259diyini deyir\"}]},{\"@type\":\"WebSite\",\"@id\":\"https:\\\/\\\/www.meydan.tv\\\/az\\\/#website\",\"url\":\"https:\\\/\\\/www.meydan.tv\\\/az\\\/\",\"name\":\"MEYDAN.TV\",\"description\":\"Meydan TV Az\u0259rbaycan\u0131n media m\u0259kan\u0131ndak\u0131 alternativ s\u0259sidir\",\"publisher\":{\"@id\":\"https:\\\/\\\/www.meydan.tv\\\/az\\\/#organization\"},\"potentialAction\":[{\"@type\":\"SearchAction\",\"target\":{\"@type\":\"EntryPoint\",\"urlTemplate\":\"https:\\\/\\\/www.meydan.tv\\\/az\\\/?s={search_term_string}\"},\"query-input\":{\"@type\":\"PropertyValueSpecification\",\"valueRequired\":true,\"valueName\":\"search_term_string\"}}],\"inLanguage\":\"az\"},{\"@type\":\"Organization\",\"@id\":\"https:\\\/\\\/www.meydan.tv\\\/az\\\/#organization\",\"name\":\"Meydan TV\",\"url\":\"https:\\\/\\\/www.meydan.tv\\\/az\\\/\",\"logo\":{\"@type\":\"ImageObject\",\"inLanguage\":\"az\",\"@id\":\"https:\\\/\\\/www.meydan.tv\\\/az\\\/#\\\/schema\\\/logo\\\/image\\\/\",\"url\":\"https:\\\/\\\/www.meydan.tv\\\/wp-content\\\/uploads\\\/2021\\\/07\\\/meydan-logo.svg\",\"contentUrl\":\"https:\\\/\\\/www.meydan.tv\\\/wp-content\\\/uploads\\\/2021\\\/07\\\/meydan-logo.svg\",\"width\":195,\"height\":46,\"caption\":\"Meydan TV\"},\"image\":{\"@id\":\"https:\\\/\\\/www.meydan.tv\\\/az\\\/#\\\/schema\\\/logo\\\/image\\\/\"}},{\"@type\":\"Person\",\"@id\":\"https:\\\/\\\/www.meydan.tv\\\/az\\\/#\\\/schema\\\/person\\\/476e9360e593fa131d5d71d51866f8da\",\"name\":\"aleks\"}]}<\/script>\n<!-- \/ Yoast SEO plugin. -->","yoast_head_json":{"title":"Dnepr: \u00f6l\u00fc say\u0131 40-a \u00e7atd\u0131, Rusiya ya\u015fay\u0131\u015f binas\u0131na h\u00fccum etm\u0259diyini deyir - MEYDAN.TV","robots":{"index":"index","follow":"follow","max-snippet":"max-snippet:-1","max-image-preview":"max-image-preview:large","max-video-preview":"max-video-preview:-1"},"canonical":"https:\/\/www.meydan.tv\/az\/article\/dnepr-olu-sayi-40-a-catdi-rusiya-yasayis-binasina-hucum-etmediyini-deyir\/","og_locale":"az_AZ","og_type":"article","og_title":"Dnepr: \u00f6l\u00fc say\u0131 40-a \u00e7atd\u0131, Rusiya ya\u015fay\u0131\u015f binas\u0131na h\u00fccum etm\u0259diyini deyir - MEYDAN.TV","og_description":"\u015e\u0259nb\u0259 g\u00fcn\u00fc Dneprd\u0259 ya\u015fay\u0131\u015f binas\u0131na edil\u0259n h\u00fccumda \u00f6l\u0259nl\u0259rin say\u0131 40-a ... Davam\u0131","og_url":"https:\/\/www.meydan.tv\/az\/article\/dnepr-olu-sayi-40-a-catdi-rusiya-yasayis-binasina-hucum-etmediyini-deyir\/","og_site_name":"MEYDAN.TV","article_published_time":"2023-01-16T12:21:59+00:00","article_modified_time":"2023-01-16T12:22:01+00:00","og_image":[{"width":900,"height":600,"url":"https:\/\/www.meydan.tv\/wp-content\/uploads\/323121754_704450851222558_2729242128113097780_n.jpg","type":"image\/jpeg"}],"author":"aleks","twitter_card":"summary_large_image","schema":{"@context":"https:\/\/schema.org","@graph":[{"@type":"Article","@id":"https:\/\/www.meydan.tv\/az\/article\/dnepr-olu-sayi-40-a-catdi-rusiya-yasayis-binasina-hucum-etmediyini-deyir\/#article","isPartOf":{"@id":"https:\/\/www.meydan.tv\/az\/article\/dnepr-olu-sayi-40-a-catdi-rusiya-yasayis-binasina-hucum-etmediyini-deyir\/"},"author":{"name":"aleks","@id":"https:\/\/www.meydan.tv\/az\/#\/schema\/person\/476e9360e593fa131d5d71d51866f8da"},"headline":"Dnepr: \u00f6l\u00fc say\u0131 40-a \u00e7atd\u0131, Rusiya ya\u015fay\u0131\u015f binas\u0131na h\u00fccum etm\u0259diyini deyir","datePublished":"2023-01-16T12:21:59+00:00","dateModified":"2023-01-16T12:22:01+00:00","mainEntityOfPage":{"@id":"https:\/\/www.meydan.tv\/az\/article\/dnepr-olu-sayi-40-a-catdi-rusiya-yasayis-binasina-hucum-etmediyini-deyir\/"},"wordCount":163,"publisher":{"@id":"https:\/\/www.meydan.tv\/az\/#organization"},"image":{"@id":"https:\/\/www.meydan.tv\/az\/article\/dnepr-olu-sayi-40-a-catdi-rusiya-yasayis-binasina-hucum-etmediyini-deyir\/#primaryimage"},"thumbnailUrl":"https:\/\/www.meydan.tv\/wp-content\/uploads\/323121754_704450851222558_2729242128113097780_n.jpg","articleSection":["D\u00fcnya","Video","X\u0259b\u0259rl\u0259r"],"inLanguage":"az"},{"@type":"WebPage","@id":"https:\/\/www.meydan.tv\/az\/article\/dnepr-olu-sayi-40-a-catdi-rusiya-yasayis-binasina-hucum-etmediyini-deyir\/","url":"https:\/\/www.meydan.tv\/az\/article\/dnepr-olu-sayi-40-a-catdi-rusiya-yasayis-binasina-hucum-etmediyini-deyir\/","name":"Dnepr: \u00f6l\u00fc say\u0131 40-a \u00e7atd\u0131, Rusiya ya\u015fay\u0131\u015f binas\u0131na h\u00fccum etm\u0259diyini deyir - MEYDAN.TV","isPartOf":{"@id":"https:\/\/www.meydan.tv\/az\/#website"},"primaryImageOfPage":{"@id":"https:\/\/www.meydan.tv\/az\/article\/dnepr-olu-sayi-40-a-catdi-rusiya-yasayis-binasina-hucum-etmediyini-deyir\/#primaryimage"},"image":{"@id":"https:\/\/www.meydan.tv\/az\/article\/dnepr-olu-sayi-40-a-catdi-rusiya-yasayis-binasina-hucum-etmediyini-deyir\/#primaryimage"},"thumbnailUrl":"https:\/\/www.meydan.tv\/wp-content\/uploads\/323121754_704450851222558_2729242128113097780_n.jpg","datePublished":"2023-01-16T12:21:59+00:00","dateModified":"2023-01-16T12:22:01+00:00","breadcrumb":{"@id":"https:\/\/www.meydan.tv\/az\/article\/dnepr-olu-sayi-40-a-catdi-rusiya-yasayis-binasina-hucum-etmediyini-deyir\/#breadcrumb"},"inLanguage":"az","potentialAction":[{"@type":"ReadAction","target":["https:\/\/www.meydan.tv\/az\/article\/dnepr-olu-sayi-40-a-catdi-rusiya-yasayis-binasina-hucum-etmediyini-deyir\/"]}]},{"@type":"ImageObject","inLanguage":"az","@id":"https:\/\/www.meydan.tv\/az\/article\/dnepr-olu-sayi-40-a-catdi-rusiya-yasayis-binasina-hucum-etmediyini-deyir\/#primaryimage","url":"https:\/\/www.meydan.tv\/wp-content\/uploads\/323121754_704450851222558_2729242128113097780_n.jpg","contentUrl":"https:\/\/www.meydan.tv\/wp-content\/uploads\/323121754_704450851222558_2729242128113097780_n.jpg","width":900,"height":600},{"@type":"BreadcrumbList","@id":"https:\/\/www.meydan.tv\/az\/article\/dnepr-olu-sayi-40-a-catdi-rusiya-yasayis-binasina-hucum-etmediyini-deyir\/#breadcrumb","itemListElement":[{"@type":"ListItem","position":1,"name":"Ana s\u0259hif\u0259","item":"https:\/\/www.meydan.tv\/az\/"},{"@type":"ListItem","position":2,"name":"Video","item":"https:\/\/www.meydan.tv\/az\/section\/video-2\/"},{"@type":"ListItem","position":3,"name":"Dnepr: \u00f6l\u00fc say\u0131 40-a \u00e7atd\u0131, Rusiya ya\u015fay\u0131\u015f binas\u0131na h\u00fccum etm\u0259diyini deyir"}]},{"@type":"WebSite","@id":"https:\/\/www.meydan.tv\/az\/#website","url":"https:\/\/www.meydan.tv\/az\/","name":"MEYDAN.TV","description":"Meydan TV Az\u0259rbaycan\u0131n media m\u0259kan\u0131ndak\u0131 alternativ s\u0259sidir","publisher":{"@id":"https:\/\/www.meydan.tv\/az\/#organization"},"potentialAction":[{"@type":"SearchAction","target":{"@type":"EntryPoint","urlTemplate":"https:\/\/www.meydan.tv\/az\/?s={search_term_string}"},"query-input":{"@type":"PropertyValueSpecification","valueRequired":true,"valueName":"search_term_string"}}],"inLanguage":"az"},{"@type":"Organization","@id":"https:\/\/www.meydan.tv\/az\/#organization","name":"Meydan TV","url":"https:\/\/www.meydan.tv\/az\/","logo":{"@type":"ImageObject","inLanguage":"az","@id":"https:\/\/www.meydan.tv\/az\/#\/schema\/logo\/image\/","url":"https:\/\/www.meydan.tv\/wp-content\/uploads\/2021\/07\/meydan-logo.svg","contentUrl":"https:\/\/www.meydan.tv\/wp-content\/uploads\/2021\/07\/meydan-logo.svg","width":195,"height":46,"caption":"Meydan TV"},"image":{"@id":"https:\/\/www.meydan.tv\/az\/#\/schema\/logo\/image\/"}},{"@type":"Person","@id":"https:\/\/www.meydan.tv\/az\/#\/schema\/person\/476e9360e593fa131d5d71d51866f8da","name":"aleks"}]}},"_links":{"self":[{"href":"https:\/\/www.meydan.tv\/az\/wp-json\/wp\/v2\/posts\/265825","targetHints":{"allow":["GET"]}}],"collection":[{"href":"https:\/\/www.meydan.tv\/az\/wp-json\/wp\/v2\/posts"}],"about":[{"href":"https:\/\/www.meydan.tv\/az\/wp-json\/wp\/v2\/types\/post"}],"author":[{"embeddable":true,"href":"https:\/\/www.meydan.tv\/az\/wp-json\/wp\/v2\/users\/12"}],"replies":[{"embeddable":true,"href":"https:\/\/www.meydan.tv\/az\/wp-json\/wp\/v2\/comments?post=265825"}],"version-history":[{"count":1,"href":"https:\/\/www.meydan.tv\/az\/wp-json\/wp\/v2\/posts\/265825\/revisions"}],"predecessor-version":[{"id":265829,"href":"https:\/\/www.meydan.tv\/az\/wp-json\/wp\/v2\/posts\/265825\/revisions\/265829"}],"wp:featuredmedia":[{"embeddable":true,"href":"https:\/\/www.meydan.tv\/az\/wp-json\/wp\/v2\/media\/265826"}],"wp:attachment":[{"href":"https:\/\/www.meydan.tv\/az\/wp-json\/wp\/v2\/media?parent=265825"}],"wp:term":[{"taxonomy":"category","embeddable":true,"href":"https:\/\/www.meydan.tv\/az\/wp-json\/wp\/v2\/categories?post=265825"},{"taxonomy":"post_tag","embeddable":true,"href":"https:\/\/www.meydan.tv\/az\/wp-json\/wp\/v2\/tags?post=265825"}],"curies":[{"name":"wp","href":"https:\/\/api.w.org\/{rel}","templated":true}]}}