{"id":265818,"date":"2023-01-16T14:46:23","date_gmt":"2023-01-16T10:46:23","guid":{"rendered":"https:\/\/www.meydan.tv\/?p=265818"},"modified":"2023-01-16T14:46:25","modified_gmt":"2023-01-16T10:46:25","slug":"astara-sakini-nisye-derman-corek-almaqdan-bezmisik","status":"publish","type":"post","link":"https:\/\/www.meydan.tv\/az\/article\/astara-sakini-nisye-derman-corek-almaqdan-bezmisik\/","title":{"rendered":"Astara sakini: \u201cNisy\u0259 d\u0259rman, \u00e7\u00f6r\u0259k almaqdan bezmi\u015fik\u201d"},"content":{"rendered":"\n<p><\/p>\n\n\n\n<p><em>Aslan Babayev \u00f6z\u00fcn\u00fc \u00f6ld\u00fcrm\u0259k h\u0259ddin\u0259 \u00e7atd\u0131\u011f\u0131n\u0131 deyir<\/em><\/p>\n\n\n\n<p>\u201c\u0130tin g\u00fcn\u00fcnd\u0259 ya\u015fay\u0131r\u0131q, bildiyiniz itin g\u00fcn\u00fcnd\u0259&#8230; G\u0259lib ya\u015fay\u0131\u015f\u0131m\u0131zla \u0259yani tan\u0131\u015f ola bil\u0259rsiz. Xirtd\u0259y\u0259 kimi&nbsp; borcun i\u00e7ind\u0259 \u00fcz\u00fcr\u00fck. D\u0259rman borcla, \u00e7\u00f6r\u0259k borcla&#8230; Bir g\u00fcn m\u0259n d\u0259 \u00f6z\u00fcn\u00fc \u00f6ld\u00fcr\u0259n qazil\u0259rin siyah\u0131s\u0131na d\u00fc\u015f\u0259c\u0259m\u201d.<\/p>\n\n\n\n<p>Astara sakini Aslan Babayev 7 ayd\u0131r ki, L\u0259nk\u0259randak\u0131 Hirkan Milli Park\u0131na g\u00f6z\u0259t\u00e7i i\u015fin\u0259 d\u00fcz\u0259lib. 360 manat maa\u015f al\u0131r. Birinci Qaraba\u011f d\u00f6y\u00fc\u015fl\u0259rinin i\u015ftirak\u00e7\u0131s\u0131 kimi d\u0259 80 manat al\u0131r. Deyir, evin\u0259 daxil olan g\u0259lir bundan ibar\u0259tdir. 7 n\u0259f\u0259rlik ail\u0259 g\u00f6z\u00fcn\u00fc ona dikib. O is\u0259 ald\u0131\u011f\u0131n\u0131 kreditl\u0259r\u0259 \u00f6d\u0259yir. Ail\u0259 ac qalmas\u0131n dey\u0259, \u00e7\u00f6r\u0259yi nisy\u0259 al\u0131r. X\u0259st\u0259 \u00f6vlad\u0131n\u0131n d\u0259rmanlar\u0131na g\u00f6r\u0259 d\u0259 aptekl\u0259r\u0259 xeyli borcu y\u0131\u011f\u0131l\u0131b:<\/p>\n\n\n\n<p>\u201cBorcun i\u00e7ind\u0259 \u00fcz\u00fcr\u00fck. Evd\u0259 \u00f6z\u00fcn\u0259 i\u015f tapan birc\u0259 m\u0259n\u0259m. O vaxt m\u00fcharib\u0259d\u0259 yaraland\u0131m, d\u00f6vl\u0259t baxmad\u0131 m\u0259n\u0259, indi ya\u015fa dolduqca v\u0259ziyy\u0259tim a\u011f\u0131rla\u015f\u0131r, tez-tez m\u00fcalic\u0259l\u0259r almal\u0131 oluram, onu da borc-x\u0259rcl\u0259 edir\u0259m\u201d.<\/p>\n\n\n\n<p>\u201cH\u0259r iki o\u011flum g\u0259ncdir. Bir o\u011flum Nax\u00e7\u0131vanda h\u0259rbi xidm\u0259td\u0259 olark\u0259n ayaqqab\u0131 d\u00f6y\u00fcb, barmaqlar\u0131 iflic olub. Yerim\u0259kd\u0259 \u00e7\u0259tinlik \u00e7\u0259kir dey\u0259, \u0259m\u0259k f\u0259aliyy\u0259tiyl\u0259 m\u0259\u015f\u011ful ola bilmir. A\u011f\u0131r i\u015fl\u0259r g\u00f6r\u0259 bilmir. \u0130kinci o\u011flumun da 22 ya\u015f\u0131 var. Anadang\u0259lm\u0259 b\u00f6yr\u0259k q\u00fcsurludur. Bir b\u00f6yr\u0259yi c\u0259mi 40 faiz inki\u015faf edib. H\u0259kim onun iki kiloqramdan art\u0131q y\u00fck g\u00f6t\u00fcrm\u0259sin\u0259 icaz\u0259 vermir. \u00d6mr\u00fc m\u00fcalic\u0259l\u0259r q\u0259bul etm\u0259kl\u0259 ke\u00e7ir, onun da m\u00fcalic\u0259l\u0259rin\u0259 g\u00f6r\u0259 xirtd\u0259y\u0259 q\u0259d\u0259r borca girmi\u015f\u0259m. U\u015faq vaxt\u0131 m\u00fcavin\u0259t verilirdi, sonradan o da k\u0259sildi\u201d, &#8211; \u015fikay\u0259t\u00e7i deyir.<\/p>\n\n\n\n<p>Aslan Babayev bir borcu \u00f6d\u0259m\u0259k \u00fc\u00e7\u00fcn n\u00f6vb\u0259ti borca girm\u0259li olur v\u0259 bu, ill\u0259rdir ki, davam edir:<\/p>\n\n\n\n<p>\u201cM\u00fcalic\u0259l\u0259rimiz \u00fc\u00e7\u00fcn adamlardan ald\u0131\u011f\u0131m borclar\u0131 qaytarmaqdan \u00f6tr\u00fc bankdan kredit g\u00f6t\u00fcr\u00fcr\u0259m, sonra da o kreditin ayl\u0131qlar\u0131n\u0131 \u00f6d\u0259m\u0259k \u00fc\u00e7\u00fcn t\u0259z\u0259d\u0259n adamlardan borc al\u0131ram. D\u00fc\u015fm\u00fc\u015f\u0259m quyunun lap dibin\u0259, \u00e7\u0131xa bilmir\u0259m. H\u0259r iki o\u011flumun \u0259lillik t\u0259yinat\u0131 \u00fc\u00e7\u00fcn m\u00fcraci\u0259t etmi\u015fik, imtina veribl\u0259r. Pensiya verils\u0259, \u0259n az\u0131, d\u0259rmanlar\u0131n\u0131 \u00f6z pullar\u0131yla alarlar. \u00dcnvanl\u0131 sosial yard\u0131m \u00fc\u00e7\u00fcn m\u00fcracis\u0259t edirik, vermirl\u0259r, b\u0259han\u0259l\u0259r g\u0259tirirl\u0259r. Kim\u0259 dey\u0259s\u0259n d\u0259rdini? M\u0259n d\u0259 insanam, utan\u0131ram ma\u011fazalara nisy\u0259 \u00e7\u00f6r\u0259k \u00fc\u00e7\u00fcn a\u011f\u0131z a\u00e7ma\u011fa&#8230; Qalm\u0131\u015fam t\u0259kba\u015f\u0131na 7 n\u0259f\u0259rin \u0259lind\u0259&#8230;\u201d<\/p>\n\n\n\n<p>Aslan Babayevin o\u011flu Yusif Babazad\u0259 d\u0259 bu yax\u0131nlarda Meydan TV-y\u0259 m\u00fcraci\u0259t etmi\u015fdi. O bildirmi\u015fdi ki, ayaq barmaqlar\u0131n\u0131 itirm\u0259sin\u0259 g\u00f6r\u0259 ikinci qrup h\u0259rbi \u0259lillik t\u0259yin edils\u0259 d\u0259, 2019-cu ilin fevral\u0131nda pensiyas\u0131 k\u0259silib:<\/p>\n\n\n\n<p>\u201c\u0130kinci qrup h\u0259rbi \u0259lil olma\u011f\u0131ma v\u0259 v\u0259ziyy\u0259timin a\u011f\u0131r olmas\u0131na baxmayaraq 2019-cu ilin fevral\u0131ndan he\u00e7 bir s\u0259b\u0259b g\u00f6st\u0259rilm\u0259d\u0259n pensiyam k\u0259silib. \u015eikay\u0259tl\u0259rim n\u0259tic\u0259siz qal\u0131b, he\u00e7 bir yerd\u0259n m\u00fcraci\u0259tl\u0259rim\u0259 cavab ala bilmir\u0259m. Barmaqlar\u0131m iflic oldu\u011fundan yerim\u0259k qabiliyy\u0259timi itirmi\u015f\u0259m. Buna g\u00f6r\u0259 \u0259m\u0259k f\u0259aliyy\u0259tiyl\u0259 d\u0259 m\u0259\u015f\u011ful ola bilmir\u0259m. \u0130ki azya\u015fl\u0131 \u00f6vlad\u0131m var. V\u0259ziyy\u0259tim \u00e7ox a\u011f\u0131rd\u0131r\u201d.<\/p>\n\n\n\n<p>Aslan Babayev k\u00f6m\u0259klik \u00fc\u00e7\u00fcn Astara Rayon \u0130cra Hakimiyy\u0259tin\u0259 m\u00fcraci\u0259t etdiyini, ancaq n\u0259tic\u0259siz qald\u0131\u011f\u0131n\u0131 deyir.<\/p>\n\n\n\n<p>Astara Rayon \u0130cra Hakimiyy\u0259tind\u0259n Meydan TV-y\u0259 deyilib ki, Babayevl\u0259r ail\u0259si quruma da m\u00fcraci\u0259t edib. Onlara bildirilib ki, sosial durumla ba\u011fl\u0131 aidiyy\u0259ti \u00fczr\u0259 \u018fm\u0259k v\u0259 \u018fhalinin Sosial M\u00fcdafi\u0259si Nazirliyin\u0259 m\u00fcraci\u0259t edilm\u0259lidirl\u0259r:<\/p>\n\n\n\n<p>\u201c\u0130cra hakimiyy\u0259tin\u0259 bel\u0259 m\u0259s\u0259l\u0259l\u0259r\u0259 g\u00f6r\u0259 b\u00fcdc\u0259 ayr\u0131lm\u0131r v\u0259 bu m\u0259s\u0259l\u0259l\u0259ri h\u0259ll etm\u0259k qurumun v\u0259zif\u0259sin\u0259 daxil deyil. V\u0259t\u0259nda\u015flara d\u0259f\u0259l\u0259rl\u0259 izah edilib ki, bu \u015feyl\u0259r\u0259 g\u00f6r\u0259 aidiyy\u0259ti quruma m\u00fcraci\u0259t olunmal\u0131d\u0131r. \u018fm\u0259k v\u0259 \u018fhalinin Sosial M\u00fcdafi\u0259 Nazirliyi m\u00fcxt\u0259lif sosial proqramlar (\u00f6z\u00fcn\u0259m\u0259\u015f\u011fulluq v\u0259 sair) h\u0259yata ke\u00e7irir, b\u0259lk\u0259 bu ail\u0259 d\u0259 h\u0259min proqramlarla maraqlana bil\u0259r. Pensiya m\u0259s\u0259l\u0259sin\u0259 g\u00f6r\u0259 d\u0259 aidiyy\u0259ti \u00fczr\u0259 m\u00fcraci\u0259t etm\u0259lidil\u0259r\u201d.&nbsp;<\/p>\n","protected":false},"excerpt":{"rendered":"<p>Aslan Babayev \u00f6z\u00fcn\u00fc \u00f6ld\u00fcrm\u0259k h\u0259ddin\u0259 \u00e7atd\u0131\u011f\u0131n\u0131 deyir \u201c\u0130tin g\u00fcn\u00fcnd\u0259 ya\u015fay\u0131r\u0131q, &#8230; <\/p>\n<p class=\"read-more-container\"><a title=\"Astara sakini: \u201cNisy\u0259 d\u0259rman, \u00e7\u00f6r\u0259k almaqdan bezmi\u015fik\u201d\" class=\"read-more button\" href=\"https:\/\/www.meydan.tv\/az\/article\/astara-sakini-nisye-derman-corek-almaqdan-bezmisik\/#more-265818\" aria-label=\"Read more about Astara sakini: \u201cNisy\u0259 d\u0259rman, \u00e7\u00f6r\u0259k almaqdan bezmi\u015fik\u201d\">Davam\u0131<\/a><\/p>\n","protected":false},"author":8,"featured_media":265815,"comment_status":"closed","ping_status":"closed","sticky":false,"template":"","format":"standard","meta":{"_acf_changed":false,"_sitemap_exclude":false,"_sitemap_priority":"","_sitemap_frequency":"","footnotes":""},"categories":[60,56],"tags":[],"class_list":["post-265818","post","type-post","status-publish","format-standard","has-post-thumbnail","hentry","category-bolge","category-xeberler","infinite-scroll-item","generate-columns","tablet-grid-50","mobile-grid-100","grid-parent","grid-33","no-featured-image-padding"],"acf":[],"yoast_head":"<!-- This site is optimized with the Yoast SEO plugin v27.5 - https:\/\/yoast.com\/product\/yoast-seo-wordpress\/ -->\n<title>Astara sakini: \u201cNisy\u0259 d\u0259rman, \u00e7\u00f6r\u0259k almaqdan bezmi\u015fik\u201d - MEYDAN.TV<\/title>\n<meta name=\"robots\" content=\"index, follow, max-snippet:-1, max-image-preview:large, max-video-preview:-1\" \/>\n<link rel=\"canonical\" href=\"https:\/\/www.meydan.tv\/az\/article\/astara-sakini-nisye-derman-corek-almaqdan-bezmisik\/\" \/>\n<meta property=\"og:locale\" content=\"az_AZ\" \/>\n<meta property=\"og:type\" content=\"article\" \/>\n<meta property=\"og:title\" content=\"Astara sakini: \u201cNisy\u0259 d\u0259rman, \u00e7\u00f6r\u0259k almaqdan bezmi\u015fik\u201d - MEYDAN.TV\" \/>\n<meta property=\"og:description\" content=\"Aslan Babayev \u00f6z\u00fcn\u00fc \u00f6ld\u00fcrm\u0259k h\u0259ddin\u0259 \u00e7atd\u0131\u011f\u0131n\u0131 deyir \u201c\u0130tin g\u00fcn\u00fcnd\u0259 ya\u015fay\u0131r\u0131q, ... Davam\u0131\" \/>\n<meta property=\"og:url\" content=\"https:\/\/www.meydan.tv\/az\/article\/astara-sakini-nisye-derman-corek-almaqdan-bezmisik\/\" \/>\n<meta property=\"og:site_name\" content=\"MEYDAN.TV\" \/>\n<meta property=\"article:published_time\" content=\"2023-01-16T10:46:23+00:00\" \/>\n<meta property=\"article:modified_time\" content=\"2023-01-16T10:46:25+00:00\" \/>\n<meta property=\"og:image\" content=\"https:\/\/www.meydan.tv\/wp-content\/uploads\/untitled-design-2-76-e1673865977745.jpg\" \/>\n\t<meta property=\"og:image:width\" content=\"1200\" \/>\n\t<meta property=\"og:image:height\" content=\"633\" \/>\n\t<meta property=\"og:image:type\" content=\"image\/jpeg\" \/>\n<meta name=\"author\" content=\"elli\" \/>\n<meta name=\"twitter:card\" content=\"summary_large_image\" \/>\n<meta name=\"twitter:creator\" content=\"@elli\" \/>\n<script type=\"application\/ld+json\" class=\"yoast-schema-graph\">{\"@context\":\"https:\\\/\\\/schema.org\",\"@graph\":[{\"@type\":\"Article\",\"@id\":\"https:\\\/\\\/www.meydan.tv\\\/az\\\/article\\\/astara-sakini-nisye-derman-corek-almaqdan-bezmisik\\\/#article\",\"isPartOf\":{\"@id\":\"https:\\\/\\\/www.meydan.tv\\\/az\\\/article\\\/astara-sakini-nisye-derman-corek-almaqdan-bezmisik\\\/\"},\"author\":{\"name\":\"elli\",\"@id\":\"https:\\\/\\\/www.meydan.tv\\\/az\\\/#\\\/schema\\\/person\\\/9cdbecf90d17180ce1dfbd95b08dcf47\"},\"headline\":\"Astara sakini: \u201cNisy\u0259 d\u0259rman, \u00e7\u00f6r\u0259k almaqdan bezmi\u015fik\u201d\",\"datePublished\":\"2023-01-16T10:46:23+00:00\",\"dateModified\":\"2023-01-16T10:46:25+00:00\",\"mainEntityOfPage\":{\"@id\":\"https:\\\/\\\/www.meydan.tv\\\/az\\\/article\\\/astara-sakini-nisye-derman-corek-almaqdan-bezmisik\\\/\"},\"wordCount\":814,\"publisher\":{\"@id\":\"https:\\\/\\\/www.meydan.tv\\\/az\\\/#organization\"},\"image\":{\"@id\":\"https:\\\/\\\/www.meydan.tv\\\/az\\\/article\\\/astara-sakini-nisye-derman-corek-almaqdan-bezmisik\\\/#primaryimage\"},\"thumbnailUrl\":\"https:\\\/\\\/www.meydan.tv\\\/wp-content\\\/uploads\\\/untitled-design-2-76-e1673865977745.jpg\",\"articleSection\":[\"B\u00f6lg\u0259\",\"X\u0259b\u0259rl\u0259r\"],\"inLanguage\":\"az\"},{\"@type\":\"WebPage\",\"@id\":\"https:\\\/\\\/www.meydan.tv\\\/az\\\/article\\\/astara-sakini-nisye-derman-corek-almaqdan-bezmisik\\\/\",\"url\":\"https:\\\/\\\/www.meydan.tv\\\/az\\\/article\\\/astara-sakini-nisye-derman-corek-almaqdan-bezmisik\\\/\",\"name\":\"Astara sakini: \u201cNisy\u0259 d\u0259rman, \u00e7\u00f6r\u0259k almaqdan bezmi\u015fik\u201d - MEYDAN.TV\",\"isPartOf\":{\"@id\":\"https:\\\/\\\/www.meydan.tv\\\/az\\\/#website\"},\"primaryImageOfPage\":{\"@id\":\"https:\\\/\\\/www.meydan.tv\\\/az\\\/article\\\/astara-sakini-nisye-derman-corek-almaqdan-bezmisik\\\/#primaryimage\"},\"image\":{\"@id\":\"https:\\\/\\\/www.meydan.tv\\\/az\\\/article\\\/astara-sakini-nisye-derman-corek-almaqdan-bezmisik\\\/#primaryimage\"},\"thumbnailUrl\":\"https:\\\/\\\/www.meydan.tv\\\/wp-content\\\/uploads\\\/untitled-design-2-76-e1673865977745.jpg\",\"datePublished\":\"2023-01-16T10:46:23+00:00\",\"dateModified\":\"2023-01-16T10:46:25+00:00\",\"breadcrumb\":{\"@id\":\"https:\\\/\\\/www.meydan.tv\\\/az\\\/article\\\/astara-sakini-nisye-derman-corek-almaqdan-bezmisik\\\/#breadcrumb\"},\"inLanguage\":\"az\",\"potentialAction\":[{\"@type\":\"ReadAction\",\"target\":[\"https:\\\/\\\/www.meydan.tv\\\/az\\\/article\\\/astara-sakini-nisye-derman-corek-almaqdan-bezmisik\\\/\"]}]},{\"@type\":\"ImageObject\",\"inLanguage\":\"az\",\"@id\":\"https:\\\/\\\/www.meydan.tv\\\/az\\\/article\\\/astara-sakini-nisye-derman-corek-almaqdan-bezmisik\\\/#primaryimage\",\"url\":\"https:\\\/\\\/www.meydan.tv\\\/wp-content\\\/uploads\\\/untitled-design-2-76-e1673865977745.jpg\",\"contentUrl\":\"https:\\\/\\\/www.meydan.tv\\\/wp-content\\\/uploads\\\/untitled-design-2-76-e1673865977745.jpg\",\"width\":1200,\"height\":633,\"caption\":\"Aslan Babayev. Foto: Meydan TV\"},{\"@type\":\"BreadcrumbList\",\"@id\":\"https:\\\/\\\/www.meydan.tv\\\/az\\\/article\\\/astara-sakini-nisye-derman-corek-almaqdan-bezmisik\\\/#breadcrumb\",\"itemListElement\":[{\"@type\":\"ListItem\",\"position\":1,\"name\":\"Ana s\u0259hif\u0259\",\"item\":\"https:\\\/\\\/www.meydan.tv\\\/az\\\/\"},{\"@type\":\"ListItem\",\"position\":2,\"name\":\"B\u00f6lg\u0259\",\"item\":\"https:\\\/\\\/www.meydan.tv\\\/az\\\/section\\\/bolge\\\/\"},{\"@type\":\"ListItem\",\"position\":3,\"name\":\"Astara sakini: \u201cNisy\u0259 d\u0259rman, \u00e7\u00f6r\u0259k almaqdan bezmi\u015fik\u201d\"}]},{\"@type\":\"WebSite\",\"@id\":\"https:\\\/\\\/www.meydan.tv\\\/az\\\/#website\",\"url\":\"https:\\\/\\\/www.meydan.tv\\\/az\\\/\",\"name\":\"MEYDAN.TV\",\"description\":\"Meydan TV Az\u0259rbaycan\u0131n media m\u0259kan\u0131ndak\u0131 alternativ s\u0259sidir\",\"publisher\":{\"@id\":\"https:\\\/\\\/www.meydan.tv\\\/az\\\/#organization\"},\"potentialAction\":[{\"@type\":\"SearchAction\",\"target\":{\"@type\":\"EntryPoint\",\"urlTemplate\":\"https:\\\/\\\/www.meydan.tv\\\/az\\\/?s={search_term_string}\"},\"query-input\":{\"@type\":\"PropertyValueSpecification\",\"valueRequired\":true,\"valueName\":\"search_term_string\"}}],\"inLanguage\":\"az\"},{\"@type\":\"Organization\",\"@id\":\"https:\\\/\\\/www.meydan.tv\\\/az\\\/#organization\",\"name\":\"Meydan TV\",\"url\":\"https:\\\/\\\/www.meydan.tv\\\/az\\\/\",\"logo\":{\"@type\":\"ImageObject\",\"inLanguage\":\"az\",\"@id\":\"https:\\\/\\\/www.meydan.tv\\\/az\\\/#\\\/schema\\\/logo\\\/image\\\/\",\"url\":\"https:\\\/\\\/www.meydan.tv\\\/wp-content\\\/uploads\\\/2021\\\/07\\\/meydan-logo.svg\",\"contentUrl\":\"https:\\\/\\\/www.meydan.tv\\\/wp-content\\\/uploads\\\/2021\\\/07\\\/meydan-logo.svg\",\"width\":195,\"height\":46,\"caption\":\"Meydan TV\"},\"image\":{\"@id\":\"https:\\\/\\\/www.meydan.tv\\\/az\\\/#\\\/schema\\\/logo\\\/image\\\/\"}},{\"@type\":\"Person\",\"@id\":\"https:\\\/\\\/www.meydan.tv\\\/az\\\/#\\\/schema\\\/person\\\/9cdbecf90d17180ce1dfbd95b08dcf47\",\"name\":\"elli\",\"sameAs\":[\"https:\\\/\\\/x.com\\\/elli\"]}]}<\/script>\n<!-- \/ Yoast SEO plugin. -->","yoast_head_json":{"title":"Astara sakini: \u201cNisy\u0259 d\u0259rman, \u00e7\u00f6r\u0259k almaqdan bezmi\u015fik\u201d - MEYDAN.TV","robots":{"index":"index","follow":"follow","max-snippet":"max-snippet:-1","max-image-preview":"max-image-preview:large","max-video-preview":"max-video-preview:-1"},"canonical":"https:\/\/www.meydan.tv\/az\/article\/astara-sakini-nisye-derman-corek-almaqdan-bezmisik\/","og_locale":"az_AZ","og_type":"article","og_title":"Astara sakini: \u201cNisy\u0259 d\u0259rman, \u00e7\u00f6r\u0259k almaqdan bezmi\u015fik\u201d - MEYDAN.TV","og_description":"Aslan Babayev \u00f6z\u00fcn\u00fc \u00f6ld\u00fcrm\u0259k h\u0259ddin\u0259 \u00e7atd\u0131\u011f\u0131n\u0131 deyir \u201c\u0130tin g\u00fcn\u00fcnd\u0259 ya\u015fay\u0131r\u0131q, ... Davam\u0131","og_url":"https:\/\/www.meydan.tv\/az\/article\/astara-sakini-nisye-derman-corek-almaqdan-bezmisik\/","og_site_name":"MEYDAN.TV","article_published_time":"2023-01-16T10:46:23+00:00","article_modified_time":"2023-01-16T10:46:25+00:00","og_image":[{"width":1200,"height":633,"url":"https:\/\/www.meydan.tv\/wp-content\/uploads\/untitled-design-2-76-e1673865977745.jpg","type":"image\/jpeg"}],"author":"elli","twitter_card":"summary_large_image","twitter_creator":"@elli","schema":{"@context":"https:\/\/schema.org","@graph":[{"@type":"Article","@id":"https:\/\/www.meydan.tv\/az\/article\/astara-sakini-nisye-derman-corek-almaqdan-bezmisik\/#article","isPartOf":{"@id":"https:\/\/www.meydan.tv\/az\/article\/astara-sakini-nisye-derman-corek-almaqdan-bezmisik\/"},"author":{"name":"elli","@id":"https:\/\/www.meydan.tv\/az\/#\/schema\/person\/9cdbecf90d17180ce1dfbd95b08dcf47"},"headline":"Astara sakini: \u201cNisy\u0259 d\u0259rman, \u00e7\u00f6r\u0259k almaqdan bezmi\u015fik\u201d","datePublished":"2023-01-16T10:46:23+00:00","dateModified":"2023-01-16T10:46:25+00:00","mainEntityOfPage":{"@id":"https:\/\/www.meydan.tv\/az\/article\/astara-sakini-nisye-derman-corek-almaqdan-bezmisik\/"},"wordCount":814,"publisher":{"@id":"https:\/\/www.meydan.tv\/az\/#organization"},"image":{"@id":"https:\/\/www.meydan.tv\/az\/article\/astara-sakini-nisye-derman-corek-almaqdan-bezmisik\/#primaryimage"},"thumbnailUrl":"https:\/\/www.meydan.tv\/wp-content\/uploads\/untitled-design-2-76-e1673865977745.jpg","articleSection":["B\u00f6lg\u0259","X\u0259b\u0259rl\u0259r"],"inLanguage":"az"},{"@type":"WebPage","@id":"https:\/\/www.meydan.tv\/az\/article\/astara-sakini-nisye-derman-corek-almaqdan-bezmisik\/","url":"https:\/\/www.meydan.tv\/az\/article\/astara-sakini-nisye-derman-corek-almaqdan-bezmisik\/","name":"Astara sakini: \u201cNisy\u0259 d\u0259rman, \u00e7\u00f6r\u0259k almaqdan bezmi\u015fik\u201d - MEYDAN.TV","isPartOf":{"@id":"https:\/\/www.meydan.tv\/az\/#website"},"primaryImageOfPage":{"@id":"https:\/\/www.meydan.tv\/az\/article\/astara-sakini-nisye-derman-corek-almaqdan-bezmisik\/#primaryimage"},"image":{"@id":"https:\/\/www.meydan.tv\/az\/article\/astara-sakini-nisye-derman-corek-almaqdan-bezmisik\/#primaryimage"},"thumbnailUrl":"https:\/\/www.meydan.tv\/wp-content\/uploads\/untitled-design-2-76-e1673865977745.jpg","datePublished":"2023-01-16T10:46:23+00:00","dateModified":"2023-01-16T10:46:25+00:00","breadcrumb":{"@id":"https:\/\/www.meydan.tv\/az\/article\/astara-sakini-nisye-derman-corek-almaqdan-bezmisik\/#breadcrumb"},"inLanguage":"az","potentialAction":[{"@type":"ReadAction","target":["https:\/\/www.meydan.tv\/az\/article\/astara-sakini-nisye-derman-corek-almaqdan-bezmisik\/"]}]},{"@type":"ImageObject","inLanguage":"az","@id":"https:\/\/www.meydan.tv\/az\/article\/astara-sakini-nisye-derman-corek-almaqdan-bezmisik\/#primaryimage","url":"https:\/\/www.meydan.tv\/wp-content\/uploads\/untitled-design-2-76-e1673865977745.jpg","contentUrl":"https:\/\/www.meydan.tv\/wp-content\/uploads\/untitled-design-2-76-e1673865977745.jpg","width":1200,"height":633,"caption":"Aslan Babayev. Foto: Meydan TV"},{"@type":"BreadcrumbList","@id":"https:\/\/www.meydan.tv\/az\/article\/astara-sakini-nisye-derman-corek-almaqdan-bezmisik\/#breadcrumb","itemListElement":[{"@type":"ListItem","position":1,"name":"Ana s\u0259hif\u0259","item":"https:\/\/www.meydan.tv\/az\/"},{"@type":"ListItem","position":2,"name":"B\u00f6lg\u0259","item":"https:\/\/www.meydan.tv\/az\/section\/bolge\/"},{"@type":"ListItem","position":3,"name":"Astara sakini: \u201cNisy\u0259 d\u0259rman, \u00e7\u00f6r\u0259k almaqdan bezmi\u015fik\u201d"}]},{"@type":"WebSite","@id":"https:\/\/www.meydan.tv\/az\/#website","url":"https:\/\/www.meydan.tv\/az\/","name":"MEYDAN.TV","description":"Meydan TV Az\u0259rbaycan\u0131n media m\u0259kan\u0131ndak\u0131 alternativ s\u0259sidir","publisher":{"@id":"https:\/\/www.meydan.tv\/az\/#organization"},"potentialAction":[{"@type":"SearchAction","target":{"@type":"EntryPoint","urlTemplate":"https:\/\/www.meydan.tv\/az\/?s={search_term_string}"},"query-input":{"@type":"PropertyValueSpecification","valueRequired":true,"valueName":"search_term_string"}}],"inLanguage":"az"},{"@type":"Organization","@id":"https:\/\/www.meydan.tv\/az\/#organization","name":"Meydan TV","url":"https:\/\/www.meydan.tv\/az\/","logo":{"@type":"ImageObject","inLanguage":"az","@id":"https:\/\/www.meydan.tv\/az\/#\/schema\/logo\/image\/","url":"https:\/\/www.meydan.tv\/wp-content\/uploads\/2021\/07\/meydan-logo.svg","contentUrl":"https:\/\/www.meydan.tv\/wp-content\/uploads\/2021\/07\/meydan-logo.svg","width":195,"height":46,"caption":"Meydan TV"},"image":{"@id":"https:\/\/www.meydan.tv\/az\/#\/schema\/logo\/image\/"}},{"@type":"Person","@id":"https:\/\/www.meydan.tv\/az\/#\/schema\/person\/9cdbecf90d17180ce1dfbd95b08dcf47","name":"elli","sameAs":["https:\/\/x.com\/elli"]}]}},"_links":{"self":[{"href":"https:\/\/www.meydan.tv\/az\/wp-json\/wp\/v2\/posts\/265818","targetHints":{"allow":["GET"]}}],"collection":[{"href":"https:\/\/www.meydan.tv\/az\/wp-json\/wp\/v2\/posts"}],"about":[{"href":"https:\/\/www.meydan.tv\/az\/wp-json\/wp\/v2\/types\/post"}],"author":[{"embeddable":true,"href":"https:\/\/www.meydan.tv\/az\/wp-json\/wp\/v2\/users\/8"}],"replies":[{"embeddable":true,"href":"https:\/\/www.meydan.tv\/az\/wp-json\/wp\/v2\/comments?post=265818"}],"version-history":[{"count":1,"href":"https:\/\/www.meydan.tv\/az\/wp-json\/wp\/v2\/posts\/265818\/revisions"}],"predecessor-version":[{"id":265819,"href":"https:\/\/www.meydan.tv\/az\/wp-json\/wp\/v2\/posts\/265818\/revisions\/265819"}],"wp:featuredmedia":[{"embeddable":true,"href":"https:\/\/www.meydan.tv\/az\/wp-json\/wp\/v2\/media\/265815"}],"wp:attachment":[{"href":"https:\/\/www.meydan.tv\/az\/wp-json\/wp\/v2\/media?parent=265818"}],"wp:term":[{"taxonomy":"category","embeddable":true,"href":"https:\/\/www.meydan.tv\/az\/wp-json\/wp\/v2\/categories?post=265818"},{"taxonomy":"post_tag","embeddable":true,"href":"https:\/\/www.meydan.tv\/az\/wp-json\/wp\/v2\/tags?post=265818"}],"curies":[{"name":"wp","href":"https:\/\/api.w.org\/{rel}","templated":true}]}}