{"id":265810,"date":"2023-01-16T14:15:53","date_gmt":"2023-01-16T10:15:53","guid":{"rendered":"https:\/\/www.meydan.tv\/?p=265810"},"modified":"2023-01-16T14:22:59","modified_gmt":"2023-01-16T10:22:59","slug":"naxcivan-demir-yollarinda-xeyli-dovlet-emlakinin-menimsenildiyi-iddia-olunur","status":"publish","type":"post","link":"https:\/\/www.meydan.tv\/az\/article\/naxcivan-demir-yollarinda-xeyli-dovlet-emlakinin-menimsenildiyi-iddia-olunur\/","title":{"rendered":"\u201cNax\u00e7\u0131van D\u0259mir Yollar\u0131\u201dnda xeyli d\u00f6vl\u0259t \u0259mlak\u0131n\u0131n m\u0259nims\u0259nildiyi iddia olunur"},"content":{"rendered":"\n<p><\/p>\n\n\n\n<p>&nbsp;<em>MMC-nin sabiq \u0259m\u0259kda\u015f\u0131 m\u0259suliyy\u0259t\u0259 c\u0259lb edilib<\/em><\/p>\n\n\n\n<p>\u201cNax\u00e7\u0131van D\u0259mir Yollar\u0131\u201d MMC-nin \u0259m\u0259kda\u015f\u0131 Ramin Mirz\u0259yev d\u00f6vl\u0259t \u0259mlak\u0131n\u0131n yeyintisind\u0259 ittiham olunur. Bu bar\u0259d\u0259 Nax\u00e7\u0131van Muxtar Respublikas\u0131n\u0131n prokurorlu\u011fu m\u0259lumat yay\u0131b.<\/p>\n\n\n\n<p>M\u0259lumatda bildirilir ki, s\u0259hml\u0259ri d\u00f6vl\u0259t\u0259 m\u0259xsus \u015firk\u0259td\u0259 ba\u015f ver\u0259nl\u0259rl\u0259 ba\u011fl\u0131 prokurorluqda ara\u015fd\u0131rma apar\u0131l\u0131b. N\u0259tic\u0259d\u0259 xeyli miqdarda d\u00f6vl\u0259t \u0259mlak\u0131n\u0131n m\u0259nims\u0259nilm\u0259sin\u0259 \u015f\u00fcbh\u0259l\u0259r ortaya \u00e7\u0131x\u0131b. Faktla ba\u011fl\u0131 Nax\u00e7\u0131van MR Prokurorlu\u011funda cinay\u0259t i\u015fi ba\u015flan\u0131b.<\/p>\n\n\n\n<p>\u201cS\u00fcbutlar \u0259sas\u0131nda \u015firk\u0259tin sabiq \u0259m\u0259kda\u015f\u0131 Ramin Mirz\u0259yevin qulluq m\u00f6vqeyind\u0259n istifad\u0259 ed\u0259r\u0259k, xeyli miqdarda d\u00f6vl\u0259t \u0259mlak\u0131n\u0131 m\u0259nims\u0259m\u0259sin\u0259 \u0259sasl\u0131 \u015f\u00fcbh\u0259l\u0259r m\u00fc\u0259yy\u0259n edilib. Ona Cinay\u0259t M\u0259c\u0259ll\u0259sinin 179.2.3 (qulluq m\u00f6vqeyind\u0259n istifad\u0259 etm\u0259kl\u0259 m\u0259nims\u0259m\u0259), 179.2.4 (xeyli miqdarda ziyan vurmaqla m\u0259nims\u0259m\u0259) madd\u0259l\u0259ri il\u0259 ittiham elan edilib. Haz\u0131rda istintaq davam edir\u201d, &#8211; prokurorlu\u011fun m\u0259lumat\u0131nda bildirilir.<\/p>\n\n\n\n<p>Ramin Mirz\u0259yevin ittihama m\u00fcnasib\u0259ti, \u00f6z\u00fcn\u00fc t\u0259qsirli bilib-bilm\u0259diyi m\u0259lum deyil.<\/p>\n\n\n\n<p>Son aylarda Nax\u00e7\u0131vanda bir ne\u00e7\u0259 m\u0259mur m\u0259nims\u0259m\u0259, r\u00fc\u015fv\u0259t ittihamlar\u0131yla cinay\u0259t m\u0259suliyy\u0259tin\u0259 c\u0259lb <a href=\"https:\/\/www.meydan.tv\/az\/article\/naxcivanda-daha-bir-memur-hebs-edilib\/\" target=\"_blank\" rel=\"noreferrer noopener\">olunub<\/a>.<\/p>\n","protected":false},"excerpt":{"rendered":"<p>&nbsp;MMC-nin sabiq \u0259m\u0259kda\u015f\u0131 m\u0259suliyy\u0259t\u0259 c\u0259lb edilib \u201cNax\u00e7\u0131van D\u0259mir Yollar\u0131\u201d MMC-nin &#8230; <\/p>\n<p class=\"read-more-container\"><a title=\"\u201cNax\u00e7\u0131van D\u0259mir Yollar\u0131\u201dnda xeyli d\u00f6vl\u0259t \u0259mlak\u0131n\u0131n m\u0259nims\u0259nildiyi iddia olunur\" class=\"read-more button\" href=\"https:\/\/www.meydan.tv\/az\/article\/naxcivan-demir-yollarinda-xeyli-dovlet-emlakinin-menimsenildiyi-iddia-olunur\/#more-265810\" aria-label=\"Read more about \u201cNax\u00e7\u0131van D\u0259mir Yollar\u0131\u201dnda xeyli d\u00f6vl\u0259t \u0259mlak\u0131n\u0131n m\u0259nims\u0259nildiyi iddia olunur\">Davam\u0131<\/a><\/p>\n","protected":false},"author":8,"featured_media":265807,"comment_status":"closed","ping_status":"closed","sticky":false,"template":"","format":"standard","meta":{"_acf_changed":false,"_sitemap_exclude":false,"_sitemap_priority":"","_sitemap_frequency":"","footnotes":""},"categories":[60,56],"tags":[],"class_list":["post-265810","post","type-post","status-publish","format-standard","has-post-thumbnail","hentry","category-bolge","category-xeberler","infinite-scroll-item","generate-columns","tablet-grid-50","mobile-grid-100","grid-parent","grid-33","no-featured-image-padding"],"acf":[],"yoast_head":"<!-- This site is optimized with the Yoast SEO plugin v27.5 - https:\/\/yoast.com\/product\/yoast-seo-wordpress\/ -->\n<title>\u201cNax\u00e7\u0131van D\u0259mir Yollar\u0131\u201dnda xeyli d\u00f6vl\u0259t \u0259mlak\u0131n\u0131n m\u0259nims\u0259nildiyi iddia olunur - MEYDAN.TV<\/title>\n<meta name=\"robots\" content=\"index, follow, max-snippet:-1, max-image-preview:large, max-video-preview:-1\" \/>\n<link rel=\"canonical\" href=\"https:\/\/www.meydan.tv\/az\/article\/naxcivan-demir-yollarinda-xeyli-dovlet-emlakinin-menimsenildiyi-iddia-olunur\/\" \/>\n<meta property=\"og:locale\" content=\"az_AZ\" \/>\n<meta property=\"og:type\" content=\"article\" \/>\n<meta property=\"og:title\" content=\"\u201cNax\u00e7\u0131van D\u0259mir Yollar\u0131\u201dnda xeyli d\u00f6vl\u0259t \u0259mlak\u0131n\u0131n m\u0259nims\u0259nildiyi iddia olunur - MEYDAN.TV\" \/>\n<meta property=\"og:description\" content=\"&nbsp;MMC-nin sabiq \u0259m\u0259kda\u015f\u0131 m\u0259suliyy\u0259t\u0259 c\u0259lb edilib \u201cNax\u00e7\u0131van D\u0259mir Yollar\u0131\u201d MMC-nin ... Davam\u0131\" \/>\n<meta property=\"og:url\" content=\"https:\/\/www.meydan.tv\/az\/article\/naxcivan-demir-yollarinda-xeyli-dovlet-emlakinin-menimsenildiyi-iddia-olunur\/\" \/>\n<meta property=\"og:site_name\" content=\"MEYDAN.TV\" \/>\n<meta property=\"article:published_time\" content=\"2023-01-16T10:15:53+00:00\" \/>\n<meta property=\"article:modified_time\" content=\"2023-01-16T10:22:59+00:00\" \/>\n<meta property=\"og:image\" content=\"https:\/\/www.meydan.tv\/wp-content\/uploads\/11651_5c5d9985ab94f.jpg\" \/>\n\t<meta property=\"og:image:width\" content=\"1200\" \/>\n\t<meta property=\"og:image:height\" content=\"660\" \/>\n\t<meta property=\"og:image:type\" content=\"image\/jpeg\" \/>\n<meta name=\"author\" content=\"elli\" \/>\n<meta name=\"twitter:card\" content=\"summary_large_image\" \/>\n<meta name=\"twitter:creator\" content=\"@elli\" \/>\n<script type=\"application\/ld+json\" class=\"yoast-schema-graph\">{\"@context\":\"https:\\\/\\\/schema.org\",\"@graph\":[{\"@type\":\"Article\",\"@id\":\"https:\\\/\\\/www.meydan.tv\\\/az\\\/article\\\/naxcivan-demir-yollarinda-xeyli-dovlet-emlakinin-menimsenildiyi-iddia-olunur\\\/#article\",\"isPartOf\":{\"@id\":\"https:\\\/\\\/www.meydan.tv\\\/az\\\/article\\\/naxcivan-demir-yollarinda-xeyli-dovlet-emlakinin-menimsenildiyi-iddia-olunur\\\/\"},\"author\":{\"name\":\"elli\",\"@id\":\"https:\\\/\\\/www.meydan.tv\\\/az\\\/#\\\/schema\\\/person\\\/9cdbecf90d17180ce1dfbd95b08dcf47\"},\"headline\":\"\u201cNax\u00e7\u0131van D\u0259mir Yollar\u0131\u201dnda xeyli d\u00f6vl\u0259t \u0259mlak\u0131n\u0131n m\u0259nims\u0259nildiyi iddia olunur\",\"datePublished\":\"2023-01-16T10:15:53+00:00\",\"dateModified\":\"2023-01-16T10:22:59+00:00\",\"mainEntityOfPage\":{\"@id\":\"https:\\\/\\\/www.meydan.tv\\\/az\\\/article\\\/naxcivan-demir-yollarinda-xeyli-dovlet-emlakinin-menimsenildiyi-iddia-olunur\\\/\"},\"wordCount\":249,\"publisher\":{\"@id\":\"https:\\\/\\\/www.meydan.tv\\\/az\\\/#organization\"},\"image\":{\"@id\":\"https:\\\/\\\/www.meydan.tv\\\/az\\\/article\\\/naxcivan-demir-yollarinda-xeyli-dovlet-emlakinin-menimsenildiyi-iddia-olunur\\\/#primaryimage\"},\"thumbnailUrl\":\"https:\\\/\\\/www.meydan.tv\\\/wp-content\\\/uploads\\\/11651_5c5d9985ab94f.jpg\",\"articleSection\":[\"B\u00f6lg\u0259\",\"X\u0259b\u0259rl\u0259r\"],\"inLanguage\":\"az\"},{\"@type\":\"WebPage\",\"@id\":\"https:\\\/\\\/www.meydan.tv\\\/az\\\/article\\\/naxcivan-demir-yollarinda-xeyli-dovlet-emlakinin-menimsenildiyi-iddia-olunur\\\/\",\"url\":\"https:\\\/\\\/www.meydan.tv\\\/az\\\/article\\\/naxcivan-demir-yollarinda-xeyli-dovlet-emlakinin-menimsenildiyi-iddia-olunur\\\/\",\"name\":\"\u201cNax\u00e7\u0131van D\u0259mir Yollar\u0131\u201dnda xeyli d\u00f6vl\u0259t \u0259mlak\u0131n\u0131n m\u0259nims\u0259nildiyi iddia olunur - MEYDAN.TV\",\"isPartOf\":{\"@id\":\"https:\\\/\\\/www.meydan.tv\\\/az\\\/#website\"},\"primaryImageOfPage\":{\"@id\":\"https:\\\/\\\/www.meydan.tv\\\/az\\\/article\\\/naxcivan-demir-yollarinda-xeyli-dovlet-emlakinin-menimsenildiyi-iddia-olunur\\\/#primaryimage\"},\"image\":{\"@id\":\"https:\\\/\\\/www.meydan.tv\\\/az\\\/article\\\/naxcivan-demir-yollarinda-xeyli-dovlet-emlakinin-menimsenildiyi-iddia-olunur\\\/#primaryimage\"},\"thumbnailUrl\":\"https:\\\/\\\/www.meydan.tv\\\/wp-content\\\/uploads\\\/11651_5c5d9985ab94f.jpg\",\"datePublished\":\"2023-01-16T10:15:53+00:00\",\"dateModified\":\"2023-01-16T10:22:59+00:00\",\"breadcrumb\":{\"@id\":\"https:\\\/\\\/www.meydan.tv\\\/az\\\/article\\\/naxcivan-demir-yollarinda-xeyli-dovlet-emlakinin-menimsenildiyi-iddia-olunur\\\/#breadcrumb\"},\"inLanguage\":\"az\",\"potentialAction\":[{\"@type\":\"ReadAction\",\"target\":[\"https:\\\/\\\/www.meydan.tv\\\/az\\\/article\\\/naxcivan-demir-yollarinda-xeyli-dovlet-emlakinin-menimsenildiyi-iddia-olunur\\\/\"]}]},{\"@type\":\"ImageObject\",\"inLanguage\":\"az\",\"@id\":\"https:\\\/\\\/www.meydan.tv\\\/az\\\/article\\\/naxcivan-demir-yollarinda-xeyli-dovlet-emlakinin-menimsenildiyi-iddia-olunur\\\/#primaryimage\",\"url\":\"https:\\\/\\\/www.meydan.tv\\\/wp-content\\\/uploads\\\/11651_5c5d9985ab94f.jpg\",\"contentUrl\":\"https:\\\/\\\/www.meydan.tv\\\/wp-content\\\/uploads\\\/11651_5c5d9985ab94f.jpg\",\"width\":1200,\"height\":660,\"caption\":\"\u201cNax\u00e7\u0131van D\u0259mir Yollar\u0131\u201d MMC. M\u0259nb\u0259: \\\"nuhcixan.az\\\"\"},{\"@type\":\"BreadcrumbList\",\"@id\":\"https:\\\/\\\/www.meydan.tv\\\/az\\\/article\\\/naxcivan-demir-yollarinda-xeyli-dovlet-emlakinin-menimsenildiyi-iddia-olunur\\\/#breadcrumb\",\"itemListElement\":[{\"@type\":\"ListItem\",\"position\":1,\"name\":\"Ana s\u0259hif\u0259\",\"item\":\"https:\\\/\\\/www.meydan.tv\\\/az\\\/\"},{\"@type\":\"ListItem\",\"position\":2,\"name\":\"B\u00f6lg\u0259\",\"item\":\"https:\\\/\\\/www.meydan.tv\\\/az\\\/section\\\/bolge\\\/\"},{\"@type\":\"ListItem\",\"position\":3,\"name\":\"\u201cNax\u00e7\u0131van D\u0259mir Yollar\u0131\u201dnda xeyli d\u00f6vl\u0259t \u0259mlak\u0131n\u0131n m\u0259nims\u0259nildiyi iddia olunur\"}]},{\"@type\":\"WebSite\",\"@id\":\"https:\\\/\\\/www.meydan.tv\\\/az\\\/#website\",\"url\":\"https:\\\/\\\/www.meydan.tv\\\/az\\\/\",\"name\":\"MEYDAN.TV\",\"description\":\"Meydan TV Az\u0259rbaycan\u0131n media m\u0259kan\u0131ndak\u0131 alternativ s\u0259sidir\",\"publisher\":{\"@id\":\"https:\\\/\\\/www.meydan.tv\\\/az\\\/#organization\"},\"potentialAction\":[{\"@type\":\"SearchAction\",\"target\":{\"@type\":\"EntryPoint\",\"urlTemplate\":\"https:\\\/\\\/www.meydan.tv\\\/az\\\/?s={search_term_string}\"},\"query-input\":{\"@type\":\"PropertyValueSpecification\",\"valueRequired\":true,\"valueName\":\"search_term_string\"}}],\"inLanguage\":\"az\"},{\"@type\":\"Organization\",\"@id\":\"https:\\\/\\\/www.meydan.tv\\\/az\\\/#organization\",\"name\":\"Meydan TV\",\"url\":\"https:\\\/\\\/www.meydan.tv\\\/az\\\/\",\"logo\":{\"@type\":\"ImageObject\",\"inLanguage\":\"az\",\"@id\":\"https:\\\/\\\/www.meydan.tv\\\/az\\\/#\\\/schema\\\/logo\\\/image\\\/\",\"url\":\"https:\\\/\\\/www.meydan.tv\\\/wp-content\\\/uploads\\\/2021\\\/07\\\/meydan-logo.svg\",\"contentUrl\":\"https:\\\/\\\/www.meydan.tv\\\/wp-content\\\/uploads\\\/2021\\\/07\\\/meydan-logo.svg\",\"width\":195,\"height\":46,\"caption\":\"Meydan TV\"},\"image\":{\"@id\":\"https:\\\/\\\/www.meydan.tv\\\/az\\\/#\\\/schema\\\/logo\\\/image\\\/\"}},{\"@type\":\"Person\",\"@id\":\"https:\\\/\\\/www.meydan.tv\\\/az\\\/#\\\/schema\\\/person\\\/9cdbecf90d17180ce1dfbd95b08dcf47\",\"name\":\"elli\",\"sameAs\":[\"https:\\\/\\\/x.com\\\/elli\"]}]}<\/script>\n<!-- \/ Yoast SEO plugin. -->","yoast_head_json":{"title":"\u201cNax\u00e7\u0131van D\u0259mir Yollar\u0131\u201dnda xeyli d\u00f6vl\u0259t \u0259mlak\u0131n\u0131n m\u0259nims\u0259nildiyi iddia olunur - MEYDAN.TV","robots":{"index":"index","follow":"follow","max-snippet":"max-snippet:-1","max-image-preview":"max-image-preview:large","max-video-preview":"max-video-preview:-1"},"canonical":"https:\/\/www.meydan.tv\/az\/article\/naxcivan-demir-yollarinda-xeyli-dovlet-emlakinin-menimsenildiyi-iddia-olunur\/","og_locale":"az_AZ","og_type":"article","og_title":"\u201cNax\u00e7\u0131van D\u0259mir Yollar\u0131\u201dnda xeyli d\u00f6vl\u0259t \u0259mlak\u0131n\u0131n m\u0259nims\u0259nildiyi iddia olunur - MEYDAN.TV","og_description":"&nbsp;MMC-nin sabiq \u0259m\u0259kda\u015f\u0131 m\u0259suliyy\u0259t\u0259 c\u0259lb edilib \u201cNax\u00e7\u0131van D\u0259mir Yollar\u0131\u201d MMC-nin ... Davam\u0131","og_url":"https:\/\/www.meydan.tv\/az\/article\/naxcivan-demir-yollarinda-xeyli-dovlet-emlakinin-menimsenildiyi-iddia-olunur\/","og_site_name":"MEYDAN.TV","article_published_time":"2023-01-16T10:15:53+00:00","article_modified_time":"2023-01-16T10:22:59+00:00","og_image":[{"width":1200,"height":660,"url":"https:\/\/www.meydan.tv\/wp-content\/uploads\/11651_5c5d9985ab94f.jpg","type":"image\/jpeg"}],"author":"elli","twitter_card":"summary_large_image","twitter_creator":"@elli","schema":{"@context":"https:\/\/schema.org","@graph":[{"@type":"Article","@id":"https:\/\/www.meydan.tv\/az\/article\/naxcivan-demir-yollarinda-xeyli-dovlet-emlakinin-menimsenildiyi-iddia-olunur\/#article","isPartOf":{"@id":"https:\/\/www.meydan.tv\/az\/article\/naxcivan-demir-yollarinda-xeyli-dovlet-emlakinin-menimsenildiyi-iddia-olunur\/"},"author":{"name":"elli","@id":"https:\/\/www.meydan.tv\/az\/#\/schema\/person\/9cdbecf90d17180ce1dfbd95b08dcf47"},"headline":"\u201cNax\u00e7\u0131van D\u0259mir Yollar\u0131\u201dnda xeyli d\u00f6vl\u0259t \u0259mlak\u0131n\u0131n m\u0259nims\u0259nildiyi iddia olunur","datePublished":"2023-01-16T10:15:53+00:00","dateModified":"2023-01-16T10:22:59+00:00","mainEntityOfPage":{"@id":"https:\/\/www.meydan.tv\/az\/article\/naxcivan-demir-yollarinda-xeyli-dovlet-emlakinin-menimsenildiyi-iddia-olunur\/"},"wordCount":249,"publisher":{"@id":"https:\/\/www.meydan.tv\/az\/#organization"},"image":{"@id":"https:\/\/www.meydan.tv\/az\/article\/naxcivan-demir-yollarinda-xeyli-dovlet-emlakinin-menimsenildiyi-iddia-olunur\/#primaryimage"},"thumbnailUrl":"https:\/\/www.meydan.tv\/wp-content\/uploads\/11651_5c5d9985ab94f.jpg","articleSection":["B\u00f6lg\u0259","X\u0259b\u0259rl\u0259r"],"inLanguage":"az"},{"@type":"WebPage","@id":"https:\/\/www.meydan.tv\/az\/article\/naxcivan-demir-yollarinda-xeyli-dovlet-emlakinin-menimsenildiyi-iddia-olunur\/","url":"https:\/\/www.meydan.tv\/az\/article\/naxcivan-demir-yollarinda-xeyli-dovlet-emlakinin-menimsenildiyi-iddia-olunur\/","name":"\u201cNax\u00e7\u0131van D\u0259mir Yollar\u0131\u201dnda xeyli d\u00f6vl\u0259t \u0259mlak\u0131n\u0131n m\u0259nims\u0259nildiyi iddia olunur - MEYDAN.TV","isPartOf":{"@id":"https:\/\/www.meydan.tv\/az\/#website"},"primaryImageOfPage":{"@id":"https:\/\/www.meydan.tv\/az\/article\/naxcivan-demir-yollarinda-xeyli-dovlet-emlakinin-menimsenildiyi-iddia-olunur\/#primaryimage"},"image":{"@id":"https:\/\/www.meydan.tv\/az\/article\/naxcivan-demir-yollarinda-xeyli-dovlet-emlakinin-menimsenildiyi-iddia-olunur\/#primaryimage"},"thumbnailUrl":"https:\/\/www.meydan.tv\/wp-content\/uploads\/11651_5c5d9985ab94f.jpg","datePublished":"2023-01-16T10:15:53+00:00","dateModified":"2023-01-16T10:22:59+00:00","breadcrumb":{"@id":"https:\/\/www.meydan.tv\/az\/article\/naxcivan-demir-yollarinda-xeyli-dovlet-emlakinin-menimsenildiyi-iddia-olunur\/#breadcrumb"},"inLanguage":"az","potentialAction":[{"@type":"ReadAction","target":["https:\/\/www.meydan.tv\/az\/article\/naxcivan-demir-yollarinda-xeyli-dovlet-emlakinin-menimsenildiyi-iddia-olunur\/"]}]},{"@type":"ImageObject","inLanguage":"az","@id":"https:\/\/www.meydan.tv\/az\/article\/naxcivan-demir-yollarinda-xeyli-dovlet-emlakinin-menimsenildiyi-iddia-olunur\/#primaryimage","url":"https:\/\/www.meydan.tv\/wp-content\/uploads\/11651_5c5d9985ab94f.jpg","contentUrl":"https:\/\/www.meydan.tv\/wp-content\/uploads\/11651_5c5d9985ab94f.jpg","width":1200,"height":660,"caption":"\u201cNax\u00e7\u0131van D\u0259mir Yollar\u0131\u201d MMC. M\u0259nb\u0259: \"nuhcixan.az\""},{"@type":"BreadcrumbList","@id":"https:\/\/www.meydan.tv\/az\/article\/naxcivan-demir-yollarinda-xeyli-dovlet-emlakinin-menimsenildiyi-iddia-olunur\/#breadcrumb","itemListElement":[{"@type":"ListItem","position":1,"name":"Ana s\u0259hif\u0259","item":"https:\/\/www.meydan.tv\/az\/"},{"@type":"ListItem","position":2,"name":"B\u00f6lg\u0259","item":"https:\/\/www.meydan.tv\/az\/section\/bolge\/"},{"@type":"ListItem","position":3,"name":"\u201cNax\u00e7\u0131van D\u0259mir Yollar\u0131\u201dnda xeyli d\u00f6vl\u0259t \u0259mlak\u0131n\u0131n m\u0259nims\u0259nildiyi iddia olunur"}]},{"@type":"WebSite","@id":"https:\/\/www.meydan.tv\/az\/#website","url":"https:\/\/www.meydan.tv\/az\/","name":"MEYDAN.TV","description":"Meydan TV Az\u0259rbaycan\u0131n media m\u0259kan\u0131ndak\u0131 alternativ s\u0259sidir","publisher":{"@id":"https:\/\/www.meydan.tv\/az\/#organization"},"potentialAction":[{"@type":"SearchAction","target":{"@type":"EntryPoint","urlTemplate":"https:\/\/www.meydan.tv\/az\/?s={search_term_string}"},"query-input":{"@type":"PropertyValueSpecification","valueRequired":true,"valueName":"search_term_string"}}],"inLanguage":"az"},{"@type":"Organization","@id":"https:\/\/www.meydan.tv\/az\/#organization","name":"Meydan TV","url":"https:\/\/www.meydan.tv\/az\/","logo":{"@type":"ImageObject","inLanguage":"az","@id":"https:\/\/www.meydan.tv\/az\/#\/schema\/logo\/image\/","url":"https:\/\/www.meydan.tv\/wp-content\/uploads\/2021\/07\/meydan-logo.svg","contentUrl":"https:\/\/www.meydan.tv\/wp-content\/uploads\/2021\/07\/meydan-logo.svg","width":195,"height":46,"caption":"Meydan TV"},"image":{"@id":"https:\/\/www.meydan.tv\/az\/#\/schema\/logo\/image\/"}},{"@type":"Person","@id":"https:\/\/www.meydan.tv\/az\/#\/schema\/person\/9cdbecf90d17180ce1dfbd95b08dcf47","name":"elli","sameAs":["https:\/\/x.com\/elli"]}]}},"_links":{"self":[{"href":"https:\/\/www.meydan.tv\/az\/wp-json\/wp\/v2\/posts\/265810","targetHints":{"allow":["GET"]}}],"collection":[{"href":"https:\/\/www.meydan.tv\/az\/wp-json\/wp\/v2\/posts"}],"about":[{"href":"https:\/\/www.meydan.tv\/az\/wp-json\/wp\/v2\/types\/post"}],"author":[{"embeddable":true,"href":"https:\/\/www.meydan.tv\/az\/wp-json\/wp\/v2\/users\/8"}],"replies":[{"embeddable":true,"href":"https:\/\/www.meydan.tv\/az\/wp-json\/wp\/v2\/comments?post=265810"}],"version-history":[{"count":2,"href":"https:\/\/www.meydan.tv\/az\/wp-json\/wp\/v2\/posts\/265810\/revisions"}],"predecessor-version":[{"id":265812,"href":"https:\/\/www.meydan.tv\/az\/wp-json\/wp\/v2\/posts\/265810\/revisions\/265812"}],"wp:featuredmedia":[{"embeddable":true,"href":"https:\/\/www.meydan.tv\/az\/wp-json\/wp\/v2\/media\/265807"}],"wp:attachment":[{"href":"https:\/\/www.meydan.tv\/az\/wp-json\/wp\/v2\/media?parent=265810"}],"wp:term":[{"taxonomy":"category","embeddable":true,"href":"https:\/\/www.meydan.tv\/az\/wp-json\/wp\/v2\/categories?post=265810"},{"taxonomy":"post_tag","embeddable":true,"href":"https:\/\/www.meydan.tv\/az\/wp-json\/wp\/v2\/tags?post=265810"}],"curies":[{"name":"wp","href":"https:\/\/api.w.org\/{rel}","templated":true}]}}