{"id":265748,"date":"2023-01-14T00:22:50","date_gmt":"2023-01-13T20:22:50","guid":{"rendered":"https:\/\/www.meydan.tv\/?p=265748"},"modified":"2023-01-14T00:22:53","modified_gmt":"2023-01-13T20:22:53","slug":"verem-sobesinin-mudirinin-qetlinde-subheli-bilinen-sexsler-saxlanilib","status":"publish","type":"post","link":"https:\/\/www.meydan.tv\/az\/article\/verem-sobesinin-mudirinin-qetlinde-subheli-bilinen-sexsler-saxlanilib\/","title":{"rendered":"V\u0259r\u0259m \u015f\u00f6b\u0259sinin m\u00fcdirinin q\u0259tlind\u0259 \u015f\u00fcbh\u0259li bilin\u0259n \u015f\u0259xsl\u0259r saxlan\u0131l\u0131b"},"content":{"rendered":"\n<p><\/p>\n\n\n\n<p><em>Onlara qar\u015f\u0131 ittiham ir\u0259li s\u00fcr\u00fcl\u00fcb<\/em><\/p>\n\n\n\n<p>Yevlax Rayon M\u0259rk\u0259zi X\u0259st\u0259xanas\u0131n\u0131n V\u0259r\u0259m \u015f\u00f6b\u0259sinin m\u00fcdiri B\u0259yaz Cabbarovun q\u0259tlin\u0259 g\u00f6r\u0259 \u00fc\u00e7 n\u0259f\u0259r h\u0259bs olunub. Bu bar\u0259d\u0259 Yevlax Rayon Prokurorlu\u011fu m\u0259lumat yay\u0131b.<\/p>\n\n\n\n<p>H\u0259bs olunanlar 1993-c\u00fc il t\u0259v\u0259ll\u00fcdl\u00fc Da\u015fq\u0131n X\u0259lilov, 2004-c\u00fc il t\u0259v\u0259ll\u00fcdl\u00fc F\u0259xri Allahverdiyev v\u0259 2005-ci il t\u0259v\u0259ll\u00fcdl\u00fc Ramiz M\u0259mm\u0259dovdur. Onlara Cinay\u0259t M\u0259c\u0259ll\u0259sinin 120.2.1 (qabaqcadan \u0259lbir olan bir qrup \u015f\u0259xs t\u0259r\u0259find\u0259n adam \u00f6ld\u00fcrm\u0259), 120.2.4 (x\u00fcsusi amans\u0131zl\u0131qla adam \u00f6ld\u00fcrm\u0259) v\u0259 120.2.11-ci (quldurluqla \u0259laq\u0259dar adam \u00f6ld\u00fcrm\u0259) madd\u0259l\u0259ril\u0259 ittiham verilib.<\/p>\n\n\n\n<p>Adlar\u0131 \u00e7\u0259kil\u0259n \u015f\u0259xsl\u0259rin bu ittihama m\u00fcnasib\u0259ti, \u00f6zl\u0259rini t\u0259qsirli bilib-bilm\u0259diyi m\u0259lum deyil.<\/p>\n\n\n\n<p>H\u0259kimin q\u0259tlil\u0259 ba\u011fl\u0131 istintaq Yevlax Rayon Prokurorlu\u011funda apar\u0131l\u0131r.<\/p>\n\n\n\n<p>1958-ci il t\u0259v\u0259ll\u00fcdl\u00fc B\u0259yaz Cabbarov yanvar\u0131n 11-d\u0259 Yevlax \u015f\u0259h\u0259rind\u0259 ya\u015fad\u0131\u011f\u0131 evd\u0259 20-d\u0259n \u00e7ox b\u0131\u00e7aq z\u0259rb\u0259sil\u0259 q\u0259tl\u0259 <a href=\"https:\/\/www.meydan.tv\/az\/article\/yevlaxda-xestexananin-sobe-mudirinin-bicaqlandigi-bildirilir\/\" target=\"_blank\" rel=\"noreferrer noopener\">yetirilib<\/a>. O, x\u0259st\u0259xanaya apar\u0131lark\u0259n yolda ke\u00e7inib.<\/p>\n","protected":false},"excerpt":{"rendered":"<p>Onlara qar\u015f\u0131 ittiham ir\u0259li s\u00fcr\u00fcl\u00fcb Yevlax Rayon M\u0259rk\u0259zi X\u0259st\u0259xanas\u0131n\u0131n V\u0259r\u0259m &#8230; <\/p>\n<p class=\"read-more-container\"><a title=\"V\u0259r\u0259m \u015f\u00f6b\u0259sinin m\u00fcdirinin q\u0259tlind\u0259 \u015f\u00fcbh\u0259li bilin\u0259n \u015f\u0259xsl\u0259r saxlan\u0131l\u0131b\" class=\"read-more button\" href=\"https:\/\/www.meydan.tv\/az\/article\/verem-sobesinin-mudirinin-qetlinde-subheli-bilinen-sexsler-saxlanilib\/#more-265748\" aria-label=\"Read more about V\u0259r\u0259m \u015f\u00f6b\u0259sinin m\u00fcdirinin q\u0259tlind\u0259 \u015f\u00fcbh\u0259li bilin\u0259n \u015f\u0259xsl\u0259r saxlan\u0131l\u0131b\">Davam\u0131<\/a><\/p>\n","protected":false},"author":8,"featured_media":265749,"comment_status":"closed","ping_status":"closed","sticky":false,"template":"","format":"standard","meta":{"_acf_changed":false,"_sitemap_exclude":false,"_sitemap_priority":"","_sitemap_frequency":"","footnotes":""},"categories":[60,56],"tags":[],"class_list":["post-265748","post","type-post","status-publish","format-standard","has-post-thumbnail","hentry","category-bolge","category-xeberler","infinite-scroll-item","generate-columns","tablet-grid-50","mobile-grid-100","grid-parent","grid-33","no-featured-image-padding"],"acf":[],"yoast_head":"<!-- This site is optimized with the Yoast SEO plugin v27.5 - https:\/\/yoast.com\/product\/yoast-seo-wordpress\/ -->\n<title>V\u0259r\u0259m \u015f\u00f6b\u0259sinin m\u00fcdirinin q\u0259tlind\u0259 \u015f\u00fcbh\u0259li bilin\u0259n \u015f\u0259xsl\u0259r saxlan\u0131l\u0131b - MEYDAN.TV<\/title>\n<meta name=\"robots\" content=\"index, follow, max-snippet:-1, max-image-preview:large, max-video-preview:-1\" \/>\n<link rel=\"canonical\" href=\"https:\/\/www.meydan.tv\/az\/article\/verem-sobesinin-mudirinin-qetlinde-subheli-bilinen-sexsler-saxlanilib\/\" \/>\n<meta property=\"og:locale\" content=\"az_AZ\" \/>\n<meta property=\"og:type\" content=\"article\" \/>\n<meta property=\"og:title\" content=\"V\u0259r\u0259m \u015f\u00f6b\u0259sinin m\u00fcdirinin q\u0259tlind\u0259 \u015f\u00fcbh\u0259li bilin\u0259n \u015f\u0259xsl\u0259r saxlan\u0131l\u0131b - MEYDAN.TV\" \/>\n<meta property=\"og:description\" content=\"Onlara qar\u015f\u0131 ittiham ir\u0259li s\u00fcr\u00fcl\u00fcb Yevlax Rayon M\u0259rk\u0259zi X\u0259st\u0259xanas\u0131n\u0131n V\u0259r\u0259m ... Davam\u0131\" \/>\n<meta property=\"og:url\" content=\"https:\/\/www.meydan.tv\/az\/article\/verem-sobesinin-mudirinin-qetlinde-subheli-bilinen-sexsler-saxlanilib\/\" \/>\n<meta property=\"og:site_name\" content=\"MEYDAN.TV\" \/>\n<meta property=\"article:published_time\" content=\"2023-01-13T20:22:50+00:00\" \/>\n<meta property=\"article:modified_time\" content=\"2023-01-13T20:22:53+00:00\" \/>\n<meta property=\"og:image\" content=\"https:\/\/www.meydan.tv\/wp-content\/uploads\/untitled-design-2-75-e1673641364794.jpg\" \/>\n\t<meta property=\"og:image:width\" content=\"1200\" \/>\n\t<meta property=\"og:image:height\" content=\"564\" \/>\n\t<meta property=\"og:image:type\" content=\"image\/jpeg\" \/>\n<meta name=\"author\" content=\"elli\" \/>\n<meta name=\"twitter:card\" content=\"summary_large_image\" \/>\n<meta name=\"twitter:creator\" content=\"@elli\" \/>\n<script type=\"application\/ld+json\" class=\"yoast-schema-graph\">{\"@context\":\"https:\\\/\\\/schema.org\",\"@graph\":[{\"@type\":\"Article\",\"@id\":\"https:\\\/\\\/www.meydan.tv\\\/az\\\/article\\\/verem-sobesinin-mudirinin-qetlinde-subheli-bilinen-sexsler-saxlanilib\\\/#article\",\"isPartOf\":{\"@id\":\"https:\\\/\\\/www.meydan.tv\\\/az\\\/article\\\/verem-sobesinin-mudirinin-qetlinde-subheli-bilinen-sexsler-saxlanilib\\\/\"},\"author\":{\"name\":\"elli\",\"@id\":\"https:\\\/\\\/www.meydan.tv\\\/az\\\/#\\\/schema\\\/person\\\/9cdbecf90d17180ce1dfbd95b08dcf47\"},\"headline\":\"V\u0259r\u0259m \u015f\u00f6b\u0259sinin m\u00fcdirinin q\u0259tlind\u0259 \u015f\u00fcbh\u0259li bilin\u0259n \u015f\u0259xsl\u0259r saxlan\u0131l\u0131b\",\"datePublished\":\"2023-01-13T20:22:50+00:00\",\"dateModified\":\"2023-01-13T20:22:53+00:00\",\"mainEntityOfPage\":{\"@id\":\"https:\\\/\\\/www.meydan.tv\\\/az\\\/article\\\/verem-sobesinin-mudirinin-qetlinde-subheli-bilinen-sexsler-saxlanilib\\\/\"},\"wordCount\":215,\"publisher\":{\"@id\":\"https:\\\/\\\/www.meydan.tv\\\/az\\\/#organization\"},\"image\":{\"@id\":\"https:\\\/\\\/www.meydan.tv\\\/az\\\/article\\\/verem-sobesinin-mudirinin-qetlinde-subheli-bilinen-sexsler-saxlanilib\\\/#primaryimage\"},\"thumbnailUrl\":\"https:\\\/\\\/www.meydan.tv\\\/wp-content\\\/uploads\\\/untitled-design-2-75-e1673641364794.jpg\",\"articleSection\":[\"B\u00f6lg\u0259\",\"X\u0259b\u0259rl\u0259r\"],\"inLanguage\":\"az\"},{\"@type\":\"WebPage\",\"@id\":\"https:\\\/\\\/www.meydan.tv\\\/az\\\/article\\\/verem-sobesinin-mudirinin-qetlinde-subheli-bilinen-sexsler-saxlanilib\\\/\",\"url\":\"https:\\\/\\\/www.meydan.tv\\\/az\\\/article\\\/verem-sobesinin-mudirinin-qetlinde-subheli-bilinen-sexsler-saxlanilib\\\/\",\"name\":\"V\u0259r\u0259m \u015f\u00f6b\u0259sinin m\u00fcdirinin q\u0259tlind\u0259 \u015f\u00fcbh\u0259li bilin\u0259n \u015f\u0259xsl\u0259r saxlan\u0131l\u0131b - MEYDAN.TV\",\"isPartOf\":{\"@id\":\"https:\\\/\\\/www.meydan.tv\\\/az\\\/#website\"},\"primaryImageOfPage\":{\"@id\":\"https:\\\/\\\/www.meydan.tv\\\/az\\\/article\\\/verem-sobesinin-mudirinin-qetlinde-subheli-bilinen-sexsler-saxlanilib\\\/#primaryimage\"},\"image\":{\"@id\":\"https:\\\/\\\/www.meydan.tv\\\/az\\\/article\\\/verem-sobesinin-mudirinin-qetlinde-subheli-bilinen-sexsler-saxlanilib\\\/#primaryimage\"},\"thumbnailUrl\":\"https:\\\/\\\/www.meydan.tv\\\/wp-content\\\/uploads\\\/untitled-design-2-75-e1673641364794.jpg\",\"datePublished\":\"2023-01-13T20:22:50+00:00\",\"dateModified\":\"2023-01-13T20:22:53+00:00\",\"breadcrumb\":{\"@id\":\"https:\\\/\\\/www.meydan.tv\\\/az\\\/article\\\/verem-sobesinin-mudirinin-qetlinde-subheli-bilinen-sexsler-saxlanilib\\\/#breadcrumb\"},\"inLanguage\":\"az\",\"potentialAction\":[{\"@type\":\"ReadAction\",\"target\":[\"https:\\\/\\\/www.meydan.tv\\\/az\\\/article\\\/verem-sobesinin-mudirinin-qetlinde-subheli-bilinen-sexsler-saxlanilib\\\/\"]}]},{\"@type\":\"ImageObject\",\"inLanguage\":\"az\",\"@id\":\"https:\\\/\\\/www.meydan.tv\\\/az\\\/article\\\/verem-sobesinin-mudirinin-qetlinde-subheli-bilinen-sexsler-saxlanilib\\\/#primaryimage\",\"url\":\"https:\\\/\\\/www.meydan.tv\\\/wp-content\\\/uploads\\\/untitled-design-2-75-e1673641364794.jpg\",\"contentUrl\":\"https:\\\/\\\/www.meydan.tv\\\/wp-content\\\/uploads\\\/untitled-design-2-75-e1673641364794.jpg\",\"width\":1200,\"height\":564,\"caption\":\"Yevlax Rayon Prokurorlu\u011fu. M\u0259nb\u0259: Yevlax Rayon Prokurorlu\u011fu\"},{\"@type\":\"BreadcrumbList\",\"@id\":\"https:\\\/\\\/www.meydan.tv\\\/az\\\/article\\\/verem-sobesinin-mudirinin-qetlinde-subheli-bilinen-sexsler-saxlanilib\\\/#breadcrumb\",\"itemListElement\":[{\"@type\":\"ListItem\",\"position\":1,\"name\":\"Ana s\u0259hif\u0259\",\"item\":\"https:\\\/\\\/www.meydan.tv\\\/az\\\/\"},{\"@type\":\"ListItem\",\"position\":2,\"name\":\"B\u00f6lg\u0259\",\"item\":\"https:\\\/\\\/www.meydan.tv\\\/az\\\/section\\\/bolge\\\/\"},{\"@type\":\"ListItem\",\"position\":3,\"name\":\"V\u0259r\u0259m \u015f\u00f6b\u0259sinin m\u00fcdirinin q\u0259tlind\u0259 \u015f\u00fcbh\u0259li bilin\u0259n \u015f\u0259xsl\u0259r saxlan\u0131l\u0131b\"}]},{\"@type\":\"WebSite\",\"@id\":\"https:\\\/\\\/www.meydan.tv\\\/az\\\/#website\",\"url\":\"https:\\\/\\\/www.meydan.tv\\\/az\\\/\",\"name\":\"MEYDAN.TV\",\"description\":\"Meydan TV Az\u0259rbaycan\u0131n media m\u0259kan\u0131ndak\u0131 alternativ s\u0259sidir\",\"publisher\":{\"@id\":\"https:\\\/\\\/www.meydan.tv\\\/az\\\/#organization\"},\"potentialAction\":[{\"@type\":\"SearchAction\",\"target\":{\"@type\":\"EntryPoint\",\"urlTemplate\":\"https:\\\/\\\/www.meydan.tv\\\/az\\\/?s={search_term_string}\"},\"query-input\":{\"@type\":\"PropertyValueSpecification\",\"valueRequired\":true,\"valueName\":\"search_term_string\"}}],\"inLanguage\":\"az\"},{\"@type\":\"Organization\",\"@id\":\"https:\\\/\\\/www.meydan.tv\\\/az\\\/#organization\",\"name\":\"Meydan TV\",\"url\":\"https:\\\/\\\/www.meydan.tv\\\/az\\\/\",\"logo\":{\"@type\":\"ImageObject\",\"inLanguage\":\"az\",\"@id\":\"https:\\\/\\\/www.meydan.tv\\\/az\\\/#\\\/schema\\\/logo\\\/image\\\/\",\"url\":\"https:\\\/\\\/www.meydan.tv\\\/wp-content\\\/uploads\\\/2021\\\/07\\\/meydan-logo.svg\",\"contentUrl\":\"https:\\\/\\\/www.meydan.tv\\\/wp-content\\\/uploads\\\/2021\\\/07\\\/meydan-logo.svg\",\"width\":195,\"height\":46,\"caption\":\"Meydan TV\"},\"image\":{\"@id\":\"https:\\\/\\\/www.meydan.tv\\\/az\\\/#\\\/schema\\\/logo\\\/image\\\/\"}},{\"@type\":\"Person\",\"@id\":\"https:\\\/\\\/www.meydan.tv\\\/az\\\/#\\\/schema\\\/person\\\/9cdbecf90d17180ce1dfbd95b08dcf47\",\"name\":\"elli\",\"sameAs\":[\"https:\\\/\\\/x.com\\\/elli\"]}]}<\/script>\n<!-- \/ Yoast SEO plugin. -->","yoast_head_json":{"title":"V\u0259r\u0259m \u015f\u00f6b\u0259sinin m\u00fcdirinin q\u0259tlind\u0259 \u015f\u00fcbh\u0259li bilin\u0259n \u015f\u0259xsl\u0259r saxlan\u0131l\u0131b - MEYDAN.TV","robots":{"index":"index","follow":"follow","max-snippet":"max-snippet:-1","max-image-preview":"max-image-preview:large","max-video-preview":"max-video-preview:-1"},"canonical":"https:\/\/www.meydan.tv\/az\/article\/verem-sobesinin-mudirinin-qetlinde-subheli-bilinen-sexsler-saxlanilib\/","og_locale":"az_AZ","og_type":"article","og_title":"V\u0259r\u0259m \u015f\u00f6b\u0259sinin m\u00fcdirinin q\u0259tlind\u0259 \u015f\u00fcbh\u0259li bilin\u0259n \u015f\u0259xsl\u0259r saxlan\u0131l\u0131b - MEYDAN.TV","og_description":"Onlara qar\u015f\u0131 ittiham ir\u0259li s\u00fcr\u00fcl\u00fcb Yevlax Rayon M\u0259rk\u0259zi X\u0259st\u0259xanas\u0131n\u0131n V\u0259r\u0259m ... Davam\u0131","og_url":"https:\/\/www.meydan.tv\/az\/article\/verem-sobesinin-mudirinin-qetlinde-subheli-bilinen-sexsler-saxlanilib\/","og_site_name":"MEYDAN.TV","article_published_time":"2023-01-13T20:22:50+00:00","article_modified_time":"2023-01-13T20:22:53+00:00","og_image":[{"width":1200,"height":564,"url":"https:\/\/www.meydan.tv\/wp-content\/uploads\/untitled-design-2-75-e1673641364794.jpg","type":"image\/jpeg"}],"author":"elli","twitter_card":"summary_large_image","twitter_creator":"@elli","schema":{"@context":"https:\/\/schema.org","@graph":[{"@type":"Article","@id":"https:\/\/www.meydan.tv\/az\/article\/verem-sobesinin-mudirinin-qetlinde-subheli-bilinen-sexsler-saxlanilib\/#article","isPartOf":{"@id":"https:\/\/www.meydan.tv\/az\/article\/verem-sobesinin-mudirinin-qetlinde-subheli-bilinen-sexsler-saxlanilib\/"},"author":{"name":"elli","@id":"https:\/\/www.meydan.tv\/az\/#\/schema\/person\/9cdbecf90d17180ce1dfbd95b08dcf47"},"headline":"V\u0259r\u0259m \u015f\u00f6b\u0259sinin m\u00fcdirinin q\u0259tlind\u0259 \u015f\u00fcbh\u0259li bilin\u0259n \u015f\u0259xsl\u0259r saxlan\u0131l\u0131b","datePublished":"2023-01-13T20:22:50+00:00","dateModified":"2023-01-13T20:22:53+00:00","mainEntityOfPage":{"@id":"https:\/\/www.meydan.tv\/az\/article\/verem-sobesinin-mudirinin-qetlinde-subheli-bilinen-sexsler-saxlanilib\/"},"wordCount":215,"publisher":{"@id":"https:\/\/www.meydan.tv\/az\/#organization"},"image":{"@id":"https:\/\/www.meydan.tv\/az\/article\/verem-sobesinin-mudirinin-qetlinde-subheli-bilinen-sexsler-saxlanilib\/#primaryimage"},"thumbnailUrl":"https:\/\/www.meydan.tv\/wp-content\/uploads\/untitled-design-2-75-e1673641364794.jpg","articleSection":["B\u00f6lg\u0259","X\u0259b\u0259rl\u0259r"],"inLanguage":"az"},{"@type":"WebPage","@id":"https:\/\/www.meydan.tv\/az\/article\/verem-sobesinin-mudirinin-qetlinde-subheli-bilinen-sexsler-saxlanilib\/","url":"https:\/\/www.meydan.tv\/az\/article\/verem-sobesinin-mudirinin-qetlinde-subheli-bilinen-sexsler-saxlanilib\/","name":"V\u0259r\u0259m \u015f\u00f6b\u0259sinin m\u00fcdirinin q\u0259tlind\u0259 \u015f\u00fcbh\u0259li bilin\u0259n \u015f\u0259xsl\u0259r saxlan\u0131l\u0131b - MEYDAN.TV","isPartOf":{"@id":"https:\/\/www.meydan.tv\/az\/#website"},"primaryImageOfPage":{"@id":"https:\/\/www.meydan.tv\/az\/article\/verem-sobesinin-mudirinin-qetlinde-subheli-bilinen-sexsler-saxlanilib\/#primaryimage"},"image":{"@id":"https:\/\/www.meydan.tv\/az\/article\/verem-sobesinin-mudirinin-qetlinde-subheli-bilinen-sexsler-saxlanilib\/#primaryimage"},"thumbnailUrl":"https:\/\/www.meydan.tv\/wp-content\/uploads\/untitled-design-2-75-e1673641364794.jpg","datePublished":"2023-01-13T20:22:50+00:00","dateModified":"2023-01-13T20:22:53+00:00","breadcrumb":{"@id":"https:\/\/www.meydan.tv\/az\/article\/verem-sobesinin-mudirinin-qetlinde-subheli-bilinen-sexsler-saxlanilib\/#breadcrumb"},"inLanguage":"az","potentialAction":[{"@type":"ReadAction","target":["https:\/\/www.meydan.tv\/az\/article\/verem-sobesinin-mudirinin-qetlinde-subheli-bilinen-sexsler-saxlanilib\/"]}]},{"@type":"ImageObject","inLanguage":"az","@id":"https:\/\/www.meydan.tv\/az\/article\/verem-sobesinin-mudirinin-qetlinde-subheli-bilinen-sexsler-saxlanilib\/#primaryimage","url":"https:\/\/www.meydan.tv\/wp-content\/uploads\/untitled-design-2-75-e1673641364794.jpg","contentUrl":"https:\/\/www.meydan.tv\/wp-content\/uploads\/untitled-design-2-75-e1673641364794.jpg","width":1200,"height":564,"caption":"Yevlax Rayon Prokurorlu\u011fu. M\u0259nb\u0259: Yevlax Rayon Prokurorlu\u011fu"},{"@type":"BreadcrumbList","@id":"https:\/\/www.meydan.tv\/az\/article\/verem-sobesinin-mudirinin-qetlinde-subheli-bilinen-sexsler-saxlanilib\/#breadcrumb","itemListElement":[{"@type":"ListItem","position":1,"name":"Ana s\u0259hif\u0259","item":"https:\/\/www.meydan.tv\/az\/"},{"@type":"ListItem","position":2,"name":"B\u00f6lg\u0259","item":"https:\/\/www.meydan.tv\/az\/section\/bolge\/"},{"@type":"ListItem","position":3,"name":"V\u0259r\u0259m \u015f\u00f6b\u0259sinin m\u00fcdirinin q\u0259tlind\u0259 \u015f\u00fcbh\u0259li bilin\u0259n \u015f\u0259xsl\u0259r saxlan\u0131l\u0131b"}]},{"@type":"WebSite","@id":"https:\/\/www.meydan.tv\/az\/#website","url":"https:\/\/www.meydan.tv\/az\/","name":"MEYDAN.TV","description":"Meydan TV Az\u0259rbaycan\u0131n media m\u0259kan\u0131ndak\u0131 alternativ s\u0259sidir","publisher":{"@id":"https:\/\/www.meydan.tv\/az\/#organization"},"potentialAction":[{"@type":"SearchAction","target":{"@type":"EntryPoint","urlTemplate":"https:\/\/www.meydan.tv\/az\/?s={search_term_string}"},"query-input":{"@type":"PropertyValueSpecification","valueRequired":true,"valueName":"search_term_string"}}],"inLanguage":"az"},{"@type":"Organization","@id":"https:\/\/www.meydan.tv\/az\/#organization","name":"Meydan TV","url":"https:\/\/www.meydan.tv\/az\/","logo":{"@type":"ImageObject","inLanguage":"az","@id":"https:\/\/www.meydan.tv\/az\/#\/schema\/logo\/image\/","url":"https:\/\/www.meydan.tv\/wp-content\/uploads\/2021\/07\/meydan-logo.svg","contentUrl":"https:\/\/www.meydan.tv\/wp-content\/uploads\/2021\/07\/meydan-logo.svg","width":195,"height":46,"caption":"Meydan TV"},"image":{"@id":"https:\/\/www.meydan.tv\/az\/#\/schema\/logo\/image\/"}},{"@type":"Person","@id":"https:\/\/www.meydan.tv\/az\/#\/schema\/person\/9cdbecf90d17180ce1dfbd95b08dcf47","name":"elli","sameAs":["https:\/\/x.com\/elli"]}]}},"_links":{"self":[{"href":"https:\/\/www.meydan.tv\/az\/wp-json\/wp\/v2\/posts\/265748","targetHints":{"allow":["GET"]}}],"collection":[{"href":"https:\/\/www.meydan.tv\/az\/wp-json\/wp\/v2\/posts"}],"about":[{"href":"https:\/\/www.meydan.tv\/az\/wp-json\/wp\/v2\/types\/post"}],"author":[{"embeddable":true,"href":"https:\/\/www.meydan.tv\/az\/wp-json\/wp\/v2\/users\/8"}],"replies":[{"embeddable":true,"href":"https:\/\/www.meydan.tv\/az\/wp-json\/wp\/v2\/comments?post=265748"}],"version-history":[{"count":1,"href":"https:\/\/www.meydan.tv\/az\/wp-json\/wp\/v2\/posts\/265748\/revisions"}],"predecessor-version":[{"id":265752,"href":"https:\/\/www.meydan.tv\/az\/wp-json\/wp\/v2\/posts\/265748\/revisions\/265752"}],"wp:featuredmedia":[{"embeddable":true,"href":"https:\/\/www.meydan.tv\/az\/wp-json\/wp\/v2\/media\/265749"}],"wp:attachment":[{"href":"https:\/\/www.meydan.tv\/az\/wp-json\/wp\/v2\/media?parent=265748"}],"wp:term":[{"taxonomy":"category","embeddable":true,"href":"https:\/\/www.meydan.tv\/az\/wp-json\/wp\/v2\/categories?post=265748"},{"taxonomy":"post_tag","embeddable":true,"href":"https:\/\/www.meydan.tv\/az\/wp-json\/wp\/v2\/tags?post=265748"}],"curies":[{"name":"wp","href":"https:\/\/api.w.org\/{rel}","templated":true}]}}