{"id":265704,"date":"2023-01-13T14:31:26","date_gmt":"2023-01-13T10:31:26","guid":{"rendered":"https:\/\/www.meydan.tv\/?p=265704"},"modified":"2023-01-13T15:09:12","modified_gmt":"2023-01-13T11:09:12","slug":"svartsenegger-ukraynalilara-destek-oldu","status":"publish","type":"post","link":"https:\/\/www.meydan.tv\/az\/article\/svartsenegger-ukraynalilara-destek-oldu\/","title":{"rendered":"<strong>\u015evartsenegger ukraynal\u0131lara d\u0259st\u0259k oldu<\/strong>"},"content":{"rendered":"\n<p><em>Aktyor \u201cKalush Orchestra\u201d qrupunun yeni klipin\u0259 \u00e7\u0259kilib<\/em><\/p>\n\n\n\n<p>Hollivud aktyoru, Kaliforniyan\u0131n sabiq qubernatoru Arnold \u015evartsenegger 2022-ci ild\u0259 \u201cEurovision\u201d Beyn\u0259lxalq Mahn\u0131 M\u00fcsabiq\u0259sinin qalibi olmu\u015f Ukraynan\u0131n \u201cKalush Orchestra\u201d qrupunun yeni \u201cShchedryi Vechir\u201d klipind\u0259 <a href=\"https:\/\/www.youtube.com\/watch?v=RJJ_s9rwjvA\">\u00e7\u0259kilib.<\/a><\/p>\n\n\n\n<p>Klipin \u0259vv\u0259lind\u0259 \u015evartsenegger ingilis dilind\u0259 Ukrayna xalq\u0131na m\u00fcraci\u0259t edir.<\/p>\n\n\n\n<p>\u201cBu g\u00fccl\u00fc mesaj b\u00fct\u00fcn Ukrayna xalq\u0131nad\u0131r. \u018fsas da indiki a\u011f\u0131r v\u0259ziyy\u0259td\u0259. H\u0259r bir k\u0259sin arzusu olar bil\u0259r. H\u0259r k\u0259s d\u0259 arzusunu realla\u015f\u0131ra bil\u0259r\u201d, &#8211; aktyor deyir.<\/p>\n\n\n\n<p>Videonun sonunda is\u0259 mahn\u0131n\u0131n ad\u0131n\u0131 ukraynca t\u0259l\u0259ff\u00fcz ed\u0259r\u0259k qrupun \u0259hat\u0259sind\u0259 g\u00f6r\u00fcn\u00fcr.<\/p>\n\n\n\n<p>2022-ci il fevral\u0131n 24-d\u0259 Rusiya Ukraynada h\u0259rbi \u0259m\u0259liyyatlara ba\u015flayandan bir ay sonra Arnold \u015evartsenegger rus xalq\u0131na v\u0259 Prezident Vladimir Putin\u0259 m\u00fcraci\u0259t etmi\u015fdi.<\/p>\n\n\n\n<p>O, m\u00fcharib\u0259nin a\u011f\u0131r n\u0259tic\u0259l\u0259rind\u0259n dan\u0131\u015f\u0131b, m\u00fcnaqi\u015f\u0259nin tezlikl\u0259 h\u0259ll olunmas\u0131n\u0131 ist\u0259diyini bildirmi\u015fdi.<\/p>\n\n\n\n<p>\u201cBilir\u0259m, h\u00f6kum\u0259tiniz siz\u0259 deyir ki, bu, m\u00fcharib\u0259 deyil. Ukraynan\u0131 denasifikasiya (nasistl\u0259rd\u0259n t\u0259mizl\u0259m\u0259) etm\u0259kdir. Bu, do\u011fru deyil. Ukrayna y\u0259hudi \u0259silli prezidenti olan bir \u00f6lk\u0259dir. Ukrayna bu m\u00fcharib\u0259y\u0259 ba\u015flamad\u0131. Bunu mill\u0259t\u00e7il\u0259r v\u0259 ya nasistl\u0259r ba\u015flatmay\u0131b. Buna Kremld\u0259 hakimiyy\u0259td\u0259 olanlar ba\u015flay\u0131b\u201d, \u2013 aktyor s\u00f6yl\u0259mi\u015fdi.<\/p>\n\n\n\n<p>\u015evartsenegger Prezident Vladimir Putin\u0259 \u201cBu m\u00fcharib\u0259ni siz ba\u015flam\u0131s\u0131n\u0131z, bu m\u00fcharib\u0259ni siz apar\u0131rs\u0131n\u0131z, siz d\u0259 bu m\u00fcharib\u0259ni dayand\u0131ra bil\u0259rsiniz\u201d, \u2013 dey\u0259 m\u00fcraci\u0259t etmi\u015fdi.<\/p>\n\n\n\n<p>Ukraynadak\u0131 h\u0259rbi \u0259m\u0259liyyatlara bir \u00e7ox d\u00fcnya ulduzlar\u0131 etirazlar\u0131n\u0131 bildiribl\u0259r.<\/p>\n\n\n\n<p>Rejissor \u015eon Penn, aktrisa Ancelina Coli is\u0259 Ukraynaya s\u0259f\u0259r edib.<\/p>\n","protected":false},"excerpt":{"rendered":"<p>Aktyor \u201cKalush Orchestra\u201d qrupunun yeni klipin\u0259 \u00e7\u0259kilib Hollivud aktyoru, Kaliforniyan\u0131n &#8230; <\/p>\n<p class=\"read-more-container\"><a title=\"\u015evartsenegger ukraynal\u0131lara d\u0259st\u0259k oldu\" class=\"read-more button\" href=\"https:\/\/www.meydan.tv\/az\/article\/svartsenegger-ukraynalilara-destek-oldu\/#more-265704\" aria-label=\"Read more about \u015evartsenegger ukraynal\u0131lara d\u0259st\u0259k oldu\">Davam\u0131<\/a><\/p>\n","protected":false},"author":12,"featured_media":265706,"comment_status":"closed","ping_status":"closed","sticky":false,"template":"","format":"standard","meta":{"_acf_changed":false,"_sitemap_exclude":false,"_sitemap_priority":"","_sitemap_frequency":"","footnotes":""},"categories":[52,56],"tags":[],"class_list":["post-265704","post","type-post","status-publish","format-standard","has-post-thumbnail","hentry","category-medeniyyet","category-xeberler","infinite-scroll-item","generate-columns","tablet-grid-50","mobile-grid-100","grid-parent","grid-33","no-featured-image-padding"],"acf":[],"yoast_head":"<!-- This site is optimized with the Yoast SEO plugin v27.4 - https:\/\/yoast.com\/product\/yoast-seo-wordpress\/ -->\n<title>\u015evartsenegger ukraynal\u0131lara d\u0259st\u0259k oldu - MEYDAN.TV<\/title>\n<meta name=\"robots\" content=\"index, follow, max-snippet:-1, max-image-preview:large, max-video-preview:-1\" \/>\n<link rel=\"canonical\" href=\"https:\/\/www.meydan.tv\/az\/article\/svartsenegger-ukraynalilara-destek-oldu\/\" \/>\n<meta property=\"og:locale\" content=\"az_AZ\" \/>\n<meta property=\"og:type\" content=\"article\" \/>\n<meta property=\"og:title\" content=\"\u015evartsenegger ukraynal\u0131lara d\u0259st\u0259k oldu - MEYDAN.TV\" \/>\n<meta property=\"og:description\" content=\"Aktyor \u201cKalush Orchestra\u201d qrupunun yeni klipin\u0259 \u00e7\u0259kilib Hollivud aktyoru, Kaliforniyan\u0131n ... Davam\u0131\" \/>\n<meta property=\"og:url\" content=\"https:\/\/www.meydan.tv\/az\/article\/svartsenegger-ukraynalilara-destek-oldu\/\" \/>\n<meta property=\"og:site_name\" content=\"MEYDAN.TV\" \/>\n<meta property=\"article:published_time\" content=\"2023-01-13T10:31:26+00:00\" \/>\n<meta property=\"article:modified_time\" content=\"2023-01-13T11:09:12+00:00\" \/>\n<meta property=\"og:image\" content=\"https:\/\/www.meydan.tv\/wp-content\/uploads\/123756767_gettyimages-159915327.jpg\" \/>\n\t<meta property=\"og:image:width\" content=\"976\" \/>\n\t<meta property=\"og:image:height\" content=\"650\" \/>\n\t<meta property=\"og:image:type\" content=\"image\/jpeg\" \/>\n<meta name=\"author\" content=\"aleks\" \/>\n<meta name=\"twitter:card\" content=\"summary_large_image\" \/>\n<script type=\"application\/ld+json\" class=\"yoast-schema-graph\">{\"@context\":\"https:\\\/\\\/schema.org\",\"@graph\":[{\"@type\":\"Article\",\"@id\":\"https:\\\/\\\/www.meydan.tv\\\/az\\\/article\\\/svartsenegger-ukraynalilara-destek-oldu\\\/#article\",\"isPartOf\":{\"@id\":\"https:\\\/\\\/www.meydan.tv\\\/az\\\/article\\\/svartsenegger-ukraynalilara-destek-oldu\\\/\"},\"author\":{\"name\":\"aleks\",\"@id\":\"https:\\\/\\\/www.meydan.tv\\\/az\\\/#\\\/schema\\\/person\\\/476e9360e593fa131d5d71d51866f8da\"},\"headline\":\"\u015evartsenegger ukraynal\u0131lara d\u0259st\u0259k oldu\",\"datePublished\":\"2023-01-13T10:31:26+00:00\",\"dateModified\":\"2023-01-13T11:09:12+00:00\",\"mainEntityOfPage\":{\"@id\":\"https:\\\/\\\/www.meydan.tv\\\/az\\\/article\\\/svartsenegger-ukraynalilara-destek-oldu\\\/\"},\"wordCount\":307,\"publisher\":{\"@id\":\"https:\\\/\\\/www.meydan.tv\\\/az\\\/#organization\"},\"image\":{\"@id\":\"https:\\\/\\\/www.meydan.tv\\\/az\\\/article\\\/svartsenegger-ukraynalilara-destek-oldu\\\/#primaryimage\"},\"thumbnailUrl\":\"https:\\\/\\\/www.meydan.tv\\\/wp-content\\\/uploads\\\/123756767_gettyimages-159915327.jpg\",\"articleSection\":[\"M\u0259d\u0259niyy\u0259t\",\"X\u0259b\u0259rl\u0259r\"],\"inLanguage\":\"az\"},{\"@type\":\"WebPage\",\"@id\":\"https:\\\/\\\/www.meydan.tv\\\/az\\\/article\\\/svartsenegger-ukraynalilara-destek-oldu\\\/\",\"url\":\"https:\\\/\\\/www.meydan.tv\\\/az\\\/article\\\/svartsenegger-ukraynalilara-destek-oldu\\\/\",\"name\":\"\u015evartsenegger ukraynal\u0131lara d\u0259st\u0259k oldu - MEYDAN.TV\",\"isPartOf\":{\"@id\":\"https:\\\/\\\/www.meydan.tv\\\/az\\\/#website\"},\"primaryImageOfPage\":{\"@id\":\"https:\\\/\\\/www.meydan.tv\\\/az\\\/article\\\/svartsenegger-ukraynalilara-destek-oldu\\\/#primaryimage\"},\"image\":{\"@id\":\"https:\\\/\\\/www.meydan.tv\\\/az\\\/article\\\/svartsenegger-ukraynalilara-destek-oldu\\\/#primaryimage\"},\"thumbnailUrl\":\"https:\\\/\\\/www.meydan.tv\\\/wp-content\\\/uploads\\\/123756767_gettyimages-159915327.jpg\",\"datePublished\":\"2023-01-13T10:31:26+00:00\",\"dateModified\":\"2023-01-13T11:09:12+00:00\",\"breadcrumb\":{\"@id\":\"https:\\\/\\\/www.meydan.tv\\\/az\\\/article\\\/svartsenegger-ukraynalilara-destek-oldu\\\/#breadcrumb\"},\"inLanguage\":\"az\",\"potentialAction\":[{\"@type\":\"ReadAction\",\"target\":[\"https:\\\/\\\/www.meydan.tv\\\/az\\\/article\\\/svartsenegger-ukraynalilara-destek-oldu\\\/\"]}]},{\"@type\":\"ImageObject\",\"inLanguage\":\"az\",\"@id\":\"https:\\\/\\\/www.meydan.tv\\\/az\\\/article\\\/svartsenegger-ukraynalilara-destek-oldu\\\/#primaryimage\",\"url\":\"https:\\\/\\\/www.meydan.tv\\\/wp-content\\\/uploads\\\/123756767_gettyimages-159915327.jpg\",\"contentUrl\":\"https:\\\/\\\/www.meydan.tv\\\/wp-content\\\/uploads\\\/123756767_gettyimages-159915327.jpg\",\"width\":976,\"height\":650,\"caption\":\"Arnold \u015evartsenegger\"},{\"@type\":\"BreadcrumbList\",\"@id\":\"https:\\\/\\\/www.meydan.tv\\\/az\\\/article\\\/svartsenegger-ukraynalilara-destek-oldu\\\/#breadcrumb\",\"itemListElement\":[{\"@type\":\"ListItem\",\"position\":1,\"name\":\"Ana s\u0259hif\u0259\",\"item\":\"https:\\\/\\\/www.meydan.tv\\\/az\\\/\"},{\"@type\":\"ListItem\",\"position\":2,\"name\":\"M\u0259d\u0259niyy\u0259t\",\"item\":\"https:\\\/\\\/www.meydan.tv\\\/az\\\/section\\\/medeniyyet\\\/\"},{\"@type\":\"ListItem\",\"position\":3,\"name\":\"\u015evartsenegger ukraynal\u0131lara d\u0259st\u0259k oldu\"}]},{\"@type\":\"WebSite\",\"@id\":\"https:\\\/\\\/www.meydan.tv\\\/az\\\/#website\",\"url\":\"https:\\\/\\\/www.meydan.tv\\\/az\\\/\",\"name\":\"MEYDAN.TV\",\"description\":\"Meydan TV Az\u0259rbaycan\u0131n media m\u0259kan\u0131ndak\u0131 alternativ s\u0259sidir\",\"publisher\":{\"@id\":\"https:\\\/\\\/www.meydan.tv\\\/az\\\/#organization\"},\"potentialAction\":[{\"@type\":\"SearchAction\",\"target\":{\"@type\":\"EntryPoint\",\"urlTemplate\":\"https:\\\/\\\/www.meydan.tv\\\/az\\\/?s={search_term_string}\"},\"query-input\":{\"@type\":\"PropertyValueSpecification\",\"valueRequired\":true,\"valueName\":\"search_term_string\"}}],\"inLanguage\":\"az\"},{\"@type\":\"Organization\",\"@id\":\"https:\\\/\\\/www.meydan.tv\\\/az\\\/#organization\",\"name\":\"Meydan TV\",\"url\":\"https:\\\/\\\/www.meydan.tv\\\/az\\\/\",\"logo\":{\"@type\":\"ImageObject\",\"inLanguage\":\"az\",\"@id\":\"https:\\\/\\\/www.meydan.tv\\\/az\\\/#\\\/schema\\\/logo\\\/image\\\/\",\"url\":\"https:\\\/\\\/www.meydan.tv\\\/wp-content\\\/uploads\\\/2021\\\/07\\\/meydan-logo.svg\",\"contentUrl\":\"https:\\\/\\\/www.meydan.tv\\\/wp-content\\\/uploads\\\/2021\\\/07\\\/meydan-logo.svg\",\"width\":195,\"height\":46,\"caption\":\"Meydan TV\"},\"image\":{\"@id\":\"https:\\\/\\\/www.meydan.tv\\\/az\\\/#\\\/schema\\\/logo\\\/image\\\/\"}},{\"@type\":\"Person\",\"@id\":\"https:\\\/\\\/www.meydan.tv\\\/az\\\/#\\\/schema\\\/person\\\/476e9360e593fa131d5d71d51866f8da\",\"name\":\"aleks\"}]}<\/script>\n<!-- \/ Yoast SEO plugin. -->","yoast_head_json":{"title":"\u015evartsenegger ukraynal\u0131lara d\u0259st\u0259k oldu - MEYDAN.TV","robots":{"index":"index","follow":"follow","max-snippet":"max-snippet:-1","max-image-preview":"max-image-preview:large","max-video-preview":"max-video-preview:-1"},"canonical":"https:\/\/www.meydan.tv\/az\/article\/svartsenegger-ukraynalilara-destek-oldu\/","og_locale":"az_AZ","og_type":"article","og_title":"\u015evartsenegger ukraynal\u0131lara d\u0259st\u0259k oldu - MEYDAN.TV","og_description":"Aktyor \u201cKalush Orchestra\u201d qrupunun yeni klipin\u0259 \u00e7\u0259kilib Hollivud aktyoru, Kaliforniyan\u0131n ... Davam\u0131","og_url":"https:\/\/www.meydan.tv\/az\/article\/svartsenegger-ukraynalilara-destek-oldu\/","og_site_name":"MEYDAN.TV","article_published_time":"2023-01-13T10:31:26+00:00","article_modified_time":"2023-01-13T11:09:12+00:00","og_image":[{"width":976,"height":650,"url":"https:\/\/www.meydan.tv\/wp-content\/uploads\/123756767_gettyimages-159915327.jpg","type":"image\/jpeg"}],"author":"aleks","twitter_card":"summary_large_image","schema":{"@context":"https:\/\/schema.org","@graph":[{"@type":"Article","@id":"https:\/\/www.meydan.tv\/az\/article\/svartsenegger-ukraynalilara-destek-oldu\/#article","isPartOf":{"@id":"https:\/\/www.meydan.tv\/az\/article\/svartsenegger-ukraynalilara-destek-oldu\/"},"author":{"name":"aleks","@id":"https:\/\/www.meydan.tv\/az\/#\/schema\/person\/476e9360e593fa131d5d71d51866f8da"},"headline":"\u015evartsenegger ukraynal\u0131lara d\u0259st\u0259k oldu","datePublished":"2023-01-13T10:31:26+00:00","dateModified":"2023-01-13T11:09:12+00:00","mainEntityOfPage":{"@id":"https:\/\/www.meydan.tv\/az\/article\/svartsenegger-ukraynalilara-destek-oldu\/"},"wordCount":307,"publisher":{"@id":"https:\/\/www.meydan.tv\/az\/#organization"},"image":{"@id":"https:\/\/www.meydan.tv\/az\/article\/svartsenegger-ukraynalilara-destek-oldu\/#primaryimage"},"thumbnailUrl":"https:\/\/www.meydan.tv\/wp-content\/uploads\/123756767_gettyimages-159915327.jpg","articleSection":["M\u0259d\u0259niyy\u0259t","X\u0259b\u0259rl\u0259r"],"inLanguage":"az"},{"@type":"WebPage","@id":"https:\/\/www.meydan.tv\/az\/article\/svartsenegger-ukraynalilara-destek-oldu\/","url":"https:\/\/www.meydan.tv\/az\/article\/svartsenegger-ukraynalilara-destek-oldu\/","name":"\u015evartsenegger ukraynal\u0131lara d\u0259st\u0259k oldu - MEYDAN.TV","isPartOf":{"@id":"https:\/\/www.meydan.tv\/az\/#website"},"primaryImageOfPage":{"@id":"https:\/\/www.meydan.tv\/az\/article\/svartsenegger-ukraynalilara-destek-oldu\/#primaryimage"},"image":{"@id":"https:\/\/www.meydan.tv\/az\/article\/svartsenegger-ukraynalilara-destek-oldu\/#primaryimage"},"thumbnailUrl":"https:\/\/www.meydan.tv\/wp-content\/uploads\/123756767_gettyimages-159915327.jpg","datePublished":"2023-01-13T10:31:26+00:00","dateModified":"2023-01-13T11:09:12+00:00","breadcrumb":{"@id":"https:\/\/www.meydan.tv\/az\/article\/svartsenegger-ukraynalilara-destek-oldu\/#breadcrumb"},"inLanguage":"az","potentialAction":[{"@type":"ReadAction","target":["https:\/\/www.meydan.tv\/az\/article\/svartsenegger-ukraynalilara-destek-oldu\/"]}]},{"@type":"ImageObject","inLanguage":"az","@id":"https:\/\/www.meydan.tv\/az\/article\/svartsenegger-ukraynalilara-destek-oldu\/#primaryimage","url":"https:\/\/www.meydan.tv\/wp-content\/uploads\/123756767_gettyimages-159915327.jpg","contentUrl":"https:\/\/www.meydan.tv\/wp-content\/uploads\/123756767_gettyimages-159915327.jpg","width":976,"height":650,"caption":"Arnold \u015evartsenegger"},{"@type":"BreadcrumbList","@id":"https:\/\/www.meydan.tv\/az\/article\/svartsenegger-ukraynalilara-destek-oldu\/#breadcrumb","itemListElement":[{"@type":"ListItem","position":1,"name":"Ana s\u0259hif\u0259","item":"https:\/\/www.meydan.tv\/az\/"},{"@type":"ListItem","position":2,"name":"M\u0259d\u0259niyy\u0259t","item":"https:\/\/www.meydan.tv\/az\/section\/medeniyyet\/"},{"@type":"ListItem","position":3,"name":"\u015evartsenegger ukraynal\u0131lara d\u0259st\u0259k oldu"}]},{"@type":"WebSite","@id":"https:\/\/www.meydan.tv\/az\/#website","url":"https:\/\/www.meydan.tv\/az\/","name":"MEYDAN.TV","description":"Meydan TV Az\u0259rbaycan\u0131n media m\u0259kan\u0131ndak\u0131 alternativ s\u0259sidir","publisher":{"@id":"https:\/\/www.meydan.tv\/az\/#organization"},"potentialAction":[{"@type":"SearchAction","target":{"@type":"EntryPoint","urlTemplate":"https:\/\/www.meydan.tv\/az\/?s={search_term_string}"},"query-input":{"@type":"PropertyValueSpecification","valueRequired":true,"valueName":"search_term_string"}}],"inLanguage":"az"},{"@type":"Organization","@id":"https:\/\/www.meydan.tv\/az\/#organization","name":"Meydan TV","url":"https:\/\/www.meydan.tv\/az\/","logo":{"@type":"ImageObject","inLanguage":"az","@id":"https:\/\/www.meydan.tv\/az\/#\/schema\/logo\/image\/","url":"https:\/\/www.meydan.tv\/wp-content\/uploads\/2021\/07\/meydan-logo.svg","contentUrl":"https:\/\/www.meydan.tv\/wp-content\/uploads\/2021\/07\/meydan-logo.svg","width":195,"height":46,"caption":"Meydan TV"},"image":{"@id":"https:\/\/www.meydan.tv\/az\/#\/schema\/logo\/image\/"}},{"@type":"Person","@id":"https:\/\/www.meydan.tv\/az\/#\/schema\/person\/476e9360e593fa131d5d71d51866f8da","name":"aleks"}]}},"_links":{"self":[{"href":"https:\/\/www.meydan.tv\/az\/wp-json\/wp\/v2\/posts\/265704","targetHints":{"allow":["GET"]}}],"collection":[{"href":"https:\/\/www.meydan.tv\/az\/wp-json\/wp\/v2\/posts"}],"about":[{"href":"https:\/\/www.meydan.tv\/az\/wp-json\/wp\/v2\/types\/post"}],"author":[{"embeddable":true,"href":"https:\/\/www.meydan.tv\/az\/wp-json\/wp\/v2\/users\/12"}],"replies":[{"embeddable":true,"href":"https:\/\/www.meydan.tv\/az\/wp-json\/wp\/v2\/comments?post=265704"}],"version-history":[{"count":2,"href":"https:\/\/www.meydan.tv\/az\/wp-json\/wp\/v2\/posts\/265704\/revisions"}],"predecessor-version":[{"id":265710,"href":"https:\/\/www.meydan.tv\/az\/wp-json\/wp\/v2\/posts\/265704\/revisions\/265710"}],"wp:featuredmedia":[{"embeddable":true,"href":"https:\/\/www.meydan.tv\/az\/wp-json\/wp\/v2\/media\/265706"}],"wp:attachment":[{"href":"https:\/\/www.meydan.tv\/az\/wp-json\/wp\/v2\/media?parent=265704"}],"wp:term":[{"taxonomy":"category","embeddable":true,"href":"https:\/\/www.meydan.tv\/az\/wp-json\/wp\/v2\/categories?post=265704"},{"taxonomy":"post_tag","embeddable":true,"href":"https:\/\/www.meydan.tv\/az\/wp-json\/wp\/v2\/tags?post=265704"}],"curies":[{"name":"wp","href":"https:\/\/api.w.org\/{rel}","templated":true}]}}