{"id":265695,"date":"2023-01-13T14:14:43","date_gmt":"2023-01-13T10:14:43","guid":{"rendered":"https:\/\/www.meydan.tv\/?p=265695"},"modified":"2023-01-13T14:14:46","modified_gmt":"2023-01-13T10:14:46","slug":"fexri-adlara-gore-verilen-ayliq-teqaudun-meblegi-artirilib","status":"publish","type":"post","link":"https:\/\/www.meydan.tv\/az\/article\/fexri-adlara-gore-verilen-ayliq-teqaudun-meblegi-artirilib\/","title":{"rendered":"<strong>F\u0259xri adlara g\u00f6r\u0259 veril\u0259n ayl\u0131q t\u0259qa\u00fcd\u00fcn m\u0259bl\u0259\u011fi art\u0131r\u0131l\u0131b<\/strong>"},"content":{"rendered":"\n<p><\/p>\n\n\n\n<p><em>\u201cXalq\u201d f\u0259xri ad\u0131 \u00fc\u00e7\u00fcn 200 manat, \u201c\u018fm\u0259kdar\u201d f\u0259xri ad\u0131 \u00fc\u00e7\u00fcn 150 manat m\u00fc\u0259yy\u0259n edilib<\/em><\/p>\n\n\n\n<p>Prezident \u0130lham \u018fliyev \u201cF\u0259xri adlara g\u00f6r\u0259 ayl\u0131q t\u0259qa\u00fcd\u00fcn verilm\u0259si haqq\u0131nda\u201d s\u0259r\u0259ncama d\u0259yi\u015fiklik edib.<\/p>\n\n\n\n<p>S\u0259r\u0259ncama \u0259sas\u0259n, 2023-c\u00fc il yanvar\u0131n 1-d\u0259n f\u0259xri adlara g\u00f6r\u0259 ayl\u0131q t\u0259qa\u00fcdl\u0259rin m\u0259bl\u0259\u011fi \u201cXalq\u201d f\u0259xri ad\u0131 \u00fc\u00e7\u00fcn 200 manat, \u201c\u018fm\u0259kdar\u201d f\u0259xri ad\u0131 \u00fc\u00e7\u00fcn 150 manat m\u00fc\u0259yy\u0259n edilib.<\/p>\n\n\n\n<p>F\u0259xri adlara g\u00f6r\u0259 ayl\u0131q t\u0259qa\u00fcd\u00fcn m\u0259bl\u0259\u011fi xalq yaz\u0131\u00e7\u0131s\u0131, xalq \u015fairi, xalq artisti v\u0259 xalq r\u0259ssam\u0131 \u00fc\u00e7\u00fcn 200 (iki y\u00fcz) manat, \u0259m\u0259kdar elm xadimi, \u0259m\u0259kdar inc\u0259s\u0259n\u0259t xadimi, \u0259m\u0259kdar artist, \u0259m\u0259kdar r\u0259ssam, \u0259m\u0259kdar m\u0259d\u0259niyy\u0259t i\u015f\u00e7isi, \u0259m\u0259kdar m\u00fc\u0259llim, \u0259m\u0259kdar h\u0259kim, \u0259m\u0259kdar memar, \u0259m\u0259kdar b\u0259d\u0259n t\u0259rbiy\u0259si v\u0259 idman xadimi, \u0259m\u0259kdar d\u00f6vl\u0259t qulluq\u00e7usu, \u0259m\u0259kdar jurnalist, \u0259m\u0259kdar m\u00fch\u0259ndis, \u0259m\u0259kdar h\u00fcquq\u015f\u00fcnas, \u0259m\u0259kdar k\u0259nd t\u0259s\u0259rr\u00fcfat\u0131 i\u015f\u00e7isi, \u0259m\u0259kdar pilot, \u0259m\u0259kdar tibb i\u015f\u00e7isi \u00fc\u00e7\u00fcn 150 (y\u00fcz \u0259lli) manat olub.<\/p>\n\n\n\n<p>Nazirl\u0259r Kabinetin\u0259 s\u0259r\u0259ncamdan ir\u0259li g\u0259l\u0259n m\u0259s\u0259l\u0259l\u0259ri h\u0259ll etm\u0259k tap\u015f\u0131r\u0131l\u0131b.<\/p>\n\n\n\n<p>Milli M\u0259clisin M\u0259d\u0259niyy\u0259t komit\u0259sinin \u00fczv\u00fc, \u018fm\u0259kdar jurnalist Aqil Abbas f\u0259xri adlarla g\u00f6r\u0259 veril\u0259n t\u0259qa\u00fcdl\u0259rin art\u0131r\u0131lmas\u0131n\u0131 Meydan TV-y\u0259 bel\u0259 \u015f\u0259rh edib:<\/p>\n\n\n\n<figure class=\"wp-block-image size-full\"><img decoding=\"async\" width=\"1000\" height=\"667\" data-src=\"https:\/\/www.meydan.tv\/wp-content\/uploads\/28701.width-1024.jpg\" alt=\"Aqil Abbas\" class=\"wp-image-152114 lazyload\" src=\"data:image\/svg+xml;base64,PHN2ZyB3aWR0aD0iMSIgaGVpZ2h0PSIxIiB4bWxucz0iaHR0cDovL3d3dy53My5vcmcvMjAwMC9zdmciPjwvc3ZnPg==\" style=\"--smush-placeholder-width: 1000px; --smush-placeholder-aspect-ratio: 1000\/667;\" \/><figcaption class=\"wp-element-caption\">Aqil Abbas, Foto: &#8220;\u018fdal\u0259t&#8221; q\u0259zeti<\/figcaption><\/figure>\n\n\n\n<p>\u201cAllaha \u015f\u00fck\u00fcr, sevinir\u0259m ki, ayda 20 manat art\u0131q alaca\u011fam. D\u00f6vl\u0259tin n\u0259y\u0259 g\u00fcc\u00fc \u00e7at\u0131r, o q\u0259d\u0259r d\u0259 art\u0131r\u0131r. Bu, xo\u015f hald\u0131r, sevinm\u0259k laz\u0131md\u0131r\u201d.<\/p>\n\n\n\n<p>\u201c\u018fm\u0259kdar jurnalistl\u0259r\u0259 \u0259vv\u0259ll\u0259r 30 manat verirdil\u0259r. Sonra qald\u0131r\u0131b, 60 manat etdil\u0259r. \u0130ndi 150 manata \u00e7atd\u0131r\u0131blar. D\u00f6vl\u0259tin g\u00fcc\u00fc 10-15 faiz\u0259 \u00e7at\u0131b, bu q\u0259d\u0259r d\u0259 art\u0131m edib. H\u0259r il sosial m\u00fcavin\u0259tl\u0259r, t\u0259qa\u00fcdl\u0259r v\u0259 dig\u0259rl\u0259ri 10 faiz art\u0131r\u0131l\u0131rd\u0131. Bu il is\u0259 r\u0259q\u0259m 15 faiz\u0259 \u00e7atd\u0131r\u0131l\u0131b\u201d, &#8211; dey\u0259 o bildirib.<\/p>\n\n\n\n<p>\u201cXalq\u201d f\u0259xri ad\u0131 \u00fc\u00e7\u00fcn ayl\u0131q t\u0259qa\u00fcd 180, \u201c\u018fm\u0259kdar\u201d f\u0259xri ad\u0131 \u00fc\u00e7\u00fcn is\u0259 120 manat olub.<\/p>\n\n\n\n<p>Az\u0259rbaycanda 263 n\u0259f\u0259r \u201cXalq\u201d f\u0259xri ad\u0131na g\u00f6r\u0259, 4590 n\u0259f\u0259r \u201c\u018fm\u0259kdar\u201d f\u0259xri ad\u0131na g\u00f6r\u0259 t\u0259qa\u00fcd ald\u0131\u011f\u0131 bildirilir.&nbsp;<\/p>\n","protected":false},"excerpt":{"rendered":"<p>\u201cXalq\u201d f\u0259xri ad\u0131 \u00fc\u00e7\u00fcn 200 manat, \u201c\u018fm\u0259kdar\u201d f\u0259xri ad\u0131 \u00fc\u00e7\u00fcn &#8230; <\/p>\n<p class=\"read-more-container\"><a title=\"F\u0259xri adlara g\u00f6r\u0259 veril\u0259n ayl\u0131q t\u0259qa\u00fcd\u00fcn m\u0259bl\u0259\u011fi art\u0131r\u0131l\u0131b\" class=\"read-more button\" href=\"https:\/\/www.meydan.tv\/az\/article\/fexri-adlara-gore-verilen-ayliq-teqaudun-meblegi-artirilib\/#more-265695\" aria-label=\"Read more about F\u0259xri adlara g\u00f6r\u0259 veril\u0259n ayl\u0131q t\u0259qa\u00fcd\u00fcn m\u0259bl\u0259\u011fi art\u0131r\u0131l\u0131b\">Davam\u0131<\/a><\/p>\n","protected":false},"author":8,"featured_media":125674,"comment_status":"closed","ping_status":"closed","sticky":false,"template":"","format":"standard","meta":{"_acf_changed":false,"_sitemap_exclude":false,"_sitemap_priority":"","_sitemap_frequency":"","footnotes":""},"categories":[52,56],"tags":[],"class_list":["post-265695","post","type-post","status-publish","format-standard","has-post-thumbnail","hentry","category-medeniyyet","category-xeberler","infinite-scroll-item","generate-columns","tablet-grid-50","mobile-grid-100","grid-parent","grid-33","no-featured-image-padding"],"acf":[],"yoast_head":"<!-- This site is optimized with the Yoast SEO plugin v27.4 - https:\/\/yoast.com\/product\/yoast-seo-wordpress\/ -->\n<title>F\u0259xri adlara g\u00f6r\u0259 veril\u0259n ayl\u0131q t\u0259qa\u00fcd\u00fcn m\u0259bl\u0259\u011fi art\u0131r\u0131l\u0131b - MEYDAN.TV<\/title>\n<meta name=\"robots\" content=\"index, follow, max-snippet:-1, max-image-preview:large, max-video-preview:-1\" \/>\n<link rel=\"canonical\" href=\"https:\/\/www.meydan.tv\/az\/article\/fexri-adlara-gore-verilen-ayliq-teqaudun-meblegi-artirilib\/\" \/>\n<meta property=\"og:locale\" content=\"az_AZ\" \/>\n<meta property=\"og:type\" content=\"article\" \/>\n<meta property=\"og:title\" content=\"F\u0259xri adlara g\u00f6r\u0259 veril\u0259n ayl\u0131q t\u0259qa\u00fcd\u00fcn m\u0259bl\u0259\u011fi art\u0131r\u0131l\u0131b - MEYDAN.TV\" \/>\n<meta property=\"og:description\" content=\"\u201cXalq\u201d f\u0259xri ad\u0131 \u00fc\u00e7\u00fcn 200 manat, \u201c\u018fm\u0259kdar\u201d f\u0259xri ad\u0131 \u00fc\u00e7\u00fcn ... Davam\u0131\" \/>\n<meta property=\"og:url\" content=\"https:\/\/www.meydan.tv\/az\/article\/fexri-adlara-gore-verilen-ayliq-teqaudun-meblegi-artirilib\/\" \/>\n<meta property=\"og:site_name\" content=\"MEYDAN.TV\" \/>\n<meta property=\"article:published_time\" content=\"2023-01-13T10:14:43+00:00\" \/>\n<meta property=\"article:modified_time\" content=\"2023-01-13T10:14:46+00:00\" \/>\n<meta property=\"og:image\" content=\"https:\/\/www.meydan.tv\/wp-content\/uploads\/1541664423_manat-3.jpg\" \/>\n\t<meta property=\"og:image:width\" content=\"1160\" \/>\n\t<meta property=\"og:image:height\" content=\"580\" \/>\n\t<meta property=\"og:image:type\" content=\"image\/jpeg\" \/>\n<meta name=\"author\" content=\"elli\" \/>\n<meta name=\"twitter:card\" content=\"summary_large_image\" \/>\n<meta name=\"twitter:creator\" content=\"@elli\" \/>\n<script type=\"application\/ld+json\" class=\"yoast-schema-graph\">{\"@context\":\"https:\\\/\\\/schema.org\",\"@graph\":[{\"@type\":\"Article\",\"@id\":\"https:\\\/\\\/www.meydan.tv\\\/az\\\/article\\\/fexri-adlara-gore-verilen-ayliq-teqaudun-meblegi-artirilib\\\/#article\",\"isPartOf\":{\"@id\":\"https:\\\/\\\/www.meydan.tv\\\/az\\\/article\\\/fexri-adlara-gore-verilen-ayliq-teqaudun-meblegi-artirilib\\\/\"},\"author\":{\"name\":\"elli\",\"@id\":\"https:\\\/\\\/www.meydan.tv\\\/az\\\/#\\\/schema\\\/person\\\/9cdbecf90d17180ce1dfbd95b08dcf47\"},\"headline\":\"F\u0259xri adlara g\u00f6r\u0259 veril\u0259n ayl\u0131q t\u0259qa\u00fcd\u00fcn m\u0259bl\u0259\u011fi art\u0131r\u0131l\u0131b\",\"datePublished\":\"2023-01-13T10:14:43+00:00\",\"dateModified\":\"2023-01-13T10:14:46+00:00\",\"mainEntityOfPage\":{\"@id\":\"https:\\\/\\\/www.meydan.tv\\\/az\\\/article\\\/fexri-adlara-gore-verilen-ayliq-teqaudun-meblegi-artirilib\\\/\"},\"wordCount\":453,\"publisher\":{\"@id\":\"https:\\\/\\\/www.meydan.tv\\\/az\\\/#organization\"},\"image\":{\"@id\":\"https:\\\/\\\/www.meydan.tv\\\/az\\\/article\\\/fexri-adlara-gore-verilen-ayliq-teqaudun-meblegi-artirilib\\\/#primaryimage\"},\"thumbnailUrl\":\"https:\\\/\\\/www.meydan.tv\\\/wp-content\\\/uploads\\\/1541664423_manat-3.jpg\",\"articleSection\":[\"M\u0259d\u0259niyy\u0259t\",\"X\u0259b\u0259rl\u0259r\"],\"inLanguage\":\"az\"},{\"@type\":\"WebPage\",\"@id\":\"https:\\\/\\\/www.meydan.tv\\\/az\\\/article\\\/fexri-adlara-gore-verilen-ayliq-teqaudun-meblegi-artirilib\\\/\",\"url\":\"https:\\\/\\\/www.meydan.tv\\\/az\\\/article\\\/fexri-adlara-gore-verilen-ayliq-teqaudun-meblegi-artirilib\\\/\",\"name\":\"F\u0259xri adlara g\u00f6r\u0259 veril\u0259n ayl\u0131q t\u0259qa\u00fcd\u00fcn m\u0259bl\u0259\u011fi art\u0131r\u0131l\u0131b - MEYDAN.TV\",\"isPartOf\":{\"@id\":\"https:\\\/\\\/www.meydan.tv\\\/az\\\/#website\"},\"primaryImageOfPage\":{\"@id\":\"https:\\\/\\\/www.meydan.tv\\\/az\\\/article\\\/fexri-adlara-gore-verilen-ayliq-teqaudun-meblegi-artirilib\\\/#primaryimage\"},\"image\":{\"@id\":\"https:\\\/\\\/www.meydan.tv\\\/az\\\/article\\\/fexri-adlara-gore-verilen-ayliq-teqaudun-meblegi-artirilib\\\/#primaryimage\"},\"thumbnailUrl\":\"https:\\\/\\\/www.meydan.tv\\\/wp-content\\\/uploads\\\/1541664423_manat-3.jpg\",\"datePublished\":\"2023-01-13T10:14:43+00:00\",\"dateModified\":\"2023-01-13T10:14:46+00:00\",\"breadcrumb\":{\"@id\":\"https:\\\/\\\/www.meydan.tv\\\/az\\\/article\\\/fexri-adlara-gore-verilen-ayliq-teqaudun-meblegi-artirilib\\\/#breadcrumb\"},\"inLanguage\":\"az\",\"potentialAction\":[{\"@type\":\"ReadAction\",\"target\":[\"https:\\\/\\\/www.meydan.tv\\\/az\\\/article\\\/fexri-adlara-gore-verilen-ayliq-teqaudun-meblegi-artirilib\\\/\"]}]},{\"@type\":\"ImageObject\",\"inLanguage\":\"az\",\"@id\":\"https:\\\/\\\/www.meydan.tv\\\/az\\\/article\\\/fexri-adlara-gore-verilen-ayliq-teqaudun-meblegi-artirilib\\\/#primaryimage\",\"url\":\"https:\\\/\\\/www.meydan.tv\\\/wp-content\\\/uploads\\\/1541664423_manat-3.jpg\",\"contentUrl\":\"https:\\\/\\\/www.meydan.tv\\\/wp-content\\\/uploads\\\/1541664423_manat-3.jpg\",\"width\":1160,\"height\":580,\"caption\":\"Foto: marja.az\"},{\"@type\":\"BreadcrumbList\",\"@id\":\"https:\\\/\\\/www.meydan.tv\\\/az\\\/article\\\/fexri-adlara-gore-verilen-ayliq-teqaudun-meblegi-artirilib\\\/#breadcrumb\",\"itemListElement\":[{\"@type\":\"ListItem\",\"position\":1,\"name\":\"Ana s\u0259hif\u0259\",\"item\":\"https:\\\/\\\/www.meydan.tv\\\/az\\\/\"},{\"@type\":\"ListItem\",\"position\":2,\"name\":\"M\u0259d\u0259niyy\u0259t\",\"item\":\"https:\\\/\\\/www.meydan.tv\\\/az\\\/section\\\/medeniyyet\\\/\"},{\"@type\":\"ListItem\",\"position\":3,\"name\":\"F\u0259xri adlara g\u00f6r\u0259 veril\u0259n ayl\u0131q t\u0259qa\u00fcd\u00fcn m\u0259bl\u0259\u011fi art\u0131r\u0131l\u0131b\"}]},{\"@type\":\"WebSite\",\"@id\":\"https:\\\/\\\/www.meydan.tv\\\/az\\\/#website\",\"url\":\"https:\\\/\\\/www.meydan.tv\\\/az\\\/\",\"name\":\"MEYDAN.TV\",\"description\":\"Meydan TV Az\u0259rbaycan\u0131n media m\u0259kan\u0131ndak\u0131 alternativ s\u0259sidir\",\"publisher\":{\"@id\":\"https:\\\/\\\/www.meydan.tv\\\/az\\\/#organization\"},\"potentialAction\":[{\"@type\":\"SearchAction\",\"target\":{\"@type\":\"EntryPoint\",\"urlTemplate\":\"https:\\\/\\\/www.meydan.tv\\\/az\\\/?s={search_term_string}\"},\"query-input\":{\"@type\":\"PropertyValueSpecification\",\"valueRequired\":true,\"valueName\":\"search_term_string\"}}],\"inLanguage\":\"az\"},{\"@type\":\"Organization\",\"@id\":\"https:\\\/\\\/www.meydan.tv\\\/az\\\/#organization\",\"name\":\"Meydan TV\",\"url\":\"https:\\\/\\\/www.meydan.tv\\\/az\\\/\",\"logo\":{\"@type\":\"ImageObject\",\"inLanguage\":\"az\",\"@id\":\"https:\\\/\\\/www.meydan.tv\\\/az\\\/#\\\/schema\\\/logo\\\/image\\\/\",\"url\":\"https:\\\/\\\/www.meydan.tv\\\/wp-content\\\/uploads\\\/2021\\\/07\\\/meydan-logo.svg\",\"contentUrl\":\"https:\\\/\\\/www.meydan.tv\\\/wp-content\\\/uploads\\\/2021\\\/07\\\/meydan-logo.svg\",\"width\":195,\"height\":46,\"caption\":\"Meydan TV\"},\"image\":{\"@id\":\"https:\\\/\\\/www.meydan.tv\\\/az\\\/#\\\/schema\\\/logo\\\/image\\\/\"}},{\"@type\":\"Person\",\"@id\":\"https:\\\/\\\/www.meydan.tv\\\/az\\\/#\\\/schema\\\/person\\\/9cdbecf90d17180ce1dfbd95b08dcf47\",\"name\":\"elli\",\"sameAs\":[\"https:\\\/\\\/x.com\\\/elli\"]}]}<\/script>\n<!-- \/ Yoast SEO plugin. -->","yoast_head_json":{"title":"F\u0259xri adlara g\u00f6r\u0259 veril\u0259n ayl\u0131q t\u0259qa\u00fcd\u00fcn m\u0259bl\u0259\u011fi art\u0131r\u0131l\u0131b - MEYDAN.TV","robots":{"index":"index","follow":"follow","max-snippet":"max-snippet:-1","max-image-preview":"max-image-preview:large","max-video-preview":"max-video-preview:-1"},"canonical":"https:\/\/www.meydan.tv\/az\/article\/fexri-adlara-gore-verilen-ayliq-teqaudun-meblegi-artirilib\/","og_locale":"az_AZ","og_type":"article","og_title":"F\u0259xri adlara g\u00f6r\u0259 veril\u0259n ayl\u0131q t\u0259qa\u00fcd\u00fcn m\u0259bl\u0259\u011fi art\u0131r\u0131l\u0131b - MEYDAN.TV","og_description":"\u201cXalq\u201d f\u0259xri ad\u0131 \u00fc\u00e7\u00fcn 200 manat, \u201c\u018fm\u0259kdar\u201d f\u0259xri ad\u0131 \u00fc\u00e7\u00fcn ... Davam\u0131","og_url":"https:\/\/www.meydan.tv\/az\/article\/fexri-adlara-gore-verilen-ayliq-teqaudun-meblegi-artirilib\/","og_site_name":"MEYDAN.TV","article_published_time":"2023-01-13T10:14:43+00:00","article_modified_time":"2023-01-13T10:14:46+00:00","og_image":[{"width":1160,"height":580,"url":"https:\/\/www.meydan.tv\/wp-content\/uploads\/1541664423_manat-3.jpg","type":"image\/jpeg"}],"author":"elli","twitter_card":"summary_large_image","twitter_creator":"@elli","schema":{"@context":"https:\/\/schema.org","@graph":[{"@type":"Article","@id":"https:\/\/www.meydan.tv\/az\/article\/fexri-adlara-gore-verilen-ayliq-teqaudun-meblegi-artirilib\/#article","isPartOf":{"@id":"https:\/\/www.meydan.tv\/az\/article\/fexri-adlara-gore-verilen-ayliq-teqaudun-meblegi-artirilib\/"},"author":{"name":"elli","@id":"https:\/\/www.meydan.tv\/az\/#\/schema\/person\/9cdbecf90d17180ce1dfbd95b08dcf47"},"headline":"F\u0259xri adlara g\u00f6r\u0259 veril\u0259n ayl\u0131q t\u0259qa\u00fcd\u00fcn m\u0259bl\u0259\u011fi art\u0131r\u0131l\u0131b","datePublished":"2023-01-13T10:14:43+00:00","dateModified":"2023-01-13T10:14:46+00:00","mainEntityOfPage":{"@id":"https:\/\/www.meydan.tv\/az\/article\/fexri-adlara-gore-verilen-ayliq-teqaudun-meblegi-artirilib\/"},"wordCount":453,"publisher":{"@id":"https:\/\/www.meydan.tv\/az\/#organization"},"image":{"@id":"https:\/\/www.meydan.tv\/az\/article\/fexri-adlara-gore-verilen-ayliq-teqaudun-meblegi-artirilib\/#primaryimage"},"thumbnailUrl":"https:\/\/www.meydan.tv\/wp-content\/uploads\/1541664423_manat-3.jpg","articleSection":["M\u0259d\u0259niyy\u0259t","X\u0259b\u0259rl\u0259r"],"inLanguage":"az"},{"@type":"WebPage","@id":"https:\/\/www.meydan.tv\/az\/article\/fexri-adlara-gore-verilen-ayliq-teqaudun-meblegi-artirilib\/","url":"https:\/\/www.meydan.tv\/az\/article\/fexri-adlara-gore-verilen-ayliq-teqaudun-meblegi-artirilib\/","name":"F\u0259xri adlara g\u00f6r\u0259 veril\u0259n ayl\u0131q t\u0259qa\u00fcd\u00fcn m\u0259bl\u0259\u011fi art\u0131r\u0131l\u0131b - MEYDAN.TV","isPartOf":{"@id":"https:\/\/www.meydan.tv\/az\/#website"},"primaryImageOfPage":{"@id":"https:\/\/www.meydan.tv\/az\/article\/fexri-adlara-gore-verilen-ayliq-teqaudun-meblegi-artirilib\/#primaryimage"},"image":{"@id":"https:\/\/www.meydan.tv\/az\/article\/fexri-adlara-gore-verilen-ayliq-teqaudun-meblegi-artirilib\/#primaryimage"},"thumbnailUrl":"https:\/\/www.meydan.tv\/wp-content\/uploads\/1541664423_manat-3.jpg","datePublished":"2023-01-13T10:14:43+00:00","dateModified":"2023-01-13T10:14:46+00:00","breadcrumb":{"@id":"https:\/\/www.meydan.tv\/az\/article\/fexri-adlara-gore-verilen-ayliq-teqaudun-meblegi-artirilib\/#breadcrumb"},"inLanguage":"az","potentialAction":[{"@type":"ReadAction","target":["https:\/\/www.meydan.tv\/az\/article\/fexri-adlara-gore-verilen-ayliq-teqaudun-meblegi-artirilib\/"]}]},{"@type":"ImageObject","inLanguage":"az","@id":"https:\/\/www.meydan.tv\/az\/article\/fexri-adlara-gore-verilen-ayliq-teqaudun-meblegi-artirilib\/#primaryimage","url":"https:\/\/www.meydan.tv\/wp-content\/uploads\/1541664423_manat-3.jpg","contentUrl":"https:\/\/www.meydan.tv\/wp-content\/uploads\/1541664423_manat-3.jpg","width":1160,"height":580,"caption":"Foto: marja.az"},{"@type":"BreadcrumbList","@id":"https:\/\/www.meydan.tv\/az\/article\/fexri-adlara-gore-verilen-ayliq-teqaudun-meblegi-artirilib\/#breadcrumb","itemListElement":[{"@type":"ListItem","position":1,"name":"Ana s\u0259hif\u0259","item":"https:\/\/www.meydan.tv\/az\/"},{"@type":"ListItem","position":2,"name":"M\u0259d\u0259niyy\u0259t","item":"https:\/\/www.meydan.tv\/az\/section\/medeniyyet\/"},{"@type":"ListItem","position":3,"name":"F\u0259xri adlara g\u00f6r\u0259 veril\u0259n ayl\u0131q t\u0259qa\u00fcd\u00fcn m\u0259bl\u0259\u011fi art\u0131r\u0131l\u0131b"}]},{"@type":"WebSite","@id":"https:\/\/www.meydan.tv\/az\/#website","url":"https:\/\/www.meydan.tv\/az\/","name":"MEYDAN.TV","description":"Meydan TV Az\u0259rbaycan\u0131n media m\u0259kan\u0131ndak\u0131 alternativ s\u0259sidir","publisher":{"@id":"https:\/\/www.meydan.tv\/az\/#organization"},"potentialAction":[{"@type":"SearchAction","target":{"@type":"EntryPoint","urlTemplate":"https:\/\/www.meydan.tv\/az\/?s={search_term_string}"},"query-input":{"@type":"PropertyValueSpecification","valueRequired":true,"valueName":"search_term_string"}}],"inLanguage":"az"},{"@type":"Organization","@id":"https:\/\/www.meydan.tv\/az\/#organization","name":"Meydan TV","url":"https:\/\/www.meydan.tv\/az\/","logo":{"@type":"ImageObject","inLanguage":"az","@id":"https:\/\/www.meydan.tv\/az\/#\/schema\/logo\/image\/","url":"https:\/\/www.meydan.tv\/wp-content\/uploads\/2021\/07\/meydan-logo.svg","contentUrl":"https:\/\/www.meydan.tv\/wp-content\/uploads\/2021\/07\/meydan-logo.svg","width":195,"height":46,"caption":"Meydan TV"},"image":{"@id":"https:\/\/www.meydan.tv\/az\/#\/schema\/logo\/image\/"}},{"@type":"Person","@id":"https:\/\/www.meydan.tv\/az\/#\/schema\/person\/9cdbecf90d17180ce1dfbd95b08dcf47","name":"elli","sameAs":["https:\/\/x.com\/elli"]}]}},"_links":{"self":[{"href":"https:\/\/www.meydan.tv\/az\/wp-json\/wp\/v2\/posts\/265695","targetHints":{"allow":["GET"]}}],"collection":[{"href":"https:\/\/www.meydan.tv\/az\/wp-json\/wp\/v2\/posts"}],"about":[{"href":"https:\/\/www.meydan.tv\/az\/wp-json\/wp\/v2\/types\/post"}],"author":[{"embeddable":true,"href":"https:\/\/www.meydan.tv\/az\/wp-json\/wp\/v2\/users\/8"}],"replies":[{"embeddable":true,"href":"https:\/\/www.meydan.tv\/az\/wp-json\/wp\/v2\/comments?post=265695"}],"version-history":[{"count":3,"href":"https:\/\/www.meydan.tv\/az\/wp-json\/wp\/v2\/posts\/265695\/revisions"}],"predecessor-version":[{"id":265702,"href":"https:\/\/www.meydan.tv\/az\/wp-json\/wp\/v2\/posts\/265695\/revisions\/265702"}],"wp:featuredmedia":[{"embeddable":true,"href":"https:\/\/www.meydan.tv\/az\/wp-json\/wp\/v2\/media\/125674"}],"wp:attachment":[{"href":"https:\/\/www.meydan.tv\/az\/wp-json\/wp\/v2\/media?parent=265695"}],"wp:term":[{"taxonomy":"category","embeddable":true,"href":"https:\/\/www.meydan.tv\/az\/wp-json\/wp\/v2\/categories?post=265695"},{"taxonomy":"post_tag","embeddable":true,"href":"https:\/\/www.meydan.tv\/az\/wp-json\/wp\/v2\/tags?post=265695"}],"curies":[{"name":"wp","href":"https:\/\/api.w.org\/{rel}","templated":true}]}}