{"id":265683,"date":"2023-01-13T12:42:46","date_gmt":"2023-01-13T08:42:46","guid":{"rendered":"https:\/\/www.meydan.tv\/?p=265683"},"modified":"2023-01-13T12:56:12","modified_gmt":"2023-01-13T08:56:12","slug":"alen-simonyan-ermenistan-lacin-dehlizi-ile-bagli-danisiqlarda-istirak-etmeyecek","status":"publish","type":"post","link":"https:\/\/www.meydan.tv\/az\/article\/alen-simonyan-ermenistan-lacin-dehlizi-ile-bagli-danisiqlarda-istirak-etmeyecek\/","title":{"rendered":"<strong>Alen Simonyan: &#8220;Erm\u0259nistan La\u00e7\u0131n d\u0259hlizi il\u0259 ba\u011fl\u0131 dan\u0131\u015f\u0131qlarda i\u015ftirak etm\u0259y\u0259c\u0259k&#8221;<\/strong>"},"content":{"rendered":"\n<p><\/p>\n\n\n\n<p><em>Spiker Az\u0259rbaycanla dan\u0131\u015f\u0131qlar\u0131 \u201cDa\u011fl\u0131q Qaraba\u011f\u201d hakimiyy\u0259tinin aparaca\u011f\u0131n\u0131 deyib<\/em><\/p>\n\n\n\n<p>\u201cErm\u0259nistan La\u00e7\u0131n d\u0259hlizinin a\u00e7\u0131lmas\u0131 il\u0259 ba\u011fl\u0131 Az\u0259rbaycanla dan\u0131\u015f\u0131qlarda i\u015ftirak etm\u0259y\u0259c\u0259k. \u201cDa\u011fl\u0131q Qaraba\u011f\u201d&nbsp; hakimiyy\u0259ti Az\u0259rbaycanla birba\u015fa dan\u0131\u015f\u0131qlar aparmaq imkan\u0131ndad\u0131r\u201d.<\/p>\n\n\n\n<p>Bu a\u00e7\u0131qlaman\u0131 Erm\u0259nistan Milli Assambleyas\u0131n\u0131n s\u0259dri Alen Simonyan &#8220;Azadl\u0131q&#8221; radiosunun erm\u0259ni b\u00fcrosuna m\u00fcsahib\u0259sind\u0259 <a href=\"https:\/\/rus.azatutyun.am\/a\/32220606.html\" target=\"_blank\" rel=\"noreferrer noopener\">deyib<\/a>.<\/p>\n\n\n\n<p>Alen Simonyan vur\u011fulay\u0131b ki, R\u0259smi Yerevan \u201cDa\u011fl\u0131q Qaraba\u011f\u201d&nbsp; hakimiyy\u0259tinin ist\u0259nil\u0259n q\u0259rar\u0131n\u0131 d\u0259st\u0259kl\u0259y\u0259c\u0259k.<\/p>\n\n\n\n<p>Erm\u0259nistan parlamentinin spikerinin s\u00f6zl\u0259rin\u0259 g\u00f6r\u0259, \u201cDa\u011fl\u0131q Qaraba\u011f\u201d&nbsp; hakimiyy\u0259ti Az\u0259rbaycan t\u0259r\u0259fi il\u0259 birba\u015fa t\u0259masda olub: <\/p>\n\n\n\n<p>\u201cBlokadan\u0131n ilk iki h\u0259ft\u0259sind\u0259 t\u0259maslar olub, indiki m\u0259rh\u0259l\u0259d\u0259 bu t\u0259maslar dayan\u0131b\u201d.<\/p>\n\n\n\n<p>Alen Simonyan Qaraba\u011f t\u0259r\u0259fd\u0259n dan\u0131\u015f\u0131qlar\u0131 kiml\u0259rin apard\u0131\u011f\u0131n\u0131 a\u00e7\u0131qlamay\u0131b.<\/p>\n\n\n\n<p>\u201cSon vaxtlara q\u0259d\u0259r kimin dan\u0131\u015fd\u0131\u011f\u0131n\u0131 v\u0259 nec\u0259 dan\u0131\u015fd\u0131\u011f\u0131n\u0131 bilirdim. Prezidentl\u0259 d\u0259 \u0259laq\u0259 olub. \u0130ndi des\u0259m ki, bu olmay\u0131b, yalan olar\u201d, &#8211; dey\u0259 Simonyan \u0259lav\u0259 edib.<\/p>\n\n\n\n<p>\u201cErm\u0259nistan\u0131n La\u00e7\u0131n d\u0259hlizi il\u0259 ba\u011fl\u0131 dan\u0131\u015f\u0131qlarda i\u015ftirak etm\u0259m\u0259si d\u00fczg\u00fcnd\u00fcrm\u00fc?\u201d sual\u0131na Simonyan: \u201cM\u0259g\u0259r La\u00e7\u0131n d\u0259hlizini Erm\u0259nistan ba\u011flay\u0131b?\u201d &#8211; dey\u0259 cavab verib.<\/p>\n\n\n\n<p>Spiker Erm\u0259nistan\u0131n La\u00e7\u0131n d\u0259hlizi il\u0259 ba\u011fl\u0131 dan\u0131\u015f\u0131qlara m\u00fcdaxil\u0259 etm\u0259m\u0259sinin s\u0259b\u0259bini bel\u0259 izah edib: <\/p>\n\n\n\n<p>\u201c\u018fg\u0259r Erm\u0259nistan buna gets\u0259, onda \u00fc\u00e7t\u0259r\u0259fli b\u0259yanat\u0131 etibars\u0131z elan etm\u0259li olacaq. Az\u0259rbaycan\u0131n bir m\u0259qs\u0259di d\u0259 Erm\u0259nistan\u0131 bu dan\u0131\u015f\u0131qlara \u00e7\u0259km\u0259kdir ki, sonra da Erm\u0259nistan \u0259razisind\u0259n d\u0259hliz a\u00e7\u0131lmas\u0131 g\u00fcnd\u0259m\u0259 g\u0259lsin. Erm\u0259nistan\u0131n xarici i\u015fl\u0259r naziri el\u0259 bu s\u0259b\u0259bd\u0259n dekabrda Moskvada ke\u00e7iril\u0259n g\u00f6r\u00fc\u015f\u0259 qo\u015fulmad\u0131\u201d.<\/p>\n\n\n\n<p><strong>La\u00e7\u0131n d\u0259hlizind\u0259 n\u0259 ba\u015f verir?<\/strong><\/p>\n\n\n\n<p>Dekabr\u0131n 12-d\u0259 s\u0259h\u0259r saatlar\u0131ndan Az\u0259rbaycan hakimiyy\u0259tin\u0259 ba\u011fl\u0131 bir qrup qeyri-h\u00f6kum\u0259t t\u0259\u015fkilat\u0131 n\u00fcmay\u0259nd\u0259si, media t\u0259msil\u00e7isi v\u0259 ictimai f\u0259al Rusiya s\u00fclhm\u0259raml\u0131lar\u0131n\u0131n m\u00fcv\u0259qq\u0259ti n\u0259zar\u0259tind\u0259 olan \u015eu\u015fa-Xank\u0259ndi yolunu ba\u011flay\u0131b.<\/p>\n\n\n\n<p>Aksiya i\u015ftirak\u00e7\u0131lar\u0131 Az\u0259rbaycan\u0131n faydal\u0131 qaz\u0131nt\u0131 yataqlar\u0131n\u0131n qanunsuz istismar\u0131na etiraz etdikl\u0259rini s\u00f6yl\u0259y\u0259r\u0259k Xocal\u0131 v\u0259 Xank\u0259ndi t\u0259r\u0259f\u0259 ke\u00e7m\u0259k ist\u0259s\u0259l\u0259r d\u0259, s\u00fclhm\u0259raml\u0131 kontingent onlara imkan verm\u0259yib.<\/p>\n\n\n\n<p>\u0130\u015ftirak\u00e7\u0131lar aksiyan\u0131n s\u0131ralar\u0131n\u0131n geni\u015fl\u0259ndiyini deyibl\u0259r.<\/p>\n\n\n\n<p>Dekabr\u0131n 13-d\u0259 m\u00fcxt\u0259lif k\u00f6n\u00fcll\u00fc d\u0259st\u0259l\u0259r v\u0259 v\u0259t\u0259nda\u015f c\u0259miyy\u0259ti n\u00fcmay\u0259nd\u0259l\u0259ri d\u0259 aksiyaya qo\u015fulublar.<\/p>\n\n\n\n<p>Aksiyaya qo\u015fula bilm\u0259y\u0259n v\u0259t\u0259nda\u015f c\u0259miyy\u0259ti n\u00fcmay\u0259nd\u0259l\u0259rin\u0259 is\u0259 sosial \u015f\u0259b\u0259k\u0259 v\u0259 mediada propoqanda aparmalar\u0131 bar\u0259d\u0259 tap\u015f\u0131r\u0131qlar\u0131n verildiyi d\u0259 iddia olunur.<\/p>\n\n\n\n<p>Aksiya\u00e7\u0131lar \u0259razid\u0259 \u00e7ad\u0131rlar quraraq Rusiya s\u00fclhm\u0259raml\u0131 q\u00fcvv\u0259l\u0259rinin komandan\u0131 general-mayor Andrey Volkovdan g\u00f6r\u00fc\u015f t\u0259l\u0259b edibl\u0259r.<\/p>\n\n\n\n<p>Aksiyan\u0131n 4-c\u00fc g\u00fcn\u00fc etiraz\u00e7\u0131lar yeni t\u0259l\u0259b ir\u0259li s\u00fcrd\u00fcl\u0259r.<\/p>\n\n\n\n<p>H\u0259min t\u0259l\u0259bl\u0259r \u0259razid\u0259 b\u00fct\u00fcn d\u00f6vl\u0259t qurumlar\u0131n\u0131n, o c\u00fcml\u0259d\u0259n Az\u0259rbaycan Respublikas\u0131n\u0131n Daxili \u0130\u015fl\u0259r Nazirliyinin, D\u00f6vl\u0259t S\u0259rh\u0259d Xidm\u0259tinin, D\u00f6vl\u0259t G\u00f6mr\u00fck Komit\u0259sinin ayr\u0131ca n\u0259zar\u0259t-burax\u0131l\u0131\u015f m\u0259nt\u0259q\u0259l\u0259rinin qurulmas\u0131d\u0131r.<\/p>\n\n\n\n<p>Onlar La\u00e7\u0131n istiqam\u0259tind\u0259, Erm\u0259nistanla s\u0259rh\u0259dd\u0259 DSX-n\u0131n v\u0259 DGK-nin ayr\u0131ca postlar\u0131\u0131n\u0131n olmas\u0131n\u0131 ist\u0259yirl\u0259r.<\/p>\n\n\n\n<p><strong>Tarix\u00e7\u0259<\/strong><\/p>\n\n\n\n<p>2020-ci ilin sentyabr\u0131nda Az\u0259rbaycan v\u0259 Erm\u0259nistan silahl\u0131 q\u00fcvv\u0259l\u0259ri aras\u0131nda qar\u015f\u0131durma ba\u015flay\u0131b.<\/p>\n\n\n\n<p>\u00dcmumilikd\u0259 44 g\u00fcn s\u00fcr\u0259n v\u0259 \u0130kinci Qaraba\u011f m\u00fcharib\u0259si adland\u0131r\u0131lan m\u00fcnaqi\u015f\u0259d\u0259 h\u0259r iki t\u0259r\u0259fd\u0259n 6 mind\u0259n art\u0131q h\u0259rb\u00e7i h\u0259lak olub.<\/p>\n\n\n\n<p>Az\u0259rbaycan Da\u011fl\u0131q Qaraba\u011f b\u00f6lg\u0259sinin bir hiss\u0259sin\u0259 v\u0259 \u0259traf 7 rayona n\u0259zar\u0259ti b\u0259rpa edib.<\/p>\n\n\n\n<p>H\u0259min ilin 10 noyabr b\u0259yanat\u0131na (Az\u0259rbaycan, Erm\u0259nistan v\u0259 Rusiya aras\u0131nda imzalan\u0131b) \u0259sas\u0259n, d\u00f6y\u00fc\u015fl\u0259r dayand\u0131r\u0131l\u0131b.<\/p>\n\n\n\n<p>Bundan sonra La\u00e7\u0131n d\u0259hlizind\u0259 v\u0259 Qaraba\u011fda Rusiya s\u00fclhm\u0259raml\u0131lar\u0131 yerl\u0259\u015fdirilib.<\/p>\n\n\n\n<p>\u0130kinci Qaraba\u011f m\u00fcharib\u0259sind\u0259n \u00f6nc\u0259, 1994-c\u00fc ild\u0259 ger\u00e7\u0259kl\u0259\u015f\u0259n at\u0259\u015fk\u0259s raz\u0131la\u015fmas\u0131na q\u0259d\u0259r Az\u0259rbaycan\u0131n Da\u011fl\u0131q Qaraba\u011f b\u00f6lg\u0259si v\u0259 ona biti\u015fik 7 rayonu i\u015f\u011fal edilib.<\/p>\n\n\n\n<p>M\u00fcnaqi\u015f\u0259 SSR\u0130 d\u00f6n\u0259mind\u0259n Erm\u0259nistan\u0131n Az\u0259rbaycana qar\u015f\u0131 \u0259razi iddialar\u0131 il\u0259 ba\u015flay\u0131b.<\/p>\n","protected":false},"excerpt":{"rendered":"<p>Spiker Az\u0259rbaycanla dan\u0131\u015f\u0131qlar\u0131 \u201cDa\u011fl\u0131q Qaraba\u011f\u201d hakimiyy\u0259tinin aparaca\u011f\u0131n\u0131 deyib \u201cErm\u0259nistan La\u00e7\u0131n &#8230; <\/p>\n<p class=\"read-more-container\"><a title=\"Alen Simonyan: &#8220;Erm\u0259nistan La\u00e7\u0131n d\u0259hlizi il\u0259 ba\u011fl\u0131 dan\u0131\u015f\u0131qlarda i\u015ftirak etm\u0259y\u0259c\u0259k&#8221;\" class=\"read-more button\" href=\"https:\/\/www.meydan.tv\/az\/article\/alen-simonyan-ermenistan-lacin-dehlizi-ile-bagli-danisiqlarda-istirak-etmeyecek\/#more-265683\" aria-label=\"Read more about Alen Simonyan: &#8220;Erm\u0259nistan La\u00e7\u0131n d\u0259hlizi il\u0259 ba\u011fl\u0131 dan\u0131\u015f\u0131qlarda i\u015ftirak etm\u0259y\u0259c\u0259k&#8221;\">Davam\u0131<\/a><\/p>\n","protected":false},"author":8,"featured_media":265684,"comment_status":"closed","ping_status":"closed","sticky":false,"template":"","format":"standard","meta":{"_acf_changed":false,"_sitemap_exclude":false,"_sitemap_priority":"","_sitemap_frequency":"","footnotes":""},"categories":[59,79,56],"tags":[],"class_list":["post-265683","post","type-post","status-publish","format-standard","has-post-thumbnail","hentry","category-siyaset","category-featured","category-xeberler","infinite-scroll-item","generate-columns","tablet-grid-50","mobile-grid-100","grid-parent","grid-33","no-featured-image-padding"],"acf":[],"yoast_head":"<!-- This site is optimized with the Yoast SEO plugin v27.4 - https:\/\/yoast.com\/product\/yoast-seo-wordpress\/ -->\n<title>Alen Simonyan: &quot;Erm\u0259nistan La\u00e7\u0131n d\u0259hlizi il\u0259 ba\u011fl\u0131 dan\u0131\u015f\u0131qlarda i\u015ftirak etm\u0259y\u0259c\u0259k&quot; - MEYDAN.TV<\/title>\n<meta name=\"robots\" content=\"index, follow, max-snippet:-1, max-image-preview:large, max-video-preview:-1\" \/>\n<link rel=\"canonical\" href=\"https:\/\/www.meydan.tv\/az\/article\/alen-simonyan-ermenistan-lacin-dehlizi-ile-bagli-danisiqlarda-istirak-etmeyecek\/\" \/>\n<meta property=\"og:locale\" content=\"az_AZ\" \/>\n<meta property=\"og:type\" content=\"article\" \/>\n<meta property=\"og:title\" content=\"Alen Simonyan: &quot;Erm\u0259nistan La\u00e7\u0131n d\u0259hlizi il\u0259 ba\u011fl\u0131 dan\u0131\u015f\u0131qlarda i\u015ftirak etm\u0259y\u0259c\u0259k&quot; - MEYDAN.TV\" \/>\n<meta property=\"og:description\" content=\"Spiker Az\u0259rbaycanla dan\u0131\u015f\u0131qlar\u0131 \u201cDa\u011fl\u0131q Qaraba\u011f\u201d hakimiyy\u0259tinin aparaca\u011f\u0131n\u0131 deyib \u201cErm\u0259nistan La\u00e7\u0131n ... Davam\u0131\" \/>\n<meta property=\"og:url\" content=\"https:\/\/www.meydan.tv\/az\/article\/alen-simonyan-ermenistan-lacin-dehlizi-ile-bagli-danisiqlarda-istirak-etmeyecek\/\" \/>\n<meta property=\"og:site_name\" content=\"MEYDAN.TV\" \/>\n<meta property=\"article:published_time\" content=\"2023-01-13T08:42:46+00:00\" \/>\n<meta property=\"article:modified_time\" content=\"2023-01-13T08:56:12+00:00\" \/>\n<meta property=\"og:image\" content=\"https:\/\/www.meydan.tv\/wp-content\/uploads\/1124224eb617f7ec5e45b6aa80f4de085cf6d7-e1673598795184.jpg\" \/>\n\t<meta property=\"og:image:width\" content=\"1200\" \/>\n\t<meta property=\"og:image:height\" content=\"654\" \/>\n\t<meta property=\"og:image:type\" content=\"image\/jpeg\" \/>\n<meta name=\"author\" content=\"elli\" \/>\n<meta name=\"twitter:card\" content=\"summary_large_image\" \/>\n<meta name=\"twitter:creator\" content=\"@elli\" \/>\n<script type=\"application\/ld+json\" class=\"yoast-schema-graph\">{\"@context\":\"https:\\\/\\\/schema.org\",\"@graph\":[{\"@type\":\"Article\",\"@id\":\"https:\\\/\\\/www.meydan.tv\\\/az\\\/article\\\/alen-simonyan-ermenistan-lacin-dehlizi-ile-bagli-danisiqlarda-istirak-etmeyecek\\\/#article\",\"isPartOf\":{\"@id\":\"https:\\\/\\\/www.meydan.tv\\\/az\\\/article\\\/alen-simonyan-ermenistan-lacin-dehlizi-ile-bagli-danisiqlarda-istirak-etmeyecek\\\/\"},\"author\":{\"name\":\"elli\",\"@id\":\"https:\\\/\\\/www.meydan.tv\\\/az\\\/#\\\/schema\\\/person\\\/9cdbecf90d17180ce1dfbd95b08dcf47\"},\"headline\":\"Alen Simonyan: &#8220;Erm\u0259nistan La\u00e7\u0131n d\u0259hlizi il\u0259 ba\u011fl\u0131 dan\u0131\u015f\u0131qlarda i\u015ftirak etm\u0259y\u0259c\u0259k&#8221;\",\"datePublished\":\"2023-01-13T08:42:46+00:00\",\"dateModified\":\"2023-01-13T08:56:12+00:00\",\"mainEntityOfPage\":{\"@id\":\"https:\\\/\\\/www.meydan.tv\\\/az\\\/article\\\/alen-simonyan-ermenistan-lacin-dehlizi-ile-bagli-danisiqlarda-istirak-etmeyecek\\\/\"},\"wordCount\":847,\"publisher\":{\"@id\":\"https:\\\/\\\/www.meydan.tv\\\/az\\\/#organization\"},\"image\":{\"@id\":\"https:\\\/\\\/www.meydan.tv\\\/az\\\/article\\\/alen-simonyan-ermenistan-lacin-dehlizi-ile-bagli-danisiqlarda-istirak-etmeyecek\\\/#primaryimage\"},\"thumbnailUrl\":\"https:\\\/\\\/www.meydan.tv\\\/wp-content\\\/uploads\\\/1124224eb617f7ec5e45b6aa80f4de085cf6d7-e1673598795184.jpg\",\"articleSection\":[\"Siyas\u0259t\",\"T\u00f6vsiy\u0259\",\"X\u0259b\u0259rl\u0259r\"],\"inLanguage\":\"az\"},{\"@type\":\"WebPage\",\"@id\":\"https:\\\/\\\/www.meydan.tv\\\/az\\\/article\\\/alen-simonyan-ermenistan-lacin-dehlizi-ile-bagli-danisiqlarda-istirak-etmeyecek\\\/\",\"url\":\"https:\\\/\\\/www.meydan.tv\\\/az\\\/article\\\/alen-simonyan-ermenistan-lacin-dehlizi-ile-bagli-danisiqlarda-istirak-etmeyecek\\\/\",\"name\":\"Alen Simonyan: \\\"Erm\u0259nistan La\u00e7\u0131n d\u0259hlizi il\u0259 ba\u011fl\u0131 dan\u0131\u015f\u0131qlarda i\u015ftirak etm\u0259y\u0259c\u0259k\\\" - MEYDAN.TV\",\"isPartOf\":{\"@id\":\"https:\\\/\\\/www.meydan.tv\\\/az\\\/#website\"},\"primaryImageOfPage\":{\"@id\":\"https:\\\/\\\/www.meydan.tv\\\/az\\\/article\\\/alen-simonyan-ermenistan-lacin-dehlizi-ile-bagli-danisiqlarda-istirak-etmeyecek\\\/#primaryimage\"},\"image\":{\"@id\":\"https:\\\/\\\/www.meydan.tv\\\/az\\\/article\\\/alen-simonyan-ermenistan-lacin-dehlizi-ile-bagli-danisiqlarda-istirak-etmeyecek\\\/#primaryimage\"},\"thumbnailUrl\":\"https:\\\/\\\/www.meydan.tv\\\/wp-content\\\/uploads\\\/1124224eb617f7ec5e45b6aa80f4de085cf6d7-e1673598795184.jpg\",\"datePublished\":\"2023-01-13T08:42:46+00:00\",\"dateModified\":\"2023-01-13T08:56:12+00:00\",\"breadcrumb\":{\"@id\":\"https:\\\/\\\/www.meydan.tv\\\/az\\\/article\\\/alen-simonyan-ermenistan-lacin-dehlizi-ile-bagli-danisiqlarda-istirak-etmeyecek\\\/#breadcrumb\"},\"inLanguage\":\"az\",\"potentialAction\":[{\"@type\":\"ReadAction\",\"target\":[\"https:\\\/\\\/www.meydan.tv\\\/az\\\/article\\\/alen-simonyan-ermenistan-lacin-dehlizi-ile-bagli-danisiqlarda-istirak-etmeyecek\\\/\"]}]},{\"@type\":\"ImageObject\",\"inLanguage\":\"az\",\"@id\":\"https:\\\/\\\/www.meydan.tv\\\/az\\\/article\\\/alen-simonyan-ermenistan-lacin-dehlizi-ile-bagli-danisiqlarda-istirak-etmeyecek\\\/#primaryimage\",\"url\":\"https:\\\/\\\/www.meydan.tv\\\/wp-content\\\/uploads\\\/1124224eb617f7ec5e45b6aa80f4de085cf6d7-e1673598795184.jpg\",\"contentUrl\":\"https:\\\/\\\/www.meydan.tv\\\/wp-content\\\/uploads\\\/1124224eb617f7ec5e45b6aa80f4de085cf6d7-e1673598795184.jpg\",\"width\":1200,\"height\":654,\"caption\":\"A.Simonyan. M\u0259nb\u0259: parliament.am\"},{\"@type\":\"BreadcrumbList\",\"@id\":\"https:\\\/\\\/www.meydan.tv\\\/az\\\/article\\\/alen-simonyan-ermenistan-lacin-dehlizi-ile-bagli-danisiqlarda-istirak-etmeyecek\\\/#breadcrumb\",\"itemListElement\":[{\"@type\":\"ListItem\",\"position\":1,\"name\":\"Ana s\u0259hif\u0259\",\"item\":\"https:\\\/\\\/www.meydan.tv\\\/az\\\/\"},{\"@type\":\"ListItem\",\"position\":2,\"name\":\"Siyas\u0259t\",\"item\":\"https:\\\/\\\/www.meydan.tv\\\/az\\\/section\\\/siyaset\\\/\"},{\"@type\":\"ListItem\",\"position\":3,\"name\":\"Alen Simonyan: &#8220;Erm\u0259nistan La\u00e7\u0131n d\u0259hlizi il\u0259 ba\u011fl\u0131 dan\u0131\u015f\u0131qlarda i\u015ftirak etm\u0259y\u0259c\u0259k&#8221;\"}]},{\"@type\":\"WebSite\",\"@id\":\"https:\\\/\\\/www.meydan.tv\\\/az\\\/#website\",\"url\":\"https:\\\/\\\/www.meydan.tv\\\/az\\\/\",\"name\":\"MEYDAN.TV\",\"description\":\"Meydan TV Az\u0259rbaycan\u0131n media m\u0259kan\u0131ndak\u0131 alternativ s\u0259sidir\",\"publisher\":{\"@id\":\"https:\\\/\\\/www.meydan.tv\\\/az\\\/#organization\"},\"potentialAction\":[{\"@type\":\"SearchAction\",\"target\":{\"@type\":\"EntryPoint\",\"urlTemplate\":\"https:\\\/\\\/www.meydan.tv\\\/az\\\/?s={search_term_string}\"},\"query-input\":{\"@type\":\"PropertyValueSpecification\",\"valueRequired\":true,\"valueName\":\"search_term_string\"}}],\"inLanguage\":\"az\"},{\"@type\":\"Organization\",\"@id\":\"https:\\\/\\\/www.meydan.tv\\\/az\\\/#organization\",\"name\":\"Meydan TV\",\"url\":\"https:\\\/\\\/www.meydan.tv\\\/az\\\/\",\"logo\":{\"@type\":\"ImageObject\",\"inLanguage\":\"az\",\"@id\":\"https:\\\/\\\/www.meydan.tv\\\/az\\\/#\\\/schema\\\/logo\\\/image\\\/\",\"url\":\"https:\\\/\\\/www.meydan.tv\\\/wp-content\\\/uploads\\\/2021\\\/07\\\/meydan-logo.svg\",\"contentUrl\":\"https:\\\/\\\/www.meydan.tv\\\/wp-content\\\/uploads\\\/2021\\\/07\\\/meydan-logo.svg\",\"width\":195,\"height\":46,\"caption\":\"Meydan TV\"},\"image\":{\"@id\":\"https:\\\/\\\/www.meydan.tv\\\/az\\\/#\\\/schema\\\/logo\\\/image\\\/\"}},{\"@type\":\"Person\",\"@id\":\"https:\\\/\\\/www.meydan.tv\\\/az\\\/#\\\/schema\\\/person\\\/9cdbecf90d17180ce1dfbd95b08dcf47\",\"name\":\"elli\",\"sameAs\":[\"https:\\\/\\\/x.com\\\/elli\"]}]}<\/script>\n<!-- \/ Yoast SEO plugin. -->","yoast_head_json":{"title":"Alen Simonyan: \"Erm\u0259nistan La\u00e7\u0131n d\u0259hlizi il\u0259 ba\u011fl\u0131 dan\u0131\u015f\u0131qlarda i\u015ftirak etm\u0259y\u0259c\u0259k\" - MEYDAN.TV","robots":{"index":"index","follow":"follow","max-snippet":"max-snippet:-1","max-image-preview":"max-image-preview:large","max-video-preview":"max-video-preview:-1"},"canonical":"https:\/\/www.meydan.tv\/az\/article\/alen-simonyan-ermenistan-lacin-dehlizi-ile-bagli-danisiqlarda-istirak-etmeyecek\/","og_locale":"az_AZ","og_type":"article","og_title":"Alen Simonyan: \"Erm\u0259nistan La\u00e7\u0131n d\u0259hlizi il\u0259 ba\u011fl\u0131 dan\u0131\u015f\u0131qlarda i\u015ftirak etm\u0259y\u0259c\u0259k\" - MEYDAN.TV","og_description":"Spiker Az\u0259rbaycanla dan\u0131\u015f\u0131qlar\u0131 \u201cDa\u011fl\u0131q Qaraba\u011f\u201d hakimiyy\u0259tinin aparaca\u011f\u0131n\u0131 deyib \u201cErm\u0259nistan La\u00e7\u0131n ... Davam\u0131","og_url":"https:\/\/www.meydan.tv\/az\/article\/alen-simonyan-ermenistan-lacin-dehlizi-ile-bagli-danisiqlarda-istirak-etmeyecek\/","og_site_name":"MEYDAN.TV","article_published_time":"2023-01-13T08:42:46+00:00","article_modified_time":"2023-01-13T08:56:12+00:00","og_image":[{"width":1200,"height":654,"url":"https:\/\/www.meydan.tv\/wp-content\/uploads\/1124224eb617f7ec5e45b6aa80f4de085cf6d7-e1673598795184.jpg","type":"image\/jpeg"}],"author":"elli","twitter_card":"summary_large_image","twitter_creator":"@elli","schema":{"@context":"https:\/\/schema.org","@graph":[{"@type":"Article","@id":"https:\/\/www.meydan.tv\/az\/article\/alen-simonyan-ermenistan-lacin-dehlizi-ile-bagli-danisiqlarda-istirak-etmeyecek\/#article","isPartOf":{"@id":"https:\/\/www.meydan.tv\/az\/article\/alen-simonyan-ermenistan-lacin-dehlizi-ile-bagli-danisiqlarda-istirak-etmeyecek\/"},"author":{"name":"elli","@id":"https:\/\/www.meydan.tv\/az\/#\/schema\/person\/9cdbecf90d17180ce1dfbd95b08dcf47"},"headline":"Alen Simonyan: &#8220;Erm\u0259nistan La\u00e7\u0131n d\u0259hlizi il\u0259 ba\u011fl\u0131 dan\u0131\u015f\u0131qlarda i\u015ftirak etm\u0259y\u0259c\u0259k&#8221;","datePublished":"2023-01-13T08:42:46+00:00","dateModified":"2023-01-13T08:56:12+00:00","mainEntityOfPage":{"@id":"https:\/\/www.meydan.tv\/az\/article\/alen-simonyan-ermenistan-lacin-dehlizi-ile-bagli-danisiqlarda-istirak-etmeyecek\/"},"wordCount":847,"publisher":{"@id":"https:\/\/www.meydan.tv\/az\/#organization"},"image":{"@id":"https:\/\/www.meydan.tv\/az\/article\/alen-simonyan-ermenistan-lacin-dehlizi-ile-bagli-danisiqlarda-istirak-etmeyecek\/#primaryimage"},"thumbnailUrl":"https:\/\/www.meydan.tv\/wp-content\/uploads\/1124224eb617f7ec5e45b6aa80f4de085cf6d7-e1673598795184.jpg","articleSection":["Siyas\u0259t","T\u00f6vsiy\u0259","X\u0259b\u0259rl\u0259r"],"inLanguage":"az"},{"@type":"WebPage","@id":"https:\/\/www.meydan.tv\/az\/article\/alen-simonyan-ermenistan-lacin-dehlizi-ile-bagli-danisiqlarda-istirak-etmeyecek\/","url":"https:\/\/www.meydan.tv\/az\/article\/alen-simonyan-ermenistan-lacin-dehlizi-ile-bagli-danisiqlarda-istirak-etmeyecek\/","name":"Alen Simonyan: \"Erm\u0259nistan La\u00e7\u0131n d\u0259hlizi il\u0259 ba\u011fl\u0131 dan\u0131\u015f\u0131qlarda i\u015ftirak etm\u0259y\u0259c\u0259k\" - MEYDAN.TV","isPartOf":{"@id":"https:\/\/www.meydan.tv\/az\/#website"},"primaryImageOfPage":{"@id":"https:\/\/www.meydan.tv\/az\/article\/alen-simonyan-ermenistan-lacin-dehlizi-ile-bagli-danisiqlarda-istirak-etmeyecek\/#primaryimage"},"image":{"@id":"https:\/\/www.meydan.tv\/az\/article\/alen-simonyan-ermenistan-lacin-dehlizi-ile-bagli-danisiqlarda-istirak-etmeyecek\/#primaryimage"},"thumbnailUrl":"https:\/\/www.meydan.tv\/wp-content\/uploads\/1124224eb617f7ec5e45b6aa80f4de085cf6d7-e1673598795184.jpg","datePublished":"2023-01-13T08:42:46+00:00","dateModified":"2023-01-13T08:56:12+00:00","breadcrumb":{"@id":"https:\/\/www.meydan.tv\/az\/article\/alen-simonyan-ermenistan-lacin-dehlizi-ile-bagli-danisiqlarda-istirak-etmeyecek\/#breadcrumb"},"inLanguage":"az","potentialAction":[{"@type":"ReadAction","target":["https:\/\/www.meydan.tv\/az\/article\/alen-simonyan-ermenistan-lacin-dehlizi-ile-bagli-danisiqlarda-istirak-etmeyecek\/"]}]},{"@type":"ImageObject","inLanguage":"az","@id":"https:\/\/www.meydan.tv\/az\/article\/alen-simonyan-ermenistan-lacin-dehlizi-ile-bagli-danisiqlarda-istirak-etmeyecek\/#primaryimage","url":"https:\/\/www.meydan.tv\/wp-content\/uploads\/1124224eb617f7ec5e45b6aa80f4de085cf6d7-e1673598795184.jpg","contentUrl":"https:\/\/www.meydan.tv\/wp-content\/uploads\/1124224eb617f7ec5e45b6aa80f4de085cf6d7-e1673598795184.jpg","width":1200,"height":654,"caption":"A.Simonyan. M\u0259nb\u0259: parliament.am"},{"@type":"BreadcrumbList","@id":"https:\/\/www.meydan.tv\/az\/article\/alen-simonyan-ermenistan-lacin-dehlizi-ile-bagli-danisiqlarda-istirak-etmeyecek\/#breadcrumb","itemListElement":[{"@type":"ListItem","position":1,"name":"Ana s\u0259hif\u0259","item":"https:\/\/www.meydan.tv\/az\/"},{"@type":"ListItem","position":2,"name":"Siyas\u0259t","item":"https:\/\/www.meydan.tv\/az\/section\/siyaset\/"},{"@type":"ListItem","position":3,"name":"Alen Simonyan: &#8220;Erm\u0259nistan La\u00e7\u0131n d\u0259hlizi il\u0259 ba\u011fl\u0131 dan\u0131\u015f\u0131qlarda i\u015ftirak etm\u0259y\u0259c\u0259k&#8221;"}]},{"@type":"WebSite","@id":"https:\/\/www.meydan.tv\/az\/#website","url":"https:\/\/www.meydan.tv\/az\/","name":"MEYDAN.TV","description":"Meydan TV Az\u0259rbaycan\u0131n media m\u0259kan\u0131ndak\u0131 alternativ s\u0259sidir","publisher":{"@id":"https:\/\/www.meydan.tv\/az\/#organization"},"potentialAction":[{"@type":"SearchAction","target":{"@type":"EntryPoint","urlTemplate":"https:\/\/www.meydan.tv\/az\/?s={search_term_string}"},"query-input":{"@type":"PropertyValueSpecification","valueRequired":true,"valueName":"search_term_string"}}],"inLanguage":"az"},{"@type":"Organization","@id":"https:\/\/www.meydan.tv\/az\/#organization","name":"Meydan TV","url":"https:\/\/www.meydan.tv\/az\/","logo":{"@type":"ImageObject","inLanguage":"az","@id":"https:\/\/www.meydan.tv\/az\/#\/schema\/logo\/image\/","url":"https:\/\/www.meydan.tv\/wp-content\/uploads\/2021\/07\/meydan-logo.svg","contentUrl":"https:\/\/www.meydan.tv\/wp-content\/uploads\/2021\/07\/meydan-logo.svg","width":195,"height":46,"caption":"Meydan TV"},"image":{"@id":"https:\/\/www.meydan.tv\/az\/#\/schema\/logo\/image\/"}},{"@type":"Person","@id":"https:\/\/www.meydan.tv\/az\/#\/schema\/person\/9cdbecf90d17180ce1dfbd95b08dcf47","name":"elli","sameAs":["https:\/\/x.com\/elli"]}]}},"_links":{"self":[{"href":"https:\/\/www.meydan.tv\/az\/wp-json\/wp\/v2\/posts\/265683","targetHints":{"allow":["GET"]}}],"collection":[{"href":"https:\/\/www.meydan.tv\/az\/wp-json\/wp\/v2\/posts"}],"about":[{"href":"https:\/\/www.meydan.tv\/az\/wp-json\/wp\/v2\/types\/post"}],"author":[{"embeddable":true,"href":"https:\/\/www.meydan.tv\/az\/wp-json\/wp\/v2\/users\/8"}],"replies":[{"embeddable":true,"href":"https:\/\/www.meydan.tv\/az\/wp-json\/wp\/v2\/comments?post=265683"}],"version-history":[{"count":3,"href":"https:\/\/www.meydan.tv\/az\/wp-json\/wp\/v2\/posts\/265683\/revisions"}],"predecessor-version":[{"id":265692,"href":"https:\/\/www.meydan.tv\/az\/wp-json\/wp\/v2\/posts\/265683\/revisions\/265692"}],"wp:featuredmedia":[{"embeddable":true,"href":"https:\/\/www.meydan.tv\/az\/wp-json\/wp\/v2\/media\/265684"}],"wp:attachment":[{"href":"https:\/\/www.meydan.tv\/az\/wp-json\/wp\/v2\/media?parent=265683"}],"wp:term":[{"taxonomy":"category","embeddable":true,"href":"https:\/\/www.meydan.tv\/az\/wp-json\/wp\/v2\/categories?post=265683"},{"taxonomy":"post_tag","embeddable":true,"href":"https:\/\/www.meydan.tv\/az\/wp-json\/wp\/v2\/tags?post=265683"}],"curies":[{"name":"wp","href":"https:\/\/api.w.org\/{rel}","templated":true}]}}