{"id":265659,"date":"2023-01-12T18:28:06","date_gmt":"2023-01-12T14:28:06","guid":{"rendered":"https:\/\/www.meydan.tv\/?p=265659"},"modified":"2023-01-12T18:28:10","modified_gmt":"2023-01-12T14:28:10","slug":"goycayda-gorme-engeli-usagin-pensiyasi-ikiillik-berpa-olunub","status":"publish","type":"post","link":"https:\/\/www.meydan.tv\/az\/article\/goycayda-gorme-engeli-usagin-pensiyasi-ikiillik-berpa-olunub\/","title":{"rendered":"G\u00f6y\u00e7ayda g\u00f6rm\u0259 \u0259ng\u0259li u\u015fa\u011f\u0131n pensiyas\u0131 ikiillik b\u0259rpa olunub"},"content":{"rendered":"\n<p><\/p>\n\n\n\n<p><em>L\u0259k\u00e7\u0131plaq sakini uzun m\u00fcdd\u0259t s\u00fcr\u00fcnd\u00fcr\u00fcld\u00fcy\u00fcn\u00fc bildirib<\/em><\/p>\n\n\n\n<p>G\u00f6y\u00e7ay\u0131n L\u0259k\u00e7\u0131plaq k\u0259nd sakini Leyla Quliyeva Meydan TV-y\u0259 m\u00fcraci\u0259t etdikd\u0259n sonra \u00f6vlad\u0131n\u0131n k\u0259silmi\u015f pensiyas\u0131n\u0131n yenid\u0259n b\u0259rpa edildiyini deyir.<\/p>\n\n\n\n<p>O, pensiyan\u0131n qanunsuz k\u0259silm\u0259sind\u0259n naraz\u0131 idi.<\/p>\n\n\n\n<p>Leyla Quliyevan\u0131n s\u00f6zl\u0259rin\u0259 g\u00f6r\u0259, iki \u00f6vlad\u0131 anadang\u0259lm\u0259 g\u00f6rm\u0259 q\u00fcsurludur. Daha do\u011frusu, u\u015faqlar g\u00f6zd\u0259 tor qi\u015fas\u0131n\u0131n qopmas\u0131ndan \u0259ziyy\u0259t \u00e7\u0259kirl\u0259r. Ki\u00e7ik o\u011flu b\u00f6y\u00fck o\u011fluna nisb\u0259t\u0259n normal g\u00f6r\u00fcr. Ancaq b\u00f6y\u00fck o\u011flu &#8211; 13 ya\u015fl\u0131 Sahil Quliyevin h\u0259r iki g\u00f6z\u00fcnd\u0259 tor qi\u015fas\u0131 qopdu\u011fundan h\u0259mi\u015f\u0259 m\u00fcalic\u0259 v\u0259 n\u0259zar\u0259t alt\u0131ndad\u0131r. Ona g\u00f6r\u0259 d\u0259 uzun ill\u0259rin m\u00fcayin\u0259 v\u0259 m\u00fcalic\u0259sind\u0259n sonra 2019-cu ild\u0259n qanuni \u015f\u0259kild\u0259 pensiyaya \u00e7\u0131x\u0131b. Lakin bu ilin sentyabrda x\u0259b\u0259rdarl\u0131qs\u0131z pensiyas\u0131 k\u0259silib.<\/p>\n\n\n\n<figure class=\"wp-block-image size-full\"><img decoding=\"async\" width=\"1200\" height=\"800\" data-src=\"https:\/\/www.meydan.tv\/wp-content\/uploads\/untitled-design-1-53.jpg\" alt=\"\" class=\"wp-image-265660 lazyload\" src=\"data:image\/svg+xml;base64,PHN2ZyB3aWR0aD0iMSIgaGVpZ2h0PSIxIiB4bWxucz0iaHR0cDovL3d3dy53My5vcmcvMjAwMC9zdmciPjwvc3ZnPg==\" style=\"--smush-placeholder-width: 1200px; --smush-placeholder-aspect-ratio: 1200\/800;\" \/><figcaption class=\"wp-element-caption\">Fotolar: Meydan TV<\/figcaption><\/figure>\n\n\n\n<p>Ail\u0259 h\u0259min aydan etibar\u0259n d\u0259f\u0259l\u0259rl\u0259 m\u00fcraci\u0259t edib, yenid\u0259n yoxlan\u0131\u015fdan ke\u00e7ib, amma h\u0259r d\u0259f\u0259 imtina cavab\u0131 g\u0259lib: <\/p>\n\n\n\n<p>&#8220;Bak\u0131da Xalid adl\u0131 h\u0259kimi dedi ki, bu u\u015faq anad\u0259ng\u0259lm\u0259 g\u00f6rm\u00fcr, \u0259m\u0259liyyat da olmaz. D\u0259f\u0259l\u0259rl\u0259 yoxlan\u0131ld\u0131 v\u0259 ona 2019-cu ild\u0259n pensiya k\u0259sildi. \u0130lk d\u0259f\u0259 ana \u00fc\u00e7\u00fcn 50 manat bax\u0131mhaqq\u0131, u\u015faq \u00fc\u00e7\u00fcns\u0259 80 manat pensiya verildi. Sonrak\u0131 ill\u0259rd\u0259 pensiya v\u0259 bax\u0131mhaqq\u0131 birlikd\u0259 280 manat oldu, y\u0259ni 200 manat u\u015fa\u011fa v\u0259 80 manat anaya. \u00c7\u00fcnki anan\u0131n himay\u0259sind\u0259dir. Bu pensiya da \u00f6t\u0259n ilin sentyabr\u0131na q\u0259d\u0259r al\u0131n\u0131rd\u0131. O aydan etibar\u0259n is\u0259 k\u0259silib. 18 ya\u015fa q\u0259d\u0259r \u0259llilik d\u0259r\u0259c\u0259si verilmir. H\u0259kiml\u0259r d\u0259 18 ya\u015f\u0131na q\u0259d\u0259r \u0259m\u0259liyyat etm\u0259k ist\u0259mir ki, o vaxta q\u0259d\u0259r m\u00fcalic\u0259 olunsun&#8221;.<\/p>\n\n\n\n<figure class=\"wp-block-image size-large\"><img decoding=\"async\" width=\"668\" height=\"821\" data-src=\"https:\/\/www.meydan.tv\/wp-content\/uploads\/img-20221225-wa0104-668x821.jpg\" alt=\"\" class=\"wp-image-265653 lazyload\" src=\"data:image\/svg+xml;base64,PHN2ZyB3aWR0aD0iMSIgaGVpZ2h0PSIxIiB4bWxucz0iaHR0cDovL3d3dy53My5vcmcvMjAwMC9zdmciPjwvc3ZnPg==\" style=\"--smush-placeholder-width: 668px; --smush-placeholder-aspect-ratio: 668\/821;\" \/><\/figure>\n\n\n\n<p>Leyla Quliyeva deyir ki, h\u0259kiml\u0259rin dediyin\u0259 g\u00f6r\u0259, \u0259m\u0259liyyat u\u011furlu al\u0131nmaya da bil\u0259r:<\/p>\n\n\n\n<p>&#8220;Dedil\u0259r, \u0259m\u0259liyyat yax\u015f\u0131 n\u0259tic\u0259l\u0259nm\u0259z. 100-\u0259 99 faiz bel\u0259 qarantiya yoxdur. Deyirl\u0259r ki, getdikc\u0259, b\u00f6y\u00fcd\u00fckc\u0259 g\u00f6zd\u0259 g\u00f6rm\u0259 daha da z\u0259ifl\u0259y\u0259c\u0259k. 18 ya\u015fdan sonra is\u0259 \u0259llilik d\u0259r\u0259c\u0259si ver\u0259c\u0259yik. Amma bizi sentyabrdan get-g\u0259l\u0259 sal\u0131blar. Burada b\u00fct\u00fcn yoxlan\u0131\u015fdan ke\u00e7ib, ka\u011f\u0131zlar\u0131n y\u0131\u011f\u0131b Bak\u0131ya &#8211; Z\u0259rif\u0259 \u018fliyeva ad\u0131na Milli Oftalmologiya M\u0259rk\u0259zin\u0259 getdik. Orada yoxlay\u0131b: &#8220;Kodu d\u00fczg\u00fcn deyil, yaz\u0131lmay\u0131b&#8221;, &#8211; dey\u0259 yenid\u0259n rayona g\u00f6nd\u0259rirl\u0259r. Bu d\u0259f\u0259 d\u0259 rayonda yoxlad\u0131lar ki, Bak\u0131 d\u00fczg\u00fcn qeyd etm\u0259yib, biz laz\u0131m olan h\u0259r \u015feyi ka\u011f\u0131zlar\u0131nda qeyd etmi\u015fik&#8221;.<\/p>\n\n\n\n<p>&#8220;G\u00f6y\u00e7ay M\u0259rk\u0259zi Rayon X\u0259st\u0259xanas\u0131nda komputerd\u0259 s\u0259n\u0259dl\u0259ri yoxlatd\u0131rd\u0131q, d\u00fcz \u00e7\u0131xd\u0131. S\u0259n\u0259dl\u0259rd\u0259 s\u0259hv yoxdur, x\u0259st\u0259liyin kodu, h\u0259kimin r\u0259yi oldu\u011fu kimidir. Problem Bak\u0131dak\u0131 h\u0259kiml\u0259rd\u0259dir ki, get-g\u0259l\u0259 sal\u0131blar. 3 d\u0259f\u0259dir ki, gedib-g\u0259lirik. Biz d\u0259 valideyn olaraq yollarda qalm\u0131\u015f\u0131q. Anadang\u0259lm\u0259 g\u00f6rm\u0259 q\u00fcsurlu u\u015fa\u011f\u0131n pensiyas\u0131 niy\u0259 k\u0259silsin ki? S\u0259n\u0259dl\u0259r d\u0259 d\u00fczd\u00fcr. Amma n\u0259 hikm\u0259tdirs\u0259, sistem s\u0259hv deyir. Rayondak\u0131 v\u0259 Bak\u0131dak\u0131 m\u00fcayin\u0259l\u0259rin, analizl\u0259rin r\u0259yi ham\u0131s\u0131 yaz\u0131l\u0131b. Sad\u0259c\u0259, yenid\u0259n r\u0259dd edilib&#8221;, &#8211; dey\u0259 o bildirib.<\/p>\n\n\n\n<p>&#8220;<strong>V\u0259t\u0259nda\u015f olaraq niy\u0259 get-g\u0259l\u0259 sal\u0131nm\u0131\u015f\u0131q?&#8221;<\/strong><\/p>\n\n\n\n<p>Quliyevl\u0259r deyirl\u0259r ki, G\u00f6y\u00e7ay Rayon M\u0259rk\u0259zi X\u0259st\u0259xanas\u0131n\u0131n h\u0259kimi Sevinc h\u0259kimin verdiyi tibbi r\u0259y v\u0259 m\u00fcayin\u0259l\u0259rin n\u0259tic\u0259si Z\u0259rif\u0259 \u018fliyeva ad\u0131na Milli Oftalmologiya M\u0259rk\u0259zinin verdiyi &#8220;Forma-88&#8221;-d\u0259 \u0259ksini tapmay\u0131b.<\/p>\n\n\n\n<p>Onlar\u0131n s\u00f6zl\u0259rin\u0259 g\u00f6r\u0259, ail\u0259 \u00fcmidini h\u0259min pensiyaya ba\u011flasa da, Tibbi Sosial Ekspertiza Komissiyas\u0131 2022-ci il dekabr\u0131n 8-d\u0259 sonuncu m\u00fcraci\u0259t\u0259 d\u0259 imtina cavab\u0131 verib.<\/p>\n\n\n\n<figure class=\"wp-block-image size-large\"><img decoding=\"async\" width=\"665\" height=\"821\" data-src=\"https:\/\/www.meydan.tv\/wp-content\/uploads\/img-20221225-wa0101-665x821.jpg\" alt=\"\" class=\"wp-image-265647 lazyload\" src=\"data:image\/svg+xml;base64,PHN2ZyB3aWR0aD0iMSIgaGVpZ2h0PSIxIiB4bWxucz0iaHR0cDovL3d3dy53My5vcmcvMjAwMC9zdmciPjwvc3ZnPg==\" style=\"--smush-placeholder-width: 665px; --smush-placeholder-aspect-ratio: 665\/821;\" \/><\/figure>\n\n\n\n<p>Komissiya da Z\u0259rif\u0259 \u018fliyeva ad\u0131na Milli Oftalmologiya M\u0259rk\u0259zinin verdiyi s\u0259n\u0259d\u0259 istinad edib. Ail\u0259 is\u0259 d\u00fc\u015f\u00fcn\u00fcrd\u00fc ki, bu, s\u00fcni mane\u0259dir v\u0259 aradan qald\u0131r\u0131lmal\u0131, \u00f6vladlar\u0131n\u0131n pensiyas\u0131 yenid\u0259n b\u0259rpa edilm\u0259lidir.<\/p>\n\n\n\n<p><strong>&#8220;M\u00fcalic\u0259 k\u0259sil\u0259n kimi g\u00f6zl\u0259r q\u0131zar\u0131r, damarlar\u0131na qan s\u0131z\u0131r&#8221;<\/strong><\/p>\n\n\n\n<p>Leyla Quliyeva deyir ki, u\u015faq h\u0259r ay m\u00fcalic\u0259 al\u0131r. M\u00fcalic\u0259si dayanan kimi 7-ci sinif \u015fagirdi olan o\u011flu g\u00f6zl\u0259rind\u0259 ciddi probleml\u0259r ba\u015flay\u0131r.<\/p>\n\n\n\n<p>&#8220;G\u00f6zl\u0259r\u0259 qan s\u0131z\u0131r, \u00f6z\u00fcnd\u0259n gedir v\u0259 g\u00f6rm\u0259si tamamil\u0259 itir. Ail\u0259misin d\u0259 t\u0259k g\u0259liri bu u\u015fa\u011f\u0131n v\u0259 n\u0259n\u0259sinin pensiyas\u0131d\u0131r ki, o da dolan\u0131\u015f\u0131\u011f\u0131m\u0131za yetmir, n\u0259inki m\u00fcalic\u0259y\u0259&#8230; U\u015fa\u011f\u0131m\u0131n g\u00f6rm\u0259si \u00e7ox z\u0259ifdir, bird\u0259n g\u00f6rm\u0259 gedir, h\u0259r yeri i\u015f\u0131q g\u00f6r\u00fcr. Deyir ki, ana g\u00f6rm\u00fcr\u0259m, bu, n\u0259 i\u015f\u0131qd\u0131r? Ba\u015f\u0131 tez-tez gic\u0259ll\u0259nir, he\u00e7 vaxt eyn\u0259k taxm\u0131r, \u00e7\u00fcnki g\u00f6zl\u0259rin\u0259 eyn\u0259k d\u00fc\u015fm\u00fcr. H\u0259r ay, iki aydan bir gedib yoxlan\u0131\u015fdan ke\u00e7ir v\u0259 m\u00fcalic\u0259 al\u0131r. M\u00fcalic\u0259 k\u0259sil\u0259n kimi g\u00f6zl\u0259r q\u0131zar\u0131r, damarlar\u0131na qan s\u0131z\u0131r\u201d.<\/p>\n\n\n\n<p>\u201cHe\u00e7 yeri g\u00f6r\u0259 bilmir, apar\u0131r\u0131q h\u0259kim\u0259 deyir ki, b\u0259b\u0259y\u0259 qan y\u0131\u011f\u0131l\u0131b. Ail\u0259d\u0259 t\u0259k n\u0259n\u0259si pensiya al\u0131r, o da \u015f\u0259k\u0259r x\u0259st\u0259sidir. Qarda\u015f\u0131 da 6-c\u0131 sinifd\u0259 oxuyur, buna baxanda babatd\u0131r&#8221;, &#8211; ana dan\u0131\u015f\u0131r.<\/p>\n\n\n\n<figure class=\"wp-block-image size-large\"><img decoding=\"async\" width=\"672\" height=\"821\" data-src=\"https:\/\/www.meydan.tv\/wp-content\/uploads\/img-20221225-wa0103-672x821.jpg\" alt=\"\" class=\"wp-image-265650 lazyload\" src=\"data:image\/svg+xml;base64,PHN2ZyB3aWR0aD0iMSIgaGVpZ2h0PSIxIiB4bWxucz0iaHR0cDovL3d3dy53My5vcmcvMjAwMC9zdmciPjwvc3ZnPg==\" style=\"--smush-placeholder-width: 672px; --smush-placeholder-aspect-ratio: 672\/821;\" \/><\/figure>\n\n\n\n<p>Meydan TV \u0259m\u0259kda\u015f\u0131 pensiya il\u0259 ba\u011fl\u0131 yaranm\u0131\u015f problemin s\u0259b\u0259bini \u00f6yr\u0259nm\u0259k \u00fc\u00e7\u00fcn \u018fm\u0259k v\u0259 \u018fhalinin Sosial M\u00fcdafi\u0259si Nazirliyinin m\u0259tbuat xidm\u0259tinin r\u0259hb\u0259ri Fazil Tal\u0131bl\u0131 il\u0259 \u0259laq\u0259 saxlay\u0131b.<\/p>\n\n\n\n<p>Onun t\u00f6vsiy\u0259si il\u0259 v\u0259t\u0259nda\u015f s\u0259n\u0259dl\u0259rini t\u0259krar nazirliy\u0259 g\u00f6nd\u0259rib.<\/p>\n\n\n\n<p>Yaz\u0131 d\u0259rc\u0259 haz\u0131rlanark\u0259n Leyla Quliyeva m\u00fcxbirl\u0259 \u0259laq\u0259 saxlay\u0131b v\u0259 problemin h\u0259ll olundu\u011funu deyib. Amma o, pensiyan\u0131n, sad\u0259c\u0259, ikiillik b\u0259rpa olundu\u011funu bildirib:<\/p>\n\n\n\n<p>&#8220;M\u00fcraci\u0259td\u0259n sonra u\u015faq yenid\u0259n Bak\u0131da h\u0259kim m\u00fcayin\u0259sind\u0259n ke\u00e7di. Z\u0259rif\u0259 \u018fliyeva ad\u0131na Milli Oftalmologiya M\u0259rk\u0259zi yenid\u0259n g\u00f6z\u00fcn \u015f\u0259klini g\u00f6t\u00fcrd\u00fc. \u018fm\u0259liyyat t\u0259klif etdil\u0259r, bir faiz g\u00f6rm\u0259 ehtimal\u0131na g\u00f6r\u0259 risk etm\u0259dik. Dedil\u0259r ki, onda pensiya iki illik d\u00fcz\u0259lir. Sonra 18 ya\u015f\u0131nda \u0259riz\u0259 yaz\u0131lacaq v\u0259 \u0259llilik veril\u0259c\u0259k. \u0130ndi is\u0259 ka\u011f\u0131z\u0131 yaz\u0131ld\u0131, sistem\u0259 vuruldu v\u0259 fevral\u0131n 10-nu g\u00fcn\u00fc Pensiya Fondundan kart\u0131 g\u00f6t\u00fcr\u00fcl\u0259c\u0259k. Fevral\u0131n sonu pensiyas\u0131n\u0131 alaca\u011f\u0131q&#8221;.<\/p>\n","protected":false},"excerpt":{"rendered":"<p>L\u0259k\u00e7\u0131plaq sakini uzun m\u00fcdd\u0259t s\u00fcr\u00fcnd\u00fcr\u00fcld\u00fcy\u00fcn\u00fc bildirib G\u00f6y\u00e7ay\u0131n L\u0259k\u00e7\u0131plaq k\u0259nd sakini &#8230; <\/p>\n<p class=\"read-more-container\"><a title=\"G\u00f6y\u00e7ayda g\u00f6rm\u0259 \u0259ng\u0259li u\u015fa\u011f\u0131n pensiyas\u0131 ikiillik b\u0259rpa olunub\" class=\"read-more button\" href=\"https:\/\/www.meydan.tv\/az\/article\/goycayda-gorme-engeli-usagin-pensiyasi-ikiillik-berpa-olunub\/#more-265659\" aria-label=\"Read more about G\u00f6y\u00e7ayda g\u00f6rm\u0259 \u0259ng\u0259li u\u015fa\u011f\u0131n pensiyas\u0131 ikiillik b\u0259rpa olunub\">Davam\u0131<\/a><\/p>\n","protected":false},"author":8,"featured_media":145434,"comment_status":"closed","ping_status":"closed","sticky":false,"template":"","format":"standard","meta":{"_acf_changed":false,"_sitemap_exclude":false,"_sitemap_priority":"","_sitemap_frequency":"","footnotes":""},"categories":[60,56],"tags":[],"class_list":["post-265659","post","type-post","status-publish","format-standard","has-post-thumbnail","hentry","category-bolge","category-xeberler","infinite-scroll-item","generate-columns","tablet-grid-50","mobile-grid-100","grid-parent","grid-33","no-featured-image-padding"],"acf":[],"yoast_head":"<!-- This site is optimized with the Yoast SEO plugin v27.5 - https:\/\/yoast.com\/product\/yoast-seo-wordpress\/ -->\n<title>G\u00f6y\u00e7ayda g\u00f6rm\u0259 \u0259ng\u0259li u\u015fa\u011f\u0131n pensiyas\u0131 ikiillik b\u0259rpa olunub - MEYDAN.TV<\/title>\n<meta name=\"robots\" content=\"index, follow, max-snippet:-1, max-image-preview:large, max-video-preview:-1\" \/>\n<link rel=\"canonical\" href=\"https:\/\/www.meydan.tv\/az\/article\/goycayda-gorme-engeli-usagin-pensiyasi-ikiillik-berpa-olunub\/\" \/>\n<meta property=\"og:locale\" content=\"az_AZ\" \/>\n<meta property=\"og:type\" content=\"article\" \/>\n<meta property=\"og:title\" content=\"G\u00f6y\u00e7ayda g\u00f6rm\u0259 \u0259ng\u0259li u\u015fa\u011f\u0131n pensiyas\u0131 ikiillik b\u0259rpa olunub - MEYDAN.TV\" \/>\n<meta property=\"og:description\" content=\"L\u0259k\u00e7\u0131plaq sakini uzun m\u00fcdd\u0259t s\u00fcr\u00fcnd\u00fcr\u00fcld\u00fcy\u00fcn\u00fc bildirib G\u00f6y\u00e7ay\u0131n L\u0259k\u00e7\u0131plaq k\u0259nd sakini ... Davam\u0131\" \/>\n<meta property=\"og:url\" content=\"https:\/\/www.meydan.tv\/az\/article\/goycayda-gorme-engeli-usagin-pensiyasi-ikiillik-berpa-olunub\/\" \/>\n<meta property=\"og:site_name\" content=\"MEYDAN.TV\" \/>\n<meta property=\"article:published_time\" content=\"2023-01-12T14:28:06+00:00\" \/>\n<meta property=\"article:modified_time\" content=\"2023-01-12T14:28:10+00:00\" \/>\n<meta property=\"og:image\" content=\"https:\/\/www.meydan.tv\/wp-content\/uploads\/413315821.jpg\" \/>\n\t<meta property=\"og:image:width\" content=\"1000\" \/>\n\t<meta property=\"og:image:height\" content=\"541\" \/>\n\t<meta property=\"og:image:type\" content=\"image\/jpeg\" \/>\n<meta name=\"author\" content=\"elli\" \/>\n<meta name=\"twitter:card\" content=\"summary_large_image\" \/>\n<meta name=\"twitter:creator\" content=\"@elli\" \/>\n<script type=\"application\/ld+json\" class=\"yoast-schema-graph\">{\"@context\":\"https:\\\/\\\/schema.org\",\"@graph\":[{\"@type\":\"Article\",\"@id\":\"https:\\\/\\\/www.meydan.tv\\\/az\\\/article\\\/goycayda-gorme-engeli-usagin-pensiyasi-ikiillik-berpa-olunub\\\/#article\",\"isPartOf\":{\"@id\":\"https:\\\/\\\/www.meydan.tv\\\/az\\\/article\\\/goycayda-gorme-engeli-usagin-pensiyasi-ikiillik-berpa-olunub\\\/\"},\"author\":{\"name\":\"elli\",\"@id\":\"https:\\\/\\\/www.meydan.tv\\\/az\\\/#\\\/schema\\\/person\\\/9cdbecf90d17180ce1dfbd95b08dcf47\"},\"headline\":\"G\u00f6y\u00e7ayda g\u00f6rm\u0259 \u0259ng\u0259li u\u015fa\u011f\u0131n pensiyas\u0131 ikiillik b\u0259rpa olunub\",\"datePublished\":\"2023-01-12T14:28:06+00:00\",\"dateModified\":\"2023-01-12T14:28:10+00:00\",\"mainEntityOfPage\":{\"@id\":\"https:\\\/\\\/www.meydan.tv\\\/az\\\/article\\\/goycayda-gorme-engeli-usagin-pensiyasi-ikiillik-berpa-olunub\\\/\"},\"wordCount\":1193,\"publisher\":{\"@id\":\"https:\\\/\\\/www.meydan.tv\\\/az\\\/#organization\"},\"image\":{\"@id\":\"https:\\\/\\\/www.meydan.tv\\\/az\\\/article\\\/goycayda-gorme-engeli-usagin-pensiyasi-ikiillik-berpa-olunub\\\/#primaryimage\"},\"thumbnailUrl\":\"https:\\\/\\\/www.meydan.tv\\\/wp-content\\\/uploads\\\/413315821.jpg\",\"articleSection\":[\"B\u00f6lg\u0259\",\"X\u0259b\u0259rl\u0259r\"],\"inLanguage\":\"az\"},{\"@type\":\"WebPage\",\"@id\":\"https:\\\/\\\/www.meydan.tv\\\/az\\\/article\\\/goycayda-gorme-engeli-usagin-pensiyasi-ikiillik-berpa-olunub\\\/\",\"url\":\"https:\\\/\\\/www.meydan.tv\\\/az\\\/article\\\/goycayda-gorme-engeli-usagin-pensiyasi-ikiillik-berpa-olunub\\\/\",\"name\":\"G\u00f6y\u00e7ayda g\u00f6rm\u0259 \u0259ng\u0259li u\u015fa\u011f\u0131n pensiyas\u0131 ikiillik b\u0259rpa olunub - MEYDAN.TV\",\"isPartOf\":{\"@id\":\"https:\\\/\\\/www.meydan.tv\\\/az\\\/#website\"},\"primaryImageOfPage\":{\"@id\":\"https:\\\/\\\/www.meydan.tv\\\/az\\\/article\\\/goycayda-gorme-engeli-usagin-pensiyasi-ikiillik-berpa-olunub\\\/#primaryimage\"},\"image\":{\"@id\":\"https:\\\/\\\/www.meydan.tv\\\/az\\\/article\\\/goycayda-gorme-engeli-usagin-pensiyasi-ikiillik-berpa-olunub\\\/#primaryimage\"},\"thumbnailUrl\":\"https:\\\/\\\/www.meydan.tv\\\/wp-content\\\/uploads\\\/413315821.jpg\",\"datePublished\":\"2023-01-12T14:28:06+00:00\",\"dateModified\":\"2023-01-12T14:28:10+00:00\",\"breadcrumb\":{\"@id\":\"https:\\\/\\\/www.meydan.tv\\\/az\\\/article\\\/goycayda-gorme-engeli-usagin-pensiyasi-ikiillik-berpa-olunub\\\/#breadcrumb\"},\"inLanguage\":\"az\",\"potentialAction\":[{\"@type\":\"ReadAction\",\"target\":[\"https:\\\/\\\/www.meydan.tv\\\/az\\\/article\\\/goycayda-gorme-engeli-usagin-pensiyasi-ikiillik-berpa-olunub\\\/\"]}]},{\"@type\":\"ImageObject\",\"inLanguage\":\"az\",\"@id\":\"https:\\\/\\\/www.meydan.tv\\\/az\\\/article\\\/goycayda-gorme-engeli-usagin-pensiyasi-ikiillik-berpa-olunub\\\/#primaryimage\",\"url\":\"https:\\\/\\\/www.meydan.tv\\\/wp-content\\\/uploads\\\/413315821.jpg\",\"contentUrl\":\"https:\\\/\\\/www.meydan.tv\\\/wp-content\\\/uploads\\\/413315821.jpg\",\"width\":1000,\"height\":541,\"caption\":\"M\u0259nb\u0259: G\u00f6y\u00e7ay Rayon \u0130cra Hakimiyy\u0259ti\"},{\"@type\":\"BreadcrumbList\",\"@id\":\"https:\\\/\\\/www.meydan.tv\\\/az\\\/article\\\/goycayda-gorme-engeli-usagin-pensiyasi-ikiillik-berpa-olunub\\\/#breadcrumb\",\"itemListElement\":[{\"@type\":\"ListItem\",\"position\":1,\"name\":\"Ana s\u0259hif\u0259\",\"item\":\"https:\\\/\\\/www.meydan.tv\\\/az\\\/\"},{\"@type\":\"ListItem\",\"position\":2,\"name\":\"B\u00f6lg\u0259\",\"item\":\"https:\\\/\\\/www.meydan.tv\\\/az\\\/section\\\/bolge\\\/\"},{\"@type\":\"ListItem\",\"position\":3,\"name\":\"G\u00f6y\u00e7ayda g\u00f6rm\u0259 \u0259ng\u0259li u\u015fa\u011f\u0131n pensiyas\u0131 ikiillik b\u0259rpa olunub\"}]},{\"@type\":\"WebSite\",\"@id\":\"https:\\\/\\\/www.meydan.tv\\\/az\\\/#website\",\"url\":\"https:\\\/\\\/www.meydan.tv\\\/az\\\/\",\"name\":\"MEYDAN.TV\",\"description\":\"Meydan TV Az\u0259rbaycan\u0131n media m\u0259kan\u0131ndak\u0131 alternativ s\u0259sidir\",\"publisher\":{\"@id\":\"https:\\\/\\\/www.meydan.tv\\\/az\\\/#organization\"},\"potentialAction\":[{\"@type\":\"SearchAction\",\"target\":{\"@type\":\"EntryPoint\",\"urlTemplate\":\"https:\\\/\\\/www.meydan.tv\\\/az\\\/?s={search_term_string}\"},\"query-input\":{\"@type\":\"PropertyValueSpecification\",\"valueRequired\":true,\"valueName\":\"search_term_string\"}}],\"inLanguage\":\"az\"},{\"@type\":\"Organization\",\"@id\":\"https:\\\/\\\/www.meydan.tv\\\/az\\\/#organization\",\"name\":\"Meydan TV\",\"url\":\"https:\\\/\\\/www.meydan.tv\\\/az\\\/\",\"logo\":{\"@type\":\"ImageObject\",\"inLanguage\":\"az\",\"@id\":\"https:\\\/\\\/www.meydan.tv\\\/az\\\/#\\\/schema\\\/logo\\\/image\\\/\",\"url\":\"https:\\\/\\\/www.meydan.tv\\\/wp-content\\\/uploads\\\/2021\\\/07\\\/meydan-logo.svg\",\"contentUrl\":\"https:\\\/\\\/www.meydan.tv\\\/wp-content\\\/uploads\\\/2021\\\/07\\\/meydan-logo.svg\",\"width\":195,\"height\":46,\"caption\":\"Meydan TV\"},\"image\":{\"@id\":\"https:\\\/\\\/www.meydan.tv\\\/az\\\/#\\\/schema\\\/logo\\\/image\\\/\"}},{\"@type\":\"Person\",\"@id\":\"https:\\\/\\\/www.meydan.tv\\\/az\\\/#\\\/schema\\\/person\\\/9cdbecf90d17180ce1dfbd95b08dcf47\",\"name\":\"elli\",\"sameAs\":[\"https:\\\/\\\/x.com\\\/elli\"]}]}<\/script>\n<!-- \/ Yoast SEO plugin. -->","yoast_head_json":{"title":"G\u00f6y\u00e7ayda g\u00f6rm\u0259 \u0259ng\u0259li u\u015fa\u011f\u0131n pensiyas\u0131 ikiillik b\u0259rpa olunub - MEYDAN.TV","robots":{"index":"index","follow":"follow","max-snippet":"max-snippet:-1","max-image-preview":"max-image-preview:large","max-video-preview":"max-video-preview:-1"},"canonical":"https:\/\/www.meydan.tv\/az\/article\/goycayda-gorme-engeli-usagin-pensiyasi-ikiillik-berpa-olunub\/","og_locale":"az_AZ","og_type":"article","og_title":"G\u00f6y\u00e7ayda g\u00f6rm\u0259 \u0259ng\u0259li u\u015fa\u011f\u0131n pensiyas\u0131 ikiillik b\u0259rpa olunub - MEYDAN.TV","og_description":"L\u0259k\u00e7\u0131plaq sakini uzun m\u00fcdd\u0259t s\u00fcr\u00fcnd\u00fcr\u00fcld\u00fcy\u00fcn\u00fc bildirib G\u00f6y\u00e7ay\u0131n L\u0259k\u00e7\u0131plaq k\u0259nd sakini ... Davam\u0131","og_url":"https:\/\/www.meydan.tv\/az\/article\/goycayda-gorme-engeli-usagin-pensiyasi-ikiillik-berpa-olunub\/","og_site_name":"MEYDAN.TV","article_published_time":"2023-01-12T14:28:06+00:00","article_modified_time":"2023-01-12T14:28:10+00:00","og_image":[{"width":1000,"height":541,"url":"https:\/\/www.meydan.tv\/wp-content\/uploads\/413315821.jpg","type":"image\/jpeg"}],"author":"elli","twitter_card":"summary_large_image","twitter_creator":"@elli","schema":{"@context":"https:\/\/schema.org","@graph":[{"@type":"Article","@id":"https:\/\/www.meydan.tv\/az\/article\/goycayda-gorme-engeli-usagin-pensiyasi-ikiillik-berpa-olunub\/#article","isPartOf":{"@id":"https:\/\/www.meydan.tv\/az\/article\/goycayda-gorme-engeli-usagin-pensiyasi-ikiillik-berpa-olunub\/"},"author":{"name":"elli","@id":"https:\/\/www.meydan.tv\/az\/#\/schema\/person\/9cdbecf90d17180ce1dfbd95b08dcf47"},"headline":"G\u00f6y\u00e7ayda g\u00f6rm\u0259 \u0259ng\u0259li u\u015fa\u011f\u0131n pensiyas\u0131 ikiillik b\u0259rpa olunub","datePublished":"2023-01-12T14:28:06+00:00","dateModified":"2023-01-12T14:28:10+00:00","mainEntityOfPage":{"@id":"https:\/\/www.meydan.tv\/az\/article\/goycayda-gorme-engeli-usagin-pensiyasi-ikiillik-berpa-olunub\/"},"wordCount":1193,"publisher":{"@id":"https:\/\/www.meydan.tv\/az\/#organization"},"image":{"@id":"https:\/\/www.meydan.tv\/az\/article\/goycayda-gorme-engeli-usagin-pensiyasi-ikiillik-berpa-olunub\/#primaryimage"},"thumbnailUrl":"https:\/\/www.meydan.tv\/wp-content\/uploads\/413315821.jpg","articleSection":["B\u00f6lg\u0259","X\u0259b\u0259rl\u0259r"],"inLanguage":"az"},{"@type":"WebPage","@id":"https:\/\/www.meydan.tv\/az\/article\/goycayda-gorme-engeli-usagin-pensiyasi-ikiillik-berpa-olunub\/","url":"https:\/\/www.meydan.tv\/az\/article\/goycayda-gorme-engeli-usagin-pensiyasi-ikiillik-berpa-olunub\/","name":"G\u00f6y\u00e7ayda g\u00f6rm\u0259 \u0259ng\u0259li u\u015fa\u011f\u0131n pensiyas\u0131 ikiillik b\u0259rpa olunub - MEYDAN.TV","isPartOf":{"@id":"https:\/\/www.meydan.tv\/az\/#website"},"primaryImageOfPage":{"@id":"https:\/\/www.meydan.tv\/az\/article\/goycayda-gorme-engeli-usagin-pensiyasi-ikiillik-berpa-olunub\/#primaryimage"},"image":{"@id":"https:\/\/www.meydan.tv\/az\/article\/goycayda-gorme-engeli-usagin-pensiyasi-ikiillik-berpa-olunub\/#primaryimage"},"thumbnailUrl":"https:\/\/www.meydan.tv\/wp-content\/uploads\/413315821.jpg","datePublished":"2023-01-12T14:28:06+00:00","dateModified":"2023-01-12T14:28:10+00:00","breadcrumb":{"@id":"https:\/\/www.meydan.tv\/az\/article\/goycayda-gorme-engeli-usagin-pensiyasi-ikiillik-berpa-olunub\/#breadcrumb"},"inLanguage":"az","potentialAction":[{"@type":"ReadAction","target":["https:\/\/www.meydan.tv\/az\/article\/goycayda-gorme-engeli-usagin-pensiyasi-ikiillik-berpa-olunub\/"]}]},{"@type":"ImageObject","inLanguage":"az","@id":"https:\/\/www.meydan.tv\/az\/article\/goycayda-gorme-engeli-usagin-pensiyasi-ikiillik-berpa-olunub\/#primaryimage","url":"https:\/\/www.meydan.tv\/wp-content\/uploads\/413315821.jpg","contentUrl":"https:\/\/www.meydan.tv\/wp-content\/uploads\/413315821.jpg","width":1000,"height":541,"caption":"M\u0259nb\u0259: G\u00f6y\u00e7ay Rayon \u0130cra Hakimiyy\u0259ti"},{"@type":"BreadcrumbList","@id":"https:\/\/www.meydan.tv\/az\/article\/goycayda-gorme-engeli-usagin-pensiyasi-ikiillik-berpa-olunub\/#breadcrumb","itemListElement":[{"@type":"ListItem","position":1,"name":"Ana s\u0259hif\u0259","item":"https:\/\/www.meydan.tv\/az\/"},{"@type":"ListItem","position":2,"name":"B\u00f6lg\u0259","item":"https:\/\/www.meydan.tv\/az\/section\/bolge\/"},{"@type":"ListItem","position":3,"name":"G\u00f6y\u00e7ayda g\u00f6rm\u0259 \u0259ng\u0259li u\u015fa\u011f\u0131n pensiyas\u0131 ikiillik b\u0259rpa olunub"}]},{"@type":"WebSite","@id":"https:\/\/www.meydan.tv\/az\/#website","url":"https:\/\/www.meydan.tv\/az\/","name":"MEYDAN.TV","description":"Meydan TV Az\u0259rbaycan\u0131n media m\u0259kan\u0131ndak\u0131 alternativ s\u0259sidir","publisher":{"@id":"https:\/\/www.meydan.tv\/az\/#organization"},"potentialAction":[{"@type":"SearchAction","target":{"@type":"EntryPoint","urlTemplate":"https:\/\/www.meydan.tv\/az\/?s={search_term_string}"},"query-input":{"@type":"PropertyValueSpecification","valueRequired":true,"valueName":"search_term_string"}}],"inLanguage":"az"},{"@type":"Organization","@id":"https:\/\/www.meydan.tv\/az\/#organization","name":"Meydan TV","url":"https:\/\/www.meydan.tv\/az\/","logo":{"@type":"ImageObject","inLanguage":"az","@id":"https:\/\/www.meydan.tv\/az\/#\/schema\/logo\/image\/","url":"https:\/\/www.meydan.tv\/wp-content\/uploads\/2021\/07\/meydan-logo.svg","contentUrl":"https:\/\/www.meydan.tv\/wp-content\/uploads\/2021\/07\/meydan-logo.svg","width":195,"height":46,"caption":"Meydan TV"},"image":{"@id":"https:\/\/www.meydan.tv\/az\/#\/schema\/logo\/image\/"}},{"@type":"Person","@id":"https:\/\/www.meydan.tv\/az\/#\/schema\/person\/9cdbecf90d17180ce1dfbd95b08dcf47","name":"elli","sameAs":["https:\/\/x.com\/elli"]}]}},"_links":{"self":[{"href":"https:\/\/www.meydan.tv\/az\/wp-json\/wp\/v2\/posts\/265659","targetHints":{"allow":["GET"]}}],"collection":[{"href":"https:\/\/www.meydan.tv\/az\/wp-json\/wp\/v2\/posts"}],"about":[{"href":"https:\/\/www.meydan.tv\/az\/wp-json\/wp\/v2\/types\/post"}],"author":[{"embeddable":true,"href":"https:\/\/www.meydan.tv\/az\/wp-json\/wp\/v2\/users\/8"}],"replies":[{"embeddable":true,"href":"https:\/\/www.meydan.tv\/az\/wp-json\/wp\/v2\/comments?post=265659"}],"version-history":[{"count":2,"href":"https:\/\/www.meydan.tv\/az\/wp-json\/wp\/v2\/posts\/265659\/revisions"}],"predecessor-version":[{"id":265746,"href":"https:\/\/www.meydan.tv\/az\/wp-json\/wp\/v2\/posts\/265659\/revisions\/265746"}],"wp:featuredmedia":[{"embeddable":true,"href":"https:\/\/www.meydan.tv\/az\/wp-json\/wp\/v2\/media\/145434"}],"wp:attachment":[{"href":"https:\/\/www.meydan.tv\/az\/wp-json\/wp\/v2\/media?parent=265659"}],"wp:term":[{"taxonomy":"category","embeddable":true,"href":"https:\/\/www.meydan.tv\/az\/wp-json\/wp\/v2\/categories?post=265659"},{"taxonomy":"post_tag","embeddable":true,"href":"https:\/\/www.meydan.tv\/az\/wp-json\/wp\/v2\/tags?post=265659"}],"curies":[{"name":"wp","href":"https:\/\/api.w.org\/{rel}","templated":true}]}}