{"id":265632,"date":"2023-01-12T17:01:49","date_gmt":"2023-01-12T13:01:49","guid":{"rendered":"https:\/\/www.meydan.tv\/?p=265632"},"modified":"2023-01-12T17:03:48","modified_gmt":"2023-01-12T13:03:48","slug":"ekologiya-ve-tebii-servetler-nazirliyi-islik-material-ticareti-ile-mesguldur","status":"publish","type":"post","link":"https:\/\/www.meydan.tv\/az\/article\/ekologiya-ve-tebii-servetler-nazirliyi-islik-material-ticareti-ile-mesguldur\/","title":{"rendered":"\u201cEkologiya v\u0259 T\u0259bii S\u0259rv\u0259tl\u0259r Nazirliyi i\u015flik material ticar\u0259ti il\u0259 m\u0259\u015f\u011fuldur\u201d"},"content":{"rendered":"\n<p><\/p>\n\n\n\n<p><em>Sakinl\u0259r v\u0259 ekoloqlar a\u011faclar\u0131n ye\u015fik d\u00fcz\u0259ltm\u0259k m\u0259qs\u0259dil\u0259 k\u0259sildiyini deyir, nazirlik iddian\u0131 r\u0259dd edir<\/em><br><\/p>\n\n\n\n<p>\u201cMe\u015f\u0259d\u0259ki irig\u00f6vd\u0259li, sa\u011flam a\u011faclar\u0131 k\u0259sib taxta sexl\u0259rin\u0259 da\u015f\u0131y\u0131rlar. Bu g\u00fcnl\u0259rd\u0259 Ekologiya v\u0259 T\u0259bii S\u0259rv\u0259tl\u0259r Nazirliyinin n\u00fcmay\u0259nd\u0259l\u0259ri d\u0259 g\u0259lib, \u0259raziy\u0259 bax\u0131\u015f ke\u00e7irdil\u0259r. Amma bizim m\u00fcraci\u0259timiz n\u0259tic\u0259siz qald\u0131, guya, a\u011faclar\u0131n k\u0259silm\u0259si fakt\u0131 t\u0259sdiql\u0259nm\u0259di\u201d.<\/p>\n\n\n\n<p>Bunu Meydan TV-y\u0259 O\u011fuz rayonun Tay\u0131fl\u0131 k\u0259nd sakinl\u0259ri bildiribl\u0259r. Sakinl\u0259rin s\u00f6zl\u0259rin\u0259 g\u00f6r\u0259, k\u0259ndin \u0259traf\u0131ndak\u0131 me\u015f\u0259l\u0259rinin qorunmas\u0131na cavabdeh \u015f\u0259xsl\u0259r m\u0259s\u0259l\u0259ni \u00f6rt-basd\u0131r etm\u0259y\u0259 \u00e7al\u0131\u015f\u0131rlar.<\/p>\n\n\n\n<p>\u201cBiz sakinl\u0259r me\u015f\u0259l\u0259rimizi \u201cdelimka\u201d ad\u0131 alt\u0131nda \u0259n sa\u011flam v\u0259 yek\u0259 a\u011falar\u0131n\u0131n \u201cDrujba\u201d al\u0259til\u0259 q\u0131rd\u0131r\u0131lmas\u0131n\u0131n t\u0259\u015fkilat\u00e7\u0131lar\u0131n\u0131n kim oldu\u011funu da bilirik. H\u0259min \u015f\u0259xsl\u0259rd\u0259n biri la\u00e7\u0131nl\u0131d\u0131r, O\u011fuzda \u00f6z\u00fcn\u0259 d\u00f6rd ev tikdirib. H\u0259min \u015f\u0259xsin qohumu me\u015f\u0259b\u0259yidir, dig\u0259r qohumu nazirlikd\u0259 \u00e7al\u0131\u015f\u0131r. Me\u015f\u0259d\u0259ki q\u0131r\u0131lan a\u011faclar\u0131n hans\u0131 avtomobill\u0259 da\u015f\u0131nd\u0131\u011f\u0131n\u0131n da \u015fahidi olmu\u015fuq\u201d, &#8211; sakinl\u0259rd\u0259n biri deyib.<\/p>\n\n\n<div class=\"wp-block-image\">\n<figure class=\"aligncenter size-large\"><img decoding=\"async\" width=\"1095\" height=\"821\" data-src=\"https:\/\/www.meydan.tv\/wp-content\/uploads\/eco1_720-1095x821.jpg\" alt=\"\" class=\"wp-image-265619 lazyload\" src=\"data:image\/svg+xml;base64,PHN2ZyB3aWR0aD0iMSIgaGVpZ2h0PSIxIiB4bWxucz0iaHR0cDovL3d3dy53My5vcmcvMjAwMC9zdmciPjwvc3ZnPg==\" style=\"--smush-placeholder-width: 1095px; --smush-placeholder-aspect-ratio: 1095\/821;\" \/><\/figure>\n<\/div>\n\n\n<p>\u015eikay\u0259t\u00e7il\u0259r deyirl\u0259r ki, k\u0259sil\u0259n a\u011faclar\u0131 x\u0259st\u0259 v\u0259 ya qurumu\u015f kimi qeyd\u0259 al\u0131n\u0131r:<\/p>\n\n\n\n<p>\u201cA\u011faclar\u0131 taxta sexl\u0259rin\u0259 apar\u0131b alma, pomidor, xurma y\u0131\u011fmaq \u00fc\u00e7\u00fcn taxta ye\u015fikl\u0259r d\u00fcz\u0259ldirl\u0259r. Biz Tay\u0131fl\u0131 me\u015f\u0259sinin me\u015f\u0259b\u0259yind\u0259n a\u011faclar\u0131n k\u0259silib da\u015f\u0131nmas\u0131na qar\u015f\u0131 t\u0259dbir g\u00f6rm\u0259sini ist\u0259dik. Cavab verdi ki, onun qar\u0131\u015fa bil\u0259c\u0259yi m\u0259s\u0259l\u0259 deyil. Me\u015f\u0259b\u0259yinin etiraf videosu m\u00fcraci\u0259t etdiyimiz d\u00f6vl\u0259t qurumlar\u0131na g\u00f6nd\u0259rilib\u201d.<\/p>\n\n\n\n<p>Sakinl\u0259r a\u011faclar\u0131n k\u0259silm\u0259sinin ara\u015fd\u0131r\u0131lmas\u0131 \u00fc\u00e7\u00fcn Prezident \u0130lham \u018fliyev\u0259 m\u00fcraci\u0259t edibl\u0259r.<\/p>\n\n\n\n<p>Tay\u0131fl\u0131 k\u0259nd icra n\u00fcmay\u0259nd\u0259si Sahib Balaki\u015fiyev Meydan TV-y\u0259 bildirib ki, me\u015f\u0259d\u0259 a\u011fac k\u0259silm\u0259si il\u0259 ba\u011fl\u0131 m\u0259lumatl\u0131 deyil.<\/p>\n\n\n\n<p>\u201cEcofront\u201d t\u0259\u015fkilat\u0131n\u0131n \u0259m\u0259kda\u015f\u0131 K\u0259nan X\u0259lilzad\u0259 is\u0259 bildirib ki, sakinl\u0259r m\u0259s\u0259l\u0259 il\u0259 ba\u011fl\u0131 onlara da m\u00fcraci\u0259t edibl\u0259r.<\/p>\n\n\n\n<p>\u201cO\u011fuz rayonu, Tay\u0131fl\u0131 k\u0259ndi yax\u0131nl\u0131\u011f\u0131nda me\u015f\u0259d\u0259 bir ne\u00e7\u0259 g\u00fcn \u0259vv\u0259l iri diametrli, t\u0259xmini diametri 1.80 sm olan 50- y\u0259 yax\u0131n v\u0259 orta diametrli onlarla a\u011fac k\u0259silib. Bununla ba\u011fl\u0131 sakinl\u0259rin m\u00fcraci\u0259tini \u0259ks etdir\u0259n videog\u00f6r\u00fcnt\u00fc d\u0259 var. Baxmayaraq ki, nazirlik sakinl\u0259r t\u0259r\u0259find\u0259n m\u00fcraci\u0259t edilm\u0259diyini s\u00fcbut etm\u0259y\u0259 \u00e7al\u0131\u015f\u0131r\u201d,- K.X\u0259lilzad\u0259 deyib.<\/p>\n\n\n\n<figure class=\"wp-block-image size-full\"><img decoding=\"async\" width=\"1200\" height=\"800\" data-src=\"https:\/\/www.meydan.tv\/wp-content\/uploads\/untitled-design-90.jpg\" alt=\"\" class=\"wp-image-265628 lazyload\" src=\"data:image\/svg+xml;base64,PHN2ZyB3aWR0aD0iMSIgaGVpZ2h0PSIxIiB4bWxucz0iaHR0cDovL3d3dy53My5vcmcvMjAwMC9zdmciPjwvc3ZnPg==\" style=\"--smush-placeholder-width: 1200px; --smush-placeholder-aspect-ratio: 1200\/800;\" \/><\/figure>\n\n\n\n<p>Ekologiya v\u0259 T\u0259bii S\u0259rv\u0259tl\u0259r Nazirliyinin a\u00e7\u0131qlamas\u0131nda is\u0259 deylir ki, O\u011fuz rayonu Tay\u0131fl\u0131 k\u0259ndinin \u0259traf\u0131ndak\u0131 me\u015f\u0259l\u0259rd\u0259 a\u011faclar\u0131n k\u00fctl\u0259vi \u015f\u0259kild\u0259 k\u0259sil\u0259r\u0259k a\u011fac emal\u0131 sexl\u0259rin\u0259 da\u015f\u0131nmas\u0131 bar\u0259d\u0259 yay\u0131lm\u0131\u015f m\u0259lumatlarla ba\u011fl\u0131 bayram g\u00fcnl\u0259rind\u0259 D\u00f6vl\u0259t Ekoloji T\u0259hl\u00fck\u0259sizlik Xidm\u0259tinin \u0259m\u0259kda\u015flar\u0131 t\u0259r\u0259find\u0259n ara\u015fd\u0131rma apar\u0131l\u0131b.<\/p>\n\n\n\n<p>Ekologiya v\u0259 T\u0259bii S\u0259rv\u0259tl\u0259r Nazirliyinin D\u00f6vl\u0259t Ekoloji Xidm\u0259tinin r\u0259isi Hikm\u0259t \u018flizad\u0259 bildirib ki, ara\u015fd\u0131rma zaman\u0131 s\u00f6z\u00fcged\u0259n m\u0259lumatda adlar\u0131 \u015fikay\u0259t\u00e7i kimi \u00e7\u0259kil\u0259n v\u0259t\u0259nda\u015flar\u0131n m\u00fcraci\u0259td\u0259n x\u0259b\u0259rsiz oldu\u011fu m\u00fc\u0259yy\u0259n edilib:<\/p>\n\n\n\n<p>&#8220;O\u011fuz rayonu Tay\u0131fl\u0131 k\u0259nd sakinl\u0259ri \u015eirinov Tapd\u0131q Zahid o\u011flu, Dursunov M\u00fcrv\u0259t Seyid o\u011flu v\u0259 X\u0259lilov \u0130lham N\u0259cm\u0259ddin o\u011flu O\u011fuz Rayon \u0130cra Hakimiyy\u0259ti ba\u015f\u00e7\u0131s\u0131n\u0131n Tay\u0131fl\u0131 \u0130\u018fD \u00fczr\u0259 n\u00fcmay\u0259nd\u0259liyind\u0259 yaz\u0131l\u0131 izahat ver\u0259r\u0259k m\u00fcraci\u0259td\u0259 adlar\u0131n\u0131n qeyd olunmas\u0131na baxmayaraq, h\u0259min m\u00fcraci\u0259tin yaz\u0131lmas\u0131ndan x\u0259b\u0259rsiz olduqlar\u0131n\u0131 bildiribl\u0259r. Lakin buna baxmayaraq, O\u011fuz rayonu Tay\u0131fl\u0131 k\u0259nd \u0259traf\u0131nda yerl\u0259\u015f\u0259n me\u015f\u0259 dolaylar\u0131na yerind\u0259 bax\u0131\u015f ke\u00e7iril\u0259rk\u0259n a\u011faclar\u0131n k\u00fctl\u0259vi \u015f\u0259kild\u0259 k\u0259silm\u0259si v\u0259 a\u011fac emal\u0131 sexl\u0259rin\u0259 da\u015f\u0131nmas\u0131 hallar\u0131 qeyd\u0259 al\u0131nmay\u0131b\u201d.<\/p>\n\n\n\n<figure class=\"wp-block-image size-full\"><img decoding=\"async\" width=\"729\" height=\"487\" data-src=\"https:\/\/www.meydan.tv\/wp-content\/uploads\/6bf8db69-c2f7-48a8-9e35-bd6f3070c4e4_640.jpg\" alt=\"Ekologiya v\u0259 T\u0259bii S\u0259rv\u0259tl\u0259r Nazirliyi\" class=\"wp-image-138783 lazyload\" src=\"data:image\/svg+xml;base64,PHN2ZyB3aWR0aD0iMSIgaGVpZ2h0PSIxIiB4bWxucz0iaHR0cDovL3d3dy53My5vcmcvMjAwMC9zdmciPjwvc3ZnPg==\" style=\"--smush-placeholder-width: 729px; --smush-placeholder-aspect-ratio: 729\/487;\" \/><figcaption class=\"wp-element-caption\">Foto: Meydan TV<\/figcaption><\/figure>\n\n\n\n<p>Yanvar\u0131n 11-d\u0259 \u201cEcofront\u201d t\u0259\u015fkilat\u0131 me\u015f\u0259l\u0259rd\u0259 a\u011faclar\u0131n k\u0259silm\u0259si il\u0259 ba\u011fl\u0131 Az\u0259rbaycan Prezidenti \u0130lham \u018fliyev\u0259 <a href=\"https:\/\/www.facebook.com\/ecofront.az\/posts\/pfbid0gdJMQ3qDyRhD7CemB6A2M45idAYSmuRD5DTCmJKa7kzoXpvWRNBtrjdZK4kuQRiNl\" target=\"_blank\" rel=\"noreferrer noopener\">m\u00fcraci\u0259t<\/a>&nbsp;\u00fcnvanlay\u0131b.<\/p>\n\n\n\n<p>M\u00fcraci\u0259td\u0259 qeyd olunub ki, son ill\u0259r me\u015f\u0259l\u0259rd\u0259 kommersiya m\u0259qs\u0259di il\u0259 i\u015flik material t\u0259dar\u00fck\u00fc \u00fc\u00e7\u00fcn a\u011faclar\u0131n k\u00fctl\u0259vi k\u0259silm\u0259si t\u0259\u015fkilat\u0131 ciddi narahat edir:<\/p>\n\n\n\n<p>\u201cBu m\u0259qs\u0259dl\u0259 \u0259n sayse\u00e7m\u0259, d\u00fcz, h\u00fcnd\u00fcr, irig\u00f6vd\u0259li a\u011faclar se\u00e7ilib k\u0259silir. \u018fn narahatedici m\u0259qam is\u0259 odur ki, bu da\u011f\u0131d\u0131c\u0131 f\u0259aliyy\u0259tl\u0259r art\u0131q birba\u015fa Ekologiya v\u0259 T\u0259bii S\u0259rv\u0259tl\u0259r Nazirliyin verdiyi q\u0259rarlarla icra edilir.<br>C\u0259nab Prezident, xahi\u015f edirik me\u015f\u0259l\u0259rimizd\u0259 i\u015flik material t\u0259dar\u00fck\u00fcn\u00fc qada\u011fan ed\u0259siniz. Me\u015f\u0259 t\u0259s\u0259rr\u00fcfat\u0131nda t\u0259dar\u00fck edil\u0259n v\u0259 qanunsuz f\u0259aliyy\u0259tl\u0259rd\u0259n m\u00fcsadir\u0259 edil\u0259n odunca\u011f\u0131n ham\u0131s\u0131n\u0131n yaln\u0131zca qazla\u015fd\u0131r\u0131lmam\u0131\u015f ya\u015fay\u0131\u015f m\u0259nt\u0259q\u0259l\u0259rinin v\u0259 m\u00fc\u0259ssis\u0259l\u0259rin yanacaq odun t\u0259l\u0259bat\u0131n\u0131n qar\u015f\u0131lanmas\u0131na ayr\u0131lma\u011f\u0131na g\u00f6st\u0259ri\u015f ver\u0259siniz\u201d.<\/p>\n\n\n\n<p>M\u00fcraci\u0259td\u0259 daha sonra vur\u011fulan\u0131r ki, qanuni i\u015flik material t\u0259dar\u00fck\u00fc zaman\u0131 b\u00fcdc\u0259y\u0259 \u00e7ox cuzi \u00f6d\u0259ni\u015fl\u0259r edilir. \u00c7\u00fcnki qiym\u0259tl\u0259r 2004-c\u00fc ild\u0259n b\u0259ri d\u0259yi\u015fm\u0259yib v\u0259 real bazar qiym\u0259tl\u0259rind\u0259n 10 d\u0259f\u0259y\u0259 yax\u0131n ucuzdur:<\/p>\n\n\n\n<figure class=\"wp-block-image size-large\"><img decoding=\"async\" width=\"1095\" height=\"821\" data-src=\"https:\/\/www.meydan.tv\/wp-content\/uploads\/ecof-1095x821.jpg\" alt=\"\" class=\"wp-image-265625 lazyload\" src=\"data:image\/svg+xml;base64,PHN2ZyB3aWR0aD0iMSIgaGVpZ2h0PSIxIiB4bWxucz0iaHR0cDovL3d3dy53My5vcmcvMjAwMC9zdmciPjwvc3ZnPg==\" style=\"--smush-placeholder-width: 1095px; --smush-placeholder-aspect-ratio: 1095\/821;\" \/><\/figure>\n\n\n\n<p>\u201cBu v\u0259ziyy\u0259t cuzi r\u0259smi \u00f6d\u0259ni\u015f qar\u015f\u0131l\u0131\u011f\u0131nda sahibkarlara bu t\u0259dar\u00fck\u0259 \u00e7\u0131x\u0131\u015f imkan\u0131 yaradan m\u0259murlar \u00fc\u00e7\u00fcn korrupsiya m\u00fchiti yaratmaqla yana\u015f\u0131, dig\u0259r qanunsuz f\u0259aliyy\u0259tl\u0259rl\u0259 m\u00fcbariz\u0259 aparma\u011f\u0131 da praktik olaraq m\u00fcmk\u00fcns\u00fcz edir. Ki\u00e7ik bir miqdar qanuni i\u015flik material al\u0131\u015f\u0131 ed\u0259n sahibkar davaml\u0131 olaraq qanunsuz f\u0259aliyy\u0259tini bu al\u0131\u015f s\u0259n\u0259di il\u0259 \u0259sasland\u0131r\u0131r\u201d.<\/p>\n\n\n\n<p>T\u0259\u015fkilat xat\u0131rlad\u0131r ki, Az\u0259rbaycanda me\u015f\u0259 \u00f6rt\u00fcy\u00fc \u0259ks\u0259r \u00f6lk\u0259l\u0259rl\u0259 m\u00fcqayis\u0259d\u0259 \u00e7ox azd\u0131r. Az me\u015f\u0259 \u00f6rt\u00fcy\u00fcn\u00fcn b\u00f6y\u00fck bir hiss\u0259si is\u0259 uzun ill\u0259r antropogen t\u0259zyiq alt\u0131nda deqradasiyaya u\u011fray\u0131b.<\/p>\n\n\n\n<p>\u201cBizim m\u0259hdud me\u015f\u0259l\u0259rin torpaqqoruyucu, suqoruyucu, biom\u00fcxt\u0259lifliyin qorunmas\u0131 funkisyalar\u0131 onun s\u0259naye potensial\u0131ndan daha vacibdir. Bizim me\u015f\u0259l\u0259rin s\u0259naye potensial\u0131 \u00e7ox m\u0259hduddur. \u018fks\u0259r me\u015f\u0259l\u0259rimiz erroziyaya meylli s\u0259rt yamaclarda qal\u0131b. Buna g\u00f6r\u0259 d\u0259 b\u00fct\u00fcn q\u0131rmalar\u0131n y\u00fck\u00fc d\u00fcz\u0259n v\u0259 az meylli m\u0259hdud me\u015f\u0259l\u0259r\u0259 d\u00fc\u015f\u00fcr. Bu me\u015f\u0259l\u0259r is\u0259 \u0259traf k\u0259ndl\u0259rin otarma f\u0259aliyy\u0259tinin t\u0259zyiqi alt\u0131ndad\u0131r. Bu me\u015f\u0259l\u0259rd\u0259 b\u00f6y\u00fck a\u011faclar k\u0259sildikd\u0259 otarman\u0131n t\u0259zyiqi alt\u0131nda me\u015f\u0259 \u00f6z\u00fcn\u00fc b\u0259rpa ed\u0259 bilmir, daha s\u00fcr\u0259tl\u0259 deqradasiyaya u\u011fray\u0131r\u201d, &#8211; m\u00fcraci\u0259t m\u00fc\u0259llifl\u0259ri qeyd edib.<\/p>\n\n\n\n<figure class=\"wp-block-image size-large\"><img decoding=\"async\" width=\"1095\" height=\"821\" data-src=\"https:\/\/www.meydan.tv\/wp-content\/uploads\/eco-1095x821.jpg\" alt=\"\" class=\"wp-image-265616 lazyload\" src=\"data:image\/svg+xml;base64,PHN2ZyB3aWR0aD0iMSIgaGVpZ2h0PSIxIiB4bWxucz0iaHR0cDovL3d3dy53My5vcmcvMjAwMC9zdmciPjwvc3ZnPg==\" style=\"--smush-placeholder-width: 1095px; --smush-placeholder-aspect-ratio: 1095\/821;\" \/><\/figure>\n\n\n\n<p>T\u0259\u015fkilat qeyd edir ki, sovetl\u0259r d\u00f6vr\u00fcnd\u0259n qalan, \u0259n b\u00f6y\u00fck \u0259razisi v\u0259 n\u0259h\u0259ng me\u015f\u0259l\u0259ri olan Rusiyan\u0131n Me\u015f\u0259 M\u0259c\u0259ll\u0259sinin t\u0259rc\u00fcm\u0259si il\u0259 t\u0259rtib edilmi\u015f qanun il\u0259 me\u015f\u0259l\u0259ri idar\u0259 etm\u0259k, ona ancaq oduncaq, material kimi yana\u015fmaq dayan\u0131ql\u0131 yana\u015fma hesab edil\u0259 bilm\u0259z:<\/p>\n\n\n\n<p>\u201cT\u0259dar\u00fck edil\u0259n i\u015flik material\u0131n \u0259ks\u0259riyy\u0259ti meyv\u0259-t\u0259r\u0259v\u0259z ixrac\u0131 \u00fc\u00e7\u00fcn bir istifad\u0259lik taxta ye\u015fikl\u0259rin haz\u0131rlanmas\u0131na istiqam\u0259tl\u0259nir. Me\u015f\u0259l\u0259rimizin \u0259n g\u00f6z\u0259l a\u011faclar\u0131n\u0131n ye\u015fik istehsal\u0131 \u00fc\u00e7\u00fcn m\u0259hv edilm\u0259si v\u0259 buna qanuni don geyindirilm\u0259si q\u0259buledilm\u0259zdir. Bu f\u0259aliyy\u0259tl\u0259r b\u0259z\u0259n o q\u0259d\u0259r barbarcas\u0131na h\u0259yata ke\u00e7irilir ki, i\u015flik materiala yaramayan oduncaq me\u015f\u0259d\u0259 t\u0259rk edilir, odun t\u0259dar\u00fck\u00fc \u00fc\u00e7\u00fcn d\u0259 istifad\u0259 edilmir. Qazla\u015fd\u0131r\u0131lmam\u0131\u015f k\u0259ndl\u0259rd\u0259 insanlar yet\u0259rinc\u0259 yanacaq odun \u0259ld\u0259 ed\u0259 bilm\u0259diyi m\u00fcdd\u0259td\u0259 bizim Ekologiya v\u0259 T\u0259bii S\u0259rv\u0259tl\u0259r Nazirliyi i\u015flik material ticar\u0259ti il\u0259 m\u0259\u015f\u011fuldur\u201d.<\/p>\n\n\n\n<p>T\u0259\u015fkilat hesab edir ki, bu yana\u015fman\u0131n qar\u015f\u0131s\u0131nda Az\u0259rbaycanda sa\u011flam me\u015f\u0259 qala bilm\u0259z:<\/p>\n\n\n\n<p>\u201cQ\u0131rma sah\u0259l\u0259rinin v\u0259 normalar\u0131n\u0131n ayr\u0131lmas\u0131na q\u0259rar ver\u0259n v\u0259 n\u0259zar\u0259t ed\u0259n Ekologiya v\u0259 T\u0259bii S\u0259rv\u0259tl\u0259r Nazirliyinin v\u0259 onun \u0259sas q\u0259rarverici \u015f\u0259xsi c\u0259nab nazir Muxtar Babayevin ekoloji h\u0259ssasiyy\u0259tin\u0259 v\u0259 \u015f\u0259ffafl\u0131\u011f\u0131na bizim he\u00e7 bir g\u00fcv\u0259nimiz yoxdur. Buna s\u0259b\u0259b c\u0259nab nazirin r\u0259smi q\u0259rarlar\u0131 il\u0259 bu g\u00fcn\u0259 q\u0259d\u0259r ba\u015f ver\u0259n da\u011f\u0131d\u0131c\u0131 f\u0259aliyy\u0259tl\u0259rdir. Bu s\u0259b\u0259bd\u0259n biz siz\u0259 m\u00fcraci\u0259t etm\u0259k z\u0259rur\u0259tinin yarand\u0131\u011f\u0131n\u0131 d\u00fc\u015f\u00fcnd\u00fck.<br>C\u0259nab Prezident, \u00fcmid edirik xahi\u015fimizi n\u0259z\u0259r\u0259 alacaqs\u0131n\u0131z v\u0259 Az\u0259rbaycanda me\u015f\u0259l\u0259rin kommersiya m\u0259qs\u0259di il\u0259 q\u0131r\u0131lmas\u0131na bird\u0259f\u0259lik son qoyulacaq\u201d.<\/p>\n","protected":false},"excerpt":{"rendered":"<p>Sakinl\u0259r v\u0259 ekoloqlar a\u011faclar\u0131n ye\u015fik d\u00fcz\u0259ltm\u0259k m\u0259qs\u0259dil\u0259 k\u0259sildiyini deyir, nazirlik &#8230; <\/p>\n<p class=\"read-more-container\"><a title=\"\u201cEkologiya v\u0259 T\u0259bii S\u0259rv\u0259tl\u0259r Nazirliyi i\u015flik material ticar\u0259ti il\u0259 m\u0259\u015f\u011fuldur\u201d\" class=\"read-more button\" href=\"https:\/\/www.meydan.tv\/az\/article\/ekologiya-ve-tebii-servetler-nazirliyi-islik-material-ticareti-ile-mesguldur\/#more-265632\" aria-label=\"Read more about \u201cEkologiya v\u0259 T\u0259bii S\u0259rv\u0259tl\u0259r Nazirliyi i\u015flik material ticar\u0259ti il\u0259 m\u0259\u015f\u011fuldur\u201d\">Davam\u0131<\/a><\/p>\n","protected":false},"author":8,"featured_media":265622,"comment_status":"closed","ping_status":"closed","sticky":false,"template":"","format":"standard","meta":{"_acf_changed":false,"_sitemap_exclude":false,"_sitemap_priority":"","_sitemap_frequency":"","footnotes":""},"categories":[60,79,56],"tags":[],"class_list":["post-265632","post","type-post","status-publish","format-standard","has-post-thumbnail","hentry","category-bolge","category-featured","category-xeberler","infinite-scroll-item","generate-columns","tablet-grid-50","mobile-grid-100","grid-parent","grid-33","no-featured-image-padding"],"acf":[],"yoast_head":"<!-- This site is optimized with the Yoast SEO plugin v27.5 - https:\/\/yoast.com\/product\/yoast-seo-wordpress\/ -->\n<title>\u201cEkologiya v\u0259 T\u0259bii S\u0259rv\u0259tl\u0259r Nazirliyi i\u015flik material ticar\u0259ti il\u0259 m\u0259\u015f\u011fuldur\u201d - MEYDAN.TV<\/title>\n<meta name=\"robots\" content=\"index, follow, max-snippet:-1, max-image-preview:large, max-video-preview:-1\" \/>\n<link rel=\"canonical\" href=\"https:\/\/www.meydan.tv\/az\/article\/ekologiya-ve-tebii-servetler-nazirliyi-islik-material-ticareti-ile-mesguldur\/\" \/>\n<meta property=\"og:locale\" content=\"az_AZ\" \/>\n<meta property=\"og:type\" content=\"article\" \/>\n<meta property=\"og:title\" content=\"\u201cEkologiya v\u0259 T\u0259bii S\u0259rv\u0259tl\u0259r Nazirliyi i\u015flik material ticar\u0259ti il\u0259 m\u0259\u015f\u011fuldur\u201d - MEYDAN.TV\" \/>\n<meta property=\"og:description\" content=\"Sakinl\u0259r v\u0259 ekoloqlar a\u011faclar\u0131n ye\u015fik d\u00fcz\u0259ltm\u0259k m\u0259qs\u0259dil\u0259 k\u0259sildiyini deyir, nazirlik ... Davam\u0131\" \/>\n<meta property=\"og:url\" content=\"https:\/\/www.meydan.tv\/az\/article\/ekologiya-ve-tebii-servetler-nazirliyi-islik-material-ticareti-ile-mesguldur\/\" \/>\n<meta property=\"og:site_name\" content=\"MEYDAN.TV\" \/>\n<meta property=\"article:published_time\" content=\"2023-01-12T13:01:49+00:00\" \/>\n<meta property=\"article:modified_time\" content=\"2023-01-12T13:03:48+00:00\" \/>\n<meta property=\"og:image\" content=\"https:\/\/www.meydan.tv\/wp-content\/uploads\/ec-2_720.jpg\" \/>\n\t<meta property=\"og:image:width\" content=\"1200\" \/>\n\t<meta property=\"og:image:height\" content=\"900\" \/>\n\t<meta property=\"og:image:type\" content=\"image\/jpeg\" \/>\n<meta name=\"author\" content=\"elli\" \/>\n<meta name=\"twitter:card\" content=\"summary_large_image\" \/>\n<meta name=\"twitter:creator\" content=\"@elli\" \/>\n<script type=\"application\/ld+json\" class=\"yoast-schema-graph\">{\"@context\":\"https:\\\/\\\/schema.org\",\"@graph\":[{\"@type\":\"Article\",\"@id\":\"https:\\\/\\\/www.meydan.tv\\\/az\\\/article\\\/ekologiya-ve-tebii-servetler-nazirliyi-islik-material-ticareti-ile-mesguldur\\\/#article\",\"isPartOf\":{\"@id\":\"https:\\\/\\\/www.meydan.tv\\\/az\\\/article\\\/ekologiya-ve-tebii-servetler-nazirliyi-islik-material-ticareti-ile-mesguldur\\\/\"},\"author\":{\"name\":\"elli\",\"@id\":\"https:\\\/\\\/www.meydan.tv\\\/az\\\/#\\\/schema\\\/person\\\/9cdbecf90d17180ce1dfbd95b08dcf47\"},\"headline\":\"\u201cEkologiya v\u0259 T\u0259bii S\u0259rv\u0259tl\u0259r Nazirliyi i\u015flik material ticar\u0259ti il\u0259 m\u0259\u015f\u011fuldur\u201d\",\"datePublished\":\"2023-01-12T13:01:49+00:00\",\"dateModified\":\"2023-01-12T13:03:48+00:00\",\"mainEntityOfPage\":{\"@id\":\"https:\\\/\\\/www.meydan.tv\\\/az\\\/article\\\/ekologiya-ve-tebii-servetler-nazirliyi-islik-material-ticareti-ile-mesguldur\\\/\"},\"wordCount\":1621,\"publisher\":{\"@id\":\"https:\\\/\\\/www.meydan.tv\\\/az\\\/#organization\"},\"image\":{\"@id\":\"https:\\\/\\\/www.meydan.tv\\\/az\\\/article\\\/ekologiya-ve-tebii-servetler-nazirliyi-islik-material-ticareti-ile-mesguldur\\\/#primaryimage\"},\"thumbnailUrl\":\"https:\\\/\\\/www.meydan.tv\\\/wp-content\\\/uploads\\\/ec-2_720.jpg\",\"articleSection\":[\"B\u00f6lg\u0259\",\"T\u00f6vsiy\u0259\",\"X\u0259b\u0259rl\u0259r\"],\"inLanguage\":\"az\"},{\"@type\":\"WebPage\",\"@id\":\"https:\\\/\\\/www.meydan.tv\\\/az\\\/article\\\/ekologiya-ve-tebii-servetler-nazirliyi-islik-material-ticareti-ile-mesguldur\\\/\",\"url\":\"https:\\\/\\\/www.meydan.tv\\\/az\\\/article\\\/ekologiya-ve-tebii-servetler-nazirliyi-islik-material-ticareti-ile-mesguldur\\\/\",\"name\":\"\u201cEkologiya v\u0259 T\u0259bii S\u0259rv\u0259tl\u0259r Nazirliyi i\u015flik material ticar\u0259ti il\u0259 m\u0259\u015f\u011fuldur\u201d - MEYDAN.TV\",\"isPartOf\":{\"@id\":\"https:\\\/\\\/www.meydan.tv\\\/az\\\/#website\"},\"primaryImageOfPage\":{\"@id\":\"https:\\\/\\\/www.meydan.tv\\\/az\\\/article\\\/ekologiya-ve-tebii-servetler-nazirliyi-islik-material-ticareti-ile-mesguldur\\\/#primaryimage\"},\"image\":{\"@id\":\"https:\\\/\\\/www.meydan.tv\\\/az\\\/article\\\/ekologiya-ve-tebii-servetler-nazirliyi-islik-material-ticareti-ile-mesguldur\\\/#primaryimage\"},\"thumbnailUrl\":\"https:\\\/\\\/www.meydan.tv\\\/wp-content\\\/uploads\\\/ec-2_720.jpg\",\"datePublished\":\"2023-01-12T13:01:49+00:00\",\"dateModified\":\"2023-01-12T13:03:48+00:00\",\"breadcrumb\":{\"@id\":\"https:\\\/\\\/www.meydan.tv\\\/az\\\/article\\\/ekologiya-ve-tebii-servetler-nazirliyi-islik-material-ticareti-ile-mesguldur\\\/#breadcrumb\"},\"inLanguage\":\"az\",\"potentialAction\":[{\"@type\":\"ReadAction\",\"target\":[\"https:\\\/\\\/www.meydan.tv\\\/az\\\/article\\\/ekologiya-ve-tebii-servetler-nazirliyi-islik-material-ticareti-ile-mesguldur\\\/\"]}]},{\"@type\":\"ImageObject\",\"inLanguage\":\"az\",\"@id\":\"https:\\\/\\\/www.meydan.tv\\\/az\\\/article\\\/ekologiya-ve-tebii-servetler-nazirliyi-islik-material-ticareti-ile-mesguldur\\\/#primaryimage\",\"url\":\"https:\\\/\\\/www.meydan.tv\\\/wp-content\\\/uploads\\\/ec-2_720.jpg\",\"contentUrl\":\"https:\\\/\\\/www.meydan.tv\\\/wp-content\\\/uploads\\\/ec-2_720.jpg\",\"width\":1200,\"height\":900,\"caption\":\"Fotolar: \\\"Ecofront\\\"\"},{\"@type\":\"BreadcrumbList\",\"@id\":\"https:\\\/\\\/www.meydan.tv\\\/az\\\/article\\\/ekologiya-ve-tebii-servetler-nazirliyi-islik-material-ticareti-ile-mesguldur\\\/#breadcrumb\",\"itemListElement\":[{\"@type\":\"ListItem\",\"position\":1,\"name\":\"Ana s\u0259hif\u0259\",\"item\":\"https:\\\/\\\/www.meydan.tv\\\/az\\\/\"},{\"@type\":\"ListItem\",\"position\":2,\"name\":\"B\u00f6lg\u0259\",\"item\":\"https:\\\/\\\/www.meydan.tv\\\/az\\\/section\\\/bolge\\\/\"},{\"@type\":\"ListItem\",\"position\":3,\"name\":\"\u201cEkologiya v\u0259 T\u0259bii S\u0259rv\u0259tl\u0259r Nazirliyi i\u015flik material ticar\u0259ti il\u0259 m\u0259\u015f\u011fuldur\u201d\"}]},{\"@type\":\"WebSite\",\"@id\":\"https:\\\/\\\/www.meydan.tv\\\/az\\\/#website\",\"url\":\"https:\\\/\\\/www.meydan.tv\\\/az\\\/\",\"name\":\"MEYDAN.TV\",\"description\":\"Meydan TV Az\u0259rbaycan\u0131n media m\u0259kan\u0131ndak\u0131 alternativ s\u0259sidir\",\"publisher\":{\"@id\":\"https:\\\/\\\/www.meydan.tv\\\/az\\\/#organization\"},\"potentialAction\":[{\"@type\":\"SearchAction\",\"target\":{\"@type\":\"EntryPoint\",\"urlTemplate\":\"https:\\\/\\\/www.meydan.tv\\\/az\\\/?s={search_term_string}\"},\"query-input\":{\"@type\":\"PropertyValueSpecification\",\"valueRequired\":true,\"valueName\":\"search_term_string\"}}],\"inLanguage\":\"az\"},{\"@type\":\"Organization\",\"@id\":\"https:\\\/\\\/www.meydan.tv\\\/az\\\/#organization\",\"name\":\"Meydan TV\",\"url\":\"https:\\\/\\\/www.meydan.tv\\\/az\\\/\",\"logo\":{\"@type\":\"ImageObject\",\"inLanguage\":\"az\",\"@id\":\"https:\\\/\\\/www.meydan.tv\\\/az\\\/#\\\/schema\\\/logo\\\/image\\\/\",\"url\":\"https:\\\/\\\/www.meydan.tv\\\/wp-content\\\/uploads\\\/2021\\\/07\\\/meydan-logo.svg\",\"contentUrl\":\"https:\\\/\\\/www.meydan.tv\\\/wp-content\\\/uploads\\\/2021\\\/07\\\/meydan-logo.svg\",\"width\":195,\"height\":46,\"caption\":\"Meydan TV\"},\"image\":{\"@id\":\"https:\\\/\\\/www.meydan.tv\\\/az\\\/#\\\/schema\\\/logo\\\/image\\\/\"}},{\"@type\":\"Person\",\"@id\":\"https:\\\/\\\/www.meydan.tv\\\/az\\\/#\\\/schema\\\/person\\\/9cdbecf90d17180ce1dfbd95b08dcf47\",\"name\":\"elli\",\"sameAs\":[\"https:\\\/\\\/x.com\\\/elli\"]}]}<\/script>\n<!-- \/ Yoast SEO plugin. -->","yoast_head_json":{"title":"\u201cEkologiya v\u0259 T\u0259bii S\u0259rv\u0259tl\u0259r Nazirliyi i\u015flik material ticar\u0259ti il\u0259 m\u0259\u015f\u011fuldur\u201d - MEYDAN.TV","robots":{"index":"index","follow":"follow","max-snippet":"max-snippet:-1","max-image-preview":"max-image-preview:large","max-video-preview":"max-video-preview:-1"},"canonical":"https:\/\/www.meydan.tv\/az\/article\/ekologiya-ve-tebii-servetler-nazirliyi-islik-material-ticareti-ile-mesguldur\/","og_locale":"az_AZ","og_type":"article","og_title":"\u201cEkologiya v\u0259 T\u0259bii S\u0259rv\u0259tl\u0259r Nazirliyi i\u015flik material ticar\u0259ti il\u0259 m\u0259\u015f\u011fuldur\u201d - MEYDAN.TV","og_description":"Sakinl\u0259r v\u0259 ekoloqlar a\u011faclar\u0131n ye\u015fik d\u00fcz\u0259ltm\u0259k m\u0259qs\u0259dil\u0259 k\u0259sildiyini deyir, nazirlik ... Davam\u0131","og_url":"https:\/\/www.meydan.tv\/az\/article\/ekologiya-ve-tebii-servetler-nazirliyi-islik-material-ticareti-ile-mesguldur\/","og_site_name":"MEYDAN.TV","article_published_time":"2023-01-12T13:01:49+00:00","article_modified_time":"2023-01-12T13:03:48+00:00","og_image":[{"width":1200,"height":900,"url":"https:\/\/www.meydan.tv\/wp-content\/uploads\/ec-2_720.jpg","type":"image\/jpeg"}],"author":"elli","twitter_card":"summary_large_image","twitter_creator":"@elli","schema":{"@context":"https:\/\/schema.org","@graph":[{"@type":"Article","@id":"https:\/\/www.meydan.tv\/az\/article\/ekologiya-ve-tebii-servetler-nazirliyi-islik-material-ticareti-ile-mesguldur\/#article","isPartOf":{"@id":"https:\/\/www.meydan.tv\/az\/article\/ekologiya-ve-tebii-servetler-nazirliyi-islik-material-ticareti-ile-mesguldur\/"},"author":{"name":"elli","@id":"https:\/\/www.meydan.tv\/az\/#\/schema\/person\/9cdbecf90d17180ce1dfbd95b08dcf47"},"headline":"\u201cEkologiya v\u0259 T\u0259bii S\u0259rv\u0259tl\u0259r Nazirliyi i\u015flik material ticar\u0259ti il\u0259 m\u0259\u015f\u011fuldur\u201d","datePublished":"2023-01-12T13:01:49+00:00","dateModified":"2023-01-12T13:03:48+00:00","mainEntityOfPage":{"@id":"https:\/\/www.meydan.tv\/az\/article\/ekologiya-ve-tebii-servetler-nazirliyi-islik-material-ticareti-ile-mesguldur\/"},"wordCount":1621,"publisher":{"@id":"https:\/\/www.meydan.tv\/az\/#organization"},"image":{"@id":"https:\/\/www.meydan.tv\/az\/article\/ekologiya-ve-tebii-servetler-nazirliyi-islik-material-ticareti-ile-mesguldur\/#primaryimage"},"thumbnailUrl":"https:\/\/www.meydan.tv\/wp-content\/uploads\/ec-2_720.jpg","articleSection":["B\u00f6lg\u0259","T\u00f6vsiy\u0259","X\u0259b\u0259rl\u0259r"],"inLanguage":"az"},{"@type":"WebPage","@id":"https:\/\/www.meydan.tv\/az\/article\/ekologiya-ve-tebii-servetler-nazirliyi-islik-material-ticareti-ile-mesguldur\/","url":"https:\/\/www.meydan.tv\/az\/article\/ekologiya-ve-tebii-servetler-nazirliyi-islik-material-ticareti-ile-mesguldur\/","name":"\u201cEkologiya v\u0259 T\u0259bii S\u0259rv\u0259tl\u0259r Nazirliyi i\u015flik material ticar\u0259ti il\u0259 m\u0259\u015f\u011fuldur\u201d - MEYDAN.TV","isPartOf":{"@id":"https:\/\/www.meydan.tv\/az\/#website"},"primaryImageOfPage":{"@id":"https:\/\/www.meydan.tv\/az\/article\/ekologiya-ve-tebii-servetler-nazirliyi-islik-material-ticareti-ile-mesguldur\/#primaryimage"},"image":{"@id":"https:\/\/www.meydan.tv\/az\/article\/ekologiya-ve-tebii-servetler-nazirliyi-islik-material-ticareti-ile-mesguldur\/#primaryimage"},"thumbnailUrl":"https:\/\/www.meydan.tv\/wp-content\/uploads\/ec-2_720.jpg","datePublished":"2023-01-12T13:01:49+00:00","dateModified":"2023-01-12T13:03:48+00:00","breadcrumb":{"@id":"https:\/\/www.meydan.tv\/az\/article\/ekologiya-ve-tebii-servetler-nazirliyi-islik-material-ticareti-ile-mesguldur\/#breadcrumb"},"inLanguage":"az","potentialAction":[{"@type":"ReadAction","target":["https:\/\/www.meydan.tv\/az\/article\/ekologiya-ve-tebii-servetler-nazirliyi-islik-material-ticareti-ile-mesguldur\/"]}]},{"@type":"ImageObject","inLanguage":"az","@id":"https:\/\/www.meydan.tv\/az\/article\/ekologiya-ve-tebii-servetler-nazirliyi-islik-material-ticareti-ile-mesguldur\/#primaryimage","url":"https:\/\/www.meydan.tv\/wp-content\/uploads\/ec-2_720.jpg","contentUrl":"https:\/\/www.meydan.tv\/wp-content\/uploads\/ec-2_720.jpg","width":1200,"height":900,"caption":"Fotolar: \"Ecofront\""},{"@type":"BreadcrumbList","@id":"https:\/\/www.meydan.tv\/az\/article\/ekologiya-ve-tebii-servetler-nazirliyi-islik-material-ticareti-ile-mesguldur\/#breadcrumb","itemListElement":[{"@type":"ListItem","position":1,"name":"Ana s\u0259hif\u0259","item":"https:\/\/www.meydan.tv\/az\/"},{"@type":"ListItem","position":2,"name":"B\u00f6lg\u0259","item":"https:\/\/www.meydan.tv\/az\/section\/bolge\/"},{"@type":"ListItem","position":3,"name":"\u201cEkologiya v\u0259 T\u0259bii S\u0259rv\u0259tl\u0259r Nazirliyi i\u015flik material ticar\u0259ti il\u0259 m\u0259\u015f\u011fuldur\u201d"}]},{"@type":"WebSite","@id":"https:\/\/www.meydan.tv\/az\/#website","url":"https:\/\/www.meydan.tv\/az\/","name":"MEYDAN.TV","description":"Meydan TV Az\u0259rbaycan\u0131n media m\u0259kan\u0131ndak\u0131 alternativ s\u0259sidir","publisher":{"@id":"https:\/\/www.meydan.tv\/az\/#organization"},"potentialAction":[{"@type":"SearchAction","target":{"@type":"EntryPoint","urlTemplate":"https:\/\/www.meydan.tv\/az\/?s={search_term_string}"},"query-input":{"@type":"PropertyValueSpecification","valueRequired":true,"valueName":"search_term_string"}}],"inLanguage":"az"},{"@type":"Organization","@id":"https:\/\/www.meydan.tv\/az\/#organization","name":"Meydan TV","url":"https:\/\/www.meydan.tv\/az\/","logo":{"@type":"ImageObject","inLanguage":"az","@id":"https:\/\/www.meydan.tv\/az\/#\/schema\/logo\/image\/","url":"https:\/\/www.meydan.tv\/wp-content\/uploads\/2021\/07\/meydan-logo.svg","contentUrl":"https:\/\/www.meydan.tv\/wp-content\/uploads\/2021\/07\/meydan-logo.svg","width":195,"height":46,"caption":"Meydan TV"},"image":{"@id":"https:\/\/www.meydan.tv\/az\/#\/schema\/logo\/image\/"}},{"@type":"Person","@id":"https:\/\/www.meydan.tv\/az\/#\/schema\/person\/9cdbecf90d17180ce1dfbd95b08dcf47","name":"elli","sameAs":["https:\/\/x.com\/elli"]}]}},"_links":{"self":[{"href":"https:\/\/www.meydan.tv\/az\/wp-json\/wp\/v2\/posts\/265632","targetHints":{"allow":["GET"]}}],"collection":[{"href":"https:\/\/www.meydan.tv\/az\/wp-json\/wp\/v2\/posts"}],"about":[{"href":"https:\/\/www.meydan.tv\/az\/wp-json\/wp\/v2\/types\/post"}],"author":[{"embeddable":true,"href":"https:\/\/www.meydan.tv\/az\/wp-json\/wp\/v2\/users\/8"}],"replies":[{"embeddable":true,"href":"https:\/\/www.meydan.tv\/az\/wp-json\/wp\/v2\/comments?post=265632"}],"version-history":[{"count":2,"href":"https:\/\/www.meydan.tv\/az\/wp-json\/wp\/v2\/posts\/265632\/revisions"}],"predecessor-version":[{"id":265635,"href":"https:\/\/www.meydan.tv\/az\/wp-json\/wp\/v2\/posts\/265632\/revisions\/265635"}],"wp:featuredmedia":[{"embeddable":true,"href":"https:\/\/www.meydan.tv\/az\/wp-json\/wp\/v2\/media\/265622"}],"wp:attachment":[{"href":"https:\/\/www.meydan.tv\/az\/wp-json\/wp\/v2\/media?parent=265632"}],"wp:term":[{"taxonomy":"category","embeddable":true,"href":"https:\/\/www.meydan.tv\/az\/wp-json\/wp\/v2\/categories?post=265632"},{"taxonomy":"post_tag","embeddable":true,"href":"https:\/\/www.meydan.tv\/az\/wp-json\/wp\/v2\/tags?post=265632"}],"curies":[{"name":"wp","href":"https:\/\/api.w.org\/{rel}","templated":true}]}}