{"id":265612,"date":"2023-01-12T16:58:08","date_gmt":"2023-01-12T12:58:08","guid":{"rendered":"https:\/\/www.meydan.tv\/?p=265612"},"modified":"2023-01-12T22:05:37","modified_gmt":"2023-01-12T18:05:37","slug":"sefiqe-memmedova-kinoittifaqi-sederek-bazarina-cevirib","status":"publish","type":"post","link":"https:\/\/www.meydan.tv\/az\/article\/sefiqe-memmedova-kinoittifaqi-sederek-bazarina-cevirib\/","title":{"rendered":"<strong>\u201c\u015e\u0259fiq\u0259 M\u0259mm\u0259dova kinoittifaq\u0131 S\u0259d\u0259r\u0259k bazar\u0131na \u00e7evirib\u201d<\/strong>"},"content":{"rendered":"\n<p><\/p>\n\n\n\n<p><em>Rejissor s\u0259drd\u0259n prezident\u0259 \u015fikay\u0259t etdi<\/em><\/p>\n\n\n\n<p>\u201c\u015e\u0259fiq\u0259 M\u0259mm\u0259dova yenid\u0259n t\u0259xribat etm\u0259k ist\u0259yir. M\u0259n\u0259 m\u0259lumat \u00e7at\u0131b ki, \u0259lav\u0259 \u00fc\u00e7-be\u015f adam y\u0131\u011f\u0131b, yenid\u0259n x\u0259lv\u0259ti iclas ke\u00e7irib, \u00f6z\u00fcn\u00fc s\u0259dr elan etm\u0259k ist\u0259yir\u201d.<\/p>\n\n\n\n<p>Bunu Meydan TV-y\u0259 Az\u0259rbaycan Respublikas\u0131 Kinematoqraf\u00e7\u0131lar \u0130ttifaq\u0131n\u0131n (ARK\u0130) \u00fczv\u00fc, Xalq artisti, rejissor \u018fbd\u00fcl Mahmudb\u0259yov deyib.<\/p>\n\n\n\n<p>Bundan narahatl\u0131q ke\u00e7ir\u0259n rejissor Prezident \u0130lham \u018fliyev\u0259 m\u00fcraci\u0259t edir ki, m\u0259s\u0259l\u0259 n\u0259zar\u0259t\u0259 g\u00f6t\u00fcr\u00fcls\u00fcn:<\/p>\n\n\n\n<p>\u201c\u015e\u0259fiq\u0259 xan\u0131m, aidiyy\u0259ti qurumlardan x\u0259b\u0259rsiz, x\u0259lv\u0259ti, m\u0259tb\u0259xd\u0259, \u00e7ay s\u00fcfr\u0259si arxas\u0131nda idar\u0259 hey\u0259tind\u0259n \u00fc\u00e7-be\u015f n\u0259f\u0259ri y\u0131\u011f\u0131b \u00f6z\u00fcn\u00fc s\u0259dr se\u00e7dirib. Yalan\u00e7\u0131 iclas\u0131n protokolunu da \u018fdliyy\u0259 Nazirliyin\u0259 g\u00f6nd\u0259ribl\u0259r ki, t\u0259sdiq olunsun. Lakin bu ba\u015f tutmad\u0131. \u0130ndi yenid\u0259n saxta iclas ke\u00e7irm\u0259k ist\u0259yir. M\u0259n Prezident\u0259 m\u00fcraci\u0259t edir\u0259m, d\u00f6vl\u0259t bu i\u015fi n\u0259zar\u0259t\u0259 g\u00f6t\u00fcrm\u0259lidir. M\u0259s\u0259l\u0259 ara\u015fd\u0131r\u0131lmal\u0131d\u0131r, \u015e\u0259fiq\u0259 M\u0259mm\u0259dovan\u0131n yalan\u00e7\u0131 se\u00e7ki oyunu if\u015fa olunmal\u0131, o, c\u0259zaland\u0131r\u0131lmal\u0131d\u0131r. \u0130dar\u0259 hey\u0259tinin s\u0259dr se\u00e7m\u0259k s\u0259lahiyy\u0259ti yoxdur. S\u0259dr qurultay ke\u00e7iril\u0259r\u0259k se\u00e7ilir\u201d.<\/p>\n\n\n\n<p>\u018fbd\u00fcl Mahmudb\u0259yov deyir ki, \u0130ttifaq\u0131n nizamnam\u0259sin\u0259 g\u00f6r\u0259 se\u00e7kil\u0259r be\u015f ild\u0259n bir ke\u00e7irilm\u0259lidir.<\/p>\n\n\n\n<p>\u015e\u0259fiq\u0259 M\u0259mm\u0259dova is\u0259 art\u0131q on bir ildir ki, bu postdad\u0131r:<\/p>\n\n\n\n<p>\u201cAlt\u0131 ildir ki, orada qeyri-qanuni oturmusan. ARK\u0130-y\u0259 d\u00f6vl\u0259t b\u00fcdc\u0259sind\u0259n \u00fcmumilikd\u0259 bir milyona yax\u0131n pul ayr\u0131l\u0131b. Ayr\u0131l\u0131b ki, \u0130ttifaq ya\u015fas\u0131n. \u0130ttifaq\u0131 ya\u015fad\u0131n d\u0259, \u015f\u0259xsi m\u00fclk\u00fcn\u00fcz\u0259, ma\u011fazaya \u00e7evirmisiniz. ARK\u0130 sanki &#8220;S\u0259d\u0259r\u0259k&#8221; bazar\u0131d\u0131r. \u015e\u0259fiq\u0259 M\u0259mm\u0259dova bazar a\u00e7\u0131b, iclas ke\u00e7irir. \u0130ctimaiyy\u0259ti, d\u00f6vl\u0259ti, xalq\u0131 aldad\u0131r. Prezidenti aldadan da bunlard\u0131r, onun \u00fcmidini do\u011frultmayan da bunlard\u0131r. D\u00f6vl\u0259t b\u00fcdc\u0259sind\u0259n ayr\u0131lan v\u0259saiti \u00f6z ist\u0259dikl\u0259ri kimi x\u0259rcl\u0259y\u0259n d\u0259 bunlard\u0131r. G\u00f6r nec\u0259 \u015firnikib ki, qanuna da, kino i\u015f\u00e7il\u0259rin\u0259 d\u0259 meydan oxuyur. \u00d6z\u00fc d\u0259 kiml\u0259rins\u0259 ad\u0131n\u0131 halland\u0131r\u0131r ki, m\u0259nim arxamda filank\u0259sl\u0259r durub\u201d.<\/p>\n\n\n\n<p>\u201c\u0130ttifaqda d\u00f6vl\u0259t b\u00fcdc\u0259sind\u0259n k\u00fclli miqdarda pul yeyilir. Hara x\u0259cl\u0259ndiyini he\u00e7 kim bilmir\u201d, &#8211; Rejissor iddia edir.<\/p>\n\n\n\n<p>\u201cKino adamlar\u0131n\u0131n taleyi \u015f\u0259xsi \u00e7ayxanalarda, \u015f\u0259xsi maraqlar\u0131na g\u00f6r\u0259 bu q\u0259d\u0259r a\u015fa\u011f\u0131lanmal\u0131, t\u0259hqir olunmamal\u0131d\u0131r. Bu d\u00f6vl\u0259t, \u00f6lk\u0259 qanunlarla idar\u0259 olunur. Bu g\u00fcn artistin rejissorlara r\u0259hb\u0259rlik etm\u0259si g\u00fclm\u0259lidir. Kinonun tozunu udan, kino yaradan g\u0259ncl\u0259r qal\u0131b bir k\u0259narda, \u015e\u0259fiq\u0259 xan\u0131m l\u0259n\u0259t olub, yap\u0131\u015f\u0131b \u0130ttifaq\u0131n yaxas\u0131ndan\u201d, &#8211; dey\u0259 o bildirib.<\/p>\n\n\n\n<p>Xalq artisti t\u0259klif edir ki, ARK\u0130 il\u0259 (Az\u0259rbaycan Respublikas\u0131 Kinematoqraf\u00e7\u0131lar \u0130ttifaq\u0131) AK\u0130 (Az\u0259rbaycan Kinematoqraf\u00e7\u0131lar \u0130ttifaq\u0131) birl\u0259\u015fdirilsin.<\/p>\n\n\n\n<p>Hesab edir ki, kino olmayan yerd\u0259, iki ittifaqa he\u00e7 ehtiyac da yoxdur: <\/p>\n\n\n\n<p>\u201c\u0130ttifaq ictimai t\u0259\u015fkilatd\u0131r v\u0259 orada kino il\u0259 ba\u011fl\u0131 he\u00e7 n\u0259 h\u0259ll olunmur, oluna da bilm\u0259z. Az\u0259rbaycanda n\u0259 kino var ki, iki ittifaq\u0131 olsun? Kinonun yiy\u0259si var: M\u0259d\u0259niyy\u0259t Nazirliyi v\u0259 C\u0259f\u0259r Cabbarl\u0131 ad\u0131na Kinostudiyas\u0131. \u0130ttifaq kinoda araban\u0131n be\u015finci t\u0259k\u0259ri kimidir. \u0130ll\u0259r \u00f6nc\u0259 t\u0259klif etdim ki, g\u0259lin, bu \u0259lav\u0259 t\u0259k\u0259rl\u0259ri &#8211; ARK\u0130 il\u0259 AK\u0130-ni birl\u0259\u015fdir\u0259k. Nizamnam\u0259 \u0259sas\u0131nda qurultay ke\u00e7irib, s\u0259dr se\u00e7\u0259k. M\u0259nd\u0259n d\u00fc\u015fm\u0259n obraz\u0131 yaratd\u0131lar&#8221;.<\/p>\n\n\n\n<p>&#8220;Bu g\u00fcn kinoya \u0259n b\u00f6y\u00fck \u0259ng\u0259l, \u0259n b\u00f6y\u00fck mane\u0259 ittifaqlard\u0131r. K\u00f6hn\u0259 sovet d\u00f6n\u0259mind\u0259n qalm\u0131\u015f v\u0259 kinoya he\u00e7 n\u0259 etm\u0259y\u0259n bu ittifaqlar kino adamlar\u0131 \u00fc\u00e7\u00fcn ciddi qar\u015f\u0131durma, problem yarad\u0131b. M\u0259n b\u00fct\u00fcn kino adamlar\u0131n\u0131n ad\u0131ndan deyir\u0259m ki, uzaqba\u015f\u0131 mart ay\u0131na q\u0259d\u0259r qurultay \u00e7a\u011f\u0131r\u0131lmal\u0131d\u0131r. H\u0259r iki ittifaq bir yer\u0259 topla\u015fmal\u0131d\u0131r. D\u00f6vl\u0259t s\u0259viyy\u0259sind\u0259 n\u0259zar\u0259t olunub, qurultay ke\u00e7irilib, s\u0259dr se\u00e7ilm\u0259lidir\u201d, &#8211; rejissor bel\u0259 deyib.<\/p>\n\n\n\n<p>M\u0259s\u0259l\u0259 il\u0259 \u0259laq\u0259dar Xalq artisti \u015e\u0259fiq\u0259 M\u0259mm\u0259dovadan v\u0259 ARK\u0130-nin m\u0259tbuat xidm\u0259tind\u0259n m\u00fcnasib\u0259t \u00f6yr\u0259nm\u0259k m\u00fcmk\u00fcn olmay\u0131b.<\/p>\n\n\n\n<p>2022-ci il dekabr\u0131n 17-d\u0259 ARK\u0130 m\u0259lumat yay\u0131b ki, \u0130ttifaq\u0131n nizamnam\u0259sin\u0259 uy\u011fun olaraq \u015e\u0259fiq\u0259 M\u0259mm\u0259dova iclas i\u015ftirak\u00e7\u0131lar\u0131n\u0131n yekdil raz\u0131l\u0131\u011f\u0131na \u0259sas\u0259n, yenid\u0259n \u0130dar\u0259 Hey\u0259tinin s\u0259dri <a href=\"https:\/\/www.arki.az\/az\/news\/867\/azerbaycan-respublikasi-kinematoqrafcilar-ittifaqi-uzvlerinin-umumi-yigincagi-kecirilmisdir\" target=\"_blank\" rel=\"noreferrer noopener\">se\u00e7ilib<\/a>.<\/p>\n\n\n\n<p>Bu x\u0259b\u0259rd\u0259n sonra ARK\u0130 \u00fczvl\u0259ri aras\u0131nda g\u0259rginlik ya\u015fan\u0131b. B\u0259zi \u00fczvl\u0259r iclasdan x\u0259b\u0259rsiz olduqlar\u0131n\u0131 bildirib, naraz\u0131l\u0131q <a href=\"https:\/\/d9mc3ts4czbpr.cloudfront.net\/az\/article\/sefiqe-memmedovanin-sedrliyi-qeyde-alinsa-nazirliyi-mehkemeye-vereceyem\/\" target=\"_blank\" rel=\"noreferrer noopener\">edibl\u0259r<\/a>.<\/p>\n\n\n\n<p>Prezident Adminstrasiyas\u0131n\u0131n Humanitar siyas\u0259t, diaspor, multikulturalizm v\u0259 dini m\u0259s\u0259l\u0259l\u0259r \u015f\u00f6b\u0259sinin m\u00fcdiri F\u0259r\u0259h \u018fliyeva m\u0259tbuata iclasdan x\u0259b\u0259rsiz oldu\u011funu deyib.<br>M\u0259d\u0259niyy\u0259t Nazirliyinin aidiyy\u0259ti \u015f\u00f6b\u0259sind\u0259 d\u0259 bununla ba\u011fl\u0131 m\u0259lumats\u0131z olduqlar\u0131n\u0131 bildiribl\u0259r.<\/p>\n\n\n\n<p>Az\u0259rbaycan Respublikas\u0131 Kinematoqraf\u00e7\u0131lar \u0130ttifaq\u0131 (ARK\u0130) 2012-ci ild\u0259 Az\u0259rbaycan Kinematoqraf\u00e7\u0131lar \u0130ttifaq\u0131na (AK\u0130) alternativ olaraq yarad\u0131l\u0131b. H\u0259min ild\u0259n \u0130ttifaqa Xalq artisti, aktrisa \u015e\u0259fiq\u0259 M\u0259mm\u0259dova r\u0259hb\u0259rlik edir.<\/p>\n\n\n\n<p>Az\u0259rbaycan Kinematoqraf\u00e7\u0131lar \u0130ttifaq\u0131na (AK\u0130) 1981-ci ild\u0259n R\u00fcst\u0259m \u0130brahimb\u0259yov r\u0259hb\u0259rlik edirdi.<\/p>\n\n\n\n<p>2012-ci ild\u0259 R\u00fcst\u0259m \u0130brahimb\u0259yovun siyasi bax\u0131\u015flar\u0131na g\u00f6r\u0259 \u0130ttifaq H\u00f6kum\u0259t Evind\u0259ki ofisind\u0259n \u00e7\u0131xar\u0131l\u0131b.<\/p>\n\n\n\n<p>M\u00fcxalif siyasi q\u00fcvv\u0259l\u0259rin birl\u0259\u015fdiyi Milli \u015eura 2013-c\u00fc ilin prezident se\u00e7kisind\u0259 R\u00fcst\u0259m \u0130brahimb\u0259yovun namiz\u0259dliyini ir\u0259li s\u00fcr\u0259nd\u0259n sonra AK\u0130-d\u0259 ciddi probleml\u0259r yaran\u0131b.<\/p>\n\n\n\n<p>R\u00fcst\u0259m \u0130brahimb\u0259yov Moskvaya ged\u0259nd\u0259n sonra \u0130ttifaq\u0131n f\u0259aliyy\u0259ti dayan\u0131b.<\/p>\n\n\n\n<p>Bir ne\u00e7\u0259 ild\u0259n sonra \u0130ttifaq yenid\u0259n f\u0259aliyy\u0259tini b\u0259rpa edib.<\/p>\n\n\n\n<p>\u00d6lk\u0259d\u0259 iki kino ittifaq\u0131n\u0131n f\u0259aliyy\u0259t g\u00f6st\u0259rm\u0259si kino adamlar\u0131 aras\u0131nda ciddi probleml\u0259r, s\u00f6z-s\u00f6hb\u0259t\u0259, ayr\u0131-se\u00e7kiliy\u0259 s\u0259b\u0259b olub.<\/p>\n\n\n\n<p>Vaxtil\u0259 Az\u0259rbaycan Kinematoqraf\u00e7\u0131lar \u0130ttifaq\u0131nda birl\u0259\u015fmi\u015f rejissorlar, kino adamlar\u0131 iki ayr\u0131 c\u0259bh\u0259d\u0259dirl\u0259r.<\/p>\n\n\n\n<p>2022-ci ilin mart\u0131nda R\u00fcst\u0259m \u0130brahimb\u0259yov v\u0259fat edib.<\/p>\n\n\n\n<p>AK\u0130-d\u0259 qurultay ke\u00e7iril\u0259r\u0259k, s\u0259dr postuna Xalq artisti, aktyor Rasim Balayev g\u0259tirilib.<\/p>\n","protected":false},"excerpt":{"rendered":"<p>Rejissor s\u0259drd\u0259n prezident\u0259 \u015fikay\u0259t etdi \u201c\u015e\u0259fiq\u0259 M\u0259mm\u0259dova yenid\u0259n t\u0259xribat etm\u0259k &#8230; <\/p>\n<p class=\"read-more-container\"><a title=\"\u201c\u015e\u0259fiq\u0259 M\u0259mm\u0259dova kinoittifaq\u0131 S\u0259d\u0259r\u0259k bazar\u0131na \u00e7evirib\u201d\" class=\"read-more button\" href=\"https:\/\/www.meydan.tv\/az\/article\/sefiqe-memmedova-kinoittifaqi-sederek-bazarina-cevirib\/#more-265612\" aria-label=\"Read more about \u201c\u015e\u0259fiq\u0259 M\u0259mm\u0259dova kinoittifaq\u0131 S\u0259d\u0259r\u0259k bazar\u0131na \u00e7evirib\u201d\">Davam\u0131<\/a><\/p>\n","protected":false},"author":8,"featured_media":264497,"comment_status":"closed","ping_status":"closed","sticky":false,"template":"","format":"standard","meta":{"_acf_changed":false,"_sitemap_exclude":false,"_sitemap_priority":"","_sitemap_frequency":"","footnotes":""},"categories":[52,56],"tags":[],"class_list":["post-265612","post","type-post","status-publish","format-standard","has-post-thumbnail","hentry","category-medeniyyet","category-xeberler","infinite-scroll-item","generate-columns","tablet-grid-50","mobile-grid-100","grid-parent","grid-33","no-featured-image-padding"],"acf":[],"yoast_head":"<!-- This site is optimized with the Yoast SEO plugin v27.4 - https:\/\/yoast.com\/product\/yoast-seo-wordpress\/ -->\n<title>\u201c\u015e\u0259fiq\u0259 M\u0259mm\u0259dova kinoittifaq\u0131 S\u0259d\u0259r\u0259k bazar\u0131na \u00e7evirib\u201d - MEYDAN.TV<\/title>\n<meta name=\"robots\" content=\"index, follow, max-snippet:-1, max-image-preview:large, max-video-preview:-1\" \/>\n<link rel=\"canonical\" href=\"https:\/\/www.meydan.tv\/az\/article\/sefiqe-memmedova-kinoittifaqi-sederek-bazarina-cevirib\/\" \/>\n<meta property=\"og:locale\" content=\"az_AZ\" \/>\n<meta property=\"og:type\" content=\"article\" \/>\n<meta property=\"og:title\" content=\"\u201c\u015e\u0259fiq\u0259 M\u0259mm\u0259dova kinoittifaq\u0131 S\u0259d\u0259r\u0259k bazar\u0131na \u00e7evirib\u201d - MEYDAN.TV\" \/>\n<meta property=\"og:description\" content=\"Rejissor s\u0259drd\u0259n prezident\u0259 \u015fikay\u0259t etdi \u201c\u015e\u0259fiq\u0259 M\u0259mm\u0259dova yenid\u0259n t\u0259xribat etm\u0259k ... Davam\u0131\" \/>\n<meta property=\"og:url\" content=\"https:\/\/www.meydan.tv\/az\/article\/sefiqe-memmedova-kinoittifaqi-sederek-bazarina-cevirib\/\" \/>\n<meta property=\"og:site_name\" content=\"MEYDAN.TV\" \/>\n<meta property=\"article:published_time\" content=\"2023-01-12T12:58:08+00:00\" \/>\n<meta property=\"article:modified_time\" content=\"2023-01-12T18:05:37+00:00\" \/>\n<meta property=\"og:image\" content=\"https:\/\/www.meydan.tv\/wp-content\/uploads\/9777789-e1673526792715.jpg\" \/>\n\t<meta property=\"og:image:width\" content=\"1000\" \/>\n\t<meta property=\"og:image:height\" content=\"585\" \/>\n\t<meta property=\"og:image:type\" content=\"image\/jpeg\" \/>\n<meta name=\"author\" content=\"elli\" \/>\n<meta name=\"twitter:card\" content=\"summary_large_image\" \/>\n<meta name=\"twitter:creator\" content=\"@elli\" \/>\n<script type=\"application\/ld+json\" class=\"yoast-schema-graph\">{\"@context\":\"https:\\\/\\\/schema.org\",\"@graph\":[{\"@type\":\"Article\",\"@id\":\"https:\\\/\\\/www.meydan.tv\\\/az\\\/article\\\/sefiqe-memmedova-kinoittifaqi-sederek-bazarina-cevirib\\\/#article\",\"isPartOf\":{\"@id\":\"https:\\\/\\\/www.meydan.tv\\\/az\\\/article\\\/sefiqe-memmedova-kinoittifaqi-sederek-bazarina-cevirib\\\/\"},\"author\":{\"name\":\"elli\",\"@id\":\"https:\\\/\\\/www.meydan.tv\\\/az\\\/#\\\/schema\\\/person\\\/9cdbecf90d17180ce1dfbd95b08dcf47\"},\"headline\":\"\u201c\u015e\u0259fiq\u0259 M\u0259mm\u0259dova kinoittifaq\u0131 S\u0259d\u0259r\u0259k bazar\u0131na \u00e7evirib\u201d\",\"datePublished\":\"2023-01-12T12:58:08+00:00\",\"dateModified\":\"2023-01-12T18:05:37+00:00\",\"mainEntityOfPage\":{\"@id\":\"https:\\\/\\\/www.meydan.tv\\\/az\\\/article\\\/sefiqe-memmedova-kinoittifaqi-sederek-bazarina-cevirib\\\/\"},\"wordCount\":1138,\"publisher\":{\"@id\":\"https:\\\/\\\/www.meydan.tv\\\/az\\\/#organization\"},\"image\":{\"@id\":\"https:\\\/\\\/www.meydan.tv\\\/az\\\/article\\\/sefiqe-memmedova-kinoittifaqi-sederek-bazarina-cevirib\\\/#primaryimage\"},\"thumbnailUrl\":\"https:\\\/\\\/www.meydan.tv\\\/wp-content\\\/uploads\\\/9777789-e1673526792715.jpg\",\"articleSection\":[\"M\u0259d\u0259niyy\u0259t\",\"X\u0259b\u0259rl\u0259r\"],\"inLanguage\":\"az\"},{\"@type\":\"WebPage\",\"@id\":\"https:\\\/\\\/www.meydan.tv\\\/az\\\/article\\\/sefiqe-memmedova-kinoittifaqi-sederek-bazarina-cevirib\\\/\",\"url\":\"https:\\\/\\\/www.meydan.tv\\\/az\\\/article\\\/sefiqe-memmedova-kinoittifaqi-sederek-bazarina-cevirib\\\/\",\"name\":\"\u201c\u015e\u0259fiq\u0259 M\u0259mm\u0259dova kinoittifaq\u0131 S\u0259d\u0259r\u0259k bazar\u0131na \u00e7evirib\u201d - MEYDAN.TV\",\"isPartOf\":{\"@id\":\"https:\\\/\\\/www.meydan.tv\\\/az\\\/#website\"},\"primaryImageOfPage\":{\"@id\":\"https:\\\/\\\/www.meydan.tv\\\/az\\\/article\\\/sefiqe-memmedova-kinoittifaqi-sederek-bazarina-cevirib\\\/#primaryimage\"},\"image\":{\"@id\":\"https:\\\/\\\/www.meydan.tv\\\/az\\\/article\\\/sefiqe-memmedova-kinoittifaqi-sederek-bazarina-cevirib\\\/#primaryimage\"},\"thumbnailUrl\":\"https:\\\/\\\/www.meydan.tv\\\/wp-content\\\/uploads\\\/9777789-e1673526792715.jpg\",\"datePublished\":\"2023-01-12T12:58:08+00:00\",\"dateModified\":\"2023-01-12T18:05:37+00:00\",\"breadcrumb\":{\"@id\":\"https:\\\/\\\/www.meydan.tv\\\/az\\\/article\\\/sefiqe-memmedova-kinoittifaqi-sederek-bazarina-cevirib\\\/#breadcrumb\"},\"inLanguage\":\"az\",\"potentialAction\":[{\"@type\":\"ReadAction\",\"target\":[\"https:\\\/\\\/www.meydan.tv\\\/az\\\/article\\\/sefiqe-memmedova-kinoittifaqi-sederek-bazarina-cevirib\\\/\"]}]},{\"@type\":\"ImageObject\",\"inLanguage\":\"az\",\"@id\":\"https:\\\/\\\/www.meydan.tv\\\/az\\\/article\\\/sefiqe-memmedova-kinoittifaqi-sederek-bazarina-cevirib\\\/#primaryimage\",\"url\":\"https:\\\/\\\/www.meydan.tv\\\/wp-content\\\/uploads\\\/9777789-e1673526792715.jpg\",\"contentUrl\":\"https:\\\/\\\/www.meydan.tv\\\/wp-content\\\/uploads\\\/9777789-e1673526792715.jpg\",\"width\":1000,\"height\":585,\"caption\":\"\u015e\u0259fiq\u0259 M\u0259mm\u0259dova v\u0259 \u015eeyx \u018fbd\u00fcl Mahmudovb\u0259yov. Foto: \\\"azerforum.az\\\"\"},{\"@type\":\"BreadcrumbList\",\"@id\":\"https:\\\/\\\/www.meydan.tv\\\/az\\\/article\\\/sefiqe-memmedova-kinoittifaqi-sederek-bazarina-cevirib\\\/#breadcrumb\",\"itemListElement\":[{\"@type\":\"ListItem\",\"position\":1,\"name\":\"Ana s\u0259hif\u0259\",\"item\":\"https:\\\/\\\/www.meydan.tv\\\/az\\\/\"},{\"@type\":\"ListItem\",\"position\":2,\"name\":\"M\u0259d\u0259niyy\u0259t\",\"item\":\"https:\\\/\\\/www.meydan.tv\\\/az\\\/section\\\/medeniyyet\\\/\"},{\"@type\":\"ListItem\",\"position\":3,\"name\":\"\u201c\u015e\u0259fiq\u0259 M\u0259mm\u0259dova kinoittifaq\u0131 S\u0259d\u0259r\u0259k bazar\u0131na \u00e7evirib\u201d\"}]},{\"@type\":\"WebSite\",\"@id\":\"https:\\\/\\\/www.meydan.tv\\\/az\\\/#website\",\"url\":\"https:\\\/\\\/www.meydan.tv\\\/az\\\/\",\"name\":\"MEYDAN.TV\",\"description\":\"Meydan TV Az\u0259rbaycan\u0131n media m\u0259kan\u0131ndak\u0131 alternativ s\u0259sidir\",\"publisher\":{\"@id\":\"https:\\\/\\\/www.meydan.tv\\\/az\\\/#organization\"},\"potentialAction\":[{\"@type\":\"SearchAction\",\"target\":{\"@type\":\"EntryPoint\",\"urlTemplate\":\"https:\\\/\\\/www.meydan.tv\\\/az\\\/?s={search_term_string}\"},\"query-input\":{\"@type\":\"PropertyValueSpecification\",\"valueRequired\":true,\"valueName\":\"search_term_string\"}}],\"inLanguage\":\"az\"},{\"@type\":\"Organization\",\"@id\":\"https:\\\/\\\/www.meydan.tv\\\/az\\\/#organization\",\"name\":\"Meydan TV\",\"url\":\"https:\\\/\\\/www.meydan.tv\\\/az\\\/\",\"logo\":{\"@type\":\"ImageObject\",\"inLanguage\":\"az\",\"@id\":\"https:\\\/\\\/www.meydan.tv\\\/az\\\/#\\\/schema\\\/logo\\\/image\\\/\",\"url\":\"https:\\\/\\\/www.meydan.tv\\\/wp-content\\\/uploads\\\/2021\\\/07\\\/meydan-logo.svg\",\"contentUrl\":\"https:\\\/\\\/www.meydan.tv\\\/wp-content\\\/uploads\\\/2021\\\/07\\\/meydan-logo.svg\",\"width\":195,\"height\":46,\"caption\":\"Meydan TV\"},\"image\":{\"@id\":\"https:\\\/\\\/www.meydan.tv\\\/az\\\/#\\\/schema\\\/logo\\\/image\\\/\"}},{\"@type\":\"Person\",\"@id\":\"https:\\\/\\\/www.meydan.tv\\\/az\\\/#\\\/schema\\\/person\\\/9cdbecf90d17180ce1dfbd95b08dcf47\",\"name\":\"elli\",\"sameAs\":[\"https:\\\/\\\/x.com\\\/elli\"]}]}<\/script>\n<!-- \/ Yoast SEO plugin. -->","yoast_head_json":{"title":"\u201c\u015e\u0259fiq\u0259 M\u0259mm\u0259dova kinoittifaq\u0131 S\u0259d\u0259r\u0259k bazar\u0131na \u00e7evirib\u201d - MEYDAN.TV","robots":{"index":"index","follow":"follow","max-snippet":"max-snippet:-1","max-image-preview":"max-image-preview:large","max-video-preview":"max-video-preview:-1"},"canonical":"https:\/\/www.meydan.tv\/az\/article\/sefiqe-memmedova-kinoittifaqi-sederek-bazarina-cevirib\/","og_locale":"az_AZ","og_type":"article","og_title":"\u201c\u015e\u0259fiq\u0259 M\u0259mm\u0259dova kinoittifaq\u0131 S\u0259d\u0259r\u0259k bazar\u0131na \u00e7evirib\u201d - MEYDAN.TV","og_description":"Rejissor s\u0259drd\u0259n prezident\u0259 \u015fikay\u0259t etdi \u201c\u015e\u0259fiq\u0259 M\u0259mm\u0259dova yenid\u0259n t\u0259xribat etm\u0259k ... Davam\u0131","og_url":"https:\/\/www.meydan.tv\/az\/article\/sefiqe-memmedova-kinoittifaqi-sederek-bazarina-cevirib\/","og_site_name":"MEYDAN.TV","article_published_time":"2023-01-12T12:58:08+00:00","article_modified_time":"2023-01-12T18:05:37+00:00","og_image":[{"width":1000,"height":585,"url":"https:\/\/www.meydan.tv\/wp-content\/uploads\/9777789-e1673526792715.jpg","type":"image\/jpeg"}],"author":"elli","twitter_card":"summary_large_image","twitter_creator":"@elli","schema":{"@context":"https:\/\/schema.org","@graph":[{"@type":"Article","@id":"https:\/\/www.meydan.tv\/az\/article\/sefiqe-memmedova-kinoittifaqi-sederek-bazarina-cevirib\/#article","isPartOf":{"@id":"https:\/\/www.meydan.tv\/az\/article\/sefiqe-memmedova-kinoittifaqi-sederek-bazarina-cevirib\/"},"author":{"name":"elli","@id":"https:\/\/www.meydan.tv\/az\/#\/schema\/person\/9cdbecf90d17180ce1dfbd95b08dcf47"},"headline":"\u201c\u015e\u0259fiq\u0259 M\u0259mm\u0259dova kinoittifaq\u0131 S\u0259d\u0259r\u0259k bazar\u0131na \u00e7evirib\u201d","datePublished":"2023-01-12T12:58:08+00:00","dateModified":"2023-01-12T18:05:37+00:00","mainEntityOfPage":{"@id":"https:\/\/www.meydan.tv\/az\/article\/sefiqe-memmedova-kinoittifaqi-sederek-bazarina-cevirib\/"},"wordCount":1138,"publisher":{"@id":"https:\/\/www.meydan.tv\/az\/#organization"},"image":{"@id":"https:\/\/www.meydan.tv\/az\/article\/sefiqe-memmedova-kinoittifaqi-sederek-bazarina-cevirib\/#primaryimage"},"thumbnailUrl":"https:\/\/www.meydan.tv\/wp-content\/uploads\/9777789-e1673526792715.jpg","articleSection":["M\u0259d\u0259niyy\u0259t","X\u0259b\u0259rl\u0259r"],"inLanguage":"az"},{"@type":"WebPage","@id":"https:\/\/www.meydan.tv\/az\/article\/sefiqe-memmedova-kinoittifaqi-sederek-bazarina-cevirib\/","url":"https:\/\/www.meydan.tv\/az\/article\/sefiqe-memmedova-kinoittifaqi-sederek-bazarina-cevirib\/","name":"\u201c\u015e\u0259fiq\u0259 M\u0259mm\u0259dova kinoittifaq\u0131 S\u0259d\u0259r\u0259k bazar\u0131na \u00e7evirib\u201d - MEYDAN.TV","isPartOf":{"@id":"https:\/\/www.meydan.tv\/az\/#website"},"primaryImageOfPage":{"@id":"https:\/\/www.meydan.tv\/az\/article\/sefiqe-memmedova-kinoittifaqi-sederek-bazarina-cevirib\/#primaryimage"},"image":{"@id":"https:\/\/www.meydan.tv\/az\/article\/sefiqe-memmedova-kinoittifaqi-sederek-bazarina-cevirib\/#primaryimage"},"thumbnailUrl":"https:\/\/www.meydan.tv\/wp-content\/uploads\/9777789-e1673526792715.jpg","datePublished":"2023-01-12T12:58:08+00:00","dateModified":"2023-01-12T18:05:37+00:00","breadcrumb":{"@id":"https:\/\/www.meydan.tv\/az\/article\/sefiqe-memmedova-kinoittifaqi-sederek-bazarina-cevirib\/#breadcrumb"},"inLanguage":"az","potentialAction":[{"@type":"ReadAction","target":["https:\/\/www.meydan.tv\/az\/article\/sefiqe-memmedova-kinoittifaqi-sederek-bazarina-cevirib\/"]}]},{"@type":"ImageObject","inLanguage":"az","@id":"https:\/\/www.meydan.tv\/az\/article\/sefiqe-memmedova-kinoittifaqi-sederek-bazarina-cevirib\/#primaryimage","url":"https:\/\/www.meydan.tv\/wp-content\/uploads\/9777789-e1673526792715.jpg","contentUrl":"https:\/\/www.meydan.tv\/wp-content\/uploads\/9777789-e1673526792715.jpg","width":1000,"height":585,"caption":"\u015e\u0259fiq\u0259 M\u0259mm\u0259dova v\u0259 \u015eeyx \u018fbd\u00fcl Mahmudovb\u0259yov. Foto: \"azerforum.az\""},{"@type":"BreadcrumbList","@id":"https:\/\/www.meydan.tv\/az\/article\/sefiqe-memmedova-kinoittifaqi-sederek-bazarina-cevirib\/#breadcrumb","itemListElement":[{"@type":"ListItem","position":1,"name":"Ana s\u0259hif\u0259","item":"https:\/\/www.meydan.tv\/az\/"},{"@type":"ListItem","position":2,"name":"M\u0259d\u0259niyy\u0259t","item":"https:\/\/www.meydan.tv\/az\/section\/medeniyyet\/"},{"@type":"ListItem","position":3,"name":"\u201c\u015e\u0259fiq\u0259 M\u0259mm\u0259dova kinoittifaq\u0131 S\u0259d\u0259r\u0259k bazar\u0131na \u00e7evirib\u201d"}]},{"@type":"WebSite","@id":"https:\/\/www.meydan.tv\/az\/#website","url":"https:\/\/www.meydan.tv\/az\/","name":"MEYDAN.TV","description":"Meydan TV Az\u0259rbaycan\u0131n media m\u0259kan\u0131ndak\u0131 alternativ s\u0259sidir","publisher":{"@id":"https:\/\/www.meydan.tv\/az\/#organization"},"potentialAction":[{"@type":"SearchAction","target":{"@type":"EntryPoint","urlTemplate":"https:\/\/www.meydan.tv\/az\/?s={search_term_string}"},"query-input":{"@type":"PropertyValueSpecification","valueRequired":true,"valueName":"search_term_string"}}],"inLanguage":"az"},{"@type":"Organization","@id":"https:\/\/www.meydan.tv\/az\/#organization","name":"Meydan TV","url":"https:\/\/www.meydan.tv\/az\/","logo":{"@type":"ImageObject","inLanguage":"az","@id":"https:\/\/www.meydan.tv\/az\/#\/schema\/logo\/image\/","url":"https:\/\/www.meydan.tv\/wp-content\/uploads\/2021\/07\/meydan-logo.svg","contentUrl":"https:\/\/www.meydan.tv\/wp-content\/uploads\/2021\/07\/meydan-logo.svg","width":195,"height":46,"caption":"Meydan TV"},"image":{"@id":"https:\/\/www.meydan.tv\/az\/#\/schema\/logo\/image\/"}},{"@type":"Person","@id":"https:\/\/www.meydan.tv\/az\/#\/schema\/person\/9cdbecf90d17180ce1dfbd95b08dcf47","name":"elli","sameAs":["https:\/\/x.com\/elli"]}]}},"_links":{"self":[{"href":"https:\/\/www.meydan.tv\/az\/wp-json\/wp\/v2\/posts\/265612","targetHints":{"allow":["GET"]}}],"collection":[{"href":"https:\/\/www.meydan.tv\/az\/wp-json\/wp\/v2\/posts"}],"about":[{"href":"https:\/\/www.meydan.tv\/az\/wp-json\/wp\/v2\/types\/post"}],"author":[{"embeddable":true,"href":"https:\/\/www.meydan.tv\/az\/wp-json\/wp\/v2\/users\/8"}],"replies":[{"embeddable":true,"href":"https:\/\/www.meydan.tv\/az\/wp-json\/wp\/v2\/comments?post=265612"}],"version-history":[{"count":3,"href":"https:\/\/www.meydan.tv\/az\/wp-json\/wp\/v2\/posts\/265612\/revisions"}],"predecessor-version":[{"id":265676,"href":"https:\/\/www.meydan.tv\/az\/wp-json\/wp\/v2\/posts\/265612\/revisions\/265676"}],"wp:featuredmedia":[{"embeddable":true,"href":"https:\/\/www.meydan.tv\/az\/wp-json\/wp\/v2\/media\/264497"}],"wp:attachment":[{"href":"https:\/\/www.meydan.tv\/az\/wp-json\/wp\/v2\/media?parent=265612"}],"wp:term":[{"taxonomy":"category","embeddable":true,"href":"https:\/\/www.meydan.tv\/az\/wp-json\/wp\/v2\/categories?post=265612"},{"taxonomy":"post_tag","embeddable":true,"href":"https:\/\/www.meydan.tv\/az\/wp-json\/wp\/v2\/tags?post=265612"}],"curies":[{"name":"wp","href":"https:\/\/api.w.org\/{rel}","templated":true}]}}