{"id":265593,"date":"2023-01-12T15:32:42","date_gmt":"2023-01-12T11:32:42","guid":{"rendered":"https:\/\/www.meydan.tv\/?p=265593"},"modified":"2023-01-12T16:15:14","modified_gmt":"2023-01-12T12:15:14","slug":"sanitar-qovsaga-gore-tohmet-alan-muellim-danisir","status":"publish","type":"post","link":"https:\/\/www.meydan.tv\/az\/article\/sanitar-qovsaga-gore-tohmet-alan-muellim-danisir\/","title":{"rendered":"Sanitar qov\u015fa\u011fa g\u00f6r\u0259 t\u00f6hm\u0259t alan m\u00fc\u0259llim dan\u0131\u015f\u0131r"},"content":{"rendered":"\n<figure class=\"wp-block-embed is-type-video is-provider-youtube wp-block-embed-youtube wp-embed-aspect-16-9 wp-has-aspect-ratio\"><div class=\"wp-block-embed__wrapper\">\n<iframe title=\"Sanitar qov\u015fa\u011fa g\u00f6r\u0259 t\u00f6hm\u0259t alan m\u00fc\u0259llim dan\u0131\u015f\u0131r\" width=\"1200\" height=\"675\" data-src=\"https:\/\/www.youtube.com\/embed\/lfM1-xnxrVM?feature=oembed\" frameborder=\"0\" allow=\"accelerometer; autoplay; clipboard-write; encrypted-media; gyroscope; picture-in-picture; web-share\" allowfullscreen src=\"data:image\/svg+xml;base64,PHN2ZyB3aWR0aD0iMSIgaGVpZ2h0PSIxIiB4bWxucz0iaHR0cDovL3d3dy53My5vcmcvMjAwMC9zdmciPjwvc3ZnPg==\" class=\"lazyload\" data-load-mode=\"1\"><\/iframe>\n<\/div><\/figure>\n\n\n\n<p>Bir ne\u00e7\u0259 g\u00fcn \u00f6nc\u0259 sosial \u015f\u0259b\u0259k\u0259l\u0259rd\u0259 Leyla m\u00fc\u0259llimin m\u0259kt\u0259bi t\u0259nqid ed\u0259n videosu trend oldu. \u0130mi\u015fli rayon Aranl\u0131 k\u0259nd orta m\u0259kt\u0259binin ibtidai sinif m\u00fc\u0259llimi Leyla N\u0259c\u0259fquliyeva m\u0259kt\u0259bin sanitar qov\u015faq problemini i\u015f\u0131qland\u0131raraq d\u0259rsl\u0259ri boykot etmi\u015fdi. M\u00fc\u0259llim bu etiraz\u0131ndan sonra ona t\u00f6hm\u0259t verildiyini deyir. <\/p>\n\n\n\n<p>&#8220;3 d\u0259n\u0259si var idi, sonra el\u0259 oldu ki, biri u\u00e7du. Onu l\u0259\u011fv el\u0259dil\u0259r, oldu 2 d\u0259n\u0259. \u0130kincisi d\u0259 u\u00e7ma\u011fa ba\u015flam\u0131\u015fd\u0131, pis g\u00fcn\u0259 qalm\u0131\u015fd\u0131, onu da m\u0259nim s\u00f6z-s\u00f6hb\u0259timd\u0259n sonra bir az \u0259l g\u0259zdirdil\u0259r, oldu 2. \u018fs\u0259bl\u0259\u015fib \u015fagirdl\u0259r\u0259 dedim ki, bu ayaqyolu b\u0259rpa olunmal\u0131d\u0131r,  y\u0131\u011f\u0131\u015fd\u0131raq d\u0259 bu s\u00f6hb\u0259ti. N\u0259 vaxta q\u0259d\u0259r u\u015faqlar\u0131n valideynl\u0259ri yenid\u0259n onlara paltar g\u0259tir\u0259c\u0259k ki, m\u00fc\u0259llim\u0259, geyindir, d\u0259rsin\u0259 davam el\u0259?&#8221;. <\/p>\n\n\n\n<p>M\u00fc\u0259llim dan\u0131\u015f\u0131r ki, videonu \u00e7\u0259kdiyi g\u00fcn valideyn\u0259 z\u0259ng edib yenid\u0259n m\u0259kt\u0259b\u0259 \u00e7a\u011f\u0131r\u0131b. Deyib, ayaqyolu olmad\u0131\u011f\u0131ndan u\u015faq narahatd\u0131r. Valideyn g\u0259lib, u\u015fa\u011f\u0131 ev\u0259 apar\u0131b, t\u0259krar m\u0259kt\u0259b\u0259 qaytar\u0131b. Bundan sonra ba\u015fqa u\u015faqlar da eyni problemi ya\u015fay\u0131b:<\/p>\n\n\n\n<p>&#8220;Ondan sonra da artq \u0259s\u0259bl\u0259\u015fdim, \u00f6z\u00fcmd\u0259n \u00e7\u0131xd\u0131m, a\u011flad\u0131m, video \u00e7\u0259kili\u015f el\u0259dim. \u00c7\u0259kili\u015f zaman\u0131 orada bildirdim ki, m\u0259nim maa\u015f\u0131m\u0131 k\u0259ss\u0259l\u0259r d\u0259, raz\u0131yam, t\u0259ki bu problem h\u0259ll olunsun, sonra biz birlikd\u0259 qay\u0131dar\u0131q. Onlar da m\u0259n\u0259 t\u00f6hm\u0259t verdil\u0259r ki, s\u0259n d\u0259rsd\u0259 olmam\u0131san. Halbuki \u0259riz\u0259 d\u0259 yazm\u0131\u015fd\u0131m. \u018friz\u0259ni d\u0259 ona g\u00f6r\u0259 yazd\u0131m ki, bununa ba\u011fl\u0131 s\u00f6hb\u0259t aparmaq \u00fc\u00e7\u00fcn rayona getmi\u015fdim&#8221;. <\/p>\n\n\n\n<p>Leyla m\u00fc\u0259llim\u0259 m\u0259kt\u0259bin dig\u0259r probleml\u0259rini d\u0259 dil\u0259 g\u0259tirib. O deyib ki, 1970-ci ill\u0259rd\u0259n istifad\u0259y\u0259 verilmi\u015f bu m\u0259kt\u0259b\u0259 h\u0259l\u0259 indiy\u0259 q\u0259d\u0259r bir mismar bel\u0259 vurulmay\u0131b:<\/p>\n\n\n\n<p> &#8220;H\u0259r g\u00fcn yeni probleml\u0259r \u00fcz\u0259 \u00e7\u0131x\u0131r. M\u0259kt\u0259bd\u0259 g\u00f6rd\u00fcn\u00fcz ab-havan\u0131, m\u0259kt\u0259b dem\u0259k olarsa\u2026 Ham\u0131 bizim m\u0259kt\u0259bi g\u00f6r\u0259nd\u0259 xo\u015fa g\u0259lm\u0259y\u0259n ifad\u0259l\u0259r i\u015fl\u0259dir ki, bu m\u0259kt\u0259b m\u0259kt\u0259b deyil. M\u0259kt\u0259bimizd\u0259 olan probleml\u0259ri g\u00f6rd\u00fcy\u00fcn\u00fcz kimi i\u015f\u0131qland\u0131rm\u0131\u015fam, bu, c\u00fczi i\u015f\u0131qland\u0131rma idi. \u018fvv\u0259lki videolar\u0131mda da bu, g\u00f6z qaba\u011f\u0131ndad\u0131r&#8221;.<\/p>\n\n\n\n<p> Leyla N\u0259c\u0259fquliyeva deyib ki, d\u0259rs dediyi sinfi d\u0259 valideynl\u0259rin d\u0259st\u0259yi il\u0259 \u00f6z\u00fc d\u00fcz\u0259ldib. Dig\u0259r sinif otaqlar\u0131 daha b\u0259rbad g\u00fcnd\u0259dir. \u0130stilik sistemi dem\u0259k olar ki, yoxdur. <\/p>\n\n\n\n<p>&#8220;Haz\u0131rda \u0259ll\u0259rim \u00e7ox donub. \u015e\u0259raitsiz yerd\u0259 d\u0259rs ke\u00e7diyimiz \u00fc\u00e7\u00fcn u\u015faqlarda tez-tez bu probleml\u0259r yaran\u0131r v\u0259 m\u0259n d\u0259 q\u0259rara g\u0259ldim ki, bu yay\u0131ls\u0131n&#8221;, &#8211; m\u00fc\u0259llim\u0259 deyir. <\/p>\n\n\n\n<p>Leyla m\u00fc\u0259llim\u0259 m\u0259kt\u0259bin probleml\u0259ri h\u0259ll olunana q\u0259d\u0259r susmayaca\u011f\u0131n\u0131 bildirir.<\/p>\n\n\n\n<p>M\u0259kt\u0259bin \u0259lveri\u015fsiz \u015f\u0259raitind\u0259n \u015fagirdl\u0259r d\u0259 \u015fikay\u0259t\u00e7idir. \u00a0 <\/p>\n\n\n\n<p>Mil-Mu\u011fan Regional T\u0259hsil \u0130dar\u0259sinin m\u00fcdir m\u00fcavini Rabil \u015eahbazovun dediyin\u0259 g\u00f6r\u0259, m\u0259kt\u0259bin t\u0259miri yax\u0131n zamanlarda planla\u015fd\u0131r\u0131l\u0131r.  O, h\u0259m\u00e7inin deyir ki, Leyla m\u00fc\u0259llim\u0259y\u0259 m\u0259s\u0259l\u0259ni ictimai\u015fl\u0259\u015fdirdiyin\u0259 g\u00f6r\u0259 t\u00f6hm\u0259t verilm\u0259si iddialar\u0131 \u0259sass\u0131zd\u0131r. <\/p>\n\n\n\n<p>Mil-Mu\u011fan Regional T\u0259hsil \u0130dar\u0259sinin yayd\u0131\u011f\u0131 m\u0259lumata g\u00f6r\u0259, \u00f6t\u0259n il qurumun tabeliyind\u0259 olan 11 m\u0259kt\u0259bd\u0259 sanitar qov\u015faq yenil\u0259nib, yaxud t\u0259mir edilib. H\u0259m\u00e7inin 13 m\u0259kt\u0259bd\u0259 mobil sanitar qov\u015faq qura\u015fd\u0131r\u0131l\u0131b.<\/p>\n","protected":false},"excerpt":{"rendered":"<p>Bir ne\u00e7\u0259 g\u00fcn \u00f6nc\u0259 sosial \u015f\u0259b\u0259k\u0259l\u0259rd\u0259 Leyla m\u00fc\u0259llimin m\u0259kt\u0259bi t\u0259nqid &#8230; <\/p>\n<p class=\"read-more-container\"><a title=\"Sanitar qov\u015fa\u011fa g\u00f6r\u0259 t\u00f6hm\u0259t alan m\u00fc\u0259llim dan\u0131\u015f\u0131r\" class=\"read-more button\" href=\"https:\/\/www.meydan.tv\/az\/article\/sanitar-qovsaga-gore-tohmet-alan-muellim-danisir\/#more-265593\" aria-label=\"Read more about Sanitar qov\u015fa\u011fa g\u00f6r\u0259 t\u00f6hm\u0259t alan m\u00fc\u0259llim dan\u0131\u015f\u0131r\">Davam\u0131<\/a><\/p>\n","protected":false},"author":12,"featured_media":265594,"comment_status":"closed","ping_status":"closed","sticky":false,"template":"","format":"standard","meta":{"_acf_changed":false,"_sitemap_exclude":false,"_sitemap_priority":"","_sitemap_frequency":"","footnotes":""},"categories":[62,79,63],"tags":[],"class_list":["post-265593","post","type-post","status-publish","format-standard","has-post-thumbnail","hentry","category-sosial","category-featured","category-video-2","infinite-scroll-item","generate-columns","tablet-grid-50","mobile-grid-100","grid-parent","grid-33","no-featured-image-padding"],"acf":[],"yoast_head":"<!-- This site is optimized with the Yoast SEO plugin v27.5 - https:\/\/yoast.com\/product\/yoast-seo-wordpress\/ -->\n<title>Sanitar qov\u015fa\u011fa g\u00f6r\u0259 t\u00f6hm\u0259t alan m\u00fc\u0259llim dan\u0131\u015f\u0131r - MEYDAN.TV<\/title>\n<meta name=\"robots\" content=\"index, follow, max-snippet:-1, max-image-preview:large, max-video-preview:-1\" \/>\n<link rel=\"canonical\" href=\"https:\/\/www.meydan.tv\/az\/article\/sanitar-qovsaga-gore-tohmet-alan-muellim-danisir\/\" \/>\n<meta property=\"og:locale\" content=\"az_AZ\" \/>\n<meta property=\"og:type\" content=\"article\" \/>\n<meta property=\"og:title\" content=\"Sanitar qov\u015fa\u011fa g\u00f6r\u0259 t\u00f6hm\u0259t alan m\u00fc\u0259llim dan\u0131\u015f\u0131r - MEYDAN.TV\" \/>\n<meta property=\"og:description\" content=\"Bir ne\u00e7\u0259 g\u00fcn \u00f6nc\u0259 sosial \u015f\u0259b\u0259k\u0259l\u0259rd\u0259 Leyla m\u00fc\u0259llimin m\u0259kt\u0259bi t\u0259nqid ... Davam\u0131\" \/>\n<meta property=\"og:url\" content=\"https:\/\/www.meydan.tv\/az\/article\/sanitar-qovsaga-gore-tohmet-alan-muellim-danisir\/\" \/>\n<meta property=\"og:site_name\" content=\"MEYDAN.TV\" \/>\n<meta property=\"article:published_time\" content=\"2023-01-12T11:32:42+00:00\" \/>\n<meta property=\"article:modified_time\" content=\"2023-01-12T12:15:14+00:00\" \/>\n<meta property=\"og:image\" content=\"https:\/\/www.meydan.tv\/wp-content\/uploads\/screenshot-2023-01-12-at-12.29.57-1200x691.png\" \/>\n\t<meta property=\"og:image:width\" content=\"1200\" \/>\n\t<meta property=\"og:image:height\" content=\"691\" \/>\n\t<meta property=\"og:image:type\" content=\"image\/png\" \/>\n<meta name=\"author\" content=\"aleks\" \/>\n<meta name=\"twitter:card\" content=\"summary_large_image\" \/>\n<script type=\"application\/ld+json\" class=\"yoast-schema-graph\">{\"@context\":\"https:\\\/\\\/schema.org\",\"@graph\":[{\"@type\":\"Article\",\"@id\":\"https:\\\/\\\/www.meydan.tv\\\/az\\\/article\\\/sanitar-qovsaga-gore-tohmet-alan-muellim-danisir\\\/#article\",\"isPartOf\":{\"@id\":\"https:\\\/\\\/www.meydan.tv\\\/az\\\/article\\\/sanitar-qovsaga-gore-tohmet-alan-muellim-danisir\\\/\"},\"author\":{\"name\":\"aleks\",\"@id\":\"https:\\\/\\\/www.meydan.tv\\\/az\\\/#\\\/schema\\\/person\\\/476e9360e593fa131d5d71d51866f8da\"},\"headline\":\"Sanitar qov\u015fa\u011fa g\u00f6r\u0259 t\u00f6hm\u0259t alan m\u00fc\u0259llim dan\u0131\u015f\u0131r\",\"datePublished\":\"2023-01-12T11:32:42+00:00\",\"dateModified\":\"2023-01-12T12:15:14+00:00\",\"mainEntityOfPage\":{\"@id\":\"https:\\\/\\\/www.meydan.tv\\\/az\\\/article\\\/sanitar-qovsaga-gore-tohmet-alan-muellim-danisir\\\/\"},\"wordCount\":667,\"publisher\":{\"@id\":\"https:\\\/\\\/www.meydan.tv\\\/az\\\/#organization\"},\"image\":{\"@id\":\"https:\\\/\\\/www.meydan.tv\\\/az\\\/article\\\/sanitar-qovsaga-gore-tohmet-alan-muellim-danisir\\\/#primaryimage\"},\"thumbnailUrl\":\"https:\\\/\\\/www.meydan.tv\\\/wp-content\\\/uploads\\\/screenshot-2023-01-12-at-12.29.57.png\",\"articleSection\":[\"Sosial\",\"T\u00f6vsiy\u0259\",\"Video\"],\"inLanguage\":\"az\"},{\"@type\":\"WebPage\",\"@id\":\"https:\\\/\\\/www.meydan.tv\\\/az\\\/article\\\/sanitar-qovsaga-gore-tohmet-alan-muellim-danisir\\\/\",\"url\":\"https:\\\/\\\/www.meydan.tv\\\/az\\\/article\\\/sanitar-qovsaga-gore-tohmet-alan-muellim-danisir\\\/\",\"name\":\"Sanitar qov\u015fa\u011fa g\u00f6r\u0259 t\u00f6hm\u0259t alan m\u00fc\u0259llim dan\u0131\u015f\u0131r - MEYDAN.TV\",\"isPartOf\":{\"@id\":\"https:\\\/\\\/www.meydan.tv\\\/az\\\/#website\"},\"primaryImageOfPage\":{\"@id\":\"https:\\\/\\\/www.meydan.tv\\\/az\\\/article\\\/sanitar-qovsaga-gore-tohmet-alan-muellim-danisir\\\/#primaryimage\"},\"image\":{\"@id\":\"https:\\\/\\\/www.meydan.tv\\\/az\\\/article\\\/sanitar-qovsaga-gore-tohmet-alan-muellim-danisir\\\/#primaryimage\"},\"thumbnailUrl\":\"https:\\\/\\\/www.meydan.tv\\\/wp-content\\\/uploads\\\/screenshot-2023-01-12-at-12.29.57.png\",\"datePublished\":\"2023-01-12T11:32:42+00:00\",\"dateModified\":\"2023-01-12T12:15:14+00:00\",\"breadcrumb\":{\"@id\":\"https:\\\/\\\/www.meydan.tv\\\/az\\\/article\\\/sanitar-qovsaga-gore-tohmet-alan-muellim-danisir\\\/#breadcrumb\"},\"inLanguage\":\"az\",\"potentialAction\":[{\"@type\":\"ReadAction\",\"target\":[\"https:\\\/\\\/www.meydan.tv\\\/az\\\/article\\\/sanitar-qovsaga-gore-tohmet-alan-muellim-danisir\\\/\"]}]},{\"@type\":\"ImageObject\",\"inLanguage\":\"az\",\"@id\":\"https:\\\/\\\/www.meydan.tv\\\/az\\\/article\\\/sanitar-qovsaga-gore-tohmet-alan-muellim-danisir\\\/#primaryimage\",\"url\":\"https:\\\/\\\/www.meydan.tv\\\/wp-content\\\/uploads\\\/screenshot-2023-01-12-at-12.29.57.png\",\"contentUrl\":\"https:\\\/\\\/www.meydan.tv\\\/wp-content\\\/uploads\\\/screenshot-2023-01-12-at-12.29.57.png\",\"width\":1886,\"height\":1086},{\"@type\":\"BreadcrumbList\",\"@id\":\"https:\\\/\\\/www.meydan.tv\\\/az\\\/article\\\/sanitar-qovsaga-gore-tohmet-alan-muellim-danisir\\\/#breadcrumb\",\"itemListElement\":[{\"@type\":\"ListItem\",\"position\":1,\"name\":\"Ana s\u0259hif\u0259\",\"item\":\"https:\\\/\\\/www.meydan.tv\\\/az\\\/\"},{\"@type\":\"ListItem\",\"position\":2,\"name\":\"Video\",\"item\":\"https:\\\/\\\/www.meydan.tv\\\/az\\\/section\\\/video-2\\\/\"},{\"@type\":\"ListItem\",\"position\":3,\"name\":\"Sanitar qov\u015fa\u011fa g\u00f6r\u0259 t\u00f6hm\u0259t alan m\u00fc\u0259llim dan\u0131\u015f\u0131r\"}]},{\"@type\":\"WebSite\",\"@id\":\"https:\\\/\\\/www.meydan.tv\\\/az\\\/#website\",\"url\":\"https:\\\/\\\/www.meydan.tv\\\/az\\\/\",\"name\":\"MEYDAN.TV\",\"description\":\"Meydan TV Az\u0259rbaycan\u0131n media m\u0259kan\u0131ndak\u0131 alternativ s\u0259sidir\",\"publisher\":{\"@id\":\"https:\\\/\\\/www.meydan.tv\\\/az\\\/#organization\"},\"potentialAction\":[{\"@type\":\"SearchAction\",\"target\":{\"@type\":\"EntryPoint\",\"urlTemplate\":\"https:\\\/\\\/www.meydan.tv\\\/az\\\/?s={search_term_string}\"},\"query-input\":{\"@type\":\"PropertyValueSpecification\",\"valueRequired\":true,\"valueName\":\"search_term_string\"}}],\"inLanguage\":\"az\"},{\"@type\":\"Organization\",\"@id\":\"https:\\\/\\\/www.meydan.tv\\\/az\\\/#organization\",\"name\":\"Meydan TV\",\"url\":\"https:\\\/\\\/www.meydan.tv\\\/az\\\/\",\"logo\":{\"@type\":\"ImageObject\",\"inLanguage\":\"az\",\"@id\":\"https:\\\/\\\/www.meydan.tv\\\/az\\\/#\\\/schema\\\/logo\\\/image\\\/\",\"url\":\"https:\\\/\\\/www.meydan.tv\\\/wp-content\\\/uploads\\\/2021\\\/07\\\/meydan-logo.svg\",\"contentUrl\":\"https:\\\/\\\/www.meydan.tv\\\/wp-content\\\/uploads\\\/2021\\\/07\\\/meydan-logo.svg\",\"width\":195,\"height\":46,\"caption\":\"Meydan TV\"},\"image\":{\"@id\":\"https:\\\/\\\/www.meydan.tv\\\/az\\\/#\\\/schema\\\/logo\\\/image\\\/\"}},{\"@type\":\"Person\",\"@id\":\"https:\\\/\\\/www.meydan.tv\\\/az\\\/#\\\/schema\\\/person\\\/476e9360e593fa131d5d71d51866f8da\",\"name\":\"aleks\"}]}<\/script>\n<!-- \/ Yoast SEO plugin. -->","yoast_head_json":{"title":"Sanitar qov\u015fa\u011fa g\u00f6r\u0259 t\u00f6hm\u0259t alan m\u00fc\u0259llim dan\u0131\u015f\u0131r - MEYDAN.TV","robots":{"index":"index","follow":"follow","max-snippet":"max-snippet:-1","max-image-preview":"max-image-preview:large","max-video-preview":"max-video-preview:-1"},"canonical":"https:\/\/www.meydan.tv\/az\/article\/sanitar-qovsaga-gore-tohmet-alan-muellim-danisir\/","og_locale":"az_AZ","og_type":"article","og_title":"Sanitar qov\u015fa\u011fa g\u00f6r\u0259 t\u00f6hm\u0259t alan m\u00fc\u0259llim dan\u0131\u015f\u0131r - MEYDAN.TV","og_description":"Bir ne\u00e7\u0259 g\u00fcn \u00f6nc\u0259 sosial \u015f\u0259b\u0259k\u0259l\u0259rd\u0259 Leyla m\u00fc\u0259llimin m\u0259kt\u0259bi t\u0259nqid ... Davam\u0131","og_url":"https:\/\/www.meydan.tv\/az\/article\/sanitar-qovsaga-gore-tohmet-alan-muellim-danisir\/","og_site_name":"MEYDAN.TV","article_published_time":"2023-01-12T11:32:42+00:00","article_modified_time":"2023-01-12T12:15:14+00:00","og_image":[{"width":1200,"height":691,"url":"https:\/\/www.meydan.tv\/wp-content\/uploads\/screenshot-2023-01-12-at-12.29.57-1200x691.png","type":"image\/png"}],"author":"aleks","twitter_card":"summary_large_image","schema":{"@context":"https:\/\/schema.org","@graph":[{"@type":"Article","@id":"https:\/\/www.meydan.tv\/az\/article\/sanitar-qovsaga-gore-tohmet-alan-muellim-danisir\/#article","isPartOf":{"@id":"https:\/\/www.meydan.tv\/az\/article\/sanitar-qovsaga-gore-tohmet-alan-muellim-danisir\/"},"author":{"name":"aleks","@id":"https:\/\/www.meydan.tv\/az\/#\/schema\/person\/476e9360e593fa131d5d71d51866f8da"},"headline":"Sanitar qov\u015fa\u011fa g\u00f6r\u0259 t\u00f6hm\u0259t alan m\u00fc\u0259llim dan\u0131\u015f\u0131r","datePublished":"2023-01-12T11:32:42+00:00","dateModified":"2023-01-12T12:15:14+00:00","mainEntityOfPage":{"@id":"https:\/\/www.meydan.tv\/az\/article\/sanitar-qovsaga-gore-tohmet-alan-muellim-danisir\/"},"wordCount":667,"publisher":{"@id":"https:\/\/www.meydan.tv\/az\/#organization"},"image":{"@id":"https:\/\/www.meydan.tv\/az\/article\/sanitar-qovsaga-gore-tohmet-alan-muellim-danisir\/#primaryimage"},"thumbnailUrl":"https:\/\/www.meydan.tv\/wp-content\/uploads\/screenshot-2023-01-12-at-12.29.57.png","articleSection":["Sosial","T\u00f6vsiy\u0259","Video"],"inLanguage":"az"},{"@type":"WebPage","@id":"https:\/\/www.meydan.tv\/az\/article\/sanitar-qovsaga-gore-tohmet-alan-muellim-danisir\/","url":"https:\/\/www.meydan.tv\/az\/article\/sanitar-qovsaga-gore-tohmet-alan-muellim-danisir\/","name":"Sanitar qov\u015fa\u011fa g\u00f6r\u0259 t\u00f6hm\u0259t alan m\u00fc\u0259llim dan\u0131\u015f\u0131r - MEYDAN.TV","isPartOf":{"@id":"https:\/\/www.meydan.tv\/az\/#website"},"primaryImageOfPage":{"@id":"https:\/\/www.meydan.tv\/az\/article\/sanitar-qovsaga-gore-tohmet-alan-muellim-danisir\/#primaryimage"},"image":{"@id":"https:\/\/www.meydan.tv\/az\/article\/sanitar-qovsaga-gore-tohmet-alan-muellim-danisir\/#primaryimage"},"thumbnailUrl":"https:\/\/www.meydan.tv\/wp-content\/uploads\/screenshot-2023-01-12-at-12.29.57.png","datePublished":"2023-01-12T11:32:42+00:00","dateModified":"2023-01-12T12:15:14+00:00","breadcrumb":{"@id":"https:\/\/www.meydan.tv\/az\/article\/sanitar-qovsaga-gore-tohmet-alan-muellim-danisir\/#breadcrumb"},"inLanguage":"az","potentialAction":[{"@type":"ReadAction","target":["https:\/\/www.meydan.tv\/az\/article\/sanitar-qovsaga-gore-tohmet-alan-muellim-danisir\/"]}]},{"@type":"ImageObject","inLanguage":"az","@id":"https:\/\/www.meydan.tv\/az\/article\/sanitar-qovsaga-gore-tohmet-alan-muellim-danisir\/#primaryimage","url":"https:\/\/www.meydan.tv\/wp-content\/uploads\/screenshot-2023-01-12-at-12.29.57.png","contentUrl":"https:\/\/www.meydan.tv\/wp-content\/uploads\/screenshot-2023-01-12-at-12.29.57.png","width":1886,"height":1086},{"@type":"BreadcrumbList","@id":"https:\/\/www.meydan.tv\/az\/article\/sanitar-qovsaga-gore-tohmet-alan-muellim-danisir\/#breadcrumb","itemListElement":[{"@type":"ListItem","position":1,"name":"Ana s\u0259hif\u0259","item":"https:\/\/www.meydan.tv\/az\/"},{"@type":"ListItem","position":2,"name":"Video","item":"https:\/\/www.meydan.tv\/az\/section\/video-2\/"},{"@type":"ListItem","position":3,"name":"Sanitar qov\u015fa\u011fa g\u00f6r\u0259 t\u00f6hm\u0259t alan m\u00fc\u0259llim dan\u0131\u015f\u0131r"}]},{"@type":"WebSite","@id":"https:\/\/www.meydan.tv\/az\/#website","url":"https:\/\/www.meydan.tv\/az\/","name":"MEYDAN.TV","description":"Meydan TV Az\u0259rbaycan\u0131n media m\u0259kan\u0131ndak\u0131 alternativ s\u0259sidir","publisher":{"@id":"https:\/\/www.meydan.tv\/az\/#organization"},"potentialAction":[{"@type":"SearchAction","target":{"@type":"EntryPoint","urlTemplate":"https:\/\/www.meydan.tv\/az\/?s={search_term_string}"},"query-input":{"@type":"PropertyValueSpecification","valueRequired":true,"valueName":"search_term_string"}}],"inLanguage":"az"},{"@type":"Organization","@id":"https:\/\/www.meydan.tv\/az\/#organization","name":"Meydan TV","url":"https:\/\/www.meydan.tv\/az\/","logo":{"@type":"ImageObject","inLanguage":"az","@id":"https:\/\/www.meydan.tv\/az\/#\/schema\/logo\/image\/","url":"https:\/\/www.meydan.tv\/wp-content\/uploads\/2021\/07\/meydan-logo.svg","contentUrl":"https:\/\/www.meydan.tv\/wp-content\/uploads\/2021\/07\/meydan-logo.svg","width":195,"height":46,"caption":"Meydan TV"},"image":{"@id":"https:\/\/www.meydan.tv\/az\/#\/schema\/logo\/image\/"}},{"@type":"Person","@id":"https:\/\/www.meydan.tv\/az\/#\/schema\/person\/476e9360e593fa131d5d71d51866f8da","name":"aleks"}]}},"_links":{"self":[{"href":"https:\/\/www.meydan.tv\/az\/wp-json\/wp\/v2\/posts\/265593","targetHints":{"allow":["GET"]}}],"collection":[{"href":"https:\/\/www.meydan.tv\/az\/wp-json\/wp\/v2\/posts"}],"about":[{"href":"https:\/\/www.meydan.tv\/az\/wp-json\/wp\/v2\/types\/post"}],"author":[{"embeddable":true,"href":"https:\/\/www.meydan.tv\/az\/wp-json\/wp\/v2\/users\/12"}],"replies":[{"embeddable":true,"href":"https:\/\/www.meydan.tv\/az\/wp-json\/wp\/v2\/comments?post=265593"}],"version-history":[{"count":2,"href":"https:\/\/www.meydan.tv\/az\/wp-json\/wp\/v2\/posts\/265593\/revisions"}],"predecessor-version":[{"id":265609,"href":"https:\/\/www.meydan.tv\/az\/wp-json\/wp\/v2\/posts\/265593\/revisions\/265609"}],"wp:featuredmedia":[{"embeddable":true,"href":"https:\/\/www.meydan.tv\/az\/wp-json\/wp\/v2\/media\/265594"}],"wp:attachment":[{"href":"https:\/\/www.meydan.tv\/az\/wp-json\/wp\/v2\/media?parent=265593"}],"wp:term":[{"taxonomy":"category","embeddable":true,"href":"https:\/\/www.meydan.tv\/az\/wp-json\/wp\/v2\/categories?post=265593"},{"taxonomy":"post_tag","embeddable":true,"href":"https:\/\/www.meydan.tv\/az\/wp-json\/wp\/v2\/tags?post=265593"}],"curies":[{"name":"wp","href":"https:\/\/api.w.org\/{rel}","templated":true}]}}