{"id":265561,"date":"2023-01-12T13:39:24","date_gmt":"2023-01-12T09:39:24","guid":{"rendered":"https:\/\/www.meydan.tv\/?p=265561"},"modified":"2023-01-12T13:39:27","modified_gmt":"2023-01-12T09:39:27","slug":"kuceyi-sakinleri-mektebin-isidilmesi-ucun-odun-axtarisindayiq","status":"publish","type":"post","link":"https:\/\/www.meydan.tv\/az\/article\/kuceyi-sakinleri-mektebin-isidilmesi-ucun-odun-axtarisindayiq\/","title":{"rendered":"K\u00fc\u00e7eyi sakinl\u0259ri: \u201cM\u0259kt\u0259bin isidilm\u0259si \u00fc\u00e7\u00fcn odun axtar\u0131\u015f\u0131nday\u0131q\u201d"},"content":{"rendered":"\n<p><\/p>\n\n\n\n<p><em>Ne\u00e7\u0259 g\u00fcnd\u00fcr ki, valideynl\u0259r istilik t\u0259l\u0259biyl\u0259 rayondak\u0131 qurumlar\u0131n qar\u015f\u0131s\u0131na topla\u015f\u0131r\u00a0<\/em><br><\/p>\n\n\n\n<p>\u201cD\u00fcn\u0259n m\u0259kt\u0259bin dam\u0131n\u0131n bir hiss\u0259sind\u0259 qar \u0259rimi\u015fdi, otaqlar su il\u0259 dolmu\u015fdu. Partalar\u0131 k\u0259nara \u00e7\u0259kmi\u015fdil\u0259r, u\u015faqlar da ayaq \u00fcst\u0259 qalm\u0131\u015fd\u0131. Nec\u0259 ed\u0259k, s\u00f6z\u00fcm\u00fcz\u00fc daha hans\u0131 formada dey\u0259k ki, bizi anlas\u0131nlar, k\u0259ndd\u0259 bir m\u0259kt\u0259b tiksinl\u0259r, u\u015faqlar\u0131n can\u0131 k\u00f6hn\u0259 dayaq \u00fcst\u00fcnd\u0259 dayanan m\u0259kt\u0259bd\u0259n qurtars\u0131n? Biz d\u0259 m\u0259kt\u0259b\u0259 g\u00f6nd\u0259rdiyimiz u\u015faqlar\u0131n nigaran\u00e7\u0131l\u0131\u011f\u0131n\u0131 \u00e7\u0259km\u0259y\u0259k\u201d.<\/p>\n\n\n\n<p>Quban\u0131n K\u00fc\u00e7eyi k\u0259nd sakinl\u0259ri bir ne\u00e7\u0259 g\u00fcnd\u00fcr ki, k\u0259nd m\u0259kt\u0259binin istiliyinin h\u0259llini t\u0259l\u0259b etm\u0259k \u00fc\u00e7\u00fcn rayondak\u0131 qurumlara \u00fcz tutub. Onlar azya\u015fl\u0131 \u00f6vladlar\u0131n\u0131 k\u00f6hn\u0259 dir\u0259kl\u0259r \u00fcz\u0259rind\u0259 dayanm\u0131\u015f m\u0259kt\u0259b\u0259 &#8211; q\u0259zal\u0131 tikiliy\u0259 g\u00f6nd\u0259r\u0259nd\u0259 ev\u0259 d\u00f6n\u0259n\u0259d\u0259k nigaran qal\u0131rlar.<\/p>\n\n\n\n<p>M\u0259kt\u0259bd\u0259 istilik yoxdur, sinif otaqlar\u0131 valideynl\u0259rin m\u0259kt\u0259b\u0259 odun verm\u0259si say\u0259sind\u0259 isinir. Yanvar\u0131n 10-da valideynl\u0259r qarl\u0131 havaya baxmayaraq, topla\u015f\u0131b avtobus kiray\u0259l\u0259y\u0259r\u0259k Quba-Xa\u00e7maz Regional T\u0259hsil \u015e\u00f6b\u0259sin\u0259 v\u0259 icra hakimiyy\u0259tin\u0259 gedibl\u0259r. H\u0259r iki qurumda valideynl\u0259ri q\u0259bul ets\u0259l\u0259r d\u0259, onlara haz\u0131rda odun problemininin h\u0259llinin m\u00fcmk\u00fcn olmad\u0131\u011f\u0131 bildirilib.<\/p>\n\n\n\n<p>Valideynl\u0259rd\u0259n biri Meydan TV-y\u0259 bunlar\u0131 deyib:<\/p>\n\n\n\n<p>\u201cD\u00fcn\u0259n T\u0259hsil \u015e\u00f6b\u0259sind\u0259 biz\u0259 dedil\u0259r ki, odun \u00fc\u00e7\u00fcn ay\u0131n sonunad\u0259k g\u00f6zl\u0259m\u0259k laz\u0131md\u0131r. Burda da m\u00f6hk\u0259m qar ya\u011f\u0131r, biz g\u00f6zl\u0259y\u0259 bilm\u0259rik ki, u\u015faqlar\u0131m\u0131z donsun. \u0130cra hakimiyy\u0259tind\u0259 d\u0259 olduq, icra hakimiyy\u0259tind\u0259n k\u0259ndimizin icra n\u00fcmay\u0259nd\u0259sin\u0259 z\u0259ng vurub \u00e7a\u011f\u0131rd\u0131lar. Tap\u015f\u0131rd\u0131lar ki, m\u0259kt\u0259bin odunla t\u0259min edilm\u0259sini h\u0259ll el\u0259sin. O da dedi ki, k\u0259ndin gir\u0259c\u0259yind\u0259 taxta sexi var, ordak\u0131 a\u011faclar\u0131n q\u0131r\u0131nt\u0131lar\u0131ndan g\u00f6t\u00fcrm\u0259k olar. Dedik ki, ordan bir d\u0259f\u0259 verdikl\u0259ri odunu m\u0259kt\u0259bd\u0259ki sobada yand\u0131rmaq olmur. M\u0259kt\u0259bin i\u015f\u00e7isi onu al\u0131\u015fd\u0131rana q\u0259d\u0259r d\u0259rsl\u0259r bitir. \u0130cra n\u00fcmay\u0259nd\u0259si bizi Me\u015f\u0259 \u0130dar\u0259sin\u0259 g\u00f6nd\u0259rdi, onlar da biz\u0259 odun verm\u0259dil\u0259r\u201d.<\/p>\n\n\n<div class=\"wp-block-image\">\n<figure class=\"aligncenter size-full\"><img decoding=\"async\" width=\"1200\" height=\"800\" data-src=\"https:\/\/www.meydan.tv\/wp-content\/uploads\/untitled-design-4-55.jpg\" alt=\"\" class=\"wp-image-265568 lazyload\" src=\"data:image\/svg+xml;base64,PHN2ZyB3aWR0aD0iMSIgaGVpZ2h0PSIxIiB4bWxucz0iaHR0cDovL3d3dy53My5vcmcvMjAwMC9zdmciPjwvc3ZnPg==\" style=\"--smush-placeholder-width: 1200px; --smush-placeholder-aspect-ratio: 1200\/800;\" \/><\/figure>\n<\/div>\n\n\n<p>Yanvar\u0131n 10-da valideynl\u0259r qarl\u0131 havada yen\u0259 topla\u015f\u0131blar v\u0259 odun problemini h\u0259ll etm\u0259y\u0259 \u00e7al\u0131\u015f\u0131blar:<\/p>\n\n\n\n<p>\u201cAy\u0131n sonunad\u0259k bu u\u015faq m\u0259kt\u0259bd\u0259 donmal\u0131d\u0131r? Ya g\u0259r\u0259k u\u015fa\u011f\u0131 m\u0259kt\u0259b\u0259 buraxmayaq, ya da g\u0259r\u0259k yen\u0259 d\u0259 odun problemini \u00f6z\u00fcm\u00fcz h\u0259ll ed\u0259k. U\u015faqlar\u0131m\u0131z\u0131n t\u0259hsilli olmas\u0131n\u0131 ist\u0259yirik. Ona g\u00f6r\u0259 d\u0259 m\u0259cbur olduq ki, bu g\u00fcn \u00f6z\u00fcm\u00fcz gedib odun m\u0259s\u0259l\u0259sini h\u0259ll ed\u0259k\u201d.<\/p>\n\n\n\n<p>Bu valideynl\u0259r ilk d\u0259f\u0259 2019-cu ilin aprelind\u0259 Meydan TV-y\u0259 m\u00fcraci\u0259t etmi\u015fdil\u0259r. Onlar \u00fcmid edirdil\u0259r ki, m\u0259kt\u0259bin durumu ictimail\u0259\u015f\u0259nd\u0259n sonra aidiyy\u0259ti qurumlar h\u0259r\u0259k\u0259t\u0259 ke\u00e7\u0259c\u0259k. Ancaq sayta t\u0259krar m\u00fcraci\u0259tl\u0259rind\u0259n m\u0259lum olur ki, \u00f6t\u0259n 4 il\u0259 yax\u0131n m\u00fcdd\u0259td\u0259 m\u0259kt\u0259bin divar\u0131na birc\u0259 mismar da vurulmay\u0131b.<br>4 ild\u0259n sonra yenid\u0259n Meydan TV-y\u0259 m\u00fcraci\u0259t ed\u0259n k\u0259ndlil\u0259r deyir ki, \u0259ksin\u0259, m\u0259kt\u0259b binas\u0131n\u0131n \u00e7\u00f6km\u0259k t\u0259hl\u00fck\u0259si g\u00fcnb\u0259g\u00fcn art\u0131r.<\/p>\n\n\n\n<p>K\u00fc\u00e7eyi k\u0259nd m\u0259kt\u0259bi binas\u0131n\u0131n az\u0131 45 ya\u015f\u0131 var. Az\u0131 200 \u015fagirdin elm \u00f6yr\u0259nm\u0259y\u0259 \u00e7al\u0131\u015fd\u0131\u011f\u0131 m\u0259kt\u0259bin c\u0259mi 7 sinif ota\u011f\u0131 var, onlar da dar\u0131sqal v\u0259 n\u0259mi\u015flikdir. Valideynl\u0259r deyirl\u0259r ki, d\u0259rs vaxt\u0131 d\u00f6rd \u015fagird bir s\u0131n\u0131q-salxaq partan\u0131 payla\u015fmaq m\u0259cburiyy\u0259tind\u0259dir. Otaqlar\u0131n d\u00f6\u015f\u0259m\u0259si v\u0259 tavan\u0131 q\u0259zal\u0131 v\u0259ziyy\u0259td\u0259dir. Valideynl\u0259r deyir, sinif otaqlar\u0131n\u0131n sah\u0259si maksimum 15 kvadratmetrdir. M\u00fcasir infrastruktur normalar\u0131na g\u00f6r\u0259, h\u0259r bir \u015fagird\u0259 2,5 kvadratmetr sah\u0259 d\u00fc\u015fm\u0259lidir. Ancaq burada h\u0259r \u015fagird\u0259 he\u00e7 1 kvadratmetr d\u0259 d\u00fc\u015fm\u00fcr. Bu is\u0259 o dem\u0259kdir ki, h\u0259r bir \u015fagird\u0259 t\u0259xmin\u0259n 1,5 d\u0259f\u0259 az yer d\u00fc\u015f\u00fcr.<\/p>\n\n\n<div class=\"wp-block-image\">\n<figure class=\"aligncenter size-full\"><img decoding=\"async\" width=\"1200\" height=\"800\" data-src=\"https:\/\/www.meydan.tv\/wp-content\/uploads\/untitled-design-3-59.jpg\" alt=\"\" class=\"wp-image-265571 lazyload\" src=\"data:image\/svg+xml;base64,PHN2ZyB3aWR0aD0iMSIgaGVpZ2h0PSIxIiB4bWxucz0iaHR0cDovL3d3dy53My5vcmcvMjAwMC9zdmciPjwvc3ZnPg==\" style=\"--smush-placeholder-width: 1200px; --smush-placeholder-aspect-ratio: 1200\/800;\" \/><\/figure>\n<\/div>\n\n\n<p>Valideynl\u0259r deyirl\u0259r ki, bir ne\u00e7\u0259 il \u0259vv\u0259l sinifl\u0259rin tavan\u0131 tamamil\u0259 \u00e7\u00f6k\u00fcb. Onlar \u00f6z hesablar\u0131na tavan\u0131 v\u0259 d\u00f6\u015f\u0259m\u0259ni m\u00fcv\u0259qq\u0259ti t\u0259mir etdiribl\u0259r. T\u0259mir i\u015fin\u0259 m\u00fc\u0259lliml\u0259r d\u0259 d\u0259st\u0259k verib. \u018fsasl\u0131 t\u0259mir olmad\u0131\u011f\u0131ndan d\u00f6\u015f\u0259m\u0259l\u0259rd\u0259 yen\u0259 iri de\u015fikl\u0259r yaran\u0131b, tavanlar\u0131n yenid\u0259n yaranm\u0131\u015f yar\u0131qlar\u0131n\u0131 is\u0259 karton par\u00e7alar\u0131 \u201c\u00f6rt\u00fcb\u201d. Sovet vaxt\u0131ndan qalm\u0131\u015f avadanl\u0131qlar da \u00f6mr\u00fcn\u00fc \u00e7oxdan ba\u015fa vurub.<\/p>\n\n\n\n<p>15 il\u0259 yax\u0131nd\u0131r ki, m\u0259kt\u0259b 20 yanvar \u015f\u0259hidi El\u00e7in Qeybullayevin ad\u0131n\u0131 da\u015f\u0131y\u0131r. \u015e\u0259hidin bac\u0131s\u0131 Simuz\u0259r xan\u0131m da m\u0259kt\u0259bin \u0259sasl\u0131 t\u0259miri \u00fc\u00e7\u00fcn d\u0259f\u0259l\u0259rl\u0259 aidiyy\u0259ti qurumlara m\u00fcraci\u0259t edib. M\u0259ktublar\u0131n\u0131n birind\u0259 yaz\u0131b ki, m\u0259kt\u0259b \u0259sasl\u0131 t\u0259mir olsa, vaxtil\u0259 bu m\u0259kt\u0259bd\u0259 t\u0259hsil alm\u0131\u015f \u015f\u0259hid qarda\u015f\u0131n\u0131n ruhunu da \u015fad ed\u0259r.<\/p>\n\n\n\n<p>Quba Rayon \u0130cra Hakiiyy\u0259tind\u0259n Meydan TV-y\u0259 bildirilib ki, K\u00fc\u00e7eyi k\u0259nd m\u0259kt\u0259binin \u0259sasl\u0131 t\u0259miri \u00fc\u00e7\u00fcn qurum T\u0259hsil Nazirliyin\u0259 \u00e7oxdan m\u00fcraci\u0259t edib:<\/p>\n\n\n\n<p>\u201cBir m\u00fcdd\u0259t \u0259vv\u0259l o m\u0259kt\u0259bin f\u0259sadlar\u0131nda t\u0259mir i\u015fl\u0259ri apar\u0131l\u0131b. K\u0259ndd\u0259 yax\u0131n ill\u0259rd\u0259 yeni m\u0259kt\u0259b tikilm\u0259lidir. D\u00fcn\u0259n g\u0259l\u0259n valideynl\u0259r q\u0259bul edilib, icra hakimiyy\u0259ti d\u0259 m\u0259kt\u0259bin istilik probleminin h\u0259lli \u00fc\u00e7\u00fcn aidiyy\u0259ti yerl\u0259r\u0259 m\u00fcraci\u0259t edib\u201d, &#8211; qurumdan bildirilib.<\/p>\n\n\n\n<p>Quba-Xa\u00e7maz Regional T\u0259hsil \u015e\u00f6b\u0259sind\u0259n d\u0259 ox\u015far cavab verilib. Bildirilib ki, yanvar\u0131n 10-da odun \u00fc\u00e7\u00fcn g\u0259l\u0259n valideynl\u0259r\u0259 yax\u0131n g\u00fcnl\u0259rd\u0259 m\u0259kt\u0259bin odunla t\u0259min edil\u0259c\u0259yi, buna g\u00f6r\u0259 rayonun me\u015f\u0259 idar\u0259sin\u0259 m\u00fcraci\u0259t olundu\u011fu deyilib. K\u00fc\u00e7eyid\u0259 yeni m\u0259kt\u0259bin in\u015fas\u0131 plandad\u0131r.<\/p>\n","protected":false},"excerpt":{"rendered":"<p>Ne\u00e7\u0259 g\u00fcnd\u00fcr ki, valideynl\u0259r istilik t\u0259l\u0259biyl\u0259 rayondak\u0131 qurumlar\u0131n qar\u015f\u0131s\u0131na topla\u015f\u0131r\u00a0 &#8230; <\/p>\n<p class=\"read-more-container\"><a title=\"K\u00fc\u00e7eyi sakinl\u0259ri: \u201cM\u0259kt\u0259bin isidilm\u0259si \u00fc\u00e7\u00fcn odun axtar\u0131\u015f\u0131nday\u0131q\u201d\" class=\"read-more button\" href=\"https:\/\/www.meydan.tv\/az\/article\/kuceyi-sakinleri-mektebin-isidilmesi-ucun-odun-axtarisindayiq\/#more-265561\" aria-label=\"Read more about K\u00fc\u00e7eyi sakinl\u0259ri: \u201cM\u0259kt\u0259bin isidilm\u0259si \u00fc\u00e7\u00fcn odun axtar\u0131\u015f\u0131nday\u0131q\u201d\">Davam\u0131<\/a><\/p>\n","protected":false},"author":8,"featured_media":265574,"comment_status":"closed","ping_status":"closed","sticky":false,"template":"","format":"standard","meta":{"_acf_changed":false,"_sitemap_exclude":false,"_sitemap_priority":"","_sitemap_frequency":"","footnotes":""},"categories":[60,88,56],"tags":[],"class_list":["post-265561","post","type-post","status-publish","format-standard","has-post-thumbnail","hentry","category-bolge","category-redaktor-secimi","category-xeberler","infinite-scroll-item","generate-columns","tablet-grid-50","mobile-grid-100","grid-parent","grid-33","no-featured-image-padding"],"acf":[],"yoast_head":"<!-- This site is optimized with the Yoast SEO plugin v27.5 - https:\/\/yoast.com\/product\/yoast-seo-wordpress\/ -->\n<title>K\u00fc\u00e7eyi sakinl\u0259ri: \u201cM\u0259kt\u0259bin isidilm\u0259si \u00fc\u00e7\u00fcn odun axtar\u0131\u015f\u0131nday\u0131q\u201d - MEYDAN.TV<\/title>\n<meta name=\"robots\" content=\"index, follow, max-snippet:-1, max-image-preview:large, max-video-preview:-1\" \/>\n<link rel=\"canonical\" href=\"https:\/\/www.meydan.tv\/az\/article\/kuceyi-sakinleri-mektebin-isidilmesi-ucun-odun-axtarisindayiq\/\" \/>\n<meta property=\"og:locale\" content=\"az_AZ\" \/>\n<meta property=\"og:type\" content=\"article\" \/>\n<meta property=\"og:title\" content=\"K\u00fc\u00e7eyi sakinl\u0259ri: \u201cM\u0259kt\u0259bin isidilm\u0259si \u00fc\u00e7\u00fcn odun axtar\u0131\u015f\u0131nday\u0131q\u201d - MEYDAN.TV\" \/>\n<meta property=\"og:description\" content=\"Ne\u00e7\u0259 g\u00fcnd\u00fcr ki, valideynl\u0259r istilik t\u0259l\u0259biyl\u0259 rayondak\u0131 qurumlar\u0131n qar\u015f\u0131s\u0131na topla\u015f\u0131r\u00a0 ... Davam\u0131\" \/>\n<meta property=\"og:url\" content=\"https:\/\/www.meydan.tv\/az\/article\/kuceyi-sakinleri-mektebin-isidilmesi-ucun-odun-axtarisindayiq\/\" \/>\n<meta property=\"og:site_name\" content=\"MEYDAN.TV\" \/>\n<meta property=\"article:published_time\" content=\"2023-01-12T09:39:24+00:00\" \/>\n<meta property=\"article:modified_time\" content=\"2023-01-12T09:39:27+00:00\" \/>\n<meta property=\"og:image\" content=\"https:\/\/www.meydan.tv\/wp-content\/uploads\/untitled-design-2-74.jpg\" \/>\n\t<meta property=\"og:image:width\" content=\"1200\" \/>\n\t<meta property=\"og:image:height\" content=\"800\" \/>\n\t<meta property=\"og:image:type\" content=\"image\/jpeg\" \/>\n<meta name=\"author\" content=\"elli\" \/>\n<meta name=\"twitter:card\" content=\"summary_large_image\" \/>\n<meta name=\"twitter:creator\" content=\"@elli\" \/>\n<script type=\"application\/ld+json\" class=\"yoast-schema-graph\">{\"@context\":\"https:\\\/\\\/schema.org\",\"@graph\":[{\"@type\":\"Article\",\"@id\":\"https:\\\/\\\/www.meydan.tv\\\/az\\\/article\\\/kuceyi-sakinleri-mektebin-isidilmesi-ucun-odun-axtarisindayiq\\\/#article\",\"isPartOf\":{\"@id\":\"https:\\\/\\\/www.meydan.tv\\\/az\\\/article\\\/kuceyi-sakinleri-mektebin-isidilmesi-ucun-odun-axtarisindayiq\\\/\"},\"author\":{\"name\":\"elli\",\"@id\":\"https:\\\/\\\/www.meydan.tv\\\/az\\\/#\\\/schema\\\/person\\\/9cdbecf90d17180ce1dfbd95b08dcf47\"},\"headline\":\"K\u00fc\u00e7eyi sakinl\u0259ri: \u201cM\u0259kt\u0259bin isidilm\u0259si \u00fc\u00e7\u00fcn odun axtar\u0131\u015f\u0131nday\u0131q\u201d\",\"datePublished\":\"2023-01-12T09:39:24+00:00\",\"dateModified\":\"2023-01-12T09:39:27+00:00\",\"mainEntityOfPage\":{\"@id\":\"https:\\\/\\\/www.meydan.tv\\\/az\\\/article\\\/kuceyi-sakinleri-mektebin-isidilmesi-ucun-odun-axtarisindayiq\\\/\"},\"wordCount\":1079,\"publisher\":{\"@id\":\"https:\\\/\\\/www.meydan.tv\\\/az\\\/#organization\"},\"image\":{\"@id\":\"https:\\\/\\\/www.meydan.tv\\\/az\\\/article\\\/kuceyi-sakinleri-mektebin-isidilmesi-ucun-odun-axtarisindayiq\\\/#primaryimage\"},\"thumbnailUrl\":\"https:\\\/\\\/www.meydan.tv\\\/wp-content\\\/uploads\\\/untitled-design-2-74.jpg\",\"articleSection\":[\"B\u00f6lg\u0259\",\"Redaktor se\u00e7imi\",\"X\u0259b\u0259rl\u0259r\"],\"inLanguage\":\"az\"},{\"@type\":\"WebPage\",\"@id\":\"https:\\\/\\\/www.meydan.tv\\\/az\\\/article\\\/kuceyi-sakinleri-mektebin-isidilmesi-ucun-odun-axtarisindayiq\\\/\",\"url\":\"https:\\\/\\\/www.meydan.tv\\\/az\\\/article\\\/kuceyi-sakinleri-mektebin-isidilmesi-ucun-odun-axtarisindayiq\\\/\",\"name\":\"K\u00fc\u00e7eyi sakinl\u0259ri: \u201cM\u0259kt\u0259bin isidilm\u0259si \u00fc\u00e7\u00fcn odun axtar\u0131\u015f\u0131nday\u0131q\u201d - MEYDAN.TV\",\"isPartOf\":{\"@id\":\"https:\\\/\\\/www.meydan.tv\\\/az\\\/#website\"},\"primaryImageOfPage\":{\"@id\":\"https:\\\/\\\/www.meydan.tv\\\/az\\\/article\\\/kuceyi-sakinleri-mektebin-isidilmesi-ucun-odun-axtarisindayiq\\\/#primaryimage\"},\"image\":{\"@id\":\"https:\\\/\\\/www.meydan.tv\\\/az\\\/article\\\/kuceyi-sakinleri-mektebin-isidilmesi-ucun-odun-axtarisindayiq\\\/#primaryimage\"},\"thumbnailUrl\":\"https:\\\/\\\/www.meydan.tv\\\/wp-content\\\/uploads\\\/untitled-design-2-74.jpg\",\"datePublished\":\"2023-01-12T09:39:24+00:00\",\"dateModified\":\"2023-01-12T09:39:27+00:00\",\"breadcrumb\":{\"@id\":\"https:\\\/\\\/www.meydan.tv\\\/az\\\/article\\\/kuceyi-sakinleri-mektebin-isidilmesi-ucun-odun-axtarisindayiq\\\/#breadcrumb\"},\"inLanguage\":\"az\",\"potentialAction\":[{\"@type\":\"ReadAction\",\"target\":[\"https:\\\/\\\/www.meydan.tv\\\/az\\\/article\\\/kuceyi-sakinleri-mektebin-isidilmesi-ucun-odun-axtarisindayiq\\\/\"]}]},{\"@type\":\"ImageObject\",\"inLanguage\":\"az\",\"@id\":\"https:\\\/\\\/www.meydan.tv\\\/az\\\/article\\\/kuceyi-sakinleri-mektebin-isidilmesi-ucun-odun-axtarisindayiq\\\/#primaryimage\",\"url\":\"https:\\\/\\\/www.meydan.tv\\\/wp-content\\\/uploads\\\/untitled-design-2-74.jpg\",\"contentUrl\":\"https:\\\/\\\/www.meydan.tv\\\/wp-content\\\/uploads\\\/untitled-design-2-74.jpg\",\"width\":1200,\"height\":800,\"caption\":\"Fotolar: Meydan TV\"},{\"@type\":\"BreadcrumbList\",\"@id\":\"https:\\\/\\\/www.meydan.tv\\\/az\\\/article\\\/kuceyi-sakinleri-mektebin-isidilmesi-ucun-odun-axtarisindayiq\\\/#breadcrumb\",\"itemListElement\":[{\"@type\":\"ListItem\",\"position\":1,\"name\":\"Ana s\u0259hif\u0259\",\"item\":\"https:\\\/\\\/www.meydan.tv\\\/az\\\/\"},{\"@type\":\"ListItem\",\"position\":2,\"name\":\"B\u00f6lg\u0259\",\"item\":\"https:\\\/\\\/www.meydan.tv\\\/az\\\/section\\\/bolge\\\/\"},{\"@type\":\"ListItem\",\"position\":3,\"name\":\"K\u00fc\u00e7eyi sakinl\u0259ri: \u201cM\u0259kt\u0259bin isidilm\u0259si \u00fc\u00e7\u00fcn odun axtar\u0131\u015f\u0131nday\u0131q\u201d\"}]},{\"@type\":\"WebSite\",\"@id\":\"https:\\\/\\\/www.meydan.tv\\\/az\\\/#website\",\"url\":\"https:\\\/\\\/www.meydan.tv\\\/az\\\/\",\"name\":\"MEYDAN.TV\",\"description\":\"Meydan TV Az\u0259rbaycan\u0131n media m\u0259kan\u0131ndak\u0131 alternativ s\u0259sidir\",\"publisher\":{\"@id\":\"https:\\\/\\\/www.meydan.tv\\\/az\\\/#organization\"},\"potentialAction\":[{\"@type\":\"SearchAction\",\"target\":{\"@type\":\"EntryPoint\",\"urlTemplate\":\"https:\\\/\\\/www.meydan.tv\\\/az\\\/?s={search_term_string}\"},\"query-input\":{\"@type\":\"PropertyValueSpecification\",\"valueRequired\":true,\"valueName\":\"search_term_string\"}}],\"inLanguage\":\"az\"},{\"@type\":\"Organization\",\"@id\":\"https:\\\/\\\/www.meydan.tv\\\/az\\\/#organization\",\"name\":\"Meydan TV\",\"url\":\"https:\\\/\\\/www.meydan.tv\\\/az\\\/\",\"logo\":{\"@type\":\"ImageObject\",\"inLanguage\":\"az\",\"@id\":\"https:\\\/\\\/www.meydan.tv\\\/az\\\/#\\\/schema\\\/logo\\\/image\\\/\",\"url\":\"https:\\\/\\\/www.meydan.tv\\\/wp-content\\\/uploads\\\/2021\\\/07\\\/meydan-logo.svg\",\"contentUrl\":\"https:\\\/\\\/www.meydan.tv\\\/wp-content\\\/uploads\\\/2021\\\/07\\\/meydan-logo.svg\",\"width\":195,\"height\":46,\"caption\":\"Meydan TV\"},\"image\":{\"@id\":\"https:\\\/\\\/www.meydan.tv\\\/az\\\/#\\\/schema\\\/logo\\\/image\\\/\"}},{\"@type\":\"Person\",\"@id\":\"https:\\\/\\\/www.meydan.tv\\\/az\\\/#\\\/schema\\\/person\\\/9cdbecf90d17180ce1dfbd95b08dcf47\",\"name\":\"elli\",\"sameAs\":[\"https:\\\/\\\/x.com\\\/elli\"]}]}<\/script>\n<!-- \/ Yoast SEO plugin. -->","yoast_head_json":{"title":"K\u00fc\u00e7eyi sakinl\u0259ri: \u201cM\u0259kt\u0259bin isidilm\u0259si \u00fc\u00e7\u00fcn odun axtar\u0131\u015f\u0131nday\u0131q\u201d - MEYDAN.TV","robots":{"index":"index","follow":"follow","max-snippet":"max-snippet:-1","max-image-preview":"max-image-preview:large","max-video-preview":"max-video-preview:-1"},"canonical":"https:\/\/www.meydan.tv\/az\/article\/kuceyi-sakinleri-mektebin-isidilmesi-ucun-odun-axtarisindayiq\/","og_locale":"az_AZ","og_type":"article","og_title":"K\u00fc\u00e7eyi sakinl\u0259ri: \u201cM\u0259kt\u0259bin isidilm\u0259si \u00fc\u00e7\u00fcn odun axtar\u0131\u015f\u0131nday\u0131q\u201d - MEYDAN.TV","og_description":"Ne\u00e7\u0259 g\u00fcnd\u00fcr ki, valideynl\u0259r istilik t\u0259l\u0259biyl\u0259 rayondak\u0131 qurumlar\u0131n qar\u015f\u0131s\u0131na topla\u015f\u0131r\u00a0 ... Davam\u0131","og_url":"https:\/\/www.meydan.tv\/az\/article\/kuceyi-sakinleri-mektebin-isidilmesi-ucun-odun-axtarisindayiq\/","og_site_name":"MEYDAN.TV","article_published_time":"2023-01-12T09:39:24+00:00","article_modified_time":"2023-01-12T09:39:27+00:00","og_image":[{"width":1200,"height":800,"url":"https:\/\/www.meydan.tv\/wp-content\/uploads\/untitled-design-2-74.jpg","type":"image\/jpeg"}],"author":"elli","twitter_card":"summary_large_image","twitter_creator":"@elli","schema":{"@context":"https:\/\/schema.org","@graph":[{"@type":"Article","@id":"https:\/\/www.meydan.tv\/az\/article\/kuceyi-sakinleri-mektebin-isidilmesi-ucun-odun-axtarisindayiq\/#article","isPartOf":{"@id":"https:\/\/www.meydan.tv\/az\/article\/kuceyi-sakinleri-mektebin-isidilmesi-ucun-odun-axtarisindayiq\/"},"author":{"name":"elli","@id":"https:\/\/www.meydan.tv\/az\/#\/schema\/person\/9cdbecf90d17180ce1dfbd95b08dcf47"},"headline":"K\u00fc\u00e7eyi sakinl\u0259ri: \u201cM\u0259kt\u0259bin isidilm\u0259si \u00fc\u00e7\u00fcn odun axtar\u0131\u015f\u0131nday\u0131q\u201d","datePublished":"2023-01-12T09:39:24+00:00","dateModified":"2023-01-12T09:39:27+00:00","mainEntityOfPage":{"@id":"https:\/\/www.meydan.tv\/az\/article\/kuceyi-sakinleri-mektebin-isidilmesi-ucun-odun-axtarisindayiq\/"},"wordCount":1079,"publisher":{"@id":"https:\/\/www.meydan.tv\/az\/#organization"},"image":{"@id":"https:\/\/www.meydan.tv\/az\/article\/kuceyi-sakinleri-mektebin-isidilmesi-ucun-odun-axtarisindayiq\/#primaryimage"},"thumbnailUrl":"https:\/\/www.meydan.tv\/wp-content\/uploads\/untitled-design-2-74.jpg","articleSection":["B\u00f6lg\u0259","Redaktor se\u00e7imi","X\u0259b\u0259rl\u0259r"],"inLanguage":"az"},{"@type":"WebPage","@id":"https:\/\/www.meydan.tv\/az\/article\/kuceyi-sakinleri-mektebin-isidilmesi-ucun-odun-axtarisindayiq\/","url":"https:\/\/www.meydan.tv\/az\/article\/kuceyi-sakinleri-mektebin-isidilmesi-ucun-odun-axtarisindayiq\/","name":"K\u00fc\u00e7eyi sakinl\u0259ri: \u201cM\u0259kt\u0259bin isidilm\u0259si \u00fc\u00e7\u00fcn odun axtar\u0131\u015f\u0131nday\u0131q\u201d - MEYDAN.TV","isPartOf":{"@id":"https:\/\/www.meydan.tv\/az\/#website"},"primaryImageOfPage":{"@id":"https:\/\/www.meydan.tv\/az\/article\/kuceyi-sakinleri-mektebin-isidilmesi-ucun-odun-axtarisindayiq\/#primaryimage"},"image":{"@id":"https:\/\/www.meydan.tv\/az\/article\/kuceyi-sakinleri-mektebin-isidilmesi-ucun-odun-axtarisindayiq\/#primaryimage"},"thumbnailUrl":"https:\/\/www.meydan.tv\/wp-content\/uploads\/untitled-design-2-74.jpg","datePublished":"2023-01-12T09:39:24+00:00","dateModified":"2023-01-12T09:39:27+00:00","breadcrumb":{"@id":"https:\/\/www.meydan.tv\/az\/article\/kuceyi-sakinleri-mektebin-isidilmesi-ucun-odun-axtarisindayiq\/#breadcrumb"},"inLanguage":"az","potentialAction":[{"@type":"ReadAction","target":["https:\/\/www.meydan.tv\/az\/article\/kuceyi-sakinleri-mektebin-isidilmesi-ucun-odun-axtarisindayiq\/"]}]},{"@type":"ImageObject","inLanguage":"az","@id":"https:\/\/www.meydan.tv\/az\/article\/kuceyi-sakinleri-mektebin-isidilmesi-ucun-odun-axtarisindayiq\/#primaryimage","url":"https:\/\/www.meydan.tv\/wp-content\/uploads\/untitled-design-2-74.jpg","contentUrl":"https:\/\/www.meydan.tv\/wp-content\/uploads\/untitled-design-2-74.jpg","width":1200,"height":800,"caption":"Fotolar: Meydan TV"},{"@type":"BreadcrumbList","@id":"https:\/\/www.meydan.tv\/az\/article\/kuceyi-sakinleri-mektebin-isidilmesi-ucun-odun-axtarisindayiq\/#breadcrumb","itemListElement":[{"@type":"ListItem","position":1,"name":"Ana s\u0259hif\u0259","item":"https:\/\/www.meydan.tv\/az\/"},{"@type":"ListItem","position":2,"name":"B\u00f6lg\u0259","item":"https:\/\/www.meydan.tv\/az\/section\/bolge\/"},{"@type":"ListItem","position":3,"name":"K\u00fc\u00e7eyi sakinl\u0259ri: \u201cM\u0259kt\u0259bin isidilm\u0259si \u00fc\u00e7\u00fcn odun axtar\u0131\u015f\u0131nday\u0131q\u201d"}]},{"@type":"WebSite","@id":"https:\/\/www.meydan.tv\/az\/#website","url":"https:\/\/www.meydan.tv\/az\/","name":"MEYDAN.TV","description":"Meydan TV Az\u0259rbaycan\u0131n media m\u0259kan\u0131ndak\u0131 alternativ s\u0259sidir","publisher":{"@id":"https:\/\/www.meydan.tv\/az\/#organization"},"potentialAction":[{"@type":"SearchAction","target":{"@type":"EntryPoint","urlTemplate":"https:\/\/www.meydan.tv\/az\/?s={search_term_string}"},"query-input":{"@type":"PropertyValueSpecification","valueRequired":true,"valueName":"search_term_string"}}],"inLanguage":"az"},{"@type":"Organization","@id":"https:\/\/www.meydan.tv\/az\/#organization","name":"Meydan TV","url":"https:\/\/www.meydan.tv\/az\/","logo":{"@type":"ImageObject","inLanguage":"az","@id":"https:\/\/www.meydan.tv\/az\/#\/schema\/logo\/image\/","url":"https:\/\/www.meydan.tv\/wp-content\/uploads\/2021\/07\/meydan-logo.svg","contentUrl":"https:\/\/www.meydan.tv\/wp-content\/uploads\/2021\/07\/meydan-logo.svg","width":195,"height":46,"caption":"Meydan TV"},"image":{"@id":"https:\/\/www.meydan.tv\/az\/#\/schema\/logo\/image\/"}},{"@type":"Person","@id":"https:\/\/www.meydan.tv\/az\/#\/schema\/person\/9cdbecf90d17180ce1dfbd95b08dcf47","name":"elli","sameAs":["https:\/\/x.com\/elli"]}]}},"_links":{"self":[{"href":"https:\/\/www.meydan.tv\/az\/wp-json\/wp\/v2\/posts\/265561","targetHints":{"allow":["GET"]}}],"collection":[{"href":"https:\/\/www.meydan.tv\/az\/wp-json\/wp\/v2\/posts"}],"about":[{"href":"https:\/\/www.meydan.tv\/az\/wp-json\/wp\/v2\/types\/post"}],"author":[{"embeddable":true,"href":"https:\/\/www.meydan.tv\/az\/wp-json\/wp\/v2\/users\/8"}],"replies":[{"embeddable":true,"href":"https:\/\/www.meydan.tv\/az\/wp-json\/wp\/v2\/comments?post=265561"}],"version-history":[{"count":1,"href":"https:\/\/www.meydan.tv\/az\/wp-json\/wp\/v2\/posts\/265561\/revisions"}],"predecessor-version":[{"id":265577,"href":"https:\/\/www.meydan.tv\/az\/wp-json\/wp\/v2\/posts\/265561\/revisions\/265577"}],"wp:featuredmedia":[{"embeddable":true,"href":"https:\/\/www.meydan.tv\/az\/wp-json\/wp\/v2\/media\/265574"}],"wp:attachment":[{"href":"https:\/\/www.meydan.tv\/az\/wp-json\/wp\/v2\/media?parent=265561"}],"wp:term":[{"taxonomy":"category","embeddable":true,"href":"https:\/\/www.meydan.tv\/az\/wp-json\/wp\/v2\/categories?post=265561"},{"taxonomy":"post_tag","embeddable":true,"href":"https:\/\/www.meydan.tv\/az\/wp-json\/wp\/v2\/tags?post=265561"}],"curies":[{"name":"wp","href":"https:\/\/api.w.org\/{rel}","templated":true}]}}