{"id":265530,"date":"2023-01-11T17:49:07","date_gmt":"2023-01-11T13:49:07","guid":{"rendered":"https:\/\/www.meydan.tv\/?p=265530"},"modified":"2023-01-11T17:49:11","modified_gmt":"2023-01-11T13:49:11","slug":"ukraynali-aktyorun-soledarda-yaralandigi-bildirilir","status":"publish","type":"post","link":"https:\/\/www.meydan.tv\/az\/article\/ukraynali-aktyorun-soledarda-yaralandigi-bildirilir\/","title":{"rendered":"<strong>Ukraynal\u0131 aktyorun Soledarda yaraland\u0131\u011f\u0131 bildirilir<\/strong>"},"content":{"rendered":"\n<p><\/p>\n\n\n\n<p><em>O, hava h\u00fccumundan m\u00fcdafi\u0259 q\u00fcvv\u0259l\u0259rind\u0259 xidm\u0259t etdiyini deyib<\/em><\/p>\n\n\n\n<p>Ukraynal\u0131 aktyor Dmitri Linartovi\u00e7in Soledar \u015f\u0259h\u0259rind\u0259 ged\u0259n d\u00f6y\u00fc\u015fl\u0259r zaman\u0131 a\u011f\u0131r yaraland\u0131\u011f\u0131 bildirilir.<\/p>\n\n\n\n<p>Sosial \u015f\u0259b\u0259k\u0259l\u0259rd\u0259 yay\u0131lan videoda evakuasiya ma\u015f\u0131n\u0131nda lent\u0259 al\u0131nan videoda aktyor yaralanmas\u0131ndan <a href=\"https:\/\/www.gazeta.ru\/culture\/news\/2023\/01\/11\/19458325.shtml?updated\" target=\"_blank\" rel=\"noreferrer noopener\">dan\u0131\u015f\u0131b<\/a>.<\/p>\n\n\n\n<p>\u201cSalam, dostlar. M\u0259n ukraynal\u0131 aktyor Dmitri Linartovi\u00e7\u0259m. Hava h\u00fccumu qo\u015funlar\u0131n\u0131n \u0259sg\u0259ri. Unutmay\u0131n ki, biz Allah\u0131n biz\u0259 verdiyi yer \u00fcz\u00fcnd\u0259yik, he\u00e7 vaxt q\u0131r\u0131lmayaca\u011f\u0131q, qalib g\u0259l\u0259c\u0259yik\u201d, &#8211; aktyor deyib.<\/p>\n\n\n\n<p>\u201cVaqner\u201d qrupunun (\u00f6z\u0259l h\u0259rbi \u015firk\u0259t) r\u0259hb\u0259ri Yevgeni Priqojin bildirmi\u015fdi ki, Soledar\u0131n b\u00fct\u00fcn \u0259razisi onlar t\u0259r\u0259find\u0259n n\u0259zar\u0259t\u0259 g\u00f6t\u00fcr\u00fcls\u0259 d\u0259, \u015f\u0259h\u0259rin m\u0259rk\u0259zind\u0259 d\u00f6y\u00fc\u015fl\u0259r davam <a href=\"https:\/\/www.gazeta.ru\/army\/2023\/01\/11\/16065283.shtml\" target=\"_blank\" rel=\"noreferrer noopener\">edir.<\/a><\/p>\n\n\n\n<p>DXR r\u0259hb\u0259ri v\u0259zif\u0259sini icra ed\u0259n Denis Pu\u015filin is\u0259 demi\u015fdi ki, Soledar\u0131n tam \u0259l\u0259 ke\u00e7irilm\u0259si respublikan\u0131n \u201ctam azad edilm\u0259sin\u0259\u201d yol a\u00e7acaq.<\/p>\n\n\n\n<p>Rusiya 2022-cil il fevral\u0131n 24-d\u0259 Ukraynada h\u0259rbi \u0259m\u0259liyyatlara ba\u015flay\u0131b.<\/p>\n\n\n\n<p>M\u00fcharib\u0259 fonunda etiraz \u0259lam\u0259ti olaraq b\u0259zi rus s\u0259n\u0259t\u00e7il\u0259ri \u00f6lk\u0259ni t\u0259rk edibl\u0259r. H\u0259m\u00e7inin Avropada f\u0259aliyy\u0259t g\u00f6st\u0259r\u0259n s\u0259n\u0259t\u00e7il\u0259r\u0259 s\u0259hny\u0259 \u00e7\u0131xmaq qada\u011falar\u0131 da t\u0259tbiq olunub.<\/p>\n\n\n\n<p>Rusiya m\u00fch\u00fcm beyn\u0259lxalq m\u0259d\u0259niyy\u0259t t\u0259dbirl\u0259rind\u0259n k\u0259narla\u015fd\u0131r\u0131l\u0131b.<\/p>\n\n\n\n<p>D\u00f6y\u00fc\u015fl\u0259r zaman\u0131 Ukraynadan olan bir ne\u00e7\u0259 aktyor v\u0259 m\u00fc\u011f\u0259nni h\u0259yat\u0131n\u0131 itirib.<\/p>\n","protected":false},"excerpt":{"rendered":"<p>O, hava h\u00fccumundan m\u00fcdafi\u0259 q\u00fcvv\u0259l\u0259rind\u0259 xidm\u0259t etdiyini deyib Ukraynal\u0131 aktyor &#8230; <\/p>\n<p class=\"read-more-container\"><a title=\"Ukraynal\u0131 aktyorun Soledarda yaraland\u0131\u011f\u0131 bildirilir\" class=\"read-more button\" href=\"https:\/\/www.meydan.tv\/az\/article\/ukraynali-aktyorun-soledarda-yaralandigi-bildirilir\/#more-265530\" aria-label=\"Read more about Ukraynal\u0131 aktyorun Soledarda yaraland\u0131\u011f\u0131 bildirilir\">Davam\u0131<\/a><\/p>\n","protected":false},"author":8,"featured_media":265527,"comment_status":"closed","ping_status":"closed","sticky":false,"template":"","format":"standard","meta":{"_acf_changed":false,"_sitemap_exclude":false,"_sitemap_priority":"","_sitemap_frequency":"","footnotes":""},"categories":[52,56],"tags":[],"class_list":["post-265530","post","type-post","status-publish","format-standard","has-post-thumbnail","hentry","category-medeniyyet","category-xeberler","infinite-scroll-item","generate-columns","tablet-grid-50","mobile-grid-100","grid-parent","grid-33","no-featured-image-padding"],"acf":[],"yoast_head":"<!-- This site is optimized with the Yoast SEO plugin v27.4 - https:\/\/yoast.com\/product\/yoast-seo-wordpress\/ -->\n<title>Ukraynal\u0131 aktyorun Soledarda yaraland\u0131\u011f\u0131 bildirilir - MEYDAN.TV<\/title>\n<meta name=\"robots\" content=\"index, follow, max-snippet:-1, max-image-preview:large, max-video-preview:-1\" \/>\n<link rel=\"canonical\" href=\"https:\/\/www.meydan.tv\/az\/article\/ukraynali-aktyorun-soledarda-yaralandigi-bildirilir\/\" \/>\n<meta property=\"og:locale\" content=\"az_AZ\" \/>\n<meta property=\"og:type\" content=\"article\" \/>\n<meta property=\"og:title\" content=\"Ukraynal\u0131 aktyorun Soledarda yaraland\u0131\u011f\u0131 bildirilir - MEYDAN.TV\" \/>\n<meta property=\"og:description\" content=\"O, hava h\u00fccumundan m\u00fcdafi\u0259 q\u00fcvv\u0259l\u0259rind\u0259 xidm\u0259t etdiyini deyib Ukraynal\u0131 aktyor ... Davam\u0131\" \/>\n<meta property=\"og:url\" content=\"https:\/\/www.meydan.tv\/az\/article\/ukraynali-aktyorun-soledarda-yaralandigi-bildirilir\/\" \/>\n<meta property=\"og:site_name\" content=\"MEYDAN.TV\" \/>\n<meta property=\"article:published_time\" content=\"2023-01-11T13:49:07+00:00\" \/>\n<meta property=\"article:modified_time\" content=\"2023-01-11T13:49:11+00:00\" \/>\n<meta property=\"og:image\" content=\"https:\/\/www.meydan.tv\/wp-content\/uploads\/dd5e419c6073a6c0fa9d54f143c29704-e1673444938981.jpg\" \/>\n\t<meta property=\"og:image:width\" content=\"1200\" \/>\n\t<meta property=\"og:image:height\" content=\"540\" \/>\n\t<meta property=\"og:image:type\" content=\"image\/jpeg\" \/>\n<meta name=\"author\" content=\"elli\" \/>\n<meta name=\"twitter:card\" content=\"summary_large_image\" \/>\n<meta name=\"twitter:creator\" content=\"@elli\" \/>\n<script type=\"application\/ld+json\" class=\"yoast-schema-graph\">{\"@context\":\"https:\\\/\\\/schema.org\",\"@graph\":[{\"@type\":\"Article\",\"@id\":\"https:\\\/\\\/www.meydan.tv\\\/az\\\/article\\\/ukraynali-aktyorun-soledarda-yaralandigi-bildirilir\\\/#article\",\"isPartOf\":{\"@id\":\"https:\\\/\\\/www.meydan.tv\\\/az\\\/article\\\/ukraynali-aktyorun-soledarda-yaralandigi-bildirilir\\\/\"},\"author\":{\"name\":\"elli\",\"@id\":\"https:\\\/\\\/www.meydan.tv\\\/az\\\/#\\\/schema\\\/person\\\/9cdbecf90d17180ce1dfbd95b08dcf47\"},\"headline\":\"Ukraynal\u0131 aktyorun Soledarda yaraland\u0131\u011f\u0131 bildirilir\",\"datePublished\":\"2023-01-11T13:49:07+00:00\",\"dateModified\":\"2023-01-11T13:49:11+00:00\",\"mainEntityOfPage\":{\"@id\":\"https:\\\/\\\/www.meydan.tv\\\/az\\\/article\\\/ukraynali-aktyorun-soledarda-yaralandigi-bildirilir\\\/\"},\"wordCount\":279,\"publisher\":{\"@id\":\"https:\\\/\\\/www.meydan.tv\\\/az\\\/#organization\"},\"image\":{\"@id\":\"https:\\\/\\\/www.meydan.tv\\\/az\\\/article\\\/ukraynali-aktyorun-soledarda-yaralandigi-bildirilir\\\/#primaryimage\"},\"thumbnailUrl\":\"https:\\\/\\\/www.meydan.tv\\\/wp-content\\\/uploads\\\/dd5e419c6073a6c0fa9d54f143c29704-e1673444938981.jpg\",\"articleSection\":[\"M\u0259d\u0259niyy\u0259t\",\"X\u0259b\u0259rl\u0259r\"],\"inLanguage\":\"az\"},{\"@type\":\"WebPage\",\"@id\":\"https:\\\/\\\/www.meydan.tv\\\/az\\\/article\\\/ukraynali-aktyorun-soledarda-yaralandigi-bildirilir\\\/\",\"url\":\"https:\\\/\\\/www.meydan.tv\\\/az\\\/article\\\/ukraynali-aktyorun-soledarda-yaralandigi-bildirilir\\\/\",\"name\":\"Ukraynal\u0131 aktyorun Soledarda yaraland\u0131\u011f\u0131 bildirilir - MEYDAN.TV\",\"isPartOf\":{\"@id\":\"https:\\\/\\\/www.meydan.tv\\\/az\\\/#website\"},\"primaryImageOfPage\":{\"@id\":\"https:\\\/\\\/www.meydan.tv\\\/az\\\/article\\\/ukraynali-aktyorun-soledarda-yaralandigi-bildirilir\\\/#primaryimage\"},\"image\":{\"@id\":\"https:\\\/\\\/www.meydan.tv\\\/az\\\/article\\\/ukraynali-aktyorun-soledarda-yaralandigi-bildirilir\\\/#primaryimage\"},\"thumbnailUrl\":\"https:\\\/\\\/www.meydan.tv\\\/wp-content\\\/uploads\\\/dd5e419c6073a6c0fa9d54f143c29704-e1673444938981.jpg\",\"datePublished\":\"2023-01-11T13:49:07+00:00\",\"dateModified\":\"2023-01-11T13:49:11+00:00\",\"breadcrumb\":{\"@id\":\"https:\\\/\\\/www.meydan.tv\\\/az\\\/article\\\/ukraynali-aktyorun-soledarda-yaralandigi-bildirilir\\\/#breadcrumb\"},\"inLanguage\":\"az\",\"potentialAction\":[{\"@type\":\"ReadAction\",\"target\":[\"https:\\\/\\\/www.meydan.tv\\\/az\\\/article\\\/ukraynali-aktyorun-soledarda-yaralandigi-bildirilir\\\/\"]}]},{\"@type\":\"ImageObject\",\"inLanguage\":\"az\",\"@id\":\"https:\\\/\\\/www.meydan.tv\\\/az\\\/article\\\/ukraynali-aktyorun-soledarda-yaralandigi-bildirilir\\\/#primaryimage\",\"url\":\"https:\\\/\\\/www.meydan.tv\\\/wp-content\\\/uploads\\\/dd5e419c6073a6c0fa9d54f143c29704-e1673444938981.jpg\",\"contentUrl\":\"https:\\\/\\\/www.meydan.tv\\\/wp-content\\\/uploads\\\/dd5e419c6073a6c0fa9d54f143c29704-e1673444938981.jpg\",\"width\":1200,\"height\":540,\"caption\":\"Dmitri Linartovi\u00e7. Foto: \\\"focus.ua\\\"\"},{\"@type\":\"BreadcrumbList\",\"@id\":\"https:\\\/\\\/www.meydan.tv\\\/az\\\/article\\\/ukraynali-aktyorun-soledarda-yaralandigi-bildirilir\\\/#breadcrumb\",\"itemListElement\":[{\"@type\":\"ListItem\",\"position\":1,\"name\":\"Ana s\u0259hif\u0259\",\"item\":\"https:\\\/\\\/www.meydan.tv\\\/az\\\/\"},{\"@type\":\"ListItem\",\"position\":2,\"name\":\"M\u0259d\u0259niyy\u0259t\",\"item\":\"https:\\\/\\\/www.meydan.tv\\\/az\\\/section\\\/medeniyyet\\\/\"},{\"@type\":\"ListItem\",\"position\":3,\"name\":\"Ukraynal\u0131 aktyorun Soledarda yaraland\u0131\u011f\u0131 bildirilir\"}]},{\"@type\":\"WebSite\",\"@id\":\"https:\\\/\\\/www.meydan.tv\\\/az\\\/#website\",\"url\":\"https:\\\/\\\/www.meydan.tv\\\/az\\\/\",\"name\":\"MEYDAN.TV\",\"description\":\"Meydan TV Az\u0259rbaycan\u0131n media m\u0259kan\u0131ndak\u0131 alternativ s\u0259sidir\",\"publisher\":{\"@id\":\"https:\\\/\\\/www.meydan.tv\\\/az\\\/#organization\"},\"potentialAction\":[{\"@type\":\"SearchAction\",\"target\":{\"@type\":\"EntryPoint\",\"urlTemplate\":\"https:\\\/\\\/www.meydan.tv\\\/az\\\/?s={search_term_string}\"},\"query-input\":{\"@type\":\"PropertyValueSpecification\",\"valueRequired\":true,\"valueName\":\"search_term_string\"}}],\"inLanguage\":\"az\"},{\"@type\":\"Organization\",\"@id\":\"https:\\\/\\\/www.meydan.tv\\\/az\\\/#organization\",\"name\":\"Meydan TV\",\"url\":\"https:\\\/\\\/www.meydan.tv\\\/az\\\/\",\"logo\":{\"@type\":\"ImageObject\",\"inLanguage\":\"az\",\"@id\":\"https:\\\/\\\/www.meydan.tv\\\/az\\\/#\\\/schema\\\/logo\\\/image\\\/\",\"url\":\"https:\\\/\\\/www.meydan.tv\\\/wp-content\\\/uploads\\\/2021\\\/07\\\/meydan-logo.svg\",\"contentUrl\":\"https:\\\/\\\/www.meydan.tv\\\/wp-content\\\/uploads\\\/2021\\\/07\\\/meydan-logo.svg\",\"width\":195,\"height\":46,\"caption\":\"Meydan TV\"},\"image\":{\"@id\":\"https:\\\/\\\/www.meydan.tv\\\/az\\\/#\\\/schema\\\/logo\\\/image\\\/\"}},{\"@type\":\"Person\",\"@id\":\"https:\\\/\\\/www.meydan.tv\\\/az\\\/#\\\/schema\\\/person\\\/9cdbecf90d17180ce1dfbd95b08dcf47\",\"name\":\"elli\",\"sameAs\":[\"https:\\\/\\\/x.com\\\/elli\"]}]}<\/script>\n<!-- \/ Yoast SEO plugin. -->","yoast_head_json":{"title":"Ukraynal\u0131 aktyorun Soledarda yaraland\u0131\u011f\u0131 bildirilir - MEYDAN.TV","robots":{"index":"index","follow":"follow","max-snippet":"max-snippet:-1","max-image-preview":"max-image-preview:large","max-video-preview":"max-video-preview:-1"},"canonical":"https:\/\/www.meydan.tv\/az\/article\/ukraynali-aktyorun-soledarda-yaralandigi-bildirilir\/","og_locale":"az_AZ","og_type":"article","og_title":"Ukraynal\u0131 aktyorun Soledarda yaraland\u0131\u011f\u0131 bildirilir - MEYDAN.TV","og_description":"O, hava h\u00fccumundan m\u00fcdafi\u0259 q\u00fcvv\u0259l\u0259rind\u0259 xidm\u0259t etdiyini deyib Ukraynal\u0131 aktyor ... Davam\u0131","og_url":"https:\/\/www.meydan.tv\/az\/article\/ukraynali-aktyorun-soledarda-yaralandigi-bildirilir\/","og_site_name":"MEYDAN.TV","article_published_time":"2023-01-11T13:49:07+00:00","article_modified_time":"2023-01-11T13:49:11+00:00","og_image":[{"width":1200,"height":540,"url":"https:\/\/www.meydan.tv\/wp-content\/uploads\/dd5e419c6073a6c0fa9d54f143c29704-e1673444938981.jpg","type":"image\/jpeg"}],"author":"elli","twitter_card":"summary_large_image","twitter_creator":"@elli","schema":{"@context":"https:\/\/schema.org","@graph":[{"@type":"Article","@id":"https:\/\/www.meydan.tv\/az\/article\/ukraynali-aktyorun-soledarda-yaralandigi-bildirilir\/#article","isPartOf":{"@id":"https:\/\/www.meydan.tv\/az\/article\/ukraynali-aktyorun-soledarda-yaralandigi-bildirilir\/"},"author":{"name":"elli","@id":"https:\/\/www.meydan.tv\/az\/#\/schema\/person\/9cdbecf90d17180ce1dfbd95b08dcf47"},"headline":"Ukraynal\u0131 aktyorun Soledarda yaraland\u0131\u011f\u0131 bildirilir","datePublished":"2023-01-11T13:49:07+00:00","dateModified":"2023-01-11T13:49:11+00:00","mainEntityOfPage":{"@id":"https:\/\/www.meydan.tv\/az\/article\/ukraynali-aktyorun-soledarda-yaralandigi-bildirilir\/"},"wordCount":279,"publisher":{"@id":"https:\/\/www.meydan.tv\/az\/#organization"},"image":{"@id":"https:\/\/www.meydan.tv\/az\/article\/ukraynali-aktyorun-soledarda-yaralandigi-bildirilir\/#primaryimage"},"thumbnailUrl":"https:\/\/www.meydan.tv\/wp-content\/uploads\/dd5e419c6073a6c0fa9d54f143c29704-e1673444938981.jpg","articleSection":["M\u0259d\u0259niyy\u0259t","X\u0259b\u0259rl\u0259r"],"inLanguage":"az"},{"@type":"WebPage","@id":"https:\/\/www.meydan.tv\/az\/article\/ukraynali-aktyorun-soledarda-yaralandigi-bildirilir\/","url":"https:\/\/www.meydan.tv\/az\/article\/ukraynali-aktyorun-soledarda-yaralandigi-bildirilir\/","name":"Ukraynal\u0131 aktyorun Soledarda yaraland\u0131\u011f\u0131 bildirilir - MEYDAN.TV","isPartOf":{"@id":"https:\/\/www.meydan.tv\/az\/#website"},"primaryImageOfPage":{"@id":"https:\/\/www.meydan.tv\/az\/article\/ukraynali-aktyorun-soledarda-yaralandigi-bildirilir\/#primaryimage"},"image":{"@id":"https:\/\/www.meydan.tv\/az\/article\/ukraynali-aktyorun-soledarda-yaralandigi-bildirilir\/#primaryimage"},"thumbnailUrl":"https:\/\/www.meydan.tv\/wp-content\/uploads\/dd5e419c6073a6c0fa9d54f143c29704-e1673444938981.jpg","datePublished":"2023-01-11T13:49:07+00:00","dateModified":"2023-01-11T13:49:11+00:00","breadcrumb":{"@id":"https:\/\/www.meydan.tv\/az\/article\/ukraynali-aktyorun-soledarda-yaralandigi-bildirilir\/#breadcrumb"},"inLanguage":"az","potentialAction":[{"@type":"ReadAction","target":["https:\/\/www.meydan.tv\/az\/article\/ukraynali-aktyorun-soledarda-yaralandigi-bildirilir\/"]}]},{"@type":"ImageObject","inLanguage":"az","@id":"https:\/\/www.meydan.tv\/az\/article\/ukraynali-aktyorun-soledarda-yaralandigi-bildirilir\/#primaryimage","url":"https:\/\/www.meydan.tv\/wp-content\/uploads\/dd5e419c6073a6c0fa9d54f143c29704-e1673444938981.jpg","contentUrl":"https:\/\/www.meydan.tv\/wp-content\/uploads\/dd5e419c6073a6c0fa9d54f143c29704-e1673444938981.jpg","width":1200,"height":540,"caption":"Dmitri Linartovi\u00e7. Foto: \"focus.ua\""},{"@type":"BreadcrumbList","@id":"https:\/\/www.meydan.tv\/az\/article\/ukraynali-aktyorun-soledarda-yaralandigi-bildirilir\/#breadcrumb","itemListElement":[{"@type":"ListItem","position":1,"name":"Ana s\u0259hif\u0259","item":"https:\/\/www.meydan.tv\/az\/"},{"@type":"ListItem","position":2,"name":"M\u0259d\u0259niyy\u0259t","item":"https:\/\/www.meydan.tv\/az\/section\/medeniyyet\/"},{"@type":"ListItem","position":3,"name":"Ukraynal\u0131 aktyorun Soledarda yaraland\u0131\u011f\u0131 bildirilir"}]},{"@type":"WebSite","@id":"https:\/\/www.meydan.tv\/az\/#website","url":"https:\/\/www.meydan.tv\/az\/","name":"MEYDAN.TV","description":"Meydan TV Az\u0259rbaycan\u0131n media m\u0259kan\u0131ndak\u0131 alternativ s\u0259sidir","publisher":{"@id":"https:\/\/www.meydan.tv\/az\/#organization"},"potentialAction":[{"@type":"SearchAction","target":{"@type":"EntryPoint","urlTemplate":"https:\/\/www.meydan.tv\/az\/?s={search_term_string}"},"query-input":{"@type":"PropertyValueSpecification","valueRequired":true,"valueName":"search_term_string"}}],"inLanguage":"az"},{"@type":"Organization","@id":"https:\/\/www.meydan.tv\/az\/#organization","name":"Meydan TV","url":"https:\/\/www.meydan.tv\/az\/","logo":{"@type":"ImageObject","inLanguage":"az","@id":"https:\/\/www.meydan.tv\/az\/#\/schema\/logo\/image\/","url":"https:\/\/www.meydan.tv\/wp-content\/uploads\/2021\/07\/meydan-logo.svg","contentUrl":"https:\/\/www.meydan.tv\/wp-content\/uploads\/2021\/07\/meydan-logo.svg","width":195,"height":46,"caption":"Meydan TV"},"image":{"@id":"https:\/\/www.meydan.tv\/az\/#\/schema\/logo\/image\/"}},{"@type":"Person","@id":"https:\/\/www.meydan.tv\/az\/#\/schema\/person\/9cdbecf90d17180ce1dfbd95b08dcf47","name":"elli","sameAs":["https:\/\/x.com\/elli"]}]}},"_links":{"self":[{"href":"https:\/\/www.meydan.tv\/az\/wp-json\/wp\/v2\/posts\/265530","targetHints":{"allow":["GET"]}}],"collection":[{"href":"https:\/\/www.meydan.tv\/az\/wp-json\/wp\/v2\/posts"}],"about":[{"href":"https:\/\/www.meydan.tv\/az\/wp-json\/wp\/v2\/types\/post"}],"author":[{"embeddable":true,"href":"https:\/\/www.meydan.tv\/az\/wp-json\/wp\/v2\/users\/8"}],"replies":[{"embeddable":true,"href":"https:\/\/www.meydan.tv\/az\/wp-json\/wp\/v2\/comments?post=265530"}],"version-history":[{"count":1,"href":"https:\/\/www.meydan.tv\/az\/wp-json\/wp\/v2\/posts\/265530\/revisions"}],"predecessor-version":[{"id":265531,"href":"https:\/\/www.meydan.tv\/az\/wp-json\/wp\/v2\/posts\/265530\/revisions\/265531"}],"wp:featuredmedia":[{"embeddable":true,"href":"https:\/\/www.meydan.tv\/az\/wp-json\/wp\/v2\/media\/265527"}],"wp:attachment":[{"href":"https:\/\/www.meydan.tv\/az\/wp-json\/wp\/v2\/media?parent=265530"}],"wp:term":[{"taxonomy":"category","embeddable":true,"href":"https:\/\/www.meydan.tv\/az\/wp-json\/wp\/v2\/categories?post=265530"},{"taxonomy":"post_tag","embeddable":true,"href":"https:\/\/www.meydan.tv\/az\/wp-json\/wp\/v2\/tags?post=265530"}],"curies":[{"name":"wp","href":"https:\/\/api.w.org\/{rel}","templated":true}]}}