{"id":265519,"date":"2023-01-11T17:30:34","date_gmt":"2023-01-11T13:30:34","guid":{"rendered":"https:\/\/www.meydan.tv\/?p=265519"},"modified":"2023-01-11T17:31:51","modified_gmt":"2023-01-11T13:31:51","slug":"kockun-ailesi-corekpulumuzu-kesibler-adimizi-ev-siyahisindan-cixariblar","status":"publish","type":"post","link":"https:\/\/www.meydan.tv\/az\/article\/kockun-ailesi-corekpulumuzu-kesibler-adimizi-ev-siyahisindan-cixariblar\/","title":{"rendered":"K\u00f6\u00e7k\u00fcn ail\u0259si: \u201c\u00c7\u00f6r\u0259kpulumuzu k\u0259sibl\u0259r, ad\u0131m\u0131z\u0131 ev siyah\u0131s\u0131ndan \u00e7\u0131xar\u0131blar\u201d"},"content":{"rendered":"\n<p><\/p>\n\n\n\n<p><em>Qa\u00e7q\u0131nlar\u0131n v\u0259 M\u0259cburi K\u00f6\u00e7k\u00fcnl\u0259rin \u0130\u015fl\u0259ri \u00dczr\u0259 D\u00f6vl\u0259t Komit\u0259si deyir, \u015e\u0259raf\u0259t \u0130smay\u0131lovan\u0131n ad\u0131na ev var, \u015fikay\u0259t\u00e7i is\u0259 deyir, he\u00e7 n\u0259yi yoxdur<\/em><\/p>\n\n\n\n<p>\u201cDeyirl\u0259r, siz\u0259 \u201c\u00e7\u00f6r\u0259k pulu\u201d d\u00fc\u015fm\u00fcr. S\u0259b\u0259bini is\u0259 izah etmirl\u0259r, ya da izah etm\u0259y\u0259 s\u0259b\u0259b yoxdur. U\u015faqlar\u0131 t\u0259kba\u015f\u0131na b\u00f6y\u00fctm\u00fc\u015f\u0259m. \u0130ndi d\u0259 \u015f\u0259k\u0259r zavodunda f\u0259hl\u0259 i\u015fl\u0259yir\u0259m, c\u0259mi 276 manat maa\u015f al\u0131ram.&nbsp; \u00c7ox \u00e7\u0259tinlikl\u0259 dolan\u0131r\u0131q. Biz nec\u0259 dolanaq? 5-10 manat \u00e7\u00f6r\u0259kpulunu da \u00e7ox g\u00f6r\u00fcrl\u0259r\u201d.<\/p>\n\n\n\n<p>Bunu Meydan TV-y\u0259 A\u011fdam\u0131n X\u0131nd\u0131r\u0131stan k\u0259nd sakini \u015e\u0259raf\u0259t \u0130smay\u0131lova deyir.<\/p>\n\n\n\n<p>\u015e\u0259raf\u0259t \u0130smay\u0131lovan\u0131n h\u0259yat yolda\u015f\u0131 K\u0259lb\u0259c\u0259rd\u0259n k\u00f6\u00e7k\u00fcn d\u00fc\u015f\u00fcb. \u0130ki \u00f6vlad\u0131 var. 15 il \u0259vv\u0259l h\u0259yat yolda\u015f\u0131ndan bo\u015fan\u0131b, u\u015faqlar\u0131 t\u0259kba\u015f\u0131na b\u00f6y\u00fcd\u00fcb. A\u011fdam sakini olsa da, haz\u0131rda \u0130mi\u015flid\u0259 bir daxmaya s\u0131\u011f\u0131n\u0131b. \u00c7\u00fcnki rayondak\u0131 \u015f\u0259k\u0259r zavodunda f\u0259hl\u0259 i\u015fl\u0259yir. Bir m\u00fcdd\u0259t \u0259vv\u0259l k\u00f6\u00e7k\u00fcn ail\u0259l\u0259rin\u0259 veril\u0259n ayl\u0131q \u00e7\u00f6r\u0259kpuludan&nbsp; m\u0259hrum olub:&nbsp;<\/p>\n\n\n\n<p>\u201cS\u0259h\u0259rd\u0259n ax\u015fama kimi i\u015fl\u0259yib 276 manat maa\u015f al\u0131ram. O \u00e7\u00f6r\u0259kpulu da hardasa ail\u0259y\u0259 k\u00f6m\u0259k idi. Q\u0131zlar\u0131m b\u00f6y\u00fcy\u00fcb, ancaq \u00f6zl\u0259rin\u0259 m\u00fcnasib i\u015f tapa bilmirl\u0259r. Bu bahala\u015fman\u0131n, \u00e7at\u0131\u015fmazl\u0131qlar\u0131n i\u00e7\u0259risind\u0259 bir d\u0259 \u00e7\u00f6r\u0259kpulunu k\u0259sibl\u0259r\u201d.<\/p>\n\n\n\n<p>\u015eikay\u0259t\u00e7i deyir, m\u0259s\u0259l\u0259 t\u0259k bununla bitmir. Bir g\u00fcn x\u0259b\u0259r tutub ki, onun ad\u0131n\u0131 ev n\u00f6vb\u0259si siyah\u0131s\u0131ndan da \u00e7\u0131xar\u0131blar:<\/p>\n\n\n\n<p>\u201c\u00d6zl\u0259ri g\u0259lib, siyah\u0131ya alm\u0131\u015fd\u0131lar, demi\u015fdil\u0259r ki, ev tikilir, yax\u0131n vaxtlarda k\u00f6\u00e7\u0259c\u0259ksiz. Ev haz\u0131r olanda x\u0259b\u0259r tutdum ki, ham\u0131ya paylan\u0131b, m\u0259n qalm\u0131\u015fam. Getdim \u201cQa\u00e7q\u0131nkom\u201da, dedil\u0259r, ad\u0131n siyah\u0131dan \u00e7\u0131xar\u0131l\u0131b\u201d.<\/p>\n\n\n\n<p>Qa\u00e7q\u0131nlar\u0131n v\u0259 M\u0259cburi K\u00f6\u00e7k\u00fcnl\u0259rin \u0130\u015fl\u0259ri \u00dczr\u0259 D\u00f6vl\u0259t Komit\u0259sind\u0259n bildirilib ki, \u015e\u0259raf\u0259t \u0130smay\u0131lovan\u0131n m\u00fcraci\u0259ti qurumdak\u0131 m\u00fcvafiq komissiya t\u0259r\u0259find\u0259n ara\u015fd\u0131r\u0131l\u0131b. M\u0259lum olub ki, A\u011fdam\u0131n X\u0131nd\u0131r\u0131stan k\u0259ndind\u0259 onun ad\u0131na 3.02 hektar torpaq sah\u0259si v\u0259 f\u0259rdi ya\u015fay\u0131\u015f evi var. \u201c&#8230; M\u0259cburi k\u00f6\u00e7k\u00fcnl\u0259r\u0259 yeni m\u0259nzill\u0259rin verilm\u0259si Az\u0259rbaycan Respublikas\u0131 Nazirl\u0259r Kabinetinin 2017-ci il 24 fevral tarixli 65 n\u00f6mr\u0259li q\u0259rar\u0131 il\u0259 t\u0259sdiq edilmi\u015f \u201cM\u0259cburi k\u00f6\u00e7k\u00fcnl\u0259rin m\u00fcv\u0259qq\u0259ti yerl\u0259\u015fdirilm\u0259si fondunun ya\u015fay\u0131\u015f sah\u0259l\u0259rinin verilm\u0259si Qaydas\u0131\u201dna \u0259sas\u0259n t\u0259nziml\u0259nir. Qaydan\u0131n 2.11.2.-ci b\u0259ndin\u0259 \u0259sas\u0259n, m\u0259cburi k\u00f6\u00e7k\u00fcn d\u00fc\u015fd\u00fckd\u0259n sonra m\u0259nzil qanunvericiliyin\u0259 v\u0259 ya m\u00fclki-h\u00fcquqi \u0259qdl\u0259r\u0259 \u0259sas\u0259n, ayr\u0131ca ya\u015fay\u0131\u015f sah\u0259si \u0259ld\u0259 ed\u0259n m\u0259cburi k\u00f6\u00e7k\u00fcnl\u0259r\u0259 v\u0259 onlar\u0131n ail\u0259 \u00fczvl\u0259rin\u0259 k\u00f6\u00e7\u00fcr\u00fclm\u0259 zaman\u0131 yeni ya\u015fay\u0131\u015f sah\u0259si verilmir\u201d.<\/p>\n\n\n<div class=\"wp-block-image\">\n<figure class=\"alignleft size-large is-resized\"><img decoding=\"async\" data-src=\"https:\/\/www.meydan.tv\/wp-content\/uploads\/qacqinlar-538x821.jpeg\" alt=\"\" class=\"wp-image-265515 lazyload\" width=\"357\" height=\"545\" src=\"data:image\/svg+xml;base64,PHN2ZyB3aWR0aD0iMSIgaGVpZ2h0PSIxIiB4bWxucz0iaHR0cDovL3d3dy53My5vcmcvMjAwMC9zdmciPjwvc3ZnPg==\" style=\"--smush-placeholder-width: 357px; --smush-placeholder-aspect-ratio: 357\/545;\" \/><figcaption class=\"wp-element-caption\">Foto: Meydan TV<\/figcaption><\/figure>\n<\/div>\n\n\n<p>Ayl\u0131q m\u00fcavin\u0259tin k\u0259silm\u0259sin\u0259 g\u0259linc\u0259 qurumdan bildirilib ki, ya\u015fay\u0131\u015f sah\u0259si \u0259ld\u0259 ed\u0259n, sonradan h\u0259min ya\u015fay\u0131\u015f sah\u0259sini ba\u015fqa \u015f\u0259xs\u0259 satan, ba\u011f\u0131\u015flayan m\u0259cburi k\u00f6\u00e7k\u00fcnl\u0259r\u0259 v\u0259 onlarla birlikd\u0259 ya\u015fayan ail\u0259 \u00fczvl\u0259rin\u0259 vahid ayl\u0131q m\u00fcavin\u0259tin verilm\u0259si \u015famil edilmir\u201d.<\/p>\n\n\n\n<p>\u015e\u0259raf\u0259t \u0130smay\u0131lovasa deyir, ad\u0131na torpaq v\u0259 m\u0259nzilin olmamas\u0131yla ba\u011fl\u0131 d\u0259f\u0259l\u0259rl\u0259 s\u0259n\u0259d alaraq Komit\u0259y\u0259 t\u0259qdim edib:<\/p>\n\n\n\n<p>\u201cM\u0259n daha nec\u0259 s\u00fcbut etm\u0259liy\u0259m ki, ad\u0131mda m\u00fclk v\u0259 torpaq yoxdur? \u018fg\u0259r \u201cQa\u00e7q\u0131nkom\u201d d\u00f6vl\u0259t idar\u0259sinin verdiyi aray\u0131\u015f\u0131 da \u015f\u00fcbh\u0259y\u0259 al\u0131rsa, bunun \u0259ziyy\u0259tini niy\u0259 m\u0259n \u00e7\u0259km\u0259liy\u0259m?\u201d&nbsp;<\/p>\n\n\n\n<p>H\u00fcquq\u015f\u00fcnas Namiz\u0259d S\u0259f\u0259rov deyir, \u015e\u0259raf\u0259t \u0130smay\u0131lova Qa\u00e7q\u0131nlar\u0131n v\u0259 M\u0259cburi K\u00f6\u00e7k\u00fcnl\u0259rin \u0130\u015fl\u0259ri \u00dczr\u0259 D\u00f6vl\u0259t Komit\u0259sind\u0259n ald\u0131\u011f\u0131 r\u0259smi cavab m\u0259ktubunu, ad\u0131na m\u0259nzil v\u0259 torpaq sah\u0259si olmad\u0131\u011f\u0131n\u0131 bildir\u0259n s\u0259n\u0259di iddia \u0259riz\u0259sin\u0259 \u0259lav\u0259 ed\u0259r\u0259k m\u0259hk\u0259m\u0259y\u0259 m\u00fcraci\u0259t ed\u0259 bil\u0259r: \u201cTorpaqlar i\u015f\u011faldan azad olunandan sonra m\u0259cburi k\u00f6\u00e7k\u00fcnl\u0259r \u00fc\u00e7\u00fcn evl\u0259rin tikilm\u0259si prosesi dayand\u0131r\u0131l\u0131b. Ancaq \u0259g\u0259r ail\u0259nin qalma\u011fa yeri yoxdursa, d\u00f6vl\u0259t ail\u0259ni haradasa m\u00fcv\u0259qq\u0259ti s\u0131\u011f\u0131nacaqla t\u0259min etm\u0259lidir\u201d.<\/p>\n","protected":false},"excerpt":{"rendered":"<p>Qa\u00e7q\u0131nlar\u0131n v\u0259 M\u0259cburi K\u00f6\u00e7k\u00fcnl\u0259rin \u0130\u015fl\u0259ri \u00dczr\u0259 D\u00f6vl\u0259t Komit\u0259si deyir, \u015e\u0259raf\u0259t &#8230; <\/p>\n<p class=\"read-more-container\"><a title=\"K\u00f6\u00e7k\u00fcn ail\u0259si: \u201c\u00c7\u00f6r\u0259kpulumuzu k\u0259sibl\u0259r, ad\u0131m\u0131z\u0131 ev siyah\u0131s\u0131ndan \u00e7\u0131xar\u0131blar\u201d\" class=\"read-more button\" href=\"https:\/\/www.meydan.tv\/az\/article\/kockun-ailesi-corekpulumuzu-kesibler-adimizi-ev-siyahisindan-cixariblar\/#more-265519\" aria-label=\"Read more about K\u00f6\u00e7k\u00fcn ail\u0259si: \u201c\u00c7\u00f6r\u0259kpulumuzu k\u0259sibl\u0259r, ad\u0131m\u0131z\u0131 ev siyah\u0131s\u0131ndan \u00e7\u0131xar\u0131blar\u201d\">Davam\u0131<\/a><\/p>\n","protected":false},"author":8,"featured_media":130411,"comment_status":"closed","ping_status":"closed","sticky":false,"template":"","format":"standard","meta":{"_acf_changed":false,"_sitemap_exclude":false,"_sitemap_priority":"","_sitemap_frequency":"","footnotes":""},"categories":[60,79,56],"tags":[],"class_list":["post-265519","post","type-post","status-publish","format-standard","has-post-thumbnail","hentry","category-bolge","category-featured","category-xeberler","infinite-scroll-item","generate-columns","tablet-grid-50","mobile-grid-100","grid-parent","grid-33","no-featured-image-padding"],"acf":[],"yoast_head":"<!-- This site is optimized with the Yoast SEO plugin v27.5 - https:\/\/yoast.com\/product\/yoast-seo-wordpress\/ -->\n<title>K\u00f6\u00e7k\u00fcn ail\u0259si: \u201c\u00c7\u00f6r\u0259kpulumuzu k\u0259sibl\u0259r, ad\u0131m\u0131z\u0131 ev siyah\u0131s\u0131ndan \u00e7\u0131xar\u0131blar\u201d - MEYDAN.TV<\/title>\n<meta name=\"robots\" content=\"index, follow, max-snippet:-1, max-image-preview:large, max-video-preview:-1\" \/>\n<link rel=\"canonical\" href=\"https:\/\/www.meydan.tv\/az\/article\/kockun-ailesi-corekpulumuzu-kesibler-adimizi-ev-siyahisindan-cixariblar\/\" \/>\n<meta property=\"og:locale\" content=\"az_AZ\" \/>\n<meta property=\"og:type\" content=\"article\" \/>\n<meta property=\"og:title\" content=\"K\u00f6\u00e7k\u00fcn ail\u0259si: \u201c\u00c7\u00f6r\u0259kpulumuzu k\u0259sibl\u0259r, ad\u0131m\u0131z\u0131 ev siyah\u0131s\u0131ndan \u00e7\u0131xar\u0131blar\u201d - MEYDAN.TV\" \/>\n<meta property=\"og:description\" content=\"Qa\u00e7q\u0131nlar\u0131n v\u0259 M\u0259cburi K\u00f6\u00e7k\u00fcnl\u0259rin \u0130\u015fl\u0259ri \u00dczr\u0259 D\u00f6vl\u0259t Komit\u0259si deyir, \u015e\u0259raf\u0259t ... Davam\u0131\" \/>\n<meta property=\"og:url\" content=\"https:\/\/www.meydan.tv\/az\/article\/kockun-ailesi-corekpulumuzu-kesibler-adimizi-ev-siyahisindan-cixariblar\/\" \/>\n<meta property=\"og:site_name\" content=\"MEYDAN.TV\" \/>\n<meta property=\"article:published_time\" content=\"2023-01-11T13:30:34+00:00\" \/>\n<meta property=\"article:modified_time\" content=\"2023-01-11T13:31:51+00:00\" \/>\n<meta property=\"og:image\" content=\"https:\/\/www.meydan.tv\/wp-content\/uploads\/qacqin-mecburikovkun-suraxani-azeuro-1-e1673443882829.jpg\" \/>\n\t<meta property=\"og:image:width\" content=\"2000\" \/>\n\t<meta property=\"og:image:height\" content=\"910\" \/>\n\t<meta property=\"og:image:type\" content=\"image\/jpeg\" \/>\n<meta name=\"author\" content=\"elli\" \/>\n<meta name=\"twitter:card\" content=\"summary_large_image\" \/>\n<meta name=\"twitter:creator\" content=\"@elli\" \/>\n<script type=\"application\/ld+json\" class=\"yoast-schema-graph\">{\"@context\":\"https:\\\/\\\/schema.org\",\"@graph\":[{\"@type\":\"Article\",\"@id\":\"https:\\\/\\\/www.meydan.tv\\\/az\\\/article\\\/kockun-ailesi-corekpulumuzu-kesibler-adimizi-ev-siyahisindan-cixariblar\\\/#article\",\"isPartOf\":{\"@id\":\"https:\\\/\\\/www.meydan.tv\\\/az\\\/article\\\/kockun-ailesi-corekpulumuzu-kesibler-adimizi-ev-siyahisindan-cixariblar\\\/\"},\"author\":{\"name\":\"elli\",\"@id\":\"https:\\\/\\\/www.meydan.tv\\\/az\\\/#\\\/schema\\\/person\\\/9cdbecf90d17180ce1dfbd95b08dcf47\"},\"headline\":\"K\u00f6\u00e7k\u00fcn ail\u0259si: \u201c\u00c7\u00f6r\u0259kpulumuzu k\u0259sibl\u0259r, ad\u0131m\u0131z\u0131 ev siyah\u0131s\u0131ndan \u00e7\u0131xar\u0131blar\u201d\",\"datePublished\":\"2023-01-11T13:30:34+00:00\",\"dateModified\":\"2023-01-11T13:31:51+00:00\",\"mainEntityOfPage\":{\"@id\":\"https:\\\/\\\/www.meydan.tv\\\/az\\\/article\\\/kockun-ailesi-corekpulumuzu-kesibler-adimizi-ev-siyahisindan-cixariblar\\\/\"},\"wordCount\":813,\"publisher\":{\"@id\":\"https:\\\/\\\/www.meydan.tv\\\/az\\\/#organization\"},\"image\":{\"@id\":\"https:\\\/\\\/www.meydan.tv\\\/az\\\/article\\\/kockun-ailesi-corekpulumuzu-kesibler-adimizi-ev-siyahisindan-cixariblar\\\/#primaryimage\"},\"thumbnailUrl\":\"https:\\\/\\\/www.meydan.tv\\\/wp-content\\\/uploads\\\/qacqin-mecburikovkun-suraxani-azeuro-1-e1673443882829.jpg\",\"articleSection\":[\"B\u00f6lg\u0259\",\"T\u00f6vsiy\u0259\",\"X\u0259b\u0259rl\u0259r\"],\"inLanguage\":\"az\"},{\"@type\":\"WebPage\",\"@id\":\"https:\\\/\\\/www.meydan.tv\\\/az\\\/article\\\/kockun-ailesi-corekpulumuzu-kesibler-adimizi-ev-siyahisindan-cixariblar\\\/\",\"url\":\"https:\\\/\\\/www.meydan.tv\\\/az\\\/article\\\/kockun-ailesi-corekpulumuzu-kesibler-adimizi-ev-siyahisindan-cixariblar\\\/\",\"name\":\"K\u00f6\u00e7k\u00fcn ail\u0259si: \u201c\u00c7\u00f6r\u0259kpulumuzu k\u0259sibl\u0259r, ad\u0131m\u0131z\u0131 ev siyah\u0131s\u0131ndan \u00e7\u0131xar\u0131blar\u201d - MEYDAN.TV\",\"isPartOf\":{\"@id\":\"https:\\\/\\\/www.meydan.tv\\\/az\\\/#website\"},\"primaryImageOfPage\":{\"@id\":\"https:\\\/\\\/www.meydan.tv\\\/az\\\/article\\\/kockun-ailesi-corekpulumuzu-kesibler-adimizi-ev-siyahisindan-cixariblar\\\/#primaryimage\"},\"image\":{\"@id\":\"https:\\\/\\\/www.meydan.tv\\\/az\\\/article\\\/kockun-ailesi-corekpulumuzu-kesibler-adimizi-ev-siyahisindan-cixariblar\\\/#primaryimage\"},\"thumbnailUrl\":\"https:\\\/\\\/www.meydan.tv\\\/wp-content\\\/uploads\\\/qacqin-mecburikovkun-suraxani-azeuro-1-e1673443882829.jpg\",\"datePublished\":\"2023-01-11T13:30:34+00:00\",\"dateModified\":\"2023-01-11T13:31:51+00:00\",\"breadcrumb\":{\"@id\":\"https:\\\/\\\/www.meydan.tv\\\/az\\\/article\\\/kockun-ailesi-corekpulumuzu-kesibler-adimizi-ev-siyahisindan-cixariblar\\\/#breadcrumb\"},\"inLanguage\":\"az\",\"potentialAction\":[{\"@type\":\"ReadAction\",\"target\":[\"https:\\\/\\\/www.meydan.tv\\\/az\\\/article\\\/kockun-ailesi-corekpulumuzu-kesibler-adimizi-ev-siyahisindan-cixariblar\\\/\"]}]},{\"@type\":\"ImageObject\",\"inLanguage\":\"az\",\"@id\":\"https:\\\/\\\/www.meydan.tv\\\/az\\\/article\\\/kockun-ailesi-corekpulumuzu-kesibler-adimizi-ev-siyahisindan-cixariblar\\\/#primaryimage\",\"url\":\"https:\\\/\\\/www.meydan.tv\\\/wp-content\\\/uploads\\\/qacqin-mecburikovkun-suraxani-azeuro-1-e1673443882829.jpg\",\"contentUrl\":\"https:\\\/\\\/www.meydan.tv\\\/wp-content\\\/uploads\\\/qacqin-mecburikovkun-suraxani-azeuro-1-e1673443882829.jpg\",\"width\":2000,\"height\":910,\"caption\":\"Foto: arxiv\"},{\"@type\":\"BreadcrumbList\",\"@id\":\"https:\\\/\\\/www.meydan.tv\\\/az\\\/article\\\/kockun-ailesi-corekpulumuzu-kesibler-adimizi-ev-siyahisindan-cixariblar\\\/#breadcrumb\",\"itemListElement\":[{\"@type\":\"ListItem\",\"position\":1,\"name\":\"Ana s\u0259hif\u0259\",\"item\":\"https:\\\/\\\/www.meydan.tv\\\/az\\\/\"},{\"@type\":\"ListItem\",\"position\":2,\"name\":\"B\u00f6lg\u0259\",\"item\":\"https:\\\/\\\/www.meydan.tv\\\/az\\\/section\\\/bolge\\\/\"},{\"@type\":\"ListItem\",\"position\":3,\"name\":\"K\u00f6\u00e7k\u00fcn ail\u0259si: \u201c\u00c7\u00f6r\u0259kpulumuzu k\u0259sibl\u0259r, ad\u0131m\u0131z\u0131 ev siyah\u0131s\u0131ndan \u00e7\u0131xar\u0131blar\u201d\"}]},{\"@type\":\"WebSite\",\"@id\":\"https:\\\/\\\/www.meydan.tv\\\/az\\\/#website\",\"url\":\"https:\\\/\\\/www.meydan.tv\\\/az\\\/\",\"name\":\"MEYDAN.TV\",\"description\":\"Meydan TV Az\u0259rbaycan\u0131n media m\u0259kan\u0131ndak\u0131 alternativ s\u0259sidir\",\"publisher\":{\"@id\":\"https:\\\/\\\/www.meydan.tv\\\/az\\\/#organization\"},\"potentialAction\":[{\"@type\":\"SearchAction\",\"target\":{\"@type\":\"EntryPoint\",\"urlTemplate\":\"https:\\\/\\\/www.meydan.tv\\\/az\\\/?s={search_term_string}\"},\"query-input\":{\"@type\":\"PropertyValueSpecification\",\"valueRequired\":true,\"valueName\":\"search_term_string\"}}],\"inLanguage\":\"az\"},{\"@type\":\"Organization\",\"@id\":\"https:\\\/\\\/www.meydan.tv\\\/az\\\/#organization\",\"name\":\"Meydan TV\",\"url\":\"https:\\\/\\\/www.meydan.tv\\\/az\\\/\",\"logo\":{\"@type\":\"ImageObject\",\"inLanguage\":\"az\",\"@id\":\"https:\\\/\\\/www.meydan.tv\\\/az\\\/#\\\/schema\\\/logo\\\/image\\\/\",\"url\":\"https:\\\/\\\/www.meydan.tv\\\/wp-content\\\/uploads\\\/2021\\\/07\\\/meydan-logo.svg\",\"contentUrl\":\"https:\\\/\\\/www.meydan.tv\\\/wp-content\\\/uploads\\\/2021\\\/07\\\/meydan-logo.svg\",\"width\":195,\"height\":46,\"caption\":\"Meydan TV\"},\"image\":{\"@id\":\"https:\\\/\\\/www.meydan.tv\\\/az\\\/#\\\/schema\\\/logo\\\/image\\\/\"}},{\"@type\":\"Person\",\"@id\":\"https:\\\/\\\/www.meydan.tv\\\/az\\\/#\\\/schema\\\/person\\\/9cdbecf90d17180ce1dfbd95b08dcf47\",\"name\":\"elli\",\"sameAs\":[\"https:\\\/\\\/x.com\\\/elli\"]}]}<\/script>\n<!-- \/ Yoast SEO plugin. -->","yoast_head_json":{"title":"K\u00f6\u00e7k\u00fcn ail\u0259si: \u201c\u00c7\u00f6r\u0259kpulumuzu k\u0259sibl\u0259r, ad\u0131m\u0131z\u0131 ev siyah\u0131s\u0131ndan \u00e7\u0131xar\u0131blar\u201d - MEYDAN.TV","robots":{"index":"index","follow":"follow","max-snippet":"max-snippet:-1","max-image-preview":"max-image-preview:large","max-video-preview":"max-video-preview:-1"},"canonical":"https:\/\/www.meydan.tv\/az\/article\/kockun-ailesi-corekpulumuzu-kesibler-adimizi-ev-siyahisindan-cixariblar\/","og_locale":"az_AZ","og_type":"article","og_title":"K\u00f6\u00e7k\u00fcn ail\u0259si: \u201c\u00c7\u00f6r\u0259kpulumuzu k\u0259sibl\u0259r, ad\u0131m\u0131z\u0131 ev siyah\u0131s\u0131ndan \u00e7\u0131xar\u0131blar\u201d - MEYDAN.TV","og_description":"Qa\u00e7q\u0131nlar\u0131n v\u0259 M\u0259cburi K\u00f6\u00e7k\u00fcnl\u0259rin \u0130\u015fl\u0259ri \u00dczr\u0259 D\u00f6vl\u0259t Komit\u0259si deyir, \u015e\u0259raf\u0259t ... Davam\u0131","og_url":"https:\/\/www.meydan.tv\/az\/article\/kockun-ailesi-corekpulumuzu-kesibler-adimizi-ev-siyahisindan-cixariblar\/","og_site_name":"MEYDAN.TV","article_published_time":"2023-01-11T13:30:34+00:00","article_modified_time":"2023-01-11T13:31:51+00:00","og_image":[{"width":2000,"height":910,"url":"https:\/\/www.meydan.tv\/wp-content\/uploads\/qacqin-mecburikovkun-suraxani-azeuro-1-e1673443882829.jpg","type":"image\/jpeg"}],"author":"elli","twitter_card":"summary_large_image","twitter_creator":"@elli","schema":{"@context":"https:\/\/schema.org","@graph":[{"@type":"Article","@id":"https:\/\/www.meydan.tv\/az\/article\/kockun-ailesi-corekpulumuzu-kesibler-adimizi-ev-siyahisindan-cixariblar\/#article","isPartOf":{"@id":"https:\/\/www.meydan.tv\/az\/article\/kockun-ailesi-corekpulumuzu-kesibler-adimizi-ev-siyahisindan-cixariblar\/"},"author":{"name":"elli","@id":"https:\/\/www.meydan.tv\/az\/#\/schema\/person\/9cdbecf90d17180ce1dfbd95b08dcf47"},"headline":"K\u00f6\u00e7k\u00fcn ail\u0259si: \u201c\u00c7\u00f6r\u0259kpulumuzu k\u0259sibl\u0259r, ad\u0131m\u0131z\u0131 ev siyah\u0131s\u0131ndan \u00e7\u0131xar\u0131blar\u201d","datePublished":"2023-01-11T13:30:34+00:00","dateModified":"2023-01-11T13:31:51+00:00","mainEntityOfPage":{"@id":"https:\/\/www.meydan.tv\/az\/article\/kockun-ailesi-corekpulumuzu-kesibler-adimizi-ev-siyahisindan-cixariblar\/"},"wordCount":813,"publisher":{"@id":"https:\/\/www.meydan.tv\/az\/#organization"},"image":{"@id":"https:\/\/www.meydan.tv\/az\/article\/kockun-ailesi-corekpulumuzu-kesibler-adimizi-ev-siyahisindan-cixariblar\/#primaryimage"},"thumbnailUrl":"https:\/\/www.meydan.tv\/wp-content\/uploads\/qacqin-mecburikovkun-suraxani-azeuro-1-e1673443882829.jpg","articleSection":["B\u00f6lg\u0259","T\u00f6vsiy\u0259","X\u0259b\u0259rl\u0259r"],"inLanguage":"az"},{"@type":"WebPage","@id":"https:\/\/www.meydan.tv\/az\/article\/kockun-ailesi-corekpulumuzu-kesibler-adimizi-ev-siyahisindan-cixariblar\/","url":"https:\/\/www.meydan.tv\/az\/article\/kockun-ailesi-corekpulumuzu-kesibler-adimizi-ev-siyahisindan-cixariblar\/","name":"K\u00f6\u00e7k\u00fcn ail\u0259si: \u201c\u00c7\u00f6r\u0259kpulumuzu k\u0259sibl\u0259r, ad\u0131m\u0131z\u0131 ev siyah\u0131s\u0131ndan \u00e7\u0131xar\u0131blar\u201d - MEYDAN.TV","isPartOf":{"@id":"https:\/\/www.meydan.tv\/az\/#website"},"primaryImageOfPage":{"@id":"https:\/\/www.meydan.tv\/az\/article\/kockun-ailesi-corekpulumuzu-kesibler-adimizi-ev-siyahisindan-cixariblar\/#primaryimage"},"image":{"@id":"https:\/\/www.meydan.tv\/az\/article\/kockun-ailesi-corekpulumuzu-kesibler-adimizi-ev-siyahisindan-cixariblar\/#primaryimage"},"thumbnailUrl":"https:\/\/www.meydan.tv\/wp-content\/uploads\/qacqin-mecburikovkun-suraxani-azeuro-1-e1673443882829.jpg","datePublished":"2023-01-11T13:30:34+00:00","dateModified":"2023-01-11T13:31:51+00:00","breadcrumb":{"@id":"https:\/\/www.meydan.tv\/az\/article\/kockun-ailesi-corekpulumuzu-kesibler-adimizi-ev-siyahisindan-cixariblar\/#breadcrumb"},"inLanguage":"az","potentialAction":[{"@type":"ReadAction","target":["https:\/\/www.meydan.tv\/az\/article\/kockun-ailesi-corekpulumuzu-kesibler-adimizi-ev-siyahisindan-cixariblar\/"]}]},{"@type":"ImageObject","inLanguage":"az","@id":"https:\/\/www.meydan.tv\/az\/article\/kockun-ailesi-corekpulumuzu-kesibler-adimizi-ev-siyahisindan-cixariblar\/#primaryimage","url":"https:\/\/www.meydan.tv\/wp-content\/uploads\/qacqin-mecburikovkun-suraxani-azeuro-1-e1673443882829.jpg","contentUrl":"https:\/\/www.meydan.tv\/wp-content\/uploads\/qacqin-mecburikovkun-suraxani-azeuro-1-e1673443882829.jpg","width":2000,"height":910,"caption":"Foto: arxiv"},{"@type":"BreadcrumbList","@id":"https:\/\/www.meydan.tv\/az\/article\/kockun-ailesi-corekpulumuzu-kesibler-adimizi-ev-siyahisindan-cixariblar\/#breadcrumb","itemListElement":[{"@type":"ListItem","position":1,"name":"Ana s\u0259hif\u0259","item":"https:\/\/www.meydan.tv\/az\/"},{"@type":"ListItem","position":2,"name":"B\u00f6lg\u0259","item":"https:\/\/www.meydan.tv\/az\/section\/bolge\/"},{"@type":"ListItem","position":3,"name":"K\u00f6\u00e7k\u00fcn ail\u0259si: \u201c\u00c7\u00f6r\u0259kpulumuzu k\u0259sibl\u0259r, ad\u0131m\u0131z\u0131 ev siyah\u0131s\u0131ndan \u00e7\u0131xar\u0131blar\u201d"}]},{"@type":"WebSite","@id":"https:\/\/www.meydan.tv\/az\/#website","url":"https:\/\/www.meydan.tv\/az\/","name":"MEYDAN.TV","description":"Meydan TV Az\u0259rbaycan\u0131n media m\u0259kan\u0131ndak\u0131 alternativ s\u0259sidir","publisher":{"@id":"https:\/\/www.meydan.tv\/az\/#organization"},"potentialAction":[{"@type":"SearchAction","target":{"@type":"EntryPoint","urlTemplate":"https:\/\/www.meydan.tv\/az\/?s={search_term_string}"},"query-input":{"@type":"PropertyValueSpecification","valueRequired":true,"valueName":"search_term_string"}}],"inLanguage":"az"},{"@type":"Organization","@id":"https:\/\/www.meydan.tv\/az\/#organization","name":"Meydan TV","url":"https:\/\/www.meydan.tv\/az\/","logo":{"@type":"ImageObject","inLanguage":"az","@id":"https:\/\/www.meydan.tv\/az\/#\/schema\/logo\/image\/","url":"https:\/\/www.meydan.tv\/wp-content\/uploads\/2021\/07\/meydan-logo.svg","contentUrl":"https:\/\/www.meydan.tv\/wp-content\/uploads\/2021\/07\/meydan-logo.svg","width":195,"height":46,"caption":"Meydan TV"},"image":{"@id":"https:\/\/www.meydan.tv\/az\/#\/schema\/logo\/image\/"}},{"@type":"Person","@id":"https:\/\/www.meydan.tv\/az\/#\/schema\/person\/9cdbecf90d17180ce1dfbd95b08dcf47","name":"elli","sameAs":["https:\/\/x.com\/elli"]}]}},"_links":{"self":[{"href":"https:\/\/www.meydan.tv\/az\/wp-json\/wp\/v2\/posts\/265519","targetHints":{"allow":["GET"]}}],"collection":[{"href":"https:\/\/www.meydan.tv\/az\/wp-json\/wp\/v2\/posts"}],"about":[{"href":"https:\/\/www.meydan.tv\/az\/wp-json\/wp\/v2\/types\/post"}],"author":[{"embeddable":true,"href":"https:\/\/www.meydan.tv\/az\/wp-json\/wp\/v2\/users\/8"}],"replies":[{"embeddable":true,"href":"https:\/\/www.meydan.tv\/az\/wp-json\/wp\/v2\/comments?post=265519"}],"version-history":[{"count":1,"href":"https:\/\/www.meydan.tv\/az\/wp-json\/wp\/v2\/posts\/265519\/revisions"}],"predecessor-version":[{"id":265520,"href":"https:\/\/www.meydan.tv\/az\/wp-json\/wp\/v2\/posts\/265519\/revisions\/265520"}],"wp:featuredmedia":[{"embeddable":true,"href":"https:\/\/www.meydan.tv\/az\/wp-json\/wp\/v2\/media\/130411"}],"wp:attachment":[{"href":"https:\/\/www.meydan.tv\/az\/wp-json\/wp\/v2\/media?parent=265519"}],"wp:term":[{"taxonomy":"category","embeddable":true,"href":"https:\/\/www.meydan.tv\/az\/wp-json\/wp\/v2\/categories?post=265519"},{"taxonomy":"post_tag","embeddable":true,"href":"https:\/\/www.meydan.tv\/az\/wp-json\/wp\/v2\/tags?post=265519"}],"curies":[{"name":"wp","href":"https:\/\/api.w.org\/{rel}","templated":true}]}}