{"id":265491,"date":"2023-01-11T15:51:38","date_gmt":"2023-01-11T11:51:38","guid":{"rendered":"https:\/\/www.meydan.tv\/?p=265491"},"modified":"2023-01-11T15:51:42","modified_gmt":"2023-01-11T11:51:42","slug":"senetsunas-settar-behlulzadenin-irsi-cox-etibarsiz-ellerdedir","status":"publish","type":"post","link":"https:\/\/www.meydan.tv\/az\/article\/senetsunas-settar-behlulzadenin-irsi-cox-etibarsiz-ellerdedir\/","title":{"rendered":"<strong>S\u0259n\u0259t\u015f\u00fcnas: &#8220;S\u0259ttar B\u0259hlulzad\u0259nin irsi \u00e7ox etibars\u0131z \u0259ll\u0259rd\u0259dir&#8221;<\/strong>"},"content":{"rendered":"\n<p><\/p>\n\n\n\n<p><em>Ziyadxan \u018fliyev deyir ki, sat\u0131\u015fa \u00e7\u0131xar\u0131lan \u0259s\u0259rl\u0259r r\u0259ssam\u0131n c\u0131zma-qaralar\u0131d\u0131r<\/em><\/p>\n\n\n\n<p>\u201cS\u0259ttar B\u0259hlulzad\u0259nin indiy\u0259 q\u0259d\u0259r he\u00e7 bir \u0259s\u0259ri 500 min dollara sat\u0131lmay\u0131b. Onu d\u00fcnyaya Van Qoq kimi tan\u0131tmam\u0131\u015f\u0131q. Tan\u0131da bils\u0259ydik, t\u0259kc\u0259 imzas\u0131n\u0131 bir milyon dollara satmaq olard\u0131\u201d.<\/p>\n\n\n\n<p>Bunu Meydan TV-y\u0259 \u018fm\u0259kdar inc\u0259s\u0259n\u0259t xadimi, s\u0259n\u0259t\u015f\u00fcnas Ziyadxan \u018fliyev deyib.<\/p>\n\n\n\n<p>S\u0259n\u0259t\u015f\u00fcnas S\u0259ttar B\u0259hlulzad\u0259nin \u201cEbay\u201dda sat\u0131\u015fa \u00e7\u0131xar\u0131lan kolleksiyas\u0131ndan dan\u0131\u015fark\u0259n bildirib ki, onlar, sad\u0259c\u0259, r\u0259ssam\u0131n c\u0131zma-qaralar\u0131 olub.<\/p>\n\n\n\n<p><strong>\u201cDollar\u0131 manata \u00e7eviribl\u0259r, r\u0259q\u0259mi b\u00f6y\u00fck g\u00f6r\u00fcb s\u00f6hb\u0259ti \u015fi\u015firdibl\u0259r\u201d<\/strong><\/p>\n\n\n\n<p>\u201cSat\u0131\u015fa \u00e7\u0131xar\u0131lanlar\u0131n 99 faizi ka\u011f\u0131zda \u00e7\u0259kilmi\u015f qrafik i\u015fl\u0259rdir, y\u0259ni c\u0131zma-qarad\u0131r. \u00d6l\u00e7\u00fcl\u0259ri d\u0259 10-15 santimetrdir. H\u0259tta deyim ki, sat\u0131\u015fa \u00e7\u0131xar\u0131lan h\u0259min c\u0131zma-qaralardan Az\u0259rbaycanda bir \u00e7ox ziyal\u0131larda y\u00fczl\u0259rl\u0259 var. M\u0259nim \u00f6z\u00fcmd\u0259 d\u0259 \u00fc\u00e7-d\u00f6rd\u00fc var. Bunlar S\u0259ttar B\u0259hlulzad\u0259 \u00fc\u00e7\u00fcn onuncu c\u0259rg\u0259li i\u015fl\u0259rdir. S\u0259ttar B\u0259hlulzad\u0259 yarad\u0131c\u0131l\u0131\u011f\u0131nda iz buraxmayan \u015feyl\u0259rdir. Sad\u0259c\u0259, dollar\u0131 manata \u00e7eviribl\u0259r, r\u0259q\u0259mi b\u00f6y\u00fck g\u00f6r\u00fcb s\u00f6hb\u0259ti \u015fi\u015firdibl\u0259r. M\u0259n h\u0259min i\u015fl\u0259rin keyfiyy\u0259tin\u0259 b\u0259l\u0259d oldu\u011fuma g\u00f6r\u0259 deyir\u0259m ki, 18.5 milyon dollar qiym\u0259t qoyulmas\u0131 real deyil\u201d, &#8211; o bildirib.<\/p>\n\n\n\n<p><strong>\u201cB\u0259hlulzad\u0259nin ev-muzeyind\u0259ki \u0259s\u0259rl\u0259r orijinal deyil\u201d<\/strong><\/p>\n\n\n\n<p>Ziyadxan \u018fliyev deyir ki, S\u0259ttar B\u0259hlulzad\u0259nin irsi \u00e7ox etibars\u0131z \u0259ll\u0259rd\u0259dir. Onun sat\u0131\u015fda olan qrafik i\u015fl\u0259ri v\u0259 r\u0259sm \u0259s\u0259rl\u0259ri m\u00fctl\u0259q al\u0131n\u0131b, toplanmal\u0131d\u0131r. H\u0259tta bunun \u00fc\u00e7\u00fcn x\u00fcsusi m\u0259rk\u0259z d\u0259 yarad\u0131lmal\u0131d\u0131r:<\/p>\n\n\n\n<p>\u201cS\u0259ttar B\u0259hlulzad\u0259nin \u018fmircandak\u0131 ev-muzeyind\u0259 bir d\u0259n\u0259 d\u0259 olsun, orijinal \u0259s\u0259ri n\u00fcmayi\u015f olunmur. \u0130nsanlar muzey\u0259 r\u0259ssam\u0131n unikal eksponatlar\u0131na baxmaq \u00fc\u00e7\u00fcn gedir. \u018fmircanda n\u0259y\u0259 baxs\u0131nlar? K\u0259tan \u00fcz\u0259rind\u0259 \u00e7ap olunmu\u015f fotolara? T\u0259s\u0259vv\u00fcr edin ki, r\u0259ssam\u0131n orada bir d\u0259n\u0259 d\u0259 \u0259sli olan \u0259s\u0259ri yoxdur. Ham\u0131s\u0131 k\u0259tan \u00fcz\u0259rin\u0259 \u00e7ap edilib. Muzeyin r\u0259hb\u0259rin\u0259 irad tutdum. Dedi ki, burada m\u00fchafiz\u0259 i\u015fi yax\u015f\u0131 deyil. D\u00f6vl\u0259t idar\u0259si muzey a\u00e7\u0131b, bunun n\u0259zar\u0259t\u00e7isi d\u0259, t\u0259hl\u00fck\u0259sizlik sistemi d\u0259 olmal\u0131d\u0131r. Qoruya bilmirsinizs\u0259, bel\u0259 muzey a\u00e7may\u0131n\u201d.<\/p>\n\n\n\n<p><strong>&#8220;Saxta \u0259s\u0259rl\u0259r Parisd\u0259 orijinal ad\u0131 il\u0259 n\u00fcmayi\u015f olunub&#8221;<\/strong><\/p>\n\n\n\n<p>Ziyadxan \u018fliyevin fikrinc\u0259, k\u0259tan \u00fcz\u0259rin\u0259 \u00e7ap olunmu\u015f fotolar h\u0259tta orijinal \u0259s\u0259rl\u0259r ad\u0131 il\u0259 Parisd\u0259 n\u00fcmayi\u015f d\u0259 olunub:<\/p>\n\n\n<div class=\"wp-block-image\">\n<figure class=\"aligncenter size-full\"><img decoding=\"async\" width=\"1200\" height=\"648\" data-src=\"https:\/\/www.meydan.tv\/wp-content\/uploads\/195606_cjjrpkovfv.jpg\" alt=\"\" class=\"wp-image-265492 lazyload\" src=\"data:image\/svg+xml;base64,PHN2ZyB3aWR0aD0iMSIgaGVpZ2h0PSIxIiB4bWxucz0iaHR0cDovL3d3dy53My5vcmcvMjAwMC9zdmciPjwvc3ZnPg==\" style=\"--smush-placeholder-width: 1200px; --smush-placeholder-aspect-ratio: 1200\/648;\" \/><figcaption class=\"wp-element-caption\">Ziyadxan \u018fliyev. Foto: &#8220;525-ci q\u0259zet&#8221;<\/figcaption><\/figure>\n<\/div>\n\n\n<p>\u201c2009-cu ild\u0259 S\u0259ttar B\u0259hlulzad\u0259nin 100 illik yubileyini YUNESKO-nun x\u0259tti il\u0259 qeyd etdil\u0259r. H\u0259min \u0259r\u0259f\u0259d\u0259 Az\u0259rbaycan m\u0259d\u0259niyy\u0259tini da\u011f\u0131danlar onun \u0259s\u0259rl\u0259rinin foto kopyalar\u0131n\u0131 apar\u0131b Parisd\u0259 n\u00fcmayi\u015f etdirdil\u0259r. Bu r\u00fcsvay\u00e7\u0131l\u0131\u011fa n\u0259 ad verm\u0259k olar? \u0130nsanlar g\u0259lib, \u0259s\u0259r\u0259 bax\u0131rlar ki, g\u00f6rs\u00fcnl\u0259r, r\u0259ssam yax\u0131m\u0131 nec\u0259 apar\u0131b, r\u0259ngi nec\u0259 vurub. \u018fs\u0259rin \u0259slin\u0259 bax\u0131b, d\u0259y\u0259r verirl\u0259r, yoxsa foto kopyas\u0131na? Heyf ki, S\u0259ttar B\u0259hlulzad\u0259 az\u0259rbaycanl\u0131d\u0131r. Biz onun d\u0259y\u0259rini-qiym\u0259tini bilm\u0259dik\u201d.<\/p>\n\n\n\n<p><strong>\u201cM\u0259d\u0259niyy\u0259t Nazirliyi r\u0259ssamlar\u0131m\u0131z\u0131n \u0259s\u0259rl\u0259rin\u0259 sahib \u00e7\u0131xmad\u0131\u201d<\/strong><\/p>\n\n\n\n<p>S\u0259n\u0259t\u015f\u00fcnas t\u0259\u0259ss\u00fcfl\u0259 qeyd edir ki, M\u0259d\u0259niyy\u0259t Nazirliyi t\u0259r\u0259find\u0259n \u00fcmumilikd\u0259 r\u0259ssamlara qar\u015f\u0131 laqeyid m\u00fcnasib\u0259t var:<\/p>\n\n\n\n<p>\u201cM\u0259d\u0259niyy\u0259t Nazirliyind\u0259 ild\u0259 bir nazir d\u0259yi\u015fir. H\u0259r\u0259si milyonlar\u0131 m\u0259nims\u0259yir, sonra v\u0259zif\u0259d\u0259n gedir. M\u0259d\u0259niyy\u0259timiz\u0259 m\u0259d\u0259niyy\u0259td\u0259n anlay\u0131\u015f\u0131 olmayan adamlar r\u0259hb\u0259rlik etdiyi m\u00fcdd\u0259tc\u0259 v\u0259ziyy\u0259timiz bundan da pis g\u00fcn\u0259 d\u00fc\u015f\u0259c\u0259k. On il bundan \u00f6nc\u0259 Turqut \u018fr adl\u0131 bir n\u0259f\u0259r B\u00f6y\u00fcka\u011fa Mirz\u0259zad\u0259 il\u0259 Mikay\u0131l Abdullayevin doxsana yax\u0131n i\u015fini \u00fcmumilikd\u0259 150 min manata sat\u0131rd\u0131. M\u0259d\u0259niyy\u0259t Nazirliyin\u0259 m\u00fcraci\u0259timiz\u0259 m\u0259h\u0259l qoyulmad\u0131. H\u0259min \u0259s\u0259rl\u0259r\u0259 sahib \u00e7\u0131xan tap\u0131lmad\u0131\u201d.<\/p>\n\n\n\n<p><strong>\u201cAnar K\u0259rimov bir kataloq \u00fc\u00e7\u00fcn 10 min manat tapma bilm\u0259di\u201d<\/strong><\/p>\n\n\n\n<p>Ziyadxan \u018fliyev sabiq nazir Anar K\u0259rimovdan da gileyl\u0259nib:<\/p>\n\n\n\n<p>\u201c2021-ci ild\u0259 Beyn\u0259lxalq T\u00fcrk M\u0259d\u0259niyy\u0259ti T\u0259\u015fkilat\u0131 (T\u00dcRKSOY) r\u0259ssam Mikay\u0131l Abdullayevin 100 illik yubileyinin t\u0259\u015fkil etdi. T\u00dcRKSOY-dan m\u0259n\u0259 m\u00fcraci\u0259t etdil\u0259r ki, yubiley \u00fc\u00e7\u00fcn kataloq yaz\u0131m. M\u0259n d\u0259 haz\u0131rlad\u0131m. R\u0259ssam\u0131n T\u00fcrkiy\u0259d\u0259ki \u015f\u0259xsi kolleksiyalar\u0131nda saxlan\u0131lan \u0259s\u0259rl\u0259rini bir yer\u0259 toplay\u0131b s\u0259rgi ke\u00e7irdil\u0259r. H\u0259min s\u0259rgid\u0259 sabiq m\u0259d\u0259niyy\u0259t naziri Anar K\u0259rimov da i\u015ftirak etmi\u015fdi. Sonra Bak\u0131da Mikay\u0131l Abdullayevin 100 illiyi qeyd olunanda Anar K\u0259rimov bir kataloqu \u00e7ap etdirm\u0259y\u0259 pul tap\u0131b ver\u0259 bilm\u0259di. Bir kataloq n\u0259dir ki?&nbsp; 5-10 min manat pul edir d\u0259\u201d.<\/p>\n\n\n\n<p><strong>\u201cAz\u0259rbaycanda r\u0259ssamlar ortal\u0131qda qal\u0131blar\u201d<\/strong><\/p>\n\n\n\n<p>S\u0259n\u0259t\u015f\u00fcnas deyir ki, S\u0259ttar B\u0259hlulzad\u0259nin 34 illik yarad\u0131c\u0131l\u0131q d\u00f6vr\u00fcnd\u0259 ke\u00e7irdiyi b\u00fct\u00fcn s\u0259rgil\u0259rd\u0259 n\u00fcmayi\u015f olundu\u011fu i\u015fl\u0259rin ham\u0131s\u0131 al\u0131n\u0131b, qalanlar\u0131n\u0131 is\u0259 \u00f6z\u00fc h\u0259diyy\u0259 edib:<\/p>\n\n\n\n<p>\u201cS\u0259ttar B\u0259hlulzad\u0259 \u0259s\u0259rini he\u00e7 kim\u0259 pulla satmay\u0131b. Bu, d\u00fcnyada analoqu olmayan bir \u015feydir. 2009-cu ild\u0259 onun yubilyey kitab\u0131n\u0131 yazm\u0131\u015fam. H\u0259min vaxt onun b\u00fct\u00fcn irsini toplamaq imkan\u0131m olub. D\u00f6vl\u0259t t\u0259r\u0259find\u0259n iki y\u00fcz\u0259 q\u0259d\u0259r r\u0259ngkarl\u0131q v\u0259 qrafika \u0259s\u0259rl\u0259ri d\u00f6vl\u0259t t\u0259r\u0259find\u0259n pulla al\u0131n\u0131b. SSR\u0130 muzeyl\u0259rind\u0259, bir d\u0259 \u00c7exiya v\u0259 Slovakiyada (ke\u00e7mi\u015f \u00c7exslovakiya) \u0259s\u0259rl\u0259ri var\u201d.<\/p>\n\n\n\n<p>\u018fm\u0259kdar inc\u0259s\u0259n\u0259t xadimi daha bir vacib m\u0259qama toxunub. O deyib ki, Az\u0259rbaycanda h\u0259rrac \u0259n\u0259n\u0259si olmad\u0131\u011f\u0131 \u00fc\u00e7\u00fcn r\u0259ssamlar\u0131n da maddi v\u0259ziyy\u0259ti a\u011f\u0131rd\u0131r:<\/p>\n\n\n\n<p>\u201cSovet d\u00f6vr\u00fcnd\u0259 b\u0259dii fondlar vard\u0131. R\u0259ssamlar\u0131n ideoloji \u0259s\u0259rl\u0259rini sat\u0131rd\u0131lar. R\u0259ssamlar maddi bax\u0131mdan kifay\u0259t q\u0259d\u0259r t\u0259min olunmu\u015fdular. Sovet da\u011f\u0131ld\u0131, ideologiya \u00f6z i\u015finin dal\u0131nca getdi. R\u0259ssamlar da ortal\u0131qda qald\u0131lar. O vaxtdan h\u0259l\u0259 d\u0259 r\u0259ssamlar\u0131n maddi v\u0259ziyy\u0259ti h\u0259ll olunmay\u0131b. D\u00fc\u015f\u00fcnr\u0259m ki, onlara d\u00f6vl\u0259t s\u0259viyy\u0259sind\u0259 d\u0259st\u0259k laz\u0131md\u0131r\u201d.<\/p>\n\n\n\n<p>M\u0259d\u0259niyy\u0259t Nazirliyinin M\u0259d\u0259ni \u0130rsin Qorunmas\u0131, \u0130nki\u015faf\u0131 v\u0259 B\u0259rpas\u0131 \u00fczr\u0259 D\u00f6vl\u0259t Xidm\u0259tind\u0259n m\u0259s\u0259l\u0259y\u0259 m\u00fcnasib\u0259t bildirm\u0259k ist\u0259m\u0259yibl\u0259r.<\/p>\n\n\n\n<p>Bu g\u00fcnl\u0259rd\u0259 Xalq r\u0259ssam\u0131 S\u0259ttar B\u0259hlulzad\u0259nin \u201cEbay\u201d onlayn sat\u0131\u015f platformas\u0131nda 650 \u0259s\u0259rd\u0259n ibar\u0259t kolleksiyas\u0131 sat\u0131\u015fa <a href=\"https:\/\/www.meydan.tv\/az\/article\/settar-behlulzadenin-650-eseri-satisa-cixarilib\/\" target=\"_blank\" rel=\"noreferrer noopener\">\u00e7\u0131xar\u0131l\u0131b<\/a>.<\/p>\n\n\n\n<p>Bu da xeyli m\u00fczakir\u0259l\u0259r\u0259 v\u0259 naraz\u0131lq\u0131lara s\u0259b\u0259b olub.<\/p>\n\n\n\n<p>Kolleksiya 18.5 milyon dollar qiym\u0259t qoyulub.<\/p>\n\n\n\n<p>Sat\u0131\u015f\u0131 realla\u015fd\u0131ran \u201cTolga &amp; Sons Art Gallery\u201d \u015firk\u0259tinin sahibl\u0259rind\u0259n biri Deniz B\u00fclent Tolqa \u201c<a href=\"http:\/\/yeniavaz.com\/\" target=\"_blank\" rel=\"noreferrer noopener\">yeniavaz.com<\/a>\u201da deyib ki, r\u0259sml\u0259ri onlara erm\u0259ni r\u0259ssamlar\u0131n \u0259s\u0259rl\u0259ri olaraq <a href=\"https:\/\/www.yeniavaz.com\/az\/news\/209064\/settar-behlulzadenin-eserlerini-ebayde-18-milyona-satisa-cixaran-sexs-danisdi\" target=\"_blank\" rel=\"noreferrer noopener\">sat\u0131blar<\/a>. <\/p>\n\n\n\n<p>\u018flav\u0259 edib ki, art\u0131q 40 ildir bu \u0259s\u0259rl\u0259r\u0259 Az\u0259rbaycandan he\u00e7 kim sahib \u00e7\u0131xm\u0131r.<\/p>\n","protected":false},"excerpt":{"rendered":"<p>Ziyadxan \u018fliyev deyir ki, sat\u0131\u015fa \u00e7\u0131xar\u0131lan \u0259s\u0259rl\u0259r r\u0259ssam\u0131n c\u0131zma-qaralar\u0131d\u0131r \u201cS\u0259ttar &#8230; <\/p>\n<p class=\"read-more-container\"><a title=\"S\u0259n\u0259t\u015f\u00fcnas: &#8220;S\u0259ttar B\u0259hlulzad\u0259nin irsi \u00e7ox etibars\u0131z \u0259ll\u0259rd\u0259dir&#8221;\" class=\"read-more button\" href=\"https:\/\/www.meydan.tv\/az\/article\/senetsunas-settar-behlulzadenin-irsi-cox-etibarsiz-ellerdedir\/#more-265491\" aria-label=\"Read more about S\u0259n\u0259t\u015f\u00fcnas: &#8220;S\u0259ttar B\u0259hlulzad\u0259nin irsi \u00e7ox etibars\u0131z \u0259ll\u0259rd\u0259dir&#8221;\">Davam\u0131<\/a><\/p>\n","protected":false},"author":8,"featured_media":265316,"comment_status":"closed","ping_status":"closed","sticky":false,"template":"","format":"standard","meta":{"_acf_changed":false,"_sitemap_exclude":false,"_sitemap_priority":"","_sitemap_frequency":"","footnotes":""},"categories":[52,56],"tags":[],"class_list":["post-265491","post","type-post","status-publish","format-standard","has-post-thumbnail","hentry","category-medeniyyet","category-xeberler","infinite-scroll-item","generate-columns","tablet-grid-50","mobile-grid-100","grid-parent","grid-33","no-featured-image-padding"],"acf":[],"yoast_head":"<!-- This site is optimized with the Yoast SEO plugin v27.4 - https:\/\/yoast.com\/product\/yoast-seo-wordpress\/ -->\n<title>S\u0259n\u0259t\u015f\u00fcnas: &quot;S\u0259ttar B\u0259hlulzad\u0259nin irsi \u00e7ox etibars\u0131z \u0259ll\u0259rd\u0259dir&quot; - MEYDAN.TV<\/title>\n<meta name=\"robots\" content=\"index, follow, max-snippet:-1, max-image-preview:large, max-video-preview:-1\" \/>\n<link rel=\"canonical\" href=\"https:\/\/www.meydan.tv\/az\/article\/senetsunas-settar-behlulzadenin-irsi-cox-etibarsiz-ellerdedir\/\" \/>\n<meta property=\"og:locale\" content=\"az_AZ\" \/>\n<meta property=\"og:type\" content=\"article\" \/>\n<meta property=\"og:title\" content=\"S\u0259n\u0259t\u015f\u00fcnas: &quot;S\u0259ttar B\u0259hlulzad\u0259nin irsi \u00e7ox etibars\u0131z \u0259ll\u0259rd\u0259dir&quot; - MEYDAN.TV\" \/>\n<meta property=\"og:description\" content=\"Ziyadxan \u018fliyev deyir ki, sat\u0131\u015fa \u00e7\u0131xar\u0131lan \u0259s\u0259rl\u0259r r\u0259ssam\u0131n c\u0131zma-qaralar\u0131d\u0131r \u201cS\u0259ttar ... Davam\u0131\" \/>\n<meta property=\"og:url\" content=\"https:\/\/www.meydan.tv\/az\/article\/senetsunas-settar-behlulzadenin-irsi-cox-etibarsiz-ellerdedir\/\" \/>\n<meta property=\"og:site_name\" content=\"MEYDAN.TV\" \/>\n<meta property=\"article:published_time\" content=\"2023-01-11T11:51:38+00:00\" \/>\n<meta property=\"article:modified_time\" content=\"2023-01-11T11:51:42+00:00\" \/>\n<meta property=\"og:image\" content=\"https:\/\/www.meydan.tv\/wp-content\/uploads\/1513320814-e1673270412572.jpg\" \/>\n\t<meta property=\"og:image:width\" content=\"1200\" \/>\n\t<meta property=\"og:image:height\" content=\"492\" \/>\n\t<meta property=\"og:image:type\" content=\"image\/jpeg\" \/>\n<meta name=\"author\" content=\"elli\" \/>\n<meta name=\"twitter:card\" content=\"summary_large_image\" \/>\n<meta name=\"twitter:creator\" content=\"@elli\" \/>\n<script type=\"application\/ld+json\" class=\"yoast-schema-graph\">{\"@context\":\"https:\\\/\\\/schema.org\",\"@graph\":[{\"@type\":\"Article\",\"@id\":\"https:\\\/\\\/www.meydan.tv\\\/az\\\/article\\\/senetsunas-settar-behlulzadenin-irsi-cox-etibarsiz-ellerdedir\\\/#article\",\"isPartOf\":{\"@id\":\"https:\\\/\\\/www.meydan.tv\\\/az\\\/article\\\/senetsunas-settar-behlulzadenin-irsi-cox-etibarsiz-ellerdedir\\\/\"},\"author\":{\"name\":\"elli\",\"@id\":\"https:\\\/\\\/www.meydan.tv\\\/az\\\/#\\\/schema\\\/person\\\/9cdbecf90d17180ce1dfbd95b08dcf47\"},\"headline\":\"S\u0259n\u0259t\u015f\u00fcnas: &#8220;S\u0259ttar B\u0259hlulzad\u0259nin irsi \u00e7ox etibars\u0131z \u0259ll\u0259rd\u0259dir&#8221;\",\"datePublished\":\"2023-01-11T11:51:38+00:00\",\"dateModified\":\"2023-01-11T11:51:42+00:00\",\"mainEntityOfPage\":{\"@id\":\"https:\\\/\\\/www.meydan.tv\\\/az\\\/article\\\/senetsunas-settar-behlulzadenin-irsi-cox-etibarsiz-ellerdedir\\\/\"},\"wordCount\":1283,\"publisher\":{\"@id\":\"https:\\\/\\\/www.meydan.tv\\\/az\\\/#organization\"},\"image\":{\"@id\":\"https:\\\/\\\/www.meydan.tv\\\/az\\\/article\\\/senetsunas-settar-behlulzadenin-irsi-cox-etibarsiz-ellerdedir\\\/#primaryimage\"},\"thumbnailUrl\":\"https:\\\/\\\/www.meydan.tv\\\/wp-content\\\/uploads\\\/1513320814-e1673270412572.jpg\",\"articleSection\":[\"M\u0259d\u0259niyy\u0259t\",\"X\u0259b\u0259rl\u0259r\"],\"inLanguage\":\"az\"},{\"@type\":\"WebPage\",\"@id\":\"https:\\\/\\\/www.meydan.tv\\\/az\\\/article\\\/senetsunas-settar-behlulzadenin-irsi-cox-etibarsiz-ellerdedir\\\/\",\"url\":\"https:\\\/\\\/www.meydan.tv\\\/az\\\/article\\\/senetsunas-settar-behlulzadenin-irsi-cox-etibarsiz-ellerdedir\\\/\",\"name\":\"S\u0259n\u0259t\u015f\u00fcnas: \\\"S\u0259ttar B\u0259hlulzad\u0259nin irsi \u00e7ox etibars\u0131z \u0259ll\u0259rd\u0259dir\\\" - MEYDAN.TV\",\"isPartOf\":{\"@id\":\"https:\\\/\\\/www.meydan.tv\\\/az\\\/#website\"},\"primaryImageOfPage\":{\"@id\":\"https:\\\/\\\/www.meydan.tv\\\/az\\\/article\\\/senetsunas-settar-behlulzadenin-irsi-cox-etibarsiz-ellerdedir\\\/#primaryimage\"},\"image\":{\"@id\":\"https:\\\/\\\/www.meydan.tv\\\/az\\\/article\\\/senetsunas-settar-behlulzadenin-irsi-cox-etibarsiz-ellerdedir\\\/#primaryimage\"},\"thumbnailUrl\":\"https:\\\/\\\/www.meydan.tv\\\/wp-content\\\/uploads\\\/1513320814-e1673270412572.jpg\",\"datePublished\":\"2023-01-11T11:51:38+00:00\",\"dateModified\":\"2023-01-11T11:51:42+00:00\",\"breadcrumb\":{\"@id\":\"https:\\\/\\\/www.meydan.tv\\\/az\\\/article\\\/senetsunas-settar-behlulzadenin-irsi-cox-etibarsiz-ellerdedir\\\/#breadcrumb\"},\"inLanguage\":\"az\",\"potentialAction\":[{\"@type\":\"ReadAction\",\"target\":[\"https:\\\/\\\/www.meydan.tv\\\/az\\\/article\\\/senetsunas-settar-behlulzadenin-irsi-cox-etibarsiz-ellerdedir\\\/\"]}]},{\"@type\":\"ImageObject\",\"inLanguage\":\"az\",\"@id\":\"https:\\\/\\\/www.meydan.tv\\\/az\\\/article\\\/senetsunas-settar-behlulzadenin-irsi-cox-etibarsiz-ellerdedir\\\/#primaryimage\",\"url\":\"https:\\\/\\\/www.meydan.tv\\\/wp-content\\\/uploads\\\/1513320814-e1673270412572.jpg\",\"contentUrl\":\"https:\\\/\\\/www.meydan.tv\\\/wp-content\\\/uploads\\\/1513320814-e1673270412572.jpg\",\"width\":1200,\"height\":492,\"caption\":\"S\u0259ttar B\u0259hlulzad\u0259. Foto: \\\"medeniyyet.az\\\/\\\"\"},{\"@type\":\"BreadcrumbList\",\"@id\":\"https:\\\/\\\/www.meydan.tv\\\/az\\\/article\\\/senetsunas-settar-behlulzadenin-irsi-cox-etibarsiz-ellerdedir\\\/#breadcrumb\",\"itemListElement\":[{\"@type\":\"ListItem\",\"position\":1,\"name\":\"Ana s\u0259hif\u0259\",\"item\":\"https:\\\/\\\/www.meydan.tv\\\/az\\\/\"},{\"@type\":\"ListItem\",\"position\":2,\"name\":\"M\u0259d\u0259niyy\u0259t\",\"item\":\"https:\\\/\\\/www.meydan.tv\\\/az\\\/section\\\/medeniyyet\\\/\"},{\"@type\":\"ListItem\",\"position\":3,\"name\":\"S\u0259n\u0259t\u015f\u00fcnas: &#8220;S\u0259ttar B\u0259hlulzad\u0259nin irsi \u00e7ox etibars\u0131z \u0259ll\u0259rd\u0259dir&#8221;\"}]},{\"@type\":\"WebSite\",\"@id\":\"https:\\\/\\\/www.meydan.tv\\\/az\\\/#website\",\"url\":\"https:\\\/\\\/www.meydan.tv\\\/az\\\/\",\"name\":\"MEYDAN.TV\",\"description\":\"Meydan TV Az\u0259rbaycan\u0131n media m\u0259kan\u0131ndak\u0131 alternativ s\u0259sidir\",\"publisher\":{\"@id\":\"https:\\\/\\\/www.meydan.tv\\\/az\\\/#organization\"},\"potentialAction\":[{\"@type\":\"SearchAction\",\"target\":{\"@type\":\"EntryPoint\",\"urlTemplate\":\"https:\\\/\\\/www.meydan.tv\\\/az\\\/?s={search_term_string}\"},\"query-input\":{\"@type\":\"PropertyValueSpecification\",\"valueRequired\":true,\"valueName\":\"search_term_string\"}}],\"inLanguage\":\"az\"},{\"@type\":\"Organization\",\"@id\":\"https:\\\/\\\/www.meydan.tv\\\/az\\\/#organization\",\"name\":\"Meydan TV\",\"url\":\"https:\\\/\\\/www.meydan.tv\\\/az\\\/\",\"logo\":{\"@type\":\"ImageObject\",\"inLanguage\":\"az\",\"@id\":\"https:\\\/\\\/www.meydan.tv\\\/az\\\/#\\\/schema\\\/logo\\\/image\\\/\",\"url\":\"https:\\\/\\\/www.meydan.tv\\\/wp-content\\\/uploads\\\/2021\\\/07\\\/meydan-logo.svg\",\"contentUrl\":\"https:\\\/\\\/www.meydan.tv\\\/wp-content\\\/uploads\\\/2021\\\/07\\\/meydan-logo.svg\",\"width\":195,\"height\":46,\"caption\":\"Meydan TV\"},\"image\":{\"@id\":\"https:\\\/\\\/www.meydan.tv\\\/az\\\/#\\\/schema\\\/logo\\\/image\\\/\"}},{\"@type\":\"Person\",\"@id\":\"https:\\\/\\\/www.meydan.tv\\\/az\\\/#\\\/schema\\\/person\\\/9cdbecf90d17180ce1dfbd95b08dcf47\",\"name\":\"elli\",\"sameAs\":[\"https:\\\/\\\/x.com\\\/elli\"]}]}<\/script>\n<!-- \/ Yoast SEO plugin. -->","yoast_head_json":{"title":"S\u0259n\u0259t\u015f\u00fcnas: \"S\u0259ttar B\u0259hlulzad\u0259nin irsi \u00e7ox etibars\u0131z \u0259ll\u0259rd\u0259dir\" - MEYDAN.TV","robots":{"index":"index","follow":"follow","max-snippet":"max-snippet:-1","max-image-preview":"max-image-preview:large","max-video-preview":"max-video-preview:-1"},"canonical":"https:\/\/www.meydan.tv\/az\/article\/senetsunas-settar-behlulzadenin-irsi-cox-etibarsiz-ellerdedir\/","og_locale":"az_AZ","og_type":"article","og_title":"S\u0259n\u0259t\u015f\u00fcnas: \"S\u0259ttar B\u0259hlulzad\u0259nin irsi \u00e7ox etibars\u0131z \u0259ll\u0259rd\u0259dir\" - MEYDAN.TV","og_description":"Ziyadxan \u018fliyev deyir ki, sat\u0131\u015fa \u00e7\u0131xar\u0131lan \u0259s\u0259rl\u0259r r\u0259ssam\u0131n c\u0131zma-qaralar\u0131d\u0131r \u201cS\u0259ttar ... Davam\u0131","og_url":"https:\/\/www.meydan.tv\/az\/article\/senetsunas-settar-behlulzadenin-irsi-cox-etibarsiz-ellerdedir\/","og_site_name":"MEYDAN.TV","article_published_time":"2023-01-11T11:51:38+00:00","article_modified_time":"2023-01-11T11:51:42+00:00","og_image":[{"width":1200,"height":492,"url":"https:\/\/www.meydan.tv\/wp-content\/uploads\/1513320814-e1673270412572.jpg","type":"image\/jpeg"}],"author":"elli","twitter_card":"summary_large_image","twitter_creator":"@elli","schema":{"@context":"https:\/\/schema.org","@graph":[{"@type":"Article","@id":"https:\/\/www.meydan.tv\/az\/article\/senetsunas-settar-behlulzadenin-irsi-cox-etibarsiz-ellerdedir\/#article","isPartOf":{"@id":"https:\/\/www.meydan.tv\/az\/article\/senetsunas-settar-behlulzadenin-irsi-cox-etibarsiz-ellerdedir\/"},"author":{"name":"elli","@id":"https:\/\/www.meydan.tv\/az\/#\/schema\/person\/9cdbecf90d17180ce1dfbd95b08dcf47"},"headline":"S\u0259n\u0259t\u015f\u00fcnas: &#8220;S\u0259ttar B\u0259hlulzad\u0259nin irsi \u00e7ox etibars\u0131z \u0259ll\u0259rd\u0259dir&#8221;","datePublished":"2023-01-11T11:51:38+00:00","dateModified":"2023-01-11T11:51:42+00:00","mainEntityOfPage":{"@id":"https:\/\/www.meydan.tv\/az\/article\/senetsunas-settar-behlulzadenin-irsi-cox-etibarsiz-ellerdedir\/"},"wordCount":1283,"publisher":{"@id":"https:\/\/www.meydan.tv\/az\/#organization"},"image":{"@id":"https:\/\/www.meydan.tv\/az\/article\/senetsunas-settar-behlulzadenin-irsi-cox-etibarsiz-ellerdedir\/#primaryimage"},"thumbnailUrl":"https:\/\/www.meydan.tv\/wp-content\/uploads\/1513320814-e1673270412572.jpg","articleSection":["M\u0259d\u0259niyy\u0259t","X\u0259b\u0259rl\u0259r"],"inLanguage":"az"},{"@type":"WebPage","@id":"https:\/\/www.meydan.tv\/az\/article\/senetsunas-settar-behlulzadenin-irsi-cox-etibarsiz-ellerdedir\/","url":"https:\/\/www.meydan.tv\/az\/article\/senetsunas-settar-behlulzadenin-irsi-cox-etibarsiz-ellerdedir\/","name":"S\u0259n\u0259t\u015f\u00fcnas: \"S\u0259ttar B\u0259hlulzad\u0259nin irsi \u00e7ox etibars\u0131z \u0259ll\u0259rd\u0259dir\" - MEYDAN.TV","isPartOf":{"@id":"https:\/\/www.meydan.tv\/az\/#website"},"primaryImageOfPage":{"@id":"https:\/\/www.meydan.tv\/az\/article\/senetsunas-settar-behlulzadenin-irsi-cox-etibarsiz-ellerdedir\/#primaryimage"},"image":{"@id":"https:\/\/www.meydan.tv\/az\/article\/senetsunas-settar-behlulzadenin-irsi-cox-etibarsiz-ellerdedir\/#primaryimage"},"thumbnailUrl":"https:\/\/www.meydan.tv\/wp-content\/uploads\/1513320814-e1673270412572.jpg","datePublished":"2023-01-11T11:51:38+00:00","dateModified":"2023-01-11T11:51:42+00:00","breadcrumb":{"@id":"https:\/\/www.meydan.tv\/az\/article\/senetsunas-settar-behlulzadenin-irsi-cox-etibarsiz-ellerdedir\/#breadcrumb"},"inLanguage":"az","potentialAction":[{"@type":"ReadAction","target":["https:\/\/www.meydan.tv\/az\/article\/senetsunas-settar-behlulzadenin-irsi-cox-etibarsiz-ellerdedir\/"]}]},{"@type":"ImageObject","inLanguage":"az","@id":"https:\/\/www.meydan.tv\/az\/article\/senetsunas-settar-behlulzadenin-irsi-cox-etibarsiz-ellerdedir\/#primaryimage","url":"https:\/\/www.meydan.tv\/wp-content\/uploads\/1513320814-e1673270412572.jpg","contentUrl":"https:\/\/www.meydan.tv\/wp-content\/uploads\/1513320814-e1673270412572.jpg","width":1200,"height":492,"caption":"S\u0259ttar B\u0259hlulzad\u0259. Foto: \"medeniyyet.az\/\""},{"@type":"BreadcrumbList","@id":"https:\/\/www.meydan.tv\/az\/article\/senetsunas-settar-behlulzadenin-irsi-cox-etibarsiz-ellerdedir\/#breadcrumb","itemListElement":[{"@type":"ListItem","position":1,"name":"Ana s\u0259hif\u0259","item":"https:\/\/www.meydan.tv\/az\/"},{"@type":"ListItem","position":2,"name":"M\u0259d\u0259niyy\u0259t","item":"https:\/\/www.meydan.tv\/az\/section\/medeniyyet\/"},{"@type":"ListItem","position":3,"name":"S\u0259n\u0259t\u015f\u00fcnas: &#8220;S\u0259ttar B\u0259hlulzad\u0259nin irsi \u00e7ox etibars\u0131z \u0259ll\u0259rd\u0259dir&#8221;"}]},{"@type":"WebSite","@id":"https:\/\/www.meydan.tv\/az\/#website","url":"https:\/\/www.meydan.tv\/az\/","name":"MEYDAN.TV","description":"Meydan TV Az\u0259rbaycan\u0131n media m\u0259kan\u0131ndak\u0131 alternativ s\u0259sidir","publisher":{"@id":"https:\/\/www.meydan.tv\/az\/#organization"},"potentialAction":[{"@type":"SearchAction","target":{"@type":"EntryPoint","urlTemplate":"https:\/\/www.meydan.tv\/az\/?s={search_term_string}"},"query-input":{"@type":"PropertyValueSpecification","valueRequired":true,"valueName":"search_term_string"}}],"inLanguage":"az"},{"@type":"Organization","@id":"https:\/\/www.meydan.tv\/az\/#organization","name":"Meydan TV","url":"https:\/\/www.meydan.tv\/az\/","logo":{"@type":"ImageObject","inLanguage":"az","@id":"https:\/\/www.meydan.tv\/az\/#\/schema\/logo\/image\/","url":"https:\/\/www.meydan.tv\/wp-content\/uploads\/2021\/07\/meydan-logo.svg","contentUrl":"https:\/\/www.meydan.tv\/wp-content\/uploads\/2021\/07\/meydan-logo.svg","width":195,"height":46,"caption":"Meydan TV"},"image":{"@id":"https:\/\/www.meydan.tv\/az\/#\/schema\/logo\/image\/"}},{"@type":"Person","@id":"https:\/\/www.meydan.tv\/az\/#\/schema\/person\/9cdbecf90d17180ce1dfbd95b08dcf47","name":"elli","sameAs":["https:\/\/x.com\/elli"]}]}},"_links":{"self":[{"href":"https:\/\/www.meydan.tv\/az\/wp-json\/wp\/v2\/posts\/265491","targetHints":{"allow":["GET"]}}],"collection":[{"href":"https:\/\/www.meydan.tv\/az\/wp-json\/wp\/v2\/posts"}],"about":[{"href":"https:\/\/www.meydan.tv\/az\/wp-json\/wp\/v2\/types\/post"}],"author":[{"embeddable":true,"href":"https:\/\/www.meydan.tv\/az\/wp-json\/wp\/v2\/users\/8"}],"replies":[{"embeddable":true,"href":"https:\/\/www.meydan.tv\/az\/wp-json\/wp\/v2\/comments?post=265491"}],"version-history":[{"count":1,"href":"https:\/\/www.meydan.tv\/az\/wp-json\/wp\/v2\/posts\/265491\/revisions"}],"predecessor-version":[{"id":265495,"href":"https:\/\/www.meydan.tv\/az\/wp-json\/wp\/v2\/posts\/265491\/revisions\/265495"}],"wp:featuredmedia":[{"embeddable":true,"href":"https:\/\/www.meydan.tv\/az\/wp-json\/wp\/v2\/media\/265316"}],"wp:attachment":[{"href":"https:\/\/www.meydan.tv\/az\/wp-json\/wp\/v2\/media?parent=265491"}],"wp:term":[{"taxonomy":"category","embeddable":true,"href":"https:\/\/www.meydan.tv\/az\/wp-json\/wp\/v2\/categories?post=265491"},{"taxonomy":"post_tag","embeddable":true,"href":"https:\/\/www.meydan.tv\/az\/wp-json\/wp\/v2\/tags?post=265491"}],"curies":[{"name":"wp","href":"https:\/\/api.w.org\/{rel}","templated":true}]}}