{"id":265440,"date":"2023-01-10T22:05:21","date_gmt":"2023-01-10T18:05:21","guid":{"rendered":"https:\/\/www.meydan.tv\/?p=265440"},"modified":"2023-01-11T11:44:54","modified_gmt":"2023-01-11T07:44:54","slug":"ilham-eliyev-eminen-ki-ucuncu-muharibe-olmayacaq","status":"publish","type":"post","link":"https:\/\/www.meydan.tv\/az\/article\/ilham-eliyev-eminen-ki-ucuncu-muharibe-olmayacaq\/","title":{"rendered":"\u0130lham \u018fliyev: &#8220;\u018fmin\u0259m ki, \u00fc\u00e7\u00fcnc\u00fc m\u00fcharib\u0259 olmayacaq&#8221;"},"content":{"rendered":"\n<p><\/p>\n\n\n\n<p><em>\u201c\u018ffsuslar olsun ki, Erm\u0259nistana silah ver\u0259nl\u0259r aras\u0131nda indi Hindistan da rol al\u0131b\u201d<\/em><\/p>\n\n\n\n<p>&#8220;Biz Erm\u0259nistanla m\u0259s\u0259l\u0259ni h\u0259ll etmi\u015fik. \u018fmin\u0259m ki, \u00fc\u00e7\u00fcnc\u00fc m\u00fcharib\u0259 olmayacaq, amma t\u0259hdidl\u0259r aradan qalxmay\u0131b, m\u00fcharib\u0259d\u0259n sonra yeni t\u0259hdidl\u0259rl\u0259 \u00fczl\u0259\u015fmi\u015fik&#8221;.<\/p>\n\n\n\n<p>Bunu yanvar\u0131n 10-da Prezident \u0130lham \u018fliyev yerli televiziyalara m\u00fcsahib\u0259sind\u0259 deyib.<\/p>\n\n\n\n<p>\u018fliyev bildirib ki, bu t\u0259hdidl\u0259r\u0259 sin\u0259 g\u0259rm\u0259k asan m\u0259s\u0259l\u0259 deyil &#8211; h\u0259m irad\u0259, h\u0259m d\u0259 \u00f6z\u00fcnd\u0259 \u0259minlik olmal\u0131d\u0131r: <\/p>\n\n\n\n<p>&#8220;Biz he\u00e7 vaxt avant\u00fcraya getm\u0259mi\u015fik v\u0259 getm\u0259y\u0259c\u0259yik. \u018fg\u0259r bu t\u0259xribatlara qar\u015f\u0131 biz, nec\u0259 dey\u0259rl\u0259r, \u00e7ox sars\u0131d\u0131c\u0131 \u015fapalaq vurmu\u015fuqsa, dem\u0259li, bu, sad\u0259c\u0259 olaraq, t\u0259bli\u011fat deyil, \u00f6z\u00fcm\u00fczd\u0259 g\u00fcc hiss edirik. H\u0259r k\u0259s bunu bilm\u0259lidir ki, biziml\u0259 he\u00e7 kim zarafat etm\u0259sin. Biz bunu m\u00fcharib\u0259d\u0259n d\u0259rhal sonra ba\u015flam\u0131\u015f\u0131q. \u00c7\u00fcnki bilirdik ki, d\u00fcnyan\u0131n g\u0259l\u0259c\u0259yini bu, m\u00fc\u0259yy\u0259n ed\u0259c\u0259k\u201d.<\/p>\n\n\n\n<p><strong>&#8220;Yerli istehsal\u0131 geni\u015fl\u0259ndirm\u0259k \u00fc\u00e7\u00fcn bir ne\u00e7\u0259 apar\u0131c\u0131 \u015firk\u0259tl\u0259 indi dan\u0131\u015f\u0131qlar\u0131n son m\u0259rh\u0259l\u0259sind\u0259yik\u201d<\/strong><\/p>\n\n\n\n<p>\u00d6lk\u0259 ba\u015f\u00e7\u0131s\u0131 vur\u011fulay\u0131b ki, Rusiya-Ukrayna m\u00fcharib\u0259sind\u0259n sonra h\u0259r k\u0259s bunu edir: <\/p>\n\n\n\n<p>&#8220;Ordu quruculu\u011funa \u00fcmumiyy\u0259tl\u0259 fikir verm\u0259y\u0259n Avropan\u0131n \u0259n b\u00f6y\u00fck \u00f6lk\u0259l\u0259ri indi ordular\u0131n\u0131 yarad\u0131rlar. \u0130ndi vahid Avropa ordusu haqq\u0131nda dan\u0131\u015fma\u011fa ba\u015flay\u0131blar. \u0130ndi h\u0259rbi t\u0259yinatl\u0131 m\u0259hsullar\u0131 buraxma\u011fa ba\u015flay\u0131blar, yaxud da ki, geni\u015fl\u0259ndirirl\u0259r. Biz buna n\u0259 vaxtdan ba\u015flam\u0131\u015f\u0131q? Art\u0131q 15 ildir. Onu da bildirm\u0259liy\u0259m ki, biz \u0259sas T\u00fcrkiy\u0259 v\u0259 \u0130srail \u015firk\u0259tl\u0259ri il\u0259, dig\u0259r \u00f6lk\u0259l\u0259rin \u015firk\u0259tl\u0259ri il\u0259 yeni kontraktlar ba\u011flam\u0131\u015f\u0131q, eyni zamanda, yerli istehsal\u0131 geni\u015fl\u0259ndirm\u0259k \u00fc\u00e7\u00fcn bir ne\u00e7\u0259 apar\u0131c\u0131 \u015firk\u0259tl\u0259 indi dan\u0131\u015f\u0131qlar\u0131n son m\u0259rh\u0259l\u0259sind\u0259yik\u201d.<\/p>\n\n\n\n<p><strong>&#8220;\u0130nan\u0131n ki, bunu dem\u0259k m\u0259n\u0259 \u00e7ox \u00e7\u0259tindir&#8230;&#8221;<\/strong><\/p>\n\n\n\n<p>S\u00fclh m\u00fcavil\u0259sinin imzalan\u0131b-imzalanmamas\u0131na toxunan \u0130lham \u018fliyev deyib ki, Erm\u0259nistan, y\u0259qin ki, hans\u0131sa geosiyasi d\u0259yi\u015fiklikl\u0259r, kimins\u0259 v\u0259d etdiyi n\u0259l\u0259ris\u0259 g\u00f6zl\u0259yir: <\/p>\n\n\n\n<p>&#8220;M\u0259nim fikrimc\u0259, bu il \u00e7ox m\u0259s\u0259l\u0259l\u0259r\u0259 ayd\u0131nl\u0131q g\u0259tir\u0259c\u0259k. Yeri g\u0259lmi\u015fk\u0259n, m\u0259n \u00fcr\u0259kd\u0259n inan\u0131rd\u0131m ki, ilin sonuna q\u0259d\u0259r biz sazi\u015f imzalanmas\u0131na nail olaca\u011f\u0131q. Lakin bel\u0259 olmad\u0131. Erm\u0259nistan n\u0259 g\u00f6zl\u0259yir? Y\u0259qin ki, hans\u0131sa geosiyasi d\u0259yi\u015fiklikl\u0259r, ola bilsin ki, kimins\u0259 ona v\u0259d etdiyi n\u0259l\u0259ris\u0259 g\u00f6zl\u0259yir. \u00c7\u00fcnki bel\u0259 t\u0259\u0259ss\u00fcrat yaran\u0131r ki, ona kims\u0259 n\u0259 is\u0259 v\u0259d edib. Ona g\u00f6r\u0259 ki regionda v\u0259ziyy\u0259tin obyektiv t\u0259hlili, q\u00fcvv\u0259l\u0259r balans\u0131 v\u0259 iki il bundan \u0259vv\u0259l ba\u015f vermi\u015f hadis\u0259l\u0259r\u0259, el\u0259c\u0259 d\u0259 ke\u00e7\u0259n ilin sentyabr ay\u0131nda ba\u015f vermi\u015f v\u0259 ya haz\u0131rda La\u00e7\u0131n-Xank\u0259ndi yolunda ba\u015f ver\u0259n hadis\u0259l\u0259r\u0259 d\u00fcnyan\u0131n reaksiyas\u0131 onu g\u00f6st\u0259rir ki, suda batanlar\u0131n xilas edilm\u0259si onlar\u0131n \u00f6z i\u015fidir. Biz k\u00f6m\u0259k ed\u0259 bil\u0259rik\u201d.<\/p>\n\n\n<div class=\"wp-block-image\">\n<figure class=\"aligncenter size-full\"><img decoding=\"async\" width=\"1200\" height=\"674\" data-src=\"https:\/\/www.meydan.tv\/wp-content\/uploads\/1673332834_0e29f7677c0cdda68acad20331de4195.jpg\" alt=\"\" class=\"wp-image-265437 lazyload\" src=\"data:image\/svg+xml;base64,PHN2ZyB3aWR0aD0iMSIgaGVpZ2h0PSIxIiB4bWxucz0iaHR0cDovL3d3dy53My5vcmcvMjAwMC9zdmciPjwvc3ZnPg==\" style=\"--smush-placeholder-width: 1200px; --smush-placeholder-aspect-ratio: 1200\/674;\" \/><\/figure>\n<\/div>\n\n\n<p>&#8220;Erm\u0259nistan\u0131n az\u0259rbaycanofobiya v\u0259 isteriya bataql\u0131\u011f\u0131nda tamam bo\u011fulmamas\u0131na yaln\u0131z biz k\u00f6m\u0259k ed\u0259 bil\u0259rik. \u201cN\u0259 il\u0259? Onunla ki, biz deyirik \u201ch\u0259\u201d, biz deyirik, g\u0259lin s\u00fclh ba\u011flayaq. \u00d6z\u00fc d\u0259, inan\u0131n ki, bunu dem\u0259k m\u0259n\u0259 \u00e7ox \u00e7\u0259tindir, h\u0259m Prezident kimi, h\u0259m d\u0259 adi insan kimi. M\u0259n i\u015f\u011faldan azad edilmi\u015f \u0259razil\u0259r\u0259 ged\u0259nd\u0259 sizin v\u0259 h\u0259r bir az\u0259rbaycanl\u0131n\u0131n ke\u00e7irdiyi hissl\u0259ri ke\u00e7irir\u0259m\u201d, &#8211; dey\u0259 \u018fliyev \u0259lav\u0259 edib.<\/p>\n\n\n\n<p><strong>&#8220;&#8230;s\u00fclh m\u00fcqavil\u0259si qa\u00e7\u0131lmazd\u0131r&#8221;<\/strong><\/p>\n\n\n\n<p>Ancaq d\u00f6vl\u0259t ba\u015f\u00e7\u0131s\u0131 &#8220;Erm\u0259nistan n\u0259hay\u0259t anlayacaq ki, s\u00fclh m\u00fcqavil\u0259si qa\u00e7\u0131lmazd\u0131r&#8221; dey\u0259r\u0259k b\u0259zi m\u0259qamlar\u0131 xat\u0131rlad\u0131b: <\/p>\n\n\n\n<p>&#8220;Son bir il \u0259rzind\u0259 &#8211; mart ay\u0131ndan b\u0259ri \u00fc\u00e7 d\u0259f\u0259 g\u00f6st\u0259rdik ki, he\u00e7 kim bizim qaba\u011f\u0131m\u0131zda dura bilm\u0259z v\u0259 ist\u0259diyimiz\u0259 nail oluruq v\u0259 h\u0259r hans\u0131 bir erm\u0259ni havadar\u0131 onlar\u0131n yard\u0131m\u0131na yeti\u015f\u0259 bilm\u0259z. Bu, birincisi. \u0130kincisi, h\u0259m Az\u0259rbaycan-Erm\u0259nistan s\u0259rh\u0259di istiqam\u0259tind\u0259, eyni zamanda, Qaraba\u011f istiqam\u0259tind\u0259 n\u0259zar\u0259td\u0259 olan y\u00fcks\u0259klikl\u0259r biz\u0259 \u00e7ox b\u00f6y\u00fck strateji \u00fcst\u00fcnl\u00fck t\u0259min edir. Art\u0131q vizual m\u00fc\u015fahid\u0259 biz\u0259 imkan verir ki, ist\u0259nil\u0259n t\u0259hl\u00fck\u0259ni b\u0259ri ba\u015fdan g\u00f6r\u0259k v\u0259 onun qar\u015f\u0131s\u0131n\u0131 alaq. Hesab edir\u0259m ki, art\u0131q \u00fc\u00e7 d\u0259f\u0259 bel\u0259 h\u0259rbi v\u0259 siyasi u\u011fursuzlu\u011fa d\u00fc\u00e7ar olmu\u015f Erm\u0259nistan anlayacaq ki, s\u00fclh m\u00fcqavil\u0259si qa\u00e7\u0131lmazd\u0131r. Onlar bunu n\u0259 q\u0259d\u0259r tez anlasalar v\u0259 n\u0259 q\u0259d\u0259r tez \u00f6zl\u0259rind\u0259 g\u00fcc tap\u0131b, irad\u0259 tap\u0131b buna raz\u0131l\u0131q vers\u0259l\u0259r, o q\u0259d\u0259r d\u0259 b\u00f6lg\u0259 \u00fc\u00e7\u00fcn yax\u015f\u0131 olacaq\u201d.<\/p>\n\n\n\n<p><strong>&#8220;2023-c\u00fc il \u0130kinci Qaraba\u011f m\u00fcharib\u0259sinin real sonu olacaq&#8221;<\/strong><\/p>\n\n\n\n<p>\u018fliyev onu da qeyd edib ki, Az\u0259rbaycan\u0131n \u00fc\u00e7\u00fcnc\u00fc m\u00fcharib\u0259ni ba\u015flamaq fikri yoxdur: <\/p>\n\n\n\n<p>&#8220;\u0130ndi b\u0259zi Q\u0259rb m\u0259tbuat\u0131nda biz\u0259 qar\u015f\u0131 yeni dal\u011fa, \u00e7irkin b\u00f6htan kampaniyas\u0131 geni\u015f v\u00fcs\u0259t al\u0131r. Onun ilk t\u0259zah\u00fcrl\u0259rini biz g\u00f6r\u00fcr\u00fck, amma ehtimal edilir ki, n\u00f6vb\u0259ti \u00e7irkin add\u0131mlar da at\u0131lacaq. Amma bu, bizi dayand\u0131rmayacaq. Ona g\u00f6r\u0259 m\u0259n hesab edir\u0259m v\u0259 \u00fcmid etm\u0259k ist\u0259yir\u0259m ki, 2023-c\u00fc il \u0130kinci Qaraba\u011f m\u00fcharib\u0259sinin real sonu olacaq v\u0259 bu il bel\u0259 hadis\u0259l\u0259r ba\u015f verm\u0259y\u0259c\u0259k\u201d.<\/p>\n\n\n\n<p>\u0130lham \u018fliyevin fikrinc\u0259, Erm\u0259nistana ist\u0259nil\u0259n silah veril\u0259rs\u0259, onlara k\u00f6m\u0259k etm\u0259y\u0259c\u0259k:<\/p>\n\n\n\n<p>&#8220;M\u0259n Erm\u0259nistan t\u0259r\u0259fin\u0259 bir ne\u00e7\u0259 d\u0259f\u0259 bunu demi\u015f\u0259m. Demi\u015f\u0259m ki, buna \u0259b\u0259s yer\u0259 v\u0259sait x\u0259rcl\u0259m\u0259yin. \u00c7\u00fcnki birincisi, bu, siz\u0259 k\u00f6m\u0259k etm\u0259y\u0259c\u0259k, ikincisi \u00f6lk\u0259nizd\u0259 olan revan\u015fist q\u00fcvv\u0259l\u0259rd\u0259 hans\u0131sa bir ill\u00fcziya yarada bil\u0259r. \u0130ll\u00fcziya yarada bil\u0259r ki, siz revan\u015f ed\u0259 bil\u0259rsiniz. Ed\u0259 bilm\u0259y\u0259c\u0259ksiniz!&#8221;.<\/p>\n\n\n\n<p>\u201cBiz \u0259g\u0259r g\u00f6rs\u0259k ki, bizim \u00fc\u00e7\u00fcn h\u0259r hans\u0131 bir ciddi t\u0259hl\u00fck\u0259 var, bu t\u0259hl\u00fck\u0259ni d\u0259rhal d\u0259f ed\u0259c\u0259yik. Baxmayaraq ki, bu t\u0259hl\u00fck\u0259 harada yaran\u0131b, bizim \u0259razimizd\u0259, yaxud da ki, h\u00fcdudlar\u0131m\u0131z\u0131n k\u0259nar\u0131nda. Bu, bizim legitim h\u00fcququmuzdur. Ona g\u00f6r\u0259 bel\u0259 c\u0259hdl\u0259r var v\u0259 biz g\u00f6r\u00fcr\u00fck, bilirik hans\u0131 \u00f6lk\u0259l\u0259r Erm\u0259nistana silah verm\u0259y\u0259 haz\u0131rla\u015f\u0131rlar. \u018ffsuslar olsun ki, onlar\u0131n aras\u0131nda Hindistan da indi rol al\u0131b. Biz bunu qeyri-dost add\u0131m kimi qiym\u0259tl\u0259ndiririk. \u00c7\u00fcnki bu silahlar\u0131n, \u00f6z\u00fc d\u0259 h\u00fccum silahlar\u0131n\u0131n bir h\u0259d\u0259fi var, o da Az\u0259rbaycand\u0131r. Biz laz\u0131mi t\u0259dbirl\u0259ri g\u00f6r\u00fcr\u00fck v\u0259 Erm\u0259nistan\u0131n bizim \u00fc\u00e7\u00fcn t\u0259hl\u00fck\u0259 yaratmas\u0131na he\u00e7 vaxt imkan ver\u0259 bilm\u0259rik.\u201d, &#8211; \u018fliyev bel\u0259 deyib.<\/p>\n","protected":false},"excerpt":{"rendered":"<p>\u201c\u018ffsuslar olsun ki, Erm\u0259nistana silah ver\u0259nl\u0259r aras\u0131nda indi Hindistan da &#8230; <\/p>\n<p class=\"read-more-container\"><a title=\"\u0130lham \u018fliyev: &#8220;\u018fmin\u0259m ki, \u00fc\u00e7\u00fcnc\u00fc m\u00fcharib\u0259 olmayacaq&#8221;\" class=\"read-more button\" href=\"https:\/\/www.meydan.tv\/az\/article\/ilham-eliyev-eminen-ki-ucuncu-muharibe-olmayacaq\/#more-265440\" aria-label=\"Read more about \u0130lham \u018fliyev: &#8220;\u018fmin\u0259m ki, \u00fc\u00e7\u00fcnc\u00fc m\u00fcharib\u0259 olmayacaq&#8221;\">Davam\u0131<\/a><\/p>\n","protected":false},"author":8,"featured_media":265434,"comment_status":"closed","ping_status":"closed","sticky":false,"template":"","format":"standard","meta":{"_acf_changed":false,"_sitemap_exclude":false,"_sitemap_priority":"","_sitemap_frequency":"","footnotes":""},"categories":[59,56],"tags":[],"class_list":["post-265440","post","type-post","status-publish","format-standard","has-post-thumbnail","hentry","category-siyaset","category-xeberler","infinite-scroll-item","generate-columns","tablet-grid-50","mobile-grid-100","grid-parent","grid-33","no-featured-image-padding"],"acf":[],"yoast_head":"<!-- This site is optimized with the Yoast SEO plugin v27.4 - https:\/\/yoast.com\/product\/yoast-seo-wordpress\/ -->\n<title>\u0130lham \u018fliyev: &quot;\u018fmin\u0259m ki, \u00fc\u00e7\u00fcnc\u00fc m\u00fcharib\u0259 olmayacaq&quot; - MEYDAN.TV<\/title>\n<meta name=\"robots\" content=\"index, follow, max-snippet:-1, max-image-preview:large, max-video-preview:-1\" \/>\n<link rel=\"canonical\" href=\"https:\/\/www.meydan.tv\/az\/article\/ilham-eliyev-eminen-ki-ucuncu-muharibe-olmayacaq\/\" \/>\n<meta property=\"og:locale\" content=\"az_AZ\" \/>\n<meta property=\"og:type\" content=\"article\" \/>\n<meta property=\"og:title\" content=\"\u0130lham \u018fliyev: &quot;\u018fmin\u0259m ki, \u00fc\u00e7\u00fcnc\u00fc m\u00fcharib\u0259 olmayacaq&quot; - MEYDAN.TV\" \/>\n<meta property=\"og:description\" content=\"\u201c\u018ffsuslar olsun ki, Erm\u0259nistana silah ver\u0259nl\u0259r aras\u0131nda indi Hindistan da ... Davam\u0131\" \/>\n<meta property=\"og:url\" content=\"https:\/\/www.meydan.tv\/az\/article\/ilham-eliyev-eminen-ki-ucuncu-muharibe-olmayacaq\/\" \/>\n<meta property=\"og:site_name\" content=\"MEYDAN.TV\" \/>\n<meta property=\"article:published_time\" content=\"2023-01-10T18:05:21+00:00\" \/>\n<meta property=\"article:modified_time\" content=\"2023-01-11T07:44:54+00:00\" \/>\n<meta property=\"og:image\" content=\"https:\/\/www.meydan.tv\/wp-content\/uploads\/1b6f3ee74c70dd5cd522f2361c7734a2_2977937.jpg\" \/>\n\t<meta property=\"og:image:width\" content=\"1200\" \/>\n\t<meta property=\"og:image:height\" content=\"608\" \/>\n\t<meta property=\"og:image:type\" content=\"image\/jpeg\" \/>\n<meta name=\"author\" content=\"elli\" \/>\n<meta name=\"twitter:card\" content=\"summary_large_image\" \/>\n<meta name=\"twitter:creator\" content=\"@elli\" \/>\n<script type=\"application\/ld+json\" class=\"yoast-schema-graph\">{\"@context\":\"https:\\\/\\\/schema.org\",\"@graph\":[{\"@type\":\"Article\",\"@id\":\"https:\\\/\\\/www.meydan.tv\\\/az\\\/article\\\/ilham-eliyev-eminen-ki-ucuncu-muharibe-olmayacaq\\\/#article\",\"isPartOf\":{\"@id\":\"https:\\\/\\\/www.meydan.tv\\\/az\\\/article\\\/ilham-eliyev-eminen-ki-ucuncu-muharibe-olmayacaq\\\/\"},\"author\":{\"name\":\"elli\",\"@id\":\"https:\\\/\\\/www.meydan.tv\\\/az\\\/#\\\/schema\\\/person\\\/9cdbecf90d17180ce1dfbd95b08dcf47\"},\"headline\":\"\u0130lham \u018fliyev: &#8220;\u018fmin\u0259m ki, \u00fc\u00e7\u00fcnc\u00fc m\u00fcharib\u0259 olmayacaq&#8221;\",\"datePublished\":\"2023-01-10T18:05:21+00:00\",\"dateModified\":\"2023-01-11T07:44:54+00:00\",\"mainEntityOfPage\":{\"@id\":\"https:\\\/\\\/www.meydan.tv\\\/az\\\/article\\\/ilham-eliyev-eminen-ki-ucuncu-muharibe-olmayacaq\\\/\"},\"wordCount\":1252,\"publisher\":{\"@id\":\"https:\\\/\\\/www.meydan.tv\\\/az\\\/#organization\"},\"image\":{\"@id\":\"https:\\\/\\\/www.meydan.tv\\\/az\\\/article\\\/ilham-eliyev-eminen-ki-ucuncu-muharibe-olmayacaq\\\/#primaryimage\"},\"thumbnailUrl\":\"https:\\\/\\\/www.meydan.tv\\\/wp-content\\\/uploads\\\/1b6f3ee74c70dd5cd522f2361c7734a2_2977937.jpg\",\"articleSection\":[\"Siyas\u0259t\",\"X\u0259b\u0259rl\u0259r\"],\"inLanguage\":\"az\"},{\"@type\":\"WebPage\",\"@id\":\"https:\\\/\\\/www.meydan.tv\\\/az\\\/article\\\/ilham-eliyev-eminen-ki-ucuncu-muharibe-olmayacaq\\\/\",\"url\":\"https:\\\/\\\/www.meydan.tv\\\/az\\\/article\\\/ilham-eliyev-eminen-ki-ucuncu-muharibe-olmayacaq\\\/\",\"name\":\"\u0130lham \u018fliyev: \\\"\u018fmin\u0259m ki, \u00fc\u00e7\u00fcnc\u00fc m\u00fcharib\u0259 olmayacaq\\\" - MEYDAN.TV\",\"isPartOf\":{\"@id\":\"https:\\\/\\\/www.meydan.tv\\\/az\\\/#website\"},\"primaryImageOfPage\":{\"@id\":\"https:\\\/\\\/www.meydan.tv\\\/az\\\/article\\\/ilham-eliyev-eminen-ki-ucuncu-muharibe-olmayacaq\\\/#primaryimage\"},\"image\":{\"@id\":\"https:\\\/\\\/www.meydan.tv\\\/az\\\/article\\\/ilham-eliyev-eminen-ki-ucuncu-muharibe-olmayacaq\\\/#primaryimage\"},\"thumbnailUrl\":\"https:\\\/\\\/www.meydan.tv\\\/wp-content\\\/uploads\\\/1b6f3ee74c70dd5cd522f2361c7734a2_2977937.jpg\",\"datePublished\":\"2023-01-10T18:05:21+00:00\",\"dateModified\":\"2023-01-11T07:44:54+00:00\",\"breadcrumb\":{\"@id\":\"https:\\\/\\\/www.meydan.tv\\\/az\\\/article\\\/ilham-eliyev-eminen-ki-ucuncu-muharibe-olmayacaq\\\/#breadcrumb\"},\"inLanguage\":\"az\",\"potentialAction\":[{\"@type\":\"ReadAction\",\"target\":[\"https:\\\/\\\/www.meydan.tv\\\/az\\\/article\\\/ilham-eliyev-eminen-ki-ucuncu-muharibe-olmayacaq\\\/\"]}]},{\"@type\":\"ImageObject\",\"inLanguage\":\"az\",\"@id\":\"https:\\\/\\\/www.meydan.tv\\\/az\\\/article\\\/ilham-eliyev-eminen-ki-ucuncu-muharibe-olmayacaq\\\/#primaryimage\",\"url\":\"https:\\\/\\\/www.meydan.tv\\\/wp-content\\\/uploads\\\/1b6f3ee74c70dd5cd522f2361c7734a2_2977937.jpg\",\"contentUrl\":\"https:\\\/\\\/www.meydan.tv\\\/wp-content\\\/uploads\\\/1b6f3ee74c70dd5cd522f2361c7734a2_2977937.jpg\",\"width\":1200,\"height\":608,\"caption\":\"Fotolar: president.az\"},{\"@type\":\"BreadcrumbList\",\"@id\":\"https:\\\/\\\/www.meydan.tv\\\/az\\\/article\\\/ilham-eliyev-eminen-ki-ucuncu-muharibe-olmayacaq\\\/#breadcrumb\",\"itemListElement\":[{\"@type\":\"ListItem\",\"position\":1,\"name\":\"Ana s\u0259hif\u0259\",\"item\":\"https:\\\/\\\/www.meydan.tv\\\/az\\\/\"},{\"@type\":\"ListItem\",\"position\":2,\"name\":\"Siyas\u0259t\",\"item\":\"https:\\\/\\\/www.meydan.tv\\\/az\\\/section\\\/siyaset\\\/\"},{\"@type\":\"ListItem\",\"position\":3,\"name\":\"\u0130lham \u018fliyev: &#8220;\u018fmin\u0259m ki, \u00fc\u00e7\u00fcnc\u00fc m\u00fcharib\u0259 olmayacaq&#8221;\"}]},{\"@type\":\"WebSite\",\"@id\":\"https:\\\/\\\/www.meydan.tv\\\/az\\\/#website\",\"url\":\"https:\\\/\\\/www.meydan.tv\\\/az\\\/\",\"name\":\"MEYDAN.TV\",\"description\":\"Meydan TV Az\u0259rbaycan\u0131n media m\u0259kan\u0131ndak\u0131 alternativ s\u0259sidir\",\"publisher\":{\"@id\":\"https:\\\/\\\/www.meydan.tv\\\/az\\\/#organization\"},\"potentialAction\":[{\"@type\":\"SearchAction\",\"target\":{\"@type\":\"EntryPoint\",\"urlTemplate\":\"https:\\\/\\\/www.meydan.tv\\\/az\\\/?s={search_term_string}\"},\"query-input\":{\"@type\":\"PropertyValueSpecification\",\"valueRequired\":true,\"valueName\":\"search_term_string\"}}],\"inLanguage\":\"az\"},{\"@type\":\"Organization\",\"@id\":\"https:\\\/\\\/www.meydan.tv\\\/az\\\/#organization\",\"name\":\"Meydan TV\",\"url\":\"https:\\\/\\\/www.meydan.tv\\\/az\\\/\",\"logo\":{\"@type\":\"ImageObject\",\"inLanguage\":\"az\",\"@id\":\"https:\\\/\\\/www.meydan.tv\\\/az\\\/#\\\/schema\\\/logo\\\/image\\\/\",\"url\":\"https:\\\/\\\/www.meydan.tv\\\/wp-content\\\/uploads\\\/2021\\\/07\\\/meydan-logo.svg\",\"contentUrl\":\"https:\\\/\\\/www.meydan.tv\\\/wp-content\\\/uploads\\\/2021\\\/07\\\/meydan-logo.svg\",\"width\":195,\"height\":46,\"caption\":\"Meydan TV\"},\"image\":{\"@id\":\"https:\\\/\\\/www.meydan.tv\\\/az\\\/#\\\/schema\\\/logo\\\/image\\\/\"}},{\"@type\":\"Person\",\"@id\":\"https:\\\/\\\/www.meydan.tv\\\/az\\\/#\\\/schema\\\/person\\\/9cdbecf90d17180ce1dfbd95b08dcf47\",\"name\":\"elli\",\"sameAs\":[\"https:\\\/\\\/x.com\\\/elli\"]}]}<\/script>\n<!-- \/ Yoast SEO plugin. -->","yoast_head_json":{"title":"\u0130lham \u018fliyev: \"\u018fmin\u0259m ki, \u00fc\u00e7\u00fcnc\u00fc m\u00fcharib\u0259 olmayacaq\" - MEYDAN.TV","robots":{"index":"index","follow":"follow","max-snippet":"max-snippet:-1","max-image-preview":"max-image-preview:large","max-video-preview":"max-video-preview:-1"},"canonical":"https:\/\/www.meydan.tv\/az\/article\/ilham-eliyev-eminen-ki-ucuncu-muharibe-olmayacaq\/","og_locale":"az_AZ","og_type":"article","og_title":"\u0130lham \u018fliyev: \"\u018fmin\u0259m ki, \u00fc\u00e7\u00fcnc\u00fc m\u00fcharib\u0259 olmayacaq\" - MEYDAN.TV","og_description":"\u201c\u018ffsuslar olsun ki, Erm\u0259nistana silah ver\u0259nl\u0259r aras\u0131nda indi Hindistan da ... Davam\u0131","og_url":"https:\/\/www.meydan.tv\/az\/article\/ilham-eliyev-eminen-ki-ucuncu-muharibe-olmayacaq\/","og_site_name":"MEYDAN.TV","article_published_time":"2023-01-10T18:05:21+00:00","article_modified_time":"2023-01-11T07:44:54+00:00","og_image":[{"width":1200,"height":608,"url":"https:\/\/www.meydan.tv\/wp-content\/uploads\/1b6f3ee74c70dd5cd522f2361c7734a2_2977937.jpg","type":"image\/jpeg"}],"author":"elli","twitter_card":"summary_large_image","twitter_creator":"@elli","schema":{"@context":"https:\/\/schema.org","@graph":[{"@type":"Article","@id":"https:\/\/www.meydan.tv\/az\/article\/ilham-eliyev-eminen-ki-ucuncu-muharibe-olmayacaq\/#article","isPartOf":{"@id":"https:\/\/www.meydan.tv\/az\/article\/ilham-eliyev-eminen-ki-ucuncu-muharibe-olmayacaq\/"},"author":{"name":"elli","@id":"https:\/\/www.meydan.tv\/az\/#\/schema\/person\/9cdbecf90d17180ce1dfbd95b08dcf47"},"headline":"\u0130lham \u018fliyev: &#8220;\u018fmin\u0259m ki, \u00fc\u00e7\u00fcnc\u00fc m\u00fcharib\u0259 olmayacaq&#8221;","datePublished":"2023-01-10T18:05:21+00:00","dateModified":"2023-01-11T07:44:54+00:00","mainEntityOfPage":{"@id":"https:\/\/www.meydan.tv\/az\/article\/ilham-eliyev-eminen-ki-ucuncu-muharibe-olmayacaq\/"},"wordCount":1252,"publisher":{"@id":"https:\/\/www.meydan.tv\/az\/#organization"},"image":{"@id":"https:\/\/www.meydan.tv\/az\/article\/ilham-eliyev-eminen-ki-ucuncu-muharibe-olmayacaq\/#primaryimage"},"thumbnailUrl":"https:\/\/www.meydan.tv\/wp-content\/uploads\/1b6f3ee74c70dd5cd522f2361c7734a2_2977937.jpg","articleSection":["Siyas\u0259t","X\u0259b\u0259rl\u0259r"],"inLanguage":"az"},{"@type":"WebPage","@id":"https:\/\/www.meydan.tv\/az\/article\/ilham-eliyev-eminen-ki-ucuncu-muharibe-olmayacaq\/","url":"https:\/\/www.meydan.tv\/az\/article\/ilham-eliyev-eminen-ki-ucuncu-muharibe-olmayacaq\/","name":"\u0130lham \u018fliyev: \"\u018fmin\u0259m ki, \u00fc\u00e7\u00fcnc\u00fc m\u00fcharib\u0259 olmayacaq\" - MEYDAN.TV","isPartOf":{"@id":"https:\/\/www.meydan.tv\/az\/#website"},"primaryImageOfPage":{"@id":"https:\/\/www.meydan.tv\/az\/article\/ilham-eliyev-eminen-ki-ucuncu-muharibe-olmayacaq\/#primaryimage"},"image":{"@id":"https:\/\/www.meydan.tv\/az\/article\/ilham-eliyev-eminen-ki-ucuncu-muharibe-olmayacaq\/#primaryimage"},"thumbnailUrl":"https:\/\/www.meydan.tv\/wp-content\/uploads\/1b6f3ee74c70dd5cd522f2361c7734a2_2977937.jpg","datePublished":"2023-01-10T18:05:21+00:00","dateModified":"2023-01-11T07:44:54+00:00","breadcrumb":{"@id":"https:\/\/www.meydan.tv\/az\/article\/ilham-eliyev-eminen-ki-ucuncu-muharibe-olmayacaq\/#breadcrumb"},"inLanguage":"az","potentialAction":[{"@type":"ReadAction","target":["https:\/\/www.meydan.tv\/az\/article\/ilham-eliyev-eminen-ki-ucuncu-muharibe-olmayacaq\/"]}]},{"@type":"ImageObject","inLanguage":"az","@id":"https:\/\/www.meydan.tv\/az\/article\/ilham-eliyev-eminen-ki-ucuncu-muharibe-olmayacaq\/#primaryimage","url":"https:\/\/www.meydan.tv\/wp-content\/uploads\/1b6f3ee74c70dd5cd522f2361c7734a2_2977937.jpg","contentUrl":"https:\/\/www.meydan.tv\/wp-content\/uploads\/1b6f3ee74c70dd5cd522f2361c7734a2_2977937.jpg","width":1200,"height":608,"caption":"Fotolar: president.az"},{"@type":"BreadcrumbList","@id":"https:\/\/www.meydan.tv\/az\/article\/ilham-eliyev-eminen-ki-ucuncu-muharibe-olmayacaq\/#breadcrumb","itemListElement":[{"@type":"ListItem","position":1,"name":"Ana s\u0259hif\u0259","item":"https:\/\/www.meydan.tv\/az\/"},{"@type":"ListItem","position":2,"name":"Siyas\u0259t","item":"https:\/\/www.meydan.tv\/az\/section\/siyaset\/"},{"@type":"ListItem","position":3,"name":"\u0130lham \u018fliyev: &#8220;\u018fmin\u0259m ki, \u00fc\u00e7\u00fcnc\u00fc m\u00fcharib\u0259 olmayacaq&#8221;"}]},{"@type":"WebSite","@id":"https:\/\/www.meydan.tv\/az\/#website","url":"https:\/\/www.meydan.tv\/az\/","name":"MEYDAN.TV","description":"Meydan TV Az\u0259rbaycan\u0131n media m\u0259kan\u0131ndak\u0131 alternativ s\u0259sidir","publisher":{"@id":"https:\/\/www.meydan.tv\/az\/#organization"},"potentialAction":[{"@type":"SearchAction","target":{"@type":"EntryPoint","urlTemplate":"https:\/\/www.meydan.tv\/az\/?s={search_term_string}"},"query-input":{"@type":"PropertyValueSpecification","valueRequired":true,"valueName":"search_term_string"}}],"inLanguage":"az"},{"@type":"Organization","@id":"https:\/\/www.meydan.tv\/az\/#organization","name":"Meydan TV","url":"https:\/\/www.meydan.tv\/az\/","logo":{"@type":"ImageObject","inLanguage":"az","@id":"https:\/\/www.meydan.tv\/az\/#\/schema\/logo\/image\/","url":"https:\/\/www.meydan.tv\/wp-content\/uploads\/2021\/07\/meydan-logo.svg","contentUrl":"https:\/\/www.meydan.tv\/wp-content\/uploads\/2021\/07\/meydan-logo.svg","width":195,"height":46,"caption":"Meydan TV"},"image":{"@id":"https:\/\/www.meydan.tv\/az\/#\/schema\/logo\/image\/"}},{"@type":"Person","@id":"https:\/\/www.meydan.tv\/az\/#\/schema\/person\/9cdbecf90d17180ce1dfbd95b08dcf47","name":"elli","sameAs":["https:\/\/x.com\/elli"]}]}},"_links":{"self":[{"href":"https:\/\/www.meydan.tv\/az\/wp-json\/wp\/v2\/posts\/265440","targetHints":{"allow":["GET"]}}],"collection":[{"href":"https:\/\/www.meydan.tv\/az\/wp-json\/wp\/v2\/posts"}],"about":[{"href":"https:\/\/www.meydan.tv\/az\/wp-json\/wp\/v2\/types\/post"}],"author":[{"embeddable":true,"href":"https:\/\/www.meydan.tv\/az\/wp-json\/wp\/v2\/users\/8"}],"replies":[{"embeddable":true,"href":"https:\/\/www.meydan.tv\/az\/wp-json\/wp\/v2\/comments?post=265440"}],"version-history":[{"count":4,"href":"https:\/\/www.meydan.tv\/az\/wp-json\/wp\/v2\/posts\/265440\/revisions"}],"predecessor-version":[{"id":265456,"href":"https:\/\/www.meydan.tv\/az\/wp-json\/wp\/v2\/posts\/265440\/revisions\/265456"}],"wp:featuredmedia":[{"embeddable":true,"href":"https:\/\/www.meydan.tv\/az\/wp-json\/wp\/v2\/media\/265434"}],"wp:attachment":[{"href":"https:\/\/www.meydan.tv\/az\/wp-json\/wp\/v2\/media?parent=265440"}],"wp:term":[{"taxonomy":"category","embeddable":true,"href":"https:\/\/www.meydan.tv\/az\/wp-json\/wp\/v2\/categories?post=265440"},{"taxonomy":"post_tag","embeddable":true,"href":"https:\/\/www.meydan.tv\/az\/wp-json\/wp\/v2\/tags?post=265440"}],"curies":[{"name":"wp","href":"https:\/\/api.w.org\/{rel}","templated":true}]}}