{"id":265397,"date":"2023-01-10T17:06:24","date_gmt":"2023-01-10T13:06:24","guid":{"rendered":"https:\/\/www.meydan.tv\/?p=265397"},"modified":"2023-01-10T17:13:32","modified_gmt":"2023-01-10T13:13:32","slug":"itv-eurovisionnun-milli-secim-turunun-vaxtini-uzadib","status":"publish","type":"post","link":"https:\/\/www.meydan.tv\/az\/article\/itv-eurovisionnun-milli-secim-turunun-vaxtini-uzadib\/","title":{"rendered":"\u0130TV\u00a0\u201cEurovision\u201dnun milli se\u00e7im turunun vaxt\u0131n\u0131 uzad\u0131b"},"content":{"rendered":"\n<p><\/p>\n\n\n\n<p><em>Q\u0259rar\u0131n \u00e7oxsayl\u0131 m\u00fcraci\u0259tl\u0259ri n\u0259z\u0259r\u0259 alaraq verildiyi bildirilir<\/em><\/p>\n\n\n\n<p>\u201cEurovision 2023\u201d Beyn\u0259lxalq Musiqi M\u00fcsabiq\u0259sinin Az\u0259rbaycan \u00fczr\u0259 se\u00e7im turlar\u0131n\u0131n vaxt\u0131 uzad\u0131l\u0131b.<\/p>\n\n\n\n<p>Bu haqda m\u00fcsabiq\u0259nin Az\u0259rbaycanda r\u0259smi yay\u0131m\u00e7\u0131s\u0131 \u0130ctimai Televiziya v\u0259 Radio Yay\u0131mlar\u0131 \u015eirk\u0259ti (\u0130TV) m\u0259lumat <a href=\"https:\/\/www.facebook.com\/ictimaitv\/photos\/a.1033006160152682\/5792897644163486\/\" target=\"_blank\" rel=\"noreferrer noopener\">yay\u0131b<\/a>.<\/p>\n\n\n\n<p>Bildirilir ki, q\u0259rar ifa\u00e7\u0131 v\u0259 mahn\u0131 se\u00e7imi \u00fc\u00e7\u00fcn \u00e7oxsayl\u0131 m\u00fcraci\u0259tl\u0259ri n\u0259z\u0259r\u0259 alaraq verilib.<\/p>\n\n\n\n<p>Se\u00e7iml\u0259rd\u0259 i\u015ftirak etm\u0259k ist\u0259y\u0259n Az\u0259rbaycan ifa\u00e7\u0131lar\u0131 v\u0259 b\u0259st\u0259karlar\u0131 15 yanvar saat 22:00-d\u0259k \u00f6z ifalar\u0131n\u0131, demo \u015f\u0259klind\u0259 b\u0259st\u0259l\u0259diyi mahn\u0131lar\u0131n\u0131, yaxud \u00f6z ifas\u0131nda olan v\u0259 \u201cEurovision\u201d \u00fc\u00e7\u00fcn haz\u0131rlanm\u0131\u015f yeni mahn\u0131lar\u0131n\u0131 &#8220;<a target=\"_blank\" href=\"mailto:song@eurovision.az\" rel=\"noreferrer noopener\">song@eurovision.az<\/a>&#8221; elektron \u00fcnvan\u0131na g\u00f6nd\u0259rm\u0259lidirl\u0259r.<\/p>\n\n\n\n<p>G\u00f6nd\u0259ril\u0259c\u0259k mahn\u0131lar\u0131n demo versiyalar\u0131 tam haz\u0131r (s\u00f6zl\u0259r, ifa, xronometraj) v\u0259 \u201cEurovision\u201d mahn\u0131 m\u00fcsabiq\u0259sinin qaydalar\u0131na uy\u011fun olmal\u0131d\u0131r.<\/p>\n\n\n\n<p>Avropa Yay\u0131m Birliyinin (EBU) qaydalar\u0131na \u0259sas\u0259n, mahn\u0131n\u0131n xronometraj\u0131 3 d\u0259qiq\u0259d\u0259n \u00e7ox olmamal\u0131d\u0131r.<\/p>\n\n\n\n<p>Mahn\u0131 2022-ci il sentyabr\u0131n 1-d\u0259n \u0259vv\u0259l kommersiya m\u0259qs\u0259di il\u0259 burax\u0131lmamal\u0131, ictimai resurslarda v\u0259 K\u0130V-d\u0259 (televiziya, radio v\u0259 ya internet vasit\u0259sil\u0259) yay\u0131mlanmamal\u0131d\u0131r.<br>Se\u00e7iml\u0259rd\u0259 i\u015ftirak ed\u0259c\u0259k h\u0259r k\u0259s \u00f6z\u00fc haqq\u0131nda q\u0131sa m\u0259lumat t\u0259qdim etm\u0259lidir.<\/p>\n\n\n<div class=\"wp-block-image\">\n<figure class=\"alignleft size-full is-resized\"><img decoding=\"async\" data-src=\"https:\/\/www.meydan.tv\/wp-content\/uploads\/shutterstock_1643769724.jpg\" alt=\"\" class=\"wp-image-236083 lazyload\" width=\"410\" height=\"272\" src=\"data:image\/svg+xml;base64,PHN2ZyB3aWR0aD0iMSIgaGVpZ2h0PSIxIiB4bWxucz0iaHR0cDovL3d3dy53My5vcmcvMjAwMC9zdmciPjwvc3ZnPg==\" style=\"--smush-placeholder-width: 410px; --smush-placeholder-aspect-ratio: 410\/272;\" \/><figcaption class=\"wp-element-caption\"> \u201cEurovision\u201d. M\u0259nb\u0259: Review News\/shutterstock<\/figcaption><\/figure>\n<\/div>\n\n\n<p>2022-ci il may\u0131n 10-dan 14-d\u0259k \u0130taliyan\u0131n Turin \u015f\u0259h\u0259rind\u0259 \u201cEurovision 2022\u201d Beyn\u0259lxalq Musiqi M\u00fcsabiq\u0259si ke\u00e7irilib.<\/p>\n\n\n\n<p>\u00dcmumilikd\u0259 25 \u00f6lk\u0259nin i\u015ftirak etdiyi yar\u0131\u015fman\u0131n final m\u0259rh\u0259l\u0259sind\u0259 631 s\u0259sl\u0259 Ukrayna (\u201cKalush Orchestra\u201d \u2013 \u201cStefania\u201d) qalib olub.<\/p>\n\n\n\n<p>B\u00f6y\u00fck Britaniya (Sam Ryder \u2013 \u201cSpace Man\u201d) ikinci, \u0130spaniya is\u0259 (Chanel \u2013 \u201cSloMo\u201d) \u00fc\u00e7\u00fcnc\u00fc olub.<\/p>\n\n\n\n<p>Az\u0259rbaycan\u0131 \u201cFade to black\u201d mahn\u0131s\u0131 il\u0259 t\u0259msil ed\u0259n Nadir R\u00fcst\u0259mli \u00fcmumilikd\u0259 103 xal toplayaraq, 16-c\u0131 yerd\u0259 q\u0259rarla\u015f\u0131b.<\/p>\n\n\n\n<p>Avropa Yay\u0131m Birliyi haz\u0131rda davam ed\u0259n h\u0259rbi \u0259m\u0259liyyatlarla \u0259laq\u0259dar m\u00fcsabiq\u0259nin Ukraynada deyil, yar\u0131\u015fman\u0131n ikincisi olmu\u015f \u00f6lk\u0259nin \u2013 B\u00f6y\u00fck Britaniyan\u0131n Liverpul \u015f\u0259h\u0259rind\u0259 ke\u00e7irilm\u0259sin\u0259 q\u0259rar verib.<\/p>\n\n\n\n<p>M\u00fcsabiq\u0259 bu il 9, 11 v\u0259 13 may tarixl\u0259rind\u0259 ke\u00e7iril\u0259c\u0259k.<\/p>\n\n\n\n<p>\u201cEurovision\u201d maliyy\u0259 \u00e7at\u0131\u015fmazl\u0131\u011f\u0131 s\u0259b\u0259bind\u0259n qaydalar\u0131 d\u0259yi\u015fib.<\/p>\n\n\n\n<p>Bundan sonra yar\u0131mfinal i\u015ftirak\u00e7\u0131lar\u0131n\u0131n taleyini pullu s\u0259sverm\u0259 il\u0259 ist\u0259nil\u0259n \u00f6lk\u0259nin tama\u015fa\u00e7\u0131lar\u0131 h\u0259ll <a href=\"https:\/\/d9mc3ts4czbpr.cloudfront.net\/az\/article\/eurovision-maliyye-catismazligi-sebebinden-qaydalari-deyisir\/\" target=\"_blank\" rel=\"noreferrer noopener\">ed\u0259c\u0259k<\/a>.<\/p>\n\n\n\n<p>Az\u0259rbaycan \u0130ctimai Telelvizya v\u0259 Radio Yay\u0131mlar\u0131 \u015eirk\u0259ti 2007-ci ild\u0259n Avropa Yay\u0131m \u0130ttifaq\u0131n\u0131n \u00fczv\u00fcd\u00fcr.<\/p>\n\n\n\n<p>Az\u0259rbaycan 2008-ci ild\u0259n \u201cEurovision\u201d mahn\u0131 m\u00fcsabiq\u0259sind\u0259 i\u015ftirak edir.<\/p>\n","protected":false},"excerpt":{"rendered":"<p>Q\u0259rar\u0131n \u00e7oxsayl\u0131 m\u00fcraci\u0259tl\u0259ri n\u0259z\u0259r\u0259 alaraq verildiyi bildirilir \u201cEurovision 2023\u201d Beyn\u0259lxalq &#8230; <\/p>\n<p class=\"read-more-container\"><a title=\"\u0130TV\u00a0\u201cEurovision\u201dnun milli se\u00e7im turunun vaxt\u0131n\u0131 uzad\u0131b\" class=\"read-more button\" href=\"https:\/\/www.meydan.tv\/az\/article\/itv-eurovisionnun-milli-secim-turunun-vaxtini-uzadib\/#more-265397\" aria-label=\"Read more about \u0130TV\u00a0\u201cEurovision\u201dnun milli se\u00e7im turunun vaxt\u0131n\u0131 uzad\u0131b\">Davam\u0131<\/a><\/p>\n","protected":false},"author":8,"featured_media":59710,"comment_status":"closed","ping_status":"closed","sticky":false,"template":"","format":"standard","meta":{"_acf_changed":false,"_sitemap_exclude":false,"_sitemap_priority":"","_sitemap_frequency":"","footnotes":""},"categories":[52,56],"tags":[],"class_list":["post-265397","post","type-post","status-publish","format-standard","has-post-thumbnail","hentry","category-medeniyyet","category-xeberler","infinite-scroll-item","generate-columns","tablet-grid-50","mobile-grid-100","grid-parent","grid-33","no-featured-image-padding"],"acf":[],"yoast_head":"<!-- This site is optimized with the Yoast SEO plugin v27.4 - https:\/\/yoast.com\/product\/yoast-seo-wordpress\/ -->\n<title>\u0130TV\u00a0\u201cEurovision\u201dnun milli se\u00e7im turunun vaxt\u0131n\u0131 uzad\u0131b - MEYDAN.TV<\/title>\n<meta name=\"robots\" content=\"index, follow, max-snippet:-1, max-image-preview:large, max-video-preview:-1\" \/>\n<link rel=\"canonical\" href=\"https:\/\/www.meydan.tv\/az\/article\/itv-eurovisionnun-milli-secim-turunun-vaxtini-uzadib\/\" \/>\n<meta property=\"og:locale\" content=\"az_AZ\" \/>\n<meta property=\"og:type\" content=\"article\" \/>\n<meta property=\"og:title\" content=\"\u0130TV\u00a0\u201cEurovision\u201dnun milli se\u00e7im turunun vaxt\u0131n\u0131 uzad\u0131b - MEYDAN.TV\" \/>\n<meta property=\"og:description\" content=\"Q\u0259rar\u0131n \u00e7oxsayl\u0131 m\u00fcraci\u0259tl\u0259ri n\u0259z\u0259r\u0259 alaraq verildiyi bildirilir \u201cEurovision 2023\u201d Beyn\u0259lxalq ... Davam\u0131\" \/>\n<meta property=\"og:url\" content=\"https:\/\/www.meydan.tv\/az\/article\/itv-eurovisionnun-milli-secim-turunun-vaxtini-uzadib\/\" \/>\n<meta property=\"og:site_name\" content=\"MEYDAN.TV\" \/>\n<meta property=\"article:published_time\" content=\"2023-01-10T13:06:24+00:00\" \/>\n<meta property=\"article:modified_time\" content=\"2023-01-10T13:13:32+00:00\" \/>\n<meta property=\"og:image\" content=\"https:\/\/www.meydan.tv\/wp-content\/uploads\/22682.jpg\" \/>\n\t<meta property=\"og:image:width\" content=\"2394\" \/>\n\t<meta property=\"og:image:height\" content=\"1624\" \/>\n\t<meta property=\"og:image:type\" content=\"image\/jpeg\" \/>\n<meta name=\"author\" content=\"elli\" \/>\n<meta name=\"twitter:card\" content=\"summary_large_image\" \/>\n<meta name=\"twitter:creator\" content=\"@elli\" \/>\n<script type=\"application\/ld+json\" class=\"yoast-schema-graph\">{\"@context\":\"https:\\\/\\\/schema.org\",\"@graph\":[{\"@type\":\"Article\",\"@id\":\"https:\\\/\\\/www.meydan.tv\\\/az\\\/article\\\/itv-eurovisionnun-milli-secim-turunun-vaxtini-uzadib\\\/#article\",\"isPartOf\":{\"@id\":\"https:\\\/\\\/www.meydan.tv\\\/az\\\/article\\\/itv-eurovisionnun-milli-secim-turunun-vaxtini-uzadib\\\/\"},\"author\":{\"name\":\"elli\",\"@id\":\"https:\\\/\\\/www.meydan.tv\\\/az\\\/#\\\/schema\\\/person\\\/9cdbecf90d17180ce1dfbd95b08dcf47\"},\"headline\":\"\u0130TV\u00a0\u201cEurovision\u201dnun milli se\u00e7im turunun vaxt\u0131n\u0131 uzad\u0131b\",\"datePublished\":\"2023-01-10T13:06:24+00:00\",\"dateModified\":\"2023-01-10T13:13:32+00:00\",\"mainEntityOfPage\":{\"@id\":\"https:\\\/\\\/www.meydan.tv\\\/az\\\/article\\\/itv-eurovisionnun-milli-secim-turunun-vaxtini-uzadib\\\/\"},\"wordCount\":470,\"publisher\":{\"@id\":\"https:\\\/\\\/www.meydan.tv\\\/az\\\/#organization\"},\"image\":{\"@id\":\"https:\\\/\\\/www.meydan.tv\\\/az\\\/article\\\/itv-eurovisionnun-milli-secim-turunun-vaxtini-uzadib\\\/#primaryimage\"},\"thumbnailUrl\":\"https:\\\/\\\/www.meydan.tv\\\/wp-content\\\/uploads\\\/22682.jpg\",\"articleSection\":[\"M\u0259d\u0259niyy\u0259t\",\"X\u0259b\u0259rl\u0259r\"],\"inLanguage\":\"az\"},{\"@type\":\"WebPage\",\"@id\":\"https:\\\/\\\/www.meydan.tv\\\/az\\\/article\\\/itv-eurovisionnun-milli-secim-turunun-vaxtini-uzadib\\\/\",\"url\":\"https:\\\/\\\/www.meydan.tv\\\/az\\\/article\\\/itv-eurovisionnun-milli-secim-turunun-vaxtini-uzadib\\\/\",\"name\":\"\u0130TV\u00a0\u201cEurovision\u201dnun milli se\u00e7im turunun vaxt\u0131n\u0131 uzad\u0131b - MEYDAN.TV\",\"isPartOf\":{\"@id\":\"https:\\\/\\\/www.meydan.tv\\\/az\\\/#website\"},\"primaryImageOfPage\":{\"@id\":\"https:\\\/\\\/www.meydan.tv\\\/az\\\/article\\\/itv-eurovisionnun-milli-secim-turunun-vaxtini-uzadib\\\/#primaryimage\"},\"image\":{\"@id\":\"https:\\\/\\\/www.meydan.tv\\\/az\\\/article\\\/itv-eurovisionnun-milli-secim-turunun-vaxtini-uzadib\\\/#primaryimage\"},\"thumbnailUrl\":\"https:\\\/\\\/www.meydan.tv\\\/wp-content\\\/uploads\\\/22682.jpg\",\"datePublished\":\"2023-01-10T13:06:24+00:00\",\"dateModified\":\"2023-01-10T13:13:32+00:00\",\"breadcrumb\":{\"@id\":\"https:\\\/\\\/www.meydan.tv\\\/az\\\/article\\\/itv-eurovisionnun-milli-secim-turunun-vaxtini-uzadib\\\/#breadcrumb\"},\"inLanguage\":\"az\",\"potentialAction\":[{\"@type\":\"ReadAction\",\"target\":[\"https:\\\/\\\/www.meydan.tv\\\/az\\\/article\\\/itv-eurovisionnun-milli-secim-turunun-vaxtini-uzadib\\\/\"]}]},{\"@type\":\"ImageObject\",\"inLanguage\":\"az\",\"@id\":\"https:\\\/\\\/www.meydan.tv\\\/az\\\/article\\\/itv-eurovisionnun-milli-secim-turunun-vaxtini-uzadib\\\/#primaryimage\",\"url\":\"https:\\\/\\\/www.meydan.tv\\\/wp-content\\\/uploads\\\/22682.jpg\",\"contentUrl\":\"https:\\\/\\\/www.meydan.tv\\\/wp-content\\\/uploads\\\/22682.jpg\",\"width\":2394,\"height\":1624,\"caption\":\"Foto: \u0130TV\"},{\"@type\":\"BreadcrumbList\",\"@id\":\"https:\\\/\\\/www.meydan.tv\\\/az\\\/article\\\/itv-eurovisionnun-milli-secim-turunun-vaxtini-uzadib\\\/#breadcrumb\",\"itemListElement\":[{\"@type\":\"ListItem\",\"position\":1,\"name\":\"Ana s\u0259hif\u0259\",\"item\":\"https:\\\/\\\/www.meydan.tv\\\/az\\\/\"},{\"@type\":\"ListItem\",\"position\":2,\"name\":\"M\u0259d\u0259niyy\u0259t\",\"item\":\"https:\\\/\\\/www.meydan.tv\\\/az\\\/section\\\/medeniyyet\\\/\"},{\"@type\":\"ListItem\",\"position\":3,\"name\":\"\u0130TV\u00a0\u201cEurovision\u201dnun milli se\u00e7im turunun vaxt\u0131n\u0131 uzad\u0131b\"}]},{\"@type\":\"WebSite\",\"@id\":\"https:\\\/\\\/www.meydan.tv\\\/az\\\/#website\",\"url\":\"https:\\\/\\\/www.meydan.tv\\\/az\\\/\",\"name\":\"MEYDAN.TV\",\"description\":\"Meydan TV Az\u0259rbaycan\u0131n media m\u0259kan\u0131ndak\u0131 alternativ s\u0259sidir\",\"publisher\":{\"@id\":\"https:\\\/\\\/www.meydan.tv\\\/az\\\/#organization\"},\"potentialAction\":[{\"@type\":\"SearchAction\",\"target\":{\"@type\":\"EntryPoint\",\"urlTemplate\":\"https:\\\/\\\/www.meydan.tv\\\/az\\\/?s={search_term_string}\"},\"query-input\":{\"@type\":\"PropertyValueSpecification\",\"valueRequired\":true,\"valueName\":\"search_term_string\"}}],\"inLanguage\":\"az\"},{\"@type\":\"Organization\",\"@id\":\"https:\\\/\\\/www.meydan.tv\\\/az\\\/#organization\",\"name\":\"Meydan TV\",\"url\":\"https:\\\/\\\/www.meydan.tv\\\/az\\\/\",\"logo\":{\"@type\":\"ImageObject\",\"inLanguage\":\"az\",\"@id\":\"https:\\\/\\\/www.meydan.tv\\\/az\\\/#\\\/schema\\\/logo\\\/image\\\/\",\"url\":\"https:\\\/\\\/www.meydan.tv\\\/wp-content\\\/uploads\\\/2021\\\/07\\\/meydan-logo.svg\",\"contentUrl\":\"https:\\\/\\\/www.meydan.tv\\\/wp-content\\\/uploads\\\/2021\\\/07\\\/meydan-logo.svg\",\"width\":195,\"height\":46,\"caption\":\"Meydan TV\"},\"image\":{\"@id\":\"https:\\\/\\\/www.meydan.tv\\\/az\\\/#\\\/schema\\\/logo\\\/image\\\/\"}},{\"@type\":\"Person\",\"@id\":\"https:\\\/\\\/www.meydan.tv\\\/az\\\/#\\\/schema\\\/person\\\/9cdbecf90d17180ce1dfbd95b08dcf47\",\"name\":\"elli\",\"sameAs\":[\"https:\\\/\\\/x.com\\\/elli\"]}]}<\/script>\n<!-- \/ Yoast SEO plugin. -->","yoast_head_json":{"title":"\u0130TV\u00a0\u201cEurovision\u201dnun milli se\u00e7im turunun vaxt\u0131n\u0131 uzad\u0131b - MEYDAN.TV","robots":{"index":"index","follow":"follow","max-snippet":"max-snippet:-1","max-image-preview":"max-image-preview:large","max-video-preview":"max-video-preview:-1"},"canonical":"https:\/\/www.meydan.tv\/az\/article\/itv-eurovisionnun-milli-secim-turunun-vaxtini-uzadib\/","og_locale":"az_AZ","og_type":"article","og_title":"\u0130TV\u00a0\u201cEurovision\u201dnun milli se\u00e7im turunun vaxt\u0131n\u0131 uzad\u0131b - MEYDAN.TV","og_description":"Q\u0259rar\u0131n \u00e7oxsayl\u0131 m\u00fcraci\u0259tl\u0259ri n\u0259z\u0259r\u0259 alaraq verildiyi bildirilir \u201cEurovision 2023\u201d Beyn\u0259lxalq ... Davam\u0131","og_url":"https:\/\/www.meydan.tv\/az\/article\/itv-eurovisionnun-milli-secim-turunun-vaxtini-uzadib\/","og_site_name":"MEYDAN.TV","article_published_time":"2023-01-10T13:06:24+00:00","article_modified_time":"2023-01-10T13:13:32+00:00","og_image":[{"width":2394,"height":1624,"url":"https:\/\/www.meydan.tv\/wp-content\/uploads\/22682.jpg","type":"image\/jpeg"}],"author":"elli","twitter_card":"summary_large_image","twitter_creator":"@elli","schema":{"@context":"https:\/\/schema.org","@graph":[{"@type":"Article","@id":"https:\/\/www.meydan.tv\/az\/article\/itv-eurovisionnun-milli-secim-turunun-vaxtini-uzadib\/#article","isPartOf":{"@id":"https:\/\/www.meydan.tv\/az\/article\/itv-eurovisionnun-milli-secim-turunun-vaxtini-uzadib\/"},"author":{"name":"elli","@id":"https:\/\/www.meydan.tv\/az\/#\/schema\/person\/9cdbecf90d17180ce1dfbd95b08dcf47"},"headline":"\u0130TV\u00a0\u201cEurovision\u201dnun milli se\u00e7im turunun vaxt\u0131n\u0131 uzad\u0131b","datePublished":"2023-01-10T13:06:24+00:00","dateModified":"2023-01-10T13:13:32+00:00","mainEntityOfPage":{"@id":"https:\/\/www.meydan.tv\/az\/article\/itv-eurovisionnun-milli-secim-turunun-vaxtini-uzadib\/"},"wordCount":470,"publisher":{"@id":"https:\/\/www.meydan.tv\/az\/#organization"},"image":{"@id":"https:\/\/www.meydan.tv\/az\/article\/itv-eurovisionnun-milli-secim-turunun-vaxtini-uzadib\/#primaryimage"},"thumbnailUrl":"https:\/\/www.meydan.tv\/wp-content\/uploads\/22682.jpg","articleSection":["M\u0259d\u0259niyy\u0259t","X\u0259b\u0259rl\u0259r"],"inLanguage":"az"},{"@type":"WebPage","@id":"https:\/\/www.meydan.tv\/az\/article\/itv-eurovisionnun-milli-secim-turunun-vaxtini-uzadib\/","url":"https:\/\/www.meydan.tv\/az\/article\/itv-eurovisionnun-milli-secim-turunun-vaxtini-uzadib\/","name":"\u0130TV\u00a0\u201cEurovision\u201dnun milli se\u00e7im turunun vaxt\u0131n\u0131 uzad\u0131b - MEYDAN.TV","isPartOf":{"@id":"https:\/\/www.meydan.tv\/az\/#website"},"primaryImageOfPage":{"@id":"https:\/\/www.meydan.tv\/az\/article\/itv-eurovisionnun-milli-secim-turunun-vaxtini-uzadib\/#primaryimage"},"image":{"@id":"https:\/\/www.meydan.tv\/az\/article\/itv-eurovisionnun-milli-secim-turunun-vaxtini-uzadib\/#primaryimage"},"thumbnailUrl":"https:\/\/www.meydan.tv\/wp-content\/uploads\/22682.jpg","datePublished":"2023-01-10T13:06:24+00:00","dateModified":"2023-01-10T13:13:32+00:00","breadcrumb":{"@id":"https:\/\/www.meydan.tv\/az\/article\/itv-eurovisionnun-milli-secim-turunun-vaxtini-uzadib\/#breadcrumb"},"inLanguage":"az","potentialAction":[{"@type":"ReadAction","target":["https:\/\/www.meydan.tv\/az\/article\/itv-eurovisionnun-milli-secim-turunun-vaxtini-uzadib\/"]}]},{"@type":"ImageObject","inLanguage":"az","@id":"https:\/\/www.meydan.tv\/az\/article\/itv-eurovisionnun-milli-secim-turunun-vaxtini-uzadib\/#primaryimage","url":"https:\/\/www.meydan.tv\/wp-content\/uploads\/22682.jpg","contentUrl":"https:\/\/www.meydan.tv\/wp-content\/uploads\/22682.jpg","width":2394,"height":1624,"caption":"Foto: \u0130TV"},{"@type":"BreadcrumbList","@id":"https:\/\/www.meydan.tv\/az\/article\/itv-eurovisionnun-milli-secim-turunun-vaxtini-uzadib\/#breadcrumb","itemListElement":[{"@type":"ListItem","position":1,"name":"Ana s\u0259hif\u0259","item":"https:\/\/www.meydan.tv\/az\/"},{"@type":"ListItem","position":2,"name":"M\u0259d\u0259niyy\u0259t","item":"https:\/\/www.meydan.tv\/az\/section\/medeniyyet\/"},{"@type":"ListItem","position":3,"name":"\u0130TV\u00a0\u201cEurovision\u201dnun milli se\u00e7im turunun vaxt\u0131n\u0131 uzad\u0131b"}]},{"@type":"WebSite","@id":"https:\/\/www.meydan.tv\/az\/#website","url":"https:\/\/www.meydan.tv\/az\/","name":"MEYDAN.TV","description":"Meydan TV Az\u0259rbaycan\u0131n media m\u0259kan\u0131ndak\u0131 alternativ s\u0259sidir","publisher":{"@id":"https:\/\/www.meydan.tv\/az\/#organization"},"potentialAction":[{"@type":"SearchAction","target":{"@type":"EntryPoint","urlTemplate":"https:\/\/www.meydan.tv\/az\/?s={search_term_string}"},"query-input":{"@type":"PropertyValueSpecification","valueRequired":true,"valueName":"search_term_string"}}],"inLanguage":"az"},{"@type":"Organization","@id":"https:\/\/www.meydan.tv\/az\/#organization","name":"Meydan TV","url":"https:\/\/www.meydan.tv\/az\/","logo":{"@type":"ImageObject","inLanguage":"az","@id":"https:\/\/www.meydan.tv\/az\/#\/schema\/logo\/image\/","url":"https:\/\/www.meydan.tv\/wp-content\/uploads\/2021\/07\/meydan-logo.svg","contentUrl":"https:\/\/www.meydan.tv\/wp-content\/uploads\/2021\/07\/meydan-logo.svg","width":195,"height":46,"caption":"Meydan TV"},"image":{"@id":"https:\/\/www.meydan.tv\/az\/#\/schema\/logo\/image\/"}},{"@type":"Person","@id":"https:\/\/www.meydan.tv\/az\/#\/schema\/person\/9cdbecf90d17180ce1dfbd95b08dcf47","name":"elli","sameAs":["https:\/\/x.com\/elli"]}]}},"_links":{"self":[{"href":"https:\/\/www.meydan.tv\/az\/wp-json\/wp\/v2\/posts\/265397","targetHints":{"allow":["GET"]}}],"collection":[{"href":"https:\/\/www.meydan.tv\/az\/wp-json\/wp\/v2\/posts"}],"about":[{"href":"https:\/\/www.meydan.tv\/az\/wp-json\/wp\/v2\/types\/post"}],"author":[{"embeddable":true,"href":"https:\/\/www.meydan.tv\/az\/wp-json\/wp\/v2\/users\/8"}],"replies":[{"embeddable":true,"href":"https:\/\/www.meydan.tv\/az\/wp-json\/wp\/v2\/comments?post=265397"}],"version-history":[{"count":2,"href":"https:\/\/www.meydan.tv\/az\/wp-json\/wp\/v2\/posts\/265397\/revisions"}],"predecessor-version":[{"id":265402,"href":"https:\/\/www.meydan.tv\/az\/wp-json\/wp\/v2\/posts\/265397\/revisions\/265402"}],"wp:featuredmedia":[{"embeddable":true,"href":"https:\/\/www.meydan.tv\/az\/wp-json\/wp\/v2\/media\/59710"}],"wp:attachment":[{"href":"https:\/\/www.meydan.tv\/az\/wp-json\/wp\/v2\/media?parent=265397"}],"wp:term":[{"taxonomy":"category","embeddable":true,"href":"https:\/\/www.meydan.tv\/az\/wp-json\/wp\/v2\/categories?post=265397"},{"taxonomy":"post_tag","embeddable":true,"href":"https:\/\/www.meydan.tv\/az\/wp-json\/wp\/v2\/tags?post=265397"}],"curies":[{"name":"wp","href":"https:\/\/api.w.org\/{rel}","templated":true}]}}